{"id":1127874,"date":"2023-12-26T03:51:09","date_gmt":"2023-12-26T02:51:09","guid":{"rendered":"https:\/\/www.eldigitaldeasturias.com\/noticias\/?p=1127874"},"modified":"2023-12-26T03:51:31","modified_gmt":"2023-12-26T02:51:31","slug":"los-politicos-mas-populares-de-alemania","status":"publish","type":"post","link":"https:\/\/www.eldigitaldeasturias.com\/noticias\/los-politicos-mas-populares-de-alemania\/","title":{"rendered":"Los pol\u00edticos m\u00e1s populares de Alemania"},"content":{"rendered":"<p>Berl\u00edn, 24 dic (<span style=\"color: #ff6600;\"><strong>dpa<\/strong><\/span>) &#8211; El ministro alem\u00e1n de Defensa, Boris Pistorius, ocupa el primer puesto en la clasificaci\u00f3n anual de <span style=\"color: #ff6600;\"><a style=\"color: #ff6600;\" href=\"https:\/\/www.eldigitaldeasturias.com\/noticias\/category\/actualidad\/\"><strong>pol\u00edticos<\/strong><\/a><\/span> publicada hoy por el dominical \u00abBild am Sonntag\u00bb.<\/p>\n<p><img loading=\"lazy\" decoding=\"async\" class=\"aligncenter wp-image-1127875 size-full\" src=\"https:\/\/www.eldigitaldeasturias.com\/noticias\/wp-content\/uploads\/2023\/12\/politicos-populares-de-Alemania.jpg\" alt=\"pol\u00edticos populares de Alemania\" width=\"640\" height=\"427\" srcset=\"https:\/\/www.eldigitaldeasturias.com\/noticias\/wp-content\/uploads\/2023\/12\/politicos-populares-de-Alemania.jpg 640w, https:\/\/www.eldigitaldeasturias.com\/noticias\/wp-content\/uploads\/2023\/12\/politicos-populares-de-Alemania-360x240.jpg 360w, https:\/\/www.eldigitaldeasturias.com\/noticias\/wp-content\/uploads\/2023\/12\/politicos-populares-de-Alemania-450x300.jpg 450w, https:\/\/www.eldigitaldeasturias.com\/noticias\/wp-content\/uploads\/2023\/12\/politicos-populares-de-Alemania-150x100.jpg 150w\" sizes=\"auto, (max-width: 640px) 100vw, 640px\" \/><\/p>\n<p>Ante la pregunta: \u00ab\u00bfQui\u00e9n cree usted que deber\u00eda tener la mayor influencia en la pol\u00edtica alemana en el nuevo a\u00f1o 2024 y qui\u00e9n no?\u00bb, el 42 por ciento contest\u00f3 que Pistorius, del Partido Socialdem\u00f3crata (SPD), frente al 38 por ciento que opin\u00f3 lo contrario. Pistorius lleva en el cargo desde mediados de enero de 2023.<\/p>\n<p>En cuanto a popularidad, le sigue de cerca el primer ministro de Baviera, Markus S\u00f6der, de la Uni\u00f3n Social Cristiana (CSU). El 41 por ciento de los encuestados dijo querer que tome la mayor influencia pol\u00edtica, frente al 44 por ciento que contest\u00f3 que no.<\/p>\n<p>La aprobaci\u00f3n del canciller Olaf Scholz (SPD) cay\u00f3 10 puntos, hasta el 26 por ciento, en comparaci\u00f3n con la encuesta del a\u00f1o anterior.<\/p>\n<p>Seg\u00fan el 27 por ciento de los encuestados, y con una ca\u00edda de cinco puntos, el ministro de Econom\u00eda, Robert Habeck, deber\u00eda desempe\u00f1ar un papel lo m\u00e1s importante posible, mientras que el 29 por ciento (con un descenso de siete puntos) desear\u00eda que lo hiciera la ministra de Relaciones Exteriores, Annalena Baerbock (ambos de Los Verdes).<\/p>\n<p>Por su parte, el ministro de Finanzas, Christian Lindner, del Partido Liberal, tambi\u00e9n baj\u00f3 en popularidad, ya que el 28 por ciento (cinco puntos menos), dijo desear que tenga la mayor influencia.<\/p>\n<p>El l\u00edder de la oposici\u00f3n y jefe del grupo parlamentario conservador CDU\/CSU, Friedrich Merz, gan\u00f3 un punto, hasta el 33 por ciento. La que fuera pol\u00edtica del Partido La Izquierda Sahra Wagenknecht, que recientemente fund\u00f3 un proyecto rival con la \u00abAlianza Sahra Wagenknecht\u00bb, perdi\u00f3 un punto y obtuvo el apoyo del 30 por ciento de los encuestados.<\/p>\n<p>Para realizar el sondeo, el instituto de estudios de opini\u00f3n Insa encuest\u00f3 a 2.004 personas entre el 14 y el 22 de diciembre.<\/p>\n","protected":false},"excerpt":{"rendered":"<p>Berl\u00edn, 24 dic (dpa) &#8211; El ministro alem\u00e1n de Defensa, Boris Pistorius, ocupa el primer puesto en la clasificaci\u00f3n anual de pol\u00edticos publicada hoy por el dominical \u00abBild am Sonntag\u00bb. Ante la pregunta: \u00ab\u00bfQui\u00e9n cree usted que deber\u00eda tener la mayor influencia en la pol\u00edtica alemana en el nuevo a\u00f1o 2024 y qui\u00e9n no?\u00bb, el [&hellip;]<\/p>\n","protected":false},"author":1,"featured_media":1127875,"comment_status":"closed","ping_status":"closed","sticky":false,"template":"","format":"standard","meta":{"footnotes":""},"categories":[1],"tags":[],"class_list":["post-1127874","post","type-post","status-publish","format-standard","has-post-thumbnail","hentry","category-actualidad"],"aioseo_notices":[],"aioseo_head":"\n\t\t<!-- All in One SEO Pro 4.9.6.2 - aioseo.com -->\n\t<meta name=\"description\" content=\"Berl\u00edn, 24 dic (dpa) - El ministro alem\u00e1n de Defensa, Boris Pistorius, ocupa el primer puesto en la clasificaci\u00f3n anual de pol\u00edticos publicada hoy por\" \/>\n\t<meta name=\"robots\" content=\"max-image-preview:large\" \/>\n\t<meta name=\"author\" content=\"El Digital de Asturias\"\/>\n\t<meta name=\"google-site-verification\" content=\"UA-38556648-1\" \/>\n\t<meta name=\"msvalidate.01\" content=\"7dfe9f3f1b24437ab69f4f2559babe99\" \/>\n\t<meta name=\"keywords\" content=\"actualidad\" \/>\n\t<link rel=\"canonical\" href=\"https:\/\/www.eldigitaldeasturias.com\/noticias\/los-politicos-mas-populares-de-alemania\/\" \/>\n\t<meta name=\"generator\" content=\"All in One SEO Pro (AIOSEO) 4.9.6.2\" \/>\n\t\t<meta property=\"og:locale\" content=\"es_ES\" \/>\n\t\t<meta property=\"og:site_name\" content=\"El Digital de Asturias\" \/>\n\t\t<meta property=\"og:type\" content=\"article\" \/>\n\t\t<meta property=\"og:title\" content=\"Los pol\u00edticos m\u00e1s populares de Alemania - El Digital de Asturias\" \/>\n\t\t<meta property=\"og:description\" content=\"Berl\u00edn, 24 dic (dpa) - El ministro alem\u00e1n de Defensa, Boris Pistorius, ocupa el primer puesto en la clasificaci\u00f3n anual de pol\u00edticos publicada hoy por\" \/>\n\t\t<meta property=\"og:url\" content=\"https:\/\/www.eldigitaldeasturias.com\/noticias\/los-politicos-mas-populares-de-alemania\/\" \/>\n\t\t<meta property=\"og:image\" content=\"https:\/\/www.eldigitaldeasturias.com\/noticias\/wp-content\/uploads\/2023\/12\/politicos-populares-de-Alemania.jpg\" \/>\n\t\t<meta property=\"og:image:secure_url\" content=\"https:\/\/www.eldigitaldeasturias.com\/noticias\/wp-content\/uploads\/2023\/12\/politicos-populares-de-Alemania.jpg\" \/>\n\t\t<meta property=\"og:image:width\" content=\"640\" \/>\n\t\t<meta property=\"og:image:height\" content=\"427\" \/>\n\t\t<meta property=\"article:tag\" content=\"actualidad\" \/>\n\t\t<meta property=\"article:published_time\" content=\"2023-12-26T02:51:09+00:00\" \/>\n\t\t<meta property=\"article:modified_time\" content=\"2023-12-26T02:51:31+00:00\" \/>\n\t\t<meta property=\"article:publisher\" content=\"https:\/\/facebook.com\/eldigitaldeasturias\" \/>\n\t\t<meta name=\"twitter:card\" content=\"summary_large_image\" \/>\n\t\t<meta name=\"twitter:title\" content=\"Los pol\u00edticos m\u00e1s populares de Alemania - El Digital de Asturias\" \/>\n\t\t<meta name=\"twitter:description\" content=\"Berl\u00edn, 24 dic (dpa) - El ministro alem\u00e1n de Defensa, Boris Pistorius, ocupa el primer puesto en la clasificaci\u00f3n anual de pol\u00edticos publicada hoy por\" \/>\n\t\t<meta name=\"twitter:image\" content=\"https:\/\/www.eldigitaldeasturias.com\/noticias\/wp-content\/uploads\/2023\/12\/politicos-populares-de-Alemania.jpg\" \/>\n\t\t<meta name=\"twitter:label1\" content=\"Escrito por\" \/>\n\t\t<meta name=\"twitter:data1\" content=\"El Digital de Asturias\" \/>\n\t\t<meta name=\"twitter:label2\" content=\"Tiempo de lectura estimado\" \/>\n\t\t<meta name=\"twitter:data2\" content=\"2 minutos\" \/>\n\t\t<script type=\"application\/ld+json\" class=\"aioseo-schema\">\n\t\t\t{\"@context\":\"https:\\\/\\\/schema.org\",\"@graph\":[{\"@type\":\"BlogPosting\",\"@id\":\"https:\\\/\\\/www.eldigitaldeasturias.com\\\/noticias\\\/los-politicos-mas-populares-de-alemania\\\/#blogposting\",\"name\":\"Los pol\\u00edticos m\\u00e1s populares de Alemania - El Digital de Asturias\",\"headline\":\"Los pol\\u00edticos m\\u00e1s populares de Alemania\",\"author\":{\"@id\":\"https:\\\/\\\/www.eldigitaldeasturias.com\\\/noticias\\\/author\\\/admin\\\/#author\"},\"publisher\":{\"@id\":\"https:\\\/\\\/www.eldigitaldeasturias.com\\\/noticias\\\/#organization\"},\"image\":{\"@type\":\"ImageObject\",\"url\":\"https:\\\/\\\/www.eldigitaldeasturias.com\\\/noticias\\\/wp-content\\\/uploads\\\/2023\\\/12\\\/politicos-populares-de-Alemania.jpg\",\"width\":640,\"height\":427,\"caption\":\"pol\\u00edticos populares de Alemania\"},\"datePublished\":\"2023-12-26T03:51:09+01:00\",\"dateModified\":\"2023-12-26T03:51:31+01:00\",\"inLanguage\":\"es-ES\",\"mainEntityOfPage\":{\"@id\":\"https:\\\/\\\/www.eldigitaldeasturias.com\\\/noticias\\\/los-politicos-mas-populares-de-alemania\\\/#webpage\"},\"isPartOf\":{\"@id\":\"https:\\\/\\\/www.eldigitaldeasturias.com\\\/noticias\\\/los-politicos-mas-populares-de-alemania\\\/#webpage\"},\"articleSection\":\"Actualidad\"},{\"@type\":\"BreadcrumbList\",\"@id\":\"https:\\\/\\\/www.eldigitaldeasturias.com\\\/noticias\\\/los-politicos-mas-populares-de-alemania\\\/#breadcrumblist\",\"itemListElement\":[{\"@type\":\"ListItem\",\"@id\":\"https:\\\/\\\/www.eldigitaldeasturias.com\\\/noticias#listItem\",\"position\":1,\"name\":\"Home\",\"item\":\"https:\\\/\\\/www.eldigitaldeasturias.com\\\/noticias\",\"nextItem\":{\"@type\":\"ListItem\",\"@id\":\"https:\\\/\\\/www.eldigitaldeasturias.com\\\/noticias\\\/category\\\/actualidad\\\/#listItem\",\"name\":\"Actualidad\"}},{\"@type\":\"ListItem\",\"@id\":\"https:\\\/\\\/www.eldigitaldeasturias.com\\\/noticias\\\/category\\\/actualidad\\\/#listItem\",\"position\":2,\"name\":\"Actualidad\",\"item\":\"https:\\\/\\\/www.eldigitaldeasturias.com\\\/noticias\\\/category\\\/actualidad\\\/\",\"nextItem\":{\"@type\":\"ListItem\",\"@id\":\"https:\\\/\\\/www.eldigitaldeasturias.com\\\/noticias\\\/los-politicos-mas-populares-de-alemania\\\/#listItem\",\"name\":\"Los pol\\u00edticos m\\u00e1s populares de Alemania\"},\"previousItem\":{\"@type\":\"ListItem\",\"@id\":\"https:\\\/\\\/www.eldigitaldeasturias.com\\\/noticias#listItem\",\"name\":\"Home\"}},{\"@type\":\"ListItem\",\"@id\":\"https:\\\/\\\/www.eldigitaldeasturias.com\\\/noticias\\\/los-politicos-mas-populares-de-alemania\\\/#listItem\",\"position\":3,\"name\":\"Los pol\\u00edticos m\\u00e1s populares de Alemania\",\"previousItem\":{\"@type\":\"ListItem\",\"@id\":\"https:\\\/\\\/www.eldigitaldeasturias.com\\\/noticias\\\/category\\\/actualidad\\\/#listItem\",\"name\":\"Actualidad\"}}]},{\"@type\":\"Organization\",\"@id\":\"https:\\\/\\\/www.eldigitaldeasturias.com\\\/noticias\\\/#organization\",\"name\":\"El Digital de Asturias\",\"description\":\"Hemeroteca\",\"url\":\"https:\\\/\\\/www.eldigitaldeasturias.com\\\/noticias\\\/\",\"email\":\"info@eldigitaldeasturias.com\",\"telephone\":\"+34652131393\",\"logo\":{\"@type\":\"ImageObject\",\"url\":\"https:\\\/\\\/www.eldigitaldeasturias.com\\\/noticias\\\/wp-content\\\/uploads\\\/2020\\\/12\\\/EDA.jpg\",\"@id\":\"https:\\\/\\\/www.eldigitaldeasturias.com\\\/noticias\\\/los-politicos-mas-populares-de-alemania\\\/#organizationLogo\",\"width\":649,\"height\":297},\"image\":{\"@id\":\"https:\\\/\\\/www.eldigitaldeasturias.com\\\/noticias\\\/los-politicos-mas-populares-de-alemania\\\/#organizationLogo\"},\"sameAs\":[\"https:\\\/\\\/facebook.com\\\/eldigitaldeasturias\",\"https:\\\/\\\/www.youtube.com\\\/channel\\\/UCZP-2wLEB9Rv6erhFmqVnvg\"],\"address\":{\"@id\":\"https:\\\/\\\/www.eldigitaldeasturias.com\\\/noticias\\\/#postaladdress\",\"@type\":\"PostalAddress\",\"streetAddress\":\"san antonio 4,\",\"postalCode\":\"33430\",\"addressLocality\":\"Cand\\u00e1s\",\"addressRegion\":\"Asturias\",\"addressCountry\":\"ES\"}},{\"@type\":\"Person\",\"@id\":\"https:\\\/\\\/www.eldigitaldeasturias.com\\\/noticias\\\/author\\\/admin\\\/#author\",\"url\":\"https:\\\/\\\/www.eldigitaldeasturias.com\\\/noticias\\\/author\\\/admin\\\/\",\"name\":\"El Digital de Asturias\",\"image\":{\"@type\":\"ImageObject\",\"@id\":\"https:\\\/\\\/www.eldigitaldeasturias.com\\\/noticias\\\/los-politicos-mas-populares-de-alemania\\\/#authorImage\",\"url\":\"https:\\\/\\\/www.eldigitaldeasturias.com\\\/noticias\\\/wp-content\\\/litespeed\\\/avatar\\\/18677e78aa0546b92d9dbf31ec7d7668.jpg?ver=1777290358\",\"width\":96,\"height\":96,\"caption\":\"El Digital de Asturias\"}},{\"@type\":\"WebPage\",\"@id\":\"https:\\\/\\\/www.eldigitaldeasturias.com\\\/noticias\\\/los-politicos-mas-populares-de-alemania\\\/#webpage\",\"url\":\"https:\\\/\\\/www.eldigitaldeasturias.com\\\/noticias\\\/los-politicos-mas-populares-de-alemania\\\/\",\"name\":\"Los pol\\u00edticos m\\u00e1s populares de Alemania - El Digital de Asturias\",\"description\":\"Berl\\u00edn, 24 dic (dpa) - El ministro alem\\u00e1n de Defensa, Boris Pistorius, ocupa el primer puesto en la clasificaci\\u00f3n anual de pol\\u00edticos publicada hoy por\",\"inLanguage\":\"es-ES\",\"isPartOf\":{\"@id\":\"https:\\\/\\\/www.eldigitaldeasturias.com\\\/noticias\\\/#website\"},\"breadcrumb\":{\"@id\":\"https:\\\/\\\/www.eldigitaldeasturias.com\\\/noticias\\\/los-politicos-mas-populares-de-alemania\\\/#breadcrumblist\"},\"author\":{\"@id\":\"https:\\\/\\\/www.eldigitaldeasturias.com\\\/noticias\\\/author\\\/admin\\\/#author\"},\"creator\":{\"@id\":\"https:\\\/\\\/www.eldigitaldeasturias.com\\\/noticias\\\/author\\\/admin\\\/#author\"},\"image\":{\"@type\":\"ImageObject\",\"url\":\"https:\\\/\\\/www.eldigitaldeasturias.com\\\/noticias\\\/wp-content\\\/uploads\\\/2023\\\/12\\\/politicos-populares-de-Alemania.jpg\",\"@id\":\"https:\\\/\\\/www.eldigitaldeasturias.com\\\/noticias\\\/los-politicos-mas-populares-de-alemania\\\/#mainImage\",\"width\":640,\"height\":427,\"caption\":\"pol\\u00edticos populares de Alemania\"},\"primaryImageOfPage\":{\"@id\":\"https:\\\/\\\/www.eldigitaldeasturias.com\\\/noticias\\\/los-politicos-mas-populares-de-alemania\\\/#mainImage\"},\"datePublished\":\"2023-12-26T03:51:09+01:00\",\"dateModified\":\"2023-12-26T03:51:31+01:00\"},{\"@type\":\"WebSite\",\"@id\":\"https:\\\/\\\/www.eldigitaldeasturias.com\\\/noticias\\\/#website\",\"url\":\"https:\\\/\\\/www.eldigitaldeasturias.com\\\/noticias\\\/\",\"name\":\"El Digital de Asturias - Diario de actualidad y noticias\",\"alternateName\":\"El Digital de Asturias - Diario de actualidad y noticias\",\"description\":\"Hemeroteca\",\"inLanguage\":\"es-ES\",\"publisher\":{\"@id\":\"https:\\\/\\\/www.eldigitaldeasturias.com\\\/noticias\\\/#organization\"}}]}\n\t\t<\/script>\n\t\t<!-- All in One SEO Pro -->\r\n\t\t<title>Los pol\u00edticos m\u00e1s populares de Alemania - El Digital de Asturias<\/title>\n\n","aioseo_head_json":{"title":"Los pol\u00edticos m\u00e1s populares de Alemania - El Digital de Asturias","description":"Berl\u00edn, 24 dic (dpa) - El ministro alem\u00e1n de Defensa, Boris Pistorius, ocupa el primer puesto en la clasificaci\u00f3n anual de pol\u00edticos publicada hoy por","canonical_url":"https:\/\/www.eldigitaldeasturias.com\/noticias\/los-politicos-mas-populares-de-alemania\/","robots":"max-image-preview:large","keywords":"actualidad","webmasterTools":{"google-site-verification":"UA-38556648-1","msvalidate.01":"7dfe9f3f1b24437ab69f4f2559babe99","miscellaneous":""},"schema":{"@context":"https:\/\/schema.org","@graph":[{"@type":"BlogPosting","@id":"https:\/\/www.eldigitaldeasturias.com\/noticias\/los-politicos-mas-populares-de-alemania\/#blogposting","name":"Los pol\u00edticos m\u00e1s populares de Alemania - El Digital de Asturias","headline":"Los pol\u00edticos m\u00e1s populares de Alemania","author":{"@id":"https:\/\/www.eldigitaldeasturias.com\/noticias\/author\/admin\/#author"},"publisher":{"@id":"https:\/\/www.eldigitaldeasturias.com\/noticias\/#organization"},"image":{"@type":"ImageObject","url":"https:\/\/www.eldigitaldeasturias.com\/noticias\/wp-content\/uploads\/2023\/12\/politicos-populares-de-Alemania.jpg","width":640,"height":427,"caption":"pol\u00edticos populares de Alemania"},"datePublished":"2023-12-26T03:51:09+01:00","dateModified":"2023-12-26T03:51:31+01:00","inLanguage":"es-ES","mainEntityOfPage":{"@id":"https:\/\/www.eldigitaldeasturias.com\/noticias\/los-politicos-mas-populares-de-alemania\/#webpage"},"isPartOf":{"@id":"https:\/\/www.eldigitaldeasturias.com\/noticias\/los-politicos-mas-populares-de-alemania\/#webpage"},"articleSection":"Actualidad"},{"@type":"BreadcrumbList","@id":"https:\/\/www.eldigitaldeasturias.com\/noticias\/los-politicos-mas-populares-de-alemania\/#breadcrumblist","itemListElement":[{"@type":"ListItem","@id":"https:\/\/www.eldigitaldeasturias.com\/noticias#listItem","position":1,"name":"Home","item":"https:\/\/www.eldigitaldeasturias.com\/noticias","nextItem":{"@type":"ListItem","@id":"https:\/\/www.eldigitaldeasturias.com\/noticias\/category\/actualidad\/#listItem","name":"Actualidad"}},{"@type":"ListItem","@id":"https:\/\/www.eldigitaldeasturias.com\/noticias\/category\/actualidad\/#listItem","position":2,"name":"Actualidad","item":"https:\/\/www.eldigitaldeasturias.com\/noticias\/category\/actualidad\/","nextItem":{"@type":"ListItem","@id":"https:\/\/www.eldigitaldeasturias.com\/noticias\/los-politicos-mas-populares-de-alemania\/#listItem","name":"Los pol\u00edticos m\u00e1s populares de Alemania"},"previousItem":{"@type":"ListItem","@id":"https:\/\/www.eldigitaldeasturias.com\/noticias#listItem","name":"Home"}},{"@type":"ListItem","@id":"https:\/\/www.eldigitaldeasturias.com\/noticias\/los-politicos-mas-populares-de-alemania\/#listItem","position":3,"name":"Los pol\u00edticos m\u00e1s populares de Alemania","previousItem":{"@type":"ListItem","@id":"https:\/\/www.eldigitaldeasturias.com\/noticias\/category\/actualidad\/#listItem","name":"Actualidad"}}]},{"@type":"Organization","@id":"https:\/\/www.eldigitaldeasturias.com\/noticias\/#organization","name":"El Digital de Asturias","description":"Hemeroteca","url":"https:\/\/www.eldigitaldeasturias.com\/noticias\/","email":"info@eldigitaldeasturias.com","telephone":"+34652131393","logo":{"@type":"ImageObject","url":"https:\/\/www.eldigitaldeasturias.com\/noticias\/wp-content\/uploads\/2020\/12\/EDA.jpg","@id":"https:\/\/www.eldigitaldeasturias.com\/noticias\/los-politicos-mas-populares-de-alemania\/#organizationLogo","width":649,"height":297},"image":{"@id":"https:\/\/www.eldigitaldeasturias.com\/noticias\/los-politicos-mas-populares-de-alemania\/#organizationLogo"},"sameAs":["https:\/\/facebook.com\/eldigitaldeasturias","https:\/\/www.youtube.com\/channel\/UCZP-2wLEB9Rv6erhFmqVnvg"],"address":{"@id":"https:\/\/www.eldigitaldeasturias.com\/noticias\/#postaladdress","@type":"PostalAddress","streetAddress":"san antonio 4,","postalCode":"33430","addressLocality":"Cand\u00e1s","addressRegion":"Asturias","addressCountry":"ES"}},{"@type":"Person","@id":"https:\/\/www.eldigitaldeasturias.com\/noticias\/author\/admin\/#author","url":"https:\/\/www.eldigitaldeasturias.com\/noticias\/author\/admin\/","name":"El Digital de Asturias","image":{"@type":"ImageObject","@id":"https:\/\/www.eldigitaldeasturias.com\/noticias\/los-politicos-mas-populares-de-alemania\/#authorImage","url":"https:\/\/www.eldigitaldeasturias.com\/noticias\/wp-content\/litespeed\/avatar\/18677e78aa0546b92d9dbf31ec7d7668.jpg?ver=1777290358","width":96,"height":96,"caption":"El Digital de Asturias"}},{"@type":"WebPage","@id":"https:\/\/www.eldigitaldeasturias.com\/noticias\/los-politicos-mas-populares-de-alemania\/#webpage","url":"https:\/\/www.eldigitaldeasturias.com\/noticias\/los-politicos-mas-populares-de-alemania\/","name":"Los pol\u00edticos m\u00e1s populares de Alemania - El Digital de Asturias","description":"Berl\u00edn, 24 dic (dpa) - El ministro alem\u00e1n de Defensa, Boris Pistorius, ocupa el primer puesto en la clasificaci\u00f3n anual de pol\u00edticos publicada hoy por","inLanguage":"es-ES","isPartOf":{"@id":"https:\/\/www.eldigitaldeasturias.com\/noticias\/#website"},"breadcrumb":{"@id":"https:\/\/www.eldigitaldeasturias.com\/noticias\/los-politicos-mas-populares-de-alemania\/#breadcrumblist"},"author":{"@id":"https:\/\/www.eldigitaldeasturias.com\/noticias\/author\/admin\/#author"},"creator":{"@id":"https:\/\/www.eldigitaldeasturias.com\/noticias\/author\/admin\/#author"},"image":{"@type":"ImageObject","url":"https:\/\/www.eldigitaldeasturias.com\/noticias\/wp-content\/uploads\/2023\/12\/politicos-populares-de-Alemania.jpg","@id":"https:\/\/www.eldigitaldeasturias.com\/noticias\/los-politicos-mas-populares-de-alemania\/#mainImage","width":640,"height":427,"caption":"pol\u00edticos populares de Alemania"},"primaryImageOfPage":{"@id":"https:\/\/www.eldigitaldeasturias.com\/noticias\/los-politicos-mas-populares-de-alemania\/#mainImage"},"datePublished":"2023-12-26T03:51:09+01:00","dateModified":"2023-12-26T03:51:31+01:00"},{"@type":"WebSite","@id":"https:\/\/www.eldigitaldeasturias.com\/noticias\/#website","url":"https:\/\/www.eldigitaldeasturias.com\/noticias\/","name":"El Digital de Asturias - Diario de actualidad y noticias","alternateName":"El Digital de Asturias - Diario de actualidad y noticias","description":"Hemeroteca","inLanguage":"es-ES","publisher":{"@id":"https:\/\/www.eldigitaldeasturias.com\/noticias\/#organization"}}]},"og:locale":"es_ES","og:site_name":"El Digital de Asturias","og:type":"article","og:title":"Los pol\u00edticos m\u00e1s populares de Alemania - El Digital de Asturias","og:description":"Berl\u00edn, 24 dic (dpa) - El ministro alem\u00e1n de Defensa, Boris Pistorius, ocupa el primer puesto en la clasificaci\u00f3n anual de pol\u00edticos publicada hoy por","og:url":"https:\/\/www.eldigitaldeasturias.com\/noticias\/los-politicos-mas-populares-de-alemania\/","og:image":"https:\/\/www.eldigitaldeasturias.com\/noticias\/wp-content\/uploads\/2023\/12\/politicos-populares-de-Alemania.jpg","og:image:secure_url":"https:\/\/www.eldigitaldeasturias.com\/noticias\/wp-content\/uploads\/2023\/12\/politicos-populares-de-Alemania.jpg","og:image:width":640,"og:image:height":427,"article:tag":["actualidad"],"article:published_time":"2023-12-26T02:51:09+00:00","article:modified_time":"2023-12-26T02:51:31+00:00","article:publisher":"https:\/\/facebook.com\/eldigitaldeasturias","twitter:card":"summary_large_image","twitter:title":"Los pol\u00edticos m\u00e1s populares de Alemania - El Digital de Asturias","twitter:description":"Berl\u00edn, 24 dic (dpa) - El ministro alem\u00e1n de Defensa, Boris Pistorius, ocupa el primer puesto en la clasificaci\u00f3n anual de pol\u00edticos publicada hoy por","twitter:image":"https:\/\/www.eldigitaldeasturias.com\/noticias\/wp-content\/uploads\/2023\/12\/politicos-populares-de-Alemania.jpg","twitter:label1":"Escrito por","twitter:data1":"El Digital de Asturias","twitter:label2":"Tiempo de lectura estimado","twitter:data2":"2 minutos"},"aioseo_meta_data":{"post_id":"1127874","title":null,"description":"Berl\u00edn, 24 dic (dpa) - El ministro alem\u00e1n de Defensa, Boris Pistorius, ocupa el primer puesto en la clasificaci\u00f3n anual de pol\u00edticos publicada hoy por","keywords":[],"keyphrases":{"focus":{"keyphrase":"pol\u00edticos","score":85,"analysis":{"keyphraseInTitle":{"score":9,"maxScore":9,"error":0},"keyphraseInDescription":{"score":9,"maxScore":9,"error":0},"keyphraseLength":{"score":9,"maxScore":9,"error":0,"length":2},"keyphraseInURL":{"score":5,"maxScore":5,"error":0},"keyphraseInIntroduction":{"score":9,"maxScore":9,"error":0},"keyphraseInSubHeadings":[],"keyphraseInImageAlt":{"score":9,"maxScore":9,"error":0},"keywordDensity":{"score":0,"type":"low","maxScore":9,"error":1}}},"additional":[{"keyphrase":"pol\u00edticos","score":80,"analysis":{"keyphraseInDescription":{"score":9,"maxScore":9,"error":0},"keyphraseLength":{"score":9,"maxScore":9,"error":0,"length":2},"keyphraseInIntroduction":{"score":9,"maxScore":9,"error":0},"keyphraseInImageAlt":{"score":9,"maxScore":9,"error":0},"keywordDensity":{"score":0,"type":"low","maxScore":9,"error":1}}}]},"primary_term":null,"canonical_url":null,"og_title":null,"og_description":null,"og_object_type":"default","og_image_type":"default","og_image_url":null,"og_image_width":null,"og_image_height":null,"og_image_custom_url":null,"og_image_custom_fields":null,"og_video":"","og_custom_url":null,"og_article_section":null,"og_article_tags":[],"twitter_use_og":false,"twitter_card":"default","twitter_image_type":"default","twitter_image_url":null,"twitter_image_custom_url":null,"twitter_image_custom_fields":null,"twitter_title":null,"twitter_description":null,"schema":{"blockGraphs":[],"customGraphs":[],"default":{"data":{"Article":[],"Course":[],"Dataset":[],"FAQPage":[],"Movie":[],"Person":[],"Product":[],"ProductReview":[],"Car":[],"Recipe":[],"Service":[],"SoftwareApplication":[],"WebPage":[]},"graphName":"BlogPosting","isEnabled":true},"graphs":[]},"schema_type":"default","schema_type_options":null,"pillar_content":false,"robots_default":true,"robots_noindex":false,"robots_noarchive":false,"robots_nosnippet":false,"robots_nofollow":false,"robots_noimageindex":false,"robots_noodp":false,"robots_notranslate":false,"robots_max_snippet":"-1","robots_max_videopreview":"-1","robots_max_imagepreview":"large","priority":null,"frequency":"default","local_seo":null,"seo_analyzer_scan_date":"2025-10-06 00:17:20","breadcrumb_settings":null,"limit_modified_date":false,"open_ai":"{\"title\":{\"suggestions\":[],\"usage\":0},\"description\":{\"suggestions\":[],\"usage\":0}}","ai":null,"created":"2023-12-26 02:43:25","updated":"2025-10-09 06:24:30"},"aioseo_breadcrumb":"<div class=\"aioseo-breadcrumbs\"><span class=\"aioseo-breadcrumb\">\n\t<a href=\"https:\/\/www.eldigitaldeasturias.com\/noticias\" title=\"Home\">Home<\/a>\n<\/span><span class=\"aioseo-breadcrumb-separator\">\u2013<\/span><span class=\"aioseo-breadcrumb\">\n\t<a href=\"https:\/\/www.eldigitaldeasturias.com\/noticias\/category\/actualidad\/\" title=\"Actualidad\">Actualidad<\/a>\n<\/span><span class=\"aioseo-breadcrumb-separator\">\u2013<\/span><span class=\"aioseo-breadcrumb\">\n\t<a href=\"https:\/\/www.eldigitaldeasturias.com\/noticias\/los-politicos-mas-populares-de-alemania\/\" title=\"Los pol\u00edticos m\u00e1s populares de Alemania\">Los pol\u00edticos m\u00e1s populares de Alemania<\/a>\n<\/span><\/div>","aioseo_breadcrumb_json":[{"label":"Home","link":"https:\/\/www.eldigitaldeasturias.com\/noticias"},{"label":"Actualidad","link":"https:\/\/www.eldigitaldeasturias.com\/noticias\/category\/actualidad\/"},{"label":"Los pol\u00edticos m\u00e1s populares de Alemania","link":"https:\/\/www.eldigitaldeasturias.com\/noticias\/los-politicos-mas-populares-de-alemania\/"}],"_links":{"self":[{"href":"https:\/\/www.eldigitaldeasturias.com\/noticias\/wp-json\/wp\/v2\/posts\/1127874","targetHints":{"allow":["GET"]}}],"collection":[{"href":"https:\/\/www.eldigitaldeasturias.com\/noticias\/wp-json\/wp\/v2\/posts"}],"about":[{"href":"https:\/\/www.eldigitaldeasturias.com\/noticias\/wp-json\/wp\/v2\/types\/post"}],"author":[{"embeddable":true,"href":"https:\/\/www.eldigitaldeasturias.com\/noticias\/wp-json\/wp\/v2\/users\/1"}],"replies":[{"embeddable":true,"href":"https:\/\/www.eldigitaldeasturias.com\/noticias\/wp-json\/wp\/v2\/comments?post=1127874"}],"version-history":[{"count":0,"href":"https:\/\/www.eldigitaldeasturias.com\/noticias\/wp-json\/wp\/v2\/posts\/1127874\/revisions"}],"wp:featuredmedia":[{"embeddable":true,"href":"https:\/\/www.eldigitaldeasturias.com\/noticias\/wp-json\/wp\/v2\/media\/1127875"}],"wp:attachment":[{"href":"https:\/\/www.eldigitaldeasturias.com\/noticias\/wp-json\/wp\/v2\/media?parent=1127874"}],"wp:term":[{"taxonomy":"category","embeddable":true,"href":"https:\/\/www.eldigitaldeasturias.com\/noticias\/wp-json\/wp\/v2\/categories?post=1127874"},{"taxonomy":"post_tag","embeddable":true,"href":"https:\/\/www.eldigitaldeasturias.com\/noticias\/wp-json\/wp\/v2\/tags?post=1127874"}],"curies":[{"name":"wp","href":"https:\/\/api.w.org\/{rel}","templated":true}]}}