{"id":1127856,"date":"2023-12-25T12:51:40","date_gmt":"2023-12-25T11:51:40","guid":{"rendered":"https:\/\/www.eldigitaldeasturias.com\/noticias\/?p=1127856"},"modified":"2023-12-25T12:51:40","modified_gmt":"2023-12-25T11:51:40","slug":"la-inversion-de-asturias-en-la-reserva-de-la-biosfera-de-los-picos-de-europa","status":"publish","type":"post","link":"https:\/\/www.eldigitaldeasturias.com\/noticias\/la-inversion-de-asturias-en-la-reserva-de-la-biosfera-de-los-picos-de-europa\/","title":{"rendered":"La inversi\u00f3n de Asturias en la Reserva de la Biosfera de los Picos de Europa"},"content":{"rendered":"<p>El <a title=\"Principado de Asturias\" href=\"https:\/\/actualidad.asturias.es\/\" target=\"_blank\" rel=\"noopener\"><span style=\"color: #ff6600;\"><strong>Gobierno de Asturias<\/strong><\/span><\/a> has informado de las inversiones realizadas en el concejo de Cangas de On\u00eds para desarrollar diferentes actuaciones dentro de la <strong>Reserva de la Biosfera de los Picos de Europa.<\/strong><\/p>\n<figure id=\"attachment_1127857\" aria-describedby=\"caption-attachment-1127857\" style=\"width: 548px\" class=\"wp-caption aligncenter\"><img loading=\"lazy\" decoding=\"async\" class=\"wp-image-1127857 size-full\" src=\"https:\/\/www.eldigitaldeasturias.com\/noticias\/wp-content\/uploads\/2023\/12\/Asturias-Picos-Europa.jpg\" alt=\"Asturias Picos Europa\" width=\"548\" height=\"535\" srcset=\"https:\/\/www.eldigitaldeasturias.com\/noticias\/wp-content\/uploads\/2023\/12\/Asturias-Picos-Europa.jpg 548w, https:\/\/www.eldigitaldeasturias.com\/noticias\/wp-content\/uploads\/2023\/12\/Asturias-Picos-Europa-328x320.jpg 328w, https:\/\/www.eldigitaldeasturias.com\/noticias\/wp-content\/uploads\/2023\/12\/Asturias-Picos-Europa-492x480.jpg 492w, https:\/\/www.eldigitaldeasturias.com\/noticias\/wp-content\/uploads\/2023\/12\/Asturias-Picos-Europa-307x300.jpg 307w, https:\/\/www.eldigitaldeasturias.com\/noticias\/wp-content\/uploads\/2023\/12\/Asturias-Picos-Europa-150x146.jpg 150w, https:\/\/www.eldigitaldeasturias.com\/noticias\/wp-content\/uploads\/2023\/12\/Asturias-Picos-Europa-450x439.jpg 450w\" sizes=\"auto, (max-width: 548px) 100vw, 548px\" \/><figcaption id=\"caption-attachment-1127857\" class=\"wp-caption-text\">Foto: Prensa Gobierno de Asturias<\/figcaption><\/figure>\n<p>La Consejer\u00eda de Fomento, Cooperaci\u00f3n Local y Prevenci\u00f3n de Incendios ha invertido 85.483 euros en el concejo de Cangas de On\u00eds para desarrollar diferentes actuaciones dentro de la Reserva de la Biosfera de los Picos de Europa. El proyecto, financiado con fondos Next Generation y ejecutado por el ayuntamiento, ha permitido <strong>restaurar cuatro fuentes-abrevaderos para el ganado en la monta\u00f1a de Cuadonga\/Covadonga: Fuente La Ercina, Toyeyu, Pell\u00edn y La Rondiella.<\/strong><\/p>\n<p>En el \u00e1mbito de la conservaci\u00f3n ambiental, se han desarrollado tareas de desbroce en una superficie de 24,3 hect\u00e1reas para facilitar el buen estado de prados de siega y pastizales, h\u00e1bitats con una rica biodiversidad asociada que est\u00e1n desapareciendo en toda Europa.<\/p>\n<p>Finalmente, parte de los recursos se han destinado a acciones de promoci\u00f3n de la Denominaci\u00f3n de Origen Protegida (DOP) Gamon\u00e9u para apoyar su difusi\u00f3n como <span style=\"color: #ff6600;\"><a style=\"color: #ff6600;\" href=\"https:\/\/www.eldigitaldeasturias.com\/noticias\/category\/gastronomia\/\"><strong>producto artesanal<\/strong><\/a><\/span> de alto valor generado dentro del espacio protegido.<\/p>\n<p>El Gobierno de Asturias convoc\u00f3 estas ayudas para las entidades locales que aportan terreno a alguna de las siete reservas de la biosfera con una dotaci\u00f3n de 2,4 millones. La convocatoria se enmarca en el plan <a href=\"https:\/\/candas365.es\/noticias\/category\/internacional\/\" target=\"_blank\" rel=\"noopener\"><span style=\"color: #ff6600;\"><strong>Next Generation EU<\/strong><\/span><\/a> y persigue favorecer el desarrollo sostenible, el empleo verde y el emprendimiento vinculado a nuevas actividades respetuosas con el medio ambiente dentro de los espacios protegidos. As\u00ed, el programa pretende impulsar un nuevo modelo de relaci\u00f3n entre el ser humano y la naturaleza, compatibilizando la conservaci\u00f3n de la diversidad biol\u00f3gica y cultural con el desarrollo econ\u00f3mico y social.<\/p>\n","protected":false},"excerpt":{"rendered":"<p>El Gobierno de Asturias has informado de las inversiones realizadas en el concejo de Cangas de On\u00eds para desarrollar diferentes actuaciones dentro de la Reserva de la Biosfera de los Picos de Europa. La Consejer\u00eda de Fomento, Cooperaci\u00f3n Local y Prevenci\u00f3n de Incendios ha invertido 85.483 euros en el concejo de Cangas de On\u00eds para [&hellip;]<\/p>\n","protected":false},"author":1,"featured_media":1127857,"comment_status":"closed","ping_status":"closed","sticky":false,"template":"","format":"standard","meta":{"footnotes":""},"categories":[12],"tags":[],"class_list":["post-1127856","post","type-post","status-publish","format-standard","has-post-thumbnail","hentry","category-actualidad-asturias"],"aioseo_notices":[],"aioseo_head":"\n\t\t<!-- All in One SEO Pro 4.9.6.2 - aioseo.com -->\n\t<meta name=\"description\" content=\"El Gobierno de Asturias has informado de las inversiones realizadas en el concejo de Cangas de On\u00eds para desarrollar diferentes actuaciones dentro de la Reserva\" \/>\n\t<meta name=\"robots\" content=\"max-image-preview:large\" \/>\n\t<meta name=\"author\" content=\"El Digital de Asturias\"\/>\n\t<meta name=\"google-site-verification\" content=\"UA-38556648-1\" \/>\n\t<meta name=\"msvalidate.01\" content=\"7dfe9f3f1b24437ab69f4f2559babe99\" \/>\n\t<meta name=\"keywords\" content=\"actualidad asturias\" \/>\n\t<link rel=\"canonical\" href=\"https:\/\/www.eldigitaldeasturias.com\/noticias\/la-inversion-de-asturias-en-la-reserva-de-la-biosfera-de-los-picos-de-europa\/\" \/>\n\t<meta name=\"generator\" content=\"All in One SEO Pro (AIOSEO) 4.9.6.2\" \/>\n\t\t<meta property=\"og:locale\" content=\"es_ES\" \/>\n\t\t<meta property=\"og:site_name\" content=\"El Digital de Asturias\" \/>\n\t\t<meta property=\"og:type\" content=\"article\" \/>\n\t\t<meta property=\"og:title\" content=\"La inversi\u00f3n de Asturias en la Reserva de la Biosfera de los Picos de Europa - El Digital de Asturias\" \/>\n\t\t<meta property=\"og:description\" content=\"El Gobierno de Asturias has informado de las inversiones realizadas en el concejo de Cangas de On\u00eds para desarrollar diferentes actuaciones dentro de la Reserva\" \/>\n\t\t<meta property=\"og:url\" content=\"https:\/\/www.eldigitaldeasturias.com\/noticias\/la-inversion-de-asturias-en-la-reserva-de-la-biosfera-de-los-picos-de-europa\/\" \/>\n\t\t<meta property=\"og:image\" content=\"https:\/\/www.eldigitaldeasturias.com\/noticias\/wp-content\/uploads\/2023\/12\/Asturias-Picos-Europa.jpg\" \/>\n\t\t<meta property=\"og:image:secure_url\" content=\"https:\/\/www.eldigitaldeasturias.com\/noticias\/wp-content\/uploads\/2023\/12\/Asturias-Picos-Europa.jpg\" \/>\n\t\t<meta property=\"og:image:width\" content=\"548\" \/>\n\t\t<meta property=\"og:image:height\" content=\"535\" \/>\n\t\t<meta property=\"article:tag\" content=\"actualidad asturias\" \/>\n\t\t<meta property=\"article:published_time\" content=\"2023-12-25T11:51:40+00:00\" \/>\n\t\t<meta property=\"article:modified_time\" content=\"2023-12-25T11:51:40+00:00\" \/>\n\t\t<meta property=\"article:publisher\" content=\"https:\/\/facebook.com\/eldigitaldeasturias\" \/>\n\t\t<meta name=\"twitter:card\" content=\"summary_large_image\" \/>\n\t\t<meta name=\"twitter:title\" content=\"La inversi\u00f3n de Asturias en la Reserva de la Biosfera de los Picos de Europa - El Digital de Asturias\" \/>\n\t\t<meta name=\"twitter:description\" content=\"El Gobierno de Asturias has informado de las inversiones realizadas en el concejo de Cangas de On\u00eds para desarrollar diferentes actuaciones dentro de la Reserva\" \/>\n\t\t<meta name=\"twitter:image\" content=\"https:\/\/www.eldigitaldeasturias.com\/noticias\/wp-content\/uploads\/2023\/12\/Asturias-Picos-Europa.jpg\" \/>\n\t\t<meta name=\"twitter:label1\" content=\"Escrito por\" \/>\n\t\t<meta name=\"twitter:data1\" content=\"El Digital de Asturias\" \/>\n\t\t<meta name=\"twitter:label2\" content=\"Tiempo de lectura estimado\" \/>\n\t\t<meta name=\"twitter:data2\" content=\"2 minutos\" \/>\n\t\t<script type=\"application\/ld+json\" class=\"aioseo-schema\">\n\t\t\t{\"@context\":\"https:\\\/\\\/schema.org\",\"@graph\":[{\"@type\":\"BlogPosting\",\"@id\":\"https:\\\/\\\/www.eldigitaldeasturias.com\\\/noticias\\\/la-inversion-de-asturias-en-la-reserva-de-la-biosfera-de-los-picos-de-europa\\\/#blogposting\",\"name\":\"La inversi\\u00f3n de Asturias en la Reserva de la Biosfera de los Picos de Europa - El Digital de Asturias\",\"headline\":\"La inversi\\u00f3n de Asturias en la Reserva de la Biosfera de los Picos de Europa\",\"author\":{\"@id\":\"https:\\\/\\\/www.eldigitaldeasturias.com\\\/noticias\\\/author\\\/admin\\\/#author\"},\"publisher\":{\"@id\":\"https:\\\/\\\/www.eldigitaldeasturias.com\\\/noticias\\\/#organization\"},\"image\":{\"@type\":\"ImageObject\",\"url\":\"https:\\\/\\\/www.eldigitaldeasturias.com\\\/noticias\\\/wp-content\\\/uploads\\\/2023\\\/12\\\/Asturias-Picos-Europa.jpg\",\"width\":548,\"height\":535,\"caption\":\"Foto: Prensa Gobierno de Asturias\"},\"datePublished\":\"2023-12-25T12:51:40+01:00\",\"dateModified\":\"2023-12-25T12:51:40+01:00\",\"inLanguage\":\"es-ES\",\"mainEntityOfPage\":{\"@id\":\"https:\\\/\\\/www.eldigitaldeasturias.com\\\/noticias\\\/la-inversion-de-asturias-en-la-reserva-de-la-biosfera-de-los-picos-de-europa\\\/#webpage\"},\"isPartOf\":{\"@id\":\"https:\\\/\\\/www.eldigitaldeasturias.com\\\/noticias\\\/la-inversion-de-asturias-en-la-reserva-de-la-biosfera-de-los-picos-de-europa\\\/#webpage\"},\"articleSection\":\"Actualidad Asturias\"},{\"@type\":\"BreadcrumbList\",\"@id\":\"https:\\\/\\\/www.eldigitaldeasturias.com\\\/noticias\\\/la-inversion-de-asturias-en-la-reserva-de-la-biosfera-de-los-picos-de-europa\\\/#breadcrumblist\",\"itemListElement\":[{\"@type\":\"ListItem\",\"@id\":\"https:\\\/\\\/www.eldigitaldeasturias.com\\\/noticias#listItem\",\"position\":1,\"name\":\"Home\",\"item\":\"https:\\\/\\\/www.eldigitaldeasturias.com\\\/noticias\",\"nextItem\":{\"@type\":\"ListItem\",\"@id\":\"https:\\\/\\\/www.eldigitaldeasturias.com\\\/noticias\\\/category\\\/actualidad-asturias\\\/#listItem\",\"name\":\"Actualidad Asturias\"}},{\"@type\":\"ListItem\",\"@id\":\"https:\\\/\\\/www.eldigitaldeasturias.com\\\/noticias\\\/category\\\/actualidad-asturias\\\/#listItem\",\"position\":2,\"name\":\"Actualidad Asturias\",\"item\":\"https:\\\/\\\/www.eldigitaldeasturias.com\\\/noticias\\\/category\\\/actualidad-asturias\\\/\",\"nextItem\":{\"@type\":\"ListItem\",\"@id\":\"https:\\\/\\\/www.eldigitaldeasturias.com\\\/noticias\\\/la-inversion-de-asturias-en-la-reserva-de-la-biosfera-de-los-picos-de-europa\\\/#listItem\",\"name\":\"La inversi\\u00f3n de Asturias en la Reserva de la Biosfera de los Picos de Europa\"},\"previousItem\":{\"@type\":\"ListItem\",\"@id\":\"https:\\\/\\\/www.eldigitaldeasturias.com\\\/noticias#listItem\",\"name\":\"Home\"}},{\"@type\":\"ListItem\",\"@id\":\"https:\\\/\\\/www.eldigitaldeasturias.com\\\/noticias\\\/la-inversion-de-asturias-en-la-reserva-de-la-biosfera-de-los-picos-de-europa\\\/#listItem\",\"position\":3,\"name\":\"La inversi\\u00f3n de Asturias en la Reserva de la Biosfera de los Picos de Europa\",\"previousItem\":{\"@type\":\"ListItem\",\"@id\":\"https:\\\/\\\/www.eldigitaldeasturias.com\\\/noticias\\\/category\\\/actualidad-asturias\\\/#listItem\",\"name\":\"Actualidad Asturias\"}}]},{\"@type\":\"Organization\",\"@id\":\"https:\\\/\\\/www.eldigitaldeasturias.com\\\/noticias\\\/#organization\",\"name\":\"El Digital de Asturias\",\"description\":\"Hemeroteca\",\"url\":\"https:\\\/\\\/www.eldigitaldeasturias.com\\\/noticias\\\/\",\"email\":\"info@eldigitaldeasturias.com\",\"telephone\":\"+34652131393\",\"logo\":{\"@type\":\"ImageObject\",\"url\":\"https:\\\/\\\/www.eldigitaldeasturias.com\\\/noticias\\\/wp-content\\\/uploads\\\/2020\\\/12\\\/EDA.jpg\",\"@id\":\"https:\\\/\\\/www.eldigitaldeasturias.com\\\/noticias\\\/la-inversion-de-asturias-en-la-reserva-de-la-biosfera-de-los-picos-de-europa\\\/#organizationLogo\",\"width\":649,\"height\":297},\"image\":{\"@id\":\"https:\\\/\\\/www.eldigitaldeasturias.com\\\/noticias\\\/la-inversion-de-asturias-en-la-reserva-de-la-biosfera-de-los-picos-de-europa\\\/#organizationLogo\"},\"sameAs\":[\"https:\\\/\\\/facebook.com\\\/eldigitaldeasturias\",\"https:\\\/\\\/www.youtube.com\\\/channel\\\/UCZP-2wLEB9Rv6erhFmqVnvg\"],\"address\":{\"@id\":\"https:\\\/\\\/www.eldigitaldeasturias.com\\\/noticias\\\/#postaladdress\",\"@type\":\"PostalAddress\",\"streetAddress\":\"san antonio 4,\",\"postalCode\":\"33430\",\"addressLocality\":\"Cand\\u00e1s\",\"addressRegion\":\"Asturias\",\"addressCountry\":\"ES\"}},{\"@type\":\"Person\",\"@id\":\"https:\\\/\\\/www.eldigitaldeasturias.com\\\/noticias\\\/author\\\/admin\\\/#author\",\"url\":\"https:\\\/\\\/www.eldigitaldeasturias.com\\\/noticias\\\/author\\\/admin\\\/\",\"name\":\"El Digital de Asturias\",\"image\":{\"@type\":\"ImageObject\",\"@id\":\"https:\\\/\\\/www.eldigitaldeasturias.com\\\/noticias\\\/la-inversion-de-asturias-en-la-reserva-de-la-biosfera-de-los-picos-de-europa\\\/#authorImage\",\"url\":\"https:\\\/\\\/www.eldigitaldeasturias.com\\\/noticias\\\/wp-content\\\/litespeed\\\/avatar\\\/18677e78aa0546b92d9dbf31ec7d7668.jpg?ver=1777290358\",\"width\":96,\"height\":96,\"caption\":\"El Digital de Asturias\"}},{\"@type\":\"WebPage\",\"@id\":\"https:\\\/\\\/www.eldigitaldeasturias.com\\\/noticias\\\/la-inversion-de-asturias-en-la-reserva-de-la-biosfera-de-los-picos-de-europa\\\/#webpage\",\"url\":\"https:\\\/\\\/www.eldigitaldeasturias.com\\\/noticias\\\/la-inversion-de-asturias-en-la-reserva-de-la-biosfera-de-los-picos-de-europa\\\/\",\"name\":\"La inversi\\u00f3n de Asturias en la Reserva de la Biosfera de los Picos de Europa - El Digital de Asturias\",\"description\":\"El Gobierno de Asturias has informado de las inversiones realizadas en el concejo de Cangas de On\\u00eds para desarrollar diferentes actuaciones dentro de la Reserva\",\"inLanguage\":\"es-ES\",\"isPartOf\":{\"@id\":\"https:\\\/\\\/www.eldigitaldeasturias.com\\\/noticias\\\/#website\"},\"breadcrumb\":{\"@id\":\"https:\\\/\\\/www.eldigitaldeasturias.com\\\/noticias\\\/la-inversion-de-asturias-en-la-reserva-de-la-biosfera-de-los-picos-de-europa\\\/#breadcrumblist\"},\"author\":{\"@id\":\"https:\\\/\\\/www.eldigitaldeasturias.com\\\/noticias\\\/author\\\/admin\\\/#author\"},\"creator\":{\"@id\":\"https:\\\/\\\/www.eldigitaldeasturias.com\\\/noticias\\\/author\\\/admin\\\/#author\"},\"image\":{\"@type\":\"ImageObject\",\"url\":\"https:\\\/\\\/www.eldigitaldeasturias.com\\\/noticias\\\/wp-content\\\/uploads\\\/2023\\\/12\\\/Asturias-Picos-Europa.jpg\",\"@id\":\"https:\\\/\\\/www.eldigitaldeasturias.com\\\/noticias\\\/la-inversion-de-asturias-en-la-reserva-de-la-biosfera-de-los-picos-de-europa\\\/#mainImage\",\"width\":548,\"height\":535,\"caption\":\"Foto: Prensa Gobierno de Asturias\"},\"primaryImageOfPage\":{\"@id\":\"https:\\\/\\\/www.eldigitaldeasturias.com\\\/noticias\\\/la-inversion-de-asturias-en-la-reserva-de-la-biosfera-de-los-picos-de-europa\\\/#mainImage\"},\"datePublished\":\"2023-12-25T12:51:40+01:00\",\"dateModified\":\"2023-12-25T12:51:40+01:00\"},{\"@type\":\"WebSite\",\"@id\":\"https:\\\/\\\/www.eldigitaldeasturias.com\\\/noticias\\\/#website\",\"url\":\"https:\\\/\\\/www.eldigitaldeasturias.com\\\/noticias\\\/\",\"name\":\"El Digital de Asturias - Diario de actualidad y noticias\",\"alternateName\":\"El Digital de Asturias - Diario de actualidad y noticias\",\"description\":\"Hemeroteca\",\"inLanguage\":\"es-ES\",\"publisher\":{\"@id\":\"https:\\\/\\\/www.eldigitaldeasturias.com\\\/noticias\\\/#organization\"}}]}\n\t\t<\/script>\n\t\t<!-- All in One SEO Pro -->\r\n\t\t<title>La inversi\u00f3n de Asturias en la Reserva de la Biosfera de los Picos de Europa - El Digital de Asturias<\/title>\n\n","aioseo_head_json":{"title":"La inversi\u00f3n de Asturias en la Reserva de la Biosfera de los Picos de Europa - El Digital de Asturias","description":"El Gobierno de Asturias has informado de las inversiones realizadas en el concejo de Cangas de On\u00eds para desarrollar diferentes actuaciones dentro de la Reserva","canonical_url":"https:\/\/www.eldigitaldeasturias.com\/noticias\/la-inversion-de-asturias-en-la-reserva-de-la-biosfera-de-los-picos-de-europa\/","robots":"max-image-preview:large","keywords":"actualidad asturias","webmasterTools":{"google-site-verification":"UA-38556648-1","msvalidate.01":"7dfe9f3f1b24437ab69f4f2559babe99","miscellaneous":""},"schema":{"@context":"https:\/\/schema.org","@graph":[{"@type":"BlogPosting","@id":"https:\/\/www.eldigitaldeasturias.com\/noticias\/la-inversion-de-asturias-en-la-reserva-de-la-biosfera-de-los-picos-de-europa\/#blogposting","name":"La inversi\u00f3n de Asturias en la Reserva de la Biosfera de los Picos de Europa - El Digital de Asturias","headline":"La inversi\u00f3n de Asturias en la Reserva de la Biosfera de los Picos de Europa","author":{"@id":"https:\/\/www.eldigitaldeasturias.com\/noticias\/author\/admin\/#author"},"publisher":{"@id":"https:\/\/www.eldigitaldeasturias.com\/noticias\/#organization"},"image":{"@type":"ImageObject","url":"https:\/\/www.eldigitaldeasturias.com\/noticias\/wp-content\/uploads\/2023\/12\/Asturias-Picos-Europa.jpg","width":548,"height":535,"caption":"Foto: Prensa Gobierno de Asturias"},"datePublished":"2023-12-25T12:51:40+01:00","dateModified":"2023-12-25T12:51:40+01:00","inLanguage":"es-ES","mainEntityOfPage":{"@id":"https:\/\/www.eldigitaldeasturias.com\/noticias\/la-inversion-de-asturias-en-la-reserva-de-la-biosfera-de-los-picos-de-europa\/#webpage"},"isPartOf":{"@id":"https:\/\/www.eldigitaldeasturias.com\/noticias\/la-inversion-de-asturias-en-la-reserva-de-la-biosfera-de-los-picos-de-europa\/#webpage"},"articleSection":"Actualidad Asturias"},{"@type":"BreadcrumbList","@id":"https:\/\/www.eldigitaldeasturias.com\/noticias\/la-inversion-de-asturias-en-la-reserva-de-la-biosfera-de-los-picos-de-europa\/#breadcrumblist","itemListElement":[{"@type":"ListItem","@id":"https:\/\/www.eldigitaldeasturias.com\/noticias#listItem","position":1,"name":"Home","item":"https:\/\/www.eldigitaldeasturias.com\/noticias","nextItem":{"@type":"ListItem","@id":"https:\/\/www.eldigitaldeasturias.com\/noticias\/category\/actualidad-asturias\/#listItem","name":"Actualidad Asturias"}},{"@type":"ListItem","@id":"https:\/\/www.eldigitaldeasturias.com\/noticias\/category\/actualidad-asturias\/#listItem","position":2,"name":"Actualidad Asturias","item":"https:\/\/www.eldigitaldeasturias.com\/noticias\/category\/actualidad-asturias\/","nextItem":{"@type":"ListItem","@id":"https:\/\/www.eldigitaldeasturias.com\/noticias\/la-inversion-de-asturias-en-la-reserva-de-la-biosfera-de-los-picos-de-europa\/#listItem","name":"La inversi\u00f3n de Asturias en la Reserva de la Biosfera de los Picos de Europa"},"previousItem":{"@type":"ListItem","@id":"https:\/\/www.eldigitaldeasturias.com\/noticias#listItem","name":"Home"}},{"@type":"ListItem","@id":"https:\/\/www.eldigitaldeasturias.com\/noticias\/la-inversion-de-asturias-en-la-reserva-de-la-biosfera-de-los-picos-de-europa\/#listItem","position":3,"name":"La inversi\u00f3n de Asturias en la Reserva de la Biosfera de los Picos de Europa","previousItem":{"@type":"ListItem","@id":"https:\/\/www.eldigitaldeasturias.com\/noticias\/category\/actualidad-asturias\/#listItem","name":"Actualidad Asturias"}}]},{"@type":"Organization","@id":"https:\/\/www.eldigitaldeasturias.com\/noticias\/#organization","name":"El Digital de Asturias","description":"Hemeroteca","url":"https:\/\/www.eldigitaldeasturias.com\/noticias\/","email":"info@eldigitaldeasturias.com","telephone":"+34652131393","logo":{"@type":"ImageObject","url":"https:\/\/www.eldigitaldeasturias.com\/noticias\/wp-content\/uploads\/2020\/12\/EDA.jpg","@id":"https:\/\/www.eldigitaldeasturias.com\/noticias\/la-inversion-de-asturias-en-la-reserva-de-la-biosfera-de-los-picos-de-europa\/#organizationLogo","width":649,"height":297},"image":{"@id":"https:\/\/www.eldigitaldeasturias.com\/noticias\/la-inversion-de-asturias-en-la-reserva-de-la-biosfera-de-los-picos-de-europa\/#organizationLogo"},"sameAs":["https:\/\/facebook.com\/eldigitaldeasturias","https:\/\/www.youtube.com\/channel\/UCZP-2wLEB9Rv6erhFmqVnvg"],"address":{"@id":"https:\/\/www.eldigitaldeasturias.com\/noticias\/#postaladdress","@type":"PostalAddress","streetAddress":"san antonio 4,","postalCode":"33430","addressLocality":"Cand\u00e1s","addressRegion":"Asturias","addressCountry":"ES"}},{"@type":"Person","@id":"https:\/\/www.eldigitaldeasturias.com\/noticias\/author\/admin\/#author","url":"https:\/\/www.eldigitaldeasturias.com\/noticias\/author\/admin\/","name":"El Digital de Asturias","image":{"@type":"ImageObject","@id":"https:\/\/www.eldigitaldeasturias.com\/noticias\/la-inversion-de-asturias-en-la-reserva-de-la-biosfera-de-los-picos-de-europa\/#authorImage","url":"https:\/\/www.eldigitaldeasturias.com\/noticias\/wp-content\/litespeed\/avatar\/18677e78aa0546b92d9dbf31ec7d7668.jpg?ver=1777290358","width":96,"height":96,"caption":"El Digital de Asturias"}},{"@type":"WebPage","@id":"https:\/\/www.eldigitaldeasturias.com\/noticias\/la-inversion-de-asturias-en-la-reserva-de-la-biosfera-de-los-picos-de-europa\/#webpage","url":"https:\/\/www.eldigitaldeasturias.com\/noticias\/la-inversion-de-asturias-en-la-reserva-de-la-biosfera-de-los-picos-de-europa\/","name":"La inversi\u00f3n de Asturias en la Reserva de la Biosfera de los Picos de Europa - El Digital de Asturias","description":"El Gobierno de Asturias has informado de las inversiones realizadas en el concejo de Cangas de On\u00eds para desarrollar diferentes actuaciones dentro de la Reserva","inLanguage":"es-ES","isPartOf":{"@id":"https:\/\/www.eldigitaldeasturias.com\/noticias\/#website"},"breadcrumb":{"@id":"https:\/\/www.eldigitaldeasturias.com\/noticias\/la-inversion-de-asturias-en-la-reserva-de-la-biosfera-de-los-picos-de-europa\/#breadcrumblist"},"author":{"@id":"https:\/\/www.eldigitaldeasturias.com\/noticias\/author\/admin\/#author"},"creator":{"@id":"https:\/\/www.eldigitaldeasturias.com\/noticias\/author\/admin\/#author"},"image":{"@type":"ImageObject","url":"https:\/\/www.eldigitaldeasturias.com\/noticias\/wp-content\/uploads\/2023\/12\/Asturias-Picos-Europa.jpg","@id":"https:\/\/www.eldigitaldeasturias.com\/noticias\/la-inversion-de-asturias-en-la-reserva-de-la-biosfera-de-los-picos-de-europa\/#mainImage","width":548,"height":535,"caption":"Foto: Prensa Gobierno de Asturias"},"primaryImageOfPage":{"@id":"https:\/\/www.eldigitaldeasturias.com\/noticias\/la-inversion-de-asturias-en-la-reserva-de-la-biosfera-de-los-picos-de-europa\/#mainImage"},"datePublished":"2023-12-25T12:51:40+01:00","dateModified":"2023-12-25T12:51:40+01:00"},{"@type":"WebSite","@id":"https:\/\/www.eldigitaldeasturias.com\/noticias\/#website","url":"https:\/\/www.eldigitaldeasturias.com\/noticias\/","name":"El Digital de Asturias - Diario de actualidad y noticias","alternateName":"El Digital de Asturias - Diario de actualidad y noticias","description":"Hemeroteca","inLanguage":"es-ES","publisher":{"@id":"https:\/\/www.eldigitaldeasturias.com\/noticias\/#organization"}}]},"og:locale":"es_ES","og:site_name":"El Digital de Asturias","og:type":"article","og:title":"La inversi\u00f3n de Asturias en la Reserva de la Biosfera de los Picos de Europa - El Digital de Asturias","og:description":"El Gobierno de Asturias has informado de las inversiones realizadas en el concejo de Cangas de On\u00eds para desarrollar diferentes actuaciones dentro de la Reserva","og:url":"https:\/\/www.eldigitaldeasturias.com\/noticias\/la-inversion-de-asturias-en-la-reserva-de-la-biosfera-de-los-picos-de-europa\/","og:image":"https:\/\/www.eldigitaldeasturias.com\/noticias\/wp-content\/uploads\/2023\/12\/Asturias-Picos-Europa.jpg","og:image:secure_url":"https:\/\/www.eldigitaldeasturias.com\/noticias\/wp-content\/uploads\/2023\/12\/Asturias-Picos-Europa.jpg","og:image:width":548,"og:image:height":535,"article:tag":["actualidad asturias"],"article:published_time":"2023-12-25T11:51:40+00:00","article:modified_time":"2023-12-25T11:51:40+00:00","article:publisher":"https:\/\/facebook.com\/eldigitaldeasturias","twitter:card":"summary_large_image","twitter:title":"La inversi\u00f3n de Asturias en la Reserva de la Biosfera de los Picos de Europa - El Digital de Asturias","twitter:description":"El Gobierno de Asturias has informado de las inversiones realizadas en el concejo de Cangas de On\u00eds para desarrollar diferentes actuaciones dentro de la Reserva","twitter:image":"https:\/\/www.eldigitaldeasturias.com\/noticias\/wp-content\/uploads\/2023\/12\/Asturias-Picos-Europa.jpg","twitter:label1":"Escrito por","twitter:data1":"El Digital de Asturias","twitter:label2":"Tiempo de lectura estimado","twitter:data2":"2 minutos"},"aioseo_meta_data":{"post_id":"1127856","title":null,"description":"El Gobierno de Asturias has informado de las inversiones realizadas en el concejo de Cangas de On\u00eds para desarrollar diferentes actuaciones dentro de la Reserva","keywords":[],"keyphrases":{"focus":{"keyphrase":"Asturias","score":100,"analysis":{"keyphraseInTitle":{"score":9,"maxScore":9,"error":0},"keyphraseInDescription":{"score":9,"maxScore":9,"error":0},"keyphraseLength":{"score":9,"maxScore":9,"error":0,"length":1},"keyphraseInURL":{"score":5,"maxScore":5,"error":0},"keyphraseInIntroduction":{"score":9,"maxScore":9,"error":0},"keyphraseInSubHeadings":[],"keyphraseInImageAlt":{"score":9,"maxScore":9,"error":0},"keywordDensity":{"type":"best","score":9,"maxScore":9,"error":0}}},"additional":[{"keyphrase":"Reserva","score":87,"analysis":{"keyphraseInDescription":{"score":9,"maxScore":9,"error":0},"keyphraseLength":{"score":9,"maxScore":9,"error":0,"length":1},"keyphraseInIntroduction":{"score":9,"maxScore":9,"error":0},"keyphraseInImageAlt":{"score":3,"maxScore":9,"error":1},"keywordDensity":{"type":"best","score":9,"maxScore":9,"error":0}}}]},"primary_term":null,"canonical_url":null,"og_title":null,"og_description":null,"og_object_type":"default","og_image_type":"default","og_image_url":null,"og_image_width":null,"og_image_height":null,"og_image_custom_url":null,"og_image_custom_fields":null,"og_video":"","og_custom_url":null,"og_article_section":null,"og_article_tags":[],"twitter_use_og":false,"twitter_card":"default","twitter_image_type":"default","twitter_image_url":null,"twitter_image_custom_url":null,"twitter_image_custom_fields":null,"twitter_title":null,"twitter_description":null,"schema":{"blockGraphs":[],"customGraphs":[],"default":{"data":{"Article":[],"Course":[],"Dataset":[],"FAQPage":[],"Movie":[],"Person":[],"Product":[],"ProductReview":[],"Car":[],"Recipe":[],"Service":[],"SoftwareApplication":[],"WebPage":[]},"graphName":"BlogPosting","isEnabled":true},"graphs":[]},"schema_type":"default","schema_type_options":null,"pillar_content":false,"robots_default":true,"robots_noindex":false,"robots_noarchive":false,"robots_nosnippet":false,"robots_nofollow":false,"robots_noimageindex":false,"robots_noodp":false,"robots_notranslate":false,"robots_max_snippet":"-1","robots_max_videopreview":"-1","robots_max_imagepreview":"large","priority":null,"frequency":"default","local_seo":null,"seo_analyzer_scan_date":"2025-10-06 00:14:20","breadcrumb_settings":null,"limit_modified_date":false,"open_ai":"{\"title\":{\"suggestions\":[],\"usage\":0},\"description\":{\"suggestions\":[],\"usage\":0}}","ai":null,"created":"2023-12-25 11:42:34","updated":"2025-10-09 06:21:31"},"aioseo_breadcrumb":"<div class=\"aioseo-breadcrumbs\"><span class=\"aioseo-breadcrumb\">\n\t<a href=\"https:\/\/www.eldigitaldeasturias.com\/noticias\" title=\"Home\">Home<\/a>\n<\/span><span class=\"aioseo-breadcrumb-separator\">\u2013<\/span><span class=\"aioseo-breadcrumb\">\n\t<a href=\"https:\/\/www.eldigitaldeasturias.com\/noticias\/category\/actualidad-asturias\/\" title=\"Actualidad Asturias\">Actualidad Asturias<\/a>\n<\/span><span class=\"aioseo-breadcrumb-separator\">\u2013<\/span><span class=\"aioseo-breadcrumb\">\n\t<a href=\"https:\/\/www.eldigitaldeasturias.com\/noticias\/la-inversion-de-asturias-en-la-reserva-de-la-biosfera-de-los-picos-de-europa\/\" title=\"La inversi\u00f3n de Asturias en la Reserva de la Biosfera de los Picos de Europa\">La inversi\u00f3n de Asturias en la Reserva de la Biosfera de los Picos de Europa<\/a>\n<\/span><\/div>","aioseo_breadcrumb_json":[{"label":"Home","link":"https:\/\/www.eldigitaldeasturias.com\/noticias"},{"label":"Actualidad Asturias","link":"https:\/\/www.eldigitaldeasturias.com\/noticias\/category\/actualidad-asturias\/"},{"label":"La inversi\u00f3n de Asturias en la Reserva de la Biosfera de los Picos de Europa","link":"https:\/\/www.eldigitaldeasturias.com\/noticias\/la-inversion-de-asturias-en-la-reserva-de-la-biosfera-de-los-picos-de-europa\/"}],"_links":{"self":[{"href":"https:\/\/www.eldigitaldeasturias.com\/noticias\/wp-json\/wp\/v2\/posts\/1127856","targetHints":{"allow":["GET"]}}],"collection":[{"href":"https:\/\/www.eldigitaldeasturias.com\/noticias\/wp-json\/wp\/v2\/posts"}],"about":[{"href":"https:\/\/www.eldigitaldeasturias.com\/noticias\/wp-json\/wp\/v2\/types\/post"}],"author":[{"embeddable":true,"href":"https:\/\/www.eldigitaldeasturias.com\/noticias\/wp-json\/wp\/v2\/users\/1"}],"replies":[{"embeddable":true,"href":"https:\/\/www.eldigitaldeasturias.com\/noticias\/wp-json\/wp\/v2\/comments?post=1127856"}],"version-history":[{"count":0,"href":"https:\/\/www.eldigitaldeasturias.com\/noticias\/wp-json\/wp\/v2\/posts\/1127856\/revisions"}],"wp:featuredmedia":[{"embeddable":true,"href":"https:\/\/www.eldigitaldeasturias.com\/noticias\/wp-json\/wp\/v2\/media\/1127857"}],"wp:attachment":[{"href":"https:\/\/www.eldigitaldeasturias.com\/noticias\/wp-json\/wp\/v2\/media?parent=1127856"}],"wp:term":[{"taxonomy":"category","embeddable":true,"href":"https:\/\/www.eldigitaldeasturias.com\/noticias\/wp-json\/wp\/v2\/categories?post=1127856"},{"taxonomy":"post_tag","embeddable":true,"href":"https:\/\/www.eldigitaldeasturias.com\/noticias\/wp-json\/wp\/v2\/tags?post=1127856"}],"curies":[{"name":"wp","href":"https:\/\/api.w.org\/{rel}","templated":true}]}}