{"id":1127846,"date":"2023-12-24T16:13:09","date_gmt":"2023-12-24T15:13:09","guid":{"rendered":"https:\/\/www.eldigitaldeasturias.com\/noticias\/?p=1127846"},"modified":"2023-12-24T16:13:09","modified_gmt":"2023-12-24T15:13:09","slug":"navidad-2023-en-asturias-mejor-no-hablar-de","status":"publish","type":"post","link":"https:\/\/www.eldigitaldeasturias.com\/noticias\/navidad-2023-en-asturias-mejor-no-hablar-de\/","title":{"rendered":"Navidad 2023 en Asturias: Mejor no hablar de\u2026"},"content":{"rendered":"<p><strong>Hoy 24 de diciembre en Asturias y ma\u00f1ana d\u00eda de Navidad<\/strong>, ser\u00e1n muchas las personas que disfrutar\u00e1n de la compa\u00f1\u00eda de seres queridos, cu\u00f1ados, primos y otros familiares,<strong> las cenas de Nochebuena y <a href=\"https:\/\/candas365.es\/noticias\/menus-navidenos-en-los-hospitales-publicos-de-asturias\/\" target=\"_blank\" rel=\"noopener\"><span style=\"color: #ff6600;\">comidas de Navidad<\/span><\/a> son un momento para que las familias se re\u00fanan y celebren las tan esperadas fiestas.<\/strong><\/p>\n<p><img loading=\"lazy\" decoding=\"async\" class=\"aligncenter wp-image-1127847 size-full\" src=\"https:\/\/www.eldigitaldeasturias.com\/noticias\/wp-content\/uploads\/2023\/12\/cena-Navidad-Asturias.jpg\" alt=\"cena Navidad Asturias\" width=\"640\" height=\"424\" srcset=\"https:\/\/www.eldigitaldeasturias.com\/noticias\/wp-content\/uploads\/2023\/12\/cena-Navidad-Asturias.jpg 640w, https:\/\/www.eldigitaldeasturias.com\/noticias\/wp-content\/uploads\/2023\/12\/cena-Navidad-Asturias-360x239.jpg 360w, https:\/\/www.eldigitaldeasturias.com\/noticias\/wp-content\/uploads\/2023\/12\/cena-Navidad-Asturias-453x300.jpg 453w, https:\/\/www.eldigitaldeasturias.com\/noticias\/wp-content\/uploads\/2023\/12\/cena-Navidad-Asturias-150x99.jpg 150w, https:\/\/www.eldigitaldeasturias.com\/noticias\/wp-content\/uploads\/2023\/12\/cena-Navidad-Asturias-450x298.jpg 450w\" sizes=\"auto, (max-width: 640px) 100vw, 640px\" \/><\/p>\n<p>Sin embargo no todo el mundo piensa del mismo modo, y no todo el mundo tiene el mismo estado de humor durante estos d\u00edas. <strong>\u00bfMejor no hablar de\u2026? Estos son tres de los temas que recomendamos no \u00abtocar\u00bb durante la fechas navide\u00f1as.<\/strong><\/p>\n<h2>Pol\u00edtica\u2026 Mejor no \u00a1!<\/h2>\n<p>La pol\u00edtica es un tema que conviene evitar en las cenas de Nochebuena y comidas de Navidad. Las opiniones pol\u00edticas pueden ser profundamente personales y diferir entre los miembros de la familia, lo que genera acaloradas discusiones y conflictos. <strong>Por ejemplo, un miembro de la familia puede apoyar a un determinado partido pol\u00edtico o candidato, mientras que otro puede tener puntos de vista opuestos. Hablar de pol\u00edtica puede causar tensi\u00f3n y arruinar el ambiente festivo.\u00a0<\/strong><\/p>\n<h2>\u00bfReligi\u00f3n? Tema delicado<\/h2>\n<p>La religi\u00f3n es otro tema que conviene evita, pues las creencias religiosas son sensibles y personales para las personas, y hablar de religi\u00f3n puede generar debates y herir sentimientos.<\/p>\n<blockquote><p>Es importante respetar las creencias de los dem\u00e1s y evitar por completo las discusiones religiosas.<\/p><\/blockquote>\n<h2>Temas personales\u2026<\/h2>\n<p>Cuestiones personales como las finanzas, la salud y las relaciones son asuntos privados que no deben discutirse durante las fiestas. Hablar de cuestiones personales puede hacer que algunos miembros de la familia se sientan inc\u00f3modos o vulnerables. <strong>Es importante centrarse en temas positivos y no recordar a los dem\u00e1s sus errores del pasado, malas decisiones o temas que puedan arruinar una reuni\u00f3n familiar.<\/strong><\/p>\n<p>Recomendamos apostar por las bonitas tradiciones familiares, los recuerdos de las vacaciones y los planes futuros. <strong>Al evitar problemas personales, las familias pueden crear un ambiente c\u00e1lido y agradable durante la temporada navide\u00f1a.<\/strong><\/p>\n<h2>Cada casa un mundo<\/h2>\n<p>Cada <a href=\"https:\/\/www.eldigitaldeasturias.com\/noticias\/category\/sociedad\/\"><span style=\"color: #ff6600;\"><strong>familia<\/strong><\/span><\/a> es diferente, cada persona tiene sus problemas, ilusiones, metas o mochila personal, crear nuevos recuerdos, intentar pasar buenos momentos con la gente que quieres, y dejar a un lado todo lo que sean temas con l\u00edneas rojas, y tambi\u00e9n los dispositivos m\u00f3viles ayudar\u00e1 a que las personas hablen, se comuniquen y puedan disfrutar m\u00e1s y mejor de estas fechas \u00a1!<\/p>\n","protected":false},"excerpt":{"rendered":"<p>Hoy 24 de diciembre en Asturias y ma\u00f1ana d\u00eda de Navidad, ser\u00e1n muchas las personas que disfrutar\u00e1n de la compa\u00f1\u00eda de seres queridos, cu\u00f1ados, primos y otros familiares, las cenas de Nochebuena y comidas de Navidad son un momento para que las familias se re\u00fanan y celebren las tan esperadas fiestas. Sin embargo no todo [&hellip;]<\/p>\n","protected":false},"author":1,"featured_media":1127847,"comment_status":"closed","ping_status":"closed","sticky":false,"template":"","format":"standard","meta":{"footnotes":""},"categories":[141,28],"tags":[],"class_list":["post-1127846","post","type-post","status-publish","format-standard","has-post-thumbnail","hentry","category-destacadas","category-sociedad"],"aioseo_notices":[],"aioseo_head":"\n\t\t<!-- All in One SEO Pro 4.9.6.2 - aioseo.com -->\n\t<meta name=\"description\" content=\"Hoy 24 de diciembre en Asturias y ma\u00f1ana d\u00eda de Navidad, ser\u00e1n muchas las personas que disfrutar\u00e1n de la compa\u00f1\u00eda de seres queridos, cu\u00f1ados, primos y otros\" \/>\n\t<meta name=\"robots\" content=\"max-image-preview:large\" \/>\n\t<meta name=\"author\" content=\"El Digital de Asturias\"\/>\n\t<meta name=\"google-site-verification\" content=\"UA-38556648-1\" \/>\n\t<meta name=\"msvalidate.01\" content=\"7dfe9f3f1b24437ab69f4f2559babe99\" \/>\n\t<meta name=\"keywords\" content=\"destacadas,sociedad\" \/>\n\t<link rel=\"canonical\" href=\"https:\/\/www.eldigitaldeasturias.com\/noticias\/navidad-2023-en-asturias-mejor-no-hablar-de\/\" \/>\n\t<meta name=\"generator\" content=\"All in One SEO Pro (AIOSEO) 4.9.6.2\" \/>\n\t\t<meta property=\"og:locale\" content=\"es_ES\" \/>\n\t\t<meta property=\"og:site_name\" content=\"El Digital de Asturias\" \/>\n\t\t<meta property=\"og:type\" content=\"article\" \/>\n\t\t<meta property=\"og:title\" content=\"Navidad 2023 en Asturias: Mejor no hablar de\u2026 - El Digital de Asturias\" \/>\n\t\t<meta property=\"og:description\" content=\"Hoy 24 de diciembre en Asturias y ma\u00f1ana d\u00eda de Navidad, ser\u00e1n muchas las personas que disfrutar\u00e1n de la compa\u00f1\u00eda de seres queridos, cu\u00f1ados, primos y otros\" \/>\n\t\t<meta property=\"og:url\" content=\"https:\/\/www.eldigitaldeasturias.com\/noticias\/navidad-2023-en-asturias-mejor-no-hablar-de\/\" \/>\n\t\t<meta property=\"og:image\" content=\"https:\/\/www.eldigitaldeasturias.com\/noticias\/wp-content\/uploads\/2023\/12\/cena-Navidad-Asturias.jpg\" \/>\n\t\t<meta property=\"og:image:secure_url\" content=\"https:\/\/www.eldigitaldeasturias.com\/noticias\/wp-content\/uploads\/2023\/12\/cena-Navidad-Asturias.jpg\" \/>\n\t\t<meta property=\"og:image:width\" content=\"640\" \/>\n\t\t<meta property=\"og:image:height\" content=\"424\" \/>\n\t\t<meta property=\"article:tag\" content=\"destacadas\" \/>\n\t\t<meta property=\"article:tag\" content=\"sociedad\" \/>\n\t\t<meta property=\"article:published_time\" content=\"2023-12-24T15:13:09+00:00\" \/>\n\t\t<meta property=\"article:modified_time\" content=\"2023-12-24T15:13:09+00:00\" \/>\n\t\t<meta property=\"article:publisher\" content=\"https:\/\/facebook.com\/eldigitaldeasturias\" \/>\n\t\t<meta name=\"twitter:card\" content=\"summary_large_image\" \/>\n\t\t<meta name=\"twitter:title\" content=\"Navidad 2023 en Asturias: Mejor no hablar de\u2026 - El Digital de Asturias\" \/>\n\t\t<meta name=\"twitter:description\" content=\"Hoy 24 de diciembre en Asturias y ma\u00f1ana d\u00eda de Navidad, ser\u00e1n muchas las personas que disfrutar\u00e1n de la compa\u00f1\u00eda de seres queridos, cu\u00f1ados, primos y otros\" \/>\n\t\t<meta name=\"twitter:image\" content=\"https:\/\/www.eldigitaldeasturias.com\/noticias\/wp-content\/uploads\/2023\/12\/cena-Navidad-Asturias.jpg\" \/>\n\t\t<meta name=\"twitter:label1\" content=\"Escrito por\" \/>\n\t\t<meta name=\"twitter:data1\" content=\"El Digital de Asturias\" \/>\n\t\t<meta name=\"twitter:label2\" content=\"Tiempo de lectura estimado\" \/>\n\t\t<meta name=\"twitter:data2\" content=\"2 minutos\" \/>\n\t\t<script type=\"application\/ld+json\" class=\"aioseo-schema\">\n\t\t\t{\"@context\":\"https:\\\/\\\/schema.org\",\"@graph\":[{\"@type\":\"BlogPosting\",\"@id\":\"https:\\\/\\\/www.eldigitaldeasturias.com\\\/noticias\\\/navidad-2023-en-asturias-mejor-no-hablar-de\\\/#blogposting\",\"name\":\"Navidad 2023 en Asturias: Mejor no hablar de\\u2026 - El Digital de Asturias\",\"headline\":\"Navidad 2023 en Asturias: Mejor no hablar de\\u2026\",\"author\":{\"@id\":\"https:\\\/\\\/www.eldigitaldeasturias.com\\\/noticias\\\/author\\\/admin\\\/#author\"},\"publisher\":{\"@id\":\"https:\\\/\\\/www.eldigitaldeasturias.com\\\/noticias\\\/#organization\"},\"image\":{\"@type\":\"ImageObject\",\"url\":\"https:\\\/\\\/www.eldigitaldeasturias.com\\\/noticias\\\/wp-content\\\/uploads\\\/2023\\\/12\\\/cena-Navidad-Asturias.jpg\",\"width\":640,\"height\":424,\"caption\":\"cena Navidad Asturias\"},\"datePublished\":\"2023-12-24T16:13:09+01:00\",\"dateModified\":\"2023-12-24T16:13:09+01:00\",\"inLanguage\":\"es-ES\",\"mainEntityOfPage\":{\"@id\":\"https:\\\/\\\/www.eldigitaldeasturias.com\\\/noticias\\\/navidad-2023-en-asturias-mejor-no-hablar-de\\\/#webpage\"},\"isPartOf\":{\"@id\":\"https:\\\/\\\/www.eldigitaldeasturias.com\\\/noticias\\\/navidad-2023-en-asturias-mejor-no-hablar-de\\\/#webpage\"},\"articleSection\":\"Destacadas, Sociedad\"},{\"@type\":\"BreadcrumbList\",\"@id\":\"https:\\\/\\\/www.eldigitaldeasturias.com\\\/noticias\\\/navidad-2023-en-asturias-mejor-no-hablar-de\\\/#breadcrumblist\",\"itemListElement\":[{\"@type\":\"ListItem\",\"@id\":\"https:\\\/\\\/www.eldigitaldeasturias.com\\\/noticias#listItem\",\"position\":1,\"name\":\"Home\",\"item\":\"https:\\\/\\\/www.eldigitaldeasturias.com\\\/noticias\",\"nextItem\":{\"@type\":\"ListItem\",\"@id\":\"https:\\\/\\\/www.eldigitaldeasturias.com\\\/noticias\\\/category\\\/sociedad\\\/#listItem\",\"name\":\"Sociedad\"}},{\"@type\":\"ListItem\",\"@id\":\"https:\\\/\\\/www.eldigitaldeasturias.com\\\/noticias\\\/category\\\/sociedad\\\/#listItem\",\"position\":2,\"name\":\"Sociedad\",\"item\":\"https:\\\/\\\/www.eldigitaldeasturias.com\\\/noticias\\\/category\\\/sociedad\\\/\",\"nextItem\":{\"@type\":\"ListItem\",\"@id\":\"https:\\\/\\\/www.eldigitaldeasturias.com\\\/noticias\\\/navidad-2023-en-asturias-mejor-no-hablar-de\\\/#listItem\",\"name\":\"Navidad 2023 en Asturias: Mejor no hablar de\\u2026\"},\"previousItem\":{\"@type\":\"ListItem\",\"@id\":\"https:\\\/\\\/www.eldigitaldeasturias.com\\\/noticias#listItem\",\"name\":\"Home\"}},{\"@type\":\"ListItem\",\"@id\":\"https:\\\/\\\/www.eldigitaldeasturias.com\\\/noticias\\\/navidad-2023-en-asturias-mejor-no-hablar-de\\\/#listItem\",\"position\":3,\"name\":\"Navidad 2023 en Asturias: Mejor no hablar de\\u2026\",\"previousItem\":{\"@type\":\"ListItem\",\"@id\":\"https:\\\/\\\/www.eldigitaldeasturias.com\\\/noticias\\\/category\\\/sociedad\\\/#listItem\",\"name\":\"Sociedad\"}}]},{\"@type\":\"Organization\",\"@id\":\"https:\\\/\\\/www.eldigitaldeasturias.com\\\/noticias\\\/#organization\",\"name\":\"El Digital de Asturias\",\"description\":\"Hemeroteca\",\"url\":\"https:\\\/\\\/www.eldigitaldeasturias.com\\\/noticias\\\/\",\"email\":\"info@eldigitaldeasturias.com\",\"telephone\":\"+34652131393\",\"logo\":{\"@type\":\"ImageObject\",\"url\":\"https:\\\/\\\/www.eldigitaldeasturias.com\\\/noticias\\\/wp-content\\\/uploads\\\/2020\\\/12\\\/EDA.jpg\",\"@id\":\"https:\\\/\\\/www.eldigitaldeasturias.com\\\/noticias\\\/navidad-2023-en-asturias-mejor-no-hablar-de\\\/#organizationLogo\",\"width\":649,\"height\":297},\"image\":{\"@id\":\"https:\\\/\\\/www.eldigitaldeasturias.com\\\/noticias\\\/navidad-2023-en-asturias-mejor-no-hablar-de\\\/#organizationLogo\"},\"sameAs\":[\"https:\\\/\\\/facebook.com\\\/eldigitaldeasturias\",\"https:\\\/\\\/www.youtube.com\\\/channel\\\/UCZP-2wLEB9Rv6erhFmqVnvg\"],\"address\":{\"@id\":\"https:\\\/\\\/www.eldigitaldeasturias.com\\\/noticias\\\/#postaladdress\",\"@type\":\"PostalAddress\",\"streetAddress\":\"san antonio 4,\",\"postalCode\":\"33430\",\"addressLocality\":\"Cand\\u00e1s\",\"addressRegion\":\"Asturias\",\"addressCountry\":\"ES\"}},{\"@type\":\"Person\",\"@id\":\"https:\\\/\\\/www.eldigitaldeasturias.com\\\/noticias\\\/author\\\/admin\\\/#author\",\"url\":\"https:\\\/\\\/www.eldigitaldeasturias.com\\\/noticias\\\/author\\\/admin\\\/\",\"name\":\"El Digital de Asturias\",\"image\":{\"@type\":\"ImageObject\",\"@id\":\"https:\\\/\\\/www.eldigitaldeasturias.com\\\/noticias\\\/navidad-2023-en-asturias-mejor-no-hablar-de\\\/#authorImage\",\"url\":\"https:\\\/\\\/www.eldigitaldeasturias.com\\\/noticias\\\/wp-content\\\/litespeed\\\/avatar\\\/18677e78aa0546b92d9dbf31ec7d7668.jpg?ver=1777290358\",\"width\":96,\"height\":96,\"caption\":\"El Digital de Asturias\"}},{\"@type\":\"WebPage\",\"@id\":\"https:\\\/\\\/www.eldigitaldeasturias.com\\\/noticias\\\/navidad-2023-en-asturias-mejor-no-hablar-de\\\/#webpage\",\"url\":\"https:\\\/\\\/www.eldigitaldeasturias.com\\\/noticias\\\/navidad-2023-en-asturias-mejor-no-hablar-de\\\/\",\"name\":\"Navidad 2023 en Asturias: Mejor no hablar de\\u2026 - El Digital de Asturias\",\"description\":\"Hoy 24 de diciembre en Asturias y ma\\u00f1ana d\\u00eda de Navidad, ser\\u00e1n muchas las personas que disfrutar\\u00e1n de la compa\\u00f1\\u00eda de seres queridos, cu\\u00f1ados, primos y otros\",\"inLanguage\":\"es-ES\",\"isPartOf\":{\"@id\":\"https:\\\/\\\/www.eldigitaldeasturias.com\\\/noticias\\\/#website\"},\"breadcrumb\":{\"@id\":\"https:\\\/\\\/www.eldigitaldeasturias.com\\\/noticias\\\/navidad-2023-en-asturias-mejor-no-hablar-de\\\/#breadcrumblist\"},\"author\":{\"@id\":\"https:\\\/\\\/www.eldigitaldeasturias.com\\\/noticias\\\/author\\\/admin\\\/#author\"},\"creator\":{\"@id\":\"https:\\\/\\\/www.eldigitaldeasturias.com\\\/noticias\\\/author\\\/admin\\\/#author\"},\"image\":{\"@type\":\"ImageObject\",\"url\":\"https:\\\/\\\/www.eldigitaldeasturias.com\\\/noticias\\\/wp-content\\\/uploads\\\/2023\\\/12\\\/cena-Navidad-Asturias.jpg\",\"@id\":\"https:\\\/\\\/www.eldigitaldeasturias.com\\\/noticias\\\/navidad-2023-en-asturias-mejor-no-hablar-de\\\/#mainImage\",\"width\":640,\"height\":424,\"caption\":\"cena Navidad Asturias\"},\"primaryImageOfPage\":{\"@id\":\"https:\\\/\\\/www.eldigitaldeasturias.com\\\/noticias\\\/navidad-2023-en-asturias-mejor-no-hablar-de\\\/#mainImage\"},\"datePublished\":\"2023-12-24T16:13:09+01:00\",\"dateModified\":\"2023-12-24T16:13:09+01:00\"},{\"@type\":\"WebSite\",\"@id\":\"https:\\\/\\\/www.eldigitaldeasturias.com\\\/noticias\\\/#website\",\"url\":\"https:\\\/\\\/www.eldigitaldeasturias.com\\\/noticias\\\/\",\"name\":\"El Digital de Asturias - Diario de actualidad y noticias\",\"alternateName\":\"El Digital de Asturias - Diario de actualidad y noticias\",\"description\":\"Hemeroteca\",\"inLanguage\":\"es-ES\",\"publisher\":{\"@id\":\"https:\\\/\\\/www.eldigitaldeasturias.com\\\/noticias\\\/#organization\"}}]}\n\t\t<\/script>\n\t\t<!-- All in One SEO Pro -->\r\n\t\t<title>Navidad 2023 en Asturias: Mejor no hablar de\u2026 - El Digital de Asturias<\/title>\n\n","aioseo_head_json":{"title":"Navidad 2023 en Asturias: Mejor no hablar de\u2026 - El Digital de Asturias","description":"Hoy 24 de diciembre en Asturias y ma\u00f1ana d\u00eda de Navidad, ser\u00e1n muchas las personas que disfrutar\u00e1n de la compa\u00f1\u00eda de seres queridos, cu\u00f1ados, primos y otros","canonical_url":"https:\/\/www.eldigitaldeasturias.com\/noticias\/navidad-2023-en-asturias-mejor-no-hablar-de\/","robots":"max-image-preview:large","keywords":"destacadas,sociedad","webmasterTools":{"google-site-verification":"UA-38556648-1","msvalidate.01":"7dfe9f3f1b24437ab69f4f2559babe99","miscellaneous":""},"schema":{"@context":"https:\/\/schema.org","@graph":[{"@type":"BlogPosting","@id":"https:\/\/www.eldigitaldeasturias.com\/noticias\/navidad-2023-en-asturias-mejor-no-hablar-de\/#blogposting","name":"Navidad 2023 en Asturias: Mejor no hablar de\u2026 - El Digital de Asturias","headline":"Navidad 2023 en Asturias: Mejor no hablar de\u2026","author":{"@id":"https:\/\/www.eldigitaldeasturias.com\/noticias\/author\/admin\/#author"},"publisher":{"@id":"https:\/\/www.eldigitaldeasturias.com\/noticias\/#organization"},"image":{"@type":"ImageObject","url":"https:\/\/www.eldigitaldeasturias.com\/noticias\/wp-content\/uploads\/2023\/12\/cena-Navidad-Asturias.jpg","width":640,"height":424,"caption":"cena Navidad Asturias"},"datePublished":"2023-12-24T16:13:09+01:00","dateModified":"2023-12-24T16:13:09+01:00","inLanguage":"es-ES","mainEntityOfPage":{"@id":"https:\/\/www.eldigitaldeasturias.com\/noticias\/navidad-2023-en-asturias-mejor-no-hablar-de\/#webpage"},"isPartOf":{"@id":"https:\/\/www.eldigitaldeasturias.com\/noticias\/navidad-2023-en-asturias-mejor-no-hablar-de\/#webpage"},"articleSection":"Destacadas, Sociedad"},{"@type":"BreadcrumbList","@id":"https:\/\/www.eldigitaldeasturias.com\/noticias\/navidad-2023-en-asturias-mejor-no-hablar-de\/#breadcrumblist","itemListElement":[{"@type":"ListItem","@id":"https:\/\/www.eldigitaldeasturias.com\/noticias#listItem","position":1,"name":"Home","item":"https:\/\/www.eldigitaldeasturias.com\/noticias","nextItem":{"@type":"ListItem","@id":"https:\/\/www.eldigitaldeasturias.com\/noticias\/category\/sociedad\/#listItem","name":"Sociedad"}},{"@type":"ListItem","@id":"https:\/\/www.eldigitaldeasturias.com\/noticias\/category\/sociedad\/#listItem","position":2,"name":"Sociedad","item":"https:\/\/www.eldigitaldeasturias.com\/noticias\/category\/sociedad\/","nextItem":{"@type":"ListItem","@id":"https:\/\/www.eldigitaldeasturias.com\/noticias\/navidad-2023-en-asturias-mejor-no-hablar-de\/#listItem","name":"Navidad 2023 en Asturias: Mejor no hablar de\u2026"},"previousItem":{"@type":"ListItem","@id":"https:\/\/www.eldigitaldeasturias.com\/noticias#listItem","name":"Home"}},{"@type":"ListItem","@id":"https:\/\/www.eldigitaldeasturias.com\/noticias\/navidad-2023-en-asturias-mejor-no-hablar-de\/#listItem","position":3,"name":"Navidad 2023 en Asturias: Mejor no hablar de\u2026","previousItem":{"@type":"ListItem","@id":"https:\/\/www.eldigitaldeasturias.com\/noticias\/category\/sociedad\/#listItem","name":"Sociedad"}}]},{"@type":"Organization","@id":"https:\/\/www.eldigitaldeasturias.com\/noticias\/#organization","name":"El Digital de Asturias","description":"Hemeroteca","url":"https:\/\/www.eldigitaldeasturias.com\/noticias\/","email":"info@eldigitaldeasturias.com","telephone":"+34652131393","logo":{"@type":"ImageObject","url":"https:\/\/www.eldigitaldeasturias.com\/noticias\/wp-content\/uploads\/2020\/12\/EDA.jpg","@id":"https:\/\/www.eldigitaldeasturias.com\/noticias\/navidad-2023-en-asturias-mejor-no-hablar-de\/#organizationLogo","width":649,"height":297},"image":{"@id":"https:\/\/www.eldigitaldeasturias.com\/noticias\/navidad-2023-en-asturias-mejor-no-hablar-de\/#organizationLogo"},"sameAs":["https:\/\/facebook.com\/eldigitaldeasturias","https:\/\/www.youtube.com\/channel\/UCZP-2wLEB9Rv6erhFmqVnvg"],"address":{"@id":"https:\/\/www.eldigitaldeasturias.com\/noticias\/#postaladdress","@type":"PostalAddress","streetAddress":"san antonio 4,","postalCode":"33430","addressLocality":"Cand\u00e1s","addressRegion":"Asturias","addressCountry":"ES"}},{"@type":"Person","@id":"https:\/\/www.eldigitaldeasturias.com\/noticias\/author\/admin\/#author","url":"https:\/\/www.eldigitaldeasturias.com\/noticias\/author\/admin\/","name":"El Digital de Asturias","image":{"@type":"ImageObject","@id":"https:\/\/www.eldigitaldeasturias.com\/noticias\/navidad-2023-en-asturias-mejor-no-hablar-de\/#authorImage","url":"https:\/\/www.eldigitaldeasturias.com\/noticias\/wp-content\/litespeed\/avatar\/18677e78aa0546b92d9dbf31ec7d7668.jpg?ver=1777290358","width":96,"height":96,"caption":"El Digital de Asturias"}},{"@type":"WebPage","@id":"https:\/\/www.eldigitaldeasturias.com\/noticias\/navidad-2023-en-asturias-mejor-no-hablar-de\/#webpage","url":"https:\/\/www.eldigitaldeasturias.com\/noticias\/navidad-2023-en-asturias-mejor-no-hablar-de\/","name":"Navidad 2023 en Asturias: Mejor no hablar de\u2026 - El Digital de Asturias","description":"Hoy 24 de diciembre en Asturias y ma\u00f1ana d\u00eda de Navidad, ser\u00e1n muchas las personas que disfrutar\u00e1n de la compa\u00f1\u00eda de seres queridos, cu\u00f1ados, primos y otros","inLanguage":"es-ES","isPartOf":{"@id":"https:\/\/www.eldigitaldeasturias.com\/noticias\/#website"},"breadcrumb":{"@id":"https:\/\/www.eldigitaldeasturias.com\/noticias\/navidad-2023-en-asturias-mejor-no-hablar-de\/#breadcrumblist"},"author":{"@id":"https:\/\/www.eldigitaldeasturias.com\/noticias\/author\/admin\/#author"},"creator":{"@id":"https:\/\/www.eldigitaldeasturias.com\/noticias\/author\/admin\/#author"},"image":{"@type":"ImageObject","url":"https:\/\/www.eldigitaldeasturias.com\/noticias\/wp-content\/uploads\/2023\/12\/cena-Navidad-Asturias.jpg","@id":"https:\/\/www.eldigitaldeasturias.com\/noticias\/navidad-2023-en-asturias-mejor-no-hablar-de\/#mainImage","width":640,"height":424,"caption":"cena Navidad Asturias"},"primaryImageOfPage":{"@id":"https:\/\/www.eldigitaldeasturias.com\/noticias\/navidad-2023-en-asturias-mejor-no-hablar-de\/#mainImage"},"datePublished":"2023-12-24T16:13:09+01:00","dateModified":"2023-12-24T16:13:09+01:00"},{"@type":"WebSite","@id":"https:\/\/www.eldigitaldeasturias.com\/noticias\/#website","url":"https:\/\/www.eldigitaldeasturias.com\/noticias\/","name":"El Digital de Asturias - Diario de actualidad y noticias","alternateName":"El Digital de Asturias - Diario de actualidad y noticias","description":"Hemeroteca","inLanguage":"es-ES","publisher":{"@id":"https:\/\/www.eldigitaldeasturias.com\/noticias\/#organization"}}]},"og:locale":"es_ES","og:site_name":"El Digital de Asturias","og:type":"article","og:title":"Navidad 2023 en Asturias: Mejor no hablar de\u2026 - El Digital de Asturias","og:description":"Hoy 24 de diciembre en Asturias y ma\u00f1ana d\u00eda de Navidad, ser\u00e1n muchas las personas que disfrutar\u00e1n de la compa\u00f1\u00eda de seres queridos, cu\u00f1ados, primos y otros","og:url":"https:\/\/www.eldigitaldeasturias.com\/noticias\/navidad-2023-en-asturias-mejor-no-hablar-de\/","og:image":"https:\/\/www.eldigitaldeasturias.com\/noticias\/wp-content\/uploads\/2023\/12\/cena-Navidad-Asturias.jpg","og:image:secure_url":"https:\/\/www.eldigitaldeasturias.com\/noticias\/wp-content\/uploads\/2023\/12\/cena-Navidad-Asturias.jpg","og:image:width":640,"og:image:height":424,"article:tag":["destacadas","sociedad"],"article:published_time":"2023-12-24T15:13:09+00:00","article:modified_time":"2023-12-24T15:13:09+00:00","article:publisher":"https:\/\/facebook.com\/eldigitaldeasturias","twitter:card":"summary_large_image","twitter:title":"Navidad 2023 en Asturias: Mejor no hablar de\u2026 - El Digital de Asturias","twitter:description":"Hoy 24 de diciembre en Asturias y ma\u00f1ana d\u00eda de Navidad, ser\u00e1n muchas las personas que disfrutar\u00e1n de la compa\u00f1\u00eda de seres queridos, cu\u00f1ados, primos y otros","twitter:image":"https:\/\/www.eldigitaldeasturias.com\/noticias\/wp-content\/uploads\/2023\/12\/cena-Navidad-Asturias.jpg","twitter:label1":"Escrito por","twitter:data1":"El Digital de Asturias","twitter:label2":"Tiempo de lectura estimado","twitter:data2":"2 minutos"},"aioseo_meta_data":{"post_id":"1127846","title":null,"description":"Hoy 24 de diciembre en Asturias y ma\u00f1ana d\u00eda de Navidad, ser\u00e1n muchas las personas que disfrutar\u00e1n de la compa\u00f1\u00eda de seres queridos, cu\u00f1ados, primos y otros","keywords":[],"keyphrases":{"focus":{"keyphrase":"Navidad","score":85,"analysis":{"keyphraseInTitle":{"score":9,"maxScore":9,"error":0},"keyphraseInDescription":{"score":9,"maxScore":9,"error":0},"keyphraseLength":{"score":9,"maxScore":9,"error":0,"length":1},"keyphraseInURL":{"score":1,"maxScore":5,"error":1},"keyphraseInIntroduction":{"score":9,"maxScore":9,"error":0},"keyphraseInSubHeadings":{"score":3,"maxScore":9,"error":1},"keyphraseInImageAlt":{"score":9,"maxScore":9,"error":0},"keywordDensity":{"type":"best","score":9,"maxScore":9,"error":0}}},"additional":[{"keyphrase":"Asturias","score":80,"analysis":{"keyphraseInDescription":{"score":9,"maxScore":9,"error":0},"keyphraseLength":{"score":9,"maxScore":9,"error":0,"length":1},"keyphraseInIntroduction":{"score":9,"maxScore":9,"error":0},"keyphraseInImageAlt":{"score":9,"maxScore":9,"error":0},"keywordDensity":{"score":0,"type":"low","maxScore":9,"error":1}}}]},"primary_term":null,"canonical_url":null,"og_title":null,"og_description":null,"og_object_type":"default","og_image_type":"default","og_image_url":null,"og_image_width":null,"og_image_height":null,"og_image_custom_url":null,"og_image_custom_fields":null,"og_video":"","og_custom_url":null,"og_article_section":null,"og_article_tags":[],"twitter_use_og":false,"twitter_card":"default","twitter_image_type":"default","twitter_image_url":null,"twitter_image_custom_url":null,"twitter_image_custom_fields":null,"twitter_title":null,"twitter_description":null,"schema":{"blockGraphs":[],"customGraphs":[],"default":{"data":{"Article":[],"Course":[],"Dataset":[],"FAQPage":[],"Movie":[],"Person":[],"Product":[],"ProductReview":[],"Car":[],"Recipe":[],"Service":[],"SoftwareApplication":[],"WebPage":[]},"graphName":"BlogPosting","isEnabled":true},"graphs":[]},"schema_type":"default","schema_type_options":null,"pillar_content":false,"robots_default":true,"robots_noindex":false,"robots_noarchive":false,"robots_nosnippet":false,"robots_nofollow":false,"robots_noimageindex":false,"robots_noodp":false,"robots_notranslate":false,"robots_max_snippet":"-1","robots_max_videopreview":"-1","robots_max_imagepreview":"large","priority":null,"frequency":"default","local_seo":null,"seo_analyzer_scan_date":"2025-10-06 00:11:54","breadcrumb_settings":null,"limit_modified_date":false,"open_ai":"{\"title\":{\"suggestions\":[],\"usage\":0},\"description\":{\"suggestions\":[],\"usage\":0}}","ai":null,"created":"2023-12-24 15:05:32","updated":"2025-10-09 06:21:31"},"aioseo_breadcrumb":"<div class=\"aioseo-breadcrumbs\"><span class=\"aioseo-breadcrumb\">\n\t<a href=\"https:\/\/www.eldigitaldeasturias.com\/noticias\" title=\"Home\">Home<\/a>\n<\/span><span class=\"aioseo-breadcrumb-separator\">\u2013<\/span><span class=\"aioseo-breadcrumb\">\n\t<a href=\"https:\/\/www.eldigitaldeasturias.com\/noticias\/category\/sociedad\/\" title=\"Sociedad\">Sociedad<\/a>\n<\/span><span class=\"aioseo-breadcrumb-separator\">\u2013<\/span><span class=\"aioseo-breadcrumb\">\n\t<a href=\"https:\/\/www.eldigitaldeasturias.com\/noticias\/navidad-2023-en-asturias-mejor-no-hablar-de\/\" title=\"Navidad 2023 en Asturias: Mejor no hablar de\u2026\">Navidad 2023 en Asturias: Mejor no hablar de\u2026<\/a>\n<\/span><\/div>","aioseo_breadcrumb_json":[{"label":"Home","link":"https:\/\/www.eldigitaldeasturias.com\/noticias"},{"label":"Sociedad","link":"https:\/\/www.eldigitaldeasturias.com\/noticias\/category\/sociedad\/"},{"label":"Navidad 2023 en Asturias: Mejor no hablar de\u2026","link":"https:\/\/www.eldigitaldeasturias.com\/noticias\/navidad-2023-en-asturias-mejor-no-hablar-de\/"}],"_links":{"self":[{"href":"https:\/\/www.eldigitaldeasturias.com\/noticias\/wp-json\/wp\/v2\/posts\/1127846","targetHints":{"allow":["GET"]}}],"collection":[{"href":"https:\/\/www.eldigitaldeasturias.com\/noticias\/wp-json\/wp\/v2\/posts"}],"about":[{"href":"https:\/\/www.eldigitaldeasturias.com\/noticias\/wp-json\/wp\/v2\/types\/post"}],"author":[{"embeddable":true,"href":"https:\/\/www.eldigitaldeasturias.com\/noticias\/wp-json\/wp\/v2\/users\/1"}],"replies":[{"embeddable":true,"href":"https:\/\/www.eldigitaldeasturias.com\/noticias\/wp-json\/wp\/v2\/comments?post=1127846"}],"version-history":[{"count":0,"href":"https:\/\/www.eldigitaldeasturias.com\/noticias\/wp-json\/wp\/v2\/posts\/1127846\/revisions"}],"wp:featuredmedia":[{"embeddable":true,"href":"https:\/\/www.eldigitaldeasturias.com\/noticias\/wp-json\/wp\/v2\/media\/1127847"}],"wp:attachment":[{"href":"https:\/\/www.eldigitaldeasturias.com\/noticias\/wp-json\/wp\/v2\/media?parent=1127846"}],"wp:term":[{"taxonomy":"category","embeddable":true,"href":"https:\/\/www.eldigitaldeasturias.com\/noticias\/wp-json\/wp\/v2\/categories?post=1127846"},{"taxonomy":"post_tag","embeddable":true,"href":"https:\/\/www.eldigitaldeasturias.com\/noticias\/wp-json\/wp\/v2\/tags?post=1127846"}],"curies":[{"name":"wp","href":"https:\/\/api.w.org\/{rel}","templated":true}]}}