{"id":1127842,"date":"2023-12-24T15:25:33","date_gmt":"2023-12-24T14:25:33","guid":{"rendered":"https:\/\/www.eldigitaldeasturias.com\/noticias\/?p=1127842"},"modified":"2023-12-24T15:25:33","modified_gmt":"2023-12-24T14:25:33","slug":"las-nuevas-furgonetas-que-desafian-a-las-limusinas-europeas","status":"publish","type":"post","link":"https:\/\/www.eldigitaldeasturias.com\/noticias\/las-nuevas-furgonetas-que-desafian-a-las-limusinas-europeas\/","title":{"rendered":"Las nuevas furgonetas que desaf\u00edan a las limusinas europeas"},"content":{"rendered":"<p>(<a title=\"dpa\" href=\"https:\/\/www.dpa-news.de\/\" target=\"_blank\" rel=\"noopener\"><span style=\"color: #ff6600;\"><strong>dpa<\/strong><\/span><\/a>) &#8211; Un viernes por la noche en Shangh\u00e1i, Se\u00fal o Tokio, y la misma imagen en todas partes: <a href=\"https:\/\/eldigitaldeasturias.com\/magazine365\/category\/motor\/\" target=\"_blank\" rel=\"noopener\"><span style=\"color: #ff6600;\"><strong>furgonetas<\/strong><\/span><\/a> oscuras desplaz\u00e1ndose por la ciudad y dejando a personas en restaurantes, clubes, salas de conciertos o cines.<\/p>\n<figure id=\"attachment_1127843\" aria-describedby=\"caption-attachment-1127843\" style=\"width: 650px\" class=\"wp-caption aligncenter\"><img loading=\"lazy\" decoding=\"async\" class=\"wp-image-1127843 size-large\" src=\"https:\/\/www.eldigitaldeasturias.com\/noticias\/wp-content\/uploads\/2023\/12\/furgonetas-650x431.jpg\" alt=\"furgonetas\" width=\"650\" height=\"431\" srcset=\"https:\/\/www.eldigitaldeasturias.com\/noticias\/wp-content\/uploads\/2023\/12\/furgonetas-650x431.jpg 650w, https:\/\/www.eldigitaldeasturias.com\/noticias\/wp-content\/uploads\/2023\/12\/furgonetas-360x239.jpg 360w, https:\/\/www.eldigitaldeasturias.com\/noticias\/wp-content\/uploads\/2023\/12\/furgonetas-452x300.jpg 452w, https:\/\/www.eldigitaldeasturias.com\/noticias\/wp-content\/uploads\/2023\/12\/furgonetas-768x510.jpg 768w, https:\/\/www.eldigitaldeasturias.com\/noticias\/wp-content\/uploads\/2023\/12\/furgonetas-150x100.jpg 150w, https:\/\/www.eldigitaldeasturias.com\/noticias\/wp-content\/uploads\/2023\/12\/furgonetas-450x299.jpg 450w, https:\/\/www.eldigitaldeasturias.com\/noticias\/wp-content\/uploads\/2023\/12\/furgonetas.jpg 993w\" sizes=\"auto, (max-width: 650px) 100vw, 650px\" \/><figcaption id=\"caption-attachment-1127843\" class=\"wp-caption-text\">\u00bfTendencia o instant\u00e1nea? Algunos fabricantes como BYD est\u00e1n sacando al mercado furgonetas como la Denza D9. Foto: Thomas Geiger\/dpa<\/figcaption><\/figure>\n<p>Mientras que la \u00e9lite en Occidente sigue dej\u00e1ndose llevar por choferes en Mercedes Clase S y similares, los asi\u00e1ticos prefieren desde hace tiempo los monovol\u00famenes bien equipados y muy c\u00f3modos.<\/p>\n<p>En los constantes atascos de las grandes metr\u00f3polis, las prestaciones del motor son secundarias. Lo importante es el espacio y la privacidad, y aprovechar el tiempo perdido en el tr\u00e1fico de la forma m\u00e1s provechosa o entretenida posible.<\/p>\n<p>Y aqu\u00ed es donde las furgonetas de lujo asi\u00e1ticas son mucho m\u00e1s superiores a las berlinas de lujo convencionales, seg\u00fan la opinici\u00f3n del economista experto en automoci\u00f3n Ferdinand Dudenh\u00f6ffer.<\/p>\n<h2>Confort y espacio como en la clase business<\/h2>\n<p>\u00abSillones como en la clase ejecutiva de los aviones de largo recorrido, pantallas m\u00e1s grandes que en muchos salones: ni Mercedes ni BMW ni Rolls-Royce ni Bentley pueden competir con eso\u00bb, dice Dudenh\u00f6ffer. <strong>\u00abPor no hablar del espacio para las piernas y el acceso c\u00f3modo y sin tener que inclinarse\u00bb, a\u00f1ade.<\/strong><\/p>\n<p>Hasta ahora, se trataba sobre todo de un fen\u00f3meno asi\u00e1tico, pero la tendencia se est\u00e1 extendiendo poco a poco a Europa: el fabricante chino BYD, por ejemplo, llev\u00f3 hace unos meses el Denza D9 a la IAA de M\u00fanich, y no sin raz\u00f3n.<\/p>\n<h2>Lujosos sillones individuales con funci\u00f3n de masaje<\/h2>\n<p>Los visitantes fueron invitados a probar los dos \u00abCaptain Chairs\u00bb, que ocupan casi toda la parte trasera del monovolumen de 5,25 metros de largo. En ellos se puede dormitar, suavemente masajeado y a una temperatura agradable mientras se atraviesa el atasco. O se puede disfrutar de un enorme monitor integrado en el tabique de separaci\u00f3n con el conductor.<\/p>\n<p>Volvo sigue ahora los mismos pasos con la EM90, aunque inicialmente solo disponible en China, seg\u00fan la empresa.<strong> La primera furgoneta de la historia de la empresa mide m\u00e1s de cinco metros y, de acuerdo con la marca, se ha desarrollado de dentro hacia afuera y, sobre todo, en torno a los pasajeros traseros.<\/strong><\/p>\n<p>Mientras que el Denza D9 tambi\u00e9n est\u00e1 disponible como h\u00edbrido enchufable, el Volvo es puramente el\u00e9ctrico. <strong>Seg\u00fan ambos <a href=\"https:\/\/www.eldigitaldeasturias.com\/noticias\/category\/negocios-y-empresas\/\"><span style=\"color: #ff6600;\">fabricantes<\/span><\/a>, est\u00e1n considerando la posibilidad de exportar ambos modelos a Europa.<\/strong><\/p>\n<p>Mientras estos modelos a\u00fan est\u00e1n en fase de planificaci\u00f3n, Lexus ya se ha puesto manos a la obra<strong>. \u00abEstamos trayendo la primera clase de los aviones a la carretera europea\u00bb, comenta Etienne Plas, portavoz de Lexus, en referencia al nuevo LM.<\/strong><\/p>\n<h2>El lujo es exuberante y el precio, acorde&#8230;<\/h2>\n<p>Incluso en versi\u00f3n de seis plazas, el Lexus LM cuesta al menos 122.700 euros (132.340 d\u00f3lares). Y como cuatro plazas, con solo dos asientos en la parte trasera, el modelo m\u00e1s caro alcanza los 147.100 euros.<\/p>\n<p>A cambio, el veh\u00edculo, propulsado por un motor h\u00edbrido de 184 kW\/250 CV, ofrece un ampl\u00edsimo espacio y, entre otras cosas, una pantalla de 48 pulgadas, un compartimento refrigerado para el bar, funci\u00f3n de masaje y un conserje clim\u00e1tico electr\u00f3nico para un ambiente de bienestar personalizado.<\/p>\n<h2>&#8230;aunque no necesariamente hay que comprarlo<\/h2>\n<blockquote><p>El representante de Lexus no quiere menospreciar otro tipo de limusinas, como el modelo LS de la propia Lexus. \u00abPero, sobre todo a los que viajan por negocios, les ofrecemos m\u00e1s opciones que nunca\u00bb, comenta.<\/p><\/blockquote>\n<p>Adem\u00e1s de los clientes corporativos, tambi\u00e9n considera que los servicios de ch\u00f3fer y lanzadera son el principal grupo objetivo del ambicioso modelo.<\/p>\n<p>El experto economista alem\u00e1n Ferdinand Dudenh\u00f6ffer tambi\u00e9n cree que esto podr\u00eda funcionar: <strong>\u00abLa furgoneta, que siempre se ha considerado un coche familiar en nuestro pa\u00eds y hace tiempo que ha sido sustituida en este papel por los SUV, quiz\u00e1 podr\u00eda as\u00ed volver a resurgir\u00bb.<\/strong><\/p>\n<h2>\u00bfY Mercedes, BMW y dem\u00e1s?<\/h2>\n<p>De momento, <strong>los fabricantes alemanes no tienen nada para contrarrestar esta ofensiva: Audi y BMW ni siquiera tienen una furgoneta o van.<\/strong><\/p>\n<p>En el d\u00fao de Volkswagen formado por la furgoneta T7 Bulli y el el\u00e9ctrico ID.Buzz se busca hasta ahora en vano un lujo de ese tipo.<\/p>\n<p>Y la Clase V de Mercedes es, en efecto, un veh\u00edculo comercial refinado, con mucho cromo en el exterior y un lujoso interior con cuero, tapicer\u00eda y equipamiento de alta gama. <strong>Sin embargo, solo puede tratar de ocultar sus or\u00edgenes como veh\u00edculo comercial, sin poder lograrlo del todo.<\/strong><\/p>\n<p>La marca acaba de renovar a fondo la citada clase y su versi\u00f3n el\u00e9ctrica, el EQV. Adem\u00e1s, ya est\u00e1n preparando el sucesor basado en una <strong>nueva arquitectura el\u00e9ctrica<\/strong>, que seg\u00fan informaciones de fuentes de la empresa ser\u00e1 a\u00fan m\u00e1s lujosa. Sin embargo, es posible que su salida todav\u00eda se demore y no sea sufiente para enfrentar a sus rivales asi\u00e1ticos.<\/p>\n<p><i class=\"lang-es\"><span class=\" readonly\" title=\"\">Por Thomas Geiger (dpa)<\/span><\/i><\/p>\n","protected":false},"excerpt":{"rendered":"<p>(dpa) &#8211; Un viernes por la noche en Shangh\u00e1i, Se\u00fal o Tokio, y la misma imagen en todas partes: furgonetas oscuras desplaz\u00e1ndose por la ciudad y dejando a personas en restaurantes, clubes, salas de conciertos o cines. Mientras que la \u00e9lite en Occidente sigue dej\u00e1ndose llevar por choferes en Mercedes Clase S y similares, los [&hellip;]<\/p>\n","protected":false},"author":1,"featured_media":1127843,"comment_status":"closed","ping_status":"closed","sticky":false,"template":"","format":"standard","meta":{"footnotes":""},"categories":[50],"tags":[],"class_list":["post-1127842","post","type-post","status-publish","format-standard","has-post-thumbnail","hentry","category-revista-de-ocio"],"aioseo_notices":[],"aioseo_head":"\n\t\t<!-- All in One SEO Pro 4.9.6.2 - aioseo.com -->\n\t<meta name=\"description\" content=\"(dpa) - Un viernes por la noche en Shangh\u00e1i, Se\u00fal o Tokio, y la misma imagen en todas partes: furgonetas oscuras desplaz\u00e1ndose por la ciudad y dejando\" \/>\n\t<meta name=\"robots\" content=\"max-image-preview:large\" \/>\n\t<meta name=\"author\" content=\"El Digital de Asturias\"\/>\n\t<meta name=\"google-site-verification\" content=\"UA-38556648-1\" \/>\n\t<meta name=\"msvalidate.01\" content=\"7dfe9f3f1b24437ab69f4f2559babe99\" \/>\n\t<meta name=\"keywords\" content=\"revista de ocio\" \/>\n\t<link rel=\"canonical\" href=\"https:\/\/www.eldigitaldeasturias.com\/noticias\/las-nuevas-furgonetas-que-desafian-a-las-limusinas-europeas\/\" \/>\n\t<meta name=\"generator\" content=\"All in One SEO Pro (AIOSEO) 4.9.6.2\" \/>\n\t\t<meta property=\"og:locale\" content=\"es_ES\" \/>\n\t\t<meta property=\"og:site_name\" content=\"El Digital de Asturias\" \/>\n\t\t<meta property=\"og:type\" content=\"article\" \/>\n\t\t<meta property=\"og:title\" content=\"Las nuevas furgonetas que desaf\u00edan a las limusinas europeas - El Digital de Asturias\" \/>\n\t\t<meta property=\"og:description\" content=\"(dpa) - Un viernes por la noche en Shangh\u00e1i, Se\u00fal o Tokio, y la misma imagen en todas partes: furgonetas oscuras desplaz\u00e1ndose por la ciudad y dejando\" \/>\n\t\t<meta property=\"og:url\" content=\"https:\/\/www.eldigitaldeasturias.com\/noticias\/las-nuevas-furgonetas-que-desafian-a-las-limusinas-europeas\/\" \/>\n\t\t<meta property=\"og:image\" content=\"https:\/\/www.eldigitaldeasturias.com\/noticias\/wp-content\/uploads\/2023\/12\/furgonetas.jpg\" \/>\n\t\t<meta property=\"og:image:secure_url\" content=\"https:\/\/www.eldigitaldeasturias.com\/noticias\/wp-content\/uploads\/2023\/12\/furgonetas.jpg\" \/>\n\t\t<meta property=\"og:image:width\" content=\"993\" \/>\n\t\t<meta property=\"og:image:height\" content=\"659\" \/>\n\t\t<meta property=\"article:tag\" content=\"revista de ocio\" \/>\n\t\t<meta property=\"article:published_time\" content=\"2023-12-24T14:25:33+00:00\" \/>\n\t\t<meta property=\"article:modified_time\" content=\"2023-12-24T14:25:33+00:00\" \/>\n\t\t<meta property=\"article:publisher\" content=\"https:\/\/facebook.com\/eldigitaldeasturias\" \/>\n\t\t<meta name=\"twitter:card\" content=\"summary_large_image\" \/>\n\t\t<meta name=\"twitter:title\" content=\"Las nuevas furgonetas que desaf\u00edan a las limusinas europeas - El Digital de Asturias\" \/>\n\t\t<meta name=\"twitter:description\" content=\"(dpa) - Un viernes por la noche en Shangh\u00e1i, Se\u00fal o Tokio, y la misma imagen en todas partes: furgonetas oscuras desplaz\u00e1ndose por la ciudad y dejando\" \/>\n\t\t<meta name=\"twitter:image\" content=\"https:\/\/www.eldigitaldeasturias.com\/noticias\/wp-content\/uploads\/2023\/12\/furgonetas.jpg\" \/>\n\t\t<meta name=\"twitter:label1\" content=\"Escrito por\" \/>\n\t\t<meta name=\"twitter:data1\" content=\"El Digital de Asturias\" \/>\n\t\t<meta name=\"twitter:label2\" content=\"Tiempo de lectura estimado\" \/>\n\t\t<meta name=\"twitter:data2\" content=\"4 minutos\" \/>\n\t\t<script type=\"application\/ld+json\" class=\"aioseo-schema\">\n\t\t\t{\"@context\":\"https:\\\/\\\/schema.org\",\"@graph\":[{\"@type\":\"BlogPosting\",\"@id\":\"https:\\\/\\\/www.eldigitaldeasturias.com\\\/noticias\\\/las-nuevas-furgonetas-que-desafian-a-las-limusinas-europeas\\\/#blogposting\",\"name\":\"Las nuevas furgonetas que desaf\\u00edan a las limusinas europeas - El Digital de Asturias\",\"headline\":\"Las nuevas furgonetas que desaf\\u00edan a las limusinas europeas\",\"author\":{\"@id\":\"https:\\\/\\\/www.eldigitaldeasturias.com\\\/noticias\\\/author\\\/admin\\\/#author\"},\"publisher\":{\"@id\":\"https:\\\/\\\/www.eldigitaldeasturias.com\\\/noticias\\\/#organization\"},\"image\":{\"@type\":\"ImageObject\",\"url\":\"https:\\\/\\\/www.eldigitaldeasturias.com\\\/noticias\\\/wp-content\\\/uploads\\\/2023\\\/12\\\/furgonetas.jpg\",\"width\":993,\"height\":659,\"caption\":\"\\u00bfTendencia o instant\\u00e1nea? Algunos fabricantes como BYD est\\u00e1n sacando al mercado furgonetas como la Denza D9. Foto: Thomas Geiger\\\/dpa\"},\"datePublished\":\"2023-12-24T15:25:33+01:00\",\"dateModified\":\"2023-12-24T15:25:33+01:00\",\"inLanguage\":\"es-ES\",\"mainEntityOfPage\":{\"@id\":\"https:\\\/\\\/www.eldigitaldeasturias.com\\\/noticias\\\/las-nuevas-furgonetas-que-desafian-a-las-limusinas-europeas\\\/#webpage\"},\"isPartOf\":{\"@id\":\"https:\\\/\\\/www.eldigitaldeasturias.com\\\/noticias\\\/las-nuevas-furgonetas-que-desafian-a-las-limusinas-europeas\\\/#webpage\"},\"articleSection\":\"Revista de Ocio\"},{\"@type\":\"BreadcrumbList\",\"@id\":\"https:\\\/\\\/www.eldigitaldeasturias.com\\\/noticias\\\/las-nuevas-furgonetas-que-desafian-a-las-limusinas-europeas\\\/#breadcrumblist\",\"itemListElement\":[{\"@type\":\"ListItem\",\"@id\":\"https:\\\/\\\/www.eldigitaldeasturias.com\\\/noticias#listItem\",\"position\":1,\"name\":\"Home\",\"item\":\"https:\\\/\\\/www.eldigitaldeasturias.com\\\/noticias\",\"nextItem\":{\"@type\":\"ListItem\",\"@id\":\"https:\\\/\\\/www.eldigitaldeasturias.com\\\/noticias\\\/category\\\/revista-de-ocio\\\/#listItem\",\"name\":\"Revista de Ocio\"}},{\"@type\":\"ListItem\",\"@id\":\"https:\\\/\\\/www.eldigitaldeasturias.com\\\/noticias\\\/category\\\/revista-de-ocio\\\/#listItem\",\"position\":2,\"name\":\"Revista de Ocio\",\"item\":\"https:\\\/\\\/www.eldigitaldeasturias.com\\\/noticias\\\/category\\\/revista-de-ocio\\\/\",\"nextItem\":{\"@type\":\"ListItem\",\"@id\":\"https:\\\/\\\/www.eldigitaldeasturias.com\\\/noticias\\\/las-nuevas-furgonetas-que-desafian-a-las-limusinas-europeas\\\/#listItem\",\"name\":\"Las nuevas furgonetas que desaf\\u00edan a las limusinas europeas\"},\"previousItem\":{\"@type\":\"ListItem\",\"@id\":\"https:\\\/\\\/www.eldigitaldeasturias.com\\\/noticias#listItem\",\"name\":\"Home\"}},{\"@type\":\"ListItem\",\"@id\":\"https:\\\/\\\/www.eldigitaldeasturias.com\\\/noticias\\\/las-nuevas-furgonetas-que-desafian-a-las-limusinas-europeas\\\/#listItem\",\"position\":3,\"name\":\"Las nuevas furgonetas que desaf\\u00edan a las limusinas europeas\",\"previousItem\":{\"@type\":\"ListItem\",\"@id\":\"https:\\\/\\\/www.eldigitaldeasturias.com\\\/noticias\\\/category\\\/revista-de-ocio\\\/#listItem\",\"name\":\"Revista de Ocio\"}}]},{\"@type\":\"Organization\",\"@id\":\"https:\\\/\\\/www.eldigitaldeasturias.com\\\/noticias\\\/#organization\",\"name\":\"El Digital de Asturias\",\"description\":\"Hemeroteca\",\"url\":\"https:\\\/\\\/www.eldigitaldeasturias.com\\\/noticias\\\/\",\"email\":\"info@eldigitaldeasturias.com\",\"telephone\":\"+34652131393\",\"logo\":{\"@type\":\"ImageObject\",\"url\":\"https:\\\/\\\/www.eldigitaldeasturias.com\\\/noticias\\\/wp-content\\\/uploads\\\/2020\\\/12\\\/EDA.jpg\",\"@id\":\"https:\\\/\\\/www.eldigitaldeasturias.com\\\/noticias\\\/las-nuevas-furgonetas-que-desafian-a-las-limusinas-europeas\\\/#organizationLogo\",\"width\":649,\"height\":297},\"image\":{\"@id\":\"https:\\\/\\\/www.eldigitaldeasturias.com\\\/noticias\\\/las-nuevas-furgonetas-que-desafian-a-las-limusinas-europeas\\\/#organizationLogo\"},\"sameAs\":[\"https:\\\/\\\/facebook.com\\\/eldigitaldeasturias\",\"https:\\\/\\\/www.youtube.com\\\/channel\\\/UCZP-2wLEB9Rv6erhFmqVnvg\"],\"address\":{\"@id\":\"https:\\\/\\\/www.eldigitaldeasturias.com\\\/noticias\\\/#postaladdress\",\"@type\":\"PostalAddress\",\"streetAddress\":\"san antonio 4,\",\"postalCode\":\"33430\",\"addressLocality\":\"Cand\\u00e1s\",\"addressRegion\":\"Asturias\",\"addressCountry\":\"ES\"}},{\"@type\":\"Person\",\"@id\":\"https:\\\/\\\/www.eldigitaldeasturias.com\\\/noticias\\\/author\\\/admin\\\/#author\",\"url\":\"https:\\\/\\\/www.eldigitaldeasturias.com\\\/noticias\\\/author\\\/admin\\\/\",\"name\":\"El Digital de Asturias\",\"image\":{\"@type\":\"ImageObject\",\"@id\":\"https:\\\/\\\/www.eldigitaldeasturias.com\\\/noticias\\\/las-nuevas-furgonetas-que-desafian-a-las-limusinas-europeas\\\/#authorImage\",\"url\":\"https:\\\/\\\/www.eldigitaldeasturias.com\\\/noticias\\\/wp-content\\\/litespeed\\\/avatar\\\/18677e78aa0546b92d9dbf31ec7d7668.jpg?ver=1777290358\",\"width\":96,\"height\":96,\"caption\":\"El Digital de Asturias\"}},{\"@type\":\"WebPage\",\"@id\":\"https:\\\/\\\/www.eldigitaldeasturias.com\\\/noticias\\\/las-nuevas-furgonetas-que-desafian-a-las-limusinas-europeas\\\/#webpage\",\"url\":\"https:\\\/\\\/www.eldigitaldeasturias.com\\\/noticias\\\/las-nuevas-furgonetas-que-desafian-a-las-limusinas-europeas\\\/\",\"name\":\"Las nuevas furgonetas que desaf\\u00edan a las limusinas europeas - El Digital de Asturias\",\"description\":\"(dpa) - Un viernes por la noche en Shangh\\u00e1i, Se\\u00fal o Tokio, y la misma imagen en todas partes: furgonetas oscuras desplaz\\u00e1ndose por la ciudad y dejando\",\"inLanguage\":\"es-ES\",\"isPartOf\":{\"@id\":\"https:\\\/\\\/www.eldigitaldeasturias.com\\\/noticias\\\/#website\"},\"breadcrumb\":{\"@id\":\"https:\\\/\\\/www.eldigitaldeasturias.com\\\/noticias\\\/las-nuevas-furgonetas-que-desafian-a-las-limusinas-europeas\\\/#breadcrumblist\"},\"author\":{\"@id\":\"https:\\\/\\\/www.eldigitaldeasturias.com\\\/noticias\\\/author\\\/admin\\\/#author\"},\"creator\":{\"@id\":\"https:\\\/\\\/www.eldigitaldeasturias.com\\\/noticias\\\/author\\\/admin\\\/#author\"},\"image\":{\"@type\":\"ImageObject\",\"url\":\"https:\\\/\\\/www.eldigitaldeasturias.com\\\/noticias\\\/wp-content\\\/uploads\\\/2023\\\/12\\\/furgonetas.jpg\",\"@id\":\"https:\\\/\\\/www.eldigitaldeasturias.com\\\/noticias\\\/las-nuevas-furgonetas-que-desafian-a-las-limusinas-europeas\\\/#mainImage\",\"width\":993,\"height\":659,\"caption\":\"\\u00bfTendencia o instant\\u00e1nea? Algunos fabricantes como BYD est\\u00e1n sacando al mercado furgonetas como la Denza D9. Foto: Thomas Geiger\\\/dpa\"},\"primaryImageOfPage\":{\"@id\":\"https:\\\/\\\/www.eldigitaldeasturias.com\\\/noticias\\\/las-nuevas-furgonetas-que-desafian-a-las-limusinas-europeas\\\/#mainImage\"},\"datePublished\":\"2023-12-24T15:25:33+01:00\",\"dateModified\":\"2023-12-24T15:25:33+01:00\"},{\"@type\":\"WebSite\",\"@id\":\"https:\\\/\\\/www.eldigitaldeasturias.com\\\/noticias\\\/#website\",\"url\":\"https:\\\/\\\/www.eldigitaldeasturias.com\\\/noticias\\\/\",\"name\":\"El Digital de Asturias - Diario de actualidad y noticias\",\"alternateName\":\"El Digital de Asturias - Diario de actualidad y noticias\",\"description\":\"Hemeroteca\",\"inLanguage\":\"es-ES\",\"publisher\":{\"@id\":\"https:\\\/\\\/www.eldigitaldeasturias.com\\\/noticias\\\/#organization\"}}]}\n\t\t<\/script>\n\t\t<!-- All in One SEO Pro -->\r\n\t\t<title>Las nuevas furgonetas que desaf\u00edan a las limusinas europeas - El Digital de Asturias<\/title>\n\n","aioseo_head_json":{"title":"Las nuevas furgonetas que desaf\u00edan a las limusinas europeas - El Digital de Asturias","description":"(dpa) - Un viernes por la noche en Shangh\u00e1i, Se\u00fal o Tokio, y la misma imagen en todas partes: furgonetas oscuras desplaz\u00e1ndose por la ciudad y dejando","canonical_url":"https:\/\/www.eldigitaldeasturias.com\/noticias\/las-nuevas-furgonetas-que-desafian-a-las-limusinas-europeas\/","robots":"max-image-preview:large","keywords":"revista de ocio","webmasterTools":{"google-site-verification":"UA-38556648-1","msvalidate.01":"7dfe9f3f1b24437ab69f4f2559babe99","miscellaneous":""},"schema":{"@context":"https:\/\/schema.org","@graph":[{"@type":"BlogPosting","@id":"https:\/\/www.eldigitaldeasturias.com\/noticias\/las-nuevas-furgonetas-que-desafian-a-las-limusinas-europeas\/#blogposting","name":"Las nuevas furgonetas que desaf\u00edan a las limusinas europeas - El Digital de Asturias","headline":"Las nuevas furgonetas que desaf\u00edan a las limusinas europeas","author":{"@id":"https:\/\/www.eldigitaldeasturias.com\/noticias\/author\/admin\/#author"},"publisher":{"@id":"https:\/\/www.eldigitaldeasturias.com\/noticias\/#organization"},"image":{"@type":"ImageObject","url":"https:\/\/www.eldigitaldeasturias.com\/noticias\/wp-content\/uploads\/2023\/12\/furgonetas.jpg","width":993,"height":659,"caption":"\u00bfTendencia o instant\u00e1nea? Algunos fabricantes como BYD est\u00e1n sacando al mercado furgonetas como la Denza D9. Foto: Thomas Geiger\/dpa"},"datePublished":"2023-12-24T15:25:33+01:00","dateModified":"2023-12-24T15:25:33+01:00","inLanguage":"es-ES","mainEntityOfPage":{"@id":"https:\/\/www.eldigitaldeasturias.com\/noticias\/las-nuevas-furgonetas-que-desafian-a-las-limusinas-europeas\/#webpage"},"isPartOf":{"@id":"https:\/\/www.eldigitaldeasturias.com\/noticias\/las-nuevas-furgonetas-que-desafian-a-las-limusinas-europeas\/#webpage"},"articleSection":"Revista de Ocio"},{"@type":"BreadcrumbList","@id":"https:\/\/www.eldigitaldeasturias.com\/noticias\/las-nuevas-furgonetas-que-desafian-a-las-limusinas-europeas\/#breadcrumblist","itemListElement":[{"@type":"ListItem","@id":"https:\/\/www.eldigitaldeasturias.com\/noticias#listItem","position":1,"name":"Home","item":"https:\/\/www.eldigitaldeasturias.com\/noticias","nextItem":{"@type":"ListItem","@id":"https:\/\/www.eldigitaldeasturias.com\/noticias\/category\/revista-de-ocio\/#listItem","name":"Revista de Ocio"}},{"@type":"ListItem","@id":"https:\/\/www.eldigitaldeasturias.com\/noticias\/category\/revista-de-ocio\/#listItem","position":2,"name":"Revista de Ocio","item":"https:\/\/www.eldigitaldeasturias.com\/noticias\/category\/revista-de-ocio\/","nextItem":{"@type":"ListItem","@id":"https:\/\/www.eldigitaldeasturias.com\/noticias\/las-nuevas-furgonetas-que-desafian-a-las-limusinas-europeas\/#listItem","name":"Las nuevas furgonetas que desaf\u00edan a las limusinas europeas"},"previousItem":{"@type":"ListItem","@id":"https:\/\/www.eldigitaldeasturias.com\/noticias#listItem","name":"Home"}},{"@type":"ListItem","@id":"https:\/\/www.eldigitaldeasturias.com\/noticias\/las-nuevas-furgonetas-que-desafian-a-las-limusinas-europeas\/#listItem","position":3,"name":"Las nuevas furgonetas que desaf\u00edan a las limusinas europeas","previousItem":{"@type":"ListItem","@id":"https:\/\/www.eldigitaldeasturias.com\/noticias\/category\/revista-de-ocio\/#listItem","name":"Revista de Ocio"}}]},{"@type":"Organization","@id":"https:\/\/www.eldigitaldeasturias.com\/noticias\/#organization","name":"El Digital de Asturias","description":"Hemeroteca","url":"https:\/\/www.eldigitaldeasturias.com\/noticias\/","email":"info@eldigitaldeasturias.com","telephone":"+34652131393","logo":{"@type":"ImageObject","url":"https:\/\/www.eldigitaldeasturias.com\/noticias\/wp-content\/uploads\/2020\/12\/EDA.jpg","@id":"https:\/\/www.eldigitaldeasturias.com\/noticias\/las-nuevas-furgonetas-que-desafian-a-las-limusinas-europeas\/#organizationLogo","width":649,"height":297},"image":{"@id":"https:\/\/www.eldigitaldeasturias.com\/noticias\/las-nuevas-furgonetas-que-desafian-a-las-limusinas-europeas\/#organizationLogo"},"sameAs":["https:\/\/facebook.com\/eldigitaldeasturias","https:\/\/www.youtube.com\/channel\/UCZP-2wLEB9Rv6erhFmqVnvg"],"address":{"@id":"https:\/\/www.eldigitaldeasturias.com\/noticias\/#postaladdress","@type":"PostalAddress","streetAddress":"san antonio 4,","postalCode":"33430","addressLocality":"Cand\u00e1s","addressRegion":"Asturias","addressCountry":"ES"}},{"@type":"Person","@id":"https:\/\/www.eldigitaldeasturias.com\/noticias\/author\/admin\/#author","url":"https:\/\/www.eldigitaldeasturias.com\/noticias\/author\/admin\/","name":"El Digital de Asturias","image":{"@type":"ImageObject","@id":"https:\/\/www.eldigitaldeasturias.com\/noticias\/las-nuevas-furgonetas-que-desafian-a-las-limusinas-europeas\/#authorImage","url":"https:\/\/www.eldigitaldeasturias.com\/noticias\/wp-content\/litespeed\/avatar\/18677e78aa0546b92d9dbf31ec7d7668.jpg?ver=1777290358","width":96,"height":96,"caption":"El Digital de Asturias"}},{"@type":"WebPage","@id":"https:\/\/www.eldigitaldeasturias.com\/noticias\/las-nuevas-furgonetas-que-desafian-a-las-limusinas-europeas\/#webpage","url":"https:\/\/www.eldigitaldeasturias.com\/noticias\/las-nuevas-furgonetas-que-desafian-a-las-limusinas-europeas\/","name":"Las nuevas furgonetas que desaf\u00edan a las limusinas europeas - El Digital de Asturias","description":"(dpa) - Un viernes por la noche en Shangh\u00e1i, Se\u00fal o Tokio, y la misma imagen en todas partes: furgonetas oscuras desplaz\u00e1ndose por la ciudad y dejando","inLanguage":"es-ES","isPartOf":{"@id":"https:\/\/www.eldigitaldeasturias.com\/noticias\/#website"},"breadcrumb":{"@id":"https:\/\/www.eldigitaldeasturias.com\/noticias\/las-nuevas-furgonetas-que-desafian-a-las-limusinas-europeas\/#breadcrumblist"},"author":{"@id":"https:\/\/www.eldigitaldeasturias.com\/noticias\/author\/admin\/#author"},"creator":{"@id":"https:\/\/www.eldigitaldeasturias.com\/noticias\/author\/admin\/#author"},"image":{"@type":"ImageObject","url":"https:\/\/www.eldigitaldeasturias.com\/noticias\/wp-content\/uploads\/2023\/12\/furgonetas.jpg","@id":"https:\/\/www.eldigitaldeasturias.com\/noticias\/las-nuevas-furgonetas-que-desafian-a-las-limusinas-europeas\/#mainImage","width":993,"height":659,"caption":"\u00bfTendencia o instant\u00e1nea? Algunos fabricantes como BYD est\u00e1n sacando al mercado furgonetas como la Denza D9. Foto: Thomas Geiger\/dpa"},"primaryImageOfPage":{"@id":"https:\/\/www.eldigitaldeasturias.com\/noticias\/las-nuevas-furgonetas-que-desafian-a-las-limusinas-europeas\/#mainImage"},"datePublished":"2023-12-24T15:25:33+01:00","dateModified":"2023-12-24T15:25:33+01:00"},{"@type":"WebSite","@id":"https:\/\/www.eldigitaldeasturias.com\/noticias\/#website","url":"https:\/\/www.eldigitaldeasturias.com\/noticias\/","name":"El Digital de Asturias - Diario de actualidad y noticias","alternateName":"El Digital de Asturias - Diario de actualidad y noticias","description":"Hemeroteca","inLanguage":"es-ES","publisher":{"@id":"https:\/\/www.eldigitaldeasturias.com\/noticias\/#organization"}}]},"og:locale":"es_ES","og:site_name":"El Digital de Asturias","og:type":"article","og:title":"Las nuevas furgonetas que desaf\u00edan a las limusinas europeas - El Digital de Asturias","og:description":"(dpa) - Un viernes por la noche en Shangh\u00e1i, Se\u00fal o Tokio, y la misma imagen en todas partes: furgonetas oscuras desplaz\u00e1ndose por la ciudad y dejando","og:url":"https:\/\/www.eldigitaldeasturias.com\/noticias\/las-nuevas-furgonetas-que-desafian-a-las-limusinas-europeas\/","og:image":"https:\/\/www.eldigitaldeasturias.com\/noticias\/wp-content\/uploads\/2023\/12\/furgonetas.jpg","og:image:secure_url":"https:\/\/www.eldigitaldeasturias.com\/noticias\/wp-content\/uploads\/2023\/12\/furgonetas.jpg","og:image:width":993,"og:image:height":659,"article:tag":["revista de ocio"],"article:published_time":"2023-12-24T14:25:33+00:00","article:modified_time":"2023-12-24T14:25:33+00:00","article:publisher":"https:\/\/facebook.com\/eldigitaldeasturias","twitter:card":"summary_large_image","twitter:title":"Las nuevas furgonetas que desaf\u00edan a las limusinas europeas - El Digital de Asturias","twitter:description":"(dpa) - Un viernes por la noche en Shangh\u00e1i, Se\u00fal o Tokio, y la misma imagen en todas partes: furgonetas oscuras desplaz\u00e1ndose por la ciudad y dejando","twitter:image":"https:\/\/www.eldigitaldeasturias.com\/noticias\/wp-content\/uploads\/2023\/12\/furgonetas.jpg","twitter:label1":"Escrito por","twitter:data1":"El Digital de Asturias","twitter:label2":"Tiempo de lectura estimado","twitter:data2":"4 minutos"},"aioseo_meta_data":{"post_id":"1127842","title":null,"description":"(dpa) - Un viernes por la noche en Shangh\u00e1i, Se\u00fal o Tokio, y la misma imagen en todas partes: furgonetas oscuras desplaz\u00e1ndose por la ciudad y dejando","keywords":[],"keyphrases":{"focus":{"keyphrase":"furgonetas","score":72,"analysis":{"keyphraseInTitle":{"score":9,"maxScore":9,"error":0},"keyphraseInDescription":{"score":9,"maxScore":9,"error":0},"keyphraseLength":{"score":9,"maxScore":9,"error":0,"length":1},"keyphraseInURL":{"score":1,"maxScore":5,"error":1},"keyphraseInIntroduction":{"score":9,"maxScore":9,"error":0},"keyphraseInSubHeadings":{"score":3,"maxScore":9,"error":1},"keyphraseInImageAlt":{"score":9,"maxScore":9,"error":0},"keywordDensity":{"score":0,"type":"low","maxScore":9,"error":1}}},"additional":[{"keyphrase":"furgonetas","score":80,"analysis":{"keyphraseInDescription":{"score":9,"maxScore":9,"error":0},"keyphraseLength":{"score":9,"maxScore":9,"error":0,"length":1},"keyphraseInIntroduction":{"score":9,"maxScore":9,"error":0},"keyphraseInImageAlt":{"score":9,"maxScore":9,"error":0},"keywordDensity":{"score":0,"type":"low","maxScore":9,"error":1}}}]},"primary_term":null,"canonical_url":null,"og_title":null,"og_description":null,"og_object_type":"default","og_image_type":"default","og_image_url":null,"og_image_width":null,"og_image_height":null,"og_image_custom_url":null,"og_image_custom_fields":null,"og_video":"","og_custom_url":null,"og_article_section":null,"og_article_tags":[],"twitter_use_og":false,"twitter_card":"default","twitter_image_type":"default","twitter_image_url":null,"twitter_image_custom_url":null,"twitter_image_custom_fields":null,"twitter_title":null,"twitter_description":null,"schema":{"blockGraphs":[],"customGraphs":[],"default":{"data":{"Article":[],"Course":[],"Dataset":[],"FAQPage":[],"Movie":[],"Person":[],"Product":[],"ProductReview":[],"Car":[],"Recipe":[],"Service":[],"SoftwareApplication":[],"WebPage":[]},"graphName":"BlogPosting","isEnabled":true},"graphs":[]},"schema_type":"default","schema_type_options":null,"pillar_content":false,"robots_default":true,"robots_noindex":false,"robots_noarchive":false,"robots_nosnippet":false,"robots_nofollow":false,"robots_noimageindex":false,"robots_noodp":false,"robots_notranslate":false,"robots_max_snippet":"-1","robots_max_videopreview":"-1","robots_max_imagepreview":"large","priority":null,"frequency":"default","local_seo":null,"seo_analyzer_scan_date":"2025-10-06 00:11:44","breadcrumb_settings":null,"limit_modified_date":false,"open_ai":"{\"title\":{\"suggestions\":[],\"usage\":0},\"description\":{\"suggestions\":[],\"usage\":0}}","ai":null,"created":"2023-12-24 14:16:33","updated":"2025-10-09 06:18:28"},"aioseo_breadcrumb":"<div class=\"aioseo-breadcrumbs\"><span class=\"aioseo-breadcrumb\">\n\t<a href=\"https:\/\/www.eldigitaldeasturias.com\/noticias\" title=\"Home\">Home<\/a>\n<\/span><span class=\"aioseo-breadcrumb-separator\">\u2013<\/span><span class=\"aioseo-breadcrumb\">\n\t<a href=\"https:\/\/www.eldigitaldeasturias.com\/noticias\/category\/revista-de-ocio\/\" title=\"Revista de Ocio\">Revista de Ocio<\/a>\n<\/span><span class=\"aioseo-breadcrumb-separator\">\u2013<\/span><span class=\"aioseo-breadcrumb\">\n\t<a href=\"https:\/\/www.eldigitaldeasturias.com\/noticias\/las-nuevas-furgonetas-que-desafian-a-las-limusinas-europeas\/\" title=\"Las nuevas furgonetas que desaf\u00edan a las limusinas europeas\">Las nuevas furgonetas que desaf\u00edan a las limusinas europeas<\/a>\n<\/span><\/div>","aioseo_breadcrumb_json":[{"label":"Home","link":"https:\/\/www.eldigitaldeasturias.com\/noticias"},{"label":"Revista de Ocio","link":"https:\/\/www.eldigitaldeasturias.com\/noticias\/category\/revista-de-ocio\/"},{"label":"Las nuevas furgonetas que desaf\u00edan a las limusinas europeas","link":"https:\/\/www.eldigitaldeasturias.com\/noticias\/las-nuevas-furgonetas-que-desafian-a-las-limusinas-europeas\/"}],"_links":{"self":[{"href":"https:\/\/www.eldigitaldeasturias.com\/noticias\/wp-json\/wp\/v2\/posts\/1127842","targetHints":{"allow":["GET"]}}],"collection":[{"href":"https:\/\/www.eldigitaldeasturias.com\/noticias\/wp-json\/wp\/v2\/posts"}],"about":[{"href":"https:\/\/www.eldigitaldeasturias.com\/noticias\/wp-json\/wp\/v2\/types\/post"}],"author":[{"embeddable":true,"href":"https:\/\/www.eldigitaldeasturias.com\/noticias\/wp-json\/wp\/v2\/users\/1"}],"replies":[{"embeddable":true,"href":"https:\/\/www.eldigitaldeasturias.com\/noticias\/wp-json\/wp\/v2\/comments?post=1127842"}],"version-history":[{"count":0,"href":"https:\/\/www.eldigitaldeasturias.com\/noticias\/wp-json\/wp\/v2\/posts\/1127842\/revisions"}],"wp:featuredmedia":[{"embeddable":true,"href":"https:\/\/www.eldigitaldeasturias.com\/noticias\/wp-json\/wp\/v2\/media\/1127843"}],"wp:attachment":[{"href":"https:\/\/www.eldigitaldeasturias.com\/noticias\/wp-json\/wp\/v2\/media?parent=1127842"}],"wp:term":[{"taxonomy":"category","embeddable":true,"href":"https:\/\/www.eldigitaldeasturias.com\/noticias\/wp-json\/wp\/v2\/categories?post=1127842"},{"taxonomy":"post_tag","embeddable":true,"href":"https:\/\/www.eldigitaldeasturias.com\/noticias\/wp-json\/wp\/v2\/tags?post=1127842"}],"curies":[{"name":"wp","href":"https:\/\/api.w.org\/{rel}","templated":true}]}}