{"id":1127839,"date":"2023-12-24T14:43:58","date_gmt":"2023-12-24T13:43:58","guid":{"rendered":"https:\/\/www.eldigitaldeasturias.com\/noticias\/?p=1127839"},"modified":"2023-12-24T14:43:58","modified_gmt":"2023-12-24T13:43:58","slug":"el-compromiso-de-zapico-con-la-senda-entre-villaviciosa-y-el-puntal","status":"publish","type":"post","link":"https:\/\/www.eldigitaldeasturias.com\/noticias\/el-compromiso-de-zapico-con-la-senda-entre-villaviciosa-y-el-puntal\/","title":{"rendered":"El \u00abcompromiso\u00bb de Zapico con la senda entre Villaviciosa y El Puntal"},"content":{"rendered":"<p>Ovidio Zapico ha dicho el pasado viernes que la <a href=\"https:\/\/www.eldigitaldeasturias.com\/noticias\/category\/deportes\/\"><span style=\"color: #ff6600;\"><strong>senda cicloturista y peatonal<\/strong><\/span><\/a> entre Villaviciosa y El Puntal estar\u00e1 finalizada en el primer semestre de 2026.<\/p>\n<figure id=\"attachment_1127840\" aria-describedby=\"caption-attachment-1127840\" style=\"width: 650px\" class=\"wp-caption aligncenter\"><img loading=\"lazy\" decoding=\"async\" class=\"wp-image-1127840 size-large\" src=\"https:\/\/www.eldigitaldeasturias.com\/noticias\/wp-content\/uploads\/2023\/12\/Zapico-Villaviciosa-650x362.jpg\" alt=\"Zapico Villaviciosa\" width=\"650\" height=\"362\" srcset=\"https:\/\/www.eldigitaldeasturias.com\/noticias\/wp-content\/uploads\/2023\/12\/Zapico-Villaviciosa-650x362.jpg 650w, https:\/\/www.eldigitaldeasturias.com\/noticias\/wp-content\/uploads\/2023\/12\/Zapico-Villaviciosa-360x201.jpg 360w, https:\/\/www.eldigitaldeasturias.com\/noticias\/wp-content\/uploads\/2023\/12\/Zapico-Villaviciosa-480x268.jpg 480w, https:\/\/www.eldigitaldeasturias.com\/noticias\/wp-content\/uploads\/2023\/12\/Zapico-Villaviciosa-768x428.jpg 768w, https:\/\/www.eldigitaldeasturias.com\/noticias\/wp-content\/uploads\/2023\/12\/Zapico-Villaviciosa-150x84.jpg 150w, https:\/\/www.eldigitaldeasturias.com\/noticias\/wp-content\/uploads\/2023\/12\/Zapico-Villaviciosa-450x251.jpg 450w, https:\/\/www.eldigitaldeasturias.com\/noticias\/wp-content\/uploads\/2023\/12\/Zapico-Villaviciosa.jpg 1098w\" sizes=\"auto, (max-width: 650px) 100vw, 650px\" \/><figcaption id=\"caption-attachment-1127840\" class=\"wp-caption-text\">Foto: Prensa Gobierno de Asturias<\/figcaption><\/figure>\n<p>El consejero de Ordenaci\u00f3n de Territorio, Urbanismo, Vivienda y Derechos Ciudadanos, Ovidio Zapico, <strong>ha asegurado que la senda cicloturista y peatonal entre Villaviciosa y El Puntal estar\u00e1 finalizada en el primer semestre de 2026<\/strong>. Seg\u00fan ha explicado, los <a title=\"Principado de Asturias\" href=\"https:\/\/actualidad.asturias.es\/\" target=\"_blank\" rel=\"noopener\"><strong><span style=\"color: #ff6600;\">presupuestos de Asturias<\/span><\/strong><\/a> para 2024 ya incluyen una partida de 300.851 euros para licitar el proyecto de obra, llevar a cabo los tr\u00e1mites ambientales pertinentes e iniciar el procedimiento de expropiaci\u00f3n de los terrenos afectados.<\/p>\n<p>Zapico, que ha visitado los terrenos en los que se construir\u00e1 la v\u00eda junto con la directora general de Urbanismo, Laura L\u00f3pez; el alcalde el concejo, Alejandro Vega, miembros de la corporaci\u00f3n municipal de Villaviciosa y representantes de la Asociaci\u00f3n de Vecinos de San Mart\u00edn del Mar, ha asegurado que este proyecto \u201cviene a hacer justicia tanto al concejo como al propio espacio natural\u201d.<strong> \u201cHoy empieza un camino que durante los pr\u00f3ximos dos a\u00f1os y medio tiene que llevarnos a la construcci\u00f3n de la senda y a su puesta en servicio\u201d, ha a\u00f1adido.<\/strong><\/p>\n<p>En este sentido, ha explicado que en 2024 se redactar\u00e1 el proyecto \u201cen consenso y colaboraci\u00f3n con el ayuntamiento, los vecinos de la zona y los responsables de la Reserva Natural Parcial de la R\u00eda de Villaviciosa\u201d y se llevar\u00e1n a cabo los procedimientos medioambientales \u201ccon el mayor de los respetos y garant\u00edas\u201d. <strong>Asimismo, el consejero ha confiado en que tambi\u00e9n el pr\u00f3ximo a\u00f1o se inicie el proceso de expropiaci\u00f3n y ha adelantado que en 2025 se licitar\u00e1 la obra. \u201cVeremos a los primeros cicloturistas y peatones disfrutando de ella en el primer semestre de 2026\u201d, ha agregado.<\/strong><\/p>\n<p>Por \u00faltimo, ha recordado que al presentar sendas enmiendas de totalidad a los presupuestos del Principado, rechazadas en la Junta General, el PP y Vox se oponen a este proyecto, que es una reivindicaci\u00f3n hist\u00f3rica de m\u00e1s de tres d\u00e9cadas de los vecinos y vecinas de Villaviciosa.<\/p>\n<h2>Seis kil\u00f3metros de senda<\/h2>\n<p>La senda proyectada desde la Direcci\u00f3n General de Urbanismo parte del aparcamiento-fondo de saco al final de la calle El Sal\u00edn, al norte de Villaviciosa, en la margen derecha de la r\u00eda. En este primer tramo, la nueva ruta cruza a la orilla izquierda mediante una pasarela de madera de 54 metros de longitud y tres de ancho, para continuar por el lindero de varias parcelas hasta alcanzar la carretera AS-256.<\/p>\n<p>A partir de ah\u00ed, discurre por las m\u00e1rgenes izquierda o derecha de la citada carretera y de la VV-5, con varios cruces para evitar la afecci\u00f3n a la r\u00eda en los puntos en los que esta llega hasta la calzada. All\u00ed donde no resulta posible el cruce, la senda se ejecutar\u00e1 en voladizo sobre la r\u00eda, de tres metros de ancho y con estructura de madera.<\/p>\n","protected":false},"excerpt":{"rendered":"<p>Ovidio Zapico ha dicho el pasado viernes que la senda cicloturista y peatonal entre Villaviciosa y El Puntal estar\u00e1 finalizada en el primer semestre de 2026. El consejero de Ordenaci\u00f3n de Territorio, Urbanismo, Vivienda y Derechos Ciudadanos, Ovidio Zapico, ha asegurado que la senda cicloturista y peatonal entre Villaviciosa y El Puntal estar\u00e1 finalizada en [&hellip;]<\/p>\n","protected":false},"author":1,"featured_media":1127840,"comment_status":"closed","ping_status":"closed","sticky":false,"template":"","format":"standard","meta":{"footnotes":""},"categories":[12],"tags":[],"class_list":["post-1127839","post","type-post","status-publish","format-standard","has-post-thumbnail","hentry","category-actualidad-asturias"],"aioseo_notices":[],"aioseo_head":"\n\t\t<!-- All in One SEO Pro 4.9.6.2 - aioseo.com -->\n\t<meta name=\"description\" content=\"Ovidio Zapico ha dicho el pasado viernes que la senda cicloturista y peatonal entre Villaviciosa y El Puntal estar\u00e1 finalizada en el primer semestre de 2026.\" \/>\n\t<meta name=\"robots\" content=\"max-image-preview:large\" \/>\n\t<meta name=\"author\" content=\"El Digital de Asturias\"\/>\n\t<meta name=\"google-site-verification\" content=\"UA-38556648-1\" \/>\n\t<meta name=\"msvalidate.01\" content=\"7dfe9f3f1b24437ab69f4f2559babe99\" \/>\n\t<meta name=\"keywords\" content=\"actualidad asturias\" \/>\n\t<link rel=\"canonical\" href=\"https:\/\/www.eldigitaldeasturias.com\/noticias\/el-compromiso-de-zapico-con-la-senda-entre-villaviciosa-y-el-puntal\/\" \/>\n\t<meta name=\"generator\" content=\"All in One SEO Pro (AIOSEO) 4.9.6.2\" \/>\n\t\t<meta property=\"og:locale\" content=\"es_ES\" \/>\n\t\t<meta property=\"og:site_name\" content=\"El Digital de Asturias\" \/>\n\t\t<meta property=\"og:type\" content=\"article\" \/>\n\t\t<meta property=\"og:title\" content=\"El \u00abcompromiso\u00bb de Zapico con la senda entre Villaviciosa y El Puntal - El Digital de Asturias\" \/>\n\t\t<meta property=\"og:description\" content=\"Ovidio Zapico ha dicho el pasado viernes que la senda cicloturista y peatonal entre Villaviciosa y El Puntal estar\u00e1 finalizada en el primer semestre de 2026.\" \/>\n\t\t<meta property=\"og:url\" content=\"https:\/\/www.eldigitaldeasturias.com\/noticias\/el-compromiso-de-zapico-con-la-senda-entre-villaviciosa-y-el-puntal\/\" \/>\n\t\t<meta property=\"og:image\" content=\"https:\/\/www.eldigitaldeasturias.com\/noticias\/wp-content\/uploads\/2023\/12\/Zapico-Villaviciosa.jpg\" \/>\n\t\t<meta property=\"og:image:secure_url\" content=\"https:\/\/www.eldigitaldeasturias.com\/noticias\/wp-content\/uploads\/2023\/12\/Zapico-Villaviciosa.jpg\" \/>\n\t\t<meta property=\"og:image:width\" content=\"1098\" \/>\n\t\t<meta property=\"og:image:height\" content=\"612\" \/>\n\t\t<meta property=\"article:tag\" content=\"actualidad asturias\" \/>\n\t\t<meta property=\"article:published_time\" content=\"2023-12-24T13:43:58+00:00\" \/>\n\t\t<meta property=\"article:modified_time\" content=\"2023-12-24T13:43:58+00:00\" \/>\n\t\t<meta property=\"article:publisher\" content=\"https:\/\/facebook.com\/eldigitaldeasturias\" \/>\n\t\t<meta name=\"twitter:card\" content=\"summary_large_image\" \/>\n\t\t<meta name=\"twitter:title\" content=\"El \u00abcompromiso\u00bb de Zapico con la senda entre Villaviciosa y El Puntal - El Digital de Asturias\" \/>\n\t\t<meta name=\"twitter:description\" content=\"Ovidio Zapico ha dicho el pasado viernes que la senda cicloturista y peatonal entre Villaviciosa y El Puntal estar\u00e1 finalizada en el primer semestre de 2026.\" \/>\n\t\t<meta name=\"twitter:image\" content=\"https:\/\/www.eldigitaldeasturias.com\/noticias\/wp-content\/uploads\/2023\/12\/Zapico-Villaviciosa.jpg\" \/>\n\t\t<meta name=\"twitter:label1\" content=\"Escrito por\" \/>\n\t\t<meta name=\"twitter:data1\" content=\"El Digital de Asturias\" \/>\n\t\t<meta name=\"twitter:label2\" content=\"Tiempo de lectura estimado\" \/>\n\t\t<meta name=\"twitter:data2\" content=\"3 minutos\" \/>\n\t\t<script type=\"application\/ld+json\" class=\"aioseo-schema\">\n\t\t\t{\"@context\":\"https:\\\/\\\/schema.org\",\"@graph\":[{\"@type\":\"BlogPosting\",\"@id\":\"https:\\\/\\\/www.eldigitaldeasturias.com\\\/noticias\\\/el-compromiso-de-zapico-con-la-senda-entre-villaviciosa-y-el-puntal\\\/#blogposting\",\"name\":\"El \\u00abcompromiso\\u00bb de Zapico con la senda entre Villaviciosa y El Puntal - El Digital de Asturias\",\"headline\":\"El \\u00abcompromiso\\u00bb de Zapico con la senda entre Villaviciosa y El Puntal\",\"author\":{\"@id\":\"https:\\\/\\\/www.eldigitaldeasturias.com\\\/noticias\\\/author\\\/admin\\\/#author\"},\"publisher\":{\"@id\":\"https:\\\/\\\/www.eldigitaldeasturias.com\\\/noticias\\\/#organization\"},\"image\":{\"@type\":\"ImageObject\",\"url\":\"https:\\\/\\\/www.eldigitaldeasturias.com\\\/noticias\\\/wp-content\\\/uploads\\\/2023\\\/12\\\/Zapico-Villaviciosa.jpg\",\"width\":1098,\"height\":612,\"caption\":\"Foto: Prensa Gobierno de Asturias\"},\"datePublished\":\"2023-12-24T14:43:58+01:00\",\"dateModified\":\"2023-12-24T14:43:58+01:00\",\"inLanguage\":\"es-ES\",\"mainEntityOfPage\":{\"@id\":\"https:\\\/\\\/www.eldigitaldeasturias.com\\\/noticias\\\/el-compromiso-de-zapico-con-la-senda-entre-villaviciosa-y-el-puntal\\\/#webpage\"},\"isPartOf\":{\"@id\":\"https:\\\/\\\/www.eldigitaldeasturias.com\\\/noticias\\\/el-compromiso-de-zapico-con-la-senda-entre-villaviciosa-y-el-puntal\\\/#webpage\"},\"articleSection\":\"Actualidad Asturias\"},{\"@type\":\"BreadcrumbList\",\"@id\":\"https:\\\/\\\/www.eldigitaldeasturias.com\\\/noticias\\\/el-compromiso-de-zapico-con-la-senda-entre-villaviciosa-y-el-puntal\\\/#breadcrumblist\",\"itemListElement\":[{\"@type\":\"ListItem\",\"@id\":\"https:\\\/\\\/www.eldigitaldeasturias.com\\\/noticias#listItem\",\"position\":1,\"name\":\"Home\",\"item\":\"https:\\\/\\\/www.eldigitaldeasturias.com\\\/noticias\",\"nextItem\":{\"@type\":\"ListItem\",\"@id\":\"https:\\\/\\\/www.eldigitaldeasturias.com\\\/noticias\\\/category\\\/actualidad-asturias\\\/#listItem\",\"name\":\"Actualidad Asturias\"}},{\"@type\":\"ListItem\",\"@id\":\"https:\\\/\\\/www.eldigitaldeasturias.com\\\/noticias\\\/category\\\/actualidad-asturias\\\/#listItem\",\"position\":2,\"name\":\"Actualidad Asturias\",\"item\":\"https:\\\/\\\/www.eldigitaldeasturias.com\\\/noticias\\\/category\\\/actualidad-asturias\\\/\",\"nextItem\":{\"@type\":\"ListItem\",\"@id\":\"https:\\\/\\\/www.eldigitaldeasturias.com\\\/noticias\\\/el-compromiso-de-zapico-con-la-senda-entre-villaviciosa-y-el-puntal\\\/#listItem\",\"name\":\"El \\u00abcompromiso\\u00bb de Zapico con la senda entre Villaviciosa y El Puntal\"},\"previousItem\":{\"@type\":\"ListItem\",\"@id\":\"https:\\\/\\\/www.eldigitaldeasturias.com\\\/noticias#listItem\",\"name\":\"Home\"}},{\"@type\":\"ListItem\",\"@id\":\"https:\\\/\\\/www.eldigitaldeasturias.com\\\/noticias\\\/el-compromiso-de-zapico-con-la-senda-entre-villaviciosa-y-el-puntal\\\/#listItem\",\"position\":3,\"name\":\"El \\u00abcompromiso\\u00bb de Zapico con la senda entre Villaviciosa y El Puntal\",\"previousItem\":{\"@type\":\"ListItem\",\"@id\":\"https:\\\/\\\/www.eldigitaldeasturias.com\\\/noticias\\\/category\\\/actualidad-asturias\\\/#listItem\",\"name\":\"Actualidad Asturias\"}}]},{\"@type\":\"Organization\",\"@id\":\"https:\\\/\\\/www.eldigitaldeasturias.com\\\/noticias\\\/#organization\",\"name\":\"El Digital de Asturias\",\"description\":\"Hemeroteca\",\"url\":\"https:\\\/\\\/www.eldigitaldeasturias.com\\\/noticias\\\/\",\"email\":\"info@eldigitaldeasturias.com\",\"telephone\":\"+34652131393\",\"logo\":{\"@type\":\"ImageObject\",\"url\":\"https:\\\/\\\/www.eldigitaldeasturias.com\\\/noticias\\\/wp-content\\\/uploads\\\/2020\\\/12\\\/EDA.jpg\",\"@id\":\"https:\\\/\\\/www.eldigitaldeasturias.com\\\/noticias\\\/el-compromiso-de-zapico-con-la-senda-entre-villaviciosa-y-el-puntal\\\/#organizationLogo\",\"width\":649,\"height\":297},\"image\":{\"@id\":\"https:\\\/\\\/www.eldigitaldeasturias.com\\\/noticias\\\/el-compromiso-de-zapico-con-la-senda-entre-villaviciosa-y-el-puntal\\\/#organizationLogo\"},\"sameAs\":[\"https:\\\/\\\/facebook.com\\\/eldigitaldeasturias\",\"https:\\\/\\\/www.youtube.com\\\/channel\\\/UCZP-2wLEB9Rv6erhFmqVnvg\"],\"address\":{\"@id\":\"https:\\\/\\\/www.eldigitaldeasturias.com\\\/noticias\\\/#postaladdress\",\"@type\":\"PostalAddress\",\"streetAddress\":\"san antonio 4,\",\"postalCode\":\"33430\",\"addressLocality\":\"Cand\\u00e1s\",\"addressRegion\":\"Asturias\",\"addressCountry\":\"ES\"}},{\"@type\":\"Person\",\"@id\":\"https:\\\/\\\/www.eldigitaldeasturias.com\\\/noticias\\\/author\\\/admin\\\/#author\",\"url\":\"https:\\\/\\\/www.eldigitaldeasturias.com\\\/noticias\\\/author\\\/admin\\\/\",\"name\":\"El Digital de Asturias\",\"image\":{\"@type\":\"ImageObject\",\"@id\":\"https:\\\/\\\/www.eldigitaldeasturias.com\\\/noticias\\\/el-compromiso-de-zapico-con-la-senda-entre-villaviciosa-y-el-puntal\\\/#authorImage\",\"url\":\"https:\\\/\\\/www.eldigitaldeasturias.com\\\/noticias\\\/wp-content\\\/litespeed\\\/avatar\\\/18677e78aa0546b92d9dbf31ec7d7668.jpg?ver=1777290358\",\"width\":96,\"height\":96,\"caption\":\"El Digital de Asturias\"}},{\"@type\":\"WebPage\",\"@id\":\"https:\\\/\\\/www.eldigitaldeasturias.com\\\/noticias\\\/el-compromiso-de-zapico-con-la-senda-entre-villaviciosa-y-el-puntal\\\/#webpage\",\"url\":\"https:\\\/\\\/www.eldigitaldeasturias.com\\\/noticias\\\/el-compromiso-de-zapico-con-la-senda-entre-villaviciosa-y-el-puntal\\\/\",\"name\":\"El \\u00abcompromiso\\u00bb de Zapico con la senda entre Villaviciosa y El Puntal - El Digital de Asturias\",\"description\":\"Ovidio Zapico ha dicho el pasado viernes que la senda cicloturista y peatonal entre Villaviciosa y El Puntal estar\\u00e1 finalizada en el primer semestre de 2026.\",\"inLanguage\":\"es-ES\",\"isPartOf\":{\"@id\":\"https:\\\/\\\/www.eldigitaldeasturias.com\\\/noticias\\\/#website\"},\"breadcrumb\":{\"@id\":\"https:\\\/\\\/www.eldigitaldeasturias.com\\\/noticias\\\/el-compromiso-de-zapico-con-la-senda-entre-villaviciosa-y-el-puntal\\\/#breadcrumblist\"},\"author\":{\"@id\":\"https:\\\/\\\/www.eldigitaldeasturias.com\\\/noticias\\\/author\\\/admin\\\/#author\"},\"creator\":{\"@id\":\"https:\\\/\\\/www.eldigitaldeasturias.com\\\/noticias\\\/author\\\/admin\\\/#author\"},\"image\":{\"@type\":\"ImageObject\",\"url\":\"https:\\\/\\\/www.eldigitaldeasturias.com\\\/noticias\\\/wp-content\\\/uploads\\\/2023\\\/12\\\/Zapico-Villaviciosa.jpg\",\"@id\":\"https:\\\/\\\/www.eldigitaldeasturias.com\\\/noticias\\\/el-compromiso-de-zapico-con-la-senda-entre-villaviciosa-y-el-puntal\\\/#mainImage\",\"width\":1098,\"height\":612,\"caption\":\"Foto: Prensa Gobierno de Asturias\"},\"primaryImageOfPage\":{\"@id\":\"https:\\\/\\\/www.eldigitaldeasturias.com\\\/noticias\\\/el-compromiso-de-zapico-con-la-senda-entre-villaviciosa-y-el-puntal\\\/#mainImage\"},\"datePublished\":\"2023-12-24T14:43:58+01:00\",\"dateModified\":\"2023-12-24T14:43:58+01:00\"},{\"@type\":\"WebSite\",\"@id\":\"https:\\\/\\\/www.eldigitaldeasturias.com\\\/noticias\\\/#website\",\"url\":\"https:\\\/\\\/www.eldigitaldeasturias.com\\\/noticias\\\/\",\"name\":\"El Digital de Asturias - Diario de actualidad y noticias\",\"alternateName\":\"El Digital de Asturias - Diario de actualidad y noticias\",\"description\":\"Hemeroteca\",\"inLanguage\":\"es-ES\",\"publisher\":{\"@id\":\"https:\\\/\\\/www.eldigitaldeasturias.com\\\/noticias\\\/#organization\"}}]}\n\t\t<\/script>\n\t\t<!-- All in One SEO Pro -->\r\n\t\t<title>El \u00abcompromiso\u00bb de Zapico con la senda entre Villaviciosa y El Puntal - El Digital de Asturias<\/title>\n\n","aioseo_head_json":{"title":"El \u00abcompromiso\u00bb de Zapico con la senda entre Villaviciosa y El Puntal - El Digital de Asturias","description":"Ovidio Zapico ha dicho el pasado viernes que la senda cicloturista y peatonal entre Villaviciosa y El Puntal estar\u00e1 finalizada en el primer semestre de 2026.","canonical_url":"https:\/\/www.eldigitaldeasturias.com\/noticias\/el-compromiso-de-zapico-con-la-senda-entre-villaviciosa-y-el-puntal\/","robots":"max-image-preview:large","keywords":"actualidad asturias","webmasterTools":{"google-site-verification":"UA-38556648-1","msvalidate.01":"7dfe9f3f1b24437ab69f4f2559babe99","miscellaneous":""},"schema":{"@context":"https:\/\/schema.org","@graph":[{"@type":"BlogPosting","@id":"https:\/\/www.eldigitaldeasturias.com\/noticias\/el-compromiso-de-zapico-con-la-senda-entre-villaviciosa-y-el-puntal\/#blogposting","name":"El \u00abcompromiso\u00bb de Zapico con la senda entre Villaviciosa y El Puntal - El Digital de Asturias","headline":"El \u00abcompromiso\u00bb de Zapico con la senda entre Villaviciosa y El Puntal","author":{"@id":"https:\/\/www.eldigitaldeasturias.com\/noticias\/author\/admin\/#author"},"publisher":{"@id":"https:\/\/www.eldigitaldeasturias.com\/noticias\/#organization"},"image":{"@type":"ImageObject","url":"https:\/\/www.eldigitaldeasturias.com\/noticias\/wp-content\/uploads\/2023\/12\/Zapico-Villaviciosa.jpg","width":1098,"height":612,"caption":"Foto: Prensa Gobierno de Asturias"},"datePublished":"2023-12-24T14:43:58+01:00","dateModified":"2023-12-24T14:43:58+01:00","inLanguage":"es-ES","mainEntityOfPage":{"@id":"https:\/\/www.eldigitaldeasturias.com\/noticias\/el-compromiso-de-zapico-con-la-senda-entre-villaviciosa-y-el-puntal\/#webpage"},"isPartOf":{"@id":"https:\/\/www.eldigitaldeasturias.com\/noticias\/el-compromiso-de-zapico-con-la-senda-entre-villaviciosa-y-el-puntal\/#webpage"},"articleSection":"Actualidad Asturias"},{"@type":"BreadcrumbList","@id":"https:\/\/www.eldigitaldeasturias.com\/noticias\/el-compromiso-de-zapico-con-la-senda-entre-villaviciosa-y-el-puntal\/#breadcrumblist","itemListElement":[{"@type":"ListItem","@id":"https:\/\/www.eldigitaldeasturias.com\/noticias#listItem","position":1,"name":"Home","item":"https:\/\/www.eldigitaldeasturias.com\/noticias","nextItem":{"@type":"ListItem","@id":"https:\/\/www.eldigitaldeasturias.com\/noticias\/category\/actualidad-asturias\/#listItem","name":"Actualidad Asturias"}},{"@type":"ListItem","@id":"https:\/\/www.eldigitaldeasturias.com\/noticias\/category\/actualidad-asturias\/#listItem","position":2,"name":"Actualidad Asturias","item":"https:\/\/www.eldigitaldeasturias.com\/noticias\/category\/actualidad-asturias\/","nextItem":{"@type":"ListItem","@id":"https:\/\/www.eldigitaldeasturias.com\/noticias\/el-compromiso-de-zapico-con-la-senda-entre-villaviciosa-y-el-puntal\/#listItem","name":"El \u00abcompromiso\u00bb de Zapico con la senda entre Villaviciosa y El Puntal"},"previousItem":{"@type":"ListItem","@id":"https:\/\/www.eldigitaldeasturias.com\/noticias#listItem","name":"Home"}},{"@type":"ListItem","@id":"https:\/\/www.eldigitaldeasturias.com\/noticias\/el-compromiso-de-zapico-con-la-senda-entre-villaviciosa-y-el-puntal\/#listItem","position":3,"name":"El \u00abcompromiso\u00bb de Zapico con la senda entre Villaviciosa y El Puntal","previousItem":{"@type":"ListItem","@id":"https:\/\/www.eldigitaldeasturias.com\/noticias\/category\/actualidad-asturias\/#listItem","name":"Actualidad Asturias"}}]},{"@type":"Organization","@id":"https:\/\/www.eldigitaldeasturias.com\/noticias\/#organization","name":"El Digital de Asturias","description":"Hemeroteca","url":"https:\/\/www.eldigitaldeasturias.com\/noticias\/","email":"info@eldigitaldeasturias.com","telephone":"+34652131393","logo":{"@type":"ImageObject","url":"https:\/\/www.eldigitaldeasturias.com\/noticias\/wp-content\/uploads\/2020\/12\/EDA.jpg","@id":"https:\/\/www.eldigitaldeasturias.com\/noticias\/el-compromiso-de-zapico-con-la-senda-entre-villaviciosa-y-el-puntal\/#organizationLogo","width":649,"height":297},"image":{"@id":"https:\/\/www.eldigitaldeasturias.com\/noticias\/el-compromiso-de-zapico-con-la-senda-entre-villaviciosa-y-el-puntal\/#organizationLogo"},"sameAs":["https:\/\/facebook.com\/eldigitaldeasturias","https:\/\/www.youtube.com\/channel\/UCZP-2wLEB9Rv6erhFmqVnvg"],"address":{"@id":"https:\/\/www.eldigitaldeasturias.com\/noticias\/#postaladdress","@type":"PostalAddress","streetAddress":"san antonio 4,","postalCode":"33430","addressLocality":"Cand\u00e1s","addressRegion":"Asturias","addressCountry":"ES"}},{"@type":"Person","@id":"https:\/\/www.eldigitaldeasturias.com\/noticias\/author\/admin\/#author","url":"https:\/\/www.eldigitaldeasturias.com\/noticias\/author\/admin\/","name":"El Digital de Asturias","image":{"@type":"ImageObject","@id":"https:\/\/www.eldigitaldeasturias.com\/noticias\/el-compromiso-de-zapico-con-la-senda-entre-villaviciosa-y-el-puntal\/#authorImage","url":"https:\/\/www.eldigitaldeasturias.com\/noticias\/wp-content\/litespeed\/avatar\/18677e78aa0546b92d9dbf31ec7d7668.jpg?ver=1777290358","width":96,"height":96,"caption":"El Digital de Asturias"}},{"@type":"WebPage","@id":"https:\/\/www.eldigitaldeasturias.com\/noticias\/el-compromiso-de-zapico-con-la-senda-entre-villaviciosa-y-el-puntal\/#webpage","url":"https:\/\/www.eldigitaldeasturias.com\/noticias\/el-compromiso-de-zapico-con-la-senda-entre-villaviciosa-y-el-puntal\/","name":"El \u00abcompromiso\u00bb de Zapico con la senda entre Villaviciosa y El Puntal - El Digital de Asturias","description":"Ovidio Zapico ha dicho el pasado viernes que la senda cicloturista y peatonal entre Villaviciosa y El Puntal estar\u00e1 finalizada en el primer semestre de 2026.","inLanguage":"es-ES","isPartOf":{"@id":"https:\/\/www.eldigitaldeasturias.com\/noticias\/#website"},"breadcrumb":{"@id":"https:\/\/www.eldigitaldeasturias.com\/noticias\/el-compromiso-de-zapico-con-la-senda-entre-villaviciosa-y-el-puntal\/#breadcrumblist"},"author":{"@id":"https:\/\/www.eldigitaldeasturias.com\/noticias\/author\/admin\/#author"},"creator":{"@id":"https:\/\/www.eldigitaldeasturias.com\/noticias\/author\/admin\/#author"},"image":{"@type":"ImageObject","url":"https:\/\/www.eldigitaldeasturias.com\/noticias\/wp-content\/uploads\/2023\/12\/Zapico-Villaviciosa.jpg","@id":"https:\/\/www.eldigitaldeasturias.com\/noticias\/el-compromiso-de-zapico-con-la-senda-entre-villaviciosa-y-el-puntal\/#mainImage","width":1098,"height":612,"caption":"Foto: Prensa Gobierno de Asturias"},"primaryImageOfPage":{"@id":"https:\/\/www.eldigitaldeasturias.com\/noticias\/el-compromiso-de-zapico-con-la-senda-entre-villaviciosa-y-el-puntal\/#mainImage"},"datePublished":"2023-12-24T14:43:58+01:00","dateModified":"2023-12-24T14:43:58+01:00"},{"@type":"WebSite","@id":"https:\/\/www.eldigitaldeasturias.com\/noticias\/#website","url":"https:\/\/www.eldigitaldeasturias.com\/noticias\/","name":"El Digital de Asturias - Diario de actualidad y noticias","alternateName":"El Digital de Asturias - Diario de actualidad y noticias","description":"Hemeroteca","inLanguage":"es-ES","publisher":{"@id":"https:\/\/www.eldigitaldeasturias.com\/noticias\/#organization"}}]},"og:locale":"es_ES","og:site_name":"El Digital de Asturias","og:type":"article","og:title":"El \u00abcompromiso\u00bb de Zapico con la senda entre Villaviciosa y El Puntal - El Digital de Asturias","og:description":"Ovidio Zapico ha dicho el pasado viernes que la senda cicloturista y peatonal entre Villaviciosa y El Puntal estar\u00e1 finalizada en el primer semestre de 2026.","og:url":"https:\/\/www.eldigitaldeasturias.com\/noticias\/el-compromiso-de-zapico-con-la-senda-entre-villaviciosa-y-el-puntal\/","og:image":"https:\/\/www.eldigitaldeasturias.com\/noticias\/wp-content\/uploads\/2023\/12\/Zapico-Villaviciosa.jpg","og:image:secure_url":"https:\/\/www.eldigitaldeasturias.com\/noticias\/wp-content\/uploads\/2023\/12\/Zapico-Villaviciosa.jpg","og:image:width":1098,"og:image:height":612,"article:tag":["actualidad asturias"],"article:published_time":"2023-12-24T13:43:58+00:00","article:modified_time":"2023-12-24T13:43:58+00:00","article:publisher":"https:\/\/facebook.com\/eldigitaldeasturias","twitter:card":"summary_large_image","twitter:title":"El \u00abcompromiso\u00bb de Zapico con la senda entre Villaviciosa y El Puntal - El Digital de Asturias","twitter:description":"Ovidio Zapico ha dicho el pasado viernes que la senda cicloturista y peatonal entre Villaviciosa y El Puntal estar\u00e1 finalizada en el primer semestre de 2026.","twitter:image":"https:\/\/www.eldigitaldeasturias.com\/noticias\/wp-content\/uploads\/2023\/12\/Zapico-Villaviciosa.jpg","twitter:label1":"Escrito por","twitter:data1":"El Digital de Asturias","twitter:label2":"Tiempo de lectura estimado","twitter:data2":"3 minutos"},"aioseo_meta_data":{"post_id":"1127839","title":null,"description":"Ovidio Zapico ha dicho el pasado viernes que la senda cicloturista y peatonal entre Villaviciosa y El Puntal estar\u00e1 finalizada en el primer semestre de 2026.","keywords":[],"keyphrases":{"focus":{"keyphrase":"Zapico","score":85,"analysis":{"keyphraseInTitle":{"score":9,"maxScore":9,"error":0},"keyphraseInDescription":{"score":9,"maxScore":9,"error":0},"keyphraseLength":{"score":9,"maxScore":9,"error":0,"length":1},"keyphraseInURL":{"score":1,"maxScore":5,"error":1},"keyphraseInIntroduction":{"score":9,"maxScore":9,"error":0},"keyphraseInSubHeadings":{"score":3,"maxScore":9,"error":1},"keyphraseInImageAlt":{"score":9,"maxScore":9,"error":0},"keywordDensity":{"type":"best","score":9,"maxScore":9,"error":0}}},"additional":[{"keyphrase":"Villaviciosa","score":100,"analysis":{"keyphraseInDescription":{"score":9,"maxScore":9,"error":0},"keyphraseLength":{"score":9,"maxScore":9,"error":0,"length":1},"keyphraseInIntroduction":{"score":9,"maxScore":9,"error":0},"keyphraseInImageAlt":{"score":9,"maxScore":9,"error":0},"keywordDensity":{"type":"best","score":9,"maxScore":9,"error":0}}},{"keyphrase":"Zapico","score":100,"analysis":{"keyphraseInDescription":{"score":9,"maxScore":9,"error":0},"keyphraseLength":{"score":9,"maxScore":9,"error":0,"length":1},"keyphraseInIntroduction":{"score":9,"maxScore":9,"error":0},"keyphraseInImageAlt":{"score":9,"maxScore":9,"error":0},"keywordDensity":{"type":"best","score":9,"maxScore":9,"error":0}}}]},"primary_term":null,"canonical_url":null,"og_title":null,"og_description":null,"og_object_type":"default","og_image_type":"default","og_image_url":null,"og_image_width":null,"og_image_height":null,"og_image_custom_url":null,"og_image_custom_fields":null,"og_video":"","og_custom_url":null,"og_article_section":null,"og_article_tags":[],"twitter_use_og":false,"twitter_card":"default","twitter_image_type":"default","twitter_image_url":null,"twitter_image_custom_url":null,"twitter_image_custom_fields":null,"twitter_title":null,"twitter_description":null,"schema":{"blockGraphs":[],"customGraphs":[],"default":{"data":{"Article":[],"Course":[],"Dataset":[],"FAQPage":[],"Movie":[],"Person":[],"Product":[],"ProductReview":[],"Car":[],"Recipe":[],"Service":[],"SoftwareApplication":[],"WebPage":[]},"graphName":"BlogPosting","isEnabled":true},"graphs":[]},"schema_type":"default","schema_type_options":null,"pillar_content":false,"robots_default":true,"robots_noindex":false,"robots_noarchive":false,"robots_nosnippet":false,"robots_nofollow":false,"robots_noimageindex":false,"robots_noodp":false,"robots_notranslate":false,"robots_max_snippet":"-1","robots_max_videopreview":"-1","robots_max_imagepreview":"large","priority":null,"frequency":"default","local_seo":null,"seo_analyzer_scan_date":"2025-10-06 00:11:34","breadcrumb_settings":null,"limit_modified_date":false,"open_ai":"{\"title\":{\"suggestions\":[],\"usage\":0},\"description\":{\"suggestions\":[],\"usage\":0}}","ai":null,"created":"2023-12-24 13:35:15","updated":"2025-10-09 06:18:28"},"aioseo_breadcrumb":"<div class=\"aioseo-breadcrumbs\"><span class=\"aioseo-breadcrumb\">\n\t<a href=\"https:\/\/www.eldigitaldeasturias.com\/noticias\" title=\"Home\">Home<\/a>\n<\/span><span class=\"aioseo-breadcrumb-separator\">\u2013<\/span><span class=\"aioseo-breadcrumb\">\n\t<a href=\"https:\/\/www.eldigitaldeasturias.com\/noticias\/category\/actualidad-asturias\/\" title=\"Actualidad Asturias\">Actualidad Asturias<\/a>\n<\/span><span class=\"aioseo-breadcrumb-separator\">\u2013<\/span><span class=\"aioseo-breadcrumb\">\n\t<a href=\"https:\/\/www.eldigitaldeasturias.com\/noticias\/el-compromiso-de-zapico-con-la-senda-entre-villaviciosa-y-el-puntal\/\" title=\"El \u00abcompromiso\u00bb de Zapico con la senda entre Villaviciosa y El Puntal\">El \u00abcompromiso\u00bb de Zapico con la senda entre Villaviciosa y El Puntal<\/a>\n<\/span><\/div>","aioseo_breadcrumb_json":[{"label":"Home","link":"https:\/\/www.eldigitaldeasturias.com\/noticias"},{"label":"Actualidad Asturias","link":"https:\/\/www.eldigitaldeasturias.com\/noticias\/category\/actualidad-asturias\/"},{"label":"El \u00abcompromiso\u00bb de Zapico con la senda entre Villaviciosa y El Puntal","link":"https:\/\/www.eldigitaldeasturias.com\/noticias\/el-compromiso-de-zapico-con-la-senda-entre-villaviciosa-y-el-puntal\/"}],"_links":{"self":[{"href":"https:\/\/www.eldigitaldeasturias.com\/noticias\/wp-json\/wp\/v2\/posts\/1127839","targetHints":{"allow":["GET"]}}],"collection":[{"href":"https:\/\/www.eldigitaldeasturias.com\/noticias\/wp-json\/wp\/v2\/posts"}],"about":[{"href":"https:\/\/www.eldigitaldeasturias.com\/noticias\/wp-json\/wp\/v2\/types\/post"}],"author":[{"embeddable":true,"href":"https:\/\/www.eldigitaldeasturias.com\/noticias\/wp-json\/wp\/v2\/users\/1"}],"replies":[{"embeddable":true,"href":"https:\/\/www.eldigitaldeasturias.com\/noticias\/wp-json\/wp\/v2\/comments?post=1127839"}],"version-history":[{"count":0,"href":"https:\/\/www.eldigitaldeasturias.com\/noticias\/wp-json\/wp\/v2\/posts\/1127839\/revisions"}],"wp:featuredmedia":[{"embeddable":true,"href":"https:\/\/www.eldigitaldeasturias.com\/noticias\/wp-json\/wp\/v2\/media\/1127840"}],"wp:attachment":[{"href":"https:\/\/www.eldigitaldeasturias.com\/noticias\/wp-json\/wp\/v2\/media?parent=1127839"}],"wp:term":[{"taxonomy":"category","embeddable":true,"href":"https:\/\/www.eldigitaldeasturias.com\/noticias\/wp-json\/wp\/v2\/categories?post=1127839"},{"taxonomy":"post_tag","embeddable":true,"href":"https:\/\/www.eldigitaldeasturias.com\/noticias\/wp-json\/wp\/v2\/tags?post=1127839"}],"curies":[{"name":"wp","href":"https:\/\/api.w.org\/{rel}","templated":true}]}}