{"id":1127833,"date":"2023-12-24T14:02:53","date_gmt":"2023-12-24T13:02:53","guid":{"rendered":"https:\/\/www.eldigitaldeasturias.com\/noticias\/?p=1127833"},"modified":"2023-12-24T14:02:53","modified_gmt":"2023-12-24T13:02:53","slug":"asturias-invertira-en-educacion-ambiental","status":"publish","type":"post","link":"https:\/\/www.eldigitaldeasturias.com\/noticias\/asturias-invertira-en-educacion-ambiental\/","title":{"rendered":"Asturias invertir\u00e1 en educaci\u00f3n ambiental"},"content":{"rendered":"<p>La Red Natural de Asturias (RENA) contar\u00e1 con 7.045.818 euros de <span style=\"color: #ff6600;\"><a style=\"color: #ff6600;\" title=\"Principado de Asturias\" href=\"https:\/\/actualidad.asturias.es\/\" target=\"_blank\" rel=\"noopener\"><strong>presupuesto<\/strong><\/a><\/span> para los pr\u00f3ximos tres a\u00f1os para reforzar la atenci\u00f3n al p\u00fablico y consolidarse como referencia en educaci\u00f3n ambiental. Esta partida permitir\u00e1 dar cobertura a la atenci\u00f3n y gesti\u00f3n de los 23 centros de interpretaci\u00f3n y recepci\u00f3n que forman la RENA, adaptarla al flujo creciente de visitantes y fortalecer las actividades l\u00fadico-formativas.<\/p>\n<figure id=\"attachment_1127834\" aria-describedby=\"caption-attachment-1127834\" style=\"width: 650px\" class=\"wp-caption aligncenter\"><img loading=\"lazy\" decoding=\"async\" class=\"wp-image-1127834 size-large\" src=\"https:\/\/www.eldigitaldeasturias.com\/noticias\/wp-content\/uploads\/2023\/12\/Asturias-Natural-650x370.jpg\" alt=\"Asturias Natural\" width=\"650\" height=\"370\" srcset=\"https:\/\/www.eldigitaldeasturias.com\/noticias\/wp-content\/uploads\/2023\/12\/Asturias-Natural-650x370.jpg 650w, https:\/\/www.eldigitaldeasturias.com\/noticias\/wp-content\/uploads\/2023\/12\/Asturias-Natural-360x205.jpg 360w, https:\/\/www.eldigitaldeasturias.com\/noticias\/wp-content\/uploads\/2023\/12\/Asturias-Natural-480x273.jpg 480w, https:\/\/www.eldigitaldeasturias.com\/noticias\/wp-content\/uploads\/2023\/12\/Asturias-Natural-768x437.jpg 768w, https:\/\/www.eldigitaldeasturias.com\/noticias\/wp-content\/uploads\/2023\/12\/Asturias-Natural-150x85.jpg 150w, https:\/\/www.eldigitaldeasturias.com\/noticias\/wp-content\/uploads\/2023\/12\/Asturias-Natural-450x256.jpg 450w, https:\/\/www.eldigitaldeasturias.com\/noticias\/wp-content\/uploads\/2023\/12\/Asturias-Natural.jpg 995w\" sizes=\"auto, (max-width: 650px) 100vw, 650px\" \/><figcaption id=\"caption-attachment-1127834\" class=\"wp-caption-text\">Foto: Prensa Gobierno de Asturias<\/figcaption><\/figure>\n<p>Los equipamientos y recursos de la red atienden anualmente a m\u00e1s de un mill\u00f3n de visitantes en sus doce centros de interpretaci\u00f3n y once puntos de informaci\u00f3n. Para adaptarse a un volumen de visitantes cada vez mayor, se incorporar\u00e1 m\u00e1s personal y se ampliar\u00e1n las horas de atenci\u00f3n y los puntos de informaci\u00f3n. As\u00ed, en 2024 se pondr\u00e1 en marcha uno nuevo en el Parque Natural de Las Ubi\u00f1as-La Mesa.<\/p>\n<p>Adem\u00e1s, la RENA cuenta con cuatro zonas en las que se ha establecido una regulaci\u00f3n de tr\u00e1fico, con el fin de favorecer la movilidad sostenible en los espacios protegidos. Se trata de los lagos de Cuadonga\/ Covadonga, en Cangas de On\u00eds; los accesos a Sotres, Pand\u00e9bano y la ruta del Cares, en Cabrales, y a la ruta del Alba, en Sobrescobio, que se reforzar\u00e1n puntualmente en verano para atender la demanda.<\/p>\n<p>El Gobierno de <span style=\"color: #ff6600;\"><a style=\"color: #ff6600;\" href=\"https:\/\/www.eldigitaldeasturias.com\/noticias\/category\/actualidad-asturias\/\"><strong>Asturias<\/strong><\/a><\/span> tambi\u00e9n ha realizado un importante esfuerzo para reforzar el personal de informaci\u00f3n. Este a\u00f1o forman parte del dispositivo encargado de atender a los visitantes 60 profesionales con arraigo en las zonas donde desarrollan su trabajo, conocimientos en biodiversidad y experiencia en educaci\u00f3n ambiental.<\/p>\n<p>Otro de los servicios que se consolida es el itinerante de los informadores costeros, que entr\u00f3 en funcionamiento en 2021. Los t\u00e9cnicos se desplazan a playas, arenales y estuarios de zonas protegidas para divulgar sus valores ambientales, como las diferentes especies vegetales de los espacios dunares o los ritmos biol\u00f3gicos de la zona intermareal, y subrayar la necesidad de respetar estos espacios.<\/p>\n<h2>M\u00e1s de 3.000 participantes en actividades de educaci\u00f3n ambiental<\/h2>\n<p>El presupuesto para <strong>la RENA tambi\u00e9n refuerza el apoyo a la educaci\u00f3n ambiental en los espacios protegidos<\/strong>. Aqu\u00ed se engloban las diferentes actividades l\u00fadico-formativas, de ocio en la naturaleza, fuera del aula y dirigida a escolares, con el prop\u00f3sito de sensibilizar y compatibilizar la conservaci\u00f3n con el uso p\u00fablico.<\/p>\n<p>Seg\u00fan los \u00faltimos datos, correspondientes al pasado curso, m\u00e1s de 3.000 personas participaron en las distintas actividades.<strong> El objetivo es fortalecer este \u00e1mbito en los pr\u00f3ximos ejercicios para consolidar la red como referencia en educaci\u00f3n ambiental.<\/strong><\/p>\n<p>La RENA, creada en 2020, integra el conjunto de espacios protegidos del Principado y aglutina todas las acciones de educaci\u00f3n ambiental y atenci\u00f3n al visitante vinculadas al patrimonio natural. Cerca del 40% del territorio de Asturias cuenta con alguna figura de protecci\u00f3n. <strong>La comunidad alberga un parque nacional, cinco parques naturales y siete reservas de la biosfera. Es la comunidad espa\u00f1ola con mayor n\u00famero de reservas de la biosfera.<\/strong><\/p>\n","protected":false},"excerpt":{"rendered":"<p>La Red Natural de Asturias (RENA) contar\u00e1 con 7.045.818 euros de presupuesto para los pr\u00f3ximos tres a\u00f1os para reforzar la atenci\u00f3n al p\u00fablico y consolidarse como referencia en educaci\u00f3n ambiental. Esta partida permitir\u00e1 dar cobertura a la atenci\u00f3n y gesti\u00f3n de los 23 centros de interpretaci\u00f3n y recepci\u00f3n que forman la RENA, adaptarla al flujo [&hellip;]<\/p>\n","protected":false},"author":1,"featured_media":1127834,"comment_status":"closed","ping_status":"closed","sticky":false,"template":"","format":"standard","meta":{"footnotes":""},"categories":[12],"tags":[],"class_list":["post-1127833","post","type-post","status-publish","format-standard","has-post-thumbnail","hentry","category-actualidad-asturias"],"aioseo_notices":[],"aioseo_head":"\n\t\t<!-- All in One SEO Pro 4.9.6.2 - aioseo.com -->\n\t<meta name=\"description\" content=\"La Red Natural de Asturias (RENA) contar\u00e1 con 7.045.818 euros de presupuesto para los pr\u00f3ximos tres a\u00f1os para reforzar la atenci\u00f3n al p\u00fablico y consolidarse\" \/>\n\t<meta name=\"robots\" content=\"max-image-preview:large\" \/>\n\t<meta name=\"author\" content=\"El Digital de Asturias\"\/>\n\t<meta name=\"google-site-verification\" content=\"UA-38556648-1\" \/>\n\t<meta name=\"msvalidate.01\" content=\"7dfe9f3f1b24437ab69f4f2559babe99\" \/>\n\t<meta name=\"keywords\" content=\"actualidad asturias\" \/>\n\t<link rel=\"canonical\" href=\"https:\/\/www.eldigitaldeasturias.com\/noticias\/asturias-invertira-en-educacion-ambiental\/\" \/>\n\t<meta name=\"generator\" content=\"All in One SEO Pro (AIOSEO) 4.9.6.2\" \/>\n\t\t<meta property=\"og:locale\" content=\"es_ES\" \/>\n\t\t<meta property=\"og:site_name\" content=\"El Digital de Asturias\" \/>\n\t\t<meta property=\"og:type\" content=\"article\" \/>\n\t\t<meta property=\"og:title\" content=\"Asturias invertir\u00e1 en educaci\u00f3n ambiental - El Digital de Asturias\" \/>\n\t\t<meta property=\"og:description\" content=\"La Red Natural de Asturias (RENA) contar\u00e1 con 7.045.818 euros de presupuesto para los pr\u00f3ximos tres a\u00f1os para reforzar la atenci\u00f3n al p\u00fablico y consolidarse\" \/>\n\t\t<meta property=\"og:url\" content=\"https:\/\/www.eldigitaldeasturias.com\/noticias\/asturias-invertira-en-educacion-ambiental\/\" \/>\n\t\t<meta property=\"og:image\" content=\"https:\/\/www.eldigitaldeasturias.com\/noticias\/wp-content\/uploads\/2023\/12\/Asturias-Natural.jpg\" \/>\n\t\t<meta property=\"og:image:secure_url\" content=\"https:\/\/www.eldigitaldeasturias.com\/noticias\/wp-content\/uploads\/2023\/12\/Asturias-Natural.jpg\" \/>\n\t\t<meta property=\"og:image:width\" content=\"995\" \/>\n\t\t<meta property=\"og:image:height\" content=\"566\" \/>\n\t\t<meta property=\"article:tag\" content=\"actualidad asturias\" \/>\n\t\t<meta property=\"article:published_time\" content=\"2023-12-24T13:02:53+00:00\" \/>\n\t\t<meta property=\"article:modified_time\" content=\"2023-12-24T13:02:53+00:00\" \/>\n\t\t<meta property=\"article:publisher\" content=\"https:\/\/facebook.com\/eldigitaldeasturias\" \/>\n\t\t<meta name=\"twitter:card\" content=\"summary_large_image\" \/>\n\t\t<meta name=\"twitter:title\" content=\"Asturias invertir\u00e1 en educaci\u00f3n ambiental - El Digital de Asturias\" \/>\n\t\t<meta name=\"twitter:description\" content=\"La Red Natural de Asturias (RENA) contar\u00e1 con 7.045.818 euros de presupuesto para los pr\u00f3ximos tres a\u00f1os para reforzar la atenci\u00f3n al p\u00fablico y consolidarse\" \/>\n\t\t<meta name=\"twitter:image\" content=\"https:\/\/www.eldigitaldeasturias.com\/noticias\/wp-content\/uploads\/2023\/12\/Asturias-Natural.jpg\" \/>\n\t\t<meta name=\"twitter:label1\" content=\"Escrito por\" \/>\n\t\t<meta name=\"twitter:data1\" content=\"El Digital de Asturias\" \/>\n\t\t<meta name=\"twitter:label2\" content=\"Tiempo de lectura estimado\" \/>\n\t\t<meta name=\"twitter:data2\" content=\"3 minutos\" \/>\n\t\t<script type=\"application\/ld+json\" class=\"aioseo-schema\">\n\t\t\t{\"@context\":\"https:\\\/\\\/schema.org\",\"@graph\":[{\"@type\":\"BlogPosting\",\"@id\":\"https:\\\/\\\/www.eldigitaldeasturias.com\\\/noticias\\\/asturias-invertira-en-educacion-ambiental\\\/#blogposting\",\"name\":\"Asturias invertir\\u00e1 en educaci\\u00f3n ambiental - El Digital de Asturias\",\"headline\":\"Asturias invertir\\u00e1 en educaci\\u00f3n ambiental\",\"author\":{\"@id\":\"https:\\\/\\\/www.eldigitaldeasturias.com\\\/noticias\\\/author\\\/admin\\\/#author\"},\"publisher\":{\"@id\":\"https:\\\/\\\/www.eldigitaldeasturias.com\\\/noticias\\\/#organization\"},\"image\":{\"@type\":\"ImageObject\",\"url\":\"https:\\\/\\\/www.eldigitaldeasturias.com\\\/noticias\\\/wp-content\\\/uploads\\\/2023\\\/12\\\/Asturias-Natural.jpg\",\"width\":995,\"height\":566,\"caption\":\"Foto: Prensa Gobierno de Asturias\"},\"datePublished\":\"2023-12-24T14:02:53+01:00\",\"dateModified\":\"2023-12-24T14:02:53+01:00\",\"inLanguage\":\"es-ES\",\"mainEntityOfPage\":{\"@id\":\"https:\\\/\\\/www.eldigitaldeasturias.com\\\/noticias\\\/asturias-invertira-en-educacion-ambiental\\\/#webpage\"},\"isPartOf\":{\"@id\":\"https:\\\/\\\/www.eldigitaldeasturias.com\\\/noticias\\\/asturias-invertira-en-educacion-ambiental\\\/#webpage\"},\"articleSection\":\"Actualidad Asturias\"},{\"@type\":\"BreadcrumbList\",\"@id\":\"https:\\\/\\\/www.eldigitaldeasturias.com\\\/noticias\\\/asturias-invertira-en-educacion-ambiental\\\/#breadcrumblist\",\"itemListElement\":[{\"@type\":\"ListItem\",\"@id\":\"https:\\\/\\\/www.eldigitaldeasturias.com\\\/noticias#listItem\",\"position\":1,\"name\":\"Home\",\"item\":\"https:\\\/\\\/www.eldigitaldeasturias.com\\\/noticias\",\"nextItem\":{\"@type\":\"ListItem\",\"@id\":\"https:\\\/\\\/www.eldigitaldeasturias.com\\\/noticias\\\/category\\\/actualidad-asturias\\\/#listItem\",\"name\":\"Actualidad Asturias\"}},{\"@type\":\"ListItem\",\"@id\":\"https:\\\/\\\/www.eldigitaldeasturias.com\\\/noticias\\\/category\\\/actualidad-asturias\\\/#listItem\",\"position\":2,\"name\":\"Actualidad Asturias\",\"item\":\"https:\\\/\\\/www.eldigitaldeasturias.com\\\/noticias\\\/category\\\/actualidad-asturias\\\/\",\"nextItem\":{\"@type\":\"ListItem\",\"@id\":\"https:\\\/\\\/www.eldigitaldeasturias.com\\\/noticias\\\/asturias-invertira-en-educacion-ambiental\\\/#listItem\",\"name\":\"Asturias invertir\\u00e1 en educaci\\u00f3n ambiental\"},\"previousItem\":{\"@type\":\"ListItem\",\"@id\":\"https:\\\/\\\/www.eldigitaldeasturias.com\\\/noticias#listItem\",\"name\":\"Home\"}},{\"@type\":\"ListItem\",\"@id\":\"https:\\\/\\\/www.eldigitaldeasturias.com\\\/noticias\\\/asturias-invertira-en-educacion-ambiental\\\/#listItem\",\"position\":3,\"name\":\"Asturias invertir\\u00e1 en educaci\\u00f3n ambiental\",\"previousItem\":{\"@type\":\"ListItem\",\"@id\":\"https:\\\/\\\/www.eldigitaldeasturias.com\\\/noticias\\\/category\\\/actualidad-asturias\\\/#listItem\",\"name\":\"Actualidad Asturias\"}}]},{\"@type\":\"Organization\",\"@id\":\"https:\\\/\\\/www.eldigitaldeasturias.com\\\/noticias\\\/#organization\",\"name\":\"El Digital de Asturias\",\"description\":\"Hemeroteca\",\"url\":\"https:\\\/\\\/www.eldigitaldeasturias.com\\\/noticias\\\/\",\"email\":\"info@eldigitaldeasturias.com\",\"telephone\":\"+34652131393\",\"logo\":{\"@type\":\"ImageObject\",\"url\":\"https:\\\/\\\/www.eldigitaldeasturias.com\\\/noticias\\\/wp-content\\\/uploads\\\/2020\\\/12\\\/EDA.jpg\",\"@id\":\"https:\\\/\\\/www.eldigitaldeasturias.com\\\/noticias\\\/asturias-invertira-en-educacion-ambiental\\\/#organizationLogo\",\"width\":649,\"height\":297},\"image\":{\"@id\":\"https:\\\/\\\/www.eldigitaldeasturias.com\\\/noticias\\\/asturias-invertira-en-educacion-ambiental\\\/#organizationLogo\"},\"sameAs\":[\"https:\\\/\\\/facebook.com\\\/eldigitaldeasturias\",\"https:\\\/\\\/www.youtube.com\\\/channel\\\/UCZP-2wLEB9Rv6erhFmqVnvg\"],\"address\":{\"@id\":\"https:\\\/\\\/www.eldigitaldeasturias.com\\\/noticias\\\/#postaladdress\",\"@type\":\"PostalAddress\",\"streetAddress\":\"san antonio 4,\",\"postalCode\":\"33430\",\"addressLocality\":\"Cand\\u00e1s\",\"addressRegion\":\"Asturias\",\"addressCountry\":\"ES\"}},{\"@type\":\"Person\",\"@id\":\"https:\\\/\\\/www.eldigitaldeasturias.com\\\/noticias\\\/author\\\/admin\\\/#author\",\"url\":\"https:\\\/\\\/www.eldigitaldeasturias.com\\\/noticias\\\/author\\\/admin\\\/\",\"name\":\"El Digital de Asturias\",\"image\":{\"@type\":\"ImageObject\",\"@id\":\"https:\\\/\\\/www.eldigitaldeasturias.com\\\/noticias\\\/asturias-invertira-en-educacion-ambiental\\\/#authorImage\",\"url\":\"https:\\\/\\\/www.eldigitaldeasturias.com\\\/noticias\\\/wp-content\\\/litespeed\\\/avatar\\\/18677e78aa0546b92d9dbf31ec7d7668.jpg?ver=1777290358\",\"width\":96,\"height\":96,\"caption\":\"El Digital de Asturias\"}},{\"@type\":\"WebPage\",\"@id\":\"https:\\\/\\\/www.eldigitaldeasturias.com\\\/noticias\\\/asturias-invertira-en-educacion-ambiental\\\/#webpage\",\"url\":\"https:\\\/\\\/www.eldigitaldeasturias.com\\\/noticias\\\/asturias-invertira-en-educacion-ambiental\\\/\",\"name\":\"Asturias invertir\\u00e1 en educaci\\u00f3n ambiental - El Digital de Asturias\",\"description\":\"La Red Natural de Asturias (RENA) contar\\u00e1 con 7.045.818 euros de presupuesto para los pr\\u00f3ximos tres a\\u00f1os para reforzar la atenci\\u00f3n al p\\u00fablico y consolidarse\",\"inLanguage\":\"es-ES\",\"isPartOf\":{\"@id\":\"https:\\\/\\\/www.eldigitaldeasturias.com\\\/noticias\\\/#website\"},\"breadcrumb\":{\"@id\":\"https:\\\/\\\/www.eldigitaldeasturias.com\\\/noticias\\\/asturias-invertira-en-educacion-ambiental\\\/#breadcrumblist\"},\"author\":{\"@id\":\"https:\\\/\\\/www.eldigitaldeasturias.com\\\/noticias\\\/author\\\/admin\\\/#author\"},\"creator\":{\"@id\":\"https:\\\/\\\/www.eldigitaldeasturias.com\\\/noticias\\\/author\\\/admin\\\/#author\"},\"image\":{\"@type\":\"ImageObject\",\"url\":\"https:\\\/\\\/www.eldigitaldeasturias.com\\\/noticias\\\/wp-content\\\/uploads\\\/2023\\\/12\\\/Asturias-Natural.jpg\",\"@id\":\"https:\\\/\\\/www.eldigitaldeasturias.com\\\/noticias\\\/asturias-invertira-en-educacion-ambiental\\\/#mainImage\",\"width\":995,\"height\":566,\"caption\":\"Foto: Prensa Gobierno de Asturias\"},\"primaryImageOfPage\":{\"@id\":\"https:\\\/\\\/www.eldigitaldeasturias.com\\\/noticias\\\/asturias-invertira-en-educacion-ambiental\\\/#mainImage\"},\"datePublished\":\"2023-12-24T14:02:53+01:00\",\"dateModified\":\"2023-12-24T14:02:53+01:00\"},{\"@type\":\"WebSite\",\"@id\":\"https:\\\/\\\/www.eldigitaldeasturias.com\\\/noticias\\\/#website\",\"url\":\"https:\\\/\\\/www.eldigitaldeasturias.com\\\/noticias\\\/\",\"name\":\"El Digital de Asturias - Diario de actualidad y noticias\",\"alternateName\":\"El Digital de Asturias - Diario de actualidad y noticias\",\"description\":\"Hemeroteca\",\"inLanguage\":\"es-ES\",\"publisher\":{\"@id\":\"https:\\\/\\\/www.eldigitaldeasturias.com\\\/noticias\\\/#organization\"}}]}\n\t\t<\/script>\n\t\t<!-- All in One SEO Pro -->\r\n\t\t<title>Asturias invertir\u00e1 en educaci\u00f3n ambiental - El Digital de Asturias<\/title>\n\n","aioseo_head_json":{"title":"Asturias invertir\u00e1 en educaci\u00f3n ambiental - El Digital de Asturias","description":"La Red Natural de Asturias (RENA) contar\u00e1 con 7.045.818 euros de presupuesto para los pr\u00f3ximos tres a\u00f1os para reforzar la atenci\u00f3n al p\u00fablico y consolidarse","canonical_url":"https:\/\/www.eldigitaldeasturias.com\/noticias\/asturias-invertira-en-educacion-ambiental\/","robots":"max-image-preview:large","keywords":"actualidad asturias","webmasterTools":{"google-site-verification":"UA-38556648-1","msvalidate.01":"7dfe9f3f1b24437ab69f4f2559babe99","miscellaneous":""},"schema":{"@context":"https:\/\/schema.org","@graph":[{"@type":"BlogPosting","@id":"https:\/\/www.eldigitaldeasturias.com\/noticias\/asturias-invertira-en-educacion-ambiental\/#blogposting","name":"Asturias invertir\u00e1 en educaci\u00f3n ambiental - El Digital de Asturias","headline":"Asturias invertir\u00e1 en educaci\u00f3n ambiental","author":{"@id":"https:\/\/www.eldigitaldeasturias.com\/noticias\/author\/admin\/#author"},"publisher":{"@id":"https:\/\/www.eldigitaldeasturias.com\/noticias\/#organization"},"image":{"@type":"ImageObject","url":"https:\/\/www.eldigitaldeasturias.com\/noticias\/wp-content\/uploads\/2023\/12\/Asturias-Natural.jpg","width":995,"height":566,"caption":"Foto: Prensa Gobierno de Asturias"},"datePublished":"2023-12-24T14:02:53+01:00","dateModified":"2023-12-24T14:02:53+01:00","inLanguage":"es-ES","mainEntityOfPage":{"@id":"https:\/\/www.eldigitaldeasturias.com\/noticias\/asturias-invertira-en-educacion-ambiental\/#webpage"},"isPartOf":{"@id":"https:\/\/www.eldigitaldeasturias.com\/noticias\/asturias-invertira-en-educacion-ambiental\/#webpage"},"articleSection":"Actualidad Asturias"},{"@type":"BreadcrumbList","@id":"https:\/\/www.eldigitaldeasturias.com\/noticias\/asturias-invertira-en-educacion-ambiental\/#breadcrumblist","itemListElement":[{"@type":"ListItem","@id":"https:\/\/www.eldigitaldeasturias.com\/noticias#listItem","position":1,"name":"Home","item":"https:\/\/www.eldigitaldeasturias.com\/noticias","nextItem":{"@type":"ListItem","@id":"https:\/\/www.eldigitaldeasturias.com\/noticias\/category\/actualidad-asturias\/#listItem","name":"Actualidad Asturias"}},{"@type":"ListItem","@id":"https:\/\/www.eldigitaldeasturias.com\/noticias\/category\/actualidad-asturias\/#listItem","position":2,"name":"Actualidad Asturias","item":"https:\/\/www.eldigitaldeasturias.com\/noticias\/category\/actualidad-asturias\/","nextItem":{"@type":"ListItem","@id":"https:\/\/www.eldigitaldeasturias.com\/noticias\/asturias-invertira-en-educacion-ambiental\/#listItem","name":"Asturias invertir\u00e1 en educaci\u00f3n ambiental"},"previousItem":{"@type":"ListItem","@id":"https:\/\/www.eldigitaldeasturias.com\/noticias#listItem","name":"Home"}},{"@type":"ListItem","@id":"https:\/\/www.eldigitaldeasturias.com\/noticias\/asturias-invertira-en-educacion-ambiental\/#listItem","position":3,"name":"Asturias invertir\u00e1 en educaci\u00f3n ambiental","previousItem":{"@type":"ListItem","@id":"https:\/\/www.eldigitaldeasturias.com\/noticias\/category\/actualidad-asturias\/#listItem","name":"Actualidad Asturias"}}]},{"@type":"Organization","@id":"https:\/\/www.eldigitaldeasturias.com\/noticias\/#organization","name":"El Digital de Asturias","description":"Hemeroteca","url":"https:\/\/www.eldigitaldeasturias.com\/noticias\/","email":"info@eldigitaldeasturias.com","telephone":"+34652131393","logo":{"@type":"ImageObject","url":"https:\/\/www.eldigitaldeasturias.com\/noticias\/wp-content\/uploads\/2020\/12\/EDA.jpg","@id":"https:\/\/www.eldigitaldeasturias.com\/noticias\/asturias-invertira-en-educacion-ambiental\/#organizationLogo","width":649,"height":297},"image":{"@id":"https:\/\/www.eldigitaldeasturias.com\/noticias\/asturias-invertira-en-educacion-ambiental\/#organizationLogo"},"sameAs":["https:\/\/facebook.com\/eldigitaldeasturias","https:\/\/www.youtube.com\/channel\/UCZP-2wLEB9Rv6erhFmqVnvg"],"address":{"@id":"https:\/\/www.eldigitaldeasturias.com\/noticias\/#postaladdress","@type":"PostalAddress","streetAddress":"san antonio 4,","postalCode":"33430","addressLocality":"Cand\u00e1s","addressRegion":"Asturias","addressCountry":"ES"}},{"@type":"Person","@id":"https:\/\/www.eldigitaldeasturias.com\/noticias\/author\/admin\/#author","url":"https:\/\/www.eldigitaldeasturias.com\/noticias\/author\/admin\/","name":"El Digital de Asturias","image":{"@type":"ImageObject","@id":"https:\/\/www.eldigitaldeasturias.com\/noticias\/asturias-invertira-en-educacion-ambiental\/#authorImage","url":"https:\/\/www.eldigitaldeasturias.com\/noticias\/wp-content\/litespeed\/avatar\/18677e78aa0546b92d9dbf31ec7d7668.jpg?ver=1777290358","width":96,"height":96,"caption":"El Digital de Asturias"}},{"@type":"WebPage","@id":"https:\/\/www.eldigitaldeasturias.com\/noticias\/asturias-invertira-en-educacion-ambiental\/#webpage","url":"https:\/\/www.eldigitaldeasturias.com\/noticias\/asturias-invertira-en-educacion-ambiental\/","name":"Asturias invertir\u00e1 en educaci\u00f3n ambiental - El Digital de Asturias","description":"La Red Natural de Asturias (RENA) contar\u00e1 con 7.045.818 euros de presupuesto para los pr\u00f3ximos tres a\u00f1os para reforzar la atenci\u00f3n al p\u00fablico y consolidarse","inLanguage":"es-ES","isPartOf":{"@id":"https:\/\/www.eldigitaldeasturias.com\/noticias\/#website"},"breadcrumb":{"@id":"https:\/\/www.eldigitaldeasturias.com\/noticias\/asturias-invertira-en-educacion-ambiental\/#breadcrumblist"},"author":{"@id":"https:\/\/www.eldigitaldeasturias.com\/noticias\/author\/admin\/#author"},"creator":{"@id":"https:\/\/www.eldigitaldeasturias.com\/noticias\/author\/admin\/#author"},"image":{"@type":"ImageObject","url":"https:\/\/www.eldigitaldeasturias.com\/noticias\/wp-content\/uploads\/2023\/12\/Asturias-Natural.jpg","@id":"https:\/\/www.eldigitaldeasturias.com\/noticias\/asturias-invertira-en-educacion-ambiental\/#mainImage","width":995,"height":566,"caption":"Foto: Prensa Gobierno de Asturias"},"primaryImageOfPage":{"@id":"https:\/\/www.eldigitaldeasturias.com\/noticias\/asturias-invertira-en-educacion-ambiental\/#mainImage"},"datePublished":"2023-12-24T14:02:53+01:00","dateModified":"2023-12-24T14:02:53+01:00"},{"@type":"WebSite","@id":"https:\/\/www.eldigitaldeasturias.com\/noticias\/#website","url":"https:\/\/www.eldigitaldeasturias.com\/noticias\/","name":"El Digital de Asturias - Diario de actualidad y noticias","alternateName":"El Digital de Asturias - Diario de actualidad y noticias","description":"Hemeroteca","inLanguage":"es-ES","publisher":{"@id":"https:\/\/www.eldigitaldeasturias.com\/noticias\/#organization"}}]},"og:locale":"es_ES","og:site_name":"El Digital de Asturias","og:type":"article","og:title":"Asturias invertir\u00e1 en educaci\u00f3n ambiental - El Digital de Asturias","og:description":"La Red Natural de Asturias (RENA) contar\u00e1 con 7.045.818 euros de presupuesto para los pr\u00f3ximos tres a\u00f1os para reforzar la atenci\u00f3n al p\u00fablico y consolidarse","og:url":"https:\/\/www.eldigitaldeasturias.com\/noticias\/asturias-invertira-en-educacion-ambiental\/","og:image":"https:\/\/www.eldigitaldeasturias.com\/noticias\/wp-content\/uploads\/2023\/12\/Asturias-Natural.jpg","og:image:secure_url":"https:\/\/www.eldigitaldeasturias.com\/noticias\/wp-content\/uploads\/2023\/12\/Asturias-Natural.jpg","og:image:width":995,"og:image:height":566,"article:tag":["actualidad asturias"],"article:published_time":"2023-12-24T13:02:53+00:00","article:modified_time":"2023-12-24T13:02:53+00:00","article:publisher":"https:\/\/facebook.com\/eldigitaldeasturias","twitter:card":"summary_large_image","twitter:title":"Asturias invertir\u00e1 en educaci\u00f3n ambiental - El Digital de Asturias","twitter:description":"La Red Natural de Asturias (RENA) contar\u00e1 con 7.045.818 euros de presupuesto para los pr\u00f3ximos tres a\u00f1os para reforzar la atenci\u00f3n al p\u00fablico y consolidarse","twitter:image":"https:\/\/www.eldigitaldeasturias.com\/noticias\/wp-content\/uploads\/2023\/12\/Asturias-Natural.jpg","twitter:label1":"Escrito por","twitter:data1":"El Digital de Asturias","twitter:label2":"Tiempo de lectura estimado","twitter:data2":"3 minutos"},"aioseo_meta_data":{"post_id":"1127833","title":null,"description":"La Red Natural de Asturias (RENA) contar\u00e1 con 7.045.818 euros de presupuesto para los pr\u00f3ximos tres a\u00f1os para reforzar la atenci\u00f3n al p\u00fablico y consolidarse","keywords":[],"keyphrases":{"focus":{"keyphrase":"Asturias","score":91,"analysis":{"keyphraseInTitle":{"score":9,"maxScore":9,"error":0},"keyphraseInDescription":{"score":9,"maxScore":9,"error":0},"keyphraseLength":{"score":9,"maxScore":9,"error":0,"length":1},"keyphraseInURL":{"score":5,"maxScore":5,"error":0},"keyphraseInIntroduction":{"score":9,"maxScore":9,"error":0},"keyphraseInSubHeadings":{"score":3,"maxScore":9,"error":1},"keyphraseInImageAlt":{"score":9,"maxScore":9,"error":0},"keywordDensity":{"type":"best","score":9,"maxScore":9,"error":0}}},"additional":[{"keyphrase":"Asturias","score":100,"analysis":{"keyphraseInDescription":{"score":9,"maxScore":9,"error":0},"keyphraseLength":{"score":9,"maxScore":9,"error":0,"length":1},"keyphraseInIntroduction":{"score":9,"maxScore":9,"error":0},"keyphraseInImageAlt":{"score":9,"maxScore":9,"error":0},"keywordDensity":{"type":"best","score":9,"maxScore":9,"error":0}}}]},"primary_term":null,"canonical_url":null,"og_title":null,"og_description":null,"og_object_type":"default","og_image_type":"default","og_image_url":null,"og_image_width":null,"og_image_height":null,"og_image_custom_url":null,"og_image_custom_fields":null,"og_video":"","og_custom_url":null,"og_article_section":null,"og_article_tags":[],"twitter_use_og":false,"twitter_card":"default","twitter_image_type":"default","twitter_image_url":null,"twitter_image_custom_url":null,"twitter_image_custom_fields":null,"twitter_title":null,"twitter_description":null,"schema":{"blockGraphs":[],"customGraphs":[],"default":{"data":{"Article":[],"Course":[],"Dataset":[],"FAQPage":[],"Movie":[],"Person":[],"Product":[],"ProductReview":[],"Car":[],"Recipe":[],"Service":[],"SoftwareApplication":[],"WebPage":[]},"graphName":"BlogPosting","isEnabled":true},"graphs":[]},"schema_type":"default","schema_type_options":null,"pillar_content":false,"robots_default":true,"robots_noindex":false,"robots_noarchive":false,"robots_nosnippet":false,"robots_nofollow":false,"robots_noimageindex":false,"robots_noodp":false,"robots_notranslate":false,"robots_max_snippet":"-1","robots_max_videopreview":"-1","robots_max_imagepreview":"large","priority":null,"frequency":"default","local_seo":null,"seo_analyzer_scan_date":"2025-10-06 00:09:09","breadcrumb_settings":null,"limit_modified_date":false,"open_ai":"{\"title\":{\"suggestions\":[],\"usage\":0},\"description\":{\"suggestions\":[],\"usage\":0}}","ai":null,"created":"2023-12-24 12:54:31","updated":"2025-10-09 06:18:28"},"aioseo_breadcrumb":"<div class=\"aioseo-breadcrumbs\"><span class=\"aioseo-breadcrumb\">\n\t<a href=\"https:\/\/www.eldigitaldeasturias.com\/noticias\" title=\"Home\">Home<\/a>\n<\/span><span class=\"aioseo-breadcrumb-separator\">\u2013<\/span><span class=\"aioseo-breadcrumb\">\n\t<a href=\"https:\/\/www.eldigitaldeasturias.com\/noticias\/category\/actualidad-asturias\/\" title=\"Actualidad Asturias\">Actualidad Asturias<\/a>\n<\/span><span class=\"aioseo-breadcrumb-separator\">\u2013<\/span><span class=\"aioseo-breadcrumb\">\n\t<a href=\"https:\/\/www.eldigitaldeasturias.com\/noticias\/asturias-invertira-en-educacion-ambiental\/\" title=\"Asturias invertir\u00e1 en educaci\u00f3n ambiental\">Asturias invertir\u00e1 en educaci\u00f3n ambiental<\/a>\n<\/span><\/div>","aioseo_breadcrumb_json":[{"label":"Home","link":"https:\/\/www.eldigitaldeasturias.com\/noticias"},{"label":"Actualidad Asturias","link":"https:\/\/www.eldigitaldeasturias.com\/noticias\/category\/actualidad-asturias\/"},{"label":"Asturias invertir\u00e1 en educaci\u00f3n ambiental","link":"https:\/\/www.eldigitaldeasturias.com\/noticias\/asturias-invertira-en-educacion-ambiental\/"}],"_links":{"self":[{"href":"https:\/\/www.eldigitaldeasturias.com\/noticias\/wp-json\/wp\/v2\/posts\/1127833","targetHints":{"allow":["GET"]}}],"collection":[{"href":"https:\/\/www.eldigitaldeasturias.com\/noticias\/wp-json\/wp\/v2\/posts"}],"about":[{"href":"https:\/\/www.eldigitaldeasturias.com\/noticias\/wp-json\/wp\/v2\/types\/post"}],"author":[{"embeddable":true,"href":"https:\/\/www.eldigitaldeasturias.com\/noticias\/wp-json\/wp\/v2\/users\/1"}],"replies":[{"embeddable":true,"href":"https:\/\/www.eldigitaldeasturias.com\/noticias\/wp-json\/wp\/v2\/comments?post=1127833"}],"version-history":[{"count":0,"href":"https:\/\/www.eldigitaldeasturias.com\/noticias\/wp-json\/wp\/v2\/posts\/1127833\/revisions"}],"wp:featuredmedia":[{"embeddable":true,"href":"https:\/\/www.eldigitaldeasturias.com\/noticias\/wp-json\/wp\/v2\/media\/1127834"}],"wp:attachment":[{"href":"https:\/\/www.eldigitaldeasturias.com\/noticias\/wp-json\/wp\/v2\/media?parent=1127833"}],"wp:term":[{"taxonomy":"category","embeddable":true,"href":"https:\/\/www.eldigitaldeasturias.com\/noticias\/wp-json\/wp\/v2\/categories?post=1127833"},{"taxonomy":"post_tag","embeddable":true,"href":"https:\/\/www.eldigitaldeasturias.com\/noticias\/wp-json\/wp\/v2\/tags?post=1127833"}],"curies":[{"name":"wp","href":"https:\/\/api.w.org\/{rel}","templated":true}]}}