{"id":1127788,"date":"2023-12-21T23:21:39","date_gmt":"2023-12-21T22:21:39","guid":{"rendered":"https:\/\/www.eldigitaldeasturias.com\/noticias\/?p=1127788"},"modified":"2023-12-22T09:25:16","modified_gmt":"2023-12-22T08:25:16","slug":"reformas-en-valladolid-calidad-de-vida-en-el-hogar","status":"publish","type":"post","link":"https:\/\/www.eldigitaldeasturias.com\/noticias\/reformas-en-valladolid-calidad-de-vida-en-el-hogar\/","title":{"rendered":"Reformas en Valladolid: Calidad de vida en el hogar"},"content":{"rendered":"<p>Uno de los deseos de miles de personas es poder <strong>realizar reformas en su hogar<\/strong>; cambiar un ba\u00f1o y <strong>poner un plato de ducha<\/strong>, ampliar el espacio \u00fatil de la cocina o <strong>reformar terrazas, habitaciones y otras estancias tanto de sus viviendas como segundas residencias<\/strong> es algo que tarde o temprano es necesario y un tema de conversaci\u00f3n bastante frecuente con la familia.<\/p>\n<p><img loading=\"lazy\" decoding=\"async\" class=\"aligncenter wp-image-1127791 size-full\" src=\"https:\/\/www.eldigitaldeasturias.com\/noticias\/wp-content\/uploads\/2023\/12\/Reformas-en-Valladolid-hogar.jpg\" alt=\"Reformas en Valladolid hogar\" width=\"640\" height=\"480\" srcset=\"https:\/\/www.eldigitaldeasturias.com\/noticias\/wp-content\/uploads\/2023\/12\/Reformas-en-Valladolid-hogar.jpg 640w, https:\/\/www.eldigitaldeasturias.com\/noticias\/wp-content\/uploads\/2023\/12\/Reformas-en-Valladolid-hogar-360x270.jpg 360w, https:\/\/www.eldigitaldeasturias.com\/noticias\/wp-content\/uploads\/2023\/12\/Reformas-en-Valladolid-hogar-400x300.jpg 400w, https:\/\/www.eldigitaldeasturias.com\/noticias\/wp-content\/uploads\/2023\/12\/Reformas-en-Valladolid-hogar-150x113.jpg 150w, https:\/\/www.eldigitaldeasturias.com\/noticias\/wp-content\/uploads\/2023\/12\/Reformas-en-Valladolid-hogar-450x338.jpg 450w\" sizes=\"auto, (max-width: 640px) 100vw, 640px\" \/><\/p>\n<blockquote><p><strong>Las reformas aportan calidad de vida, m\u00e1s confort y adem\u00e1s ayudan a actualizarse a los tiempos modernos.<\/strong><\/p><\/blockquote>\n<p><strong>Nuevas ventanas, luces m\u00e1s eficientes y que reduzcan la factura de la luz o cuartos para el estudio y el trabajo desde casa, aislantes para evitar humedad<\/strong>, o sacar m\u00e1s provecho a esos espacios sin uso es <strong>una las opciones que te ofrecen en <a title=\"refomas de casas Reformas.co\" href=\"https:\/\/reformas.co\/reformas-de-casas-en-valladolid\/\" target=\"_blank\" rel=\"noopener\"><span style=\"color: #ff6600;\">refomas de casas Reformas.co<\/span><\/a><\/strong><br \/>\n<strong>Sus expertos y profesionales le dar\u00e1n una nueva vida a tu hogar y se asesorar\u00e1n para que la casa sea ese lugar de trabajo, ocio y descanso que tanto deseas. <\/strong><\/p>\n<p><strong>Accediendo a <span style=\"color: #ff6600;\"><a style=\"color: #ff6600;\" title=\"https:\/\/reformas.co\/\" href=\"https:\/\/reformas.co\/\" target=\"_blank\" rel=\"noopener\">https:\/\/reformas.co\/<\/a><\/span> podr\u00e1s informarte de las diferentes propuestas tanto para reformas integrales de chalets, pareados, adosados o viviendas unifamiliares.<\/strong><\/p>\n<h2><strong>Las reformas que cambiar\u00e1n tu vida<\/strong><\/h2>\n<p>Para todas aquellas personas que est\u00e9n penando en reformar su vivienda lo m\u00e1s importante es tener claro que <strong>un hogar debe ser seguro, accesible y c\u00f3modo para todos los miembros de la familia, y tambi\u00e9n para los invitados o para las mascotas con las que convivimos.<\/strong><\/p>\n<p><img loading=\"lazy\" decoding=\"async\" class=\"aligncenter wp-image-1127790 size-full\" src=\"https:\/\/www.eldigitaldeasturias.com\/noticias\/wp-content\/uploads\/2023\/12\/reforma-exterior.jpg\" alt=\"reforma exterior\" width=\"640\" height=\"457\" srcset=\"https:\/\/www.eldigitaldeasturias.com\/noticias\/wp-content\/uploads\/2023\/12\/reforma-exterior.jpg 640w, https:\/\/www.eldigitaldeasturias.com\/noticias\/wp-content\/uploads\/2023\/12\/reforma-exterior-360x257.jpg 360w, https:\/\/www.eldigitaldeasturias.com\/noticias\/wp-content\/uploads\/2023\/12\/reforma-exterior-420x300.jpg 420w, https:\/\/www.eldigitaldeasturias.com\/noticias\/wp-content\/uploads\/2023\/12\/reforma-exterior-150x107.jpg 150w, https:\/\/www.eldigitaldeasturias.com\/noticias\/wp-content\/uploads\/2023\/12\/reforma-exterior-450x321.jpg 450w\" sizes=\"auto, (max-width: 640px) 100vw, 640px\" \/><\/p>\n<p>Hoy en d\u00eda una de las reformas m\u00e1s importantes para <strong>una vivienda accesible y funcional es realizar modificaciones que permitan una mayor movilidad<\/strong>, que aporten espacios seguros para ni\u00f1os y mayores y que adem\u00e1s cuenten con mejores <strong>materiales que ayuden a mantener el calor en las \u00e9pocas de fr\u00edo y evitar las altas temperaturas durante el verano, hay muchas opciones, econ\u00f3micas y duraderas que aportar\u00e1n muchos beneficios a las casas.<\/strong><\/p>\n<h2><span style=\"color: #ff6600;\"><a style=\"color: #ff6600;\" title=\"Empresa de Reformas en Valladolid : REFORMAS.CO\" href=\"https:\/\/g.page\/reformasco\">Empresa de Reformas en Valladolid : REFORMAS.CO<\/a><\/span><\/h2>\n<p>En Valladolid <strong>cada vez son m\u00e1s las personas que acuden a REFORMAS.CO para mejorar las prestaciones de su hogar, realizar cambios, asesorarse sobre los mejores materiales, y pedir un presupuesto personalizado.<\/strong><\/p>\n<p><strong>La cocina es parte del d\u00eda a d\u00eda de millones de personas<\/strong>, el lugar d\u00f3nde se comienza el d\u00eda, y el lugar en el que se comparten comidas, cenas o conversaciones con el resto de la familia, adem\u00e1s <strong>las cocinas han evolucionado durante los \u00faltimos a\u00f1os y hoy en d\u00eda las personas buscan m\u00e1s espacio y mejores electrodom\u00e9sticos<\/strong>, tambi\u00e9n cocinas exteriores o cocinas que le den un aire diferente al hogar, <strong>con una barra americana, buena luz, y espacio para los electrodom\u00e9sticos.<\/strong><\/p>\n<p><img loading=\"lazy\" decoding=\"async\" class=\"aligncenter wp-image-1127789 size-full\" src=\"https:\/\/www.eldigitaldeasturias.com\/noticias\/wp-content\/uploads\/2023\/12\/hogar-reformas.jpg\" alt=\"hogar reformas\" width=\"640\" height=\"428\" srcset=\"https:\/\/www.eldigitaldeasturias.com\/noticias\/wp-content\/uploads\/2023\/12\/hogar-reformas.jpg 640w, https:\/\/www.eldigitaldeasturias.com\/noticias\/wp-content\/uploads\/2023\/12\/hogar-reformas-360x241.jpg 360w, https:\/\/www.eldigitaldeasturias.com\/noticias\/wp-content\/uploads\/2023\/12\/hogar-reformas-449x300.jpg 449w, https:\/\/www.eldigitaldeasturias.com\/noticias\/wp-content\/uploads\/2023\/12\/hogar-reformas-150x100.jpg 150w, https:\/\/www.eldigitaldeasturias.com\/noticias\/wp-content\/uploads\/2023\/12\/hogar-reformas-450x301.jpg 450w\" sizes=\"auto, (max-width: 640px) 100vw, 640px\" \/><\/p>\n<blockquote><p>La cocina suele ser el coraz\u00f3n del hogar y es importante que sea funcional y accesible para todos.<\/p><\/blockquote>\n<p>Cuando sea desea realizar cambios en los <strong>fregaderos, instalar estantes y cajones extra\u00edbles y agregar iluminaci\u00f3n de calidad es importante dejarse asesorar por profesionales que garanticen calidad, garant\u00eda e incluso exclusividad en sus trabajo<\/strong>s. Otras partes de la casa que es importante renovar son los <strong>ba\u00f1os, suelos, escaleras, zonas verdes o piscinas, e incluso tejados.<\/strong><\/p>\n<p>Invertir en hogar es algo que siempre es importante realizar pensando tanto a medio como a largo plazo, <strong>pues las familias van cambiando, los tiempos tambi\u00e9n y las casas necesitan reformas tanto para que las personas disfruten de sus viviendas y para poder pasar algunas de esas revisiones que cada vez son m\u00e1s frecuentes en viviendas que van sumando a\u00f1os.<\/strong><\/p>\n<p>Adem\u00e1s gracias a las reformas tambi\u00e9n se puede apostar por nuevas fuentes de energ\u00eda amigables con el entorno. <strong>\u00bfPensando en renovar la casa o segunda residencia? No lo dudes e informarte con la empresa que te hemos mencionado.<\/strong><\/p>\n","protected":false},"excerpt":{"rendered":"<p>Uno de los deseos de miles de personas es poder realizar reformas en su hogar; cambiar un ba\u00f1o y poner un plato de ducha, ampliar el espacio \u00fatil de la cocina o reformar terrazas, habitaciones y otras estancias tanto de sus viviendas como segundas residencias es algo que tarde o temprano es necesario y un [&hellip;]<\/p>\n","protected":false},"author":1,"featured_media":1127791,"comment_status":"closed","ping_status":"closed","sticky":false,"template":"","format":"standard","meta":{"footnotes":""},"categories":[28],"tags":[],"class_list":["post-1127788","post","type-post","status-publish","format-standard","has-post-thumbnail","hentry","category-sociedad"],"aioseo_notices":[],"aioseo_head":"\n\t\t<!-- All in One SEO Pro 4.9.6.2 - aioseo.com -->\n\t<meta name=\"description\" content=\"Uno de los deseos de miles de personas es poder realizar reformas en su hogar; cambiar un ba\u00f1o y poner un plato de ducha, ampliar el espacio \u00fatil de la cocina\" \/>\n\t<meta name=\"robots\" content=\"max-image-preview:large\" \/>\n\t<meta name=\"author\" content=\"El Digital de Asturias\"\/>\n\t<meta name=\"google-site-verification\" content=\"UA-38556648-1\" \/>\n\t<meta name=\"msvalidate.01\" content=\"7dfe9f3f1b24437ab69f4f2559babe99\" \/>\n\t<meta name=\"keywords\" content=\"sociedad\" \/>\n\t<link rel=\"canonical\" href=\"https:\/\/www.eldigitaldeasturias.com\/noticias\/reformas-en-valladolid-calidad-de-vida-en-el-hogar\/\" \/>\n\t<meta name=\"generator\" content=\"All in One SEO Pro (AIOSEO) 4.9.6.2\" \/>\n\t\t<meta property=\"og:locale\" content=\"es_ES\" \/>\n\t\t<meta property=\"og:site_name\" content=\"El Digital de Asturias\" \/>\n\t\t<meta property=\"og:type\" content=\"article\" \/>\n\t\t<meta property=\"og:title\" content=\"Reformas en Valladolid: Calidad de vida en el hogar - El Digital de Asturias\" \/>\n\t\t<meta property=\"og:description\" content=\"Uno de los deseos de miles de personas es poder realizar reformas en su hogar; cambiar un ba\u00f1o y poner un plato de ducha, ampliar el espacio \u00fatil de la cocina\" \/>\n\t\t<meta property=\"og:url\" content=\"https:\/\/www.eldigitaldeasturias.com\/noticias\/reformas-en-valladolid-calidad-de-vida-en-el-hogar\/\" \/>\n\t\t<meta property=\"og:image\" content=\"https:\/\/www.eldigitaldeasturias.com\/noticias\/wp-content\/uploads\/2023\/12\/Reformas-en-Valladolid-hogar.jpg\" \/>\n\t\t<meta property=\"og:image:secure_url\" content=\"https:\/\/www.eldigitaldeasturias.com\/noticias\/wp-content\/uploads\/2023\/12\/Reformas-en-Valladolid-hogar.jpg\" \/>\n\t\t<meta property=\"og:image:width\" content=\"640\" \/>\n\t\t<meta property=\"og:image:height\" content=\"480\" \/>\n\t\t<meta property=\"article:tag\" content=\"sociedad\" \/>\n\t\t<meta property=\"article:published_time\" content=\"2023-12-21T22:21:39+00:00\" \/>\n\t\t<meta property=\"article:modified_time\" content=\"2023-12-22T08:25:16+00:00\" \/>\n\t\t<meta property=\"article:publisher\" content=\"https:\/\/facebook.com\/eldigitaldeasturias\" \/>\n\t\t<meta name=\"twitter:card\" content=\"summary_large_image\" \/>\n\t\t<meta name=\"twitter:title\" content=\"Reformas en Valladolid: Calidad de vida en el hogar - El Digital de Asturias\" \/>\n\t\t<meta name=\"twitter:description\" content=\"Uno de los deseos de miles de personas es poder realizar reformas en su hogar; cambiar un ba\u00f1o y poner un plato de ducha, ampliar el espacio \u00fatil de la cocina\" \/>\n\t\t<meta name=\"twitter:image\" content=\"https:\/\/www.eldigitaldeasturias.com\/noticias\/wp-content\/uploads\/2023\/12\/Reformas-en-Valladolid-hogar.jpg\" \/>\n\t\t<meta name=\"twitter:label1\" content=\"Escrito por\" \/>\n\t\t<meta name=\"twitter:data1\" content=\"El Digital de Asturias\" \/>\n\t\t<meta name=\"twitter:label2\" content=\"Tiempo de lectura estimado\" \/>\n\t\t<meta name=\"twitter:data2\" content=\"3 minutos\" \/>\n\t\t<script type=\"application\/ld+json\" class=\"aioseo-schema\">\n\t\t\t{\"@context\":\"https:\\\/\\\/schema.org\",\"@graph\":[{\"@type\":\"BlogPosting\",\"@id\":\"https:\\\/\\\/www.eldigitaldeasturias.com\\\/noticias\\\/reformas-en-valladolid-calidad-de-vida-en-el-hogar\\\/#blogposting\",\"name\":\"Reformas en Valladolid: Calidad de vida en el hogar - El Digital de Asturias\",\"headline\":\"Reformas en Valladolid: Calidad de vida en el hogar\",\"author\":{\"@id\":\"https:\\\/\\\/www.eldigitaldeasturias.com\\\/noticias\\\/author\\\/admin\\\/#author\"},\"publisher\":{\"@id\":\"https:\\\/\\\/www.eldigitaldeasturias.com\\\/noticias\\\/#organization\"},\"image\":{\"@type\":\"ImageObject\",\"url\":\"https:\\\/\\\/www.eldigitaldeasturias.com\\\/noticias\\\/wp-content\\\/uploads\\\/2023\\\/12\\\/Reformas-en-Valladolid-hogar.jpg\",\"width\":640,\"height\":480,\"caption\":\"Reformas en Valladolid hogar\"},\"datePublished\":\"2023-12-21T23:21:39+01:00\",\"dateModified\":\"2023-12-22T09:25:16+01:00\",\"inLanguage\":\"es-ES\",\"mainEntityOfPage\":{\"@id\":\"https:\\\/\\\/www.eldigitaldeasturias.com\\\/noticias\\\/reformas-en-valladolid-calidad-de-vida-en-el-hogar\\\/#webpage\"},\"isPartOf\":{\"@id\":\"https:\\\/\\\/www.eldigitaldeasturias.com\\\/noticias\\\/reformas-en-valladolid-calidad-de-vida-en-el-hogar\\\/#webpage\"},\"articleSection\":\"Sociedad\"},{\"@type\":\"BreadcrumbList\",\"@id\":\"https:\\\/\\\/www.eldigitaldeasturias.com\\\/noticias\\\/reformas-en-valladolid-calidad-de-vida-en-el-hogar\\\/#breadcrumblist\",\"itemListElement\":[{\"@type\":\"ListItem\",\"@id\":\"https:\\\/\\\/www.eldigitaldeasturias.com\\\/noticias#listItem\",\"position\":1,\"name\":\"Home\",\"item\":\"https:\\\/\\\/www.eldigitaldeasturias.com\\\/noticias\",\"nextItem\":{\"@type\":\"ListItem\",\"@id\":\"https:\\\/\\\/www.eldigitaldeasturias.com\\\/noticias\\\/category\\\/sociedad\\\/#listItem\",\"name\":\"Sociedad\"}},{\"@type\":\"ListItem\",\"@id\":\"https:\\\/\\\/www.eldigitaldeasturias.com\\\/noticias\\\/category\\\/sociedad\\\/#listItem\",\"position\":2,\"name\":\"Sociedad\",\"item\":\"https:\\\/\\\/www.eldigitaldeasturias.com\\\/noticias\\\/category\\\/sociedad\\\/\",\"nextItem\":{\"@type\":\"ListItem\",\"@id\":\"https:\\\/\\\/www.eldigitaldeasturias.com\\\/noticias\\\/reformas-en-valladolid-calidad-de-vida-en-el-hogar\\\/#listItem\",\"name\":\"Reformas en Valladolid: Calidad de vida en el hogar\"},\"previousItem\":{\"@type\":\"ListItem\",\"@id\":\"https:\\\/\\\/www.eldigitaldeasturias.com\\\/noticias#listItem\",\"name\":\"Home\"}},{\"@type\":\"ListItem\",\"@id\":\"https:\\\/\\\/www.eldigitaldeasturias.com\\\/noticias\\\/reformas-en-valladolid-calidad-de-vida-en-el-hogar\\\/#listItem\",\"position\":3,\"name\":\"Reformas en Valladolid: Calidad de vida en el hogar\",\"previousItem\":{\"@type\":\"ListItem\",\"@id\":\"https:\\\/\\\/www.eldigitaldeasturias.com\\\/noticias\\\/category\\\/sociedad\\\/#listItem\",\"name\":\"Sociedad\"}}]},{\"@type\":\"Organization\",\"@id\":\"https:\\\/\\\/www.eldigitaldeasturias.com\\\/noticias\\\/#organization\",\"name\":\"El Digital de Asturias\",\"description\":\"Hemeroteca\",\"url\":\"https:\\\/\\\/www.eldigitaldeasturias.com\\\/noticias\\\/\",\"email\":\"info@eldigitaldeasturias.com\",\"telephone\":\"+34652131393\",\"logo\":{\"@type\":\"ImageObject\",\"url\":\"https:\\\/\\\/www.eldigitaldeasturias.com\\\/noticias\\\/wp-content\\\/uploads\\\/2020\\\/12\\\/EDA.jpg\",\"@id\":\"https:\\\/\\\/www.eldigitaldeasturias.com\\\/noticias\\\/reformas-en-valladolid-calidad-de-vida-en-el-hogar\\\/#organizationLogo\",\"width\":649,\"height\":297},\"image\":{\"@id\":\"https:\\\/\\\/www.eldigitaldeasturias.com\\\/noticias\\\/reformas-en-valladolid-calidad-de-vida-en-el-hogar\\\/#organizationLogo\"},\"sameAs\":[\"https:\\\/\\\/facebook.com\\\/eldigitaldeasturias\",\"https:\\\/\\\/www.youtube.com\\\/channel\\\/UCZP-2wLEB9Rv6erhFmqVnvg\"],\"address\":{\"@id\":\"https:\\\/\\\/www.eldigitaldeasturias.com\\\/noticias\\\/#postaladdress\",\"@type\":\"PostalAddress\",\"streetAddress\":\"san antonio 4,\",\"postalCode\":\"33430\",\"addressLocality\":\"Cand\\u00e1s\",\"addressRegion\":\"Asturias\",\"addressCountry\":\"ES\"}},{\"@type\":\"Person\",\"@id\":\"https:\\\/\\\/www.eldigitaldeasturias.com\\\/noticias\\\/author\\\/admin\\\/#author\",\"url\":\"https:\\\/\\\/www.eldigitaldeasturias.com\\\/noticias\\\/author\\\/admin\\\/\",\"name\":\"El Digital de Asturias\",\"image\":{\"@type\":\"ImageObject\",\"@id\":\"https:\\\/\\\/www.eldigitaldeasturias.com\\\/noticias\\\/reformas-en-valladolid-calidad-de-vida-en-el-hogar\\\/#authorImage\",\"url\":\"https:\\\/\\\/www.eldigitaldeasturias.com\\\/noticias\\\/wp-content\\\/litespeed\\\/avatar\\\/18677e78aa0546b92d9dbf31ec7d7668.jpg?ver=1777290358\",\"width\":96,\"height\":96,\"caption\":\"El Digital de Asturias\"}},{\"@type\":\"WebPage\",\"@id\":\"https:\\\/\\\/www.eldigitaldeasturias.com\\\/noticias\\\/reformas-en-valladolid-calidad-de-vida-en-el-hogar\\\/#webpage\",\"url\":\"https:\\\/\\\/www.eldigitaldeasturias.com\\\/noticias\\\/reformas-en-valladolid-calidad-de-vida-en-el-hogar\\\/\",\"name\":\"Reformas en Valladolid: Calidad de vida en el hogar - El Digital de Asturias\",\"description\":\"Uno de los deseos de miles de personas es poder realizar reformas en su hogar; cambiar un ba\\u00f1o y poner un plato de ducha, ampliar el espacio \\u00fatil de la cocina\",\"inLanguage\":\"es-ES\",\"isPartOf\":{\"@id\":\"https:\\\/\\\/www.eldigitaldeasturias.com\\\/noticias\\\/#website\"},\"breadcrumb\":{\"@id\":\"https:\\\/\\\/www.eldigitaldeasturias.com\\\/noticias\\\/reformas-en-valladolid-calidad-de-vida-en-el-hogar\\\/#breadcrumblist\"},\"author\":{\"@id\":\"https:\\\/\\\/www.eldigitaldeasturias.com\\\/noticias\\\/author\\\/admin\\\/#author\"},\"creator\":{\"@id\":\"https:\\\/\\\/www.eldigitaldeasturias.com\\\/noticias\\\/author\\\/admin\\\/#author\"},\"image\":{\"@type\":\"ImageObject\",\"url\":\"https:\\\/\\\/www.eldigitaldeasturias.com\\\/noticias\\\/wp-content\\\/uploads\\\/2023\\\/12\\\/Reformas-en-Valladolid-hogar.jpg\",\"@id\":\"https:\\\/\\\/www.eldigitaldeasturias.com\\\/noticias\\\/reformas-en-valladolid-calidad-de-vida-en-el-hogar\\\/#mainImage\",\"width\":640,\"height\":480,\"caption\":\"Reformas en Valladolid hogar\"},\"primaryImageOfPage\":{\"@id\":\"https:\\\/\\\/www.eldigitaldeasturias.com\\\/noticias\\\/reformas-en-valladolid-calidad-de-vida-en-el-hogar\\\/#mainImage\"},\"datePublished\":\"2023-12-21T23:21:39+01:00\",\"dateModified\":\"2023-12-22T09:25:16+01:00\"},{\"@type\":\"WebSite\",\"@id\":\"https:\\\/\\\/www.eldigitaldeasturias.com\\\/noticias\\\/#website\",\"url\":\"https:\\\/\\\/www.eldigitaldeasturias.com\\\/noticias\\\/\",\"name\":\"El Digital de Asturias - Diario de actualidad y noticias\",\"alternateName\":\"El Digital de Asturias - Diario de actualidad y noticias\",\"description\":\"Hemeroteca\",\"inLanguage\":\"es-ES\",\"publisher\":{\"@id\":\"https:\\\/\\\/www.eldigitaldeasturias.com\\\/noticias\\\/#organization\"}}]}\n\t\t<\/script>\n\t\t<!-- All in One SEO Pro -->\r\n\t\t<title>Reformas en Valladolid: Calidad de vida en el hogar - El Digital de Asturias<\/title>\n\n","aioseo_head_json":{"title":"Reformas en Valladolid: Calidad de vida en el hogar - El Digital de Asturias","description":"Uno de los deseos de miles de personas es poder realizar reformas en su hogar; cambiar un ba\u00f1o y poner un plato de ducha, ampliar el espacio \u00fatil de la cocina","canonical_url":"https:\/\/www.eldigitaldeasturias.com\/noticias\/reformas-en-valladolid-calidad-de-vida-en-el-hogar\/","robots":"max-image-preview:large","keywords":"sociedad","webmasterTools":{"google-site-verification":"UA-38556648-1","msvalidate.01":"7dfe9f3f1b24437ab69f4f2559babe99","miscellaneous":""},"schema":{"@context":"https:\/\/schema.org","@graph":[{"@type":"BlogPosting","@id":"https:\/\/www.eldigitaldeasturias.com\/noticias\/reformas-en-valladolid-calidad-de-vida-en-el-hogar\/#blogposting","name":"Reformas en Valladolid: Calidad de vida en el hogar - El Digital de Asturias","headline":"Reformas en Valladolid: Calidad de vida en el hogar","author":{"@id":"https:\/\/www.eldigitaldeasturias.com\/noticias\/author\/admin\/#author"},"publisher":{"@id":"https:\/\/www.eldigitaldeasturias.com\/noticias\/#organization"},"image":{"@type":"ImageObject","url":"https:\/\/www.eldigitaldeasturias.com\/noticias\/wp-content\/uploads\/2023\/12\/Reformas-en-Valladolid-hogar.jpg","width":640,"height":480,"caption":"Reformas en Valladolid hogar"},"datePublished":"2023-12-21T23:21:39+01:00","dateModified":"2023-12-22T09:25:16+01:00","inLanguage":"es-ES","mainEntityOfPage":{"@id":"https:\/\/www.eldigitaldeasturias.com\/noticias\/reformas-en-valladolid-calidad-de-vida-en-el-hogar\/#webpage"},"isPartOf":{"@id":"https:\/\/www.eldigitaldeasturias.com\/noticias\/reformas-en-valladolid-calidad-de-vida-en-el-hogar\/#webpage"},"articleSection":"Sociedad"},{"@type":"BreadcrumbList","@id":"https:\/\/www.eldigitaldeasturias.com\/noticias\/reformas-en-valladolid-calidad-de-vida-en-el-hogar\/#breadcrumblist","itemListElement":[{"@type":"ListItem","@id":"https:\/\/www.eldigitaldeasturias.com\/noticias#listItem","position":1,"name":"Home","item":"https:\/\/www.eldigitaldeasturias.com\/noticias","nextItem":{"@type":"ListItem","@id":"https:\/\/www.eldigitaldeasturias.com\/noticias\/category\/sociedad\/#listItem","name":"Sociedad"}},{"@type":"ListItem","@id":"https:\/\/www.eldigitaldeasturias.com\/noticias\/category\/sociedad\/#listItem","position":2,"name":"Sociedad","item":"https:\/\/www.eldigitaldeasturias.com\/noticias\/category\/sociedad\/","nextItem":{"@type":"ListItem","@id":"https:\/\/www.eldigitaldeasturias.com\/noticias\/reformas-en-valladolid-calidad-de-vida-en-el-hogar\/#listItem","name":"Reformas en Valladolid: Calidad de vida en el hogar"},"previousItem":{"@type":"ListItem","@id":"https:\/\/www.eldigitaldeasturias.com\/noticias#listItem","name":"Home"}},{"@type":"ListItem","@id":"https:\/\/www.eldigitaldeasturias.com\/noticias\/reformas-en-valladolid-calidad-de-vida-en-el-hogar\/#listItem","position":3,"name":"Reformas en Valladolid: Calidad de vida en el hogar","previousItem":{"@type":"ListItem","@id":"https:\/\/www.eldigitaldeasturias.com\/noticias\/category\/sociedad\/#listItem","name":"Sociedad"}}]},{"@type":"Organization","@id":"https:\/\/www.eldigitaldeasturias.com\/noticias\/#organization","name":"El Digital de Asturias","description":"Hemeroteca","url":"https:\/\/www.eldigitaldeasturias.com\/noticias\/","email":"info@eldigitaldeasturias.com","telephone":"+34652131393","logo":{"@type":"ImageObject","url":"https:\/\/www.eldigitaldeasturias.com\/noticias\/wp-content\/uploads\/2020\/12\/EDA.jpg","@id":"https:\/\/www.eldigitaldeasturias.com\/noticias\/reformas-en-valladolid-calidad-de-vida-en-el-hogar\/#organizationLogo","width":649,"height":297},"image":{"@id":"https:\/\/www.eldigitaldeasturias.com\/noticias\/reformas-en-valladolid-calidad-de-vida-en-el-hogar\/#organizationLogo"},"sameAs":["https:\/\/facebook.com\/eldigitaldeasturias","https:\/\/www.youtube.com\/channel\/UCZP-2wLEB9Rv6erhFmqVnvg"],"address":{"@id":"https:\/\/www.eldigitaldeasturias.com\/noticias\/#postaladdress","@type":"PostalAddress","streetAddress":"san antonio 4,","postalCode":"33430","addressLocality":"Cand\u00e1s","addressRegion":"Asturias","addressCountry":"ES"}},{"@type":"Person","@id":"https:\/\/www.eldigitaldeasturias.com\/noticias\/author\/admin\/#author","url":"https:\/\/www.eldigitaldeasturias.com\/noticias\/author\/admin\/","name":"El Digital de Asturias","image":{"@type":"ImageObject","@id":"https:\/\/www.eldigitaldeasturias.com\/noticias\/reformas-en-valladolid-calidad-de-vida-en-el-hogar\/#authorImage","url":"https:\/\/www.eldigitaldeasturias.com\/noticias\/wp-content\/litespeed\/avatar\/18677e78aa0546b92d9dbf31ec7d7668.jpg?ver=1777290358","width":96,"height":96,"caption":"El Digital de Asturias"}},{"@type":"WebPage","@id":"https:\/\/www.eldigitaldeasturias.com\/noticias\/reformas-en-valladolid-calidad-de-vida-en-el-hogar\/#webpage","url":"https:\/\/www.eldigitaldeasturias.com\/noticias\/reformas-en-valladolid-calidad-de-vida-en-el-hogar\/","name":"Reformas en Valladolid: Calidad de vida en el hogar - El Digital de Asturias","description":"Uno de los deseos de miles de personas es poder realizar reformas en su hogar; cambiar un ba\u00f1o y poner un plato de ducha, ampliar el espacio \u00fatil de la cocina","inLanguage":"es-ES","isPartOf":{"@id":"https:\/\/www.eldigitaldeasturias.com\/noticias\/#website"},"breadcrumb":{"@id":"https:\/\/www.eldigitaldeasturias.com\/noticias\/reformas-en-valladolid-calidad-de-vida-en-el-hogar\/#breadcrumblist"},"author":{"@id":"https:\/\/www.eldigitaldeasturias.com\/noticias\/author\/admin\/#author"},"creator":{"@id":"https:\/\/www.eldigitaldeasturias.com\/noticias\/author\/admin\/#author"},"image":{"@type":"ImageObject","url":"https:\/\/www.eldigitaldeasturias.com\/noticias\/wp-content\/uploads\/2023\/12\/Reformas-en-Valladolid-hogar.jpg","@id":"https:\/\/www.eldigitaldeasturias.com\/noticias\/reformas-en-valladolid-calidad-de-vida-en-el-hogar\/#mainImage","width":640,"height":480,"caption":"Reformas en Valladolid hogar"},"primaryImageOfPage":{"@id":"https:\/\/www.eldigitaldeasturias.com\/noticias\/reformas-en-valladolid-calidad-de-vida-en-el-hogar\/#mainImage"},"datePublished":"2023-12-21T23:21:39+01:00","dateModified":"2023-12-22T09:25:16+01:00"},{"@type":"WebSite","@id":"https:\/\/www.eldigitaldeasturias.com\/noticias\/#website","url":"https:\/\/www.eldigitaldeasturias.com\/noticias\/","name":"El Digital de Asturias - Diario de actualidad y noticias","alternateName":"El Digital de Asturias - Diario de actualidad y noticias","description":"Hemeroteca","inLanguage":"es-ES","publisher":{"@id":"https:\/\/www.eldigitaldeasturias.com\/noticias\/#organization"}}]},"og:locale":"es_ES","og:site_name":"El Digital de Asturias","og:type":"article","og:title":"Reformas en Valladolid: Calidad de vida en el hogar - El Digital de Asturias","og:description":"Uno de los deseos de miles de personas es poder realizar reformas en su hogar; cambiar un ba\u00f1o y poner un plato de ducha, ampliar el espacio \u00fatil de la cocina","og:url":"https:\/\/www.eldigitaldeasturias.com\/noticias\/reformas-en-valladolid-calidad-de-vida-en-el-hogar\/","og:image":"https:\/\/www.eldigitaldeasturias.com\/noticias\/wp-content\/uploads\/2023\/12\/Reformas-en-Valladolid-hogar.jpg","og:image:secure_url":"https:\/\/www.eldigitaldeasturias.com\/noticias\/wp-content\/uploads\/2023\/12\/Reformas-en-Valladolid-hogar.jpg","og:image:width":640,"og:image:height":480,"article:tag":["sociedad"],"article:published_time":"2023-12-21T22:21:39+00:00","article:modified_time":"2023-12-22T08:25:16+00:00","article:publisher":"https:\/\/facebook.com\/eldigitaldeasturias","twitter:card":"summary_large_image","twitter:title":"Reformas en Valladolid: Calidad de vida en el hogar - El Digital de Asturias","twitter:description":"Uno de los deseos de miles de personas es poder realizar reformas en su hogar; cambiar un ba\u00f1o y poner un plato de ducha, ampliar el espacio \u00fatil de la cocina","twitter:image":"https:\/\/www.eldigitaldeasturias.com\/noticias\/wp-content\/uploads\/2023\/12\/Reformas-en-Valladolid-hogar.jpg","twitter:label1":"Escrito por","twitter:data1":"El Digital de Asturias","twitter:label2":"Tiempo de lectura estimado","twitter:data2":"3 minutos"},"aioseo_meta_data":{"post_id":"1127788","title":null,"description":"Uno de los deseos de miles de personas es poder realizar reformas en su hogar; cambiar un ba\u00f1o y poner un plato de ducha, ampliar el espacio \u00fatil de la cocina","keywords":[],"keyphrases":{"focus":{"keyphrase":"hogar","score":91,"analysis":{"keyphraseInTitle":{"score":9,"maxScore":9,"error":0},"keyphraseInDescription":{"score":9,"maxScore":9,"error":0},"keyphraseLength":{"score":9,"maxScore":9,"error":0,"length":1},"keyphraseInURL":{"score":5,"maxScore":5,"error":0},"keyphraseInIntroduction":{"score":9,"maxScore":9,"error":0},"keyphraseInSubHeadings":{"score":3,"maxScore":9,"error":1},"keyphraseInImageAlt":{"score":9,"maxScore":9,"error":0},"keywordDensity":{"type":"best","score":9,"maxScore":9,"error":0}}},"additional":[{"keyphrase":"reformas","score":100,"analysis":{"keyphraseInDescription":{"score":9,"maxScore":9,"error":0},"keyphraseLength":{"score":9,"maxScore":9,"error":0,"length":1},"keyphraseInIntroduction":{"score":9,"maxScore":9,"error":0},"keyphraseInImageAlt":{"score":9,"maxScore":9,"error":0},"keywordDensity":{"type":"best","score":9,"maxScore":9,"error":0}}},{"keyphrase":"hogar","score":100,"analysis":{"keyphraseInDescription":{"score":9,"maxScore":9,"error":0},"keyphraseLength":{"score":9,"maxScore":9,"error":0,"length":1},"keyphraseInIntroduction":{"score":9,"maxScore":9,"error":0},"keyphraseInImageAlt":{"score":9,"maxScore":9,"error":0},"keywordDensity":{"type":"best","score":9,"maxScore":9,"error":0}}}]},"primary_term":null,"canonical_url":null,"og_title":null,"og_description":null,"og_object_type":"default","og_image_type":"default","og_image_url":null,"og_image_width":null,"og_image_height":null,"og_image_custom_url":null,"og_image_custom_fields":null,"og_video":"","og_custom_url":null,"og_article_section":null,"og_article_tags":[],"twitter_use_og":false,"twitter_card":"default","twitter_image_type":"default","twitter_image_url":null,"twitter_image_custom_url":null,"twitter_image_custom_fields":null,"twitter_title":null,"twitter_description":null,"schema":{"blockGraphs":[],"customGraphs":[],"default":{"data":{"Article":[],"Course":[],"Dataset":[],"FAQPage":[],"Movie":[],"Person":[],"Product":[],"ProductReview":[],"Car":[],"Recipe":[],"Service":[],"SoftwareApplication":[],"WebPage":[]},"graphName":"BlogPosting","isEnabled":true},"graphs":[]},"schema_type":"default","schema_type_options":null,"pillar_content":false,"robots_default":true,"robots_noindex":false,"robots_noarchive":false,"robots_nosnippet":false,"robots_nofollow":false,"robots_noimageindex":false,"robots_noodp":false,"robots_notranslate":false,"robots_max_snippet":"-1","robots_max_videopreview":"-1","robots_max_imagepreview":"large","priority":null,"frequency":"default","local_seo":null,"seo_analyzer_scan_date":"2025-10-06 00:03:49","breadcrumb_settings":null,"limit_modified_date":false,"open_ai":"{\"title\":{\"suggestions\":[],\"usage\":0},\"description\":{\"suggestions\":[],\"usage\":0}}","ai":null,"created":"2023-12-21 21:23:37","updated":"2025-10-09 06:08:56"},"aioseo_breadcrumb":"<div class=\"aioseo-breadcrumbs\"><span class=\"aioseo-breadcrumb\">\n\t<a href=\"https:\/\/www.eldigitaldeasturias.com\/noticias\" title=\"Home\">Home<\/a>\n<\/span><span class=\"aioseo-breadcrumb-separator\">\u2013<\/span><span class=\"aioseo-breadcrumb\">\n\t<a href=\"https:\/\/www.eldigitaldeasturias.com\/noticias\/category\/sociedad\/\" title=\"Sociedad\">Sociedad<\/a>\n<\/span><span class=\"aioseo-breadcrumb-separator\">\u2013<\/span><span class=\"aioseo-breadcrumb\">\n\t<a href=\"https:\/\/www.eldigitaldeasturias.com\/noticias\/reformas-en-valladolid-calidad-de-vida-en-el-hogar\/\" title=\"Reformas en Valladolid: Calidad de vida en el hogar\">Reformas en Valladolid: Calidad de vida en el hogar<\/a>\n<\/span><\/div>","aioseo_breadcrumb_json":[{"label":"Home","link":"https:\/\/www.eldigitaldeasturias.com\/noticias"},{"label":"Sociedad","link":"https:\/\/www.eldigitaldeasturias.com\/noticias\/category\/sociedad\/"},{"label":"Reformas en Valladolid: Calidad de vida en el hogar","link":"https:\/\/www.eldigitaldeasturias.com\/noticias\/reformas-en-valladolid-calidad-de-vida-en-el-hogar\/"}],"_links":{"self":[{"href":"https:\/\/www.eldigitaldeasturias.com\/noticias\/wp-json\/wp\/v2\/posts\/1127788","targetHints":{"allow":["GET"]}}],"collection":[{"href":"https:\/\/www.eldigitaldeasturias.com\/noticias\/wp-json\/wp\/v2\/posts"}],"about":[{"href":"https:\/\/www.eldigitaldeasturias.com\/noticias\/wp-json\/wp\/v2\/types\/post"}],"author":[{"embeddable":true,"href":"https:\/\/www.eldigitaldeasturias.com\/noticias\/wp-json\/wp\/v2\/users\/1"}],"replies":[{"embeddable":true,"href":"https:\/\/www.eldigitaldeasturias.com\/noticias\/wp-json\/wp\/v2\/comments?post=1127788"}],"version-history":[{"count":0,"href":"https:\/\/www.eldigitaldeasturias.com\/noticias\/wp-json\/wp\/v2\/posts\/1127788\/revisions"}],"wp:featuredmedia":[{"embeddable":true,"href":"https:\/\/www.eldigitaldeasturias.com\/noticias\/wp-json\/wp\/v2\/media\/1127791"}],"wp:attachment":[{"href":"https:\/\/www.eldigitaldeasturias.com\/noticias\/wp-json\/wp\/v2\/media?parent=1127788"}],"wp:term":[{"taxonomy":"category","embeddable":true,"href":"https:\/\/www.eldigitaldeasturias.com\/noticias\/wp-json\/wp\/v2\/categories?post=1127788"},{"taxonomy":"post_tag","embeddable":true,"href":"https:\/\/www.eldigitaldeasturias.com\/noticias\/wp-json\/wp\/v2\/tags?post=1127788"}],"curies":[{"name":"wp","href":"https:\/\/api.w.org\/{rel}","templated":true}]}}