{"id":1127782,"date":"2023-12-21T19:56:42","date_gmt":"2023-12-21T18:56:42","guid":{"rendered":"https:\/\/www.eldigitaldeasturias.com\/noticias\/?p=1127782"},"modified":"2023-12-21T19:56:42","modified_gmt":"2023-12-21T18:56:42","slug":"preocupacion-en-asturias-del-sector-pesquero-por-los-parques-eolicos-marinos","status":"publish","type":"post","link":"https:\/\/www.eldigitaldeasturias.com\/noticias\/preocupacion-en-asturias-del-sector-pesquero-por-los-parques-eolicos-marinos\/","title":{"rendered":"Preocupaci\u00f3n en Asturias del sector pesquero por los parques e\u00f3licos marinos"},"content":{"rendered":"<p>Una de las <strong>noticias de la semana<\/strong> en el <a title=\"Principado de Asturias\" href=\"https:\/\/actualidad.asturias.es\/\" target=\"_blank\" rel=\"noopener\"><span style=\"color: #ff6600;\"><strong>Principado<\/strong><\/span><\/a> es la creciente preocupaci\u00f3n en <a href=\"https:\/\/www.eldigitaldeasturias.com\/noticias\/category\/actualidad-asturias\/\"><span style=\"color: #ff6600;\"><strong>Asturias<\/strong><\/span><\/a> del sector pesquero por la delimitaci\u00f3n de zonas para acoger <strong>parques e\u00f3licos marinos<\/strong>.<\/p>\n<figure id=\"attachment_1127783\" aria-describedby=\"caption-attachment-1127783\" style=\"width: 639px\" class=\"wp-caption aligncenter\"><img loading=\"lazy\" decoding=\"async\" class=\"wp-image-1127783 size-large\" src=\"https:\/\/www.eldigitaldeasturias.com\/noticias\/wp-content\/uploads\/2023\/12\/pesquero-Asturias-639x480.jpg\" alt=\"pesquero Asturias\" width=\"639\" height=\"480\" srcset=\"https:\/\/www.eldigitaldeasturias.com\/noticias\/wp-content\/uploads\/2023\/12\/pesquero-Asturias-639x480.jpg 639w, https:\/\/www.eldigitaldeasturias.com\/noticias\/wp-content\/uploads\/2023\/12\/pesquero-Asturias-360x271.jpg 360w, https:\/\/www.eldigitaldeasturias.com\/noticias\/wp-content\/uploads\/2023\/12\/pesquero-Asturias-399x300.jpg 399w, https:\/\/www.eldigitaldeasturias.com\/noticias\/wp-content\/uploads\/2023\/12\/pesquero-Asturias-768x577.jpg 768w, https:\/\/www.eldigitaldeasturias.com\/noticias\/wp-content\/uploads\/2023\/12\/pesquero-Asturias-150x113.jpg 150w, https:\/\/www.eldigitaldeasturias.com\/noticias\/wp-content\/uploads\/2023\/12\/pesquero-Asturias-450x338.jpg 450w, https:\/\/www.eldigitaldeasturias.com\/noticias\/wp-content\/uploads\/2023\/12\/pesquero-Asturias.jpg 877w\" sizes=\"auto, (max-width: 639px) 100vw, 639px\" \/><figcaption id=\"caption-attachment-1127783\" class=\"wp-caption-text\">Foto: El Digital de Asturias<\/figcaption><\/figure>\n<p>El Gobierno de Asturias ha informado que trasladar\u00e1 al Ministerio de Transici\u00f3n Ecol\u00f3gica y el Reto Demogr\u00e1fico (Miteco) la preocupaci\u00f3n del sector pesquero en relaci\u00f3n con la actual delimitaci\u00f3n de zonas para el desarrollo de parques e\u00f3licos marinos y los posibles impactos en los caladeros de los espacios delimitados por los Planes de Ordenaci\u00f3n del Espacio Mar\u00edtimo (POEM).<\/p>\n<p>Nieves Roque\u00f1\u00ed, consejera de Transici\u00f3n Ecol\u00f3gica, Industria y Desarrollo Econ\u00f3mico, se ha reunido con una delegaci\u00f3n de la <strong>Federaci\u00f3n de Cofrad\u00edas de Pescadores del Principado<\/strong> encabezada por su presidente, Adolfo Garc\u00eda, en la que han abordado el desarrollo de parques de generaci\u00f3n de electricidad en las costas asturianas. Seg\u00fan Roque\u00f1\u00ed, la preocupaci\u00f3n del sector es \u201crazonable\u201d y \u201centendible\u201d, por lo que trasladar\u00e1 al Miteco la posibilidad de modificar o de desplazar la ubicaci\u00f3n actual de los pol\u00edgonos en el POEM para minimizar la afectaci\u00f3n a los caladeros.<strong> \u201cNos hacemos eco de esta preocupaci\u00f3n\u201d, ha destacado la consejera.<\/strong><\/p>\n<blockquote><p>Para Roque\u00f1\u00ed, el necesario desarrollo de las energ\u00edas renovables en Asturias para el proceso de descarbonizaci\u00f3n tiene que ser \u201ccompatible con una actividad como la pesca y la protecci\u00f3n de la biodiversidad\u00bb.<\/p><\/blockquote>\n<p>En relaci\u00f3n con los parques e\u00f3licos terrestres, la consejera ha explicado que todo proyecto de estas instalaciones conlleva una tramitaci\u00f3n administrativa en dos planos o \u00e1mbitos: por un lado, el medioambiental, y, por otro, el urban\u00edstico. <strong>\u201cA Transici\u00f3n Ecol\u00f3gica nos corresponde la tramitaci\u00f3n medioambiental de las instalaciones y su autorizaci\u00f3n administrativa, una fase del procedimiento que ha de ser compatible con el planeamiento urban\u00edstico, y de hecho las declaraciones de impacto ambiental que estamos emitiendo est\u00e1n condicionadas a la viabilidad urbanista de los proyectos\u201d.<\/strong><\/p>\n<p>Ha a\u00f1adido que en caso de que se requiera una modificaci\u00f3n en los usos del suelo, la competencia para abordarla es del ayuntamiento, a no ser que el proyecto afecte a m\u00e1s de un municipio o no exista un plan especial, en cuyo caso la competencia recae en la CUOTA.<\/p>\n","protected":false},"excerpt":{"rendered":"<p>Una de las noticias de la semana en el Principado es la creciente preocupaci\u00f3n en Asturias del sector pesquero por la delimitaci\u00f3n de zonas para acoger parques e\u00f3licos marinos. El Gobierno de Asturias ha informado que trasladar\u00e1 al Ministerio de Transici\u00f3n Ecol\u00f3gica y el Reto Demogr\u00e1fico (Miteco) la preocupaci\u00f3n del sector pesquero en relaci\u00f3n con [&hellip;]<\/p>\n","protected":false},"author":1,"featured_media":1127783,"comment_status":"closed","ping_status":"closed","sticky":false,"template":"","format":"standard","meta":{"footnotes":""},"categories":[12,141],"tags":[],"class_list":["post-1127782","post","type-post","status-publish","format-standard","has-post-thumbnail","hentry","category-actualidad-asturias","category-destacadas"],"aioseo_notices":[],"aioseo_head":"\n\t\t<!-- All in One SEO Pro 4.9.6.2 - aioseo.com -->\n\t<meta name=\"description\" content=\"Una de las noticias de la semana en el Principado es la creciente preocupaci\u00f3n en Asturias del sector pesquero por la delimitaci\u00f3n de zonas para acoger parques\" \/>\n\t<meta name=\"robots\" content=\"max-image-preview:large\" \/>\n\t<meta name=\"author\" content=\"El Digital de Asturias\"\/>\n\t<meta name=\"google-site-verification\" content=\"UA-38556648-1\" \/>\n\t<meta name=\"msvalidate.01\" content=\"7dfe9f3f1b24437ab69f4f2559babe99\" \/>\n\t<meta name=\"keywords\" content=\"actualidad asturias,destacadas\" \/>\n\t<link rel=\"canonical\" href=\"https:\/\/www.eldigitaldeasturias.com\/noticias\/preocupacion-en-asturias-del-sector-pesquero-por-los-parques-eolicos-marinos\/\" \/>\n\t<meta name=\"generator\" content=\"All in One SEO Pro (AIOSEO) 4.9.6.2\" \/>\n\t\t<meta property=\"og:locale\" content=\"es_ES\" \/>\n\t\t<meta property=\"og:site_name\" content=\"El Digital de Asturias\" \/>\n\t\t<meta property=\"og:type\" content=\"article\" \/>\n\t\t<meta property=\"og:title\" content=\"Preocupaci\u00f3n en Asturias del sector pesquero por los parques e\u00f3licos marinos - El Digital de Asturias\" \/>\n\t\t<meta property=\"og:description\" content=\"Una de las noticias de la semana en el Principado es la creciente preocupaci\u00f3n en Asturias del sector pesquero por la delimitaci\u00f3n de zonas para acoger parques\" \/>\n\t\t<meta property=\"og:url\" content=\"https:\/\/www.eldigitaldeasturias.com\/noticias\/preocupacion-en-asturias-del-sector-pesquero-por-los-parques-eolicos-marinos\/\" \/>\n\t\t<meta property=\"og:image\" content=\"https:\/\/www.eldigitaldeasturias.com\/noticias\/wp-content\/uploads\/2023\/12\/pesquero-Asturias.jpg\" \/>\n\t\t<meta property=\"og:image:secure_url\" content=\"https:\/\/www.eldigitaldeasturias.com\/noticias\/wp-content\/uploads\/2023\/12\/pesquero-Asturias.jpg\" \/>\n\t\t<meta property=\"og:image:width\" content=\"877\" \/>\n\t\t<meta property=\"og:image:height\" content=\"659\" \/>\n\t\t<meta property=\"article:tag\" content=\"actualidad asturias\" \/>\n\t\t<meta property=\"article:tag\" content=\"destacadas\" \/>\n\t\t<meta property=\"article:published_time\" content=\"2023-12-21T18:56:42+00:00\" \/>\n\t\t<meta property=\"article:modified_time\" content=\"2023-12-21T18:56:42+00:00\" \/>\n\t\t<meta property=\"article:publisher\" content=\"https:\/\/facebook.com\/eldigitaldeasturias\" \/>\n\t\t<meta name=\"twitter:card\" content=\"summary_large_image\" \/>\n\t\t<meta name=\"twitter:title\" content=\"Preocupaci\u00f3n en Asturias del sector pesquero por los parques e\u00f3licos marinos - El Digital de Asturias\" \/>\n\t\t<meta name=\"twitter:description\" content=\"Una de las noticias de la semana en el Principado es la creciente preocupaci\u00f3n en Asturias del sector pesquero por la delimitaci\u00f3n de zonas para acoger parques\" \/>\n\t\t<meta name=\"twitter:image\" content=\"https:\/\/www.eldigitaldeasturias.com\/noticias\/wp-content\/uploads\/2023\/12\/pesquero-Asturias.jpg\" \/>\n\t\t<meta name=\"twitter:label1\" content=\"Escrito por\" \/>\n\t\t<meta name=\"twitter:data1\" content=\"El Digital de Asturias\" \/>\n\t\t<meta name=\"twitter:label2\" content=\"Tiempo de lectura estimado\" \/>\n\t\t<meta name=\"twitter:data2\" content=\"2 minutos\" \/>\n\t\t<script type=\"application\/ld+json\" class=\"aioseo-schema\">\n\t\t\t{\"@context\":\"https:\\\/\\\/schema.org\",\"@graph\":[{\"@type\":\"BlogPosting\",\"@id\":\"https:\\\/\\\/www.eldigitaldeasturias.com\\\/noticias\\\/preocupacion-en-asturias-del-sector-pesquero-por-los-parques-eolicos-marinos\\\/#blogposting\",\"name\":\"Preocupaci\\u00f3n en Asturias del sector pesquero por los parques e\\u00f3licos marinos - El Digital de Asturias\",\"headline\":\"Preocupaci\\u00f3n en Asturias del sector pesquero por los parques e\\u00f3licos marinos\",\"author\":{\"@id\":\"https:\\\/\\\/www.eldigitaldeasturias.com\\\/noticias\\\/author\\\/admin\\\/#author\"},\"publisher\":{\"@id\":\"https:\\\/\\\/www.eldigitaldeasturias.com\\\/noticias\\\/#organization\"},\"image\":{\"@type\":\"ImageObject\",\"url\":\"https:\\\/\\\/www.eldigitaldeasturias.com\\\/noticias\\\/wp-content\\\/uploads\\\/2023\\\/12\\\/pesquero-Asturias.jpg\",\"width\":877,\"height\":659,\"caption\":\"Foto: El Digital de Asturias\"},\"datePublished\":\"2023-12-21T19:56:42+01:00\",\"dateModified\":\"2023-12-21T19:56:42+01:00\",\"inLanguage\":\"es-ES\",\"mainEntityOfPage\":{\"@id\":\"https:\\\/\\\/www.eldigitaldeasturias.com\\\/noticias\\\/preocupacion-en-asturias-del-sector-pesquero-por-los-parques-eolicos-marinos\\\/#webpage\"},\"isPartOf\":{\"@id\":\"https:\\\/\\\/www.eldigitaldeasturias.com\\\/noticias\\\/preocupacion-en-asturias-del-sector-pesquero-por-los-parques-eolicos-marinos\\\/#webpage\"},\"articleSection\":\"Actualidad Asturias, Destacadas\"},{\"@type\":\"BreadcrumbList\",\"@id\":\"https:\\\/\\\/www.eldigitaldeasturias.com\\\/noticias\\\/preocupacion-en-asturias-del-sector-pesquero-por-los-parques-eolicos-marinos\\\/#breadcrumblist\",\"itemListElement\":[{\"@type\":\"ListItem\",\"@id\":\"https:\\\/\\\/www.eldigitaldeasturias.com\\\/noticias#listItem\",\"position\":1,\"name\":\"Home\",\"item\":\"https:\\\/\\\/www.eldigitaldeasturias.com\\\/noticias\",\"nextItem\":{\"@type\":\"ListItem\",\"@id\":\"https:\\\/\\\/www.eldigitaldeasturias.com\\\/noticias\\\/category\\\/actualidad-asturias\\\/#listItem\",\"name\":\"Actualidad Asturias\"}},{\"@type\":\"ListItem\",\"@id\":\"https:\\\/\\\/www.eldigitaldeasturias.com\\\/noticias\\\/category\\\/actualidad-asturias\\\/#listItem\",\"position\":2,\"name\":\"Actualidad Asturias\",\"item\":\"https:\\\/\\\/www.eldigitaldeasturias.com\\\/noticias\\\/category\\\/actualidad-asturias\\\/\",\"nextItem\":{\"@type\":\"ListItem\",\"@id\":\"https:\\\/\\\/www.eldigitaldeasturias.com\\\/noticias\\\/preocupacion-en-asturias-del-sector-pesquero-por-los-parques-eolicos-marinos\\\/#listItem\",\"name\":\"Preocupaci\\u00f3n en Asturias del sector pesquero por los parques e\\u00f3licos marinos\"},\"previousItem\":{\"@type\":\"ListItem\",\"@id\":\"https:\\\/\\\/www.eldigitaldeasturias.com\\\/noticias#listItem\",\"name\":\"Home\"}},{\"@type\":\"ListItem\",\"@id\":\"https:\\\/\\\/www.eldigitaldeasturias.com\\\/noticias\\\/preocupacion-en-asturias-del-sector-pesquero-por-los-parques-eolicos-marinos\\\/#listItem\",\"position\":3,\"name\":\"Preocupaci\\u00f3n en Asturias del sector pesquero por los parques e\\u00f3licos marinos\",\"previousItem\":{\"@type\":\"ListItem\",\"@id\":\"https:\\\/\\\/www.eldigitaldeasturias.com\\\/noticias\\\/category\\\/actualidad-asturias\\\/#listItem\",\"name\":\"Actualidad Asturias\"}}]},{\"@type\":\"Organization\",\"@id\":\"https:\\\/\\\/www.eldigitaldeasturias.com\\\/noticias\\\/#organization\",\"name\":\"El Digital de Asturias\",\"description\":\"Hemeroteca\",\"url\":\"https:\\\/\\\/www.eldigitaldeasturias.com\\\/noticias\\\/\",\"email\":\"info@eldigitaldeasturias.com\",\"telephone\":\"+34652131393\",\"logo\":{\"@type\":\"ImageObject\",\"url\":\"https:\\\/\\\/www.eldigitaldeasturias.com\\\/noticias\\\/wp-content\\\/uploads\\\/2020\\\/12\\\/EDA.jpg\",\"@id\":\"https:\\\/\\\/www.eldigitaldeasturias.com\\\/noticias\\\/preocupacion-en-asturias-del-sector-pesquero-por-los-parques-eolicos-marinos\\\/#organizationLogo\",\"width\":649,\"height\":297},\"image\":{\"@id\":\"https:\\\/\\\/www.eldigitaldeasturias.com\\\/noticias\\\/preocupacion-en-asturias-del-sector-pesquero-por-los-parques-eolicos-marinos\\\/#organizationLogo\"},\"sameAs\":[\"https:\\\/\\\/facebook.com\\\/eldigitaldeasturias\",\"https:\\\/\\\/www.youtube.com\\\/channel\\\/UCZP-2wLEB9Rv6erhFmqVnvg\"],\"address\":{\"@id\":\"https:\\\/\\\/www.eldigitaldeasturias.com\\\/noticias\\\/#postaladdress\",\"@type\":\"PostalAddress\",\"streetAddress\":\"san antonio 4,\",\"postalCode\":\"33430\",\"addressLocality\":\"Cand\\u00e1s\",\"addressRegion\":\"Asturias\",\"addressCountry\":\"ES\"}},{\"@type\":\"Person\",\"@id\":\"https:\\\/\\\/www.eldigitaldeasturias.com\\\/noticias\\\/author\\\/admin\\\/#author\",\"url\":\"https:\\\/\\\/www.eldigitaldeasturias.com\\\/noticias\\\/author\\\/admin\\\/\",\"name\":\"El Digital de Asturias\",\"image\":{\"@type\":\"ImageObject\",\"@id\":\"https:\\\/\\\/www.eldigitaldeasturias.com\\\/noticias\\\/preocupacion-en-asturias-del-sector-pesquero-por-los-parques-eolicos-marinos\\\/#authorImage\",\"url\":\"https:\\\/\\\/www.eldigitaldeasturias.com\\\/noticias\\\/wp-content\\\/litespeed\\\/avatar\\\/18677e78aa0546b92d9dbf31ec7d7668.jpg?ver=1777290358\",\"width\":96,\"height\":96,\"caption\":\"El Digital de Asturias\"}},{\"@type\":\"WebPage\",\"@id\":\"https:\\\/\\\/www.eldigitaldeasturias.com\\\/noticias\\\/preocupacion-en-asturias-del-sector-pesquero-por-los-parques-eolicos-marinos\\\/#webpage\",\"url\":\"https:\\\/\\\/www.eldigitaldeasturias.com\\\/noticias\\\/preocupacion-en-asturias-del-sector-pesquero-por-los-parques-eolicos-marinos\\\/\",\"name\":\"Preocupaci\\u00f3n en Asturias del sector pesquero por los parques e\\u00f3licos marinos - El Digital de Asturias\",\"description\":\"Una de las noticias de la semana en el Principado es la creciente preocupaci\\u00f3n en Asturias del sector pesquero por la delimitaci\\u00f3n de zonas para acoger parques\",\"inLanguage\":\"es-ES\",\"isPartOf\":{\"@id\":\"https:\\\/\\\/www.eldigitaldeasturias.com\\\/noticias\\\/#website\"},\"breadcrumb\":{\"@id\":\"https:\\\/\\\/www.eldigitaldeasturias.com\\\/noticias\\\/preocupacion-en-asturias-del-sector-pesquero-por-los-parques-eolicos-marinos\\\/#breadcrumblist\"},\"author\":{\"@id\":\"https:\\\/\\\/www.eldigitaldeasturias.com\\\/noticias\\\/author\\\/admin\\\/#author\"},\"creator\":{\"@id\":\"https:\\\/\\\/www.eldigitaldeasturias.com\\\/noticias\\\/author\\\/admin\\\/#author\"},\"image\":{\"@type\":\"ImageObject\",\"url\":\"https:\\\/\\\/www.eldigitaldeasturias.com\\\/noticias\\\/wp-content\\\/uploads\\\/2023\\\/12\\\/pesquero-Asturias.jpg\",\"@id\":\"https:\\\/\\\/www.eldigitaldeasturias.com\\\/noticias\\\/preocupacion-en-asturias-del-sector-pesquero-por-los-parques-eolicos-marinos\\\/#mainImage\",\"width\":877,\"height\":659,\"caption\":\"Foto: El Digital de Asturias\"},\"primaryImageOfPage\":{\"@id\":\"https:\\\/\\\/www.eldigitaldeasturias.com\\\/noticias\\\/preocupacion-en-asturias-del-sector-pesquero-por-los-parques-eolicos-marinos\\\/#mainImage\"},\"datePublished\":\"2023-12-21T19:56:42+01:00\",\"dateModified\":\"2023-12-21T19:56:42+01:00\"},{\"@type\":\"WebSite\",\"@id\":\"https:\\\/\\\/www.eldigitaldeasturias.com\\\/noticias\\\/#website\",\"url\":\"https:\\\/\\\/www.eldigitaldeasturias.com\\\/noticias\\\/\",\"name\":\"El Digital de Asturias - Diario de actualidad y noticias\",\"alternateName\":\"El Digital de Asturias - Diario de actualidad y noticias\",\"description\":\"Hemeroteca\",\"inLanguage\":\"es-ES\",\"publisher\":{\"@id\":\"https:\\\/\\\/www.eldigitaldeasturias.com\\\/noticias\\\/#organization\"}}]}\n\t\t<\/script>\n\t\t<!-- All in One SEO Pro -->\r\n\t\t<title>Preocupaci\u00f3n en Asturias del sector pesquero por los parques e\u00f3licos marinos - El Digital de Asturias<\/title>\n\n","aioseo_head_json":{"title":"Preocupaci\u00f3n en Asturias del sector pesquero por los parques e\u00f3licos marinos - El Digital de Asturias","description":"Una de las noticias de la semana en el Principado es la creciente preocupaci\u00f3n en Asturias del sector pesquero por la delimitaci\u00f3n de zonas para acoger parques","canonical_url":"https:\/\/www.eldigitaldeasturias.com\/noticias\/preocupacion-en-asturias-del-sector-pesquero-por-los-parques-eolicos-marinos\/","robots":"max-image-preview:large","keywords":"actualidad asturias,destacadas","webmasterTools":{"google-site-verification":"UA-38556648-1","msvalidate.01":"7dfe9f3f1b24437ab69f4f2559babe99","miscellaneous":""},"schema":{"@context":"https:\/\/schema.org","@graph":[{"@type":"BlogPosting","@id":"https:\/\/www.eldigitaldeasturias.com\/noticias\/preocupacion-en-asturias-del-sector-pesquero-por-los-parques-eolicos-marinos\/#blogposting","name":"Preocupaci\u00f3n en Asturias del sector pesquero por los parques e\u00f3licos marinos - El Digital de Asturias","headline":"Preocupaci\u00f3n en Asturias del sector pesquero por los parques e\u00f3licos marinos","author":{"@id":"https:\/\/www.eldigitaldeasturias.com\/noticias\/author\/admin\/#author"},"publisher":{"@id":"https:\/\/www.eldigitaldeasturias.com\/noticias\/#organization"},"image":{"@type":"ImageObject","url":"https:\/\/www.eldigitaldeasturias.com\/noticias\/wp-content\/uploads\/2023\/12\/pesquero-Asturias.jpg","width":877,"height":659,"caption":"Foto: El Digital de Asturias"},"datePublished":"2023-12-21T19:56:42+01:00","dateModified":"2023-12-21T19:56:42+01:00","inLanguage":"es-ES","mainEntityOfPage":{"@id":"https:\/\/www.eldigitaldeasturias.com\/noticias\/preocupacion-en-asturias-del-sector-pesquero-por-los-parques-eolicos-marinos\/#webpage"},"isPartOf":{"@id":"https:\/\/www.eldigitaldeasturias.com\/noticias\/preocupacion-en-asturias-del-sector-pesquero-por-los-parques-eolicos-marinos\/#webpage"},"articleSection":"Actualidad Asturias, Destacadas"},{"@type":"BreadcrumbList","@id":"https:\/\/www.eldigitaldeasturias.com\/noticias\/preocupacion-en-asturias-del-sector-pesquero-por-los-parques-eolicos-marinos\/#breadcrumblist","itemListElement":[{"@type":"ListItem","@id":"https:\/\/www.eldigitaldeasturias.com\/noticias#listItem","position":1,"name":"Home","item":"https:\/\/www.eldigitaldeasturias.com\/noticias","nextItem":{"@type":"ListItem","@id":"https:\/\/www.eldigitaldeasturias.com\/noticias\/category\/actualidad-asturias\/#listItem","name":"Actualidad Asturias"}},{"@type":"ListItem","@id":"https:\/\/www.eldigitaldeasturias.com\/noticias\/category\/actualidad-asturias\/#listItem","position":2,"name":"Actualidad Asturias","item":"https:\/\/www.eldigitaldeasturias.com\/noticias\/category\/actualidad-asturias\/","nextItem":{"@type":"ListItem","@id":"https:\/\/www.eldigitaldeasturias.com\/noticias\/preocupacion-en-asturias-del-sector-pesquero-por-los-parques-eolicos-marinos\/#listItem","name":"Preocupaci\u00f3n en Asturias del sector pesquero por los parques e\u00f3licos marinos"},"previousItem":{"@type":"ListItem","@id":"https:\/\/www.eldigitaldeasturias.com\/noticias#listItem","name":"Home"}},{"@type":"ListItem","@id":"https:\/\/www.eldigitaldeasturias.com\/noticias\/preocupacion-en-asturias-del-sector-pesquero-por-los-parques-eolicos-marinos\/#listItem","position":3,"name":"Preocupaci\u00f3n en Asturias del sector pesquero por los parques e\u00f3licos marinos","previousItem":{"@type":"ListItem","@id":"https:\/\/www.eldigitaldeasturias.com\/noticias\/category\/actualidad-asturias\/#listItem","name":"Actualidad Asturias"}}]},{"@type":"Organization","@id":"https:\/\/www.eldigitaldeasturias.com\/noticias\/#organization","name":"El Digital de Asturias","description":"Hemeroteca","url":"https:\/\/www.eldigitaldeasturias.com\/noticias\/","email":"info@eldigitaldeasturias.com","telephone":"+34652131393","logo":{"@type":"ImageObject","url":"https:\/\/www.eldigitaldeasturias.com\/noticias\/wp-content\/uploads\/2020\/12\/EDA.jpg","@id":"https:\/\/www.eldigitaldeasturias.com\/noticias\/preocupacion-en-asturias-del-sector-pesquero-por-los-parques-eolicos-marinos\/#organizationLogo","width":649,"height":297},"image":{"@id":"https:\/\/www.eldigitaldeasturias.com\/noticias\/preocupacion-en-asturias-del-sector-pesquero-por-los-parques-eolicos-marinos\/#organizationLogo"},"sameAs":["https:\/\/facebook.com\/eldigitaldeasturias","https:\/\/www.youtube.com\/channel\/UCZP-2wLEB9Rv6erhFmqVnvg"],"address":{"@id":"https:\/\/www.eldigitaldeasturias.com\/noticias\/#postaladdress","@type":"PostalAddress","streetAddress":"san antonio 4,","postalCode":"33430","addressLocality":"Cand\u00e1s","addressRegion":"Asturias","addressCountry":"ES"}},{"@type":"Person","@id":"https:\/\/www.eldigitaldeasturias.com\/noticias\/author\/admin\/#author","url":"https:\/\/www.eldigitaldeasturias.com\/noticias\/author\/admin\/","name":"El Digital de Asturias","image":{"@type":"ImageObject","@id":"https:\/\/www.eldigitaldeasturias.com\/noticias\/preocupacion-en-asturias-del-sector-pesquero-por-los-parques-eolicos-marinos\/#authorImage","url":"https:\/\/www.eldigitaldeasturias.com\/noticias\/wp-content\/litespeed\/avatar\/18677e78aa0546b92d9dbf31ec7d7668.jpg?ver=1777290358","width":96,"height":96,"caption":"El Digital de Asturias"}},{"@type":"WebPage","@id":"https:\/\/www.eldigitaldeasturias.com\/noticias\/preocupacion-en-asturias-del-sector-pesquero-por-los-parques-eolicos-marinos\/#webpage","url":"https:\/\/www.eldigitaldeasturias.com\/noticias\/preocupacion-en-asturias-del-sector-pesquero-por-los-parques-eolicos-marinos\/","name":"Preocupaci\u00f3n en Asturias del sector pesquero por los parques e\u00f3licos marinos - El Digital de Asturias","description":"Una de las noticias de la semana en el Principado es la creciente preocupaci\u00f3n en Asturias del sector pesquero por la delimitaci\u00f3n de zonas para acoger parques","inLanguage":"es-ES","isPartOf":{"@id":"https:\/\/www.eldigitaldeasturias.com\/noticias\/#website"},"breadcrumb":{"@id":"https:\/\/www.eldigitaldeasturias.com\/noticias\/preocupacion-en-asturias-del-sector-pesquero-por-los-parques-eolicos-marinos\/#breadcrumblist"},"author":{"@id":"https:\/\/www.eldigitaldeasturias.com\/noticias\/author\/admin\/#author"},"creator":{"@id":"https:\/\/www.eldigitaldeasturias.com\/noticias\/author\/admin\/#author"},"image":{"@type":"ImageObject","url":"https:\/\/www.eldigitaldeasturias.com\/noticias\/wp-content\/uploads\/2023\/12\/pesquero-Asturias.jpg","@id":"https:\/\/www.eldigitaldeasturias.com\/noticias\/preocupacion-en-asturias-del-sector-pesquero-por-los-parques-eolicos-marinos\/#mainImage","width":877,"height":659,"caption":"Foto: El Digital de Asturias"},"primaryImageOfPage":{"@id":"https:\/\/www.eldigitaldeasturias.com\/noticias\/preocupacion-en-asturias-del-sector-pesquero-por-los-parques-eolicos-marinos\/#mainImage"},"datePublished":"2023-12-21T19:56:42+01:00","dateModified":"2023-12-21T19:56:42+01:00"},{"@type":"WebSite","@id":"https:\/\/www.eldigitaldeasturias.com\/noticias\/#website","url":"https:\/\/www.eldigitaldeasturias.com\/noticias\/","name":"El Digital de Asturias - Diario de actualidad y noticias","alternateName":"El Digital de Asturias - Diario de actualidad y noticias","description":"Hemeroteca","inLanguage":"es-ES","publisher":{"@id":"https:\/\/www.eldigitaldeasturias.com\/noticias\/#organization"}}]},"og:locale":"es_ES","og:site_name":"El Digital de Asturias","og:type":"article","og:title":"Preocupaci\u00f3n en Asturias del sector pesquero por los parques e\u00f3licos marinos - El Digital de Asturias","og:description":"Una de las noticias de la semana en el Principado es la creciente preocupaci\u00f3n en Asturias del sector pesquero por la delimitaci\u00f3n de zonas para acoger parques","og:url":"https:\/\/www.eldigitaldeasturias.com\/noticias\/preocupacion-en-asturias-del-sector-pesquero-por-los-parques-eolicos-marinos\/","og:image":"https:\/\/www.eldigitaldeasturias.com\/noticias\/wp-content\/uploads\/2023\/12\/pesquero-Asturias.jpg","og:image:secure_url":"https:\/\/www.eldigitaldeasturias.com\/noticias\/wp-content\/uploads\/2023\/12\/pesquero-Asturias.jpg","og:image:width":877,"og:image:height":659,"article:tag":["actualidad asturias","destacadas"],"article:published_time":"2023-12-21T18:56:42+00:00","article:modified_time":"2023-12-21T18:56:42+00:00","article:publisher":"https:\/\/facebook.com\/eldigitaldeasturias","twitter:card":"summary_large_image","twitter:title":"Preocupaci\u00f3n en Asturias del sector pesquero por los parques e\u00f3licos marinos - El Digital de Asturias","twitter:description":"Una de las noticias de la semana en el Principado es la creciente preocupaci\u00f3n en Asturias del sector pesquero por la delimitaci\u00f3n de zonas para acoger parques","twitter:image":"https:\/\/www.eldigitaldeasturias.com\/noticias\/wp-content\/uploads\/2023\/12\/pesquero-Asturias.jpg","twitter:label1":"Escrito por","twitter:data1":"El Digital de Asturias","twitter:label2":"Tiempo de lectura estimado","twitter:data2":"2 minutos"},"aioseo_meta_data":{"post_id":"1127782","title":null,"description":"Una de las noticias de la semana en el Principado es la creciente preocupaci\u00f3n en Asturias del sector pesquero por la delimitaci\u00f3n de zonas para acoger parques","keywords":[],"keyphrases":{"focus":{"keyphrase":"Asturias","score":100,"analysis":{"keyphraseInTitle":{"score":9,"maxScore":9,"error":0},"keyphraseInDescription":{"score":9,"maxScore":9,"error":0},"keyphraseLength":{"score":9,"maxScore":9,"error":0,"length":1},"keyphraseInURL":{"score":5,"maxScore":5,"error":0},"keyphraseInIntroduction":{"score":9,"maxScore":9,"error":0},"keyphraseInSubHeadings":[],"keyphraseInImageAlt":{"score":9,"maxScore":9,"error":0},"keywordDensity":{"type":"best","score":9,"maxScore":9,"error":0}}},"additional":[{"keyphrase":"Asturias","score":100,"analysis":{"keyphraseInDescription":{"score":9,"maxScore":9,"error":0},"keyphraseLength":{"score":9,"maxScore":9,"error":0,"length":1},"keyphraseInIntroduction":{"score":9,"maxScore":9,"error":0},"keyphraseInImageAlt":{"score":9,"maxScore":9,"error":0},"keywordDensity":{"type":"best","score":9,"maxScore":9,"error":0}}},{"keyphrase":"sector pesquero ","score":87,"analysis":{"keyphraseInDescription":{"score":9,"maxScore":9,"error":0},"keyphraseLength":{"score":9,"maxScore":9,"error":0,"length":2},"keyphraseInIntroduction":{"score":9,"maxScore":9,"error":0},"keyphraseInImageAlt":{"score":3,"maxScore":9,"error":1},"keywordDensity":{"type":"best","score":9,"maxScore":9,"error":0}}}]},"primary_term":null,"canonical_url":null,"og_title":null,"og_description":null,"og_object_type":"default","og_image_type":"default","og_image_url":null,"og_image_width":null,"og_image_height":null,"og_image_custom_url":null,"og_image_custom_fields":null,"og_video":"","og_custom_url":null,"og_article_section":null,"og_article_tags":[],"twitter_use_og":false,"twitter_card":"default","twitter_image_type":"default","twitter_image_url":null,"twitter_image_custom_url":null,"twitter_image_custom_fields":null,"twitter_title":null,"twitter_description":null,"schema":{"blockGraphs":[],"customGraphs":[],"default":{"data":{"Article":[],"Course":[],"Dataset":[],"FAQPage":[],"Movie":[],"Person":[],"Product":[],"ProductReview":[],"Car":[],"Recipe":[],"Service":[],"SoftwareApplication":[],"WebPage":[]},"graphName":"BlogPosting","isEnabled":true},"graphs":[]},"schema_type":"default","schema_type_options":null,"pillar_content":false,"robots_default":true,"robots_noindex":false,"robots_noarchive":false,"robots_nosnippet":false,"robots_nofollow":false,"robots_noimageindex":false,"robots_noodp":false,"robots_notranslate":false,"robots_max_snippet":"-1","robots_max_videopreview":"-1","robots_max_imagepreview":"large","priority":null,"frequency":"default","local_seo":null,"seo_analyzer_scan_date":"2025-10-06 00:03:28","breadcrumb_settings":null,"limit_modified_date":false,"open_ai":"{\"title\":{\"suggestions\":[],\"usage\":0},\"description\":{\"suggestions\":[],\"usage\":0}}","ai":null,"created":"2023-12-21 18:43:02","updated":"2025-10-09 06:08:56"},"aioseo_breadcrumb":"<div class=\"aioseo-breadcrumbs\"><span class=\"aioseo-breadcrumb\">\n\t<a href=\"https:\/\/www.eldigitaldeasturias.com\/noticias\" title=\"Home\">Home<\/a>\n<\/span><span class=\"aioseo-breadcrumb-separator\">\u2013<\/span><span class=\"aioseo-breadcrumb\">\n\t<a href=\"https:\/\/www.eldigitaldeasturias.com\/noticias\/category\/actualidad-asturias\/\" title=\"Actualidad Asturias\">Actualidad Asturias<\/a>\n<\/span><span class=\"aioseo-breadcrumb-separator\">\u2013<\/span><span class=\"aioseo-breadcrumb\">\n\t<a href=\"https:\/\/www.eldigitaldeasturias.com\/noticias\/preocupacion-en-asturias-del-sector-pesquero-por-los-parques-eolicos-marinos\/\" title=\"Preocupaci\u00f3n en Asturias del sector pesquero por los parques e\u00f3licos marinos\">Preocupaci\u00f3n en Asturias del sector pesquero por los parques e\u00f3licos marinos<\/a>\n<\/span><\/div>","aioseo_breadcrumb_json":[{"label":"Home","link":"https:\/\/www.eldigitaldeasturias.com\/noticias"},{"label":"Actualidad Asturias","link":"https:\/\/www.eldigitaldeasturias.com\/noticias\/category\/actualidad-asturias\/"},{"label":"Preocupaci\u00f3n en Asturias del sector pesquero por los parques e\u00f3licos marinos","link":"https:\/\/www.eldigitaldeasturias.com\/noticias\/preocupacion-en-asturias-del-sector-pesquero-por-los-parques-eolicos-marinos\/"}],"_links":{"self":[{"href":"https:\/\/www.eldigitaldeasturias.com\/noticias\/wp-json\/wp\/v2\/posts\/1127782","targetHints":{"allow":["GET"]}}],"collection":[{"href":"https:\/\/www.eldigitaldeasturias.com\/noticias\/wp-json\/wp\/v2\/posts"}],"about":[{"href":"https:\/\/www.eldigitaldeasturias.com\/noticias\/wp-json\/wp\/v2\/types\/post"}],"author":[{"embeddable":true,"href":"https:\/\/www.eldigitaldeasturias.com\/noticias\/wp-json\/wp\/v2\/users\/1"}],"replies":[{"embeddable":true,"href":"https:\/\/www.eldigitaldeasturias.com\/noticias\/wp-json\/wp\/v2\/comments?post=1127782"}],"version-history":[{"count":0,"href":"https:\/\/www.eldigitaldeasturias.com\/noticias\/wp-json\/wp\/v2\/posts\/1127782\/revisions"}],"wp:featuredmedia":[{"embeddable":true,"href":"https:\/\/www.eldigitaldeasturias.com\/noticias\/wp-json\/wp\/v2\/media\/1127783"}],"wp:attachment":[{"href":"https:\/\/www.eldigitaldeasturias.com\/noticias\/wp-json\/wp\/v2\/media?parent=1127782"}],"wp:term":[{"taxonomy":"category","embeddable":true,"href":"https:\/\/www.eldigitaldeasturias.com\/noticias\/wp-json\/wp\/v2\/categories?post=1127782"},{"taxonomy":"post_tag","embeddable":true,"href":"https:\/\/www.eldigitaldeasturias.com\/noticias\/wp-json\/wp\/v2\/tags?post=1127782"}],"curies":[{"name":"wp","href":"https:\/\/api.w.org\/{rel}","templated":true}]}}