{"id":1127766,"date":"2023-12-20T11:38:58","date_gmt":"2023-12-20T10:38:58","guid":{"rendered":"https:\/\/www.eldigitaldeasturias.com\/noticias\/?p=1127766"},"modified":"2023-12-20T11:38:58","modified_gmt":"2023-12-20T10:38:58","slug":"vandalismo-inaceptable-en-la-senda-del-oso","status":"publish","type":"post","link":"https:\/\/www.eldigitaldeasturias.com\/noticias\/vandalismo-inaceptable-en-la-senda-del-oso\/","title":{"rendered":"Vandalismo inaceptable en la Senda del Oso"},"content":{"rendered":"<p>Desagradable e inaceptable <a href=\"https:\/\/www.eldigitaldeasturias.com\/noticias\/category\/sucesos\/\"><span style=\"color: #ff6600;\"><strong>acto de vandalismo<\/strong><\/span><\/a> el ocurrido en Senda del Oso y respuesta <a href=\"https:\/\/actualidad.asturias.es\/-\/el-gobierno-de-asturias-condena-el-acto-de-salvajismo-cometido-en-la-senda-del-oso-donde-ha-aparecido-colgada-la-cabeza-de-un-lobo?redirect=%2Falertas\"><span style=\"color: #ff6600;\"><strong>Marcos L\u00edndez<\/strong><\/span><\/a> que ha lamentado el \u00abdelito ambiental\u00bb, <strong>una cabeza de un lobo \u00abapareci\u00f3\u00bb colgada de un paso peatonal en la Senda del Oso<\/strong>, en un tramo pr\u00f3ximo a Villanueva de Santo Adriano.<\/p>\n<figure id=\"attachment_1127767\" aria-describedby=\"caption-attachment-1127767\" style=\"width: 608px\" class=\"wp-caption aligncenter\"><img loading=\"lazy\" decoding=\"async\" class=\"wp-image-1127767 size-large\" src=\"https:\/\/www.eldigitaldeasturias.com\/noticias\/wp-content\/uploads\/2023\/12\/Lindez-suceso-Senda-del-Oso-608x480.jpg\" alt=\"L\u00edndez suceso Senda del Oso\" width=\"608\" height=\"480\" srcset=\"https:\/\/www.eldigitaldeasturias.com\/noticias\/wp-content\/uploads\/2023\/12\/Lindez-suceso-Senda-del-Oso-608x480.jpg 608w, https:\/\/www.eldigitaldeasturias.com\/noticias\/wp-content\/uploads\/2023\/12\/Lindez-suceso-Senda-del-Oso-360x284.jpg 360w, https:\/\/www.eldigitaldeasturias.com\/noticias\/wp-content\/uploads\/2023\/12\/Lindez-suceso-Senda-del-Oso-380x300.jpg 380w, https:\/\/www.eldigitaldeasturias.com\/noticias\/wp-content\/uploads\/2023\/12\/Lindez-suceso-Senda-del-Oso-768x606.jpg 768w, https:\/\/www.eldigitaldeasturias.com\/noticias\/wp-content\/uploads\/2023\/12\/Lindez-suceso-Senda-del-Oso-150x118.jpg 150w, https:\/\/www.eldigitaldeasturias.com\/noticias\/wp-content\/uploads\/2023\/12\/Lindez-suceso-Senda-del-Oso-450x355.jpg 450w, https:\/\/www.eldigitaldeasturias.com\/noticias\/wp-content\/uploads\/2023\/12\/Lindez-suceso-Senda-del-Oso.jpg 802w\" sizes=\"auto, (max-width: 608px) 100vw, 608px\" \/><figcaption id=\"caption-attachment-1127767\" class=\"wp-caption-text\">Foto: Prensa Gobierno de Asturias<\/figcaption><\/figure>\n<p><strong>Marcos L\u00edndez ha recordado la oposici\u00f3n del Gobierno de Asturias a la inclusi\u00f3n del lobo en el listado de especies protegidas<\/strong> (Lespre): \u201cnuestro rechazo est\u00e1 claro. <strong>Somos conscientes tambi\u00e9n del da\u00f1o que los ataques de esta especie causan a nuestra caba\u00f1a ganadera, pero eso en modo alguno justifica el incumplimiento de la ley. Este es un acto de salvajismo que merece mi condena rotunda y radical\u201d<\/strong>. \u201cDetr\u00e1s de estos actos se sit\u00faan radicales que act\u00faan de manera ajena a la normativa\u201d, ha a\u00f1adido.<\/p>\n<p>El consejero ha ofrecido toda la colaboraci\u00f3n del Gobierno del Principado para ayudar a las fuerzas del orden a esclarecer este suceso y <strong>condenar a los culpables con el castigo que corresponda<\/strong>. Tambi\u00e9n ha subrayado que el Ejecutivo asturiano no defiende que el lobo sea especie cineg\u00e9tica, sino la aplicaci\u00f3n del plan de gesti\u00f3n, de modo que se garantice la convivencia entre la ganader\u00eda extensiva y la preservaci\u00f3n de la fauna silvestre.<\/p>\n","protected":false},"excerpt":{"rendered":"<p>Desagradable e inaceptable acto de vandalismo el ocurrido en Senda del Oso y respuesta Marcos L\u00edndez que ha lamentado el \u00abdelito ambiental\u00bb, una cabeza de un lobo \u00abapareci\u00f3\u00bb colgada de un paso peatonal en la Senda del Oso, en un tramo pr\u00f3ximo a Villanueva de Santo Adriano. Marcos L\u00edndez ha recordado la oposici\u00f3n del Gobierno [&hellip;]<\/p>\n","protected":false},"author":1,"featured_media":1127767,"comment_status":"closed","ping_status":"closed","sticky":false,"template":"","format":"standard","meta":{"footnotes":""},"categories":[12],"tags":[],"class_list":["post-1127766","post","type-post","status-publish","format-standard","has-post-thumbnail","hentry","category-actualidad-asturias"],"aioseo_notices":[],"aioseo_head":"\n\t\t<!-- All in One SEO Pro 4.9.6.2 - aioseo.com -->\n\t<meta name=\"description\" content=\"Desagradable e inaceptable acto de vandalismo el ocurrido en Senda del Oso y respuesta Marcos L\u00edndez que ha lamentado el &quot;delito ambiental&quot;, una cabeza\" \/>\n\t<meta name=\"robots\" content=\"max-image-preview:large\" \/>\n\t<meta name=\"author\" content=\"El Digital de Asturias\"\/>\n\t<meta name=\"google-site-verification\" content=\"UA-38556648-1\" \/>\n\t<meta name=\"msvalidate.01\" content=\"7dfe9f3f1b24437ab69f4f2559babe99\" \/>\n\t<meta name=\"keywords\" content=\"actualidad asturias\" \/>\n\t<link rel=\"canonical\" href=\"https:\/\/www.eldigitaldeasturias.com\/noticias\/vandalismo-inaceptable-en-la-senda-del-oso\/\" \/>\n\t<meta name=\"generator\" content=\"All in One SEO Pro (AIOSEO) 4.9.6.2\" \/>\n\t\t<meta property=\"og:locale\" content=\"es_ES\" \/>\n\t\t<meta property=\"og:site_name\" content=\"El Digital de Asturias\" \/>\n\t\t<meta property=\"og:type\" content=\"article\" \/>\n\t\t<meta property=\"og:title\" content=\"Vandalismo inaceptable en la Senda del Oso - El Digital de Asturias\" \/>\n\t\t<meta property=\"og:description\" content=\"Desagradable e inaceptable acto de vandalismo el ocurrido en Senda del Oso y respuesta Marcos L\u00edndez que ha lamentado el &quot;delito ambiental&quot;, una cabeza\" \/>\n\t\t<meta property=\"og:url\" content=\"https:\/\/www.eldigitaldeasturias.com\/noticias\/vandalismo-inaceptable-en-la-senda-del-oso\/\" \/>\n\t\t<meta property=\"og:image\" content=\"https:\/\/www.eldigitaldeasturias.com\/noticias\/wp-content\/uploads\/2023\/12\/Lindez-suceso-Senda-del-Oso.jpg\" \/>\n\t\t<meta property=\"og:image:secure_url\" content=\"https:\/\/www.eldigitaldeasturias.com\/noticias\/wp-content\/uploads\/2023\/12\/Lindez-suceso-Senda-del-Oso.jpg\" \/>\n\t\t<meta property=\"og:image:width\" content=\"802\" \/>\n\t\t<meta property=\"og:image:height\" content=\"633\" \/>\n\t\t<meta property=\"article:tag\" content=\"actualidad asturias\" \/>\n\t\t<meta property=\"article:published_time\" content=\"2023-12-20T10:38:58+00:00\" \/>\n\t\t<meta property=\"article:modified_time\" content=\"2023-12-20T10:38:58+00:00\" \/>\n\t\t<meta property=\"article:publisher\" content=\"https:\/\/facebook.com\/eldigitaldeasturias\" \/>\n\t\t<meta name=\"twitter:card\" content=\"summary_large_image\" \/>\n\t\t<meta name=\"twitter:title\" content=\"Vandalismo inaceptable en la Senda del Oso - El Digital de Asturias\" \/>\n\t\t<meta name=\"twitter:description\" content=\"Desagradable e inaceptable acto de vandalismo el ocurrido en Senda del Oso y respuesta Marcos L\u00edndez que ha lamentado el &quot;delito ambiental&quot;, una cabeza\" \/>\n\t\t<meta name=\"twitter:image\" content=\"https:\/\/www.eldigitaldeasturias.com\/noticias\/wp-content\/uploads\/2023\/12\/Lindez-suceso-Senda-del-Oso.jpg\" \/>\n\t\t<meta name=\"twitter:label1\" content=\"Escrito por\" \/>\n\t\t<meta name=\"twitter:data1\" content=\"El Digital de Asturias\" \/>\n\t\t<meta name=\"twitter:label2\" content=\"Tiempo de lectura estimado\" \/>\n\t\t<meta name=\"twitter:data2\" content=\"1 minuto\" \/>\n\t\t<script type=\"application\/ld+json\" class=\"aioseo-schema\">\n\t\t\t{\"@context\":\"https:\\\/\\\/schema.org\",\"@graph\":[{\"@type\":\"BlogPosting\",\"@id\":\"https:\\\/\\\/www.eldigitaldeasturias.com\\\/noticias\\\/vandalismo-inaceptable-en-la-senda-del-oso\\\/#blogposting\",\"name\":\"Vandalismo inaceptable en la Senda del Oso - El Digital de Asturias\",\"headline\":\"Vandalismo inaceptable en la Senda del Oso\",\"author\":{\"@id\":\"https:\\\/\\\/www.eldigitaldeasturias.com\\\/noticias\\\/author\\\/admin\\\/#author\"},\"publisher\":{\"@id\":\"https:\\\/\\\/www.eldigitaldeasturias.com\\\/noticias\\\/#organization\"},\"image\":{\"@type\":\"ImageObject\",\"url\":\"https:\\\/\\\/www.eldigitaldeasturias.com\\\/noticias\\\/wp-content\\\/uploads\\\/2023\\\/12\\\/Lindez-suceso-Senda-del-Oso.jpg\",\"width\":802,\"height\":633,\"caption\":\"Foto: Prensa Gobierno de Asturias\"},\"datePublished\":\"2023-12-20T11:38:58+01:00\",\"dateModified\":\"2023-12-20T11:38:58+01:00\",\"inLanguage\":\"es-ES\",\"mainEntityOfPage\":{\"@id\":\"https:\\\/\\\/www.eldigitaldeasturias.com\\\/noticias\\\/vandalismo-inaceptable-en-la-senda-del-oso\\\/#webpage\"},\"isPartOf\":{\"@id\":\"https:\\\/\\\/www.eldigitaldeasturias.com\\\/noticias\\\/vandalismo-inaceptable-en-la-senda-del-oso\\\/#webpage\"},\"articleSection\":\"Actualidad Asturias\"},{\"@type\":\"BreadcrumbList\",\"@id\":\"https:\\\/\\\/www.eldigitaldeasturias.com\\\/noticias\\\/vandalismo-inaceptable-en-la-senda-del-oso\\\/#breadcrumblist\",\"itemListElement\":[{\"@type\":\"ListItem\",\"@id\":\"https:\\\/\\\/www.eldigitaldeasturias.com\\\/noticias#listItem\",\"position\":1,\"name\":\"Home\",\"item\":\"https:\\\/\\\/www.eldigitaldeasturias.com\\\/noticias\",\"nextItem\":{\"@type\":\"ListItem\",\"@id\":\"https:\\\/\\\/www.eldigitaldeasturias.com\\\/noticias\\\/category\\\/actualidad-asturias\\\/#listItem\",\"name\":\"Actualidad Asturias\"}},{\"@type\":\"ListItem\",\"@id\":\"https:\\\/\\\/www.eldigitaldeasturias.com\\\/noticias\\\/category\\\/actualidad-asturias\\\/#listItem\",\"position\":2,\"name\":\"Actualidad Asturias\",\"item\":\"https:\\\/\\\/www.eldigitaldeasturias.com\\\/noticias\\\/category\\\/actualidad-asturias\\\/\",\"nextItem\":{\"@type\":\"ListItem\",\"@id\":\"https:\\\/\\\/www.eldigitaldeasturias.com\\\/noticias\\\/vandalismo-inaceptable-en-la-senda-del-oso\\\/#listItem\",\"name\":\"Vandalismo inaceptable en la Senda del Oso\"},\"previousItem\":{\"@type\":\"ListItem\",\"@id\":\"https:\\\/\\\/www.eldigitaldeasturias.com\\\/noticias#listItem\",\"name\":\"Home\"}},{\"@type\":\"ListItem\",\"@id\":\"https:\\\/\\\/www.eldigitaldeasturias.com\\\/noticias\\\/vandalismo-inaceptable-en-la-senda-del-oso\\\/#listItem\",\"position\":3,\"name\":\"Vandalismo inaceptable en la Senda del Oso\",\"previousItem\":{\"@type\":\"ListItem\",\"@id\":\"https:\\\/\\\/www.eldigitaldeasturias.com\\\/noticias\\\/category\\\/actualidad-asturias\\\/#listItem\",\"name\":\"Actualidad Asturias\"}}]},{\"@type\":\"Organization\",\"@id\":\"https:\\\/\\\/www.eldigitaldeasturias.com\\\/noticias\\\/#organization\",\"name\":\"El Digital de Asturias\",\"description\":\"Hemeroteca\",\"url\":\"https:\\\/\\\/www.eldigitaldeasturias.com\\\/noticias\\\/\",\"email\":\"info@eldigitaldeasturias.com\",\"telephone\":\"+34652131393\",\"logo\":{\"@type\":\"ImageObject\",\"url\":\"https:\\\/\\\/www.eldigitaldeasturias.com\\\/noticias\\\/wp-content\\\/uploads\\\/2020\\\/12\\\/EDA.jpg\",\"@id\":\"https:\\\/\\\/www.eldigitaldeasturias.com\\\/noticias\\\/vandalismo-inaceptable-en-la-senda-del-oso\\\/#organizationLogo\",\"width\":649,\"height\":297},\"image\":{\"@id\":\"https:\\\/\\\/www.eldigitaldeasturias.com\\\/noticias\\\/vandalismo-inaceptable-en-la-senda-del-oso\\\/#organizationLogo\"},\"sameAs\":[\"https:\\\/\\\/facebook.com\\\/eldigitaldeasturias\",\"https:\\\/\\\/www.youtube.com\\\/channel\\\/UCZP-2wLEB9Rv6erhFmqVnvg\"],\"address\":{\"@id\":\"https:\\\/\\\/www.eldigitaldeasturias.com\\\/noticias\\\/#postaladdress\",\"@type\":\"PostalAddress\",\"streetAddress\":\"san antonio 4,\",\"postalCode\":\"33430\",\"addressLocality\":\"Cand\\u00e1s\",\"addressRegion\":\"Asturias\",\"addressCountry\":\"ES\"}},{\"@type\":\"Person\",\"@id\":\"https:\\\/\\\/www.eldigitaldeasturias.com\\\/noticias\\\/author\\\/admin\\\/#author\",\"url\":\"https:\\\/\\\/www.eldigitaldeasturias.com\\\/noticias\\\/author\\\/admin\\\/\",\"name\":\"El Digital de Asturias\",\"image\":{\"@type\":\"ImageObject\",\"@id\":\"https:\\\/\\\/www.eldigitaldeasturias.com\\\/noticias\\\/vandalismo-inaceptable-en-la-senda-del-oso\\\/#authorImage\",\"url\":\"https:\\\/\\\/www.eldigitaldeasturias.com\\\/noticias\\\/wp-content\\\/litespeed\\\/avatar\\\/18677e78aa0546b92d9dbf31ec7d7668.jpg?ver=1777290358\",\"width\":96,\"height\":96,\"caption\":\"El Digital de Asturias\"}},{\"@type\":\"WebPage\",\"@id\":\"https:\\\/\\\/www.eldigitaldeasturias.com\\\/noticias\\\/vandalismo-inaceptable-en-la-senda-del-oso\\\/#webpage\",\"url\":\"https:\\\/\\\/www.eldigitaldeasturias.com\\\/noticias\\\/vandalismo-inaceptable-en-la-senda-del-oso\\\/\",\"name\":\"Vandalismo inaceptable en la Senda del Oso - El Digital de Asturias\",\"description\":\"Desagradable e inaceptable acto de vandalismo el ocurrido en Senda del Oso y respuesta Marcos L\\u00edndez que ha lamentado el \\\"delito ambiental\\\", una cabeza\",\"inLanguage\":\"es-ES\",\"isPartOf\":{\"@id\":\"https:\\\/\\\/www.eldigitaldeasturias.com\\\/noticias\\\/#website\"},\"breadcrumb\":{\"@id\":\"https:\\\/\\\/www.eldigitaldeasturias.com\\\/noticias\\\/vandalismo-inaceptable-en-la-senda-del-oso\\\/#breadcrumblist\"},\"author\":{\"@id\":\"https:\\\/\\\/www.eldigitaldeasturias.com\\\/noticias\\\/author\\\/admin\\\/#author\"},\"creator\":{\"@id\":\"https:\\\/\\\/www.eldigitaldeasturias.com\\\/noticias\\\/author\\\/admin\\\/#author\"},\"image\":{\"@type\":\"ImageObject\",\"url\":\"https:\\\/\\\/www.eldigitaldeasturias.com\\\/noticias\\\/wp-content\\\/uploads\\\/2023\\\/12\\\/Lindez-suceso-Senda-del-Oso.jpg\",\"@id\":\"https:\\\/\\\/www.eldigitaldeasturias.com\\\/noticias\\\/vandalismo-inaceptable-en-la-senda-del-oso\\\/#mainImage\",\"width\":802,\"height\":633,\"caption\":\"Foto: Prensa Gobierno de Asturias\"},\"primaryImageOfPage\":{\"@id\":\"https:\\\/\\\/www.eldigitaldeasturias.com\\\/noticias\\\/vandalismo-inaceptable-en-la-senda-del-oso\\\/#mainImage\"},\"datePublished\":\"2023-12-20T11:38:58+01:00\",\"dateModified\":\"2023-12-20T11:38:58+01:00\"},{\"@type\":\"WebSite\",\"@id\":\"https:\\\/\\\/www.eldigitaldeasturias.com\\\/noticias\\\/#website\",\"url\":\"https:\\\/\\\/www.eldigitaldeasturias.com\\\/noticias\\\/\",\"name\":\"El Digital de Asturias - Diario de actualidad y noticias\",\"alternateName\":\"El Digital de Asturias - Diario de actualidad y noticias\",\"description\":\"Hemeroteca\",\"inLanguage\":\"es-ES\",\"publisher\":{\"@id\":\"https:\\\/\\\/www.eldigitaldeasturias.com\\\/noticias\\\/#organization\"}}]}\n\t\t<\/script>\n\t\t<!-- All in One SEO Pro -->\r\n\t\t<title>Vandalismo inaceptable en la Senda del Oso - El Digital de Asturias<\/title>\n\n","aioseo_head_json":{"title":"Vandalismo inaceptable en la Senda del Oso - El Digital de Asturias","description":"Desagradable e inaceptable acto de vandalismo el ocurrido en Senda del Oso y respuesta Marcos L\u00edndez que ha lamentado el \"delito ambiental\", una cabeza","canonical_url":"https:\/\/www.eldigitaldeasturias.com\/noticias\/vandalismo-inaceptable-en-la-senda-del-oso\/","robots":"max-image-preview:large","keywords":"actualidad asturias","webmasterTools":{"google-site-verification":"UA-38556648-1","msvalidate.01":"7dfe9f3f1b24437ab69f4f2559babe99","miscellaneous":""},"schema":{"@context":"https:\/\/schema.org","@graph":[{"@type":"BlogPosting","@id":"https:\/\/www.eldigitaldeasturias.com\/noticias\/vandalismo-inaceptable-en-la-senda-del-oso\/#blogposting","name":"Vandalismo inaceptable en la Senda del Oso - El Digital de Asturias","headline":"Vandalismo inaceptable en la Senda del Oso","author":{"@id":"https:\/\/www.eldigitaldeasturias.com\/noticias\/author\/admin\/#author"},"publisher":{"@id":"https:\/\/www.eldigitaldeasturias.com\/noticias\/#organization"},"image":{"@type":"ImageObject","url":"https:\/\/www.eldigitaldeasturias.com\/noticias\/wp-content\/uploads\/2023\/12\/Lindez-suceso-Senda-del-Oso.jpg","width":802,"height":633,"caption":"Foto: Prensa Gobierno de Asturias"},"datePublished":"2023-12-20T11:38:58+01:00","dateModified":"2023-12-20T11:38:58+01:00","inLanguage":"es-ES","mainEntityOfPage":{"@id":"https:\/\/www.eldigitaldeasturias.com\/noticias\/vandalismo-inaceptable-en-la-senda-del-oso\/#webpage"},"isPartOf":{"@id":"https:\/\/www.eldigitaldeasturias.com\/noticias\/vandalismo-inaceptable-en-la-senda-del-oso\/#webpage"},"articleSection":"Actualidad Asturias"},{"@type":"BreadcrumbList","@id":"https:\/\/www.eldigitaldeasturias.com\/noticias\/vandalismo-inaceptable-en-la-senda-del-oso\/#breadcrumblist","itemListElement":[{"@type":"ListItem","@id":"https:\/\/www.eldigitaldeasturias.com\/noticias#listItem","position":1,"name":"Home","item":"https:\/\/www.eldigitaldeasturias.com\/noticias","nextItem":{"@type":"ListItem","@id":"https:\/\/www.eldigitaldeasturias.com\/noticias\/category\/actualidad-asturias\/#listItem","name":"Actualidad Asturias"}},{"@type":"ListItem","@id":"https:\/\/www.eldigitaldeasturias.com\/noticias\/category\/actualidad-asturias\/#listItem","position":2,"name":"Actualidad Asturias","item":"https:\/\/www.eldigitaldeasturias.com\/noticias\/category\/actualidad-asturias\/","nextItem":{"@type":"ListItem","@id":"https:\/\/www.eldigitaldeasturias.com\/noticias\/vandalismo-inaceptable-en-la-senda-del-oso\/#listItem","name":"Vandalismo inaceptable en la Senda del Oso"},"previousItem":{"@type":"ListItem","@id":"https:\/\/www.eldigitaldeasturias.com\/noticias#listItem","name":"Home"}},{"@type":"ListItem","@id":"https:\/\/www.eldigitaldeasturias.com\/noticias\/vandalismo-inaceptable-en-la-senda-del-oso\/#listItem","position":3,"name":"Vandalismo inaceptable en la Senda del Oso","previousItem":{"@type":"ListItem","@id":"https:\/\/www.eldigitaldeasturias.com\/noticias\/category\/actualidad-asturias\/#listItem","name":"Actualidad Asturias"}}]},{"@type":"Organization","@id":"https:\/\/www.eldigitaldeasturias.com\/noticias\/#organization","name":"El Digital de Asturias","description":"Hemeroteca","url":"https:\/\/www.eldigitaldeasturias.com\/noticias\/","email":"info@eldigitaldeasturias.com","telephone":"+34652131393","logo":{"@type":"ImageObject","url":"https:\/\/www.eldigitaldeasturias.com\/noticias\/wp-content\/uploads\/2020\/12\/EDA.jpg","@id":"https:\/\/www.eldigitaldeasturias.com\/noticias\/vandalismo-inaceptable-en-la-senda-del-oso\/#organizationLogo","width":649,"height":297},"image":{"@id":"https:\/\/www.eldigitaldeasturias.com\/noticias\/vandalismo-inaceptable-en-la-senda-del-oso\/#organizationLogo"},"sameAs":["https:\/\/facebook.com\/eldigitaldeasturias","https:\/\/www.youtube.com\/channel\/UCZP-2wLEB9Rv6erhFmqVnvg"],"address":{"@id":"https:\/\/www.eldigitaldeasturias.com\/noticias\/#postaladdress","@type":"PostalAddress","streetAddress":"san antonio 4,","postalCode":"33430","addressLocality":"Cand\u00e1s","addressRegion":"Asturias","addressCountry":"ES"}},{"@type":"Person","@id":"https:\/\/www.eldigitaldeasturias.com\/noticias\/author\/admin\/#author","url":"https:\/\/www.eldigitaldeasturias.com\/noticias\/author\/admin\/","name":"El Digital de Asturias","image":{"@type":"ImageObject","@id":"https:\/\/www.eldigitaldeasturias.com\/noticias\/vandalismo-inaceptable-en-la-senda-del-oso\/#authorImage","url":"https:\/\/www.eldigitaldeasturias.com\/noticias\/wp-content\/litespeed\/avatar\/18677e78aa0546b92d9dbf31ec7d7668.jpg?ver=1777290358","width":96,"height":96,"caption":"El Digital de Asturias"}},{"@type":"WebPage","@id":"https:\/\/www.eldigitaldeasturias.com\/noticias\/vandalismo-inaceptable-en-la-senda-del-oso\/#webpage","url":"https:\/\/www.eldigitaldeasturias.com\/noticias\/vandalismo-inaceptable-en-la-senda-del-oso\/","name":"Vandalismo inaceptable en la Senda del Oso - El Digital de Asturias","description":"Desagradable e inaceptable acto de vandalismo el ocurrido en Senda del Oso y respuesta Marcos L\u00edndez que ha lamentado el \"delito ambiental\", una cabeza","inLanguage":"es-ES","isPartOf":{"@id":"https:\/\/www.eldigitaldeasturias.com\/noticias\/#website"},"breadcrumb":{"@id":"https:\/\/www.eldigitaldeasturias.com\/noticias\/vandalismo-inaceptable-en-la-senda-del-oso\/#breadcrumblist"},"author":{"@id":"https:\/\/www.eldigitaldeasturias.com\/noticias\/author\/admin\/#author"},"creator":{"@id":"https:\/\/www.eldigitaldeasturias.com\/noticias\/author\/admin\/#author"},"image":{"@type":"ImageObject","url":"https:\/\/www.eldigitaldeasturias.com\/noticias\/wp-content\/uploads\/2023\/12\/Lindez-suceso-Senda-del-Oso.jpg","@id":"https:\/\/www.eldigitaldeasturias.com\/noticias\/vandalismo-inaceptable-en-la-senda-del-oso\/#mainImage","width":802,"height":633,"caption":"Foto: Prensa Gobierno de Asturias"},"primaryImageOfPage":{"@id":"https:\/\/www.eldigitaldeasturias.com\/noticias\/vandalismo-inaceptable-en-la-senda-del-oso\/#mainImage"},"datePublished":"2023-12-20T11:38:58+01:00","dateModified":"2023-12-20T11:38:58+01:00"},{"@type":"WebSite","@id":"https:\/\/www.eldigitaldeasturias.com\/noticias\/#website","url":"https:\/\/www.eldigitaldeasturias.com\/noticias\/","name":"El Digital de Asturias - Diario de actualidad y noticias","alternateName":"El Digital de Asturias - Diario de actualidad y noticias","description":"Hemeroteca","inLanguage":"es-ES","publisher":{"@id":"https:\/\/www.eldigitaldeasturias.com\/noticias\/#organization"}}]},"og:locale":"es_ES","og:site_name":"El Digital de Asturias","og:type":"article","og:title":"Vandalismo inaceptable en la Senda del Oso - El Digital de Asturias","og:description":"Desagradable e inaceptable acto de vandalismo el ocurrido en Senda del Oso y respuesta Marcos L\u00edndez que ha lamentado el &quot;delito ambiental&quot;, una cabeza","og:url":"https:\/\/www.eldigitaldeasturias.com\/noticias\/vandalismo-inaceptable-en-la-senda-del-oso\/","og:image":"https:\/\/www.eldigitaldeasturias.com\/noticias\/wp-content\/uploads\/2023\/12\/Lindez-suceso-Senda-del-Oso.jpg","og:image:secure_url":"https:\/\/www.eldigitaldeasturias.com\/noticias\/wp-content\/uploads\/2023\/12\/Lindez-suceso-Senda-del-Oso.jpg","og:image:width":802,"og:image:height":633,"article:tag":["actualidad asturias"],"article:published_time":"2023-12-20T10:38:58+00:00","article:modified_time":"2023-12-20T10:38:58+00:00","article:publisher":"https:\/\/facebook.com\/eldigitaldeasturias","twitter:card":"summary_large_image","twitter:title":"Vandalismo inaceptable en la Senda del Oso - El Digital de Asturias","twitter:description":"Desagradable e inaceptable acto de vandalismo el ocurrido en Senda del Oso y respuesta Marcos L\u00edndez que ha lamentado el &quot;delito ambiental&quot;, una cabeza","twitter:image":"https:\/\/www.eldigitaldeasturias.com\/noticias\/wp-content\/uploads\/2023\/12\/Lindez-suceso-Senda-del-Oso.jpg","twitter:label1":"Escrito por","twitter:data1":"El Digital de Asturias","twitter:label2":"Tiempo de lectura estimado","twitter:data2":"1 minuto"},"aioseo_meta_data":{"post_id":"1127766","title":null,"description":"Desagradable e inaceptable acto de vandalismo el ocurrido en Senda del Oso y respuesta Marcos L\u00edndez que ha lamentado el \"delito ambiental\", una cabeza","keywords":[],"keyphrases":{"focus":{"keyphrase":"Senda","score":93,"analysis":{"keyphraseInTitle":{"score":9,"maxScore":9,"error":0},"keyphraseInDescription":{"score":9,"maxScore":9,"error":0},"keyphraseLength":{"score":9,"maxScore":9,"error":0,"length":1},"keyphraseInURL":{"score":1,"maxScore":5,"error":1},"keyphraseInIntroduction":{"score":9,"maxScore":9,"error":0},"keyphraseInSubHeadings":[],"keyphraseInImageAlt":{"score":9,"maxScore":9,"error":0},"keywordDensity":{"type":"best","score":9,"maxScore":9,"error":0}}},"additional":[{"keyphrase":"Senda del Oso","score":100,"analysis":{"keyphraseInDescription":{"score":9,"maxScore":9,"error":0},"keyphraseLength":{"score":9,"maxScore":9,"error":0,"length":3},"keyphraseInIntroduction":{"score":9,"maxScore":9,"error":0},"keyphraseInImageAlt":{"score":9,"maxScore":9,"error":0},"keywordDensity":{"type":"best","score":9,"maxScore":9,"error":0}}},{"keyphrase":" L\u00edndez","score":100,"analysis":{"keyphraseInDescription":{"score":9,"maxScore":9,"error":0},"keyphraseLength":{"score":9,"maxScore":9,"error":0,"length":2},"keyphraseInIntroduction":{"score":9,"maxScore":9,"error":0},"keyphraseInImageAlt":{"score":9,"maxScore":9,"error":0},"keywordDensity":{"type":"best","score":9,"maxScore":9,"error":0}}}]},"primary_term":null,"canonical_url":null,"og_title":null,"og_description":null,"og_object_type":"default","og_image_type":"default","og_image_url":null,"og_image_width":null,"og_image_height":null,"og_image_custom_url":null,"og_image_custom_fields":null,"og_video":"","og_custom_url":null,"og_article_section":null,"og_article_tags":[],"twitter_use_og":false,"twitter_card":"default","twitter_image_type":"default","twitter_image_url":null,"twitter_image_custom_url":null,"twitter_image_custom_fields":null,"twitter_title":null,"twitter_description":null,"schema":{"blockGraphs":[],"customGraphs":[],"default":{"data":{"Article":[],"Course":[],"Dataset":[],"FAQPage":[],"Movie":[],"Person":[],"Product":[],"ProductReview":[],"Car":[],"Recipe":[],"Service":[],"SoftwareApplication":[],"WebPage":[]},"graphName":"BlogPosting","isEnabled":true},"graphs":[]},"schema_type":"default","schema_type_options":null,"pillar_content":false,"robots_default":true,"robots_noindex":false,"robots_noarchive":false,"robots_nosnippet":false,"robots_nofollow":false,"robots_noimageindex":false,"robots_noodp":false,"robots_notranslate":false,"robots_max_snippet":"-1","robots_max_videopreview":"-1","robots_max_imagepreview":"large","priority":null,"frequency":"default","local_seo":null,"seo_analyzer_scan_date":"2025-10-06 00:00:39","breadcrumb_settings":null,"limit_modified_date":false,"open_ai":"{\"title\":{\"suggestions\":[],\"usage\":0},\"description\":{\"suggestions\":[],\"usage\":0}}","ai":null,"created":"2023-12-20 10:28:20","updated":"2025-10-09 06:05:32"},"aioseo_breadcrumb":"<div class=\"aioseo-breadcrumbs\"><span class=\"aioseo-breadcrumb\">\n\t<a href=\"https:\/\/www.eldigitaldeasturias.com\/noticias\" title=\"Home\">Home<\/a>\n<\/span><span class=\"aioseo-breadcrumb-separator\">\u2013<\/span><span class=\"aioseo-breadcrumb\">\n\t<a href=\"https:\/\/www.eldigitaldeasturias.com\/noticias\/category\/actualidad-asturias\/\" title=\"Actualidad Asturias\">Actualidad Asturias<\/a>\n<\/span><span class=\"aioseo-breadcrumb-separator\">\u2013<\/span><span class=\"aioseo-breadcrumb\">\n\t<a href=\"https:\/\/www.eldigitaldeasturias.com\/noticias\/vandalismo-inaceptable-en-la-senda-del-oso\/\" title=\"Vandalismo inaceptable en la Senda del Oso\">Vandalismo inaceptable en la Senda del Oso<\/a>\n<\/span><\/div>","aioseo_breadcrumb_json":[{"label":"Home","link":"https:\/\/www.eldigitaldeasturias.com\/noticias"},{"label":"Actualidad Asturias","link":"https:\/\/www.eldigitaldeasturias.com\/noticias\/category\/actualidad-asturias\/"},{"label":"Vandalismo inaceptable en la Senda del Oso","link":"https:\/\/www.eldigitaldeasturias.com\/noticias\/vandalismo-inaceptable-en-la-senda-del-oso\/"}],"_links":{"self":[{"href":"https:\/\/www.eldigitaldeasturias.com\/noticias\/wp-json\/wp\/v2\/posts\/1127766","targetHints":{"allow":["GET"]}}],"collection":[{"href":"https:\/\/www.eldigitaldeasturias.com\/noticias\/wp-json\/wp\/v2\/posts"}],"about":[{"href":"https:\/\/www.eldigitaldeasturias.com\/noticias\/wp-json\/wp\/v2\/types\/post"}],"author":[{"embeddable":true,"href":"https:\/\/www.eldigitaldeasturias.com\/noticias\/wp-json\/wp\/v2\/users\/1"}],"replies":[{"embeddable":true,"href":"https:\/\/www.eldigitaldeasturias.com\/noticias\/wp-json\/wp\/v2\/comments?post=1127766"}],"version-history":[{"count":0,"href":"https:\/\/www.eldigitaldeasturias.com\/noticias\/wp-json\/wp\/v2\/posts\/1127766\/revisions"}],"wp:featuredmedia":[{"embeddable":true,"href":"https:\/\/www.eldigitaldeasturias.com\/noticias\/wp-json\/wp\/v2\/media\/1127767"}],"wp:attachment":[{"href":"https:\/\/www.eldigitaldeasturias.com\/noticias\/wp-json\/wp\/v2\/media?parent=1127766"}],"wp:term":[{"taxonomy":"category","embeddable":true,"href":"https:\/\/www.eldigitaldeasturias.com\/noticias\/wp-json\/wp\/v2\/categories?post=1127766"},{"taxonomy":"post_tag","embeddable":true,"href":"https:\/\/www.eldigitaldeasturias.com\/noticias\/wp-json\/wp\/v2\/tags?post=1127766"}],"curies":[{"name":"wp","href":"https:\/\/api.w.org\/{rel}","templated":true}]}}