{"id":1127752,"date":"2023-12-19T22:20:34","date_gmt":"2023-12-19T21:20:34","guid":{"rendered":"https:\/\/www.eldigitaldeasturias.com\/noticias\/?p=1127752"},"modified":"2023-12-19T22:20:55","modified_gmt":"2023-12-19T21:20:55","slug":"velvet-peluqueria-en-burgos-tu-refugio-de-belleza-y-estilo","status":"publish","type":"post","link":"https:\/\/www.eldigitaldeasturias.com\/noticias\/velvet-peluqueria-en-burgos-tu-refugio-de-belleza-y-estilo\/","title":{"rendered":"Velvet Peluquer\u00eda en Burgos: Tu refugio de belleza y estilo"},"content":{"rendered":"<p><span style=\"font-weight: 400;\">En medio de la majestuosidad de la ciudad de Burgos, se alza un rinc\u00f3n de belleza y estilo que ha conquistado el coraz\u00f3n de sus habitantes: Velvet Peluquer\u00eda. Con una larga historia en el sector y un compromiso inquebrantable con la excelencia en el servicio al cliente, la <\/span><a href=\"https:\/\/peluqueriavelvet.es\/\" target=\"_blank\" rel=\"nofollow noopener\"><b><span style=\"color: #ff6600;\">peluquer\u00eda en Burgos Velvet<\/span><\/b><\/a><span style=\"font-weight: 400;\"> se ha convertido en un aut\u00e9ntico referente en la ciudad. Su amplia variedad de servicios de peluquer\u00eda personalizados y un trato cercano y amigable te hacen sentir como en casa desde el primer instante.<\/span><\/p>\n<p><img loading=\"lazy\" decoding=\"async\" class=\"aligncenter wp-image-1127753 size-large\" src=\"https:\/\/www.eldigitaldeasturias.com\/noticias\/wp-content\/uploads\/2023\/12\/Peluqueria-en-Burgos-650x427.jpg\" alt=\"Peluquer\u00eda en Burgos\" width=\"650\" height=\"427\" srcset=\"https:\/\/www.eldigitaldeasturias.com\/noticias\/wp-content\/uploads\/2023\/12\/Peluqueria-en-Burgos-650x427.jpg 650w, https:\/\/www.eldigitaldeasturias.com\/noticias\/wp-content\/uploads\/2023\/12\/Peluqueria-en-Burgos-360x237.jpg 360w, https:\/\/www.eldigitaldeasturias.com\/noticias\/wp-content\/uploads\/2023\/12\/Peluqueria-en-Burgos-456x300.jpg 456w, https:\/\/www.eldigitaldeasturias.com\/noticias\/wp-content\/uploads\/2023\/12\/Peluqueria-en-Burgos-768x505.jpg 768w, https:\/\/www.eldigitaldeasturias.com\/noticias\/wp-content\/uploads\/2023\/12\/Peluqueria-en-Burgos-150x99.jpg 150w, https:\/\/www.eldigitaldeasturias.com\/noticias\/wp-content\/uploads\/2023\/12\/Peluqueria-en-Burgos-450x296.jpg 450w, https:\/\/www.eldigitaldeasturias.com\/noticias\/wp-content\/uploads\/2023\/12\/Peluqueria-en-Burgos.jpg 1075w\" sizes=\"auto, (max-width: 650px) 100vw, 650px\" \/><\/p>\n<h2><b>Una experiencia de belleza personalizada<\/b><\/h2>\n<p><span style=\"font-weight: 400;\">En Velvet, sabemos que cada cliente es \u00fanico. No hay dos personas iguales, y por eso adoptamos un enfoque altamente personalizado en cada uno de nuestros servicios. No se trata \u00fanicamente de cortar o peinar el cabello; <\/span><b>se trata de colaborar contigo para descubrir y realzar tu belleza individual<\/b><span style=\"font-weight: 400;\">. Aunque Velvet es conocido principalmente como un destino preferido por las mujeres, tambi\u00e9n ofrecemos una amplia gama de servicios de peluquer\u00eda para hombres. Nuestros talentosos estilistas est\u00e1n preparados para brindarte una experiencia de corte y estilo excepcional, independientemente de tu g\u00e9nero.<\/span><\/p>\n<h2><b>Tu transformaci\u00f3n de belleza al alcance de la mano<\/b><\/h2>\n<p><span style=\"font-weight: 400;\">Ya sea que busques un cambio dram\u00e1tico o simplemente desees mantener tu estilo actual, Velvet tiene todo lo que necesitas para lograr el look que deseas. Y lo mejor de todo es que lo hacemos a <\/span><b>precios altamente competitivos<\/b><span style=\"font-weight: 400;\">, para que puedas cuidar de tu cabello y tu imagen sin preocuparte por el presupuesto.<\/span><\/p>\n<p><span style=\"font-weight: 400;\">A continuaci\u00f3n, te presentamos una muestra de nuestros servicios y sus tarifas:<\/span><\/p>\n<p><b>Cortes de pelo<\/b><\/p>\n<ul>\n<li style=\"font-weight: 400;\" aria-level=\"1\"><span style=\"font-weight: 400;\">Corte de cabello: a partir de 15 euros.<\/span><\/li>\n<li style=\"font-weight: 400;\" aria-level=\"1\"><span style=\"font-weight: 400;\">Corte de cabello y secado: a partir de 16 euros.<\/span><\/li>\n<li style=\"font-weight: 400;\" aria-level=\"1\"><span style=\"font-weight: 400;\">Corte de cabello para hombres: a partir de 14 euros.<\/span><\/li>\n<li style=\"font-weight: 400;\" aria-level=\"1\"><span style=\"font-weight: 400;\">Corte de cabello para mujeres: a partir de 14 euros.<\/span><\/li>\n<li style=\"font-weight: 400;\" aria-level=\"1\"><span style=\"font-weight: 400;\">Corte de cabello y peinado: a partir de 28 euros.<\/span><\/li>\n<\/ul>\n<p><b>Mechas<\/b><\/p>\n<ul>\n<li style=\"font-weight: 400;\" aria-level=\"1\"><span style=\"font-weight: 400;\">Babylights para media melena: a partir de 42 euros.<\/span><\/li>\n<li style=\"font-weight: 400;\" aria-level=\"1\"><span style=\"font-weight: 400;\">Babylights para cabello largo: a partir de 52 euros.<\/span><\/li>\n<li style=\"font-weight: 400;\" aria-level=\"1\"><span style=\"font-weight: 400;\">Balayage para media melena: 42 euros.<\/span><\/li>\n<li style=\"font-weight: 400;\" aria-level=\"1\"><span style=\"font-weight: 400;\">Balayage para cabello largo: a partir de 52 euros.<\/span><\/li>\n<li style=\"font-weight: 400;\" aria-level=\"1\"><span style=\"font-weight: 400;\">Mechas para media melena: a partir de 32 euros.<\/span><\/li>\n<\/ul>\n<p><b>Secado y peinado<\/b><\/p>\n<ul>\n<li style=\"font-weight: 400;\" aria-level=\"1\"><span style=\"font-weight: 400;\">Peinado: a partir de 10 euros.<\/span><\/li>\n<li style=\"font-weight: 400;\" aria-level=\"1\"><span style=\"font-weight: 400;\">Peinado para media melena: a partir de 15 euros.<\/span><\/li>\n<li style=\"font-weight: 400;\" aria-level=\"1\"><span style=\"font-weight: 400;\">Peinado para cabello corto: a partir de 13 euros.<\/span><\/li>\n<li style=\"font-weight: 400;\" aria-level=\"1\"><span style=\"font-weight: 400;\">Peinado para cabello extra largo: a partir de 20 euros.<\/span><\/li>\n<li style=\"font-weight: 400;\" aria-level=\"1\"><span style=\"font-weight: 400;\">Peinado para cabello largo: a partir de 15 euros.<\/span><\/li>\n<\/ul>\n<p><b>Tinte y coloraci\u00f3n del cabello<\/b><\/p>\n<ul>\n<li style=\"font-weight: 400;\" aria-level=\"1\"><span style=\"font-weight: 400;\">Tinte de ra\u00edz para cabello corto: a partir de 18 euros.<\/span><\/li>\n<li style=\"font-weight: 400;\" aria-level=\"1\"><span style=\"font-weight: 400;\">Tinte de ra\u00edz para cabello largo: a partir de 20 euros.<\/span><\/li>\n<li style=\"font-weight: 400;\" aria-level=\"1\"><span style=\"font-weight: 400;\">Tinte de ra\u00edz para media melena: a partir de 19 euros.<\/span><\/li>\n<li style=\"font-weight: 400;\" aria-level=\"1\"><span style=\"font-weight: 400;\">Matiz para cabello largo: a partir de 15 euros.<\/span><\/li>\n<\/ul>\n<p><b>Tratamientos<\/b><\/p>\n<ul>\n<li style=\"font-weight: 400;\" aria-level=\"1\"><span style=\"font-weight: 400;\">French glossing: a partir de 35 euros.<\/span><\/li>\n<li style=\"font-weight: 400;\" aria-level=\"1\"><span style=\"font-weight: 400;\">French glossing con peinado: a partir de 51 euros.<\/span><\/li>\n<li style=\"font-weight: 400;\" aria-level=\"1\"><span style=\"font-weight: 400;\">Ozonoterapia: a partir de 25 euros.<\/span><\/li>\n<li style=\"font-weight: 400;\" aria-level=\"1\"><span style=\"font-weight: 400;\">Tratamiento capilar: a partir de 10 euros.<\/span><\/li>\n<li style=\"font-weight: 400;\" aria-level=\"1\"><span style=\"font-weight: 400;\">Tratamiento brillo laminado: a partir de 15 euros.<\/span><\/li>\n<\/ul>\n<p><b>Tratamientos capilares permanentes<\/b><\/p>\n<ul>\n<li style=\"font-weight: 400;\" aria-level=\"1\"><span style=\"font-weight: 400;\">Alisado org\u00e1nico: a partir de 120 euros.<\/span><\/li>\n<li style=\"font-weight: 400;\" aria-level=\"1\"><span style=\"font-weight: 400;\">Moldeado para media melena: a partir de 31 euros.<\/span><\/li>\n<li style=\"font-weight: 400;\" aria-level=\"1\"><span style=\"font-weight: 400;\">Moldeado para cabello corto: a partir de 27 euros.<\/span><\/li>\n<li style=\"font-weight: 400;\" aria-level=\"1\"><span style=\"font-weight: 400;\">Moldeado para cabello largo: a partir de 40 euros.<\/span><\/li>\n<li style=\"font-weight: 400;\" aria-level=\"1\"><span style=\"font-weight: 400;\">Tratamiento de Keratina para media melena: a partir de 150 euros.<\/span><\/li>\n<\/ul>\n<h2><b>Rese\u00f1as que hablan de excelencia<\/b><\/h2>\n<p><span style=\"font-weight: 400;\">La calidad de nuestros servicios se refleja en las rese\u00f1as de nuestros clientes, y en Velvet, estamos orgullosos de mantener una <\/span><b>calificaci\u00f3n de 4.9 sobre 5 en Google<\/b><span style=\"font-weight: 400;\">. Aqu\u00ed compartimos algunas de las rese\u00f1as que nuestros clientes han dejado:<\/span><\/p>\n<ul>\n<li style=\"font-weight: 400;\" aria-level=\"1\"><span style=\"font-weight: 400;\">\u00abHe visitado Velvet en varias ocasiones y siempre superan mis expectativas.\u00bb<\/span><\/li>\n<li style=\"font-weight: 400;\" aria-level=\"1\"><span style=\"font-weight: 400;\">\u00abMi madre estuvo aqu\u00ed ayer, la dejaron hermosa y las estilistas fueron muy atentas.\u00bb<\/span><\/li>\n<li style=\"font-weight: 400;\" aria-level=\"1\"><span style=\"font-weight: 400;\">\u00abMe atendieron de maravilla y estoy encantada con el resultado.\u00bb<\/span><\/li>\n<li style=\"font-weight: 400;\" aria-level=\"1\"><span style=\"font-weight: 400;\">\u00abSon un equipo talentoso y con mucho estilo. Siempre destacan en cada evento por c\u00f3mo me peinan.\u00bb<\/span><\/li>\n<li style=\"font-weight: 400;\" aria-level=\"1\"><span style=\"font-weight: 400;\">\u00abSolo tengo palabras positivas. Me trataron de maravilla, con productos de calidad y eficiencia. Sin duda, volver\u00e9.\u00bb<\/span><\/li>\n<\/ul>\n<h2><b>Ubicaci\u00f3n y horario de atenci\u00f3n<\/b><\/h2>\n<p><span style=\"font-weight: 400;\">Nos encontramos estrat\u00e9gicamente ubicados en la <\/span><b>Plaza Roma 14<\/b><span style=\"font-weight: 400;\">, en el coraz\u00f3n de Burgos, una ubicaci\u00f3n privilegiada de f\u00e1cil acceso. Nuestro amplio equipo de profesionales, compuesto por Noelia, Carolina, Loli, Patricia, Inga y Paola, est\u00e1 listo para atenderte y asesorarte en tu b\u00fasqueda del look perfecto.<\/span><\/p>\n<p><span style=\"font-weight: 400;\">Nuestro horario de atenci\u00f3n es <\/span><b>de lunes a viernes, de 9:00 a 19:30 horas, y los s\u00e1bados, de 8:00 a 14:00 horas<\/b><span style=\"font-weight: 400;\">. Si deseas programar una cita o hacer una consulta, simplemente ll\u00e1manos al <\/span><b>947 070 053<\/b><span style=\"font-weight: 400;\"> o vis\u00edtanos directamente en nuestro centro. Te garantizamos que en Velvet Peluquer\u00eda en Burgos encontrar\u00e1s un refugio de belleza y estilo que superar\u00e1 tus expectativas.<\/span><\/p>\n<p><span style=\"font-weight: 400;\">En Velvet, tu belleza y satisfacci\u00f3n son nuestra m\u00e1xima prioridad. Estamos ansiosos por conocerte y ayudarte a realzar tu belleza y estilo personal. \u00a1Esperamos verte pronto en Velvet Peluquer\u00eda! Tu cabello y tu bienestar merecen la excelencia, y en Velvet, eso es precisamente lo que encontrar\u00e1s.<\/span><\/p>\n","protected":false},"excerpt":{"rendered":"<p>En medio de la majestuosidad de la ciudad de Burgos, se alza un rinc\u00f3n de belleza y estilo que ha conquistado el coraz\u00f3n de sus habitantes: Velvet Peluquer\u00eda. Con una larga historia en el sector y un compromiso inquebrantable con la excelencia en el servicio al cliente, la peluquer\u00eda en Burgos Velvet se ha convertido [&hellip;]<\/p>\n","protected":false},"author":1,"featured_media":1127753,"comment_status":"closed","ping_status":"closed","sticky":false,"template":"","format":"standard","meta":{"footnotes":""},"categories":[28],"tags":[],"class_list":["post-1127752","post","type-post","status-publish","format-standard","has-post-thumbnail","hentry","category-sociedad"],"aioseo_notices":[],"aioseo_head":"\n\t\t<!-- All in One SEO Pro 4.9.6.2 - aioseo.com -->\n\t<meta name=\"description\" content=\"En medio de la majestuosidad de la ciudad de Burgos, se alza un rinc\u00f3n de belleza y estilo que ha conquistado el coraz\u00f3n de sus habitantes: Velvet Peluquer\u00eda\" \/>\n\t<meta name=\"robots\" content=\"max-image-preview:large\" \/>\n\t<meta name=\"author\" content=\"El Digital de Asturias\"\/>\n\t<meta name=\"google-site-verification\" content=\"UA-38556648-1\" \/>\n\t<meta name=\"msvalidate.01\" content=\"7dfe9f3f1b24437ab69f4f2559babe99\" \/>\n\t<meta name=\"keywords\" content=\"sociedad\" \/>\n\t<link rel=\"canonical\" href=\"https:\/\/www.eldigitaldeasturias.com\/noticias\/velvet-peluqueria-en-burgos-tu-refugio-de-belleza-y-estilo\/\" \/>\n\t<meta name=\"generator\" content=\"All in One SEO Pro (AIOSEO) 4.9.6.2\" \/>\n\t\t<meta property=\"og:locale\" content=\"es_ES\" \/>\n\t\t<meta property=\"og:site_name\" content=\"El Digital de Asturias\" \/>\n\t\t<meta property=\"og:type\" content=\"article\" \/>\n\t\t<meta property=\"og:title\" content=\"Velvet Peluquer\u00eda en Burgos: Tu refugio de belleza y estilo - El Digital de Asturias\" \/>\n\t\t<meta property=\"og:description\" content=\"En medio de la majestuosidad de la ciudad de Burgos, se alza un rinc\u00f3n de belleza y estilo que ha conquistado el coraz\u00f3n de sus habitantes: Velvet Peluquer\u00eda\" \/>\n\t\t<meta property=\"og:url\" content=\"https:\/\/www.eldigitaldeasturias.com\/noticias\/velvet-peluqueria-en-burgos-tu-refugio-de-belleza-y-estilo\/\" \/>\n\t\t<meta property=\"og:image\" content=\"https:\/\/www.eldigitaldeasturias.com\/noticias\/wp-content\/uploads\/2023\/12\/Peluqueria-en-Burgos.jpg\" \/>\n\t\t<meta property=\"og:image:secure_url\" content=\"https:\/\/www.eldigitaldeasturias.com\/noticias\/wp-content\/uploads\/2023\/12\/Peluqueria-en-Burgos.jpg\" \/>\n\t\t<meta property=\"og:image:width\" content=\"1075\" \/>\n\t\t<meta property=\"og:image:height\" content=\"707\" \/>\n\t\t<meta property=\"article:tag\" content=\"sociedad\" \/>\n\t\t<meta property=\"article:published_time\" content=\"2023-12-19T21:20:34+00:00\" \/>\n\t\t<meta property=\"article:modified_time\" content=\"2023-12-19T21:20:55+00:00\" \/>\n\t\t<meta property=\"article:publisher\" content=\"https:\/\/facebook.com\/eldigitaldeasturias\" \/>\n\t\t<meta name=\"twitter:card\" content=\"summary_large_image\" \/>\n\t\t<meta name=\"twitter:title\" content=\"Velvet Peluquer\u00eda en Burgos: Tu refugio de belleza y estilo - El Digital de Asturias\" \/>\n\t\t<meta name=\"twitter:description\" content=\"En medio de la majestuosidad de la ciudad de Burgos, se alza un rinc\u00f3n de belleza y estilo que ha conquistado el coraz\u00f3n de sus habitantes: Velvet Peluquer\u00eda\" \/>\n\t\t<meta name=\"twitter:image\" content=\"https:\/\/www.eldigitaldeasturias.com\/noticias\/wp-content\/uploads\/2023\/12\/Peluqueria-en-Burgos.jpg\" \/>\n\t\t<meta name=\"twitter:label1\" content=\"Escrito por\" \/>\n\t\t<meta name=\"twitter:data1\" content=\"El Digital de Asturias\" \/>\n\t\t<meta name=\"twitter:label2\" content=\"Tiempo de lectura estimado\" \/>\n\t\t<meta name=\"twitter:data2\" content=\"4 minutos\" \/>\n\t\t<script type=\"application\/ld+json\" class=\"aioseo-schema\">\n\t\t\t{\"@context\":\"https:\\\/\\\/schema.org\",\"@graph\":[{\"@type\":\"BlogPosting\",\"@id\":\"https:\\\/\\\/www.eldigitaldeasturias.com\\\/noticias\\\/velvet-peluqueria-en-burgos-tu-refugio-de-belleza-y-estilo\\\/#blogposting\",\"name\":\"Velvet Peluquer\\u00eda en Burgos: Tu refugio de belleza y estilo - El Digital de Asturias\",\"headline\":\"Velvet Peluquer\\u00eda en Burgos: Tu refugio de belleza y estilo\",\"author\":{\"@id\":\"https:\\\/\\\/www.eldigitaldeasturias.com\\\/noticias\\\/author\\\/admin\\\/#author\"},\"publisher\":{\"@id\":\"https:\\\/\\\/www.eldigitaldeasturias.com\\\/noticias\\\/#organization\"},\"image\":{\"@type\":\"ImageObject\",\"url\":\"https:\\\/\\\/www.eldigitaldeasturias.com\\\/noticias\\\/wp-content\\\/uploads\\\/2023\\\/12\\\/Peluqueria-en-Burgos.jpg\",\"width\":1075,\"height\":707,\"caption\":\"Peluquer\\u00eda en Burgos\"},\"datePublished\":\"2023-12-19T22:20:34+01:00\",\"dateModified\":\"2023-12-19T22:20:55+01:00\",\"inLanguage\":\"es-ES\",\"mainEntityOfPage\":{\"@id\":\"https:\\\/\\\/www.eldigitaldeasturias.com\\\/noticias\\\/velvet-peluqueria-en-burgos-tu-refugio-de-belleza-y-estilo\\\/#webpage\"},\"isPartOf\":{\"@id\":\"https:\\\/\\\/www.eldigitaldeasturias.com\\\/noticias\\\/velvet-peluqueria-en-burgos-tu-refugio-de-belleza-y-estilo\\\/#webpage\"},\"articleSection\":\"Sociedad\"},{\"@type\":\"BreadcrumbList\",\"@id\":\"https:\\\/\\\/www.eldigitaldeasturias.com\\\/noticias\\\/velvet-peluqueria-en-burgos-tu-refugio-de-belleza-y-estilo\\\/#breadcrumblist\",\"itemListElement\":[{\"@type\":\"ListItem\",\"@id\":\"https:\\\/\\\/www.eldigitaldeasturias.com\\\/noticias#listItem\",\"position\":1,\"name\":\"Home\",\"item\":\"https:\\\/\\\/www.eldigitaldeasturias.com\\\/noticias\",\"nextItem\":{\"@type\":\"ListItem\",\"@id\":\"https:\\\/\\\/www.eldigitaldeasturias.com\\\/noticias\\\/category\\\/sociedad\\\/#listItem\",\"name\":\"Sociedad\"}},{\"@type\":\"ListItem\",\"@id\":\"https:\\\/\\\/www.eldigitaldeasturias.com\\\/noticias\\\/category\\\/sociedad\\\/#listItem\",\"position\":2,\"name\":\"Sociedad\",\"item\":\"https:\\\/\\\/www.eldigitaldeasturias.com\\\/noticias\\\/category\\\/sociedad\\\/\",\"nextItem\":{\"@type\":\"ListItem\",\"@id\":\"https:\\\/\\\/www.eldigitaldeasturias.com\\\/noticias\\\/velvet-peluqueria-en-burgos-tu-refugio-de-belleza-y-estilo\\\/#listItem\",\"name\":\"Velvet Peluquer\\u00eda en Burgos: Tu refugio de belleza y estilo\"},\"previousItem\":{\"@type\":\"ListItem\",\"@id\":\"https:\\\/\\\/www.eldigitaldeasturias.com\\\/noticias#listItem\",\"name\":\"Home\"}},{\"@type\":\"ListItem\",\"@id\":\"https:\\\/\\\/www.eldigitaldeasturias.com\\\/noticias\\\/velvet-peluqueria-en-burgos-tu-refugio-de-belleza-y-estilo\\\/#listItem\",\"position\":3,\"name\":\"Velvet Peluquer\\u00eda en Burgos: Tu refugio de belleza y estilo\",\"previousItem\":{\"@type\":\"ListItem\",\"@id\":\"https:\\\/\\\/www.eldigitaldeasturias.com\\\/noticias\\\/category\\\/sociedad\\\/#listItem\",\"name\":\"Sociedad\"}}]},{\"@type\":\"Organization\",\"@id\":\"https:\\\/\\\/www.eldigitaldeasturias.com\\\/noticias\\\/#organization\",\"name\":\"El Digital de Asturias\",\"description\":\"Hemeroteca\",\"url\":\"https:\\\/\\\/www.eldigitaldeasturias.com\\\/noticias\\\/\",\"email\":\"info@eldigitaldeasturias.com\",\"telephone\":\"+34652131393\",\"logo\":{\"@type\":\"ImageObject\",\"url\":\"https:\\\/\\\/www.eldigitaldeasturias.com\\\/noticias\\\/wp-content\\\/uploads\\\/2020\\\/12\\\/EDA.jpg\",\"@id\":\"https:\\\/\\\/www.eldigitaldeasturias.com\\\/noticias\\\/velvet-peluqueria-en-burgos-tu-refugio-de-belleza-y-estilo\\\/#organizationLogo\",\"width\":649,\"height\":297},\"image\":{\"@id\":\"https:\\\/\\\/www.eldigitaldeasturias.com\\\/noticias\\\/velvet-peluqueria-en-burgos-tu-refugio-de-belleza-y-estilo\\\/#organizationLogo\"},\"sameAs\":[\"https:\\\/\\\/facebook.com\\\/eldigitaldeasturias\",\"https:\\\/\\\/www.youtube.com\\\/channel\\\/UCZP-2wLEB9Rv6erhFmqVnvg\"],\"address\":{\"@id\":\"https:\\\/\\\/www.eldigitaldeasturias.com\\\/noticias\\\/#postaladdress\",\"@type\":\"PostalAddress\",\"streetAddress\":\"san antonio 4,\",\"postalCode\":\"33430\",\"addressLocality\":\"Cand\\u00e1s\",\"addressRegion\":\"Asturias\",\"addressCountry\":\"ES\"}},{\"@type\":\"Person\",\"@id\":\"https:\\\/\\\/www.eldigitaldeasturias.com\\\/noticias\\\/author\\\/admin\\\/#author\",\"url\":\"https:\\\/\\\/www.eldigitaldeasturias.com\\\/noticias\\\/author\\\/admin\\\/\",\"name\":\"El Digital de Asturias\",\"image\":{\"@type\":\"ImageObject\",\"@id\":\"https:\\\/\\\/www.eldigitaldeasturias.com\\\/noticias\\\/velvet-peluqueria-en-burgos-tu-refugio-de-belleza-y-estilo\\\/#authorImage\",\"url\":\"https:\\\/\\\/www.eldigitaldeasturias.com\\\/noticias\\\/wp-content\\\/litespeed\\\/avatar\\\/18677e78aa0546b92d9dbf31ec7d7668.jpg?ver=1777290358\",\"width\":96,\"height\":96,\"caption\":\"El Digital de Asturias\"}},{\"@type\":\"WebPage\",\"@id\":\"https:\\\/\\\/www.eldigitaldeasturias.com\\\/noticias\\\/velvet-peluqueria-en-burgos-tu-refugio-de-belleza-y-estilo\\\/#webpage\",\"url\":\"https:\\\/\\\/www.eldigitaldeasturias.com\\\/noticias\\\/velvet-peluqueria-en-burgos-tu-refugio-de-belleza-y-estilo\\\/\",\"name\":\"Velvet Peluquer\\u00eda en Burgos: Tu refugio de belleza y estilo - El Digital de Asturias\",\"description\":\"En medio de la majestuosidad de la ciudad de Burgos, se alza un rinc\\u00f3n de belleza y estilo que ha conquistado el coraz\\u00f3n de sus habitantes: Velvet Peluquer\\u00eda\",\"inLanguage\":\"es-ES\",\"isPartOf\":{\"@id\":\"https:\\\/\\\/www.eldigitaldeasturias.com\\\/noticias\\\/#website\"},\"breadcrumb\":{\"@id\":\"https:\\\/\\\/www.eldigitaldeasturias.com\\\/noticias\\\/velvet-peluqueria-en-burgos-tu-refugio-de-belleza-y-estilo\\\/#breadcrumblist\"},\"author\":{\"@id\":\"https:\\\/\\\/www.eldigitaldeasturias.com\\\/noticias\\\/author\\\/admin\\\/#author\"},\"creator\":{\"@id\":\"https:\\\/\\\/www.eldigitaldeasturias.com\\\/noticias\\\/author\\\/admin\\\/#author\"},\"image\":{\"@type\":\"ImageObject\",\"url\":\"https:\\\/\\\/www.eldigitaldeasturias.com\\\/noticias\\\/wp-content\\\/uploads\\\/2023\\\/12\\\/Peluqueria-en-Burgos.jpg\",\"@id\":\"https:\\\/\\\/www.eldigitaldeasturias.com\\\/noticias\\\/velvet-peluqueria-en-burgos-tu-refugio-de-belleza-y-estilo\\\/#mainImage\",\"width\":1075,\"height\":707,\"caption\":\"Peluquer\\u00eda en Burgos\"},\"primaryImageOfPage\":{\"@id\":\"https:\\\/\\\/www.eldigitaldeasturias.com\\\/noticias\\\/velvet-peluqueria-en-burgos-tu-refugio-de-belleza-y-estilo\\\/#mainImage\"},\"datePublished\":\"2023-12-19T22:20:34+01:00\",\"dateModified\":\"2023-12-19T22:20:55+01:00\"},{\"@type\":\"WebSite\",\"@id\":\"https:\\\/\\\/www.eldigitaldeasturias.com\\\/noticias\\\/#website\",\"url\":\"https:\\\/\\\/www.eldigitaldeasturias.com\\\/noticias\\\/\",\"name\":\"El Digital de Asturias - Diario de actualidad y noticias\",\"alternateName\":\"El Digital de Asturias - Diario de actualidad y noticias\",\"description\":\"Hemeroteca\",\"inLanguage\":\"es-ES\",\"publisher\":{\"@id\":\"https:\\\/\\\/www.eldigitaldeasturias.com\\\/noticias\\\/#organization\"}}]}\n\t\t<\/script>\n\t\t<!-- All in One SEO Pro -->\r\n\t\t<title>Velvet Peluquer\u00eda en Burgos: Tu refugio de belleza y estilo - El Digital de Asturias<\/title>\n\n","aioseo_head_json":{"title":"Velvet Peluquer\u00eda en Burgos: Tu refugio de belleza y estilo - El Digital de Asturias","description":"En medio de la majestuosidad de la ciudad de Burgos, se alza un rinc\u00f3n de belleza y estilo que ha conquistado el coraz\u00f3n de sus habitantes: Velvet Peluquer\u00eda","canonical_url":"https:\/\/www.eldigitaldeasturias.com\/noticias\/velvet-peluqueria-en-burgos-tu-refugio-de-belleza-y-estilo\/","robots":"max-image-preview:large","keywords":"sociedad","webmasterTools":{"google-site-verification":"UA-38556648-1","msvalidate.01":"7dfe9f3f1b24437ab69f4f2559babe99","miscellaneous":""},"schema":{"@context":"https:\/\/schema.org","@graph":[{"@type":"BlogPosting","@id":"https:\/\/www.eldigitaldeasturias.com\/noticias\/velvet-peluqueria-en-burgos-tu-refugio-de-belleza-y-estilo\/#blogposting","name":"Velvet Peluquer\u00eda en Burgos: Tu refugio de belleza y estilo - El Digital de Asturias","headline":"Velvet Peluquer\u00eda en Burgos: Tu refugio de belleza y estilo","author":{"@id":"https:\/\/www.eldigitaldeasturias.com\/noticias\/author\/admin\/#author"},"publisher":{"@id":"https:\/\/www.eldigitaldeasturias.com\/noticias\/#organization"},"image":{"@type":"ImageObject","url":"https:\/\/www.eldigitaldeasturias.com\/noticias\/wp-content\/uploads\/2023\/12\/Peluqueria-en-Burgos.jpg","width":1075,"height":707,"caption":"Peluquer\u00eda en Burgos"},"datePublished":"2023-12-19T22:20:34+01:00","dateModified":"2023-12-19T22:20:55+01:00","inLanguage":"es-ES","mainEntityOfPage":{"@id":"https:\/\/www.eldigitaldeasturias.com\/noticias\/velvet-peluqueria-en-burgos-tu-refugio-de-belleza-y-estilo\/#webpage"},"isPartOf":{"@id":"https:\/\/www.eldigitaldeasturias.com\/noticias\/velvet-peluqueria-en-burgos-tu-refugio-de-belleza-y-estilo\/#webpage"},"articleSection":"Sociedad"},{"@type":"BreadcrumbList","@id":"https:\/\/www.eldigitaldeasturias.com\/noticias\/velvet-peluqueria-en-burgos-tu-refugio-de-belleza-y-estilo\/#breadcrumblist","itemListElement":[{"@type":"ListItem","@id":"https:\/\/www.eldigitaldeasturias.com\/noticias#listItem","position":1,"name":"Home","item":"https:\/\/www.eldigitaldeasturias.com\/noticias","nextItem":{"@type":"ListItem","@id":"https:\/\/www.eldigitaldeasturias.com\/noticias\/category\/sociedad\/#listItem","name":"Sociedad"}},{"@type":"ListItem","@id":"https:\/\/www.eldigitaldeasturias.com\/noticias\/category\/sociedad\/#listItem","position":2,"name":"Sociedad","item":"https:\/\/www.eldigitaldeasturias.com\/noticias\/category\/sociedad\/","nextItem":{"@type":"ListItem","@id":"https:\/\/www.eldigitaldeasturias.com\/noticias\/velvet-peluqueria-en-burgos-tu-refugio-de-belleza-y-estilo\/#listItem","name":"Velvet Peluquer\u00eda en Burgos: Tu refugio de belleza y estilo"},"previousItem":{"@type":"ListItem","@id":"https:\/\/www.eldigitaldeasturias.com\/noticias#listItem","name":"Home"}},{"@type":"ListItem","@id":"https:\/\/www.eldigitaldeasturias.com\/noticias\/velvet-peluqueria-en-burgos-tu-refugio-de-belleza-y-estilo\/#listItem","position":3,"name":"Velvet Peluquer\u00eda en Burgos: Tu refugio de belleza y estilo","previousItem":{"@type":"ListItem","@id":"https:\/\/www.eldigitaldeasturias.com\/noticias\/category\/sociedad\/#listItem","name":"Sociedad"}}]},{"@type":"Organization","@id":"https:\/\/www.eldigitaldeasturias.com\/noticias\/#organization","name":"El Digital de Asturias","description":"Hemeroteca","url":"https:\/\/www.eldigitaldeasturias.com\/noticias\/","email":"info@eldigitaldeasturias.com","telephone":"+34652131393","logo":{"@type":"ImageObject","url":"https:\/\/www.eldigitaldeasturias.com\/noticias\/wp-content\/uploads\/2020\/12\/EDA.jpg","@id":"https:\/\/www.eldigitaldeasturias.com\/noticias\/velvet-peluqueria-en-burgos-tu-refugio-de-belleza-y-estilo\/#organizationLogo","width":649,"height":297},"image":{"@id":"https:\/\/www.eldigitaldeasturias.com\/noticias\/velvet-peluqueria-en-burgos-tu-refugio-de-belleza-y-estilo\/#organizationLogo"},"sameAs":["https:\/\/facebook.com\/eldigitaldeasturias","https:\/\/www.youtube.com\/channel\/UCZP-2wLEB9Rv6erhFmqVnvg"],"address":{"@id":"https:\/\/www.eldigitaldeasturias.com\/noticias\/#postaladdress","@type":"PostalAddress","streetAddress":"san antonio 4,","postalCode":"33430","addressLocality":"Cand\u00e1s","addressRegion":"Asturias","addressCountry":"ES"}},{"@type":"Person","@id":"https:\/\/www.eldigitaldeasturias.com\/noticias\/author\/admin\/#author","url":"https:\/\/www.eldigitaldeasturias.com\/noticias\/author\/admin\/","name":"El Digital de Asturias","image":{"@type":"ImageObject","@id":"https:\/\/www.eldigitaldeasturias.com\/noticias\/velvet-peluqueria-en-burgos-tu-refugio-de-belleza-y-estilo\/#authorImage","url":"https:\/\/www.eldigitaldeasturias.com\/noticias\/wp-content\/litespeed\/avatar\/18677e78aa0546b92d9dbf31ec7d7668.jpg?ver=1777290358","width":96,"height":96,"caption":"El Digital de Asturias"}},{"@type":"WebPage","@id":"https:\/\/www.eldigitaldeasturias.com\/noticias\/velvet-peluqueria-en-burgos-tu-refugio-de-belleza-y-estilo\/#webpage","url":"https:\/\/www.eldigitaldeasturias.com\/noticias\/velvet-peluqueria-en-burgos-tu-refugio-de-belleza-y-estilo\/","name":"Velvet Peluquer\u00eda en Burgos: Tu refugio de belleza y estilo - El Digital de Asturias","description":"En medio de la majestuosidad de la ciudad de Burgos, se alza un rinc\u00f3n de belleza y estilo que ha conquistado el coraz\u00f3n de sus habitantes: Velvet Peluquer\u00eda","inLanguage":"es-ES","isPartOf":{"@id":"https:\/\/www.eldigitaldeasturias.com\/noticias\/#website"},"breadcrumb":{"@id":"https:\/\/www.eldigitaldeasturias.com\/noticias\/velvet-peluqueria-en-burgos-tu-refugio-de-belleza-y-estilo\/#breadcrumblist"},"author":{"@id":"https:\/\/www.eldigitaldeasturias.com\/noticias\/author\/admin\/#author"},"creator":{"@id":"https:\/\/www.eldigitaldeasturias.com\/noticias\/author\/admin\/#author"},"image":{"@type":"ImageObject","url":"https:\/\/www.eldigitaldeasturias.com\/noticias\/wp-content\/uploads\/2023\/12\/Peluqueria-en-Burgos.jpg","@id":"https:\/\/www.eldigitaldeasturias.com\/noticias\/velvet-peluqueria-en-burgos-tu-refugio-de-belleza-y-estilo\/#mainImage","width":1075,"height":707,"caption":"Peluquer\u00eda en Burgos"},"primaryImageOfPage":{"@id":"https:\/\/www.eldigitaldeasturias.com\/noticias\/velvet-peluqueria-en-burgos-tu-refugio-de-belleza-y-estilo\/#mainImage"},"datePublished":"2023-12-19T22:20:34+01:00","dateModified":"2023-12-19T22:20:55+01:00"},{"@type":"WebSite","@id":"https:\/\/www.eldigitaldeasturias.com\/noticias\/#website","url":"https:\/\/www.eldigitaldeasturias.com\/noticias\/","name":"El Digital de Asturias - Diario de actualidad y noticias","alternateName":"El Digital de Asturias - Diario de actualidad y noticias","description":"Hemeroteca","inLanguage":"es-ES","publisher":{"@id":"https:\/\/www.eldigitaldeasturias.com\/noticias\/#organization"}}]},"og:locale":"es_ES","og:site_name":"El Digital de Asturias","og:type":"article","og:title":"Velvet Peluquer\u00eda en Burgos: Tu refugio de belleza y estilo - El Digital de Asturias","og:description":"En medio de la majestuosidad de la ciudad de Burgos, se alza un rinc\u00f3n de belleza y estilo que ha conquistado el coraz\u00f3n de sus habitantes: Velvet Peluquer\u00eda","og:url":"https:\/\/www.eldigitaldeasturias.com\/noticias\/velvet-peluqueria-en-burgos-tu-refugio-de-belleza-y-estilo\/","og:image":"https:\/\/www.eldigitaldeasturias.com\/noticias\/wp-content\/uploads\/2023\/12\/Peluqueria-en-Burgos.jpg","og:image:secure_url":"https:\/\/www.eldigitaldeasturias.com\/noticias\/wp-content\/uploads\/2023\/12\/Peluqueria-en-Burgos.jpg","og:image:width":1075,"og:image:height":707,"article:tag":["sociedad"],"article:published_time":"2023-12-19T21:20:34+00:00","article:modified_time":"2023-12-19T21:20:55+00:00","article:publisher":"https:\/\/facebook.com\/eldigitaldeasturias","twitter:card":"summary_large_image","twitter:title":"Velvet Peluquer\u00eda en Burgos: Tu refugio de belleza y estilo - El Digital de Asturias","twitter:description":"En medio de la majestuosidad de la ciudad de Burgos, se alza un rinc\u00f3n de belleza y estilo que ha conquistado el coraz\u00f3n de sus habitantes: Velvet Peluquer\u00eda","twitter:image":"https:\/\/www.eldigitaldeasturias.com\/noticias\/wp-content\/uploads\/2023\/12\/Peluqueria-en-Burgos.jpg","twitter:label1":"Escrito por","twitter:data1":"El Digital de Asturias","twitter:label2":"Tiempo de lectura estimado","twitter:data2":"4 minutos"},"aioseo_meta_data":{"post_id":"1127752","title":null,"description":"En medio de la majestuosidad de la ciudad de Burgos, se alza un rinc\u00f3n de belleza y estilo que ha conquistado el coraz\u00f3n de sus habitantes: Velvet Peluquer\u00eda","keywords":[],"keyphrases":{"focus":{"keyphrase":"Peluquer\u00eda","score":91,"analysis":{"keyphraseInTitle":{"score":9,"maxScore":9,"error":0},"keyphraseInDescription":{"score":9,"maxScore":9,"error":0},"keyphraseLength":{"score":9,"maxScore":9,"error":0,"length":2},"keyphraseInURL":{"score":5,"maxScore":5,"error":0},"keyphraseInIntroduction":{"score":9,"maxScore":9,"error":0},"keyphraseInSubHeadings":{"score":3,"maxScore":9,"error":1},"keyphraseInImageAlt":{"score":9,"maxScore":9,"error":0},"keywordDensity":{"type":"best","score":9,"maxScore":9,"error":0}}},"additional":[{"keyphrase":"Peluquer\u00eda","score":100,"analysis":{"keyphraseInDescription":{"score":9,"maxScore":9,"error":0},"keyphraseLength":{"score":9,"maxScore":9,"error":0,"length":2},"keyphraseInIntroduction":{"score":9,"maxScore":9,"error":0},"keyphraseInImageAlt":{"score":9,"maxScore":9,"error":0},"keywordDensity":{"type":"best","score":9,"maxScore":9,"error":0}}}]},"primary_term":null,"canonical_url":null,"og_title":null,"og_description":null,"og_object_type":"default","og_image_type":"default","og_image_url":null,"og_image_width":null,"og_image_height":null,"og_image_custom_url":null,"og_image_custom_fields":null,"og_video":"","og_custom_url":null,"og_article_section":null,"og_article_tags":[],"twitter_use_og":false,"twitter_card":"default","twitter_image_type":"default","twitter_image_url":null,"twitter_image_custom_url":null,"twitter_image_custom_fields":null,"twitter_title":null,"twitter_description":null,"schema":{"blockGraphs":[],"customGraphs":[],"default":{"data":{"Article":[],"Course":[],"Dataset":[],"FAQPage":[],"Movie":[],"Person":[],"Product":[],"ProductReview":[],"Car":[],"Recipe":[],"Service":[],"SoftwareApplication":[],"WebPage":[]},"graphName":"BlogPosting","isEnabled":true},"graphs":[]},"schema_type":"default","schema_type_options":null,"pillar_content":false,"robots_default":true,"robots_noindex":false,"robots_noarchive":false,"robots_nosnippet":false,"robots_nofollow":false,"robots_noimageindex":false,"robots_noodp":false,"robots_notranslate":false,"robots_max_snippet":"-1","robots_max_videopreview":"-1","robots_max_imagepreview":"large","priority":null,"frequency":"default","local_seo":null,"seo_analyzer_scan_date":"2025-10-05 23:58:46","breadcrumb_settings":null,"limit_modified_date":false,"open_ai":"{\"title\":{\"suggestions\":[],\"usage\":0},\"description\":{\"suggestions\":[],\"usage\":0}}","ai":null,"created":"2023-12-19 20:57:57","updated":"2025-10-09 06:02:28"},"aioseo_breadcrumb":"<div class=\"aioseo-breadcrumbs\"><span class=\"aioseo-breadcrumb\">\n\t<a href=\"https:\/\/www.eldigitaldeasturias.com\/noticias\" title=\"Home\">Home<\/a>\n<\/span><span class=\"aioseo-breadcrumb-separator\">\u2013<\/span><span class=\"aioseo-breadcrumb\">\n\t<a href=\"https:\/\/www.eldigitaldeasturias.com\/noticias\/category\/sociedad\/\" title=\"Sociedad\">Sociedad<\/a>\n<\/span><span class=\"aioseo-breadcrumb-separator\">\u2013<\/span><span class=\"aioseo-breadcrumb\">\n\t<a href=\"https:\/\/www.eldigitaldeasturias.com\/noticias\/velvet-peluqueria-en-burgos-tu-refugio-de-belleza-y-estilo\/\" title=\"Velvet Peluquer\u00eda en Burgos: Tu refugio de belleza y estilo\">Velvet Peluquer\u00eda en Burgos: Tu refugio de belleza y estilo<\/a>\n<\/span><\/div>","aioseo_breadcrumb_json":[{"label":"Home","link":"https:\/\/www.eldigitaldeasturias.com\/noticias"},{"label":"Sociedad","link":"https:\/\/www.eldigitaldeasturias.com\/noticias\/category\/sociedad\/"},{"label":"Velvet Peluquer\u00eda en Burgos: Tu refugio de belleza y estilo","link":"https:\/\/www.eldigitaldeasturias.com\/noticias\/velvet-peluqueria-en-burgos-tu-refugio-de-belleza-y-estilo\/"}],"_links":{"self":[{"href":"https:\/\/www.eldigitaldeasturias.com\/noticias\/wp-json\/wp\/v2\/posts\/1127752","targetHints":{"allow":["GET"]}}],"collection":[{"href":"https:\/\/www.eldigitaldeasturias.com\/noticias\/wp-json\/wp\/v2\/posts"}],"about":[{"href":"https:\/\/www.eldigitaldeasturias.com\/noticias\/wp-json\/wp\/v2\/types\/post"}],"author":[{"embeddable":true,"href":"https:\/\/www.eldigitaldeasturias.com\/noticias\/wp-json\/wp\/v2\/users\/1"}],"replies":[{"embeddable":true,"href":"https:\/\/www.eldigitaldeasturias.com\/noticias\/wp-json\/wp\/v2\/comments?post=1127752"}],"version-history":[{"count":0,"href":"https:\/\/www.eldigitaldeasturias.com\/noticias\/wp-json\/wp\/v2\/posts\/1127752\/revisions"}],"wp:featuredmedia":[{"embeddable":true,"href":"https:\/\/www.eldigitaldeasturias.com\/noticias\/wp-json\/wp\/v2\/media\/1127753"}],"wp:attachment":[{"href":"https:\/\/www.eldigitaldeasturias.com\/noticias\/wp-json\/wp\/v2\/media?parent=1127752"}],"wp:term":[{"taxonomy":"category","embeddable":true,"href":"https:\/\/www.eldigitaldeasturias.com\/noticias\/wp-json\/wp\/v2\/categories?post=1127752"},{"taxonomy":"post_tag","embeddable":true,"href":"https:\/\/www.eldigitaldeasturias.com\/noticias\/wp-json\/wp\/v2\/tags?post=1127752"}],"curies":[{"name":"wp","href":"https:\/\/api.w.org\/{rel}","templated":true}]}}