{"id":1127742,"date":"2023-12-19T12:43:36","date_gmt":"2023-12-19T11:43:36","guid":{"rendered":"https:\/\/www.eldigitaldeasturias.com\/noticias\/?p=1127742"},"modified":"2023-12-19T12:43:36","modified_gmt":"2023-12-19T11:43:36","slug":"eva-pando-nombrada-nueva-presidenta-de-la-finba","status":"publish","type":"post","link":"https:\/\/www.eldigitaldeasturias.com\/noticias\/eva-pando-nombrada-nueva-presidenta-de-la-finba\/","title":{"rendered":"Eva Pando nombrada nueva presidenta de la Finba"},"content":{"rendered":"<p>El patronato de la <strong>Finba<\/strong> ha acordado nombrar a <strong>Eva Pando nueva presidenta de la entidad<\/strong>, tras la renuncia del empresario Blas Herrero. Pando (Moreda de Aller, 1971) es miembro del patronato de la Finba en sustituci\u00f3n del presidente de la Fundaci\u00f3n Caja Rural de Asturias, Fernando Mart\u00ednez, vocal del patronato desde su creaci\u00f3n hace diez a\u00f1os.<\/p>\n<figure id=\"attachment_1127743\" aria-describedby=\"caption-attachment-1127743\" style=\"width: 650px\" class=\"wp-caption aligncenter\"><img loading=\"lazy\" decoding=\"async\" class=\"wp-image-1127743 size-large\" src=\"https:\/\/www.eldigitaldeasturias.com\/noticias\/wp-content\/uploads\/2023\/12\/Eva-Pando-650x433.jpg\" alt=\"Eva Pando\" width=\"650\" height=\"433\" srcset=\"https:\/\/www.eldigitaldeasturias.com\/noticias\/wp-content\/uploads\/2023\/12\/Eva-Pando-650x433.jpg 650w, https:\/\/www.eldigitaldeasturias.com\/noticias\/wp-content\/uploads\/2023\/12\/Eva-Pando-360x240.jpg 360w, https:\/\/www.eldigitaldeasturias.com\/noticias\/wp-content\/uploads\/2023\/12\/Eva-Pando-450x300.jpg 450w, https:\/\/www.eldigitaldeasturias.com\/noticias\/wp-content\/uploads\/2023\/12\/Eva-Pando-768x512.jpg 768w, https:\/\/www.eldigitaldeasturias.com\/noticias\/wp-content\/uploads\/2023\/12\/Eva-Pando-150x100.jpg 150w, https:\/\/www.eldigitaldeasturias.com\/noticias\/wp-content\/uploads\/2023\/12\/Eva-Pando.jpg 992w\" sizes=\"auto, (max-width: 650px) 100vw, 650px\" \/><figcaption id=\"caption-attachment-1127743\" class=\"wp-caption-text\">Foto: Prensa Gobierno de Asturias<\/figcaption><\/figure>\n<p><strong>La nueva presidenta ha asegurado que con su nombramiento \u201cse consolida la apuesta de la Fundaci\u00f3n Caja Rural de Asturias por la ciencia y la investigaci\u00f3n biosanitaria\u201d<\/strong>. Adem\u00e1s, Pando ha manifestado que el cargo \u201csupone una gran responsabilidad, tras diez a\u00f1os de trayectoria de este proyecto de colaboraci\u00f3n p\u00fablico-privada, que aborda una etapa clave para su proyecci\u00f3n de futuro\u201d.<\/p>\n<p>En la reuni\u00f3n tambi\u00e9n se ha decidido el nombramiento de nuevos patronos institucionales: el gerente del Servicio de Salud del Principado (Sespa), Aquilino Alonso; la gerente del \u00e1rea sanitaria IV, Beatriz L\u00f3pez Mu\u00f1iz, y la vicerrectora de investigaci\u00f3n de la Universidad de Oviedo, Irene D\u00edaz. <strong>Adem\u00e1s, se ha dado el visto bueno a la aprobaci\u00f3n de las cuentas de la fundaci\u00f3n para 2024, que ascienden a 9,2 millones, lo que supone un aumento del 8% respecto a este a\u00f1o.<\/strong><\/p>\n<p><strong>El \u00f3rgano tambi\u00e9n ha dado el visto bueno al informe del director de Finba, Faustino Blanco, sobre la actividad de 2023<\/strong>. El documento destaca que este ha sido para la fundaci\u00f3n \u201cotro a\u00f1o de avances importantes, que permitir\u00e1n seguir mejorando la capacidad de captaci\u00f3n de talento investigador\u201d, lo que contribuye al reconocimiento de la entidad en el sector de excelencia en investigaci\u00f3n. \u201cEl impulso recibido en proyectos europeos mejora significativamente nuestra estrategia de internacionalizaci\u00f3n y programas como el consorcio estatal en red para el desarrollo de medicamentos de terapias avanzadas, promovido por el Instituto de Salud Carlos III, suponen un nuevo acicate\u201d, ha precisado Blanco.<\/p>\n<p>Adem\u00e1s, ha valorado la obtenci\u00f3n del Sello de Excelencia en Recursos Humanos de Investigaci\u00f3n (HR Excellence in Research), que otorga la Comisi\u00f3n Europea como reconocimiento del progreso a la hora de alinear las pol\u00edticas con las directrices marcadas por Europa. Igualmente, ha subrayado la acreditaci\u00f3n lograda por el Instituto de Investigaci\u00f3n Sanitaria del Principado (ISPA), que le ha permitido situarse en un espacio compartido por entidades de excelencia en investigaci\u00f3n seleccionadas por el Instituto de Salud Carlos III.<\/p>\n<p>A juicio de Blanco, 2024 \u201cser\u00e1 un a\u00f1o para el refuerzo de las infraestructuras y equipamientos de la Finba y el Ispa, con un importante proyecto de centro de simulaci\u00f3n cl\u00ednica y el desarrollo de tecnolog\u00edas innovadoras y procesos inteligentes, que se pondr\u00e1n a disposici\u00f3n del ecosistema biosanitario y de las <a href=\"https:\/\/www.eldigitaldeasturias.com\/noticias\/category\/negocios-y-empresas\/\"><span style=\"color: #ff6600;\"><strong>empresas<\/strong><\/span><\/a> tecnol\u00f3gicas que lo soliciten\u201d.<\/p>\n<h2>Curr\u00edculum de la nueva presidenta<\/h2>\n<p>Eva Pando Iglesias (Morea\/Moreda, 1971) es ingeniera industrial titulada en la Universidad de Oviedo y m\u00e1ster en Administraci\u00f3n de Empresas por la Universidad Polit\u00e9cnica de Madrid. En 1997 comenz\u00f3 a trabajar como analista de inversiones en la Sociedad Regional de Promoci\u00f3n (SRP), uno de los pilares del antiguo Instituto de Fomento Regional, que se convertir\u00eda m\u00e1s tarde en el Idepa.<\/p>\n<p>Desde enero de 2005 dirigi\u00f3 el Centro Europeo de Empresas e Innovaci\u00f3n (CEEI) de Asturias, organismo de apoyo a la creaci\u00f3n y consolidaci\u00f3n de empresas innovadoras, especialmente de base cient\u00edfica y tecnol\u00f3gica. En 2015 tom\u00f3 las riendas del Instituto de Desarrollo Econ\u00f3mico del Principado (Idepa) y pilot\u00f3 su proceso de transformaci\u00f3n hacia la actual Agencia de Ciencia, Competitividad Empresarial e Innovaci\u00f3n (Sekuens). Desde el pasado octubre dirige la Fundaci\u00f3n Caja Rural de Asturias.<\/p>\n","protected":false},"excerpt":{"rendered":"<p>El patronato de la Finba ha acordado nombrar a Eva Pando nueva presidenta de la entidad, tras la renuncia del empresario Blas Herrero. Pando (Moreda de Aller, 1971) es miembro del patronato de la Finba en sustituci\u00f3n del presidente de la Fundaci\u00f3n Caja Rural de Asturias, Fernando Mart\u00ednez, vocal del patronato desde su creaci\u00f3n hace [&hellip;]<\/p>\n","protected":false},"author":1,"featured_media":1127743,"comment_status":"closed","ping_status":"closed","sticky":false,"template":"","format":"standard","meta":{"footnotes":""},"categories":[12],"tags":[],"class_list":["post-1127742","post","type-post","status-publish","format-standard","has-post-thumbnail","hentry","category-actualidad-asturias"],"aioseo_notices":[],"aioseo_head":"\n\t\t<!-- All in One SEO Pro 4.9.6.2 - aioseo.com -->\n\t<meta name=\"description\" content=\"El patronato de la Finba ha acordado nombrar a Eva Pando nueva presidenta de la entidad, tras la renuncia del empresario Blas Herrero. Pando (Moreda de Aller\" \/>\n\t<meta name=\"robots\" content=\"max-image-preview:large\" \/>\n\t<meta name=\"author\" content=\"El Digital de Asturias\"\/>\n\t<meta name=\"google-site-verification\" content=\"UA-38556648-1\" \/>\n\t<meta name=\"msvalidate.01\" content=\"7dfe9f3f1b24437ab69f4f2559babe99\" \/>\n\t<meta name=\"keywords\" content=\"actualidad asturias\" \/>\n\t<link rel=\"canonical\" href=\"https:\/\/www.eldigitaldeasturias.com\/noticias\/eva-pando-nombrada-nueva-presidenta-de-la-finba\/\" \/>\n\t<meta name=\"generator\" content=\"All in One SEO Pro (AIOSEO) 4.9.6.2\" \/>\n\t\t<meta property=\"og:locale\" content=\"es_ES\" \/>\n\t\t<meta property=\"og:site_name\" content=\"El Digital de Asturias\" \/>\n\t\t<meta property=\"og:type\" content=\"article\" \/>\n\t\t<meta property=\"og:title\" content=\"Eva Pando nombrada nueva presidenta de la Finba - El Digital de Asturias\" \/>\n\t\t<meta property=\"og:description\" content=\"El patronato de la Finba ha acordado nombrar a Eva Pando nueva presidenta de la entidad, tras la renuncia del empresario Blas Herrero. Pando (Moreda de Aller\" \/>\n\t\t<meta property=\"og:url\" content=\"https:\/\/www.eldigitaldeasturias.com\/noticias\/eva-pando-nombrada-nueva-presidenta-de-la-finba\/\" \/>\n\t\t<meta property=\"og:image\" content=\"https:\/\/www.eldigitaldeasturias.com\/noticias\/wp-content\/uploads\/2023\/12\/Eva-Pando.jpg\" \/>\n\t\t<meta property=\"og:image:secure_url\" content=\"https:\/\/www.eldigitaldeasturias.com\/noticias\/wp-content\/uploads\/2023\/12\/Eva-Pando.jpg\" \/>\n\t\t<meta property=\"og:image:width\" content=\"992\" \/>\n\t\t<meta property=\"og:image:height\" content=\"661\" \/>\n\t\t<meta property=\"article:tag\" content=\"actualidad asturias\" \/>\n\t\t<meta property=\"article:published_time\" content=\"2023-12-19T11:43:36+00:00\" \/>\n\t\t<meta property=\"article:modified_time\" content=\"2023-12-19T11:43:36+00:00\" \/>\n\t\t<meta property=\"article:publisher\" content=\"https:\/\/facebook.com\/eldigitaldeasturias\" \/>\n\t\t<meta name=\"twitter:card\" content=\"summary_large_image\" \/>\n\t\t<meta name=\"twitter:title\" content=\"Eva Pando nombrada nueva presidenta de la Finba - El Digital de Asturias\" \/>\n\t\t<meta name=\"twitter:description\" content=\"El patronato de la Finba ha acordado nombrar a Eva Pando nueva presidenta de la entidad, tras la renuncia del empresario Blas Herrero. Pando (Moreda de Aller\" \/>\n\t\t<meta name=\"twitter:image\" content=\"https:\/\/www.eldigitaldeasturias.com\/noticias\/wp-content\/uploads\/2023\/12\/Eva-Pando.jpg\" \/>\n\t\t<meta name=\"twitter:label1\" content=\"Escrito por\" \/>\n\t\t<meta name=\"twitter:data1\" content=\"El Digital de Asturias\" \/>\n\t\t<meta name=\"twitter:label2\" content=\"Tiempo de lectura estimado\" \/>\n\t\t<meta name=\"twitter:data2\" content=\"3 minutos\" \/>\n\t\t<script type=\"application\/ld+json\" class=\"aioseo-schema\">\n\t\t\t{\"@context\":\"https:\\\/\\\/schema.org\",\"@graph\":[{\"@type\":\"BlogPosting\",\"@id\":\"https:\\\/\\\/www.eldigitaldeasturias.com\\\/noticias\\\/eva-pando-nombrada-nueva-presidenta-de-la-finba\\\/#blogposting\",\"name\":\"Eva Pando nombrada nueva presidenta de la Finba - El Digital de Asturias\",\"headline\":\"Eva Pando nombrada nueva presidenta de la Finba\",\"author\":{\"@id\":\"https:\\\/\\\/www.eldigitaldeasturias.com\\\/noticias\\\/author\\\/admin\\\/#author\"},\"publisher\":{\"@id\":\"https:\\\/\\\/www.eldigitaldeasturias.com\\\/noticias\\\/#organization\"},\"image\":{\"@type\":\"ImageObject\",\"url\":\"https:\\\/\\\/www.eldigitaldeasturias.com\\\/noticias\\\/wp-content\\\/uploads\\\/2023\\\/12\\\/Eva-Pando.jpg\",\"width\":992,\"height\":661,\"caption\":\"Foto: Prensa Gobierno de Asturias\"},\"datePublished\":\"2023-12-19T12:43:36+01:00\",\"dateModified\":\"2023-12-19T12:43:36+01:00\",\"inLanguage\":\"es-ES\",\"mainEntityOfPage\":{\"@id\":\"https:\\\/\\\/www.eldigitaldeasturias.com\\\/noticias\\\/eva-pando-nombrada-nueva-presidenta-de-la-finba\\\/#webpage\"},\"isPartOf\":{\"@id\":\"https:\\\/\\\/www.eldigitaldeasturias.com\\\/noticias\\\/eva-pando-nombrada-nueva-presidenta-de-la-finba\\\/#webpage\"},\"articleSection\":\"Actualidad Asturias\"},{\"@type\":\"BreadcrumbList\",\"@id\":\"https:\\\/\\\/www.eldigitaldeasturias.com\\\/noticias\\\/eva-pando-nombrada-nueva-presidenta-de-la-finba\\\/#breadcrumblist\",\"itemListElement\":[{\"@type\":\"ListItem\",\"@id\":\"https:\\\/\\\/www.eldigitaldeasturias.com\\\/noticias#listItem\",\"position\":1,\"name\":\"Home\",\"item\":\"https:\\\/\\\/www.eldigitaldeasturias.com\\\/noticias\",\"nextItem\":{\"@type\":\"ListItem\",\"@id\":\"https:\\\/\\\/www.eldigitaldeasturias.com\\\/noticias\\\/category\\\/actualidad-asturias\\\/#listItem\",\"name\":\"Actualidad Asturias\"}},{\"@type\":\"ListItem\",\"@id\":\"https:\\\/\\\/www.eldigitaldeasturias.com\\\/noticias\\\/category\\\/actualidad-asturias\\\/#listItem\",\"position\":2,\"name\":\"Actualidad Asturias\",\"item\":\"https:\\\/\\\/www.eldigitaldeasturias.com\\\/noticias\\\/category\\\/actualidad-asturias\\\/\",\"nextItem\":{\"@type\":\"ListItem\",\"@id\":\"https:\\\/\\\/www.eldigitaldeasturias.com\\\/noticias\\\/eva-pando-nombrada-nueva-presidenta-de-la-finba\\\/#listItem\",\"name\":\"Eva Pando nombrada nueva presidenta de la Finba\"},\"previousItem\":{\"@type\":\"ListItem\",\"@id\":\"https:\\\/\\\/www.eldigitaldeasturias.com\\\/noticias#listItem\",\"name\":\"Home\"}},{\"@type\":\"ListItem\",\"@id\":\"https:\\\/\\\/www.eldigitaldeasturias.com\\\/noticias\\\/eva-pando-nombrada-nueva-presidenta-de-la-finba\\\/#listItem\",\"position\":3,\"name\":\"Eva Pando nombrada nueva presidenta de la Finba\",\"previousItem\":{\"@type\":\"ListItem\",\"@id\":\"https:\\\/\\\/www.eldigitaldeasturias.com\\\/noticias\\\/category\\\/actualidad-asturias\\\/#listItem\",\"name\":\"Actualidad Asturias\"}}]},{\"@type\":\"Organization\",\"@id\":\"https:\\\/\\\/www.eldigitaldeasturias.com\\\/noticias\\\/#organization\",\"name\":\"El Digital de Asturias\",\"description\":\"Hemeroteca\",\"url\":\"https:\\\/\\\/www.eldigitaldeasturias.com\\\/noticias\\\/\",\"email\":\"info@eldigitaldeasturias.com\",\"telephone\":\"+34652131393\",\"logo\":{\"@type\":\"ImageObject\",\"url\":\"https:\\\/\\\/www.eldigitaldeasturias.com\\\/noticias\\\/wp-content\\\/uploads\\\/2020\\\/12\\\/EDA.jpg\",\"@id\":\"https:\\\/\\\/www.eldigitaldeasturias.com\\\/noticias\\\/eva-pando-nombrada-nueva-presidenta-de-la-finba\\\/#organizationLogo\",\"width\":649,\"height\":297},\"image\":{\"@id\":\"https:\\\/\\\/www.eldigitaldeasturias.com\\\/noticias\\\/eva-pando-nombrada-nueva-presidenta-de-la-finba\\\/#organizationLogo\"},\"sameAs\":[\"https:\\\/\\\/facebook.com\\\/eldigitaldeasturias\",\"https:\\\/\\\/www.youtube.com\\\/channel\\\/UCZP-2wLEB9Rv6erhFmqVnvg\"],\"address\":{\"@id\":\"https:\\\/\\\/www.eldigitaldeasturias.com\\\/noticias\\\/#postaladdress\",\"@type\":\"PostalAddress\",\"streetAddress\":\"san antonio 4,\",\"postalCode\":\"33430\",\"addressLocality\":\"Cand\\u00e1s\",\"addressRegion\":\"Asturias\",\"addressCountry\":\"ES\"}},{\"@type\":\"Person\",\"@id\":\"https:\\\/\\\/www.eldigitaldeasturias.com\\\/noticias\\\/author\\\/admin\\\/#author\",\"url\":\"https:\\\/\\\/www.eldigitaldeasturias.com\\\/noticias\\\/author\\\/admin\\\/\",\"name\":\"El Digital de Asturias\",\"image\":{\"@type\":\"ImageObject\",\"@id\":\"https:\\\/\\\/www.eldigitaldeasturias.com\\\/noticias\\\/eva-pando-nombrada-nueva-presidenta-de-la-finba\\\/#authorImage\",\"url\":\"https:\\\/\\\/www.eldigitaldeasturias.com\\\/noticias\\\/wp-content\\\/litespeed\\\/avatar\\\/18677e78aa0546b92d9dbf31ec7d7668.jpg?ver=1777290358\",\"width\":96,\"height\":96,\"caption\":\"El Digital de Asturias\"}},{\"@type\":\"WebPage\",\"@id\":\"https:\\\/\\\/www.eldigitaldeasturias.com\\\/noticias\\\/eva-pando-nombrada-nueva-presidenta-de-la-finba\\\/#webpage\",\"url\":\"https:\\\/\\\/www.eldigitaldeasturias.com\\\/noticias\\\/eva-pando-nombrada-nueva-presidenta-de-la-finba\\\/\",\"name\":\"Eva Pando nombrada nueva presidenta de la Finba - El Digital de Asturias\",\"description\":\"El patronato de la Finba ha acordado nombrar a Eva Pando nueva presidenta de la entidad, tras la renuncia del empresario Blas Herrero. Pando (Moreda de Aller\",\"inLanguage\":\"es-ES\",\"isPartOf\":{\"@id\":\"https:\\\/\\\/www.eldigitaldeasturias.com\\\/noticias\\\/#website\"},\"breadcrumb\":{\"@id\":\"https:\\\/\\\/www.eldigitaldeasturias.com\\\/noticias\\\/eva-pando-nombrada-nueva-presidenta-de-la-finba\\\/#breadcrumblist\"},\"author\":{\"@id\":\"https:\\\/\\\/www.eldigitaldeasturias.com\\\/noticias\\\/author\\\/admin\\\/#author\"},\"creator\":{\"@id\":\"https:\\\/\\\/www.eldigitaldeasturias.com\\\/noticias\\\/author\\\/admin\\\/#author\"},\"image\":{\"@type\":\"ImageObject\",\"url\":\"https:\\\/\\\/www.eldigitaldeasturias.com\\\/noticias\\\/wp-content\\\/uploads\\\/2023\\\/12\\\/Eva-Pando.jpg\",\"@id\":\"https:\\\/\\\/www.eldigitaldeasturias.com\\\/noticias\\\/eva-pando-nombrada-nueva-presidenta-de-la-finba\\\/#mainImage\",\"width\":992,\"height\":661,\"caption\":\"Foto: Prensa Gobierno de Asturias\"},\"primaryImageOfPage\":{\"@id\":\"https:\\\/\\\/www.eldigitaldeasturias.com\\\/noticias\\\/eva-pando-nombrada-nueva-presidenta-de-la-finba\\\/#mainImage\"},\"datePublished\":\"2023-12-19T12:43:36+01:00\",\"dateModified\":\"2023-12-19T12:43:36+01:00\"},{\"@type\":\"WebSite\",\"@id\":\"https:\\\/\\\/www.eldigitaldeasturias.com\\\/noticias\\\/#website\",\"url\":\"https:\\\/\\\/www.eldigitaldeasturias.com\\\/noticias\\\/\",\"name\":\"El Digital de Asturias - Diario de actualidad y noticias\",\"alternateName\":\"El Digital de Asturias - Diario de actualidad y noticias\",\"description\":\"Hemeroteca\",\"inLanguage\":\"es-ES\",\"publisher\":{\"@id\":\"https:\\\/\\\/www.eldigitaldeasturias.com\\\/noticias\\\/#organization\"}}]}\n\t\t<\/script>\n\t\t<!-- All in One SEO Pro -->\r\n\t\t<title>Eva Pando nombrada nueva presidenta de la Finba - El Digital de Asturias<\/title>\n\n","aioseo_head_json":{"title":"Eva Pando nombrada nueva presidenta de la Finba - El Digital de Asturias","description":"El patronato de la Finba ha acordado nombrar a Eva Pando nueva presidenta de la entidad, tras la renuncia del empresario Blas Herrero. Pando (Moreda de Aller","canonical_url":"https:\/\/www.eldigitaldeasturias.com\/noticias\/eva-pando-nombrada-nueva-presidenta-de-la-finba\/","robots":"max-image-preview:large","keywords":"actualidad asturias","webmasterTools":{"google-site-verification":"UA-38556648-1","msvalidate.01":"7dfe9f3f1b24437ab69f4f2559babe99","miscellaneous":""},"schema":{"@context":"https:\/\/schema.org","@graph":[{"@type":"BlogPosting","@id":"https:\/\/www.eldigitaldeasturias.com\/noticias\/eva-pando-nombrada-nueva-presidenta-de-la-finba\/#blogposting","name":"Eva Pando nombrada nueva presidenta de la Finba - El Digital de Asturias","headline":"Eva Pando nombrada nueva presidenta de la Finba","author":{"@id":"https:\/\/www.eldigitaldeasturias.com\/noticias\/author\/admin\/#author"},"publisher":{"@id":"https:\/\/www.eldigitaldeasturias.com\/noticias\/#organization"},"image":{"@type":"ImageObject","url":"https:\/\/www.eldigitaldeasturias.com\/noticias\/wp-content\/uploads\/2023\/12\/Eva-Pando.jpg","width":992,"height":661,"caption":"Foto: Prensa Gobierno de Asturias"},"datePublished":"2023-12-19T12:43:36+01:00","dateModified":"2023-12-19T12:43:36+01:00","inLanguage":"es-ES","mainEntityOfPage":{"@id":"https:\/\/www.eldigitaldeasturias.com\/noticias\/eva-pando-nombrada-nueva-presidenta-de-la-finba\/#webpage"},"isPartOf":{"@id":"https:\/\/www.eldigitaldeasturias.com\/noticias\/eva-pando-nombrada-nueva-presidenta-de-la-finba\/#webpage"},"articleSection":"Actualidad Asturias"},{"@type":"BreadcrumbList","@id":"https:\/\/www.eldigitaldeasturias.com\/noticias\/eva-pando-nombrada-nueva-presidenta-de-la-finba\/#breadcrumblist","itemListElement":[{"@type":"ListItem","@id":"https:\/\/www.eldigitaldeasturias.com\/noticias#listItem","position":1,"name":"Home","item":"https:\/\/www.eldigitaldeasturias.com\/noticias","nextItem":{"@type":"ListItem","@id":"https:\/\/www.eldigitaldeasturias.com\/noticias\/category\/actualidad-asturias\/#listItem","name":"Actualidad Asturias"}},{"@type":"ListItem","@id":"https:\/\/www.eldigitaldeasturias.com\/noticias\/category\/actualidad-asturias\/#listItem","position":2,"name":"Actualidad Asturias","item":"https:\/\/www.eldigitaldeasturias.com\/noticias\/category\/actualidad-asturias\/","nextItem":{"@type":"ListItem","@id":"https:\/\/www.eldigitaldeasturias.com\/noticias\/eva-pando-nombrada-nueva-presidenta-de-la-finba\/#listItem","name":"Eva Pando nombrada nueva presidenta de la Finba"},"previousItem":{"@type":"ListItem","@id":"https:\/\/www.eldigitaldeasturias.com\/noticias#listItem","name":"Home"}},{"@type":"ListItem","@id":"https:\/\/www.eldigitaldeasturias.com\/noticias\/eva-pando-nombrada-nueva-presidenta-de-la-finba\/#listItem","position":3,"name":"Eva Pando nombrada nueva presidenta de la Finba","previousItem":{"@type":"ListItem","@id":"https:\/\/www.eldigitaldeasturias.com\/noticias\/category\/actualidad-asturias\/#listItem","name":"Actualidad Asturias"}}]},{"@type":"Organization","@id":"https:\/\/www.eldigitaldeasturias.com\/noticias\/#organization","name":"El Digital de Asturias","description":"Hemeroteca","url":"https:\/\/www.eldigitaldeasturias.com\/noticias\/","email":"info@eldigitaldeasturias.com","telephone":"+34652131393","logo":{"@type":"ImageObject","url":"https:\/\/www.eldigitaldeasturias.com\/noticias\/wp-content\/uploads\/2020\/12\/EDA.jpg","@id":"https:\/\/www.eldigitaldeasturias.com\/noticias\/eva-pando-nombrada-nueva-presidenta-de-la-finba\/#organizationLogo","width":649,"height":297},"image":{"@id":"https:\/\/www.eldigitaldeasturias.com\/noticias\/eva-pando-nombrada-nueva-presidenta-de-la-finba\/#organizationLogo"},"sameAs":["https:\/\/facebook.com\/eldigitaldeasturias","https:\/\/www.youtube.com\/channel\/UCZP-2wLEB9Rv6erhFmqVnvg"],"address":{"@id":"https:\/\/www.eldigitaldeasturias.com\/noticias\/#postaladdress","@type":"PostalAddress","streetAddress":"san antonio 4,","postalCode":"33430","addressLocality":"Cand\u00e1s","addressRegion":"Asturias","addressCountry":"ES"}},{"@type":"Person","@id":"https:\/\/www.eldigitaldeasturias.com\/noticias\/author\/admin\/#author","url":"https:\/\/www.eldigitaldeasturias.com\/noticias\/author\/admin\/","name":"El Digital de Asturias","image":{"@type":"ImageObject","@id":"https:\/\/www.eldigitaldeasturias.com\/noticias\/eva-pando-nombrada-nueva-presidenta-de-la-finba\/#authorImage","url":"https:\/\/www.eldigitaldeasturias.com\/noticias\/wp-content\/litespeed\/avatar\/18677e78aa0546b92d9dbf31ec7d7668.jpg?ver=1777290358","width":96,"height":96,"caption":"El Digital de Asturias"}},{"@type":"WebPage","@id":"https:\/\/www.eldigitaldeasturias.com\/noticias\/eva-pando-nombrada-nueva-presidenta-de-la-finba\/#webpage","url":"https:\/\/www.eldigitaldeasturias.com\/noticias\/eva-pando-nombrada-nueva-presidenta-de-la-finba\/","name":"Eva Pando nombrada nueva presidenta de la Finba - El Digital de Asturias","description":"El patronato de la Finba ha acordado nombrar a Eva Pando nueva presidenta de la entidad, tras la renuncia del empresario Blas Herrero. Pando (Moreda de Aller","inLanguage":"es-ES","isPartOf":{"@id":"https:\/\/www.eldigitaldeasturias.com\/noticias\/#website"},"breadcrumb":{"@id":"https:\/\/www.eldigitaldeasturias.com\/noticias\/eva-pando-nombrada-nueva-presidenta-de-la-finba\/#breadcrumblist"},"author":{"@id":"https:\/\/www.eldigitaldeasturias.com\/noticias\/author\/admin\/#author"},"creator":{"@id":"https:\/\/www.eldigitaldeasturias.com\/noticias\/author\/admin\/#author"},"image":{"@type":"ImageObject","url":"https:\/\/www.eldigitaldeasturias.com\/noticias\/wp-content\/uploads\/2023\/12\/Eva-Pando.jpg","@id":"https:\/\/www.eldigitaldeasturias.com\/noticias\/eva-pando-nombrada-nueva-presidenta-de-la-finba\/#mainImage","width":992,"height":661,"caption":"Foto: Prensa Gobierno de Asturias"},"primaryImageOfPage":{"@id":"https:\/\/www.eldigitaldeasturias.com\/noticias\/eva-pando-nombrada-nueva-presidenta-de-la-finba\/#mainImage"},"datePublished":"2023-12-19T12:43:36+01:00","dateModified":"2023-12-19T12:43:36+01:00"},{"@type":"WebSite","@id":"https:\/\/www.eldigitaldeasturias.com\/noticias\/#website","url":"https:\/\/www.eldigitaldeasturias.com\/noticias\/","name":"El Digital de Asturias - Diario de actualidad y noticias","alternateName":"El Digital de Asturias - Diario de actualidad y noticias","description":"Hemeroteca","inLanguage":"es-ES","publisher":{"@id":"https:\/\/www.eldigitaldeasturias.com\/noticias\/#organization"}}]},"og:locale":"es_ES","og:site_name":"El Digital de Asturias","og:type":"article","og:title":"Eva Pando nombrada nueva presidenta de la Finba - El Digital de Asturias","og:description":"El patronato de la Finba ha acordado nombrar a Eva Pando nueva presidenta de la entidad, tras la renuncia del empresario Blas Herrero. Pando (Moreda de Aller","og:url":"https:\/\/www.eldigitaldeasturias.com\/noticias\/eva-pando-nombrada-nueva-presidenta-de-la-finba\/","og:image":"https:\/\/www.eldigitaldeasturias.com\/noticias\/wp-content\/uploads\/2023\/12\/Eva-Pando.jpg","og:image:secure_url":"https:\/\/www.eldigitaldeasturias.com\/noticias\/wp-content\/uploads\/2023\/12\/Eva-Pando.jpg","og:image:width":992,"og:image:height":661,"article:tag":["actualidad asturias"],"article:published_time":"2023-12-19T11:43:36+00:00","article:modified_time":"2023-12-19T11:43:36+00:00","article:publisher":"https:\/\/facebook.com\/eldigitaldeasturias","twitter:card":"summary_large_image","twitter:title":"Eva Pando nombrada nueva presidenta de la Finba - El Digital de Asturias","twitter:description":"El patronato de la Finba ha acordado nombrar a Eva Pando nueva presidenta de la entidad, tras la renuncia del empresario Blas Herrero. Pando (Moreda de Aller","twitter:image":"https:\/\/www.eldigitaldeasturias.com\/noticias\/wp-content\/uploads\/2023\/12\/Eva-Pando.jpg","twitter:label1":"Escrito por","twitter:data1":"El Digital de Asturias","twitter:label2":"Tiempo de lectura estimado","twitter:data2":"3 minutos"},"aioseo_meta_data":{"post_id":"1127742","title":null,"description":"El patronato de la Finba ha acordado nombrar a Eva Pando nueva presidenta de la entidad, tras la renuncia del empresario Blas Herrero. Pando (Moreda de Aller","keywords":[],"keyphrases":{"focus":{"keyphrase":"Pando","score":85,"analysis":{"keyphraseInTitle":{"score":9,"maxScore":9,"error":0},"keyphraseInDescription":{"score":9,"maxScore":9,"error":0},"keyphraseLength":{"score":9,"maxScore":9,"error":0,"length":1},"keyphraseInURL":{"score":1,"maxScore":5,"error":1},"keyphraseInIntroduction":{"score":9,"maxScore":9,"error":0},"keyphraseInSubHeadings":{"score":3,"maxScore":9,"error":1},"keyphraseInImageAlt":{"score":9,"maxScore":9,"error":0},"keywordDensity":{"type":"best","score":9,"maxScore":9,"error":0}}},"additional":[{"keyphrase":"Eva Pando","score":80,"analysis":{"keyphraseInDescription":{"score":9,"maxScore":9,"error":0},"keyphraseLength":{"score":9,"maxScore":9,"error":0,"length":2},"keyphraseInIntroduction":{"score":9,"maxScore":9,"error":0},"keyphraseInImageAlt":{"score":9,"maxScore":9,"error":0},"keywordDensity":{"score":0,"type":"low","maxScore":9,"error":1}}},{"keyphrase":"Pando","score":100,"analysis":{"keyphraseInDescription":{"score":9,"maxScore":9,"error":0},"keyphraseLength":{"score":9,"maxScore":9,"error":0,"length":1},"keyphraseInIntroduction":{"score":9,"maxScore":9,"error":0},"keyphraseInImageAlt":{"score":9,"maxScore":9,"error":0},"keywordDensity":{"type":"best","score":9,"maxScore":9,"error":0}}},{"keyphrase":"Finba","score":87,"analysis":{"keyphraseInDescription":{"score":9,"maxScore":9,"error":0},"keyphraseLength":{"score":9,"maxScore":9,"error":0,"length":1},"keyphraseInIntroduction":{"score":9,"maxScore":9,"error":0},"keyphraseInImageAlt":{"score":3,"maxScore":9,"error":1},"keywordDensity":{"type":"best","score":9,"maxScore":9,"error":0}}}]},"primary_term":null,"canonical_url":null,"og_title":null,"og_description":null,"og_object_type":"default","og_image_type":"default","og_image_url":null,"og_image_width":null,"og_image_height":null,"og_image_custom_url":null,"og_image_custom_fields":null,"og_video":"","og_custom_url":null,"og_article_section":null,"og_article_tags":[],"twitter_use_og":false,"twitter_card":"default","twitter_image_type":"default","twitter_image_url":null,"twitter_image_custom_url":null,"twitter_image_custom_fields":null,"twitter_title":null,"twitter_description":null,"schema":{"blockGraphs":[],"customGraphs":[],"default":{"data":{"Article":[],"Course":[],"Dataset":[],"FAQPage":[],"Movie":[],"Person":[],"Product":[],"ProductReview":[],"Car":[],"Recipe":[],"Service":[],"SoftwareApplication":[],"WebPage":[]},"graphName":"BlogPosting","isEnabled":true},"graphs":[]},"schema_type":"default","schema_type_options":null,"pillar_content":false,"robots_default":true,"robots_noindex":false,"robots_noarchive":false,"robots_nosnippet":false,"robots_nofollow":false,"robots_noimageindex":false,"robots_noodp":false,"robots_notranslate":false,"robots_max_snippet":"-1","robots_max_videopreview":"-1","robots_max_imagepreview":"large","priority":null,"frequency":"default","local_seo":null,"seo_analyzer_scan_date":"2025-10-05 23:58:25","breadcrumb_settings":null,"limit_modified_date":false,"open_ai":"{\"title\":{\"suggestions\":[],\"usage\":0},\"description\":{\"suggestions\":[],\"usage\":0}}","ai":null,"created":"2023-12-19 11:36:56","updated":"2025-10-09 06:02:28"},"aioseo_breadcrumb":"<div class=\"aioseo-breadcrumbs\"><span class=\"aioseo-breadcrumb\">\n\t<a href=\"https:\/\/www.eldigitaldeasturias.com\/noticias\" title=\"Home\">Home<\/a>\n<\/span><span class=\"aioseo-breadcrumb-separator\">\u2013<\/span><span class=\"aioseo-breadcrumb\">\n\t<a href=\"https:\/\/www.eldigitaldeasturias.com\/noticias\/category\/actualidad-asturias\/\" title=\"Actualidad Asturias\">Actualidad Asturias<\/a>\n<\/span><span class=\"aioseo-breadcrumb-separator\">\u2013<\/span><span class=\"aioseo-breadcrumb\">\n\t<a href=\"https:\/\/www.eldigitaldeasturias.com\/noticias\/eva-pando-nombrada-nueva-presidenta-de-la-finba\/\" title=\"Eva Pando nombrada nueva presidenta de la Finba\">Eva Pando nombrada nueva presidenta de la Finba<\/a>\n<\/span><\/div>","aioseo_breadcrumb_json":[{"label":"Home","link":"https:\/\/www.eldigitaldeasturias.com\/noticias"},{"label":"Actualidad Asturias","link":"https:\/\/www.eldigitaldeasturias.com\/noticias\/category\/actualidad-asturias\/"},{"label":"Eva Pando nombrada nueva presidenta de la Finba","link":"https:\/\/www.eldigitaldeasturias.com\/noticias\/eva-pando-nombrada-nueva-presidenta-de-la-finba\/"}],"_links":{"self":[{"href":"https:\/\/www.eldigitaldeasturias.com\/noticias\/wp-json\/wp\/v2\/posts\/1127742","targetHints":{"allow":["GET"]}}],"collection":[{"href":"https:\/\/www.eldigitaldeasturias.com\/noticias\/wp-json\/wp\/v2\/posts"}],"about":[{"href":"https:\/\/www.eldigitaldeasturias.com\/noticias\/wp-json\/wp\/v2\/types\/post"}],"author":[{"embeddable":true,"href":"https:\/\/www.eldigitaldeasturias.com\/noticias\/wp-json\/wp\/v2\/users\/1"}],"replies":[{"embeddable":true,"href":"https:\/\/www.eldigitaldeasturias.com\/noticias\/wp-json\/wp\/v2\/comments?post=1127742"}],"version-history":[{"count":0,"href":"https:\/\/www.eldigitaldeasturias.com\/noticias\/wp-json\/wp\/v2\/posts\/1127742\/revisions"}],"wp:featuredmedia":[{"embeddable":true,"href":"https:\/\/www.eldigitaldeasturias.com\/noticias\/wp-json\/wp\/v2\/media\/1127743"}],"wp:attachment":[{"href":"https:\/\/www.eldigitaldeasturias.com\/noticias\/wp-json\/wp\/v2\/media?parent=1127742"}],"wp:term":[{"taxonomy":"category","embeddable":true,"href":"https:\/\/www.eldigitaldeasturias.com\/noticias\/wp-json\/wp\/v2\/categories?post=1127742"},{"taxonomy":"post_tag","embeddable":true,"href":"https:\/\/www.eldigitaldeasturias.com\/noticias\/wp-json\/wp\/v2\/tags?post=1127742"}],"curies":[{"name":"wp","href":"https:\/\/api.w.org\/{rel}","templated":true}]}}