{"id":1127728,"date":"2023-12-18T19:34:47","date_gmt":"2023-12-18T18:34:47","guid":{"rendered":"https:\/\/www.eldigitaldeasturias.com\/noticias\/?p=1127728"},"modified":"2023-12-18T19:34:47","modified_gmt":"2023-12-18T18:34:47","slug":"asi-es-el-nuevo-mercedes-amg-gt","status":"publish","type":"post","link":"https:\/\/www.eldigitaldeasturias.com\/noticias\/asi-es-el-nuevo-mercedes-amg-gt\/","title":{"rendered":"As\u00ed es el nuevo Mercedes-AMG GT"},"content":{"rendered":"<p>(<a title=\"dpa\" href=\"https:\/\/www.dpa-news.de\/\" target=\"_blank\" rel=\"noopener\"><span style=\"color: #ff6600;\"><strong>dpa<\/strong><\/span><\/a>) &#8211; <strong>Mercedes-AMG saca una nueva \u00abFlecha de Plata\u00bb de su repertorio y trae de vuelta el GT<\/strong>. Tras una pausa de dos a\u00f1os, la segunda generaci\u00f3n del deportivo saldr\u00e1 en enero. Esta destaca por cambiar a la plataforma del Mercedes SL, lo que implica una modificaci\u00f3n no solo en la disposici\u00f3n de la transmisi\u00f3n, sino tambi\u00e9n en el dise\u00f1o.<\/p>\n<figure id=\"attachment_1127729\" aria-describedby=\"caption-attachment-1127729\" style=\"width: 650px\" class=\"wp-caption aligncenter\"><img loading=\"lazy\" decoding=\"async\" class=\"wp-image-1127729 size-large\" src=\"https:\/\/www.eldigitaldeasturias.com\/noticias\/wp-content\/uploads\/2023\/12\/Mercedes-AMG-GT-650x428.jpg\" alt=\"Mercedes AMG GT\" width=\"650\" height=\"428\" srcset=\"https:\/\/www.eldigitaldeasturias.com\/noticias\/wp-content\/uploads\/2023\/12\/Mercedes-AMG-GT-650x428.jpg 650w, https:\/\/www.eldigitaldeasturias.com\/noticias\/wp-content\/uploads\/2023\/12\/Mercedes-AMG-GT-360x237.jpg 360w, https:\/\/www.eldigitaldeasturias.com\/noticias\/wp-content\/uploads\/2023\/12\/Mercedes-AMG-GT-455x300.jpg 455w, https:\/\/www.eldigitaldeasturias.com\/noticias\/wp-content\/uploads\/2023\/12\/Mercedes-AMG-GT-768x506.jpg 768w, https:\/\/www.eldigitaldeasturias.com\/noticias\/wp-content\/uploads\/2023\/12\/Mercedes-AMG-GT-150x99.jpg 150w, https:\/\/www.eldigitaldeasturias.com\/noticias\/wp-content\/uploads\/2023\/12\/Mercedes-AMG-GT-450x297.jpg 450w, https:\/\/www.eldigitaldeasturias.com\/noticias\/wp-content\/uploads\/2023\/12\/Mercedes-AMG-GT.jpg 986w\" sizes=\"auto, (max-width: 650px) 100vw, 650px\" \/><figcaption id=\"caption-attachment-1127729\" class=\"wp-caption-text\">Foto: Andr\u00e9 Tillmann\/Mercedes-Benz AG\/dpa<\/figcaption><\/figure>\n<p>El GT recibe ahora un gran port\u00f3n trasero e incluso una segunda fila de asientos trasera bajo pedido. <strong>El precio no cambia mucho en comparaci\u00f3n con el descapotable, ya que con los 188.704 euros (203.410 d\u00f3lares) iniciales para el GT 63, el coup\u00e9 es en realidad casi 6.000 euros m\u00e1s barato que un modelo descapotable con el mismo <a href=\"https:\/\/eldigitaldeasturias.com\/magazine365\/category\/motor\/\"><span style=\"color: #ff6600;\">motor<\/span><\/a>.<\/strong><\/p>\n<p>Donde el SL es un gal\u00e1n para los amantes del sol, el GT destaca a primera vista por su imponente carrocer\u00eda: cap\u00f3 largo, flancos anchos y zaga fornida, as\u00ed se convierte en un &#8216;muscle-car&#8217; de Mercedes.<\/p>\n<blockquote><p>Visualmente, se pone a la altura de competidores como el Porsche 911 o el Audi R8. Y el hecho de que sea 20 cent\u00edmetros m\u00e1s largo que su predecesor le sienta realmente bien.<\/p><\/blockquote>\n<p>Esto no solo complace a los de fuera, sino que tambi\u00e9n beneficia especialmente a los ocupantes. Al fin y al cabo, la distancia entre ejes tambi\u00e9n ha crecido siete cent\u00edmetros.<\/p>\n<p>Adem\u00e1s, el llamado dise\u00f1o\u00a0<em>transaxle<\/em>\u00a0(transeje) ha pasado a la historia, ya que ahora la transmisi\u00f3n vuelve a estar montada en la brida del motor en lugar de en la parte trasera, hay m\u00e1s espacio en la parte trasera.<\/p>\n<p>Pero en cuanto se sube al coche,<strong> el conductor se olvida r\u00e1pidamente de cualquier cuesti\u00f3n relacionada con el confort o el mayor espacio<\/strong>. Hundido en los asientos deportivos y con la espalda muy pegada al asfalto, su mirada se extiende por encima de los instrumentos digitales, m\u00e1s bien juguetones, y del largo cap\u00f3 hasta el horizonte. Y su pie derecho empieza a cosquillear.<\/p>\n<p>Este da vida a un motor que probablemente sea el \u00faltimo en extraer su potencia de ocho cilindros y sirve un copioso men\u00fa de lujuria, prestaciones y pasi\u00f3n: con cuatro litros, produce 430 kW\/585 CV y 800 Nm de par. <strong>Y no lo oculta, sino que lo anuncia a trav\u00e9s de los cuatro tubos de escape.<\/strong><\/p>\n<p>El V8 catapulta el coup\u00e9 hacia delante con una fuerza elemental que hace arder los m\u00fasculos del cuello de los ocupantes, hasta el punto de que tienen que apoyar la cabeza durante el arranque. <strong>El GT solo tarda 3,2 segundos en alcanzar los 100 km\/h con el acelerador a fondo desde parado.<\/strong><\/p>\n<p>Si hay suficiente superficie plana por delante y el valor es lo suficientemente grande, 315 km\/h parpadean en la pantalla un poco m\u00e1s tarde. Pero no es la pura aceleraci\u00f3n lo que lo hace tan atractivo.<\/p>\n<p>Gracias a su suspensi\u00f3n adaptativa y a la tracci\u00f3n total, el GT se abre paso en el asfalto con una mordida de hierro.<strong> Con la nueva direcci\u00f3n a las cuatro ruedas, toma todas las curvas, por cerradas que sean, con una despreocupaci\u00f3n que no deja de sorprender.<\/strong><\/p>\n<p>Cap\u00f3 largo, zaga n\u00edtida: el GT tiene el aspecto que debe tener un deportivo. Y en cuanto se establece el perfil adecuado, tambi\u00e9n se conduce como tal. Pero en la segunda generaci\u00f3n, el \u00abmuscle-car\u00bb adquiere un poderoso valor a\u00f1adido: un confort significativamente mayor y el formato m\u00e1s grande convierten al deportivo en <strong>un <span style=\"color: #ff6600;\">coche<\/span> para todos los d\u00edas<\/strong>, independientemente de si lo pide como 2+2 plazas o solo con espacio para guardar objetos en la parte trasera.<\/p>\n<p>Ficha t\u00e9cnica: Mercedes-AMG GT 63<\/p>\n<table class=\"Table\">\n<tbody>\n<tr>\n<td>Motor y tracci\u00f3n:<\/td>\n<td>Gasolina V8<\/td>\n<\/tr>\n<tr>\n<td>Cilindrada:<\/td>\n<td>3982 ccm<\/td>\n<\/tr>\n<tr>\n<td>Potencia m\u00e1xima:<\/td>\n<td>430 kW\/585 CV<\/td>\n<\/tr>\n<tr>\n<td>Par m\u00e1ximo:<\/td>\n<td>800 Nm<\/td>\n<\/tr>\n<tr>\n<td>Tracci\u00f3n:<\/td>\n<td>Tracci\u00f3n total<\/td>\n<\/tr>\n<tr>\n<td>Caja de cambios:<\/td>\n<td>Nueve velocidades, autom\u00e1tico<\/td>\n<\/tr>\n<\/tbody>\n<\/table>\n<p>&nbsp;<\/p>\n<table class=\"Table\">\n<tbody>\n<tr>\n<td>Dimensiones y pesos<\/td>\n<td><\/td>\n<\/tr>\n<tr>\n<td>Longitud:<\/td>\n<td>4728 mm<\/td>\n<\/tr>\n<tr>\n<td>Anchura:<\/td>\n<td>1984 mm<\/td>\n<\/tr>\n<tr>\n<td>Altura:<\/td>\n<td>1354 mm<\/td>\n<\/tr>\n<tr>\n<td>Distancia entre ejes:<\/td>\n<td>2700 mm<\/td>\n<\/tr>\n<tr>\n<td>Peso en vac\u00edo:<\/td>\n<td>1.970 kg<\/td>\n<\/tr>\n<tr>\n<td>Carga \u00fatil:<\/td>\n<td>350 kg<\/td>\n<\/tr>\n<tr>\n<td>Volumen de maletero:<\/td>\n<td>321 + 675 litros<\/td>\n<\/tr>\n<\/tbody>\n<\/table>\n<p>&nbsp;<\/p>\n<table class=\"Table\">\n<tbody>\n<tr>\n<td>Datos de conducci\u00f3n:<\/td>\n<td><\/td>\n<\/tr>\n<tr>\n<td>Velocidad m\u00e1xima:<\/td>\n<td>315 km\/h<\/td>\n<\/tr>\n<tr>\n<td>Aceleraci\u00f3n 0-100 km\/h:<\/td>\n<td>3,2 s<\/td>\n<\/tr>\n<tr>\n<td>Consumo medio:<\/td>\n<td>14,1 Litros\/100 km<\/td>\n<\/tr>\n<tr>\n<td>Alcance:<\/td>\n<td>500 km<\/td>\n<\/tr>\n<tr>\n<td>Emisiones de CO2:<\/td>\n<td>319 g\/km<\/td>\n<\/tr>\n<tr>\n<td>Normativa de emisiones:<\/td>\n<td>EU6D<\/td>\n<\/tr>\n<tr>\n<td>Clase de eficiencia energ\u00e9tica:<\/td>\n<td>n.d.<\/td>\n<\/tr>\n<\/tbody>\n<\/table>\n<p>Por Thomas Geiger (dpa)<\/p>\n","protected":false},"excerpt":{"rendered":"<p>(dpa) &#8211; Mercedes-AMG saca una nueva \u00abFlecha de Plata\u00bb de su repertorio y trae de vuelta el GT. Tras una pausa de dos a\u00f1os, la segunda generaci\u00f3n del deportivo saldr\u00e1 en enero. Esta destaca por cambiar a la plataforma del Mercedes SL, lo que implica una modificaci\u00f3n no solo en la disposici\u00f3n de la transmisi\u00f3n, [&hellip;]<\/p>\n","protected":false},"author":1,"featured_media":1127729,"comment_status":"closed","ping_status":"closed","sticky":false,"template":"","format":"standard","meta":{"footnotes":""},"categories":[50],"tags":[],"class_list":["post-1127728","post","type-post","status-publish","format-standard","has-post-thumbnail","hentry","category-revista-de-ocio"],"aioseo_notices":[],"aioseo_head":"\n\t\t<!-- All in One SEO Pro 4.9.6.2 - aioseo.com -->\n\t<meta name=\"description\" content=\"(dpa) - Mercedes-AMG saca una nueva &quot;Flecha de Plata&quot; de su repertorio y trae de vuelta el GT. Tras una pausa de dos a\u00f1os, la segunda generaci\u00f3n del deportivo\" \/>\n\t<meta name=\"robots\" content=\"max-image-preview:large\" \/>\n\t<meta name=\"author\" content=\"El Digital de Asturias\"\/>\n\t<meta name=\"google-site-verification\" content=\"UA-38556648-1\" \/>\n\t<meta name=\"msvalidate.01\" content=\"7dfe9f3f1b24437ab69f4f2559babe99\" \/>\n\t<meta name=\"keywords\" content=\"revista de ocio\" \/>\n\t<link rel=\"canonical\" href=\"https:\/\/www.eldigitaldeasturias.com\/noticias\/asi-es-el-nuevo-mercedes-amg-gt\/\" \/>\n\t<meta name=\"generator\" content=\"All in One SEO Pro (AIOSEO) 4.9.6.2\" \/>\n\t\t<meta property=\"og:locale\" content=\"es_ES\" \/>\n\t\t<meta property=\"og:site_name\" content=\"El Digital de Asturias\" \/>\n\t\t<meta property=\"og:type\" content=\"article\" \/>\n\t\t<meta property=\"og:title\" content=\"As\u00ed es el nuevo Mercedes-AMG GT - El Digital de Asturias\" \/>\n\t\t<meta property=\"og:description\" content=\"(dpa) - Mercedes-AMG saca una nueva &quot;Flecha de Plata&quot; de su repertorio y trae de vuelta el GT. Tras una pausa de dos a\u00f1os, la segunda generaci\u00f3n del deportivo\" \/>\n\t\t<meta property=\"og:url\" content=\"https:\/\/www.eldigitaldeasturias.com\/noticias\/asi-es-el-nuevo-mercedes-amg-gt\/\" \/>\n\t\t<meta property=\"og:image\" content=\"https:\/\/www.eldigitaldeasturias.com\/noticias\/wp-content\/uploads\/2023\/12\/Mercedes-AMG-GT.jpg\" \/>\n\t\t<meta property=\"og:image:secure_url\" content=\"https:\/\/www.eldigitaldeasturias.com\/noticias\/wp-content\/uploads\/2023\/12\/Mercedes-AMG-GT.jpg\" \/>\n\t\t<meta property=\"og:image:width\" content=\"986\" \/>\n\t\t<meta property=\"og:image:height\" content=\"650\" \/>\n\t\t<meta property=\"article:tag\" content=\"revista de ocio\" \/>\n\t\t<meta property=\"article:published_time\" content=\"2023-12-18T18:34:47+00:00\" \/>\n\t\t<meta property=\"article:modified_time\" content=\"2023-12-18T18:34:47+00:00\" \/>\n\t\t<meta property=\"article:publisher\" content=\"https:\/\/facebook.com\/eldigitaldeasturias\" \/>\n\t\t<meta name=\"twitter:card\" content=\"summary_large_image\" \/>\n\t\t<meta name=\"twitter:title\" content=\"As\u00ed es el nuevo Mercedes-AMG GT - El Digital de Asturias\" \/>\n\t\t<meta name=\"twitter:description\" content=\"(dpa) - Mercedes-AMG saca una nueva &quot;Flecha de Plata&quot; de su repertorio y trae de vuelta el GT. Tras una pausa de dos a\u00f1os, la segunda generaci\u00f3n del deportivo\" \/>\n\t\t<meta name=\"twitter:image\" content=\"https:\/\/www.eldigitaldeasturias.com\/noticias\/wp-content\/uploads\/2023\/12\/Mercedes-AMG-GT.jpg\" \/>\n\t\t<meta name=\"twitter:label1\" content=\"Escrito por\" \/>\n\t\t<meta name=\"twitter:data1\" content=\"El Digital de Asturias\" \/>\n\t\t<meta name=\"twitter:label2\" content=\"Tiempo de lectura estimado\" \/>\n\t\t<meta name=\"twitter:data2\" content=\"4 minutos\" \/>\n\t\t<script type=\"application\/ld+json\" class=\"aioseo-schema\">\n\t\t\t{\"@context\":\"https:\\\/\\\/schema.org\",\"@graph\":[{\"@type\":\"BlogPosting\",\"@id\":\"https:\\\/\\\/www.eldigitaldeasturias.com\\\/noticias\\\/asi-es-el-nuevo-mercedes-amg-gt\\\/#blogposting\",\"name\":\"As\\u00ed es el nuevo Mercedes-AMG GT - El Digital de Asturias\",\"headline\":\"As\\u00ed es el nuevo Mercedes-AMG GT\",\"author\":{\"@id\":\"https:\\\/\\\/www.eldigitaldeasturias.com\\\/noticias\\\/author\\\/admin\\\/#author\"},\"publisher\":{\"@id\":\"https:\\\/\\\/www.eldigitaldeasturias.com\\\/noticias\\\/#organization\"},\"image\":{\"@type\":\"ImageObject\",\"url\":\"https:\\\/\\\/www.eldigitaldeasturias.com\\\/noticias\\\/wp-content\\\/uploads\\\/2023\\\/12\\\/Mercedes-AMG-GT.jpg\",\"width\":986,\"height\":650,\"caption\":\"Foto: Andr\\u00e9 Tillmann\\\/Mercedes-Benz AG\\\/dpa\"},\"datePublished\":\"2023-12-18T19:34:47+01:00\",\"dateModified\":\"2023-12-18T19:34:47+01:00\",\"inLanguage\":\"es-ES\",\"mainEntityOfPage\":{\"@id\":\"https:\\\/\\\/www.eldigitaldeasturias.com\\\/noticias\\\/asi-es-el-nuevo-mercedes-amg-gt\\\/#webpage\"},\"isPartOf\":{\"@id\":\"https:\\\/\\\/www.eldigitaldeasturias.com\\\/noticias\\\/asi-es-el-nuevo-mercedes-amg-gt\\\/#webpage\"},\"articleSection\":\"Revista de Ocio\"},{\"@type\":\"BreadcrumbList\",\"@id\":\"https:\\\/\\\/www.eldigitaldeasturias.com\\\/noticias\\\/asi-es-el-nuevo-mercedes-amg-gt\\\/#breadcrumblist\",\"itemListElement\":[{\"@type\":\"ListItem\",\"@id\":\"https:\\\/\\\/www.eldigitaldeasturias.com\\\/noticias#listItem\",\"position\":1,\"name\":\"Home\",\"item\":\"https:\\\/\\\/www.eldigitaldeasturias.com\\\/noticias\",\"nextItem\":{\"@type\":\"ListItem\",\"@id\":\"https:\\\/\\\/www.eldigitaldeasturias.com\\\/noticias\\\/category\\\/revista-de-ocio\\\/#listItem\",\"name\":\"Revista de Ocio\"}},{\"@type\":\"ListItem\",\"@id\":\"https:\\\/\\\/www.eldigitaldeasturias.com\\\/noticias\\\/category\\\/revista-de-ocio\\\/#listItem\",\"position\":2,\"name\":\"Revista de Ocio\",\"item\":\"https:\\\/\\\/www.eldigitaldeasturias.com\\\/noticias\\\/category\\\/revista-de-ocio\\\/\",\"nextItem\":{\"@type\":\"ListItem\",\"@id\":\"https:\\\/\\\/www.eldigitaldeasturias.com\\\/noticias\\\/asi-es-el-nuevo-mercedes-amg-gt\\\/#listItem\",\"name\":\"As\\u00ed es el nuevo Mercedes-AMG GT\"},\"previousItem\":{\"@type\":\"ListItem\",\"@id\":\"https:\\\/\\\/www.eldigitaldeasturias.com\\\/noticias#listItem\",\"name\":\"Home\"}},{\"@type\":\"ListItem\",\"@id\":\"https:\\\/\\\/www.eldigitaldeasturias.com\\\/noticias\\\/asi-es-el-nuevo-mercedes-amg-gt\\\/#listItem\",\"position\":3,\"name\":\"As\\u00ed es el nuevo Mercedes-AMG GT\",\"previousItem\":{\"@type\":\"ListItem\",\"@id\":\"https:\\\/\\\/www.eldigitaldeasturias.com\\\/noticias\\\/category\\\/revista-de-ocio\\\/#listItem\",\"name\":\"Revista de Ocio\"}}]},{\"@type\":\"Organization\",\"@id\":\"https:\\\/\\\/www.eldigitaldeasturias.com\\\/noticias\\\/#organization\",\"name\":\"El Digital de Asturias\",\"description\":\"Hemeroteca\",\"url\":\"https:\\\/\\\/www.eldigitaldeasturias.com\\\/noticias\\\/\",\"email\":\"info@eldigitaldeasturias.com\",\"telephone\":\"+34652131393\",\"logo\":{\"@type\":\"ImageObject\",\"url\":\"https:\\\/\\\/www.eldigitaldeasturias.com\\\/noticias\\\/wp-content\\\/uploads\\\/2020\\\/12\\\/EDA.jpg\",\"@id\":\"https:\\\/\\\/www.eldigitaldeasturias.com\\\/noticias\\\/asi-es-el-nuevo-mercedes-amg-gt\\\/#organizationLogo\",\"width\":649,\"height\":297},\"image\":{\"@id\":\"https:\\\/\\\/www.eldigitaldeasturias.com\\\/noticias\\\/asi-es-el-nuevo-mercedes-amg-gt\\\/#organizationLogo\"},\"sameAs\":[\"https:\\\/\\\/facebook.com\\\/eldigitaldeasturias\",\"https:\\\/\\\/www.youtube.com\\\/channel\\\/UCZP-2wLEB9Rv6erhFmqVnvg\"],\"address\":{\"@id\":\"https:\\\/\\\/www.eldigitaldeasturias.com\\\/noticias\\\/#postaladdress\",\"@type\":\"PostalAddress\",\"streetAddress\":\"san antonio 4,\",\"postalCode\":\"33430\",\"addressLocality\":\"Cand\\u00e1s\",\"addressRegion\":\"Asturias\",\"addressCountry\":\"ES\"}},{\"@type\":\"Person\",\"@id\":\"https:\\\/\\\/www.eldigitaldeasturias.com\\\/noticias\\\/author\\\/admin\\\/#author\",\"url\":\"https:\\\/\\\/www.eldigitaldeasturias.com\\\/noticias\\\/author\\\/admin\\\/\",\"name\":\"El Digital de Asturias\",\"image\":{\"@type\":\"ImageObject\",\"@id\":\"https:\\\/\\\/www.eldigitaldeasturias.com\\\/noticias\\\/asi-es-el-nuevo-mercedes-amg-gt\\\/#authorImage\",\"url\":\"https:\\\/\\\/www.eldigitaldeasturias.com\\\/noticias\\\/wp-content\\\/litespeed\\\/avatar\\\/18677e78aa0546b92d9dbf31ec7d7668.jpg?ver=1777290358\",\"width\":96,\"height\":96,\"caption\":\"El Digital de Asturias\"}},{\"@type\":\"WebPage\",\"@id\":\"https:\\\/\\\/www.eldigitaldeasturias.com\\\/noticias\\\/asi-es-el-nuevo-mercedes-amg-gt\\\/#webpage\",\"url\":\"https:\\\/\\\/www.eldigitaldeasturias.com\\\/noticias\\\/asi-es-el-nuevo-mercedes-amg-gt\\\/\",\"name\":\"As\\u00ed es el nuevo Mercedes-AMG GT - El Digital de Asturias\",\"description\":\"(dpa) - Mercedes-AMG saca una nueva \\\"Flecha de Plata\\\" de su repertorio y trae de vuelta el GT. Tras una pausa de dos a\\u00f1os, la segunda generaci\\u00f3n del deportivo\",\"inLanguage\":\"es-ES\",\"isPartOf\":{\"@id\":\"https:\\\/\\\/www.eldigitaldeasturias.com\\\/noticias\\\/#website\"},\"breadcrumb\":{\"@id\":\"https:\\\/\\\/www.eldigitaldeasturias.com\\\/noticias\\\/asi-es-el-nuevo-mercedes-amg-gt\\\/#breadcrumblist\"},\"author\":{\"@id\":\"https:\\\/\\\/www.eldigitaldeasturias.com\\\/noticias\\\/author\\\/admin\\\/#author\"},\"creator\":{\"@id\":\"https:\\\/\\\/www.eldigitaldeasturias.com\\\/noticias\\\/author\\\/admin\\\/#author\"},\"image\":{\"@type\":\"ImageObject\",\"url\":\"https:\\\/\\\/www.eldigitaldeasturias.com\\\/noticias\\\/wp-content\\\/uploads\\\/2023\\\/12\\\/Mercedes-AMG-GT.jpg\",\"@id\":\"https:\\\/\\\/www.eldigitaldeasturias.com\\\/noticias\\\/asi-es-el-nuevo-mercedes-amg-gt\\\/#mainImage\",\"width\":986,\"height\":650,\"caption\":\"Foto: Andr\\u00e9 Tillmann\\\/Mercedes-Benz AG\\\/dpa\"},\"primaryImageOfPage\":{\"@id\":\"https:\\\/\\\/www.eldigitaldeasturias.com\\\/noticias\\\/asi-es-el-nuevo-mercedes-amg-gt\\\/#mainImage\"},\"datePublished\":\"2023-12-18T19:34:47+01:00\",\"dateModified\":\"2023-12-18T19:34:47+01:00\"},{\"@type\":\"WebSite\",\"@id\":\"https:\\\/\\\/www.eldigitaldeasturias.com\\\/noticias\\\/#website\",\"url\":\"https:\\\/\\\/www.eldigitaldeasturias.com\\\/noticias\\\/\",\"name\":\"El Digital de Asturias - Diario de actualidad y noticias\",\"alternateName\":\"El Digital de Asturias - Diario de actualidad y noticias\",\"description\":\"Hemeroteca\",\"inLanguage\":\"es-ES\",\"publisher\":{\"@id\":\"https:\\\/\\\/www.eldigitaldeasturias.com\\\/noticias\\\/#organization\"}}]}\n\t\t<\/script>\n\t\t<!-- All in One SEO Pro -->\r\n\t\t<title>As\u00ed es el nuevo Mercedes-AMG GT - El Digital de Asturias<\/title>\n\n","aioseo_head_json":{"title":"As\u00ed es el nuevo Mercedes-AMG GT - El Digital de Asturias","description":"(dpa) - Mercedes-AMG saca una nueva \"Flecha de Plata\" de su repertorio y trae de vuelta el GT. Tras una pausa de dos a\u00f1os, la segunda generaci\u00f3n del deportivo","canonical_url":"https:\/\/www.eldigitaldeasturias.com\/noticias\/asi-es-el-nuevo-mercedes-amg-gt\/","robots":"max-image-preview:large","keywords":"revista de ocio","webmasterTools":{"google-site-verification":"UA-38556648-1","msvalidate.01":"7dfe9f3f1b24437ab69f4f2559babe99","miscellaneous":""},"schema":{"@context":"https:\/\/schema.org","@graph":[{"@type":"BlogPosting","@id":"https:\/\/www.eldigitaldeasturias.com\/noticias\/asi-es-el-nuevo-mercedes-amg-gt\/#blogposting","name":"As\u00ed es el nuevo Mercedes-AMG GT - El Digital de Asturias","headline":"As\u00ed es el nuevo Mercedes-AMG GT","author":{"@id":"https:\/\/www.eldigitaldeasturias.com\/noticias\/author\/admin\/#author"},"publisher":{"@id":"https:\/\/www.eldigitaldeasturias.com\/noticias\/#organization"},"image":{"@type":"ImageObject","url":"https:\/\/www.eldigitaldeasturias.com\/noticias\/wp-content\/uploads\/2023\/12\/Mercedes-AMG-GT.jpg","width":986,"height":650,"caption":"Foto: Andr\u00e9 Tillmann\/Mercedes-Benz AG\/dpa"},"datePublished":"2023-12-18T19:34:47+01:00","dateModified":"2023-12-18T19:34:47+01:00","inLanguage":"es-ES","mainEntityOfPage":{"@id":"https:\/\/www.eldigitaldeasturias.com\/noticias\/asi-es-el-nuevo-mercedes-amg-gt\/#webpage"},"isPartOf":{"@id":"https:\/\/www.eldigitaldeasturias.com\/noticias\/asi-es-el-nuevo-mercedes-amg-gt\/#webpage"},"articleSection":"Revista de Ocio"},{"@type":"BreadcrumbList","@id":"https:\/\/www.eldigitaldeasturias.com\/noticias\/asi-es-el-nuevo-mercedes-amg-gt\/#breadcrumblist","itemListElement":[{"@type":"ListItem","@id":"https:\/\/www.eldigitaldeasturias.com\/noticias#listItem","position":1,"name":"Home","item":"https:\/\/www.eldigitaldeasturias.com\/noticias","nextItem":{"@type":"ListItem","@id":"https:\/\/www.eldigitaldeasturias.com\/noticias\/category\/revista-de-ocio\/#listItem","name":"Revista de Ocio"}},{"@type":"ListItem","@id":"https:\/\/www.eldigitaldeasturias.com\/noticias\/category\/revista-de-ocio\/#listItem","position":2,"name":"Revista de Ocio","item":"https:\/\/www.eldigitaldeasturias.com\/noticias\/category\/revista-de-ocio\/","nextItem":{"@type":"ListItem","@id":"https:\/\/www.eldigitaldeasturias.com\/noticias\/asi-es-el-nuevo-mercedes-amg-gt\/#listItem","name":"As\u00ed es el nuevo Mercedes-AMG GT"},"previousItem":{"@type":"ListItem","@id":"https:\/\/www.eldigitaldeasturias.com\/noticias#listItem","name":"Home"}},{"@type":"ListItem","@id":"https:\/\/www.eldigitaldeasturias.com\/noticias\/asi-es-el-nuevo-mercedes-amg-gt\/#listItem","position":3,"name":"As\u00ed es el nuevo Mercedes-AMG GT","previousItem":{"@type":"ListItem","@id":"https:\/\/www.eldigitaldeasturias.com\/noticias\/category\/revista-de-ocio\/#listItem","name":"Revista de Ocio"}}]},{"@type":"Organization","@id":"https:\/\/www.eldigitaldeasturias.com\/noticias\/#organization","name":"El Digital de Asturias","description":"Hemeroteca","url":"https:\/\/www.eldigitaldeasturias.com\/noticias\/","email":"info@eldigitaldeasturias.com","telephone":"+34652131393","logo":{"@type":"ImageObject","url":"https:\/\/www.eldigitaldeasturias.com\/noticias\/wp-content\/uploads\/2020\/12\/EDA.jpg","@id":"https:\/\/www.eldigitaldeasturias.com\/noticias\/asi-es-el-nuevo-mercedes-amg-gt\/#organizationLogo","width":649,"height":297},"image":{"@id":"https:\/\/www.eldigitaldeasturias.com\/noticias\/asi-es-el-nuevo-mercedes-amg-gt\/#organizationLogo"},"sameAs":["https:\/\/facebook.com\/eldigitaldeasturias","https:\/\/www.youtube.com\/channel\/UCZP-2wLEB9Rv6erhFmqVnvg"],"address":{"@id":"https:\/\/www.eldigitaldeasturias.com\/noticias\/#postaladdress","@type":"PostalAddress","streetAddress":"san antonio 4,","postalCode":"33430","addressLocality":"Cand\u00e1s","addressRegion":"Asturias","addressCountry":"ES"}},{"@type":"Person","@id":"https:\/\/www.eldigitaldeasturias.com\/noticias\/author\/admin\/#author","url":"https:\/\/www.eldigitaldeasturias.com\/noticias\/author\/admin\/","name":"El Digital de Asturias","image":{"@type":"ImageObject","@id":"https:\/\/www.eldigitaldeasturias.com\/noticias\/asi-es-el-nuevo-mercedes-amg-gt\/#authorImage","url":"https:\/\/www.eldigitaldeasturias.com\/noticias\/wp-content\/litespeed\/avatar\/18677e78aa0546b92d9dbf31ec7d7668.jpg?ver=1777290358","width":96,"height":96,"caption":"El Digital de Asturias"}},{"@type":"WebPage","@id":"https:\/\/www.eldigitaldeasturias.com\/noticias\/asi-es-el-nuevo-mercedes-amg-gt\/#webpage","url":"https:\/\/www.eldigitaldeasturias.com\/noticias\/asi-es-el-nuevo-mercedes-amg-gt\/","name":"As\u00ed es el nuevo Mercedes-AMG GT - El Digital de Asturias","description":"(dpa) - Mercedes-AMG saca una nueva \"Flecha de Plata\" de su repertorio y trae de vuelta el GT. Tras una pausa de dos a\u00f1os, la segunda generaci\u00f3n del deportivo","inLanguage":"es-ES","isPartOf":{"@id":"https:\/\/www.eldigitaldeasturias.com\/noticias\/#website"},"breadcrumb":{"@id":"https:\/\/www.eldigitaldeasturias.com\/noticias\/asi-es-el-nuevo-mercedes-amg-gt\/#breadcrumblist"},"author":{"@id":"https:\/\/www.eldigitaldeasturias.com\/noticias\/author\/admin\/#author"},"creator":{"@id":"https:\/\/www.eldigitaldeasturias.com\/noticias\/author\/admin\/#author"},"image":{"@type":"ImageObject","url":"https:\/\/www.eldigitaldeasturias.com\/noticias\/wp-content\/uploads\/2023\/12\/Mercedes-AMG-GT.jpg","@id":"https:\/\/www.eldigitaldeasturias.com\/noticias\/asi-es-el-nuevo-mercedes-amg-gt\/#mainImage","width":986,"height":650,"caption":"Foto: Andr\u00e9 Tillmann\/Mercedes-Benz AG\/dpa"},"primaryImageOfPage":{"@id":"https:\/\/www.eldigitaldeasturias.com\/noticias\/asi-es-el-nuevo-mercedes-amg-gt\/#mainImage"},"datePublished":"2023-12-18T19:34:47+01:00","dateModified":"2023-12-18T19:34:47+01:00"},{"@type":"WebSite","@id":"https:\/\/www.eldigitaldeasturias.com\/noticias\/#website","url":"https:\/\/www.eldigitaldeasturias.com\/noticias\/","name":"El Digital de Asturias - Diario de actualidad y noticias","alternateName":"El Digital de Asturias - Diario de actualidad y noticias","description":"Hemeroteca","inLanguage":"es-ES","publisher":{"@id":"https:\/\/www.eldigitaldeasturias.com\/noticias\/#organization"}}]},"og:locale":"es_ES","og:site_name":"El Digital de Asturias","og:type":"article","og:title":"As\u00ed es el nuevo Mercedes-AMG GT - El Digital de Asturias","og:description":"(dpa) - Mercedes-AMG saca una nueva &quot;Flecha de Plata&quot; de su repertorio y trae de vuelta el GT. Tras una pausa de dos a\u00f1os, la segunda generaci\u00f3n del deportivo","og:url":"https:\/\/www.eldigitaldeasturias.com\/noticias\/asi-es-el-nuevo-mercedes-amg-gt\/","og:image":"https:\/\/www.eldigitaldeasturias.com\/noticias\/wp-content\/uploads\/2023\/12\/Mercedes-AMG-GT.jpg","og:image:secure_url":"https:\/\/www.eldigitaldeasturias.com\/noticias\/wp-content\/uploads\/2023\/12\/Mercedes-AMG-GT.jpg","og:image:width":986,"og:image:height":650,"article:tag":["revista de ocio"],"article:published_time":"2023-12-18T18:34:47+00:00","article:modified_time":"2023-12-18T18:34:47+00:00","article:publisher":"https:\/\/facebook.com\/eldigitaldeasturias","twitter:card":"summary_large_image","twitter:title":"As\u00ed es el nuevo Mercedes-AMG GT - El Digital de Asturias","twitter:description":"(dpa) - Mercedes-AMG saca una nueva &quot;Flecha de Plata&quot; de su repertorio y trae de vuelta el GT. Tras una pausa de dos a\u00f1os, la segunda generaci\u00f3n del deportivo","twitter:image":"https:\/\/www.eldigitaldeasturias.com\/noticias\/wp-content\/uploads\/2023\/12\/Mercedes-AMG-GT.jpg","twitter:label1":"Escrito por","twitter:data1":"El Digital de Asturias","twitter:label2":"Tiempo de lectura estimado","twitter:data2":"4 minutos"},"aioseo_meta_data":{"post_id":"1127728","title":null,"description":"(dpa) - Mercedes-AMG saca una nueva \"Flecha de Plata\" de su repertorio y trae de vuelta el GT. Tras una pausa de dos a\u00f1os, la segunda generaci\u00f3n del deportivo","keywords":[],"keyphrases":{"focus":{"keyphrase":"Mercedes","score":93,"analysis":{"keyphraseInTitle":{"score":9,"maxScore":9,"error":0},"keyphraseInDescription":{"score":9,"maxScore":9,"error":0},"keyphraseLength":{"score":9,"maxScore":9,"error":0,"length":1},"keyphraseInURL":{"score":1,"maxScore":5,"error":1},"keyphraseInIntroduction":{"score":9,"maxScore":9,"error":0},"keyphraseInSubHeadings":[],"keyphraseInImageAlt":{"score":9,"maxScore":9,"error":0},"keywordDensity":{"type":"best","score":9,"maxScore":9,"error":0}}},"additional":[{"keyphrase":"Mercedes-AMG","score":67,"analysis":{"keyphraseInDescription":{"score":9,"maxScore":9,"error":0},"keyphraseLength":{"score":9,"maxScore":9,"error":0,"length":1},"keyphraseInIntroduction":{"score":9,"maxScore":9,"error":0},"keyphraseInImageAlt":{"score":3,"maxScore":9,"error":1},"keywordDensity":{"score":0,"type":"low","maxScore":9,"error":1}}},{"keyphrase":"Mercedes","score":100,"analysis":{"keyphraseInDescription":{"score":9,"maxScore":9,"error":0},"keyphraseLength":{"score":9,"maxScore":9,"error":0,"length":1},"keyphraseInIntroduction":{"score":9,"maxScore":9,"error":0},"keyphraseInImageAlt":{"score":9,"maxScore":9,"error":0},"keywordDensity":{"type":"best","score":9,"maxScore":9,"error":0}}}]},"primary_term":null,"canonical_url":null,"og_title":null,"og_description":null,"og_object_type":"default","og_image_type":"default","og_image_url":null,"og_image_width":null,"og_image_height":null,"og_image_custom_url":null,"og_image_custom_fields":null,"og_video":"","og_custom_url":null,"og_article_section":null,"og_article_tags":[],"twitter_use_og":false,"twitter_card":"default","twitter_image_type":"default","twitter_image_url":null,"twitter_image_custom_url":null,"twitter_image_custom_fields":null,"twitter_title":null,"twitter_description":null,"schema":{"blockGraphs":[],"customGraphs":[],"default":{"data":{"Article":[],"Course":[],"Dataset":[],"FAQPage":[],"Movie":[],"Person":[],"Product":[],"ProductReview":[],"Car":[],"Recipe":[],"Service":[],"SoftwareApplication":[],"WebPage":[]},"graphName":"BlogPosting","isEnabled":true},"graphs":[]},"schema_type":"default","schema_type_options":null,"pillar_content":false,"robots_default":true,"robots_noindex":false,"robots_noarchive":false,"robots_nosnippet":false,"robots_nofollow":false,"robots_noimageindex":false,"robots_noodp":false,"robots_notranslate":false,"robots_max_snippet":"-1","robots_max_videopreview":"-1","robots_max_imagepreview":"large","priority":null,"frequency":"default","local_seo":null,"seo_analyzer_scan_date":"2025-10-05 23:56:22","breadcrumb_settings":null,"limit_modified_date":false,"open_ai":"{\"title\":{\"suggestions\":[],\"usage\":0},\"description\":{\"suggestions\":[],\"usage\":0}}","ai":null,"created":"2023-12-18 18:26:12","updated":"2025-10-09 05:59:30"},"aioseo_breadcrumb":"<div class=\"aioseo-breadcrumbs\"><span class=\"aioseo-breadcrumb\">\n\t<a href=\"https:\/\/www.eldigitaldeasturias.com\/noticias\" title=\"Home\">Home<\/a>\n<\/span><span class=\"aioseo-breadcrumb-separator\">\u2013<\/span><span class=\"aioseo-breadcrumb\">\n\t<a href=\"https:\/\/www.eldigitaldeasturias.com\/noticias\/category\/revista-de-ocio\/\" title=\"Revista de Ocio\">Revista de Ocio<\/a>\n<\/span><span class=\"aioseo-breadcrumb-separator\">\u2013<\/span><span class=\"aioseo-breadcrumb\">\n\t<a href=\"https:\/\/www.eldigitaldeasturias.com\/noticias\/asi-es-el-nuevo-mercedes-amg-gt\/\" title=\"As\u00ed es el nuevo Mercedes-AMG GT\">As\u00ed es el nuevo Mercedes-AMG GT<\/a>\n<\/span><\/div>","aioseo_breadcrumb_json":[{"label":"Home","link":"https:\/\/www.eldigitaldeasturias.com\/noticias"},{"label":"Revista de Ocio","link":"https:\/\/www.eldigitaldeasturias.com\/noticias\/category\/revista-de-ocio\/"},{"label":"As\u00ed es el nuevo Mercedes-AMG GT","link":"https:\/\/www.eldigitaldeasturias.com\/noticias\/asi-es-el-nuevo-mercedes-amg-gt\/"}],"_links":{"self":[{"href":"https:\/\/www.eldigitaldeasturias.com\/noticias\/wp-json\/wp\/v2\/posts\/1127728","targetHints":{"allow":["GET"]}}],"collection":[{"href":"https:\/\/www.eldigitaldeasturias.com\/noticias\/wp-json\/wp\/v2\/posts"}],"about":[{"href":"https:\/\/www.eldigitaldeasturias.com\/noticias\/wp-json\/wp\/v2\/types\/post"}],"author":[{"embeddable":true,"href":"https:\/\/www.eldigitaldeasturias.com\/noticias\/wp-json\/wp\/v2\/users\/1"}],"replies":[{"embeddable":true,"href":"https:\/\/www.eldigitaldeasturias.com\/noticias\/wp-json\/wp\/v2\/comments?post=1127728"}],"version-history":[{"count":0,"href":"https:\/\/www.eldigitaldeasturias.com\/noticias\/wp-json\/wp\/v2\/posts\/1127728\/revisions"}],"wp:featuredmedia":[{"embeddable":true,"href":"https:\/\/www.eldigitaldeasturias.com\/noticias\/wp-json\/wp\/v2\/media\/1127729"}],"wp:attachment":[{"href":"https:\/\/www.eldigitaldeasturias.com\/noticias\/wp-json\/wp\/v2\/media?parent=1127728"}],"wp:term":[{"taxonomy":"category","embeddable":true,"href":"https:\/\/www.eldigitaldeasturias.com\/noticias\/wp-json\/wp\/v2\/categories?post=1127728"},{"taxonomy":"post_tag","embeddable":true,"href":"https:\/\/www.eldigitaldeasturias.com\/noticias\/wp-json\/wp\/v2\/tags?post=1127728"}],"curies":[{"name":"wp","href":"https:\/\/api.w.org\/{rel}","templated":true}]}}