{"id":1127712,"date":"2023-12-18T08:42:02","date_gmt":"2023-12-18T07:42:02","guid":{"rendered":"https:\/\/www.eldigitaldeasturias.com\/noticias\/?p=1127712"},"modified":"2023-12-18T08:42:02","modified_gmt":"2023-12-18T07:42:02","slug":"la-sala-style-room-peinados-innovadores-en-gijon","status":"publish","type":"post","link":"https:\/\/www.eldigitaldeasturias.com\/noticias\/la-sala-style-room-peinados-innovadores-en-gijon\/","title":{"rendered":"La Sal\u00e1 Style Room: Peinados innovadores en Gij\u00f3n"},"content":{"rendered":"<p><strong>Tanto en Gij\u00f3n como en el resto de Asturias cada vez se ven nuevos looks y peinados<\/strong> por las calles, en los locales de ocio o centros comerciales, y son muchas las <strong>personas que buscan una <a title=\"peluqueria gijon hombre\" href=\"https:\/\/lasalastyleroom.com\/\" target=\"_blank\" rel=\"noopener\"><span style=\"color: #ff6600;\">peluqueria gijon hombre<\/span><\/a> para realizar un cambio de imagen<\/strong> o para cortarse el pelo, realizar un buen afeitado o te\u00f1irse.<\/p>\n<p><img loading=\"lazy\" decoding=\"async\" class=\"aligncenter wp-image-1127713 size-full\" src=\"https:\/\/www.eldigitaldeasturias.com\/noticias\/wp-content\/uploads\/2023\/12\/peinados.jpg\" alt=\"peinados\" width=\"640\" height=\"427\" srcset=\"https:\/\/www.eldigitaldeasturias.com\/noticias\/wp-content\/uploads\/2023\/12\/peinados.jpg 640w, https:\/\/www.eldigitaldeasturias.com\/noticias\/wp-content\/uploads\/2023\/12\/peinados-360x240.jpg 360w, https:\/\/www.eldigitaldeasturias.com\/noticias\/wp-content\/uploads\/2023\/12\/peinados-450x300.jpg 450w, https:\/\/www.eldigitaldeasturias.com\/noticias\/wp-content\/uploads\/2023\/12\/peinados-150x100.jpg 150w\" sizes=\"auto, (max-width: 640px) 100vw, 640px\" \/><\/p>\n<p><strong>Un buen peinado y tener un cabello en perfecto estad<\/strong>o aporta muchos beneficios a las personas; tanto a nivel est\u00e9tico, autoestima y tambi\u00e9n es importante para la salud capilar, <strong>cuando las personas acuden a centros profesionales y se dejan asesorar por expertos los resultados saltan a la vista.<\/strong><\/p>\n<h2>Cuidarse e innovar<\/h2>\n<p><strong>La Sal\u00e1 Style Room es un sal\u00f3n innovador con gran experiencia en el sector de la peluquer\u00eda en Gij\u00f3n<\/strong>, adem\u00e1s cuenta con muy buenas referencias y excelentes profesionales, ofrece una amplia variedad de servicios para hombre y tambi\u00e9n para mujeres. <strong>Sin duda es uno de los centros de la ciudad que te ayudar\u00e1 a mejorar tu imagen, sentirte c\u00f3modo y estar contento con tu peinado.<\/strong><\/p>\n<p>Los peinados masculinos han evolucionado, hasta hace unos a\u00f1os casi todo el mundo se cortaba el pelo o se peinaba igual, <strong>hoy en d\u00eda las nuevas tendencias, los peinados personalizados, decoloraciones, mechas o extensiones son cada vez m\u00e1s frecuentes tanto en hombres como en mujeres.<\/strong><\/p>\n<p>Los hombres cada vez son m\u00e1s conscientes de la importancia de un buen corte de pelo; y ya sea para un evento, acudir al trabajo o para el d\u00eda a d\u00eda siempre es necesario tener el cabello en buen estado, saneado, limpio y libre de caspa. <strong>Con un corte de pelo profesional, tratamientos para el cuidado del cabello y acudiendo regularmente a la peluquer\u00eda siempre se puede tener una imagen moderna, actual o cl\u00e1sica que sea parte del estilo propio de cada persona.<\/strong><\/p>\n<blockquote><p>Tambi\u00e9n es importante dejarse asesorar y probar algo diferente, algunas veces quitar la barba y cambiar el corte de pelo mejora la presencia de las personas y adem\u00e1s les puede incluso hasta rejuvenecer.<\/p><\/blockquote>\n<h2>La salud del cabello<\/h2>\n<p>Invertir en la salud del cabello es importante tanto a medio como a largo plazo, pues los a\u00f1os pasan para todos y <strong>cuando las personas no se cuidan pueden comenzar los problemas de salud capilar, los expertos aconsejan lavar, acondicionar y recortar el cabello con regularidad para mantenerlo sano y con buen aspecto.<\/strong><\/p>\n<p>Otro de los motivos por los que se deber\u00eda ir mucho m\u00e1s a la peluquer\u00eda es para <strong>sanear puntas, lavar y recortar melenas o patillas<\/strong>, y tambi\u00e9n para evitar las prisas cuando surge una cita, un compromiso social o cuando nos miramos al espejo en casa y nos damos cuenta de que no hay manera de peinarse tal y como deseamos. <strong>Muchas personas acuden un par de veces al mes a la peluquer\u00eda, otras lo hacen cada mes y luego est\u00e1n los que acuden cuando se dan cuenta de que su imagen necesita un cambio. \u00bfLa mejor opci\u00f3n? Cuidar al m\u00e1ximo de tu cabello e imagen personal.<\/strong><\/p>\n<p>Por lo general, las personas que trabajan en ambientes con humos, o en lugares en los que la contaminaci\u00f3n es m\u00e1s intensa tambi\u00e9n notan esos efectos en su pelo, y para ellos o ellas tambi\u00e9n es necesario cuidar de la salud de su cabello;<strong> los gorros, la ropa de trabajo e incluso convivir con mascotas tambi\u00e9n hace necesaria una buena higiene capilar.<\/strong><\/p>\n<h2>Cuida de tu imagen<\/h2>\n<p>Un buen corte de pelo es fundamental para los hombres ya que realza su apariencia personal y fortalce la confianza en s\u00ed mismos. Un peinado bien cuidado puede tener un impacto positivo en las relaciones sociales y profesionales. Por ejemplo,<strong> un hombre con un corte de pelo limpio y elegante probablemente causar\u00e1 una mejor impresi\u00f3n durante una entrevista de trabajo o una primera cita<\/strong>. En el centro que te hemos mencionado te ofrecer\u00e1n la opci\u00f3n de <strong>elegir entre diferentes peinados y estilos<\/strong>.<\/p>\n","protected":false},"excerpt":{"rendered":"<p>Tanto en Gij\u00f3n como en el resto de Asturias cada vez se ven nuevos looks y peinados por las calles, en los locales de ocio o centros comerciales, y son muchas las personas que buscan una peluqueria gijon hombre para realizar un cambio de imagen o para cortarse el pelo, realizar un buen afeitado o [&hellip;]<\/p>\n","protected":false},"author":1,"featured_media":1127713,"comment_status":"closed","ping_status":"closed","sticky":false,"template":"","format":"standard","meta":{"footnotes":""},"categories":[28],"tags":[],"class_list":["post-1127712","post","type-post","status-publish","format-standard","has-post-thumbnail","hentry","category-sociedad"],"aioseo_notices":[],"aioseo_head":"\n\t\t<!-- All in One SEO Pro 4.9.6.2 - aioseo.com -->\n\t<meta name=\"description\" content=\"Tanto en Gij\u00f3n como en el resto de Asturias cada vez se ven nuevos looks y peinados por las calles, en los locales de ocio o centros comerciales, y son muchas\" \/>\n\t<meta name=\"robots\" content=\"max-image-preview:large\" \/>\n\t<meta name=\"author\" content=\"El Digital de Asturias\"\/>\n\t<meta name=\"google-site-verification\" content=\"UA-38556648-1\" \/>\n\t<meta name=\"msvalidate.01\" content=\"7dfe9f3f1b24437ab69f4f2559babe99\" \/>\n\t<meta name=\"keywords\" content=\"sociedad\" \/>\n\t<link rel=\"canonical\" href=\"https:\/\/www.eldigitaldeasturias.com\/noticias\/la-sala-style-room-peinados-innovadores-en-gijon\/\" \/>\n\t<meta name=\"generator\" content=\"All in One SEO Pro (AIOSEO) 4.9.6.2\" \/>\n\t\t<meta property=\"og:locale\" content=\"es_ES\" \/>\n\t\t<meta property=\"og:site_name\" content=\"El Digital de Asturias\" \/>\n\t\t<meta property=\"og:type\" content=\"article\" \/>\n\t\t<meta property=\"og:title\" content=\"La Sal\u00e1 Style Room: Peinados innovadores en Gij\u00f3n - El Digital de Asturias\" \/>\n\t\t<meta property=\"og:description\" content=\"Tanto en Gij\u00f3n como en el resto de Asturias cada vez se ven nuevos looks y peinados por las calles, en los locales de ocio o centros comerciales, y son muchas\" \/>\n\t\t<meta property=\"og:url\" content=\"https:\/\/www.eldigitaldeasturias.com\/noticias\/la-sala-style-room-peinados-innovadores-en-gijon\/\" \/>\n\t\t<meta property=\"og:image\" content=\"https:\/\/www.eldigitaldeasturias.com\/noticias\/wp-content\/uploads\/2023\/12\/peinados.jpg\" \/>\n\t\t<meta property=\"og:image:secure_url\" content=\"https:\/\/www.eldigitaldeasturias.com\/noticias\/wp-content\/uploads\/2023\/12\/peinados.jpg\" \/>\n\t\t<meta property=\"og:image:width\" content=\"640\" \/>\n\t\t<meta property=\"og:image:height\" content=\"427\" \/>\n\t\t<meta property=\"article:tag\" content=\"sociedad\" \/>\n\t\t<meta property=\"article:published_time\" content=\"2023-12-18T07:42:02+00:00\" \/>\n\t\t<meta property=\"article:modified_time\" content=\"2023-12-18T07:42:02+00:00\" \/>\n\t\t<meta property=\"article:publisher\" content=\"https:\/\/facebook.com\/eldigitaldeasturias\" \/>\n\t\t<meta name=\"twitter:card\" content=\"summary_large_image\" \/>\n\t\t<meta name=\"twitter:title\" content=\"La Sal\u00e1 Style Room: Peinados innovadores en Gij\u00f3n - El Digital de Asturias\" \/>\n\t\t<meta name=\"twitter:description\" content=\"Tanto en Gij\u00f3n como en el resto de Asturias cada vez se ven nuevos looks y peinados por las calles, en los locales de ocio o centros comerciales, y son muchas\" \/>\n\t\t<meta name=\"twitter:image\" content=\"https:\/\/www.eldigitaldeasturias.com\/noticias\/wp-content\/uploads\/2023\/12\/peinados.jpg\" \/>\n\t\t<meta name=\"twitter:label1\" content=\"Escrito por\" \/>\n\t\t<meta name=\"twitter:data1\" content=\"El Digital de Asturias\" \/>\n\t\t<meta name=\"twitter:label2\" content=\"Tiempo de lectura estimado\" \/>\n\t\t<meta name=\"twitter:data2\" content=\"3 minutos\" \/>\n\t\t<script type=\"application\/ld+json\" class=\"aioseo-schema\">\n\t\t\t{\"@context\":\"https:\\\/\\\/schema.org\",\"@graph\":[{\"@type\":\"BlogPosting\",\"@id\":\"https:\\\/\\\/www.eldigitaldeasturias.com\\\/noticias\\\/la-sala-style-room-peinados-innovadores-en-gijon\\\/#blogposting\",\"name\":\"La Sal\\u00e1 Style Room: Peinados innovadores en Gij\\u00f3n - El Digital de Asturias\",\"headline\":\"La Sal\\u00e1 Style Room: Peinados innovadores en Gij\\u00f3n\",\"author\":{\"@id\":\"https:\\\/\\\/www.eldigitaldeasturias.com\\\/noticias\\\/author\\\/admin\\\/#author\"},\"publisher\":{\"@id\":\"https:\\\/\\\/www.eldigitaldeasturias.com\\\/noticias\\\/#organization\"},\"image\":{\"@type\":\"ImageObject\",\"url\":\"https:\\\/\\\/www.eldigitaldeasturias.com\\\/noticias\\\/wp-content\\\/uploads\\\/2023\\\/12\\\/peinados.jpg\",\"width\":640,\"height\":427,\"caption\":\"peinados\"},\"datePublished\":\"2023-12-18T08:42:02+01:00\",\"dateModified\":\"2023-12-18T08:42:02+01:00\",\"inLanguage\":\"es-ES\",\"mainEntityOfPage\":{\"@id\":\"https:\\\/\\\/www.eldigitaldeasturias.com\\\/noticias\\\/la-sala-style-room-peinados-innovadores-en-gijon\\\/#webpage\"},\"isPartOf\":{\"@id\":\"https:\\\/\\\/www.eldigitaldeasturias.com\\\/noticias\\\/la-sala-style-room-peinados-innovadores-en-gijon\\\/#webpage\"},\"articleSection\":\"Sociedad\"},{\"@type\":\"BreadcrumbList\",\"@id\":\"https:\\\/\\\/www.eldigitaldeasturias.com\\\/noticias\\\/la-sala-style-room-peinados-innovadores-en-gijon\\\/#breadcrumblist\",\"itemListElement\":[{\"@type\":\"ListItem\",\"@id\":\"https:\\\/\\\/www.eldigitaldeasturias.com\\\/noticias#listItem\",\"position\":1,\"name\":\"Home\",\"item\":\"https:\\\/\\\/www.eldigitaldeasturias.com\\\/noticias\",\"nextItem\":{\"@type\":\"ListItem\",\"@id\":\"https:\\\/\\\/www.eldigitaldeasturias.com\\\/noticias\\\/category\\\/sociedad\\\/#listItem\",\"name\":\"Sociedad\"}},{\"@type\":\"ListItem\",\"@id\":\"https:\\\/\\\/www.eldigitaldeasturias.com\\\/noticias\\\/category\\\/sociedad\\\/#listItem\",\"position\":2,\"name\":\"Sociedad\",\"item\":\"https:\\\/\\\/www.eldigitaldeasturias.com\\\/noticias\\\/category\\\/sociedad\\\/\",\"nextItem\":{\"@type\":\"ListItem\",\"@id\":\"https:\\\/\\\/www.eldigitaldeasturias.com\\\/noticias\\\/la-sala-style-room-peinados-innovadores-en-gijon\\\/#listItem\",\"name\":\"La Sal\\u00e1 Style Room: Peinados innovadores en Gij\\u00f3n\"},\"previousItem\":{\"@type\":\"ListItem\",\"@id\":\"https:\\\/\\\/www.eldigitaldeasturias.com\\\/noticias#listItem\",\"name\":\"Home\"}},{\"@type\":\"ListItem\",\"@id\":\"https:\\\/\\\/www.eldigitaldeasturias.com\\\/noticias\\\/la-sala-style-room-peinados-innovadores-en-gijon\\\/#listItem\",\"position\":3,\"name\":\"La Sal\\u00e1 Style Room: Peinados innovadores en Gij\\u00f3n\",\"previousItem\":{\"@type\":\"ListItem\",\"@id\":\"https:\\\/\\\/www.eldigitaldeasturias.com\\\/noticias\\\/category\\\/sociedad\\\/#listItem\",\"name\":\"Sociedad\"}}]},{\"@type\":\"Organization\",\"@id\":\"https:\\\/\\\/www.eldigitaldeasturias.com\\\/noticias\\\/#organization\",\"name\":\"El Digital de Asturias\",\"description\":\"Hemeroteca\",\"url\":\"https:\\\/\\\/www.eldigitaldeasturias.com\\\/noticias\\\/\",\"email\":\"info@eldigitaldeasturias.com\",\"telephone\":\"+34652131393\",\"logo\":{\"@type\":\"ImageObject\",\"url\":\"https:\\\/\\\/www.eldigitaldeasturias.com\\\/noticias\\\/wp-content\\\/uploads\\\/2020\\\/12\\\/EDA.jpg\",\"@id\":\"https:\\\/\\\/www.eldigitaldeasturias.com\\\/noticias\\\/la-sala-style-room-peinados-innovadores-en-gijon\\\/#organizationLogo\",\"width\":649,\"height\":297},\"image\":{\"@id\":\"https:\\\/\\\/www.eldigitaldeasturias.com\\\/noticias\\\/la-sala-style-room-peinados-innovadores-en-gijon\\\/#organizationLogo\"},\"sameAs\":[\"https:\\\/\\\/facebook.com\\\/eldigitaldeasturias\",\"https:\\\/\\\/www.youtube.com\\\/channel\\\/UCZP-2wLEB9Rv6erhFmqVnvg\"],\"address\":{\"@id\":\"https:\\\/\\\/www.eldigitaldeasturias.com\\\/noticias\\\/#postaladdress\",\"@type\":\"PostalAddress\",\"streetAddress\":\"san antonio 4,\",\"postalCode\":\"33430\",\"addressLocality\":\"Cand\\u00e1s\",\"addressRegion\":\"Asturias\",\"addressCountry\":\"ES\"}},{\"@type\":\"Person\",\"@id\":\"https:\\\/\\\/www.eldigitaldeasturias.com\\\/noticias\\\/author\\\/admin\\\/#author\",\"url\":\"https:\\\/\\\/www.eldigitaldeasturias.com\\\/noticias\\\/author\\\/admin\\\/\",\"name\":\"El Digital de Asturias\",\"image\":{\"@type\":\"ImageObject\",\"@id\":\"https:\\\/\\\/www.eldigitaldeasturias.com\\\/noticias\\\/la-sala-style-room-peinados-innovadores-en-gijon\\\/#authorImage\",\"url\":\"https:\\\/\\\/www.eldigitaldeasturias.com\\\/noticias\\\/wp-content\\\/litespeed\\\/avatar\\\/18677e78aa0546b92d9dbf31ec7d7668.jpg?ver=1777290358\",\"width\":96,\"height\":96,\"caption\":\"El Digital de Asturias\"}},{\"@type\":\"WebPage\",\"@id\":\"https:\\\/\\\/www.eldigitaldeasturias.com\\\/noticias\\\/la-sala-style-room-peinados-innovadores-en-gijon\\\/#webpage\",\"url\":\"https:\\\/\\\/www.eldigitaldeasturias.com\\\/noticias\\\/la-sala-style-room-peinados-innovadores-en-gijon\\\/\",\"name\":\"La Sal\\u00e1 Style Room: Peinados innovadores en Gij\\u00f3n - El Digital de Asturias\",\"description\":\"Tanto en Gij\\u00f3n como en el resto de Asturias cada vez se ven nuevos looks y peinados por las calles, en los locales de ocio o centros comerciales, y son muchas\",\"inLanguage\":\"es-ES\",\"isPartOf\":{\"@id\":\"https:\\\/\\\/www.eldigitaldeasturias.com\\\/noticias\\\/#website\"},\"breadcrumb\":{\"@id\":\"https:\\\/\\\/www.eldigitaldeasturias.com\\\/noticias\\\/la-sala-style-room-peinados-innovadores-en-gijon\\\/#breadcrumblist\"},\"author\":{\"@id\":\"https:\\\/\\\/www.eldigitaldeasturias.com\\\/noticias\\\/author\\\/admin\\\/#author\"},\"creator\":{\"@id\":\"https:\\\/\\\/www.eldigitaldeasturias.com\\\/noticias\\\/author\\\/admin\\\/#author\"},\"image\":{\"@type\":\"ImageObject\",\"url\":\"https:\\\/\\\/www.eldigitaldeasturias.com\\\/noticias\\\/wp-content\\\/uploads\\\/2023\\\/12\\\/peinados.jpg\",\"@id\":\"https:\\\/\\\/www.eldigitaldeasturias.com\\\/noticias\\\/la-sala-style-room-peinados-innovadores-en-gijon\\\/#mainImage\",\"width\":640,\"height\":427,\"caption\":\"peinados\"},\"primaryImageOfPage\":{\"@id\":\"https:\\\/\\\/www.eldigitaldeasturias.com\\\/noticias\\\/la-sala-style-room-peinados-innovadores-en-gijon\\\/#mainImage\"},\"datePublished\":\"2023-12-18T08:42:02+01:00\",\"dateModified\":\"2023-12-18T08:42:02+01:00\"},{\"@type\":\"WebSite\",\"@id\":\"https:\\\/\\\/www.eldigitaldeasturias.com\\\/noticias\\\/#website\",\"url\":\"https:\\\/\\\/www.eldigitaldeasturias.com\\\/noticias\\\/\",\"name\":\"El Digital de Asturias - Diario de actualidad y noticias\",\"alternateName\":\"El Digital de Asturias - Diario de actualidad y noticias\",\"description\":\"Hemeroteca\",\"inLanguage\":\"es-ES\",\"publisher\":{\"@id\":\"https:\\\/\\\/www.eldigitaldeasturias.com\\\/noticias\\\/#organization\"}}]}\n\t\t<\/script>\n\t\t<!-- All in One SEO Pro -->\r\n\t\t<title>La Sal\u00e1 Style Room: Peinados innovadores en Gij\u00f3n - El Digital de Asturias<\/title>\n\n","aioseo_head_json":{"title":"La Sal\u00e1 Style Room: Peinados innovadores en Gij\u00f3n - El Digital de Asturias","description":"Tanto en Gij\u00f3n como en el resto de Asturias cada vez se ven nuevos looks y peinados por las calles, en los locales de ocio o centros comerciales, y son muchas","canonical_url":"https:\/\/www.eldigitaldeasturias.com\/noticias\/la-sala-style-room-peinados-innovadores-en-gijon\/","robots":"max-image-preview:large","keywords":"sociedad","webmasterTools":{"google-site-verification":"UA-38556648-1","msvalidate.01":"7dfe9f3f1b24437ab69f4f2559babe99","miscellaneous":""},"schema":{"@context":"https:\/\/schema.org","@graph":[{"@type":"BlogPosting","@id":"https:\/\/www.eldigitaldeasturias.com\/noticias\/la-sala-style-room-peinados-innovadores-en-gijon\/#blogposting","name":"La Sal\u00e1 Style Room: Peinados innovadores en Gij\u00f3n - El Digital de Asturias","headline":"La Sal\u00e1 Style Room: Peinados innovadores en Gij\u00f3n","author":{"@id":"https:\/\/www.eldigitaldeasturias.com\/noticias\/author\/admin\/#author"},"publisher":{"@id":"https:\/\/www.eldigitaldeasturias.com\/noticias\/#organization"},"image":{"@type":"ImageObject","url":"https:\/\/www.eldigitaldeasturias.com\/noticias\/wp-content\/uploads\/2023\/12\/peinados.jpg","width":640,"height":427,"caption":"peinados"},"datePublished":"2023-12-18T08:42:02+01:00","dateModified":"2023-12-18T08:42:02+01:00","inLanguage":"es-ES","mainEntityOfPage":{"@id":"https:\/\/www.eldigitaldeasturias.com\/noticias\/la-sala-style-room-peinados-innovadores-en-gijon\/#webpage"},"isPartOf":{"@id":"https:\/\/www.eldigitaldeasturias.com\/noticias\/la-sala-style-room-peinados-innovadores-en-gijon\/#webpage"},"articleSection":"Sociedad"},{"@type":"BreadcrumbList","@id":"https:\/\/www.eldigitaldeasturias.com\/noticias\/la-sala-style-room-peinados-innovadores-en-gijon\/#breadcrumblist","itemListElement":[{"@type":"ListItem","@id":"https:\/\/www.eldigitaldeasturias.com\/noticias#listItem","position":1,"name":"Home","item":"https:\/\/www.eldigitaldeasturias.com\/noticias","nextItem":{"@type":"ListItem","@id":"https:\/\/www.eldigitaldeasturias.com\/noticias\/category\/sociedad\/#listItem","name":"Sociedad"}},{"@type":"ListItem","@id":"https:\/\/www.eldigitaldeasturias.com\/noticias\/category\/sociedad\/#listItem","position":2,"name":"Sociedad","item":"https:\/\/www.eldigitaldeasturias.com\/noticias\/category\/sociedad\/","nextItem":{"@type":"ListItem","@id":"https:\/\/www.eldigitaldeasturias.com\/noticias\/la-sala-style-room-peinados-innovadores-en-gijon\/#listItem","name":"La Sal\u00e1 Style Room: Peinados innovadores en Gij\u00f3n"},"previousItem":{"@type":"ListItem","@id":"https:\/\/www.eldigitaldeasturias.com\/noticias#listItem","name":"Home"}},{"@type":"ListItem","@id":"https:\/\/www.eldigitaldeasturias.com\/noticias\/la-sala-style-room-peinados-innovadores-en-gijon\/#listItem","position":3,"name":"La Sal\u00e1 Style Room: Peinados innovadores en Gij\u00f3n","previousItem":{"@type":"ListItem","@id":"https:\/\/www.eldigitaldeasturias.com\/noticias\/category\/sociedad\/#listItem","name":"Sociedad"}}]},{"@type":"Organization","@id":"https:\/\/www.eldigitaldeasturias.com\/noticias\/#organization","name":"El Digital de Asturias","description":"Hemeroteca","url":"https:\/\/www.eldigitaldeasturias.com\/noticias\/","email":"info@eldigitaldeasturias.com","telephone":"+34652131393","logo":{"@type":"ImageObject","url":"https:\/\/www.eldigitaldeasturias.com\/noticias\/wp-content\/uploads\/2020\/12\/EDA.jpg","@id":"https:\/\/www.eldigitaldeasturias.com\/noticias\/la-sala-style-room-peinados-innovadores-en-gijon\/#organizationLogo","width":649,"height":297},"image":{"@id":"https:\/\/www.eldigitaldeasturias.com\/noticias\/la-sala-style-room-peinados-innovadores-en-gijon\/#organizationLogo"},"sameAs":["https:\/\/facebook.com\/eldigitaldeasturias","https:\/\/www.youtube.com\/channel\/UCZP-2wLEB9Rv6erhFmqVnvg"],"address":{"@id":"https:\/\/www.eldigitaldeasturias.com\/noticias\/#postaladdress","@type":"PostalAddress","streetAddress":"san antonio 4,","postalCode":"33430","addressLocality":"Cand\u00e1s","addressRegion":"Asturias","addressCountry":"ES"}},{"@type":"Person","@id":"https:\/\/www.eldigitaldeasturias.com\/noticias\/author\/admin\/#author","url":"https:\/\/www.eldigitaldeasturias.com\/noticias\/author\/admin\/","name":"El Digital de Asturias","image":{"@type":"ImageObject","@id":"https:\/\/www.eldigitaldeasturias.com\/noticias\/la-sala-style-room-peinados-innovadores-en-gijon\/#authorImage","url":"https:\/\/www.eldigitaldeasturias.com\/noticias\/wp-content\/litespeed\/avatar\/18677e78aa0546b92d9dbf31ec7d7668.jpg?ver=1777290358","width":96,"height":96,"caption":"El Digital de Asturias"}},{"@type":"WebPage","@id":"https:\/\/www.eldigitaldeasturias.com\/noticias\/la-sala-style-room-peinados-innovadores-en-gijon\/#webpage","url":"https:\/\/www.eldigitaldeasturias.com\/noticias\/la-sala-style-room-peinados-innovadores-en-gijon\/","name":"La Sal\u00e1 Style Room: Peinados innovadores en Gij\u00f3n - El Digital de Asturias","description":"Tanto en Gij\u00f3n como en el resto de Asturias cada vez se ven nuevos looks y peinados por las calles, en los locales de ocio o centros comerciales, y son muchas","inLanguage":"es-ES","isPartOf":{"@id":"https:\/\/www.eldigitaldeasturias.com\/noticias\/#website"},"breadcrumb":{"@id":"https:\/\/www.eldigitaldeasturias.com\/noticias\/la-sala-style-room-peinados-innovadores-en-gijon\/#breadcrumblist"},"author":{"@id":"https:\/\/www.eldigitaldeasturias.com\/noticias\/author\/admin\/#author"},"creator":{"@id":"https:\/\/www.eldigitaldeasturias.com\/noticias\/author\/admin\/#author"},"image":{"@type":"ImageObject","url":"https:\/\/www.eldigitaldeasturias.com\/noticias\/wp-content\/uploads\/2023\/12\/peinados.jpg","@id":"https:\/\/www.eldigitaldeasturias.com\/noticias\/la-sala-style-room-peinados-innovadores-en-gijon\/#mainImage","width":640,"height":427,"caption":"peinados"},"primaryImageOfPage":{"@id":"https:\/\/www.eldigitaldeasturias.com\/noticias\/la-sala-style-room-peinados-innovadores-en-gijon\/#mainImage"},"datePublished":"2023-12-18T08:42:02+01:00","dateModified":"2023-12-18T08:42:02+01:00"},{"@type":"WebSite","@id":"https:\/\/www.eldigitaldeasturias.com\/noticias\/#website","url":"https:\/\/www.eldigitaldeasturias.com\/noticias\/","name":"El Digital de Asturias - Diario de actualidad y noticias","alternateName":"El Digital de Asturias - Diario de actualidad y noticias","description":"Hemeroteca","inLanguage":"es-ES","publisher":{"@id":"https:\/\/www.eldigitaldeasturias.com\/noticias\/#organization"}}]},"og:locale":"es_ES","og:site_name":"El Digital de Asturias","og:type":"article","og:title":"La Sal\u00e1 Style Room: Peinados innovadores en Gij\u00f3n - El Digital de Asturias","og:description":"Tanto en Gij\u00f3n como en el resto de Asturias cada vez se ven nuevos looks y peinados por las calles, en los locales de ocio o centros comerciales, y son muchas","og:url":"https:\/\/www.eldigitaldeasturias.com\/noticias\/la-sala-style-room-peinados-innovadores-en-gijon\/","og:image":"https:\/\/www.eldigitaldeasturias.com\/noticias\/wp-content\/uploads\/2023\/12\/peinados.jpg","og:image:secure_url":"https:\/\/www.eldigitaldeasturias.com\/noticias\/wp-content\/uploads\/2023\/12\/peinados.jpg","og:image:width":640,"og:image:height":427,"article:tag":["sociedad"],"article:published_time":"2023-12-18T07:42:02+00:00","article:modified_time":"2023-12-18T07:42:02+00:00","article:publisher":"https:\/\/facebook.com\/eldigitaldeasturias","twitter:card":"summary_large_image","twitter:title":"La Sal\u00e1 Style Room: Peinados innovadores en Gij\u00f3n - El Digital de Asturias","twitter:description":"Tanto en Gij\u00f3n como en el resto de Asturias cada vez se ven nuevos looks y peinados por las calles, en los locales de ocio o centros comerciales, y son muchas","twitter:image":"https:\/\/www.eldigitaldeasturias.com\/noticias\/wp-content\/uploads\/2023\/12\/peinados.jpg","twitter:label1":"Escrito por","twitter:data1":"El Digital de Asturias","twitter:label2":"Tiempo de lectura estimado","twitter:data2":"3 minutos"},"aioseo_meta_data":{"post_id":"1127712","title":null,"description":"Tanto en Gij\u00f3n como en el resto de Asturias cada vez se ven nuevos looks y peinados por las calles, en los locales de ocio o centros comerciales, y son muchas","keywords":[],"keyphrases":{"focus":{"keyphrase":"peinados","score":85,"analysis":{"keyphraseInTitle":{"score":9,"maxScore":9,"error":0},"keyphraseInDescription":{"score":9,"maxScore":9,"error":0},"keyphraseLength":{"score":9,"maxScore":9,"error":0,"length":1},"keyphraseInURL":{"score":1,"maxScore":5,"error":1},"keyphraseInIntroduction":{"score":9,"maxScore":9,"error":0},"keyphraseInSubHeadings":{"score":3,"maxScore":9,"error":1},"keyphraseInImageAlt":{"score":9,"maxScore":9,"error":0},"keywordDensity":{"type":"best","score":9,"maxScore":9,"error":0}}},"additional":[{"keyphrase":"peinados","score":100,"analysis":{"keyphraseInDescription":{"score":9,"maxScore":9,"error":0},"keyphraseLength":{"score":9,"maxScore":9,"error":0,"length":1},"keyphraseInIntroduction":{"score":9,"maxScore":9,"error":0},"keyphraseInImageAlt":{"score":9,"maxScore":9,"error":0},"keywordDensity":{"type":"best","score":9,"maxScore":9,"error":0}}},{"keyphrase":"Gij\u00f3n","score":67,"analysis":{"keyphraseInDescription":{"score":9,"maxScore":9,"error":0},"keyphraseLength":{"score":9,"maxScore":9,"error":0,"length":2},"keyphraseInIntroduction":{"score":9,"maxScore":9,"error":0},"keyphraseInImageAlt":{"score":3,"maxScore":9,"error":1},"keywordDensity":{"score":0,"type":"low","maxScore":9,"error":1}}},{"keyphrase":"Asturias","score":67,"analysis":{"keyphraseInDescription":{"score":9,"maxScore":9,"error":0},"keyphraseLength":{"score":9,"maxScore":9,"error":0,"length":1},"keyphraseInIntroduction":{"score":9,"maxScore":9,"error":0},"keyphraseInImageAlt":{"score":3,"maxScore":9,"error":1},"keywordDensity":{"score":0,"type":"low","maxScore":9,"error":1}}}]},"primary_term":null,"canonical_url":null,"og_title":null,"og_description":null,"og_object_type":"default","og_image_type":"default","og_image_url":null,"og_image_width":null,"og_image_height":null,"og_image_custom_url":null,"og_image_custom_fields":null,"og_video":"","og_custom_url":null,"og_article_section":null,"og_article_tags":[],"twitter_use_og":false,"twitter_card":"default","twitter_image_type":"default","twitter_image_url":null,"twitter_image_custom_url":null,"twitter_image_custom_fields":null,"twitter_title":null,"twitter_description":null,"schema":{"blockGraphs":[],"customGraphs":[],"default":{"data":{"Article":[],"Course":[],"Dataset":[],"FAQPage":[],"Movie":[],"Person":[],"Product":[],"ProductReview":[],"Car":[],"Recipe":[],"Service":[],"SoftwareApplication":[],"WebPage":[]},"graphName":"BlogPosting","isEnabled":true},"graphs":[]},"schema_type":"default","schema_type_options":null,"pillar_content":false,"robots_default":true,"robots_noindex":false,"robots_noarchive":false,"robots_nosnippet":false,"robots_nofollow":false,"robots_noimageindex":false,"robots_noodp":false,"robots_notranslate":false,"robots_max_snippet":"-1","robots_max_videopreview":"-1","robots_max_imagepreview":"large","priority":null,"frequency":"default","local_seo":null,"seo_analyzer_scan_date":"2025-10-05 23:53:18","breadcrumb_settings":null,"limit_modified_date":false,"open_ai":"{\"title\":{\"suggestions\":[],\"usage\":0},\"description\":{\"suggestions\":[],\"usage\":0}}","ai":null,"created":"2023-12-18 07:21:38","updated":"2025-10-09 05:56:26"},"aioseo_breadcrumb":"<div class=\"aioseo-breadcrumbs\"><span class=\"aioseo-breadcrumb\">\n\t<a href=\"https:\/\/www.eldigitaldeasturias.com\/noticias\" title=\"Home\">Home<\/a>\n<\/span><span class=\"aioseo-breadcrumb-separator\">\u2013<\/span><span class=\"aioseo-breadcrumb\">\n\t<a href=\"https:\/\/www.eldigitaldeasturias.com\/noticias\/category\/sociedad\/\" title=\"Sociedad\">Sociedad<\/a>\n<\/span><span class=\"aioseo-breadcrumb-separator\">\u2013<\/span><span class=\"aioseo-breadcrumb\">\n\t<a href=\"https:\/\/www.eldigitaldeasturias.com\/noticias\/la-sala-style-room-peinados-innovadores-en-gijon\/\" title=\"La Sal\u00e1 Style Room: Peinados innovadores en Gij\u00f3n\">La Sal\u00e1 Style Room: Peinados innovadores en Gij\u00f3n<\/a>\n<\/span><\/div>","aioseo_breadcrumb_json":[{"label":"Home","link":"https:\/\/www.eldigitaldeasturias.com\/noticias"},{"label":"Sociedad","link":"https:\/\/www.eldigitaldeasturias.com\/noticias\/category\/sociedad\/"},{"label":"La Sal\u00e1 Style Room: Peinados innovadores en Gij\u00f3n","link":"https:\/\/www.eldigitaldeasturias.com\/noticias\/la-sala-style-room-peinados-innovadores-en-gijon\/"}],"_links":{"self":[{"href":"https:\/\/www.eldigitaldeasturias.com\/noticias\/wp-json\/wp\/v2\/posts\/1127712","targetHints":{"allow":["GET"]}}],"collection":[{"href":"https:\/\/www.eldigitaldeasturias.com\/noticias\/wp-json\/wp\/v2\/posts"}],"about":[{"href":"https:\/\/www.eldigitaldeasturias.com\/noticias\/wp-json\/wp\/v2\/types\/post"}],"author":[{"embeddable":true,"href":"https:\/\/www.eldigitaldeasturias.com\/noticias\/wp-json\/wp\/v2\/users\/1"}],"replies":[{"embeddable":true,"href":"https:\/\/www.eldigitaldeasturias.com\/noticias\/wp-json\/wp\/v2\/comments?post=1127712"}],"version-history":[{"count":0,"href":"https:\/\/www.eldigitaldeasturias.com\/noticias\/wp-json\/wp\/v2\/posts\/1127712\/revisions"}],"wp:featuredmedia":[{"embeddable":true,"href":"https:\/\/www.eldigitaldeasturias.com\/noticias\/wp-json\/wp\/v2\/media\/1127713"}],"wp:attachment":[{"href":"https:\/\/www.eldigitaldeasturias.com\/noticias\/wp-json\/wp\/v2\/media?parent=1127712"}],"wp:term":[{"taxonomy":"category","embeddable":true,"href":"https:\/\/www.eldigitaldeasturias.com\/noticias\/wp-json\/wp\/v2\/categories?post=1127712"},{"taxonomy":"post_tag","embeddable":true,"href":"https:\/\/www.eldigitaldeasturias.com\/noticias\/wp-json\/wp\/v2\/tags?post=1127712"}],"curies":[{"name":"wp","href":"https:\/\/api.w.org\/{rel}","templated":true}]}}