{"id":1127686,"date":"2023-12-17T11:52:44","date_gmt":"2023-12-17T10:52:44","guid":{"rendered":"https:\/\/www.eldigitaldeasturias.com\/noticias\/?p=1127686"},"modified":"2023-12-17T11:52:44","modified_gmt":"2023-12-17T10:52:44","slug":"subvenciones-para-la-normalizacion-linguistica-en-asturias","status":"publish","type":"post","link":"https:\/\/www.eldigitaldeasturias.com\/noticias\/subvenciones-para-la-normalizacion-linguistica-en-asturias\/","title":{"rendered":"Subvenciones para la normalizaci\u00f3n ling\u00fc\u00edstica en Asturias"},"content":{"rendered":"<p>La Viceconsejer\u00eda de Cultura, Pol\u00edtica Lling\u00fc\u00edstica y Deporte ha convocado en Asturias dos nuevas l\u00edneas de subvenciones por las que destinar\u00e1 120.000 euros a<strong> apoyar proyectos y actividades de normalizaci\u00f3n del asturiano o eonaviego<\/strong>, promovidas por<span style=\"color: #ff6600;\"><a style=\"color: #ff6600;\" href=\"https:\/\/www.eldigitaldeasturias.com\/noticias\/category\/negocios-y-empresas\/\"><strong> empresas privadas<\/strong><\/a><\/span> o por fundaciones y asociaciones, que se lleven a cabo desde el 1 de enero y el 5 de diciembre de 2024.<\/p>\n<figure id=\"attachment_1127687\" aria-describedby=\"caption-attachment-1127687\" style=\"width: 650px\" class=\"wp-caption aligncenter\"><img loading=\"lazy\" decoding=\"async\" class=\"wp-image-1127687 size-large\" src=\"https:\/\/www.eldigitaldeasturias.com\/noticias\/wp-content\/uploads\/2023\/12\/Gobierno-de-Asturias-650x427.jpg\" alt=\"Gobierno de Asturias\" width=\"650\" height=\"427\" srcset=\"https:\/\/www.eldigitaldeasturias.com\/noticias\/wp-content\/uploads\/2023\/12\/Gobierno-de-Asturias-650x427.jpg 650w, https:\/\/www.eldigitaldeasturias.com\/noticias\/wp-content\/uploads\/2023\/12\/Gobierno-de-Asturias-360x237.jpg 360w, https:\/\/www.eldigitaldeasturias.com\/noticias\/wp-content\/uploads\/2023\/12\/Gobierno-de-Asturias-456x300.jpg 456w, https:\/\/www.eldigitaldeasturias.com\/noticias\/wp-content\/uploads\/2023\/12\/Gobierno-de-Asturias-768x505.jpg 768w, https:\/\/www.eldigitaldeasturias.com\/noticias\/wp-content\/uploads\/2023\/12\/Gobierno-de-Asturias-150x99.jpg 150w, https:\/\/www.eldigitaldeasturias.com\/noticias\/wp-content\/uploads\/2023\/12\/Gobierno-de-Asturias-450x296.jpg 450w, https:\/\/www.eldigitaldeasturias.com\/noticias\/wp-content\/uploads\/2023\/12\/Gobierno-de-Asturias.jpg 1007w\" sizes=\"auto, (max-width: 650px) 100vw, 650px\" \/><figcaption id=\"caption-attachment-1127687\" class=\"wp-caption-text\">Foto: Prensa Gobierno de Asturias<\/figcaption><\/figure>\n<p>La convocatoria cuenta con dos l\u00edneas diferentes, una destinada a las empresas, dotada con 70.000 euros, y otra dirigida a las asociaciones o fundaciones, con 50.000 euros. En ambos casos, pueden optar a estas ayudas proyectos similares, excepto las asociaciones, que pueden presentar publicaciones dada la necesidad de atender este tipo de actividades.<\/p>\n<p>Est\u00e1 previsto el pago anticipado de la subvenci\u00f3n, de modo que los importes inferiores a 6.010 euros se abonan de modo autom\u00e1tico como anticipados y los superiores, lo har\u00e1n previa petici\u00f3n de la persona o la empresa interesada con la presentaci\u00f3n de la garant\u00eda correspondiente. <strong>El plazo para optar a estas ayudas permanecer\u00e1 abierto hasta el 16 de enero de 2024.<\/strong><\/p>\n<p>La viceconsejera de Cultura, Vanessa Guti\u00e9rrez, ha explicado que, tal y como expuso en su comparecencia parlamentaria para presentar los presupuestos de su departamento para 2024, \u201cla Viceconsejer\u00eda, adem\u00e1s de aumentar los recursos econ\u00f3micos que se destinen a poner en marcha nuevas l\u00edneas y proyectos, quiere adoptar todas las medidas posibles para facilitar a las personas y entidades el acceso y la ejecuci\u00f3n de los mismos, siendo lo m\u00e1s cercanos, \u00e1giles, eficaces y eficientes que nos permita la ley, algo que queremos implementar en todas las \u00e1reas de la gesti\u00f3n, tanto en cultura como en patrimonio cultural, normalizaci\u00f3n ling\u00fc\u00edstica y en la actividad f\u00edsica y deportiva. Esta nueva convocatoria es un ejemplo de ello\u201d.<\/p>\n<h2>Las actividades concretas sobre las que podr\u00e1n versar los proyectos son las siguientes:<\/h2>\n<ul>\n<li>Dise\u00f1o de la imagen corporativa, rotulaciones, campa\u00f1as publicitarias o acciones normalizadores similares.<\/li>\n<li>Charlas, jornadas, seminarios, congresos y similares donde la lengua vehicular sea el asturiano o eonaviego.<\/li>\n<li>Espect\u00e1culos art\u00edsticos en cualquier disciplina.<\/li>\n<li>Cert\u00e1menes musicales, audiovisuales o literarios.<\/li>\n<li>Proyectos musicales o audiovisuales realizados por completo en lengua asturiana o eonaviego.<\/li>\n<li>Publicaciones en asturiano o eonaviego de entidades sin \u00e1nimo de lucro (no editoriales).<\/li>\n<li>Para determinar la concesi\u00f3n de estas ayudas se tendr\u00e1n en cuenta los siguientes aspectos:<\/li>\n<li>Grado de correcci\u00f3n ling\u00fc\u00edstica del proyecto.<\/li>\n<li>Inter\u00e9s del trabajo a subvencionar desde el punto de vista cultural, social y\/o ling\u00fc\u00edstico.<\/li>\n<li>Grado de difusi\u00f3n del proyecto (su potencial para llegar a un mayor n\u00famero de personas).<\/li>\n<li>Experiencia y trayectoria de los responsables del proyecto en el \u00e1mbito de las lenguas propias y de la cultura asturiana.<\/li>\n<li>Innovaci\u00f3n creativa, art\u00edstica, social o empresarial del proyecto en la promoci\u00f3n del uso de las lenguas propias y apuesta por la digitalizaci\u00f3n.<\/li>\n<li>Perspectiva de g\u00e9nero, es decir, la presencia de mujeres en el equipo de trabajo y su contribuci\u00f3n para lograr la efectiva igualdad de g\u00e9nero.<\/li>\n<li>Domicilio social de la entidad promotora en el \u00e1mbito rural asturiano, en el contexto de las pol\u00edticas relacionadas con el reto demogr\u00e1fico del <a title=\"Principado de Asturias\" href=\"https:\/\/actualidad.asturias.es\/\" target=\"_blank\" rel=\"noopener\"><span style=\"color: #ff6600;\"><strong>Gobierno del Principado<\/strong><\/span><\/a>.<\/li>\n<\/ul>\n<p>La resoluci\u00f3n, publicada ya en el Bolet\u00edn Oficial del Principado de Asturias (BOPA), se puede consultar en el siguiente enlace <a href=\"https:\/\/tinyurl.com\/yc3r8czp\" target=\"_blank\" rel=\"noopener\"><span style=\"color: #ff6600;\"><strong>https:\/\/tinyurl.com\/yc3r8czp<\/strong><\/span><\/a> y en la Base de Datos Nacional de Subvenciones <a href=\"https:\/\/tinyurl.com\/muthht89\" target=\"_blank\" rel=\"noopener\"><span style=\"color: #ff6600;\"><strong>https:\/\/tinyurl.com\/muthht89<\/strong><\/span><\/a><\/p>\n","protected":false},"excerpt":{"rendered":"<p>La Viceconsejer\u00eda de Cultura, Pol\u00edtica Lling\u00fc\u00edstica y Deporte ha convocado en Asturias dos nuevas l\u00edneas de subvenciones por las que destinar\u00e1 120.000 euros a apoyar proyectos y actividades de normalizaci\u00f3n del asturiano o eonaviego, promovidas por empresas privadas o por fundaciones y asociaciones, que se lleven a cabo desde el 1 de enero y el [&hellip;]<\/p>\n","protected":false},"author":1,"featured_media":1127687,"comment_status":"closed","ping_status":"closed","sticky":false,"template":"","format":"standard","meta":{"footnotes":""},"categories":[12],"tags":[],"class_list":["post-1127686","post","type-post","status-publish","format-standard","has-post-thumbnail","hentry","category-actualidad-asturias"],"aioseo_notices":[],"aioseo_head":"\n\t\t<!-- All in One SEO Pro 4.9.6.2 - aioseo.com -->\n\t<meta name=\"description\" content=\"La Viceconsejer\u00eda de Cultura, Pol\u00edtica Lling\u00fc\u00edstica y Deporte ha convocado en Asturias dos nuevas l\u00edneas de subvenciones por las que destinar\u00e1 120.000 euros\" \/>\n\t<meta name=\"robots\" content=\"max-image-preview:large\" \/>\n\t<meta name=\"author\" content=\"El Digital de Asturias\"\/>\n\t<meta name=\"google-site-verification\" content=\"UA-38556648-1\" \/>\n\t<meta name=\"msvalidate.01\" content=\"7dfe9f3f1b24437ab69f4f2559babe99\" \/>\n\t<meta name=\"keywords\" content=\"actualidad asturias\" \/>\n\t<link rel=\"canonical\" href=\"https:\/\/www.eldigitaldeasturias.com\/noticias\/subvenciones-para-la-normalizacion-linguistica-en-asturias\/\" \/>\n\t<meta name=\"generator\" content=\"All in One SEO Pro (AIOSEO) 4.9.6.2\" \/>\n\t\t<meta property=\"og:locale\" content=\"es_ES\" \/>\n\t\t<meta property=\"og:site_name\" content=\"El Digital de Asturias\" \/>\n\t\t<meta property=\"og:type\" content=\"article\" \/>\n\t\t<meta property=\"og:title\" content=\"Subvenciones para la normalizaci\u00f3n ling\u00fc\u00edstica en Asturias - El Digital de Asturias\" \/>\n\t\t<meta property=\"og:description\" content=\"La Viceconsejer\u00eda de Cultura, Pol\u00edtica Lling\u00fc\u00edstica y Deporte ha convocado en Asturias dos nuevas l\u00edneas de subvenciones por las que destinar\u00e1 120.000 euros\" \/>\n\t\t<meta property=\"og:url\" content=\"https:\/\/www.eldigitaldeasturias.com\/noticias\/subvenciones-para-la-normalizacion-linguistica-en-asturias\/\" \/>\n\t\t<meta property=\"og:image\" content=\"https:\/\/www.eldigitaldeasturias.com\/noticias\/wp-content\/uploads\/2023\/12\/Gobierno-de-Asturias.jpg\" \/>\n\t\t<meta property=\"og:image:secure_url\" content=\"https:\/\/www.eldigitaldeasturias.com\/noticias\/wp-content\/uploads\/2023\/12\/Gobierno-de-Asturias.jpg\" \/>\n\t\t<meta property=\"og:image:width\" content=\"1007\" \/>\n\t\t<meta property=\"og:image:height\" content=\"662\" \/>\n\t\t<meta property=\"article:tag\" content=\"actualidad asturias\" \/>\n\t\t<meta property=\"article:published_time\" content=\"2023-12-17T10:52:44+00:00\" \/>\n\t\t<meta property=\"article:modified_time\" content=\"2023-12-17T10:52:44+00:00\" \/>\n\t\t<meta property=\"article:publisher\" content=\"https:\/\/facebook.com\/eldigitaldeasturias\" \/>\n\t\t<meta name=\"twitter:card\" content=\"summary_large_image\" \/>\n\t\t<meta name=\"twitter:title\" content=\"Subvenciones para la normalizaci\u00f3n ling\u00fc\u00edstica en Asturias - El Digital de Asturias\" \/>\n\t\t<meta name=\"twitter:description\" content=\"La Viceconsejer\u00eda de Cultura, Pol\u00edtica Lling\u00fc\u00edstica y Deporte ha convocado en Asturias dos nuevas l\u00edneas de subvenciones por las que destinar\u00e1 120.000 euros\" \/>\n\t\t<meta name=\"twitter:image\" content=\"https:\/\/www.eldigitaldeasturias.com\/noticias\/wp-content\/uploads\/2023\/12\/Gobierno-de-Asturias.jpg\" \/>\n\t\t<meta name=\"twitter:label1\" content=\"Escrito por\" \/>\n\t\t<meta name=\"twitter:data1\" content=\"El Digital de Asturias\" \/>\n\t\t<meta name=\"twitter:label2\" content=\"Tiempo de lectura estimado\" \/>\n\t\t<meta name=\"twitter:data2\" content=\"3 minutos\" \/>\n\t\t<script type=\"application\/ld+json\" class=\"aioseo-schema\">\n\t\t\t{\"@context\":\"https:\\\/\\\/schema.org\",\"@graph\":[{\"@type\":\"BlogPosting\",\"@id\":\"https:\\\/\\\/www.eldigitaldeasturias.com\\\/noticias\\\/subvenciones-para-la-normalizacion-linguistica-en-asturias\\\/#blogposting\",\"name\":\"Subvenciones para la normalizaci\\u00f3n ling\\u00fc\\u00edstica en Asturias - El Digital de Asturias\",\"headline\":\"Subvenciones para la normalizaci\\u00f3n ling\\u00fc\\u00edstica en Asturias\",\"author\":{\"@id\":\"https:\\\/\\\/www.eldigitaldeasturias.com\\\/noticias\\\/author\\\/admin\\\/#author\"},\"publisher\":{\"@id\":\"https:\\\/\\\/www.eldigitaldeasturias.com\\\/noticias\\\/#organization\"},\"image\":{\"@type\":\"ImageObject\",\"url\":\"https:\\\/\\\/www.eldigitaldeasturias.com\\\/noticias\\\/wp-content\\\/uploads\\\/2023\\\/12\\\/Gobierno-de-Asturias.jpg\",\"width\":1007,\"height\":662,\"caption\":\"Foto: Prensa Gobierno de Asturias\"},\"datePublished\":\"2023-12-17T11:52:44+01:00\",\"dateModified\":\"2023-12-17T11:52:44+01:00\",\"inLanguage\":\"es-ES\",\"mainEntityOfPage\":{\"@id\":\"https:\\\/\\\/www.eldigitaldeasturias.com\\\/noticias\\\/subvenciones-para-la-normalizacion-linguistica-en-asturias\\\/#webpage\"},\"isPartOf\":{\"@id\":\"https:\\\/\\\/www.eldigitaldeasturias.com\\\/noticias\\\/subvenciones-para-la-normalizacion-linguistica-en-asturias\\\/#webpage\"},\"articleSection\":\"Actualidad Asturias\"},{\"@type\":\"BreadcrumbList\",\"@id\":\"https:\\\/\\\/www.eldigitaldeasturias.com\\\/noticias\\\/subvenciones-para-la-normalizacion-linguistica-en-asturias\\\/#breadcrumblist\",\"itemListElement\":[{\"@type\":\"ListItem\",\"@id\":\"https:\\\/\\\/www.eldigitaldeasturias.com\\\/noticias#listItem\",\"position\":1,\"name\":\"Home\",\"item\":\"https:\\\/\\\/www.eldigitaldeasturias.com\\\/noticias\",\"nextItem\":{\"@type\":\"ListItem\",\"@id\":\"https:\\\/\\\/www.eldigitaldeasturias.com\\\/noticias\\\/category\\\/actualidad-asturias\\\/#listItem\",\"name\":\"Actualidad Asturias\"}},{\"@type\":\"ListItem\",\"@id\":\"https:\\\/\\\/www.eldigitaldeasturias.com\\\/noticias\\\/category\\\/actualidad-asturias\\\/#listItem\",\"position\":2,\"name\":\"Actualidad Asturias\",\"item\":\"https:\\\/\\\/www.eldigitaldeasturias.com\\\/noticias\\\/category\\\/actualidad-asturias\\\/\",\"nextItem\":{\"@type\":\"ListItem\",\"@id\":\"https:\\\/\\\/www.eldigitaldeasturias.com\\\/noticias\\\/subvenciones-para-la-normalizacion-linguistica-en-asturias\\\/#listItem\",\"name\":\"Subvenciones para la normalizaci\\u00f3n ling\\u00fc\\u00edstica en Asturias\"},\"previousItem\":{\"@type\":\"ListItem\",\"@id\":\"https:\\\/\\\/www.eldigitaldeasturias.com\\\/noticias#listItem\",\"name\":\"Home\"}},{\"@type\":\"ListItem\",\"@id\":\"https:\\\/\\\/www.eldigitaldeasturias.com\\\/noticias\\\/subvenciones-para-la-normalizacion-linguistica-en-asturias\\\/#listItem\",\"position\":3,\"name\":\"Subvenciones para la normalizaci\\u00f3n ling\\u00fc\\u00edstica en Asturias\",\"previousItem\":{\"@type\":\"ListItem\",\"@id\":\"https:\\\/\\\/www.eldigitaldeasturias.com\\\/noticias\\\/category\\\/actualidad-asturias\\\/#listItem\",\"name\":\"Actualidad Asturias\"}}]},{\"@type\":\"Organization\",\"@id\":\"https:\\\/\\\/www.eldigitaldeasturias.com\\\/noticias\\\/#organization\",\"name\":\"El Digital de Asturias\",\"description\":\"Hemeroteca\",\"url\":\"https:\\\/\\\/www.eldigitaldeasturias.com\\\/noticias\\\/\",\"email\":\"info@eldigitaldeasturias.com\",\"telephone\":\"+34652131393\",\"logo\":{\"@type\":\"ImageObject\",\"url\":\"https:\\\/\\\/www.eldigitaldeasturias.com\\\/noticias\\\/wp-content\\\/uploads\\\/2020\\\/12\\\/EDA.jpg\",\"@id\":\"https:\\\/\\\/www.eldigitaldeasturias.com\\\/noticias\\\/subvenciones-para-la-normalizacion-linguistica-en-asturias\\\/#organizationLogo\",\"width\":649,\"height\":297},\"image\":{\"@id\":\"https:\\\/\\\/www.eldigitaldeasturias.com\\\/noticias\\\/subvenciones-para-la-normalizacion-linguistica-en-asturias\\\/#organizationLogo\"},\"sameAs\":[\"https:\\\/\\\/facebook.com\\\/eldigitaldeasturias\",\"https:\\\/\\\/www.youtube.com\\\/channel\\\/UCZP-2wLEB9Rv6erhFmqVnvg\"],\"address\":{\"@id\":\"https:\\\/\\\/www.eldigitaldeasturias.com\\\/noticias\\\/#postaladdress\",\"@type\":\"PostalAddress\",\"streetAddress\":\"san antonio 4,\",\"postalCode\":\"33430\",\"addressLocality\":\"Cand\\u00e1s\",\"addressRegion\":\"Asturias\",\"addressCountry\":\"ES\"}},{\"@type\":\"Person\",\"@id\":\"https:\\\/\\\/www.eldigitaldeasturias.com\\\/noticias\\\/author\\\/admin\\\/#author\",\"url\":\"https:\\\/\\\/www.eldigitaldeasturias.com\\\/noticias\\\/author\\\/admin\\\/\",\"name\":\"El Digital de Asturias\",\"image\":{\"@type\":\"ImageObject\",\"@id\":\"https:\\\/\\\/www.eldigitaldeasturias.com\\\/noticias\\\/subvenciones-para-la-normalizacion-linguistica-en-asturias\\\/#authorImage\",\"url\":\"https:\\\/\\\/www.eldigitaldeasturias.com\\\/noticias\\\/wp-content\\\/litespeed\\\/avatar\\\/18677e78aa0546b92d9dbf31ec7d7668.jpg?ver=1777290358\",\"width\":96,\"height\":96,\"caption\":\"El Digital de Asturias\"}},{\"@type\":\"WebPage\",\"@id\":\"https:\\\/\\\/www.eldigitaldeasturias.com\\\/noticias\\\/subvenciones-para-la-normalizacion-linguistica-en-asturias\\\/#webpage\",\"url\":\"https:\\\/\\\/www.eldigitaldeasturias.com\\\/noticias\\\/subvenciones-para-la-normalizacion-linguistica-en-asturias\\\/\",\"name\":\"Subvenciones para la normalizaci\\u00f3n ling\\u00fc\\u00edstica en Asturias - El Digital de Asturias\",\"description\":\"La Viceconsejer\\u00eda de Cultura, Pol\\u00edtica Lling\\u00fc\\u00edstica y Deporte ha convocado en Asturias dos nuevas l\\u00edneas de subvenciones por las que destinar\\u00e1 120.000 euros\",\"inLanguage\":\"es-ES\",\"isPartOf\":{\"@id\":\"https:\\\/\\\/www.eldigitaldeasturias.com\\\/noticias\\\/#website\"},\"breadcrumb\":{\"@id\":\"https:\\\/\\\/www.eldigitaldeasturias.com\\\/noticias\\\/subvenciones-para-la-normalizacion-linguistica-en-asturias\\\/#breadcrumblist\"},\"author\":{\"@id\":\"https:\\\/\\\/www.eldigitaldeasturias.com\\\/noticias\\\/author\\\/admin\\\/#author\"},\"creator\":{\"@id\":\"https:\\\/\\\/www.eldigitaldeasturias.com\\\/noticias\\\/author\\\/admin\\\/#author\"},\"image\":{\"@type\":\"ImageObject\",\"url\":\"https:\\\/\\\/www.eldigitaldeasturias.com\\\/noticias\\\/wp-content\\\/uploads\\\/2023\\\/12\\\/Gobierno-de-Asturias.jpg\",\"@id\":\"https:\\\/\\\/www.eldigitaldeasturias.com\\\/noticias\\\/subvenciones-para-la-normalizacion-linguistica-en-asturias\\\/#mainImage\",\"width\":1007,\"height\":662,\"caption\":\"Foto: Prensa Gobierno de Asturias\"},\"primaryImageOfPage\":{\"@id\":\"https:\\\/\\\/www.eldigitaldeasturias.com\\\/noticias\\\/subvenciones-para-la-normalizacion-linguistica-en-asturias\\\/#mainImage\"},\"datePublished\":\"2023-12-17T11:52:44+01:00\",\"dateModified\":\"2023-12-17T11:52:44+01:00\"},{\"@type\":\"WebSite\",\"@id\":\"https:\\\/\\\/www.eldigitaldeasturias.com\\\/noticias\\\/#website\",\"url\":\"https:\\\/\\\/www.eldigitaldeasturias.com\\\/noticias\\\/\",\"name\":\"El Digital de Asturias - Diario de actualidad y noticias\",\"alternateName\":\"El Digital de Asturias - Diario de actualidad y noticias\",\"description\":\"Hemeroteca\",\"inLanguage\":\"es-ES\",\"publisher\":{\"@id\":\"https:\\\/\\\/www.eldigitaldeasturias.com\\\/noticias\\\/#organization\"}}]}\n\t\t<\/script>\n\t\t<!-- All in One SEO Pro -->\r\n\t\t<title>Subvenciones para la normalizaci\u00f3n ling\u00fc\u00edstica en Asturias - El Digital de Asturias<\/title>\n\n","aioseo_head_json":{"title":"Subvenciones para la normalizaci\u00f3n ling\u00fc\u00edstica en Asturias - El Digital de Asturias","description":"La Viceconsejer\u00eda de Cultura, Pol\u00edtica Lling\u00fc\u00edstica y Deporte ha convocado en Asturias dos nuevas l\u00edneas de subvenciones por las que destinar\u00e1 120.000 euros","canonical_url":"https:\/\/www.eldigitaldeasturias.com\/noticias\/subvenciones-para-la-normalizacion-linguistica-en-asturias\/","robots":"max-image-preview:large","keywords":"actualidad asturias","webmasterTools":{"google-site-verification":"UA-38556648-1","msvalidate.01":"7dfe9f3f1b24437ab69f4f2559babe99","miscellaneous":""},"schema":{"@context":"https:\/\/schema.org","@graph":[{"@type":"BlogPosting","@id":"https:\/\/www.eldigitaldeasturias.com\/noticias\/subvenciones-para-la-normalizacion-linguistica-en-asturias\/#blogposting","name":"Subvenciones para la normalizaci\u00f3n ling\u00fc\u00edstica en Asturias - El Digital de Asturias","headline":"Subvenciones para la normalizaci\u00f3n ling\u00fc\u00edstica en Asturias","author":{"@id":"https:\/\/www.eldigitaldeasturias.com\/noticias\/author\/admin\/#author"},"publisher":{"@id":"https:\/\/www.eldigitaldeasturias.com\/noticias\/#organization"},"image":{"@type":"ImageObject","url":"https:\/\/www.eldigitaldeasturias.com\/noticias\/wp-content\/uploads\/2023\/12\/Gobierno-de-Asturias.jpg","width":1007,"height":662,"caption":"Foto: Prensa Gobierno de Asturias"},"datePublished":"2023-12-17T11:52:44+01:00","dateModified":"2023-12-17T11:52:44+01:00","inLanguage":"es-ES","mainEntityOfPage":{"@id":"https:\/\/www.eldigitaldeasturias.com\/noticias\/subvenciones-para-la-normalizacion-linguistica-en-asturias\/#webpage"},"isPartOf":{"@id":"https:\/\/www.eldigitaldeasturias.com\/noticias\/subvenciones-para-la-normalizacion-linguistica-en-asturias\/#webpage"},"articleSection":"Actualidad Asturias"},{"@type":"BreadcrumbList","@id":"https:\/\/www.eldigitaldeasturias.com\/noticias\/subvenciones-para-la-normalizacion-linguistica-en-asturias\/#breadcrumblist","itemListElement":[{"@type":"ListItem","@id":"https:\/\/www.eldigitaldeasturias.com\/noticias#listItem","position":1,"name":"Home","item":"https:\/\/www.eldigitaldeasturias.com\/noticias","nextItem":{"@type":"ListItem","@id":"https:\/\/www.eldigitaldeasturias.com\/noticias\/category\/actualidad-asturias\/#listItem","name":"Actualidad Asturias"}},{"@type":"ListItem","@id":"https:\/\/www.eldigitaldeasturias.com\/noticias\/category\/actualidad-asturias\/#listItem","position":2,"name":"Actualidad Asturias","item":"https:\/\/www.eldigitaldeasturias.com\/noticias\/category\/actualidad-asturias\/","nextItem":{"@type":"ListItem","@id":"https:\/\/www.eldigitaldeasturias.com\/noticias\/subvenciones-para-la-normalizacion-linguistica-en-asturias\/#listItem","name":"Subvenciones para la normalizaci\u00f3n ling\u00fc\u00edstica en Asturias"},"previousItem":{"@type":"ListItem","@id":"https:\/\/www.eldigitaldeasturias.com\/noticias#listItem","name":"Home"}},{"@type":"ListItem","@id":"https:\/\/www.eldigitaldeasturias.com\/noticias\/subvenciones-para-la-normalizacion-linguistica-en-asturias\/#listItem","position":3,"name":"Subvenciones para la normalizaci\u00f3n ling\u00fc\u00edstica en Asturias","previousItem":{"@type":"ListItem","@id":"https:\/\/www.eldigitaldeasturias.com\/noticias\/category\/actualidad-asturias\/#listItem","name":"Actualidad Asturias"}}]},{"@type":"Organization","@id":"https:\/\/www.eldigitaldeasturias.com\/noticias\/#organization","name":"El Digital de Asturias","description":"Hemeroteca","url":"https:\/\/www.eldigitaldeasturias.com\/noticias\/","email":"info@eldigitaldeasturias.com","telephone":"+34652131393","logo":{"@type":"ImageObject","url":"https:\/\/www.eldigitaldeasturias.com\/noticias\/wp-content\/uploads\/2020\/12\/EDA.jpg","@id":"https:\/\/www.eldigitaldeasturias.com\/noticias\/subvenciones-para-la-normalizacion-linguistica-en-asturias\/#organizationLogo","width":649,"height":297},"image":{"@id":"https:\/\/www.eldigitaldeasturias.com\/noticias\/subvenciones-para-la-normalizacion-linguistica-en-asturias\/#organizationLogo"},"sameAs":["https:\/\/facebook.com\/eldigitaldeasturias","https:\/\/www.youtube.com\/channel\/UCZP-2wLEB9Rv6erhFmqVnvg"],"address":{"@id":"https:\/\/www.eldigitaldeasturias.com\/noticias\/#postaladdress","@type":"PostalAddress","streetAddress":"san antonio 4,","postalCode":"33430","addressLocality":"Cand\u00e1s","addressRegion":"Asturias","addressCountry":"ES"}},{"@type":"Person","@id":"https:\/\/www.eldigitaldeasturias.com\/noticias\/author\/admin\/#author","url":"https:\/\/www.eldigitaldeasturias.com\/noticias\/author\/admin\/","name":"El Digital de Asturias","image":{"@type":"ImageObject","@id":"https:\/\/www.eldigitaldeasturias.com\/noticias\/subvenciones-para-la-normalizacion-linguistica-en-asturias\/#authorImage","url":"https:\/\/www.eldigitaldeasturias.com\/noticias\/wp-content\/litespeed\/avatar\/18677e78aa0546b92d9dbf31ec7d7668.jpg?ver=1777290358","width":96,"height":96,"caption":"El Digital de Asturias"}},{"@type":"WebPage","@id":"https:\/\/www.eldigitaldeasturias.com\/noticias\/subvenciones-para-la-normalizacion-linguistica-en-asturias\/#webpage","url":"https:\/\/www.eldigitaldeasturias.com\/noticias\/subvenciones-para-la-normalizacion-linguistica-en-asturias\/","name":"Subvenciones para la normalizaci\u00f3n ling\u00fc\u00edstica en Asturias - El Digital de Asturias","description":"La Viceconsejer\u00eda de Cultura, Pol\u00edtica Lling\u00fc\u00edstica y Deporte ha convocado en Asturias dos nuevas l\u00edneas de subvenciones por las que destinar\u00e1 120.000 euros","inLanguage":"es-ES","isPartOf":{"@id":"https:\/\/www.eldigitaldeasturias.com\/noticias\/#website"},"breadcrumb":{"@id":"https:\/\/www.eldigitaldeasturias.com\/noticias\/subvenciones-para-la-normalizacion-linguistica-en-asturias\/#breadcrumblist"},"author":{"@id":"https:\/\/www.eldigitaldeasturias.com\/noticias\/author\/admin\/#author"},"creator":{"@id":"https:\/\/www.eldigitaldeasturias.com\/noticias\/author\/admin\/#author"},"image":{"@type":"ImageObject","url":"https:\/\/www.eldigitaldeasturias.com\/noticias\/wp-content\/uploads\/2023\/12\/Gobierno-de-Asturias.jpg","@id":"https:\/\/www.eldigitaldeasturias.com\/noticias\/subvenciones-para-la-normalizacion-linguistica-en-asturias\/#mainImage","width":1007,"height":662,"caption":"Foto: Prensa Gobierno de Asturias"},"primaryImageOfPage":{"@id":"https:\/\/www.eldigitaldeasturias.com\/noticias\/subvenciones-para-la-normalizacion-linguistica-en-asturias\/#mainImage"},"datePublished":"2023-12-17T11:52:44+01:00","dateModified":"2023-12-17T11:52:44+01:00"},{"@type":"WebSite","@id":"https:\/\/www.eldigitaldeasturias.com\/noticias\/#website","url":"https:\/\/www.eldigitaldeasturias.com\/noticias\/","name":"El Digital de Asturias - Diario de actualidad y noticias","alternateName":"El Digital de Asturias - Diario de actualidad y noticias","description":"Hemeroteca","inLanguage":"es-ES","publisher":{"@id":"https:\/\/www.eldigitaldeasturias.com\/noticias\/#organization"}}]},"og:locale":"es_ES","og:site_name":"El Digital de Asturias","og:type":"article","og:title":"Subvenciones para la normalizaci\u00f3n ling\u00fc\u00edstica en Asturias - El Digital de Asturias","og:description":"La Viceconsejer\u00eda de Cultura, Pol\u00edtica Lling\u00fc\u00edstica y Deporte ha convocado en Asturias dos nuevas l\u00edneas de subvenciones por las que destinar\u00e1 120.000 euros","og:url":"https:\/\/www.eldigitaldeasturias.com\/noticias\/subvenciones-para-la-normalizacion-linguistica-en-asturias\/","og:image":"https:\/\/www.eldigitaldeasturias.com\/noticias\/wp-content\/uploads\/2023\/12\/Gobierno-de-Asturias.jpg","og:image:secure_url":"https:\/\/www.eldigitaldeasturias.com\/noticias\/wp-content\/uploads\/2023\/12\/Gobierno-de-Asturias.jpg","og:image:width":1007,"og:image:height":662,"article:tag":["actualidad asturias"],"article:published_time":"2023-12-17T10:52:44+00:00","article:modified_time":"2023-12-17T10:52:44+00:00","article:publisher":"https:\/\/facebook.com\/eldigitaldeasturias","twitter:card":"summary_large_image","twitter:title":"Subvenciones para la normalizaci\u00f3n ling\u00fc\u00edstica en Asturias - El Digital de Asturias","twitter:description":"La Viceconsejer\u00eda de Cultura, Pol\u00edtica Lling\u00fc\u00edstica y Deporte ha convocado en Asturias dos nuevas l\u00edneas de subvenciones por las que destinar\u00e1 120.000 euros","twitter:image":"https:\/\/www.eldigitaldeasturias.com\/noticias\/wp-content\/uploads\/2023\/12\/Gobierno-de-Asturias.jpg","twitter:label1":"Escrito por","twitter:data1":"El Digital de Asturias","twitter:label2":"Tiempo de lectura estimado","twitter:data2":"3 minutos"},"aioseo_meta_data":{"post_id":"1127686","title":null,"description":"La Viceconsejer\u00eda de Cultura, Pol\u00edtica Lling\u00fc\u00edstica y Deporte ha convocado en Asturias dos nuevas l\u00edneas de subvenciones por las que destinar\u00e1 120.000 euros","keywords":[],"keyphrases":{"focus":{"keyphrase":"Asturias","score":91,"analysis":{"keyphraseInTitle":{"score":9,"maxScore":9,"error":0},"keyphraseInDescription":{"score":9,"maxScore":9,"error":0},"keyphraseLength":{"score":9,"maxScore":9,"error":0,"length":1},"keyphraseInURL":{"score":5,"maxScore":5,"error":0},"keyphraseInIntroduction":{"score":9,"maxScore":9,"error":0},"keyphraseInSubHeadings":{"score":3,"maxScore":9,"error":1},"keyphraseInImageAlt":{"score":9,"maxScore":9,"error":0},"keywordDensity":{"type":"best","score":9,"maxScore":9,"error":0}}},"additional":[{"keyphrase":"Asturias","score":100,"analysis":{"keyphraseInDescription":{"score":9,"maxScore":9,"error":0},"keyphraseLength":{"score":9,"maxScore":9,"error":0,"length":1},"keyphraseInIntroduction":{"score":9,"maxScore":9,"error":0},"keyphraseInImageAlt":{"score":9,"maxScore":9,"error":0},"keywordDensity":{"type":"best","score":9,"maxScore":9,"error":0}}}]},"primary_term":null,"canonical_url":null,"og_title":null,"og_description":null,"og_object_type":"default","og_image_type":"default","og_image_url":null,"og_image_width":null,"og_image_height":null,"og_image_custom_url":null,"og_image_custom_fields":null,"og_video":"","og_custom_url":null,"og_article_section":null,"og_article_tags":[],"twitter_use_og":false,"twitter_card":"default","twitter_image_type":"default","twitter_image_url":null,"twitter_image_custom_url":null,"twitter_image_custom_fields":null,"twitter_title":null,"twitter_description":null,"schema":{"blockGraphs":[],"customGraphs":[],"default":{"data":{"Article":[],"Course":[],"Dataset":[],"FAQPage":[],"Movie":[],"Person":[],"Product":[],"ProductReview":[],"Car":[],"Recipe":[],"Service":[],"SoftwareApplication":[],"WebPage":[]},"graphName":"BlogPosting","isEnabled":true},"graphs":[]},"schema_type":"default","schema_type_options":null,"pillar_content":false,"robots_default":true,"robots_noindex":false,"robots_noarchive":false,"robots_nosnippet":false,"robots_nofollow":false,"robots_noimageindex":false,"robots_noodp":false,"robots_notranslate":false,"robots_max_snippet":"-1","robots_max_videopreview":"-1","robots_max_imagepreview":"large","priority":null,"frequency":"default","local_seo":null,"seo_analyzer_scan_date":"2025-10-05 23:48:14","breadcrumb_settings":null,"limit_modified_date":false,"open_ai":"{\"title\":{\"suggestions\":[],\"usage\":0},\"description\":{\"suggestions\":[],\"usage\":0}}","ai":null,"created":"2023-12-17 10:46:51","updated":"2025-10-09 05:53:09"},"aioseo_breadcrumb":"<div class=\"aioseo-breadcrumbs\"><span class=\"aioseo-breadcrumb\">\n\t<a href=\"https:\/\/www.eldigitaldeasturias.com\/noticias\" title=\"Home\">Home<\/a>\n<\/span><span class=\"aioseo-breadcrumb-separator\">\u2013<\/span><span class=\"aioseo-breadcrumb\">\n\t<a href=\"https:\/\/www.eldigitaldeasturias.com\/noticias\/category\/actualidad-asturias\/\" title=\"Actualidad Asturias\">Actualidad Asturias<\/a>\n<\/span><span class=\"aioseo-breadcrumb-separator\">\u2013<\/span><span class=\"aioseo-breadcrumb\">\n\t<a href=\"https:\/\/www.eldigitaldeasturias.com\/noticias\/subvenciones-para-la-normalizacion-linguistica-en-asturias\/\" title=\"Subvenciones para la normalizaci\u00f3n ling\u00fc\u00edstica en Asturias\">Subvenciones para la normalizaci\u00f3n ling\u00fc\u00edstica en Asturias<\/a>\n<\/span><\/div>","aioseo_breadcrumb_json":[{"label":"Home","link":"https:\/\/www.eldigitaldeasturias.com\/noticias"},{"label":"Actualidad Asturias","link":"https:\/\/www.eldigitaldeasturias.com\/noticias\/category\/actualidad-asturias\/"},{"label":"Subvenciones para la normalizaci\u00f3n ling\u00fc\u00edstica en Asturias","link":"https:\/\/www.eldigitaldeasturias.com\/noticias\/subvenciones-para-la-normalizacion-linguistica-en-asturias\/"}],"_links":{"self":[{"href":"https:\/\/www.eldigitaldeasturias.com\/noticias\/wp-json\/wp\/v2\/posts\/1127686","targetHints":{"allow":["GET"]}}],"collection":[{"href":"https:\/\/www.eldigitaldeasturias.com\/noticias\/wp-json\/wp\/v2\/posts"}],"about":[{"href":"https:\/\/www.eldigitaldeasturias.com\/noticias\/wp-json\/wp\/v2\/types\/post"}],"author":[{"embeddable":true,"href":"https:\/\/www.eldigitaldeasturias.com\/noticias\/wp-json\/wp\/v2\/users\/1"}],"replies":[{"embeddable":true,"href":"https:\/\/www.eldigitaldeasturias.com\/noticias\/wp-json\/wp\/v2\/comments?post=1127686"}],"version-history":[{"count":0,"href":"https:\/\/www.eldigitaldeasturias.com\/noticias\/wp-json\/wp\/v2\/posts\/1127686\/revisions"}],"wp:featuredmedia":[{"embeddable":true,"href":"https:\/\/www.eldigitaldeasturias.com\/noticias\/wp-json\/wp\/v2\/media\/1127687"}],"wp:attachment":[{"href":"https:\/\/www.eldigitaldeasturias.com\/noticias\/wp-json\/wp\/v2\/media?parent=1127686"}],"wp:term":[{"taxonomy":"category","embeddable":true,"href":"https:\/\/www.eldigitaldeasturias.com\/noticias\/wp-json\/wp\/v2\/categories?post=1127686"},{"taxonomy":"post_tag","embeddable":true,"href":"https:\/\/www.eldigitaldeasturias.com\/noticias\/wp-json\/wp\/v2\/tags?post=1127686"}],"curies":[{"name":"wp","href":"https:\/\/api.w.org\/{rel}","templated":true}]}}