{"id":1127682,"date":"2023-12-17T11:45:25","date_gmt":"2023-12-17T10:45:25","guid":{"rendered":"https:\/\/www.eldigitaldeasturias.com\/noticias\/?p=1127682"},"modified":"2023-12-17T11:45:25","modified_gmt":"2023-12-17T10:45:25","slug":"llamedo-pide-unidad-para-lograr-un-acuerdo-importantisimo-para-asturias","status":"publish","type":"post","link":"https:\/\/www.eldigitaldeasturias.com\/noticias\/llamedo-pide-unidad-para-lograr-un-acuerdo-importantisimo-para-asturias\/","title":{"rendered":"Llamedo pide \u00abunidad\u00bb para lograr un acuerdo \u00abimportant\u00edsimo\u00bb para Asturias"},"content":{"rendered":"<p>Gimena Llamedo ha invitado a los grupos parlamentarios de la oposici\u00f3n a<strong> \u201ctomar nota de la capacidad de di\u00e1logo, voluntad de acuerdo y responsabilidad que est\u00e1n mostrando los sindicatos y la patronal en beneficio de Asturias\u201d<\/strong>, en alusi\u00f3n al debate de presupuestos del <a title=\"Principado de Asturias\" href=\"https:\/\/actualidad.asturias.es\/\" target=\"_blank\" rel=\"noopener\"><span style=\"color: #ff6600;\"><strong>Principado<\/strong><\/span><\/a> para 2024 que abordar\u00e1 la Junta General los pr\u00f3ximos d\u00edas.<\/p>\n<figure id=\"attachment_1127683\" aria-describedby=\"caption-attachment-1127683\" style=\"width: 650px\" class=\"wp-caption aligncenter\"><img loading=\"lazy\" decoding=\"async\" class=\"wp-image-1127683 size-large\" src=\"https:\/\/www.eldigitaldeasturias.com\/noticias\/wp-content\/uploads\/2023\/12\/Llamedo-Gobierno-de-Asturias-650x434.jpg\" alt=\"Llamedo Gobierno de Asturias\" width=\"650\" height=\"434\" srcset=\"https:\/\/www.eldigitaldeasturias.com\/noticias\/wp-content\/uploads\/2023\/12\/Llamedo-Gobierno-de-Asturias-650x434.jpg 650w, https:\/\/www.eldigitaldeasturias.com\/noticias\/wp-content\/uploads\/2023\/12\/Llamedo-Gobierno-de-Asturias-360x240.jpg 360w, https:\/\/www.eldigitaldeasturias.com\/noticias\/wp-content\/uploads\/2023\/12\/Llamedo-Gobierno-de-Asturias-449x300.jpg 449w, https:\/\/www.eldigitaldeasturias.com\/noticias\/wp-content\/uploads\/2023\/12\/Llamedo-Gobierno-de-Asturias-768x513.jpg 768w, https:\/\/www.eldigitaldeasturias.com\/noticias\/wp-content\/uploads\/2023\/12\/Llamedo-Gobierno-de-Asturias-150x100.jpg 150w, https:\/\/www.eldigitaldeasturias.com\/noticias\/wp-content\/uploads\/2023\/12\/Llamedo-Gobierno-de-Asturias-450x301.jpg 450w, https:\/\/www.eldigitaldeasturias.com\/noticias\/wp-content\/uploads\/2023\/12\/Llamedo-Gobierno-de-Asturias.jpg 997w\" sizes=\"auto, (max-width: 650px) 100vw, 650px\" \/><figcaption id=\"caption-attachment-1127683\" class=\"wp-caption-text\">Foto: Prensa Gobierno de Asturias<\/figcaption><\/figure>\n<p>Llamedo ha realizado estas declaraciones al t\u00e9rmino de la primera reuni\u00f3n celebrada para la negociaci\u00f3n de un nuevo acuerdo de concertaci\u00f3n social, que ha estado <strong>presidida por el presidente del Principado de Asturias, Adri\u00e1n Barb\u00f3n.<\/strong><\/p>\n<p>Llamedo ha destacado que \u00e9sta<strong> ser\u00e1 \u201cuna concertaci\u00f3n para toda la legislatura, la primera legislatura de la d\u00e9cada del cambio\u201d<\/strong>, por lo que ser\u00e1 ambiciosa y dise\u00f1ada para afrontar con \u00e9xito los desaf\u00edos de esa transformaci\u00f3n. Por ello, ha asegurado que todos los integrantes de este espacio de di\u00e1logo se han comprometido a \u201ctrabajar de manera intensa en las pr\u00f3ximas semanas con el horizonte de alcanzar<strong> un acuerdo en el plazo de dos meses\u201d. Un acuerdo, ha a\u00f1adido, que \u201ces important\u00edsimo para <a href=\"https:\/\/www.eldigitaldeasturias.com\/noticias\/category\/actualidad-asturias\/\"><span style=\"color: #ff6600;\">Asturias<\/span><\/a>\u201d.<\/strong><\/p>\n<p>A lo largo de las pr\u00f3ximas semanas se definir\u00e1 la metodolog\u00eda de trabajo, adem\u00e1s de los contenidos de las mesas de negociaci\u00f3n, entre las que destacar\u00e1n como temas prioritarios: la transici\u00f3n ecol\u00f3gica; <strong>la llegada del AVE y el aprovechamiento de las oportunidades tur\u00edsticas, industriales y log\u00edsticas que supondr\u00e1; el refuerzo de la estrategia de atracci\u00f3n de nuevas inversiones; la adecuaci\u00f3n de la FP dual a las nuevas exigencias formativas; el avance en las pol\u00edticas de igualdad<\/strong>, incluida la reducci\u00f3n de la brecha salarial; el desarrollo de una ambiciosa pol\u00edtica de vivienda que favorezca la emancipaci\u00f3n de los j\u00f3venes, y la mejora del estado del bienestar, con especial atenci\u00f3n a los retos que conllevar\u00e1 la jubilaci\u00f3n de las generaciones del baby boom, tanto en su dimensi\u00f3n social como en las oportunidades econ\u00f3micas que supondr\u00e1. <strong>El viceconsejero de Industria, Isaac Pola, ser\u00e1 el encargado de coordinar las diferentes mesas de trabajo.<\/strong><\/p>\n<p>En la reuni\u00f3n celebrada han participado tambi\u00e9n los consejeros de Ordenaci\u00f3n de Territorio, Urbanismo, Vivienda y Derechos Ciudadanos, Ovidio Zapico, y de Ciencia, Empresas, Formaci\u00f3n y Empleo, Borja S\u00e1nchez; las consejeras de Transici\u00f3n Ecol\u00f3gica, Industria y Desarrollo Econ\u00f3mico, Nieves Roque\u00f1\u00ed, y de Derechos Sociales y Bienestar, Melania \u00c1lvarez; la presidenta de FADE, Mar\u00eda Calvo; el director general de Fade, Alberto Gonz\u00e1lez, y los secretarios regionales de UGT, Javier Fern\u00e1ndez Lanero, y de CCOO, Jos\u00e9 Manuel Zapico.<\/p>\n","protected":false},"excerpt":{"rendered":"<p>Gimena Llamedo ha invitado a los grupos parlamentarios de la oposici\u00f3n a \u201ctomar nota de la capacidad de di\u00e1logo, voluntad de acuerdo y responsabilidad que est\u00e1n mostrando los sindicatos y la patronal en beneficio de Asturias\u201d, en alusi\u00f3n al debate de presupuestos del Principado para 2024 que abordar\u00e1 la Junta General los pr\u00f3ximos d\u00edas. Llamedo [&hellip;]<\/p>\n","protected":false},"author":1,"featured_media":1127683,"comment_status":"closed","ping_status":"closed","sticky":false,"template":"","format":"standard","meta":{"footnotes":""},"categories":[12],"tags":[],"class_list":["post-1127682","post","type-post","status-publish","format-standard","has-post-thumbnail","hentry","category-actualidad-asturias"],"aioseo_notices":[],"aioseo_head":"\n\t\t<!-- All in One SEO Pro 4.9.6.2 - aioseo.com -->\n\t<meta name=\"description\" content=\"Gimena Llamedo ha invitado a los grupos parlamentarios de la oposici\u00f3n a \u201ctomar nota de la capacidad de di\u00e1logo, voluntad de acuerdo y responsabilidad\" \/>\n\t<meta name=\"robots\" content=\"max-image-preview:large\" \/>\n\t<meta name=\"author\" content=\"El Digital de Asturias\"\/>\n\t<meta name=\"google-site-verification\" content=\"UA-38556648-1\" \/>\n\t<meta name=\"msvalidate.01\" content=\"7dfe9f3f1b24437ab69f4f2559babe99\" \/>\n\t<meta name=\"keywords\" content=\"actualidad asturias\" \/>\n\t<link rel=\"canonical\" href=\"https:\/\/www.eldigitaldeasturias.com\/noticias\/llamedo-pide-unidad-para-lograr-un-acuerdo-importantisimo-para-asturias\/\" \/>\n\t<meta name=\"generator\" content=\"All in One SEO Pro (AIOSEO) 4.9.6.2\" \/>\n\t\t<meta property=\"og:locale\" content=\"es_ES\" \/>\n\t\t<meta property=\"og:site_name\" content=\"El Digital de Asturias\" \/>\n\t\t<meta property=\"og:type\" content=\"article\" \/>\n\t\t<meta property=\"og:title\" content=\"Llamedo pide \u00abunidad\u00bb para lograr un acuerdo \u00abimportant\u00edsimo\u00bb para Asturias - El Digital de Asturias\" \/>\n\t\t<meta property=\"og:description\" content=\"Gimena Llamedo ha invitado a los grupos parlamentarios de la oposici\u00f3n a \u201ctomar nota de la capacidad de di\u00e1logo, voluntad de acuerdo y responsabilidad\" \/>\n\t\t<meta property=\"og:url\" content=\"https:\/\/www.eldigitaldeasturias.com\/noticias\/llamedo-pide-unidad-para-lograr-un-acuerdo-importantisimo-para-asturias\/\" \/>\n\t\t<meta property=\"og:image\" content=\"https:\/\/www.eldigitaldeasturias.com\/noticias\/wp-content\/uploads\/2023\/12\/Llamedo-Gobierno-de-Asturias.jpg\" \/>\n\t\t<meta property=\"og:image:secure_url\" content=\"https:\/\/www.eldigitaldeasturias.com\/noticias\/wp-content\/uploads\/2023\/12\/Llamedo-Gobierno-de-Asturias.jpg\" \/>\n\t\t<meta property=\"og:image:width\" content=\"997\" \/>\n\t\t<meta property=\"og:image:height\" content=\"666\" \/>\n\t\t<meta property=\"article:tag\" content=\"actualidad asturias\" \/>\n\t\t<meta property=\"article:published_time\" content=\"2023-12-17T10:45:25+00:00\" \/>\n\t\t<meta property=\"article:modified_time\" content=\"2023-12-17T10:45:25+00:00\" \/>\n\t\t<meta property=\"article:publisher\" content=\"https:\/\/facebook.com\/eldigitaldeasturias\" \/>\n\t\t<meta name=\"twitter:card\" content=\"summary_large_image\" \/>\n\t\t<meta name=\"twitter:title\" content=\"Llamedo pide \u00abunidad\u00bb para lograr un acuerdo \u00abimportant\u00edsimo\u00bb para Asturias - El Digital de Asturias\" \/>\n\t\t<meta name=\"twitter:description\" content=\"Gimena Llamedo ha invitado a los grupos parlamentarios de la oposici\u00f3n a \u201ctomar nota de la capacidad de di\u00e1logo, voluntad de acuerdo y responsabilidad\" \/>\n\t\t<meta name=\"twitter:image\" content=\"https:\/\/www.eldigitaldeasturias.com\/noticias\/wp-content\/uploads\/2023\/12\/Llamedo-Gobierno-de-Asturias.jpg\" \/>\n\t\t<meta name=\"twitter:label1\" content=\"Escrito por\" \/>\n\t\t<meta name=\"twitter:data1\" content=\"El Digital de Asturias\" \/>\n\t\t<meta name=\"twitter:label2\" content=\"Tiempo de lectura estimado\" \/>\n\t\t<meta name=\"twitter:data2\" content=\"2 minutos\" \/>\n\t\t<script type=\"application\/ld+json\" class=\"aioseo-schema\">\n\t\t\t{\"@context\":\"https:\\\/\\\/schema.org\",\"@graph\":[{\"@type\":\"BlogPosting\",\"@id\":\"https:\\\/\\\/www.eldigitaldeasturias.com\\\/noticias\\\/llamedo-pide-unidad-para-lograr-un-acuerdo-importantisimo-para-asturias\\\/#blogposting\",\"name\":\"Llamedo pide \\u00abunidad\\u00bb para lograr un acuerdo \\u00abimportant\\u00edsimo\\u00bb para Asturias - El Digital de Asturias\",\"headline\":\"Llamedo pide \\u00abunidad\\u00bb para lograr un acuerdo \\u00abimportant\\u00edsimo\\u00bb para Asturias\",\"author\":{\"@id\":\"https:\\\/\\\/www.eldigitaldeasturias.com\\\/noticias\\\/author\\\/admin\\\/#author\"},\"publisher\":{\"@id\":\"https:\\\/\\\/www.eldigitaldeasturias.com\\\/noticias\\\/#organization\"},\"image\":{\"@type\":\"ImageObject\",\"url\":\"https:\\\/\\\/www.eldigitaldeasturias.com\\\/noticias\\\/wp-content\\\/uploads\\\/2023\\\/12\\\/Llamedo-Gobierno-de-Asturias.jpg\",\"width\":997,\"height\":666,\"caption\":\"Foto: Prensa Gobierno de Asturias\"},\"datePublished\":\"2023-12-17T11:45:25+01:00\",\"dateModified\":\"2023-12-17T11:45:25+01:00\",\"inLanguage\":\"es-ES\",\"mainEntityOfPage\":{\"@id\":\"https:\\\/\\\/www.eldigitaldeasturias.com\\\/noticias\\\/llamedo-pide-unidad-para-lograr-un-acuerdo-importantisimo-para-asturias\\\/#webpage\"},\"isPartOf\":{\"@id\":\"https:\\\/\\\/www.eldigitaldeasturias.com\\\/noticias\\\/llamedo-pide-unidad-para-lograr-un-acuerdo-importantisimo-para-asturias\\\/#webpage\"},\"articleSection\":\"Actualidad Asturias\"},{\"@type\":\"BreadcrumbList\",\"@id\":\"https:\\\/\\\/www.eldigitaldeasturias.com\\\/noticias\\\/llamedo-pide-unidad-para-lograr-un-acuerdo-importantisimo-para-asturias\\\/#breadcrumblist\",\"itemListElement\":[{\"@type\":\"ListItem\",\"@id\":\"https:\\\/\\\/www.eldigitaldeasturias.com\\\/noticias#listItem\",\"position\":1,\"name\":\"Home\",\"item\":\"https:\\\/\\\/www.eldigitaldeasturias.com\\\/noticias\",\"nextItem\":{\"@type\":\"ListItem\",\"@id\":\"https:\\\/\\\/www.eldigitaldeasturias.com\\\/noticias\\\/category\\\/actualidad-asturias\\\/#listItem\",\"name\":\"Actualidad Asturias\"}},{\"@type\":\"ListItem\",\"@id\":\"https:\\\/\\\/www.eldigitaldeasturias.com\\\/noticias\\\/category\\\/actualidad-asturias\\\/#listItem\",\"position\":2,\"name\":\"Actualidad Asturias\",\"item\":\"https:\\\/\\\/www.eldigitaldeasturias.com\\\/noticias\\\/category\\\/actualidad-asturias\\\/\",\"nextItem\":{\"@type\":\"ListItem\",\"@id\":\"https:\\\/\\\/www.eldigitaldeasturias.com\\\/noticias\\\/llamedo-pide-unidad-para-lograr-un-acuerdo-importantisimo-para-asturias\\\/#listItem\",\"name\":\"Llamedo pide \\u00abunidad\\u00bb para lograr un acuerdo \\u00abimportant\\u00edsimo\\u00bb para Asturias\"},\"previousItem\":{\"@type\":\"ListItem\",\"@id\":\"https:\\\/\\\/www.eldigitaldeasturias.com\\\/noticias#listItem\",\"name\":\"Home\"}},{\"@type\":\"ListItem\",\"@id\":\"https:\\\/\\\/www.eldigitaldeasturias.com\\\/noticias\\\/llamedo-pide-unidad-para-lograr-un-acuerdo-importantisimo-para-asturias\\\/#listItem\",\"position\":3,\"name\":\"Llamedo pide \\u00abunidad\\u00bb para lograr un acuerdo \\u00abimportant\\u00edsimo\\u00bb para Asturias\",\"previousItem\":{\"@type\":\"ListItem\",\"@id\":\"https:\\\/\\\/www.eldigitaldeasturias.com\\\/noticias\\\/category\\\/actualidad-asturias\\\/#listItem\",\"name\":\"Actualidad Asturias\"}}]},{\"@type\":\"Organization\",\"@id\":\"https:\\\/\\\/www.eldigitaldeasturias.com\\\/noticias\\\/#organization\",\"name\":\"El Digital de Asturias\",\"description\":\"Hemeroteca\",\"url\":\"https:\\\/\\\/www.eldigitaldeasturias.com\\\/noticias\\\/\",\"email\":\"info@eldigitaldeasturias.com\",\"telephone\":\"+34652131393\",\"logo\":{\"@type\":\"ImageObject\",\"url\":\"https:\\\/\\\/www.eldigitaldeasturias.com\\\/noticias\\\/wp-content\\\/uploads\\\/2020\\\/12\\\/EDA.jpg\",\"@id\":\"https:\\\/\\\/www.eldigitaldeasturias.com\\\/noticias\\\/llamedo-pide-unidad-para-lograr-un-acuerdo-importantisimo-para-asturias\\\/#organizationLogo\",\"width\":649,\"height\":297},\"image\":{\"@id\":\"https:\\\/\\\/www.eldigitaldeasturias.com\\\/noticias\\\/llamedo-pide-unidad-para-lograr-un-acuerdo-importantisimo-para-asturias\\\/#organizationLogo\"},\"sameAs\":[\"https:\\\/\\\/facebook.com\\\/eldigitaldeasturias\",\"https:\\\/\\\/www.youtube.com\\\/channel\\\/UCZP-2wLEB9Rv6erhFmqVnvg\"],\"address\":{\"@id\":\"https:\\\/\\\/www.eldigitaldeasturias.com\\\/noticias\\\/#postaladdress\",\"@type\":\"PostalAddress\",\"streetAddress\":\"san antonio 4,\",\"postalCode\":\"33430\",\"addressLocality\":\"Cand\\u00e1s\",\"addressRegion\":\"Asturias\",\"addressCountry\":\"ES\"}},{\"@type\":\"Person\",\"@id\":\"https:\\\/\\\/www.eldigitaldeasturias.com\\\/noticias\\\/author\\\/admin\\\/#author\",\"url\":\"https:\\\/\\\/www.eldigitaldeasturias.com\\\/noticias\\\/author\\\/admin\\\/\",\"name\":\"El Digital de Asturias\",\"image\":{\"@type\":\"ImageObject\",\"@id\":\"https:\\\/\\\/www.eldigitaldeasturias.com\\\/noticias\\\/llamedo-pide-unidad-para-lograr-un-acuerdo-importantisimo-para-asturias\\\/#authorImage\",\"url\":\"https:\\\/\\\/www.eldigitaldeasturias.com\\\/noticias\\\/wp-content\\\/litespeed\\\/avatar\\\/18677e78aa0546b92d9dbf31ec7d7668.jpg?ver=1777290358\",\"width\":96,\"height\":96,\"caption\":\"El Digital de Asturias\"}},{\"@type\":\"WebPage\",\"@id\":\"https:\\\/\\\/www.eldigitaldeasturias.com\\\/noticias\\\/llamedo-pide-unidad-para-lograr-un-acuerdo-importantisimo-para-asturias\\\/#webpage\",\"url\":\"https:\\\/\\\/www.eldigitaldeasturias.com\\\/noticias\\\/llamedo-pide-unidad-para-lograr-un-acuerdo-importantisimo-para-asturias\\\/\",\"name\":\"Llamedo pide \\u00abunidad\\u00bb para lograr un acuerdo \\u00abimportant\\u00edsimo\\u00bb para Asturias - El Digital de Asturias\",\"description\":\"Gimena Llamedo ha invitado a los grupos parlamentarios de la oposici\\u00f3n a \\u201ctomar nota de la capacidad de di\\u00e1logo, voluntad de acuerdo y responsabilidad\",\"inLanguage\":\"es-ES\",\"isPartOf\":{\"@id\":\"https:\\\/\\\/www.eldigitaldeasturias.com\\\/noticias\\\/#website\"},\"breadcrumb\":{\"@id\":\"https:\\\/\\\/www.eldigitaldeasturias.com\\\/noticias\\\/llamedo-pide-unidad-para-lograr-un-acuerdo-importantisimo-para-asturias\\\/#breadcrumblist\"},\"author\":{\"@id\":\"https:\\\/\\\/www.eldigitaldeasturias.com\\\/noticias\\\/author\\\/admin\\\/#author\"},\"creator\":{\"@id\":\"https:\\\/\\\/www.eldigitaldeasturias.com\\\/noticias\\\/author\\\/admin\\\/#author\"},\"image\":{\"@type\":\"ImageObject\",\"url\":\"https:\\\/\\\/www.eldigitaldeasturias.com\\\/noticias\\\/wp-content\\\/uploads\\\/2023\\\/12\\\/Llamedo-Gobierno-de-Asturias.jpg\",\"@id\":\"https:\\\/\\\/www.eldigitaldeasturias.com\\\/noticias\\\/llamedo-pide-unidad-para-lograr-un-acuerdo-importantisimo-para-asturias\\\/#mainImage\",\"width\":997,\"height\":666,\"caption\":\"Foto: Prensa Gobierno de Asturias\"},\"primaryImageOfPage\":{\"@id\":\"https:\\\/\\\/www.eldigitaldeasturias.com\\\/noticias\\\/llamedo-pide-unidad-para-lograr-un-acuerdo-importantisimo-para-asturias\\\/#mainImage\"},\"datePublished\":\"2023-12-17T11:45:25+01:00\",\"dateModified\":\"2023-12-17T11:45:25+01:00\"},{\"@type\":\"WebSite\",\"@id\":\"https:\\\/\\\/www.eldigitaldeasturias.com\\\/noticias\\\/#website\",\"url\":\"https:\\\/\\\/www.eldigitaldeasturias.com\\\/noticias\\\/\",\"name\":\"El Digital de Asturias - Diario de actualidad y noticias\",\"alternateName\":\"El Digital de Asturias - Diario de actualidad y noticias\",\"description\":\"Hemeroteca\",\"inLanguage\":\"es-ES\",\"publisher\":{\"@id\":\"https:\\\/\\\/www.eldigitaldeasturias.com\\\/noticias\\\/#organization\"}}]}\n\t\t<\/script>\n\t\t<!-- All in One SEO Pro -->\r\n\t\t<title>Llamedo pide \u00abunidad\u00bb para lograr un acuerdo \u00abimportant\u00edsimo\u00bb para Asturias - El Digital de Asturias<\/title>\n\n","aioseo_head_json":{"title":"Llamedo pide \u00abunidad\u00bb para lograr un acuerdo \u00abimportant\u00edsimo\u00bb para Asturias - El Digital de Asturias","description":"Gimena Llamedo ha invitado a los grupos parlamentarios de la oposici\u00f3n a \u201ctomar nota de la capacidad de di\u00e1logo, voluntad de acuerdo y responsabilidad","canonical_url":"https:\/\/www.eldigitaldeasturias.com\/noticias\/llamedo-pide-unidad-para-lograr-un-acuerdo-importantisimo-para-asturias\/","robots":"max-image-preview:large","keywords":"actualidad asturias","webmasterTools":{"google-site-verification":"UA-38556648-1","msvalidate.01":"7dfe9f3f1b24437ab69f4f2559babe99","miscellaneous":""},"schema":{"@context":"https:\/\/schema.org","@graph":[{"@type":"BlogPosting","@id":"https:\/\/www.eldigitaldeasturias.com\/noticias\/llamedo-pide-unidad-para-lograr-un-acuerdo-importantisimo-para-asturias\/#blogposting","name":"Llamedo pide \u00abunidad\u00bb para lograr un acuerdo \u00abimportant\u00edsimo\u00bb para Asturias - El Digital de Asturias","headline":"Llamedo pide \u00abunidad\u00bb para lograr un acuerdo \u00abimportant\u00edsimo\u00bb para Asturias","author":{"@id":"https:\/\/www.eldigitaldeasturias.com\/noticias\/author\/admin\/#author"},"publisher":{"@id":"https:\/\/www.eldigitaldeasturias.com\/noticias\/#organization"},"image":{"@type":"ImageObject","url":"https:\/\/www.eldigitaldeasturias.com\/noticias\/wp-content\/uploads\/2023\/12\/Llamedo-Gobierno-de-Asturias.jpg","width":997,"height":666,"caption":"Foto: Prensa Gobierno de Asturias"},"datePublished":"2023-12-17T11:45:25+01:00","dateModified":"2023-12-17T11:45:25+01:00","inLanguage":"es-ES","mainEntityOfPage":{"@id":"https:\/\/www.eldigitaldeasturias.com\/noticias\/llamedo-pide-unidad-para-lograr-un-acuerdo-importantisimo-para-asturias\/#webpage"},"isPartOf":{"@id":"https:\/\/www.eldigitaldeasturias.com\/noticias\/llamedo-pide-unidad-para-lograr-un-acuerdo-importantisimo-para-asturias\/#webpage"},"articleSection":"Actualidad Asturias"},{"@type":"BreadcrumbList","@id":"https:\/\/www.eldigitaldeasturias.com\/noticias\/llamedo-pide-unidad-para-lograr-un-acuerdo-importantisimo-para-asturias\/#breadcrumblist","itemListElement":[{"@type":"ListItem","@id":"https:\/\/www.eldigitaldeasturias.com\/noticias#listItem","position":1,"name":"Home","item":"https:\/\/www.eldigitaldeasturias.com\/noticias","nextItem":{"@type":"ListItem","@id":"https:\/\/www.eldigitaldeasturias.com\/noticias\/category\/actualidad-asturias\/#listItem","name":"Actualidad Asturias"}},{"@type":"ListItem","@id":"https:\/\/www.eldigitaldeasturias.com\/noticias\/category\/actualidad-asturias\/#listItem","position":2,"name":"Actualidad Asturias","item":"https:\/\/www.eldigitaldeasturias.com\/noticias\/category\/actualidad-asturias\/","nextItem":{"@type":"ListItem","@id":"https:\/\/www.eldigitaldeasturias.com\/noticias\/llamedo-pide-unidad-para-lograr-un-acuerdo-importantisimo-para-asturias\/#listItem","name":"Llamedo pide \u00abunidad\u00bb para lograr un acuerdo \u00abimportant\u00edsimo\u00bb para Asturias"},"previousItem":{"@type":"ListItem","@id":"https:\/\/www.eldigitaldeasturias.com\/noticias#listItem","name":"Home"}},{"@type":"ListItem","@id":"https:\/\/www.eldigitaldeasturias.com\/noticias\/llamedo-pide-unidad-para-lograr-un-acuerdo-importantisimo-para-asturias\/#listItem","position":3,"name":"Llamedo pide \u00abunidad\u00bb para lograr un acuerdo \u00abimportant\u00edsimo\u00bb para Asturias","previousItem":{"@type":"ListItem","@id":"https:\/\/www.eldigitaldeasturias.com\/noticias\/category\/actualidad-asturias\/#listItem","name":"Actualidad Asturias"}}]},{"@type":"Organization","@id":"https:\/\/www.eldigitaldeasturias.com\/noticias\/#organization","name":"El Digital de Asturias","description":"Hemeroteca","url":"https:\/\/www.eldigitaldeasturias.com\/noticias\/","email":"info@eldigitaldeasturias.com","telephone":"+34652131393","logo":{"@type":"ImageObject","url":"https:\/\/www.eldigitaldeasturias.com\/noticias\/wp-content\/uploads\/2020\/12\/EDA.jpg","@id":"https:\/\/www.eldigitaldeasturias.com\/noticias\/llamedo-pide-unidad-para-lograr-un-acuerdo-importantisimo-para-asturias\/#organizationLogo","width":649,"height":297},"image":{"@id":"https:\/\/www.eldigitaldeasturias.com\/noticias\/llamedo-pide-unidad-para-lograr-un-acuerdo-importantisimo-para-asturias\/#organizationLogo"},"sameAs":["https:\/\/facebook.com\/eldigitaldeasturias","https:\/\/www.youtube.com\/channel\/UCZP-2wLEB9Rv6erhFmqVnvg"],"address":{"@id":"https:\/\/www.eldigitaldeasturias.com\/noticias\/#postaladdress","@type":"PostalAddress","streetAddress":"san antonio 4,","postalCode":"33430","addressLocality":"Cand\u00e1s","addressRegion":"Asturias","addressCountry":"ES"}},{"@type":"Person","@id":"https:\/\/www.eldigitaldeasturias.com\/noticias\/author\/admin\/#author","url":"https:\/\/www.eldigitaldeasturias.com\/noticias\/author\/admin\/","name":"El Digital de Asturias","image":{"@type":"ImageObject","@id":"https:\/\/www.eldigitaldeasturias.com\/noticias\/llamedo-pide-unidad-para-lograr-un-acuerdo-importantisimo-para-asturias\/#authorImage","url":"https:\/\/www.eldigitaldeasturias.com\/noticias\/wp-content\/litespeed\/avatar\/18677e78aa0546b92d9dbf31ec7d7668.jpg?ver=1777290358","width":96,"height":96,"caption":"El Digital de Asturias"}},{"@type":"WebPage","@id":"https:\/\/www.eldigitaldeasturias.com\/noticias\/llamedo-pide-unidad-para-lograr-un-acuerdo-importantisimo-para-asturias\/#webpage","url":"https:\/\/www.eldigitaldeasturias.com\/noticias\/llamedo-pide-unidad-para-lograr-un-acuerdo-importantisimo-para-asturias\/","name":"Llamedo pide \u00abunidad\u00bb para lograr un acuerdo \u00abimportant\u00edsimo\u00bb para Asturias - El Digital de Asturias","description":"Gimena Llamedo ha invitado a los grupos parlamentarios de la oposici\u00f3n a \u201ctomar nota de la capacidad de di\u00e1logo, voluntad de acuerdo y responsabilidad","inLanguage":"es-ES","isPartOf":{"@id":"https:\/\/www.eldigitaldeasturias.com\/noticias\/#website"},"breadcrumb":{"@id":"https:\/\/www.eldigitaldeasturias.com\/noticias\/llamedo-pide-unidad-para-lograr-un-acuerdo-importantisimo-para-asturias\/#breadcrumblist"},"author":{"@id":"https:\/\/www.eldigitaldeasturias.com\/noticias\/author\/admin\/#author"},"creator":{"@id":"https:\/\/www.eldigitaldeasturias.com\/noticias\/author\/admin\/#author"},"image":{"@type":"ImageObject","url":"https:\/\/www.eldigitaldeasturias.com\/noticias\/wp-content\/uploads\/2023\/12\/Llamedo-Gobierno-de-Asturias.jpg","@id":"https:\/\/www.eldigitaldeasturias.com\/noticias\/llamedo-pide-unidad-para-lograr-un-acuerdo-importantisimo-para-asturias\/#mainImage","width":997,"height":666,"caption":"Foto: Prensa Gobierno de Asturias"},"primaryImageOfPage":{"@id":"https:\/\/www.eldigitaldeasturias.com\/noticias\/llamedo-pide-unidad-para-lograr-un-acuerdo-importantisimo-para-asturias\/#mainImage"},"datePublished":"2023-12-17T11:45:25+01:00","dateModified":"2023-12-17T11:45:25+01:00"},{"@type":"WebSite","@id":"https:\/\/www.eldigitaldeasturias.com\/noticias\/#website","url":"https:\/\/www.eldigitaldeasturias.com\/noticias\/","name":"El Digital de Asturias - Diario de actualidad y noticias","alternateName":"El Digital de Asturias - Diario de actualidad y noticias","description":"Hemeroteca","inLanguage":"es-ES","publisher":{"@id":"https:\/\/www.eldigitaldeasturias.com\/noticias\/#organization"}}]},"og:locale":"es_ES","og:site_name":"El Digital de Asturias","og:type":"article","og:title":"Llamedo pide \u00abunidad\u00bb para lograr un acuerdo \u00abimportant\u00edsimo\u00bb para Asturias - El Digital de Asturias","og:description":"Gimena Llamedo ha invitado a los grupos parlamentarios de la oposici\u00f3n a \u201ctomar nota de la capacidad de di\u00e1logo, voluntad de acuerdo y responsabilidad","og:url":"https:\/\/www.eldigitaldeasturias.com\/noticias\/llamedo-pide-unidad-para-lograr-un-acuerdo-importantisimo-para-asturias\/","og:image":"https:\/\/www.eldigitaldeasturias.com\/noticias\/wp-content\/uploads\/2023\/12\/Llamedo-Gobierno-de-Asturias.jpg","og:image:secure_url":"https:\/\/www.eldigitaldeasturias.com\/noticias\/wp-content\/uploads\/2023\/12\/Llamedo-Gobierno-de-Asturias.jpg","og:image:width":997,"og:image:height":666,"article:tag":["actualidad asturias"],"article:published_time":"2023-12-17T10:45:25+00:00","article:modified_time":"2023-12-17T10:45:25+00:00","article:publisher":"https:\/\/facebook.com\/eldigitaldeasturias","twitter:card":"summary_large_image","twitter:title":"Llamedo pide \u00abunidad\u00bb para lograr un acuerdo \u00abimportant\u00edsimo\u00bb para Asturias - El Digital de Asturias","twitter:description":"Gimena Llamedo ha invitado a los grupos parlamentarios de la oposici\u00f3n a \u201ctomar nota de la capacidad de di\u00e1logo, voluntad de acuerdo y responsabilidad","twitter:image":"https:\/\/www.eldigitaldeasturias.com\/noticias\/wp-content\/uploads\/2023\/12\/Llamedo-Gobierno-de-Asturias.jpg","twitter:label1":"Escrito por","twitter:data1":"El Digital de Asturias","twitter:label2":"Tiempo de lectura estimado","twitter:data2":"2 minutos"},"aioseo_meta_data":{"post_id":"1127682","title":null,"description":"Gimena Llamedo ha invitado a los grupos parlamentarios de la oposici\u00f3n a \u201ctomar nota de la capacidad de di\u00e1logo, voluntad de acuerdo y responsabilidad","keywords":[],"keyphrases":{"focus":{"keyphrase":"Llamedo","score":93,"analysis":{"keyphraseInTitle":{"score":9,"maxScore":9,"error":0},"keyphraseInDescription":{"score":9,"maxScore":9,"error":0},"keyphraseLength":{"score":9,"maxScore":9,"error":0,"length":1},"keyphraseInURL":{"score":1,"maxScore":5,"error":1},"keyphraseInIntroduction":{"score":9,"maxScore":9,"error":0},"keyphraseInSubHeadings":[],"keyphraseInImageAlt":{"score":9,"maxScore":9,"error":0},"keywordDensity":{"type":"best","score":9,"maxScore":9,"error":0}}},"additional":[{"keyphrase":"Llamedo","score":100,"analysis":{"keyphraseInDescription":{"score":9,"maxScore":9,"error":0},"keyphraseLength":{"score":9,"maxScore":9,"error":0,"length":1},"keyphraseInIntroduction":{"score":9,"maxScore":9,"error":0},"keyphraseInImageAlt":{"score":9,"maxScore":9,"error":0},"keywordDensity":{"type":"best","score":9,"maxScore":9,"error":0}}}]},"primary_term":null,"canonical_url":null,"og_title":null,"og_description":null,"og_object_type":"default","og_image_type":"default","og_image_url":null,"og_image_width":null,"og_image_height":null,"og_image_custom_url":null,"og_image_custom_fields":null,"og_video":"","og_custom_url":null,"og_article_section":null,"og_article_tags":[],"twitter_use_og":false,"twitter_card":"default","twitter_image_type":"default","twitter_image_url":null,"twitter_image_custom_url":null,"twitter_image_custom_fields":null,"twitter_title":null,"twitter_description":null,"schema":{"blockGraphs":[],"customGraphs":[],"default":{"data":{"Article":[],"Course":[],"Dataset":[],"FAQPage":[],"Movie":[],"Person":[],"Product":[],"ProductReview":[],"Car":[],"Recipe":[],"Service":[],"SoftwareApplication":[],"WebPage":[]},"graphName":"BlogPosting","isEnabled":true},"graphs":[]},"schema_type":"default","schema_type_options":null,"pillar_content":false,"robots_default":true,"robots_noindex":false,"robots_noarchive":false,"robots_nosnippet":false,"robots_nofollow":false,"robots_noimageindex":false,"robots_noodp":false,"robots_notranslate":false,"robots_max_snippet":"-1","robots_max_videopreview":"-1","robots_max_imagepreview":"large","priority":null,"frequency":"default","local_seo":null,"seo_analyzer_scan_date":"2025-10-05 23:47:58","breadcrumb_settings":null,"limit_modified_date":false,"open_ai":"{\"title\":{\"suggestions\":[],\"usage\":0},\"description\":{\"suggestions\":[],\"usage\":0}}","ai":null,"created":"2023-12-17 10:37:54","updated":"2025-10-09 05:49:27"},"aioseo_breadcrumb":"<div class=\"aioseo-breadcrumbs\"><span class=\"aioseo-breadcrumb\">\n\t<a href=\"https:\/\/www.eldigitaldeasturias.com\/noticias\" title=\"Home\">Home<\/a>\n<\/span><span class=\"aioseo-breadcrumb-separator\">\u2013<\/span><span class=\"aioseo-breadcrumb\">\n\t<a href=\"https:\/\/www.eldigitaldeasturias.com\/noticias\/category\/actualidad-asturias\/\" title=\"Actualidad Asturias\">Actualidad Asturias<\/a>\n<\/span><span class=\"aioseo-breadcrumb-separator\">\u2013<\/span><span class=\"aioseo-breadcrumb\">\n\t<a href=\"https:\/\/www.eldigitaldeasturias.com\/noticias\/llamedo-pide-unidad-para-lograr-un-acuerdo-importantisimo-para-asturias\/\" title=\"Llamedo pide \u00abunidad\u00bb para lograr un acuerdo \u00abimportant\u00edsimo\u00bb para Asturias\">Llamedo pide \u00abunidad\u00bb para lograr un acuerdo \u00abimportant\u00edsimo\u00bb para Asturias<\/a>\n<\/span><\/div>","aioseo_breadcrumb_json":[{"label":"Home","link":"https:\/\/www.eldigitaldeasturias.com\/noticias"},{"label":"Actualidad Asturias","link":"https:\/\/www.eldigitaldeasturias.com\/noticias\/category\/actualidad-asturias\/"},{"label":"Llamedo pide \u00abunidad\u00bb para lograr un acuerdo \u00abimportant\u00edsimo\u00bb para Asturias","link":"https:\/\/www.eldigitaldeasturias.com\/noticias\/llamedo-pide-unidad-para-lograr-un-acuerdo-importantisimo-para-asturias\/"}],"_links":{"self":[{"href":"https:\/\/www.eldigitaldeasturias.com\/noticias\/wp-json\/wp\/v2\/posts\/1127682","targetHints":{"allow":["GET"]}}],"collection":[{"href":"https:\/\/www.eldigitaldeasturias.com\/noticias\/wp-json\/wp\/v2\/posts"}],"about":[{"href":"https:\/\/www.eldigitaldeasturias.com\/noticias\/wp-json\/wp\/v2\/types\/post"}],"author":[{"embeddable":true,"href":"https:\/\/www.eldigitaldeasturias.com\/noticias\/wp-json\/wp\/v2\/users\/1"}],"replies":[{"embeddable":true,"href":"https:\/\/www.eldigitaldeasturias.com\/noticias\/wp-json\/wp\/v2\/comments?post=1127682"}],"version-history":[{"count":0,"href":"https:\/\/www.eldigitaldeasturias.com\/noticias\/wp-json\/wp\/v2\/posts\/1127682\/revisions"}],"wp:featuredmedia":[{"embeddable":true,"href":"https:\/\/www.eldigitaldeasturias.com\/noticias\/wp-json\/wp\/v2\/media\/1127683"}],"wp:attachment":[{"href":"https:\/\/www.eldigitaldeasturias.com\/noticias\/wp-json\/wp\/v2\/media?parent=1127682"}],"wp:term":[{"taxonomy":"category","embeddable":true,"href":"https:\/\/www.eldigitaldeasturias.com\/noticias\/wp-json\/wp\/v2\/categories?post=1127682"},{"taxonomy":"post_tag","embeddable":true,"href":"https:\/\/www.eldigitaldeasturias.com\/noticias\/wp-json\/wp\/v2\/tags?post=1127682"}],"curies":[{"name":"wp","href":"https:\/\/api.w.org\/{rel}","templated":true}]}}