{"id":1127668,"date":"2023-12-16T11:19:04","date_gmt":"2023-12-16T10:19:04","guid":{"rendered":"https:\/\/www.eldigitaldeasturias.com\/noticias\/?p=1127668"},"modified":"2023-12-16T11:19:04","modified_gmt":"2023-12-16T10:19:04","slug":"recuperacion-de-rutas-y-fomento-del-ecoturismo-en-onis","status":"publish","type":"post","link":"https:\/\/www.eldigitaldeasturias.com\/noticias\/recuperacion-de-rutas-y-fomento-del-ecoturismo-en-onis\/","title":{"rendered":"Recuperaci\u00f3n de rutas y fomento del ecoturismo en On\u00eds"},"content":{"rendered":"<p>El Gobierno del <span style=\"color: #ff6600;\"><a style=\"color: #ff6600;\" title=\"Principado de Asturias\" href=\"https:\/\/actualidad.asturias.es\/\" target=\"_blank\" rel=\"noopener\"><strong>Principado de Asturias<\/strong><\/a><\/span> ha apoyado con 90.000 euros la recuperaci\u00f3n de rutas y el fomento del <a href=\"https:\/\/www.eldigitaldeasturias.com\/noticias\/category\/turismo\/\"><span style=\"color: #ff6600;\"><strong>ecoturismo<\/strong> <\/span><\/a>en On\u00eds; en concreto, en el territorio que el concejo aporta a la Reserva de la Biosfera de Picos de Europa.<strong> Los trabajos los ha ejecutado el ayuntamiento y se han financiado con fondos europeos Next Generation.<\/strong><\/p>\n<figure id=\"attachment_1127669\" aria-describedby=\"caption-attachment-1127669\" style=\"width: 650px\" class=\"wp-caption aligncenter\"><img loading=\"lazy\" decoding=\"async\" class=\"wp-image-1127669 size-large\" src=\"https:\/\/www.eldigitaldeasturias.com\/noticias\/wp-content\/uploads\/2023\/12\/Onis-650x414.jpg\" alt=\"On\u00eds\" width=\"650\" height=\"414\" srcset=\"https:\/\/www.eldigitaldeasturias.com\/noticias\/wp-content\/uploads\/2023\/12\/Onis-650x414.jpg 650w, https:\/\/www.eldigitaldeasturias.com\/noticias\/wp-content\/uploads\/2023\/12\/Onis-360x229.jpg 360w, https:\/\/www.eldigitaldeasturias.com\/noticias\/wp-content\/uploads\/2023\/12\/Onis-472x300.jpg 472w, https:\/\/www.eldigitaldeasturias.com\/noticias\/wp-content\/uploads\/2023\/12\/Onis-150x95.jpg 150w, https:\/\/www.eldigitaldeasturias.com\/noticias\/wp-content\/uploads\/2023\/12\/Onis-450x286.jpg 450w, https:\/\/www.eldigitaldeasturias.com\/noticias\/wp-content\/uploads\/2023\/12\/Onis.jpg 690w\" sizes=\"auto, (max-width: 650px) 100vw, 650px\" \/><figcaption id=\"caption-attachment-1127669\" class=\"wp-caption-text\">Foto: Prensa Gobierno de Asturias<\/figcaption><\/figure>\n<p>Con estos recursos se ha acondicionado y mejorado la accesibilidad del camino que une la Vega de las Mantegas con la Majada de Belb\u00edn, un eje ganadero que tambi\u00e9n es puerta de entrada al espacio protegido para numerosos visitantes. Asimismo, los fondos europeos han permitido contratar personal t\u00e9cnico que dise\u00f1e acciones de <strong>impulso al ecoturismo, recogidas en el Plan de Sostenibilidad Tur\u00edstica de On\u00eds.<\/strong><\/p>\n<p>El Gobierno de Asturias lanz\u00f3 una convocatoria de ayudas para los ayuntamientos que aporten territorio a alguna de las siete reservas de la biosfera con las que cuenta la comunidad. <strong>La convocatoria, dotada con 2,4 millones, se enmarca en el desarrollo de los fondos Next Generation y persigue favorecer el desarrollo sostenible, el empleo verde y el emprendimiento vinculado a nuevas actividades respetuosas con el medio ambiente.<\/strong><\/p>\n<p>El objetivo \u00faltimo es un nuevo modelo de relaci\u00f3n entre el ser humano y la naturaleza que compatibilice la conservaci\u00f3n de la diversidad biol\u00f3gica y cultural con el desarrollo econ\u00f3mico y social. El Gobierno del Principado continuar\u00e1 aplicando este programa, cuya inversi\u00f3n total rondar\u00e1 los 4,8 millones.<\/p>\n","protected":false},"excerpt":{"rendered":"<p>El Gobierno del Principado de Asturias ha apoyado con 90.000 euros la recuperaci\u00f3n de rutas y el fomento del ecoturismo en On\u00eds; en concreto, en el territorio que el concejo aporta a la Reserva de la Biosfera de Picos de Europa. Los trabajos los ha ejecutado el ayuntamiento y se han financiado con fondos europeos [&hellip;]<\/p>\n","protected":false},"author":1,"featured_media":1127669,"comment_status":"closed","ping_status":"closed","sticky":false,"template":"","format":"standard","meta":{"footnotes":""},"categories":[12],"tags":[],"class_list":["post-1127668","post","type-post","status-publish","format-standard","has-post-thumbnail","hentry","category-actualidad-asturias"],"aioseo_notices":[],"aioseo_head":"\n\t\t<!-- All in One SEO Pro 4.9.6.2 - aioseo.com -->\n\t<meta name=\"description\" content=\"El Gobierno del Principado de Asturias ha apoyado con 90.000 euros la recuperaci\u00f3n de rutas y el fomento del ecoturismo en On\u00eds; en concreto, en el territorio\" \/>\n\t<meta name=\"robots\" content=\"max-image-preview:large\" \/>\n\t<meta name=\"author\" content=\"El Digital de Asturias\"\/>\n\t<meta name=\"google-site-verification\" content=\"UA-38556648-1\" \/>\n\t<meta name=\"msvalidate.01\" content=\"7dfe9f3f1b24437ab69f4f2559babe99\" \/>\n\t<meta name=\"keywords\" content=\"actualidad asturias\" \/>\n\t<link rel=\"canonical\" href=\"https:\/\/www.eldigitaldeasturias.com\/noticias\/recuperacion-de-rutas-y-fomento-del-ecoturismo-en-onis\/\" \/>\n\t<meta name=\"generator\" content=\"All in One SEO Pro (AIOSEO) 4.9.6.2\" \/>\n\t\t<meta property=\"og:locale\" content=\"es_ES\" \/>\n\t\t<meta property=\"og:site_name\" content=\"El Digital de Asturias\" \/>\n\t\t<meta property=\"og:type\" content=\"article\" \/>\n\t\t<meta property=\"og:title\" content=\"Recuperaci\u00f3n de rutas y fomento del ecoturismo en On\u00eds - El Digital de Asturias\" \/>\n\t\t<meta property=\"og:description\" content=\"El Gobierno del Principado de Asturias ha apoyado con 90.000 euros la recuperaci\u00f3n de rutas y el fomento del ecoturismo en On\u00eds; en concreto, en el territorio\" \/>\n\t\t<meta property=\"og:url\" content=\"https:\/\/www.eldigitaldeasturias.com\/noticias\/recuperacion-de-rutas-y-fomento-del-ecoturismo-en-onis\/\" \/>\n\t\t<meta property=\"og:image\" content=\"https:\/\/www.eldigitaldeasturias.com\/noticias\/wp-content\/uploads\/2023\/12\/Onis.jpg\" \/>\n\t\t<meta property=\"og:image:secure_url\" content=\"https:\/\/www.eldigitaldeasturias.com\/noticias\/wp-content\/uploads\/2023\/12\/Onis.jpg\" \/>\n\t\t<meta property=\"og:image:width\" content=\"690\" \/>\n\t\t<meta property=\"og:image:height\" content=\"439\" \/>\n\t\t<meta property=\"article:tag\" content=\"actualidad asturias\" \/>\n\t\t<meta property=\"article:published_time\" content=\"2023-12-16T10:19:04+00:00\" \/>\n\t\t<meta property=\"article:modified_time\" content=\"2023-12-16T10:19:04+00:00\" \/>\n\t\t<meta property=\"article:publisher\" content=\"https:\/\/facebook.com\/eldigitaldeasturias\" \/>\n\t\t<meta name=\"twitter:card\" content=\"summary_large_image\" \/>\n\t\t<meta name=\"twitter:title\" content=\"Recuperaci\u00f3n de rutas y fomento del ecoturismo en On\u00eds - El Digital de Asturias\" \/>\n\t\t<meta name=\"twitter:description\" content=\"El Gobierno del Principado de Asturias ha apoyado con 90.000 euros la recuperaci\u00f3n de rutas y el fomento del ecoturismo en On\u00eds; en concreto, en el territorio\" \/>\n\t\t<meta name=\"twitter:image\" content=\"https:\/\/www.eldigitaldeasturias.com\/noticias\/wp-content\/uploads\/2023\/12\/Onis.jpg\" \/>\n\t\t<meta name=\"twitter:label1\" content=\"Escrito por\" \/>\n\t\t<meta name=\"twitter:data1\" content=\"El Digital de Asturias\" \/>\n\t\t<meta name=\"twitter:label2\" content=\"Tiempo de lectura estimado\" \/>\n\t\t<meta name=\"twitter:data2\" content=\"1 minuto\" \/>\n\t\t<script type=\"application\/ld+json\" class=\"aioseo-schema\">\n\t\t\t{\"@context\":\"https:\\\/\\\/schema.org\",\"@graph\":[{\"@type\":\"BlogPosting\",\"@id\":\"https:\\\/\\\/www.eldigitaldeasturias.com\\\/noticias\\\/recuperacion-de-rutas-y-fomento-del-ecoturismo-en-onis\\\/#blogposting\",\"name\":\"Recuperaci\\u00f3n de rutas y fomento del ecoturismo en On\\u00eds - El Digital de Asturias\",\"headline\":\"Recuperaci\\u00f3n de rutas y fomento del ecoturismo en On\\u00eds\",\"author\":{\"@id\":\"https:\\\/\\\/www.eldigitaldeasturias.com\\\/noticias\\\/author\\\/admin\\\/#author\"},\"publisher\":{\"@id\":\"https:\\\/\\\/www.eldigitaldeasturias.com\\\/noticias\\\/#organization\"},\"image\":{\"@type\":\"ImageObject\",\"url\":\"https:\\\/\\\/www.eldigitaldeasturias.com\\\/noticias\\\/wp-content\\\/uploads\\\/2023\\\/12\\\/Onis.jpg\",\"width\":690,\"height\":439,\"caption\":\"Foto: Prensa Gobierno de Asturias\"},\"datePublished\":\"2023-12-16T11:19:04+01:00\",\"dateModified\":\"2023-12-16T11:19:04+01:00\",\"inLanguage\":\"es-ES\",\"mainEntityOfPage\":{\"@id\":\"https:\\\/\\\/www.eldigitaldeasturias.com\\\/noticias\\\/recuperacion-de-rutas-y-fomento-del-ecoturismo-en-onis\\\/#webpage\"},\"isPartOf\":{\"@id\":\"https:\\\/\\\/www.eldigitaldeasturias.com\\\/noticias\\\/recuperacion-de-rutas-y-fomento-del-ecoturismo-en-onis\\\/#webpage\"},\"articleSection\":\"Actualidad Asturias\"},{\"@type\":\"BreadcrumbList\",\"@id\":\"https:\\\/\\\/www.eldigitaldeasturias.com\\\/noticias\\\/recuperacion-de-rutas-y-fomento-del-ecoturismo-en-onis\\\/#breadcrumblist\",\"itemListElement\":[{\"@type\":\"ListItem\",\"@id\":\"https:\\\/\\\/www.eldigitaldeasturias.com\\\/noticias#listItem\",\"position\":1,\"name\":\"Home\",\"item\":\"https:\\\/\\\/www.eldigitaldeasturias.com\\\/noticias\",\"nextItem\":{\"@type\":\"ListItem\",\"@id\":\"https:\\\/\\\/www.eldigitaldeasturias.com\\\/noticias\\\/category\\\/actualidad-asturias\\\/#listItem\",\"name\":\"Actualidad Asturias\"}},{\"@type\":\"ListItem\",\"@id\":\"https:\\\/\\\/www.eldigitaldeasturias.com\\\/noticias\\\/category\\\/actualidad-asturias\\\/#listItem\",\"position\":2,\"name\":\"Actualidad Asturias\",\"item\":\"https:\\\/\\\/www.eldigitaldeasturias.com\\\/noticias\\\/category\\\/actualidad-asturias\\\/\",\"nextItem\":{\"@type\":\"ListItem\",\"@id\":\"https:\\\/\\\/www.eldigitaldeasturias.com\\\/noticias\\\/recuperacion-de-rutas-y-fomento-del-ecoturismo-en-onis\\\/#listItem\",\"name\":\"Recuperaci\\u00f3n de rutas y fomento del ecoturismo en On\\u00eds\"},\"previousItem\":{\"@type\":\"ListItem\",\"@id\":\"https:\\\/\\\/www.eldigitaldeasturias.com\\\/noticias#listItem\",\"name\":\"Home\"}},{\"@type\":\"ListItem\",\"@id\":\"https:\\\/\\\/www.eldigitaldeasturias.com\\\/noticias\\\/recuperacion-de-rutas-y-fomento-del-ecoturismo-en-onis\\\/#listItem\",\"position\":3,\"name\":\"Recuperaci\\u00f3n de rutas y fomento del ecoturismo en On\\u00eds\",\"previousItem\":{\"@type\":\"ListItem\",\"@id\":\"https:\\\/\\\/www.eldigitaldeasturias.com\\\/noticias\\\/category\\\/actualidad-asturias\\\/#listItem\",\"name\":\"Actualidad Asturias\"}}]},{\"@type\":\"Organization\",\"@id\":\"https:\\\/\\\/www.eldigitaldeasturias.com\\\/noticias\\\/#organization\",\"name\":\"El Digital de Asturias\",\"description\":\"Hemeroteca\",\"url\":\"https:\\\/\\\/www.eldigitaldeasturias.com\\\/noticias\\\/\",\"email\":\"info@eldigitaldeasturias.com\",\"telephone\":\"+34652131393\",\"logo\":{\"@type\":\"ImageObject\",\"url\":\"https:\\\/\\\/www.eldigitaldeasturias.com\\\/noticias\\\/wp-content\\\/uploads\\\/2020\\\/12\\\/EDA.jpg\",\"@id\":\"https:\\\/\\\/www.eldigitaldeasturias.com\\\/noticias\\\/recuperacion-de-rutas-y-fomento-del-ecoturismo-en-onis\\\/#organizationLogo\",\"width\":649,\"height\":297},\"image\":{\"@id\":\"https:\\\/\\\/www.eldigitaldeasturias.com\\\/noticias\\\/recuperacion-de-rutas-y-fomento-del-ecoturismo-en-onis\\\/#organizationLogo\"},\"sameAs\":[\"https:\\\/\\\/facebook.com\\\/eldigitaldeasturias\",\"https:\\\/\\\/www.youtube.com\\\/channel\\\/UCZP-2wLEB9Rv6erhFmqVnvg\"],\"address\":{\"@id\":\"https:\\\/\\\/www.eldigitaldeasturias.com\\\/noticias\\\/#postaladdress\",\"@type\":\"PostalAddress\",\"streetAddress\":\"san antonio 4,\",\"postalCode\":\"33430\",\"addressLocality\":\"Cand\\u00e1s\",\"addressRegion\":\"Asturias\",\"addressCountry\":\"ES\"}},{\"@type\":\"Person\",\"@id\":\"https:\\\/\\\/www.eldigitaldeasturias.com\\\/noticias\\\/author\\\/admin\\\/#author\",\"url\":\"https:\\\/\\\/www.eldigitaldeasturias.com\\\/noticias\\\/author\\\/admin\\\/\",\"name\":\"El Digital de Asturias\",\"image\":{\"@type\":\"ImageObject\",\"@id\":\"https:\\\/\\\/www.eldigitaldeasturias.com\\\/noticias\\\/recuperacion-de-rutas-y-fomento-del-ecoturismo-en-onis\\\/#authorImage\",\"url\":\"https:\\\/\\\/www.eldigitaldeasturias.com\\\/noticias\\\/wp-content\\\/litespeed\\\/avatar\\\/18677e78aa0546b92d9dbf31ec7d7668.jpg?ver=1777290358\",\"width\":96,\"height\":96,\"caption\":\"El Digital de Asturias\"}},{\"@type\":\"WebPage\",\"@id\":\"https:\\\/\\\/www.eldigitaldeasturias.com\\\/noticias\\\/recuperacion-de-rutas-y-fomento-del-ecoturismo-en-onis\\\/#webpage\",\"url\":\"https:\\\/\\\/www.eldigitaldeasturias.com\\\/noticias\\\/recuperacion-de-rutas-y-fomento-del-ecoturismo-en-onis\\\/\",\"name\":\"Recuperaci\\u00f3n de rutas y fomento del ecoturismo en On\\u00eds - El Digital de Asturias\",\"description\":\"El Gobierno del Principado de Asturias ha apoyado con 90.000 euros la recuperaci\\u00f3n de rutas y el fomento del ecoturismo en On\\u00eds; en concreto, en el territorio\",\"inLanguage\":\"es-ES\",\"isPartOf\":{\"@id\":\"https:\\\/\\\/www.eldigitaldeasturias.com\\\/noticias\\\/#website\"},\"breadcrumb\":{\"@id\":\"https:\\\/\\\/www.eldigitaldeasturias.com\\\/noticias\\\/recuperacion-de-rutas-y-fomento-del-ecoturismo-en-onis\\\/#breadcrumblist\"},\"author\":{\"@id\":\"https:\\\/\\\/www.eldigitaldeasturias.com\\\/noticias\\\/author\\\/admin\\\/#author\"},\"creator\":{\"@id\":\"https:\\\/\\\/www.eldigitaldeasturias.com\\\/noticias\\\/author\\\/admin\\\/#author\"},\"image\":{\"@type\":\"ImageObject\",\"url\":\"https:\\\/\\\/www.eldigitaldeasturias.com\\\/noticias\\\/wp-content\\\/uploads\\\/2023\\\/12\\\/Onis.jpg\",\"@id\":\"https:\\\/\\\/www.eldigitaldeasturias.com\\\/noticias\\\/recuperacion-de-rutas-y-fomento-del-ecoturismo-en-onis\\\/#mainImage\",\"width\":690,\"height\":439,\"caption\":\"Foto: Prensa Gobierno de Asturias\"},\"primaryImageOfPage\":{\"@id\":\"https:\\\/\\\/www.eldigitaldeasturias.com\\\/noticias\\\/recuperacion-de-rutas-y-fomento-del-ecoturismo-en-onis\\\/#mainImage\"},\"datePublished\":\"2023-12-16T11:19:04+01:00\",\"dateModified\":\"2023-12-16T11:19:04+01:00\"},{\"@type\":\"WebSite\",\"@id\":\"https:\\\/\\\/www.eldigitaldeasturias.com\\\/noticias\\\/#website\",\"url\":\"https:\\\/\\\/www.eldigitaldeasturias.com\\\/noticias\\\/\",\"name\":\"El Digital de Asturias - Diario de actualidad y noticias\",\"alternateName\":\"El Digital de Asturias - Diario de actualidad y noticias\",\"description\":\"Hemeroteca\",\"inLanguage\":\"es-ES\",\"publisher\":{\"@id\":\"https:\\\/\\\/www.eldigitaldeasturias.com\\\/noticias\\\/#organization\"}}]}\n\t\t<\/script>\n\t\t<!-- All in One SEO Pro -->\r\n\t\t<title>Recuperaci\u00f3n de rutas y fomento del ecoturismo en On\u00eds - El Digital de Asturias<\/title>\n\n","aioseo_head_json":{"title":"Recuperaci\u00f3n de rutas y fomento del ecoturismo en On\u00eds - El Digital de Asturias","description":"El Gobierno del Principado de Asturias ha apoyado con 90.000 euros la recuperaci\u00f3n de rutas y el fomento del ecoturismo en On\u00eds; en concreto, en el territorio","canonical_url":"https:\/\/www.eldigitaldeasturias.com\/noticias\/recuperacion-de-rutas-y-fomento-del-ecoturismo-en-onis\/","robots":"max-image-preview:large","keywords":"actualidad asturias","webmasterTools":{"google-site-verification":"UA-38556648-1","msvalidate.01":"7dfe9f3f1b24437ab69f4f2559babe99","miscellaneous":""},"schema":{"@context":"https:\/\/schema.org","@graph":[{"@type":"BlogPosting","@id":"https:\/\/www.eldigitaldeasturias.com\/noticias\/recuperacion-de-rutas-y-fomento-del-ecoturismo-en-onis\/#blogposting","name":"Recuperaci\u00f3n de rutas y fomento del ecoturismo en On\u00eds - El Digital de Asturias","headline":"Recuperaci\u00f3n de rutas y fomento del ecoturismo en On\u00eds","author":{"@id":"https:\/\/www.eldigitaldeasturias.com\/noticias\/author\/admin\/#author"},"publisher":{"@id":"https:\/\/www.eldigitaldeasturias.com\/noticias\/#organization"},"image":{"@type":"ImageObject","url":"https:\/\/www.eldigitaldeasturias.com\/noticias\/wp-content\/uploads\/2023\/12\/Onis.jpg","width":690,"height":439,"caption":"Foto: Prensa Gobierno de Asturias"},"datePublished":"2023-12-16T11:19:04+01:00","dateModified":"2023-12-16T11:19:04+01:00","inLanguage":"es-ES","mainEntityOfPage":{"@id":"https:\/\/www.eldigitaldeasturias.com\/noticias\/recuperacion-de-rutas-y-fomento-del-ecoturismo-en-onis\/#webpage"},"isPartOf":{"@id":"https:\/\/www.eldigitaldeasturias.com\/noticias\/recuperacion-de-rutas-y-fomento-del-ecoturismo-en-onis\/#webpage"},"articleSection":"Actualidad Asturias"},{"@type":"BreadcrumbList","@id":"https:\/\/www.eldigitaldeasturias.com\/noticias\/recuperacion-de-rutas-y-fomento-del-ecoturismo-en-onis\/#breadcrumblist","itemListElement":[{"@type":"ListItem","@id":"https:\/\/www.eldigitaldeasturias.com\/noticias#listItem","position":1,"name":"Home","item":"https:\/\/www.eldigitaldeasturias.com\/noticias","nextItem":{"@type":"ListItem","@id":"https:\/\/www.eldigitaldeasturias.com\/noticias\/category\/actualidad-asturias\/#listItem","name":"Actualidad Asturias"}},{"@type":"ListItem","@id":"https:\/\/www.eldigitaldeasturias.com\/noticias\/category\/actualidad-asturias\/#listItem","position":2,"name":"Actualidad Asturias","item":"https:\/\/www.eldigitaldeasturias.com\/noticias\/category\/actualidad-asturias\/","nextItem":{"@type":"ListItem","@id":"https:\/\/www.eldigitaldeasturias.com\/noticias\/recuperacion-de-rutas-y-fomento-del-ecoturismo-en-onis\/#listItem","name":"Recuperaci\u00f3n de rutas y fomento del ecoturismo en On\u00eds"},"previousItem":{"@type":"ListItem","@id":"https:\/\/www.eldigitaldeasturias.com\/noticias#listItem","name":"Home"}},{"@type":"ListItem","@id":"https:\/\/www.eldigitaldeasturias.com\/noticias\/recuperacion-de-rutas-y-fomento-del-ecoturismo-en-onis\/#listItem","position":3,"name":"Recuperaci\u00f3n de rutas y fomento del ecoturismo en On\u00eds","previousItem":{"@type":"ListItem","@id":"https:\/\/www.eldigitaldeasturias.com\/noticias\/category\/actualidad-asturias\/#listItem","name":"Actualidad Asturias"}}]},{"@type":"Organization","@id":"https:\/\/www.eldigitaldeasturias.com\/noticias\/#organization","name":"El Digital de Asturias","description":"Hemeroteca","url":"https:\/\/www.eldigitaldeasturias.com\/noticias\/","email":"info@eldigitaldeasturias.com","telephone":"+34652131393","logo":{"@type":"ImageObject","url":"https:\/\/www.eldigitaldeasturias.com\/noticias\/wp-content\/uploads\/2020\/12\/EDA.jpg","@id":"https:\/\/www.eldigitaldeasturias.com\/noticias\/recuperacion-de-rutas-y-fomento-del-ecoturismo-en-onis\/#organizationLogo","width":649,"height":297},"image":{"@id":"https:\/\/www.eldigitaldeasturias.com\/noticias\/recuperacion-de-rutas-y-fomento-del-ecoturismo-en-onis\/#organizationLogo"},"sameAs":["https:\/\/facebook.com\/eldigitaldeasturias","https:\/\/www.youtube.com\/channel\/UCZP-2wLEB9Rv6erhFmqVnvg"],"address":{"@id":"https:\/\/www.eldigitaldeasturias.com\/noticias\/#postaladdress","@type":"PostalAddress","streetAddress":"san antonio 4,","postalCode":"33430","addressLocality":"Cand\u00e1s","addressRegion":"Asturias","addressCountry":"ES"}},{"@type":"Person","@id":"https:\/\/www.eldigitaldeasturias.com\/noticias\/author\/admin\/#author","url":"https:\/\/www.eldigitaldeasturias.com\/noticias\/author\/admin\/","name":"El Digital de Asturias","image":{"@type":"ImageObject","@id":"https:\/\/www.eldigitaldeasturias.com\/noticias\/recuperacion-de-rutas-y-fomento-del-ecoturismo-en-onis\/#authorImage","url":"https:\/\/www.eldigitaldeasturias.com\/noticias\/wp-content\/litespeed\/avatar\/18677e78aa0546b92d9dbf31ec7d7668.jpg?ver=1777290358","width":96,"height":96,"caption":"El Digital de Asturias"}},{"@type":"WebPage","@id":"https:\/\/www.eldigitaldeasturias.com\/noticias\/recuperacion-de-rutas-y-fomento-del-ecoturismo-en-onis\/#webpage","url":"https:\/\/www.eldigitaldeasturias.com\/noticias\/recuperacion-de-rutas-y-fomento-del-ecoturismo-en-onis\/","name":"Recuperaci\u00f3n de rutas y fomento del ecoturismo en On\u00eds - El Digital de Asturias","description":"El Gobierno del Principado de Asturias ha apoyado con 90.000 euros la recuperaci\u00f3n de rutas y el fomento del ecoturismo en On\u00eds; en concreto, en el territorio","inLanguage":"es-ES","isPartOf":{"@id":"https:\/\/www.eldigitaldeasturias.com\/noticias\/#website"},"breadcrumb":{"@id":"https:\/\/www.eldigitaldeasturias.com\/noticias\/recuperacion-de-rutas-y-fomento-del-ecoturismo-en-onis\/#breadcrumblist"},"author":{"@id":"https:\/\/www.eldigitaldeasturias.com\/noticias\/author\/admin\/#author"},"creator":{"@id":"https:\/\/www.eldigitaldeasturias.com\/noticias\/author\/admin\/#author"},"image":{"@type":"ImageObject","url":"https:\/\/www.eldigitaldeasturias.com\/noticias\/wp-content\/uploads\/2023\/12\/Onis.jpg","@id":"https:\/\/www.eldigitaldeasturias.com\/noticias\/recuperacion-de-rutas-y-fomento-del-ecoturismo-en-onis\/#mainImage","width":690,"height":439,"caption":"Foto: Prensa Gobierno de Asturias"},"primaryImageOfPage":{"@id":"https:\/\/www.eldigitaldeasturias.com\/noticias\/recuperacion-de-rutas-y-fomento-del-ecoturismo-en-onis\/#mainImage"},"datePublished":"2023-12-16T11:19:04+01:00","dateModified":"2023-12-16T11:19:04+01:00"},{"@type":"WebSite","@id":"https:\/\/www.eldigitaldeasturias.com\/noticias\/#website","url":"https:\/\/www.eldigitaldeasturias.com\/noticias\/","name":"El Digital de Asturias - Diario de actualidad y noticias","alternateName":"El Digital de Asturias - Diario de actualidad y noticias","description":"Hemeroteca","inLanguage":"es-ES","publisher":{"@id":"https:\/\/www.eldigitaldeasturias.com\/noticias\/#organization"}}]},"og:locale":"es_ES","og:site_name":"El Digital de Asturias","og:type":"article","og:title":"Recuperaci\u00f3n de rutas y fomento del ecoturismo en On\u00eds - El Digital de Asturias","og:description":"El Gobierno del Principado de Asturias ha apoyado con 90.000 euros la recuperaci\u00f3n de rutas y el fomento del ecoturismo en On\u00eds; en concreto, en el territorio","og:url":"https:\/\/www.eldigitaldeasturias.com\/noticias\/recuperacion-de-rutas-y-fomento-del-ecoturismo-en-onis\/","og:image":"https:\/\/www.eldigitaldeasturias.com\/noticias\/wp-content\/uploads\/2023\/12\/Onis.jpg","og:image:secure_url":"https:\/\/www.eldigitaldeasturias.com\/noticias\/wp-content\/uploads\/2023\/12\/Onis.jpg","og:image:width":690,"og:image:height":439,"article:tag":["actualidad asturias"],"article:published_time":"2023-12-16T10:19:04+00:00","article:modified_time":"2023-12-16T10:19:04+00:00","article:publisher":"https:\/\/facebook.com\/eldigitaldeasturias","twitter:card":"summary_large_image","twitter:title":"Recuperaci\u00f3n de rutas y fomento del ecoturismo en On\u00eds - El Digital de Asturias","twitter:description":"El Gobierno del Principado de Asturias ha apoyado con 90.000 euros la recuperaci\u00f3n de rutas y el fomento del ecoturismo en On\u00eds; en concreto, en el territorio","twitter:image":"https:\/\/www.eldigitaldeasturias.com\/noticias\/wp-content\/uploads\/2023\/12\/Onis.jpg","twitter:label1":"Escrito por","twitter:data1":"El Digital de Asturias","twitter:label2":"Tiempo de lectura estimado","twitter:data2":"1 minuto"},"aioseo_meta_data":{"post_id":"1127668","title":null,"description":"El Gobierno del Principado de Asturias ha apoyado con 90.000 euros la recuperaci\u00f3n de rutas y el fomento del ecoturismo en On\u00eds; en concreto, en el territorio","keywords":[],"keyphrases":{"focus":{"keyphrase":"On\u00eds","score":93,"analysis":{"keyphraseInTitle":{"score":9,"maxScore":9,"error":0},"keyphraseInDescription":{"score":9,"maxScore":9,"error":0},"keyphraseLength":{"score":9,"maxScore":9,"error":0,"length":2},"keyphraseInURL":{"score":1,"maxScore":5,"error":1},"keyphraseInIntroduction":{"score":9,"maxScore":9,"error":0},"keyphraseInSubHeadings":[],"keyphraseInImageAlt":{"score":9,"maxScore":9,"error":0},"keywordDensity":{"type":"best","score":9,"maxScore":9,"error":0}}},"additional":[{"keyphrase":"On\u00eds","score":100,"analysis":{"keyphraseInDescription":{"score":9,"maxScore":9,"error":0},"keyphraseLength":{"score":9,"maxScore":9,"error":0,"length":2},"keyphraseInIntroduction":{"score":9,"maxScore":9,"error":0},"keyphraseInImageAlt":{"score":9,"maxScore":9,"error":0},"keywordDensity":{"type":"best","score":9,"maxScore":9,"error":0}}}]},"primary_term":null,"canonical_url":null,"og_title":null,"og_description":null,"og_object_type":"default","og_image_type":"default","og_image_url":null,"og_image_width":null,"og_image_height":null,"og_image_custom_url":null,"og_image_custom_fields":null,"og_video":"","og_custom_url":null,"og_article_section":null,"og_article_tags":[],"twitter_use_og":false,"twitter_card":"default","twitter_image_type":"default","twitter_image_url":null,"twitter_image_custom_url":null,"twitter_image_custom_fields":null,"twitter_title":null,"twitter_description":null,"schema":{"blockGraphs":[],"customGraphs":[],"default":{"data":{"Article":[],"Course":[],"Dataset":[],"FAQPage":[],"Movie":[],"Person":[],"Product":[],"ProductReview":[],"Car":[],"Recipe":[],"Service":[],"SoftwareApplication":[],"WebPage":[]},"graphName":"BlogPosting","isEnabled":true},"graphs":[]},"schema_type":"default","schema_type_options":null,"pillar_content":false,"robots_default":true,"robots_noindex":false,"robots_noarchive":false,"robots_nosnippet":false,"robots_nofollow":false,"robots_noimageindex":false,"robots_noodp":false,"robots_notranslate":false,"robots_max_snippet":"-1","robots_max_videopreview":"-1","robots_max_imagepreview":"large","priority":null,"frequency":"default","local_seo":null,"seo_analyzer_scan_date":"2025-10-05 23:45:32","breadcrumb_settings":null,"limit_modified_date":false,"open_ai":"{\"title\":{\"suggestions\":[],\"usage\":0},\"description\":{\"suggestions\":[],\"usage\":0}}","ai":null,"created":"2023-12-16 10:13:03","updated":"2025-10-09 05:46:37"},"aioseo_breadcrumb":"<div class=\"aioseo-breadcrumbs\"><span class=\"aioseo-breadcrumb\">\n\t<a href=\"https:\/\/www.eldigitaldeasturias.com\/noticias\" title=\"Home\">Home<\/a>\n<\/span><span class=\"aioseo-breadcrumb-separator\">\u2013<\/span><span class=\"aioseo-breadcrumb\">\n\t<a href=\"https:\/\/www.eldigitaldeasturias.com\/noticias\/category\/actualidad-asturias\/\" title=\"Actualidad Asturias\">Actualidad Asturias<\/a>\n<\/span><span class=\"aioseo-breadcrumb-separator\">\u2013<\/span><span class=\"aioseo-breadcrumb\">\n\t<a href=\"https:\/\/www.eldigitaldeasturias.com\/noticias\/recuperacion-de-rutas-y-fomento-del-ecoturismo-en-onis\/\" title=\"Recuperaci\u00f3n de rutas y fomento del ecoturismo en On\u00eds\">Recuperaci\u00f3n de rutas y fomento del ecoturismo en On\u00eds<\/a>\n<\/span><\/div>","aioseo_breadcrumb_json":[{"label":"Home","link":"https:\/\/www.eldigitaldeasturias.com\/noticias"},{"label":"Actualidad Asturias","link":"https:\/\/www.eldigitaldeasturias.com\/noticias\/category\/actualidad-asturias\/"},{"label":"Recuperaci\u00f3n de rutas y fomento del ecoturismo en On\u00eds","link":"https:\/\/www.eldigitaldeasturias.com\/noticias\/recuperacion-de-rutas-y-fomento-del-ecoturismo-en-onis\/"}],"_links":{"self":[{"href":"https:\/\/www.eldigitaldeasturias.com\/noticias\/wp-json\/wp\/v2\/posts\/1127668","targetHints":{"allow":["GET"]}}],"collection":[{"href":"https:\/\/www.eldigitaldeasturias.com\/noticias\/wp-json\/wp\/v2\/posts"}],"about":[{"href":"https:\/\/www.eldigitaldeasturias.com\/noticias\/wp-json\/wp\/v2\/types\/post"}],"author":[{"embeddable":true,"href":"https:\/\/www.eldigitaldeasturias.com\/noticias\/wp-json\/wp\/v2\/users\/1"}],"replies":[{"embeddable":true,"href":"https:\/\/www.eldigitaldeasturias.com\/noticias\/wp-json\/wp\/v2\/comments?post=1127668"}],"version-history":[{"count":0,"href":"https:\/\/www.eldigitaldeasturias.com\/noticias\/wp-json\/wp\/v2\/posts\/1127668\/revisions"}],"wp:featuredmedia":[{"embeddable":true,"href":"https:\/\/www.eldigitaldeasturias.com\/noticias\/wp-json\/wp\/v2\/media\/1127669"}],"wp:attachment":[{"href":"https:\/\/www.eldigitaldeasturias.com\/noticias\/wp-json\/wp\/v2\/media?parent=1127668"}],"wp:term":[{"taxonomy":"category","embeddable":true,"href":"https:\/\/www.eldigitaldeasturias.com\/noticias\/wp-json\/wp\/v2\/categories?post=1127668"},{"taxonomy":"post_tag","embeddable":true,"href":"https:\/\/www.eldigitaldeasturias.com\/noticias\/wp-json\/wp\/v2\/tags?post=1127668"}],"curies":[{"name":"wp","href":"https:\/\/api.w.org\/{rel}","templated":true}]}}