{"id":1127659,"date":"2023-12-15T21:20:45","date_gmt":"2023-12-15T20:20:45","guid":{"rendered":"https:\/\/www.eldigitaldeasturias.com\/noticias\/?p=1127659"},"modified":"2023-12-15T21:20:45","modified_gmt":"2023-12-15T20:20:45","slug":"aumentan-los-casos-de-gripe-aviar","status":"publish","type":"post","link":"https:\/\/www.eldigitaldeasturias.com\/noticias\/aumentan-los-casos-de-gripe-aviar\/","title":{"rendered":"Aumentan los casos de gripe aviar"},"content":{"rendered":"<p>Greifswald (Alemania), 15 dic (<a title=\"dpa\" href=\"https:\/\/www.dpa-news.de\/\" target=\"_blank\" rel=\"noopener\"><span style=\"color: #ff6600;\"><strong>dpa<\/strong><\/span><\/a>) &#8211; El n\u00famero de <strong>brotes de <a href=\"https:\/\/www.eldigitaldeasturias.com\/noticias\/category\/actualidad\/\"><span style=\"color: #ff6600;\">gripe aviar<\/span><\/a> en granjas av\u00edcolas alemanas y europeas<\/strong> ha vuelto a aumentar recientemente de forma significativa.<\/p>\n<figure id=\"attachment_1127660\" aria-describedby=\"caption-attachment-1127660\" style=\"width: 650px\" class=\"wp-caption aligncenter\"><img loading=\"lazy\" decoding=\"async\" class=\"wp-image-1127660 size-large\" src=\"https:\/\/www.eldigitaldeasturias.com\/noticias\/wp-content\/uploads\/2023\/12\/gripe-aviar-650x431.jpg\" alt=\"gripe aviar\" width=\"650\" height=\"431\" srcset=\"https:\/\/www.eldigitaldeasturias.com\/noticias\/wp-content\/uploads\/2023\/12\/gripe-aviar-650x431.jpg 650w, https:\/\/www.eldigitaldeasturias.com\/noticias\/wp-content\/uploads\/2023\/12\/gripe-aviar-360x239.jpg 360w, https:\/\/www.eldigitaldeasturias.com\/noticias\/wp-content\/uploads\/2023\/12\/gripe-aviar-453x300.jpg 453w, https:\/\/www.eldigitaldeasturias.com\/noticias\/wp-content\/uploads\/2023\/12\/gripe-aviar-768x509.jpg 768w, https:\/\/www.eldigitaldeasturias.com\/noticias\/wp-content\/uploads\/2023\/12\/gripe-aviar-150x99.jpg 150w, https:\/\/www.eldigitaldeasturias.com\/noticias\/wp-content\/uploads\/2023\/12\/gripe-aviar-450x298.jpg 450w, https:\/\/www.eldigitaldeasturias.com\/noticias\/wp-content\/uploads\/2023\/12\/gripe-aviar.jpg 1011w\" sizes=\"auto, (max-width: 650px) 100vw, 650px\" \/><figcaption id=\"caption-attachment-1127660\" class=\"wp-caption-text\">Pavos de 14 semanas de edad en una granja av\u00edcola en Alemania. Los nuevos brotes de gripe aviar han aumentado significativamente en los ultimos meses, afectando en particular a los pavos. Foto: Sven Hoppe\/dpa<\/figcaption><\/figure>\n<p>Desde octubre se han producido alrededor de una docena de brotes en Alemania, seg\u00fan declar\u00f3 a dpa Timm Harder, jefe del Laboratorio Nacional de Referencia para la Gripe Aviar del Instituto Friedrich Loeffler (FLI), cerca de Greifswald. <strong>\u00abEn toda Europa, va mucho, mucho m\u00e1s all\u00e1\u00bb.<\/strong><\/p>\n<p>Los pavos se vieron especialmente afectados en Alemania en noviembre, seg\u00fan Harder. Cit\u00f3 como ejemplo que unos 25.000 pavos tuvieron que ser sacrificados tras las infecciones en una granja de Mecklemburgo-Pomerania Occidental y otros 24.000 en una granja de Baja Sajonia.<\/p>\n<blockquote><p>Seg\u00fan el \u00faltimo informe del FLI, solo en noviembre se vieron afectadas en toda Europa m\u00e1s de 1,6 millones de aves de granja. El FLI hab\u00eda elevado el riesgo de propagaci\u00f3n a principios de diciembre.<\/p><\/blockquote>\n<p>Seg\u00fan Harder, los brotes m\u00e1s frecuentes en las granjas av\u00edcolas est\u00e1n relacionados con la estacionalidad. \u00abY esto se debe en \u00faltima instancia a la migraci\u00f3n de las aves\u00bb. Agreg\u00f3 que otra raz\u00f3n del aumento podr\u00edan ser las nuevas variantes gen\u00e9ticas del virus. En Alemania han aparecido recientemente cuatro nuevos genotipos. Esto puede facilitar la propagaci\u00f3n del virus.<\/p>\n<p>El estado de emergencia se ha establecido como la nueva normalidad para la gripe aviar en los \u00faltimos a\u00f1os. <strong>Durante mucho tiempo, la gripe aviar solo tuvo importancia en Alemania durante la estaci\u00f3n fr\u00eda porque la tra\u00edan las aves migratorias. En 2021, tambi\u00e9n hubo por primera vez casos en verano, y luego en mayor medida en 2022.<\/strong><\/p>\n<p>Desde entonces, la gripe aviar ha hecho estragos en este pa\u00eds durante todo el a\u00f1o. Tambi\u00e9n se ha extendido por todo el mundo a una escala sin precedentes. En la actualidad solo quedan preservados Ocean\u00eda y Australia, dijo Harder.<\/p>\n<blockquote><p>Los expertos miran con particular preocupaci\u00f3n a la Ant\u00e1rtida. El virus ha llegado a las islas de alta mar frente al continente polar.<\/p><\/blockquote>\n<p>\u00abEs pr\u00e1cticamente un viaje nocturno para un albatros\u00bb, dice Harder sobre la distancia. <strong>En el continente ant\u00e1rtico hay 20 millones de ping\u00fcinos, que est\u00e1n muy juntos cuando forman sus colonias. \u00abSi uno de ellos se infecta, sin duda se propagar\u00e1 r\u00e1pidamente\u00bb.<\/strong><\/p>\n<p>Seg\u00fan Harder, el riesgo para los humanos sigue consider\u00e1ndose bajo. \u00abNo estamos viendo ning\u00fan caso nuevo\u00bb. <strong>Los casos registrados recientemente en el sudeste asi\u00e1tico corresponden a una forma de propagaci\u00f3n regional del virus.<\/strong><\/p>\n","protected":false},"excerpt":{"rendered":"<p>Greifswald (Alemania), 15 dic (dpa) &#8211; El n\u00famero de brotes de gripe aviar en granjas av\u00edcolas alemanas y europeas ha vuelto a aumentar recientemente de forma significativa. Desde octubre se han producido alrededor de una docena de brotes en Alemania, seg\u00fan declar\u00f3 a dpa Timm Harder, jefe del Laboratorio Nacional de Referencia para la Gripe [&hellip;]<\/p>\n","protected":false},"author":1,"featured_media":1127660,"comment_status":"closed","ping_status":"closed","sticky":false,"template":"","format":"standard","meta":{"footnotes":""},"categories":[1,141],"tags":[],"class_list":["post-1127659","post","type-post","status-publish","format-standard","has-post-thumbnail","hentry","category-actualidad","category-destacadas"],"aioseo_notices":[],"aioseo_head":"\n\t\t<!-- All in One SEO Pro 4.9.6.2 - aioseo.com -->\n\t<meta name=\"description\" content=\"Greifswald (Alemania), 15 dic (dpa) - El n\u00famero de brotes de gripe aviar en granjas av\u00edcolas alemanas y europeas ha vuelto a aumentar recientemente\" \/>\n\t<meta name=\"robots\" content=\"max-image-preview:large\" \/>\n\t<meta name=\"author\" content=\"El Digital de Asturias\"\/>\n\t<meta name=\"google-site-verification\" content=\"UA-38556648-1\" \/>\n\t<meta name=\"msvalidate.01\" content=\"7dfe9f3f1b24437ab69f4f2559babe99\" \/>\n\t<meta name=\"keywords\" content=\"actualidad,destacadas\" \/>\n\t<link rel=\"canonical\" href=\"https:\/\/www.eldigitaldeasturias.com\/noticias\/aumentan-los-casos-de-gripe-aviar\/\" \/>\n\t<meta name=\"generator\" content=\"All in One SEO Pro (AIOSEO) 4.9.6.2\" \/>\n\t\t<meta property=\"og:locale\" content=\"es_ES\" \/>\n\t\t<meta property=\"og:site_name\" content=\"El Digital de Asturias\" \/>\n\t\t<meta property=\"og:type\" content=\"article\" \/>\n\t\t<meta property=\"og:title\" content=\"Aumentan los casos de gripe aviar - El Digital de Asturias\" \/>\n\t\t<meta property=\"og:description\" content=\"Greifswald (Alemania), 15 dic (dpa) - El n\u00famero de brotes de gripe aviar en granjas av\u00edcolas alemanas y europeas ha vuelto a aumentar recientemente\" \/>\n\t\t<meta property=\"og:url\" content=\"https:\/\/www.eldigitaldeasturias.com\/noticias\/aumentan-los-casos-de-gripe-aviar\/\" \/>\n\t\t<meta property=\"og:image\" content=\"https:\/\/www.eldigitaldeasturias.com\/noticias\/wp-content\/uploads\/2023\/12\/gripe-aviar.jpg\" \/>\n\t\t<meta property=\"og:image:secure_url\" content=\"https:\/\/www.eldigitaldeasturias.com\/noticias\/wp-content\/uploads\/2023\/12\/gripe-aviar.jpg\" \/>\n\t\t<meta property=\"og:image:width\" content=\"1011\" \/>\n\t\t<meta property=\"og:image:height\" content=\"670\" \/>\n\t\t<meta property=\"article:tag\" content=\"actualidad\" \/>\n\t\t<meta property=\"article:tag\" content=\"destacadas\" \/>\n\t\t<meta property=\"article:published_time\" content=\"2023-12-15T20:20:45+00:00\" \/>\n\t\t<meta property=\"article:modified_time\" content=\"2023-12-15T20:20:45+00:00\" \/>\n\t\t<meta property=\"article:publisher\" content=\"https:\/\/facebook.com\/eldigitaldeasturias\" \/>\n\t\t<meta name=\"twitter:card\" content=\"summary_large_image\" \/>\n\t\t<meta name=\"twitter:title\" content=\"Aumentan los casos de gripe aviar - El Digital de Asturias\" \/>\n\t\t<meta name=\"twitter:description\" content=\"Greifswald (Alemania), 15 dic (dpa) - El n\u00famero de brotes de gripe aviar en granjas av\u00edcolas alemanas y europeas ha vuelto a aumentar recientemente\" \/>\n\t\t<meta name=\"twitter:image\" content=\"https:\/\/www.eldigitaldeasturias.com\/noticias\/wp-content\/uploads\/2023\/12\/gripe-aviar.jpg\" \/>\n\t\t<meta name=\"twitter:label1\" content=\"Escrito por\" \/>\n\t\t<meta name=\"twitter:data1\" content=\"El Digital de Asturias\" \/>\n\t\t<meta name=\"twitter:label2\" content=\"Tiempo de lectura estimado\" \/>\n\t\t<meta name=\"twitter:data2\" content=\"2 minutos\" \/>\n\t\t<script type=\"application\/ld+json\" class=\"aioseo-schema\">\n\t\t\t{\"@context\":\"https:\\\/\\\/schema.org\",\"@graph\":[{\"@type\":\"BlogPosting\",\"@id\":\"https:\\\/\\\/www.eldigitaldeasturias.com\\\/noticias\\\/aumentan-los-casos-de-gripe-aviar\\\/#blogposting\",\"name\":\"Aumentan los casos de gripe aviar - El Digital de Asturias\",\"headline\":\"Aumentan los casos de gripe aviar\",\"author\":{\"@id\":\"https:\\\/\\\/www.eldigitaldeasturias.com\\\/noticias\\\/author\\\/admin\\\/#author\"},\"publisher\":{\"@id\":\"https:\\\/\\\/www.eldigitaldeasturias.com\\\/noticias\\\/#organization\"},\"image\":{\"@type\":\"ImageObject\",\"url\":\"https:\\\/\\\/www.eldigitaldeasturias.com\\\/noticias\\\/wp-content\\\/uploads\\\/2023\\\/12\\\/gripe-aviar.jpg\",\"width\":1011,\"height\":670,\"caption\":\"Pavos de 14 semanas de edad en una granja av\\u00edcola en Alemania. Los nuevos brotes de gripe aviar han aumentado significativamente en los ultimos meses, afectando en particular a los pavos. Foto: Sven Hoppe\\\/dpa\"},\"datePublished\":\"2023-12-15T21:20:45+01:00\",\"dateModified\":\"2023-12-15T21:20:45+01:00\",\"inLanguage\":\"es-ES\",\"mainEntityOfPage\":{\"@id\":\"https:\\\/\\\/www.eldigitaldeasturias.com\\\/noticias\\\/aumentan-los-casos-de-gripe-aviar\\\/#webpage\"},\"isPartOf\":{\"@id\":\"https:\\\/\\\/www.eldigitaldeasturias.com\\\/noticias\\\/aumentan-los-casos-de-gripe-aviar\\\/#webpage\"},\"articleSection\":\"Actualidad, Destacadas\"},{\"@type\":\"BreadcrumbList\",\"@id\":\"https:\\\/\\\/www.eldigitaldeasturias.com\\\/noticias\\\/aumentan-los-casos-de-gripe-aviar\\\/#breadcrumblist\",\"itemListElement\":[{\"@type\":\"ListItem\",\"@id\":\"https:\\\/\\\/www.eldigitaldeasturias.com\\\/noticias#listItem\",\"position\":1,\"name\":\"Home\",\"item\":\"https:\\\/\\\/www.eldigitaldeasturias.com\\\/noticias\",\"nextItem\":{\"@type\":\"ListItem\",\"@id\":\"https:\\\/\\\/www.eldigitaldeasturias.com\\\/noticias\\\/category\\\/actualidad\\\/#listItem\",\"name\":\"Actualidad\"}},{\"@type\":\"ListItem\",\"@id\":\"https:\\\/\\\/www.eldigitaldeasturias.com\\\/noticias\\\/category\\\/actualidad\\\/#listItem\",\"position\":2,\"name\":\"Actualidad\",\"item\":\"https:\\\/\\\/www.eldigitaldeasturias.com\\\/noticias\\\/category\\\/actualidad\\\/\",\"nextItem\":{\"@type\":\"ListItem\",\"@id\":\"https:\\\/\\\/www.eldigitaldeasturias.com\\\/noticias\\\/aumentan-los-casos-de-gripe-aviar\\\/#listItem\",\"name\":\"Aumentan los casos de gripe aviar\"},\"previousItem\":{\"@type\":\"ListItem\",\"@id\":\"https:\\\/\\\/www.eldigitaldeasturias.com\\\/noticias#listItem\",\"name\":\"Home\"}},{\"@type\":\"ListItem\",\"@id\":\"https:\\\/\\\/www.eldigitaldeasturias.com\\\/noticias\\\/aumentan-los-casos-de-gripe-aviar\\\/#listItem\",\"position\":3,\"name\":\"Aumentan los casos de gripe aviar\",\"previousItem\":{\"@type\":\"ListItem\",\"@id\":\"https:\\\/\\\/www.eldigitaldeasturias.com\\\/noticias\\\/category\\\/actualidad\\\/#listItem\",\"name\":\"Actualidad\"}}]},{\"@type\":\"Organization\",\"@id\":\"https:\\\/\\\/www.eldigitaldeasturias.com\\\/noticias\\\/#organization\",\"name\":\"El Digital de Asturias\",\"description\":\"Hemeroteca\",\"url\":\"https:\\\/\\\/www.eldigitaldeasturias.com\\\/noticias\\\/\",\"email\":\"info@eldigitaldeasturias.com\",\"telephone\":\"+34652131393\",\"logo\":{\"@type\":\"ImageObject\",\"url\":\"https:\\\/\\\/www.eldigitaldeasturias.com\\\/noticias\\\/wp-content\\\/uploads\\\/2020\\\/12\\\/EDA.jpg\",\"@id\":\"https:\\\/\\\/www.eldigitaldeasturias.com\\\/noticias\\\/aumentan-los-casos-de-gripe-aviar\\\/#organizationLogo\",\"width\":649,\"height\":297},\"image\":{\"@id\":\"https:\\\/\\\/www.eldigitaldeasturias.com\\\/noticias\\\/aumentan-los-casos-de-gripe-aviar\\\/#organizationLogo\"},\"sameAs\":[\"https:\\\/\\\/facebook.com\\\/eldigitaldeasturias\",\"https:\\\/\\\/www.youtube.com\\\/channel\\\/UCZP-2wLEB9Rv6erhFmqVnvg\"],\"address\":{\"@id\":\"https:\\\/\\\/www.eldigitaldeasturias.com\\\/noticias\\\/#postaladdress\",\"@type\":\"PostalAddress\",\"streetAddress\":\"san antonio 4,\",\"postalCode\":\"33430\",\"addressLocality\":\"Cand\\u00e1s\",\"addressRegion\":\"Asturias\",\"addressCountry\":\"ES\"}},{\"@type\":\"Person\",\"@id\":\"https:\\\/\\\/www.eldigitaldeasturias.com\\\/noticias\\\/author\\\/admin\\\/#author\",\"url\":\"https:\\\/\\\/www.eldigitaldeasturias.com\\\/noticias\\\/author\\\/admin\\\/\",\"name\":\"El Digital de Asturias\",\"image\":{\"@type\":\"ImageObject\",\"@id\":\"https:\\\/\\\/www.eldigitaldeasturias.com\\\/noticias\\\/aumentan-los-casos-de-gripe-aviar\\\/#authorImage\",\"url\":\"https:\\\/\\\/www.eldigitaldeasturias.com\\\/noticias\\\/wp-content\\\/litespeed\\\/avatar\\\/18677e78aa0546b92d9dbf31ec7d7668.jpg?ver=1777290358\",\"width\":96,\"height\":96,\"caption\":\"El Digital de Asturias\"}},{\"@type\":\"WebPage\",\"@id\":\"https:\\\/\\\/www.eldigitaldeasturias.com\\\/noticias\\\/aumentan-los-casos-de-gripe-aviar\\\/#webpage\",\"url\":\"https:\\\/\\\/www.eldigitaldeasturias.com\\\/noticias\\\/aumentan-los-casos-de-gripe-aviar\\\/\",\"name\":\"Aumentan los casos de gripe aviar - El Digital de Asturias\",\"description\":\"Greifswald (Alemania), 15 dic (dpa) - El n\\u00famero de brotes de gripe aviar en granjas av\\u00edcolas alemanas y europeas ha vuelto a aumentar recientemente\",\"inLanguage\":\"es-ES\",\"isPartOf\":{\"@id\":\"https:\\\/\\\/www.eldigitaldeasturias.com\\\/noticias\\\/#website\"},\"breadcrumb\":{\"@id\":\"https:\\\/\\\/www.eldigitaldeasturias.com\\\/noticias\\\/aumentan-los-casos-de-gripe-aviar\\\/#breadcrumblist\"},\"author\":{\"@id\":\"https:\\\/\\\/www.eldigitaldeasturias.com\\\/noticias\\\/author\\\/admin\\\/#author\"},\"creator\":{\"@id\":\"https:\\\/\\\/www.eldigitaldeasturias.com\\\/noticias\\\/author\\\/admin\\\/#author\"},\"image\":{\"@type\":\"ImageObject\",\"url\":\"https:\\\/\\\/www.eldigitaldeasturias.com\\\/noticias\\\/wp-content\\\/uploads\\\/2023\\\/12\\\/gripe-aviar.jpg\",\"@id\":\"https:\\\/\\\/www.eldigitaldeasturias.com\\\/noticias\\\/aumentan-los-casos-de-gripe-aviar\\\/#mainImage\",\"width\":1011,\"height\":670,\"caption\":\"Pavos de 14 semanas de edad en una granja av\\u00edcola en Alemania. Los nuevos brotes de gripe aviar han aumentado significativamente en los ultimos meses, afectando en particular a los pavos. Foto: Sven Hoppe\\\/dpa\"},\"primaryImageOfPage\":{\"@id\":\"https:\\\/\\\/www.eldigitaldeasturias.com\\\/noticias\\\/aumentan-los-casos-de-gripe-aviar\\\/#mainImage\"},\"datePublished\":\"2023-12-15T21:20:45+01:00\",\"dateModified\":\"2023-12-15T21:20:45+01:00\"},{\"@type\":\"WebSite\",\"@id\":\"https:\\\/\\\/www.eldigitaldeasturias.com\\\/noticias\\\/#website\",\"url\":\"https:\\\/\\\/www.eldigitaldeasturias.com\\\/noticias\\\/\",\"name\":\"El Digital de Asturias - Diario de actualidad y noticias\",\"alternateName\":\"El Digital de Asturias - Diario de actualidad y noticias\",\"description\":\"Hemeroteca\",\"inLanguage\":\"es-ES\",\"publisher\":{\"@id\":\"https:\\\/\\\/www.eldigitaldeasturias.com\\\/noticias\\\/#organization\"}}]}\n\t\t<\/script>\n\t\t<!-- All in One SEO Pro -->\r\n\t\t<title>Aumentan los casos de gripe aviar - El Digital de Asturias<\/title>\n\n","aioseo_head_json":{"title":"Aumentan los casos de gripe aviar - El Digital de Asturias","description":"Greifswald (Alemania), 15 dic (dpa) - El n\u00famero de brotes de gripe aviar en granjas av\u00edcolas alemanas y europeas ha vuelto a aumentar recientemente","canonical_url":"https:\/\/www.eldigitaldeasturias.com\/noticias\/aumentan-los-casos-de-gripe-aviar\/","robots":"max-image-preview:large","keywords":"actualidad,destacadas","webmasterTools":{"google-site-verification":"UA-38556648-1","msvalidate.01":"7dfe9f3f1b24437ab69f4f2559babe99","miscellaneous":""},"schema":{"@context":"https:\/\/schema.org","@graph":[{"@type":"BlogPosting","@id":"https:\/\/www.eldigitaldeasturias.com\/noticias\/aumentan-los-casos-de-gripe-aviar\/#blogposting","name":"Aumentan los casos de gripe aviar - El Digital de Asturias","headline":"Aumentan los casos de gripe aviar","author":{"@id":"https:\/\/www.eldigitaldeasturias.com\/noticias\/author\/admin\/#author"},"publisher":{"@id":"https:\/\/www.eldigitaldeasturias.com\/noticias\/#organization"},"image":{"@type":"ImageObject","url":"https:\/\/www.eldigitaldeasturias.com\/noticias\/wp-content\/uploads\/2023\/12\/gripe-aviar.jpg","width":1011,"height":670,"caption":"Pavos de 14 semanas de edad en una granja av\u00edcola en Alemania. Los nuevos brotes de gripe aviar han aumentado significativamente en los ultimos meses, afectando en particular a los pavos. Foto: Sven Hoppe\/dpa"},"datePublished":"2023-12-15T21:20:45+01:00","dateModified":"2023-12-15T21:20:45+01:00","inLanguage":"es-ES","mainEntityOfPage":{"@id":"https:\/\/www.eldigitaldeasturias.com\/noticias\/aumentan-los-casos-de-gripe-aviar\/#webpage"},"isPartOf":{"@id":"https:\/\/www.eldigitaldeasturias.com\/noticias\/aumentan-los-casos-de-gripe-aviar\/#webpage"},"articleSection":"Actualidad, Destacadas"},{"@type":"BreadcrumbList","@id":"https:\/\/www.eldigitaldeasturias.com\/noticias\/aumentan-los-casos-de-gripe-aviar\/#breadcrumblist","itemListElement":[{"@type":"ListItem","@id":"https:\/\/www.eldigitaldeasturias.com\/noticias#listItem","position":1,"name":"Home","item":"https:\/\/www.eldigitaldeasturias.com\/noticias","nextItem":{"@type":"ListItem","@id":"https:\/\/www.eldigitaldeasturias.com\/noticias\/category\/actualidad\/#listItem","name":"Actualidad"}},{"@type":"ListItem","@id":"https:\/\/www.eldigitaldeasturias.com\/noticias\/category\/actualidad\/#listItem","position":2,"name":"Actualidad","item":"https:\/\/www.eldigitaldeasturias.com\/noticias\/category\/actualidad\/","nextItem":{"@type":"ListItem","@id":"https:\/\/www.eldigitaldeasturias.com\/noticias\/aumentan-los-casos-de-gripe-aviar\/#listItem","name":"Aumentan los casos de gripe aviar"},"previousItem":{"@type":"ListItem","@id":"https:\/\/www.eldigitaldeasturias.com\/noticias#listItem","name":"Home"}},{"@type":"ListItem","@id":"https:\/\/www.eldigitaldeasturias.com\/noticias\/aumentan-los-casos-de-gripe-aviar\/#listItem","position":3,"name":"Aumentan los casos de gripe aviar","previousItem":{"@type":"ListItem","@id":"https:\/\/www.eldigitaldeasturias.com\/noticias\/category\/actualidad\/#listItem","name":"Actualidad"}}]},{"@type":"Organization","@id":"https:\/\/www.eldigitaldeasturias.com\/noticias\/#organization","name":"El Digital de Asturias","description":"Hemeroteca","url":"https:\/\/www.eldigitaldeasturias.com\/noticias\/","email":"info@eldigitaldeasturias.com","telephone":"+34652131393","logo":{"@type":"ImageObject","url":"https:\/\/www.eldigitaldeasturias.com\/noticias\/wp-content\/uploads\/2020\/12\/EDA.jpg","@id":"https:\/\/www.eldigitaldeasturias.com\/noticias\/aumentan-los-casos-de-gripe-aviar\/#organizationLogo","width":649,"height":297},"image":{"@id":"https:\/\/www.eldigitaldeasturias.com\/noticias\/aumentan-los-casos-de-gripe-aviar\/#organizationLogo"},"sameAs":["https:\/\/facebook.com\/eldigitaldeasturias","https:\/\/www.youtube.com\/channel\/UCZP-2wLEB9Rv6erhFmqVnvg"],"address":{"@id":"https:\/\/www.eldigitaldeasturias.com\/noticias\/#postaladdress","@type":"PostalAddress","streetAddress":"san antonio 4,","postalCode":"33430","addressLocality":"Cand\u00e1s","addressRegion":"Asturias","addressCountry":"ES"}},{"@type":"Person","@id":"https:\/\/www.eldigitaldeasturias.com\/noticias\/author\/admin\/#author","url":"https:\/\/www.eldigitaldeasturias.com\/noticias\/author\/admin\/","name":"El Digital de Asturias","image":{"@type":"ImageObject","@id":"https:\/\/www.eldigitaldeasturias.com\/noticias\/aumentan-los-casos-de-gripe-aviar\/#authorImage","url":"https:\/\/www.eldigitaldeasturias.com\/noticias\/wp-content\/litespeed\/avatar\/18677e78aa0546b92d9dbf31ec7d7668.jpg?ver=1777290358","width":96,"height":96,"caption":"El Digital de Asturias"}},{"@type":"WebPage","@id":"https:\/\/www.eldigitaldeasturias.com\/noticias\/aumentan-los-casos-de-gripe-aviar\/#webpage","url":"https:\/\/www.eldigitaldeasturias.com\/noticias\/aumentan-los-casos-de-gripe-aviar\/","name":"Aumentan los casos de gripe aviar - El Digital de Asturias","description":"Greifswald (Alemania), 15 dic (dpa) - El n\u00famero de brotes de gripe aviar en granjas av\u00edcolas alemanas y europeas ha vuelto a aumentar recientemente","inLanguage":"es-ES","isPartOf":{"@id":"https:\/\/www.eldigitaldeasturias.com\/noticias\/#website"},"breadcrumb":{"@id":"https:\/\/www.eldigitaldeasturias.com\/noticias\/aumentan-los-casos-de-gripe-aviar\/#breadcrumblist"},"author":{"@id":"https:\/\/www.eldigitaldeasturias.com\/noticias\/author\/admin\/#author"},"creator":{"@id":"https:\/\/www.eldigitaldeasturias.com\/noticias\/author\/admin\/#author"},"image":{"@type":"ImageObject","url":"https:\/\/www.eldigitaldeasturias.com\/noticias\/wp-content\/uploads\/2023\/12\/gripe-aviar.jpg","@id":"https:\/\/www.eldigitaldeasturias.com\/noticias\/aumentan-los-casos-de-gripe-aviar\/#mainImage","width":1011,"height":670,"caption":"Pavos de 14 semanas de edad en una granja av\u00edcola en Alemania. Los nuevos brotes de gripe aviar han aumentado significativamente en los ultimos meses, afectando en particular a los pavos. Foto: Sven Hoppe\/dpa"},"primaryImageOfPage":{"@id":"https:\/\/www.eldigitaldeasturias.com\/noticias\/aumentan-los-casos-de-gripe-aviar\/#mainImage"},"datePublished":"2023-12-15T21:20:45+01:00","dateModified":"2023-12-15T21:20:45+01:00"},{"@type":"WebSite","@id":"https:\/\/www.eldigitaldeasturias.com\/noticias\/#website","url":"https:\/\/www.eldigitaldeasturias.com\/noticias\/","name":"El Digital de Asturias - Diario de actualidad y noticias","alternateName":"El Digital de Asturias - Diario de actualidad y noticias","description":"Hemeroteca","inLanguage":"es-ES","publisher":{"@id":"https:\/\/www.eldigitaldeasturias.com\/noticias\/#organization"}}]},"og:locale":"es_ES","og:site_name":"El Digital de Asturias","og:type":"article","og:title":"Aumentan los casos de gripe aviar - El Digital de Asturias","og:description":"Greifswald (Alemania), 15 dic (dpa) - El n\u00famero de brotes de gripe aviar en granjas av\u00edcolas alemanas y europeas ha vuelto a aumentar recientemente","og:url":"https:\/\/www.eldigitaldeasturias.com\/noticias\/aumentan-los-casos-de-gripe-aviar\/","og:image":"https:\/\/www.eldigitaldeasturias.com\/noticias\/wp-content\/uploads\/2023\/12\/gripe-aviar.jpg","og:image:secure_url":"https:\/\/www.eldigitaldeasturias.com\/noticias\/wp-content\/uploads\/2023\/12\/gripe-aviar.jpg","og:image:width":1011,"og:image:height":670,"article:tag":["actualidad","destacadas"],"article:published_time":"2023-12-15T20:20:45+00:00","article:modified_time":"2023-12-15T20:20:45+00:00","article:publisher":"https:\/\/facebook.com\/eldigitaldeasturias","twitter:card":"summary_large_image","twitter:title":"Aumentan los casos de gripe aviar - El Digital de Asturias","twitter:description":"Greifswald (Alemania), 15 dic (dpa) - El n\u00famero de brotes de gripe aviar en granjas av\u00edcolas alemanas y europeas ha vuelto a aumentar recientemente","twitter:image":"https:\/\/www.eldigitaldeasturias.com\/noticias\/wp-content\/uploads\/2023\/12\/gripe-aviar.jpg","twitter:label1":"Escrito por","twitter:data1":"El Digital de Asturias","twitter:label2":"Tiempo de lectura estimado","twitter:data2":"2 minutos"},"aioseo_meta_data":{"post_id":"1127659","title":null,"description":"Greifswald (Alemania), 15 dic (dpa) - El n\u00famero de brotes de gripe aviar en granjas av\u00edcolas alemanas y europeas ha vuelto a aumentar recientemente","keywords":[],"keyphrases":{"focus":{"keyphrase":"gripe","score":93,"analysis":{"keyphraseInTitle":{"score":9,"maxScore":9,"error":0},"keyphraseInDescription":{"score":9,"maxScore":9,"error":0},"keyphraseLength":{"score":9,"maxScore":9,"error":0,"length":1},"keyphraseInURL":{"score":1,"maxScore":5,"error":1},"keyphraseInIntroduction":{"score":9,"maxScore":9,"error":0},"keyphraseInSubHeadings":[],"keyphraseInImageAlt":{"score":9,"maxScore":9,"error":0},"keywordDensity":{"type":"best","score":9,"maxScore":9,"error":0}}},"additional":[{"keyphrase":"gripe aviar","score":100,"analysis":{"keyphraseInDescription":{"score":9,"maxScore":9,"error":0},"keyphraseLength":{"score":9,"maxScore":9,"error":0,"length":2},"keyphraseInIntroduction":{"score":9,"maxScore":9,"error":0},"keyphraseInImageAlt":{"score":9,"maxScore":9,"error":0},"keywordDensity":{"type":"best","score":9,"maxScore":9,"error":0}}}]},"primary_term":null,"canonical_url":null,"og_title":null,"og_description":null,"og_object_type":"default","og_image_type":"default","og_image_url":null,"og_image_width":null,"og_image_height":null,"og_image_custom_url":null,"og_image_custom_fields":null,"og_video":"","og_custom_url":null,"og_article_section":null,"og_article_tags":[],"twitter_use_og":false,"twitter_card":"default","twitter_image_type":"default","twitter_image_url":null,"twitter_image_custom_url":null,"twitter_image_custom_fields":null,"twitter_title":null,"twitter_description":null,"schema":{"blockGraphs":[],"customGraphs":[],"default":{"data":{"Article":[],"Course":[],"Dataset":[],"FAQPage":[],"Movie":[],"Person":[],"Product":[],"ProductReview":[],"Car":[],"Recipe":[],"Service":[],"SoftwareApplication":[],"WebPage":[]},"graphName":"BlogPosting","isEnabled":true},"graphs":[]},"schema_type":"default","schema_type_options":null,"pillar_content":false,"robots_default":true,"robots_noindex":false,"robots_noarchive":false,"robots_nosnippet":false,"robots_nofollow":false,"robots_noimageindex":false,"robots_noodp":false,"robots_notranslate":false,"robots_max_snippet":"-1","robots_max_videopreview":"-1","robots_max_imagepreview":"large","priority":null,"frequency":"default","local_seo":null,"seo_analyzer_scan_date":"2025-10-05 23:43:28","breadcrumb_settings":null,"limit_modified_date":false,"open_ai":"{\"title\":{\"suggestions\":[],\"usage\":0},\"description\":{\"suggestions\":[],\"usage\":0}}","ai":null,"created":"2023-12-15 19:57:08","updated":"2025-10-09 05:46:37"},"aioseo_breadcrumb":"<div class=\"aioseo-breadcrumbs\"><span class=\"aioseo-breadcrumb\">\n\t<a href=\"https:\/\/www.eldigitaldeasturias.com\/noticias\" title=\"Home\">Home<\/a>\n<\/span><span class=\"aioseo-breadcrumb-separator\">\u2013<\/span><span class=\"aioseo-breadcrumb\">\n\t<a href=\"https:\/\/www.eldigitaldeasturias.com\/noticias\/category\/actualidad\/\" title=\"Actualidad\">Actualidad<\/a>\n<\/span><span class=\"aioseo-breadcrumb-separator\">\u2013<\/span><span class=\"aioseo-breadcrumb\">\n\t<a href=\"https:\/\/www.eldigitaldeasturias.com\/noticias\/aumentan-los-casos-de-gripe-aviar\/\" title=\"Aumentan los casos de gripe aviar\">Aumentan los casos de gripe aviar<\/a>\n<\/span><\/div>","aioseo_breadcrumb_json":[{"label":"Home","link":"https:\/\/www.eldigitaldeasturias.com\/noticias"},{"label":"Actualidad","link":"https:\/\/www.eldigitaldeasturias.com\/noticias\/category\/actualidad\/"},{"label":"Aumentan los casos de gripe aviar","link":"https:\/\/www.eldigitaldeasturias.com\/noticias\/aumentan-los-casos-de-gripe-aviar\/"}],"_links":{"self":[{"href":"https:\/\/www.eldigitaldeasturias.com\/noticias\/wp-json\/wp\/v2\/posts\/1127659","targetHints":{"allow":["GET"]}}],"collection":[{"href":"https:\/\/www.eldigitaldeasturias.com\/noticias\/wp-json\/wp\/v2\/posts"}],"about":[{"href":"https:\/\/www.eldigitaldeasturias.com\/noticias\/wp-json\/wp\/v2\/types\/post"}],"author":[{"embeddable":true,"href":"https:\/\/www.eldigitaldeasturias.com\/noticias\/wp-json\/wp\/v2\/users\/1"}],"replies":[{"embeddable":true,"href":"https:\/\/www.eldigitaldeasturias.com\/noticias\/wp-json\/wp\/v2\/comments?post=1127659"}],"version-history":[{"count":0,"href":"https:\/\/www.eldigitaldeasturias.com\/noticias\/wp-json\/wp\/v2\/posts\/1127659\/revisions"}],"wp:featuredmedia":[{"embeddable":true,"href":"https:\/\/www.eldigitaldeasturias.com\/noticias\/wp-json\/wp\/v2\/media\/1127660"}],"wp:attachment":[{"href":"https:\/\/www.eldigitaldeasturias.com\/noticias\/wp-json\/wp\/v2\/media?parent=1127659"}],"wp:term":[{"taxonomy":"category","embeddable":true,"href":"https:\/\/www.eldigitaldeasturias.com\/noticias\/wp-json\/wp\/v2\/categories?post=1127659"},{"taxonomy":"post_tag","embeddable":true,"href":"https:\/\/www.eldigitaldeasturias.com\/noticias\/wp-json\/wp\/v2\/tags?post=1127659"}],"curies":[{"name":"wp","href":"https:\/\/api.w.org\/{rel}","templated":true}]}}