{"id":1127647,"date":"2023-12-15T11:32:05","date_gmt":"2023-12-15T10:32:05","guid":{"rendered":"https:\/\/www.eldigitaldeasturias.com\/noticias\/?p=1127647"},"modified":"2023-12-15T11:33:23","modified_gmt":"2023-12-15T10:33:23","slug":"nuevo-estudio-sobre-el-impacto-de-internet-en-la-salud-mental","status":"publish","type":"post","link":"https:\/\/www.eldigitaldeasturias.com\/noticias\/nuevo-estudio-sobre-el-impacto-de-internet-en-la-salud-mental\/","title":{"rendered":"Nuevo estudio sobre el impacto de internet en la salud mental"},"content":{"rendered":"<p>(<a title=\"dpa\" href=\"https:\/\/www.dpa-news.de\/\" target=\"_blank\" rel=\"noopener\"><strong><span style=\"color: #ff6600;\">dpa<\/span><\/strong><\/a>) &#8211; Numerosos estudios publicados en los \u00faltimos a\u00f1os mostraron el aparente impacto de Internet y las aplicaciones m\u00f3viles en la <a href=\"https:\/\/candas365.es\/noticias\/category\/salud\/\" target=\"_blank\" rel=\"noopener\"><span style=\"color: #ff6600;\"><strong>salud mental<\/strong><\/span><\/a>, muchos de ellos centrados en redes sociales como Instagram y Tiktok y su potencial para da\u00f1ar a los usuarios adolescentes.<\/p>\n<figure id=\"attachment_1127649\" aria-describedby=\"caption-attachment-1127649\" style=\"width: 650px\" class=\"wp-caption aligncenter\"><img loading=\"lazy\" decoding=\"async\" class=\"wp-image-1127649 size-large\" src=\"https:\/\/www.eldigitaldeasturias.com\/noticias\/wp-content\/uploads\/2023\/12\/internet-y-salud-mental-650x434.jpg\" alt=\"internet y salud mental\" width=\"650\" height=\"434\" srcset=\"https:\/\/www.eldigitaldeasturias.com\/noticias\/wp-content\/uploads\/2023\/12\/internet-y-salud-mental-650x434.jpg 650w, https:\/\/www.eldigitaldeasturias.com\/noticias\/wp-content\/uploads\/2023\/12\/internet-y-salud-mental-360x241.jpg 360w, https:\/\/www.eldigitaldeasturias.com\/noticias\/wp-content\/uploads\/2023\/12\/internet-y-salud-mental-449x300.jpg 449w, https:\/\/www.eldigitaldeasturias.com\/noticias\/wp-content\/uploads\/2023\/12\/internet-y-salud-mental-768x513.jpg 768w, https:\/\/www.eldigitaldeasturias.com\/noticias\/wp-content\/uploads\/2023\/12\/internet-y-salud-mental-150x100.jpg 150w, https:\/\/www.eldigitaldeasturias.com\/noticias\/wp-content\/uploads\/2023\/12\/internet-y-salud-mental-450x301.jpg 450w, https:\/\/www.eldigitaldeasturias.com\/noticias\/wp-content\/uploads\/2023\/12\/internet-y-salud-mental.jpg 1013w\" sizes=\"auto, (max-width: 650px) 100vw, 650px\" \/><figcaption id=\"caption-attachment-1127649\" class=\"wp-caption-text\">Foto: Laura Ludwig\/dpa<\/figcaption><\/figure>\n<p>Pero, despu\u00e9s de todo, puede que no haya mucho de cierto en l<strong>a relaci\u00f3n entre navegar mucho por Internet y la mala salud mental<\/strong>.<\/p>\n<p>O al menos nada que pueda confirmarse, a tenor de una investigaci\u00f3n realizada en la Universidad de Oxford y publicada por la revista Clinical Psychological Science, que, en una especie de resultado revisionista, concluy\u00f3 que <strong>\u00ablos v\u00ednculos entre la adopci\u00f3n de Internet y el bienestar psicol\u00f3gico\u00bb eran \u00abcomo mucho, peque\u00f1os\u00bb.<\/strong><\/p>\n<blockquote><p>\u00abBuscamos con ah\u00ednco una pistola humeante que relacionara tecnolog\u00eda y bienestar y no la encontramos\u00bb, dijo Andrew Przybylski, profesor de Oxford.<\/p><\/blockquote>\n<p>Przybylski dijo que los investigadores analizaron meticulosamente el posible impacto en diferentes edades y g\u00e9neros, solo para encontrar que no hab\u00eda \u00abninguna prueba que apoye las ideas populares de que ciertos grupos corren m\u00e1s riesgo\u00bb.<\/p>\n<p>Los investigadores, con sede en el Oxford Internet Institute, analizaron casi dos d\u00e9cadas de datos de <strong>dos millones de <a href=\"https:\/\/www.eldigitaldeasturias.com\/noticias\/category\/sociedad\/\"><span style=\"color: #ff6600;\">personas<\/span><\/a> de entre 15 y 89 a\u00f1os y de 168 pa\u00edses<\/strong>.<\/p>\n<p>Los autores tambi\u00e9n examinaron investigaciones anteriores y descubrieron que muchos estudios que aparentemente demostraban que la tecnolog\u00eda de Internet est\u00e1 asociada a problemas de salud mental y resultados negativos eran ambiguos y abiertos a la interpretaci\u00f3n.<\/p>\n<p><strong>\u00abHemos estudiado los datos m\u00e1s amplios jam\u00e1s considerados sobre bienestar y uso de Internet, tanto a lo largo del tiempo como en t\u00e9rminos demogr\u00e1ficos\u00bb, afirm\u00f3 Matti Vuorre<\/strong>, profesor adjunto de la Universidad de Tilburg e investigador asociado del Instituto.<\/p>\n<p>Pero Vuorre y sus colegas alertaron que las empresas tecnol\u00f3gicas tienen que proporcionar m\u00e1s datos, muchos de los cuales se reservan, si quieren disipar de forma concluyente <strong>\u00ablas suposiciones populares sobre los efectos psicol\u00f3gicos negativos de las tecnolog\u00edas y plataformas de Internet\u00bb.<\/strong><\/p>\n","protected":false},"excerpt":{"rendered":"<p>(dpa) &#8211; Numerosos estudios publicados en los \u00faltimos a\u00f1os mostraron el aparente impacto de Internet y las aplicaciones m\u00f3viles en la salud mental, muchos de ellos centrados en redes sociales como Instagram y Tiktok y su potencial para da\u00f1ar a los usuarios adolescentes. Pero, despu\u00e9s de todo, puede que no haya mucho de cierto en [&hellip;]<\/p>\n","protected":false},"author":1,"featured_media":1127649,"comment_status":"closed","ping_status":"closed","sticky":false,"template":"","format":"standard","meta":{"footnotes":""},"categories":[141,28],"tags":[],"class_list":["post-1127647","post","type-post","status-publish","format-standard","has-post-thumbnail","hentry","category-destacadas","category-sociedad"],"aioseo_notices":[],"aioseo_head":"\n\t\t<!-- All in One SEO Pro 4.9.6.2 - aioseo.com -->\n\t<meta name=\"description\" content=\"(dpa) - Numerosos estudios publicados en los \u00faltimos a\u00f1os mostraron el aparente impacto de Internet y las aplicaciones m\u00f3viles en la salud mental, muchos de ellos centrados en redes sociales como Instagram y Tiktok y su potencial para da\u00f1ar a los usuarios adolescentes. Pero, despu\u00e9s de todo, puede que no haya mucho de cierto en\" \/>\n\t<meta name=\"robots\" content=\"max-image-preview:large\" \/>\n\t<meta name=\"author\" content=\"El Digital de Asturias\"\/>\n\t<meta name=\"google-site-verification\" content=\"UA-38556648-1\" \/>\n\t<meta name=\"msvalidate.01\" content=\"7dfe9f3f1b24437ab69f4f2559babe99\" \/>\n\t<meta name=\"keywords\" content=\"destacadas,sociedad\" \/>\n\t<link rel=\"canonical\" href=\"https:\/\/www.eldigitaldeasturias.com\/noticias\/nuevo-estudio-sobre-el-impacto-de-internet-en-la-salud-mental\/\" \/>\n\t<meta name=\"generator\" content=\"All in One SEO Pro (AIOSEO) 4.9.6.2\" \/>\n\t\t<meta property=\"og:locale\" content=\"es_ES\" \/>\n\t\t<meta property=\"og:site_name\" content=\"El Digital de Asturias\" \/>\n\t\t<meta property=\"og:type\" content=\"article\" \/>\n\t\t<meta property=\"og:title\" content=\"Nuevo estudio sobre el impacto de internet en la salud mental - El Digital de Asturias\" \/>\n\t\t<meta property=\"og:description\" content=\"(dpa) - Numerosos estudios publicados en los \u00faltimos a\u00f1os mostraron el aparente impacto de Internet y las aplicaciones m\u00f3viles en la salud mental, muchos de ellos centrados en redes sociales como Instagram y Tiktok y su potencial para da\u00f1ar a los usuarios adolescentes. Pero, despu\u00e9s de todo, puede que no haya mucho de cierto en\" \/>\n\t\t<meta property=\"og:url\" content=\"https:\/\/www.eldigitaldeasturias.com\/noticias\/nuevo-estudio-sobre-el-impacto-de-internet-en-la-salud-mental\/\" \/>\n\t\t<meta property=\"og:image\" content=\"https:\/\/www.eldigitaldeasturias.com\/noticias\/wp-content\/uploads\/2023\/12\/internet-y-salud-mental.jpg\" \/>\n\t\t<meta property=\"og:image:secure_url\" content=\"https:\/\/www.eldigitaldeasturias.com\/noticias\/wp-content\/uploads\/2023\/12\/internet-y-salud-mental.jpg\" \/>\n\t\t<meta property=\"og:image:width\" content=\"1013\" \/>\n\t\t<meta property=\"og:image:height\" content=\"677\" \/>\n\t\t<meta property=\"article:tag\" content=\"destacadas\" \/>\n\t\t<meta property=\"article:tag\" content=\"sociedad\" \/>\n\t\t<meta property=\"article:published_time\" content=\"2023-12-15T10:32:05+00:00\" \/>\n\t\t<meta property=\"article:modified_time\" content=\"2023-12-15T10:33:23+00:00\" \/>\n\t\t<meta property=\"article:publisher\" content=\"https:\/\/facebook.com\/eldigitaldeasturias\" \/>\n\t\t<meta name=\"twitter:card\" content=\"summary_large_image\" \/>\n\t\t<meta name=\"twitter:title\" content=\"Nuevo estudio sobre el impacto de internet en la salud mental - El Digital de Asturias\" \/>\n\t\t<meta name=\"twitter:description\" content=\"(dpa) - Numerosos estudios publicados en los \u00faltimos a\u00f1os mostraron el aparente impacto de Internet y las aplicaciones m\u00f3viles en la salud mental, muchos de ellos centrados en redes sociales como Instagram y Tiktok y su potencial para da\u00f1ar a los usuarios adolescentes. Pero, despu\u00e9s de todo, puede que no haya mucho de cierto en\" \/>\n\t\t<meta name=\"twitter:image\" content=\"https:\/\/www.eldigitaldeasturias.com\/noticias\/wp-content\/uploads\/2023\/12\/internet-y-salud-mental.jpg\" \/>\n\t\t<meta name=\"twitter:label1\" content=\"Escrito por\" \/>\n\t\t<meta name=\"twitter:data1\" content=\"El Digital de Asturias\" \/>\n\t\t<meta name=\"twitter:label2\" content=\"Tiempo de lectura estimado\" \/>\n\t\t<meta name=\"twitter:data2\" content=\"2 minutos\" \/>\n\t\t<script type=\"application\/ld+json\" class=\"aioseo-schema\">\n\t\t\t{\"@context\":\"https:\\\/\\\/schema.org\",\"@graph\":[{\"@type\":\"BlogPosting\",\"@id\":\"https:\\\/\\\/www.eldigitaldeasturias.com\\\/noticias\\\/nuevo-estudio-sobre-el-impacto-de-internet-en-la-salud-mental\\\/#blogposting\",\"name\":\"Nuevo estudio sobre el impacto de internet en la salud mental - El Digital de Asturias\",\"headline\":\"Nuevo estudio sobre el impacto de internet en la salud mental\",\"author\":{\"@id\":\"https:\\\/\\\/www.eldigitaldeasturias.com\\\/noticias\\\/author\\\/admin\\\/#author\"},\"publisher\":{\"@id\":\"https:\\\/\\\/www.eldigitaldeasturias.com\\\/noticias\\\/#organization\"},\"image\":{\"@type\":\"ImageObject\",\"url\":\"https:\\\/\\\/www.eldigitaldeasturias.com\\\/noticias\\\/wp-content\\\/uploads\\\/2023\\\/12\\\/internet-y-salud-mental.jpg\",\"width\":1013,\"height\":677,\"caption\":\"Foto: Laura Ludwig\\\/dpa\"},\"datePublished\":\"2023-12-15T11:32:05+01:00\",\"dateModified\":\"2023-12-15T11:33:23+01:00\",\"inLanguage\":\"es-ES\",\"mainEntityOfPage\":{\"@id\":\"https:\\\/\\\/www.eldigitaldeasturias.com\\\/noticias\\\/nuevo-estudio-sobre-el-impacto-de-internet-en-la-salud-mental\\\/#webpage\"},\"isPartOf\":{\"@id\":\"https:\\\/\\\/www.eldigitaldeasturias.com\\\/noticias\\\/nuevo-estudio-sobre-el-impacto-de-internet-en-la-salud-mental\\\/#webpage\"},\"articleSection\":\"Destacadas, Sociedad\"},{\"@type\":\"BreadcrumbList\",\"@id\":\"https:\\\/\\\/www.eldigitaldeasturias.com\\\/noticias\\\/nuevo-estudio-sobre-el-impacto-de-internet-en-la-salud-mental\\\/#breadcrumblist\",\"itemListElement\":[{\"@type\":\"ListItem\",\"@id\":\"https:\\\/\\\/www.eldigitaldeasturias.com\\\/noticias#listItem\",\"position\":1,\"name\":\"Home\",\"item\":\"https:\\\/\\\/www.eldigitaldeasturias.com\\\/noticias\",\"nextItem\":{\"@type\":\"ListItem\",\"@id\":\"https:\\\/\\\/www.eldigitaldeasturias.com\\\/noticias\\\/category\\\/sociedad\\\/#listItem\",\"name\":\"Sociedad\"}},{\"@type\":\"ListItem\",\"@id\":\"https:\\\/\\\/www.eldigitaldeasturias.com\\\/noticias\\\/category\\\/sociedad\\\/#listItem\",\"position\":2,\"name\":\"Sociedad\",\"item\":\"https:\\\/\\\/www.eldigitaldeasturias.com\\\/noticias\\\/category\\\/sociedad\\\/\",\"nextItem\":{\"@type\":\"ListItem\",\"@id\":\"https:\\\/\\\/www.eldigitaldeasturias.com\\\/noticias\\\/nuevo-estudio-sobre-el-impacto-de-internet-en-la-salud-mental\\\/#listItem\",\"name\":\"Nuevo estudio sobre el impacto de internet en la salud mental\"},\"previousItem\":{\"@type\":\"ListItem\",\"@id\":\"https:\\\/\\\/www.eldigitaldeasturias.com\\\/noticias#listItem\",\"name\":\"Home\"}},{\"@type\":\"ListItem\",\"@id\":\"https:\\\/\\\/www.eldigitaldeasturias.com\\\/noticias\\\/nuevo-estudio-sobre-el-impacto-de-internet-en-la-salud-mental\\\/#listItem\",\"position\":3,\"name\":\"Nuevo estudio sobre el impacto de internet en la salud mental\",\"previousItem\":{\"@type\":\"ListItem\",\"@id\":\"https:\\\/\\\/www.eldigitaldeasturias.com\\\/noticias\\\/category\\\/sociedad\\\/#listItem\",\"name\":\"Sociedad\"}}]},{\"@type\":\"Organization\",\"@id\":\"https:\\\/\\\/www.eldigitaldeasturias.com\\\/noticias\\\/#organization\",\"name\":\"El Digital de Asturias\",\"description\":\"Hemeroteca\",\"url\":\"https:\\\/\\\/www.eldigitaldeasturias.com\\\/noticias\\\/\",\"email\":\"info@eldigitaldeasturias.com\",\"telephone\":\"+34652131393\",\"logo\":{\"@type\":\"ImageObject\",\"url\":\"https:\\\/\\\/www.eldigitaldeasturias.com\\\/noticias\\\/wp-content\\\/uploads\\\/2020\\\/12\\\/EDA.jpg\",\"@id\":\"https:\\\/\\\/www.eldigitaldeasturias.com\\\/noticias\\\/nuevo-estudio-sobre-el-impacto-de-internet-en-la-salud-mental\\\/#organizationLogo\",\"width\":649,\"height\":297},\"image\":{\"@id\":\"https:\\\/\\\/www.eldigitaldeasturias.com\\\/noticias\\\/nuevo-estudio-sobre-el-impacto-de-internet-en-la-salud-mental\\\/#organizationLogo\"},\"sameAs\":[\"https:\\\/\\\/facebook.com\\\/eldigitaldeasturias\",\"https:\\\/\\\/www.youtube.com\\\/channel\\\/UCZP-2wLEB9Rv6erhFmqVnvg\"],\"address\":{\"@id\":\"https:\\\/\\\/www.eldigitaldeasturias.com\\\/noticias\\\/#postaladdress\",\"@type\":\"PostalAddress\",\"streetAddress\":\"san antonio 4,\",\"postalCode\":\"33430\",\"addressLocality\":\"Cand\\u00e1s\",\"addressRegion\":\"Asturias\",\"addressCountry\":\"ES\"}},{\"@type\":\"Person\",\"@id\":\"https:\\\/\\\/www.eldigitaldeasturias.com\\\/noticias\\\/author\\\/admin\\\/#author\",\"url\":\"https:\\\/\\\/www.eldigitaldeasturias.com\\\/noticias\\\/author\\\/admin\\\/\",\"name\":\"El Digital de Asturias\",\"image\":{\"@type\":\"ImageObject\",\"@id\":\"https:\\\/\\\/www.eldigitaldeasturias.com\\\/noticias\\\/nuevo-estudio-sobre-el-impacto-de-internet-en-la-salud-mental\\\/#authorImage\",\"url\":\"https:\\\/\\\/www.eldigitaldeasturias.com\\\/noticias\\\/wp-content\\\/litespeed\\\/avatar\\\/18677e78aa0546b92d9dbf31ec7d7668.jpg?ver=1777290358\",\"width\":96,\"height\":96,\"caption\":\"El Digital de Asturias\"}},{\"@type\":\"WebPage\",\"@id\":\"https:\\\/\\\/www.eldigitaldeasturias.com\\\/noticias\\\/nuevo-estudio-sobre-el-impacto-de-internet-en-la-salud-mental\\\/#webpage\",\"url\":\"https:\\\/\\\/www.eldigitaldeasturias.com\\\/noticias\\\/nuevo-estudio-sobre-el-impacto-de-internet-en-la-salud-mental\\\/\",\"name\":\"Nuevo estudio sobre el impacto de internet en la salud mental - El Digital de Asturias\",\"description\":\"(dpa) - Numerosos estudios publicados en los \\u00faltimos a\\u00f1os mostraron el aparente impacto de Internet y las aplicaciones m\\u00f3viles en la salud mental, muchos de ellos centrados en redes sociales como Instagram y Tiktok y su potencial para da\\u00f1ar a los usuarios adolescentes. Pero, despu\\u00e9s de todo, puede que no haya mucho de cierto en\",\"inLanguage\":\"es-ES\",\"isPartOf\":{\"@id\":\"https:\\\/\\\/www.eldigitaldeasturias.com\\\/noticias\\\/#website\"},\"breadcrumb\":{\"@id\":\"https:\\\/\\\/www.eldigitaldeasturias.com\\\/noticias\\\/nuevo-estudio-sobre-el-impacto-de-internet-en-la-salud-mental\\\/#breadcrumblist\"},\"author\":{\"@id\":\"https:\\\/\\\/www.eldigitaldeasturias.com\\\/noticias\\\/author\\\/admin\\\/#author\"},\"creator\":{\"@id\":\"https:\\\/\\\/www.eldigitaldeasturias.com\\\/noticias\\\/author\\\/admin\\\/#author\"},\"image\":{\"@type\":\"ImageObject\",\"url\":\"https:\\\/\\\/www.eldigitaldeasturias.com\\\/noticias\\\/wp-content\\\/uploads\\\/2023\\\/12\\\/internet-y-salud-mental.jpg\",\"@id\":\"https:\\\/\\\/www.eldigitaldeasturias.com\\\/noticias\\\/nuevo-estudio-sobre-el-impacto-de-internet-en-la-salud-mental\\\/#mainImage\",\"width\":1013,\"height\":677,\"caption\":\"Foto: Laura Ludwig\\\/dpa\"},\"primaryImageOfPage\":{\"@id\":\"https:\\\/\\\/www.eldigitaldeasturias.com\\\/noticias\\\/nuevo-estudio-sobre-el-impacto-de-internet-en-la-salud-mental\\\/#mainImage\"},\"datePublished\":\"2023-12-15T11:32:05+01:00\",\"dateModified\":\"2023-12-15T11:33:23+01:00\"},{\"@type\":\"WebSite\",\"@id\":\"https:\\\/\\\/www.eldigitaldeasturias.com\\\/noticias\\\/#website\",\"url\":\"https:\\\/\\\/www.eldigitaldeasturias.com\\\/noticias\\\/\",\"name\":\"El Digital de Asturias - Diario de actualidad y noticias\",\"alternateName\":\"El Digital de Asturias - Diario de actualidad y noticias\",\"description\":\"Hemeroteca\",\"inLanguage\":\"es-ES\",\"publisher\":{\"@id\":\"https:\\\/\\\/www.eldigitaldeasturias.com\\\/noticias\\\/#organization\"}}]}\n\t\t<\/script>\n\t\t<!-- All in One SEO Pro -->\r\n\t\t<title>Nuevo estudio sobre el impacto de internet en la salud mental - El Digital de Asturias<\/title>\n\n","aioseo_head_json":{"title":"Nuevo estudio sobre el impacto de internet en la salud mental - El Digital de Asturias","description":"(dpa) - Numerosos estudios publicados en los \u00faltimos a\u00f1os mostraron el aparente impacto de Internet y las aplicaciones m\u00f3viles en la salud mental, muchos de ellos centrados en redes sociales como Instagram y Tiktok y su potencial para da\u00f1ar a los usuarios adolescentes. Pero, despu\u00e9s de todo, puede que no haya mucho de cierto en","canonical_url":"https:\/\/www.eldigitaldeasturias.com\/noticias\/nuevo-estudio-sobre-el-impacto-de-internet-en-la-salud-mental\/","robots":"max-image-preview:large","keywords":"destacadas,sociedad","webmasterTools":{"google-site-verification":"UA-38556648-1","msvalidate.01":"7dfe9f3f1b24437ab69f4f2559babe99","miscellaneous":""},"schema":{"@context":"https:\/\/schema.org","@graph":[{"@type":"BlogPosting","@id":"https:\/\/www.eldigitaldeasturias.com\/noticias\/nuevo-estudio-sobre-el-impacto-de-internet-en-la-salud-mental\/#blogposting","name":"Nuevo estudio sobre el impacto de internet en la salud mental - El Digital de Asturias","headline":"Nuevo estudio sobre el impacto de internet en la salud mental","author":{"@id":"https:\/\/www.eldigitaldeasturias.com\/noticias\/author\/admin\/#author"},"publisher":{"@id":"https:\/\/www.eldigitaldeasturias.com\/noticias\/#organization"},"image":{"@type":"ImageObject","url":"https:\/\/www.eldigitaldeasturias.com\/noticias\/wp-content\/uploads\/2023\/12\/internet-y-salud-mental.jpg","width":1013,"height":677,"caption":"Foto: Laura Ludwig\/dpa"},"datePublished":"2023-12-15T11:32:05+01:00","dateModified":"2023-12-15T11:33:23+01:00","inLanguage":"es-ES","mainEntityOfPage":{"@id":"https:\/\/www.eldigitaldeasturias.com\/noticias\/nuevo-estudio-sobre-el-impacto-de-internet-en-la-salud-mental\/#webpage"},"isPartOf":{"@id":"https:\/\/www.eldigitaldeasturias.com\/noticias\/nuevo-estudio-sobre-el-impacto-de-internet-en-la-salud-mental\/#webpage"},"articleSection":"Destacadas, Sociedad"},{"@type":"BreadcrumbList","@id":"https:\/\/www.eldigitaldeasturias.com\/noticias\/nuevo-estudio-sobre-el-impacto-de-internet-en-la-salud-mental\/#breadcrumblist","itemListElement":[{"@type":"ListItem","@id":"https:\/\/www.eldigitaldeasturias.com\/noticias#listItem","position":1,"name":"Home","item":"https:\/\/www.eldigitaldeasturias.com\/noticias","nextItem":{"@type":"ListItem","@id":"https:\/\/www.eldigitaldeasturias.com\/noticias\/category\/sociedad\/#listItem","name":"Sociedad"}},{"@type":"ListItem","@id":"https:\/\/www.eldigitaldeasturias.com\/noticias\/category\/sociedad\/#listItem","position":2,"name":"Sociedad","item":"https:\/\/www.eldigitaldeasturias.com\/noticias\/category\/sociedad\/","nextItem":{"@type":"ListItem","@id":"https:\/\/www.eldigitaldeasturias.com\/noticias\/nuevo-estudio-sobre-el-impacto-de-internet-en-la-salud-mental\/#listItem","name":"Nuevo estudio sobre el impacto de internet en la salud mental"},"previousItem":{"@type":"ListItem","@id":"https:\/\/www.eldigitaldeasturias.com\/noticias#listItem","name":"Home"}},{"@type":"ListItem","@id":"https:\/\/www.eldigitaldeasturias.com\/noticias\/nuevo-estudio-sobre-el-impacto-de-internet-en-la-salud-mental\/#listItem","position":3,"name":"Nuevo estudio sobre el impacto de internet en la salud mental","previousItem":{"@type":"ListItem","@id":"https:\/\/www.eldigitaldeasturias.com\/noticias\/category\/sociedad\/#listItem","name":"Sociedad"}}]},{"@type":"Organization","@id":"https:\/\/www.eldigitaldeasturias.com\/noticias\/#organization","name":"El Digital de Asturias","description":"Hemeroteca","url":"https:\/\/www.eldigitaldeasturias.com\/noticias\/","email":"info@eldigitaldeasturias.com","telephone":"+34652131393","logo":{"@type":"ImageObject","url":"https:\/\/www.eldigitaldeasturias.com\/noticias\/wp-content\/uploads\/2020\/12\/EDA.jpg","@id":"https:\/\/www.eldigitaldeasturias.com\/noticias\/nuevo-estudio-sobre-el-impacto-de-internet-en-la-salud-mental\/#organizationLogo","width":649,"height":297},"image":{"@id":"https:\/\/www.eldigitaldeasturias.com\/noticias\/nuevo-estudio-sobre-el-impacto-de-internet-en-la-salud-mental\/#organizationLogo"},"sameAs":["https:\/\/facebook.com\/eldigitaldeasturias","https:\/\/www.youtube.com\/channel\/UCZP-2wLEB9Rv6erhFmqVnvg"],"address":{"@id":"https:\/\/www.eldigitaldeasturias.com\/noticias\/#postaladdress","@type":"PostalAddress","streetAddress":"san antonio 4,","postalCode":"33430","addressLocality":"Cand\u00e1s","addressRegion":"Asturias","addressCountry":"ES"}},{"@type":"Person","@id":"https:\/\/www.eldigitaldeasturias.com\/noticias\/author\/admin\/#author","url":"https:\/\/www.eldigitaldeasturias.com\/noticias\/author\/admin\/","name":"El Digital de Asturias","image":{"@type":"ImageObject","@id":"https:\/\/www.eldigitaldeasturias.com\/noticias\/nuevo-estudio-sobre-el-impacto-de-internet-en-la-salud-mental\/#authorImage","url":"https:\/\/www.eldigitaldeasturias.com\/noticias\/wp-content\/litespeed\/avatar\/18677e78aa0546b92d9dbf31ec7d7668.jpg?ver=1777290358","width":96,"height":96,"caption":"El Digital de Asturias"}},{"@type":"WebPage","@id":"https:\/\/www.eldigitaldeasturias.com\/noticias\/nuevo-estudio-sobre-el-impacto-de-internet-en-la-salud-mental\/#webpage","url":"https:\/\/www.eldigitaldeasturias.com\/noticias\/nuevo-estudio-sobre-el-impacto-de-internet-en-la-salud-mental\/","name":"Nuevo estudio sobre el impacto de internet en la salud mental - El Digital de Asturias","description":"(dpa) - Numerosos estudios publicados en los \u00faltimos a\u00f1os mostraron el aparente impacto de Internet y las aplicaciones m\u00f3viles en la salud mental, muchos de ellos centrados en redes sociales como Instagram y Tiktok y su potencial para da\u00f1ar a los usuarios adolescentes. Pero, despu\u00e9s de todo, puede que no haya mucho de cierto en","inLanguage":"es-ES","isPartOf":{"@id":"https:\/\/www.eldigitaldeasturias.com\/noticias\/#website"},"breadcrumb":{"@id":"https:\/\/www.eldigitaldeasturias.com\/noticias\/nuevo-estudio-sobre-el-impacto-de-internet-en-la-salud-mental\/#breadcrumblist"},"author":{"@id":"https:\/\/www.eldigitaldeasturias.com\/noticias\/author\/admin\/#author"},"creator":{"@id":"https:\/\/www.eldigitaldeasturias.com\/noticias\/author\/admin\/#author"},"image":{"@type":"ImageObject","url":"https:\/\/www.eldigitaldeasturias.com\/noticias\/wp-content\/uploads\/2023\/12\/internet-y-salud-mental.jpg","@id":"https:\/\/www.eldigitaldeasturias.com\/noticias\/nuevo-estudio-sobre-el-impacto-de-internet-en-la-salud-mental\/#mainImage","width":1013,"height":677,"caption":"Foto: Laura Ludwig\/dpa"},"primaryImageOfPage":{"@id":"https:\/\/www.eldigitaldeasturias.com\/noticias\/nuevo-estudio-sobre-el-impacto-de-internet-en-la-salud-mental\/#mainImage"},"datePublished":"2023-12-15T11:32:05+01:00","dateModified":"2023-12-15T11:33:23+01:00"},{"@type":"WebSite","@id":"https:\/\/www.eldigitaldeasturias.com\/noticias\/#website","url":"https:\/\/www.eldigitaldeasturias.com\/noticias\/","name":"El Digital de Asturias - Diario de actualidad y noticias","alternateName":"El Digital de Asturias - Diario de actualidad y noticias","description":"Hemeroteca","inLanguage":"es-ES","publisher":{"@id":"https:\/\/www.eldigitaldeasturias.com\/noticias\/#organization"}}]},"og:locale":"es_ES","og:site_name":"El Digital de Asturias","og:type":"article","og:title":"Nuevo estudio sobre el impacto de internet en la salud mental - El Digital de Asturias","og:description":"(dpa) - Numerosos estudios publicados en los \u00faltimos a\u00f1os mostraron el aparente impacto de Internet y las aplicaciones m\u00f3viles en la salud mental, muchos de ellos centrados en redes sociales como Instagram y Tiktok y su potencial para da\u00f1ar a los usuarios adolescentes. Pero, despu\u00e9s de todo, puede que no haya mucho de cierto en","og:url":"https:\/\/www.eldigitaldeasturias.com\/noticias\/nuevo-estudio-sobre-el-impacto-de-internet-en-la-salud-mental\/","og:image":"https:\/\/www.eldigitaldeasturias.com\/noticias\/wp-content\/uploads\/2023\/12\/internet-y-salud-mental.jpg","og:image:secure_url":"https:\/\/www.eldigitaldeasturias.com\/noticias\/wp-content\/uploads\/2023\/12\/internet-y-salud-mental.jpg","og:image:width":1013,"og:image:height":677,"article:tag":["destacadas","sociedad"],"article:published_time":"2023-12-15T10:32:05+00:00","article:modified_time":"2023-12-15T10:33:23+00:00","article:publisher":"https:\/\/facebook.com\/eldigitaldeasturias","twitter:card":"summary_large_image","twitter:title":"Nuevo estudio sobre el impacto de internet en la salud mental - El Digital de Asturias","twitter:description":"(dpa) - Numerosos estudios publicados en los \u00faltimos a\u00f1os mostraron el aparente impacto de Internet y las aplicaciones m\u00f3viles en la salud mental, muchos de ellos centrados en redes sociales como Instagram y Tiktok y su potencial para da\u00f1ar a los usuarios adolescentes. Pero, despu\u00e9s de todo, puede que no haya mucho de cierto en","twitter:image":"https:\/\/www.eldigitaldeasturias.com\/noticias\/wp-content\/uploads\/2023\/12\/internet-y-salud-mental.jpg","twitter:label1":"Escrito por","twitter:data1":"El Digital de Asturias","twitter:label2":"Tiempo de lectura estimado","twitter:data2":"2 minutos"},"aioseo_meta_data":{"post_id":"1127647","title":null,"description":null,"keywords":[],"keyphrases":{"focus":{"keyphrase":"","score":0,"analysis":{"keyphraseInTitle":{"score":0,"maxScore":9,"error":1}}},"additional":[]},"primary_term":null,"canonical_url":null,"og_title":null,"og_description":null,"og_object_type":"default","og_image_type":"default","og_image_url":null,"og_image_width":null,"og_image_height":null,"og_image_custom_url":null,"og_image_custom_fields":null,"og_video":"","og_custom_url":null,"og_article_section":null,"og_article_tags":[],"twitter_use_og":false,"twitter_card":"default","twitter_image_type":"default","twitter_image_url":null,"twitter_image_custom_url":null,"twitter_image_custom_fields":null,"twitter_title":null,"twitter_description":null,"schema":{"blockGraphs":[],"customGraphs":[],"default":{"data":{"Article":[],"Course":[],"Dataset":[],"FAQPage":[],"Movie":[],"Person":[],"Product":[],"ProductReview":[],"Car":[],"Recipe":[],"Service":[],"SoftwareApplication":[],"WebPage":[]},"graphName":"BlogPosting","isEnabled":true},"graphs":[]},"schema_type":"default","schema_type_options":null,"pillar_content":false,"robots_default":true,"robots_noindex":false,"robots_noarchive":false,"robots_nosnippet":false,"robots_nofollow":false,"robots_noimageindex":false,"robots_noodp":false,"robots_notranslate":false,"robots_max_snippet":"-1","robots_max_videopreview":"-1","robots_max_imagepreview":"large","priority":null,"frequency":"default","local_seo":null,"seo_analyzer_scan_date":"2025-10-05 23:42:59","breadcrumb_settings":null,"limit_modified_date":false,"open_ai":"{\"title\":{\"suggestions\":[],\"usage\":0},\"description\":{\"suggestions\":[],\"usage\":0}}","ai":null,"created":"2023-12-15 10:25:33","updated":"2025-10-09 05:43:28"},"aioseo_breadcrumb":"<div class=\"aioseo-breadcrumbs\"><span class=\"aioseo-breadcrumb\">\n\t<a href=\"https:\/\/www.eldigitaldeasturias.com\/noticias\" title=\"Home\">Home<\/a>\n<\/span><span class=\"aioseo-breadcrumb-separator\">\u2013<\/span><span class=\"aioseo-breadcrumb\">\n\t<a href=\"https:\/\/www.eldigitaldeasturias.com\/noticias\/category\/sociedad\/\" title=\"Sociedad\">Sociedad<\/a>\n<\/span><span class=\"aioseo-breadcrumb-separator\">\u2013<\/span><span class=\"aioseo-breadcrumb\">\n\t<a href=\"https:\/\/www.eldigitaldeasturias.com\/noticias\/nuevo-estudio-sobre-el-impacto-de-internet-en-la-salud-mental\/\" title=\"Nuevo estudio sobre el impacto de internet en la salud mental\">Nuevo estudio sobre el impacto de internet en la salud mental<\/a>\n<\/span><\/div>","aioseo_breadcrumb_json":[{"label":"Home","link":"https:\/\/www.eldigitaldeasturias.com\/noticias"},{"label":"Sociedad","link":"https:\/\/www.eldigitaldeasturias.com\/noticias\/category\/sociedad\/"},{"label":"Nuevo estudio sobre el impacto de internet en la salud mental","link":"https:\/\/www.eldigitaldeasturias.com\/noticias\/nuevo-estudio-sobre-el-impacto-de-internet-en-la-salud-mental\/"}],"_links":{"self":[{"href":"https:\/\/www.eldigitaldeasturias.com\/noticias\/wp-json\/wp\/v2\/posts\/1127647","targetHints":{"allow":["GET"]}}],"collection":[{"href":"https:\/\/www.eldigitaldeasturias.com\/noticias\/wp-json\/wp\/v2\/posts"}],"about":[{"href":"https:\/\/www.eldigitaldeasturias.com\/noticias\/wp-json\/wp\/v2\/types\/post"}],"author":[{"embeddable":true,"href":"https:\/\/www.eldigitaldeasturias.com\/noticias\/wp-json\/wp\/v2\/users\/1"}],"replies":[{"embeddable":true,"href":"https:\/\/www.eldigitaldeasturias.com\/noticias\/wp-json\/wp\/v2\/comments?post=1127647"}],"version-history":[{"count":0,"href":"https:\/\/www.eldigitaldeasturias.com\/noticias\/wp-json\/wp\/v2\/posts\/1127647\/revisions"}],"wp:featuredmedia":[{"embeddable":true,"href":"https:\/\/www.eldigitaldeasturias.com\/noticias\/wp-json\/wp\/v2\/media\/1127649"}],"wp:attachment":[{"href":"https:\/\/www.eldigitaldeasturias.com\/noticias\/wp-json\/wp\/v2\/media?parent=1127647"}],"wp:term":[{"taxonomy":"category","embeddable":true,"href":"https:\/\/www.eldigitaldeasturias.com\/noticias\/wp-json\/wp\/v2\/categories?post=1127647"},{"taxonomy":"post_tag","embeddable":true,"href":"https:\/\/www.eldigitaldeasturias.com\/noticias\/wp-json\/wp\/v2\/tags?post=1127647"}],"curies":[{"name":"wp","href":"https:\/\/api.w.org\/{rel}","templated":true}]}}