{"id":1127635,"date":"2023-12-13T16:53:24","date_gmt":"2023-12-13T15:53:24","guid":{"rendered":"https:\/\/www.eldigitaldeasturias.com\/noticias\/?p=1127635"},"modified":"2023-12-13T16:53:24","modified_gmt":"2023-12-13T15:53:24","slug":"principado-y-carreno-se-reunen-para-tratar-el-futuro-de-la-ciudad-de-vacaciones-de-perlora","status":"publish","type":"post","link":"https:\/\/www.eldigitaldeasturias.com\/noticias\/principado-y-carreno-se-reunen-para-tratar-el-futuro-de-la-ciudad-de-vacaciones-de-perlora\/","title":{"rendered":"Principado y Carre\u00f1o se re\u00fanen para tratar el futuro de la Ciudad de Vacaciones de Perlora"},"content":{"rendered":"<p><a href=\"https:\/\/actualidad.asturias.es\/\" target=\"_blank\" rel=\"noopener\"><span style=\"color: #ff6600;\"><strong>Principado<\/strong><\/span><\/a> y <span style=\"color: #ff6600;\"><a style=\"color: #ff6600;\" href=\"https:\/\/www.ayto-carreno.es\/\" target=\"_blank\" rel=\"noopener\"><strong>Ayuntamiento de Carre\u00f1o<\/strong><\/a><\/span> prev\u00e9n que la aprobaci\u00f3n inicial del PERI de la Ciudad de Vacaciones de Perlora se produzca en el segundo semestre de 2024, para lo que el Principado ha consignado 90.000 euros en las cuentas del pr\u00f3ximo ejercicio.<\/p>\n<figure id=\"attachment_1127636\" aria-describedby=\"caption-attachment-1127636\" style=\"width: 650px\" class=\"wp-caption aligncenter\"><img loading=\"lazy\" decoding=\"async\" class=\"wp-image-1127636 size-large\" src=\"https:\/\/www.eldigitaldeasturias.com\/noticias\/wp-content\/uploads\/2023\/12\/Reunion-Perlora-650x372.jpg\" alt=\"Reuni\u00f3n Perlora\" width=\"650\" height=\"372\" srcset=\"https:\/\/www.eldigitaldeasturias.com\/noticias\/wp-content\/uploads\/2023\/12\/Reunion-Perlora-650x372.jpg 650w, https:\/\/www.eldigitaldeasturias.com\/noticias\/wp-content\/uploads\/2023\/12\/Reunion-Perlora-360x206.jpg 360w, https:\/\/www.eldigitaldeasturias.com\/noticias\/wp-content\/uploads\/2023\/12\/Reunion-Perlora-480x274.jpg 480w, https:\/\/www.eldigitaldeasturias.com\/noticias\/wp-content\/uploads\/2023\/12\/Reunion-Perlora-768x439.jpg 768w, https:\/\/www.eldigitaldeasturias.com\/noticias\/wp-content\/uploads\/2023\/12\/Reunion-Perlora-150x86.jpg 150w, https:\/\/www.eldigitaldeasturias.com\/noticias\/wp-content\/uploads\/2023\/12\/Reunion-Perlora-450x257.jpg 450w, https:\/\/www.eldigitaldeasturias.com\/noticias\/wp-content\/uploads\/2023\/12\/Reunion-Perlora.jpg 1097w\" sizes=\"auto, (max-width: 650px) 100vw, 650px\" \/><figcaption id=\"caption-attachment-1127636\" class=\"wp-caption-text\">Foto: Prensa Gobierno de Asturias<\/figcaption><\/figure>\n<p>Este ha sido uno de los asuntos tratados en la reuni\u00f3n que han mantenido hoy el consejero, Ovidio Zapico, y el alcalde del municipio, \u00c1ngel Garc\u00eda.<\/p>\n<p>El ayuntamiento remitir\u00e1 al Principado a principios de a\u00f1o un documento que recoger\u00e1 tanto sus propuestas como las aportaciones realizadas por la ciudadan\u00eda durante el proceso de participaci\u00f3n. Este informe servir\u00e1 de base para que las consejer\u00edas de Ordenaci\u00f3n de Territorio y de Hacienda y la propia administraci\u00f3n local consensuen el proyecto final para Perlora. A partir de ese momento, se iniciar\u00e1 el tr\u00e1mite oficial.<strong> Las partes conf\u00edan en que la aprobaci\u00f3n inicial del PERI llegue en el segundo semestre.<\/strong><\/p>\n<p>Durante el encuentro, se ha abordado la necesidad del ayuntamiento de modificar el Plan General de Ordenaci\u00f3n (PGO). En este sentido<strong>, Zapico ha recordado al alcalde que los <a href=\"https:\/\/www.eldigitaldeasturias.com\/noticias\/category\/economia\/\"><span style=\"color: #ff6600;\">presupuestos<\/span><\/a> de su departamento para 2024 incluyen 600.000 euros para planeamientos municipales.<\/strong><\/p>\n<p>El consejero tambi\u00e9n se ha comprometido a valorar, en un futuro pr\u00f3ximo, el desarrollo de una promoci\u00f3n de vivienda p\u00fablica en el concejo. <strong>En este sentido, los presupuestos de Ordenaci\u00f3n de Territorio para 2024 recogen una partida de 1.340.000 euros para la redacci\u00f3n de nuevos proyectos de construcci\u00f3n.<\/strong><\/p>\n","protected":false},"excerpt":{"rendered":"<p>Principado y Ayuntamiento de Carre\u00f1o prev\u00e9n que la aprobaci\u00f3n inicial del PERI de la Ciudad de Vacaciones de Perlora se produzca en el segundo semestre de 2024, para lo que el Principado ha consignado 90.000 euros en las cuentas del pr\u00f3ximo ejercicio. Este ha sido uno de los asuntos tratados en la reuni\u00f3n que han [&hellip;]<\/p>\n","protected":false},"author":1,"featured_media":1127636,"comment_status":"closed","ping_status":"closed","sticky":false,"template":"","format":"standard","meta":{"footnotes":""},"categories":[12],"tags":[],"class_list":["post-1127635","post","type-post","status-publish","format-standard","has-post-thumbnail","hentry","category-actualidad-asturias"],"aioseo_notices":[],"aioseo_head":"\n\t\t<!-- All in One SEO Pro 4.9.6.2 - aioseo.com -->\n\t<meta name=\"description\" content=\"Principado y Ayuntamiento de Carre\u00f1o prev\u00e9n que la aprobaci\u00f3n inicial del PERI de la Ciudad de Vacaciones de Perlora se produzca en el segundo semestre\" \/>\n\t<meta name=\"robots\" content=\"max-image-preview:large\" \/>\n\t<meta name=\"author\" content=\"El Digital de Asturias\"\/>\n\t<meta name=\"google-site-verification\" content=\"UA-38556648-1\" \/>\n\t<meta name=\"msvalidate.01\" content=\"7dfe9f3f1b24437ab69f4f2559babe99\" \/>\n\t<meta name=\"keywords\" content=\"actualidad asturias\" \/>\n\t<link rel=\"canonical\" href=\"https:\/\/www.eldigitaldeasturias.com\/noticias\/principado-y-carreno-se-reunen-para-tratar-el-futuro-de-la-ciudad-de-vacaciones-de-perlora\/\" \/>\n\t<meta name=\"generator\" content=\"All in One SEO Pro (AIOSEO) 4.9.6.2\" \/>\n\t\t<meta property=\"og:locale\" content=\"es_ES\" \/>\n\t\t<meta property=\"og:site_name\" content=\"El Digital de Asturias\" \/>\n\t\t<meta property=\"og:type\" content=\"article\" \/>\n\t\t<meta property=\"og:title\" content=\"Principado y Carre\u00f1o se re\u00fanen para tratar el futuro de la Ciudad de Vacaciones de Perlora - El Digital de Asturias\" \/>\n\t\t<meta property=\"og:description\" content=\"Principado y Ayuntamiento de Carre\u00f1o prev\u00e9n que la aprobaci\u00f3n inicial del PERI de la Ciudad de Vacaciones de Perlora se produzca en el segundo semestre\" \/>\n\t\t<meta property=\"og:url\" content=\"https:\/\/www.eldigitaldeasturias.com\/noticias\/principado-y-carreno-se-reunen-para-tratar-el-futuro-de-la-ciudad-de-vacaciones-de-perlora\/\" \/>\n\t\t<meta property=\"og:image\" content=\"https:\/\/www.eldigitaldeasturias.com\/noticias\/wp-content\/uploads\/2023\/12\/Reunion-Perlora.jpg\" \/>\n\t\t<meta property=\"og:image:secure_url\" content=\"https:\/\/www.eldigitaldeasturias.com\/noticias\/wp-content\/uploads\/2023\/12\/Reunion-Perlora.jpg\" \/>\n\t\t<meta property=\"og:image:width\" content=\"1097\" \/>\n\t\t<meta property=\"og:image:height\" content=\"627\" \/>\n\t\t<meta property=\"article:tag\" content=\"actualidad asturias\" \/>\n\t\t<meta property=\"article:published_time\" content=\"2023-12-13T15:53:24+00:00\" \/>\n\t\t<meta property=\"article:modified_time\" content=\"2023-12-13T15:53:24+00:00\" \/>\n\t\t<meta property=\"article:publisher\" content=\"https:\/\/facebook.com\/eldigitaldeasturias\" \/>\n\t\t<meta name=\"twitter:card\" content=\"summary_large_image\" \/>\n\t\t<meta name=\"twitter:title\" content=\"Principado y Carre\u00f1o se re\u00fanen para tratar el futuro de la Ciudad de Vacaciones de Perlora - El Digital de Asturias\" \/>\n\t\t<meta name=\"twitter:description\" content=\"Principado y Ayuntamiento de Carre\u00f1o prev\u00e9n que la aprobaci\u00f3n inicial del PERI de la Ciudad de Vacaciones de Perlora se produzca en el segundo semestre\" \/>\n\t\t<meta name=\"twitter:image\" content=\"https:\/\/www.eldigitaldeasturias.com\/noticias\/wp-content\/uploads\/2023\/12\/Reunion-Perlora.jpg\" \/>\n\t\t<meta name=\"twitter:label1\" content=\"Escrito por\" \/>\n\t\t<meta name=\"twitter:data1\" content=\"El Digital de Asturias\" \/>\n\t\t<meta name=\"twitter:label2\" content=\"Tiempo de lectura estimado\" \/>\n\t\t<meta name=\"twitter:data2\" content=\"1 minuto\" \/>\n\t\t<script type=\"application\/ld+json\" class=\"aioseo-schema\">\n\t\t\t{\"@context\":\"https:\\\/\\\/schema.org\",\"@graph\":[{\"@type\":\"BlogPosting\",\"@id\":\"https:\\\/\\\/www.eldigitaldeasturias.com\\\/noticias\\\/principado-y-carreno-se-reunen-para-tratar-el-futuro-de-la-ciudad-de-vacaciones-de-perlora\\\/#blogposting\",\"name\":\"Principado y Carre\\u00f1o se re\\u00fanen para tratar el futuro de la Ciudad de Vacaciones de Perlora - El Digital de Asturias\",\"headline\":\"Principado y Carre\\u00f1o se re\\u00fanen para tratar el futuro de la Ciudad de Vacaciones de Perlora\",\"author\":{\"@id\":\"https:\\\/\\\/www.eldigitaldeasturias.com\\\/noticias\\\/author\\\/admin\\\/#author\"},\"publisher\":{\"@id\":\"https:\\\/\\\/www.eldigitaldeasturias.com\\\/noticias\\\/#organization\"},\"image\":{\"@type\":\"ImageObject\",\"url\":\"https:\\\/\\\/www.eldigitaldeasturias.com\\\/noticias\\\/wp-content\\\/uploads\\\/2023\\\/12\\\/Reunion-Perlora.jpg\",\"width\":1097,\"height\":627,\"caption\":\"Foto: Prensa Gobierno de Asturias\"},\"datePublished\":\"2023-12-13T16:53:24+01:00\",\"dateModified\":\"2023-12-13T16:53:24+01:00\",\"inLanguage\":\"es-ES\",\"mainEntityOfPage\":{\"@id\":\"https:\\\/\\\/www.eldigitaldeasturias.com\\\/noticias\\\/principado-y-carreno-se-reunen-para-tratar-el-futuro-de-la-ciudad-de-vacaciones-de-perlora\\\/#webpage\"},\"isPartOf\":{\"@id\":\"https:\\\/\\\/www.eldigitaldeasturias.com\\\/noticias\\\/principado-y-carreno-se-reunen-para-tratar-el-futuro-de-la-ciudad-de-vacaciones-de-perlora\\\/#webpage\"},\"articleSection\":\"Actualidad Asturias\"},{\"@type\":\"BreadcrumbList\",\"@id\":\"https:\\\/\\\/www.eldigitaldeasturias.com\\\/noticias\\\/principado-y-carreno-se-reunen-para-tratar-el-futuro-de-la-ciudad-de-vacaciones-de-perlora\\\/#breadcrumblist\",\"itemListElement\":[{\"@type\":\"ListItem\",\"@id\":\"https:\\\/\\\/www.eldigitaldeasturias.com\\\/noticias#listItem\",\"position\":1,\"name\":\"Home\",\"item\":\"https:\\\/\\\/www.eldigitaldeasturias.com\\\/noticias\",\"nextItem\":{\"@type\":\"ListItem\",\"@id\":\"https:\\\/\\\/www.eldigitaldeasturias.com\\\/noticias\\\/category\\\/actualidad-asturias\\\/#listItem\",\"name\":\"Actualidad Asturias\"}},{\"@type\":\"ListItem\",\"@id\":\"https:\\\/\\\/www.eldigitaldeasturias.com\\\/noticias\\\/category\\\/actualidad-asturias\\\/#listItem\",\"position\":2,\"name\":\"Actualidad Asturias\",\"item\":\"https:\\\/\\\/www.eldigitaldeasturias.com\\\/noticias\\\/category\\\/actualidad-asturias\\\/\",\"nextItem\":{\"@type\":\"ListItem\",\"@id\":\"https:\\\/\\\/www.eldigitaldeasturias.com\\\/noticias\\\/principado-y-carreno-se-reunen-para-tratar-el-futuro-de-la-ciudad-de-vacaciones-de-perlora\\\/#listItem\",\"name\":\"Principado y Carre\\u00f1o se re\\u00fanen para tratar el futuro de la Ciudad de Vacaciones de Perlora\"},\"previousItem\":{\"@type\":\"ListItem\",\"@id\":\"https:\\\/\\\/www.eldigitaldeasturias.com\\\/noticias#listItem\",\"name\":\"Home\"}},{\"@type\":\"ListItem\",\"@id\":\"https:\\\/\\\/www.eldigitaldeasturias.com\\\/noticias\\\/principado-y-carreno-se-reunen-para-tratar-el-futuro-de-la-ciudad-de-vacaciones-de-perlora\\\/#listItem\",\"position\":3,\"name\":\"Principado y Carre\\u00f1o se re\\u00fanen para tratar el futuro de la Ciudad de Vacaciones de Perlora\",\"previousItem\":{\"@type\":\"ListItem\",\"@id\":\"https:\\\/\\\/www.eldigitaldeasturias.com\\\/noticias\\\/category\\\/actualidad-asturias\\\/#listItem\",\"name\":\"Actualidad Asturias\"}}]},{\"@type\":\"Organization\",\"@id\":\"https:\\\/\\\/www.eldigitaldeasturias.com\\\/noticias\\\/#organization\",\"name\":\"El Digital de Asturias\",\"description\":\"Hemeroteca\",\"url\":\"https:\\\/\\\/www.eldigitaldeasturias.com\\\/noticias\\\/\",\"email\":\"info@eldigitaldeasturias.com\",\"telephone\":\"+34652131393\",\"logo\":{\"@type\":\"ImageObject\",\"url\":\"https:\\\/\\\/www.eldigitaldeasturias.com\\\/noticias\\\/wp-content\\\/uploads\\\/2020\\\/12\\\/EDA.jpg\",\"@id\":\"https:\\\/\\\/www.eldigitaldeasturias.com\\\/noticias\\\/principado-y-carreno-se-reunen-para-tratar-el-futuro-de-la-ciudad-de-vacaciones-de-perlora\\\/#organizationLogo\",\"width\":649,\"height\":297},\"image\":{\"@id\":\"https:\\\/\\\/www.eldigitaldeasturias.com\\\/noticias\\\/principado-y-carreno-se-reunen-para-tratar-el-futuro-de-la-ciudad-de-vacaciones-de-perlora\\\/#organizationLogo\"},\"sameAs\":[\"https:\\\/\\\/facebook.com\\\/eldigitaldeasturias\",\"https:\\\/\\\/www.youtube.com\\\/channel\\\/UCZP-2wLEB9Rv6erhFmqVnvg\"],\"address\":{\"@id\":\"https:\\\/\\\/www.eldigitaldeasturias.com\\\/noticias\\\/#postaladdress\",\"@type\":\"PostalAddress\",\"streetAddress\":\"san antonio 4,\",\"postalCode\":\"33430\",\"addressLocality\":\"Cand\\u00e1s\",\"addressRegion\":\"Asturias\",\"addressCountry\":\"ES\"}},{\"@type\":\"Person\",\"@id\":\"https:\\\/\\\/www.eldigitaldeasturias.com\\\/noticias\\\/author\\\/admin\\\/#author\",\"url\":\"https:\\\/\\\/www.eldigitaldeasturias.com\\\/noticias\\\/author\\\/admin\\\/\",\"name\":\"El Digital de Asturias\",\"image\":{\"@type\":\"ImageObject\",\"@id\":\"https:\\\/\\\/www.eldigitaldeasturias.com\\\/noticias\\\/principado-y-carreno-se-reunen-para-tratar-el-futuro-de-la-ciudad-de-vacaciones-de-perlora\\\/#authorImage\",\"url\":\"https:\\\/\\\/www.eldigitaldeasturias.com\\\/noticias\\\/wp-content\\\/litespeed\\\/avatar\\\/18677e78aa0546b92d9dbf31ec7d7668.jpg?ver=1777290358\",\"width\":96,\"height\":96,\"caption\":\"El Digital de Asturias\"}},{\"@type\":\"WebPage\",\"@id\":\"https:\\\/\\\/www.eldigitaldeasturias.com\\\/noticias\\\/principado-y-carreno-se-reunen-para-tratar-el-futuro-de-la-ciudad-de-vacaciones-de-perlora\\\/#webpage\",\"url\":\"https:\\\/\\\/www.eldigitaldeasturias.com\\\/noticias\\\/principado-y-carreno-se-reunen-para-tratar-el-futuro-de-la-ciudad-de-vacaciones-de-perlora\\\/\",\"name\":\"Principado y Carre\\u00f1o se re\\u00fanen para tratar el futuro de la Ciudad de Vacaciones de Perlora - El Digital de Asturias\",\"description\":\"Principado y Ayuntamiento de Carre\\u00f1o prev\\u00e9n que la aprobaci\\u00f3n inicial del PERI de la Ciudad de Vacaciones de Perlora se produzca en el segundo semestre\",\"inLanguage\":\"es-ES\",\"isPartOf\":{\"@id\":\"https:\\\/\\\/www.eldigitaldeasturias.com\\\/noticias\\\/#website\"},\"breadcrumb\":{\"@id\":\"https:\\\/\\\/www.eldigitaldeasturias.com\\\/noticias\\\/principado-y-carreno-se-reunen-para-tratar-el-futuro-de-la-ciudad-de-vacaciones-de-perlora\\\/#breadcrumblist\"},\"author\":{\"@id\":\"https:\\\/\\\/www.eldigitaldeasturias.com\\\/noticias\\\/author\\\/admin\\\/#author\"},\"creator\":{\"@id\":\"https:\\\/\\\/www.eldigitaldeasturias.com\\\/noticias\\\/author\\\/admin\\\/#author\"},\"image\":{\"@type\":\"ImageObject\",\"url\":\"https:\\\/\\\/www.eldigitaldeasturias.com\\\/noticias\\\/wp-content\\\/uploads\\\/2023\\\/12\\\/Reunion-Perlora.jpg\",\"@id\":\"https:\\\/\\\/www.eldigitaldeasturias.com\\\/noticias\\\/principado-y-carreno-se-reunen-para-tratar-el-futuro-de-la-ciudad-de-vacaciones-de-perlora\\\/#mainImage\",\"width\":1097,\"height\":627,\"caption\":\"Foto: Prensa Gobierno de Asturias\"},\"primaryImageOfPage\":{\"@id\":\"https:\\\/\\\/www.eldigitaldeasturias.com\\\/noticias\\\/principado-y-carreno-se-reunen-para-tratar-el-futuro-de-la-ciudad-de-vacaciones-de-perlora\\\/#mainImage\"},\"datePublished\":\"2023-12-13T16:53:24+01:00\",\"dateModified\":\"2023-12-13T16:53:24+01:00\"},{\"@type\":\"WebSite\",\"@id\":\"https:\\\/\\\/www.eldigitaldeasturias.com\\\/noticias\\\/#website\",\"url\":\"https:\\\/\\\/www.eldigitaldeasturias.com\\\/noticias\\\/\",\"name\":\"El Digital de Asturias - Diario de actualidad y noticias\",\"alternateName\":\"El Digital de Asturias - Diario de actualidad y noticias\",\"description\":\"Hemeroteca\",\"inLanguage\":\"es-ES\",\"publisher\":{\"@id\":\"https:\\\/\\\/www.eldigitaldeasturias.com\\\/noticias\\\/#organization\"}}]}\n\t\t<\/script>\n\t\t<!-- All in One SEO Pro -->\r\n\t\t<title>Principado y Carre\u00f1o se re\u00fanen para tratar el futuro de la Ciudad de Vacaciones de Perlora - El Digital de Asturias<\/title>\n\n","aioseo_head_json":{"title":"Principado y Carre\u00f1o se re\u00fanen para tratar el futuro de la Ciudad de Vacaciones de Perlora - El Digital de Asturias","description":"Principado y Ayuntamiento de Carre\u00f1o prev\u00e9n que la aprobaci\u00f3n inicial del PERI de la Ciudad de Vacaciones de Perlora se produzca en el segundo semestre","canonical_url":"https:\/\/www.eldigitaldeasturias.com\/noticias\/principado-y-carreno-se-reunen-para-tratar-el-futuro-de-la-ciudad-de-vacaciones-de-perlora\/","robots":"max-image-preview:large","keywords":"actualidad asturias","webmasterTools":{"google-site-verification":"UA-38556648-1","msvalidate.01":"7dfe9f3f1b24437ab69f4f2559babe99","miscellaneous":""},"schema":{"@context":"https:\/\/schema.org","@graph":[{"@type":"BlogPosting","@id":"https:\/\/www.eldigitaldeasturias.com\/noticias\/principado-y-carreno-se-reunen-para-tratar-el-futuro-de-la-ciudad-de-vacaciones-de-perlora\/#blogposting","name":"Principado y Carre\u00f1o se re\u00fanen para tratar el futuro de la Ciudad de Vacaciones de Perlora - El Digital de Asturias","headline":"Principado y Carre\u00f1o se re\u00fanen para tratar el futuro de la Ciudad de Vacaciones de Perlora","author":{"@id":"https:\/\/www.eldigitaldeasturias.com\/noticias\/author\/admin\/#author"},"publisher":{"@id":"https:\/\/www.eldigitaldeasturias.com\/noticias\/#organization"},"image":{"@type":"ImageObject","url":"https:\/\/www.eldigitaldeasturias.com\/noticias\/wp-content\/uploads\/2023\/12\/Reunion-Perlora.jpg","width":1097,"height":627,"caption":"Foto: Prensa Gobierno de Asturias"},"datePublished":"2023-12-13T16:53:24+01:00","dateModified":"2023-12-13T16:53:24+01:00","inLanguage":"es-ES","mainEntityOfPage":{"@id":"https:\/\/www.eldigitaldeasturias.com\/noticias\/principado-y-carreno-se-reunen-para-tratar-el-futuro-de-la-ciudad-de-vacaciones-de-perlora\/#webpage"},"isPartOf":{"@id":"https:\/\/www.eldigitaldeasturias.com\/noticias\/principado-y-carreno-se-reunen-para-tratar-el-futuro-de-la-ciudad-de-vacaciones-de-perlora\/#webpage"},"articleSection":"Actualidad Asturias"},{"@type":"BreadcrumbList","@id":"https:\/\/www.eldigitaldeasturias.com\/noticias\/principado-y-carreno-se-reunen-para-tratar-el-futuro-de-la-ciudad-de-vacaciones-de-perlora\/#breadcrumblist","itemListElement":[{"@type":"ListItem","@id":"https:\/\/www.eldigitaldeasturias.com\/noticias#listItem","position":1,"name":"Home","item":"https:\/\/www.eldigitaldeasturias.com\/noticias","nextItem":{"@type":"ListItem","@id":"https:\/\/www.eldigitaldeasturias.com\/noticias\/category\/actualidad-asturias\/#listItem","name":"Actualidad Asturias"}},{"@type":"ListItem","@id":"https:\/\/www.eldigitaldeasturias.com\/noticias\/category\/actualidad-asturias\/#listItem","position":2,"name":"Actualidad Asturias","item":"https:\/\/www.eldigitaldeasturias.com\/noticias\/category\/actualidad-asturias\/","nextItem":{"@type":"ListItem","@id":"https:\/\/www.eldigitaldeasturias.com\/noticias\/principado-y-carreno-se-reunen-para-tratar-el-futuro-de-la-ciudad-de-vacaciones-de-perlora\/#listItem","name":"Principado y Carre\u00f1o se re\u00fanen para tratar el futuro de la Ciudad de Vacaciones de Perlora"},"previousItem":{"@type":"ListItem","@id":"https:\/\/www.eldigitaldeasturias.com\/noticias#listItem","name":"Home"}},{"@type":"ListItem","@id":"https:\/\/www.eldigitaldeasturias.com\/noticias\/principado-y-carreno-se-reunen-para-tratar-el-futuro-de-la-ciudad-de-vacaciones-de-perlora\/#listItem","position":3,"name":"Principado y Carre\u00f1o se re\u00fanen para tratar el futuro de la Ciudad de Vacaciones de Perlora","previousItem":{"@type":"ListItem","@id":"https:\/\/www.eldigitaldeasturias.com\/noticias\/category\/actualidad-asturias\/#listItem","name":"Actualidad Asturias"}}]},{"@type":"Organization","@id":"https:\/\/www.eldigitaldeasturias.com\/noticias\/#organization","name":"El Digital de Asturias","description":"Hemeroteca","url":"https:\/\/www.eldigitaldeasturias.com\/noticias\/","email":"info@eldigitaldeasturias.com","telephone":"+34652131393","logo":{"@type":"ImageObject","url":"https:\/\/www.eldigitaldeasturias.com\/noticias\/wp-content\/uploads\/2020\/12\/EDA.jpg","@id":"https:\/\/www.eldigitaldeasturias.com\/noticias\/principado-y-carreno-se-reunen-para-tratar-el-futuro-de-la-ciudad-de-vacaciones-de-perlora\/#organizationLogo","width":649,"height":297},"image":{"@id":"https:\/\/www.eldigitaldeasturias.com\/noticias\/principado-y-carreno-se-reunen-para-tratar-el-futuro-de-la-ciudad-de-vacaciones-de-perlora\/#organizationLogo"},"sameAs":["https:\/\/facebook.com\/eldigitaldeasturias","https:\/\/www.youtube.com\/channel\/UCZP-2wLEB9Rv6erhFmqVnvg"],"address":{"@id":"https:\/\/www.eldigitaldeasturias.com\/noticias\/#postaladdress","@type":"PostalAddress","streetAddress":"san antonio 4,","postalCode":"33430","addressLocality":"Cand\u00e1s","addressRegion":"Asturias","addressCountry":"ES"}},{"@type":"Person","@id":"https:\/\/www.eldigitaldeasturias.com\/noticias\/author\/admin\/#author","url":"https:\/\/www.eldigitaldeasturias.com\/noticias\/author\/admin\/","name":"El Digital de Asturias","image":{"@type":"ImageObject","@id":"https:\/\/www.eldigitaldeasturias.com\/noticias\/principado-y-carreno-se-reunen-para-tratar-el-futuro-de-la-ciudad-de-vacaciones-de-perlora\/#authorImage","url":"https:\/\/www.eldigitaldeasturias.com\/noticias\/wp-content\/litespeed\/avatar\/18677e78aa0546b92d9dbf31ec7d7668.jpg?ver=1777290358","width":96,"height":96,"caption":"El Digital de Asturias"}},{"@type":"WebPage","@id":"https:\/\/www.eldigitaldeasturias.com\/noticias\/principado-y-carreno-se-reunen-para-tratar-el-futuro-de-la-ciudad-de-vacaciones-de-perlora\/#webpage","url":"https:\/\/www.eldigitaldeasturias.com\/noticias\/principado-y-carreno-se-reunen-para-tratar-el-futuro-de-la-ciudad-de-vacaciones-de-perlora\/","name":"Principado y Carre\u00f1o se re\u00fanen para tratar el futuro de la Ciudad de Vacaciones de Perlora - El Digital de Asturias","description":"Principado y Ayuntamiento de Carre\u00f1o prev\u00e9n que la aprobaci\u00f3n inicial del PERI de la Ciudad de Vacaciones de Perlora se produzca en el segundo semestre","inLanguage":"es-ES","isPartOf":{"@id":"https:\/\/www.eldigitaldeasturias.com\/noticias\/#website"},"breadcrumb":{"@id":"https:\/\/www.eldigitaldeasturias.com\/noticias\/principado-y-carreno-se-reunen-para-tratar-el-futuro-de-la-ciudad-de-vacaciones-de-perlora\/#breadcrumblist"},"author":{"@id":"https:\/\/www.eldigitaldeasturias.com\/noticias\/author\/admin\/#author"},"creator":{"@id":"https:\/\/www.eldigitaldeasturias.com\/noticias\/author\/admin\/#author"},"image":{"@type":"ImageObject","url":"https:\/\/www.eldigitaldeasturias.com\/noticias\/wp-content\/uploads\/2023\/12\/Reunion-Perlora.jpg","@id":"https:\/\/www.eldigitaldeasturias.com\/noticias\/principado-y-carreno-se-reunen-para-tratar-el-futuro-de-la-ciudad-de-vacaciones-de-perlora\/#mainImage","width":1097,"height":627,"caption":"Foto: Prensa Gobierno de Asturias"},"primaryImageOfPage":{"@id":"https:\/\/www.eldigitaldeasturias.com\/noticias\/principado-y-carreno-se-reunen-para-tratar-el-futuro-de-la-ciudad-de-vacaciones-de-perlora\/#mainImage"},"datePublished":"2023-12-13T16:53:24+01:00","dateModified":"2023-12-13T16:53:24+01:00"},{"@type":"WebSite","@id":"https:\/\/www.eldigitaldeasturias.com\/noticias\/#website","url":"https:\/\/www.eldigitaldeasturias.com\/noticias\/","name":"El Digital de Asturias - Diario de actualidad y noticias","alternateName":"El Digital de Asturias - Diario de actualidad y noticias","description":"Hemeroteca","inLanguage":"es-ES","publisher":{"@id":"https:\/\/www.eldigitaldeasturias.com\/noticias\/#organization"}}]},"og:locale":"es_ES","og:site_name":"El Digital de Asturias","og:type":"article","og:title":"Principado y Carre\u00f1o se re\u00fanen para tratar el futuro de la Ciudad de Vacaciones de Perlora - El Digital de Asturias","og:description":"Principado y Ayuntamiento de Carre\u00f1o prev\u00e9n que la aprobaci\u00f3n inicial del PERI de la Ciudad de Vacaciones de Perlora se produzca en el segundo semestre","og:url":"https:\/\/www.eldigitaldeasturias.com\/noticias\/principado-y-carreno-se-reunen-para-tratar-el-futuro-de-la-ciudad-de-vacaciones-de-perlora\/","og:image":"https:\/\/www.eldigitaldeasturias.com\/noticias\/wp-content\/uploads\/2023\/12\/Reunion-Perlora.jpg","og:image:secure_url":"https:\/\/www.eldigitaldeasturias.com\/noticias\/wp-content\/uploads\/2023\/12\/Reunion-Perlora.jpg","og:image:width":1097,"og:image:height":627,"article:tag":["actualidad asturias"],"article:published_time":"2023-12-13T15:53:24+00:00","article:modified_time":"2023-12-13T15:53:24+00:00","article:publisher":"https:\/\/facebook.com\/eldigitaldeasturias","twitter:card":"summary_large_image","twitter:title":"Principado y Carre\u00f1o se re\u00fanen para tratar el futuro de la Ciudad de Vacaciones de Perlora - El Digital de Asturias","twitter:description":"Principado y Ayuntamiento de Carre\u00f1o prev\u00e9n que la aprobaci\u00f3n inicial del PERI de la Ciudad de Vacaciones de Perlora se produzca en el segundo semestre","twitter:image":"https:\/\/www.eldigitaldeasturias.com\/noticias\/wp-content\/uploads\/2023\/12\/Reunion-Perlora.jpg","twitter:label1":"Escrito por","twitter:data1":"El Digital de Asturias","twitter:label2":"Tiempo de lectura estimado","twitter:data2":"1 minuto"},"aioseo_meta_data":{"post_id":"1127635","title":null,"description":"Principado y Ayuntamiento de Carre\u00f1o prev\u00e9n que la aprobaci\u00f3n inicial del PERI de la Ciudad de Vacaciones de Perlora se produzca en el segundo semestre","keywords":[],"keyphrases":{"focus":{"keyphrase":"Perlora","score":93,"analysis":{"keyphraseInTitle":{"score":9,"maxScore":9,"error":0},"keyphraseInDescription":{"score":9,"maxScore":9,"error":0},"keyphraseLength":{"score":9,"maxScore":9,"error":0,"length":1},"keyphraseInURL":{"score":1,"maxScore":5,"error":1},"keyphraseInIntroduction":{"score":9,"maxScore":9,"error":0},"keyphraseInSubHeadings":[],"keyphraseInImageAlt":{"score":9,"maxScore":9,"error":0},"keywordDensity":{"type":"best","score":9,"maxScore":9,"error":0}}},"additional":[{"keyphrase":"Perlora","score":100,"analysis":{"keyphraseInDescription":{"score":9,"maxScore":9,"error":0},"keyphraseLength":{"score":9,"maxScore":9,"error":0,"length":1},"keyphraseInIntroduction":{"score":9,"maxScore":9,"error":0},"keyphraseInImageAlt":{"score":9,"maxScore":9,"error":0},"keywordDensity":{"type":"best","score":9,"maxScore":9,"error":0}}}]},"primary_term":null,"canonical_url":null,"og_title":null,"og_description":null,"og_object_type":"default","og_image_type":"default","og_image_url":null,"og_image_width":null,"og_image_height":null,"og_image_custom_url":null,"og_image_custom_fields":null,"og_video":"","og_custom_url":null,"og_article_section":null,"og_article_tags":[],"twitter_use_og":false,"twitter_card":"default","twitter_image_type":"default","twitter_image_url":null,"twitter_image_custom_url":null,"twitter_image_custom_fields":null,"twitter_title":null,"twitter_description":null,"schema":{"blockGraphs":[],"customGraphs":[],"default":{"data":{"Article":[],"Course":[],"Dataset":[],"FAQPage":[],"Movie":[],"Person":[],"Product":[],"ProductReview":[],"Car":[],"Recipe":[],"Service":[],"SoftwareApplication":[],"WebPage":[]},"graphName":"BlogPosting","isEnabled":true},"graphs":[]},"schema_type":"default","schema_type_options":null,"pillar_content":false,"robots_default":true,"robots_noindex":false,"robots_noarchive":false,"robots_nosnippet":false,"robots_nofollow":false,"robots_noimageindex":false,"robots_noodp":false,"robots_notranslate":false,"robots_max_snippet":"-1","robots_max_videopreview":"-1","robots_max_imagepreview":"large","priority":null,"frequency":"default","local_seo":null,"seo_analyzer_scan_date":"2025-10-05 23:41:33","breadcrumb_settings":null,"limit_modified_date":false,"open_ai":"{\"title\":{\"suggestions\":[],\"usage\":0},\"description\":{\"suggestions\":[],\"usage\":0}}","ai":null,"created":"2023-12-13 15:28:58","updated":"2025-10-09 05:43:28"},"aioseo_breadcrumb":"<div class=\"aioseo-breadcrumbs\"><span class=\"aioseo-breadcrumb\">\n\t<a href=\"https:\/\/www.eldigitaldeasturias.com\/noticias\" title=\"Home\">Home<\/a>\n<\/span><span class=\"aioseo-breadcrumb-separator\">\u2013<\/span><span class=\"aioseo-breadcrumb\">\n\t<a href=\"https:\/\/www.eldigitaldeasturias.com\/noticias\/category\/actualidad-asturias\/\" title=\"Actualidad Asturias\">Actualidad Asturias<\/a>\n<\/span><span class=\"aioseo-breadcrumb-separator\">\u2013<\/span><span class=\"aioseo-breadcrumb\">\n\t<a href=\"https:\/\/www.eldigitaldeasturias.com\/noticias\/principado-y-carreno-se-reunen-para-tratar-el-futuro-de-la-ciudad-de-vacaciones-de-perlora\/\" title=\"Principado y Carre\u00f1o se re\u00fanen para tratar el futuro de la Ciudad de Vacaciones de Perlora\">Principado y Carre\u00f1o se re\u00fanen para tratar el futuro de la Ciudad de Vacaciones de Perlora<\/a>\n<\/span><\/div>","aioseo_breadcrumb_json":[{"label":"Home","link":"https:\/\/www.eldigitaldeasturias.com\/noticias"},{"label":"Actualidad Asturias","link":"https:\/\/www.eldigitaldeasturias.com\/noticias\/category\/actualidad-asturias\/"},{"label":"Principado y Carre\u00f1o se re\u00fanen para tratar el futuro de la Ciudad de Vacaciones de Perlora","link":"https:\/\/www.eldigitaldeasturias.com\/noticias\/principado-y-carreno-se-reunen-para-tratar-el-futuro-de-la-ciudad-de-vacaciones-de-perlora\/"}],"_links":{"self":[{"href":"https:\/\/www.eldigitaldeasturias.com\/noticias\/wp-json\/wp\/v2\/posts\/1127635","targetHints":{"allow":["GET"]}}],"collection":[{"href":"https:\/\/www.eldigitaldeasturias.com\/noticias\/wp-json\/wp\/v2\/posts"}],"about":[{"href":"https:\/\/www.eldigitaldeasturias.com\/noticias\/wp-json\/wp\/v2\/types\/post"}],"author":[{"embeddable":true,"href":"https:\/\/www.eldigitaldeasturias.com\/noticias\/wp-json\/wp\/v2\/users\/1"}],"replies":[{"embeddable":true,"href":"https:\/\/www.eldigitaldeasturias.com\/noticias\/wp-json\/wp\/v2\/comments?post=1127635"}],"version-history":[{"count":0,"href":"https:\/\/www.eldigitaldeasturias.com\/noticias\/wp-json\/wp\/v2\/posts\/1127635\/revisions"}],"wp:featuredmedia":[{"embeddable":true,"href":"https:\/\/www.eldigitaldeasturias.com\/noticias\/wp-json\/wp\/v2\/media\/1127636"}],"wp:attachment":[{"href":"https:\/\/www.eldigitaldeasturias.com\/noticias\/wp-json\/wp\/v2\/media?parent=1127635"}],"wp:term":[{"taxonomy":"category","embeddable":true,"href":"https:\/\/www.eldigitaldeasturias.com\/noticias\/wp-json\/wp\/v2\/categories?post=1127635"},{"taxonomy":"post_tag","embeddable":true,"href":"https:\/\/www.eldigitaldeasturias.com\/noticias\/wp-json\/wp\/v2\/tags?post=1127635"}],"curies":[{"name":"wp","href":"https:\/\/api.w.org\/{rel}","templated":true}]}}