{"id":1127629,"date":"2023-12-13T13:59:51","date_gmt":"2023-12-13T12:59:51","guid":{"rendered":"https:\/\/www.eldigitaldeasturias.com\/noticias\/?p=1127629"},"modified":"2023-12-13T13:59:51","modified_gmt":"2023-12-13T12:59:51","slug":"adjudicadas-en-asturias-las-obras-entre-a-carida-y-sueiro","status":"publish","type":"post","link":"https:\/\/www.eldigitaldeasturias.com\/noticias\/adjudicadas-en-asturias-las-obras-entre-a-carida-y-sueiro\/","title":{"rendered":"Adjudicadas en Asturias las obras entre A Carid\u00e1 y Sueiro"},"content":{"rendered":"<p>El Gobierno del <a title=\"Principado de Asturias\" href=\"https:\/\/actualidad.asturias.es\/\" target=\"_blank\" rel=\"noopener\"><span style=\"color: #ff6600;\"><strong>Principado de Asturias<\/strong><\/span><\/a> ha adjudicado a la <a href=\"https:\/\/www.eldigitaldeasturias.com\/noticias\/category\/negocios-y-empresas\/\"><span style=\"color: #ff6600;\"><strong>empresa<\/strong><\/span><\/a> PJR Gestion S.L. la mejora de la carretera FR-2, que une A Carid\u00e1 y Sueiro, en el concejo de El Franco, por 459.800 euros.<\/p>\n<figure id=\"attachment_1127630\" aria-describedby=\"caption-attachment-1127630\" style=\"width: 650px\" class=\"wp-caption aligncenter\"><img loading=\"lazy\" decoding=\"async\" class=\"wp-image-1127630 size-large\" src=\"https:\/\/www.eldigitaldeasturias.com\/noticias\/wp-content\/uploads\/2023\/12\/Obras-carretera-FR-2-Asturias-650x340.jpg\" alt=\"Obras carretera FR 2 Asturias\" width=\"650\" height=\"340\" srcset=\"https:\/\/www.eldigitaldeasturias.com\/noticias\/wp-content\/uploads\/2023\/12\/Obras-carretera-FR-2-Asturias-650x340.jpg 650w, https:\/\/www.eldigitaldeasturias.com\/noticias\/wp-content\/uploads\/2023\/12\/Obras-carretera-FR-2-Asturias-360x188.jpg 360w, https:\/\/www.eldigitaldeasturias.com\/noticias\/wp-content\/uploads\/2023\/12\/Obras-carretera-FR-2-Asturias-480x251.jpg 480w, https:\/\/www.eldigitaldeasturias.com\/noticias\/wp-content\/uploads\/2023\/12\/Obras-carretera-FR-2-Asturias-768x401.jpg 768w, https:\/\/www.eldigitaldeasturias.com\/noticias\/wp-content\/uploads\/2023\/12\/Obras-carretera-FR-2-Asturias-150x78.jpg 150w, https:\/\/www.eldigitaldeasturias.com\/noticias\/wp-content\/uploads\/2023\/12\/Obras-carretera-FR-2-Asturias-450x235.jpg 450w, https:\/\/www.eldigitaldeasturias.com\/noticias\/wp-content\/uploads\/2023\/12\/Obras-carretera-FR-2-Asturias.jpg 1091w\" sizes=\"auto, (max-width: 650px) 100vw, 650px\" \/><figcaption id=\"caption-attachment-1127630\" class=\"wp-caption-text\">Foto: Prensa Gobierno de Asturias<\/figcaption><\/figure>\n<p>Los trabajos, que tienen un plazo de ejecuci\u00f3n de cuatro meses, consistir\u00e1n en la renovaci\u00f3n completa de los 6,8 kil\u00f3metros de longitud de esta v\u00eda local que une la capital del concejo con la comarcal AS-23 (M\u00e1ntaras-Llagar).<\/p>\n<p>Uno de los aspectos m\u00e1s destacados de la actuaci\u00f3n es la mejora de toda la red de drenaje, que incluye la reparaci\u00f3n de las cunetas y la ejecuci\u00f3n de saneos en las zonas que lo requieran. Tambi\u00e9n se intervendr\u00e1 sobre los sistemas de drenaje transversales y se sustituir\u00e1n canalizaciones por nuevos elementos que faciliten la evacuaci\u00f3n de las aguas pluviales.<\/p>\n<p>Las obras comprenden, adem\u00e1s, la regularizaci\u00f3n del firme, con la realizaci\u00f3n de fresados puntuales y la aplicaci\u00f3n de una nueva capa de rodadura de cinco cent\u00edmetros de grosor medio que permitir\u00e1 mejorar notablemente la carretera. Una vez completada esta fase, la obra culminar\u00e1 con la renovaci\u00f3n de la se\u00f1alizaci\u00f3n vertical y horizontal y la instalaci\u00f3n de nuevas barreras de seguridad.<\/p>\n<p>Esta actuaci\u00f3n, cofinanciada por la Uni\u00f3n Europea a trav\u00e9s de Fondo Europeo Agrario de Desarrollo Rural (Feader), facilitar\u00e1 la vertebraci\u00f3n del interior del concejo de El Franco, as\u00ed como los desplazamientos entre los municipios del occidente, al conectar las v\u00edas de alta capacidad, como la autov\u00eda del Cant\u00e1brico o la N-634, con la zona interior de El Franco, Tapia de Casariego o Castropol.<\/p>\n<p>La intervenci\u00f3n se encuadra entre las actuaciones que impulsa el Gobierno de Asturias para mejorar la conservaci\u00f3n y el mantenimiento de las infraestructuras viarias en el medio rural.<\/p>\n","protected":false},"excerpt":{"rendered":"<p>El Gobierno del Principado de Asturias ha adjudicado a la empresa PJR Gestion S.L. la mejora de la carretera FR-2, que une A Carid\u00e1 y Sueiro, en el concejo de El Franco, por 459.800 euros. Los trabajos, que tienen un plazo de ejecuci\u00f3n de cuatro meses, consistir\u00e1n en la renovaci\u00f3n completa de los 6,8 kil\u00f3metros [&hellip;]<\/p>\n","protected":false},"author":1,"featured_media":1127630,"comment_status":"closed","ping_status":"closed","sticky":false,"template":"","format":"standard","meta":{"footnotes":""},"categories":[12],"tags":[],"class_list":["post-1127629","post","type-post","status-publish","format-standard","has-post-thumbnail","hentry","category-actualidad-asturias"],"aioseo_notices":[],"aioseo_head":"\n\t\t<!-- All in One SEO Pro 4.9.6.2 - aioseo.com -->\n\t<meta name=\"description\" content=\"El Gobierno del Principado de Asturias ha adjudicado a la empresa PJR Gestion S.L. la mejora de la carretera FR-2, que une A Carid\u00e1 y Sueiro, en el concejo\" \/>\n\t<meta name=\"robots\" content=\"max-image-preview:large\" \/>\n\t<meta name=\"author\" content=\"El Digital de Asturias\"\/>\n\t<meta name=\"google-site-verification\" content=\"UA-38556648-1\" \/>\n\t<meta name=\"msvalidate.01\" content=\"7dfe9f3f1b24437ab69f4f2559babe99\" \/>\n\t<meta name=\"keywords\" content=\"actualidad asturias\" \/>\n\t<link rel=\"canonical\" href=\"https:\/\/www.eldigitaldeasturias.com\/noticias\/adjudicadas-en-asturias-las-obras-entre-a-carida-y-sueiro\/\" \/>\n\t<meta name=\"generator\" content=\"All in One SEO Pro (AIOSEO) 4.9.6.2\" \/>\n\t\t<meta property=\"og:locale\" content=\"es_ES\" \/>\n\t\t<meta property=\"og:site_name\" content=\"El Digital de Asturias\" \/>\n\t\t<meta property=\"og:type\" content=\"article\" \/>\n\t\t<meta property=\"og:title\" content=\"Adjudicadas en Asturias las obras entre A Carid\u00e1 y Sueiro - El Digital de Asturias\" \/>\n\t\t<meta property=\"og:description\" content=\"El Gobierno del Principado de Asturias ha adjudicado a la empresa PJR Gestion S.L. la mejora de la carretera FR-2, que une A Carid\u00e1 y Sueiro, en el concejo\" \/>\n\t\t<meta property=\"og:url\" content=\"https:\/\/www.eldigitaldeasturias.com\/noticias\/adjudicadas-en-asturias-las-obras-entre-a-carida-y-sueiro\/\" \/>\n\t\t<meta property=\"og:image\" content=\"https:\/\/www.eldigitaldeasturias.com\/noticias\/wp-content\/uploads\/2023\/12\/Obras-carretera-FR-2-Asturias.jpg\" \/>\n\t\t<meta property=\"og:image:secure_url\" content=\"https:\/\/www.eldigitaldeasturias.com\/noticias\/wp-content\/uploads\/2023\/12\/Obras-carretera-FR-2-Asturias.jpg\" \/>\n\t\t<meta property=\"og:image:width\" content=\"1091\" \/>\n\t\t<meta property=\"og:image:height\" content=\"570\" \/>\n\t\t<meta property=\"article:tag\" content=\"actualidad asturias\" \/>\n\t\t<meta property=\"article:published_time\" content=\"2023-12-13T12:59:51+00:00\" \/>\n\t\t<meta property=\"article:modified_time\" content=\"2023-12-13T12:59:51+00:00\" \/>\n\t\t<meta property=\"article:publisher\" content=\"https:\/\/facebook.com\/eldigitaldeasturias\" \/>\n\t\t<meta name=\"twitter:card\" content=\"summary_large_image\" \/>\n\t\t<meta name=\"twitter:title\" content=\"Adjudicadas en Asturias las obras entre A Carid\u00e1 y Sueiro - El Digital de Asturias\" \/>\n\t\t<meta name=\"twitter:description\" content=\"El Gobierno del Principado de Asturias ha adjudicado a la empresa PJR Gestion S.L. la mejora de la carretera FR-2, que une A Carid\u00e1 y Sueiro, en el concejo\" \/>\n\t\t<meta name=\"twitter:image\" content=\"https:\/\/www.eldigitaldeasturias.com\/noticias\/wp-content\/uploads\/2023\/12\/Obras-carretera-FR-2-Asturias.jpg\" \/>\n\t\t<meta name=\"twitter:label1\" content=\"Escrito por\" \/>\n\t\t<meta name=\"twitter:data1\" content=\"El Digital de Asturias\" \/>\n\t\t<meta name=\"twitter:label2\" content=\"Tiempo de lectura estimado\" \/>\n\t\t<meta name=\"twitter:data2\" content=\"2 minutos\" \/>\n\t\t<script type=\"application\/ld+json\" class=\"aioseo-schema\">\n\t\t\t{\"@context\":\"https:\\\/\\\/schema.org\",\"@graph\":[{\"@type\":\"BlogPosting\",\"@id\":\"https:\\\/\\\/www.eldigitaldeasturias.com\\\/noticias\\\/adjudicadas-en-asturias-las-obras-entre-a-carida-y-sueiro\\\/#blogposting\",\"name\":\"Adjudicadas en Asturias las obras entre A Carid\\u00e1 y Sueiro - El Digital de Asturias\",\"headline\":\"Adjudicadas en Asturias las obras entre A Carid\\u00e1 y Sueiro\",\"author\":{\"@id\":\"https:\\\/\\\/www.eldigitaldeasturias.com\\\/noticias\\\/author\\\/admin\\\/#author\"},\"publisher\":{\"@id\":\"https:\\\/\\\/www.eldigitaldeasturias.com\\\/noticias\\\/#organization\"},\"image\":{\"@type\":\"ImageObject\",\"url\":\"https:\\\/\\\/www.eldigitaldeasturias.com\\\/noticias\\\/wp-content\\\/uploads\\\/2023\\\/12\\\/Obras-carretera-FR-2-Asturias.jpg\",\"width\":1091,\"height\":570,\"caption\":\"Foto: Prensa Gobierno de Asturias\"},\"datePublished\":\"2023-12-13T13:59:51+01:00\",\"dateModified\":\"2023-12-13T13:59:51+01:00\",\"inLanguage\":\"es-ES\",\"mainEntityOfPage\":{\"@id\":\"https:\\\/\\\/www.eldigitaldeasturias.com\\\/noticias\\\/adjudicadas-en-asturias-las-obras-entre-a-carida-y-sueiro\\\/#webpage\"},\"isPartOf\":{\"@id\":\"https:\\\/\\\/www.eldigitaldeasturias.com\\\/noticias\\\/adjudicadas-en-asturias-las-obras-entre-a-carida-y-sueiro\\\/#webpage\"},\"articleSection\":\"Actualidad Asturias\"},{\"@type\":\"BreadcrumbList\",\"@id\":\"https:\\\/\\\/www.eldigitaldeasturias.com\\\/noticias\\\/adjudicadas-en-asturias-las-obras-entre-a-carida-y-sueiro\\\/#breadcrumblist\",\"itemListElement\":[{\"@type\":\"ListItem\",\"@id\":\"https:\\\/\\\/www.eldigitaldeasturias.com\\\/noticias#listItem\",\"position\":1,\"name\":\"Home\",\"item\":\"https:\\\/\\\/www.eldigitaldeasturias.com\\\/noticias\",\"nextItem\":{\"@type\":\"ListItem\",\"@id\":\"https:\\\/\\\/www.eldigitaldeasturias.com\\\/noticias\\\/category\\\/actualidad-asturias\\\/#listItem\",\"name\":\"Actualidad Asturias\"}},{\"@type\":\"ListItem\",\"@id\":\"https:\\\/\\\/www.eldigitaldeasturias.com\\\/noticias\\\/category\\\/actualidad-asturias\\\/#listItem\",\"position\":2,\"name\":\"Actualidad Asturias\",\"item\":\"https:\\\/\\\/www.eldigitaldeasturias.com\\\/noticias\\\/category\\\/actualidad-asturias\\\/\",\"nextItem\":{\"@type\":\"ListItem\",\"@id\":\"https:\\\/\\\/www.eldigitaldeasturias.com\\\/noticias\\\/adjudicadas-en-asturias-las-obras-entre-a-carida-y-sueiro\\\/#listItem\",\"name\":\"Adjudicadas en Asturias las obras entre A Carid\\u00e1 y Sueiro\"},\"previousItem\":{\"@type\":\"ListItem\",\"@id\":\"https:\\\/\\\/www.eldigitaldeasturias.com\\\/noticias#listItem\",\"name\":\"Home\"}},{\"@type\":\"ListItem\",\"@id\":\"https:\\\/\\\/www.eldigitaldeasturias.com\\\/noticias\\\/adjudicadas-en-asturias-las-obras-entre-a-carida-y-sueiro\\\/#listItem\",\"position\":3,\"name\":\"Adjudicadas en Asturias las obras entre A Carid\\u00e1 y Sueiro\",\"previousItem\":{\"@type\":\"ListItem\",\"@id\":\"https:\\\/\\\/www.eldigitaldeasturias.com\\\/noticias\\\/category\\\/actualidad-asturias\\\/#listItem\",\"name\":\"Actualidad Asturias\"}}]},{\"@type\":\"Organization\",\"@id\":\"https:\\\/\\\/www.eldigitaldeasturias.com\\\/noticias\\\/#organization\",\"name\":\"El Digital de Asturias\",\"description\":\"Hemeroteca\",\"url\":\"https:\\\/\\\/www.eldigitaldeasturias.com\\\/noticias\\\/\",\"email\":\"info@eldigitaldeasturias.com\",\"telephone\":\"+34652131393\",\"logo\":{\"@type\":\"ImageObject\",\"url\":\"https:\\\/\\\/www.eldigitaldeasturias.com\\\/noticias\\\/wp-content\\\/uploads\\\/2020\\\/12\\\/EDA.jpg\",\"@id\":\"https:\\\/\\\/www.eldigitaldeasturias.com\\\/noticias\\\/adjudicadas-en-asturias-las-obras-entre-a-carida-y-sueiro\\\/#organizationLogo\",\"width\":649,\"height\":297},\"image\":{\"@id\":\"https:\\\/\\\/www.eldigitaldeasturias.com\\\/noticias\\\/adjudicadas-en-asturias-las-obras-entre-a-carida-y-sueiro\\\/#organizationLogo\"},\"sameAs\":[\"https:\\\/\\\/facebook.com\\\/eldigitaldeasturias\",\"https:\\\/\\\/www.youtube.com\\\/channel\\\/UCZP-2wLEB9Rv6erhFmqVnvg\"],\"address\":{\"@id\":\"https:\\\/\\\/www.eldigitaldeasturias.com\\\/noticias\\\/#postaladdress\",\"@type\":\"PostalAddress\",\"streetAddress\":\"san antonio 4,\",\"postalCode\":\"33430\",\"addressLocality\":\"Cand\\u00e1s\",\"addressRegion\":\"Asturias\",\"addressCountry\":\"ES\"}},{\"@type\":\"Person\",\"@id\":\"https:\\\/\\\/www.eldigitaldeasturias.com\\\/noticias\\\/author\\\/admin\\\/#author\",\"url\":\"https:\\\/\\\/www.eldigitaldeasturias.com\\\/noticias\\\/author\\\/admin\\\/\",\"name\":\"El Digital de Asturias\",\"image\":{\"@type\":\"ImageObject\",\"@id\":\"https:\\\/\\\/www.eldigitaldeasturias.com\\\/noticias\\\/adjudicadas-en-asturias-las-obras-entre-a-carida-y-sueiro\\\/#authorImage\",\"url\":\"https:\\\/\\\/www.eldigitaldeasturias.com\\\/noticias\\\/wp-content\\\/litespeed\\\/avatar\\\/18677e78aa0546b92d9dbf31ec7d7668.jpg?ver=1777290358\",\"width\":96,\"height\":96,\"caption\":\"El Digital de Asturias\"}},{\"@type\":\"WebPage\",\"@id\":\"https:\\\/\\\/www.eldigitaldeasturias.com\\\/noticias\\\/adjudicadas-en-asturias-las-obras-entre-a-carida-y-sueiro\\\/#webpage\",\"url\":\"https:\\\/\\\/www.eldigitaldeasturias.com\\\/noticias\\\/adjudicadas-en-asturias-las-obras-entre-a-carida-y-sueiro\\\/\",\"name\":\"Adjudicadas en Asturias las obras entre A Carid\\u00e1 y Sueiro - El Digital de Asturias\",\"description\":\"El Gobierno del Principado de Asturias ha adjudicado a la empresa PJR Gestion S.L. la mejora de la carretera FR-2, que une A Carid\\u00e1 y Sueiro, en el concejo\",\"inLanguage\":\"es-ES\",\"isPartOf\":{\"@id\":\"https:\\\/\\\/www.eldigitaldeasturias.com\\\/noticias\\\/#website\"},\"breadcrumb\":{\"@id\":\"https:\\\/\\\/www.eldigitaldeasturias.com\\\/noticias\\\/adjudicadas-en-asturias-las-obras-entre-a-carida-y-sueiro\\\/#breadcrumblist\"},\"author\":{\"@id\":\"https:\\\/\\\/www.eldigitaldeasturias.com\\\/noticias\\\/author\\\/admin\\\/#author\"},\"creator\":{\"@id\":\"https:\\\/\\\/www.eldigitaldeasturias.com\\\/noticias\\\/author\\\/admin\\\/#author\"},\"image\":{\"@type\":\"ImageObject\",\"url\":\"https:\\\/\\\/www.eldigitaldeasturias.com\\\/noticias\\\/wp-content\\\/uploads\\\/2023\\\/12\\\/Obras-carretera-FR-2-Asturias.jpg\",\"@id\":\"https:\\\/\\\/www.eldigitaldeasturias.com\\\/noticias\\\/adjudicadas-en-asturias-las-obras-entre-a-carida-y-sueiro\\\/#mainImage\",\"width\":1091,\"height\":570,\"caption\":\"Foto: Prensa Gobierno de Asturias\"},\"primaryImageOfPage\":{\"@id\":\"https:\\\/\\\/www.eldigitaldeasturias.com\\\/noticias\\\/adjudicadas-en-asturias-las-obras-entre-a-carida-y-sueiro\\\/#mainImage\"},\"datePublished\":\"2023-12-13T13:59:51+01:00\",\"dateModified\":\"2023-12-13T13:59:51+01:00\"},{\"@type\":\"WebSite\",\"@id\":\"https:\\\/\\\/www.eldigitaldeasturias.com\\\/noticias\\\/#website\",\"url\":\"https:\\\/\\\/www.eldigitaldeasturias.com\\\/noticias\\\/\",\"name\":\"El Digital de Asturias - Diario de actualidad y noticias\",\"alternateName\":\"El Digital de Asturias - Diario de actualidad y noticias\",\"description\":\"Hemeroteca\",\"inLanguage\":\"es-ES\",\"publisher\":{\"@id\":\"https:\\\/\\\/www.eldigitaldeasturias.com\\\/noticias\\\/#organization\"}}]}\n\t\t<\/script>\n\t\t<!-- All in One SEO Pro -->\r\n\t\t<title>Adjudicadas en Asturias las obras entre A Carid\u00e1 y Sueiro - El Digital de Asturias<\/title>\n\n","aioseo_head_json":{"title":"Adjudicadas en Asturias las obras entre A Carid\u00e1 y Sueiro - El Digital de Asturias","description":"El Gobierno del Principado de Asturias ha adjudicado a la empresa PJR Gestion S.L. la mejora de la carretera FR-2, que une A Carid\u00e1 y Sueiro, en el concejo","canonical_url":"https:\/\/www.eldigitaldeasturias.com\/noticias\/adjudicadas-en-asturias-las-obras-entre-a-carida-y-sueiro\/","robots":"max-image-preview:large","keywords":"actualidad asturias","webmasterTools":{"google-site-verification":"UA-38556648-1","msvalidate.01":"7dfe9f3f1b24437ab69f4f2559babe99","miscellaneous":""},"schema":{"@context":"https:\/\/schema.org","@graph":[{"@type":"BlogPosting","@id":"https:\/\/www.eldigitaldeasturias.com\/noticias\/adjudicadas-en-asturias-las-obras-entre-a-carida-y-sueiro\/#blogposting","name":"Adjudicadas en Asturias las obras entre A Carid\u00e1 y Sueiro - El Digital de Asturias","headline":"Adjudicadas en Asturias las obras entre A Carid\u00e1 y Sueiro","author":{"@id":"https:\/\/www.eldigitaldeasturias.com\/noticias\/author\/admin\/#author"},"publisher":{"@id":"https:\/\/www.eldigitaldeasturias.com\/noticias\/#organization"},"image":{"@type":"ImageObject","url":"https:\/\/www.eldigitaldeasturias.com\/noticias\/wp-content\/uploads\/2023\/12\/Obras-carretera-FR-2-Asturias.jpg","width":1091,"height":570,"caption":"Foto: Prensa Gobierno de Asturias"},"datePublished":"2023-12-13T13:59:51+01:00","dateModified":"2023-12-13T13:59:51+01:00","inLanguage":"es-ES","mainEntityOfPage":{"@id":"https:\/\/www.eldigitaldeasturias.com\/noticias\/adjudicadas-en-asturias-las-obras-entre-a-carida-y-sueiro\/#webpage"},"isPartOf":{"@id":"https:\/\/www.eldigitaldeasturias.com\/noticias\/adjudicadas-en-asturias-las-obras-entre-a-carida-y-sueiro\/#webpage"},"articleSection":"Actualidad Asturias"},{"@type":"BreadcrumbList","@id":"https:\/\/www.eldigitaldeasturias.com\/noticias\/adjudicadas-en-asturias-las-obras-entre-a-carida-y-sueiro\/#breadcrumblist","itemListElement":[{"@type":"ListItem","@id":"https:\/\/www.eldigitaldeasturias.com\/noticias#listItem","position":1,"name":"Home","item":"https:\/\/www.eldigitaldeasturias.com\/noticias","nextItem":{"@type":"ListItem","@id":"https:\/\/www.eldigitaldeasturias.com\/noticias\/category\/actualidad-asturias\/#listItem","name":"Actualidad Asturias"}},{"@type":"ListItem","@id":"https:\/\/www.eldigitaldeasturias.com\/noticias\/category\/actualidad-asturias\/#listItem","position":2,"name":"Actualidad Asturias","item":"https:\/\/www.eldigitaldeasturias.com\/noticias\/category\/actualidad-asturias\/","nextItem":{"@type":"ListItem","@id":"https:\/\/www.eldigitaldeasturias.com\/noticias\/adjudicadas-en-asturias-las-obras-entre-a-carida-y-sueiro\/#listItem","name":"Adjudicadas en Asturias las obras entre A Carid\u00e1 y Sueiro"},"previousItem":{"@type":"ListItem","@id":"https:\/\/www.eldigitaldeasturias.com\/noticias#listItem","name":"Home"}},{"@type":"ListItem","@id":"https:\/\/www.eldigitaldeasturias.com\/noticias\/adjudicadas-en-asturias-las-obras-entre-a-carida-y-sueiro\/#listItem","position":3,"name":"Adjudicadas en Asturias las obras entre A Carid\u00e1 y Sueiro","previousItem":{"@type":"ListItem","@id":"https:\/\/www.eldigitaldeasturias.com\/noticias\/category\/actualidad-asturias\/#listItem","name":"Actualidad Asturias"}}]},{"@type":"Organization","@id":"https:\/\/www.eldigitaldeasturias.com\/noticias\/#organization","name":"El Digital de Asturias","description":"Hemeroteca","url":"https:\/\/www.eldigitaldeasturias.com\/noticias\/","email":"info@eldigitaldeasturias.com","telephone":"+34652131393","logo":{"@type":"ImageObject","url":"https:\/\/www.eldigitaldeasturias.com\/noticias\/wp-content\/uploads\/2020\/12\/EDA.jpg","@id":"https:\/\/www.eldigitaldeasturias.com\/noticias\/adjudicadas-en-asturias-las-obras-entre-a-carida-y-sueiro\/#organizationLogo","width":649,"height":297},"image":{"@id":"https:\/\/www.eldigitaldeasturias.com\/noticias\/adjudicadas-en-asturias-las-obras-entre-a-carida-y-sueiro\/#organizationLogo"},"sameAs":["https:\/\/facebook.com\/eldigitaldeasturias","https:\/\/www.youtube.com\/channel\/UCZP-2wLEB9Rv6erhFmqVnvg"],"address":{"@id":"https:\/\/www.eldigitaldeasturias.com\/noticias\/#postaladdress","@type":"PostalAddress","streetAddress":"san antonio 4,","postalCode":"33430","addressLocality":"Cand\u00e1s","addressRegion":"Asturias","addressCountry":"ES"}},{"@type":"Person","@id":"https:\/\/www.eldigitaldeasturias.com\/noticias\/author\/admin\/#author","url":"https:\/\/www.eldigitaldeasturias.com\/noticias\/author\/admin\/","name":"El Digital de Asturias","image":{"@type":"ImageObject","@id":"https:\/\/www.eldigitaldeasturias.com\/noticias\/adjudicadas-en-asturias-las-obras-entre-a-carida-y-sueiro\/#authorImage","url":"https:\/\/www.eldigitaldeasturias.com\/noticias\/wp-content\/litespeed\/avatar\/18677e78aa0546b92d9dbf31ec7d7668.jpg?ver=1777290358","width":96,"height":96,"caption":"El Digital de Asturias"}},{"@type":"WebPage","@id":"https:\/\/www.eldigitaldeasturias.com\/noticias\/adjudicadas-en-asturias-las-obras-entre-a-carida-y-sueiro\/#webpage","url":"https:\/\/www.eldigitaldeasturias.com\/noticias\/adjudicadas-en-asturias-las-obras-entre-a-carida-y-sueiro\/","name":"Adjudicadas en Asturias las obras entre A Carid\u00e1 y Sueiro - El Digital de Asturias","description":"El Gobierno del Principado de Asturias ha adjudicado a la empresa PJR Gestion S.L. la mejora de la carretera FR-2, que une A Carid\u00e1 y Sueiro, en el concejo","inLanguage":"es-ES","isPartOf":{"@id":"https:\/\/www.eldigitaldeasturias.com\/noticias\/#website"},"breadcrumb":{"@id":"https:\/\/www.eldigitaldeasturias.com\/noticias\/adjudicadas-en-asturias-las-obras-entre-a-carida-y-sueiro\/#breadcrumblist"},"author":{"@id":"https:\/\/www.eldigitaldeasturias.com\/noticias\/author\/admin\/#author"},"creator":{"@id":"https:\/\/www.eldigitaldeasturias.com\/noticias\/author\/admin\/#author"},"image":{"@type":"ImageObject","url":"https:\/\/www.eldigitaldeasturias.com\/noticias\/wp-content\/uploads\/2023\/12\/Obras-carretera-FR-2-Asturias.jpg","@id":"https:\/\/www.eldigitaldeasturias.com\/noticias\/adjudicadas-en-asturias-las-obras-entre-a-carida-y-sueiro\/#mainImage","width":1091,"height":570,"caption":"Foto: Prensa Gobierno de Asturias"},"primaryImageOfPage":{"@id":"https:\/\/www.eldigitaldeasturias.com\/noticias\/adjudicadas-en-asturias-las-obras-entre-a-carida-y-sueiro\/#mainImage"},"datePublished":"2023-12-13T13:59:51+01:00","dateModified":"2023-12-13T13:59:51+01:00"},{"@type":"WebSite","@id":"https:\/\/www.eldigitaldeasturias.com\/noticias\/#website","url":"https:\/\/www.eldigitaldeasturias.com\/noticias\/","name":"El Digital de Asturias - Diario de actualidad y noticias","alternateName":"El Digital de Asturias - Diario de actualidad y noticias","description":"Hemeroteca","inLanguage":"es-ES","publisher":{"@id":"https:\/\/www.eldigitaldeasturias.com\/noticias\/#organization"}}]},"og:locale":"es_ES","og:site_name":"El Digital de Asturias","og:type":"article","og:title":"Adjudicadas en Asturias las obras entre A Carid\u00e1 y Sueiro - El Digital de Asturias","og:description":"El Gobierno del Principado de Asturias ha adjudicado a la empresa PJR Gestion S.L. la mejora de la carretera FR-2, que une A Carid\u00e1 y Sueiro, en el concejo","og:url":"https:\/\/www.eldigitaldeasturias.com\/noticias\/adjudicadas-en-asturias-las-obras-entre-a-carida-y-sueiro\/","og:image":"https:\/\/www.eldigitaldeasturias.com\/noticias\/wp-content\/uploads\/2023\/12\/Obras-carretera-FR-2-Asturias.jpg","og:image:secure_url":"https:\/\/www.eldigitaldeasturias.com\/noticias\/wp-content\/uploads\/2023\/12\/Obras-carretera-FR-2-Asturias.jpg","og:image:width":1091,"og:image:height":570,"article:tag":["actualidad asturias"],"article:published_time":"2023-12-13T12:59:51+00:00","article:modified_time":"2023-12-13T12:59:51+00:00","article:publisher":"https:\/\/facebook.com\/eldigitaldeasturias","twitter:card":"summary_large_image","twitter:title":"Adjudicadas en Asturias las obras entre A Carid\u00e1 y Sueiro - El Digital de Asturias","twitter:description":"El Gobierno del Principado de Asturias ha adjudicado a la empresa PJR Gestion S.L. la mejora de la carretera FR-2, que une A Carid\u00e1 y Sueiro, en el concejo","twitter:image":"https:\/\/www.eldigitaldeasturias.com\/noticias\/wp-content\/uploads\/2023\/12\/Obras-carretera-FR-2-Asturias.jpg","twitter:label1":"Escrito por","twitter:data1":"El Digital de Asturias","twitter:label2":"Tiempo de lectura estimado","twitter:data2":"2 minutos"},"aioseo_meta_data":{"post_id":"1127629","title":null,"description":"El Gobierno del Principado de Asturias ha adjudicado a la empresa PJR Gestion S.L. la mejora de la carretera FR-2, que une A Carid\u00e1 y Sueiro, en el concejo","keywords":[],"keyphrases":{"focus":{"keyphrase":"Asturias","score":100,"analysis":{"keyphraseInTitle":{"score":9,"maxScore":9,"error":0},"keyphraseInDescription":{"score":9,"maxScore":9,"error":0},"keyphraseLength":{"score":9,"maxScore":9,"error":0,"length":1},"keyphraseInURL":{"score":5,"maxScore":5,"error":0},"keyphraseInIntroduction":{"score":9,"maxScore":9,"error":0},"keyphraseInSubHeadings":[],"keyphraseInImageAlt":{"score":9,"maxScore":9,"error":0},"keywordDensity":{"type":"best","score":9,"maxScore":9,"error":0}}},"additional":[{"keyphrase":" carretera","score":100,"analysis":{"keyphraseInDescription":{"score":9,"maxScore":9,"error":0},"keyphraseLength":{"score":9,"maxScore":9,"error":0,"length":1},"keyphraseInIntroduction":{"score":9,"maxScore":9,"error":0},"keyphraseInImageAlt":{"score":9,"maxScore":9,"error":0},"keywordDensity":{"type":"best","score":9,"maxScore":9,"error":0}}}]},"primary_term":null,"canonical_url":null,"og_title":null,"og_description":null,"og_object_type":"default","og_image_type":"default","og_image_url":null,"og_image_width":null,"og_image_height":null,"og_image_custom_url":null,"og_image_custom_fields":null,"og_video":"","og_custom_url":null,"og_article_section":null,"og_article_tags":[],"twitter_use_og":false,"twitter_card":"default","twitter_image_type":"default","twitter_image_url":null,"twitter_image_custom_url":null,"twitter_image_custom_fields":null,"twitter_title":null,"twitter_description":null,"schema":{"blockGraphs":[],"customGraphs":[],"default":{"data":{"Article":[],"Course":[],"Dataset":[],"FAQPage":[],"Movie":[],"Person":[],"Product":[],"ProductReview":[],"Car":[],"Recipe":[],"Service":[],"SoftwareApplication":[],"WebPage":[]},"graphName":"BlogPosting","isEnabled":true},"graphs":[]},"schema_type":"default","schema_type_options":null,"pillar_content":false,"robots_default":true,"robots_noindex":false,"robots_noarchive":false,"robots_nosnippet":false,"robots_nofollow":false,"robots_noimageindex":false,"robots_noodp":false,"robots_notranslate":false,"robots_max_snippet":"-1","robots_max_videopreview":"-1","robots_max_imagepreview":"large","priority":null,"frequency":"default","local_seo":null,"seo_analyzer_scan_date":"2025-10-05 23:41:10","breadcrumb_settings":null,"limit_modified_date":false,"open_ai":"{\"title\":{\"suggestions\":[],\"usage\":0},\"description\":{\"suggestions\":[],\"usage\":0}}","ai":null,"created":"2023-12-13 12:50:55","updated":"2025-10-09 05:40:26"},"aioseo_breadcrumb":"<div class=\"aioseo-breadcrumbs\"><span class=\"aioseo-breadcrumb\">\n\t<a href=\"https:\/\/www.eldigitaldeasturias.com\/noticias\" title=\"Home\">Home<\/a>\n<\/span><span class=\"aioseo-breadcrumb-separator\">\u2013<\/span><span class=\"aioseo-breadcrumb\">\n\t<a href=\"https:\/\/www.eldigitaldeasturias.com\/noticias\/category\/actualidad-asturias\/\" title=\"Actualidad Asturias\">Actualidad Asturias<\/a>\n<\/span><span class=\"aioseo-breadcrumb-separator\">\u2013<\/span><span class=\"aioseo-breadcrumb\">\n\t<a href=\"https:\/\/www.eldigitaldeasturias.com\/noticias\/adjudicadas-en-asturias-las-obras-entre-a-carida-y-sueiro\/\" title=\"Adjudicadas en Asturias las obras entre A Carid\u00e1 y Sueiro\">Adjudicadas en Asturias las obras entre A Carid\u00e1 y Sueiro<\/a>\n<\/span><\/div>","aioseo_breadcrumb_json":[{"label":"Home","link":"https:\/\/www.eldigitaldeasturias.com\/noticias"},{"label":"Actualidad Asturias","link":"https:\/\/www.eldigitaldeasturias.com\/noticias\/category\/actualidad-asturias\/"},{"label":"Adjudicadas en Asturias las obras entre A Carid\u00e1 y Sueiro","link":"https:\/\/www.eldigitaldeasturias.com\/noticias\/adjudicadas-en-asturias-las-obras-entre-a-carida-y-sueiro\/"}],"_links":{"self":[{"href":"https:\/\/www.eldigitaldeasturias.com\/noticias\/wp-json\/wp\/v2\/posts\/1127629","targetHints":{"allow":["GET"]}}],"collection":[{"href":"https:\/\/www.eldigitaldeasturias.com\/noticias\/wp-json\/wp\/v2\/posts"}],"about":[{"href":"https:\/\/www.eldigitaldeasturias.com\/noticias\/wp-json\/wp\/v2\/types\/post"}],"author":[{"embeddable":true,"href":"https:\/\/www.eldigitaldeasturias.com\/noticias\/wp-json\/wp\/v2\/users\/1"}],"replies":[{"embeddable":true,"href":"https:\/\/www.eldigitaldeasturias.com\/noticias\/wp-json\/wp\/v2\/comments?post=1127629"}],"version-history":[{"count":0,"href":"https:\/\/www.eldigitaldeasturias.com\/noticias\/wp-json\/wp\/v2\/posts\/1127629\/revisions"}],"wp:featuredmedia":[{"embeddable":true,"href":"https:\/\/www.eldigitaldeasturias.com\/noticias\/wp-json\/wp\/v2\/media\/1127630"}],"wp:attachment":[{"href":"https:\/\/www.eldigitaldeasturias.com\/noticias\/wp-json\/wp\/v2\/media?parent=1127629"}],"wp:term":[{"taxonomy":"category","embeddable":true,"href":"https:\/\/www.eldigitaldeasturias.com\/noticias\/wp-json\/wp\/v2\/categories?post=1127629"},{"taxonomy":"post_tag","embeddable":true,"href":"https:\/\/www.eldigitaldeasturias.com\/noticias\/wp-json\/wp\/v2\/tags?post=1127629"}],"curies":[{"name":"wp","href":"https:\/\/api.w.org\/{rel}","templated":true}]}}