{"id":1127623,"date":"2023-12-13T12:18:14","date_gmt":"2023-12-13T11:18:14","guid":{"rendered":"https:\/\/www.eldigitaldeasturias.com\/noticias\/?p=1127623"},"modified":"2023-12-13T12:18:14","modified_gmt":"2023-12-13T11:18:14","slug":"asturias-trabaja-en-el-plan-director-de-infraestructuras-judiciales","status":"publish","type":"post","link":"https:\/\/www.eldigitaldeasturias.com\/noticias\/asturias-trabaja-en-el-plan-director-de-infraestructuras-judiciales\/","title":{"rendered":"Asturias trabaja en el Plan Director de Infraestructuras Judiciales"},"content":{"rendered":"<p>El consejero de Hacienda y Fondos Europeos del <a title=\"Principado de Asturias\" href=\"https:\/\/actualidad.asturias.es\/\" target=\"_blank\" rel=\"noopener\"><span style=\"color: #ff6600;\"><strong>Principado de Asturias<\/strong><\/span><\/a>, Guillermo Pel\u00e1ez, ha manifestado la intenci\u00f3n del Gobierno de Asturias de tener listo en el primer semestre de 2024 el Plan Director de Infraestructuras <a href=\"https:\/\/www.eldigitaldeasturias.com\/noticias\/category\/sucesos\/\"><span style=\"color: #ff6600;\"><strong>Judiciales<\/strong><\/span><\/a>, el documento que recoger\u00e1 las prioridades de actuaci\u00f3n en las sedes regionales para los pr\u00f3ximos diez a\u00f1os.<\/p>\n<figure id=\"attachment_1127624\" aria-describedby=\"caption-attachment-1127624\" style=\"width: 650px\" class=\"wp-caption aligncenter\"><img loading=\"lazy\" decoding=\"async\" class=\"wp-image-1127624 size-large\" src=\"https:\/\/www.eldigitaldeasturias.com\/noticias\/wp-content\/uploads\/2023\/12\/Infraestructuras-Judiciales-Asturias-650x436.jpg\" alt=\"Infraestructuras Judiciales Asturias\" width=\"650\" height=\"436\" srcset=\"https:\/\/www.eldigitaldeasturias.com\/noticias\/wp-content\/uploads\/2023\/12\/Infraestructuras-Judiciales-Asturias-650x436.jpg 650w, https:\/\/www.eldigitaldeasturias.com\/noticias\/wp-content\/uploads\/2023\/12\/Infraestructuras-Judiciales-Asturias-360x242.jpg 360w, https:\/\/www.eldigitaldeasturias.com\/noticias\/wp-content\/uploads\/2023\/12\/Infraestructuras-Judiciales-Asturias-447x300.jpg 447w, https:\/\/www.eldigitaldeasturias.com\/noticias\/wp-content\/uploads\/2023\/12\/Infraestructuras-Judiciales-Asturias-768x516.jpg 768w, https:\/\/www.eldigitaldeasturias.com\/noticias\/wp-content\/uploads\/2023\/12\/Infraestructuras-Judiciales-Asturias-150x101.jpg 150w, https:\/\/www.eldigitaldeasturias.com\/noticias\/wp-content\/uploads\/2023\/12\/Infraestructuras-Judiciales-Asturias-450x302.jpg 450w, https:\/\/www.eldigitaldeasturias.com\/noticias\/wp-content\/uploads\/2023\/12\/Infraestructuras-Judiciales-Asturias.jpg 995w\" sizes=\"auto, (max-width: 650px) 100vw, 650px\" \/><figcaption id=\"caption-attachment-1127624\" class=\"wp-caption-text\">Foto: Prensa Gobierno de Asturias<\/figcaption><\/figure>\n<blockquote><p>Pela\u00e9z ha participado en la primera reuni\u00f3n de la comisi\u00f3n mixta entre la Sala de Gobierno del Tribunal Superior de Justicia (TSJA) y el Principado celebrada en esta legislatura.<\/p><\/blockquote>\n<p>En este \u00f3rgano est\u00e1n representadas las m\u00e1ximas instancias del TSJA con su presidente, Jes\u00fas Mar\u00eda Chamorro, al frente. Adem\u00e1s del consejero, por parte del Gobierno de Asturias han participado la viceconsejera de Justicia, Encarnaci\u00f3n Vicente, y el director general de Estrategia Digital e Inteligencia Artificial, Javier Fern\u00e1ndez.<\/p>\n<p>Respecto a la unificaci\u00f3n de sedes judiciales de Oviedo, el consejero ha se\u00f1alado que todos los agentes involucrados trabajan para acelerar el proceso en la medida de lo posible. Tambi\u00e9n ha anunciado que su departamento elaborar\u00e1 el pr\u00f3ximo a\u00f1o el anteproyecto de obras para la futura ubicaci\u00f3n judicial de Llamaquique.<\/p>\n<p>Otra de las cuestiones abordadas en la comisi\u00f3n ha sido la situaci\u00f3n de las plantillas de trabajadores de la justicia. El Principado ha informado de que ya se ha convocado una nueva bolsa de interinos que estar\u00e1 en vigor en las pr\u00f3ximas semanas, entre finales de diciembre y principios de 2024, con la que se espera agilizar el proceso para cubrir vacantes. T<strong>ambi\u00e9n ha trasladado la intenci\u00f3n de crear el pr\u00f3ximo a\u00f1o una nueva unidad de valoraci\u00f3n forense en Avil\u00e9s y un nuevo equipo de refuerzo.<\/strong> Actualmente, estos equipos se destinan exclusivamente a los procedimientos de violencia sobre la mujer.<\/p>\n","protected":false},"excerpt":{"rendered":"<p>El consejero de Hacienda y Fondos Europeos del Principado de Asturias, Guillermo Pel\u00e1ez, ha manifestado la intenci\u00f3n del Gobierno de Asturias de tener listo en el primer semestre de 2024 el Plan Director de Infraestructuras Judiciales, el documento que recoger\u00e1 las prioridades de actuaci\u00f3n en las sedes regionales para los pr\u00f3ximos diez a\u00f1os. Pela\u00e9z ha [&hellip;]<\/p>\n","protected":false},"author":1,"featured_media":1127624,"comment_status":"closed","ping_status":"closed","sticky":false,"template":"","format":"standard","meta":{"footnotes":""},"categories":[12],"tags":[],"class_list":["post-1127623","post","type-post","status-publish","format-standard","has-post-thumbnail","hentry","category-actualidad-asturias"],"aioseo_notices":[],"aioseo_head":"\n\t\t<!-- All in One SEO Pro 4.9.6.2 - aioseo.com -->\n\t<meta name=\"description\" content=\"El consejero de Hacienda y Fondos Europeos del Principado de Asturias, Guillermo Pel\u00e1ez, ha manifestado la intenci\u00f3n del Gobierno de Asturias de tener listo\" \/>\n\t<meta name=\"robots\" content=\"max-image-preview:large\" \/>\n\t<meta name=\"author\" content=\"El Digital de Asturias\"\/>\n\t<meta name=\"google-site-verification\" content=\"UA-38556648-1\" \/>\n\t<meta name=\"msvalidate.01\" content=\"7dfe9f3f1b24437ab69f4f2559babe99\" \/>\n\t<meta name=\"keywords\" content=\"actualidad asturias\" \/>\n\t<link rel=\"canonical\" href=\"https:\/\/www.eldigitaldeasturias.com\/noticias\/asturias-trabaja-en-el-plan-director-de-infraestructuras-judiciales\/\" \/>\n\t<meta name=\"generator\" content=\"All in One SEO Pro (AIOSEO) 4.9.6.2\" \/>\n\t\t<meta property=\"og:locale\" content=\"es_ES\" \/>\n\t\t<meta property=\"og:site_name\" content=\"El Digital de Asturias\" \/>\n\t\t<meta property=\"og:type\" content=\"article\" \/>\n\t\t<meta property=\"og:title\" content=\"Asturias trabaja en el Plan Director de Infraestructuras Judiciales - El Digital de Asturias\" \/>\n\t\t<meta property=\"og:description\" content=\"El consejero de Hacienda y Fondos Europeos del Principado de Asturias, Guillermo Pel\u00e1ez, ha manifestado la intenci\u00f3n del Gobierno de Asturias de tener listo\" \/>\n\t\t<meta property=\"og:url\" content=\"https:\/\/www.eldigitaldeasturias.com\/noticias\/asturias-trabaja-en-el-plan-director-de-infraestructuras-judiciales\/\" \/>\n\t\t<meta property=\"og:image\" content=\"https:\/\/www.eldigitaldeasturias.com\/noticias\/wp-content\/uploads\/2023\/12\/Infraestructuras-Judiciales-Asturias.jpg\" \/>\n\t\t<meta property=\"og:image:secure_url\" content=\"https:\/\/www.eldigitaldeasturias.com\/noticias\/wp-content\/uploads\/2023\/12\/Infraestructuras-Judiciales-Asturias.jpg\" \/>\n\t\t<meta property=\"og:image:width\" content=\"995\" \/>\n\t\t<meta property=\"og:image:height\" content=\"668\" \/>\n\t\t<meta property=\"article:tag\" content=\"actualidad asturias\" \/>\n\t\t<meta property=\"article:published_time\" content=\"2023-12-13T11:18:14+00:00\" \/>\n\t\t<meta property=\"article:modified_time\" content=\"2023-12-13T11:18:14+00:00\" \/>\n\t\t<meta property=\"article:publisher\" content=\"https:\/\/facebook.com\/eldigitaldeasturias\" \/>\n\t\t<meta name=\"twitter:card\" content=\"summary_large_image\" \/>\n\t\t<meta name=\"twitter:title\" content=\"Asturias trabaja en el Plan Director de Infraestructuras Judiciales - El Digital de Asturias\" \/>\n\t\t<meta name=\"twitter:description\" content=\"El consejero de Hacienda y Fondos Europeos del Principado de Asturias, Guillermo Pel\u00e1ez, ha manifestado la intenci\u00f3n del Gobierno de Asturias de tener listo\" \/>\n\t\t<meta name=\"twitter:image\" content=\"https:\/\/www.eldigitaldeasturias.com\/noticias\/wp-content\/uploads\/2023\/12\/Infraestructuras-Judiciales-Asturias.jpg\" \/>\n\t\t<meta name=\"twitter:label1\" content=\"Escrito por\" \/>\n\t\t<meta name=\"twitter:data1\" content=\"El Digital de Asturias\" \/>\n\t\t<meta name=\"twitter:label2\" content=\"Tiempo de lectura estimado\" \/>\n\t\t<meta name=\"twitter:data2\" content=\"2 minutos\" \/>\n\t\t<script type=\"application\/ld+json\" class=\"aioseo-schema\">\n\t\t\t{\"@context\":\"https:\\\/\\\/schema.org\",\"@graph\":[{\"@type\":\"BlogPosting\",\"@id\":\"https:\\\/\\\/www.eldigitaldeasturias.com\\\/noticias\\\/asturias-trabaja-en-el-plan-director-de-infraestructuras-judiciales\\\/#blogposting\",\"name\":\"Asturias trabaja en el Plan Director de Infraestructuras Judiciales - El Digital de Asturias\",\"headline\":\"Asturias trabaja en el Plan Director de Infraestructuras Judiciales\",\"author\":{\"@id\":\"https:\\\/\\\/www.eldigitaldeasturias.com\\\/noticias\\\/author\\\/admin\\\/#author\"},\"publisher\":{\"@id\":\"https:\\\/\\\/www.eldigitaldeasturias.com\\\/noticias\\\/#organization\"},\"image\":{\"@type\":\"ImageObject\",\"url\":\"https:\\\/\\\/www.eldigitaldeasturias.com\\\/noticias\\\/wp-content\\\/uploads\\\/2023\\\/12\\\/Infraestructuras-Judiciales-Asturias.jpg\",\"width\":995,\"height\":668,\"caption\":\"Foto: Prensa Gobierno de Asturias\"},\"datePublished\":\"2023-12-13T12:18:14+01:00\",\"dateModified\":\"2023-12-13T12:18:14+01:00\",\"inLanguage\":\"es-ES\",\"mainEntityOfPage\":{\"@id\":\"https:\\\/\\\/www.eldigitaldeasturias.com\\\/noticias\\\/asturias-trabaja-en-el-plan-director-de-infraestructuras-judiciales\\\/#webpage\"},\"isPartOf\":{\"@id\":\"https:\\\/\\\/www.eldigitaldeasturias.com\\\/noticias\\\/asturias-trabaja-en-el-plan-director-de-infraestructuras-judiciales\\\/#webpage\"},\"articleSection\":\"Actualidad Asturias\"},{\"@type\":\"BreadcrumbList\",\"@id\":\"https:\\\/\\\/www.eldigitaldeasturias.com\\\/noticias\\\/asturias-trabaja-en-el-plan-director-de-infraestructuras-judiciales\\\/#breadcrumblist\",\"itemListElement\":[{\"@type\":\"ListItem\",\"@id\":\"https:\\\/\\\/www.eldigitaldeasturias.com\\\/noticias#listItem\",\"position\":1,\"name\":\"Home\",\"item\":\"https:\\\/\\\/www.eldigitaldeasturias.com\\\/noticias\",\"nextItem\":{\"@type\":\"ListItem\",\"@id\":\"https:\\\/\\\/www.eldigitaldeasturias.com\\\/noticias\\\/category\\\/actualidad-asturias\\\/#listItem\",\"name\":\"Actualidad Asturias\"}},{\"@type\":\"ListItem\",\"@id\":\"https:\\\/\\\/www.eldigitaldeasturias.com\\\/noticias\\\/category\\\/actualidad-asturias\\\/#listItem\",\"position\":2,\"name\":\"Actualidad Asturias\",\"item\":\"https:\\\/\\\/www.eldigitaldeasturias.com\\\/noticias\\\/category\\\/actualidad-asturias\\\/\",\"nextItem\":{\"@type\":\"ListItem\",\"@id\":\"https:\\\/\\\/www.eldigitaldeasturias.com\\\/noticias\\\/asturias-trabaja-en-el-plan-director-de-infraestructuras-judiciales\\\/#listItem\",\"name\":\"Asturias trabaja en el Plan Director de Infraestructuras Judiciales\"},\"previousItem\":{\"@type\":\"ListItem\",\"@id\":\"https:\\\/\\\/www.eldigitaldeasturias.com\\\/noticias#listItem\",\"name\":\"Home\"}},{\"@type\":\"ListItem\",\"@id\":\"https:\\\/\\\/www.eldigitaldeasturias.com\\\/noticias\\\/asturias-trabaja-en-el-plan-director-de-infraestructuras-judiciales\\\/#listItem\",\"position\":3,\"name\":\"Asturias trabaja en el Plan Director de Infraestructuras Judiciales\",\"previousItem\":{\"@type\":\"ListItem\",\"@id\":\"https:\\\/\\\/www.eldigitaldeasturias.com\\\/noticias\\\/category\\\/actualidad-asturias\\\/#listItem\",\"name\":\"Actualidad Asturias\"}}]},{\"@type\":\"Organization\",\"@id\":\"https:\\\/\\\/www.eldigitaldeasturias.com\\\/noticias\\\/#organization\",\"name\":\"El Digital de Asturias\",\"description\":\"Hemeroteca\",\"url\":\"https:\\\/\\\/www.eldigitaldeasturias.com\\\/noticias\\\/\",\"email\":\"info@eldigitaldeasturias.com\",\"telephone\":\"+34652131393\",\"logo\":{\"@type\":\"ImageObject\",\"url\":\"https:\\\/\\\/www.eldigitaldeasturias.com\\\/noticias\\\/wp-content\\\/uploads\\\/2020\\\/12\\\/EDA.jpg\",\"@id\":\"https:\\\/\\\/www.eldigitaldeasturias.com\\\/noticias\\\/asturias-trabaja-en-el-plan-director-de-infraestructuras-judiciales\\\/#organizationLogo\",\"width\":649,\"height\":297},\"image\":{\"@id\":\"https:\\\/\\\/www.eldigitaldeasturias.com\\\/noticias\\\/asturias-trabaja-en-el-plan-director-de-infraestructuras-judiciales\\\/#organizationLogo\"},\"sameAs\":[\"https:\\\/\\\/facebook.com\\\/eldigitaldeasturias\",\"https:\\\/\\\/www.youtube.com\\\/channel\\\/UCZP-2wLEB9Rv6erhFmqVnvg\"],\"address\":{\"@id\":\"https:\\\/\\\/www.eldigitaldeasturias.com\\\/noticias\\\/#postaladdress\",\"@type\":\"PostalAddress\",\"streetAddress\":\"san antonio 4,\",\"postalCode\":\"33430\",\"addressLocality\":\"Cand\\u00e1s\",\"addressRegion\":\"Asturias\",\"addressCountry\":\"ES\"}},{\"@type\":\"Person\",\"@id\":\"https:\\\/\\\/www.eldigitaldeasturias.com\\\/noticias\\\/author\\\/admin\\\/#author\",\"url\":\"https:\\\/\\\/www.eldigitaldeasturias.com\\\/noticias\\\/author\\\/admin\\\/\",\"name\":\"El Digital de Asturias\",\"image\":{\"@type\":\"ImageObject\",\"@id\":\"https:\\\/\\\/www.eldigitaldeasturias.com\\\/noticias\\\/asturias-trabaja-en-el-plan-director-de-infraestructuras-judiciales\\\/#authorImage\",\"url\":\"https:\\\/\\\/www.eldigitaldeasturias.com\\\/noticias\\\/wp-content\\\/litespeed\\\/avatar\\\/18677e78aa0546b92d9dbf31ec7d7668.jpg?ver=1777290358\",\"width\":96,\"height\":96,\"caption\":\"El Digital de Asturias\"}},{\"@type\":\"WebPage\",\"@id\":\"https:\\\/\\\/www.eldigitaldeasturias.com\\\/noticias\\\/asturias-trabaja-en-el-plan-director-de-infraestructuras-judiciales\\\/#webpage\",\"url\":\"https:\\\/\\\/www.eldigitaldeasturias.com\\\/noticias\\\/asturias-trabaja-en-el-plan-director-de-infraestructuras-judiciales\\\/\",\"name\":\"Asturias trabaja en el Plan Director de Infraestructuras Judiciales - El Digital de Asturias\",\"description\":\"El consejero de Hacienda y Fondos Europeos del Principado de Asturias, Guillermo Pel\\u00e1ez, ha manifestado la intenci\\u00f3n del Gobierno de Asturias de tener listo\",\"inLanguage\":\"es-ES\",\"isPartOf\":{\"@id\":\"https:\\\/\\\/www.eldigitaldeasturias.com\\\/noticias\\\/#website\"},\"breadcrumb\":{\"@id\":\"https:\\\/\\\/www.eldigitaldeasturias.com\\\/noticias\\\/asturias-trabaja-en-el-plan-director-de-infraestructuras-judiciales\\\/#breadcrumblist\"},\"author\":{\"@id\":\"https:\\\/\\\/www.eldigitaldeasturias.com\\\/noticias\\\/author\\\/admin\\\/#author\"},\"creator\":{\"@id\":\"https:\\\/\\\/www.eldigitaldeasturias.com\\\/noticias\\\/author\\\/admin\\\/#author\"},\"image\":{\"@type\":\"ImageObject\",\"url\":\"https:\\\/\\\/www.eldigitaldeasturias.com\\\/noticias\\\/wp-content\\\/uploads\\\/2023\\\/12\\\/Infraestructuras-Judiciales-Asturias.jpg\",\"@id\":\"https:\\\/\\\/www.eldigitaldeasturias.com\\\/noticias\\\/asturias-trabaja-en-el-plan-director-de-infraestructuras-judiciales\\\/#mainImage\",\"width\":995,\"height\":668,\"caption\":\"Foto: Prensa Gobierno de Asturias\"},\"primaryImageOfPage\":{\"@id\":\"https:\\\/\\\/www.eldigitaldeasturias.com\\\/noticias\\\/asturias-trabaja-en-el-plan-director-de-infraestructuras-judiciales\\\/#mainImage\"},\"datePublished\":\"2023-12-13T12:18:14+01:00\",\"dateModified\":\"2023-12-13T12:18:14+01:00\"},{\"@type\":\"WebSite\",\"@id\":\"https:\\\/\\\/www.eldigitaldeasturias.com\\\/noticias\\\/#website\",\"url\":\"https:\\\/\\\/www.eldigitaldeasturias.com\\\/noticias\\\/\",\"name\":\"El Digital de Asturias - Diario de actualidad y noticias\",\"alternateName\":\"El Digital de Asturias - Diario de actualidad y noticias\",\"description\":\"Hemeroteca\",\"inLanguage\":\"es-ES\",\"publisher\":{\"@id\":\"https:\\\/\\\/www.eldigitaldeasturias.com\\\/noticias\\\/#organization\"}}]}\n\t\t<\/script>\n\t\t<!-- All in One SEO Pro -->\r\n\t\t<title>Asturias trabaja en el Plan Director de Infraestructuras Judiciales - El Digital de Asturias<\/title>\n\n","aioseo_head_json":{"title":"Asturias trabaja en el Plan Director de Infraestructuras Judiciales - El Digital de Asturias","description":"El consejero de Hacienda y Fondos Europeos del Principado de Asturias, Guillermo Pel\u00e1ez, ha manifestado la intenci\u00f3n del Gobierno de Asturias de tener listo","canonical_url":"https:\/\/www.eldigitaldeasturias.com\/noticias\/asturias-trabaja-en-el-plan-director-de-infraestructuras-judiciales\/","robots":"max-image-preview:large","keywords":"actualidad asturias","webmasterTools":{"google-site-verification":"UA-38556648-1","msvalidate.01":"7dfe9f3f1b24437ab69f4f2559babe99","miscellaneous":""},"schema":{"@context":"https:\/\/schema.org","@graph":[{"@type":"BlogPosting","@id":"https:\/\/www.eldigitaldeasturias.com\/noticias\/asturias-trabaja-en-el-plan-director-de-infraestructuras-judiciales\/#blogposting","name":"Asturias trabaja en el Plan Director de Infraestructuras Judiciales - El Digital de Asturias","headline":"Asturias trabaja en el Plan Director de Infraestructuras Judiciales","author":{"@id":"https:\/\/www.eldigitaldeasturias.com\/noticias\/author\/admin\/#author"},"publisher":{"@id":"https:\/\/www.eldigitaldeasturias.com\/noticias\/#organization"},"image":{"@type":"ImageObject","url":"https:\/\/www.eldigitaldeasturias.com\/noticias\/wp-content\/uploads\/2023\/12\/Infraestructuras-Judiciales-Asturias.jpg","width":995,"height":668,"caption":"Foto: Prensa Gobierno de Asturias"},"datePublished":"2023-12-13T12:18:14+01:00","dateModified":"2023-12-13T12:18:14+01:00","inLanguage":"es-ES","mainEntityOfPage":{"@id":"https:\/\/www.eldigitaldeasturias.com\/noticias\/asturias-trabaja-en-el-plan-director-de-infraestructuras-judiciales\/#webpage"},"isPartOf":{"@id":"https:\/\/www.eldigitaldeasturias.com\/noticias\/asturias-trabaja-en-el-plan-director-de-infraestructuras-judiciales\/#webpage"},"articleSection":"Actualidad Asturias"},{"@type":"BreadcrumbList","@id":"https:\/\/www.eldigitaldeasturias.com\/noticias\/asturias-trabaja-en-el-plan-director-de-infraestructuras-judiciales\/#breadcrumblist","itemListElement":[{"@type":"ListItem","@id":"https:\/\/www.eldigitaldeasturias.com\/noticias#listItem","position":1,"name":"Home","item":"https:\/\/www.eldigitaldeasturias.com\/noticias","nextItem":{"@type":"ListItem","@id":"https:\/\/www.eldigitaldeasturias.com\/noticias\/category\/actualidad-asturias\/#listItem","name":"Actualidad Asturias"}},{"@type":"ListItem","@id":"https:\/\/www.eldigitaldeasturias.com\/noticias\/category\/actualidad-asturias\/#listItem","position":2,"name":"Actualidad Asturias","item":"https:\/\/www.eldigitaldeasturias.com\/noticias\/category\/actualidad-asturias\/","nextItem":{"@type":"ListItem","@id":"https:\/\/www.eldigitaldeasturias.com\/noticias\/asturias-trabaja-en-el-plan-director-de-infraestructuras-judiciales\/#listItem","name":"Asturias trabaja en el Plan Director de Infraestructuras Judiciales"},"previousItem":{"@type":"ListItem","@id":"https:\/\/www.eldigitaldeasturias.com\/noticias#listItem","name":"Home"}},{"@type":"ListItem","@id":"https:\/\/www.eldigitaldeasturias.com\/noticias\/asturias-trabaja-en-el-plan-director-de-infraestructuras-judiciales\/#listItem","position":3,"name":"Asturias trabaja en el Plan Director de Infraestructuras Judiciales","previousItem":{"@type":"ListItem","@id":"https:\/\/www.eldigitaldeasturias.com\/noticias\/category\/actualidad-asturias\/#listItem","name":"Actualidad Asturias"}}]},{"@type":"Organization","@id":"https:\/\/www.eldigitaldeasturias.com\/noticias\/#organization","name":"El Digital de Asturias","description":"Hemeroteca","url":"https:\/\/www.eldigitaldeasturias.com\/noticias\/","email":"info@eldigitaldeasturias.com","telephone":"+34652131393","logo":{"@type":"ImageObject","url":"https:\/\/www.eldigitaldeasturias.com\/noticias\/wp-content\/uploads\/2020\/12\/EDA.jpg","@id":"https:\/\/www.eldigitaldeasturias.com\/noticias\/asturias-trabaja-en-el-plan-director-de-infraestructuras-judiciales\/#organizationLogo","width":649,"height":297},"image":{"@id":"https:\/\/www.eldigitaldeasturias.com\/noticias\/asturias-trabaja-en-el-plan-director-de-infraestructuras-judiciales\/#organizationLogo"},"sameAs":["https:\/\/facebook.com\/eldigitaldeasturias","https:\/\/www.youtube.com\/channel\/UCZP-2wLEB9Rv6erhFmqVnvg"],"address":{"@id":"https:\/\/www.eldigitaldeasturias.com\/noticias\/#postaladdress","@type":"PostalAddress","streetAddress":"san antonio 4,","postalCode":"33430","addressLocality":"Cand\u00e1s","addressRegion":"Asturias","addressCountry":"ES"}},{"@type":"Person","@id":"https:\/\/www.eldigitaldeasturias.com\/noticias\/author\/admin\/#author","url":"https:\/\/www.eldigitaldeasturias.com\/noticias\/author\/admin\/","name":"El Digital de Asturias","image":{"@type":"ImageObject","@id":"https:\/\/www.eldigitaldeasturias.com\/noticias\/asturias-trabaja-en-el-plan-director-de-infraestructuras-judiciales\/#authorImage","url":"https:\/\/www.eldigitaldeasturias.com\/noticias\/wp-content\/litespeed\/avatar\/18677e78aa0546b92d9dbf31ec7d7668.jpg?ver=1777290358","width":96,"height":96,"caption":"El Digital de Asturias"}},{"@type":"WebPage","@id":"https:\/\/www.eldigitaldeasturias.com\/noticias\/asturias-trabaja-en-el-plan-director-de-infraestructuras-judiciales\/#webpage","url":"https:\/\/www.eldigitaldeasturias.com\/noticias\/asturias-trabaja-en-el-plan-director-de-infraestructuras-judiciales\/","name":"Asturias trabaja en el Plan Director de Infraestructuras Judiciales - El Digital de Asturias","description":"El consejero de Hacienda y Fondos Europeos del Principado de Asturias, Guillermo Pel\u00e1ez, ha manifestado la intenci\u00f3n del Gobierno de Asturias de tener listo","inLanguage":"es-ES","isPartOf":{"@id":"https:\/\/www.eldigitaldeasturias.com\/noticias\/#website"},"breadcrumb":{"@id":"https:\/\/www.eldigitaldeasturias.com\/noticias\/asturias-trabaja-en-el-plan-director-de-infraestructuras-judiciales\/#breadcrumblist"},"author":{"@id":"https:\/\/www.eldigitaldeasturias.com\/noticias\/author\/admin\/#author"},"creator":{"@id":"https:\/\/www.eldigitaldeasturias.com\/noticias\/author\/admin\/#author"},"image":{"@type":"ImageObject","url":"https:\/\/www.eldigitaldeasturias.com\/noticias\/wp-content\/uploads\/2023\/12\/Infraestructuras-Judiciales-Asturias.jpg","@id":"https:\/\/www.eldigitaldeasturias.com\/noticias\/asturias-trabaja-en-el-plan-director-de-infraestructuras-judiciales\/#mainImage","width":995,"height":668,"caption":"Foto: Prensa Gobierno de Asturias"},"primaryImageOfPage":{"@id":"https:\/\/www.eldigitaldeasturias.com\/noticias\/asturias-trabaja-en-el-plan-director-de-infraestructuras-judiciales\/#mainImage"},"datePublished":"2023-12-13T12:18:14+01:00","dateModified":"2023-12-13T12:18:14+01:00"},{"@type":"WebSite","@id":"https:\/\/www.eldigitaldeasturias.com\/noticias\/#website","url":"https:\/\/www.eldigitaldeasturias.com\/noticias\/","name":"El Digital de Asturias - Diario de actualidad y noticias","alternateName":"El Digital de Asturias - Diario de actualidad y noticias","description":"Hemeroteca","inLanguage":"es-ES","publisher":{"@id":"https:\/\/www.eldigitaldeasturias.com\/noticias\/#organization"}}]},"og:locale":"es_ES","og:site_name":"El Digital de Asturias","og:type":"article","og:title":"Asturias trabaja en el Plan Director de Infraestructuras Judiciales - El Digital de Asturias","og:description":"El consejero de Hacienda y Fondos Europeos del Principado de Asturias, Guillermo Pel\u00e1ez, ha manifestado la intenci\u00f3n del Gobierno de Asturias de tener listo","og:url":"https:\/\/www.eldigitaldeasturias.com\/noticias\/asturias-trabaja-en-el-plan-director-de-infraestructuras-judiciales\/","og:image":"https:\/\/www.eldigitaldeasturias.com\/noticias\/wp-content\/uploads\/2023\/12\/Infraestructuras-Judiciales-Asturias.jpg","og:image:secure_url":"https:\/\/www.eldigitaldeasturias.com\/noticias\/wp-content\/uploads\/2023\/12\/Infraestructuras-Judiciales-Asturias.jpg","og:image:width":995,"og:image:height":668,"article:tag":["actualidad asturias"],"article:published_time":"2023-12-13T11:18:14+00:00","article:modified_time":"2023-12-13T11:18:14+00:00","article:publisher":"https:\/\/facebook.com\/eldigitaldeasturias","twitter:card":"summary_large_image","twitter:title":"Asturias trabaja en el Plan Director de Infraestructuras Judiciales - El Digital de Asturias","twitter:description":"El consejero de Hacienda y Fondos Europeos del Principado de Asturias, Guillermo Pel\u00e1ez, ha manifestado la intenci\u00f3n del Gobierno de Asturias de tener listo","twitter:image":"https:\/\/www.eldigitaldeasturias.com\/noticias\/wp-content\/uploads\/2023\/12\/Infraestructuras-Judiciales-Asturias.jpg","twitter:label1":"Escrito por","twitter:data1":"El Digital de Asturias","twitter:label2":"Tiempo de lectura estimado","twitter:data2":"2 minutos"},"aioseo_meta_data":{"post_id":"1127623","title":null,"description":"El consejero de Hacienda y Fondos Europeos del Principado de Asturias, Guillermo Pel\u00e1ez, ha manifestado la intenci\u00f3n del Gobierno de Asturias de tener listo","keywords":[],"keyphrases":{"focus":{"keyphrase":"Asturias","score":100,"analysis":{"keyphraseInTitle":{"score":9,"maxScore":9,"error":0},"keyphraseInDescription":{"score":9,"maxScore":9,"error":0},"keyphraseLength":{"score":9,"maxScore":9,"error":0,"length":1},"keyphraseInURL":[],"keyphraseInIntroduction":{"score":9,"maxScore":9,"error":0},"keyphraseInSubHeadings":[],"keyphraseInImageAlt":{"score":9,"maxScore":9,"error":0},"keywordDensity":{"type":"best","score":9,"maxScore":9,"error":0}}},"additional":[{"keyphrase":"Asturias","score":100,"analysis":{"keyphraseInDescription":{"score":9,"maxScore":9,"error":0},"keyphraseLength":{"score":9,"maxScore":9,"error":0,"length":1},"keyphraseInIntroduction":{"score":9,"maxScore":9,"error":0},"keyphraseInImageAlt":{"score":9,"maxScore":9,"error":0},"keywordDensity":{"type":"best","score":9,"maxScore":9,"error":0}}}]},"primary_term":null,"canonical_url":null,"og_title":null,"og_description":null,"og_object_type":"default","og_image_type":"default","og_image_url":null,"og_image_width":null,"og_image_height":null,"og_image_custom_url":null,"og_image_custom_fields":null,"og_video":"","og_custom_url":null,"og_article_section":null,"og_article_tags":[],"twitter_use_og":false,"twitter_card":"default","twitter_image_type":"default","twitter_image_url":null,"twitter_image_custom_url":null,"twitter_image_custom_fields":null,"twitter_title":null,"twitter_description":null,"schema":{"blockGraphs":[],"customGraphs":[],"default":{"data":{"Article":[],"Course":[],"Dataset":[],"FAQPage":[],"Movie":[],"Person":[],"Product":[],"ProductReview":[],"Car":[],"Recipe":[],"Service":[],"SoftwareApplication":[],"WebPage":[]},"graphName":"BlogPosting","isEnabled":true},"graphs":[]},"schema_type":"default","schema_type_options":null,"pillar_content":false,"robots_default":true,"robots_noindex":false,"robots_noarchive":false,"robots_nosnippet":false,"robots_nofollow":false,"robots_noimageindex":false,"robots_noodp":false,"robots_notranslate":false,"robots_max_snippet":"-1","robots_max_videopreview":"-1","robots_max_imagepreview":"large","priority":null,"frequency":"default","local_seo":null,"seo_analyzer_scan_date":"2025-10-05 23:38:39","breadcrumb_settings":null,"limit_modified_date":false,"open_ai":"{\"title\":{\"suggestions\":[],\"usage\":0},\"description\":{\"suggestions\":[],\"usage\":0}}","ai":null,"created":"2023-12-13 10:36:10","updated":"2025-10-09 05:40:26"},"aioseo_breadcrumb":"<div class=\"aioseo-breadcrumbs\"><span class=\"aioseo-breadcrumb\">\n\t<a href=\"https:\/\/www.eldigitaldeasturias.com\/noticias\" title=\"Home\">Home<\/a>\n<\/span><span class=\"aioseo-breadcrumb-separator\">\u2013<\/span><span class=\"aioseo-breadcrumb\">\n\t<a href=\"https:\/\/www.eldigitaldeasturias.com\/noticias\/category\/actualidad-asturias\/\" title=\"Actualidad Asturias\">Actualidad Asturias<\/a>\n<\/span><span class=\"aioseo-breadcrumb-separator\">\u2013<\/span><span class=\"aioseo-breadcrumb\">\n\t<a href=\"https:\/\/www.eldigitaldeasturias.com\/noticias\/asturias-trabaja-en-el-plan-director-de-infraestructuras-judiciales\/\" title=\"Asturias trabaja en el Plan Director de Infraestructuras Judiciales\">Asturias trabaja en el Plan Director de Infraestructuras Judiciales<\/a>\n<\/span><\/div>","aioseo_breadcrumb_json":[{"label":"Home","link":"https:\/\/www.eldigitaldeasturias.com\/noticias"},{"label":"Actualidad Asturias","link":"https:\/\/www.eldigitaldeasturias.com\/noticias\/category\/actualidad-asturias\/"},{"label":"Asturias trabaja en el Plan Director de Infraestructuras Judiciales","link":"https:\/\/www.eldigitaldeasturias.com\/noticias\/asturias-trabaja-en-el-plan-director-de-infraestructuras-judiciales\/"}],"_links":{"self":[{"href":"https:\/\/www.eldigitaldeasturias.com\/noticias\/wp-json\/wp\/v2\/posts\/1127623","targetHints":{"allow":["GET"]}}],"collection":[{"href":"https:\/\/www.eldigitaldeasturias.com\/noticias\/wp-json\/wp\/v2\/posts"}],"about":[{"href":"https:\/\/www.eldigitaldeasturias.com\/noticias\/wp-json\/wp\/v2\/types\/post"}],"author":[{"embeddable":true,"href":"https:\/\/www.eldigitaldeasturias.com\/noticias\/wp-json\/wp\/v2\/users\/1"}],"replies":[{"embeddable":true,"href":"https:\/\/www.eldigitaldeasturias.com\/noticias\/wp-json\/wp\/v2\/comments?post=1127623"}],"version-history":[{"count":0,"href":"https:\/\/www.eldigitaldeasturias.com\/noticias\/wp-json\/wp\/v2\/posts\/1127623\/revisions"}],"wp:featuredmedia":[{"embeddable":true,"href":"https:\/\/www.eldigitaldeasturias.com\/noticias\/wp-json\/wp\/v2\/media\/1127624"}],"wp:attachment":[{"href":"https:\/\/www.eldigitaldeasturias.com\/noticias\/wp-json\/wp\/v2\/media?parent=1127623"}],"wp:term":[{"taxonomy":"category","embeddable":true,"href":"https:\/\/www.eldigitaldeasturias.com\/noticias\/wp-json\/wp\/v2\/categories?post=1127623"},{"taxonomy":"post_tag","embeddable":true,"href":"https:\/\/www.eldigitaldeasturias.com\/noticias\/wp-json\/wp\/v2\/tags?post=1127623"}],"curies":[{"name":"wp","href":"https:\/\/api.w.org\/{rel}","templated":true}]}}