{"id":1127579,"date":"2023-12-12T11:20:43","date_gmt":"2023-12-12T10:20:43","guid":{"rendered":"https:\/\/www.eldigitaldeasturias.com\/noticias\/?p=1127579"},"modified":"2023-12-12T11:20:43","modified_gmt":"2023-12-12T10:20:43","slug":"campana-navidena-en-alemania-descontento-de-los-minoristas","status":"publish","type":"post","link":"https:\/\/www.eldigitaldeasturias.com\/noticias\/campana-navidena-en-alemania-descontento-de-los-minoristas\/","title":{"rendered":"Campa\u00f1a navide\u00f1a en Alemania: Descontento de los minoristas"},"content":{"rendered":"<p>Berlin (<span style=\"color: #ff6600;\"><strong>dpa<\/strong><\/span>) &#8211; La mayor\u00eda de los comercios <a href=\"https:\/\/www.eldigitaldeasturias.com\/noticias\/category\/negocios-y-empresas\/\"><span style=\"color: #ff6600;\"><strong>minoristas alemanes<\/strong><\/span><\/a>, casi el 60 por ciento de 350 empresas, expres\u00f3 su descontento con la evoluci\u00f3n de las ventas del sector en lo que va de campa\u00f1a navide\u00f1a, seg\u00fan un sondeo de la asociaci\u00f3n HDE.<\/p>\n<figure id=\"attachment_1127580\" aria-describedby=\"caption-attachment-1127580\" style=\"width: 650px\" class=\"wp-caption aligncenter\"><img loading=\"lazy\" decoding=\"async\" class=\"wp-image-1127580 size-large\" src=\"https:\/\/www.eldigitaldeasturias.com\/noticias\/wp-content\/uploads\/2023\/12\/comercios-minoristas-Alemania-650x397.jpg\" alt=\"comercios minoristas Alemania\" width=\"650\" height=\"397\" srcset=\"https:\/\/www.eldigitaldeasturias.com\/noticias\/wp-content\/uploads\/2023\/12\/comercios-minoristas-Alemania-650x397.jpg 650w, https:\/\/www.eldigitaldeasturias.com\/noticias\/wp-content\/uploads\/2023\/12\/comercios-minoristas-Alemania-360x220.jpg 360w, https:\/\/www.eldigitaldeasturias.com\/noticias\/wp-content\/uploads\/2023\/12\/comercios-minoristas-Alemania-480x293.jpg 480w, https:\/\/www.eldigitaldeasturias.com\/noticias\/wp-content\/uploads\/2023\/12\/comercios-minoristas-Alemania-768x469.jpg 768w, https:\/\/www.eldigitaldeasturias.com\/noticias\/wp-content\/uploads\/2023\/12\/comercios-minoristas-Alemania-150x92.jpg 150w, https:\/\/www.eldigitaldeasturias.com\/noticias\/wp-content\/uploads\/2023\/12\/comercios-minoristas-Alemania-450x275.jpg 450w, https:\/\/www.eldigitaldeasturias.com\/noticias\/wp-content\/uploads\/2023\/12\/comercios-minoristas-Alemania.jpg 1087w\" sizes=\"auto, (max-width: 650px) 100vw, 650px\" \/><figcaption id=\"caption-attachment-1127580\" class=\"wp-caption-text\">Clientes en un centro comercial de Alemania decorado con motivos navide\u00f1os. Foto: Stefan Puchner\/dpa<\/figcaption><\/figure>\n<p>\u00abLa semana anterior al segundo Adviento fue notablemente m\u00e1s floja en el sector minorista que la primera semana de Adviento (3 de diciembre). Muchos minoristas fijan ahora sus esperanzas en el \u00faltimo tramo antes de las fiestas\u00bb, declar\u00f3 hoy Stefan Genth, director general de HDE.<\/p>\n<p>De acuerdo con la asociaci\u00f3n, la d\u00e9bil coyuntura se ve reflejada tambi\u00e9n en el menor n\u00famero de visitantes en los centros urbanos. Dos tercios de las empresas con comercios all\u00ed declararon tener menos clientes que el a\u00f1o anterior.<\/p>\n<p>La HDE prev\u00e9 unas ventas totales de algo m\u00e1s de 120.000 millones de euros (129.280 millones de d\u00f3lares) para el negocio navide\u00f1o de este a\u00f1o en noviembre y diciembre. En comparaci\u00f3n con el a\u00f1o anterior, esto corresponde a un aumento de las ventas del 1,5 por ciento.<\/p>\n","protected":false},"excerpt":{"rendered":"<p>Berlin (dpa) &#8211; La mayor\u00eda de los comercios minoristas alemanes, casi el 60 por ciento de 350 empresas, expres\u00f3 su descontento con la evoluci\u00f3n de las ventas del sector en lo que va de campa\u00f1a navide\u00f1a, seg\u00fan un sondeo de la asociaci\u00f3n HDE. \u00abLa semana anterior al segundo Adviento fue notablemente m\u00e1s floja en el [&hellip;]<\/p>\n","protected":false},"author":1,"featured_media":1127580,"comment_status":"closed","ping_status":"closed","sticky":false,"template":"","format":"standard","meta":{"footnotes":""},"categories":[219],"tags":[],"class_list":["post-1127579","post","type-post","status-publish","format-standard","has-post-thumbnail","hentry","category-negocios-y-empresas"],"aioseo_notices":[],"aioseo_head":"\n\t\t<!-- All in One SEO Pro 4.9.6.2 - aioseo.com -->\n\t<meta name=\"description\" content=\"Berlin (dpa) - La mayor\u00eda de los comercios minoristas alemanes, casi el 60 por ciento de 350 empresas, expres\u00f3 su descontento con la evoluci\u00f3n de las ventas\" \/>\n\t<meta name=\"robots\" content=\"max-image-preview:large\" \/>\n\t<meta name=\"author\" content=\"El Digital de Asturias\"\/>\n\t<meta name=\"google-site-verification\" content=\"UA-38556648-1\" \/>\n\t<meta name=\"msvalidate.01\" content=\"7dfe9f3f1b24437ab69f4f2559babe99\" \/>\n\t<meta name=\"keywords\" content=\"negocios y empresas\" \/>\n\t<link rel=\"canonical\" href=\"https:\/\/www.eldigitaldeasturias.com\/noticias\/campana-navidena-en-alemania-descontento-de-los-minoristas\/\" \/>\n\t<meta name=\"generator\" content=\"All in One SEO Pro (AIOSEO) 4.9.6.2\" \/>\n\t\t<meta property=\"og:locale\" content=\"es_ES\" \/>\n\t\t<meta property=\"og:site_name\" content=\"El Digital de Asturias\" \/>\n\t\t<meta property=\"og:type\" content=\"article\" \/>\n\t\t<meta property=\"og:title\" content=\"Campa\u00f1a navide\u00f1a en Alemania: Descontento de los minoristas - El Digital de Asturias\" \/>\n\t\t<meta property=\"og:description\" content=\"Berlin (dpa) - La mayor\u00eda de los comercios minoristas alemanes, casi el 60 por ciento de 350 empresas, expres\u00f3 su descontento con la evoluci\u00f3n de las ventas\" \/>\n\t\t<meta property=\"og:url\" content=\"https:\/\/www.eldigitaldeasturias.com\/noticias\/campana-navidena-en-alemania-descontento-de-los-minoristas\/\" \/>\n\t\t<meta property=\"og:image\" content=\"https:\/\/www.eldigitaldeasturias.com\/noticias\/wp-content\/uploads\/2023\/12\/comercios-minoristas-Alemania.jpg\" \/>\n\t\t<meta property=\"og:image:secure_url\" content=\"https:\/\/www.eldigitaldeasturias.com\/noticias\/wp-content\/uploads\/2023\/12\/comercios-minoristas-Alemania.jpg\" \/>\n\t\t<meta property=\"og:image:width\" content=\"1087\" \/>\n\t\t<meta property=\"og:image:height\" content=\"664\" \/>\n\t\t<meta property=\"article:tag\" content=\"negocios y empresas\" \/>\n\t\t<meta property=\"article:published_time\" content=\"2023-12-12T10:20:43+00:00\" \/>\n\t\t<meta property=\"article:modified_time\" content=\"2023-12-12T10:20:43+00:00\" \/>\n\t\t<meta property=\"article:publisher\" content=\"https:\/\/facebook.com\/eldigitaldeasturias\" \/>\n\t\t<meta name=\"twitter:card\" content=\"summary_large_image\" \/>\n\t\t<meta name=\"twitter:title\" content=\"Campa\u00f1a navide\u00f1a en Alemania: Descontento de los minoristas - El Digital de Asturias\" \/>\n\t\t<meta name=\"twitter:description\" content=\"Berlin (dpa) - La mayor\u00eda de los comercios minoristas alemanes, casi el 60 por ciento de 350 empresas, expres\u00f3 su descontento con la evoluci\u00f3n de las ventas\" \/>\n\t\t<meta name=\"twitter:image\" content=\"https:\/\/www.eldigitaldeasturias.com\/noticias\/wp-content\/uploads\/2023\/12\/comercios-minoristas-Alemania.jpg\" \/>\n\t\t<meta name=\"twitter:label1\" content=\"Escrito por\" \/>\n\t\t<meta name=\"twitter:data1\" content=\"El Digital de Asturias\" \/>\n\t\t<meta name=\"twitter:label2\" content=\"Tiempo de lectura estimado\" \/>\n\t\t<meta name=\"twitter:data2\" content=\"1 minuto\" \/>\n\t\t<script type=\"application\/ld+json\" class=\"aioseo-schema\">\n\t\t\t{\"@context\":\"https:\\\/\\\/schema.org\",\"@graph\":[{\"@type\":\"BlogPosting\",\"@id\":\"https:\\\/\\\/www.eldigitaldeasturias.com\\\/noticias\\\/campana-navidena-en-alemania-descontento-de-los-minoristas\\\/#blogposting\",\"name\":\"Campa\\u00f1a navide\\u00f1a en Alemania: Descontento de los minoristas - El Digital de Asturias\",\"headline\":\"Campa\\u00f1a navide\\u00f1a en Alemania: Descontento de los minoristas\",\"author\":{\"@id\":\"https:\\\/\\\/www.eldigitaldeasturias.com\\\/noticias\\\/author\\\/admin\\\/#author\"},\"publisher\":{\"@id\":\"https:\\\/\\\/www.eldigitaldeasturias.com\\\/noticias\\\/#organization\"},\"image\":{\"@type\":\"ImageObject\",\"url\":\"https:\\\/\\\/www.eldigitaldeasturias.com\\\/noticias\\\/wp-content\\\/uploads\\\/2023\\\/12\\\/comercios-minoristas-Alemania.jpg\",\"width\":1087,\"height\":664,\"caption\":\"Clientes en un centro comercial de Alemania decorado con motivos navide\\u00f1os. Foto: Stefan Puchner\\\/dpa\"},\"datePublished\":\"2023-12-12T11:20:43+01:00\",\"dateModified\":\"2023-12-12T11:20:43+01:00\",\"inLanguage\":\"es-ES\",\"mainEntityOfPage\":{\"@id\":\"https:\\\/\\\/www.eldigitaldeasturias.com\\\/noticias\\\/campana-navidena-en-alemania-descontento-de-los-minoristas\\\/#webpage\"},\"isPartOf\":{\"@id\":\"https:\\\/\\\/www.eldigitaldeasturias.com\\\/noticias\\\/campana-navidena-en-alemania-descontento-de-los-minoristas\\\/#webpage\"},\"articleSection\":\"Negocios y Empresas\"},{\"@type\":\"BreadcrumbList\",\"@id\":\"https:\\\/\\\/www.eldigitaldeasturias.com\\\/noticias\\\/campana-navidena-en-alemania-descontento-de-los-minoristas\\\/#breadcrumblist\",\"itemListElement\":[{\"@type\":\"ListItem\",\"@id\":\"https:\\\/\\\/www.eldigitaldeasturias.com\\\/noticias#listItem\",\"position\":1,\"name\":\"Home\",\"item\":\"https:\\\/\\\/www.eldigitaldeasturias.com\\\/noticias\",\"nextItem\":{\"@type\":\"ListItem\",\"@id\":\"https:\\\/\\\/www.eldigitaldeasturias.com\\\/noticias\\\/category\\\/negocios-y-empresas\\\/#listItem\",\"name\":\"Negocios y Empresas\"}},{\"@type\":\"ListItem\",\"@id\":\"https:\\\/\\\/www.eldigitaldeasturias.com\\\/noticias\\\/category\\\/negocios-y-empresas\\\/#listItem\",\"position\":2,\"name\":\"Negocios y Empresas\",\"item\":\"https:\\\/\\\/www.eldigitaldeasturias.com\\\/noticias\\\/category\\\/negocios-y-empresas\\\/\",\"nextItem\":{\"@type\":\"ListItem\",\"@id\":\"https:\\\/\\\/www.eldigitaldeasturias.com\\\/noticias\\\/campana-navidena-en-alemania-descontento-de-los-minoristas\\\/#listItem\",\"name\":\"Campa\\u00f1a navide\\u00f1a en Alemania: Descontento de los minoristas\"},\"previousItem\":{\"@type\":\"ListItem\",\"@id\":\"https:\\\/\\\/www.eldigitaldeasturias.com\\\/noticias#listItem\",\"name\":\"Home\"}},{\"@type\":\"ListItem\",\"@id\":\"https:\\\/\\\/www.eldigitaldeasturias.com\\\/noticias\\\/campana-navidena-en-alemania-descontento-de-los-minoristas\\\/#listItem\",\"position\":3,\"name\":\"Campa\\u00f1a navide\\u00f1a en Alemania: Descontento de los minoristas\",\"previousItem\":{\"@type\":\"ListItem\",\"@id\":\"https:\\\/\\\/www.eldigitaldeasturias.com\\\/noticias\\\/category\\\/negocios-y-empresas\\\/#listItem\",\"name\":\"Negocios y Empresas\"}}]},{\"@type\":\"Organization\",\"@id\":\"https:\\\/\\\/www.eldigitaldeasturias.com\\\/noticias\\\/#organization\",\"name\":\"El Digital de Asturias\",\"description\":\"Hemeroteca\",\"url\":\"https:\\\/\\\/www.eldigitaldeasturias.com\\\/noticias\\\/\",\"email\":\"info@eldigitaldeasturias.com\",\"telephone\":\"+34652131393\",\"logo\":{\"@type\":\"ImageObject\",\"url\":\"https:\\\/\\\/www.eldigitaldeasturias.com\\\/noticias\\\/wp-content\\\/uploads\\\/2020\\\/12\\\/EDA.jpg\",\"@id\":\"https:\\\/\\\/www.eldigitaldeasturias.com\\\/noticias\\\/campana-navidena-en-alemania-descontento-de-los-minoristas\\\/#organizationLogo\",\"width\":649,\"height\":297},\"image\":{\"@id\":\"https:\\\/\\\/www.eldigitaldeasturias.com\\\/noticias\\\/campana-navidena-en-alemania-descontento-de-los-minoristas\\\/#organizationLogo\"},\"sameAs\":[\"https:\\\/\\\/facebook.com\\\/eldigitaldeasturias\",\"https:\\\/\\\/www.youtube.com\\\/channel\\\/UCZP-2wLEB9Rv6erhFmqVnvg\"],\"address\":{\"@id\":\"https:\\\/\\\/www.eldigitaldeasturias.com\\\/noticias\\\/#postaladdress\",\"@type\":\"PostalAddress\",\"streetAddress\":\"san antonio 4,\",\"postalCode\":\"33430\",\"addressLocality\":\"Cand\\u00e1s\",\"addressRegion\":\"Asturias\",\"addressCountry\":\"ES\"}},{\"@type\":\"Person\",\"@id\":\"https:\\\/\\\/www.eldigitaldeasturias.com\\\/noticias\\\/author\\\/admin\\\/#author\",\"url\":\"https:\\\/\\\/www.eldigitaldeasturias.com\\\/noticias\\\/author\\\/admin\\\/\",\"name\":\"El Digital de Asturias\",\"image\":{\"@type\":\"ImageObject\",\"@id\":\"https:\\\/\\\/www.eldigitaldeasturias.com\\\/noticias\\\/campana-navidena-en-alemania-descontento-de-los-minoristas\\\/#authorImage\",\"url\":\"https:\\\/\\\/www.eldigitaldeasturias.com\\\/noticias\\\/wp-content\\\/litespeed\\\/avatar\\\/18677e78aa0546b92d9dbf31ec7d7668.jpg?ver=1777290358\",\"width\":96,\"height\":96,\"caption\":\"El Digital de Asturias\"}},{\"@type\":\"WebPage\",\"@id\":\"https:\\\/\\\/www.eldigitaldeasturias.com\\\/noticias\\\/campana-navidena-en-alemania-descontento-de-los-minoristas\\\/#webpage\",\"url\":\"https:\\\/\\\/www.eldigitaldeasturias.com\\\/noticias\\\/campana-navidena-en-alemania-descontento-de-los-minoristas\\\/\",\"name\":\"Campa\\u00f1a navide\\u00f1a en Alemania: Descontento de los minoristas - El Digital de Asturias\",\"description\":\"Berlin (dpa) - La mayor\\u00eda de los comercios minoristas alemanes, casi el 60 por ciento de 350 empresas, expres\\u00f3 su descontento con la evoluci\\u00f3n de las ventas\",\"inLanguage\":\"es-ES\",\"isPartOf\":{\"@id\":\"https:\\\/\\\/www.eldigitaldeasturias.com\\\/noticias\\\/#website\"},\"breadcrumb\":{\"@id\":\"https:\\\/\\\/www.eldigitaldeasturias.com\\\/noticias\\\/campana-navidena-en-alemania-descontento-de-los-minoristas\\\/#breadcrumblist\"},\"author\":{\"@id\":\"https:\\\/\\\/www.eldigitaldeasturias.com\\\/noticias\\\/author\\\/admin\\\/#author\"},\"creator\":{\"@id\":\"https:\\\/\\\/www.eldigitaldeasturias.com\\\/noticias\\\/author\\\/admin\\\/#author\"},\"image\":{\"@type\":\"ImageObject\",\"url\":\"https:\\\/\\\/www.eldigitaldeasturias.com\\\/noticias\\\/wp-content\\\/uploads\\\/2023\\\/12\\\/comercios-minoristas-Alemania.jpg\",\"@id\":\"https:\\\/\\\/www.eldigitaldeasturias.com\\\/noticias\\\/campana-navidena-en-alemania-descontento-de-los-minoristas\\\/#mainImage\",\"width\":1087,\"height\":664,\"caption\":\"Clientes en un centro comercial de Alemania decorado con motivos navide\\u00f1os. Foto: Stefan Puchner\\\/dpa\"},\"primaryImageOfPage\":{\"@id\":\"https:\\\/\\\/www.eldigitaldeasturias.com\\\/noticias\\\/campana-navidena-en-alemania-descontento-de-los-minoristas\\\/#mainImage\"},\"datePublished\":\"2023-12-12T11:20:43+01:00\",\"dateModified\":\"2023-12-12T11:20:43+01:00\"},{\"@type\":\"WebSite\",\"@id\":\"https:\\\/\\\/www.eldigitaldeasturias.com\\\/noticias\\\/#website\",\"url\":\"https:\\\/\\\/www.eldigitaldeasturias.com\\\/noticias\\\/\",\"name\":\"El Digital de Asturias - Diario de actualidad y noticias\",\"alternateName\":\"El Digital de Asturias - Diario de actualidad y noticias\",\"description\":\"Hemeroteca\",\"inLanguage\":\"es-ES\",\"publisher\":{\"@id\":\"https:\\\/\\\/www.eldigitaldeasturias.com\\\/noticias\\\/#organization\"}}]}\n\t\t<\/script>\n\t\t<!-- All in One SEO Pro -->\r\n\t\t<title>Campa\u00f1a navide\u00f1a en Alemania: Descontento de los minoristas - El Digital de Asturias<\/title>\n\n","aioseo_head_json":{"title":"Campa\u00f1a navide\u00f1a en Alemania: Descontento de los minoristas - El Digital de Asturias","description":"Berlin (dpa) - La mayor\u00eda de los comercios minoristas alemanes, casi el 60 por ciento de 350 empresas, expres\u00f3 su descontento con la evoluci\u00f3n de las ventas","canonical_url":"https:\/\/www.eldigitaldeasturias.com\/noticias\/campana-navidena-en-alemania-descontento-de-los-minoristas\/","robots":"max-image-preview:large","keywords":"negocios y empresas","webmasterTools":{"google-site-verification":"UA-38556648-1","msvalidate.01":"7dfe9f3f1b24437ab69f4f2559babe99","miscellaneous":""},"schema":{"@context":"https:\/\/schema.org","@graph":[{"@type":"BlogPosting","@id":"https:\/\/www.eldigitaldeasturias.com\/noticias\/campana-navidena-en-alemania-descontento-de-los-minoristas\/#blogposting","name":"Campa\u00f1a navide\u00f1a en Alemania: Descontento de los minoristas - El Digital de Asturias","headline":"Campa\u00f1a navide\u00f1a en Alemania: Descontento de los minoristas","author":{"@id":"https:\/\/www.eldigitaldeasturias.com\/noticias\/author\/admin\/#author"},"publisher":{"@id":"https:\/\/www.eldigitaldeasturias.com\/noticias\/#organization"},"image":{"@type":"ImageObject","url":"https:\/\/www.eldigitaldeasturias.com\/noticias\/wp-content\/uploads\/2023\/12\/comercios-minoristas-Alemania.jpg","width":1087,"height":664,"caption":"Clientes en un centro comercial de Alemania decorado con motivos navide\u00f1os. Foto: Stefan Puchner\/dpa"},"datePublished":"2023-12-12T11:20:43+01:00","dateModified":"2023-12-12T11:20:43+01:00","inLanguage":"es-ES","mainEntityOfPage":{"@id":"https:\/\/www.eldigitaldeasturias.com\/noticias\/campana-navidena-en-alemania-descontento-de-los-minoristas\/#webpage"},"isPartOf":{"@id":"https:\/\/www.eldigitaldeasturias.com\/noticias\/campana-navidena-en-alemania-descontento-de-los-minoristas\/#webpage"},"articleSection":"Negocios y Empresas"},{"@type":"BreadcrumbList","@id":"https:\/\/www.eldigitaldeasturias.com\/noticias\/campana-navidena-en-alemania-descontento-de-los-minoristas\/#breadcrumblist","itemListElement":[{"@type":"ListItem","@id":"https:\/\/www.eldigitaldeasturias.com\/noticias#listItem","position":1,"name":"Home","item":"https:\/\/www.eldigitaldeasturias.com\/noticias","nextItem":{"@type":"ListItem","@id":"https:\/\/www.eldigitaldeasturias.com\/noticias\/category\/negocios-y-empresas\/#listItem","name":"Negocios y Empresas"}},{"@type":"ListItem","@id":"https:\/\/www.eldigitaldeasturias.com\/noticias\/category\/negocios-y-empresas\/#listItem","position":2,"name":"Negocios y Empresas","item":"https:\/\/www.eldigitaldeasturias.com\/noticias\/category\/negocios-y-empresas\/","nextItem":{"@type":"ListItem","@id":"https:\/\/www.eldigitaldeasturias.com\/noticias\/campana-navidena-en-alemania-descontento-de-los-minoristas\/#listItem","name":"Campa\u00f1a navide\u00f1a en Alemania: Descontento de los minoristas"},"previousItem":{"@type":"ListItem","@id":"https:\/\/www.eldigitaldeasturias.com\/noticias#listItem","name":"Home"}},{"@type":"ListItem","@id":"https:\/\/www.eldigitaldeasturias.com\/noticias\/campana-navidena-en-alemania-descontento-de-los-minoristas\/#listItem","position":3,"name":"Campa\u00f1a navide\u00f1a en Alemania: Descontento de los minoristas","previousItem":{"@type":"ListItem","@id":"https:\/\/www.eldigitaldeasturias.com\/noticias\/category\/negocios-y-empresas\/#listItem","name":"Negocios y Empresas"}}]},{"@type":"Organization","@id":"https:\/\/www.eldigitaldeasturias.com\/noticias\/#organization","name":"El Digital de Asturias","description":"Hemeroteca","url":"https:\/\/www.eldigitaldeasturias.com\/noticias\/","email":"info@eldigitaldeasturias.com","telephone":"+34652131393","logo":{"@type":"ImageObject","url":"https:\/\/www.eldigitaldeasturias.com\/noticias\/wp-content\/uploads\/2020\/12\/EDA.jpg","@id":"https:\/\/www.eldigitaldeasturias.com\/noticias\/campana-navidena-en-alemania-descontento-de-los-minoristas\/#organizationLogo","width":649,"height":297},"image":{"@id":"https:\/\/www.eldigitaldeasturias.com\/noticias\/campana-navidena-en-alemania-descontento-de-los-minoristas\/#organizationLogo"},"sameAs":["https:\/\/facebook.com\/eldigitaldeasturias","https:\/\/www.youtube.com\/channel\/UCZP-2wLEB9Rv6erhFmqVnvg"],"address":{"@id":"https:\/\/www.eldigitaldeasturias.com\/noticias\/#postaladdress","@type":"PostalAddress","streetAddress":"san antonio 4,","postalCode":"33430","addressLocality":"Cand\u00e1s","addressRegion":"Asturias","addressCountry":"ES"}},{"@type":"Person","@id":"https:\/\/www.eldigitaldeasturias.com\/noticias\/author\/admin\/#author","url":"https:\/\/www.eldigitaldeasturias.com\/noticias\/author\/admin\/","name":"El Digital de Asturias","image":{"@type":"ImageObject","@id":"https:\/\/www.eldigitaldeasturias.com\/noticias\/campana-navidena-en-alemania-descontento-de-los-minoristas\/#authorImage","url":"https:\/\/www.eldigitaldeasturias.com\/noticias\/wp-content\/litespeed\/avatar\/18677e78aa0546b92d9dbf31ec7d7668.jpg?ver=1777290358","width":96,"height":96,"caption":"El Digital de Asturias"}},{"@type":"WebPage","@id":"https:\/\/www.eldigitaldeasturias.com\/noticias\/campana-navidena-en-alemania-descontento-de-los-minoristas\/#webpage","url":"https:\/\/www.eldigitaldeasturias.com\/noticias\/campana-navidena-en-alemania-descontento-de-los-minoristas\/","name":"Campa\u00f1a navide\u00f1a en Alemania: Descontento de los minoristas - El Digital de Asturias","description":"Berlin (dpa) - La mayor\u00eda de los comercios minoristas alemanes, casi el 60 por ciento de 350 empresas, expres\u00f3 su descontento con la evoluci\u00f3n de las ventas","inLanguage":"es-ES","isPartOf":{"@id":"https:\/\/www.eldigitaldeasturias.com\/noticias\/#website"},"breadcrumb":{"@id":"https:\/\/www.eldigitaldeasturias.com\/noticias\/campana-navidena-en-alemania-descontento-de-los-minoristas\/#breadcrumblist"},"author":{"@id":"https:\/\/www.eldigitaldeasturias.com\/noticias\/author\/admin\/#author"},"creator":{"@id":"https:\/\/www.eldigitaldeasturias.com\/noticias\/author\/admin\/#author"},"image":{"@type":"ImageObject","url":"https:\/\/www.eldigitaldeasturias.com\/noticias\/wp-content\/uploads\/2023\/12\/comercios-minoristas-Alemania.jpg","@id":"https:\/\/www.eldigitaldeasturias.com\/noticias\/campana-navidena-en-alemania-descontento-de-los-minoristas\/#mainImage","width":1087,"height":664,"caption":"Clientes en un centro comercial de Alemania decorado con motivos navide\u00f1os. Foto: Stefan Puchner\/dpa"},"primaryImageOfPage":{"@id":"https:\/\/www.eldigitaldeasturias.com\/noticias\/campana-navidena-en-alemania-descontento-de-los-minoristas\/#mainImage"},"datePublished":"2023-12-12T11:20:43+01:00","dateModified":"2023-12-12T11:20:43+01:00"},{"@type":"WebSite","@id":"https:\/\/www.eldigitaldeasturias.com\/noticias\/#website","url":"https:\/\/www.eldigitaldeasturias.com\/noticias\/","name":"El Digital de Asturias - Diario de actualidad y noticias","alternateName":"El Digital de Asturias - Diario de actualidad y noticias","description":"Hemeroteca","inLanguage":"es-ES","publisher":{"@id":"https:\/\/www.eldigitaldeasturias.com\/noticias\/#organization"}}]},"og:locale":"es_ES","og:site_name":"El Digital de Asturias","og:type":"article","og:title":"Campa\u00f1a navide\u00f1a en Alemania: Descontento de los minoristas - El Digital de Asturias","og:description":"Berlin (dpa) - La mayor\u00eda de los comercios minoristas alemanes, casi el 60 por ciento de 350 empresas, expres\u00f3 su descontento con la evoluci\u00f3n de las ventas","og:url":"https:\/\/www.eldigitaldeasturias.com\/noticias\/campana-navidena-en-alemania-descontento-de-los-minoristas\/","og:image":"https:\/\/www.eldigitaldeasturias.com\/noticias\/wp-content\/uploads\/2023\/12\/comercios-minoristas-Alemania.jpg","og:image:secure_url":"https:\/\/www.eldigitaldeasturias.com\/noticias\/wp-content\/uploads\/2023\/12\/comercios-minoristas-Alemania.jpg","og:image:width":1087,"og:image:height":664,"article:tag":["negocios y empresas"],"article:published_time":"2023-12-12T10:20:43+00:00","article:modified_time":"2023-12-12T10:20:43+00:00","article:publisher":"https:\/\/facebook.com\/eldigitaldeasturias","twitter:card":"summary_large_image","twitter:title":"Campa\u00f1a navide\u00f1a en Alemania: Descontento de los minoristas - El Digital de Asturias","twitter:description":"Berlin (dpa) - La mayor\u00eda de los comercios minoristas alemanes, casi el 60 por ciento de 350 empresas, expres\u00f3 su descontento con la evoluci\u00f3n de las ventas","twitter:image":"https:\/\/www.eldigitaldeasturias.com\/noticias\/wp-content\/uploads\/2023\/12\/comercios-minoristas-Alemania.jpg","twitter:label1":"Escrito por","twitter:data1":"El Digital de Asturias","twitter:label2":"Tiempo de lectura estimado","twitter:data2":"1 minuto"},"aioseo_meta_data":{"post_id":"1127579","title":null,"description":"Berlin (dpa) - La mayor\u00eda de los comercios minoristas alemanes, casi el 60 por ciento de 350 empresas, expres\u00f3 su descontento con la evoluci\u00f3n de las ventas","keywords":[],"keyphrases":{"focus":{"keyphrase":"minoristas","score":93,"analysis":{"keyphraseInTitle":{"score":9,"maxScore":9,"error":0},"keyphraseInDescription":{"score":9,"maxScore":9,"error":0},"keyphraseLength":{"score":9,"maxScore":9,"error":0,"length":1},"keyphraseInURL":{"score":1,"maxScore":5,"error":1},"keyphraseInIntroduction":{"score":9,"maxScore":9,"error":0},"keyphraseInSubHeadings":[],"keyphraseInImageAlt":{"score":9,"maxScore":9,"error":0},"keywordDensity":{"type":"best","score":9,"maxScore":9,"error":0}}},"additional":[{"keyphrase":"minoristas","score":100,"analysis":{"keyphraseInDescription":{"score":9,"maxScore":9,"error":0},"keyphraseLength":{"score":9,"maxScore":9,"error":0,"length":1},"keyphraseInIntroduction":{"score":9,"maxScore":9,"error":0},"keyphraseInImageAlt":{"score":9,"maxScore":9,"error":0},"keywordDensity":{"type":"best","score":9,"maxScore":9,"error":0}}}]},"primary_term":null,"canonical_url":null,"og_title":null,"og_description":null,"og_object_type":"default","og_image_type":"default","og_image_url":null,"og_image_width":null,"og_image_height":null,"og_image_custom_url":null,"og_image_custom_fields":null,"og_video":"","og_custom_url":null,"og_article_section":null,"og_article_tags":[],"twitter_use_og":false,"twitter_card":"default","twitter_image_type":"default","twitter_image_url":null,"twitter_image_custom_url":null,"twitter_image_custom_fields":null,"twitter_title":null,"twitter_description":null,"schema":{"blockGraphs":[],"customGraphs":[],"default":{"data":{"Article":[],"Course":[],"Dataset":[],"FAQPage":[],"Movie":[],"Person":[],"Product":[],"ProductReview":[],"Car":[],"Recipe":[],"Service":[],"SoftwareApplication":[],"WebPage":[]},"graphName":"BlogPosting","isEnabled":true},"graphs":[]},"schema_type":"default","schema_type_options":null,"pillar_content":false,"robots_default":true,"robots_noindex":false,"robots_noarchive":false,"robots_nosnippet":false,"robots_nofollow":false,"robots_noimageindex":false,"robots_noodp":false,"robots_notranslate":false,"robots_max_snippet":"-1","robots_max_videopreview":"-1","robots_max_imagepreview":"large","priority":null,"frequency":"default","local_seo":null,"seo_analyzer_scan_date":"2025-10-05 23:28:16","breadcrumb_settings":null,"limit_modified_date":false,"open_ai":"{\"title\":{\"suggestions\":[],\"usage\":0},\"description\":{\"suggestions\":[],\"usage\":0}}","ai":null,"created":"2023-12-12 10:06:09","updated":"2025-10-09 05:31:34"},"aioseo_breadcrumb":"<div class=\"aioseo-breadcrumbs\"><span class=\"aioseo-breadcrumb\">\n\t<a href=\"https:\/\/www.eldigitaldeasturias.com\/noticias\" title=\"Home\">Home<\/a>\n<\/span><span class=\"aioseo-breadcrumb-separator\">\u2013<\/span><span class=\"aioseo-breadcrumb\">\n\t<a href=\"https:\/\/www.eldigitaldeasturias.com\/noticias\/category\/negocios-y-empresas\/\" title=\"Negocios y Empresas\">Negocios y Empresas<\/a>\n<\/span><span class=\"aioseo-breadcrumb-separator\">\u2013<\/span><span class=\"aioseo-breadcrumb\">\n\t<a href=\"https:\/\/www.eldigitaldeasturias.com\/noticias\/campana-navidena-en-alemania-descontento-de-los-minoristas\/\" title=\"Campa\u00f1a navide\u00f1a en Alemania: Descontento de los minoristas\">Campa\u00f1a navide\u00f1a en Alemania: Descontento de los minoristas<\/a>\n<\/span><\/div>","aioseo_breadcrumb_json":[{"label":"Home","link":"https:\/\/www.eldigitaldeasturias.com\/noticias"},{"label":"Negocios y Empresas","link":"https:\/\/www.eldigitaldeasturias.com\/noticias\/category\/negocios-y-empresas\/"},{"label":"Campa\u00f1a navide\u00f1a en Alemania: Descontento de los minoristas","link":"https:\/\/www.eldigitaldeasturias.com\/noticias\/campana-navidena-en-alemania-descontento-de-los-minoristas\/"}],"_links":{"self":[{"href":"https:\/\/www.eldigitaldeasturias.com\/noticias\/wp-json\/wp\/v2\/posts\/1127579","targetHints":{"allow":["GET"]}}],"collection":[{"href":"https:\/\/www.eldigitaldeasturias.com\/noticias\/wp-json\/wp\/v2\/posts"}],"about":[{"href":"https:\/\/www.eldigitaldeasturias.com\/noticias\/wp-json\/wp\/v2\/types\/post"}],"author":[{"embeddable":true,"href":"https:\/\/www.eldigitaldeasturias.com\/noticias\/wp-json\/wp\/v2\/users\/1"}],"replies":[{"embeddable":true,"href":"https:\/\/www.eldigitaldeasturias.com\/noticias\/wp-json\/wp\/v2\/comments?post=1127579"}],"version-history":[{"count":0,"href":"https:\/\/www.eldigitaldeasturias.com\/noticias\/wp-json\/wp\/v2\/posts\/1127579\/revisions"}],"wp:featuredmedia":[{"embeddable":true,"href":"https:\/\/www.eldigitaldeasturias.com\/noticias\/wp-json\/wp\/v2\/media\/1127580"}],"wp:attachment":[{"href":"https:\/\/www.eldigitaldeasturias.com\/noticias\/wp-json\/wp\/v2\/media?parent=1127579"}],"wp:term":[{"taxonomy":"category","embeddable":true,"href":"https:\/\/www.eldigitaldeasturias.com\/noticias\/wp-json\/wp\/v2\/categories?post=1127579"},{"taxonomy":"post_tag","embeddable":true,"href":"https:\/\/www.eldigitaldeasturias.com\/noticias\/wp-json\/wp\/v2\/tags?post=1127579"}],"curies":[{"name":"wp","href":"https:\/\/api.w.org\/{rel}","templated":true}]}}