{"id":1127573,"date":"2023-12-11T22:09:01","date_gmt":"2023-12-11T21:09:01","guid":{"rendered":"https:\/\/www.eldigitaldeasturias.com\/noticias\/?p=1127573"},"modified":"2023-12-11T22:09:23","modified_gmt":"2023-12-11T21:09:23","slug":"como-conectar-con-tu-publico-mediante-regalos-corporativos","status":"publish","type":"post","link":"https:\/\/www.eldigitaldeasturias.com\/noticias\/como-conectar-con-tu-publico-mediante-regalos-corporativos\/","title":{"rendered":"C\u00f3mo conectar con tu p\u00fablico mediante regalos corporativos"},"content":{"rendered":"<p><span style=\"font-weight: 400;\">Las redes sociales han revolucionado la relaci\u00f3n de las marcas con su p\u00fablico objetivo, ya que se trata de una comunicaci\u00f3n directa que nunca antes se hab\u00eda tenido.<\/span><\/p>\n<p><img loading=\"lazy\" decoding=\"async\" class=\"aligncenter wp-image-1127574 size-large\" src=\"https:\/\/www.eldigitaldeasturias.com\/noticias\/wp-content\/uploads\/2023\/12\/relacion-de-las-marcas-con-su-publico-643x480.jpg\" alt=\"relaci\u00f3n de las marcas con su p\u00fablico\" width=\"643\" height=\"480\" srcset=\"https:\/\/www.eldigitaldeasturias.com\/noticias\/wp-content\/uploads\/2023\/12\/relacion-de-las-marcas-con-su-publico-643x480.jpg 643w, https:\/\/www.eldigitaldeasturias.com\/noticias\/wp-content\/uploads\/2023\/12\/relacion-de-las-marcas-con-su-publico-360x269.jpg 360w, https:\/\/www.eldigitaldeasturias.com\/noticias\/wp-content\/uploads\/2023\/12\/relacion-de-las-marcas-con-su-publico-402x300.jpg 402w, https:\/\/www.eldigitaldeasturias.com\/noticias\/wp-content\/uploads\/2023\/12\/relacion-de-las-marcas-con-su-publico-150x112.jpg 150w, https:\/\/www.eldigitaldeasturias.com\/noticias\/wp-content\/uploads\/2023\/12\/relacion-de-las-marcas-con-su-publico-450x336.jpg 450w, https:\/\/www.eldigitaldeasturias.com\/noticias\/wp-content\/uploads\/2023\/12\/relacion-de-las-marcas-con-su-publico.jpg 698w\" sizes=\"auto, (max-width: 643px) 100vw, 643px\" \/><\/p>\n<p><span style=\"font-weight: 400;\">Sin embargo, para algunas empresas ha sido un reto conseguir la manera de conectar con su p\u00fablico. Si es el caso de tu negocio,<\/span><b> en este post traemos algunas ideas para que los regalos corporativos sean el puente entre tu marca y los clientes<\/b><span style=\"font-weight: 400;\">.<\/span><\/p>\n<h2><span style=\"font-weight: 400;\">\u00bfD\u00f3nde conseguir el regalo corporativo perfecto?<\/span><\/h2>\n<p><span style=\"font-weight: 400;\">Los regalos corporativos no son objetos cualesquiera, sino que est\u00e1n pensados para conseguir su prop\u00f3sito. Por ejemplo, en la <\/span><span style=\"color: #ff6600;\"><a style=\"color: #ff6600;\" href=\"https:\/\/www.sulema.es\/tienda\/botellas-y-bidones\" target=\"_blank\" rel=\"noopener\"><span style=\"font-weight: 400;\">tienda de Sulema<\/span><\/a><\/span><span style=\"font-weight: 400;\">,<\/span><b> los regalos se venden en las cantidades que quiera el cliente, son personalizables y sus precios son asequibles<\/b><span style=\"font-weight: 400;\">.<\/span><\/p>\n<p><span style=\"font-weight: 400;\">Adem\u00e1s, ofrecen la posibilidad de pedir un boceto preliminar para asegurarse de que el resultado ser\u00e1 el esperado. Los objetos que se comercializan en esta tienda son ideales para usarlos como regalos corporativos, por lo utilitarios y bien dise\u00f1ados que son.<\/span><\/p>\n<p><b>Es importante que se elija como proveedor de regalos corporativos una tienda especializada en ellos<\/b><span style=\"font-weight: 400;\">.<\/span><\/p>\n<h2><span style=\"font-weight: 400;\">\u00bfC\u00f3mo elegir un regalo corporativo?<\/span><\/h2>\n<p><span style=\"font-weight: 400;\">La elecci\u00f3n del objeto que se va a regalar es muy importante, ya que debe ser algo que se valore y que tenga importancia para quien lo recibe. Regalar un objeto bonito, \u00fatil y con alguna caracter\u00edstica fuera de lo com\u00fan es siempre una excelente idea.<\/span><\/p>\n<p><span style=\"font-weight: 400;\">Por ejemplo, regalar <\/span><span style=\"color: #ff6600;\"><a style=\"color: #ff6600;\" title=\"botellas con tu logo\" href=\"https:\/\/www.sulema.es\/tienda\/botellas-y-bidones\">botellas con tu logo<\/a><\/span> <b>es una elecci\u00f3n muy popular para las marcas, ya que es un objeto que se saca a la calle, por lo que el logo o mensaje\u00a0 ser\u00e1 exhibido con mucha frecuencia<\/b><span style=\"font-weight: 400;\">. Adem\u00e1s es un producto necesario para cualquiera que quiera estar siempre hidratado y hay modelos muy hermosos en el mercado.<\/span><\/p>\n<p><span style=\"font-weight: 400;\">Lo importante es que elijas algo que llame la atenci\u00f3n de tu p\u00fablico objetivo o que sea muy apreciado por clientes actuales, de manera que se consiga ese engagement que se ha proyectado.<\/span><\/p>\n<h2><span style=\"font-weight: 400;\">\u00bfC\u00f3mo dise\u00f1ar la personalizaci\u00f3n?<\/span><\/h2>\n<p><b>La elecci\u00f3n del regalo es determinante, pero el mensaje que se quiere imprimir lo es mucho m\u00e1s<\/b><span style=\"font-weight: 400;\">. Es necesario que se establezca el objetivo del regalo corporativo para decidir que se va a incluir en la personalizaci\u00f3n.<\/span><\/p>\n<p><span style=\"font-weight: 400;\">Por ejemplo, se puede incluir solo el logo, si se quiere afianzar la marca. Pero si lo que se quiere es dar a conocer las redes sociales de la marca, tambi\u00e9n se pueden incluir. Las <\/span><span style=\"color: #ff6600;\"><a style=\"color: #ff6600;\" title=\"Recorriendo el sabroso y variado Lyon\" href=\"https:\/\/www.eldigitaldeasturias.com\/noticias\/recorriendo-el-sabroso-y-variado-lyon\/\" target=\"_blank\" rel=\"noopener\"><span style=\"font-weight: 400;\">bolsas personalizadas<\/span><\/a><\/span><span style=\"font-weight: 400;\"> con el lema de la marca puede ser una excelente idea tambi\u00e9n.<\/span><\/p>\n<p><b>Es posible que se quiera promocionar determinado evento o producto, entonces eso ser\u00e1 lo que incluya el dise\u00f1o<\/b><span style=\"font-weight: 400;\">. Lo importante es que se use la creatividad y los conocimientos de marketing para que se consiga el objetivo planteado.<\/span><\/p>\n<h2><span style=\"font-weight: 400;\">Ideas para campa\u00f1as con regalos corporativos<\/span><\/h2>\n<p><span style=\"font-weight: 400;\">Los regalos corporativos no deben entregarse sin un plan, ya que esto puede ser una inversi\u00f3n importante para la empresa. Lo mejor es usar esta herramienta en una campa\u00f1a de marketing digital. Las siguientes son algunas ideas:<\/span><\/p>\n<ul>\n<li style=\"font-weight: 400;\" aria-level=\"1\"><b>Elegir una botella de aluminio Ebro para regalar con el logo de tu marca<\/b><span style=\"font-weight: 400;\">. Iniciar una campa\u00f1a por redes sociales en las que se hagan sorteos cuyo premio son las botellas. Pedirles a los usuarios de redes sociales que le den difusi\u00f3n a las cuentas de la marca y a cambio tendr\u00e1n la posibilidad de ganarse una botella. Se deben repartir muchas botellas y mantener la campa\u00f1a por un tiempo prolongado.<\/span><\/li>\n<li style=\"font-weight: 400;\" aria-level=\"1\"><span style=\"font-weight: 400;\">Otra idea es establecer un precio para el objeto, digamos la botella o un bid\u00f3n. Luego ofrecer el objeto de manera gratuita si se hace una compra determinada. Esto puede conseguir un aumento en las ventas y, adem\u00e1s, hacer el regalo corporativo algo muy apetecible.<\/span><\/li>\n<li style=\"font-weight: 400;\" aria-level=\"1\"><b>Las bolsas de tela con el logo de la empresa y un mensaje pueden ser una excelente opci\u00f3n para una campa\u00f1a en contra del uso de las bolsas desechables<\/b><span style=\"font-weight: 400;\">. Las tiendas de productos masivos como supermercados o tiendas de descuentos, pueden ofrecer estas bolsas con la compra de determinada cantidad de dinero. Esta es otra manera de que los clientes valoren mucho el regalo corporativo.<\/span><\/li>\n<li style=\"font-weight: 400;\" aria-level=\"1\"><span style=\"font-weight: 400;\">Organizar un evento corporativo que tenga un objetivo de marketing y regalar el objeto elegido como parte del paquete promocional. En este caso es aconsejable que el objeto tenga que ver con la marca y que la personalizaci\u00f3n incluya el nombre del evento.<\/span><\/li>\n<li style=\"font-weight: 400;\" aria-level=\"1\"><span style=\"font-weight: 400;\">Hacer una campa\u00f1a de Social Media para hacer muy deseable el objeto. Por ejemplo, si se trata de la botella, <\/span><b>se puede destacar que conserva el l\u00edquido fr\u00edo, que tiene una capacidad de 750 ml, que es muy f\u00e1cil de llevar a todas partes y que su dise\u00f1o es muy vanguardista<\/b><span style=\"font-weight: 400;\">. Luego se puede decir c\u00f3mo obtener el regalo.<\/span><\/li>\n<li style=\"font-weight: 400;\" aria-level=\"1\"><span style=\"font-weight: 400;\">Una excelente idea es entregar regalos corporativos a los proveedores, empleados, clientes antiguos y otros relacionados. Es importante elegir muy bien cada opci\u00f3n para que cada persona se sienta halagada.<\/span><\/li>\n<\/ul>\n<h2><span style=\"font-weight: 400;\">Recomendaciones<\/span><\/h2>\n<ul>\n<li style=\"font-weight: 400;\" aria-level=\"1\"><span style=\"font-weight: 400;\">Lo primero es establecer los objetivos, para ello haz un an\u00e1lisis en el que respondas a la pregunta \u00bfQu\u00e9 se quiere lograr con el regalo corporativo? Puede ser que quieras dar a conocer la marca, para lo cual debes incluir un mensaje que resuma todo lo que hace tu empresa.<\/span><\/li>\n<li style=\"font-weight: 400;\" aria-level=\"1\"><b>La calidad del objeto elegido es fundamental, recuerda que el p\u00fablico va a trasladar los valores del regalo a la marca<\/b><span style=\"font-weight: 400;\">. Debe ser algo que funcione bien, que tenga calidad y que luzca valioso. Elegir un objeto que est\u00e9 de moda es una buena idea.<\/span><\/li>\n<li style=\"font-weight: 400;\" aria-level=\"1\"><span style=\"font-weight: 400;\">Establece un presupuesto para el proyecto del regalo corporativo, esto debe incluir tanto el precio del regalo personalizado como la log\u00edstica de entregarlo. En base a esto y al alcance que se quiere conseguir, se puede elegir el regalo adecuado.<\/span><\/li>\n<li style=\"font-weight: 400;\" aria-level=\"1\"><span style=\"font-weight: 400;\">El alcance tiene que ver con la cantidad de regalos que quieres entregar y la geograf\u00eda que se quiere cubrir. <\/span><b>Es diferente entregar regalos corporativos a nivel nacional que en una sola localidad<\/b><span style=\"font-weight: 400;\">. Decide hasta d\u00f3nde quieres llegar con el regalo corporativo de tu marca.<\/span><\/li>\n<\/ul>\n<p><span style=\"font-weight: 400;\">Los regalos corporativos son excelentes para conectarse con las personas, siguiendo estas recomendaciones, podr\u00e1s iniciar una campa\u00f1a exitosa para tu marca.<\/span><\/p>\n","protected":false},"excerpt":{"rendered":"<p>Las redes sociales han revolucionado la relaci\u00f3n de las marcas con su p\u00fablico objetivo, ya que se trata de una comunicaci\u00f3n directa que nunca antes se hab\u00eda tenido. Sin embargo, para algunas empresas ha sido un reto conseguir la manera de conectar con su p\u00fablico. Si es el caso de tu negocio, en este post [&hellip;]<\/p>\n","protected":false},"author":1,"featured_media":1127574,"comment_status":"closed","ping_status":"closed","sticky":false,"template":"","format":"standard","meta":{"footnotes":""},"categories":[219],"tags":[],"class_list":["post-1127573","post","type-post","status-publish","format-standard","has-post-thumbnail","hentry","category-negocios-y-empresas"],"aioseo_notices":[],"aioseo_head":"\n\t\t<!-- All in One SEO Pro 4.9.6.2 - aioseo.com -->\n\t<meta name=\"description\" content=\"Las redes sociales han revolucionado la relaci\u00f3n de las marcas con su p\u00fablico objetivo, ya que se trata de una comunicaci\u00f3n directa que nunca antes\" \/>\n\t<meta name=\"robots\" content=\"max-image-preview:large\" \/>\n\t<meta name=\"author\" content=\"El Digital de Asturias\"\/>\n\t<meta name=\"google-site-verification\" content=\"UA-38556648-1\" \/>\n\t<meta name=\"msvalidate.01\" content=\"7dfe9f3f1b24437ab69f4f2559babe99\" \/>\n\t<meta name=\"keywords\" content=\"negocios y empresas\" \/>\n\t<link rel=\"canonical\" href=\"https:\/\/www.eldigitaldeasturias.com\/noticias\/como-conectar-con-tu-publico-mediante-regalos-corporativos\/\" \/>\n\t<meta name=\"generator\" content=\"All in One SEO Pro (AIOSEO) 4.9.6.2\" \/>\n\t\t<meta property=\"og:locale\" content=\"es_ES\" \/>\n\t\t<meta property=\"og:site_name\" content=\"El Digital de Asturias\" \/>\n\t\t<meta property=\"og:type\" content=\"article\" \/>\n\t\t<meta property=\"og:title\" content=\"C\u00f3mo conectar con tu p\u00fablico mediante regalos corporativos - El Digital de Asturias\" \/>\n\t\t<meta property=\"og:description\" content=\"Las redes sociales han revolucionado la relaci\u00f3n de las marcas con su p\u00fablico objetivo, ya que se trata de una comunicaci\u00f3n directa que nunca antes\" \/>\n\t\t<meta property=\"og:url\" content=\"https:\/\/www.eldigitaldeasturias.com\/noticias\/como-conectar-con-tu-publico-mediante-regalos-corporativos\/\" \/>\n\t\t<meta property=\"og:image\" content=\"https:\/\/www.eldigitaldeasturias.com\/noticias\/wp-content\/uploads\/2023\/12\/relacion-de-las-marcas-con-su-publico.jpg\" \/>\n\t\t<meta property=\"og:image:secure_url\" content=\"https:\/\/www.eldigitaldeasturias.com\/noticias\/wp-content\/uploads\/2023\/12\/relacion-de-las-marcas-con-su-publico.jpg\" \/>\n\t\t<meta property=\"og:image:width\" content=\"698\" \/>\n\t\t<meta property=\"og:image:height\" content=\"521\" \/>\n\t\t<meta property=\"article:tag\" content=\"negocios y empresas\" \/>\n\t\t<meta property=\"article:published_time\" content=\"2023-12-11T21:09:01+00:00\" \/>\n\t\t<meta property=\"article:modified_time\" content=\"2023-12-11T21:09:23+00:00\" \/>\n\t\t<meta property=\"article:publisher\" content=\"https:\/\/facebook.com\/eldigitaldeasturias\" \/>\n\t\t<meta name=\"twitter:card\" content=\"summary_large_image\" \/>\n\t\t<meta name=\"twitter:title\" content=\"C\u00f3mo conectar con tu p\u00fablico mediante regalos corporativos - El Digital de Asturias\" \/>\n\t\t<meta name=\"twitter:description\" content=\"Las redes sociales han revolucionado la relaci\u00f3n de las marcas con su p\u00fablico objetivo, ya que se trata de una comunicaci\u00f3n directa que nunca antes\" \/>\n\t\t<meta name=\"twitter:image\" content=\"https:\/\/www.eldigitaldeasturias.com\/noticias\/wp-content\/uploads\/2023\/12\/relacion-de-las-marcas-con-su-publico.jpg\" \/>\n\t\t<meta name=\"twitter:label1\" content=\"Escrito por\" \/>\n\t\t<meta name=\"twitter:data1\" content=\"El Digital de Asturias\" \/>\n\t\t<meta name=\"twitter:label2\" content=\"Tiempo de lectura estimado\" \/>\n\t\t<meta name=\"twitter:data2\" content=\"5 minutos\" \/>\n\t\t<script type=\"application\/ld+json\" class=\"aioseo-schema\">\n\t\t\t{\"@context\":\"https:\\\/\\\/schema.org\",\"@graph\":[{\"@type\":\"BlogPosting\",\"@id\":\"https:\\\/\\\/www.eldigitaldeasturias.com\\\/noticias\\\/como-conectar-con-tu-publico-mediante-regalos-corporativos\\\/#blogposting\",\"name\":\"C\\u00f3mo conectar con tu p\\u00fablico mediante regalos corporativos - El Digital de Asturias\",\"headline\":\"C\\u00f3mo conectar con tu p\\u00fablico mediante regalos corporativos\",\"author\":{\"@id\":\"https:\\\/\\\/www.eldigitaldeasturias.com\\\/noticias\\\/author\\\/admin\\\/#author\"},\"publisher\":{\"@id\":\"https:\\\/\\\/www.eldigitaldeasturias.com\\\/noticias\\\/#organization\"},\"image\":{\"@type\":\"ImageObject\",\"url\":\"https:\\\/\\\/www.eldigitaldeasturias.com\\\/noticias\\\/wp-content\\\/uploads\\\/2023\\\/12\\\/relacion-de-las-marcas-con-su-publico.jpg\",\"width\":698,\"height\":521,\"caption\":\"relaci\\u00f3n de las marcas con su p\\u00fablico\"},\"datePublished\":\"2023-12-11T22:09:01+01:00\",\"dateModified\":\"2023-12-11T22:09:23+01:00\",\"inLanguage\":\"es-ES\",\"mainEntityOfPage\":{\"@id\":\"https:\\\/\\\/www.eldigitaldeasturias.com\\\/noticias\\\/como-conectar-con-tu-publico-mediante-regalos-corporativos\\\/#webpage\"},\"isPartOf\":{\"@id\":\"https:\\\/\\\/www.eldigitaldeasturias.com\\\/noticias\\\/como-conectar-con-tu-publico-mediante-regalos-corporativos\\\/#webpage\"},\"articleSection\":\"Negocios y Empresas\"},{\"@type\":\"BreadcrumbList\",\"@id\":\"https:\\\/\\\/www.eldigitaldeasturias.com\\\/noticias\\\/como-conectar-con-tu-publico-mediante-regalos-corporativos\\\/#breadcrumblist\",\"itemListElement\":[{\"@type\":\"ListItem\",\"@id\":\"https:\\\/\\\/www.eldigitaldeasturias.com\\\/noticias#listItem\",\"position\":1,\"name\":\"Home\",\"item\":\"https:\\\/\\\/www.eldigitaldeasturias.com\\\/noticias\",\"nextItem\":{\"@type\":\"ListItem\",\"@id\":\"https:\\\/\\\/www.eldigitaldeasturias.com\\\/noticias\\\/category\\\/negocios-y-empresas\\\/#listItem\",\"name\":\"Negocios y Empresas\"}},{\"@type\":\"ListItem\",\"@id\":\"https:\\\/\\\/www.eldigitaldeasturias.com\\\/noticias\\\/category\\\/negocios-y-empresas\\\/#listItem\",\"position\":2,\"name\":\"Negocios y Empresas\",\"item\":\"https:\\\/\\\/www.eldigitaldeasturias.com\\\/noticias\\\/category\\\/negocios-y-empresas\\\/\",\"nextItem\":{\"@type\":\"ListItem\",\"@id\":\"https:\\\/\\\/www.eldigitaldeasturias.com\\\/noticias\\\/como-conectar-con-tu-publico-mediante-regalos-corporativos\\\/#listItem\",\"name\":\"C\\u00f3mo conectar con tu p\\u00fablico mediante regalos corporativos\"},\"previousItem\":{\"@type\":\"ListItem\",\"@id\":\"https:\\\/\\\/www.eldigitaldeasturias.com\\\/noticias#listItem\",\"name\":\"Home\"}},{\"@type\":\"ListItem\",\"@id\":\"https:\\\/\\\/www.eldigitaldeasturias.com\\\/noticias\\\/como-conectar-con-tu-publico-mediante-regalos-corporativos\\\/#listItem\",\"position\":3,\"name\":\"C\\u00f3mo conectar con tu p\\u00fablico mediante regalos corporativos\",\"previousItem\":{\"@type\":\"ListItem\",\"@id\":\"https:\\\/\\\/www.eldigitaldeasturias.com\\\/noticias\\\/category\\\/negocios-y-empresas\\\/#listItem\",\"name\":\"Negocios y Empresas\"}}]},{\"@type\":\"Organization\",\"@id\":\"https:\\\/\\\/www.eldigitaldeasturias.com\\\/noticias\\\/#organization\",\"name\":\"El Digital de Asturias\",\"description\":\"Hemeroteca\",\"url\":\"https:\\\/\\\/www.eldigitaldeasturias.com\\\/noticias\\\/\",\"email\":\"info@eldigitaldeasturias.com\",\"telephone\":\"+34652131393\",\"logo\":{\"@type\":\"ImageObject\",\"url\":\"https:\\\/\\\/www.eldigitaldeasturias.com\\\/noticias\\\/wp-content\\\/uploads\\\/2020\\\/12\\\/EDA.jpg\",\"@id\":\"https:\\\/\\\/www.eldigitaldeasturias.com\\\/noticias\\\/como-conectar-con-tu-publico-mediante-regalos-corporativos\\\/#organizationLogo\",\"width\":649,\"height\":297},\"image\":{\"@id\":\"https:\\\/\\\/www.eldigitaldeasturias.com\\\/noticias\\\/como-conectar-con-tu-publico-mediante-regalos-corporativos\\\/#organizationLogo\"},\"sameAs\":[\"https:\\\/\\\/facebook.com\\\/eldigitaldeasturias\",\"https:\\\/\\\/www.youtube.com\\\/channel\\\/UCZP-2wLEB9Rv6erhFmqVnvg\"],\"address\":{\"@id\":\"https:\\\/\\\/www.eldigitaldeasturias.com\\\/noticias\\\/#postaladdress\",\"@type\":\"PostalAddress\",\"streetAddress\":\"san antonio 4,\",\"postalCode\":\"33430\",\"addressLocality\":\"Cand\\u00e1s\",\"addressRegion\":\"Asturias\",\"addressCountry\":\"ES\"}},{\"@type\":\"Person\",\"@id\":\"https:\\\/\\\/www.eldigitaldeasturias.com\\\/noticias\\\/author\\\/admin\\\/#author\",\"url\":\"https:\\\/\\\/www.eldigitaldeasturias.com\\\/noticias\\\/author\\\/admin\\\/\",\"name\":\"El Digital de Asturias\",\"image\":{\"@type\":\"ImageObject\",\"@id\":\"https:\\\/\\\/www.eldigitaldeasturias.com\\\/noticias\\\/como-conectar-con-tu-publico-mediante-regalos-corporativos\\\/#authorImage\",\"url\":\"https:\\\/\\\/www.eldigitaldeasturias.com\\\/noticias\\\/wp-content\\\/litespeed\\\/avatar\\\/18677e78aa0546b92d9dbf31ec7d7668.jpg?ver=1777290358\",\"width\":96,\"height\":96,\"caption\":\"El Digital de Asturias\"}},{\"@type\":\"WebPage\",\"@id\":\"https:\\\/\\\/www.eldigitaldeasturias.com\\\/noticias\\\/como-conectar-con-tu-publico-mediante-regalos-corporativos\\\/#webpage\",\"url\":\"https:\\\/\\\/www.eldigitaldeasturias.com\\\/noticias\\\/como-conectar-con-tu-publico-mediante-regalos-corporativos\\\/\",\"name\":\"C\\u00f3mo conectar con tu p\\u00fablico mediante regalos corporativos - El Digital de Asturias\",\"description\":\"Las redes sociales han revolucionado la relaci\\u00f3n de las marcas con su p\\u00fablico objetivo, ya que se trata de una comunicaci\\u00f3n directa que nunca antes\",\"inLanguage\":\"es-ES\",\"isPartOf\":{\"@id\":\"https:\\\/\\\/www.eldigitaldeasturias.com\\\/noticias\\\/#website\"},\"breadcrumb\":{\"@id\":\"https:\\\/\\\/www.eldigitaldeasturias.com\\\/noticias\\\/como-conectar-con-tu-publico-mediante-regalos-corporativos\\\/#breadcrumblist\"},\"author\":{\"@id\":\"https:\\\/\\\/www.eldigitaldeasturias.com\\\/noticias\\\/author\\\/admin\\\/#author\"},\"creator\":{\"@id\":\"https:\\\/\\\/www.eldigitaldeasturias.com\\\/noticias\\\/author\\\/admin\\\/#author\"},\"image\":{\"@type\":\"ImageObject\",\"url\":\"https:\\\/\\\/www.eldigitaldeasturias.com\\\/noticias\\\/wp-content\\\/uploads\\\/2023\\\/12\\\/relacion-de-las-marcas-con-su-publico.jpg\",\"@id\":\"https:\\\/\\\/www.eldigitaldeasturias.com\\\/noticias\\\/como-conectar-con-tu-publico-mediante-regalos-corporativos\\\/#mainImage\",\"width\":698,\"height\":521,\"caption\":\"relaci\\u00f3n de las marcas con su p\\u00fablico\"},\"primaryImageOfPage\":{\"@id\":\"https:\\\/\\\/www.eldigitaldeasturias.com\\\/noticias\\\/como-conectar-con-tu-publico-mediante-regalos-corporativos\\\/#mainImage\"},\"datePublished\":\"2023-12-11T22:09:01+01:00\",\"dateModified\":\"2023-12-11T22:09:23+01:00\"},{\"@type\":\"WebSite\",\"@id\":\"https:\\\/\\\/www.eldigitaldeasturias.com\\\/noticias\\\/#website\",\"url\":\"https:\\\/\\\/www.eldigitaldeasturias.com\\\/noticias\\\/\",\"name\":\"El Digital de Asturias - Diario de actualidad y noticias\",\"alternateName\":\"El Digital de Asturias - Diario de actualidad y noticias\",\"description\":\"Hemeroteca\",\"inLanguage\":\"es-ES\",\"publisher\":{\"@id\":\"https:\\\/\\\/www.eldigitaldeasturias.com\\\/noticias\\\/#organization\"}}]}\n\t\t<\/script>\n\t\t<!-- All in One SEO Pro -->\r\n\t\t<title>C\u00f3mo conectar con tu p\u00fablico mediante regalos corporativos - El Digital de Asturias<\/title>\n\n","aioseo_head_json":{"title":"C\u00f3mo conectar con tu p\u00fablico mediante regalos corporativos - El Digital de Asturias","description":"Las redes sociales han revolucionado la relaci\u00f3n de las marcas con su p\u00fablico objetivo, ya que se trata de una comunicaci\u00f3n directa que nunca antes","canonical_url":"https:\/\/www.eldigitaldeasturias.com\/noticias\/como-conectar-con-tu-publico-mediante-regalos-corporativos\/","robots":"max-image-preview:large","keywords":"negocios y empresas","webmasterTools":{"google-site-verification":"UA-38556648-1","msvalidate.01":"7dfe9f3f1b24437ab69f4f2559babe99","miscellaneous":""},"schema":{"@context":"https:\/\/schema.org","@graph":[{"@type":"BlogPosting","@id":"https:\/\/www.eldigitaldeasturias.com\/noticias\/como-conectar-con-tu-publico-mediante-regalos-corporativos\/#blogposting","name":"C\u00f3mo conectar con tu p\u00fablico mediante regalos corporativos - El Digital de Asturias","headline":"C\u00f3mo conectar con tu p\u00fablico mediante regalos corporativos","author":{"@id":"https:\/\/www.eldigitaldeasturias.com\/noticias\/author\/admin\/#author"},"publisher":{"@id":"https:\/\/www.eldigitaldeasturias.com\/noticias\/#organization"},"image":{"@type":"ImageObject","url":"https:\/\/www.eldigitaldeasturias.com\/noticias\/wp-content\/uploads\/2023\/12\/relacion-de-las-marcas-con-su-publico.jpg","width":698,"height":521,"caption":"relaci\u00f3n de las marcas con su p\u00fablico"},"datePublished":"2023-12-11T22:09:01+01:00","dateModified":"2023-12-11T22:09:23+01:00","inLanguage":"es-ES","mainEntityOfPage":{"@id":"https:\/\/www.eldigitaldeasturias.com\/noticias\/como-conectar-con-tu-publico-mediante-regalos-corporativos\/#webpage"},"isPartOf":{"@id":"https:\/\/www.eldigitaldeasturias.com\/noticias\/como-conectar-con-tu-publico-mediante-regalos-corporativos\/#webpage"},"articleSection":"Negocios y Empresas"},{"@type":"BreadcrumbList","@id":"https:\/\/www.eldigitaldeasturias.com\/noticias\/como-conectar-con-tu-publico-mediante-regalos-corporativos\/#breadcrumblist","itemListElement":[{"@type":"ListItem","@id":"https:\/\/www.eldigitaldeasturias.com\/noticias#listItem","position":1,"name":"Home","item":"https:\/\/www.eldigitaldeasturias.com\/noticias","nextItem":{"@type":"ListItem","@id":"https:\/\/www.eldigitaldeasturias.com\/noticias\/category\/negocios-y-empresas\/#listItem","name":"Negocios y Empresas"}},{"@type":"ListItem","@id":"https:\/\/www.eldigitaldeasturias.com\/noticias\/category\/negocios-y-empresas\/#listItem","position":2,"name":"Negocios y Empresas","item":"https:\/\/www.eldigitaldeasturias.com\/noticias\/category\/negocios-y-empresas\/","nextItem":{"@type":"ListItem","@id":"https:\/\/www.eldigitaldeasturias.com\/noticias\/como-conectar-con-tu-publico-mediante-regalos-corporativos\/#listItem","name":"C\u00f3mo conectar con tu p\u00fablico mediante regalos corporativos"},"previousItem":{"@type":"ListItem","@id":"https:\/\/www.eldigitaldeasturias.com\/noticias#listItem","name":"Home"}},{"@type":"ListItem","@id":"https:\/\/www.eldigitaldeasturias.com\/noticias\/como-conectar-con-tu-publico-mediante-regalos-corporativos\/#listItem","position":3,"name":"C\u00f3mo conectar con tu p\u00fablico mediante regalos corporativos","previousItem":{"@type":"ListItem","@id":"https:\/\/www.eldigitaldeasturias.com\/noticias\/category\/negocios-y-empresas\/#listItem","name":"Negocios y Empresas"}}]},{"@type":"Organization","@id":"https:\/\/www.eldigitaldeasturias.com\/noticias\/#organization","name":"El Digital de Asturias","description":"Hemeroteca","url":"https:\/\/www.eldigitaldeasturias.com\/noticias\/","email":"info@eldigitaldeasturias.com","telephone":"+34652131393","logo":{"@type":"ImageObject","url":"https:\/\/www.eldigitaldeasturias.com\/noticias\/wp-content\/uploads\/2020\/12\/EDA.jpg","@id":"https:\/\/www.eldigitaldeasturias.com\/noticias\/como-conectar-con-tu-publico-mediante-regalos-corporativos\/#organizationLogo","width":649,"height":297},"image":{"@id":"https:\/\/www.eldigitaldeasturias.com\/noticias\/como-conectar-con-tu-publico-mediante-regalos-corporativos\/#organizationLogo"},"sameAs":["https:\/\/facebook.com\/eldigitaldeasturias","https:\/\/www.youtube.com\/channel\/UCZP-2wLEB9Rv6erhFmqVnvg"],"address":{"@id":"https:\/\/www.eldigitaldeasturias.com\/noticias\/#postaladdress","@type":"PostalAddress","streetAddress":"san antonio 4,","postalCode":"33430","addressLocality":"Cand\u00e1s","addressRegion":"Asturias","addressCountry":"ES"}},{"@type":"Person","@id":"https:\/\/www.eldigitaldeasturias.com\/noticias\/author\/admin\/#author","url":"https:\/\/www.eldigitaldeasturias.com\/noticias\/author\/admin\/","name":"El Digital de Asturias","image":{"@type":"ImageObject","@id":"https:\/\/www.eldigitaldeasturias.com\/noticias\/como-conectar-con-tu-publico-mediante-regalos-corporativos\/#authorImage","url":"https:\/\/www.eldigitaldeasturias.com\/noticias\/wp-content\/litespeed\/avatar\/18677e78aa0546b92d9dbf31ec7d7668.jpg?ver=1777290358","width":96,"height":96,"caption":"El Digital de Asturias"}},{"@type":"WebPage","@id":"https:\/\/www.eldigitaldeasturias.com\/noticias\/como-conectar-con-tu-publico-mediante-regalos-corporativos\/#webpage","url":"https:\/\/www.eldigitaldeasturias.com\/noticias\/como-conectar-con-tu-publico-mediante-regalos-corporativos\/","name":"C\u00f3mo conectar con tu p\u00fablico mediante regalos corporativos - El Digital de Asturias","description":"Las redes sociales han revolucionado la relaci\u00f3n de las marcas con su p\u00fablico objetivo, ya que se trata de una comunicaci\u00f3n directa que nunca antes","inLanguage":"es-ES","isPartOf":{"@id":"https:\/\/www.eldigitaldeasturias.com\/noticias\/#website"},"breadcrumb":{"@id":"https:\/\/www.eldigitaldeasturias.com\/noticias\/como-conectar-con-tu-publico-mediante-regalos-corporativos\/#breadcrumblist"},"author":{"@id":"https:\/\/www.eldigitaldeasturias.com\/noticias\/author\/admin\/#author"},"creator":{"@id":"https:\/\/www.eldigitaldeasturias.com\/noticias\/author\/admin\/#author"},"image":{"@type":"ImageObject","url":"https:\/\/www.eldigitaldeasturias.com\/noticias\/wp-content\/uploads\/2023\/12\/relacion-de-las-marcas-con-su-publico.jpg","@id":"https:\/\/www.eldigitaldeasturias.com\/noticias\/como-conectar-con-tu-publico-mediante-regalos-corporativos\/#mainImage","width":698,"height":521,"caption":"relaci\u00f3n de las marcas con su p\u00fablico"},"primaryImageOfPage":{"@id":"https:\/\/www.eldigitaldeasturias.com\/noticias\/como-conectar-con-tu-publico-mediante-regalos-corporativos\/#mainImage"},"datePublished":"2023-12-11T22:09:01+01:00","dateModified":"2023-12-11T22:09:23+01:00"},{"@type":"WebSite","@id":"https:\/\/www.eldigitaldeasturias.com\/noticias\/#website","url":"https:\/\/www.eldigitaldeasturias.com\/noticias\/","name":"El Digital de Asturias - Diario de actualidad y noticias","alternateName":"El Digital de Asturias - Diario de actualidad y noticias","description":"Hemeroteca","inLanguage":"es-ES","publisher":{"@id":"https:\/\/www.eldigitaldeasturias.com\/noticias\/#organization"}}]},"og:locale":"es_ES","og:site_name":"El Digital de Asturias","og:type":"article","og:title":"C\u00f3mo conectar con tu p\u00fablico mediante regalos corporativos - El Digital de Asturias","og:description":"Las redes sociales han revolucionado la relaci\u00f3n de las marcas con su p\u00fablico objetivo, ya que se trata de una comunicaci\u00f3n directa que nunca antes","og:url":"https:\/\/www.eldigitaldeasturias.com\/noticias\/como-conectar-con-tu-publico-mediante-regalos-corporativos\/","og:image":"https:\/\/www.eldigitaldeasturias.com\/noticias\/wp-content\/uploads\/2023\/12\/relacion-de-las-marcas-con-su-publico.jpg","og:image:secure_url":"https:\/\/www.eldigitaldeasturias.com\/noticias\/wp-content\/uploads\/2023\/12\/relacion-de-las-marcas-con-su-publico.jpg","og:image:width":698,"og:image:height":521,"article:tag":["negocios y empresas"],"article:published_time":"2023-12-11T21:09:01+00:00","article:modified_time":"2023-12-11T21:09:23+00:00","article:publisher":"https:\/\/facebook.com\/eldigitaldeasturias","twitter:card":"summary_large_image","twitter:title":"C\u00f3mo conectar con tu p\u00fablico mediante regalos corporativos - El Digital de Asturias","twitter:description":"Las redes sociales han revolucionado la relaci\u00f3n de las marcas con su p\u00fablico objetivo, ya que se trata de una comunicaci\u00f3n directa que nunca antes","twitter:image":"https:\/\/www.eldigitaldeasturias.com\/noticias\/wp-content\/uploads\/2023\/12\/relacion-de-las-marcas-con-su-publico.jpg","twitter:label1":"Escrito por","twitter:data1":"El Digital de Asturias","twitter:label2":"Tiempo de lectura estimado","twitter:data2":"5 minutos"},"aioseo_meta_data":{"post_id":"1127573","title":null,"description":"Las redes sociales han revolucionado la relaci\u00f3n de las marcas con su p\u00fablico objetivo, ya que se trata de una comunicaci\u00f3n directa que nunca antes","keywords":[],"keyphrases":{"focus":{"keyphrase":"p\u00fablico","score":78,"analysis":{"keyphraseInTitle":{"score":9,"maxScore":9,"error":0},"keyphraseInDescription":{"score":9,"maxScore":9,"error":0},"keyphraseLength":{"score":9,"maxScore":9,"error":0,"length":2},"keyphraseInURL":{"score":5,"maxScore":5,"error":0},"keyphraseInIntroduction":{"score":9,"maxScore":9,"error":0},"keyphraseInSubHeadings":{"score":3,"maxScore":9,"error":1},"keyphraseInImageAlt":{"score":9,"maxScore":9,"error":0},"keywordDensity":{"score":0,"type":"low","maxScore":9,"error":1}}},"additional":[{"keyphrase":"p\u00fablico","score":80,"analysis":{"keyphraseInDescription":{"score":9,"maxScore":9,"error":0},"keyphraseLength":{"score":9,"maxScore":9,"error":0,"length":2},"keyphraseInIntroduction":{"score":9,"maxScore":9,"error":0},"keyphraseInImageAlt":{"score":9,"maxScore":9,"error":0},"keywordDensity":{"score":0,"type":"low","maxScore":9,"error":1}}},{"keyphrase":"marcas","score":80,"analysis":{"keyphraseInDescription":{"score":9,"maxScore":9,"error":0},"keyphraseLength":{"score":9,"maxScore":9,"error":0,"length":1},"keyphraseInIntroduction":{"score":9,"maxScore":9,"error":0},"keyphraseInImageAlt":{"score":9,"maxScore":9,"error":0},"keywordDensity":{"score":0,"type":"low","maxScore":9,"error":1}}}]},"primary_term":null,"canonical_url":null,"og_title":null,"og_description":null,"og_object_type":"default","og_image_type":"default","og_image_url":null,"og_image_width":null,"og_image_height":null,"og_image_custom_url":null,"og_image_custom_fields":null,"og_video":"","og_custom_url":null,"og_article_section":null,"og_article_tags":[],"twitter_use_og":false,"twitter_card":"default","twitter_image_type":"default","twitter_image_url":null,"twitter_image_custom_url":null,"twitter_image_custom_fields":null,"twitter_title":null,"twitter_description":null,"schema":{"blockGraphs":[],"customGraphs":[],"default":{"data":{"Article":[],"Course":[],"Dataset":[],"FAQPage":[],"Movie":[],"Person":[],"Product":[],"ProductReview":[],"Car":[],"Recipe":[],"Service":[],"SoftwareApplication":[],"WebPage":[]},"graphName":"BlogPosting","isEnabled":true},"graphs":[]},"schema_type":"default","schema_type_options":null,"pillar_content":false,"robots_default":true,"robots_noindex":false,"robots_noarchive":false,"robots_nosnippet":false,"robots_nofollow":false,"robots_noimageindex":false,"robots_noodp":false,"robots_notranslate":false,"robots_max_snippet":"-1","robots_max_videopreview":"-1","robots_max_imagepreview":"large","priority":null,"frequency":"default","local_seo":null,"seo_analyzer_scan_date":"2025-10-05 23:26:41","breadcrumb_settings":null,"limit_modified_date":false,"open_ai":"{\"title\":{\"suggestions\":[],\"usage\":0},\"description\":{\"suggestions\":[],\"usage\":0}}","ai":null,"created":"2023-12-11 21:02:21","updated":"2025-10-09 05:31:34"},"aioseo_breadcrumb":"<div class=\"aioseo-breadcrumbs\"><span class=\"aioseo-breadcrumb\">\n\t<a href=\"https:\/\/www.eldigitaldeasturias.com\/noticias\" title=\"Home\">Home<\/a>\n<\/span><span class=\"aioseo-breadcrumb-separator\">\u2013<\/span><span class=\"aioseo-breadcrumb\">\n\t<a href=\"https:\/\/www.eldigitaldeasturias.com\/noticias\/category\/negocios-y-empresas\/\" title=\"Negocios y Empresas\">Negocios y Empresas<\/a>\n<\/span><span class=\"aioseo-breadcrumb-separator\">\u2013<\/span><span class=\"aioseo-breadcrumb\">\n\t<a href=\"https:\/\/www.eldigitaldeasturias.com\/noticias\/como-conectar-con-tu-publico-mediante-regalos-corporativos\/\" title=\"C\u00f3mo conectar con tu p\u00fablico mediante regalos corporativos\">C\u00f3mo conectar con tu p\u00fablico mediante regalos corporativos<\/a>\n<\/span><\/div>","aioseo_breadcrumb_json":[{"label":"Home","link":"https:\/\/www.eldigitaldeasturias.com\/noticias"},{"label":"Negocios y Empresas","link":"https:\/\/www.eldigitaldeasturias.com\/noticias\/category\/negocios-y-empresas\/"},{"label":"C\u00f3mo conectar con tu p\u00fablico mediante regalos corporativos","link":"https:\/\/www.eldigitaldeasturias.com\/noticias\/como-conectar-con-tu-publico-mediante-regalos-corporativos\/"}],"_links":{"self":[{"href":"https:\/\/www.eldigitaldeasturias.com\/noticias\/wp-json\/wp\/v2\/posts\/1127573","targetHints":{"allow":["GET"]}}],"collection":[{"href":"https:\/\/www.eldigitaldeasturias.com\/noticias\/wp-json\/wp\/v2\/posts"}],"about":[{"href":"https:\/\/www.eldigitaldeasturias.com\/noticias\/wp-json\/wp\/v2\/types\/post"}],"author":[{"embeddable":true,"href":"https:\/\/www.eldigitaldeasturias.com\/noticias\/wp-json\/wp\/v2\/users\/1"}],"replies":[{"embeddable":true,"href":"https:\/\/www.eldigitaldeasturias.com\/noticias\/wp-json\/wp\/v2\/comments?post=1127573"}],"version-history":[{"count":0,"href":"https:\/\/www.eldigitaldeasturias.com\/noticias\/wp-json\/wp\/v2\/posts\/1127573\/revisions"}],"wp:featuredmedia":[{"embeddable":true,"href":"https:\/\/www.eldigitaldeasturias.com\/noticias\/wp-json\/wp\/v2\/media\/1127574"}],"wp:attachment":[{"href":"https:\/\/www.eldigitaldeasturias.com\/noticias\/wp-json\/wp\/v2\/media?parent=1127573"}],"wp:term":[{"taxonomy":"category","embeddable":true,"href":"https:\/\/www.eldigitaldeasturias.com\/noticias\/wp-json\/wp\/v2\/categories?post=1127573"},{"taxonomy":"post_tag","embeddable":true,"href":"https:\/\/www.eldigitaldeasturias.com\/noticias\/wp-json\/wp\/v2\/tags?post=1127573"}],"curies":[{"name":"wp","href":"https:\/\/api.w.org\/{rel}","templated":true}]}}