{"id":1127558,"date":"2023-12-11T15:07:10","date_gmt":"2023-12-11T14:07:10","guid":{"rendered":"https:\/\/www.eldigitaldeasturias.com\/noticias\/?p=1127558"},"modified":"2023-12-11T15:07:10","modified_gmt":"2023-12-11T14:07:10","slug":"gestionar-la-soledad-sin-perder-la-identidad-personal","status":"publish","type":"post","link":"https:\/\/www.eldigitaldeasturias.com\/noticias\/gestionar-la-soledad-sin-perder-la-identidad-personal\/","title":{"rendered":"Gestionar la soledad sin perder la identidad personal"},"content":{"rendered":"<p>Tanto en <a href=\"https:\/\/www.eldigitaldeasturias.com\/noticias\/category\/actualidad-asturias\/\"><strong><span style=\"color: #ff6600;\">Asturias<\/span><\/strong><\/a> como en el resto del mundo la soledad se cuela a diario en la vida de miles de personas, gente que incluso a ojos de los dem\u00e1s pueden tener una vida \u00abenvidiable\u00bb sienten esa sensaci\u00f3n y poco a poco se van dejando consumir por ella. <strong>Ponerse en manos de <a href=\"https:\/\/candas365.es\/noticias\/la-terapia-psicologica-en-adolescentes-y-ninos\/\" target=\"_blank\" rel=\"noopener\"><span style=\"color: #ff6600;\">expertos<\/span><\/a>, hablar con personas o buscar nuevas rutinas de vida no es sencillo, pero s\u00ed es recomendable.<\/strong><\/p>\n<figure id=\"attachment_1127559\" aria-describedby=\"caption-attachment-1127559\" style=\"width: 650px\" class=\"wp-caption aligncenter\"><img loading=\"lazy\" decoding=\"async\" class=\"wp-image-1127559 size-large\" src=\"https:\/\/www.eldigitaldeasturias.com\/noticias\/wp-content\/uploads\/2023\/12\/soledad-Asturias-650x401.jpg\" alt=\"soledad Asturias\" width=\"650\" height=\"401\" srcset=\"https:\/\/www.eldigitaldeasturias.com\/noticias\/wp-content\/uploads\/2023\/12\/soledad-Asturias-650x401.jpg 650w, https:\/\/www.eldigitaldeasturias.com\/noticias\/wp-content\/uploads\/2023\/12\/soledad-Asturias-360x222.jpg 360w, https:\/\/www.eldigitaldeasturias.com\/noticias\/wp-content\/uploads\/2023\/12\/soledad-Asturias-480x296.jpg 480w, https:\/\/www.eldigitaldeasturias.com\/noticias\/wp-content\/uploads\/2023\/12\/soledad-Asturias-768x474.jpg 768w, https:\/\/www.eldigitaldeasturias.com\/noticias\/wp-content\/uploads\/2023\/12\/soledad-Asturias-150x93.jpg 150w, https:\/\/www.eldigitaldeasturias.com\/noticias\/wp-content\/uploads\/2023\/12\/soledad-Asturias-450x278.jpg 450w, https:\/\/www.eldigitaldeasturias.com\/noticias\/wp-content\/uploads\/2023\/12\/soledad-Asturias.jpg 893w\" sizes=\"auto, (max-width: 650px) 100vw, 650px\" \/><figcaption id=\"caption-attachment-1127559\" class=\"wp-caption-text\">Foto: N.Berm\u00fadez<\/figcaption><\/figure>\n<p>Cuando experimentamos soledad, <strong>podemos sentirnos desconectados de los dem\u00e1s y de nosotros mismos, lo que lleva a una p\u00e9rdida de identidad personal.<\/strong> Sin embargo, existen estrategias que podemos utilizar para gestionar la soledad sin perder el sentido de identidad y volver a ver la vida con otros ojos.<\/p>\n<h2>Las primeras se\u00f1ales<\/h2>\n<p>Cuando una persona parece ser que lo tiene todo, \u00e9xito en su trabajo, bastantes amigos y conocidos, seguidores en redes sociales o cientos de contactos en su m\u00f3vil y siente que nada le llena, que algo le falta o no encuentra la manera de sentirse feliz es importante reconocer que existe una carencia o que no se est\u00e1 haciendo algo bien.<strong> \u00bfDe qu\u00e9 sirve tener 600000 mil seguidores en redes sociales o tener 800 n\u00fameros de contacto en el m\u00f3vil cuando no hay \u00abnada que decir\u00bb o no te aportar felicidad?<\/strong><\/p>\n<blockquote><p>Los expertos dicen que la soledad social es el sentimiento de no tener suficientes conexiones sociales o relaciones significativas, mientras que la soledad emocional es el sentimiento de no ser comprendido o apoyado por los dem\u00e1s.<\/p><\/blockquote>\n<p><strong>Los efectos de la soledad en la identidad personal pueden ser profundos<\/strong>. Puede provocar una p\u00e9rdida de autoestima, una falta de prop\u00f3sito o direcci\u00f3n y una sensaci\u00f3n de desconexi\u00f3n de nuestros valores y creencias,<strong> y aunque a muchos les cueste reconocerlo a ojos de los dem\u00e1s, la soledad es una de las plagas que m\u00e1s afectan a las personas en la nueva era digital.<\/strong><\/p>\n<h2>\u00bfC\u00f3mo cambiar esas sensaciones?<\/h2>\n<p>Establecer conexiones significativas con los dem\u00e1s es una de las formas m\u00e1s efectivas de combatir la soledad. Esto puede implicar comunicarse con amigos o familiares, unirse a un grupo o club comunitario o ser voluntario para una causa que nos apasiona.<\/p>\n<p>Otra opci\u00f3n es <strong>participar en pasatiempos y actividades gratificantes tambi\u00e9n puede ayudarnos a sentirnos m\u00e1s conectados con nosotros mismos y con los dem\u00e1s<\/strong>. Esto puede incluir practicar una salida recreativa, hacer ejercicio o buscar una nueva meta personal.<\/p>\n<h2>Gestionar la soledad<\/h2>\n<p>Si bien gestionar la soledad puede ser una experiencia positiva y enriquecedora, tambi\u00e9n puede conllevar desaf\u00edos. Uno de los mayores desaf\u00edos es el miedo a la vulnerabilidad y al rechazo. <strong>Cuando nos abrimos a los dem\u00e1s, corremos el riesgo de ser heridos o rechazados. Adem\u00e1s, las expectativas sociales pueden presionarnos para que nos ajustemos a determinadas normas o comportamientos, lo que puede conducir a una p\u00e9rdida de identidad personal.<\/strong><\/p>\n<p>Por \u00faltimo, todav\u00eda existe un estigma en torno a la salud mental y la b\u00fasqueda de ayuda, lo que puede dificultar el acceso al apoyo que necesitamos. Sin embargo los profesionales y expertos en salud mental, son los que m\u00e1s y mejor pueden ayudar a las personas a volver a sentirse bien.<\/p>\n","protected":false},"excerpt":{"rendered":"<p>Tanto en Asturias como en el resto del mundo la soledad se cuela a diario en la vida de miles de personas, gente que incluso a ojos de los dem\u00e1s pueden tener una vida \u00abenvidiable\u00bb sienten esa sensaci\u00f3n y poco a poco se van dejando consumir por ella. Ponerse en manos de expertos, hablar con [&hellip;]<\/p>\n","protected":false},"author":1,"featured_media":1127559,"comment_status":"closed","ping_status":"closed","sticky":false,"template":"","format":"standard","meta":{"footnotes":""},"categories":[28],"tags":[],"class_list":["post-1127558","post","type-post","status-publish","format-standard","has-post-thumbnail","hentry","category-sociedad"],"aioseo_notices":[],"aioseo_head":"\n\t\t<!-- All in One SEO Pro 4.9.6.2 - aioseo.com -->\n\t<meta name=\"description\" content=\"Tanto en Asturias como en el resto del mundo la soledad se cuela a diario en la vida de miles de personas, gente que incluso a ojos de los dem\u00e1s pueden tener\" \/>\n\t<meta name=\"robots\" content=\"max-image-preview:large\" \/>\n\t<meta name=\"author\" content=\"El Digital de Asturias\"\/>\n\t<meta name=\"google-site-verification\" content=\"UA-38556648-1\" \/>\n\t<meta name=\"msvalidate.01\" content=\"7dfe9f3f1b24437ab69f4f2559babe99\" \/>\n\t<meta name=\"keywords\" content=\"sociedad\" \/>\n\t<link rel=\"canonical\" href=\"https:\/\/www.eldigitaldeasturias.com\/noticias\/gestionar-la-soledad-sin-perder-la-identidad-personal\/\" \/>\n\t<meta name=\"generator\" content=\"All in One SEO Pro (AIOSEO) 4.9.6.2\" \/>\n\t\t<meta property=\"og:locale\" content=\"es_ES\" \/>\n\t\t<meta property=\"og:site_name\" content=\"El Digital de Asturias\" \/>\n\t\t<meta property=\"og:type\" content=\"article\" \/>\n\t\t<meta property=\"og:title\" content=\"Gestionar la soledad sin perder la identidad personal - El Digital de Asturias\" \/>\n\t\t<meta property=\"og:description\" content=\"Tanto en Asturias como en el resto del mundo la soledad se cuela a diario en la vida de miles de personas, gente que incluso a ojos de los dem\u00e1s pueden tener\" \/>\n\t\t<meta property=\"og:url\" content=\"https:\/\/www.eldigitaldeasturias.com\/noticias\/gestionar-la-soledad-sin-perder-la-identidad-personal\/\" \/>\n\t\t<meta property=\"og:image\" content=\"https:\/\/www.eldigitaldeasturias.com\/noticias\/wp-content\/uploads\/2023\/12\/soledad-Asturias.jpg\" \/>\n\t\t<meta property=\"og:image:secure_url\" content=\"https:\/\/www.eldigitaldeasturias.com\/noticias\/wp-content\/uploads\/2023\/12\/soledad-Asturias.jpg\" \/>\n\t\t<meta property=\"og:image:width\" content=\"893\" \/>\n\t\t<meta property=\"og:image:height\" content=\"551\" \/>\n\t\t<meta property=\"article:tag\" content=\"sociedad\" \/>\n\t\t<meta property=\"article:published_time\" content=\"2023-12-11T14:07:10+00:00\" \/>\n\t\t<meta property=\"article:modified_time\" content=\"2023-12-11T14:07:10+00:00\" \/>\n\t\t<meta property=\"article:publisher\" content=\"https:\/\/facebook.com\/eldigitaldeasturias\" \/>\n\t\t<meta name=\"twitter:card\" content=\"summary_large_image\" \/>\n\t\t<meta name=\"twitter:title\" content=\"Gestionar la soledad sin perder la identidad personal - El Digital de Asturias\" \/>\n\t\t<meta name=\"twitter:description\" content=\"Tanto en Asturias como en el resto del mundo la soledad se cuela a diario en la vida de miles de personas, gente que incluso a ojos de los dem\u00e1s pueden tener\" \/>\n\t\t<meta name=\"twitter:image\" content=\"https:\/\/www.eldigitaldeasturias.com\/noticias\/wp-content\/uploads\/2023\/12\/soledad-Asturias.jpg\" \/>\n\t\t<meta name=\"twitter:label1\" content=\"Escrito por\" \/>\n\t\t<meta name=\"twitter:data1\" content=\"El Digital de Asturias\" \/>\n\t\t<meta name=\"twitter:label2\" content=\"Tiempo de lectura estimado\" \/>\n\t\t<meta name=\"twitter:data2\" content=\"3 minutos\" \/>\n\t\t<script type=\"application\/ld+json\" class=\"aioseo-schema\">\n\t\t\t{\"@context\":\"https:\\\/\\\/schema.org\",\"@graph\":[{\"@type\":\"BlogPosting\",\"@id\":\"https:\\\/\\\/www.eldigitaldeasturias.com\\\/noticias\\\/gestionar-la-soledad-sin-perder-la-identidad-personal\\\/#blogposting\",\"name\":\"Gestionar la soledad sin perder la identidad personal - El Digital de Asturias\",\"headline\":\"Gestionar la soledad sin perder la identidad personal\",\"author\":{\"@id\":\"https:\\\/\\\/www.eldigitaldeasturias.com\\\/noticias\\\/author\\\/admin\\\/#author\"},\"publisher\":{\"@id\":\"https:\\\/\\\/www.eldigitaldeasturias.com\\\/noticias\\\/#organization\"},\"image\":{\"@type\":\"ImageObject\",\"url\":\"https:\\\/\\\/www.eldigitaldeasturias.com\\\/noticias\\\/wp-content\\\/uploads\\\/2023\\\/12\\\/soledad-Asturias.jpg\",\"width\":893,\"height\":551,\"caption\":\"Foto: N.Berm\\u00fadez\"},\"datePublished\":\"2023-12-11T15:07:10+01:00\",\"dateModified\":\"2023-12-11T15:07:10+01:00\",\"inLanguage\":\"es-ES\",\"mainEntityOfPage\":{\"@id\":\"https:\\\/\\\/www.eldigitaldeasturias.com\\\/noticias\\\/gestionar-la-soledad-sin-perder-la-identidad-personal\\\/#webpage\"},\"isPartOf\":{\"@id\":\"https:\\\/\\\/www.eldigitaldeasturias.com\\\/noticias\\\/gestionar-la-soledad-sin-perder-la-identidad-personal\\\/#webpage\"},\"articleSection\":\"Sociedad\"},{\"@type\":\"BreadcrumbList\",\"@id\":\"https:\\\/\\\/www.eldigitaldeasturias.com\\\/noticias\\\/gestionar-la-soledad-sin-perder-la-identidad-personal\\\/#breadcrumblist\",\"itemListElement\":[{\"@type\":\"ListItem\",\"@id\":\"https:\\\/\\\/www.eldigitaldeasturias.com\\\/noticias#listItem\",\"position\":1,\"name\":\"Home\",\"item\":\"https:\\\/\\\/www.eldigitaldeasturias.com\\\/noticias\",\"nextItem\":{\"@type\":\"ListItem\",\"@id\":\"https:\\\/\\\/www.eldigitaldeasturias.com\\\/noticias\\\/category\\\/sociedad\\\/#listItem\",\"name\":\"Sociedad\"}},{\"@type\":\"ListItem\",\"@id\":\"https:\\\/\\\/www.eldigitaldeasturias.com\\\/noticias\\\/category\\\/sociedad\\\/#listItem\",\"position\":2,\"name\":\"Sociedad\",\"item\":\"https:\\\/\\\/www.eldigitaldeasturias.com\\\/noticias\\\/category\\\/sociedad\\\/\",\"nextItem\":{\"@type\":\"ListItem\",\"@id\":\"https:\\\/\\\/www.eldigitaldeasturias.com\\\/noticias\\\/gestionar-la-soledad-sin-perder-la-identidad-personal\\\/#listItem\",\"name\":\"Gestionar la soledad sin perder la identidad personal\"},\"previousItem\":{\"@type\":\"ListItem\",\"@id\":\"https:\\\/\\\/www.eldigitaldeasturias.com\\\/noticias#listItem\",\"name\":\"Home\"}},{\"@type\":\"ListItem\",\"@id\":\"https:\\\/\\\/www.eldigitaldeasturias.com\\\/noticias\\\/gestionar-la-soledad-sin-perder-la-identidad-personal\\\/#listItem\",\"position\":3,\"name\":\"Gestionar la soledad sin perder la identidad personal\",\"previousItem\":{\"@type\":\"ListItem\",\"@id\":\"https:\\\/\\\/www.eldigitaldeasturias.com\\\/noticias\\\/category\\\/sociedad\\\/#listItem\",\"name\":\"Sociedad\"}}]},{\"@type\":\"Organization\",\"@id\":\"https:\\\/\\\/www.eldigitaldeasturias.com\\\/noticias\\\/#organization\",\"name\":\"El Digital de Asturias\",\"description\":\"Hemeroteca\",\"url\":\"https:\\\/\\\/www.eldigitaldeasturias.com\\\/noticias\\\/\",\"email\":\"info@eldigitaldeasturias.com\",\"telephone\":\"+34652131393\",\"logo\":{\"@type\":\"ImageObject\",\"url\":\"https:\\\/\\\/www.eldigitaldeasturias.com\\\/noticias\\\/wp-content\\\/uploads\\\/2020\\\/12\\\/EDA.jpg\",\"@id\":\"https:\\\/\\\/www.eldigitaldeasturias.com\\\/noticias\\\/gestionar-la-soledad-sin-perder-la-identidad-personal\\\/#organizationLogo\",\"width\":649,\"height\":297},\"image\":{\"@id\":\"https:\\\/\\\/www.eldigitaldeasturias.com\\\/noticias\\\/gestionar-la-soledad-sin-perder-la-identidad-personal\\\/#organizationLogo\"},\"sameAs\":[\"https:\\\/\\\/facebook.com\\\/eldigitaldeasturias\",\"https:\\\/\\\/www.youtube.com\\\/channel\\\/UCZP-2wLEB9Rv6erhFmqVnvg\"],\"address\":{\"@id\":\"https:\\\/\\\/www.eldigitaldeasturias.com\\\/noticias\\\/#postaladdress\",\"@type\":\"PostalAddress\",\"streetAddress\":\"san antonio 4,\",\"postalCode\":\"33430\",\"addressLocality\":\"Cand\\u00e1s\",\"addressRegion\":\"Asturias\",\"addressCountry\":\"ES\"}},{\"@type\":\"Person\",\"@id\":\"https:\\\/\\\/www.eldigitaldeasturias.com\\\/noticias\\\/author\\\/admin\\\/#author\",\"url\":\"https:\\\/\\\/www.eldigitaldeasturias.com\\\/noticias\\\/author\\\/admin\\\/\",\"name\":\"El Digital de Asturias\",\"image\":{\"@type\":\"ImageObject\",\"@id\":\"https:\\\/\\\/www.eldigitaldeasturias.com\\\/noticias\\\/gestionar-la-soledad-sin-perder-la-identidad-personal\\\/#authorImage\",\"url\":\"https:\\\/\\\/www.eldigitaldeasturias.com\\\/noticias\\\/wp-content\\\/litespeed\\\/avatar\\\/18677e78aa0546b92d9dbf31ec7d7668.jpg?ver=1777290358\",\"width\":96,\"height\":96,\"caption\":\"El Digital de Asturias\"}},{\"@type\":\"WebPage\",\"@id\":\"https:\\\/\\\/www.eldigitaldeasturias.com\\\/noticias\\\/gestionar-la-soledad-sin-perder-la-identidad-personal\\\/#webpage\",\"url\":\"https:\\\/\\\/www.eldigitaldeasturias.com\\\/noticias\\\/gestionar-la-soledad-sin-perder-la-identidad-personal\\\/\",\"name\":\"Gestionar la soledad sin perder la identidad personal - El Digital de Asturias\",\"description\":\"Tanto en Asturias como en el resto del mundo la soledad se cuela a diario en la vida de miles de personas, gente que incluso a ojos de los dem\\u00e1s pueden tener\",\"inLanguage\":\"es-ES\",\"isPartOf\":{\"@id\":\"https:\\\/\\\/www.eldigitaldeasturias.com\\\/noticias\\\/#website\"},\"breadcrumb\":{\"@id\":\"https:\\\/\\\/www.eldigitaldeasturias.com\\\/noticias\\\/gestionar-la-soledad-sin-perder-la-identidad-personal\\\/#breadcrumblist\"},\"author\":{\"@id\":\"https:\\\/\\\/www.eldigitaldeasturias.com\\\/noticias\\\/author\\\/admin\\\/#author\"},\"creator\":{\"@id\":\"https:\\\/\\\/www.eldigitaldeasturias.com\\\/noticias\\\/author\\\/admin\\\/#author\"},\"image\":{\"@type\":\"ImageObject\",\"url\":\"https:\\\/\\\/www.eldigitaldeasturias.com\\\/noticias\\\/wp-content\\\/uploads\\\/2023\\\/12\\\/soledad-Asturias.jpg\",\"@id\":\"https:\\\/\\\/www.eldigitaldeasturias.com\\\/noticias\\\/gestionar-la-soledad-sin-perder-la-identidad-personal\\\/#mainImage\",\"width\":893,\"height\":551,\"caption\":\"Foto: N.Berm\\u00fadez\"},\"primaryImageOfPage\":{\"@id\":\"https:\\\/\\\/www.eldigitaldeasturias.com\\\/noticias\\\/gestionar-la-soledad-sin-perder-la-identidad-personal\\\/#mainImage\"},\"datePublished\":\"2023-12-11T15:07:10+01:00\",\"dateModified\":\"2023-12-11T15:07:10+01:00\"},{\"@type\":\"WebSite\",\"@id\":\"https:\\\/\\\/www.eldigitaldeasturias.com\\\/noticias\\\/#website\",\"url\":\"https:\\\/\\\/www.eldigitaldeasturias.com\\\/noticias\\\/\",\"name\":\"El Digital de Asturias - Diario de actualidad y noticias\",\"alternateName\":\"El Digital de Asturias - Diario de actualidad y noticias\",\"description\":\"Hemeroteca\",\"inLanguage\":\"es-ES\",\"publisher\":{\"@id\":\"https:\\\/\\\/www.eldigitaldeasturias.com\\\/noticias\\\/#organization\"}}]}\n\t\t<\/script>\n\t\t<!-- All in One SEO Pro -->\r\n\t\t<title>Gestionar la soledad sin perder la identidad personal - El Digital de Asturias<\/title>\n\n","aioseo_head_json":{"title":"Gestionar la soledad sin perder la identidad personal - El Digital de Asturias","description":"Tanto en Asturias como en el resto del mundo la soledad se cuela a diario en la vida de miles de personas, gente que incluso a ojos de los dem\u00e1s pueden tener","canonical_url":"https:\/\/www.eldigitaldeasturias.com\/noticias\/gestionar-la-soledad-sin-perder-la-identidad-personal\/","robots":"max-image-preview:large","keywords":"sociedad","webmasterTools":{"google-site-verification":"UA-38556648-1","msvalidate.01":"7dfe9f3f1b24437ab69f4f2559babe99","miscellaneous":""},"schema":{"@context":"https:\/\/schema.org","@graph":[{"@type":"BlogPosting","@id":"https:\/\/www.eldigitaldeasturias.com\/noticias\/gestionar-la-soledad-sin-perder-la-identidad-personal\/#blogposting","name":"Gestionar la soledad sin perder la identidad personal - El Digital de Asturias","headline":"Gestionar la soledad sin perder la identidad personal","author":{"@id":"https:\/\/www.eldigitaldeasturias.com\/noticias\/author\/admin\/#author"},"publisher":{"@id":"https:\/\/www.eldigitaldeasturias.com\/noticias\/#organization"},"image":{"@type":"ImageObject","url":"https:\/\/www.eldigitaldeasturias.com\/noticias\/wp-content\/uploads\/2023\/12\/soledad-Asturias.jpg","width":893,"height":551,"caption":"Foto: N.Berm\u00fadez"},"datePublished":"2023-12-11T15:07:10+01:00","dateModified":"2023-12-11T15:07:10+01:00","inLanguage":"es-ES","mainEntityOfPage":{"@id":"https:\/\/www.eldigitaldeasturias.com\/noticias\/gestionar-la-soledad-sin-perder-la-identidad-personal\/#webpage"},"isPartOf":{"@id":"https:\/\/www.eldigitaldeasturias.com\/noticias\/gestionar-la-soledad-sin-perder-la-identidad-personal\/#webpage"},"articleSection":"Sociedad"},{"@type":"BreadcrumbList","@id":"https:\/\/www.eldigitaldeasturias.com\/noticias\/gestionar-la-soledad-sin-perder-la-identidad-personal\/#breadcrumblist","itemListElement":[{"@type":"ListItem","@id":"https:\/\/www.eldigitaldeasturias.com\/noticias#listItem","position":1,"name":"Home","item":"https:\/\/www.eldigitaldeasturias.com\/noticias","nextItem":{"@type":"ListItem","@id":"https:\/\/www.eldigitaldeasturias.com\/noticias\/category\/sociedad\/#listItem","name":"Sociedad"}},{"@type":"ListItem","@id":"https:\/\/www.eldigitaldeasturias.com\/noticias\/category\/sociedad\/#listItem","position":2,"name":"Sociedad","item":"https:\/\/www.eldigitaldeasturias.com\/noticias\/category\/sociedad\/","nextItem":{"@type":"ListItem","@id":"https:\/\/www.eldigitaldeasturias.com\/noticias\/gestionar-la-soledad-sin-perder-la-identidad-personal\/#listItem","name":"Gestionar la soledad sin perder la identidad personal"},"previousItem":{"@type":"ListItem","@id":"https:\/\/www.eldigitaldeasturias.com\/noticias#listItem","name":"Home"}},{"@type":"ListItem","@id":"https:\/\/www.eldigitaldeasturias.com\/noticias\/gestionar-la-soledad-sin-perder-la-identidad-personal\/#listItem","position":3,"name":"Gestionar la soledad sin perder la identidad personal","previousItem":{"@type":"ListItem","@id":"https:\/\/www.eldigitaldeasturias.com\/noticias\/category\/sociedad\/#listItem","name":"Sociedad"}}]},{"@type":"Organization","@id":"https:\/\/www.eldigitaldeasturias.com\/noticias\/#organization","name":"El Digital de Asturias","description":"Hemeroteca","url":"https:\/\/www.eldigitaldeasturias.com\/noticias\/","email":"info@eldigitaldeasturias.com","telephone":"+34652131393","logo":{"@type":"ImageObject","url":"https:\/\/www.eldigitaldeasturias.com\/noticias\/wp-content\/uploads\/2020\/12\/EDA.jpg","@id":"https:\/\/www.eldigitaldeasturias.com\/noticias\/gestionar-la-soledad-sin-perder-la-identidad-personal\/#organizationLogo","width":649,"height":297},"image":{"@id":"https:\/\/www.eldigitaldeasturias.com\/noticias\/gestionar-la-soledad-sin-perder-la-identidad-personal\/#organizationLogo"},"sameAs":["https:\/\/facebook.com\/eldigitaldeasturias","https:\/\/www.youtube.com\/channel\/UCZP-2wLEB9Rv6erhFmqVnvg"],"address":{"@id":"https:\/\/www.eldigitaldeasturias.com\/noticias\/#postaladdress","@type":"PostalAddress","streetAddress":"san antonio 4,","postalCode":"33430","addressLocality":"Cand\u00e1s","addressRegion":"Asturias","addressCountry":"ES"}},{"@type":"Person","@id":"https:\/\/www.eldigitaldeasturias.com\/noticias\/author\/admin\/#author","url":"https:\/\/www.eldigitaldeasturias.com\/noticias\/author\/admin\/","name":"El Digital de Asturias","image":{"@type":"ImageObject","@id":"https:\/\/www.eldigitaldeasturias.com\/noticias\/gestionar-la-soledad-sin-perder-la-identidad-personal\/#authorImage","url":"https:\/\/www.eldigitaldeasturias.com\/noticias\/wp-content\/litespeed\/avatar\/18677e78aa0546b92d9dbf31ec7d7668.jpg?ver=1777290358","width":96,"height":96,"caption":"El Digital de Asturias"}},{"@type":"WebPage","@id":"https:\/\/www.eldigitaldeasturias.com\/noticias\/gestionar-la-soledad-sin-perder-la-identidad-personal\/#webpage","url":"https:\/\/www.eldigitaldeasturias.com\/noticias\/gestionar-la-soledad-sin-perder-la-identidad-personal\/","name":"Gestionar la soledad sin perder la identidad personal - El Digital de Asturias","description":"Tanto en Asturias como en el resto del mundo la soledad se cuela a diario en la vida de miles de personas, gente que incluso a ojos de los dem\u00e1s pueden tener","inLanguage":"es-ES","isPartOf":{"@id":"https:\/\/www.eldigitaldeasturias.com\/noticias\/#website"},"breadcrumb":{"@id":"https:\/\/www.eldigitaldeasturias.com\/noticias\/gestionar-la-soledad-sin-perder-la-identidad-personal\/#breadcrumblist"},"author":{"@id":"https:\/\/www.eldigitaldeasturias.com\/noticias\/author\/admin\/#author"},"creator":{"@id":"https:\/\/www.eldigitaldeasturias.com\/noticias\/author\/admin\/#author"},"image":{"@type":"ImageObject","url":"https:\/\/www.eldigitaldeasturias.com\/noticias\/wp-content\/uploads\/2023\/12\/soledad-Asturias.jpg","@id":"https:\/\/www.eldigitaldeasturias.com\/noticias\/gestionar-la-soledad-sin-perder-la-identidad-personal\/#mainImage","width":893,"height":551,"caption":"Foto: N.Berm\u00fadez"},"primaryImageOfPage":{"@id":"https:\/\/www.eldigitaldeasturias.com\/noticias\/gestionar-la-soledad-sin-perder-la-identidad-personal\/#mainImage"},"datePublished":"2023-12-11T15:07:10+01:00","dateModified":"2023-12-11T15:07:10+01:00"},{"@type":"WebSite","@id":"https:\/\/www.eldigitaldeasturias.com\/noticias\/#website","url":"https:\/\/www.eldigitaldeasturias.com\/noticias\/","name":"El Digital de Asturias - Diario de actualidad y noticias","alternateName":"El Digital de Asturias - Diario de actualidad y noticias","description":"Hemeroteca","inLanguage":"es-ES","publisher":{"@id":"https:\/\/www.eldigitaldeasturias.com\/noticias\/#organization"}}]},"og:locale":"es_ES","og:site_name":"El Digital de Asturias","og:type":"article","og:title":"Gestionar la soledad sin perder la identidad personal - El Digital de Asturias","og:description":"Tanto en Asturias como en el resto del mundo la soledad se cuela a diario en la vida de miles de personas, gente que incluso a ojos de los dem\u00e1s pueden tener","og:url":"https:\/\/www.eldigitaldeasturias.com\/noticias\/gestionar-la-soledad-sin-perder-la-identidad-personal\/","og:image":"https:\/\/www.eldigitaldeasturias.com\/noticias\/wp-content\/uploads\/2023\/12\/soledad-Asturias.jpg","og:image:secure_url":"https:\/\/www.eldigitaldeasturias.com\/noticias\/wp-content\/uploads\/2023\/12\/soledad-Asturias.jpg","og:image:width":893,"og:image:height":551,"article:tag":["sociedad"],"article:published_time":"2023-12-11T14:07:10+00:00","article:modified_time":"2023-12-11T14:07:10+00:00","article:publisher":"https:\/\/facebook.com\/eldigitaldeasturias","twitter:card":"summary_large_image","twitter:title":"Gestionar la soledad sin perder la identidad personal - El Digital de Asturias","twitter:description":"Tanto en Asturias como en el resto del mundo la soledad se cuela a diario en la vida de miles de personas, gente que incluso a ojos de los dem\u00e1s pueden tener","twitter:image":"https:\/\/www.eldigitaldeasturias.com\/noticias\/wp-content\/uploads\/2023\/12\/soledad-Asturias.jpg","twitter:label1":"Escrito por","twitter:data1":"El Digital de Asturias","twitter:label2":"Tiempo de lectura estimado","twitter:data2":"3 minutos"},"aioseo_meta_data":{"post_id":"1127558","title":null,"description":"Tanto en Asturias como en el resto del mundo la soledad se cuela a diario en la vida de miles de personas, gente que incluso a ojos de los dem\u00e1s pueden tener","keywords":[],"keyphrases":{"focus":{"keyphrase":"soledad","score":94,"analysis":{"keyphraseInTitle":{"score":9,"maxScore":9,"error":0},"keyphraseInDescription":{"score":9,"maxScore":9,"error":0},"keyphraseLength":{"score":9,"maxScore":9,"error":0,"length":1},"keyphraseInURL":{"score":1,"maxScore":5,"error":1},"keyphraseInIntroduction":{"score":9,"maxScore":9,"error":0},"keyphraseInSubHeadings":{"score":9,"maxScore":9,"error":0},"keyphraseInImageAlt":{"score":9,"maxScore":9,"error":0},"keywordDensity":{"type":"best","score":9,"maxScore":9,"error":0}}},"additional":[{"keyphrase":"Asturias","score":80,"analysis":{"keyphraseInDescription":{"score":9,"maxScore":9,"error":0},"keyphraseLength":{"score":9,"maxScore":9,"error":0,"length":1},"keyphraseInIntroduction":{"score":9,"maxScore":9,"error":0},"keyphraseInImageAlt":{"score":9,"maxScore":9,"error":0},"keywordDensity":{"score":0,"type":"low","maxScore":9,"error":1}}},{"keyphrase":"soledad","score":100,"analysis":{"keyphraseInDescription":{"score":9,"maxScore":9,"error":0},"keyphraseLength":{"score":9,"maxScore":9,"error":0,"length":1},"keyphraseInIntroduction":{"score":9,"maxScore":9,"error":0},"keyphraseInImageAlt":{"score":9,"maxScore":9,"error":0},"keywordDensity":{"type":"best","score":9,"maxScore":9,"error":0}}}]},"primary_term":null,"canonical_url":null,"og_title":null,"og_description":null,"og_object_type":"default","og_image_type":"default","og_image_url":null,"og_image_width":null,"og_image_height":null,"og_image_custom_url":null,"og_image_custom_fields":null,"og_video":"","og_custom_url":null,"og_article_section":null,"og_article_tags":[],"twitter_use_og":false,"twitter_card":"default","twitter_image_type":"default","twitter_image_url":null,"twitter_image_custom_url":null,"twitter_image_custom_fields":null,"twitter_title":null,"twitter_description":null,"schema":{"blockGraphs":[],"customGraphs":[],"default":{"data":{"Article":[],"Course":[],"Dataset":[],"FAQPage":[],"Movie":[],"Person":[],"Product":[],"ProductReview":[],"Car":[],"Recipe":[],"Service":[],"SoftwareApplication":[],"WebPage":[]},"graphName":"BlogPosting","isEnabled":true},"graphs":[]},"schema_type":"default","schema_type_options":null,"pillar_content":false,"robots_default":true,"robots_noindex":false,"robots_noarchive":false,"robots_nosnippet":false,"robots_nofollow":false,"robots_noimageindex":false,"robots_noodp":false,"robots_notranslate":false,"robots_max_snippet":"-1","robots_max_videopreview":"-1","robots_max_imagepreview":"large","priority":null,"frequency":"default","local_seo":null,"seo_analyzer_scan_date":"2025-10-05 23:24:42","breadcrumb_settings":null,"limit_modified_date":false,"open_ai":"{\"title\":{\"suggestions\":[],\"usage\":0},\"description\":{\"suggestions\":[],\"usage\":0}}","ai":null,"created":"2023-12-11 13:59:04","updated":"2025-10-09 05:28:33"},"aioseo_breadcrumb":"<div class=\"aioseo-breadcrumbs\"><span class=\"aioseo-breadcrumb\">\n\t<a href=\"https:\/\/www.eldigitaldeasturias.com\/noticias\" title=\"Home\">Home<\/a>\n<\/span><span class=\"aioseo-breadcrumb-separator\">\u2013<\/span><span class=\"aioseo-breadcrumb\">\n\t<a href=\"https:\/\/www.eldigitaldeasturias.com\/noticias\/category\/sociedad\/\" title=\"Sociedad\">Sociedad<\/a>\n<\/span><span class=\"aioseo-breadcrumb-separator\">\u2013<\/span><span class=\"aioseo-breadcrumb\">\n\t<a href=\"https:\/\/www.eldigitaldeasturias.com\/noticias\/gestionar-la-soledad-sin-perder-la-identidad-personal\/\" title=\"Gestionar la soledad sin perder la identidad personal\">Gestionar la soledad sin perder la identidad personal<\/a>\n<\/span><\/div>","aioseo_breadcrumb_json":[{"label":"Home","link":"https:\/\/www.eldigitaldeasturias.com\/noticias"},{"label":"Sociedad","link":"https:\/\/www.eldigitaldeasturias.com\/noticias\/category\/sociedad\/"},{"label":"Gestionar la soledad sin perder la identidad personal","link":"https:\/\/www.eldigitaldeasturias.com\/noticias\/gestionar-la-soledad-sin-perder-la-identidad-personal\/"}],"_links":{"self":[{"href":"https:\/\/www.eldigitaldeasturias.com\/noticias\/wp-json\/wp\/v2\/posts\/1127558","targetHints":{"allow":["GET"]}}],"collection":[{"href":"https:\/\/www.eldigitaldeasturias.com\/noticias\/wp-json\/wp\/v2\/posts"}],"about":[{"href":"https:\/\/www.eldigitaldeasturias.com\/noticias\/wp-json\/wp\/v2\/types\/post"}],"author":[{"embeddable":true,"href":"https:\/\/www.eldigitaldeasturias.com\/noticias\/wp-json\/wp\/v2\/users\/1"}],"replies":[{"embeddable":true,"href":"https:\/\/www.eldigitaldeasturias.com\/noticias\/wp-json\/wp\/v2\/comments?post=1127558"}],"version-history":[{"count":0,"href":"https:\/\/www.eldigitaldeasturias.com\/noticias\/wp-json\/wp\/v2\/posts\/1127558\/revisions"}],"wp:featuredmedia":[{"embeddable":true,"href":"https:\/\/www.eldigitaldeasturias.com\/noticias\/wp-json\/wp\/v2\/media\/1127559"}],"wp:attachment":[{"href":"https:\/\/www.eldigitaldeasturias.com\/noticias\/wp-json\/wp\/v2\/media?parent=1127558"}],"wp:term":[{"taxonomy":"category","embeddable":true,"href":"https:\/\/www.eldigitaldeasturias.com\/noticias\/wp-json\/wp\/v2\/categories?post=1127558"},{"taxonomy":"post_tag","embeddable":true,"href":"https:\/\/www.eldigitaldeasturias.com\/noticias\/wp-json\/wp\/v2\/tags?post=1127558"}],"curies":[{"name":"wp","href":"https:\/\/api.w.org\/{rel}","templated":true}]}}