{"id":1127527,"date":"2023-12-11T11:17:19","date_gmt":"2023-12-11T10:17:19","guid":{"rendered":"https:\/\/www.eldigitaldeasturias.com\/noticias\/?p=1127527"},"modified":"2023-12-11T11:18:23","modified_gmt":"2023-12-11T10:18:23","slug":"maximizando-el-espacio-las-camas-abatibles-como-solucion-innovadora","status":"publish","type":"post","link":"https:\/\/www.eldigitaldeasturias.com\/noticias\/maximizando-el-espacio-las-camas-abatibles-como-solucion-innovadora\/","title":{"rendered":"Maximizando el espacio: Las camas abatibles como soluci\u00f3n innovadora"},"content":{"rendered":"<p><span style=\"font-weight: 400;\">En la era actual, donde el espacio en los hogares es cada vez m\u00e1s preciado, las <\/span><span style=\"color: #ff6600;\"><a style=\"color: #ff6600;\" href=\"https:\/\/elreydelascamas.es\/camas-abatibles\/\" target=\"_blank\" rel=\"noopener\"><span style=\"font-weight: 400;\">camas abatibles<\/span><\/a><\/span><span style=\"font-weight: 400;\"> emergen como una soluci\u00f3n ingeniosa y estilizada. Estos muebles, que combinan practicidad y dise\u00f1o, permiten transformar cualquier habitaci\u00f3n en un espacio multifuncional. Con las camas abatibles, los propietarios de viviendas y apartamentos peque\u00f1os pueden disfrutar de una cama c\u00f3moda por la noche y de un espacio libre y vers\u00e1til durante el d\u00eda. Esta versatilidad las hace ideales para estudios, apartamentos tipo loft o incluso para habitaciones infantiles donde el juego y el estudio requieren amplitud. Adem\u00e1s, su dise\u00f1o moderno y su capacidad de personalizaci\u00f3n permiten que se integren armoniosamente en cualquier estilo de decoraci\u00f3n, haciendo de ellas una elecci\u00f3n pr\u00e1ctica y est\u00e9ticamente agradable.<\/span><\/p>\n<p><img loading=\"lazy\" decoding=\"async\" class=\"aligncenter wp-image-1127528 size-full\" src=\"https:\/\/www.eldigitaldeasturias.com\/noticias\/wp-content\/uploads\/2023\/12\/camas-abatibles.jpg\" alt=\"camas abatibles\" width=\"513\" height=\"507\" srcset=\"https:\/\/www.eldigitaldeasturias.com\/noticias\/wp-content\/uploads\/2023\/12\/camas-abatibles.jpg 513w, https:\/\/www.eldigitaldeasturias.com\/noticias\/wp-content\/uploads\/2023\/12\/camas-abatibles-324x320.jpg 324w, https:\/\/www.eldigitaldeasturias.com\/noticias\/wp-content\/uploads\/2023\/12\/camas-abatibles-486x480.jpg 486w, https:\/\/www.eldigitaldeasturias.com\/noticias\/wp-content\/uploads\/2023\/12\/camas-abatibles-304x300.jpg 304w, https:\/\/www.eldigitaldeasturias.com\/noticias\/wp-content\/uploads\/2023\/12\/camas-abatibles-150x148.jpg 150w, https:\/\/www.eldigitaldeasturias.com\/noticias\/wp-content\/uploads\/2023\/12\/camas-abatibles-450x445.jpg 450w\" sizes=\"auto, (max-width: 513px) 100vw, 513px\" \/><\/p>\n<h2><b>Estilo y funcionalidad para espacios reducidos<\/b><\/h2>\n<p><span style=\"font-weight: 400;\">Las <\/span><strong><span style=\"color: #ff6600;\"><a style=\"color: #ff6600;\" title=\"camas abatibles verticales\" href=\"https:\/\/elreydelascamas.es\/camas-abatibles\/verticales\/\" target=\"_blank\" rel=\"noopener\">camas abatibles verticales<\/a><\/span><\/strong><span style=\"font-weight: 400;\"> son la opci\u00f3n ideal para aquellos que buscan optimizar el espacio verticalmente. Estas camas se pliegan hacia arriba, quedando pegadas a la pared y dejando libre el espacio del suelo. Esta variante es perfecta para habitaciones estrechas, donde cada cent\u00edmetro cuenta. Adem\u00e1s, el mecanismo de las camas abatibles verticales es sencillo y seguro, garantizando una transformaci\u00f3n del espacio sin esfuerzo. Su dise\u00f1o permite incorporar otros elementos como estanter\u00edas o escritorios, mejorando la funcionalidad de la habitaci\u00f3n. Algunos modelos incluyen caracter\u00edsticas innovadoras como iluminaci\u00f3n integrada o paneles decorativos, a\u00f1adiendo un toque de modernidad y estilo. Estas camas son una excelente soluci\u00f3n para aquellos que desean mantener un espacio despejado y organizado, a la vez que disfrutan de una cama c\u00f3moda y accesible.<\/span><\/p>\n<h2><b>Versatilidad en cada despliegue<\/b><\/h2>\n<p><span style=\"font-weight: 400;\">Por otro lado, las <\/span><span style=\"color: #ff6600;\"><strong><a style=\"color: #ff6600;\" title=\"camas abatibles horizontales\" href=\"https:\/\/elreydelascamas.es\/camas-abatibles\/horizontales\/\">camas abatibles horizontales<\/a><\/strong><\/span><span style=\"font-weight: 400;\"> son ideales para habitaciones con techos bajos o espacios donde la longitud es m\u00e1s limitada. Estas camas se extienden horizontalmente y son una excelente opci\u00f3n para habitaciones infantiles o estudios. La cama horizontal abatible permite aprovechar la altura del muro para colocar estantes o elementos decorativos, maximizando as\u00ed el uso del espacio.<\/span><\/p>\n<h2><b>Dise\u00f1o y personalizaci\u00f3n: M\u00e1s que una simple cama<\/b><\/h2>\n<p><span style=\"font-weight: 400;\">Un aspecto destacado de las camas abatibles es su capacidad de integrarse a la decoraci\u00f3n existente. Los fabricantes ofrecen una amplia gama de dise\u00f1os, desde estilos modernos y minimalistas hasta opciones m\u00e1s cl\u00e1sicas y elegantes. Adem\u00e1s, muchas camas abatibles incorporan caracter\u00edsticas adicionales como estanter\u00edas, escritorios o sof\u00e1s, lo que las convierte en una pieza de mobiliario multifuncional y altamente personalizable. Esta flexibilidad en el dise\u00f1o no solo mejora la est\u00e9tica del espacio, sino que tambi\u00e9n ofrece soluciones pr\u00e1cticas para el almacenamiento y el trabajo. La posibilidad de elegir entre diferentes materiales, colores y acabados permite a los usuarios crear un ambiente que refleje su gusto personal y se adapte a sus necesidades espec\u00edficas. En resumen, las camas abatibles son una combinaci\u00f3n perfecta de funcionalidad y dise\u00f1o personalizado, transformando cualquier espacio en un lugar \u00fanico y acogedor.<\/span><\/p>\n<h2><b>Seguridad y durabilidad: Inversiones a largo plazo<\/b><\/h2>\n<p><span style=\"font-weight: 400;\">La seguridad es una prioridad en el dise\u00f1o de las camas abatibles. Est\u00e1n equipadas con sistemas de bloqueo y soportes robustos para garantizar que permanezcan en su lugar tanto en posici\u00f3n vertical como horizontal. La durabilidad tambi\u00e9n es clave, con marcos construidos para resistir el uso diario, asegurando que estas camas sean una inversi\u00f3n a largo plazo.<\/span><\/p>\n<h2><b>Instalaci\u00f3n y mantenimiento: Aspectos a considerar<\/b><\/h2>\n<p><span style=\"font-weight: 400;\">La instalaci\u00f3n de una cama abatible requiere de precisi\u00f3n y, en muchos casos, la ayuda de profesionales. Es importante considerar el peso de la cama y la resistencia de la pared donde se instalar\u00e1. El mantenimiento es generalmente m\u00ednimo, pero es crucial seguir las recomendaciones del fabricante para asegurar el buen funcionamiento y la seguridad del mecanismo.<\/span><\/p>\n<h2><b>Camas abatibles para invitados: Hospitalidad y espacio<\/b><\/h2>\n<p><span style=\"font-weight: 400;\">Las camas abatibles tambi\u00e9n son una excelente opci\u00f3n para habitaciones de invitados. Permiten tener una cama adicional sin sacrificar espacio cuando no se utiliza. Esta versatilidad las hace ideales para quienes disfrutan de recibir amigos y familiares, pero no cuentan con el espacio suficiente para una habitaci\u00f3n de hu\u00e9spedes tradicional. Adem\u00e1s, estas camas pueden incorporar elementos de dise\u00f1o que complementen la decoraci\u00f3n del hogar, creando un ambiente acogedor y funcional para los invitados. Algunos modelos incluso integran soluciones de almacenamiento, como cajones o armarios, lo que es especialmente \u00fatil en espacios reducidos. Con las camas abatibles, se puede proporcionar una experiencia de hospedaje c\u00f3moda y memorable, manteniendo al mismo tiempo un entorno ordenado y espacioso.<\/span><\/p>\n<h2><b>La cama abatible como soluci\u00f3n moderna<\/b><\/h2>\n<p><span style=\"font-weight: 400;\">Las camas abatibles representan una soluci\u00f3n moderna y eficaz para el desaf\u00edo de vivir en espacios reducidos. Al combinar funcionalidad, dise\u00f1o y seguridad, estos muebles no solo ahorran espacio, sino que tambi\u00e9n a\u00f1aden un toque de innovaci\u00f3n y estilo a cualquier hogar. Su versatilidad y adaptabilidad las hacen adecuadas para una amplia gama de necesidades y estilos de vida, marcando una tendencia en el dise\u00f1o de interiores orientado a la maximizaci\u00f3n del espacio y la comodidad.<\/span><\/p>\n","protected":false},"excerpt":{"rendered":"<p>En la era actual, donde el espacio en los hogares es cada vez m\u00e1s preciado, las camas abatibles emergen como una soluci\u00f3n ingeniosa y estilizada. Estos muebles, que combinan practicidad y dise\u00f1o, permiten transformar cualquier habitaci\u00f3n en un espacio multifuncional. Con las camas abatibles, los propietarios de viviendas y apartamentos peque\u00f1os pueden disfrutar de una [&hellip;]<\/p>\n","protected":false},"author":1,"featured_media":1127528,"comment_status":"closed","ping_status":"closed","sticky":false,"template":"","format":"standard","meta":{"footnotes":""},"categories":[28],"tags":[],"class_list":["post-1127527","post","type-post","status-publish","format-standard","has-post-thumbnail","hentry","category-sociedad"],"aioseo_notices":[],"aioseo_head":"\n\t\t<!-- All in One SEO Pro 4.9.6.2 - aioseo.com -->\n\t<meta name=\"description\" content=\"En la era actual, donde el espacio en los hogares es cada vez m\u00e1s preciado, las camas abatibles emergen como una soluci\u00f3n ingeniosa y estilizada. Estos muebles\" \/>\n\t<meta name=\"robots\" content=\"max-image-preview:large\" \/>\n\t<meta name=\"author\" content=\"El Digital de Asturias\"\/>\n\t<meta name=\"google-site-verification\" content=\"UA-38556648-1\" \/>\n\t<meta name=\"msvalidate.01\" content=\"7dfe9f3f1b24437ab69f4f2559babe99\" \/>\n\t<meta name=\"keywords\" content=\"sociedad\" \/>\n\t<link rel=\"canonical\" href=\"https:\/\/www.eldigitaldeasturias.com\/noticias\/maximizando-el-espacio-las-camas-abatibles-como-solucion-innovadora\/\" \/>\n\t<meta name=\"generator\" content=\"All in One SEO Pro (AIOSEO) 4.9.6.2\" \/>\n\t\t<meta property=\"og:locale\" content=\"es_ES\" \/>\n\t\t<meta property=\"og:site_name\" content=\"El Digital de Asturias\" \/>\n\t\t<meta property=\"og:type\" content=\"article\" \/>\n\t\t<meta property=\"og:title\" content=\"Maximizando el espacio: Las camas abatibles como soluci\u00f3n innovadora - El Digital de Asturias\" \/>\n\t\t<meta property=\"og:description\" content=\"En la era actual, donde el espacio en los hogares es cada vez m\u00e1s preciado, las camas abatibles emergen como una soluci\u00f3n ingeniosa y estilizada. Estos muebles\" \/>\n\t\t<meta property=\"og:url\" content=\"https:\/\/www.eldigitaldeasturias.com\/noticias\/maximizando-el-espacio-las-camas-abatibles-como-solucion-innovadora\/\" \/>\n\t\t<meta property=\"og:image\" content=\"https:\/\/www.eldigitaldeasturias.com\/noticias\/wp-content\/uploads\/2023\/12\/camas-abatibles.jpg\" \/>\n\t\t<meta property=\"og:image:secure_url\" content=\"https:\/\/www.eldigitaldeasturias.com\/noticias\/wp-content\/uploads\/2023\/12\/camas-abatibles.jpg\" \/>\n\t\t<meta property=\"og:image:width\" content=\"513\" \/>\n\t\t<meta property=\"og:image:height\" content=\"507\" \/>\n\t\t<meta property=\"article:tag\" content=\"sociedad\" \/>\n\t\t<meta property=\"article:published_time\" content=\"2023-12-11T10:17:19+00:00\" \/>\n\t\t<meta property=\"article:modified_time\" content=\"2023-12-11T10:18:23+00:00\" \/>\n\t\t<meta property=\"article:publisher\" content=\"https:\/\/facebook.com\/eldigitaldeasturias\" \/>\n\t\t<meta name=\"twitter:card\" content=\"summary_large_image\" \/>\n\t\t<meta name=\"twitter:title\" content=\"Maximizando el espacio: Las camas abatibles como soluci\u00f3n innovadora - El Digital de Asturias\" \/>\n\t\t<meta name=\"twitter:description\" content=\"En la era actual, donde el espacio en los hogares es cada vez m\u00e1s preciado, las camas abatibles emergen como una soluci\u00f3n ingeniosa y estilizada. Estos muebles\" \/>\n\t\t<meta name=\"twitter:image\" content=\"https:\/\/www.eldigitaldeasturias.com\/noticias\/wp-content\/uploads\/2023\/12\/camas-abatibles.jpg\" \/>\n\t\t<meta name=\"twitter:label1\" content=\"Escrito por\" \/>\n\t\t<meta name=\"twitter:data1\" content=\"El Digital de Asturias\" \/>\n\t\t<meta name=\"twitter:label2\" content=\"Tiempo de lectura estimado\" \/>\n\t\t<meta name=\"twitter:data2\" content=\"4 minutos\" \/>\n\t\t<script type=\"application\/ld+json\" class=\"aioseo-schema\">\n\t\t\t{\"@context\":\"https:\\\/\\\/schema.org\",\"@graph\":[{\"@type\":\"BlogPosting\",\"@id\":\"https:\\\/\\\/www.eldigitaldeasturias.com\\\/noticias\\\/maximizando-el-espacio-las-camas-abatibles-como-solucion-innovadora\\\/#blogposting\",\"name\":\"Maximizando el espacio: Las camas abatibles como soluci\\u00f3n innovadora - El Digital de Asturias\",\"headline\":\"Maximizando el espacio: Las camas abatibles como soluci\\u00f3n innovadora\",\"author\":{\"@id\":\"https:\\\/\\\/www.eldigitaldeasturias.com\\\/noticias\\\/author\\\/admin\\\/#author\"},\"publisher\":{\"@id\":\"https:\\\/\\\/www.eldigitaldeasturias.com\\\/noticias\\\/#organization\"},\"image\":{\"@type\":\"ImageObject\",\"url\":\"https:\\\/\\\/www.eldigitaldeasturias.com\\\/noticias\\\/wp-content\\\/uploads\\\/2023\\\/12\\\/camas-abatibles.jpg\",\"width\":513,\"height\":507,\"caption\":\"camas abatibles\"},\"datePublished\":\"2023-12-11T11:17:19+01:00\",\"dateModified\":\"2023-12-11T11:18:23+01:00\",\"inLanguage\":\"es-ES\",\"mainEntityOfPage\":{\"@id\":\"https:\\\/\\\/www.eldigitaldeasturias.com\\\/noticias\\\/maximizando-el-espacio-las-camas-abatibles-como-solucion-innovadora\\\/#webpage\"},\"isPartOf\":{\"@id\":\"https:\\\/\\\/www.eldigitaldeasturias.com\\\/noticias\\\/maximizando-el-espacio-las-camas-abatibles-como-solucion-innovadora\\\/#webpage\"},\"articleSection\":\"Sociedad\"},{\"@type\":\"BreadcrumbList\",\"@id\":\"https:\\\/\\\/www.eldigitaldeasturias.com\\\/noticias\\\/maximizando-el-espacio-las-camas-abatibles-como-solucion-innovadora\\\/#breadcrumblist\",\"itemListElement\":[{\"@type\":\"ListItem\",\"@id\":\"https:\\\/\\\/www.eldigitaldeasturias.com\\\/noticias#listItem\",\"position\":1,\"name\":\"Home\",\"item\":\"https:\\\/\\\/www.eldigitaldeasturias.com\\\/noticias\",\"nextItem\":{\"@type\":\"ListItem\",\"@id\":\"https:\\\/\\\/www.eldigitaldeasturias.com\\\/noticias\\\/category\\\/sociedad\\\/#listItem\",\"name\":\"Sociedad\"}},{\"@type\":\"ListItem\",\"@id\":\"https:\\\/\\\/www.eldigitaldeasturias.com\\\/noticias\\\/category\\\/sociedad\\\/#listItem\",\"position\":2,\"name\":\"Sociedad\",\"item\":\"https:\\\/\\\/www.eldigitaldeasturias.com\\\/noticias\\\/category\\\/sociedad\\\/\",\"nextItem\":{\"@type\":\"ListItem\",\"@id\":\"https:\\\/\\\/www.eldigitaldeasturias.com\\\/noticias\\\/maximizando-el-espacio-las-camas-abatibles-como-solucion-innovadora\\\/#listItem\",\"name\":\"Maximizando el espacio: Las camas abatibles como soluci\\u00f3n innovadora\"},\"previousItem\":{\"@type\":\"ListItem\",\"@id\":\"https:\\\/\\\/www.eldigitaldeasturias.com\\\/noticias#listItem\",\"name\":\"Home\"}},{\"@type\":\"ListItem\",\"@id\":\"https:\\\/\\\/www.eldigitaldeasturias.com\\\/noticias\\\/maximizando-el-espacio-las-camas-abatibles-como-solucion-innovadora\\\/#listItem\",\"position\":3,\"name\":\"Maximizando el espacio: Las camas abatibles como soluci\\u00f3n innovadora\",\"previousItem\":{\"@type\":\"ListItem\",\"@id\":\"https:\\\/\\\/www.eldigitaldeasturias.com\\\/noticias\\\/category\\\/sociedad\\\/#listItem\",\"name\":\"Sociedad\"}}]},{\"@type\":\"Organization\",\"@id\":\"https:\\\/\\\/www.eldigitaldeasturias.com\\\/noticias\\\/#organization\",\"name\":\"El Digital de Asturias\",\"description\":\"Hemeroteca\",\"url\":\"https:\\\/\\\/www.eldigitaldeasturias.com\\\/noticias\\\/\",\"email\":\"info@eldigitaldeasturias.com\",\"telephone\":\"+34652131393\",\"logo\":{\"@type\":\"ImageObject\",\"url\":\"https:\\\/\\\/www.eldigitaldeasturias.com\\\/noticias\\\/wp-content\\\/uploads\\\/2020\\\/12\\\/EDA.jpg\",\"@id\":\"https:\\\/\\\/www.eldigitaldeasturias.com\\\/noticias\\\/maximizando-el-espacio-las-camas-abatibles-como-solucion-innovadora\\\/#organizationLogo\",\"width\":649,\"height\":297},\"image\":{\"@id\":\"https:\\\/\\\/www.eldigitaldeasturias.com\\\/noticias\\\/maximizando-el-espacio-las-camas-abatibles-como-solucion-innovadora\\\/#organizationLogo\"},\"sameAs\":[\"https:\\\/\\\/facebook.com\\\/eldigitaldeasturias\",\"https:\\\/\\\/www.youtube.com\\\/channel\\\/UCZP-2wLEB9Rv6erhFmqVnvg\"],\"address\":{\"@id\":\"https:\\\/\\\/www.eldigitaldeasturias.com\\\/noticias\\\/#postaladdress\",\"@type\":\"PostalAddress\",\"streetAddress\":\"san antonio 4,\",\"postalCode\":\"33430\",\"addressLocality\":\"Cand\\u00e1s\",\"addressRegion\":\"Asturias\",\"addressCountry\":\"ES\"}},{\"@type\":\"Person\",\"@id\":\"https:\\\/\\\/www.eldigitaldeasturias.com\\\/noticias\\\/author\\\/admin\\\/#author\",\"url\":\"https:\\\/\\\/www.eldigitaldeasturias.com\\\/noticias\\\/author\\\/admin\\\/\",\"name\":\"El Digital de Asturias\",\"image\":{\"@type\":\"ImageObject\",\"@id\":\"https:\\\/\\\/www.eldigitaldeasturias.com\\\/noticias\\\/maximizando-el-espacio-las-camas-abatibles-como-solucion-innovadora\\\/#authorImage\",\"url\":\"https:\\\/\\\/www.eldigitaldeasturias.com\\\/noticias\\\/wp-content\\\/litespeed\\\/avatar\\\/18677e78aa0546b92d9dbf31ec7d7668.jpg?ver=1777290358\",\"width\":96,\"height\":96,\"caption\":\"El Digital de Asturias\"}},{\"@type\":\"WebPage\",\"@id\":\"https:\\\/\\\/www.eldigitaldeasturias.com\\\/noticias\\\/maximizando-el-espacio-las-camas-abatibles-como-solucion-innovadora\\\/#webpage\",\"url\":\"https:\\\/\\\/www.eldigitaldeasturias.com\\\/noticias\\\/maximizando-el-espacio-las-camas-abatibles-como-solucion-innovadora\\\/\",\"name\":\"Maximizando el espacio: Las camas abatibles como soluci\\u00f3n innovadora - El Digital de Asturias\",\"description\":\"En la era actual, donde el espacio en los hogares es cada vez m\\u00e1s preciado, las camas abatibles emergen como una soluci\\u00f3n ingeniosa y estilizada. Estos muebles\",\"inLanguage\":\"es-ES\",\"isPartOf\":{\"@id\":\"https:\\\/\\\/www.eldigitaldeasturias.com\\\/noticias\\\/#website\"},\"breadcrumb\":{\"@id\":\"https:\\\/\\\/www.eldigitaldeasturias.com\\\/noticias\\\/maximizando-el-espacio-las-camas-abatibles-como-solucion-innovadora\\\/#breadcrumblist\"},\"author\":{\"@id\":\"https:\\\/\\\/www.eldigitaldeasturias.com\\\/noticias\\\/author\\\/admin\\\/#author\"},\"creator\":{\"@id\":\"https:\\\/\\\/www.eldigitaldeasturias.com\\\/noticias\\\/author\\\/admin\\\/#author\"},\"image\":{\"@type\":\"ImageObject\",\"url\":\"https:\\\/\\\/www.eldigitaldeasturias.com\\\/noticias\\\/wp-content\\\/uploads\\\/2023\\\/12\\\/camas-abatibles.jpg\",\"@id\":\"https:\\\/\\\/www.eldigitaldeasturias.com\\\/noticias\\\/maximizando-el-espacio-las-camas-abatibles-como-solucion-innovadora\\\/#mainImage\",\"width\":513,\"height\":507,\"caption\":\"camas abatibles\"},\"primaryImageOfPage\":{\"@id\":\"https:\\\/\\\/www.eldigitaldeasturias.com\\\/noticias\\\/maximizando-el-espacio-las-camas-abatibles-como-solucion-innovadora\\\/#mainImage\"},\"datePublished\":\"2023-12-11T11:17:19+01:00\",\"dateModified\":\"2023-12-11T11:18:23+01:00\"},{\"@type\":\"WebSite\",\"@id\":\"https:\\\/\\\/www.eldigitaldeasturias.com\\\/noticias\\\/#website\",\"url\":\"https:\\\/\\\/www.eldigitaldeasturias.com\\\/noticias\\\/\",\"name\":\"El Digital de Asturias - Diario de actualidad y noticias\",\"alternateName\":\"El Digital de Asturias - Diario de actualidad y noticias\",\"description\":\"Hemeroteca\",\"inLanguage\":\"es-ES\",\"publisher\":{\"@id\":\"https:\\\/\\\/www.eldigitaldeasturias.com\\\/noticias\\\/#organization\"}}]}\n\t\t<\/script>\n\t\t<!-- All in One SEO Pro -->\r\n\t\t<title>Maximizando el espacio: Las camas abatibles como soluci\u00f3n innovadora - El Digital de Asturias<\/title>\n\n","aioseo_head_json":{"title":"Maximizando el espacio: Las camas abatibles como soluci\u00f3n innovadora - El Digital de Asturias","description":"En la era actual, donde el espacio en los hogares es cada vez m\u00e1s preciado, las camas abatibles emergen como una soluci\u00f3n ingeniosa y estilizada. Estos muebles","canonical_url":"https:\/\/www.eldigitaldeasturias.com\/noticias\/maximizando-el-espacio-las-camas-abatibles-como-solucion-innovadora\/","robots":"max-image-preview:large","keywords":"sociedad","webmasterTools":{"google-site-verification":"UA-38556648-1","msvalidate.01":"7dfe9f3f1b24437ab69f4f2559babe99","miscellaneous":""},"schema":{"@context":"https:\/\/schema.org","@graph":[{"@type":"BlogPosting","@id":"https:\/\/www.eldigitaldeasturias.com\/noticias\/maximizando-el-espacio-las-camas-abatibles-como-solucion-innovadora\/#blogposting","name":"Maximizando el espacio: Las camas abatibles como soluci\u00f3n innovadora - El Digital de Asturias","headline":"Maximizando el espacio: Las camas abatibles como soluci\u00f3n innovadora","author":{"@id":"https:\/\/www.eldigitaldeasturias.com\/noticias\/author\/admin\/#author"},"publisher":{"@id":"https:\/\/www.eldigitaldeasturias.com\/noticias\/#organization"},"image":{"@type":"ImageObject","url":"https:\/\/www.eldigitaldeasturias.com\/noticias\/wp-content\/uploads\/2023\/12\/camas-abatibles.jpg","width":513,"height":507,"caption":"camas abatibles"},"datePublished":"2023-12-11T11:17:19+01:00","dateModified":"2023-12-11T11:18:23+01:00","inLanguage":"es-ES","mainEntityOfPage":{"@id":"https:\/\/www.eldigitaldeasturias.com\/noticias\/maximizando-el-espacio-las-camas-abatibles-como-solucion-innovadora\/#webpage"},"isPartOf":{"@id":"https:\/\/www.eldigitaldeasturias.com\/noticias\/maximizando-el-espacio-las-camas-abatibles-como-solucion-innovadora\/#webpage"},"articleSection":"Sociedad"},{"@type":"BreadcrumbList","@id":"https:\/\/www.eldigitaldeasturias.com\/noticias\/maximizando-el-espacio-las-camas-abatibles-como-solucion-innovadora\/#breadcrumblist","itemListElement":[{"@type":"ListItem","@id":"https:\/\/www.eldigitaldeasturias.com\/noticias#listItem","position":1,"name":"Home","item":"https:\/\/www.eldigitaldeasturias.com\/noticias","nextItem":{"@type":"ListItem","@id":"https:\/\/www.eldigitaldeasturias.com\/noticias\/category\/sociedad\/#listItem","name":"Sociedad"}},{"@type":"ListItem","@id":"https:\/\/www.eldigitaldeasturias.com\/noticias\/category\/sociedad\/#listItem","position":2,"name":"Sociedad","item":"https:\/\/www.eldigitaldeasturias.com\/noticias\/category\/sociedad\/","nextItem":{"@type":"ListItem","@id":"https:\/\/www.eldigitaldeasturias.com\/noticias\/maximizando-el-espacio-las-camas-abatibles-como-solucion-innovadora\/#listItem","name":"Maximizando el espacio: Las camas abatibles como soluci\u00f3n innovadora"},"previousItem":{"@type":"ListItem","@id":"https:\/\/www.eldigitaldeasturias.com\/noticias#listItem","name":"Home"}},{"@type":"ListItem","@id":"https:\/\/www.eldigitaldeasturias.com\/noticias\/maximizando-el-espacio-las-camas-abatibles-como-solucion-innovadora\/#listItem","position":3,"name":"Maximizando el espacio: Las camas abatibles como soluci\u00f3n innovadora","previousItem":{"@type":"ListItem","@id":"https:\/\/www.eldigitaldeasturias.com\/noticias\/category\/sociedad\/#listItem","name":"Sociedad"}}]},{"@type":"Organization","@id":"https:\/\/www.eldigitaldeasturias.com\/noticias\/#organization","name":"El Digital de Asturias","description":"Hemeroteca","url":"https:\/\/www.eldigitaldeasturias.com\/noticias\/","email":"info@eldigitaldeasturias.com","telephone":"+34652131393","logo":{"@type":"ImageObject","url":"https:\/\/www.eldigitaldeasturias.com\/noticias\/wp-content\/uploads\/2020\/12\/EDA.jpg","@id":"https:\/\/www.eldigitaldeasturias.com\/noticias\/maximizando-el-espacio-las-camas-abatibles-como-solucion-innovadora\/#organizationLogo","width":649,"height":297},"image":{"@id":"https:\/\/www.eldigitaldeasturias.com\/noticias\/maximizando-el-espacio-las-camas-abatibles-como-solucion-innovadora\/#organizationLogo"},"sameAs":["https:\/\/facebook.com\/eldigitaldeasturias","https:\/\/www.youtube.com\/channel\/UCZP-2wLEB9Rv6erhFmqVnvg"],"address":{"@id":"https:\/\/www.eldigitaldeasturias.com\/noticias\/#postaladdress","@type":"PostalAddress","streetAddress":"san antonio 4,","postalCode":"33430","addressLocality":"Cand\u00e1s","addressRegion":"Asturias","addressCountry":"ES"}},{"@type":"Person","@id":"https:\/\/www.eldigitaldeasturias.com\/noticias\/author\/admin\/#author","url":"https:\/\/www.eldigitaldeasturias.com\/noticias\/author\/admin\/","name":"El Digital de Asturias","image":{"@type":"ImageObject","@id":"https:\/\/www.eldigitaldeasturias.com\/noticias\/maximizando-el-espacio-las-camas-abatibles-como-solucion-innovadora\/#authorImage","url":"https:\/\/www.eldigitaldeasturias.com\/noticias\/wp-content\/litespeed\/avatar\/18677e78aa0546b92d9dbf31ec7d7668.jpg?ver=1777290358","width":96,"height":96,"caption":"El Digital de Asturias"}},{"@type":"WebPage","@id":"https:\/\/www.eldigitaldeasturias.com\/noticias\/maximizando-el-espacio-las-camas-abatibles-como-solucion-innovadora\/#webpage","url":"https:\/\/www.eldigitaldeasturias.com\/noticias\/maximizando-el-espacio-las-camas-abatibles-como-solucion-innovadora\/","name":"Maximizando el espacio: Las camas abatibles como soluci\u00f3n innovadora - El Digital de Asturias","description":"En la era actual, donde el espacio en los hogares es cada vez m\u00e1s preciado, las camas abatibles emergen como una soluci\u00f3n ingeniosa y estilizada. Estos muebles","inLanguage":"es-ES","isPartOf":{"@id":"https:\/\/www.eldigitaldeasturias.com\/noticias\/#website"},"breadcrumb":{"@id":"https:\/\/www.eldigitaldeasturias.com\/noticias\/maximizando-el-espacio-las-camas-abatibles-como-solucion-innovadora\/#breadcrumblist"},"author":{"@id":"https:\/\/www.eldigitaldeasturias.com\/noticias\/author\/admin\/#author"},"creator":{"@id":"https:\/\/www.eldigitaldeasturias.com\/noticias\/author\/admin\/#author"},"image":{"@type":"ImageObject","url":"https:\/\/www.eldigitaldeasturias.com\/noticias\/wp-content\/uploads\/2023\/12\/camas-abatibles.jpg","@id":"https:\/\/www.eldigitaldeasturias.com\/noticias\/maximizando-el-espacio-las-camas-abatibles-como-solucion-innovadora\/#mainImage","width":513,"height":507,"caption":"camas abatibles"},"primaryImageOfPage":{"@id":"https:\/\/www.eldigitaldeasturias.com\/noticias\/maximizando-el-espacio-las-camas-abatibles-como-solucion-innovadora\/#mainImage"},"datePublished":"2023-12-11T11:17:19+01:00","dateModified":"2023-12-11T11:18:23+01:00"},{"@type":"WebSite","@id":"https:\/\/www.eldigitaldeasturias.com\/noticias\/#website","url":"https:\/\/www.eldigitaldeasturias.com\/noticias\/","name":"El Digital de Asturias - Diario de actualidad y noticias","alternateName":"El Digital de Asturias - Diario de actualidad y noticias","description":"Hemeroteca","inLanguage":"es-ES","publisher":{"@id":"https:\/\/www.eldigitaldeasturias.com\/noticias\/#organization"}}]},"og:locale":"es_ES","og:site_name":"El Digital de Asturias","og:type":"article","og:title":"Maximizando el espacio: Las camas abatibles como soluci\u00f3n innovadora - El Digital de Asturias","og:description":"En la era actual, donde el espacio en los hogares es cada vez m\u00e1s preciado, las camas abatibles emergen como una soluci\u00f3n ingeniosa y estilizada. Estos muebles","og:url":"https:\/\/www.eldigitaldeasturias.com\/noticias\/maximizando-el-espacio-las-camas-abatibles-como-solucion-innovadora\/","og:image":"https:\/\/www.eldigitaldeasturias.com\/noticias\/wp-content\/uploads\/2023\/12\/camas-abatibles.jpg","og:image:secure_url":"https:\/\/www.eldigitaldeasturias.com\/noticias\/wp-content\/uploads\/2023\/12\/camas-abatibles.jpg","og:image:width":513,"og:image:height":507,"article:tag":["sociedad"],"article:published_time":"2023-12-11T10:17:19+00:00","article:modified_time":"2023-12-11T10:18:23+00:00","article:publisher":"https:\/\/facebook.com\/eldigitaldeasturias","twitter:card":"summary_large_image","twitter:title":"Maximizando el espacio: Las camas abatibles como soluci\u00f3n innovadora - El Digital de Asturias","twitter:description":"En la era actual, donde el espacio en los hogares es cada vez m\u00e1s preciado, las camas abatibles emergen como una soluci\u00f3n ingeniosa y estilizada. Estos muebles","twitter:image":"https:\/\/www.eldigitaldeasturias.com\/noticias\/wp-content\/uploads\/2023\/12\/camas-abatibles.jpg","twitter:label1":"Escrito por","twitter:data1":"El Digital de Asturias","twitter:label2":"Tiempo de lectura estimado","twitter:data2":"4 minutos"},"aioseo_meta_data":{"post_id":"1127527","title":null,"description":"En la era actual, donde el espacio en los hogares es cada vez m\u00e1s preciado, las camas abatibles emergen como una soluci\u00f3n ingeniosa y estilizada. Estos muebles","keywords":[],"keyphrases":{"focus":{"keyphrase":"camas","score":91,"analysis":{"keyphraseInTitle":{"score":9,"maxScore":9,"error":0},"keyphraseInDescription":{"score":9,"maxScore":9,"error":0},"keyphraseLength":{"score":9,"maxScore":9,"error":0,"length":1},"keyphraseInURL":{"score":5,"maxScore":5,"error":0},"keyphraseInIntroduction":{"score":9,"maxScore":9,"error":0},"keyphraseInSubHeadings":{"score":3,"maxScore":9,"error":1},"keyphraseInImageAlt":{"score":9,"maxScore":9,"error":0},"keywordDensity":{"type":"best","score":9,"maxScore":9,"error":0}}},"additional":[{"keyphrase":"camas abatibles ","score":100,"analysis":{"keyphraseInDescription":{"score":9,"maxScore":9,"error":0},"keyphraseLength":{"score":9,"maxScore":9,"error":0,"length":2},"keyphraseInIntroduction":{"score":9,"maxScore":9,"error":0},"keyphraseInImageAlt":{"score":9,"maxScore":9,"error":0},"keywordDensity":{"type":"best","score":9,"maxScore":9,"error":0}}}]},"primary_term":null,"canonical_url":null,"og_title":null,"og_description":null,"og_object_type":"default","og_image_type":"default","og_image_url":null,"og_image_width":null,"og_image_height":null,"og_image_custom_url":null,"og_image_custom_fields":null,"og_video":"","og_custom_url":null,"og_article_section":null,"og_article_tags":[],"twitter_use_og":false,"twitter_card":"default","twitter_image_type":"default","twitter_image_url":null,"twitter_image_custom_url":null,"twitter_image_custom_fields":null,"twitter_title":null,"twitter_description":null,"schema":{"blockGraphs":[],"customGraphs":[],"default":{"data":{"Article":[],"Course":[],"Dataset":[],"FAQPage":[],"Movie":[],"Person":[],"Product":[],"ProductReview":[],"Car":[],"Recipe":[],"Service":[],"SoftwareApplication":[],"WebPage":[]},"graphName":"BlogPosting","isEnabled":true},"graphs":[]},"schema_type":"default","schema_type_options":null,"pillar_content":false,"robots_default":true,"robots_noindex":false,"robots_noarchive":false,"robots_nosnippet":false,"robots_nofollow":false,"robots_noimageindex":false,"robots_noodp":false,"robots_notranslate":false,"robots_max_snippet":"-1","robots_max_videopreview":"-1","robots_max_imagepreview":"large","priority":null,"frequency":"default","local_seo":null,"seo_analyzer_scan_date":"2025-10-05 23:18:25","breadcrumb_settings":null,"limit_modified_date":false,"open_ai":"{\"title\":{\"suggestions\":[],\"usage\":0},\"description\":{\"suggestions\":[],\"usage\":0}}","ai":null,"created":"2023-12-11 10:09:40","updated":"2025-10-09 05:22:36"},"aioseo_breadcrumb":"<div class=\"aioseo-breadcrumbs\"><span class=\"aioseo-breadcrumb\">\n\t<a href=\"https:\/\/www.eldigitaldeasturias.com\/noticias\" title=\"Home\">Home<\/a>\n<\/span><span class=\"aioseo-breadcrumb-separator\">\u2013<\/span><span class=\"aioseo-breadcrumb\">\n\t<a href=\"https:\/\/www.eldigitaldeasturias.com\/noticias\/category\/sociedad\/\" title=\"Sociedad\">Sociedad<\/a>\n<\/span><span class=\"aioseo-breadcrumb-separator\">\u2013<\/span><span class=\"aioseo-breadcrumb\">\n\t<a href=\"https:\/\/www.eldigitaldeasturias.com\/noticias\/maximizando-el-espacio-las-camas-abatibles-como-solucion-innovadora\/\" title=\"Maximizando el espacio: Las camas abatibles como soluci\u00f3n innovadora\">Maximizando el espacio: Las camas abatibles como soluci\u00f3n innovadora<\/a>\n<\/span><\/div>","aioseo_breadcrumb_json":[{"label":"Home","link":"https:\/\/www.eldigitaldeasturias.com\/noticias"},{"label":"Sociedad","link":"https:\/\/www.eldigitaldeasturias.com\/noticias\/category\/sociedad\/"},{"label":"Maximizando el espacio: Las camas abatibles como soluci\u00f3n innovadora","link":"https:\/\/www.eldigitaldeasturias.com\/noticias\/maximizando-el-espacio-las-camas-abatibles-como-solucion-innovadora\/"}],"_links":{"self":[{"href":"https:\/\/www.eldigitaldeasturias.com\/noticias\/wp-json\/wp\/v2\/posts\/1127527","targetHints":{"allow":["GET"]}}],"collection":[{"href":"https:\/\/www.eldigitaldeasturias.com\/noticias\/wp-json\/wp\/v2\/posts"}],"about":[{"href":"https:\/\/www.eldigitaldeasturias.com\/noticias\/wp-json\/wp\/v2\/types\/post"}],"author":[{"embeddable":true,"href":"https:\/\/www.eldigitaldeasturias.com\/noticias\/wp-json\/wp\/v2\/users\/1"}],"replies":[{"embeddable":true,"href":"https:\/\/www.eldigitaldeasturias.com\/noticias\/wp-json\/wp\/v2\/comments?post=1127527"}],"version-history":[{"count":0,"href":"https:\/\/www.eldigitaldeasturias.com\/noticias\/wp-json\/wp\/v2\/posts\/1127527\/revisions"}],"wp:featuredmedia":[{"embeddable":true,"href":"https:\/\/www.eldigitaldeasturias.com\/noticias\/wp-json\/wp\/v2\/media\/1127528"}],"wp:attachment":[{"href":"https:\/\/www.eldigitaldeasturias.com\/noticias\/wp-json\/wp\/v2\/media?parent=1127527"}],"wp:term":[{"taxonomy":"category","embeddable":true,"href":"https:\/\/www.eldigitaldeasturias.com\/noticias\/wp-json\/wp\/v2\/categories?post=1127527"},{"taxonomy":"post_tag","embeddable":true,"href":"https:\/\/www.eldigitaldeasturias.com\/noticias\/wp-json\/wp\/v2\/tags?post=1127527"}],"curies":[{"name":"wp","href":"https:\/\/api.w.org\/{rel}","templated":true}]}}