{"id":1127520,"date":"2023-12-11T10:53:35","date_gmt":"2023-12-11T09:53:35","guid":{"rendered":"https:\/\/www.eldigitaldeasturias.com\/noticias\/?p=1127520"},"modified":"2023-12-11T10:53:35","modified_gmt":"2023-12-11T09:53:35","slug":"el-caso-de-las-bayetas-pva-por-que-se-han-vuelto-virales","status":"publish","type":"post","link":"https:\/\/www.eldigitaldeasturias.com\/noticias\/el-caso-de-las-bayetas-pva-por-que-se-han-vuelto-virales\/","title":{"rendered":"El caso de las Bayetas PVA: \u00bfPor qu\u00e9 se han vuelto virales?"},"content":{"rendered":"<p>Cada vez son m\u00e1s las personas que ya tienen en su casa o lugar de trabajo las <strong>Bayetas PVA<\/strong>, un producto que <strong>se ha vuelto viral gracias a su calidad y a los resultados que ofrecen a la hora de realizar tareas de limpieza.<\/strong><\/p>\n<p><img loading=\"lazy\" decoding=\"async\" class=\"aligncenter wp-image-1127521 size-full\" src=\"https:\/\/www.eldigitaldeasturias.com\/noticias\/wp-content\/uploads\/2023\/12\/bayetas-pva.png\" alt=\"bayetas pva\" width=\"600\" height=\"600\" srcset=\"https:\/\/www.eldigitaldeasturias.com\/noticias\/wp-content\/uploads\/2023\/12\/bayetas-pva.png 600w, https:\/\/www.eldigitaldeasturias.com\/noticias\/wp-content\/uploads\/2023\/12\/bayetas-pva-320x320.png 320w, https:\/\/www.eldigitaldeasturias.com\/noticias\/wp-content\/uploads\/2023\/12\/bayetas-pva-480x480.png 480w, https:\/\/www.eldigitaldeasturias.com\/noticias\/wp-content\/uploads\/2023\/12\/bayetas-pva-300x300.png 300w, https:\/\/www.eldigitaldeasturias.com\/noticias\/wp-content\/uploads\/2023\/12\/bayetas-pva-150x150.png 150w, https:\/\/www.eldigitaldeasturias.com\/noticias\/wp-content\/uploads\/2023\/12\/bayetas-pva-450x450.png 450w\" sizes=\"auto, (max-width: 600px) 100vw, 600px\" \/><\/p>\n<p>Hablamos de <strong>la bayeta que est\u00e1 captando la atenci\u00f3n tanto de particulares y profesionales que desean vivir y ofrecer espacios limpios y saludables al resto de las personas<\/strong>, y uno de los productos que m\u00e1s est\u00e1 captando la atenci\u00f3n de todo tipo de personas son las <a title=\"Bayetas PVA Microfibra\" href=\"https:\/\/www.climprofesional.com\/bayetas-y-estropajos\/bayeta-pva-climprofesional-1510.html?utm_source=digitalasturias&amp;utm_medium=paid\" target=\"_blank\" rel=\"noopener\"><strong><span style=\"color: #ff6600;\">Bayetas PVA Microfibra<\/span><\/strong><\/a>.<\/p>\n<h2>\u00bfQu\u00e9 es el PVA o Polivinilo de Alcohol?<\/h2>\n<p>El alcohol polivin\u00edlico cada vez es m\u00e1s popular en productos de limpieza debido a sus propiedades \u00fanicas. El PVA es un pol\u00edmero soluble en agua que es biodegradable, respetuoso con el medio ambiente y seguro para su uso en diversas superficies.<\/p>\n<blockquote><p>Es biodegradable, respetuoso con el medio ambiente y seguro para su uso en diversas superficies<\/p><\/blockquote>\n<h2>\u00bfPor qu\u00e9 se usa en los productos de limpieza?<\/h2>\n<p>El uso de PVA en productos de limpieza tiene muchos beneficios y a diferencia de otros pol\u00edmeros sint\u00e9ticos, el PVA puede ser descompuesto por microorganismos del medio ambiente, lo que lo convierte en una alternativa m\u00e1s segura a otros agentes de limpieza. Adem\u00e1s el PVA crea una barrera protectora en las superficies, evitando la acumulaci\u00f3n de suciedad. Esta barrera tambi\u00e9n facilita la limpieza de las superficies en el futuro.<\/p>\n<p>Las <a title=\"Bayetas PVA Micro\" href=\"https:\/\/www.climprofesional.com\/bayetas-y-estropajos\/bayeta-pva-climprofesional-1510.html?utm_source=digitalasturias&amp;utm_medium=paid\" target=\"_blank\" rel=\"noopener\"><span style=\"color: #ff6600;\"><strong>Bayetas PCA Micro<\/strong><\/span><\/a> son perfectas para la limpieza de cualquier tipo de superficie, desde muebles, ba\u00f1os, cristales y otros lugares en los que una bayeta tradicional o de menor calidad no va a ofrecer los mismos resultados que est\u00e9 tipo de bayetas que se han sido creadas tanto para la vida diaria en el hogar como para los profesionales del sector de la limpieza.<\/p>\n<h2>\u00bfQu\u00e9 beneficios tiene usar la bayeta PVA frente a otras bayetas convencionales?<\/h2>\n<p>Las <strong>Bayetas PVA microfibra<\/strong> Clim Profesional son perfectas para lograr una buena limpieza sin huellas ni rastros de superficies en cristales, espejos y vitrificadas. Son especiales y \u00fanicas gracias a su recubrimiento de PVA que reduce la fricci\u00f3n. Adem\u00e1s tambi\u00e9n destacan por su gran poder de absorci\u00f3n, ese es uno de los muchos motivos por los que cada vez m\u00e1s personas las tienen en su casa o m\u00e1s empresas las utilizan en tareas de limpieza, ya sea de hogares, oficinas o espacios que son utilizados a diarios por muchas personas.<\/p>\n<p><img loading=\"lazy\" decoding=\"async\" class=\"aligncenter wp-image-1127522 size-full\" src=\"https:\/\/www.eldigitaldeasturias.com\/noticias\/wp-content\/uploads\/2023\/12\/limpieza.jpg\" alt=\"limpieza\" width=\"640\" height=\"424\" srcset=\"https:\/\/www.eldigitaldeasturias.com\/noticias\/wp-content\/uploads\/2023\/12\/limpieza.jpg 640w, https:\/\/www.eldigitaldeasturias.com\/noticias\/wp-content\/uploads\/2023\/12\/limpieza-360x239.jpg 360w, https:\/\/www.eldigitaldeasturias.com\/noticias\/wp-content\/uploads\/2023\/12\/limpieza-453x300.jpg 453w, https:\/\/www.eldigitaldeasturias.com\/noticias\/wp-content\/uploads\/2023\/12\/limpieza-150x99.jpg 150w, https:\/\/www.eldigitaldeasturias.com\/noticias\/wp-content\/uploads\/2023\/12\/limpieza-450x298.jpg 450w\" sizes=\"auto, (max-width: 640px) 100vw, 640px\" \/><\/p>\n<h2>\u00bfSe pueden lavar con normalidad?<\/h2>\n<p>Los expertos afirman que las bayetas se pueden lavar y enjuagar f\u00e1cilmente; y adem\u00e1s otro factor a tener presente es que al escurrir <strong>la bayeta el PVA eliminar\u00e1 todos los restos de suciedad y bacterias<\/strong>, de ese modo quedar\u00e1 muy limpia y preparada para darle un nuevo uso en el caso de que la bayeta no quede limpia en un primer momento<\/p>\n<h2>\u00bfSon duraderas?<\/h2>\n<p>Las bayetas PVA s\u00ed son duraderas, y cuando la bayeta no queda imp\u00eda tras escurrirla, no es necesario tirarla a su correspondiente bolsa o cotenedor, p\u00f9es se puede reutilizar si la lava con abundante agua templada. Los expertos adem\u00e1s aconsejan aclarar bien con abundante agua antes y despu\u00e9s del primer uso, eso ayudar\u00e1 a que la experiencia al utilizarla sea mucho mejor y tambi\u00e9n influir\u00e1 en su durabilidad en el tiempo, siguiendo los consejos que te ofrecen en<\/p>\n<h2>\u00bfDonde se puedes adquirir?<\/h2>\n<p><span style=\"color: #ff6600;\"><a style=\"color: #ff6600;\" title=\"Bayetas PVA Clim Profesional\" href=\"https:\/\/www.climprofesional.com\/bayetas-y-estropajos\/bayeta-pva-climprofesional-1510.html?utm_source=digitalasturias&amp;utm_medium=paid\" target=\"_blank\" rel=\"noopener\"><span style=\"color: #ff6600;\"><strong>Bayetas PVA Clim Profesional<\/strong><\/span><\/a><\/span> y otros modelos m\u00e1s se pueden comprar f\u00e1cilmente accediendo a climprofesional.com, en su tienda online adem\u00e1s se pueden encontrar otros muchos productos que aportar\u00e1n m\u00e1s calidad de vida, higiene y espacios saludables tanto en oficinas, hogares o negocios, hablamos de bayetas y complementos de limpieza de primera calidad, y resistentes<\/p>\n","protected":false},"excerpt":{"rendered":"<p>Cada vez son m\u00e1s las personas que ya tienen en su casa o lugar de trabajo las Bayetas PVA, un producto que se ha vuelto viral gracias a su calidad y a los resultados que ofrecen a la hora de realizar tareas de limpieza. Hablamos de la bayeta que est\u00e1 captando la atenci\u00f3n tanto de [&hellip;]<\/p>\n","protected":false},"author":1,"featured_media":1127521,"comment_status":"closed","ping_status":"closed","sticky":false,"template":"","format":"standard","meta":{"footnotes":""},"categories":[28],"tags":[],"class_list":["post-1127520","post","type-post","status-publish","format-standard","has-post-thumbnail","hentry","category-sociedad"],"aioseo_notices":[],"aioseo_head":"\n\t\t<!-- All in One SEO Pro 4.9.6.2 - aioseo.com -->\n\t<meta name=\"description\" content=\"Cada vez son m\u00e1s las personas que ya tienen en su casa o lugar de trabajo las Bayetas PVA, un producto que se ha vuelto viral gracias a su calidad\" \/>\n\t<meta name=\"robots\" content=\"max-image-preview:large\" \/>\n\t<meta name=\"author\" content=\"El Digital de Asturias\"\/>\n\t<meta name=\"google-site-verification\" content=\"UA-38556648-1\" \/>\n\t<meta name=\"msvalidate.01\" content=\"7dfe9f3f1b24437ab69f4f2559babe99\" \/>\n\t<meta name=\"keywords\" content=\"sociedad\" \/>\n\t<link rel=\"canonical\" href=\"https:\/\/www.eldigitaldeasturias.com\/noticias\/el-caso-de-las-bayetas-pva-por-que-se-han-vuelto-virales\/\" \/>\n\t<meta name=\"generator\" content=\"All in One SEO Pro (AIOSEO) 4.9.6.2\" \/>\n\t\t<meta property=\"og:locale\" content=\"es_ES\" \/>\n\t\t<meta property=\"og:site_name\" content=\"El Digital de Asturias\" \/>\n\t\t<meta property=\"og:type\" content=\"article\" \/>\n\t\t<meta property=\"og:title\" content=\"El caso de las Bayetas PVA: \u00bfPor qu\u00e9 se han vuelto virales? - El Digital de Asturias\" \/>\n\t\t<meta property=\"og:description\" content=\"Cada vez son m\u00e1s las personas que ya tienen en su casa o lugar de trabajo las Bayetas PVA, un producto que se ha vuelto viral gracias a su calidad\" \/>\n\t\t<meta property=\"og:url\" content=\"https:\/\/www.eldigitaldeasturias.com\/noticias\/el-caso-de-las-bayetas-pva-por-que-se-han-vuelto-virales\/\" \/>\n\t\t<meta property=\"og:image\" content=\"https:\/\/www.eldigitaldeasturias.com\/noticias\/wp-content\/uploads\/2023\/12\/bayetas-pva.png\" \/>\n\t\t<meta property=\"og:image:secure_url\" content=\"https:\/\/www.eldigitaldeasturias.com\/noticias\/wp-content\/uploads\/2023\/12\/bayetas-pva.png\" \/>\n\t\t<meta property=\"og:image:width\" content=\"600\" \/>\n\t\t<meta property=\"og:image:height\" content=\"600\" \/>\n\t\t<meta property=\"article:tag\" content=\"sociedad\" \/>\n\t\t<meta property=\"article:published_time\" content=\"2023-12-11T09:53:35+00:00\" \/>\n\t\t<meta property=\"article:modified_time\" content=\"2023-12-11T09:53:35+00:00\" \/>\n\t\t<meta property=\"article:publisher\" content=\"https:\/\/facebook.com\/eldigitaldeasturias\" \/>\n\t\t<meta name=\"twitter:card\" content=\"summary_large_image\" \/>\n\t\t<meta name=\"twitter:title\" content=\"El caso de las Bayetas PVA: \u00bfPor qu\u00e9 se han vuelto virales? - El Digital de Asturias\" \/>\n\t\t<meta name=\"twitter:description\" content=\"Cada vez son m\u00e1s las personas que ya tienen en su casa o lugar de trabajo las Bayetas PVA, un producto que se ha vuelto viral gracias a su calidad\" \/>\n\t\t<meta name=\"twitter:image\" content=\"https:\/\/www.eldigitaldeasturias.com\/noticias\/wp-content\/uploads\/2023\/12\/bayetas-pva.png\" \/>\n\t\t<meta name=\"twitter:label1\" content=\"Escrito por\" \/>\n\t\t<meta name=\"twitter:data1\" content=\"El Digital de Asturias\" \/>\n\t\t<meta name=\"twitter:label2\" content=\"Tiempo de lectura estimado\" \/>\n\t\t<meta name=\"twitter:data2\" content=\"3 minutos\" \/>\n\t\t<script type=\"application\/ld+json\" class=\"aioseo-schema\">\n\t\t\t{\"@context\":\"https:\\\/\\\/schema.org\",\"@graph\":[{\"@type\":\"BlogPosting\",\"@id\":\"https:\\\/\\\/www.eldigitaldeasturias.com\\\/noticias\\\/el-caso-de-las-bayetas-pva-por-que-se-han-vuelto-virales\\\/#blogposting\",\"name\":\"El caso de las Bayetas PVA: \\u00bfPor qu\\u00e9 se han vuelto virales? - El Digital de Asturias\",\"headline\":\"El caso de las Bayetas PVA: \\u00bfPor qu\\u00e9 se han vuelto virales?\",\"author\":{\"@id\":\"https:\\\/\\\/www.eldigitaldeasturias.com\\\/noticias\\\/author\\\/admin\\\/#author\"},\"publisher\":{\"@id\":\"https:\\\/\\\/www.eldigitaldeasturias.com\\\/noticias\\\/#organization\"},\"image\":{\"@type\":\"ImageObject\",\"url\":\"https:\\\/\\\/www.eldigitaldeasturias.com\\\/noticias\\\/wp-content\\\/uploads\\\/2023\\\/12\\\/bayetas-pva.png\",\"width\":600,\"height\":600,\"caption\":\"bayetas pva\"},\"datePublished\":\"2023-12-11T10:53:35+01:00\",\"dateModified\":\"2023-12-11T10:53:35+01:00\",\"inLanguage\":\"es-ES\",\"mainEntityOfPage\":{\"@id\":\"https:\\\/\\\/www.eldigitaldeasturias.com\\\/noticias\\\/el-caso-de-las-bayetas-pva-por-que-se-han-vuelto-virales\\\/#webpage\"},\"isPartOf\":{\"@id\":\"https:\\\/\\\/www.eldigitaldeasturias.com\\\/noticias\\\/el-caso-de-las-bayetas-pva-por-que-se-han-vuelto-virales\\\/#webpage\"},\"articleSection\":\"Sociedad\"},{\"@type\":\"BreadcrumbList\",\"@id\":\"https:\\\/\\\/www.eldigitaldeasturias.com\\\/noticias\\\/el-caso-de-las-bayetas-pva-por-que-se-han-vuelto-virales\\\/#breadcrumblist\",\"itemListElement\":[{\"@type\":\"ListItem\",\"@id\":\"https:\\\/\\\/www.eldigitaldeasturias.com\\\/noticias#listItem\",\"position\":1,\"name\":\"Home\",\"item\":\"https:\\\/\\\/www.eldigitaldeasturias.com\\\/noticias\",\"nextItem\":{\"@type\":\"ListItem\",\"@id\":\"https:\\\/\\\/www.eldigitaldeasturias.com\\\/noticias\\\/category\\\/sociedad\\\/#listItem\",\"name\":\"Sociedad\"}},{\"@type\":\"ListItem\",\"@id\":\"https:\\\/\\\/www.eldigitaldeasturias.com\\\/noticias\\\/category\\\/sociedad\\\/#listItem\",\"position\":2,\"name\":\"Sociedad\",\"item\":\"https:\\\/\\\/www.eldigitaldeasturias.com\\\/noticias\\\/category\\\/sociedad\\\/\",\"nextItem\":{\"@type\":\"ListItem\",\"@id\":\"https:\\\/\\\/www.eldigitaldeasturias.com\\\/noticias\\\/el-caso-de-las-bayetas-pva-por-que-se-han-vuelto-virales\\\/#listItem\",\"name\":\"El caso de las Bayetas PVA: \\u00bfPor qu\\u00e9 se han vuelto virales?\"},\"previousItem\":{\"@type\":\"ListItem\",\"@id\":\"https:\\\/\\\/www.eldigitaldeasturias.com\\\/noticias#listItem\",\"name\":\"Home\"}},{\"@type\":\"ListItem\",\"@id\":\"https:\\\/\\\/www.eldigitaldeasturias.com\\\/noticias\\\/el-caso-de-las-bayetas-pva-por-que-se-han-vuelto-virales\\\/#listItem\",\"position\":3,\"name\":\"El caso de las Bayetas PVA: \\u00bfPor qu\\u00e9 se han vuelto virales?\",\"previousItem\":{\"@type\":\"ListItem\",\"@id\":\"https:\\\/\\\/www.eldigitaldeasturias.com\\\/noticias\\\/category\\\/sociedad\\\/#listItem\",\"name\":\"Sociedad\"}}]},{\"@type\":\"Organization\",\"@id\":\"https:\\\/\\\/www.eldigitaldeasturias.com\\\/noticias\\\/#organization\",\"name\":\"El Digital de Asturias\",\"description\":\"Hemeroteca\",\"url\":\"https:\\\/\\\/www.eldigitaldeasturias.com\\\/noticias\\\/\",\"email\":\"info@eldigitaldeasturias.com\",\"telephone\":\"+34652131393\",\"logo\":{\"@type\":\"ImageObject\",\"url\":\"https:\\\/\\\/www.eldigitaldeasturias.com\\\/noticias\\\/wp-content\\\/uploads\\\/2020\\\/12\\\/EDA.jpg\",\"@id\":\"https:\\\/\\\/www.eldigitaldeasturias.com\\\/noticias\\\/el-caso-de-las-bayetas-pva-por-que-se-han-vuelto-virales\\\/#organizationLogo\",\"width\":649,\"height\":297},\"image\":{\"@id\":\"https:\\\/\\\/www.eldigitaldeasturias.com\\\/noticias\\\/el-caso-de-las-bayetas-pva-por-que-se-han-vuelto-virales\\\/#organizationLogo\"},\"sameAs\":[\"https:\\\/\\\/facebook.com\\\/eldigitaldeasturias\",\"https:\\\/\\\/www.youtube.com\\\/channel\\\/UCZP-2wLEB9Rv6erhFmqVnvg\"],\"address\":{\"@id\":\"https:\\\/\\\/www.eldigitaldeasturias.com\\\/noticias\\\/#postaladdress\",\"@type\":\"PostalAddress\",\"streetAddress\":\"san antonio 4,\",\"postalCode\":\"33430\",\"addressLocality\":\"Cand\\u00e1s\",\"addressRegion\":\"Asturias\",\"addressCountry\":\"ES\"}},{\"@type\":\"Person\",\"@id\":\"https:\\\/\\\/www.eldigitaldeasturias.com\\\/noticias\\\/author\\\/admin\\\/#author\",\"url\":\"https:\\\/\\\/www.eldigitaldeasturias.com\\\/noticias\\\/author\\\/admin\\\/\",\"name\":\"El Digital de Asturias\",\"image\":{\"@type\":\"ImageObject\",\"@id\":\"https:\\\/\\\/www.eldigitaldeasturias.com\\\/noticias\\\/el-caso-de-las-bayetas-pva-por-que-se-han-vuelto-virales\\\/#authorImage\",\"url\":\"https:\\\/\\\/www.eldigitaldeasturias.com\\\/noticias\\\/wp-content\\\/litespeed\\\/avatar\\\/18677e78aa0546b92d9dbf31ec7d7668.jpg?ver=1777290358\",\"width\":96,\"height\":96,\"caption\":\"El Digital de Asturias\"}},{\"@type\":\"WebPage\",\"@id\":\"https:\\\/\\\/www.eldigitaldeasturias.com\\\/noticias\\\/el-caso-de-las-bayetas-pva-por-que-se-han-vuelto-virales\\\/#webpage\",\"url\":\"https:\\\/\\\/www.eldigitaldeasturias.com\\\/noticias\\\/el-caso-de-las-bayetas-pva-por-que-se-han-vuelto-virales\\\/\",\"name\":\"El caso de las Bayetas PVA: \\u00bfPor qu\\u00e9 se han vuelto virales? - El Digital de Asturias\",\"description\":\"Cada vez son m\\u00e1s las personas que ya tienen en su casa o lugar de trabajo las Bayetas PVA, un producto que se ha vuelto viral gracias a su calidad\",\"inLanguage\":\"es-ES\",\"isPartOf\":{\"@id\":\"https:\\\/\\\/www.eldigitaldeasturias.com\\\/noticias\\\/#website\"},\"breadcrumb\":{\"@id\":\"https:\\\/\\\/www.eldigitaldeasturias.com\\\/noticias\\\/el-caso-de-las-bayetas-pva-por-que-se-han-vuelto-virales\\\/#breadcrumblist\"},\"author\":{\"@id\":\"https:\\\/\\\/www.eldigitaldeasturias.com\\\/noticias\\\/author\\\/admin\\\/#author\"},\"creator\":{\"@id\":\"https:\\\/\\\/www.eldigitaldeasturias.com\\\/noticias\\\/author\\\/admin\\\/#author\"},\"image\":{\"@type\":\"ImageObject\",\"url\":\"https:\\\/\\\/www.eldigitaldeasturias.com\\\/noticias\\\/wp-content\\\/uploads\\\/2023\\\/12\\\/bayetas-pva.png\",\"@id\":\"https:\\\/\\\/www.eldigitaldeasturias.com\\\/noticias\\\/el-caso-de-las-bayetas-pva-por-que-se-han-vuelto-virales\\\/#mainImage\",\"width\":600,\"height\":600,\"caption\":\"bayetas pva\"},\"primaryImageOfPage\":{\"@id\":\"https:\\\/\\\/www.eldigitaldeasturias.com\\\/noticias\\\/el-caso-de-las-bayetas-pva-por-que-se-han-vuelto-virales\\\/#mainImage\"},\"datePublished\":\"2023-12-11T10:53:35+01:00\",\"dateModified\":\"2023-12-11T10:53:35+01:00\"},{\"@type\":\"WebSite\",\"@id\":\"https:\\\/\\\/www.eldigitaldeasturias.com\\\/noticias\\\/#website\",\"url\":\"https:\\\/\\\/www.eldigitaldeasturias.com\\\/noticias\\\/\",\"name\":\"El Digital de Asturias - Diario de actualidad y noticias\",\"alternateName\":\"El Digital de Asturias - Diario de actualidad y noticias\",\"description\":\"Hemeroteca\",\"inLanguage\":\"es-ES\",\"publisher\":{\"@id\":\"https:\\\/\\\/www.eldigitaldeasturias.com\\\/noticias\\\/#organization\"}}]}\n\t\t<\/script>\n\t\t<!-- All in One SEO Pro -->\r\n\t\t<title>El caso de las Bayetas PVA: \u00bfPor qu\u00e9 se han vuelto virales? - El Digital de Asturias<\/title>\n\n","aioseo_head_json":{"title":"El caso de las Bayetas PVA: \u00bfPor qu\u00e9 se han vuelto virales? - El Digital de Asturias","description":"Cada vez son m\u00e1s las personas que ya tienen en su casa o lugar de trabajo las Bayetas PVA, un producto que se ha vuelto viral gracias a su calidad","canonical_url":"https:\/\/www.eldigitaldeasturias.com\/noticias\/el-caso-de-las-bayetas-pva-por-que-se-han-vuelto-virales\/","robots":"max-image-preview:large","keywords":"sociedad","webmasterTools":{"google-site-verification":"UA-38556648-1","msvalidate.01":"7dfe9f3f1b24437ab69f4f2559babe99","miscellaneous":""},"schema":{"@context":"https:\/\/schema.org","@graph":[{"@type":"BlogPosting","@id":"https:\/\/www.eldigitaldeasturias.com\/noticias\/el-caso-de-las-bayetas-pva-por-que-se-han-vuelto-virales\/#blogposting","name":"El caso de las Bayetas PVA: \u00bfPor qu\u00e9 se han vuelto virales? - El Digital de Asturias","headline":"El caso de las Bayetas PVA: \u00bfPor qu\u00e9 se han vuelto virales?","author":{"@id":"https:\/\/www.eldigitaldeasturias.com\/noticias\/author\/admin\/#author"},"publisher":{"@id":"https:\/\/www.eldigitaldeasturias.com\/noticias\/#organization"},"image":{"@type":"ImageObject","url":"https:\/\/www.eldigitaldeasturias.com\/noticias\/wp-content\/uploads\/2023\/12\/bayetas-pva.png","width":600,"height":600,"caption":"bayetas pva"},"datePublished":"2023-12-11T10:53:35+01:00","dateModified":"2023-12-11T10:53:35+01:00","inLanguage":"es-ES","mainEntityOfPage":{"@id":"https:\/\/www.eldigitaldeasturias.com\/noticias\/el-caso-de-las-bayetas-pva-por-que-se-han-vuelto-virales\/#webpage"},"isPartOf":{"@id":"https:\/\/www.eldigitaldeasturias.com\/noticias\/el-caso-de-las-bayetas-pva-por-que-se-han-vuelto-virales\/#webpage"},"articleSection":"Sociedad"},{"@type":"BreadcrumbList","@id":"https:\/\/www.eldigitaldeasturias.com\/noticias\/el-caso-de-las-bayetas-pva-por-que-se-han-vuelto-virales\/#breadcrumblist","itemListElement":[{"@type":"ListItem","@id":"https:\/\/www.eldigitaldeasturias.com\/noticias#listItem","position":1,"name":"Home","item":"https:\/\/www.eldigitaldeasturias.com\/noticias","nextItem":{"@type":"ListItem","@id":"https:\/\/www.eldigitaldeasturias.com\/noticias\/category\/sociedad\/#listItem","name":"Sociedad"}},{"@type":"ListItem","@id":"https:\/\/www.eldigitaldeasturias.com\/noticias\/category\/sociedad\/#listItem","position":2,"name":"Sociedad","item":"https:\/\/www.eldigitaldeasturias.com\/noticias\/category\/sociedad\/","nextItem":{"@type":"ListItem","@id":"https:\/\/www.eldigitaldeasturias.com\/noticias\/el-caso-de-las-bayetas-pva-por-que-se-han-vuelto-virales\/#listItem","name":"El caso de las Bayetas PVA: \u00bfPor qu\u00e9 se han vuelto virales?"},"previousItem":{"@type":"ListItem","@id":"https:\/\/www.eldigitaldeasturias.com\/noticias#listItem","name":"Home"}},{"@type":"ListItem","@id":"https:\/\/www.eldigitaldeasturias.com\/noticias\/el-caso-de-las-bayetas-pva-por-que-se-han-vuelto-virales\/#listItem","position":3,"name":"El caso de las Bayetas PVA: \u00bfPor qu\u00e9 se han vuelto virales?","previousItem":{"@type":"ListItem","@id":"https:\/\/www.eldigitaldeasturias.com\/noticias\/category\/sociedad\/#listItem","name":"Sociedad"}}]},{"@type":"Organization","@id":"https:\/\/www.eldigitaldeasturias.com\/noticias\/#organization","name":"El Digital de Asturias","description":"Hemeroteca","url":"https:\/\/www.eldigitaldeasturias.com\/noticias\/","email":"info@eldigitaldeasturias.com","telephone":"+34652131393","logo":{"@type":"ImageObject","url":"https:\/\/www.eldigitaldeasturias.com\/noticias\/wp-content\/uploads\/2020\/12\/EDA.jpg","@id":"https:\/\/www.eldigitaldeasturias.com\/noticias\/el-caso-de-las-bayetas-pva-por-que-se-han-vuelto-virales\/#organizationLogo","width":649,"height":297},"image":{"@id":"https:\/\/www.eldigitaldeasturias.com\/noticias\/el-caso-de-las-bayetas-pva-por-que-se-han-vuelto-virales\/#organizationLogo"},"sameAs":["https:\/\/facebook.com\/eldigitaldeasturias","https:\/\/www.youtube.com\/channel\/UCZP-2wLEB9Rv6erhFmqVnvg"],"address":{"@id":"https:\/\/www.eldigitaldeasturias.com\/noticias\/#postaladdress","@type":"PostalAddress","streetAddress":"san antonio 4,","postalCode":"33430","addressLocality":"Cand\u00e1s","addressRegion":"Asturias","addressCountry":"ES"}},{"@type":"Person","@id":"https:\/\/www.eldigitaldeasturias.com\/noticias\/author\/admin\/#author","url":"https:\/\/www.eldigitaldeasturias.com\/noticias\/author\/admin\/","name":"El Digital de Asturias","image":{"@type":"ImageObject","@id":"https:\/\/www.eldigitaldeasturias.com\/noticias\/el-caso-de-las-bayetas-pva-por-que-se-han-vuelto-virales\/#authorImage","url":"https:\/\/www.eldigitaldeasturias.com\/noticias\/wp-content\/litespeed\/avatar\/18677e78aa0546b92d9dbf31ec7d7668.jpg?ver=1777290358","width":96,"height":96,"caption":"El Digital de Asturias"}},{"@type":"WebPage","@id":"https:\/\/www.eldigitaldeasturias.com\/noticias\/el-caso-de-las-bayetas-pva-por-que-se-han-vuelto-virales\/#webpage","url":"https:\/\/www.eldigitaldeasturias.com\/noticias\/el-caso-de-las-bayetas-pva-por-que-se-han-vuelto-virales\/","name":"El caso de las Bayetas PVA: \u00bfPor qu\u00e9 se han vuelto virales? - El Digital de Asturias","description":"Cada vez son m\u00e1s las personas que ya tienen en su casa o lugar de trabajo las Bayetas PVA, un producto que se ha vuelto viral gracias a su calidad","inLanguage":"es-ES","isPartOf":{"@id":"https:\/\/www.eldigitaldeasturias.com\/noticias\/#website"},"breadcrumb":{"@id":"https:\/\/www.eldigitaldeasturias.com\/noticias\/el-caso-de-las-bayetas-pva-por-que-se-han-vuelto-virales\/#breadcrumblist"},"author":{"@id":"https:\/\/www.eldigitaldeasturias.com\/noticias\/author\/admin\/#author"},"creator":{"@id":"https:\/\/www.eldigitaldeasturias.com\/noticias\/author\/admin\/#author"},"image":{"@type":"ImageObject","url":"https:\/\/www.eldigitaldeasturias.com\/noticias\/wp-content\/uploads\/2023\/12\/bayetas-pva.png","@id":"https:\/\/www.eldigitaldeasturias.com\/noticias\/el-caso-de-las-bayetas-pva-por-que-se-han-vuelto-virales\/#mainImage","width":600,"height":600,"caption":"bayetas pva"},"primaryImageOfPage":{"@id":"https:\/\/www.eldigitaldeasturias.com\/noticias\/el-caso-de-las-bayetas-pva-por-que-se-han-vuelto-virales\/#mainImage"},"datePublished":"2023-12-11T10:53:35+01:00","dateModified":"2023-12-11T10:53:35+01:00"},{"@type":"WebSite","@id":"https:\/\/www.eldigitaldeasturias.com\/noticias\/#website","url":"https:\/\/www.eldigitaldeasturias.com\/noticias\/","name":"El Digital de Asturias - Diario de actualidad y noticias","alternateName":"El Digital de Asturias - Diario de actualidad y noticias","description":"Hemeroteca","inLanguage":"es-ES","publisher":{"@id":"https:\/\/www.eldigitaldeasturias.com\/noticias\/#organization"}}]},"og:locale":"es_ES","og:site_name":"El Digital de Asturias","og:type":"article","og:title":"El caso de las Bayetas PVA: \u00bfPor qu\u00e9 se han vuelto virales? - El Digital de Asturias","og:description":"Cada vez son m\u00e1s las personas que ya tienen en su casa o lugar de trabajo las Bayetas PVA, un producto que se ha vuelto viral gracias a su calidad","og:url":"https:\/\/www.eldigitaldeasturias.com\/noticias\/el-caso-de-las-bayetas-pva-por-que-se-han-vuelto-virales\/","og:image":"https:\/\/www.eldigitaldeasturias.com\/noticias\/wp-content\/uploads\/2023\/12\/bayetas-pva.png","og:image:secure_url":"https:\/\/www.eldigitaldeasturias.com\/noticias\/wp-content\/uploads\/2023\/12\/bayetas-pva.png","og:image:width":600,"og:image:height":600,"article:tag":["sociedad"],"article:published_time":"2023-12-11T09:53:35+00:00","article:modified_time":"2023-12-11T09:53:35+00:00","article:publisher":"https:\/\/facebook.com\/eldigitaldeasturias","twitter:card":"summary_large_image","twitter:title":"El caso de las Bayetas PVA: \u00bfPor qu\u00e9 se han vuelto virales? - El Digital de Asturias","twitter:description":"Cada vez son m\u00e1s las personas que ya tienen en su casa o lugar de trabajo las Bayetas PVA, un producto que se ha vuelto viral gracias a su calidad","twitter:image":"https:\/\/www.eldigitaldeasturias.com\/noticias\/wp-content\/uploads\/2023\/12\/bayetas-pva.png","twitter:label1":"Escrito por","twitter:data1":"El Digital de Asturias","twitter:label2":"Tiempo de lectura estimado","twitter:data2":"3 minutos"},"aioseo_meta_data":{"post_id":"1127520","title":null,"description":"Cada vez son m\u00e1s las personas que ya tienen en su casa o lugar de trabajo las Bayetas PVA, un producto que se ha vuelto viral gracias a su calidad","keywords":[],"keyphrases":{"focus":{"keyphrase":"Bayetas","score":85,"analysis":{"keyphraseInTitle":{"score":9,"maxScore":9,"error":0},"keyphraseInDescription":{"score":9,"maxScore":9,"error":0},"keyphraseLength":{"score":9,"maxScore":9,"error":0,"length":1},"keyphraseInURL":{"score":1,"maxScore":5,"error":1},"keyphraseInIntroduction":{"score":9,"maxScore":9,"error":0},"keyphraseInSubHeadings":{"score":3,"maxScore":9,"error":1},"keyphraseInImageAlt":{"score":9,"maxScore":9,"error":0},"keywordDensity":{"type":"best","score":9,"maxScore":9,"error":0}}},"additional":[{"keyphrase":"Bayetas PVA","score":100,"analysis":{"keyphraseInDescription":{"score":9,"maxScore":9,"error":0},"keyphraseLength":{"score":9,"maxScore":9,"error":0,"length":2},"keyphraseInIntroduction":{"score":9,"maxScore":9,"error":0},"keyphraseInImageAlt":{"score":9,"maxScore":9,"error":0},"keywordDensity":{"type":"best","score":9,"maxScore":9,"error":0}}},{"keyphrase":"PVA","score":100,"analysis":{"keyphraseInDescription":{"score":9,"maxScore":9,"error":0},"keyphraseLength":{"score":9,"maxScore":9,"error":0,"length":1},"keyphraseInIntroduction":{"score":9,"maxScore":9,"error":0},"keyphraseInImageAlt":{"score":9,"maxScore":9,"error":0},"keywordDensity":{"type":"best","score":9,"maxScore":9,"error":0}}}]},"primary_term":null,"canonical_url":null,"og_title":null,"og_description":null,"og_object_type":"default","og_image_type":"default","og_image_url":null,"og_image_width":null,"og_image_height":null,"og_image_custom_url":null,"og_image_custom_fields":null,"og_video":"","og_custom_url":null,"og_article_section":null,"og_article_tags":[],"twitter_use_og":false,"twitter_card":"default","twitter_image_type":"default","twitter_image_url":null,"twitter_image_custom_url":null,"twitter_image_custom_fields":null,"twitter_title":null,"twitter_description":null,"schema":{"blockGraphs":[],"customGraphs":[],"default":{"data":{"Article":[],"Course":[],"Dataset":[],"FAQPage":[],"Movie":[],"Person":[],"Product":[],"ProductReview":[],"Car":[],"Recipe":[],"Service":[],"SoftwareApplication":[],"WebPage":[]},"graphName":"BlogPosting","isEnabled":true},"graphs":[]},"schema_type":"default","schema_type_options":null,"pillar_content":false,"robots_default":true,"robots_noindex":false,"robots_noarchive":false,"robots_nosnippet":false,"robots_nofollow":false,"robots_noimageindex":false,"robots_noodp":false,"robots_notranslate":false,"robots_max_snippet":"-1","robots_max_videopreview":"-1","robots_max_imagepreview":"large","priority":null,"frequency":"default","local_seo":null,"seo_analyzer_scan_date":"2025-10-05 23:16:42","breadcrumb_settings":null,"limit_modified_date":false,"open_ai":"{\"title\":{\"suggestions\":[],\"usage\":0},\"description\":{\"suggestions\":[],\"usage\":0}}","ai":null,"created":"2023-12-11 09:31:04","updated":"2025-10-09 05:18:32"},"aioseo_breadcrumb":"<div class=\"aioseo-breadcrumbs\"><span class=\"aioseo-breadcrumb\">\n\t<a href=\"https:\/\/www.eldigitaldeasturias.com\/noticias\" title=\"Home\">Home<\/a>\n<\/span><span class=\"aioseo-breadcrumb-separator\">\u2013<\/span><span class=\"aioseo-breadcrumb\">\n\t<a href=\"https:\/\/www.eldigitaldeasturias.com\/noticias\/category\/sociedad\/\" title=\"Sociedad\">Sociedad<\/a>\n<\/span><span class=\"aioseo-breadcrumb-separator\">\u2013<\/span><span class=\"aioseo-breadcrumb\">\n\t<a href=\"https:\/\/www.eldigitaldeasturias.com\/noticias\/el-caso-de-las-bayetas-pva-por-que-se-han-vuelto-virales\/\" title=\"El caso de las Bayetas PVA: \u00bfPor qu\u00e9 se han vuelto virales?\">El caso de las Bayetas PVA: \u00bfPor qu\u00e9 se han vuelto virales?<\/a>\n<\/span><\/div>","aioseo_breadcrumb_json":[{"label":"Home","link":"https:\/\/www.eldigitaldeasturias.com\/noticias"},{"label":"Sociedad","link":"https:\/\/www.eldigitaldeasturias.com\/noticias\/category\/sociedad\/"},{"label":"El caso de las Bayetas PVA: \u00bfPor qu\u00e9 se han vuelto virales?","link":"https:\/\/www.eldigitaldeasturias.com\/noticias\/el-caso-de-las-bayetas-pva-por-que-se-han-vuelto-virales\/"}],"_links":{"self":[{"href":"https:\/\/www.eldigitaldeasturias.com\/noticias\/wp-json\/wp\/v2\/posts\/1127520","targetHints":{"allow":["GET"]}}],"collection":[{"href":"https:\/\/www.eldigitaldeasturias.com\/noticias\/wp-json\/wp\/v2\/posts"}],"about":[{"href":"https:\/\/www.eldigitaldeasturias.com\/noticias\/wp-json\/wp\/v2\/types\/post"}],"author":[{"embeddable":true,"href":"https:\/\/www.eldigitaldeasturias.com\/noticias\/wp-json\/wp\/v2\/users\/1"}],"replies":[{"embeddable":true,"href":"https:\/\/www.eldigitaldeasturias.com\/noticias\/wp-json\/wp\/v2\/comments?post=1127520"}],"version-history":[{"count":0,"href":"https:\/\/www.eldigitaldeasturias.com\/noticias\/wp-json\/wp\/v2\/posts\/1127520\/revisions"}],"wp:featuredmedia":[{"embeddable":true,"href":"https:\/\/www.eldigitaldeasturias.com\/noticias\/wp-json\/wp\/v2\/media\/1127521"}],"wp:attachment":[{"href":"https:\/\/www.eldigitaldeasturias.com\/noticias\/wp-json\/wp\/v2\/media?parent=1127520"}],"wp:term":[{"taxonomy":"category","embeddable":true,"href":"https:\/\/www.eldigitaldeasturias.com\/noticias\/wp-json\/wp\/v2\/categories?post=1127520"},{"taxonomy":"post_tag","embeddable":true,"href":"https:\/\/www.eldigitaldeasturias.com\/noticias\/wp-json\/wp\/v2\/tags?post=1127520"}],"curies":[{"name":"wp","href":"https:\/\/api.w.org\/{rel}","templated":true}]}}