{"id":1127484,"date":"2023-12-09T05:14:29","date_gmt":"2023-12-09T04:14:29","guid":{"rendered":"https:\/\/www.eldigitaldeasturias.com\/noticias\/?p=1127484"},"modified":"2023-12-09T05:14:29","modified_gmt":"2023-12-09T04:14:29","slug":"baerbock-lidera-las-negociaciones-de-la-union-europea-en-la-cop28","status":"publish","type":"post","link":"https:\/\/www.eldigitaldeasturias.com\/noticias\/baerbock-lidera-las-negociaciones-de-la-union-europea-en-la-cop28\/","title":{"rendered":"Baerbock lidera las negociaciones de la Uni\u00f3n Europea en la COP28"},"content":{"rendered":"<p>Dub\u00e1i, 8 dic (<a title=\"dpa\" href=\"https:\/\/www.dpa-news.de\/\" target=\"_blank\" rel=\"noopener\"><span style=\"color: #ff6600;\"><strong>dpa<\/strong><\/span><\/a>) &#8211; La ministra alemana de Relaciones Exteriores, Annalena Baerbock, encabezar\u00e1 las negociaciones de la <strong>Uni\u00f3n Europea en la <a href=\"https:\/\/www.eldigitaldeasturias.com\/noticias\/alemania-pide-avances-concretos-en-la-conferencia-del-clima-de-la-onu\/\"><span style=\"color: #ff6600;\">COP28<\/span><\/a><\/strong>\u00a0que se celebra estos d\u00edas en Dubai, seg\u00fan anunci\u00f3 hoy la delegaci\u00f3n germana.<\/p>\n<figure id=\"attachment_1127485\" aria-describedby=\"caption-attachment-1127485\" style=\"width: 650px\" class=\"wp-caption aligncenter\"><img loading=\"lazy\" decoding=\"async\" class=\"wp-image-1127485 size-large\" src=\"https:\/\/www.eldigitaldeasturias.com\/noticias\/wp-content\/uploads\/2023\/12\/Baerbock-650x432.jpg\" alt=\"Baerbock\" width=\"650\" height=\"432\" srcset=\"https:\/\/www.eldigitaldeasturias.com\/noticias\/wp-content\/uploads\/2023\/12\/Baerbock-650x432.jpg 650w, https:\/\/www.eldigitaldeasturias.com\/noticias\/wp-content\/uploads\/2023\/12\/Baerbock-360x239.jpg 360w, https:\/\/www.eldigitaldeasturias.com\/noticias\/wp-content\/uploads\/2023\/12\/Baerbock-452x300.jpg 452w, https:\/\/www.eldigitaldeasturias.com\/noticias\/wp-content\/uploads\/2023\/12\/Baerbock-768x510.jpg 768w, https:\/\/www.eldigitaldeasturias.com\/noticias\/wp-content\/uploads\/2023\/12\/Baerbock-150x100.jpg 150w, https:\/\/www.eldigitaldeasturias.com\/noticias\/wp-content\/uploads\/2023\/12\/Baerbock-450x299.jpg 450w, https:\/\/www.eldigitaldeasturias.com\/noticias\/wp-content\/uploads\/2023\/12\/Baerbock.jpg 992w\" sizes=\"auto, (max-width: 650px) 100vw, 650px\" \/><figcaption id=\"caption-attachment-1127485\" class=\"wp-caption-text\">Annalena Baerbock, ministra alemana de Relaciones Exteriores, se dirige a las instalaciones donde se celebra la Conferencia Mundial sobre el Clima de Dubai (COP28). Foto: Hannes P. Albert\/dpa<\/figcaption><\/figure>\n<p>En la conferencia de la ONU, la comunidad internacional quiere hacer balance de sus esfuerzos de protecci\u00f3n del clima y las casi 200 delegaciones debatir\u00e1n tambi\u00e9n medidas para contribuir a alcanzar los objetivos clim\u00e1ticos mundiales.<\/p>\n<blockquote><p>Baerbock viaj\u00f3 el jueves a Dub\u00e1i para la fase final de la reuni\u00f3n, donde tambi\u00e9n negociar\u00e1 en nombre de Alemania.<\/p><\/blockquote>\n<p>La COP28, de dos semanas de duraci\u00f3n y con unos 97.000 participantes, concluir\u00e1 el 12 de diciembre. Uno de los principales puntos de discordia es si finalmente se decidir\u00e1 la eliminaci\u00f3n progresiva del carb\u00f3n, el petr\u00f3leo y el gas como fuentes de energ\u00eda.<\/p>\n<p>Tambi\u00e9n se debatir\u00e1 si la conferencia debe decidir triplicar la cantidad de energ\u00edas renovables para 2030 y duplicar el ritmo de eficiencia energ\u00e9tica, es decir, que los aparatos y bienes consuman cada vez menos energ\u00eda en su funcionamiento y producci\u00f3n.<\/p>\n<p>Christoph Bals, de la organizaci\u00f3n ecologista Germanwatch, afirm\u00f3 que Baerbock tiene ahora un \u00abpapel clave\u00bb que desempe\u00f1ar en las negociaciones. <strong>\u00abEl papel de Alemania ser\u00e1 ahora muy importante\u00bb, a\u00f1adi\u00f3.<\/strong><\/p>\n<p>En la conferencia sobre el clima celebrada en 2015 en Par\u00eds, la comunidad internacional se fij\u00f3 el objetivo de limitar el calentamiento global a menos de 1,5 grados respecto a los niveles preindustriales.<\/p>\n","protected":false},"excerpt":{"rendered":"<p>Dub\u00e1i, 8 dic (dpa) &#8211; La ministra alemana de Relaciones Exteriores, Annalena Baerbock, encabezar\u00e1 las negociaciones de la Uni\u00f3n Europea en la COP28\u00a0que se celebra estos d\u00edas en Dubai, seg\u00fan anunci\u00f3 hoy la delegaci\u00f3n germana. En la conferencia de la ONU, la comunidad internacional quiere hacer balance de sus esfuerzos de protecci\u00f3n del clima y [&hellip;]<\/p>\n","protected":false},"author":1,"featured_media":1127485,"comment_status":"closed","ping_status":"closed","sticky":false,"template":"","format":"standard","meta":{"footnotes":""},"categories":[1,141],"tags":[],"class_list":["post-1127484","post","type-post","status-publish","format-standard","has-post-thumbnail","hentry","category-actualidad","category-destacadas"],"aioseo_notices":[],"aioseo_head":"\n\t\t<!-- All in One SEO Pro 4.9.6.2 - aioseo.com -->\n\t<meta name=\"description\" content=\"Dub\u00e1i, 8 dic (dpa) - La ministra alemana de Relaciones Exteriores, Annalena Baerbock, encabezar\u00e1 las negociaciones de la Uni\u00f3n Europea en la COP28\" \/>\n\t<meta name=\"robots\" content=\"max-image-preview:large\" \/>\n\t<meta name=\"author\" content=\"El Digital de Asturias\"\/>\n\t<meta name=\"google-site-verification\" content=\"UA-38556648-1\" \/>\n\t<meta name=\"msvalidate.01\" content=\"7dfe9f3f1b24437ab69f4f2559babe99\" \/>\n\t<meta name=\"keywords\" content=\"actualidad,destacadas\" \/>\n\t<link rel=\"canonical\" href=\"https:\/\/www.eldigitaldeasturias.com\/noticias\/baerbock-lidera-las-negociaciones-de-la-union-europea-en-la-cop28\/\" \/>\n\t<meta name=\"generator\" content=\"All in One SEO Pro (AIOSEO) 4.9.6.2\" \/>\n\t\t<meta property=\"og:locale\" content=\"es_ES\" \/>\n\t\t<meta property=\"og:site_name\" content=\"El Digital de Asturias\" \/>\n\t\t<meta property=\"og:type\" content=\"article\" \/>\n\t\t<meta property=\"og:title\" content=\"Baerbock lidera las negociaciones de la Uni\u00f3n Europea en la COP28 - El Digital de Asturias\" \/>\n\t\t<meta property=\"og:description\" content=\"Dub\u00e1i, 8 dic (dpa) - La ministra alemana de Relaciones Exteriores, Annalena Baerbock, encabezar\u00e1 las negociaciones de la Uni\u00f3n Europea en la COP28\" \/>\n\t\t<meta property=\"og:url\" content=\"https:\/\/www.eldigitaldeasturias.com\/noticias\/baerbock-lidera-las-negociaciones-de-la-union-europea-en-la-cop28\/\" \/>\n\t\t<meta property=\"og:image\" content=\"https:\/\/www.eldigitaldeasturias.com\/noticias\/wp-content\/uploads\/2023\/12\/Baerbock.jpg\" \/>\n\t\t<meta property=\"og:image:secure_url\" content=\"https:\/\/www.eldigitaldeasturias.com\/noticias\/wp-content\/uploads\/2023\/12\/Baerbock.jpg\" \/>\n\t\t<meta property=\"og:image:width\" content=\"992\" \/>\n\t\t<meta property=\"og:image:height\" content=\"659\" \/>\n\t\t<meta property=\"article:tag\" content=\"actualidad\" \/>\n\t\t<meta property=\"article:tag\" content=\"destacadas\" \/>\n\t\t<meta property=\"article:published_time\" content=\"2023-12-09T04:14:29+00:00\" \/>\n\t\t<meta property=\"article:modified_time\" content=\"2023-12-09T04:14:29+00:00\" \/>\n\t\t<meta property=\"article:publisher\" content=\"https:\/\/facebook.com\/eldigitaldeasturias\" \/>\n\t\t<meta name=\"twitter:card\" content=\"summary_large_image\" \/>\n\t\t<meta name=\"twitter:title\" content=\"Baerbock lidera las negociaciones de la Uni\u00f3n Europea en la COP28 - El Digital de Asturias\" \/>\n\t\t<meta name=\"twitter:description\" content=\"Dub\u00e1i, 8 dic (dpa) - La ministra alemana de Relaciones Exteriores, Annalena Baerbock, encabezar\u00e1 las negociaciones de la Uni\u00f3n Europea en la COP28\" \/>\n\t\t<meta name=\"twitter:image\" content=\"https:\/\/www.eldigitaldeasturias.com\/noticias\/wp-content\/uploads\/2023\/12\/Baerbock.jpg\" \/>\n\t\t<meta name=\"twitter:label1\" content=\"Escrito por\" \/>\n\t\t<meta name=\"twitter:data1\" content=\"El Digital de Asturias\" \/>\n\t\t<meta name=\"twitter:label2\" content=\"Tiempo de lectura estimado\" \/>\n\t\t<meta name=\"twitter:data2\" content=\"1 minuto\" \/>\n\t\t<script type=\"application\/ld+json\" class=\"aioseo-schema\">\n\t\t\t{\"@context\":\"https:\\\/\\\/schema.org\",\"@graph\":[{\"@type\":\"BlogPosting\",\"@id\":\"https:\\\/\\\/www.eldigitaldeasturias.com\\\/noticias\\\/baerbock-lidera-las-negociaciones-de-la-union-europea-en-la-cop28\\\/#blogposting\",\"name\":\"Baerbock lidera las negociaciones de la Uni\\u00f3n Europea en la COP28 - El Digital de Asturias\",\"headline\":\"Baerbock lidera las negociaciones de la Uni\\u00f3n Europea en la COP28\",\"author\":{\"@id\":\"https:\\\/\\\/www.eldigitaldeasturias.com\\\/noticias\\\/author\\\/admin\\\/#author\"},\"publisher\":{\"@id\":\"https:\\\/\\\/www.eldigitaldeasturias.com\\\/noticias\\\/#organization\"},\"image\":{\"@type\":\"ImageObject\",\"url\":\"https:\\\/\\\/www.eldigitaldeasturias.com\\\/noticias\\\/wp-content\\\/uploads\\\/2023\\\/12\\\/Baerbock.jpg\",\"width\":992,\"height\":659,\"caption\":\"Annalena Baerbock, ministra alemana de Relaciones Exteriores, se dirige a las instalaciones donde se celebra la Conferencia Mundial sobre el Clima de Dubai (COP28). Foto: Hannes P. Albert\\\/dpa\"},\"datePublished\":\"2023-12-09T05:14:29+01:00\",\"dateModified\":\"2023-12-09T05:14:29+01:00\",\"inLanguage\":\"es-ES\",\"mainEntityOfPage\":{\"@id\":\"https:\\\/\\\/www.eldigitaldeasturias.com\\\/noticias\\\/baerbock-lidera-las-negociaciones-de-la-union-europea-en-la-cop28\\\/#webpage\"},\"isPartOf\":{\"@id\":\"https:\\\/\\\/www.eldigitaldeasturias.com\\\/noticias\\\/baerbock-lidera-las-negociaciones-de-la-union-europea-en-la-cop28\\\/#webpage\"},\"articleSection\":\"Actualidad, Destacadas\"},{\"@type\":\"BreadcrumbList\",\"@id\":\"https:\\\/\\\/www.eldigitaldeasturias.com\\\/noticias\\\/baerbock-lidera-las-negociaciones-de-la-union-europea-en-la-cop28\\\/#breadcrumblist\",\"itemListElement\":[{\"@type\":\"ListItem\",\"@id\":\"https:\\\/\\\/www.eldigitaldeasturias.com\\\/noticias#listItem\",\"position\":1,\"name\":\"Home\",\"item\":\"https:\\\/\\\/www.eldigitaldeasturias.com\\\/noticias\",\"nextItem\":{\"@type\":\"ListItem\",\"@id\":\"https:\\\/\\\/www.eldigitaldeasturias.com\\\/noticias\\\/category\\\/actualidad\\\/#listItem\",\"name\":\"Actualidad\"}},{\"@type\":\"ListItem\",\"@id\":\"https:\\\/\\\/www.eldigitaldeasturias.com\\\/noticias\\\/category\\\/actualidad\\\/#listItem\",\"position\":2,\"name\":\"Actualidad\",\"item\":\"https:\\\/\\\/www.eldigitaldeasturias.com\\\/noticias\\\/category\\\/actualidad\\\/\",\"nextItem\":{\"@type\":\"ListItem\",\"@id\":\"https:\\\/\\\/www.eldigitaldeasturias.com\\\/noticias\\\/baerbock-lidera-las-negociaciones-de-la-union-europea-en-la-cop28\\\/#listItem\",\"name\":\"Baerbock lidera las negociaciones de la Uni\\u00f3n Europea en la COP28\"},\"previousItem\":{\"@type\":\"ListItem\",\"@id\":\"https:\\\/\\\/www.eldigitaldeasturias.com\\\/noticias#listItem\",\"name\":\"Home\"}},{\"@type\":\"ListItem\",\"@id\":\"https:\\\/\\\/www.eldigitaldeasturias.com\\\/noticias\\\/baerbock-lidera-las-negociaciones-de-la-union-europea-en-la-cop28\\\/#listItem\",\"position\":3,\"name\":\"Baerbock lidera las negociaciones de la Uni\\u00f3n Europea en la COP28\",\"previousItem\":{\"@type\":\"ListItem\",\"@id\":\"https:\\\/\\\/www.eldigitaldeasturias.com\\\/noticias\\\/category\\\/actualidad\\\/#listItem\",\"name\":\"Actualidad\"}}]},{\"@type\":\"Organization\",\"@id\":\"https:\\\/\\\/www.eldigitaldeasturias.com\\\/noticias\\\/#organization\",\"name\":\"El Digital de Asturias\",\"description\":\"Hemeroteca\",\"url\":\"https:\\\/\\\/www.eldigitaldeasturias.com\\\/noticias\\\/\",\"email\":\"info@eldigitaldeasturias.com\",\"telephone\":\"+34652131393\",\"logo\":{\"@type\":\"ImageObject\",\"url\":\"https:\\\/\\\/www.eldigitaldeasturias.com\\\/noticias\\\/wp-content\\\/uploads\\\/2020\\\/12\\\/EDA.jpg\",\"@id\":\"https:\\\/\\\/www.eldigitaldeasturias.com\\\/noticias\\\/baerbock-lidera-las-negociaciones-de-la-union-europea-en-la-cop28\\\/#organizationLogo\",\"width\":649,\"height\":297},\"image\":{\"@id\":\"https:\\\/\\\/www.eldigitaldeasturias.com\\\/noticias\\\/baerbock-lidera-las-negociaciones-de-la-union-europea-en-la-cop28\\\/#organizationLogo\"},\"sameAs\":[\"https:\\\/\\\/facebook.com\\\/eldigitaldeasturias\",\"https:\\\/\\\/www.youtube.com\\\/channel\\\/UCZP-2wLEB9Rv6erhFmqVnvg\"],\"address\":{\"@id\":\"https:\\\/\\\/www.eldigitaldeasturias.com\\\/noticias\\\/#postaladdress\",\"@type\":\"PostalAddress\",\"streetAddress\":\"san antonio 4,\",\"postalCode\":\"33430\",\"addressLocality\":\"Cand\\u00e1s\",\"addressRegion\":\"Asturias\",\"addressCountry\":\"ES\"}},{\"@type\":\"Person\",\"@id\":\"https:\\\/\\\/www.eldigitaldeasturias.com\\\/noticias\\\/author\\\/admin\\\/#author\",\"url\":\"https:\\\/\\\/www.eldigitaldeasturias.com\\\/noticias\\\/author\\\/admin\\\/\",\"name\":\"El Digital de Asturias\",\"image\":{\"@type\":\"ImageObject\",\"@id\":\"https:\\\/\\\/www.eldigitaldeasturias.com\\\/noticias\\\/baerbock-lidera-las-negociaciones-de-la-union-europea-en-la-cop28\\\/#authorImage\",\"url\":\"https:\\\/\\\/www.eldigitaldeasturias.com\\\/noticias\\\/wp-content\\\/litespeed\\\/avatar\\\/18677e78aa0546b92d9dbf31ec7d7668.jpg?ver=1777290358\",\"width\":96,\"height\":96,\"caption\":\"El Digital de Asturias\"}},{\"@type\":\"WebPage\",\"@id\":\"https:\\\/\\\/www.eldigitaldeasturias.com\\\/noticias\\\/baerbock-lidera-las-negociaciones-de-la-union-europea-en-la-cop28\\\/#webpage\",\"url\":\"https:\\\/\\\/www.eldigitaldeasturias.com\\\/noticias\\\/baerbock-lidera-las-negociaciones-de-la-union-europea-en-la-cop28\\\/\",\"name\":\"Baerbock lidera las negociaciones de la Uni\\u00f3n Europea en la COP28 - El Digital de Asturias\",\"description\":\"Dub\\u00e1i, 8 dic (dpa) - La ministra alemana de Relaciones Exteriores, Annalena Baerbock, encabezar\\u00e1 las negociaciones de la Uni\\u00f3n Europea en la COP28\",\"inLanguage\":\"es-ES\",\"isPartOf\":{\"@id\":\"https:\\\/\\\/www.eldigitaldeasturias.com\\\/noticias\\\/#website\"},\"breadcrumb\":{\"@id\":\"https:\\\/\\\/www.eldigitaldeasturias.com\\\/noticias\\\/baerbock-lidera-las-negociaciones-de-la-union-europea-en-la-cop28\\\/#breadcrumblist\"},\"author\":{\"@id\":\"https:\\\/\\\/www.eldigitaldeasturias.com\\\/noticias\\\/author\\\/admin\\\/#author\"},\"creator\":{\"@id\":\"https:\\\/\\\/www.eldigitaldeasturias.com\\\/noticias\\\/author\\\/admin\\\/#author\"},\"image\":{\"@type\":\"ImageObject\",\"url\":\"https:\\\/\\\/www.eldigitaldeasturias.com\\\/noticias\\\/wp-content\\\/uploads\\\/2023\\\/12\\\/Baerbock.jpg\",\"@id\":\"https:\\\/\\\/www.eldigitaldeasturias.com\\\/noticias\\\/baerbock-lidera-las-negociaciones-de-la-union-europea-en-la-cop28\\\/#mainImage\",\"width\":992,\"height\":659,\"caption\":\"Annalena Baerbock, ministra alemana de Relaciones Exteriores, se dirige a las instalaciones donde se celebra la Conferencia Mundial sobre el Clima de Dubai (COP28). Foto: Hannes P. Albert\\\/dpa\"},\"primaryImageOfPage\":{\"@id\":\"https:\\\/\\\/www.eldigitaldeasturias.com\\\/noticias\\\/baerbock-lidera-las-negociaciones-de-la-union-europea-en-la-cop28\\\/#mainImage\"},\"datePublished\":\"2023-12-09T05:14:29+01:00\",\"dateModified\":\"2023-12-09T05:14:29+01:00\"},{\"@type\":\"WebSite\",\"@id\":\"https:\\\/\\\/www.eldigitaldeasturias.com\\\/noticias\\\/#website\",\"url\":\"https:\\\/\\\/www.eldigitaldeasturias.com\\\/noticias\\\/\",\"name\":\"El Digital de Asturias - Diario de actualidad y noticias\",\"alternateName\":\"El Digital de Asturias - Diario de actualidad y noticias\",\"description\":\"Hemeroteca\",\"inLanguage\":\"es-ES\",\"publisher\":{\"@id\":\"https:\\\/\\\/www.eldigitaldeasturias.com\\\/noticias\\\/#organization\"}}]}\n\t\t<\/script>\n\t\t<!-- All in One SEO Pro -->\r\n\t\t<title>Baerbock lidera las negociaciones de la Uni\u00f3n Europea en la COP28 - El Digital de Asturias<\/title>\n\n","aioseo_head_json":{"title":"Baerbock lidera las negociaciones de la Uni\u00f3n Europea en la COP28 - El Digital de Asturias","description":"Dub\u00e1i, 8 dic (dpa) - La ministra alemana de Relaciones Exteriores, Annalena Baerbock, encabezar\u00e1 las negociaciones de la Uni\u00f3n Europea en la COP28","canonical_url":"https:\/\/www.eldigitaldeasturias.com\/noticias\/baerbock-lidera-las-negociaciones-de-la-union-europea-en-la-cop28\/","robots":"max-image-preview:large","keywords":"actualidad,destacadas","webmasterTools":{"google-site-verification":"UA-38556648-1","msvalidate.01":"7dfe9f3f1b24437ab69f4f2559babe99","miscellaneous":""},"schema":{"@context":"https:\/\/schema.org","@graph":[{"@type":"BlogPosting","@id":"https:\/\/www.eldigitaldeasturias.com\/noticias\/baerbock-lidera-las-negociaciones-de-la-union-europea-en-la-cop28\/#blogposting","name":"Baerbock lidera las negociaciones de la Uni\u00f3n Europea en la COP28 - El Digital de Asturias","headline":"Baerbock lidera las negociaciones de la Uni\u00f3n Europea en la COP28","author":{"@id":"https:\/\/www.eldigitaldeasturias.com\/noticias\/author\/admin\/#author"},"publisher":{"@id":"https:\/\/www.eldigitaldeasturias.com\/noticias\/#organization"},"image":{"@type":"ImageObject","url":"https:\/\/www.eldigitaldeasturias.com\/noticias\/wp-content\/uploads\/2023\/12\/Baerbock.jpg","width":992,"height":659,"caption":"Annalena Baerbock, ministra alemana de Relaciones Exteriores, se dirige a las instalaciones donde se celebra la Conferencia Mundial sobre el Clima de Dubai (COP28). Foto: Hannes P. Albert\/dpa"},"datePublished":"2023-12-09T05:14:29+01:00","dateModified":"2023-12-09T05:14:29+01:00","inLanguage":"es-ES","mainEntityOfPage":{"@id":"https:\/\/www.eldigitaldeasturias.com\/noticias\/baerbock-lidera-las-negociaciones-de-la-union-europea-en-la-cop28\/#webpage"},"isPartOf":{"@id":"https:\/\/www.eldigitaldeasturias.com\/noticias\/baerbock-lidera-las-negociaciones-de-la-union-europea-en-la-cop28\/#webpage"},"articleSection":"Actualidad, Destacadas"},{"@type":"BreadcrumbList","@id":"https:\/\/www.eldigitaldeasturias.com\/noticias\/baerbock-lidera-las-negociaciones-de-la-union-europea-en-la-cop28\/#breadcrumblist","itemListElement":[{"@type":"ListItem","@id":"https:\/\/www.eldigitaldeasturias.com\/noticias#listItem","position":1,"name":"Home","item":"https:\/\/www.eldigitaldeasturias.com\/noticias","nextItem":{"@type":"ListItem","@id":"https:\/\/www.eldigitaldeasturias.com\/noticias\/category\/actualidad\/#listItem","name":"Actualidad"}},{"@type":"ListItem","@id":"https:\/\/www.eldigitaldeasturias.com\/noticias\/category\/actualidad\/#listItem","position":2,"name":"Actualidad","item":"https:\/\/www.eldigitaldeasturias.com\/noticias\/category\/actualidad\/","nextItem":{"@type":"ListItem","@id":"https:\/\/www.eldigitaldeasturias.com\/noticias\/baerbock-lidera-las-negociaciones-de-la-union-europea-en-la-cop28\/#listItem","name":"Baerbock lidera las negociaciones de la Uni\u00f3n Europea en la COP28"},"previousItem":{"@type":"ListItem","@id":"https:\/\/www.eldigitaldeasturias.com\/noticias#listItem","name":"Home"}},{"@type":"ListItem","@id":"https:\/\/www.eldigitaldeasturias.com\/noticias\/baerbock-lidera-las-negociaciones-de-la-union-europea-en-la-cop28\/#listItem","position":3,"name":"Baerbock lidera las negociaciones de la Uni\u00f3n Europea en la COP28","previousItem":{"@type":"ListItem","@id":"https:\/\/www.eldigitaldeasturias.com\/noticias\/category\/actualidad\/#listItem","name":"Actualidad"}}]},{"@type":"Organization","@id":"https:\/\/www.eldigitaldeasturias.com\/noticias\/#organization","name":"El Digital de Asturias","description":"Hemeroteca","url":"https:\/\/www.eldigitaldeasturias.com\/noticias\/","email":"info@eldigitaldeasturias.com","telephone":"+34652131393","logo":{"@type":"ImageObject","url":"https:\/\/www.eldigitaldeasturias.com\/noticias\/wp-content\/uploads\/2020\/12\/EDA.jpg","@id":"https:\/\/www.eldigitaldeasturias.com\/noticias\/baerbock-lidera-las-negociaciones-de-la-union-europea-en-la-cop28\/#organizationLogo","width":649,"height":297},"image":{"@id":"https:\/\/www.eldigitaldeasturias.com\/noticias\/baerbock-lidera-las-negociaciones-de-la-union-europea-en-la-cop28\/#organizationLogo"},"sameAs":["https:\/\/facebook.com\/eldigitaldeasturias","https:\/\/www.youtube.com\/channel\/UCZP-2wLEB9Rv6erhFmqVnvg"],"address":{"@id":"https:\/\/www.eldigitaldeasturias.com\/noticias\/#postaladdress","@type":"PostalAddress","streetAddress":"san antonio 4,","postalCode":"33430","addressLocality":"Cand\u00e1s","addressRegion":"Asturias","addressCountry":"ES"}},{"@type":"Person","@id":"https:\/\/www.eldigitaldeasturias.com\/noticias\/author\/admin\/#author","url":"https:\/\/www.eldigitaldeasturias.com\/noticias\/author\/admin\/","name":"El Digital de Asturias","image":{"@type":"ImageObject","@id":"https:\/\/www.eldigitaldeasturias.com\/noticias\/baerbock-lidera-las-negociaciones-de-la-union-europea-en-la-cop28\/#authorImage","url":"https:\/\/www.eldigitaldeasturias.com\/noticias\/wp-content\/litespeed\/avatar\/18677e78aa0546b92d9dbf31ec7d7668.jpg?ver=1777290358","width":96,"height":96,"caption":"El Digital de Asturias"}},{"@type":"WebPage","@id":"https:\/\/www.eldigitaldeasturias.com\/noticias\/baerbock-lidera-las-negociaciones-de-la-union-europea-en-la-cop28\/#webpage","url":"https:\/\/www.eldigitaldeasturias.com\/noticias\/baerbock-lidera-las-negociaciones-de-la-union-europea-en-la-cop28\/","name":"Baerbock lidera las negociaciones de la Uni\u00f3n Europea en la COP28 - El Digital de Asturias","description":"Dub\u00e1i, 8 dic (dpa) - La ministra alemana de Relaciones Exteriores, Annalena Baerbock, encabezar\u00e1 las negociaciones de la Uni\u00f3n Europea en la COP28","inLanguage":"es-ES","isPartOf":{"@id":"https:\/\/www.eldigitaldeasturias.com\/noticias\/#website"},"breadcrumb":{"@id":"https:\/\/www.eldigitaldeasturias.com\/noticias\/baerbock-lidera-las-negociaciones-de-la-union-europea-en-la-cop28\/#breadcrumblist"},"author":{"@id":"https:\/\/www.eldigitaldeasturias.com\/noticias\/author\/admin\/#author"},"creator":{"@id":"https:\/\/www.eldigitaldeasturias.com\/noticias\/author\/admin\/#author"},"image":{"@type":"ImageObject","url":"https:\/\/www.eldigitaldeasturias.com\/noticias\/wp-content\/uploads\/2023\/12\/Baerbock.jpg","@id":"https:\/\/www.eldigitaldeasturias.com\/noticias\/baerbock-lidera-las-negociaciones-de-la-union-europea-en-la-cop28\/#mainImage","width":992,"height":659,"caption":"Annalena Baerbock, ministra alemana de Relaciones Exteriores, se dirige a las instalaciones donde se celebra la Conferencia Mundial sobre el Clima de Dubai (COP28). Foto: Hannes P. Albert\/dpa"},"primaryImageOfPage":{"@id":"https:\/\/www.eldigitaldeasturias.com\/noticias\/baerbock-lidera-las-negociaciones-de-la-union-europea-en-la-cop28\/#mainImage"},"datePublished":"2023-12-09T05:14:29+01:00","dateModified":"2023-12-09T05:14:29+01:00"},{"@type":"WebSite","@id":"https:\/\/www.eldigitaldeasturias.com\/noticias\/#website","url":"https:\/\/www.eldigitaldeasturias.com\/noticias\/","name":"El Digital de Asturias - Diario de actualidad y noticias","alternateName":"El Digital de Asturias - Diario de actualidad y noticias","description":"Hemeroteca","inLanguage":"es-ES","publisher":{"@id":"https:\/\/www.eldigitaldeasturias.com\/noticias\/#organization"}}]},"og:locale":"es_ES","og:site_name":"El Digital de Asturias","og:type":"article","og:title":"Baerbock lidera las negociaciones de la Uni\u00f3n Europea en la COP28 - El Digital de Asturias","og:description":"Dub\u00e1i, 8 dic (dpa) - La ministra alemana de Relaciones Exteriores, Annalena Baerbock, encabezar\u00e1 las negociaciones de la Uni\u00f3n Europea en la COP28","og:url":"https:\/\/www.eldigitaldeasturias.com\/noticias\/baerbock-lidera-las-negociaciones-de-la-union-europea-en-la-cop28\/","og:image":"https:\/\/www.eldigitaldeasturias.com\/noticias\/wp-content\/uploads\/2023\/12\/Baerbock.jpg","og:image:secure_url":"https:\/\/www.eldigitaldeasturias.com\/noticias\/wp-content\/uploads\/2023\/12\/Baerbock.jpg","og:image:width":992,"og:image:height":659,"article:tag":["actualidad","destacadas"],"article:published_time":"2023-12-09T04:14:29+00:00","article:modified_time":"2023-12-09T04:14:29+00:00","article:publisher":"https:\/\/facebook.com\/eldigitaldeasturias","twitter:card":"summary_large_image","twitter:title":"Baerbock lidera las negociaciones de la Uni\u00f3n Europea en la COP28 - El Digital de Asturias","twitter:description":"Dub\u00e1i, 8 dic (dpa) - La ministra alemana de Relaciones Exteriores, Annalena Baerbock, encabezar\u00e1 las negociaciones de la Uni\u00f3n Europea en la COP28","twitter:image":"https:\/\/www.eldigitaldeasturias.com\/noticias\/wp-content\/uploads\/2023\/12\/Baerbock.jpg","twitter:label1":"Escrito por","twitter:data1":"El Digital de Asturias","twitter:label2":"Tiempo de lectura estimado","twitter:data2":"1 minuto"},"aioseo_meta_data":{"post_id":"1127484","title":null,"description":"Dub\u00e1i, 8 dic (dpa) - La ministra alemana de Relaciones Exteriores, Annalena Baerbock, encabezar\u00e1 las negociaciones de la Uni\u00f3n Europea en la COP28","keywords":[],"keyphrases":{"focus":{"keyphrase":"Baerbock","score":93,"analysis":{"keyphraseInTitle":{"score":9,"maxScore":9,"error":0},"keyphraseInDescription":{"score":9,"maxScore":9,"error":0},"keyphraseLength":{"score":9,"maxScore":9,"error":0,"length":1},"keyphraseInURL":{"score":1,"maxScore":5,"error":1},"keyphraseInIntroduction":{"score":9,"maxScore":9,"error":0},"keyphraseInSubHeadings":[],"keyphraseInImageAlt":{"score":9,"maxScore":9,"error":0},"keywordDensity":{"type":"best","score":9,"maxScore":9,"error":0}}},"additional":[{"keyphrase":"Baerbock","score":100,"analysis":{"keyphraseInDescription":{"score":9,"maxScore":9,"error":0},"keyphraseLength":{"score":9,"maxScore":9,"error":0,"length":1},"keyphraseInIntroduction":{"score":9,"maxScore":9,"error":0},"keyphraseInImageAlt":{"score":9,"maxScore":9,"error":0},"keywordDensity":{"type":"best","score":9,"maxScore":9,"error":0}}},{"keyphrase":"COP28","score":87,"analysis":{"keyphraseInDescription":{"score":9,"maxScore":9,"error":0},"keyphraseLength":{"score":9,"maxScore":9,"error":0,"length":1},"keyphraseInIntroduction":{"score":9,"maxScore":9,"error":0},"keyphraseInImageAlt":{"score":3,"maxScore":9,"error":1},"keywordDensity":{"type":"best","score":9,"maxScore":9,"error":0}}}]},"primary_term":null,"canonical_url":null,"og_title":null,"og_description":null,"og_object_type":"default","og_image_type":"default","og_image_url":null,"og_image_width":null,"og_image_height":null,"og_image_custom_url":null,"og_image_custom_fields":null,"og_video":"","og_custom_url":null,"og_article_section":null,"og_article_tags":[],"twitter_use_og":false,"twitter_card":"default","twitter_image_type":"default","twitter_image_url":null,"twitter_image_custom_url":null,"twitter_image_custom_fields":null,"twitter_title":null,"twitter_description":null,"schema":{"blockGraphs":[],"customGraphs":[],"default":{"data":{"Article":[],"Course":[],"Dataset":[],"FAQPage":[],"Movie":[],"Person":[],"Product":[],"ProductReview":[],"Car":[],"Recipe":[],"Service":[],"SoftwareApplication":[],"WebPage":[]},"graphName":"BlogPosting","isEnabled":true},"graphs":[]},"schema_type":"default","schema_type_options":null,"pillar_content":false,"robots_default":true,"robots_noindex":false,"robots_noarchive":false,"robots_nosnippet":false,"robots_nofollow":false,"robots_noimageindex":false,"robots_noodp":false,"robots_notranslate":false,"robots_max_snippet":"-1","robots_max_videopreview":"-1","robots_max_imagepreview":"large","priority":null,"frequency":"default","local_seo":null,"seo_analyzer_scan_date":"2025-10-05 23:08:38","breadcrumb_settings":null,"limit_modified_date":false,"open_ai":"{\"title\":{\"suggestions\":[],\"usage\":0},\"description\":{\"suggestions\":[],\"usage\":0}}","ai":null,"created":"2023-12-09 04:06:31","updated":"2025-10-09 05:12:30"},"aioseo_breadcrumb":"<div class=\"aioseo-breadcrumbs\"><span class=\"aioseo-breadcrumb\">\n\t<a href=\"https:\/\/www.eldigitaldeasturias.com\/noticias\" title=\"Home\">Home<\/a>\n<\/span><span class=\"aioseo-breadcrumb-separator\">\u2013<\/span><span class=\"aioseo-breadcrumb\">\n\t<a href=\"https:\/\/www.eldigitaldeasturias.com\/noticias\/category\/actualidad\/\" title=\"Actualidad\">Actualidad<\/a>\n<\/span><span class=\"aioseo-breadcrumb-separator\">\u2013<\/span><span class=\"aioseo-breadcrumb\">\n\t<a href=\"https:\/\/www.eldigitaldeasturias.com\/noticias\/baerbock-lidera-las-negociaciones-de-la-union-europea-en-la-cop28\/\" title=\"Baerbock lidera las negociaciones de la Uni\u00f3n Europea en la COP28\">Baerbock lidera las negociaciones de la Uni\u00f3n Europea en la COP28<\/a>\n<\/span><\/div>","aioseo_breadcrumb_json":[{"label":"Home","link":"https:\/\/www.eldigitaldeasturias.com\/noticias"},{"label":"Actualidad","link":"https:\/\/www.eldigitaldeasturias.com\/noticias\/category\/actualidad\/"},{"label":"Baerbock lidera las negociaciones de la Uni\u00f3n Europea en la COP28","link":"https:\/\/www.eldigitaldeasturias.com\/noticias\/baerbock-lidera-las-negociaciones-de-la-union-europea-en-la-cop28\/"}],"_links":{"self":[{"href":"https:\/\/www.eldigitaldeasturias.com\/noticias\/wp-json\/wp\/v2\/posts\/1127484","targetHints":{"allow":["GET"]}}],"collection":[{"href":"https:\/\/www.eldigitaldeasturias.com\/noticias\/wp-json\/wp\/v2\/posts"}],"about":[{"href":"https:\/\/www.eldigitaldeasturias.com\/noticias\/wp-json\/wp\/v2\/types\/post"}],"author":[{"embeddable":true,"href":"https:\/\/www.eldigitaldeasturias.com\/noticias\/wp-json\/wp\/v2\/users\/1"}],"replies":[{"embeddable":true,"href":"https:\/\/www.eldigitaldeasturias.com\/noticias\/wp-json\/wp\/v2\/comments?post=1127484"}],"version-history":[{"count":0,"href":"https:\/\/www.eldigitaldeasturias.com\/noticias\/wp-json\/wp\/v2\/posts\/1127484\/revisions"}],"wp:featuredmedia":[{"embeddable":true,"href":"https:\/\/www.eldigitaldeasturias.com\/noticias\/wp-json\/wp\/v2\/media\/1127485"}],"wp:attachment":[{"href":"https:\/\/www.eldigitaldeasturias.com\/noticias\/wp-json\/wp\/v2\/media?parent=1127484"}],"wp:term":[{"taxonomy":"category","embeddable":true,"href":"https:\/\/www.eldigitaldeasturias.com\/noticias\/wp-json\/wp\/v2\/categories?post=1127484"},{"taxonomy":"post_tag","embeddable":true,"href":"https:\/\/www.eldigitaldeasturias.com\/noticias\/wp-json\/wp\/v2\/tags?post=1127484"}],"curies":[{"name":"wp","href":"https:\/\/api.w.org\/{rel}","templated":true}]}}