{"id":1127482,"date":"2023-12-09T04:43:37","date_gmt":"2023-12-09T03:43:37","guid":{"rendered":"https:\/\/www.eldigitaldeasturias.com\/noticias\/?p=1127482"},"modified":"2023-12-09T04:44:10","modified_gmt":"2023-12-09T03:44:10","slug":"nueva-candidatura-para-la-copa-mundial-femenina-de-futbol-2027","status":"publish","type":"post","link":"https:\/\/www.eldigitaldeasturias.com\/noticias\/nueva-candidatura-para-la-copa-mundial-femenina-de-futbol-2027\/","title":{"rendered":"Nueva candidatura para la Copa Mundial Femenina de f\u00fatbol 2027"},"content":{"rendered":"<p>Fr\u00e1ncfort, 8 dic (<a title=\"dpa\" href=\"https:\/\/www.dpa-news.de\/\" target=\"_blank\" rel=\"noopener\"><span style=\"color: #ff6600;\"><strong>dpa<\/strong><\/span><\/a>) &#8211; Alemania, B\u00e9lgica y los Pa\u00edses Bajos presentaron de manera oficial su candidatura para organizar la <strong>Copa Mundial Femenina de 2027,<\/strong> seg\u00fan confirm\u00f3 hoy la Federaci\u00f3n Alemana de F\u00fatbol (DFB).<\/p>\n<p><img loading=\"lazy\" decoding=\"async\" class=\"aligncenter wp-image-1111004 size-full\" src=\"https:\/\/www.eldigitaldeasturias.com\/noticias\/wp-content\/uploads\/2022\/05\/futbol-fans.jpg\" alt=\"f\u00fatbol\" width=\"640\" height=\"425\" srcset=\"https:\/\/www.eldigitaldeasturias.com\/noticias\/wp-content\/uploads\/2022\/05\/futbol-fans.jpg 640w, https:\/\/www.eldigitaldeasturias.com\/noticias\/wp-content\/uploads\/2022\/05\/futbol-fans-360x239.jpg 360w, https:\/\/www.eldigitaldeasturias.com\/noticias\/wp-content\/uploads\/2022\/05\/futbol-fans-452x300.jpg 452w, https:\/\/www.eldigitaldeasturias.com\/noticias\/wp-content\/uploads\/2022\/05\/futbol-fans-150x100.jpg 150w, https:\/\/www.eldigitaldeasturias.com\/noticias\/wp-content\/uploads\/2022\/05\/futbol-fans-450x299.jpg 450w\" sizes=\"auto, (max-width: 640px) 100vw, 640px\" \/><\/p>\n<p>En un comunicado, la citada entidad inform\u00f3 que los documentos oficiales para postularse fueron enviados a tiempo al ente rector del <a href=\"https:\/\/www.eldigitaldeasturias.com\/noticias\/category\/deportes\/\"><span style=\"color: #ff6600;\"><strong>f\u00fatbol mundial<\/strong><\/span><\/a>, la FIFA.<\/p>\n<p>Brasil, por un lado, y una candidatura conjunta de Estados Unidos y M\u00e9xico, por el otro, tambi\u00e9n buscan acoger el torneo internacional.<\/p>\n<p>El objetivo de la candidatura europea es aumentar los ingresos en un 50 por ciento en comparaci\u00f3n con el Mundial de 2023, celebrado en Australia y Nueva Zelanda, donde se obtuvo una cantidad r\u00e9cord de 570 millones de d\u00f3lares.<\/p>\n<blockquote><p>La candidatura se presenta bajo el lema \u00abBNG2027\u00bb, que representa tanto \u00abBreaking New Ground\u00bb (Abriendo nuevos caminos, en ingl\u00e9s) como las iniciales de \u00abBelgium, Netherlands, Germany\u00bb.<\/p><\/blockquote>\n<p>La decisi\u00f3n sobre la sede se tomar\u00e1 el 17 de mayo del a\u00f1o que viene en el Congreso de la FIFA en Bangkok.<\/p>\n<p>Estados Unidos, que organizar\u00e1 el pr\u00f3ximo Mundial masculino en 2026 junto con M\u00e9xico y Canad\u00e1, ya fue sede del Mundial femenino en 1999 y 2003. El torneo nunca se ha celebrado en Sudam\u00e9rica.<\/p>\n<p>Alemania, que ya organiz\u00f3 el Mundial femenino en 2011, propone como sedes las cuatro ciudades de Dortmund, D\u00fcsseldorf, Gelsenkirchen y Colonia, todas ellas cercanas a las fronteras con sus compa\u00f1eros de candidatura.<\/p>\n<p>Por su parte, B\u00e9lgica quiere organizar partidos en Bruselas, Charleroi, Genk y Gante, mientras que Holanda ofrece \u00c1msterdam, Eindhoven, Heerenveen, Enschede y Rotterdam.<\/p>\n<p>La selecci\u00f3n final de las diez sedes tambi\u00e9n corresponder\u00e1 a la FIFA. Est\u00e1 previsto que los grupos del Mundial sean sorteados en Bruselas.<\/p>\n","protected":false},"excerpt":{"rendered":"<p>Fr\u00e1ncfort, 8 dic (dpa) &#8211; Alemania, B\u00e9lgica y los Pa\u00edses Bajos presentaron de manera oficial su candidatura para organizar la Copa Mundial Femenina de 2027, seg\u00fan confirm\u00f3 hoy la Federaci\u00f3n Alemana de F\u00fatbol (DFB). En un comunicado, la citada entidad inform\u00f3 que los documentos oficiales para postularse fueron enviados a tiempo al ente rector del [&hellip;]<\/p>\n","protected":false},"author":1,"featured_media":1111004,"comment_status":"closed","ping_status":"closed","sticky":false,"template":"","format":"standard","meta":{"footnotes":""},"categories":[190],"tags":[],"class_list":["post-1127482","post","type-post","status-publish","format-standard","has-post-thumbnail","hentry","category-deportes"],"aioseo_notices":[],"aioseo_head":"\n\t\t<!-- All in One SEO Pro 4.9.6.2 - aioseo.com -->\n\t<meta name=\"description\" content=\"Fr\u00e1ncfort, 8 dic (dpa) - Alemania, B\u00e9lgica y los Pa\u00edses Bajos presentaron de manera oficial su candidatura para organizar la Copa Mundial Femenina de 2027\" \/>\n\t<meta name=\"robots\" content=\"max-image-preview:large\" \/>\n\t<meta name=\"author\" content=\"El Digital de Asturias\"\/>\n\t<meta name=\"google-site-verification\" content=\"UA-38556648-1\" \/>\n\t<meta name=\"msvalidate.01\" content=\"7dfe9f3f1b24437ab69f4f2559babe99\" \/>\n\t<meta name=\"keywords\" content=\"deportes\" \/>\n\t<link rel=\"canonical\" href=\"https:\/\/www.eldigitaldeasturias.com\/noticias\/nueva-candidatura-para-la-copa-mundial-femenina-de-futbol-2027\/\" \/>\n\t<meta name=\"generator\" content=\"All in One SEO Pro (AIOSEO) 4.9.6.2\" \/>\n\t\t<meta property=\"og:locale\" content=\"es_ES\" \/>\n\t\t<meta property=\"og:site_name\" content=\"El Digital de Asturias\" \/>\n\t\t<meta property=\"og:type\" content=\"article\" \/>\n\t\t<meta property=\"og:title\" content=\"Nueva candidatura para la Copa Mundial Femenina de f\u00fatbol 2027 - El Digital de Asturias\" \/>\n\t\t<meta property=\"og:description\" content=\"Fr\u00e1ncfort, 8 dic (dpa) - Alemania, B\u00e9lgica y los Pa\u00edses Bajos presentaron de manera oficial su candidatura para organizar la Copa Mundial Femenina de 2027\" \/>\n\t\t<meta property=\"og:url\" content=\"https:\/\/www.eldigitaldeasturias.com\/noticias\/nueva-candidatura-para-la-copa-mundial-femenina-de-futbol-2027\/\" \/>\n\t\t<meta property=\"og:image\" content=\"https:\/\/www.eldigitaldeasturias.com\/noticias\/wp-content\/uploads\/2022\/05\/futbol-fans.jpg\" \/>\n\t\t<meta property=\"og:image:secure_url\" content=\"https:\/\/www.eldigitaldeasturias.com\/noticias\/wp-content\/uploads\/2022\/05\/futbol-fans.jpg\" \/>\n\t\t<meta property=\"og:image:width\" content=\"640\" \/>\n\t\t<meta property=\"og:image:height\" content=\"425\" \/>\n\t\t<meta property=\"article:tag\" content=\"deportes\" \/>\n\t\t<meta property=\"article:published_time\" content=\"2023-12-09T03:43:37+00:00\" \/>\n\t\t<meta property=\"article:modified_time\" content=\"2023-12-09T03:44:10+00:00\" \/>\n\t\t<meta property=\"article:publisher\" content=\"https:\/\/facebook.com\/eldigitaldeasturias\" \/>\n\t\t<meta name=\"twitter:card\" content=\"summary_large_image\" \/>\n\t\t<meta name=\"twitter:title\" content=\"Nueva candidatura para la Copa Mundial Femenina de f\u00fatbol 2027 - El Digital de Asturias\" \/>\n\t\t<meta name=\"twitter:description\" content=\"Fr\u00e1ncfort, 8 dic (dpa) - Alemania, B\u00e9lgica y los Pa\u00edses Bajos presentaron de manera oficial su candidatura para organizar la Copa Mundial Femenina de 2027\" \/>\n\t\t<meta name=\"twitter:image\" content=\"https:\/\/www.eldigitaldeasturias.com\/noticias\/wp-content\/uploads\/2022\/05\/futbol-fans.jpg\" \/>\n\t\t<meta name=\"twitter:label1\" content=\"Escrito por\" \/>\n\t\t<meta name=\"twitter:data1\" content=\"El Digital de Asturias\" \/>\n\t\t<meta name=\"twitter:label2\" content=\"Tiempo de lectura estimado\" \/>\n\t\t<meta name=\"twitter:data2\" content=\"1 minuto\" \/>\n\t\t<script type=\"application\/ld+json\" class=\"aioseo-schema\">\n\t\t\t{\"@context\":\"https:\\\/\\\/schema.org\",\"@graph\":[{\"@type\":\"BlogPosting\",\"@id\":\"https:\\\/\\\/www.eldigitaldeasturias.com\\\/noticias\\\/nueva-candidatura-para-la-copa-mundial-femenina-de-futbol-2027\\\/#blogposting\",\"name\":\"Nueva candidatura para la Copa Mundial Femenina de f\\u00fatbol 2027 - El Digital de Asturias\",\"headline\":\"Nueva candidatura para la Copa Mundial Femenina de f\\u00fatbol 2027\",\"author\":{\"@id\":\"https:\\\/\\\/www.eldigitaldeasturias.com\\\/noticias\\\/author\\\/admin\\\/#author\"},\"publisher\":{\"@id\":\"https:\\\/\\\/www.eldigitaldeasturias.com\\\/noticias\\\/#organization\"},\"image\":{\"@type\":\"ImageObject\",\"url\":\"https:\\\/\\\/www.eldigitaldeasturias.com\\\/noticias\\\/wp-content\\\/uploads\\\/2022\\\/05\\\/futbol-fans.jpg\",\"width\":640,\"height\":425,\"caption\":\"f\\u00fatbol\"},\"datePublished\":\"2023-12-09T04:43:37+01:00\",\"dateModified\":\"2023-12-09T04:44:10+01:00\",\"inLanguage\":\"es-ES\",\"mainEntityOfPage\":{\"@id\":\"https:\\\/\\\/www.eldigitaldeasturias.com\\\/noticias\\\/nueva-candidatura-para-la-copa-mundial-femenina-de-futbol-2027\\\/#webpage\"},\"isPartOf\":{\"@id\":\"https:\\\/\\\/www.eldigitaldeasturias.com\\\/noticias\\\/nueva-candidatura-para-la-copa-mundial-femenina-de-futbol-2027\\\/#webpage\"},\"articleSection\":\"Deportes\"},{\"@type\":\"BreadcrumbList\",\"@id\":\"https:\\\/\\\/www.eldigitaldeasturias.com\\\/noticias\\\/nueva-candidatura-para-la-copa-mundial-femenina-de-futbol-2027\\\/#breadcrumblist\",\"itemListElement\":[{\"@type\":\"ListItem\",\"@id\":\"https:\\\/\\\/www.eldigitaldeasturias.com\\\/noticias#listItem\",\"position\":1,\"name\":\"Home\",\"item\":\"https:\\\/\\\/www.eldigitaldeasturias.com\\\/noticias\",\"nextItem\":{\"@type\":\"ListItem\",\"@id\":\"https:\\\/\\\/www.eldigitaldeasturias.com\\\/noticias\\\/category\\\/deportes\\\/#listItem\",\"name\":\"Deportes\"}},{\"@type\":\"ListItem\",\"@id\":\"https:\\\/\\\/www.eldigitaldeasturias.com\\\/noticias\\\/category\\\/deportes\\\/#listItem\",\"position\":2,\"name\":\"Deportes\",\"item\":\"https:\\\/\\\/www.eldigitaldeasturias.com\\\/noticias\\\/category\\\/deportes\\\/\",\"nextItem\":{\"@type\":\"ListItem\",\"@id\":\"https:\\\/\\\/www.eldigitaldeasturias.com\\\/noticias\\\/nueva-candidatura-para-la-copa-mundial-femenina-de-futbol-2027\\\/#listItem\",\"name\":\"Nueva candidatura para la Copa Mundial Femenina de f\\u00fatbol 2027\"},\"previousItem\":{\"@type\":\"ListItem\",\"@id\":\"https:\\\/\\\/www.eldigitaldeasturias.com\\\/noticias#listItem\",\"name\":\"Home\"}},{\"@type\":\"ListItem\",\"@id\":\"https:\\\/\\\/www.eldigitaldeasturias.com\\\/noticias\\\/nueva-candidatura-para-la-copa-mundial-femenina-de-futbol-2027\\\/#listItem\",\"position\":3,\"name\":\"Nueva candidatura para la Copa Mundial Femenina de f\\u00fatbol 2027\",\"previousItem\":{\"@type\":\"ListItem\",\"@id\":\"https:\\\/\\\/www.eldigitaldeasturias.com\\\/noticias\\\/category\\\/deportes\\\/#listItem\",\"name\":\"Deportes\"}}]},{\"@type\":\"Organization\",\"@id\":\"https:\\\/\\\/www.eldigitaldeasturias.com\\\/noticias\\\/#organization\",\"name\":\"El Digital de Asturias\",\"description\":\"Hemeroteca\",\"url\":\"https:\\\/\\\/www.eldigitaldeasturias.com\\\/noticias\\\/\",\"email\":\"info@eldigitaldeasturias.com\",\"telephone\":\"+34652131393\",\"logo\":{\"@type\":\"ImageObject\",\"url\":\"https:\\\/\\\/www.eldigitaldeasturias.com\\\/noticias\\\/wp-content\\\/uploads\\\/2020\\\/12\\\/EDA.jpg\",\"@id\":\"https:\\\/\\\/www.eldigitaldeasturias.com\\\/noticias\\\/nueva-candidatura-para-la-copa-mundial-femenina-de-futbol-2027\\\/#organizationLogo\",\"width\":649,\"height\":297},\"image\":{\"@id\":\"https:\\\/\\\/www.eldigitaldeasturias.com\\\/noticias\\\/nueva-candidatura-para-la-copa-mundial-femenina-de-futbol-2027\\\/#organizationLogo\"},\"sameAs\":[\"https:\\\/\\\/facebook.com\\\/eldigitaldeasturias\",\"https:\\\/\\\/www.youtube.com\\\/channel\\\/UCZP-2wLEB9Rv6erhFmqVnvg\"],\"address\":{\"@id\":\"https:\\\/\\\/www.eldigitaldeasturias.com\\\/noticias\\\/#postaladdress\",\"@type\":\"PostalAddress\",\"streetAddress\":\"san antonio 4,\",\"postalCode\":\"33430\",\"addressLocality\":\"Cand\\u00e1s\",\"addressRegion\":\"Asturias\",\"addressCountry\":\"ES\"}},{\"@type\":\"Person\",\"@id\":\"https:\\\/\\\/www.eldigitaldeasturias.com\\\/noticias\\\/author\\\/admin\\\/#author\",\"url\":\"https:\\\/\\\/www.eldigitaldeasturias.com\\\/noticias\\\/author\\\/admin\\\/\",\"name\":\"El Digital de Asturias\",\"image\":{\"@type\":\"ImageObject\",\"@id\":\"https:\\\/\\\/www.eldigitaldeasturias.com\\\/noticias\\\/nueva-candidatura-para-la-copa-mundial-femenina-de-futbol-2027\\\/#authorImage\",\"url\":\"https:\\\/\\\/www.eldigitaldeasturias.com\\\/noticias\\\/wp-content\\\/litespeed\\\/avatar\\\/18677e78aa0546b92d9dbf31ec7d7668.jpg?ver=1777290358\",\"width\":96,\"height\":96,\"caption\":\"El Digital de Asturias\"}},{\"@type\":\"WebPage\",\"@id\":\"https:\\\/\\\/www.eldigitaldeasturias.com\\\/noticias\\\/nueva-candidatura-para-la-copa-mundial-femenina-de-futbol-2027\\\/#webpage\",\"url\":\"https:\\\/\\\/www.eldigitaldeasturias.com\\\/noticias\\\/nueva-candidatura-para-la-copa-mundial-femenina-de-futbol-2027\\\/\",\"name\":\"Nueva candidatura para la Copa Mundial Femenina de f\\u00fatbol 2027 - El Digital de Asturias\",\"description\":\"Fr\\u00e1ncfort, 8 dic (dpa) - Alemania, B\\u00e9lgica y los Pa\\u00edses Bajos presentaron de manera oficial su candidatura para organizar la Copa Mundial Femenina de 2027\",\"inLanguage\":\"es-ES\",\"isPartOf\":{\"@id\":\"https:\\\/\\\/www.eldigitaldeasturias.com\\\/noticias\\\/#website\"},\"breadcrumb\":{\"@id\":\"https:\\\/\\\/www.eldigitaldeasturias.com\\\/noticias\\\/nueva-candidatura-para-la-copa-mundial-femenina-de-futbol-2027\\\/#breadcrumblist\"},\"author\":{\"@id\":\"https:\\\/\\\/www.eldigitaldeasturias.com\\\/noticias\\\/author\\\/admin\\\/#author\"},\"creator\":{\"@id\":\"https:\\\/\\\/www.eldigitaldeasturias.com\\\/noticias\\\/author\\\/admin\\\/#author\"},\"image\":{\"@type\":\"ImageObject\",\"url\":\"https:\\\/\\\/www.eldigitaldeasturias.com\\\/noticias\\\/wp-content\\\/uploads\\\/2022\\\/05\\\/futbol-fans.jpg\",\"@id\":\"https:\\\/\\\/www.eldigitaldeasturias.com\\\/noticias\\\/nueva-candidatura-para-la-copa-mundial-femenina-de-futbol-2027\\\/#mainImage\",\"width\":640,\"height\":425,\"caption\":\"f\\u00fatbol\"},\"primaryImageOfPage\":{\"@id\":\"https:\\\/\\\/www.eldigitaldeasturias.com\\\/noticias\\\/nueva-candidatura-para-la-copa-mundial-femenina-de-futbol-2027\\\/#mainImage\"},\"datePublished\":\"2023-12-09T04:43:37+01:00\",\"dateModified\":\"2023-12-09T04:44:10+01:00\"},{\"@type\":\"WebSite\",\"@id\":\"https:\\\/\\\/www.eldigitaldeasturias.com\\\/noticias\\\/#website\",\"url\":\"https:\\\/\\\/www.eldigitaldeasturias.com\\\/noticias\\\/\",\"name\":\"El Digital de Asturias - Diario de actualidad y noticias\",\"alternateName\":\"El Digital de Asturias - Diario de actualidad y noticias\",\"description\":\"Hemeroteca\",\"inLanguage\":\"es-ES\",\"publisher\":{\"@id\":\"https:\\\/\\\/www.eldigitaldeasturias.com\\\/noticias\\\/#organization\"}}]}\n\t\t<\/script>\n\t\t<!-- All in One SEO Pro -->\r\n\t\t<title>Nueva candidatura para la Copa Mundial Femenina de f\u00fatbol 2027 - El Digital de Asturias<\/title>\n\n","aioseo_head_json":{"title":"Nueva candidatura para la Copa Mundial Femenina de f\u00fatbol 2027 - El Digital de Asturias","description":"Fr\u00e1ncfort, 8 dic (dpa) - Alemania, B\u00e9lgica y los Pa\u00edses Bajos presentaron de manera oficial su candidatura para organizar la Copa Mundial Femenina de 2027","canonical_url":"https:\/\/www.eldigitaldeasturias.com\/noticias\/nueva-candidatura-para-la-copa-mundial-femenina-de-futbol-2027\/","robots":"max-image-preview:large","keywords":"deportes","webmasterTools":{"google-site-verification":"UA-38556648-1","msvalidate.01":"7dfe9f3f1b24437ab69f4f2559babe99","miscellaneous":""},"schema":{"@context":"https:\/\/schema.org","@graph":[{"@type":"BlogPosting","@id":"https:\/\/www.eldigitaldeasturias.com\/noticias\/nueva-candidatura-para-la-copa-mundial-femenina-de-futbol-2027\/#blogposting","name":"Nueva candidatura para la Copa Mundial Femenina de f\u00fatbol 2027 - El Digital de Asturias","headline":"Nueva candidatura para la Copa Mundial Femenina de f\u00fatbol 2027","author":{"@id":"https:\/\/www.eldigitaldeasturias.com\/noticias\/author\/admin\/#author"},"publisher":{"@id":"https:\/\/www.eldigitaldeasturias.com\/noticias\/#organization"},"image":{"@type":"ImageObject","url":"https:\/\/www.eldigitaldeasturias.com\/noticias\/wp-content\/uploads\/2022\/05\/futbol-fans.jpg","width":640,"height":425,"caption":"f\u00fatbol"},"datePublished":"2023-12-09T04:43:37+01:00","dateModified":"2023-12-09T04:44:10+01:00","inLanguage":"es-ES","mainEntityOfPage":{"@id":"https:\/\/www.eldigitaldeasturias.com\/noticias\/nueva-candidatura-para-la-copa-mundial-femenina-de-futbol-2027\/#webpage"},"isPartOf":{"@id":"https:\/\/www.eldigitaldeasturias.com\/noticias\/nueva-candidatura-para-la-copa-mundial-femenina-de-futbol-2027\/#webpage"},"articleSection":"Deportes"},{"@type":"BreadcrumbList","@id":"https:\/\/www.eldigitaldeasturias.com\/noticias\/nueva-candidatura-para-la-copa-mundial-femenina-de-futbol-2027\/#breadcrumblist","itemListElement":[{"@type":"ListItem","@id":"https:\/\/www.eldigitaldeasturias.com\/noticias#listItem","position":1,"name":"Home","item":"https:\/\/www.eldigitaldeasturias.com\/noticias","nextItem":{"@type":"ListItem","@id":"https:\/\/www.eldigitaldeasturias.com\/noticias\/category\/deportes\/#listItem","name":"Deportes"}},{"@type":"ListItem","@id":"https:\/\/www.eldigitaldeasturias.com\/noticias\/category\/deportes\/#listItem","position":2,"name":"Deportes","item":"https:\/\/www.eldigitaldeasturias.com\/noticias\/category\/deportes\/","nextItem":{"@type":"ListItem","@id":"https:\/\/www.eldigitaldeasturias.com\/noticias\/nueva-candidatura-para-la-copa-mundial-femenina-de-futbol-2027\/#listItem","name":"Nueva candidatura para la Copa Mundial Femenina de f\u00fatbol 2027"},"previousItem":{"@type":"ListItem","@id":"https:\/\/www.eldigitaldeasturias.com\/noticias#listItem","name":"Home"}},{"@type":"ListItem","@id":"https:\/\/www.eldigitaldeasturias.com\/noticias\/nueva-candidatura-para-la-copa-mundial-femenina-de-futbol-2027\/#listItem","position":3,"name":"Nueva candidatura para la Copa Mundial Femenina de f\u00fatbol 2027","previousItem":{"@type":"ListItem","@id":"https:\/\/www.eldigitaldeasturias.com\/noticias\/category\/deportes\/#listItem","name":"Deportes"}}]},{"@type":"Organization","@id":"https:\/\/www.eldigitaldeasturias.com\/noticias\/#organization","name":"El Digital de Asturias","description":"Hemeroteca","url":"https:\/\/www.eldigitaldeasturias.com\/noticias\/","email":"info@eldigitaldeasturias.com","telephone":"+34652131393","logo":{"@type":"ImageObject","url":"https:\/\/www.eldigitaldeasturias.com\/noticias\/wp-content\/uploads\/2020\/12\/EDA.jpg","@id":"https:\/\/www.eldigitaldeasturias.com\/noticias\/nueva-candidatura-para-la-copa-mundial-femenina-de-futbol-2027\/#organizationLogo","width":649,"height":297},"image":{"@id":"https:\/\/www.eldigitaldeasturias.com\/noticias\/nueva-candidatura-para-la-copa-mundial-femenina-de-futbol-2027\/#organizationLogo"},"sameAs":["https:\/\/facebook.com\/eldigitaldeasturias","https:\/\/www.youtube.com\/channel\/UCZP-2wLEB9Rv6erhFmqVnvg"],"address":{"@id":"https:\/\/www.eldigitaldeasturias.com\/noticias\/#postaladdress","@type":"PostalAddress","streetAddress":"san antonio 4,","postalCode":"33430","addressLocality":"Cand\u00e1s","addressRegion":"Asturias","addressCountry":"ES"}},{"@type":"Person","@id":"https:\/\/www.eldigitaldeasturias.com\/noticias\/author\/admin\/#author","url":"https:\/\/www.eldigitaldeasturias.com\/noticias\/author\/admin\/","name":"El Digital de Asturias","image":{"@type":"ImageObject","@id":"https:\/\/www.eldigitaldeasturias.com\/noticias\/nueva-candidatura-para-la-copa-mundial-femenina-de-futbol-2027\/#authorImage","url":"https:\/\/www.eldigitaldeasturias.com\/noticias\/wp-content\/litespeed\/avatar\/18677e78aa0546b92d9dbf31ec7d7668.jpg?ver=1777290358","width":96,"height":96,"caption":"El Digital de Asturias"}},{"@type":"WebPage","@id":"https:\/\/www.eldigitaldeasturias.com\/noticias\/nueva-candidatura-para-la-copa-mundial-femenina-de-futbol-2027\/#webpage","url":"https:\/\/www.eldigitaldeasturias.com\/noticias\/nueva-candidatura-para-la-copa-mundial-femenina-de-futbol-2027\/","name":"Nueva candidatura para la Copa Mundial Femenina de f\u00fatbol 2027 - El Digital de Asturias","description":"Fr\u00e1ncfort, 8 dic (dpa) - Alemania, B\u00e9lgica y los Pa\u00edses Bajos presentaron de manera oficial su candidatura para organizar la Copa Mundial Femenina de 2027","inLanguage":"es-ES","isPartOf":{"@id":"https:\/\/www.eldigitaldeasturias.com\/noticias\/#website"},"breadcrumb":{"@id":"https:\/\/www.eldigitaldeasturias.com\/noticias\/nueva-candidatura-para-la-copa-mundial-femenina-de-futbol-2027\/#breadcrumblist"},"author":{"@id":"https:\/\/www.eldigitaldeasturias.com\/noticias\/author\/admin\/#author"},"creator":{"@id":"https:\/\/www.eldigitaldeasturias.com\/noticias\/author\/admin\/#author"},"image":{"@type":"ImageObject","url":"https:\/\/www.eldigitaldeasturias.com\/noticias\/wp-content\/uploads\/2022\/05\/futbol-fans.jpg","@id":"https:\/\/www.eldigitaldeasturias.com\/noticias\/nueva-candidatura-para-la-copa-mundial-femenina-de-futbol-2027\/#mainImage","width":640,"height":425,"caption":"f\u00fatbol"},"primaryImageOfPage":{"@id":"https:\/\/www.eldigitaldeasturias.com\/noticias\/nueva-candidatura-para-la-copa-mundial-femenina-de-futbol-2027\/#mainImage"},"datePublished":"2023-12-09T04:43:37+01:00","dateModified":"2023-12-09T04:44:10+01:00"},{"@type":"WebSite","@id":"https:\/\/www.eldigitaldeasturias.com\/noticias\/#website","url":"https:\/\/www.eldigitaldeasturias.com\/noticias\/","name":"El Digital de Asturias - Diario de actualidad y noticias","alternateName":"El Digital de Asturias - Diario de actualidad y noticias","description":"Hemeroteca","inLanguage":"es-ES","publisher":{"@id":"https:\/\/www.eldigitaldeasturias.com\/noticias\/#organization"}}]},"og:locale":"es_ES","og:site_name":"El Digital de Asturias","og:type":"article","og:title":"Nueva candidatura para la Copa Mundial Femenina de f\u00fatbol 2027 - El Digital de Asturias","og:description":"Fr\u00e1ncfort, 8 dic (dpa) - Alemania, B\u00e9lgica y los Pa\u00edses Bajos presentaron de manera oficial su candidatura para organizar la Copa Mundial Femenina de 2027","og:url":"https:\/\/www.eldigitaldeasturias.com\/noticias\/nueva-candidatura-para-la-copa-mundial-femenina-de-futbol-2027\/","og:image":"https:\/\/www.eldigitaldeasturias.com\/noticias\/wp-content\/uploads\/2022\/05\/futbol-fans.jpg","og:image:secure_url":"https:\/\/www.eldigitaldeasturias.com\/noticias\/wp-content\/uploads\/2022\/05\/futbol-fans.jpg","og:image:width":640,"og:image:height":425,"article:tag":["deportes"],"article:published_time":"2023-12-09T03:43:37+00:00","article:modified_time":"2023-12-09T03:44:10+00:00","article:publisher":"https:\/\/facebook.com\/eldigitaldeasturias","twitter:card":"summary_large_image","twitter:title":"Nueva candidatura para la Copa Mundial Femenina de f\u00fatbol 2027 - El Digital de Asturias","twitter:description":"Fr\u00e1ncfort, 8 dic (dpa) - Alemania, B\u00e9lgica y los Pa\u00edses Bajos presentaron de manera oficial su candidatura para organizar la Copa Mundial Femenina de 2027","twitter:image":"https:\/\/www.eldigitaldeasturias.com\/noticias\/wp-content\/uploads\/2022\/05\/futbol-fans.jpg","twitter:label1":"Escrito por","twitter:data1":"El Digital de Asturias","twitter:label2":"Tiempo de lectura estimado","twitter:data2":"1 minuto"},"aioseo_meta_data":{"post_id":"1127482","title":null,"description":"Fr\u00e1ncfort, 8 dic (dpa) - Alemania, B\u00e9lgica y los Pa\u00edses Bajos presentaron de manera oficial su candidatura para organizar la Copa Mundial Femenina de 2027","keywords":[],"keyphrases":{"focus":{"keyphrase":"Mundial","score":90,"analysis":{"keyphraseInTitle":{"score":9,"maxScore":9,"error":0},"keyphraseInDescription":{"score":9,"maxScore":9,"error":0},"keyphraseLength":{"score":9,"maxScore":9,"error":0,"length":1},"keyphraseInURL":{"score":5,"maxScore":5,"error":0},"keyphraseInIntroduction":{"score":9,"maxScore":9,"error":0},"keyphraseInSubHeadings":[],"keyphraseInImageAlt":{"score":3,"maxScore":9,"error":1},"keywordDensity":{"type":"best","score":9,"maxScore":9,"error":0}}},"additional":[{"keyphrase":"Copa Mundial","score":67,"analysis":{"keyphraseInDescription":{"score":9,"maxScore":9,"error":0},"keyphraseLength":{"score":9,"maxScore":9,"error":0,"length":2},"keyphraseInIntroduction":{"score":9,"maxScore":9,"error":0},"keyphraseInImageAlt":{"score":3,"maxScore":9,"error":1},"keywordDensity":{"score":0,"type":"low","maxScore":9,"error":1}}},{"keyphrase":"f\u00fatbol","score":87,"analysis":{"keyphraseInDescription":{"score":3,"maxScore":9,"error":1},"keyphraseLength":{"score":9,"maxScore":9,"error":0,"length":2},"keyphraseInIntroduction":{"score":9,"maxScore":9,"error":0},"keyphraseInImageAlt":{"score":9,"maxScore":9,"error":0},"keywordDensity":{"type":"best","score":9,"maxScore":9,"error":0}}}]},"primary_term":null,"canonical_url":null,"og_title":null,"og_description":null,"og_object_type":"default","og_image_type":"default","og_image_url":null,"og_image_width":null,"og_image_height":null,"og_image_custom_url":null,"og_image_custom_fields":null,"og_video":"","og_custom_url":null,"og_article_section":null,"og_article_tags":[],"twitter_use_og":false,"twitter_card":"default","twitter_image_type":"default","twitter_image_url":null,"twitter_image_custom_url":null,"twitter_image_custom_fields":null,"twitter_title":null,"twitter_description":null,"schema":{"blockGraphs":[],"customGraphs":[],"default":{"data":{"Article":[],"Course":[],"Dataset":[],"FAQPage":[],"Movie":[],"Person":[],"Product":[],"ProductReview":[],"Car":[],"Recipe":[],"Service":[],"SoftwareApplication":[],"WebPage":[]},"graphName":"BlogPosting","isEnabled":true},"graphs":[]},"schema_type":"default","schema_type_options":null,"pillar_content":false,"robots_default":true,"robots_noindex":false,"robots_noarchive":false,"robots_nosnippet":false,"robots_nofollow":false,"robots_noimageindex":false,"robots_noodp":false,"robots_notranslate":false,"robots_max_snippet":"-1","robots_max_videopreview":"-1","robots_max_imagepreview":"large","priority":null,"frequency":"default","local_seo":null,"seo_analyzer_scan_date":"2025-10-05 23:06:51","breadcrumb_settings":null,"limit_modified_date":false,"open_ai":"{\"title\":{\"suggestions\":[],\"usage\":0},\"description\":{\"suggestions\":[],\"usage\":0}}","ai":null,"created":"2023-12-09 03:40:05","updated":"2025-10-09 05:12:30"},"aioseo_breadcrumb":"<div class=\"aioseo-breadcrumbs\"><span class=\"aioseo-breadcrumb\">\n\t<a href=\"https:\/\/www.eldigitaldeasturias.com\/noticias\" title=\"Home\">Home<\/a>\n<\/span><span class=\"aioseo-breadcrumb-separator\">\u2013<\/span><span class=\"aioseo-breadcrumb\">\n\t<a href=\"https:\/\/www.eldigitaldeasturias.com\/noticias\/category\/deportes\/\" title=\"Deportes\">Deportes<\/a>\n<\/span><span class=\"aioseo-breadcrumb-separator\">\u2013<\/span><span class=\"aioseo-breadcrumb\">\n\t<a href=\"https:\/\/www.eldigitaldeasturias.com\/noticias\/nueva-candidatura-para-la-copa-mundial-femenina-de-futbol-2027\/\" title=\"Nueva candidatura para la Copa Mundial Femenina de f\u00fatbol 2027\">Nueva candidatura para la Copa Mundial Femenina de f\u00fatbol 2027<\/a>\n<\/span><\/div>","aioseo_breadcrumb_json":[{"label":"Home","link":"https:\/\/www.eldigitaldeasturias.com\/noticias"},{"label":"Deportes","link":"https:\/\/www.eldigitaldeasturias.com\/noticias\/category\/deportes\/"},{"label":"Nueva candidatura para la Copa Mundial Femenina de f\u00fatbol 2027","link":"https:\/\/www.eldigitaldeasturias.com\/noticias\/nueva-candidatura-para-la-copa-mundial-femenina-de-futbol-2027\/"}],"_links":{"self":[{"href":"https:\/\/www.eldigitaldeasturias.com\/noticias\/wp-json\/wp\/v2\/posts\/1127482","targetHints":{"allow":["GET"]}}],"collection":[{"href":"https:\/\/www.eldigitaldeasturias.com\/noticias\/wp-json\/wp\/v2\/posts"}],"about":[{"href":"https:\/\/www.eldigitaldeasturias.com\/noticias\/wp-json\/wp\/v2\/types\/post"}],"author":[{"embeddable":true,"href":"https:\/\/www.eldigitaldeasturias.com\/noticias\/wp-json\/wp\/v2\/users\/1"}],"replies":[{"embeddable":true,"href":"https:\/\/www.eldigitaldeasturias.com\/noticias\/wp-json\/wp\/v2\/comments?post=1127482"}],"version-history":[{"count":0,"href":"https:\/\/www.eldigitaldeasturias.com\/noticias\/wp-json\/wp\/v2\/posts\/1127482\/revisions"}],"wp:featuredmedia":[{"embeddable":true,"href":"https:\/\/www.eldigitaldeasturias.com\/noticias\/wp-json\/wp\/v2\/media\/1111004"}],"wp:attachment":[{"href":"https:\/\/www.eldigitaldeasturias.com\/noticias\/wp-json\/wp\/v2\/media?parent=1127482"}],"wp:term":[{"taxonomy":"category","embeddable":true,"href":"https:\/\/www.eldigitaldeasturias.com\/noticias\/wp-json\/wp\/v2\/categories?post=1127482"},{"taxonomy":"post_tag","embeddable":true,"href":"https:\/\/www.eldigitaldeasturias.com\/noticias\/wp-json\/wp\/v2\/tags?post=1127482"}],"curies":[{"name":"wp","href":"https:\/\/api.w.org\/{rel}","templated":true}]}}