{"id":1127479,"date":"2023-12-09T04:38:26","date_gmt":"2023-12-09T03:38:26","guid":{"rendered":"https:\/\/www.eldigitaldeasturias.com\/noticias\/?p=1127479"},"modified":"2023-12-09T04:38:26","modified_gmt":"2023-12-09T03:38:26","slug":"ha-fallecido-guy-stern-a-la-edad-de-101-anos","status":"publish","type":"post","link":"https:\/\/www.eldigitaldeasturias.com\/noticias\/ha-fallecido-guy-stern-a-la-edad-de-101-anos\/","title":{"rendered":"Ha fallecido Guy Stern a la edad de 101 a\u00f1os"},"content":{"rendered":"<p>Berl\u00edn\/Hildesheim (Alemania), 8 dic (<a title=\"dpa\" href=\"https:\/\/www.dpa-news.de\/\" target=\"_blank\" rel=\"noopener\"><span style=\"color: #ff6600;\"><strong>dpa<\/strong><\/span><\/a>) &#8211; El literato germano-estadounidense y superviviente del Holocausto <strong>Guy Stern falleci\u00f3 el jueves a la edad de 101 a\u00f1os<\/strong>, inform\u00f3 hoy la editorial berlinesa Aufbau.<\/p>\n<figure id=\"attachment_1127480\" aria-describedby=\"caption-attachment-1127480\" style=\"width: 650px\" class=\"wp-caption aligncenter\"><img loading=\"lazy\" decoding=\"async\" class=\"wp-image-1127480 size-large\" src=\"https:\/\/www.eldigitaldeasturias.com\/noticias\/wp-content\/uploads\/2023\/12\/Guy-Stern-650x437.jpg\" alt=\"Guy Stern\" width=\"650\" height=\"437\" srcset=\"https:\/\/www.eldigitaldeasturias.com\/noticias\/wp-content\/uploads\/2023\/12\/Guy-Stern-650x437.jpg 650w, https:\/\/www.eldigitaldeasturias.com\/noticias\/wp-content\/uploads\/2023\/12\/Guy-Stern-360x242.jpg 360w, https:\/\/www.eldigitaldeasturias.com\/noticias\/wp-content\/uploads\/2023\/12\/Guy-Stern-446x300.jpg 446w, https:\/\/www.eldigitaldeasturias.com\/noticias\/wp-content\/uploads\/2023\/12\/Guy-Stern-768x516.jpg 768w, https:\/\/www.eldigitaldeasturias.com\/noticias\/wp-content\/uploads\/2023\/12\/Guy-Stern-150x101.jpg 150w, https:\/\/www.eldigitaldeasturias.com\/noticias\/wp-content\/uploads\/2023\/12\/Guy-Stern-450x303.jpg 450w, https:\/\/www.eldigitaldeasturias.com\/noticias\/wp-content\/uploads\/2023\/12\/Guy-Stern.jpg 998w\" sizes=\"auto, (max-width: 650px) 100vw, 650px\" \/><figcaption id=\"caption-attachment-1127480\" class=\"wp-caption-text\">El superviviente del Holocausto Guy Stern, fotografiado en Alemania en 2019 cuando habl\u00f3 como invitado en el Parlamento del estado federado de Baja Sajonia. Foto: Christophe Gateau\/dpa<\/figcaption><\/figure>\n<p>La editorial public\u00f3 en alem\u00e1n su autobiograf\u00eda \u00abWir sind nur noch wenige\u00bb (Quedamos solo unos pocos) con motivo de su centenario, el 14 de enero de 2022.<\/p>\n<p>Nacido en la ciudad alemana de Hildesheim, con 15 a\u00f1os Stern pudo huir solo a casa de un t\u00edo en Estados Unidos en 1937, cuando a\u00fan se llamaba G\u00fcnther. <strong>Sus padres y hermanos peque\u00f1os formaron parte de los casi seis millones de jud\u00edos <a href=\"https:\/\/www.eldigitaldeasturias.com\/noticias\/category\/sucesos\/\"><span style=\"color: #ff6600;\">asesinados<\/span><\/a> por los nacionalsocialistas.<\/strong><\/p>\n<p>En Estados Unidos, S<strong>tern se uni\u00f3 a una unidad especial del Ej\u00e9rcito norteamericano que interrog\u00f3 a prisioneros de guerra alemanes en Europa desde 1944 hasta el final de la Segunda Guerra Mundial.<\/strong><\/p>\n<p>Tras la guerra estudi\u00f3 filolog\u00eda rom\u00e1nica y german\u00edstica y posteriormente imparti\u00f3 clases en numerosas universidades estadounidenses y alemanas, seg\u00fan indic\u00f3 la editorial. Desde su jubilaci\u00f3n en 2002, <strong>fue director del Instituto de Investigaci\u00f3n sobre el Altruismo del Museo del Holocausto de Detroit.<\/strong><\/p>\n<p>Stern fue cofundador de Lessing Society, videpresidente de la Kurt Weill Foundation for Music y presidente del Centro PEN para autores de habla alemana en el extranjero.<\/p>\n<p>Adem\u00e1s, recibi\u00f3 <strong>numerosos galardones<\/strong>, entre ellos la Gran Cruz del M\u00e9rito de la Rep\u00fablica Federal de Alemania, la Medalla Goethe y la ciudadan\u00eda honoraria de Hildesheim. Estaba casado con la escritora alemana Susanna Piontek y viv\u00eda en el estado norteamericano de Michigan.<\/p>\n<p>Incluso ya a edad avanzada, <strong>Stern daba conferencias, a menudo a j\u00f3venes. En 2019 habl\u00f3 en el Parlamento del estado federado de Baja Sajonia<\/strong>. En una entrevista concedida a dpa en febrero de 2022, afirm\u00f3 que los logros de la democracia no deben ponerse en peligro a la ligera.<\/p>\n<p>\u00abLa democracia es una planta delicada que puede morir en cualquier momento si no se la cuida lo suficiente\u00bb, dijo Stern a dpa.<\/p>\n<p>\u00abActualmente podemos observar lo que ocurre en todo el mundo en pa\u00edses donde -a menudo elegidos democr\u00e1ticamente- los &#8216;hombres fuertes&#8217; ampl\u00edan cada vez m\u00e1s su \u00e1mbito de poder y restringen cada vez m\u00e1s las libertades de su pueblo\u00bb, a\u00f1adi\u00f3.<\/p>\n","protected":false},"excerpt":{"rendered":"<p>Berl\u00edn\/Hildesheim (Alemania), 8 dic (dpa) &#8211; El literato germano-estadounidense y superviviente del Holocausto Guy Stern falleci\u00f3 el jueves a la edad de 101 a\u00f1os, inform\u00f3 hoy la editorial berlinesa Aufbau. La editorial public\u00f3 en alem\u00e1n su autobiograf\u00eda \u00abWir sind nur noch wenige\u00bb (Quedamos solo unos pocos) con motivo de su centenario, el 14 de enero [&hellip;]<\/p>\n","protected":false},"author":1,"featured_media":1127480,"comment_status":"closed","ping_status":"closed","sticky":false,"template":"","format":"standard","meta":{"footnotes":""},"categories":[1],"tags":[],"class_list":["post-1127479","post","type-post","status-publish","format-standard","has-post-thumbnail","hentry","category-actualidad"],"aioseo_notices":[],"aioseo_head":"\n\t\t<!-- All in One SEO Pro 4.9.6.2 - aioseo.com -->\n\t<meta name=\"description\" content=\"Berl\u00edn\/Hildesheim (Alemania), 8 dic (dpa) - El literato germano-estadounidense y superviviente del Holocausto Guy Stern falleci\u00f3 el jueves a la edad de 101 a\u00f1os\" \/>\n\t<meta name=\"robots\" content=\"max-image-preview:large\" \/>\n\t<meta name=\"author\" content=\"El Digital de Asturias\"\/>\n\t<meta name=\"google-site-verification\" content=\"UA-38556648-1\" \/>\n\t<meta name=\"msvalidate.01\" content=\"7dfe9f3f1b24437ab69f4f2559babe99\" \/>\n\t<meta name=\"keywords\" content=\"actualidad\" \/>\n\t<link rel=\"canonical\" href=\"https:\/\/www.eldigitaldeasturias.com\/noticias\/ha-fallecido-guy-stern-a-la-edad-de-101-anos\/\" \/>\n\t<meta name=\"generator\" content=\"All in One SEO Pro (AIOSEO) 4.9.6.2\" \/>\n\t\t<meta property=\"og:locale\" content=\"es_ES\" \/>\n\t\t<meta property=\"og:site_name\" content=\"El Digital de Asturias\" \/>\n\t\t<meta property=\"og:type\" content=\"article\" \/>\n\t\t<meta property=\"og:title\" content=\"Ha fallecido Guy Stern a la edad de 101 a\u00f1os - El Digital de Asturias\" \/>\n\t\t<meta property=\"og:description\" content=\"Berl\u00edn\/Hildesheim (Alemania), 8 dic (dpa) - El literato germano-estadounidense y superviviente del Holocausto Guy Stern falleci\u00f3 el jueves a la edad de 101 a\u00f1os\" \/>\n\t\t<meta property=\"og:url\" content=\"https:\/\/www.eldigitaldeasturias.com\/noticias\/ha-fallecido-guy-stern-a-la-edad-de-101-anos\/\" \/>\n\t\t<meta property=\"og:image\" content=\"https:\/\/www.eldigitaldeasturias.com\/noticias\/wp-content\/uploads\/2023\/12\/Guy-Stern.jpg\" \/>\n\t\t<meta property=\"og:image:secure_url\" content=\"https:\/\/www.eldigitaldeasturias.com\/noticias\/wp-content\/uploads\/2023\/12\/Guy-Stern.jpg\" \/>\n\t\t<meta property=\"og:image:width\" content=\"998\" \/>\n\t\t<meta property=\"og:image:height\" content=\"671\" \/>\n\t\t<meta property=\"article:tag\" content=\"actualidad\" \/>\n\t\t<meta property=\"article:published_time\" content=\"2023-12-09T03:38:26+00:00\" \/>\n\t\t<meta property=\"article:modified_time\" content=\"2023-12-09T03:38:26+00:00\" \/>\n\t\t<meta property=\"article:publisher\" content=\"https:\/\/facebook.com\/eldigitaldeasturias\" \/>\n\t\t<meta name=\"twitter:card\" content=\"summary_large_image\" \/>\n\t\t<meta name=\"twitter:title\" content=\"Ha fallecido Guy Stern a la edad de 101 a\u00f1os - El Digital de Asturias\" \/>\n\t\t<meta name=\"twitter:description\" content=\"Berl\u00edn\/Hildesheim (Alemania), 8 dic (dpa) - El literato germano-estadounidense y superviviente del Holocausto Guy Stern falleci\u00f3 el jueves a la edad de 101 a\u00f1os\" \/>\n\t\t<meta name=\"twitter:image\" content=\"https:\/\/www.eldigitaldeasturias.com\/noticias\/wp-content\/uploads\/2023\/12\/Guy-Stern.jpg\" \/>\n\t\t<meta name=\"twitter:label1\" content=\"Escrito por\" \/>\n\t\t<meta name=\"twitter:data1\" content=\"El Digital de Asturias\" \/>\n\t\t<meta name=\"twitter:label2\" content=\"Tiempo de lectura estimado\" \/>\n\t\t<meta name=\"twitter:data2\" content=\"2 minutos\" \/>\n\t\t<script type=\"application\/ld+json\" class=\"aioseo-schema\">\n\t\t\t{\"@context\":\"https:\\\/\\\/schema.org\",\"@graph\":[{\"@type\":\"BlogPosting\",\"@id\":\"https:\\\/\\\/www.eldigitaldeasturias.com\\\/noticias\\\/ha-fallecido-guy-stern-a-la-edad-de-101-anos\\\/#blogposting\",\"name\":\"Ha fallecido Guy Stern a la edad de 101 a\\u00f1os - El Digital de Asturias\",\"headline\":\"Ha fallecido Guy Stern a la edad de 101 a\\u00f1os\",\"author\":{\"@id\":\"https:\\\/\\\/www.eldigitaldeasturias.com\\\/noticias\\\/author\\\/admin\\\/#author\"},\"publisher\":{\"@id\":\"https:\\\/\\\/www.eldigitaldeasturias.com\\\/noticias\\\/#organization\"},\"image\":{\"@type\":\"ImageObject\",\"url\":\"https:\\\/\\\/www.eldigitaldeasturias.com\\\/noticias\\\/wp-content\\\/uploads\\\/2023\\\/12\\\/Guy-Stern.jpg\",\"width\":998,\"height\":671,\"caption\":\"El superviviente del Holocausto Guy Stern, fotografiado en Alemania en 2019 cuando habl\\u00f3 como invitado en el Parlamento del estado federado de Baja Sajonia. Foto: Christophe Gateau\\\/dpa\"},\"datePublished\":\"2023-12-09T04:38:26+01:00\",\"dateModified\":\"2023-12-09T04:38:26+01:00\",\"inLanguage\":\"es-ES\",\"mainEntityOfPage\":{\"@id\":\"https:\\\/\\\/www.eldigitaldeasturias.com\\\/noticias\\\/ha-fallecido-guy-stern-a-la-edad-de-101-anos\\\/#webpage\"},\"isPartOf\":{\"@id\":\"https:\\\/\\\/www.eldigitaldeasturias.com\\\/noticias\\\/ha-fallecido-guy-stern-a-la-edad-de-101-anos\\\/#webpage\"},\"articleSection\":\"Actualidad\"},{\"@type\":\"BreadcrumbList\",\"@id\":\"https:\\\/\\\/www.eldigitaldeasturias.com\\\/noticias\\\/ha-fallecido-guy-stern-a-la-edad-de-101-anos\\\/#breadcrumblist\",\"itemListElement\":[{\"@type\":\"ListItem\",\"@id\":\"https:\\\/\\\/www.eldigitaldeasturias.com\\\/noticias#listItem\",\"position\":1,\"name\":\"Home\",\"item\":\"https:\\\/\\\/www.eldigitaldeasturias.com\\\/noticias\",\"nextItem\":{\"@type\":\"ListItem\",\"@id\":\"https:\\\/\\\/www.eldigitaldeasturias.com\\\/noticias\\\/category\\\/actualidad\\\/#listItem\",\"name\":\"Actualidad\"}},{\"@type\":\"ListItem\",\"@id\":\"https:\\\/\\\/www.eldigitaldeasturias.com\\\/noticias\\\/category\\\/actualidad\\\/#listItem\",\"position\":2,\"name\":\"Actualidad\",\"item\":\"https:\\\/\\\/www.eldigitaldeasturias.com\\\/noticias\\\/category\\\/actualidad\\\/\",\"nextItem\":{\"@type\":\"ListItem\",\"@id\":\"https:\\\/\\\/www.eldigitaldeasturias.com\\\/noticias\\\/ha-fallecido-guy-stern-a-la-edad-de-101-anos\\\/#listItem\",\"name\":\"Ha fallecido Guy Stern a la edad de 101 a\\u00f1os\"},\"previousItem\":{\"@type\":\"ListItem\",\"@id\":\"https:\\\/\\\/www.eldigitaldeasturias.com\\\/noticias#listItem\",\"name\":\"Home\"}},{\"@type\":\"ListItem\",\"@id\":\"https:\\\/\\\/www.eldigitaldeasturias.com\\\/noticias\\\/ha-fallecido-guy-stern-a-la-edad-de-101-anos\\\/#listItem\",\"position\":3,\"name\":\"Ha fallecido Guy Stern a la edad de 101 a\\u00f1os\",\"previousItem\":{\"@type\":\"ListItem\",\"@id\":\"https:\\\/\\\/www.eldigitaldeasturias.com\\\/noticias\\\/category\\\/actualidad\\\/#listItem\",\"name\":\"Actualidad\"}}]},{\"@type\":\"Organization\",\"@id\":\"https:\\\/\\\/www.eldigitaldeasturias.com\\\/noticias\\\/#organization\",\"name\":\"El Digital de Asturias\",\"description\":\"Hemeroteca\",\"url\":\"https:\\\/\\\/www.eldigitaldeasturias.com\\\/noticias\\\/\",\"email\":\"info@eldigitaldeasturias.com\",\"telephone\":\"+34652131393\",\"logo\":{\"@type\":\"ImageObject\",\"url\":\"https:\\\/\\\/www.eldigitaldeasturias.com\\\/noticias\\\/wp-content\\\/uploads\\\/2020\\\/12\\\/EDA.jpg\",\"@id\":\"https:\\\/\\\/www.eldigitaldeasturias.com\\\/noticias\\\/ha-fallecido-guy-stern-a-la-edad-de-101-anos\\\/#organizationLogo\",\"width\":649,\"height\":297},\"image\":{\"@id\":\"https:\\\/\\\/www.eldigitaldeasturias.com\\\/noticias\\\/ha-fallecido-guy-stern-a-la-edad-de-101-anos\\\/#organizationLogo\"},\"sameAs\":[\"https:\\\/\\\/facebook.com\\\/eldigitaldeasturias\",\"https:\\\/\\\/www.youtube.com\\\/channel\\\/UCZP-2wLEB9Rv6erhFmqVnvg\"],\"address\":{\"@id\":\"https:\\\/\\\/www.eldigitaldeasturias.com\\\/noticias\\\/#postaladdress\",\"@type\":\"PostalAddress\",\"streetAddress\":\"san antonio 4,\",\"postalCode\":\"33430\",\"addressLocality\":\"Cand\\u00e1s\",\"addressRegion\":\"Asturias\",\"addressCountry\":\"ES\"}},{\"@type\":\"Person\",\"@id\":\"https:\\\/\\\/www.eldigitaldeasturias.com\\\/noticias\\\/author\\\/admin\\\/#author\",\"url\":\"https:\\\/\\\/www.eldigitaldeasturias.com\\\/noticias\\\/author\\\/admin\\\/\",\"name\":\"El Digital de Asturias\",\"image\":{\"@type\":\"ImageObject\",\"@id\":\"https:\\\/\\\/www.eldigitaldeasturias.com\\\/noticias\\\/ha-fallecido-guy-stern-a-la-edad-de-101-anos\\\/#authorImage\",\"url\":\"https:\\\/\\\/www.eldigitaldeasturias.com\\\/noticias\\\/wp-content\\\/litespeed\\\/avatar\\\/18677e78aa0546b92d9dbf31ec7d7668.jpg?ver=1777290358\",\"width\":96,\"height\":96,\"caption\":\"El Digital de Asturias\"}},{\"@type\":\"WebPage\",\"@id\":\"https:\\\/\\\/www.eldigitaldeasturias.com\\\/noticias\\\/ha-fallecido-guy-stern-a-la-edad-de-101-anos\\\/#webpage\",\"url\":\"https:\\\/\\\/www.eldigitaldeasturias.com\\\/noticias\\\/ha-fallecido-guy-stern-a-la-edad-de-101-anos\\\/\",\"name\":\"Ha fallecido Guy Stern a la edad de 101 a\\u00f1os - El Digital de Asturias\",\"description\":\"Berl\\u00edn\\\/Hildesheim (Alemania), 8 dic (dpa) - El literato germano-estadounidense y superviviente del Holocausto Guy Stern falleci\\u00f3 el jueves a la edad de 101 a\\u00f1os\",\"inLanguage\":\"es-ES\",\"isPartOf\":{\"@id\":\"https:\\\/\\\/www.eldigitaldeasturias.com\\\/noticias\\\/#website\"},\"breadcrumb\":{\"@id\":\"https:\\\/\\\/www.eldigitaldeasturias.com\\\/noticias\\\/ha-fallecido-guy-stern-a-la-edad-de-101-anos\\\/#breadcrumblist\"},\"author\":{\"@id\":\"https:\\\/\\\/www.eldigitaldeasturias.com\\\/noticias\\\/author\\\/admin\\\/#author\"},\"creator\":{\"@id\":\"https:\\\/\\\/www.eldigitaldeasturias.com\\\/noticias\\\/author\\\/admin\\\/#author\"},\"image\":{\"@type\":\"ImageObject\",\"url\":\"https:\\\/\\\/www.eldigitaldeasturias.com\\\/noticias\\\/wp-content\\\/uploads\\\/2023\\\/12\\\/Guy-Stern.jpg\",\"@id\":\"https:\\\/\\\/www.eldigitaldeasturias.com\\\/noticias\\\/ha-fallecido-guy-stern-a-la-edad-de-101-anos\\\/#mainImage\",\"width\":998,\"height\":671,\"caption\":\"El superviviente del Holocausto Guy Stern, fotografiado en Alemania en 2019 cuando habl\\u00f3 como invitado en el Parlamento del estado federado de Baja Sajonia. Foto: Christophe Gateau\\\/dpa\"},\"primaryImageOfPage\":{\"@id\":\"https:\\\/\\\/www.eldigitaldeasturias.com\\\/noticias\\\/ha-fallecido-guy-stern-a-la-edad-de-101-anos\\\/#mainImage\"},\"datePublished\":\"2023-12-09T04:38:26+01:00\",\"dateModified\":\"2023-12-09T04:38:26+01:00\"},{\"@type\":\"WebSite\",\"@id\":\"https:\\\/\\\/www.eldigitaldeasturias.com\\\/noticias\\\/#website\",\"url\":\"https:\\\/\\\/www.eldigitaldeasturias.com\\\/noticias\\\/\",\"name\":\"El Digital de Asturias - Diario de actualidad y noticias\",\"alternateName\":\"El Digital de Asturias - Diario de actualidad y noticias\",\"description\":\"Hemeroteca\",\"inLanguage\":\"es-ES\",\"publisher\":{\"@id\":\"https:\\\/\\\/www.eldigitaldeasturias.com\\\/noticias\\\/#organization\"}}]}\n\t\t<\/script>\n\t\t<!-- All in One SEO Pro -->\r\n\t\t<title>Ha fallecido Guy Stern a la edad de 101 a\u00f1os - El Digital de Asturias<\/title>\n\n","aioseo_head_json":{"title":"Ha fallecido Guy Stern a la edad de 101 a\u00f1os - El Digital de Asturias","description":"Berl\u00edn\/Hildesheim (Alemania), 8 dic (dpa) - El literato germano-estadounidense y superviviente del Holocausto Guy Stern falleci\u00f3 el jueves a la edad de 101 a\u00f1os","canonical_url":"https:\/\/www.eldigitaldeasturias.com\/noticias\/ha-fallecido-guy-stern-a-la-edad-de-101-anos\/","robots":"max-image-preview:large","keywords":"actualidad","webmasterTools":{"google-site-verification":"UA-38556648-1","msvalidate.01":"7dfe9f3f1b24437ab69f4f2559babe99","miscellaneous":""},"schema":{"@context":"https:\/\/schema.org","@graph":[{"@type":"BlogPosting","@id":"https:\/\/www.eldigitaldeasturias.com\/noticias\/ha-fallecido-guy-stern-a-la-edad-de-101-anos\/#blogposting","name":"Ha fallecido Guy Stern a la edad de 101 a\u00f1os - El Digital de Asturias","headline":"Ha fallecido Guy Stern a la edad de 101 a\u00f1os","author":{"@id":"https:\/\/www.eldigitaldeasturias.com\/noticias\/author\/admin\/#author"},"publisher":{"@id":"https:\/\/www.eldigitaldeasturias.com\/noticias\/#organization"},"image":{"@type":"ImageObject","url":"https:\/\/www.eldigitaldeasturias.com\/noticias\/wp-content\/uploads\/2023\/12\/Guy-Stern.jpg","width":998,"height":671,"caption":"El superviviente del Holocausto Guy Stern, fotografiado en Alemania en 2019 cuando habl\u00f3 como invitado en el Parlamento del estado federado de Baja Sajonia. Foto: Christophe Gateau\/dpa"},"datePublished":"2023-12-09T04:38:26+01:00","dateModified":"2023-12-09T04:38:26+01:00","inLanguage":"es-ES","mainEntityOfPage":{"@id":"https:\/\/www.eldigitaldeasturias.com\/noticias\/ha-fallecido-guy-stern-a-la-edad-de-101-anos\/#webpage"},"isPartOf":{"@id":"https:\/\/www.eldigitaldeasturias.com\/noticias\/ha-fallecido-guy-stern-a-la-edad-de-101-anos\/#webpage"},"articleSection":"Actualidad"},{"@type":"BreadcrumbList","@id":"https:\/\/www.eldigitaldeasturias.com\/noticias\/ha-fallecido-guy-stern-a-la-edad-de-101-anos\/#breadcrumblist","itemListElement":[{"@type":"ListItem","@id":"https:\/\/www.eldigitaldeasturias.com\/noticias#listItem","position":1,"name":"Home","item":"https:\/\/www.eldigitaldeasturias.com\/noticias","nextItem":{"@type":"ListItem","@id":"https:\/\/www.eldigitaldeasturias.com\/noticias\/category\/actualidad\/#listItem","name":"Actualidad"}},{"@type":"ListItem","@id":"https:\/\/www.eldigitaldeasturias.com\/noticias\/category\/actualidad\/#listItem","position":2,"name":"Actualidad","item":"https:\/\/www.eldigitaldeasturias.com\/noticias\/category\/actualidad\/","nextItem":{"@type":"ListItem","@id":"https:\/\/www.eldigitaldeasturias.com\/noticias\/ha-fallecido-guy-stern-a-la-edad-de-101-anos\/#listItem","name":"Ha fallecido Guy Stern a la edad de 101 a\u00f1os"},"previousItem":{"@type":"ListItem","@id":"https:\/\/www.eldigitaldeasturias.com\/noticias#listItem","name":"Home"}},{"@type":"ListItem","@id":"https:\/\/www.eldigitaldeasturias.com\/noticias\/ha-fallecido-guy-stern-a-la-edad-de-101-anos\/#listItem","position":3,"name":"Ha fallecido Guy Stern a la edad de 101 a\u00f1os","previousItem":{"@type":"ListItem","@id":"https:\/\/www.eldigitaldeasturias.com\/noticias\/category\/actualidad\/#listItem","name":"Actualidad"}}]},{"@type":"Organization","@id":"https:\/\/www.eldigitaldeasturias.com\/noticias\/#organization","name":"El Digital de Asturias","description":"Hemeroteca","url":"https:\/\/www.eldigitaldeasturias.com\/noticias\/","email":"info@eldigitaldeasturias.com","telephone":"+34652131393","logo":{"@type":"ImageObject","url":"https:\/\/www.eldigitaldeasturias.com\/noticias\/wp-content\/uploads\/2020\/12\/EDA.jpg","@id":"https:\/\/www.eldigitaldeasturias.com\/noticias\/ha-fallecido-guy-stern-a-la-edad-de-101-anos\/#organizationLogo","width":649,"height":297},"image":{"@id":"https:\/\/www.eldigitaldeasturias.com\/noticias\/ha-fallecido-guy-stern-a-la-edad-de-101-anos\/#organizationLogo"},"sameAs":["https:\/\/facebook.com\/eldigitaldeasturias","https:\/\/www.youtube.com\/channel\/UCZP-2wLEB9Rv6erhFmqVnvg"],"address":{"@id":"https:\/\/www.eldigitaldeasturias.com\/noticias\/#postaladdress","@type":"PostalAddress","streetAddress":"san antonio 4,","postalCode":"33430","addressLocality":"Cand\u00e1s","addressRegion":"Asturias","addressCountry":"ES"}},{"@type":"Person","@id":"https:\/\/www.eldigitaldeasturias.com\/noticias\/author\/admin\/#author","url":"https:\/\/www.eldigitaldeasturias.com\/noticias\/author\/admin\/","name":"El Digital de Asturias","image":{"@type":"ImageObject","@id":"https:\/\/www.eldigitaldeasturias.com\/noticias\/ha-fallecido-guy-stern-a-la-edad-de-101-anos\/#authorImage","url":"https:\/\/www.eldigitaldeasturias.com\/noticias\/wp-content\/litespeed\/avatar\/18677e78aa0546b92d9dbf31ec7d7668.jpg?ver=1777290358","width":96,"height":96,"caption":"El Digital de Asturias"}},{"@type":"WebPage","@id":"https:\/\/www.eldigitaldeasturias.com\/noticias\/ha-fallecido-guy-stern-a-la-edad-de-101-anos\/#webpage","url":"https:\/\/www.eldigitaldeasturias.com\/noticias\/ha-fallecido-guy-stern-a-la-edad-de-101-anos\/","name":"Ha fallecido Guy Stern a la edad de 101 a\u00f1os - El Digital de Asturias","description":"Berl\u00edn\/Hildesheim (Alemania), 8 dic (dpa) - El literato germano-estadounidense y superviviente del Holocausto Guy Stern falleci\u00f3 el jueves a la edad de 101 a\u00f1os","inLanguage":"es-ES","isPartOf":{"@id":"https:\/\/www.eldigitaldeasturias.com\/noticias\/#website"},"breadcrumb":{"@id":"https:\/\/www.eldigitaldeasturias.com\/noticias\/ha-fallecido-guy-stern-a-la-edad-de-101-anos\/#breadcrumblist"},"author":{"@id":"https:\/\/www.eldigitaldeasturias.com\/noticias\/author\/admin\/#author"},"creator":{"@id":"https:\/\/www.eldigitaldeasturias.com\/noticias\/author\/admin\/#author"},"image":{"@type":"ImageObject","url":"https:\/\/www.eldigitaldeasturias.com\/noticias\/wp-content\/uploads\/2023\/12\/Guy-Stern.jpg","@id":"https:\/\/www.eldigitaldeasturias.com\/noticias\/ha-fallecido-guy-stern-a-la-edad-de-101-anos\/#mainImage","width":998,"height":671,"caption":"El superviviente del Holocausto Guy Stern, fotografiado en Alemania en 2019 cuando habl\u00f3 como invitado en el Parlamento del estado federado de Baja Sajonia. Foto: Christophe Gateau\/dpa"},"primaryImageOfPage":{"@id":"https:\/\/www.eldigitaldeasturias.com\/noticias\/ha-fallecido-guy-stern-a-la-edad-de-101-anos\/#mainImage"},"datePublished":"2023-12-09T04:38:26+01:00","dateModified":"2023-12-09T04:38:26+01:00"},{"@type":"WebSite","@id":"https:\/\/www.eldigitaldeasturias.com\/noticias\/#website","url":"https:\/\/www.eldigitaldeasturias.com\/noticias\/","name":"El Digital de Asturias - Diario de actualidad y noticias","alternateName":"El Digital de Asturias - Diario de actualidad y noticias","description":"Hemeroteca","inLanguage":"es-ES","publisher":{"@id":"https:\/\/www.eldigitaldeasturias.com\/noticias\/#organization"}}]},"og:locale":"es_ES","og:site_name":"El Digital de Asturias","og:type":"article","og:title":"Ha fallecido Guy Stern a la edad de 101 a\u00f1os - El Digital de Asturias","og:description":"Berl\u00edn\/Hildesheim (Alemania), 8 dic (dpa) - El literato germano-estadounidense y superviviente del Holocausto Guy Stern falleci\u00f3 el jueves a la edad de 101 a\u00f1os","og:url":"https:\/\/www.eldigitaldeasturias.com\/noticias\/ha-fallecido-guy-stern-a-la-edad-de-101-anos\/","og:image":"https:\/\/www.eldigitaldeasturias.com\/noticias\/wp-content\/uploads\/2023\/12\/Guy-Stern.jpg","og:image:secure_url":"https:\/\/www.eldigitaldeasturias.com\/noticias\/wp-content\/uploads\/2023\/12\/Guy-Stern.jpg","og:image:width":998,"og:image:height":671,"article:tag":["actualidad"],"article:published_time":"2023-12-09T03:38:26+00:00","article:modified_time":"2023-12-09T03:38:26+00:00","article:publisher":"https:\/\/facebook.com\/eldigitaldeasturias","twitter:card":"summary_large_image","twitter:title":"Ha fallecido Guy Stern a la edad de 101 a\u00f1os - El Digital de Asturias","twitter:description":"Berl\u00edn\/Hildesheim (Alemania), 8 dic (dpa) - El literato germano-estadounidense y superviviente del Holocausto Guy Stern falleci\u00f3 el jueves a la edad de 101 a\u00f1os","twitter:image":"https:\/\/www.eldigitaldeasturias.com\/noticias\/wp-content\/uploads\/2023\/12\/Guy-Stern.jpg","twitter:label1":"Escrito por","twitter:data1":"El Digital de Asturias","twitter:label2":"Tiempo de lectura estimado","twitter:data2":"2 minutos"},"aioseo_meta_data":{"post_id":"1127479","title":null,"description":"Berl\u00edn\/Hildesheim (Alemania), 8 dic (dpa) - El literato germano-estadounidense y superviviente del Holocausto Guy Stern falleci\u00f3 el jueves a la edad de 101 a\u00f1os","keywords":[],"keyphrases":{"focus":{"keyphrase":"Stern","score":93,"analysis":{"keyphraseInTitle":{"score":9,"maxScore":9,"error":0},"keyphraseInDescription":{"score":9,"maxScore":9,"error":0},"keyphraseLength":{"score":9,"maxScore":9,"error":0,"length":1},"keyphraseInURL":{"score":1,"maxScore":5,"error":1},"keyphraseInIntroduction":{"score":9,"maxScore":9,"error":0},"keyphraseInSubHeadings":[],"keyphraseInImageAlt":{"score":9,"maxScore":9,"error":0},"keywordDensity":{"type":"best","score":9,"maxScore":9,"error":0}}},"additional":[{"keyphrase":"Guy Stern","score":80,"analysis":{"keyphraseInDescription":{"score":9,"maxScore":9,"error":0},"keyphraseLength":{"score":9,"maxScore":9,"error":0,"length":2},"keyphraseInIntroduction":{"score":9,"maxScore":9,"error":0},"keyphraseInImageAlt":{"score":9,"maxScore":9,"error":0},"keywordDensity":{"score":0,"type":"low","maxScore":9,"error":1}}}]},"primary_term":null,"canonical_url":null,"og_title":null,"og_description":null,"og_object_type":"default","og_image_type":"default","og_image_url":null,"og_image_width":null,"og_image_height":null,"og_image_custom_url":null,"og_image_custom_fields":null,"og_video":"","og_custom_url":null,"og_article_section":null,"og_article_tags":[],"twitter_use_og":false,"twitter_card":"default","twitter_image_type":"default","twitter_image_url":null,"twitter_image_custom_url":null,"twitter_image_custom_fields":null,"twitter_title":null,"twitter_description":null,"schema":{"blockGraphs":[],"customGraphs":[],"default":{"data":{"Article":[],"Course":[],"Dataset":[],"FAQPage":[],"Movie":[],"Person":[],"Product":[],"ProductReview":[],"Car":[],"Recipe":[],"Service":[],"SoftwareApplication":[],"WebPage":[]},"graphName":"BlogPosting","isEnabled":true},"graphs":[]},"schema_type":"default","schema_type_options":null,"pillar_content":false,"robots_default":true,"robots_noindex":false,"robots_noarchive":false,"robots_nosnippet":false,"robots_nofollow":false,"robots_noimageindex":false,"robots_noodp":false,"robots_notranslate":false,"robots_max_snippet":"-1","robots_max_videopreview":"-1","robots_max_imagepreview":"large","priority":null,"frequency":"default","local_seo":null,"seo_analyzer_scan_date":"2025-10-05 23:06:38","breadcrumb_settings":null,"limit_modified_date":false,"open_ai":"{\"title\":{\"suggestions\":[],\"usage\":0},\"description\":{\"suggestions\":[],\"usage\":0}}","ai":null,"created":"2023-12-09 03:30:04","updated":"2025-10-09 05:12:30"},"aioseo_breadcrumb":"<div class=\"aioseo-breadcrumbs\"><span class=\"aioseo-breadcrumb\">\n\t<a href=\"https:\/\/www.eldigitaldeasturias.com\/noticias\" title=\"Home\">Home<\/a>\n<\/span><span class=\"aioseo-breadcrumb-separator\">\u2013<\/span><span class=\"aioseo-breadcrumb\">\n\t<a href=\"https:\/\/www.eldigitaldeasturias.com\/noticias\/category\/actualidad\/\" title=\"Actualidad\">Actualidad<\/a>\n<\/span><span class=\"aioseo-breadcrumb-separator\">\u2013<\/span><span class=\"aioseo-breadcrumb\">\n\t<a href=\"https:\/\/www.eldigitaldeasturias.com\/noticias\/ha-fallecido-guy-stern-a-la-edad-de-101-anos\/\" title=\"Ha fallecido Guy Stern a la edad de 101 a\u00f1os\">Ha fallecido Guy Stern a la edad de 101 a\u00f1os<\/a>\n<\/span><\/div>","aioseo_breadcrumb_json":[{"label":"Home","link":"https:\/\/www.eldigitaldeasturias.com\/noticias"},{"label":"Actualidad","link":"https:\/\/www.eldigitaldeasturias.com\/noticias\/category\/actualidad\/"},{"label":"Ha fallecido Guy Stern a la edad de 101 a\u00f1os","link":"https:\/\/www.eldigitaldeasturias.com\/noticias\/ha-fallecido-guy-stern-a-la-edad-de-101-anos\/"}],"_links":{"self":[{"href":"https:\/\/www.eldigitaldeasturias.com\/noticias\/wp-json\/wp\/v2\/posts\/1127479","targetHints":{"allow":["GET"]}}],"collection":[{"href":"https:\/\/www.eldigitaldeasturias.com\/noticias\/wp-json\/wp\/v2\/posts"}],"about":[{"href":"https:\/\/www.eldigitaldeasturias.com\/noticias\/wp-json\/wp\/v2\/types\/post"}],"author":[{"embeddable":true,"href":"https:\/\/www.eldigitaldeasturias.com\/noticias\/wp-json\/wp\/v2\/users\/1"}],"replies":[{"embeddable":true,"href":"https:\/\/www.eldigitaldeasturias.com\/noticias\/wp-json\/wp\/v2\/comments?post=1127479"}],"version-history":[{"count":0,"href":"https:\/\/www.eldigitaldeasturias.com\/noticias\/wp-json\/wp\/v2\/posts\/1127479\/revisions"}],"wp:featuredmedia":[{"embeddable":true,"href":"https:\/\/www.eldigitaldeasturias.com\/noticias\/wp-json\/wp\/v2\/media\/1127480"}],"wp:attachment":[{"href":"https:\/\/www.eldigitaldeasturias.com\/noticias\/wp-json\/wp\/v2\/media?parent=1127479"}],"wp:term":[{"taxonomy":"category","embeddable":true,"href":"https:\/\/www.eldigitaldeasturias.com\/noticias\/wp-json\/wp\/v2\/categories?post=1127479"},{"taxonomy":"post_tag","embeddable":true,"href":"https:\/\/www.eldigitaldeasturias.com\/noticias\/wp-json\/wp\/v2\/tags?post=1127479"}],"curies":[{"name":"wp","href":"https:\/\/api.w.org\/{rel}","templated":true}]}}