{"id":1127476,"date":"2023-12-09T04:26:07","date_gmt":"2023-12-09T03:26:07","guid":{"rendered":"https:\/\/www.eldigitaldeasturias.com\/noticias\/?p=1127476"},"modified":"2023-12-09T04:26:07","modified_gmt":"2023-12-09T03:26:07","slug":"la-app-de-noticias-de-axel-springer-sera-generada-solo-por-ia","status":"publish","type":"post","link":"https:\/\/www.eldigitaldeasturias.com\/noticias\/la-app-de-noticias-de-axel-springer-sera-generada-solo-por-ia\/","title":{"rendered":"La app de noticias de Axel Springer ser\u00e1 generada solo por IA"},"content":{"rendered":"<p>Berl\u00edn, 8 dic (<a title=\"dpa\" href=\"https:\/\/www.dpa-news.de\/\" target=\"_blank\" rel=\"noopener\"><span style=\"color: #ff6600;\"><strong>dpa<\/strong><\/span><\/a>) &#8211; La aplicaci\u00f3n de noticias Upday de la editorial alemana Axel Springer pasar\u00e1 a ser generada completamente por <span style=\"color: #ff6600;\"><a style=\"color: #ff6600;\" href=\"https:\/\/eldigitaldeasturias.com\/magazine365\/category\/internet\/\" target=\"_blank\" rel=\"noopener\"><strong>IA<\/strong><\/a><\/span> a mediados del pr\u00f3ximo a\u00f1o, inform\u00f3 hoy la compa\u00f1\u00eda.<\/p>\n<p><img loading=\"lazy\" decoding=\"async\" class=\"aligncenter wp-image-1127477 size-full\" src=\"https:\/\/www.eldigitaldeasturias.com\/noticias\/wp-content\/uploads\/2023\/12\/IA.jpg\" alt=\"IA\" width=\"640\" height=\"401\" srcset=\"https:\/\/www.eldigitaldeasturias.com\/noticias\/wp-content\/uploads\/2023\/12\/IA.jpg 640w, https:\/\/www.eldigitaldeasturias.com\/noticias\/wp-content\/uploads\/2023\/12\/IA-360x226.jpg 360w, https:\/\/www.eldigitaldeasturias.com\/noticias\/wp-content\/uploads\/2023\/12\/IA-480x300.jpg 480w, https:\/\/www.eldigitaldeasturias.com\/noticias\/wp-content\/uploads\/2023\/12\/IA-150x94.jpg 150w, https:\/\/www.eldigitaldeasturias.com\/noticias\/wp-content\/uploads\/2023\/12\/IA-450x282.jpg 450w\" sizes=\"auto, (max-width: 640px) 100vw, 640px\" \/><\/p>\n<p>\u00abEn el futuro, Axel Springer utilizar\u00e1 la marca Upday para un nuevo generador de noticias de tendencias basado exclusivamente en inteligencia artificial\u00bb, anunci\u00f3 la firma.<\/p>\n<p>\u00abDe este modo, la empresa de medios pone a prueba las oportunidades que esta tecnolog\u00eda ofrece al periodismo y a la industria de las noticias. El nuevo servicio se lanzar\u00e1 en verano (europeo) de 2024 bajo el nombre de Upday\u00bb, agreg\u00f3.<\/p>\n<p>Seg\u00fan supo dpa por fuentes de la firma, Springer se desprender\u00e1 de forma gradual hasta mediados de 2025 de todos los empleados de Upday, donde actualmente cuenta con unos 70 empleados en toda Europa.<\/p>\n<blockquote><p>Adem\u00e1s, una vez que Upday se convierta en un producto basado exclusivamente en IA, ser\u00e1 gestionado desde otra sede de Axel Springer.<\/p><\/blockquote>\n<p>\u00abEl objetivo es proporcionar a los usuarios <a href=\"https:\/\/www.eldigitaldeasturias.com\/noticias\/\"><strong>noticias actuales<\/strong><\/a> sobre temas que est\u00e1n en el centro de la atenci\u00f3n p\u00fablica en el mundo digital\u00bb, explic\u00f3 Springer en un comunicado.<\/p>\n<p>Axel Springer anunci\u00f3 la cancelaci\u00f3n para finales de a\u00f1o de su colaboraci\u00f3n con el grupo electr\u00f3nico Samsung. \u00abEl producto &#8216;Upday para Samsung&#8217; se dise\u00f1\u00f3 originalmente como un servicio de noticias para Samsung y lleg\u00f3 r\u00e1pidamente a millones de usuarios a trav\u00e9s de la preinstalaci\u00f3n en tel\u00e9fonos inteligentes y otros dispositivos\u00bb, agreg\u00f3 la empresa de medios.<\/p>\n<p>\u00abEn pocos a\u00f1os, el servicio se expandi\u00f3 a 34 pa\u00edses europeos. El servicio seguir\u00e1 estando disponible para los usuarios de los dispositivos Samsung existentes durante un per\u00edodo transitorio de m\u00e1s de un a\u00f1o\u00bb, continu\u00f3.<\/p>\n<p>A partir del a\u00f1o que viene, <strong>Springer utilizar\u00e1 la marca Upday \u00abinicialmente a menor escala\u00bb para la nueva plataforma basada en IA.<\/strong><\/p>\n","protected":false},"excerpt":{"rendered":"<p>Berl\u00edn, 8 dic (dpa) &#8211; La aplicaci\u00f3n de noticias Upday de la editorial alemana Axel Springer pasar\u00e1 a ser generada completamente por IA a mediados del pr\u00f3ximo a\u00f1o, inform\u00f3 hoy la compa\u00f1\u00eda. \u00abEn el futuro, Axel Springer utilizar\u00e1 la marca Upday para un nuevo generador de noticias de tendencias basado exclusivamente en inteligencia artificial\u00bb, anunci\u00f3 [&hellip;]<\/p>\n","protected":false},"author":1,"featured_media":1127477,"comment_status":"closed","ping_status":"closed","sticky":false,"template":"","format":"standard","meta":{"footnotes":""},"categories":[219],"tags":[],"class_list":["post-1127476","post","type-post","status-publish","format-standard","has-post-thumbnail","hentry","category-negocios-y-empresas"],"aioseo_notices":[],"aioseo_head":"\n\t\t<!-- All in One SEO Pro 4.9.6.2 - aioseo.com -->\n\t<meta name=\"description\" content=\"Berl\u00edn, 8 dic (dpa) - La aplicaci\u00f3n de noticias Upday de la editorial alemana Axel Springer pasar\u00e1 a ser generada completamente por IA a mediados del pr\u00f3xim\" \/>\n\t<meta name=\"robots\" content=\"max-image-preview:large\" \/>\n\t<meta name=\"author\" content=\"El Digital de Asturias\"\/>\n\t<meta name=\"google-site-verification\" content=\"UA-38556648-1\" \/>\n\t<meta name=\"msvalidate.01\" content=\"7dfe9f3f1b24437ab69f4f2559babe99\" \/>\n\t<meta name=\"keywords\" content=\"negocios y empresas\" \/>\n\t<link rel=\"canonical\" href=\"https:\/\/www.eldigitaldeasturias.com\/noticias\/la-app-de-noticias-de-axel-springer-sera-generada-solo-por-ia\/\" \/>\n\t<meta name=\"generator\" content=\"All in One SEO Pro (AIOSEO) 4.9.6.2\" \/>\n\t\t<meta property=\"og:locale\" content=\"es_ES\" \/>\n\t\t<meta property=\"og:site_name\" content=\"El Digital de Asturias\" \/>\n\t\t<meta property=\"og:type\" content=\"article\" \/>\n\t\t<meta property=\"og:title\" content=\"La app de noticias de Axel Springer ser\u00e1 generada solo por IA - El Digital de Asturias\" \/>\n\t\t<meta property=\"og:description\" content=\"Berl\u00edn, 8 dic (dpa) - La aplicaci\u00f3n de noticias Upday de la editorial alemana Axel Springer pasar\u00e1 a ser generada completamente por IA a mediados del pr\u00f3xim\" \/>\n\t\t<meta property=\"og:url\" content=\"https:\/\/www.eldigitaldeasturias.com\/noticias\/la-app-de-noticias-de-axel-springer-sera-generada-solo-por-ia\/\" \/>\n\t\t<meta property=\"og:image\" content=\"https:\/\/www.eldigitaldeasturias.com\/noticias\/wp-content\/uploads\/2023\/12\/IA.jpg\" \/>\n\t\t<meta property=\"og:image:secure_url\" content=\"https:\/\/www.eldigitaldeasturias.com\/noticias\/wp-content\/uploads\/2023\/12\/IA.jpg\" \/>\n\t\t<meta property=\"og:image:width\" content=\"640\" \/>\n\t\t<meta property=\"og:image:height\" content=\"401\" \/>\n\t\t<meta property=\"article:tag\" content=\"negocios y empresas\" \/>\n\t\t<meta property=\"article:published_time\" content=\"2023-12-09T03:26:07+00:00\" \/>\n\t\t<meta property=\"article:modified_time\" content=\"2023-12-09T03:26:07+00:00\" \/>\n\t\t<meta property=\"article:publisher\" content=\"https:\/\/facebook.com\/eldigitaldeasturias\" \/>\n\t\t<meta name=\"twitter:card\" content=\"summary_large_image\" \/>\n\t\t<meta name=\"twitter:title\" content=\"La app de noticias de Axel Springer ser\u00e1 generada solo por IA - El Digital de Asturias\" \/>\n\t\t<meta name=\"twitter:description\" content=\"Berl\u00edn, 8 dic (dpa) - La aplicaci\u00f3n de noticias Upday de la editorial alemana Axel Springer pasar\u00e1 a ser generada completamente por IA a mediados del pr\u00f3xim\" \/>\n\t\t<meta name=\"twitter:image\" content=\"https:\/\/www.eldigitaldeasturias.com\/noticias\/wp-content\/uploads\/2023\/12\/IA.jpg\" \/>\n\t\t<meta name=\"twitter:label1\" content=\"Escrito por\" \/>\n\t\t<meta name=\"twitter:data1\" content=\"El Digital de Asturias\" \/>\n\t\t<meta name=\"twitter:label2\" content=\"Tiempo de lectura estimado\" \/>\n\t\t<meta name=\"twitter:data2\" content=\"2 minutos\" \/>\n\t\t<script type=\"application\/ld+json\" class=\"aioseo-schema\">\n\t\t\t{\"@context\":\"https:\\\/\\\/schema.org\",\"@graph\":[{\"@type\":\"BlogPosting\",\"@id\":\"https:\\\/\\\/www.eldigitaldeasturias.com\\\/noticias\\\/la-app-de-noticias-de-axel-springer-sera-generada-solo-por-ia\\\/#blogposting\",\"name\":\"La app de noticias de Axel Springer ser\\u00e1 generada solo por IA - El Digital de Asturias\",\"headline\":\"La app de noticias de Axel Springer ser\\u00e1 generada solo por IA\",\"author\":{\"@id\":\"https:\\\/\\\/www.eldigitaldeasturias.com\\\/noticias\\\/author\\\/admin\\\/#author\"},\"publisher\":{\"@id\":\"https:\\\/\\\/www.eldigitaldeasturias.com\\\/noticias\\\/#organization\"},\"image\":{\"@type\":\"ImageObject\",\"url\":\"https:\\\/\\\/www.eldigitaldeasturias.com\\\/noticias\\\/wp-content\\\/uploads\\\/2023\\\/12\\\/IA.jpg\",\"width\":640,\"height\":401,\"caption\":\"IA\"},\"datePublished\":\"2023-12-09T04:26:07+01:00\",\"dateModified\":\"2023-12-09T04:26:07+01:00\",\"inLanguage\":\"es-ES\",\"mainEntityOfPage\":{\"@id\":\"https:\\\/\\\/www.eldigitaldeasturias.com\\\/noticias\\\/la-app-de-noticias-de-axel-springer-sera-generada-solo-por-ia\\\/#webpage\"},\"isPartOf\":{\"@id\":\"https:\\\/\\\/www.eldigitaldeasturias.com\\\/noticias\\\/la-app-de-noticias-de-axel-springer-sera-generada-solo-por-ia\\\/#webpage\"},\"articleSection\":\"Negocios y Empresas\"},{\"@type\":\"BreadcrumbList\",\"@id\":\"https:\\\/\\\/www.eldigitaldeasturias.com\\\/noticias\\\/la-app-de-noticias-de-axel-springer-sera-generada-solo-por-ia\\\/#breadcrumblist\",\"itemListElement\":[{\"@type\":\"ListItem\",\"@id\":\"https:\\\/\\\/www.eldigitaldeasturias.com\\\/noticias#listItem\",\"position\":1,\"name\":\"Home\",\"item\":\"https:\\\/\\\/www.eldigitaldeasturias.com\\\/noticias\",\"nextItem\":{\"@type\":\"ListItem\",\"@id\":\"https:\\\/\\\/www.eldigitaldeasturias.com\\\/noticias\\\/category\\\/negocios-y-empresas\\\/#listItem\",\"name\":\"Negocios y Empresas\"}},{\"@type\":\"ListItem\",\"@id\":\"https:\\\/\\\/www.eldigitaldeasturias.com\\\/noticias\\\/category\\\/negocios-y-empresas\\\/#listItem\",\"position\":2,\"name\":\"Negocios y Empresas\",\"item\":\"https:\\\/\\\/www.eldigitaldeasturias.com\\\/noticias\\\/category\\\/negocios-y-empresas\\\/\",\"nextItem\":{\"@type\":\"ListItem\",\"@id\":\"https:\\\/\\\/www.eldigitaldeasturias.com\\\/noticias\\\/la-app-de-noticias-de-axel-springer-sera-generada-solo-por-ia\\\/#listItem\",\"name\":\"La app de noticias de Axel Springer ser\\u00e1 generada solo por IA\"},\"previousItem\":{\"@type\":\"ListItem\",\"@id\":\"https:\\\/\\\/www.eldigitaldeasturias.com\\\/noticias#listItem\",\"name\":\"Home\"}},{\"@type\":\"ListItem\",\"@id\":\"https:\\\/\\\/www.eldigitaldeasturias.com\\\/noticias\\\/la-app-de-noticias-de-axel-springer-sera-generada-solo-por-ia\\\/#listItem\",\"position\":3,\"name\":\"La app de noticias de Axel Springer ser\\u00e1 generada solo por IA\",\"previousItem\":{\"@type\":\"ListItem\",\"@id\":\"https:\\\/\\\/www.eldigitaldeasturias.com\\\/noticias\\\/category\\\/negocios-y-empresas\\\/#listItem\",\"name\":\"Negocios y Empresas\"}}]},{\"@type\":\"Organization\",\"@id\":\"https:\\\/\\\/www.eldigitaldeasturias.com\\\/noticias\\\/#organization\",\"name\":\"El Digital de Asturias\",\"description\":\"Hemeroteca\",\"url\":\"https:\\\/\\\/www.eldigitaldeasturias.com\\\/noticias\\\/\",\"email\":\"info@eldigitaldeasturias.com\",\"telephone\":\"+34652131393\",\"logo\":{\"@type\":\"ImageObject\",\"url\":\"https:\\\/\\\/www.eldigitaldeasturias.com\\\/noticias\\\/wp-content\\\/uploads\\\/2020\\\/12\\\/EDA.jpg\",\"@id\":\"https:\\\/\\\/www.eldigitaldeasturias.com\\\/noticias\\\/la-app-de-noticias-de-axel-springer-sera-generada-solo-por-ia\\\/#organizationLogo\",\"width\":649,\"height\":297},\"image\":{\"@id\":\"https:\\\/\\\/www.eldigitaldeasturias.com\\\/noticias\\\/la-app-de-noticias-de-axel-springer-sera-generada-solo-por-ia\\\/#organizationLogo\"},\"sameAs\":[\"https:\\\/\\\/facebook.com\\\/eldigitaldeasturias\",\"https:\\\/\\\/www.youtube.com\\\/channel\\\/UCZP-2wLEB9Rv6erhFmqVnvg\"],\"address\":{\"@id\":\"https:\\\/\\\/www.eldigitaldeasturias.com\\\/noticias\\\/#postaladdress\",\"@type\":\"PostalAddress\",\"streetAddress\":\"san antonio 4,\",\"postalCode\":\"33430\",\"addressLocality\":\"Cand\\u00e1s\",\"addressRegion\":\"Asturias\",\"addressCountry\":\"ES\"}},{\"@type\":\"Person\",\"@id\":\"https:\\\/\\\/www.eldigitaldeasturias.com\\\/noticias\\\/author\\\/admin\\\/#author\",\"url\":\"https:\\\/\\\/www.eldigitaldeasturias.com\\\/noticias\\\/author\\\/admin\\\/\",\"name\":\"El Digital de Asturias\",\"image\":{\"@type\":\"ImageObject\",\"@id\":\"https:\\\/\\\/www.eldigitaldeasturias.com\\\/noticias\\\/la-app-de-noticias-de-axel-springer-sera-generada-solo-por-ia\\\/#authorImage\",\"url\":\"https:\\\/\\\/www.eldigitaldeasturias.com\\\/noticias\\\/wp-content\\\/litespeed\\\/avatar\\\/18677e78aa0546b92d9dbf31ec7d7668.jpg?ver=1777290358\",\"width\":96,\"height\":96,\"caption\":\"El Digital de Asturias\"}},{\"@type\":\"WebPage\",\"@id\":\"https:\\\/\\\/www.eldigitaldeasturias.com\\\/noticias\\\/la-app-de-noticias-de-axel-springer-sera-generada-solo-por-ia\\\/#webpage\",\"url\":\"https:\\\/\\\/www.eldigitaldeasturias.com\\\/noticias\\\/la-app-de-noticias-de-axel-springer-sera-generada-solo-por-ia\\\/\",\"name\":\"La app de noticias de Axel Springer ser\\u00e1 generada solo por IA - El Digital de Asturias\",\"description\":\"Berl\\u00edn, 8 dic (dpa) - La aplicaci\\u00f3n de noticias Upday de la editorial alemana Axel Springer pasar\\u00e1 a ser generada completamente por IA a mediados del pr\\u00f3xim\",\"inLanguage\":\"es-ES\",\"isPartOf\":{\"@id\":\"https:\\\/\\\/www.eldigitaldeasturias.com\\\/noticias\\\/#website\"},\"breadcrumb\":{\"@id\":\"https:\\\/\\\/www.eldigitaldeasturias.com\\\/noticias\\\/la-app-de-noticias-de-axel-springer-sera-generada-solo-por-ia\\\/#breadcrumblist\"},\"author\":{\"@id\":\"https:\\\/\\\/www.eldigitaldeasturias.com\\\/noticias\\\/author\\\/admin\\\/#author\"},\"creator\":{\"@id\":\"https:\\\/\\\/www.eldigitaldeasturias.com\\\/noticias\\\/author\\\/admin\\\/#author\"},\"image\":{\"@type\":\"ImageObject\",\"url\":\"https:\\\/\\\/www.eldigitaldeasturias.com\\\/noticias\\\/wp-content\\\/uploads\\\/2023\\\/12\\\/IA.jpg\",\"@id\":\"https:\\\/\\\/www.eldigitaldeasturias.com\\\/noticias\\\/la-app-de-noticias-de-axel-springer-sera-generada-solo-por-ia\\\/#mainImage\",\"width\":640,\"height\":401,\"caption\":\"IA\"},\"primaryImageOfPage\":{\"@id\":\"https:\\\/\\\/www.eldigitaldeasturias.com\\\/noticias\\\/la-app-de-noticias-de-axel-springer-sera-generada-solo-por-ia\\\/#mainImage\"},\"datePublished\":\"2023-12-09T04:26:07+01:00\",\"dateModified\":\"2023-12-09T04:26:07+01:00\"},{\"@type\":\"WebSite\",\"@id\":\"https:\\\/\\\/www.eldigitaldeasturias.com\\\/noticias\\\/#website\",\"url\":\"https:\\\/\\\/www.eldigitaldeasturias.com\\\/noticias\\\/\",\"name\":\"El Digital de Asturias - Diario de actualidad y noticias\",\"alternateName\":\"El Digital de Asturias - Diario de actualidad y noticias\",\"description\":\"Hemeroteca\",\"inLanguage\":\"es-ES\",\"publisher\":{\"@id\":\"https:\\\/\\\/www.eldigitaldeasturias.com\\\/noticias\\\/#organization\"}}]}\n\t\t<\/script>\n\t\t<!-- All in One SEO Pro -->\r\n\t\t<title>La app de noticias de Axel Springer ser\u00e1 generada solo por IA - El Digital de Asturias<\/title>\n\n","aioseo_head_json":{"title":"La app de noticias de Axel Springer ser\u00e1 generada solo por IA - El Digital de Asturias","description":"Berl\u00edn, 8 dic (dpa) - La aplicaci\u00f3n de noticias Upday de la editorial alemana Axel Springer pasar\u00e1 a ser generada completamente por IA a mediados del pr\u00f3xim","canonical_url":"https:\/\/www.eldigitaldeasturias.com\/noticias\/la-app-de-noticias-de-axel-springer-sera-generada-solo-por-ia\/","robots":"max-image-preview:large","keywords":"negocios y empresas","webmasterTools":{"google-site-verification":"UA-38556648-1","msvalidate.01":"7dfe9f3f1b24437ab69f4f2559babe99","miscellaneous":""},"schema":{"@context":"https:\/\/schema.org","@graph":[{"@type":"BlogPosting","@id":"https:\/\/www.eldigitaldeasturias.com\/noticias\/la-app-de-noticias-de-axel-springer-sera-generada-solo-por-ia\/#blogposting","name":"La app de noticias de Axel Springer ser\u00e1 generada solo por IA - El Digital de Asturias","headline":"La app de noticias de Axel Springer ser\u00e1 generada solo por IA","author":{"@id":"https:\/\/www.eldigitaldeasturias.com\/noticias\/author\/admin\/#author"},"publisher":{"@id":"https:\/\/www.eldigitaldeasturias.com\/noticias\/#organization"},"image":{"@type":"ImageObject","url":"https:\/\/www.eldigitaldeasturias.com\/noticias\/wp-content\/uploads\/2023\/12\/IA.jpg","width":640,"height":401,"caption":"IA"},"datePublished":"2023-12-09T04:26:07+01:00","dateModified":"2023-12-09T04:26:07+01:00","inLanguage":"es-ES","mainEntityOfPage":{"@id":"https:\/\/www.eldigitaldeasturias.com\/noticias\/la-app-de-noticias-de-axel-springer-sera-generada-solo-por-ia\/#webpage"},"isPartOf":{"@id":"https:\/\/www.eldigitaldeasturias.com\/noticias\/la-app-de-noticias-de-axel-springer-sera-generada-solo-por-ia\/#webpage"},"articleSection":"Negocios y Empresas"},{"@type":"BreadcrumbList","@id":"https:\/\/www.eldigitaldeasturias.com\/noticias\/la-app-de-noticias-de-axel-springer-sera-generada-solo-por-ia\/#breadcrumblist","itemListElement":[{"@type":"ListItem","@id":"https:\/\/www.eldigitaldeasturias.com\/noticias#listItem","position":1,"name":"Home","item":"https:\/\/www.eldigitaldeasturias.com\/noticias","nextItem":{"@type":"ListItem","@id":"https:\/\/www.eldigitaldeasturias.com\/noticias\/category\/negocios-y-empresas\/#listItem","name":"Negocios y Empresas"}},{"@type":"ListItem","@id":"https:\/\/www.eldigitaldeasturias.com\/noticias\/category\/negocios-y-empresas\/#listItem","position":2,"name":"Negocios y Empresas","item":"https:\/\/www.eldigitaldeasturias.com\/noticias\/category\/negocios-y-empresas\/","nextItem":{"@type":"ListItem","@id":"https:\/\/www.eldigitaldeasturias.com\/noticias\/la-app-de-noticias-de-axel-springer-sera-generada-solo-por-ia\/#listItem","name":"La app de noticias de Axel Springer ser\u00e1 generada solo por IA"},"previousItem":{"@type":"ListItem","@id":"https:\/\/www.eldigitaldeasturias.com\/noticias#listItem","name":"Home"}},{"@type":"ListItem","@id":"https:\/\/www.eldigitaldeasturias.com\/noticias\/la-app-de-noticias-de-axel-springer-sera-generada-solo-por-ia\/#listItem","position":3,"name":"La app de noticias de Axel Springer ser\u00e1 generada solo por IA","previousItem":{"@type":"ListItem","@id":"https:\/\/www.eldigitaldeasturias.com\/noticias\/category\/negocios-y-empresas\/#listItem","name":"Negocios y Empresas"}}]},{"@type":"Organization","@id":"https:\/\/www.eldigitaldeasturias.com\/noticias\/#organization","name":"El Digital de Asturias","description":"Hemeroteca","url":"https:\/\/www.eldigitaldeasturias.com\/noticias\/","email":"info@eldigitaldeasturias.com","telephone":"+34652131393","logo":{"@type":"ImageObject","url":"https:\/\/www.eldigitaldeasturias.com\/noticias\/wp-content\/uploads\/2020\/12\/EDA.jpg","@id":"https:\/\/www.eldigitaldeasturias.com\/noticias\/la-app-de-noticias-de-axel-springer-sera-generada-solo-por-ia\/#organizationLogo","width":649,"height":297},"image":{"@id":"https:\/\/www.eldigitaldeasturias.com\/noticias\/la-app-de-noticias-de-axel-springer-sera-generada-solo-por-ia\/#organizationLogo"},"sameAs":["https:\/\/facebook.com\/eldigitaldeasturias","https:\/\/www.youtube.com\/channel\/UCZP-2wLEB9Rv6erhFmqVnvg"],"address":{"@id":"https:\/\/www.eldigitaldeasturias.com\/noticias\/#postaladdress","@type":"PostalAddress","streetAddress":"san antonio 4,","postalCode":"33430","addressLocality":"Cand\u00e1s","addressRegion":"Asturias","addressCountry":"ES"}},{"@type":"Person","@id":"https:\/\/www.eldigitaldeasturias.com\/noticias\/author\/admin\/#author","url":"https:\/\/www.eldigitaldeasturias.com\/noticias\/author\/admin\/","name":"El Digital de Asturias","image":{"@type":"ImageObject","@id":"https:\/\/www.eldigitaldeasturias.com\/noticias\/la-app-de-noticias-de-axel-springer-sera-generada-solo-por-ia\/#authorImage","url":"https:\/\/www.eldigitaldeasturias.com\/noticias\/wp-content\/litespeed\/avatar\/18677e78aa0546b92d9dbf31ec7d7668.jpg?ver=1777290358","width":96,"height":96,"caption":"El Digital de Asturias"}},{"@type":"WebPage","@id":"https:\/\/www.eldigitaldeasturias.com\/noticias\/la-app-de-noticias-de-axel-springer-sera-generada-solo-por-ia\/#webpage","url":"https:\/\/www.eldigitaldeasturias.com\/noticias\/la-app-de-noticias-de-axel-springer-sera-generada-solo-por-ia\/","name":"La app de noticias de Axel Springer ser\u00e1 generada solo por IA - El Digital de Asturias","description":"Berl\u00edn, 8 dic (dpa) - La aplicaci\u00f3n de noticias Upday de la editorial alemana Axel Springer pasar\u00e1 a ser generada completamente por IA a mediados del pr\u00f3xim","inLanguage":"es-ES","isPartOf":{"@id":"https:\/\/www.eldigitaldeasturias.com\/noticias\/#website"},"breadcrumb":{"@id":"https:\/\/www.eldigitaldeasturias.com\/noticias\/la-app-de-noticias-de-axel-springer-sera-generada-solo-por-ia\/#breadcrumblist"},"author":{"@id":"https:\/\/www.eldigitaldeasturias.com\/noticias\/author\/admin\/#author"},"creator":{"@id":"https:\/\/www.eldigitaldeasturias.com\/noticias\/author\/admin\/#author"},"image":{"@type":"ImageObject","url":"https:\/\/www.eldigitaldeasturias.com\/noticias\/wp-content\/uploads\/2023\/12\/IA.jpg","@id":"https:\/\/www.eldigitaldeasturias.com\/noticias\/la-app-de-noticias-de-axel-springer-sera-generada-solo-por-ia\/#mainImage","width":640,"height":401,"caption":"IA"},"primaryImageOfPage":{"@id":"https:\/\/www.eldigitaldeasturias.com\/noticias\/la-app-de-noticias-de-axel-springer-sera-generada-solo-por-ia\/#mainImage"},"datePublished":"2023-12-09T04:26:07+01:00","dateModified":"2023-12-09T04:26:07+01:00"},{"@type":"WebSite","@id":"https:\/\/www.eldigitaldeasturias.com\/noticias\/#website","url":"https:\/\/www.eldigitaldeasturias.com\/noticias\/","name":"El Digital de Asturias - Diario de actualidad y noticias","alternateName":"El Digital de Asturias - Diario de actualidad y noticias","description":"Hemeroteca","inLanguage":"es-ES","publisher":{"@id":"https:\/\/www.eldigitaldeasturias.com\/noticias\/#organization"}}]},"og:locale":"es_ES","og:site_name":"El Digital de Asturias","og:type":"article","og:title":"La app de noticias de Axel Springer ser\u00e1 generada solo por IA - El Digital de Asturias","og:description":"Berl\u00edn, 8 dic (dpa) - La aplicaci\u00f3n de noticias Upday de la editorial alemana Axel Springer pasar\u00e1 a ser generada completamente por IA a mediados del pr\u00f3xim","og:url":"https:\/\/www.eldigitaldeasturias.com\/noticias\/la-app-de-noticias-de-axel-springer-sera-generada-solo-por-ia\/","og:image":"https:\/\/www.eldigitaldeasturias.com\/noticias\/wp-content\/uploads\/2023\/12\/IA.jpg","og:image:secure_url":"https:\/\/www.eldigitaldeasturias.com\/noticias\/wp-content\/uploads\/2023\/12\/IA.jpg","og:image:width":640,"og:image:height":401,"article:tag":["negocios y empresas"],"article:published_time":"2023-12-09T03:26:07+00:00","article:modified_time":"2023-12-09T03:26:07+00:00","article:publisher":"https:\/\/facebook.com\/eldigitaldeasturias","twitter:card":"summary_large_image","twitter:title":"La app de noticias de Axel Springer ser\u00e1 generada solo por IA - El Digital de Asturias","twitter:description":"Berl\u00edn, 8 dic (dpa) - La aplicaci\u00f3n de noticias Upday de la editorial alemana Axel Springer pasar\u00e1 a ser generada completamente por IA a mediados del pr\u00f3xim","twitter:image":"https:\/\/www.eldigitaldeasturias.com\/noticias\/wp-content\/uploads\/2023\/12\/IA.jpg","twitter:label1":"Escrito por","twitter:data1":"El Digital de Asturias","twitter:label2":"Tiempo de lectura estimado","twitter:data2":"2 minutos"},"aioseo_meta_data":{"post_id":"1127476","title":null,"description":"Berl\u00edn, 8 dic (dpa) - La aplicaci\u00f3n de noticias Upday de la editorial alemana Axel Springer pasar\u00e1 a ser generada completamente por IA a mediados del pr\u00f3xim","keywords":[],"keyphrases":{"focus":{"keyphrase":"IA","score":85,"analysis":{"keyphraseInTitle":{"score":9,"maxScore":9,"error":0},"keyphraseInDescription":{"score":9,"maxScore":9,"error":0},"keyphraseLength":{"score":9,"maxScore":9,"error":0,"length":1},"keyphraseInURL":{"score":5,"maxScore":5,"error":0},"keyphraseInIntroduction":{"score":9,"maxScore":9,"error":0},"keyphraseInSubHeadings":[],"keyphraseInImageAlt":{"score":9,"maxScore":9,"error":0},"keywordDensity":{"type":"high","score":0,"maxScore":9,"error":1}}},"additional":[{"keyphrase":"IA","score":80,"analysis":{"keyphraseInDescription":{"score":9,"maxScore":9,"error":0},"keyphraseLength":{"score":9,"maxScore":9,"error":0,"length":1},"keyphraseInIntroduction":{"score":9,"maxScore":9,"error":0},"keyphraseInImageAlt":{"score":9,"maxScore":9,"error":0},"keywordDensity":{"type":"high","score":0,"maxScore":9,"error":1}}},{"keyphrase":"noticias","score":87,"analysis":{"keyphraseInDescription":{"score":9,"maxScore":9,"error":0},"keyphraseLength":{"score":9,"maxScore":9,"error":0,"length":1},"keyphraseInIntroduction":{"score":9,"maxScore":9,"error":0},"keyphraseInImageAlt":{"score":3,"maxScore":9,"error":1},"keywordDensity":{"type":"best","score":9,"maxScore":9,"error":0}}}]},"primary_term":null,"canonical_url":null,"og_title":null,"og_description":null,"og_object_type":"default","og_image_type":"default","og_image_url":null,"og_image_width":null,"og_image_height":null,"og_image_custom_url":null,"og_image_custom_fields":null,"og_video":"","og_custom_url":null,"og_article_section":null,"og_article_tags":[],"twitter_use_og":false,"twitter_card":"default","twitter_image_type":"default","twitter_image_url":null,"twitter_image_custom_url":null,"twitter_image_custom_fields":null,"twitter_title":null,"twitter_description":null,"schema":{"blockGraphs":[],"customGraphs":[],"default":{"data":{"Article":[],"Course":[],"Dataset":[],"FAQPage":[],"Movie":[],"Person":[],"Product":[],"ProductReview":[],"Car":[],"Recipe":[],"Service":[],"SoftwareApplication":[],"WebPage":[]},"graphName":"BlogPosting","isEnabled":true},"graphs":[]},"schema_type":"default","schema_type_options":null,"pillar_content":false,"robots_default":true,"robots_noindex":false,"robots_noarchive":false,"robots_nosnippet":false,"robots_nofollow":false,"robots_noimageindex":false,"robots_noodp":false,"robots_notranslate":false,"robots_max_snippet":"-1","robots_max_videopreview":"-1","robots_max_imagepreview":"large","priority":null,"frequency":"default","local_seo":null,"seo_analyzer_scan_date":"2025-10-05 23:06:26","breadcrumb_settings":null,"limit_modified_date":false,"open_ai":"{\"title\":{\"suggestions\":[],\"usage\":0},\"description\":{\"suggestions\":[],\"usage\":0}}","ai":null,"created":"2023-12-09 03:21:36","updated":"2025-10-09 05:09:31"},"aioseo_breadcrumb":"<div class=\"aioseo-breadcrumbs\"><span class=\"aioseo-breadcrumb\">\n\t<a href=\"https:\/\/www.eldigitaldeasturias.com\/noticias\" title=\"Home\">Home<\/a>\n<\/span><span class=\"aioseo-breadcrumb-separator\">\u2013<\/span><span class=\"aioseo-breadcrumb\">\n\t<a href=\"https:\/\/www.eldigitaldeasturias.com\/noticias\/category\/negocios-y-empresas\/\" title=\"Negocios y Empresas\">Negocios y Empresas<\/a>\n<\/span><span class=\"aioseo-breadcrumb-separator\">\u2013<\/span><span class=\"aioseo-breadcrumb\">\n\t<a href=\"https:\/\/www.eldigitaldeasturias.com\/noticias\/la-app-de-noticias-de-axel-springer-sera-generada-solo-por-ia\/\" title=\"La app de noticias de Axel Springer ser\u00e1 generada solo por IA\">La app de noticias de Axel Springer ser\u00e1 generada solo por IA<\/a>\n<\/span><\/div>","aioseo_breadcrumb_json":[{"label":"Home","link":"https:\/\/www.eldigitaldeasturias.com\/noticias"},{"label":"Negocios y Empresas","link":"https:\/\/www.eldigitaldeasturias.com\/noticias\/category\/negocios-y-empresas\/"},{"label":"La app de noticias de Axel Springer ser\u00e1 generada solo por IA","link":"https:\/\/www.eldigitaldeasturias.com\/noticias\/la-app-de-noticias-de-axel-springer-sera-generada-solo-por-ia\/"}],"_links":{"self":[{"href":"https:\/\/www.eldigitaldeasturias.com\/noticias\/wp-json\/wp\/v2\/posts\/1127476","targetHints":{"allow":["GET"]}}],"collection":[{"href":"https:\/\/www.eldigitaldeasturias.com\/noticias\/wp-json\/wp\/v2\/posts"}],"about":[{"href":"https:\/\/www.eldigitaldeasturias.com\/noticias\/wp-json\/wp\/v2\/types\/post"}],"author":[{"embeddable":true,"href":"https:\/\/www.eldigitaldeasturias.com\/noticias\/wp-json\/wp\/v2\/users\/1"}],"replies":[{"embeddable":true,"href":"https:\/\/www.eldigitaldeasturias.com\/noticias\/wp-json\/wp\/v2\/comments?post=1127476"}],"version-history":[{"count":0,"href":"https:\/\/www.eldigitaldeasturias.com\/noticias\/wp-json\/wp\/v2\/posts\/1127476\/revisions"}],"wp:featuredmedia":[{"embeddable":true,"href":"https:\/\/www.eldigitaldeasturias.com\/noticias\/wp-json\/wp\/v2\/media\/1127477"}],"wp:attachment":[{"href":"https:\/\/www.eldigitaldeasturias.com\/noticias\/wp-json\/wp\/v2\/media?parent=1127476"}],"wp:term":[{"taxonomy":"category","embeddable":true,"href":"https:\/\/www.eldigitaldeasturias.com\/noticias\/wp-json\/wp\/v2\/categories?post=1127476"},{"taxonomy":"post_tag","embeddable":true,"href":"https:\/\/www.eldigitaldeasturias.com\/noticias\/wp-json\/wp\/v2\/tags?post=1127476"}],"curies":[{"name":"wp","href":"https:\/\/api.w.org\/{rel}","templated":true}]}}