{"id":1127473,"date":"2023-12-09T04:18:35","date_gmt":"2023-12-09T03:18:35","guid":{"rendered":"https:\/\/www.eldigitaldeasturias.com\/noticias\/?p=1127473"},"modified":"2023-12-09T04:18:35","modified_gmt":"2023-12-09T03:18:35","slug":"palabra-del-ano-2023-en-alemania","status":"publish","type":"post","link":"https:\/\/www.eldigitaldeasturias.com\/noticias\/palabra-del-ano-2023-en-alemania\/","title":{"rendered":"Palabra del a\u00f1o 2023 en Alemania"},"content":{"rendered":"<p>Wiesbaden (Alemania), 8 dic (<a title=\"dpa\" href=\"https:\/\/www.dpa-news.de\/\" target=\"_blank\" rel=\"noopener\"><span style=\"color: #ff6600;\"><strong>dpa<\/strong><\/span><\/a>) &#8211; \u00abKrisenmodus\u00bb (modo de crisis, en espa\u00f1ol) fue elegida <strong>\u00abPalabra del A\u00f1o\u00bb 2023 en Alemania<\/strong>, inform\u00f3 hoy la Sociedad de la Lengua Alemana (GfdS) en la ciudad de Wiesbaden.<\/p>\n<figure id=\"attachment_1127474\" aria-describedby=\"caption-attachment-1127474\" style=\"width: 650px\" class=\"wp-caption aligncenter\"><img loading=\"lazy\" decoding=\"async\" class=\"wp-image-1127474 size-large\" src=\"https:\/\/www.eldigitaldeasturias.com\/noticias\/wp-content\/uploads\/2023\/12\/palabra-del-ano-2023-en-Alemania-650x397.jpg\" alt=\"palabra del a\u00f1o 2023 en Alemania\" width=\"650\" height=\"397\" srcset=\"https:\/\/www.eldigitaldeasturias.com\/noticias\/wp-content\/uploads\/2023\/12\/palabra-del-ano-2023-en-Alemania-650x397.jpg 650w, https:\/\/www.eldigitaldeasturias.com\/noticias\/wp-content\/uploads\/2023\/12\/palabra-del-ano-2023-en-Alemania-360x220.jpg 360w, https:\/\/www.eldigitaldeasturias.com\/noticias\/wp-content\/uploads\/2023\/12\/palabra-del-ano-2023-en-Alemania-480x293.jpg 480w, https:\/\/www.eldigitaldeasturias.com\/noticias\/wp-content\/uploads\/2023\/12\/palabra-del-ano-2023-en-Alemania-768x469.jpg 768w, https:\/\/www.eldigitaldeasturias.com\/noticias\/wp-content\/uploads\/2023\/12\/palabra-del-ano-2023-en-Alemania-150x92.jpg 150w, https:\/\/www.eldigitaldeasturias.com\/noticias\/wp-content\/uploads\/2023\/12\/palabra-del-ano-2023-en-Alemania-450x275.jpg 450w, https:\/\/www.eldigitaldeasturias.com\/noticias\/wp-content\/uploads\/2023\/12\/palabra-del-ano-2023-en-Alemania.jpg 1092w\" sizes=\"auto, (max-width: 650px) 100vw, 650px\" \/><figcaption id=\"caption-attachment-1127474\" class=\"wp-caption-text\">Una ilustraci\u00f3n con la palabra \u00abKrisenmodus\u00bb (modo de crisis), elegida hoy como \u00abPalabra del A\u00f1o\u00bb del 2023. Foto: Julian Stratenschulte\/dpa<\/figcaption><\/figure>\n<p>En segundo lugar qued\u00f3 \u00abAntisemitismus\u00bb (antisemitismo) seguida de \u00ableseunf\u00e4hig\u00bb (incapaz de leer). Un jurado eligi\u00f3 diez palabras en base a aquellas palabras que m\u00e1s sonaron en los \u00faltimos meses en las discusiones p\u00fablicas y que marcaron de esta forma el a\u00f1o.<\/p>\n<p>\u00abEsta lista refleja la realidad, y la realidad es actualmente sombr\u00eda\u00bb, dijo la directora general de la GfdS, Andrea Ewels. A\u00f1adi\u00f3 que la sociedad se encuentra desde 2020 en \u00abmodo de crisis\u00bb en vistas de la pandemia de coronavirus, la invasi\u00f3n rusa de Ucrania, la crisis energ\u00e9tica, la crisis educativa y el ataque de Ham\u00e1s a Israel.<\/p>\n<p>\u00abEl estado de emergencia se ha convertido en un estado permanente\u00bb, coment\u00f3 Ewels. \u00abEsto desencadena miedo, incertidumbre e impotencia en la gente. Estos sentimientos dominan la vida cotidiana porque no sabes lo que te espera\u00bb, agreg\u00f3.<\/p>\n<p><strong>Las \u00abpalabras del a\u00f1o\u00bb fueron elegidas este a\u00f1o por el jurado entre 1.800 palabras<\/strong>. Las propuestas procedieron de distintos medios y cualquiera pod\u00eda proponer una palabra.<\/p>\n<p>\u00abPara la elecci\u00f3n de las &#8216;palabras del a\u00f1o&#8217; no es decisiva la frecuencia de la expresi\u00f3n, sino m\u00e1s bien su significado y su popularidad\u00bb, se\u00f1al\u00f3 la Sociedad para la Lengua Alemana. A\u00f1adi\u00f3 que las palabras elegidas no est\u00e1n asociadas a nunguna valoraci\u00f3n o recomendaci\u00f3n.<\/p>\n<p>El jurado de ling\u00fcistas y expertos en<span style=\"color: #ff6600;\"> <a style=\"color: #ff6600;\" href=\"https:\/\/www.eldigitaldeasturias.com\/noticias\/\">medios de comunicaci\u00f3n<\/a><\/span> est\u00e1 compuesto por la junta directiva y el personal acad\u00e9mico de la Sociedad.<\/p>\n<p>La \u00abPalabra del A\u00f1o\u00bb fue elegida por primera vez por la GfdS en 1971 y se concede regularmente desde 1977. En 2022, \u00abZeitenwende\u00bb (cambio de \u00e9poca) obtuvo el primer puesto. El t\u00e9rmino fue asociado a la invasi\u00f3n rusa de Ucrania y fue acu\u00f1ado, entre otros, por el canciller alem\u00e1n Olaf Scholz.<\/p>\n","protected":false},"excerpt":{"rendered":"<p>Wiesbaden (Alemania), 8 dic (dpa) &#8211; \u00abKrisenmodus\u00bb (modo de crisis, en espa\u00f1ol) fue elegida \u00abPalabra del A\u00f1o\u00bb 2023 en Alemania, inform\u00f3 hoy la Sociedad de la Lengua Alemana (GfdS) en la ciudad de Wiesbaden. En segundo lugar qued\u00f3 \u00abAntisemitismus\u00bb (antisemitismo) seguida de \u00ableseunf\u00e4hig\u00bb (incapaz de leer). Un jurado eligi\u00f3 diez palabras en base a aquellas [&hellip;]<\/p>\n","protected":false},"author":1,"featured_media":1127474,"comment_status":"closed","ping_status":"closed","sticky":false,"template":"","format":"standard","meta":{"footnotes":""},"categories":[28],"tags":[],"class_list":["post-1127473","post","type-post","status-publish","format-standard","has-post-thumbnail","hentry","category-sociedad"],"aioseo_notices":[],"aioseo_head":"\n\t\t<!-- All in One SEO Pro 4.9.6.2 - aioseo.com -->\n\t<meta name=\"description\" content=\"Wiesbaden (Alemania), 8 dic (dpa) - &quot;Krisenmodus&quot; (modo de crisis, en espa\u00f1ol) fue elegida &quot;Palabra del A\u00f1o&quot; 2023 en Alemania, inform\u00f3 hoy la Sociedad\" \/>\n\t<meta name=\"robots\" content=\"max-image-preview:large\" \/>\n\t<meta name=\"author\" content=\"El Digital de Asturias\"\/>\n\t<meta name=\"google-site-verification\" content=\"UA-38556648-1\" \/>\n\t<meta name=\"msvalidate.01\" content=\"7dfe9f3f1b24437ab69f4f2559babe99\" \/>\n\t<meta name=\"keywords\" content=\"sociedad\" \/>\n\t<link rel=\"canonical\" href=\"https:\/\/www.eldigitaldeasturias.com\/noticias\/palabra-del-ano-2023-en-alemania\/\" \/>\n\t<meta name=\"generator\" content=\"All in One SEO Pro (AIOSEO) 4.9.6.2\" \/>\n\t\t<meta property=\"og:locale\" content=\"es_ES\" \/>\n\t\t<meta property=\"og:site_name\" content=\"El Digital de Asturias\" \/>\n\t\t<meta property=\"og:type\" content=\"article\" \/>\n\t\t<meta property=\"og:title\" content=\"Palabra del a\u00f1o 2023 en Alemania - El Digital de Asturias\" \/>\n\t\t<meta property=\"og:description\" content=\"Wiesbaden (Alemania), 8 dic (dpa) - &quot;Krisenmodus&quot; (modo de crisis, en espa\u00f1ol) fue elegida &quot;Palabra del A\u00f1o&quot; 2023 en Alemania, inform\u00f3 hoy la Sociedad\" \/>\n\t\t<meta property=\"og:url\" content=\"https:\/\/www.eldigitaldeasturias.com\/noticias\/palabra-del-ano-2023-en-alemania\/\" \/>\n\t\t<meta property=\"og:image\" content=\"https:\/\/www.eldigitaldeasturias.com\/noticias\/wp-content\/uploads\/2023\/12\/palabra-del-ano-2023-en-Alemania.jpg\" \/>\n\t\t<meta property=\"og:image:secure_url\" content=\"https:\/\/www.eldigitaldeasturias.com\/noticias\/wp-content\/uploads\/2023\/12\/palabra-del-ano-2023-en-Alemania.jpg\" \/>\n\t\t<meta property=\"og:image:width\" content=\"1092\" \/>\n\t\t<meta property=\"og:image:height\" content=\"667\" \/>\n\t\t<meta property=\"article:tag\" content=\"sociedad\" \/>\n\t\t<meta property=\"article:published_time\" content=\"2023-12-09T03:18:35+00:00\" \/>\n\t\t<meta property=\"article:modified_time\" content=\"2023-12-09T03:18:35+00:00\" \/>\n\t\t<meta property=\"article:publisher\" content=\"https:\/\/facebook.com\/eldigitaldeasturias\" \/>\n\t\t<meta name=\"twitter:card\" content=\"summary_large_image\" \/>\n\t\t<meta name=\"twitter:title\" content=\"Palabra del a\u00f1o 2023 en Alemania - El Digital de Asturias\" \/>\n\t\t<meta name=\"twitter:description\" content=\"Wiesbaden (Alemania), 8 dic (dpa) - &quot;Krisenmodus&quot; (modo de crisis, en espa\u00f1ol) fue elegida &quot;Palabra del A\u00f1o&quot; 2023 en Alemania, inform\u00f3 hoy la Sociedad\" \/>\n\t\t<meta name=\"twitter:image\" content=\"https:\/\/www.eldigitaldeasturias.com\/noticias\/wp-content\/uploads\/2023\/12\/palabra-del-ano-2023-en-Alemania.jpg\" \/>\n\t\t<meta name=\"twitter:label1\" content=\"Escrito por\" \/>\n\t\t<meta name=\"twitter:data1\" content=\"El Digital de Asturias\" \/>\n\t\t<meta name=\"twitter:label2\" content=\"Tiempo de lectura estimado\" \/>\n\t\t<meta name=\"twitter:data2\" content=\"2 minutos\" \/>\n\t\t<script type=\"application\/ld+json\" class=\"aioseo-schema\">\n\t\t\t{\"@context\":\"https:\\\/\\\/schema.org\",\"@graph\":[{\"@type\":\"BlogPosting\",\"@id\":\"https:\\\/\\\/www.eldigitaldeasturias.com\\\/noticias\\\/palabra-del-ano-2023-en-alemania\\\/#blogposting\",\"name\":\"Palabra del a\\u00f1o 2023 en Alemania - El Digital de Asturias\",\"headline\":\"Palabra del a\\u00f1o 2023 en Alemania\",\"author\":{\"@id\":\"https:\\\/\\\/www.eldigitaldeasturias.com\\\/noticias\\\/author\\\/admin\\\/#author\"},\"publisher\":{\"@id\":\"https:\\\/\\\/www.eldigitaldeasturias.com\\\/noticias\\\/#organization\"},\"image\":{\"@type\":\"ImageObject\",\"url\":\"https:\\\/\\\/www.eldigitaldeasturias.com\\\/noticias\\\/wp-content\\\/uploads\\\/2023\\\/12\\\/palabra-del-ano-2023-en-Alemania.jpg\",\"width\":1092,\"height\":667,\"caption\":\"Una ilustraci\\u00f3n con la palabra \\\"Krisenmodus\\\" (modo de crisis), elegida hoy como \\\"Palabra del A\\u00f1o\\\" del 2023. Foto: Julian Stratenschulte\\\/dpa\"},\"datePublished\":\"2023-12-09T04:18:35+01:00\",\"dateModified\":\"2023-12-09T04:18:35+01:00\",\"inLanguage\":\"es-ES\",\"mainEntityOfPage\":{\"@id\":\"https:\\\/\\\/www.eldigitaldeasturias.com\\\/noticias\\\/palabra-del-ano-2023-en-alemania\\\/#webpage\"},\"isPartOf\":{\"@id\":\"https:\\\/\\\/www.eldigitaldeasturias.com\\\/noticias\\\/palabra-del-ano-2023-en-alemania\\\/#webpage\"},\"articleSection\":\"Sociedad\"},{\"@type\":\"BreadcrumbList\",\"@id\":\"https:\\\/\\\/www.eldigitaldeasturias.com\\\/noticias\\\/palabra-del-ano-2023-en-alemania\\\/#breadcrumblist\",\"itemListElement\":[{\"@type\":\"ListItem\",\"@id\":\"https:\\\/\\\/www.eldigitaldeasturias.com\\\/noticias#listItem\",\"position\":1,\"name\":\"Home\",\"item\":\"https:\\\/\\\/www.eldigitaldeasturias.com\\\/noticias\",\"nextItem\":{\"@type\":\"ListItem\",\"@id\":\"https:\\\/\\\/www.eldigitaldeasturias.com\\\/noticias\\\/category\\\/sociedad\\\/#listItem\",\"name\":\"Sociedad\"}},{\"@type\":\"ListItem\",\"@id\":\"https:\\\/\\\/www.eldigitaldeasturias.com\\\/noticias\\\/category\\\/sociedad\\\/#listItem\",\"position\":2,\"name\":\"Sociedad\",\"item\":\"https:\\\/\\\/www.eldigitaldeasturias.com\\\/noticias\\\/category\\\/sociedad\\\/\",\"nextItem\":{\"@type\":\"ListItem\",\"@id\":\"https:\\\/\\\/www.eldigitaldeasturias.com\\\/noticias\\\/palabra-del-ano-2023-en-alemania\\\/#listItem\",\"name\":\"Palabra del a\\u00f1o 2023 en Alemania\"},\"previousItem\":{\"@type\":\"ListItem\",\"@id\":\"https:\\\/\\\/www.eldigitaldeasturias.com\\\/noticias#listItem\",\"name\":\"Home\"}},{\"@type\":\"ListItem\",\"@id\":\"https:\\\/\\\/www.eldigitaldeasturias.com\\\/noticias\\\/palabra-del-ano-2023-en-alemania\\\/#listItem\",\"position\":3,\"name\":\"Palabra del a\\u00f1o 2023 en Alemania\",\"previousItem\":{\"@type\":\"ListItem\",\"@id\":\"https:\\\/\\\/www.eldigitaldeasturias.com\\\/noticias\\\/category\\\/sociedad\\\/#listItem\",\"name\":\"Sociedad\"}}]},{\"@type\":\"Organization\",\"@id\":\"https:\\\/\\\/www.eldigitaldeasturias.com\\\/noticias\\\/#organization\",\"name\":\"El Digital de Asturias\",\"description\":\"Hemeroteca\",\"url\":\"https:\\\/\\\/www.eldigitaldeasturias.com\\\/noticias\\\/\",\"email\":\"info@eldigitaldeasturias.com\",\"telephone\":\"+34652131393\",\"logo\":{\"@type\":\"ImageObject\",\"url\":\"https:\\\/\\\/www.eldigitaldeasturias.com\\\/noticias\\\/wp-content\\\/uploads\\\/2020\\\/12\\\/EDA.jpg\",\"@id\":\"https:\\\/\\\/www.eldigitaldeasturias.com\\\/noticias\\\/palabra-del-ano-2023-en-alemania\\\/#organizationLogo\",\"width\":649,\"height\":297},\"image\":{\"@id\":\"https:\\\/\\\/www.eldigitaldeasturias.com\\\/noticias\\\/palabra-del-ano-2023-en-alemania\\\/#organizationLogo\"},\"sameAs\":[\"https:\\\/\\\/facebook.com\\\/eldigitaldeasturias\",\"https:\\\/\\\/www.youtube.com\\\/channel\\\/UCZP-2wLEB9Rv6erhFmqVnvg\"],\"address\":{\"@id\":\"https:\\\/\\\/www.eldigitaldeasturias.com\\\/noticias\\\/#postaladdress\",\"@type\":\"PostalAddress\",\"streetAddress\":\"san antonio 4,\",\"postalCode\":\"33430\",\"addressLocality\":\"Cand\\u00e1s\",\"addressRegion\":\"Asturias\",\"addressCountry\":\"ES\"}},{\"@type\":\"Person\",\"@id\":\"https:\\\/\\\/www.eldigitaldeasturias.com\\\/noticias\\\/author\\\/admin\\\/#author\",\"url\":\"https:\\\/\\\/www.eldigitaldeasturias.com\\\/noticias\\\/author\\\/admin\\\/\",\"name\":\"El Digital de Asturias\",\"image\":{\"@type\":\"ImageObject\",\"@id\":\"https:\\\/\\\/www.eldigitaldeasturias.com\\\/noticias\\\/palabra-del-ano-2023-en-alemania\\\/#authorImage\",\"url\":\"https:\\\/\\\/www.eldigitaldeasturias.com\\\/noticias\\\/wp-content\\\/litespeed\\\/avatar\\\/18677e78aa0546b92d9dbf31ec7d7668.jpg?ver=1777290358\",\"width\":96,\"height\":96,\"caption\":\"El Digital de Asturias\"}},{\"@type\":\"WebPage\",\"@id\":\"https:\\\/\\\/www.eldigitaldeasturias.com\\\/noticias\\\/palabra-del-ano-2023-en-alemania\\\/#webpage\",\"url\":\"https:\\\/\\\/www.eldigitaldeasturias.com\\\/noticias\\\/palabra-del-ano-2023-en-alemania\\\/\",\"name\":\"Palabra del a\\u00f1o 2023 en Alemania - El Digital de Asturias\",\"description\":\"Wiesbaden (Alemania), 8 dic (dpa) - \\\"Krisenmodus\\\" (modo de crisis, en espa\\u00f1ol) fue elegida \\\"Palabra del A\\u00f1o\\\" 2023 en Alemania, inform\\u00f3 hoy la Sociedad\",\"inLanguage\":\"es-ES\",\"isPartOf\":{\"@id\":\"https:\\\/\\\/www.eldigitaldeasturias.com\\\/noticias\\\/#website\"},\"breadcrumb\":{\"@id\":\"https:\\\/\\\/www.eldigitaldeasturias.com\\\/noticias\\\/palabra-del-ano-2023-en-alemania\\\/#breadcrumblist\"},\"author\":{\"@id\":\"https:\\\/\\\/www.eldigitaldeasturias.com\\\/noticias\\\/author\\\/admin\\\/#author\"},\"creator\":{\"@id\":\"https:\\\/\\\/www.eldigitaldeasturias.com\\\/noticias\\\/author\\\/admin\\\/#author\"},\"image\":{\"@type\":\"ImageObject\",\"url\":\"https:\\\/\\\/www.eldigitaldeasturias.com\\\/noticias\\\/wp-content\\\/uploads\\\/2023\\\/12\\\/palabra-del-ano-2023-en-Alemania.jpg\",\"@id\":\"https:\\\/\\\/www.eldigitaldeasturias.com\\\/noticias\\\/palabra-del-ano-2023-en-alemania\\\/#mainImage\",\"width\":1092,\"height\":667,\"caption\":\"Una ilustraci\\u00f3n con la palabra \\\"Krisenmodus\\\" (modo de crisis), elegida hoy como \\\"Palabra del A\\u00f1o\\\" del 2023. Foto: Julian Stratenschulte\\\/dpa\"},\"primaryImageOfPage\":{\"@id\":\"https:\\\/\\\/www.eldigitaldeasturias.com\\\/noticias\\\/palabra-del-ano-2023-en-alemania\\\/#mainImage\"},\"datePublished\":\"2023-12-09T04:18:35+01:00\",\"dateModified\":\"2023-12-09T04:18:35+01:00\"},{\"@type\":\"WebSite\",\"@id\":\"https:\\\/\\\/www.eldigitaldeasturias.com\\\/noticias\\\/#website\",\"url\":\"https:\\\/\\\/www.eldigitaldeasturias.com\\\/noticias\\\/\",\"name\":\"El Digital de Asturias - Diario de actualidad y noticias\",\"alternateName\":\"El Digital de Asturias - Diario de actualidad y noticias\",\"description\":\"Hemeroteca\",\"inLanguage\":\"es-ES\",\"publisher\":{\"@id\":\"https:\\\/\\\/www.eldigitaldeasturias.com\\\/noticias\\\/#organization\"}}]}\n\t\t<\/script>\n\t\t<!-- All in One SEO Pro -->\r\n\t\t<title>Palabra del a\u00f1o 2023 en Alemania - El Digital de Asturias<\/title>\n\n","aioseo_head_json":{"title":"Palabra del a\u00f1o 2023 en Alemania - El Digital de Asturias","description":"Wiesbaden (Alemania), 8 dic (dpa) - \"Krisenmodus\" (modo de crisis, en espa\u00f1ol) fue elegida \"Palabra del A\u00f1o\" 2023 en Alemania, inform\u00f3 hoy la Sociedad","canonical_url":"https:\/\/www.eldigitaldeasturias.com\/noticias\/palabra-del-ano-2023-en-alemania\/","robots":"max-image-preview:large","keywords":"sociedad","webmasterTools":{"google-site-verification":"UA-38556648-1","msvalidate.01":"7dfe9f3f1b24437ab69f4f2559babe99","miscellaneous":""},"schema":{"@context":"https:\/\/schema.org","@graph":[{"@type":"BlogPosting","@id":"https:\/\/www.eldigitaldeasturias.com\/noticias\/palabra-del-ano-2023-en-alemania\/#blogposting","name":"Palabra del a\u00f1o 2023 en Alemania - El Digital de Asturias","headline":"Palabra del a\u00f1o 2023 en Alemania","author":{"@id":"https:\/\/www.eldigitaldeasturias.com\/noticias\/author\/admin\/#author"},"publisher":{"@id":"https:\/\/www.eldigitaldeasturias.com\/noticias\/#organization"},"image":{"@type":"ImageObject","url":"https:\/\/www.eldigitaldeasturias.com\/noticias\/wp-content\/uploads\/2023\/12\/palabra-del-ano-2023-en-Alemania.jpg","width":1092,"height":667,"caption":"Una ilustraci\u00f3n con la palabra \"Krisenmodus\" (modo de crisis), elegida hoy como \"Palabra del A\u00f1o\" del 2023. Foto: Julian Stratenschulte\/dpa"},"datePublished":"2023-12-09T04:18:35+01:00","dateModified":"2023-12-09T04:18:35+01:00","inLanguage":"es-ES","mainEntityOfPage":{"@id":"https:\/\/www.eldigitaldeasturias.com\/noticias\/palabra-del-ano-2023-en-alemania\/#webpage"},"isPartOf":{"@id":"https:\/\/www.eldigitaldeasturias.com\/noticias\/palabra-del-ano-2023-en-alemania\/#webpage"},"articleSection":"Sociedad"},{"@type":"BreadcrumbList","@id":"https:\/\/www.eldigitaldeasturias.com\/noticias\/palabra-del-ano-2023-en-alemania\/#breadcrumblist","itemListElement":[{"@type":"ListItem","@id":"https:\/\/www.eldigitaldeasturias.com\/noticias#listItem","position":1,"name":"Home","item":"https:\/\/www.eldigitaldeasturias.com\/noticias","nextItem":{"@type":"ListItem","@id":"https:\/\/www.eldigitaldeasturias.com\/noticias\/category\/sociedad\/#listItem","name":"Sociedad"}},{"@type":"ListItem","@id":"https:\/\/www.eldigitaldeasturias.com\/noticias\/category\/sociedad\/#listItem","position":2,"name":"Sociedad","item":"https:\/\/www.eldigitaldeasturias.com\/noticias\/category\/sociedad\/","nextItem":{"@type":"ListItem","@id":"https:\/\/www.eldigitaldeasturias.com\/noticias\/palabra-del-ano-2023-en-alemania\/#listItem","name":"Palabra del a\u00f1o 2023 en Alemania"},"previousItem":{"@type":"ListItem","@id":"https:\/\/www.eldigitaldeasturias.com\/noticias#listItem","name":"Home"}},{"@type":"ListItem","@id":"https:\/\/www.eldigitaldeasturias.com\/noticias\/palabra-del-ano-2023-en-alemania\/#listItem","position":3,"name":"Palabra del a\u00f1o 2023 en Alemania","previousItem":{"@type":"ListItem","@id":"https:\/\/www.eldigitaldeasturias.com\/noticias\/category\/sociedad\/#listItem","name":"Sociedad"}}]},{"@type":"Organization","@id":"https:\/\/www.eldigitaldeasturias.com\/noticias\/#organization","name":"El Digital de Asturias","description":"Hemeroteca","url":"https:\/\/www.eldigitaldeasturias.com\/noticias\/","email":"info@eldigitaldeasturias.com","telephone":"+34652131393","logo":{"@type":"ImageObject","url":"https:\/\/www.eldigitaldeasturias.com\/noticias\/wp-content\/uploads\/2020\/12\/EDA.jpg","@id":"https:\/\/www.eldigitaldeasturias.com\/noticias\/palabra-del-ano-2023-en-alemania\/#organizationLogo","width":649,"height":297},"image":{"@id":"https:\/\/www.eldigitaldeasturias.com\/noticias\/palabra-del-ano-2023-en-alemania\/#organizationLogo"},"sameAs":["https:\/\/facebook.com\/eldigitaldeasturias","https:\/\/www.youtube.com\/channel\/UCZP-2wLEB9Rv6erhFmqVnvg"],"address":{"@id":"https:\/\/www.eldigitaldeasturias.com\/noticias\/#postaladdress","@type":"PostalAddress","streetAddress":"san antonio 4,","postalCode":"33430","addressLocality":"Cand\u00e1s","addressRegion":"Asturias","addressCountry":"ES"}},{"@type":"Person","@id":"https:\/\/www.eldigitaldeasturias.com\/noticias\/author\/admin\/#author","url":"https:\/\/www.eldigitaldeasturias.com\/noticias\/author\/admin\/","name":"El Digital de Asturias","image":{"@type":"ImageObject","@id":"https:\/\/www.eldigitaldeasturias.com\/noticias\/palabra-del-ano-2023-en-alemania\/#authorImage","url":"https:\/\/www.eldigitaldeasturias.com\/noticias\/wp-content\/litespeed\/avatar\/18677e78aa0546b92d9dbf31ec7d7668.jpg?ver=1777290358","width":96,"height":96,"caption":"El Digital de Asturias"}},{"@type":"WebPage","@id":"https:\/\/www.eldigitaldeasturias.com\/noticias\/palabra-del-ano-2023-en-alemania\/#webpage","url":"https:\/\/www.eldigitaldeasturias.com\/noticias\/palabra-del-ano-2023-en-alemania\/","name":"Palabra del a\u00f1o 2023 en Alemania - El Digital de Asturias","description":"Wiesbaden (Alemania), 8 dic (dpa) - \"Krisenmodus\" (modo de crisis, en espa\u00f1ol) fue elegida \"Palabra del A\u00f1o\" 2023 en Alemania, inform\u00f3 hoy la Sociedad","inLanguage":"es-ES","isPartOf":{"@id":"https:\/\/www.eldigitaldeasturias.com\/noticias\/#website"},"breadcrumb":{"@id":"https:\/\/www.eldigitaldeasturias.com\/noticias\/palabra-del-ano-2023-en-alemania\/#breadcrumblist"},"author":{"@id":"https:\/\/www.eldigitaldeasturias.com\/noticias\/author\/admin\/#author"},"creator":{"@id":"https:\/\/www.eldigitaldeasturias.com\/noticias\/author\/admin\/#author"},"image":{"@type":"ImageObject","url":"https:\/\/www.eldigitaldeasturias.com\/noticias\/wp-content\/uploads\/2023\/12\/palabra-del-ano-2023-en-Alemania.jpg","@id":"https:\/\/www.eldigitaldeasturias.com\/noticias\/palabra-del-ano-2023-en-alemania\/#mainImage","width":1092,"height":667,"caption":"Una ilustraci\u00f3n con la palabra \"Krisenmodus\" (modo de crisis), elegida hoy como \"Palabra del A\u00f1o\" del 2023. Foto: Julian Stratenschulte\/dpa"},"primaryImageOfPage":{"@id":"https:\/\/www.eldigitaldeasturias.com\/noticias\/palabra-del-ano-2023-en-alemania\/#mainImage"},"datePublished":"2023-12-09T04:18:35+01:00","dateModified":"2023-12-09T04:18:35+01:00"},{"@type":"WebSite","@id":"https:\/\/www.eldigitaldeasturias.com\/noticias\/#website","url":"https:\/\/www.eldigitaldeasturias.com\/noticias\/","name":"El Digital de Asturias - Diario de actualidad y noticias","alternateName":"El Digital de Asturias - Diario de actualidad y noticias","description":"Hemeroteca","inLanguage":"es-ES","publisher":{"@id":"https:\/\/www.eldigitaldeasturias.com\/noticias\/#organization"}}]},"og:locale":"es_ES","og:site_name":"El Digital de Asturias","og:type":"article","og:title":"Palabra del a\u00f1o 2023 en Alemania - El Digital de Asturias","og:description":"Wiesbaden (Alemania), 8 dic (dpa) - &quot;Krisenmodus&quot; (modo de crisis, en espa\u00f1ol) fue elegida &quot;Palabra del A\u00f1o&quot; 2023 en Alemania, inform\u00f3 hoy la Sociedad","og:url":"https:\/\/www.eldigitaldeasturias.com\/noticias\/palabra-del-ano-2023-en-alemania\/","og:image":"https:\/\/www.eldigitaldeasturias.com\/noticias\/wp-content\/uploads\/2023\/12\/palabra-del-ano-2023-en-Alemania.jpg","og:image:secure_url":"https:\/\/www.eldigitaldeasturias.com\/noticias\/wp-content\/uploads\/2023\/12\/palabra-del-ano-2023-en-Alemania.jpg","og:image:width":1092,"og:image:height":667,"article:tag":["sociedad"],"article:published_time":"2023-12-09T03:18:35+00:00","article:modified_time":"2023-12-09T03:18:35+00:00","article:publisher":"https:\/\/facebook.com\/eldigitaldeasturias","twitter:card":"summary_large_image","twitter:title":"Palabra del a\u00f1o 2023 en Alemania - El Digital de Asturias","twitter:description":"Wiesbaden (Alemania), 8 dic (dpa) - &quot;Krisenmodus&quot; (modo de crisis, en espa\u00f1ol) fue elegida &quot;Palabra del A\u00f1o&quot; 2023 en Alemania, inform\u00f3 hoy la Sociedad","twitter:image":"https:\/\/www.eldigitaldeasturias.com\/noticias\/wp-content\/uploads\/2023\/12\/palabra-del-ano-2023-en-Alemania.jpg","twitter:label1":"Escrito por","twitter:data1":"El Digital de Asturias","twitter:label2":"Tiempo de lectura estimado","twitter:data2":"2 minutos"},"aioseo_meta_data":{"post_id":"1127473","title":null,"description":"Wiesbaden (Alemania), 8 dic (dpa) - \"Krisenmodus\" (modo de crisis, en espa\u00f1ol) fue elegida \"Palabra del A\u00f1o\" 2023 en Alemania, inform\u00f3 hoy la Sociedad","keywords":[],"keyphrases":{"focus":{"keyphrase":"Alemania","score":93,"analysis":{"keyphraseInTitle":{"score":9,"maxScore":9,"error":0},"keyphraseInDescription":{"score":9,"maxScore":9,"error":0},"keyphraseLength":{"score":9,"maxScore":9,"error":0,"length":1},"keyphraseInURL":{"score":1,"maxScore":5,"error":1},"keyphraseInIntroduction":{"score":9,"maxScore":9,"error":0},"keyphraseInSubHeadings":[],"keyphraseInImageAlt":{"score":9,"maxScore":9,"error":0},"keywordDensity":{"type":"best","score":9,"maxScore":9,"error":0}}},"additional":[{"keyphrase":"Palabra","score":80,"analysis":{"keyphraseInDescription":{"score":9,"maxScore":9,"error":0},"keyphraseLength":{"score":9,"maxScore":9,"error":0,"length":1},"keyphraseInIntroduction":{"score":9,"maxScore":9,"error":0},"keyphraseInImageAlt":{"score":9,"maxScore":9,"error":0},"keywordDensity":{"type":"high","score":0,"maxScore":9,"error":1}}},{"keyphrase":"2023 ","score":80,"analysis":{"keyphraseInDescription":{"score":9,"maxScore":9,"error":0},"keyphraseLength":{"score":9,"maxScore":9,"error":0,"length":1},"keyphraseInIntroduction":{"score":9,"maxScore":9,"error":0},"keyphraseInImageAlt":{"score":9,"maxScore":9,"error":0},"keywordDensity":{"score":0,"type":"low","maxScore":9,"error":1}}}]},"primary_term":null,"canonical_url":null,"og_title":null,"og_description":null,"og_object_type":"default","og_image_type":"default","og_image_url":null,"og_image_width":null,"og_image_height":null,"og_image_custom_url":null,"og_image_custom_fields":null,"og_video":"","og_custom_url":null,"og_article_section":null,"og_article_tags":[],"twitter_use_og":false,"twitter_card":"default","twitter_image_type":"default","twitter_image_url":null,"twitter_image_custom_url":null,"twitter_image_custom_fields":null,"twitter_title":null,"twitter_description":null,"schema":{"blockGraphs":[],"customGraphs":[],"default":{"data":{"Article":[],"Course":[],"Dataset":[],"FAQPage":[],"Movie":[],"Person":[],"Product":[],"ProductReview":[],"Car":[],"Recipe":[],"Service":[],"SoftwareApplication":[],"WebPage":[]},"graphName":"BlogPosting","isEnabled":true},"graphs":[]},"schema_type":"default","schema_type_options":null,"pillar_content":false,"robots_default":true,"robots_noindex":false,"robots_noarchive":false,"robots_nosnippet":false,"robots_nofollow":false,"robots_noimageindex":false,"robots_noodp":false,"robots_notranslate":false,"robots_max_snippet":"-1","robots_max_videopreview":"-1","robots_max_imagepreview":"large","priority":null,"frequency":"default","local_seo":null,"seo_analyzer_scan_date":"2025-10-05 23:06:15","breadcrumb_settings":null,"limit_modified_date":false,"open_ai":"{\"title\":{\"suggestions\":[],\"usage\":0},\"description\":{\"suggestions\":[],\"usage\":0}}","ai":null,"created":"2023-12-09 03:11:40","updated":"2025-10-09 05:09:31"},"aioseo_breadcrumb":"<div class=\"aioseo-breadcrumbs\"><span class=\"aioseo-breadcrumb\">\n\t<a href=\"https:\/\/www.eldigitaldeasturias.com\/noticias\" title=\"Home\">Home<\/a>\n<\/span><span class=\"aioseo-breadcrumb-separator\">\u2013<\/span><span class=\"aioseo-breadcrumb\">\n\t<a href=\"https:\/\/www.eldigitaldeasturias.com\/noticias\/category\/sociedad\/\" title=\"Sociedad\">Sociedad<\/a>\n<\/span><span class=\"aioseo-breadcrumb-separator\">\u2013<\/span><span class=\"aioseo-breadcrumb\">\n\t<a href=\"https:\/\/www.eldigitaldeasturias.com\/noticias\/palabra-del-ano-2023-en-alemania\/\" title=\"Palabra del a\u00f1o 2023 en Alemania\">Palabra del a\u00f1o 2023 en Alemania<\/a>\n<\/span><\/div>","aioseo_breadcrumb_json":[{"label":"Home","link":"https:\/\/www.eldigitaldeasturias.com\/noticias"},{"label":"Sociedad","link":"https:\/\/www.eldigitaldeasturias.com\/noticias\/category\/sociedad\/"},{"label":"Palabra del a\u00f1o 2023 en Alemania","link":"https:\/\/www.eldigitaldeasturias.com\/noticias\/palabra-del-ano-2023-en-alemania\/"}],"_links":{"self":[{"href":"https:\/\/www.eldigitaldeasturias.com\/noticias\/wp-json\/wp\/v2\/posts\/1127473","targetHints":{"allow":["GET"]}}],"collection":[{"href":"https:\/\/www.eldigitaldeasturias.com\/noticias\/wp-json\/wp\/v2\/posts"}],"about":[{"href":"https:\/\/www.eldigitaldeasturias.com\/noticias\/wp-json\/wp\/v2\/types\/post"}],"author":[{"embeddable":true,"href":"https:\/\/www.eldigitaldeasturias.com\/noticias\/wp-json\/wp\/v2\/users\/1"}],"replies":[{"embeddable":true,"href":"https:\/\/www.eldigitaldeasturias.com\/noticias\/wp-json\/wp\/v2\/comments?post=1127473"}],"version-history":[{"count":0,"href":"https:\/\/www.eldigitaldeasturias.com\/noticias\/wp-json\/wp\/v2\/posts\/1127473\/revisions"}],"wp:featuredmedia":[{"embeddable":true,"href":"https:\/\/www.eldigitaldeasturias.com\/noticias\/wp-json\/wp\/v2\/media\/1127474"}],"wp:attachment":[{"href":"https:\/\/www.eldigitaldeasturias.com\/noticias\/wp-json\/wp\/v2\/media?parent=1127473"}],"wp:term":[{"taxonomy":"category","embeddable":true,"href":"https:\/\/www.eldigitaldeasturias.com\/noticias\/wp-json\/wp\/v2\/categories?post=1127473"},{"taxonomy":"post_tag","embeddable":true,"href":"https:\/\/www.eldigitaldeasturias.com\/noticias\/wp-json\/wp\/v2\/tags?post=1127473"}],"curies":[{"name":"wp","href":"https:\/\/api.w.org\/{rel}","templated":true}]}}