{"id":1127470,"date":"2023-12-09T04:04:16","date_gmt":"2023-12-09T03:04:16","guid":{"rendered":"https:\/\/www.eldigitaldeasturias.com\/noticias\/?p=1127470"},"modified":"2023-12-09T04:04:54","modified_gmt":"2023-12-09T03:04:54","slug":"denuncian-una-agresion-a-un-preso-cubano-aleman-en-cuba","status":"publish","type":"post","link":"https:\/\/www.eldigitaldeasturias.com\/noticias\/denuncian-una-agresion-a-un-preso-cubano-aleman-en-cuba\/","title":{"rendered":"Denuncian una agresi\u00f3n a un preso cubano-alem\u00e1n en Cuba"},"content":{"rendered":"<p>La Habana, 8 dic (<a title=\"dpa\" href=\"https:\/\/www.dpa-news.de\/\" target=\"_blank\" rel=\"noopener\"><span style=\"color: #ff6600;\"><strong>dpa<\/strong><\/span><\/a>) &#8211; Los familiares del <strong>ciudadano cubano-alem\u00e1n<\/strong> Luis Fr\u00f3meta Compte denunciaron la imposibilidad de visitarlo tras una <a href=\"https:\/\/www.eldigitaldeasturias.com\/noticias\/category\/sucesos\/\"><span style=\"color: #ff6600;\"><strong>supuesta agresi\u00f3n<\/strong><\/span><\/a> en la prisi\u00f3n en la que se encuentra encarcelado.<\/p>\n<figure id=\"attachment_1127471\" aria-describedby=\"caption-attachment-1127471\" style=\"width: 650px\" class=\"wp-caption aligncenter\"><img loading=\"lazy\" decoding=\"async\" class=\"wp-image-1127471 size-large\" src=\"https:\/\/www.eldigitaldeasturias.com\/noticias\/wp-content\/uploads\/2023\/12\/Familiares-de-preso-cubano-aleman-650x400.jpg\" alt=\"Familiares de preso cubano-alem\u00e1n\" width=\"650\" height=\"400\" srcset=\"https:\/\/www.eldigitaldeasturias.com\/noticias\/wp-content\/uploads\/2023\/12\/Familiares-de-preso-cubano-aleman-650x400.jpg 650w, https:\/\/www.eldigitaldeasturias.com\/noticias\/wp-content\/uploads\/2023\/12\/Familiares-de-preso-cubano-aleman-360x221.jpg 360w, https:\/\/www.eldigitaldeasturias.com\/noticias\/wp-content\/uploads\/2023\/12\/Familiares-de-preso-cubano-aleman-480x295.jpg 480w, https:\/\/www.eldigitaldeasturias.com\/noticias\/wp-content\/uploads\/2023\/12\/Familiares-de-preso-cubano-aleman-768x472.jpg 768w, https:\/\/www.eldigitaldeasturias.com\/noticias\/wp-content\/uploads\/2023\/12\/Familiares-de-preso-cubano-aleman-150x92.jpg 150w, https:\/\/www.eldigitaldeasturias.com\/noticias\/wp-content\/uploads\/2023\/12\/Familiares-de-preso-cubano-aleman-450x277.jpg 450w, https:\/\/www.eldigitaldeasturias.com\/noticias\/wp-content\/uploads\/2023\/12\/Familiares-de-preso-cubano-aleman.jpg 998w\" sizes=\"auto, (max-width: 650px) 100vw, 650px\" \/><figcaption id=\"caption-attachment-1127471\" class=\"wp-caption-text\">Las hijas y la esposa de Luis Fr\u00f3meta Compte, germano-cubano actualmente encarcelado en una prisi\u00f3n de La Habana. Foto: Sebastian Kahnert\/dpa<\/figcaption><\/figure>\n<p>\u00abA nuestra familia todav\u00eda no se le ha permitido verlo. \u00bfPor qu\u00e9?\u00bb, escribi\u00f3 Janie Fr\u00f3meta, de la ciudad alemana de Dresde, en dos publicaciones difundidas en las redes sociales.<\/p>\n<p>Seg\u00fan su testimonio, <strong>Fr\u00f3meta Compte fue golpeado el 30 de noviembre por cuatro compa\u00f1eros en la prisi\u00f3n de m\u00e1xima seguridad en la que cumple condena en La Habana, Combinado del Este<\/strong>. En el ataque, detall\u00f3, le rompieron la nariz y sufri\u00f3 una grave herida en la cabeza, hecha con una cuchilla de afeitar.<\/p>\n<p>Los antecedentes del ataque no est\u00e1n del todo claros. Seg\u00fan Janie Fr\u00f3meta, su padre se encuentra en la enfermer\u00eda de la prisi\u00f3n. A sus familiares no se les ha permitido visitarlo desde el incidente y solo pudieron hablar con \u00e9l brevemente por tel\u00e9fono el lunes.<\/p>\n<p>Luis Fr\u00f3meta Compte, nacido en Cuba pero con doble ciudadan\u00eda germano-cubana, es uno de los cientos de personas que fueron encarceladas en la isla socialista caribe\u00f1a por su participaci\u00f3n en las protestas de julio de 2021.<\/p>\n<p>En aquel momento, el hoy preso estaba visitando a unos familiares en La Habana, cuando film\u00f3 una manifestaci\u00f3n con su tel\u00e9fono m\u00f3vil, por la cual fue detenido y condenado a 15 a\u00f1os de prisi\u00f3n acusado de sedici\u00f3n.<\/p>\n<p><strong>Luis Fr\u00f3meta Compte visitaba a sus hermanos en La G\u00fcinera, un barrio pobre de las afueras de la capital cubana<\/strong>. Desde all\u00ed hab\u00eda emigrado en 1985, a la edad de 22 a\u00f1os, a la ciudad alemana de Dresde, donde se form\u00f3 como trabajador forestal, tuvo dos hijas y adopt\u00f3 ciudadan\u00eda alemana en 1997.<\/p>\n<blockquote><p>Seg\u00fan su esposa, Silke Fr\u00f3meta Compte, a sus 61 a\u00f1os tiene que compartir celda con 30 delincuentes graves en la mencionada prisi\u00f3n.<\/p><\/blockquote>\n<p>Hace quince d\u00edas, el representante especial de la Uni\u00f3n Europea (UE) para los Derechos Humanos, Eamon Gilmore, estuvo en Cuba para mantener conversaciones con el Gobierno cubano, en las que reiter\u00f3 su llamamiento para la liberaci\u00f3n de los manifestantes detenidos.<\/p>\n<p><strong>Preguntado por dpa, el Gobierno cubano declin\u00f3 comentar el estado de salud de Fr\u00f3meta Compte<\/strong>. Seg\u00fan el Ministerio alem\u00e1n de Relaciones Exteriores, la embajada germana en La Habana sigue su caso de cerca y est\u00e1 realizando intensos esfuerzos en su favor, pese a no prestarle asistencia consular.<\/p>\n","protected":false},"excerpt":{"rendered":"<p>La Habana, 8 dic (dpa) &#8211; Los familiares del ciudadano cubano-alem\u00e1n Luis Fr\u00f3meta Compte denunciaron la imposibilidad de visitarlo tras una supuesta agresi\u00f3n en la prisi\u00f3n en la que se encuentra encarcelado. \u00abA nuestra familia todav\u00eda no se le ha permitido verlo. \u00bfPor qu\u00e9?\u00bb, escribi\u00f3 Janie Fr\u00f3meta, de la ciudad alemana de Dresde, en dos [&hellip;]<\/p>\n","protected":false},"author":1,"featured_media":1127471,"comment_status":"closed","ping_status":"closed","sticky":false,"template":"","format":"standard","meta":{"footnotes":""},"categories":[1],"tags":[],"class_list":["post-1127470","post","type-post","status-publish","format-standard","has-post-thumbnail","hentry","category-actualidad"],"aioseo_notices":[],"aioseo_head":"\n\t\t<!-- All in One SEO Pro 4.9.6.2 - aioseo.com -->\n\t<meta name=\"description\" content=\"La Habana, 8 dic (dpa) - Los familiares del ciudadano cubano-alem\u00e1n Luis Fr\u00f3meta Compte denunciaron la imposibilidad de visitarlo tras una supuesta agresi\u00f3n\" \/>\n\t<meta name=\"robots\" content=\"max-image-preview:large\" \/>\n\t<meta name=\"author\" content=\"El Digital de Asturias\"\/>\n\t<meta name=\"google-site-verification\" content=\"UA-38556648-1\" \/>\n\t<meta name=\"msvalidate.01\" content=\"7dfe9f3f1b24437ab69f4f2559babe99\" \/>\n\t<meta name=\"keywords\" content=\"actualidad\" \/>\n\t<link rel=\"canonical\" href=\"https:\/\/www.eldigitaldeasturias.com\/noticias\/denuncian-una-agresion-a-un-preso-cubano-aleman-en-cuba\/\" \/>\n\t<meta name=\"generator\" content=\"All in One SEO Pro (AIOSEO) 4.9.6.2\" \/>\n\t\t<meta property=\"og:locale\" content=\"es_ES\" \/>\n\t\t<meta property=\"og:site_name\" content=\"El Digital de Asturias\" \/>\n\t\t<meta property=\"og:type\" content=\"article\" \/>\n\t\t<meta property=\"og:title\" content=\"Denuncian una agresi\u00f3n a un preso cubano-alem\u00e1n en Cuba - El Digital de Asturias\" \/>\n\t\t<meta property=\"og:description\" content=\"La Habana, 8 dic (dpa) - Los familiares del ciudadano cubano-alem\u00e1n Luis Fr\u00f3meta Compte denunciaron la imposibilidad de visitarlo tras una supuesta agresi\u00f3n\" \/>\n\t\t<meta property=\"og:url\" content=\"https:\/\/www.eldigitaldeasturias.com\/noticias\/denuncian-una-agresion-a-un-preso-cubano-aleman-en-cuba\/\" \/>\n\t\t<meta property=\"og:image\" content=\"https:\/\/www.eldigitaldeasturias.com\/noticias\/wp-content\/uploads\/2023\/12\/Familiares-de-preso-cubano-aleman.jpg\" \/>\n\t\t<meta property=\"og:image:secure_url\" content=\"https:\/\/www.eldigitaldeasturias.com\/noticias\/wp-content\/uploads\/2023\/12\/Familiares-de-preso-cubano-aleman.jpg\" \/>\n\t\t<meta property=\"og:image:width\" content=\"998\" \/>\n\t\t<meta property=\"og:image:height\" content=\"614\" \/>\n\t\t<meta property=\"article:tag\" content=\"actualidad\" \/>\n\t\t<meta property=\"article:published_time\" content=\"2023-12-09T03:04:16+00:00\" \/>\n\t\t<meta property=\"article:modified_time\" content=\"2023-12-09T03:04:54+00:00\" \/>\n\t\t<meta property=\"article:publisher\" content=\"https:\/\/facebook.com\/eldigitaldeasturias\" \/>\n\t\t<meta name=\"twitter:card\" content=\"summary_large_image\" \/>\n\t\t<meta name=\"twitter:title\" content=\"Denuncian una agresi\u00f3n a un preso cubano-alem\u00e1n en Cuba - El Digital de Asturias\" \/>\n\t\t<meta name=\"twitter:description\" content=\"La Habana, 8 dic (dpa) - Los familiares del ciudadano cubano-alem\u00e1n Luis Fr\u00f3meta Compte denunciaron la imposibilidad de visitarlo tras una supuesta agresi\u00f3n\" \/>\n\t\t<meta name=\"twitter:image\" content=\"https:\/\/www.eldigitaldeasturias.com\/noticias\/wp-content\/uploads\/2023\/12\/Familiares-de-preso-cubano-aleman.jpg\" \/>\n\t\t<meta name=\"twitter:label1\" content=\"Escrito por\" \/>\n\t\t<meta name=\"twitter:data1\" content=\"El Digital de Asturias\" \/>\n\t\t<meta name=\"twitter:label2\" content=\"Tiempo de lectura estimado\" \/>\n\t\t<meta name=\"twitter:data2\" content=\"2 minutos\" \/>\n\t\t<script type=\"application\/ld+json\" class=\"aioseo-schema\">\n\t\t\t{\"@context\":\"https:\\\/\\\/schema.org\",\"@graph\":[{\"@type\":\"BlogPosting\",\"@id\":\"https:\\\/\\\/www.eldigitaldeasturias.com\\\/noticias\\\/denuncian-una-agresion-a-un-preso-cubano-aleman-en-cuba\\\/#blogposting\",\"name\":\"Denuncian una agresi\\u00f3n a un preso cubano-alem\\u00e1n en Cuba - El Digital de Asturias\",\"headline\":\"Denuncian una agresi\\u00f3n a un preso cubano-alem\\u00e1n en Cuba\",\"author\":{\"@id\":\"https:\\\/\\\/www.eldigitaldeasturias.com\\\/noticias\\\/author\\\/admin\\\/#author\"},\"publisher\":{\"@id\":\"https:\\\/\\\/www.eldigitaldeasturias.com\\\/noticias\\\/#organization\"},\"image\":{\"@type\":\"ImageObject\",\"url\":\"https:\\\/\\\/www.eldigitaldeasturias.com\\\/noticias\\\/wp-content\\\/uploads\\\/2023\\\/12\\\/Familiares-de-preso-cubano-aleman.jpg\",\"width\":998,\"height\":614,\"caption\":\"Las hijas y la esposa de Luis Fr\\u00f3meta Compte, germano-cubano actualmente encarcelado en una prisi\\u00f3n de La Habana. Foto: Sebastian Kahnert\\\/dpa\"},\"datePublished\":\"2023-12-09T04:04:16+01:00\",\"dateModified\":\"2023-12-09T04:04:54+01:00\",\"inLanguage\":\"es-ES\",\"mainEntityOfPage\":{\"@id\":\"https:\\\/\\\/www.eldigitaldeasturias.com\\\/noticias\\\/denuncian-una-agresion-a-un-preso-cubano-aleman-en-cuba\\\/#webpage\"},\"isPartOf\":{\"@id\":\"https:\\\/\\\/www.eldigitaldeasturias.com\\\/noticias\\\/denuncian-una-agresion-a-un-preso-cubano-aleman-en-cuba\\\/#webpage\"},\"articleSection\":\"Actualidad\"},{\"@type\":\"BreadcrumbList\",\"@id\":\"https:\\\/\\\/www.eldigitaldeasturias.com\\\/noticias\\\/denuncian-una-agresion-a-un-preso-cubano-aleman-en-cuba\\\/#breadcrumblist\",\"itemListElement\":[{\"@type\":\"ListItem\",\"@id\":\"https:\\\/\\\/www.eldigitaldeasturias.com\\\/noticias#listItem\",\"position\":1,\"name\":\"Home\",\"item\":\"https:\\\/\\\/www.eldigitaldeasturias.com\\\/noticias\",\"nextItem\":{\"@type\":\"ListItem\",\"@id\":\"https:\\\/\\\/www.eldigitaldeasturias.com\\\/noticias\\\/category\\\/actualidad\\\/#listItem\",\"name\":\"Actualidad\"}},{\"@type\":\"ListItem\",\"@id\":\"https:\\\/\\\/www.eldigitaldeasturias.com\\\/noticias\\\/category\\\/actualidad\\\/#listItem\",\"position\":2,\"name\":\"Actualidad\",\"item\":\"https:\\\/\\\/www.eldigitaldeasturias.com\\\/noticias\\\/category\\\/actualidad\\\/\",\"nextItem\":{\"@type\":\"ListItem\",\"@id\":\"https:\\\/\\\/www.eldigitaldeasturias.com\\\/noticias\\\/denuncian-una-agresion-a-un-preso-cubano-aleman-en-cuba\\\/#listItem\",\"name\":\"Denuncian una agresi\\u00f3n a un preso cubano-alem\\u00e1n en Cuba\"},\"previousItem\":{\"@type\":\"ListItem\",\"@id\":\"https:\\\/\\\/www.eldigitaldeasturias.com\\\/noticias#listItem\",\"name\":\"Home\"}},{\"@type\":\"ListItem\",\"@id\":\"https:\\\/\\\/www.eldigitaldeasturias.com\\\/noticias\\\/denuncian-una-agresion-a-un-preso-cubano-aleman-en-cuba\\\/#listItem\",\"position\":3,\"name\":\"Denuncian una agresi\\u00f3n a un preso cubano-alem\\u00e1n en Cuba\",\"previousItem\":{\"@type\":\"ListItem\",\"@id\":\"https:\\\/\\\/www.eldigitaldeasturias.com\\\/noticias\\\/category\\\/actualidad\\\/#listItem\",\"name\":\"Actualidad\"}}]},{\"@type\":\"Organization\",\"@id\":\"https:\\\/\\\/www.eldigitaldeasturias.com\\\/noticias\\\/#organization\",\"name\":\"El Digital de Asturias\",\"description\":\"Hemeroteca\",\"url\":\"https:\\\/\\\/www.eldigitaldeasturias.com\\\/noticias\\\/\",\"email\":\"info@eldigitaldeasturias.com\",\"telephone\":\"+34652131393\",\"logo\":{\"@type\":\"ImageObject\",\"url\":\"https:\\\/\\\/www.eldigitaldeasturias.com\\\/noticias\\\/wp-content\\\/uploads\\\/2020\\\/12\\\/EDA.jpg\",\"@id\":\"https:\\\/\\\/www.eldigitaldeasturias.com\\\/noticias\\\/denuncian-una-agresion-a-un-preso-cubano-aleman-en-cuba\\\/#organizationLogo\",\"width\":649,\"height\":297},\"image\":{\"@id\":\"https:\\\/\\\/www.eldigitaldeasturias.com\\\/noticias\\\/denuncian-una-agresion-a-un-preso-cubano-aleman-en-cuba\\\/#organizationLogo\"},\"sameAs\":[\"https:\\\/\\\/facebook.com\\\/eldigitaldeasturias\",\"https:\\\/\\\/www.youtube.com\\\/channel\\\/UCZP-2wLEB9Rv6erhFmqVnvg\"],\"address\":{\"@id\":\"https:\\\/\\\/www.eldigitaldeasturias.com\\\/noticias\\\/#postaladdress\",\"@type\":\"PostalAddress\",\"streetAddress\":\"san antonio 4,\",\"postalCode\":\"33430\",\"addressLocality\":\"Cand\\u00e1s\",\"addressRegion\":\"Asturias\",\"addressCountry\":\"ES\"}},{\"@type\":\"Person\",\"@id\":\"https:\\\/\\\/www.eldigitaldeasturias.com\\\/noticias\\\/author\\\/admin\\\/#author\",\"url\":\"https:\\\/\\\/www.eldigitaldeasturias.com\\\/noticias\\\/author\\\/admin\\\/\",\"name\":\"El Digital de Asturias\",\"image\":{\"@type\":\"ImageObject\",\"@id\":\"https:\\\/\\\/www.eldigitaldeasturias.com\\\/noticias\\\/denuncian-una-agresion-a-un-preso-cubano-aleman-en-cuba\\\/#authorImage\",\"url\":\"https:\\\/\\\/www.eldigitaldeasturias.com\\\/noticias\\\/wp-content\\\/litespeed\\\/avatar\\\/18677e78aa0546b92d9dbf31ec7d7668.jpg?ver=1777290358\",\"width\":96,\"height\":96,\"caption\":\"El Digital de Asturias\"}},{\"@type\":\"WebPage\",\"@id\":\"https:\\\/\\\/www.eldigitaldeasturias.com\\\/noticias\\\/denuncian-una-agresion-a-un-preso-cubano-aleman-en-cuba\\\/#webpage\",\"url\":\"https:\\\/\\\/www.eldigitaldeasturias.com\\\/noticias\\\/denuncian-una-agresion-a-un-preso-cubano-aleman-en-cuba\\\/\",\"name\":\"Denuncian una agresi\\u00f3n a un preso cubano-alem\\u00e1n en Cuba - El Digital de Asturias\",\"description\":\"La Habana, 8 dic (dpa) - Los familiares del ciudadano cubano-alem\\u00e1n Luis Fr\\u00f3meta Compte denunciaron la imposibilidad de visitarlo tras una supuesta agresi\\u00f3n\",\"inLanguage\":\"es-ES\",\"isPartOf\":{\"@id\":\"https:\\\/\\\/www.eldigitaldeasturias.com\\\/noticias\\\/#website\"},\"breadcrumb\":{\"@id\":\"https:\\\/\\\/www.eldigitaldeasturias.com\\\/noticias\\\/denuncian-una-agresion-a-un-preso-cubano-aleman-en-cuba\\\/#breadcrumblist\"},\"author\":{\"@id\":\"https:\\\/\\\/www.eldigitaldeasturias.com\\\/noticias\\\/author\\\/admin\\\/#author\"},\"creator\":{\"@id\":\"https:\\\/\\\/www.eldigitaldeasturias.com\\\/noticias\\\/author\\\/admin\\\/#author\"},\"image\":{\"@type\":\"ImageObject\",\"url\":\"https:\\\/\\\/www.eldigitaldeasturias.com\\\/noticias\\\/wp-content\\\/uploads\\\/2023\\\/12\\\/Familiares-de-preso-cubano-aleman.jpg\",\"@id\":\"https:\\\/\\\/www.eldigitaldeasturias.com\\\/noticias\\\/denuncian-una-agresion-a-un-preso-cubano-aleman-en-cuba\\\/#mainImage\",\"width\":998,\"height\":614,\"caption\":\"Las hijas y la esposa de Luis Fr\\u00f3meta Compte, germano-cubano actualmente encarcelado en una prisi\\u00f3n de La Habana. Foto: Sebastian Kahnert\\\/dpa\"},\"primaryImageOfPage\":{\"@id\":\"https:\\\/\\\/www.eldigitaldeasturias.com\\\/noticias\\\/denuncian-una-agresion-a-un-preso-cubano-aleman-en-cuba\\\/#mainImage\"},\"datePublished\":\"2023-12-09T04:04:16+01:00\",\"dateModified\":\"2023-12-09T04:04:54+01:00\"},{\"@type\":\"WebSite\",\"@id\":\"https:\\\/\\\/www.eldigitaldeasturias.com\\\/noticias\\\/#website\",\"url\":\"https:\\\/\\\/www.eldigitaldeasturias.com\\\/noticias\\\/\",\"name\":\"El Digital de Asturias - Diario de actualidad y noticias\",\"alternateName\":\"El Digital de Asturias - Diario de actualidad y noticias\",\"description\":\"Hemeroteca\",\"inLanguage\":\"es-ES\",\"publisher\":{\"@id\":\"https:\\\/\\\/www.eldigitaldeasturias.com\\\/noticias\\\/#organization\"}}]}\n\t\t<\/script>\n\t\t<!-- All in One SEO Pro -->\r\n\t\t<title>Denuncian una agresi\u00f3n a un preso cubano-alem\u00e1n en Cuba - El Digital de Asturias<\/title>\n\n","aioseo_head_json":{"title":"Denuncian una agresi\u00f3n a un preso cubano-alem\u00e1n en Cuba - El Digital de Asturias","description":"La Habana, 8 dic (dpa) - Los familiares del ciudadano cubano-alem\u00e1n Luis Fr\u00f3meta Compte denunciaron la imposibilidad de visitarlo tras una supuesta agresi\u00f3n","canonical_url":"https:\/\/www.eldigitaldeasturias.com\/noticias\/denuncian-una-agresion-a-un-preso-cubano-aleman-en-cuba\/","robots":"max-image-preview:large","keywords":"actualidad","webmasterTools":{"google-site-verification":"UA-38556648-1","msvalidate.01":"7dfe9f3f1b24437ab69f4f2559babe99","miscellaneous":""},"schema":{"@context":"https:\/\/schema.org","@graph":[{"@type":"BlogPosting","@id":"https:\/\/www.eldigitaldeasturias.com\/noticias\/denuncian-una-agresion-a-un-preso-cubano-aleman-en-cuba\/#blogposting","name":"Denuncian una agresi\u00f3n a un preso cubano-alem\u00e1n en Cuba - El Digital de Asturias","headline":"Denuncian una agresi\u00f3n a un preso cubano-alem\u00e1n en Cuba","author":{"@id":"https:\/\/www.eldigitaldeasturias.com\/noticias\/author\/admin\/#author"},"publisher":{"@id":"https:\/\/www.eldigitaldeasturias.com\/noticias\/#organization"},"image":{"@type":"ImageObject","url":"https:\/\/www.eldigitaldeasturias.com\/noticias\/wp-content\/uploads\/2023\/12\/Familiares-de-preso-cubano-aleman.jpg","width":998,"height":614,"caption":"Las hijas y la esposa de Luis Fr\u00f3meta Compte, germano-cubano actualmente encarcelado en una prisi\u00f3n de La Habana. Foto: Sebastian Kahnert\/dpa"},"datePublished":"2023-12-09T04:04:16+01:00","dateModified":"2023-12-09T04:04:54+01:00","inLanguage":"es-ES","mainEntityOfPage":{"@id":"https:\/\/www.eldigitaldeasturias.com\/noticias\/denuncian-una-agresion-a-un-preso-cubano-aleman-en-cuba\/#webpage"},"isPartOf":{"@id":"https:\/\/www.eldigitaldeasturias.com\/noticias\/denuncian-una-agresion-a-un-preso-cubano-aleman-en-cuba\/#webpage"},"articleSection":"Actualidad"},{"@type":"BreadcrumbList","@id":"https:\/\/www.eldigitaldeasturias.com\/noticias\/denuncian-una-agresion-a-un-preso-cubano-aleman-en-cuba\/#breadcrumblist","itemListElement":[{"@type":"ListItem","@id":"https:\/\/www.eldigitaldeasturias.com\/noticias#listItem","position":1,"name":"Home","item":"https:\/\/www.eldigitaldeasturias.com\/noticias","nextItem":{"@type":"ListItem","@id":"https:\/\/www.eldigitaldeasturias.com\/noticias\/category\/actualidad\/#listItem","name":"Actualidad"}},{"@type":"ListItem","@id":"https:\/\/www.eldigitaldeasturias.com\/noticias\/category\/actualidad\/#listItem","position":2,"name":"Actualidad","item":"https:\/\/www.eldigitaldeasturias.com\/noticias\/category\/actualidad\/","nextItem":{"@type":"ListItem","@id":"https:\/\/www.eldigitaldeasturias.com\/noticias\/denuncian-una-agresion-a-un-preso-cubano-aleman-en-cuba\/#listItem","name":"Denuncian una agresi\u00f3n a un preso cubano-alem\u00e1n en Cuba"},"previousItem":{"@type":"ListItem","@id":"https:\/\/www.eldigitaldeasturias.com\/noticias#listItem","name":"Home"}},{"@type":"ListItem","@id":"https:\/\/www.eldigitaldeasturias.com\/noticias\/denuncian-una-agresion-a-un-preso-cubano-aleman-en-cuba\/#listItem","position":3,"name":"Denuncian una agresi\u00f3n a un preso cubano-alem\u00e1n en Cuba","previousItem":{"@type":"ListItem","@id":"https:\/\/www.eldigitaldeasturias.com\/noticias\/category\/actualidad\/#listItem","name":"Actualidad"}}]},{"@type":"Organization","@id":"https:\/\/www.eldigitaldeasturias.com\/noticias\/#organization","name":"El Digital de Asturias","description":"Hemeroteca","url":"https:\/\/www.eldigitaldeasturias.com\/noticias\/","email":"info@eldigitaldeasturias.com","telephone":"+34652131393","logo":{"@type":"ImageObject","url":"https:\/\/www.eldigitaldeasturias.com\/noticias\/wp-content\/uploads\/2020\/12\/EDA.jpg","@id":"https:\/\/www.eldigitaldeasturias.com\/noticias\/denuncian-una-agresion-a-un-preso-cubano-aleman-en-cuba\/#organizationLogo","width":649,"height":297},"image":{"@id":"https:\/\/www.eldigitaldeasturias.com\/noticias\/denuncian-una-agresion-a-un-preso-cubano-aleman-en-cuba\/#organizationLogo"},"sameAs":["https:\/\/facebook.com\/eldigitaldeasturias","https:\/\/www.youtube.com\/channel\/UCZP-2wLEB9Rv6erhFmqVnvg"],"address":{"@id":"https:\/\/www.eldigitaldeasturias.com\/noticias\/#postaladdress","@type":"PostalAddress","streetAddress":"san antonio 4,","postalCode":"33430","addressLocality":"Cand\u00e1s","addressRegion":"Asturias","addressCountry":"ES"}},{"@type":"Person","@id":"https:\/\/www.eldigitaldeasturias.com\/noticias\/author\/admin\/#author","url":"https:\/\/www.eldigitaldeasturias.com\/noticias\/author\/admin\/","name":"El Digital de Asturias","image":{"@type":"ImageObject","@id":"https:\/\/www.eldigitaldeasturias.com\/noticias\/denuncian-una-agresion-a-un-preso-cubano-aleman-en-cuba\/#authorImage","url":"https:\/\/www.eldigitaldeasturias.com\/noticias\/wp-content\/litespeed\/avatar\/18677e78aa0546b92d9dbf31ec7d7668.jpg?ver=1777290358","width":96,"height":96,"caption":"El Digital de Asturias"}},{"@type":"WebPage","@id":"https:\/\/www.eldigitaldeasturias.com\/noticias\/denuncian-una-agresion-a-un-preso-cubano-aleman-en-cuba\/#webpage","url":"https:\/\/www.eldigitaldeasturias.com\/noticias\/denuncian-una-agresion-a-un-preso-cubano-aleman-en-cuba\/","name":"Denuncian una agresi\u00f3n a un preso cubano-alem\u00e1n en Cuba - El Digital de Asturias","description":"La Habana, 8 dic (dpa) - Los familiares del ciudadano cubano-alem\u00e1n Luis Fr\u00f3meta Compte denunciaron la imposibilidad de visitarlo tras una supuesta agresi\u00f3n","inLanguage":"es-ES","isPartOf":{"@id":"https:\/\/www.eldigitaldeasturias.com\/noticias\/#website"},"breadcrumb":{"@id":"https:\/\/www.eldigitaldeasturias.com\/noticias\/denuncian-una-agresion-a-un-preso-cubano-aleman-en-cuba\/#breadcrumblist"},"author":{"@id":"https:\/\/www.eldigitaldeasturias.com\/noticias\/author\/admin\/#author"},"creator":{"@id":"https:\/\/www.eldigitaldeasturias.com\/noticias\/author\/admin\/#author"},"image":{"@type":"ImageObject","url":"https:\/\/www.eldigitaldeasturias.com\/noticias\/wp-content\/uploads\/2023\/12\/Familiares-de-preso-cubano-aleman.jpg","@id":"https:\/\/www.eldigitaldeasturias.com\/noticias\/denuncian-una-agresion-a-un-preso-cubano-aleman-en-cuba\/#mainImage","width":998,"height":614,"caption":"Las hijas y la esposa de Luis Fr\u00f3meta Compte, germano-cubano actualmente encarcelado en una prisi\u00f3n de La Habana. Foto: Sebastian Kahnert\/dpa"},"primaryImageOfPage":{"@id":"https:\/\/www.eldigitaldeasturias.com\/noticias\/denuncian-una-agresion-a-un-preso-cubano-aleman-en-cuba\/#mainImage"},"datePublished":"2023-12-09T04:04:16+01:00","dateModified":"2023-12-09T04:04:54+01:00"},{"@type":"WebSite","@id":"https:\/\/www.eldigitaldeasturias.com\/noticias\/#website","url":"https:\/\/www.eldigitaldeasturias.com\/noticias\/","name":"El Digital de Asturias - Diario de actualidad y noticias","alternateName":"El Digital de Asturias - Diario de actualidad y noticias","description":"Hemeroteca","inLanguage":"es-ES","publisher":{"@id":"https:\/\/www.eldigitaldeasturias.com\/noticias\/#organization"}}]},"og:locale":"es_ES","og:site_name":"El Digital de Asturias","og:type":"article","og:title":"Denuncian una agresi\u00f3n a un preso cubano-alem\u00e1n en Cuba - El Digital de Asturias","og:description":"La Habana, 8 dic (dpa) - Los familiares del ciudadano cubano-alem\u00e1n Luis Fr\u00f3meta Compte denunciaron la imposibilidad de visitarlo tras una supuesta agresi\u00f3n","og:url":"https:\/\/www.eldigitaldeasturias.com\/noticias\/denuncian-una-agresion-a-un-preso-cubano-aleman-en-cuba\/","og:image":"https:\/\/www.eldigitaldeasturias.com\/noticias\/wp-content\/uploads\/2023\/12\/Familiares-de-preso-cubano-aleman.jpg","og:image:secure_url":"https:\/\/www.eldigitaldeasturias.com\/noticias\/wp-content\/uploads\/2023\/12\/Familiares-de-preso-cubano-aleman.jpg","og:image:width":998,"og:image:height":614,"article:tag":["actualidad"],"article:published_time":"2023-12-09T03:04:16+00:00","article:modified_time":"2023-12-09T03:04:54+00:00","article:publisher":"https:\/\/facebook.com\/eldigitaldeasturias","twitter:card":"summary_large_image","twitter:title":"Denuncian una agresi\u00f3n a un preso cubano-alem\u00e1n en Cuba - El Digital de Asturias","twitter:description":"La Habana, 8 dic (dpa) - Los familiares del ciudadano cubano-alem\u00e1n Luis Fr\u00f3meta Compte denunciaron la imposibilidad de visitarlo tras una supuesta agresi\u00f3n","twitter:image":"https:\/\/www.eldigitaldeasturias.com\/noticias\/wp-content\/uploads\/2023\/12\/Familiares-de-preso-cubano-aleman.jpg","twitter:label1":"Escrito por","twitter:data1":"El Digital de Asturias","twitter:label2":"Tiempo de lectura estimado","twitter:data2":"2 minutos"},"aioseo_meta_data":{"post_id":"1127470","title":null,"description":"La Habana, 8 dic (dpa) - Los familiares del ciudadano cubano-alem\u00e1n Luis Fr\u00f3meta Compte denunciaron la imposibilidad de visitarlo tras una supuesta agresi\u00f3n","keywords":[],"keyphrases":{"focus":{"keyphrase":" cubano","score":100,"analysis":{"keyphraseInTitle":{"score":9,"maxScore":9,"error":0},"keyphraseInDescription":{"score":9,"maxScore":9,"error":0},"keyphraseLength":{"score":9,"maxScore":9,"error":0,"length":1},"keyphraseInURL":{"score":5,"maxScore":5,"error":0},"keyphraseInIntroduction":{"score":9,"maxScore":9,"error":0},"keyphraseInSubHeadings":[],"keyphraseInImageAlt":{"score":9,"maxScore":9,"error":0},"keywordDensity":{"type":"best","score":9,"maxScore":9,"error":0}}},"additional":[{"keyphrase":"cubano-alem\u00e1n","score":80,"analysis":{"keyphraseInDescription":{"score":9,"maxScore":9,"error":0},"keyphraseLength":{"score":9,"maxScore":9,"error":0,"length":2},"keyphraseInIntroduction":{"score":9,"maxScore":9,"error":0},"keyphraseInImageAlt":{"score":9,"maxScore":9,"error":0},"keywordDensity":{"score":0,"type":"low","maxScore":9,"error":1}}},{"keyphrase":" familiares","score":100,"analysis":{"keyphraseInDescription":{"score":9,"maxScore":9,"error":0},"keyphraseLength":{"score":9,"maxScore":9,"error":0,"length":1},"keyphraseInIntroduction":{"score":9,"maxScore":9,"error":0},"keyphraseInImageAlt":{"score":9,"maxScore":9,"error":0},"keywordDensity":{"type":"best","score":9,"maxScore":9,"error":0}}}]},"primary_term":null,"canonical_url":null,"og_title":null,"og_description":null,"og_object_type":"default","og_image_type":"default","og_image_url":null,"og_image_width":null,"og_image_height":null,"og_image_custom_url":null,"og_image_custom_fields":null,"og_video":"","og_custom_url":null,"og_article_section":null,"og_article_tags":[],"twitter_use_og":false,"twitter_card":"default","twitter_image_type":"default","twitter_image_url":null,"twitter_image_custom_url":null,"twitter_image_custom_fields":null,"twitter_title":null,"twitter_description":null,"schema":{"blockGraphs":[],"customGraphs":[],"default":{"data":{"Article":[],"Course":[],"Dataset":[],"FAQPage":[],"Movie":[],"Person":[],"Product":[],"ProductReview":[],"Car":[],"Recipe":[],"Service":[],"SoftwareApplication":[],"WebPage":[]},"graphName":"BlogPosting","isEnabled":true},"graphs":[]},"schema_type":"default","schema_type_options":null,"pillar_content":false,"robots_default":true,"robots_noindex":false,"robots_noarchive":false,"robots_nosnippet":false,"robots_nofollow":false,"robots_noimageindex":false,"robots_noodp":false,"robots_notranslate":false,"robots_max_snippet":"-1","robots_max_videopreview":"-1","robots_max_imagepreview":"large","priority":null,"frequency":"default","local_seo":null,"seo_analyzer_scan_date":"2025-10-05 23:04:27","breadcrumb_settings":null,"limit_modified_date":false,"open_ai":"{\"title\":{\"suggestions\":[],\"usage\":0},\"description\":{\"suggestions\":[],\"usage\":0}}","ai":null,"created":"2023-12-09 02:58:15","updated":"2025-10-09 05:09:30"},"aioseo_breadcrumb":"<div class=\"aioseo-breadcrumbs\"><span class=\"aioseo-breadcrumb\">\n\t<a href=\"https:\/\/www.eldigitaldeasturias.com\/noticias\" title=\"Home\">Home<\/a>\n<\/span><span class=\"aioseo-breadcrumb-separator\">\u2013<\/span><span class=\"aioseo-breadcrumb\">\n\t<a href=\"https:\/\/www.eldigitaldeasturias.com\/noticias\/category\/actualidad\/\" title=\"Actualidad\">Actualidad<\/a>\n<\/span><span class=\"aioseo-breadcrumb-separator\">\u2013<\/span><span class=\"aioseo-breadcrumb\">\n\t<a href=\"https:\/\/www.eldigitaldeasturias.com\/noticias\/denuncian-una-agresion-a-un-preso-cubano-aleman-en-cuba\/\" title=\"Denuncian una agresi\u00f3n a un preso cubano-alem\u00e1n en Cuba\">Denuncian una agresi\u00f3n a un preso cubano-alem\u00e1n en Cuba<\/a>\n<\/span><\/div>","aioseo_breadcrumb_json":[{"label":"Home","link":"https:\/\/www.eldigitaldeasturias.com\/noticias"},{"label":"Actualidad","link":"https:\/\/www.eldigitaldeasturias.com\/noticias\/category\/actualidad\/"},{"label":"Denuncian una agresi\u00f3n a un preso cubano-alem\u00e1n en Cuba","link":"https:\/\/www.eldigitaldeasturias.com\/noticias\/denuncian-una-agresion-a-un-preso-cubano-aleman-en-cuba\/"}],"_links":{"self":[{"href":"https:\/\/www.eldigitaldeasturias.com\/noticias\/wp-json\/wp\/v2\/posts\/1127470","targetHints":{"allow":["GET"]}}],"collection":[{"href":"https:\/\/www.eldigitaldeasturias.com\/noticias\/wp-json\/wp\/v2\/posts"}],"about":[{"href":"https:\/\/www.eldigitaldeasturias.com\/noticias\/wp-json\/wp\/v2\/types\/post"}],"author":[{"embeddable":true,"href":"https:\/\/www.eldigitaldeasturias.com\/noticias\/wp-json\/wp\/v2\/users\/1"}],"replies":[{"embeddable":true,"href":"https:\/\/www.eldigitaldeasturias.com\/noticias\/wp-json\/wp\/v2\/comments?post=1127470"}],"version-history":[{"count":0,"href":"https:\/\/www.eldigitaldeasturias.com\/noticias\/wp-json\/wp\/v2\/posts\/1127470\/revisions"}],"wp:featuredmedia":[{"embeddable":true,"href":"https:\/\/www.eldigitaldeasturias.com\/noticias\/wp-json\/wp\/v2\/media\/1127471"}],"wp:attachment":[{"href":"https:\/\/www.eldigitaldeasturias.com\/noticias\/wp-json\/wp\/v2\/media?parent=1127470"}],"wp:term":[{"taxonomy":"category","embeddable":true,"href":"https:\/\/www.eldigitaldeasturias.com\/noticias\/wp-json\/wp\/v2\/categories?post=1127470"},{"taxonomy":"post_tag","embeddable":true,"href":"https:\/\/www.eldigitaldeasturias.com\/noticias\/wp-json\/wp\/v2\/tags?post=1127470"}],"curies":[{"name":"wp","href":"https:\/\/api.w.org\/{rel}","templated":true}]}}