{"id":1127467,"date":"2023-12-09T03:57:02","date_gmt":"2023-12-09T02:57:02","guid":{"rendered":"https:\/\/www.eldigitaldeasturias.com\/noticias\/?p=1127467"},"modified":"2023-12-09T03:57:02","modified_gmt":"2023-12-09T02:57:02","slug":"la-cdu-pide-al-gobierno-aleman-someterse-a-un-voto-de-confianza","status":"publish","type":"post","link":"https:\/\/www.eldigitaldeasturias.com\/noticias\/la-cdu-pide-al-gobierno-aleman-someterse-a-un-voto-de-confianza\/","title":{"rendered":"La CDU pide al Gobierno alem\u00e1n someterse a un voto de confianza"},"content":{"rendered":"<p>Berl\u00edn, 8 dic (<a title=\"dpa\" href=\"https:\/\/www.dpa-news.de\/\" target=\"_blank\" rel=\"noopener\"><span style=\"color: #ff6600;\"><strong>dpa<\/strong><\/span><\/a>) &#8211; La alianza conservadora CDU\/CSU, en la oposici\u00f3n, solicit\u00f3 al Gobierno alem\u00e1n someterse a un <strong>voto de confianza en el Bundestag<\/strong> (Parlamento) debido a la actual crisis presupuestaria.<\/p>\n<p><img loading=\"lazy\" decoding=\"async\" class=\"aligncenter wp-image-1127468 size-full\" src=\"https:\/\/www.eldigitaldeasturias.com\/noticias\/wp-content\/uploads\/2023\/12\/Bundestag-Alemania.jpg\" alt=\"Bundestag Alemania\" width=\"640\" height=\"409\" srcset=\"https:\/\/www.eldigitaldeasturias.com\/noticias\/wp-content\/uploads\/2023\/12\/Bundestag-Alemania.jpg 640w, https:\/\/www.eldigitaldeasturias.com\/noticias\/wp-content\/uploads\/2023\/12\/Bundestag-Alemania-360x230.jpg 360w, https:\/\/www.eldigitaldeasturias.com\/noticias\/wp-content\/uploads\/2023\/12\/Bundestag-Alemania-469x300.jpg 469w, https:\/\/www.eldigitaldeasturias.com\/noticias\/wp-content\/uploads\/2023\/12\/Bundestag-Alemania-150x96.jpg 150w, https:\/\/www.eldigitaldeasturias.com\/noticias\/wp-content\/uploads\/2023\/12\/Bundestag-Alemania-450x288.jpg 450w\" sizes=\"auto, (max-width: 640px) 100vw, 640px\" \/><\/p>\n<p>\u00abCreo que ser\u00eda mejor que el canciller planteara un voto de confianza al Bundestag\u00bb, dijo el secretario general de la Uni\u00f3n Dem\u00f3crata Cristiana (CDU), Carsten Linnemann, en declaraciones dadas el jueves por la noche a la cadena de televisi\u00f3n p\u00fablica ZDF.<\/p>\n<p>Tambi\u00e9n el jueves trascendi\u00f3 que el grupo parlamentario del Partido Socialdem\u00f3crata de Alemania (SPD), que lidera la coalici\u00f3n de Gobierno con verdes y liberales, ya no considera posible aprobar este a\u00f1o en el Bundestag el <span style=\"color: #ff6600;\"><a style=\"color: #ff6600;\" href=\"https:\/\/www.eldigitaldeasturias.com\/noticias\/category\/economia\/\"><strong>presupuesto<\/strong><\/a><\/span> para 2024.<\/p>\n<p>Linnemann coment\u00f3 que si Scholz gana el voto de confianza, el Gobierno tendr\u00eda que hacer un plan para los pr\u00f3ximos dos a\u00f1os. \u00abNo puede seguir as\u00ed\u00bb, opin\u00f3 al a\u00f1adir que si, por el contrario, pierde el voto de confianza, los ciudadanos deber\u00e1n acudir de manera anticipada a las urnas.<\/p>\n<blockquote><p>\u00abNecesitamos honradez ya. Este pa\u00eds no puede permitirse seguir as\u00ed dos a\u00f1os\u00bb, coment\u00f3.<\/p><\/blockquote>\n<p>Los l\u00edderes de la coalici\u00f3n gubernamental luchan por encontrar la manera de tapar un agujero presupuestario de 17.000 millones de euros (18.300 millones de d\u00f3lares), provocado principalmente por una sentencia del Tribunal Constitucional.<\/p>\n<p>El tribunal alem\u00e1n de mayor rango declar\u00f3 nula una reasignaci\u00f3n de fondos en el presupuesto, inicialmente destinados para combatir los efectos de la pandemia del coronavirus pero luego empleados por el Gobierno en otros apartados, como la protecci\u00f3n del clima.<\/p>\n<blockquote><p>En un principio, la coalici\u00f3n ten\u00eda previsto aprobar el presupuesto para el a\u00f1o que viene en el Bundestag antes de Navidad. Ahora, en cambio, seg\u00fan la informaci\u00f3n del SPD, la aprobaci\u00f3n solo se podr\u00eda producir como m\u00ednimo en enero.<\/p><\/blockquote>\n<p>Hasta entonces, se aplicar\u00eda la llamada gesti\u00f3n presupuestaria provisional, en la que solo son posibles los gastos necesarios para el mantenimiento de la administraci\u00f3n y el cumplimiento de las obligaciones legales.<\/p>\n<p>En la pr\u00e1ctica, sin embargo, el Ministerio de Finanzas puede autorizar cada mes al resto de ministerios a utilizar un porcentaje de los fondos del proyecto de presupuesto que a\u00fan no ha sido aprobado.<\/p>\n<p>Este procedimiento ya se ha practicado en anteriores ocasiones, como por ejemplo despu\u00e9s de unas <a href=\"https:\/\/eldigitaldeasturias.com\/radio\/elecciones-anticipadas-en-alemania-sondeo\/\" target=\"_blank\" rel=\"noopener\"><span style=\"color: #ff6600;\"><strong>elecciones generales<\/strong><\/span><\/a> si el nuevo gobierno no puede elaborar su propio presupuesto en el breve plazo entre la formaci\u00f3n de una coalici\u00f3n y el cambio de a\u00f1o.<\/p>\n","protected":false},"excerpt":{"rendered":"<p>Berl\u00edn, 8 dic (dpa) &#8211; La alianza conservadora CDU\/CSU, en la oposici\u00f3n, solicit\u00f3 al Gobierno alem\u00e1n someterse a un voto de confianza en el Bundestag (Parlamento) debido a la actual crisis presupuestaria. \u00abCreo que ser\u00eda mejor que el canciller planteara un voto de confianza al Bundestag\u00bb, dijo el secretario general de la Uni\u00f3n Dem\u00f3crata Cristiana [&hellip;]<\/p>\n","protected":false},"author":1,"featured_media":1127468,"comment_status":"closed","ping_status":"closed","sticky":false,"template":"","format":"standard","meta":{"footnotes":""},"categories":[1],"tags":[],"class_list":["post-1127467","post","type-post","status-publish","format-standard","has-post-thumbnail","hentry","category-actualidad"],"aioseo_notices":[],"aioseo_head":"\n\t\t<!-- All in One SEO Pro 4.9.6.2 - aioseo.com -->\n\t<meta name=\"description\" content=\"Berl\u00edn, 8 dic (dpa) - La alianza conservadora CDU\/CSU, en la oposici\u00f3n, solicit\u00f3 al Gobierno alem\u00e1n someterse a un voto de confianza en el Bundestag\" \/>\n\t<meta name=\"robots\" content=\"max-image-preview:large\" \/>\n\t<meta name=\"author\" content=\"El Digital de Asturias\"\/>\n\t<meta name=\"google-site-verification\" content=\"UA-38556648-1\" \/>\n\t<meta name=\"msvalidate.01\" content=\"7dfe9f3f1b24437ab69f4f2559babe99\" \/>\n\t<meta name=\"keywords\" content=\"actualidad\" \/>\n\t<link rel=\"canonical\" href=\"https:\/\/www.eldigitaldeasturias.com\/noticias\/la-cdu-pide-al-gobierno-aleman-someterse-a-un-voto-de-confianza\/\" \/>\n\t<meta name=\"generator\" content=\"All in One SEO Pro (AIOSEO) 4.9.6.2\" \/>\n\t\t<meta property=\"og:locale\" content=\"es_ES\" \/>\n\t\t<meta property=\"og:site_name\" content=\"El Digital de Asturias\" \/>\n\t\t<meta property=\"og:type\" content=\"article\" \/>\n\t\t<meta property=\"og:title\" content=\"La CDU pide al Gobierno alem\u00e1n someterse a un voto de confianza - El Digital de Asturias\" \/>\n\t\t<meta property=\"og:description\" content=\"Berl\u00edn, 8 dic (dpa) - La alianza conservadora CDU\/CSU, en la oposici\u00f3n, solicit\u00f3 al Gobierno alem\u00e1n someterse a un voto de confianza en el Bundestag\" \/>\n\t\t<meta property=\"og:url\" content=\"https:\/\/www.eldigitaldeasturias.com\/noticias\/la-cdu-pide-al-gobierno-aleman-someterse-a-un-voto-de-confianza\/\" \/>\n\t\t<meta property=\"og:image\" content=\"https:\/\/www.eldigitaldeasturias.com\/noticias\/wp-content\/uploads\/2023\/12\/Bundestag-Alemania.jpg\" \/>\n\t\t<meta property=\"og:image:secure_url\" content=\"https:\/\/www.eldigitaldeasturias.com\/noticias\/wp-content\/uploads\/2023\/12\/Bundestag-Alemania.jpg\" \/>\n\t\t<meta property=\"og:image:width\" content=\"640\" \/>\n\t\t<meta property=\"og:image:height\" content=\"409\" \/>\n\t\t<meta property=\"article:tag\" content=\"actualidad\" \/>\n\t\t<meta property=\"article:published_time\" content=\"2023-12-09T02:57:02+00:00\" \/>\n\t\t<meta property=\"article:modified_time\" content=\"2023-12-09T02:57:02+00:00\" \/>\n\t\t<meta property=\"article:publisher\" content=\"https:\/\/facebook.com\/eldigitaldeasturias\" \/>\n\t\t<meta name=\"twitter:card\" content=\"summary_large_image\" \/>\n\t\t<meta name=\"twitter:title\" content=\"La CDU pide al Gobierno alem\u00e1n someterse a un voto de confianza - El Digital de Asturias\" \/>\n\t\t<meta name=\"twitter:description\" content=\"Berl\u00edn, 8 dic (dpa) - La alianza conservadora CDU\/CSU, en la oposici\u00f3n, solicit\u00f3 al Gobierno alem\u00e1n someterse a un voto de confianza en el Bundestag\" \/>\n\t\t<meta name=\"twitter:image\" content=\"https:\/\/www.eldigitaldeasturias.com\/noticias\/wp-content\/uploads\/2023\/12\/Bundestag-Alemania.jpg\" \/>\n\t\t<meta name=\"twitter:label1\" content=\"Escrito por\" \/>\n\t\t<meta name=\"twitter:data1\" content=\"El Digital de Asturias\" \/>\n\t\t<meta name=\"twitter:label2\" content=\"Tiempo de lectura estimado\" \/>\n\t\t<meta name=\"twitter:data2\" content=\"2 minutos\" \/>\n\t\t<script type=\"application\/ld+json\" class=\"aioseo-schema\">\n\t\t\t{\"@context\":\"https:\\\/\\\/schema.org\",\"@graph\":[{\"@type\":\"BlogPosting\",\"@id\":\"https:\\\/\\\/www.eldigitaldeasturias.com\\\/noticias\\\/la-cdu-pide-al-gobierno-aleman-someterse-a-un-voto-de-confianza\\\/#blogposting\",\"name\":\"La CDU pide al Gobierno alem\\u00e1n someterse a un voto de confianza - El Digital de Asturias\",\"headline\":\"La CDU pide al Gobierno alem\\u00e1n someterse a un voto de confianza\",\"author\":{\"@id\":\"https:\\\/\\\/www.eldigitaldeasturias.com\\\/noticias\\\/author\\\/admin\\\/#author\"},\"publisher\":{\"@id\":\"https:\\\/\\\/www.eldigitaldeasturias.com\\\/noticias\\\/#organization\"},\"image\":{\"@type\":\"ImageObject\",\"url\":\"https:\\\/\\\/www.eldigitaldeasturias.com\\\/noticias\\\/wp-content\\\/uploads\\\/2023\\\/12\\\/Bundestag-Alemania.jpg\",\"width\":640,\"height\":409,\"caption\":\"Bundestag Alemania\"},\"datePublished\":\"2023-12-09T03:57:02+01:00\",\"dateModified\":\"2023-12-09T03:57:02+01:00\",\"inLanguage\":\"es-ES\",\"mainEntityOfPage\":{\"@id\":\"https:\\\/\\\/www.eldigitaldeasturias.com\\\/noticias\\\/la-cdu-pide-al-gobierno-aleman-someterse-a-un-voto-de-confianza\\\/#webpage\"},\"isPartOf\":{\"@id\":\"https:\\\/\\\/www.eldigitaldeasturias.com\\\/noticias\\\/la-cdu-pide-al-gobierno-aleman-someterse-a-un-voto-de-confianza\\\/#webpage\"},\"articleSection\":\"Actualidad\"},{\"@type\":\"BreadcrumbList\",\"@id\":\"https:\\\/\\\/www.eldigitaldeasturias.com\\\/noticias\\\/la-cdu-pide-al-gobierno-aleman-someterse-a-un-voto-de-confianza\\\/#breadcrumblist\",\"itemListElement\":[{\"@type\":\"ListItem\",\"@id\":\"https:\\\/\\\/www.eldigitaldeasturias.com\\\/noticias#listItem\",\"position\":1,\"name\":\"Home\",\"item\":\"https:\\\/\\\/www.eldigitaldeasturias.com\\\/noticias\",\"nextItem\":{\"@type\":\"ListItem\",\"@id\":\"https:\\\/\\\/www.eldigitaldeasturias.com\\\/noticias\\\/category\\\/actualidad\\\/#listItem\",\"name\":\"Actualidad\"}},{\"@type\":\"ListItem\",\"@id\":\"https:\\\/\\\/www.eldigitaldeasturias.com\\\/noticias\\\/category\\\/actualidad\\\/#listItem\",\"position\":2,\"name\":\"Actualidad\",\"item\":\"https:\\\/\\\/www.eldigitaldeasturias.com\\\/noticias\\\/category\\\/actualidad\\\/\",\"nextItem\":{\"@type\":\"ListItem\",\"@id\":\"https:\\\/\\\/www.eldigitaldeasturias.com\\\/noticias\\\/la-cdu-pide-al-gobierno-aleman-someterse-a-un-voto-de-confianza\\\/#listItem\",\"name\":\"La CDU pide al Gobierno alem\\u00e1n someterse a un voto de confianza\"},\"previousItem\":{\"@type\":\"ListItem\",\"@id\":\"https:\\\/\\\/www.eldigitaldeasturias.com\\\/noticias#listItem\",\"name\":\"Home\"}},{\"@type\":\"ListItem\",\"@id\":\"https:\\\/\\\/www.eldigitaldeasturias.com\\\/noticias\\\/la-cdu-pide-al-gobierno-aleman-someterse-a-un-voto-de-confianza\\\/#listItem\",\"position\":3,\"name\":\"La CDU pide al Gobierno alem\\u00e1n someterse a un voto de confianza\",\"previousItem\":{\"@type\":\"ListItem\",\"@id\":\"https:\\\/\\\/www.eldigitaldeasturias.com\\\/noticias\\\/category\\\/actualidad\\\/#listItem\",\"name\":\"Actualidad\"}}]},{\"@type\":\"Organization\",\"@id\":\"https:\\\/\\\/www.eldigitaldeasturias.com\\\/noticias\\\/#organization\",\"name\":\"El Digital de Asturias\",\"description\":\"Hemeroteca\",\"url\":\"https:\\\/\\\/www.eldigitaldeasturias.com\\\/noticias\\\/\",\"email\":\"info@eldigitaldeasturias.com\",\"telephone\":\"+34652131393\",\"logo\":{\"@type\":\"ImageObject\",\"url\":\"https:\\\/\\\/www.eldigitaldeasturias.com\\\/noticias\\\/wp-content\\\/uploads\\\/2020\\\/12\\\/EDA.jpg\",\"@id\":\"https:\\\/\\\/www.eldigitaldeasturias.com\\\/noticias\\\/la-cdu-pide-al-gobierno-aleman-someterse-a-un-voto-de-confianza\\\/#organizationLogo\",\"width\":649,\"height\":297},\"image\":{\"@id\":\"https:\\\/\\\/www.eldigitaldeasturias.com\\\/noticias\\\/la-cdu-pide-al-gobierno-aleman-someterse-a-un-voto-de-confianza\\\/#organizationLogo\"},\"sameAs\":[\"https:\\\/\\\/facebook.com\\\/eldigitaldeasturias\",\"https:\\\/\\\/www.youtube.com\\\/channel\\\/UCZP-2wLEB9Rv6erhFmqVnvg\"],\"address\":{\"@id\":\"https:\\\/\\\/www.eldigitaldeasturias.com\\\/noticias\\\/#postaladdress\",\"@type\":\"PostalAddress\",\"streetAddress\":\"san antonio 4,\",\"postalCode\":\"33430\",\"addressLocality\":\"Cand\\u00e1s\",\"addressRegion\":\"Asturias\",\"addressCountry\":\"ES\"}},{\"@type\":\"Person\",\"@id\":\"https:\\\/\\\/www.eldigitaldeasturias.com\\\/noticias\\\/author\\\/admin\\\/#author\",\"url\":\"https:\\\/\\\/www.eldigitaldeasturias.com\\\/noticias\\\/author\\\/admin\\\/\",\"name\":\"El Digital de Asturias\",\"image\":{\"@type\":\"ImageObject\",\"@id\":\"https:\\\/\\\/www.eldigitaldeasturias.com\\\/noticias\\\/la-cdu-pide-al-gobierno-aleman-someterse-a-un-voto-de-confianza\\\/#authorImage\",\"url\":\"https:\\\/\\\/www.eldigitaldeasturias.com\\\/noticias\\\/wp-content\\\/litespeed\\\/avatar\\\/18677e78aa0546b92d9dbf31ec7d7668.jpg?ver=1777290358\",\"width\":96,\"height\":96,\"caption\":\"El Digital de Asturias\"}},{\"@type\":\"WebPage\",\"@id\":\"https:\\\/\\\/www.eldigitaldeasturias.com\\\/noticias\\\/la-cdu-pide-al-gobierno-aleman-someterse-a-un-voto-de-confianza\\\/#webpage\",\"url\":\"https:\\\/\\\/www.eldigitaldeasturias.com\\\/noticias\\\/la-cdu-pide-al-gobierno-aleman-someterse-a-un-voto-de-confianza\\\/\",\"name\":\"La CDU pide al Gobierno alem\\u00e1n someterse a un voto de confianza - El Digital de Asturias\",\"description\":\"Berl\\u00edn, 8 dic (dpa) - La alianza conservadora CDU\\\/CSU, en la oposici\\u00f3n, solicit\\u00f3 al Gobierno alem\\u00e1n someterse a un voto de confianza en el Bundestag\",\"inLanguage\":\"es-ES\",\"isPartOf\":{\"@id\":\"https:\\\/\\\/www.eldigitaldeasturias.com\\\/noticias\\\/#website\"},\"breadcrumb\":{\"@id\":\"https:\\\/\\\/www.eldigitaldeasturias.com\\\/noticias\\\/la-cdu-pide-al-gobierno-aleman-someterse-a-un-voto-de-confianza\\\/#breadcrumblist\"},\"author\":{\"@id\":\"https:\\\/\\\/www.eldigitaldeasturias.com\\\/noticias\\\/author\\\/admin\\\/#author\"},\"creator\":{\"@id\":\"https:\\\/\\\/www.eldigitaldeasturias.com\\\/noticias\\\/author\\\/admin\\\/#author\"},\"image\":{\"@type\":\"ImageObject\",\"url\":\"https:\\\/\\\/www.eldigitaldeasturias.com\\\/noticias\\\/wp-content\\\/uploads\\\/2023\\\/12\\\/Bundestag-Alemania.jpg\",\"@id\":\"https:\\\/\\\/www.eldigitaldeasturias.com\\\/noticias\\\/la-cdu-pide-al-gobierno-aleman-someterse-a-un-voto-de-confianza\\\/#mainImage\",\"width\":640,\"height\":409,\"caption\":\"Bundestag Alemania\"},\"primaryImageOfPage\":{\"@id\":\"https:\\\/\\\/www.eldigitaldeasturias.com\\\/noticias\\\/la-cdu-pide-al-gobierno-aleman-someterse-a-un-voto-de-confianza\\\/#mainImage\"},\"datePublished\":\"2023-12-09T03:57:02+01:00\",\"dateModified\":\"2023-12-09T03:57:02+01:00\"},{\"@type\":\"WebSite\",\"@id\":\"https:\\\/\\\/www.eldigitaldeasturias.com\\\/noticias\\\/#website\",\"url\":\"https:\\\/\\\/www.eldigitaldeasturias.com\\\/noticias\\\/\",\"name\":\"El Digital de Asturias - Diario de actualidad y noticias\",\"alternateName\":\"El Digital de Asturias - Diario de actualidad y noticias\",\"description\":\"Hemeroteca\",\"inLanguage\":\"es-ES\",\"publisher\":{\"@id\":\"https:\\\/\\\/www.eldigitaldeasturias.com\\\/noticias\\\/#organization\"}}]}\n\t\t<\/script>\n\t\t<!-- All in One SEO Pro -->\r\n\t\t<title>La CDU pide al Gobierno alem\u00e1n someterse a un voto de confianza - El Digital de Asturias<\/title>\n\n","aioseo_head_json":{"title":"La CDU pide al Gobierno alem\u00e1n someterse a un voto de confianza - El Digital de Asturias","description":"Berl\u00edn, 8 dic (dpa) - La alianza conservadora CDU\/CSU, en la oposici\u00f3n, solicit\u00f3 al Gobierno alem\u00e1n someterse a un voto de confianza en el Bundestag","canonical_url":"https:\/\/www.eldigitaldeasturias.com\/noticias\/la-cdu-pide-al-gobierno-aleman-someterse-a-un-voto-de-confianza\/","robots":"max-image-preview:large","keywords":"actualidad","webmasterTools":{"google-site-verification":"UA-38556648-1","msvalidate.01":"7dfe9f3f1b24437ab69f4f2559babe99","miscellaneous":""},"schema":{"@context":"https:\/\/schema.org","@graph":[{"@type":"BlogPosting","@id":"https:\/\/www.eldigitaldeasturias.com\/noticias\/la-cdu-pide-al-gobierno-aleman-someterse-a-un-voto-de-confianza\/#blogposting","name":"La CDU pide al Gobierno alem\u00e1n someterse a un voto de confianza - El Digital de Asturias","headline":"La CDU pide al Gobierno alem\u00e1n someterse a un voto de confianza","author":{"@id":"https:\/\/www.eldigitaldeasturias.com\/noticias\/author\/admin\/#author"},"publisher":{"@id":"https:\/\/www.eldigitaldeasturias.com\/noticias\/#organization"},"image":{"@type":"ImageObject","url":"https:\/\/www.eldigitaldeasturias.com\/noticias\/wp-content\/uploads\/2023\/12\/Bundestag-Alemania.jpg","width":640,"height":409,"caption":"Bundestag Alemania"},"datePublished":"2023-12-09T03:57:02+01:00","dateModified":"2023-12-09T03:57:02+01:00","inLanguage":"es-ES","mainEntityOfPage":{"@id":"https:\/\/www.eldigitaldeasturias.com\/noticias\/la-cdu-pide-al-gobierno-aleman-someterse-a-un-voto-de-confianza\/#webpage"},"isPartOf":{"@id":"https:\/\/www.eldigitaldeasturias.com\/noticias\/la-cdu-pide-al-gobierno-aleman-someterse-a-un-voto-de-confianza\/#webpage"},"articleSection":"Actualidad"},{"@type":"BreadcrumbList","@id":"https:\/\/www.eldigitaldeasturias.com\/noticias\/la-cdu-pide-al-gobierno-aleman-someterse-a-un-voto-de-confianza\/#breadcrumblist","itemListElement":[{"@type":"ListItem","@id":"https:\/\/www.eldigitaldeasturias.com\/noticias#listItem","position":1,"name":"Home","item":"https:\/\/www.eldigitaldeasturias.com\/noticias","nextItem":{"@type":"ListItem","@id":"https:\/\/www.eldigitaldeasturias.com\/noticias\/category\/actualidad\/#listItem","name":"Actualidad"}},{"@type":"ListItem","@id":"https:\/\/www.eldigitaldeasturias.com\/noticias\/category\/actualidad\/#listItem","position":2,"name":"Actualidad","item":"https:\/\/www.eldigitaldeasturias.com\/noticias\/category\/actualidad\/","nextItem":{"@type":"ListItem","@id":"https:\/\/www.eldigitaldeasturias.com\/noticias\/la-cdu-pide-al-gobierno-aleman-someterse-a-un-voto-de-confianza\/#listItem","name":"La CDU pide al Gobierno alem\u00e1n someterse a un voto de confianza"},"previousItem":{"@type":"ListItem","@id":"https:\/\/www.eldigitaldeasturias.com\/noticias#listItem","name":"Home"}},{"@type":"ListItem","@id":"https:\/\/www.eldigitaldeasturias.com\/noticias\/la-cdu-pide-al-gobierno-aleman-someterse-a-un-voto-de-confianza\/#listItem","position":3,"name":"La CDU pide al Gobierno alem\u00e1n someterse a un voto de confianza","previousItem":{"@type":"ListItem","@id":"https:\/\/www.eldigitaldeasturias.com\/noticias\/category\/actualidad\/#listItem","name":"Actualidad"}}]},{"@type":"Organization","@id":"https:\/\/www.eldigitaldeasturias.com\/noticias\/#organization","name":"El Digital de Asturias","description":"Hemeroteca","url":"https:\/\/www.eldigitaldeasturias.com\/noticias\/","email":"info@eldigitaldeasturias.com","telephone":"+34652131393","logo":{"@type":"ImageObject","url":"https:\/\/www.eldigitaldeasturias.com\/noticias\/wp-content\/uploads\/2020\/12\/EDA.jpg","@id":"https:\/\/www.eldigitaldeasturias.com\/noticias\/la-cdu-pide-al-gobierno-aleman-someterse-a-un-voto-de-confianza\/#organizationLogo","width":649,"height":297},"image":{"@id":"https:\/\/www.eldigitaldeasturias.com\/noticias\/la-cdu-pide-al-gobierno-aleman-someterse-a-un-voto-de-confianza\/#organizationLogo"},"sameAs":["https:\/\/facebook.com\/eldigitaldeasturias","https:\/\/www.youtube.com\/channel\/UCZP-2wLEB9Rv6erhFmqVnvg"],"address":{"@id":"https:\/\/www.eldigitaldeasturias.com\/noticias\/#postaladdress","@type":"PostalAddress","streetAddress":"san antonio 4,","postalCode":"33430","addressLocality":"Cand\u00e1s","addressRegion":"Asturias","addressCountry":"ES"}},{"@type":"Person","@id":"https:\/\/www.eldigitaldeasturias.com\/noticias\/author\/admin\/#author","url":"https:\/\/www.eldigitaldeasturias.com\/noticias\/author\/admin\/","name":"El Digital de Asturias","image":{"@type":"ImageObject","@id":"https:\/\/www.eldigitaldeasturias.com\/noticias\/la-cdu-pide-al-gobierno-aleman-someterse-a-un-voto-de-confianza\/#authorImage","url":"https:\/\/www.eldigitaldeasturias.com\/noticias\/wp-content\/litespeed\/avatar\/18677e78aa0546b92d9dbf31ec7d7668.jpg?ver=1777290358","width":96,"height":96,"caption":"El Digital de Asturias"}},{"@type":"WebPage","@id":"https:\/\/www.eldigitaldeasturias.com\/noticias\/la-cdu-pide-al-gobierno-aleman-someterse-a-un-voto-de-confianza\/#webpage","url":"https:\/\/www.eldigitaldeasturias.com\/noticias\/la-cdu-pide-al-gobierno-aleman-someterse-a-un-voto-de-confianza\/","name":"La CDU pide al Gobierno alem\u00e1n someterse a un voto de confianza - El Digital de Asturias","description":"Berl\u00edn, 8 dic (dpa) - La alianza conservadora CDU\/CSU, en la oposici\u00f3n, solicit\u00f3 al Gobierno alem\u00e1n someterse a un voto de confianza en el Bundestag","inLanguage":"es-ES","isPartOf":{"@id":"https:\/\/www.eldigitaldeasturias.com\/noticias\/#website"},"breadcrumb":{"@id":"https:\/\/www.eldigitaldeasturias.com\/noticias\/la-cdu-pide-al-gobierno-aleman-someterse-a-un-voto-de-confianza\/#breadcrumblist"},"author":{"@id":"https:\/\/www.eldigitaldeasturias.com\/noticias\/author\/admin\/#author"},"creator":{"@id":"https:\/\/www.eldigitaldeasturias.com\/noticias\/author\/admin\/#author"},"image":{"@type":"ImageObject","url":"https:\/\/www.eldigitaldeasturias.com\/noticias\/wp-content\/uploads\/2023\/12\/Bundestag-Alemania.jpg","@id":"https:\/\/www.eldigitaldeasturias.com\/noticias\/la-cdu-pide-al-gobierno-aleman-someterse-a-un-voto-de-confianza\/#mainImage","width":640,"height":409,"caption":"Bundestag Alemania"},"primaryImageOfPage":{"@id":"https:\/\/www.eldigitaldeasturias.com\/noticias\/la-cdu-pide-al-gobierno-aleman-someterse-a-un-voto-de-confianza\/#mainImage"},"datePublished":"2023-12-09T03:57:02+01:00","dateModified":"2023-12-09T03:57:02+01:00"},{"@type":"WebSite","@id":"https:\/\/www.eldigitaldeasturias.com\/noticias\/#website","url":"https:\/\/www.eldigitaldeasturias.com\/noticias\/","name":"El Digital de Asturias - Diario de actualidad y noticias","alternateName":"El Digital de Asturias - Diario de actualidad y noticias","description":"Hemeroteca","inLanguage":"es-ES","publisher":{"@id":"https:\/\/www.eldigitaldeasturias.com\/noticias\/#organization"}}]},"og:locale":"es_ES","og:site_name":"El Digital de Asturias","og:type":"article","og:title":"La CDU pide al Gobierno alem\u00e1n someterse a un voto de confianza - El Digital de Asturias","og:description":"Berl\u00edn, 8 dic (dpa) - La alianza conservadora CDU\/CSU, en la oposici\u00f3n, solicit\u00f3 al Gobierno alem\u00e1n someterse a un voto de confianza en el Bundestag","og:url":"https:\/\/www.eldigitaldeasturias.com\/noticias\/la-cdu-pide-al-gobierno-aleman-someterse-a-un-voto-de-confianza\/","og:image":"https:\/\/www.eldigitaldeasturias.com\/noticias\/wp-content\/uploads\/2023\/12\/Bundestag-Alemania.jpg","og:image:secure_url":"https:\/\/www.eldigitaldeasturias.com\/noticias\/wp-content\/uploads\/2023\/12\/Bundestag-Alemania.jpg","og:image:width":640,"og:image:height":409,"article:tag":["actualidad"],"article:published_time":"2023-12-09T02:57:02+00:00","article:modified_time":"2023-12-09T02:57:02+00:00","article:publisher":"https:\/\/facebook.com\/eldigitaldeasturias","twitter:card":"summary_large_image","twitter:title":"La CDU pide al Gobierno alem\u00e1n someterse a un voto de confianza - El Digital de Asturias","twitter:description":"Berl\u00edn, 8 dic (dpa) - La alianza conservadora CDU\/CSU, en la oposici\u00f3n, solicit\u00f3 al Gobierno alem\u00e1n someterse a un voto de confianza en el Bundestag","twitter:image":"https:\/\/www.eldigitaldeasturias.com\/noticias\/wp-content\/uploads\/2023\/12\/Bundestag-Alemania.jpg","twitter:label1":"Escrito por","twitter:data1":"El Digital de Asturias","twitter:label2":"Tiempo de lectura estimado","twitter:data2":"2 minutos"},"aioseo_meta_data":{"post_id":"1127467","title":null,"description":"Berl\u00edn, 8 dic (dpa) - La alianza conservadora CDU\/CSU, en la oposici\u00f3n, solicit\u00f3 al Gobierno alem\u00e1n someterse a un voto de confianza en el Bundestag","keywords":[],"keyphrases":{"focus":{"keyphrase":"Gobierno","score":83,"analysis":{"keyphraseInTitle":{"score":9,"maxScore":9,"error":0},"keyphraseInDescription":{"score":9,"maxScore":9,"error":0},"keyphraseLength":{"score":9,"maxScore":9,"error":0,"length":1},"keyphraseInURL":{"score":1,"maxScore":5,"error":1},"keyphraseInIntroduction":{"score":9,"maxScore":9,"error":0},"keyphraseInSubHeadings":[],"keyphraseInImageAlt":{"score":3,"maxScore":9,"error":1},"keywordDensity":{"type":"best","score":9,"maxScore":9,"error":0}}},"additional":[{"keyphrase":"Bundestag","score":100,"analysis":{"keyphraseInDescription":{"score":9,"maxScore":9,"error":0},"keyphraseLength":{"score":9,"maxScore":9,"error":0,"length":1},"keyphraseInIntroduction":{"score":9,"maxScore":9,"error":0},"keyphraseInImageAlt":{"score":9,"maxScore":9,"error":0},"keywordDensity":{"type":"best","score":9,"maxScore":9,"error":0}}}]},"primary_term":null,"canonical_url":null,"og_title":null,"og_description":null,"og_object_type":"default","og_image_type":"default","og_image_url":null,"og_image_width":null,"og_image_height":null,"og_image_custom_url":null,"og_image_custom_fields":null,"og_video":"","og_custom_url":null,"og_article_section":null,"og_article_tags":[],"twitter_use_og":false,"twitter_card":"default","twitter_image_type":"default","twitter_image_url":null,"twitter_image_custom_url":null,"twitter_image_custom_fields":null,"twitter_title":null,"twitter_description":null,"schema":{"blockGraphs":[],"customGraphs":[],"default":{"data":{"Article":[],"Course":[],"Dataset":[],"FAQPage":[],"Movie":[],"Person":[],"Product":[],"ProductReview":[],"Car":[],"Recipe":[],"Service":[],"SoftwareApplication":[],"WebPage":[]},"graphName":"BlogPosting","isEnabled":true},"graphs":[]},"schema_type":"default","schema_type_options":null,"pillar_content":false,"robots_default":true,"robots_noindex":false,"robots_noarchive":false,"robots_nosnippet":false,"robots_nofollow":false,"robots_noimageindex":false,"robots_noodp":false,"robots_notranslate":false,"robots_max_snippet":"-1","robots_max_videopreview":"-1","robots_max_imagepreview":"large","priority":null,"frequency":"default","local_seo":null,"seo_analyzer_scan_date":"2025-10-05 23:04:17","breadcrumb_settings":null,"limit_modified_date":false,"open_ai":"{\"title\":{\"suggestions\":[],\"usage\":0},\"description\":{\"suggestions\":[],\"usage\":0}}","ai":null,"created":"2023-12-09 02:53:18","updated":"2025-10-09 05:09:30"},"aioseo_breadcrumb":"<div class=\"aioseo-breadcrumbs\"><span class=\"aioseo-breadcrumb\">\n\t<a href=\"https:\/\/www.eldigitaldeasturias.com\/noticias\" title=\"Home\">Home<\/a>\n<\/span><span class=\"aioseo-breadcrumb-separator\">\u2013<\/span><span class=\"aioseo-breadcrumb\">\n\t<a href=\"https:\/\/www.eldigitaldeasturias.com\/noticias\/category\/actualidad\/\" title=\"Actualidad\">Actualidad<\/a>\n<\/span><span class=\"aioseo-breadcrumb-separator\">\u2013<\/span><span class=\"aioseo-breadcrumb\">\n\t<a href=\"https:\/\/www.eldigitaldeasturias.com\/noticias\/la-cdu-pide-al-gobierno-aleman-someterse-a-un-voto-de-confianza\/\" title=\"La CDU pide al Gobierno alem\u00e1n someterse a un voto de confianza\">La CDU pide al Gobierno alem\u00e1n someterse a un voto de confianza<\/a>\n<\/span><\/div>","aioseo_breadcrumb_json":[{"label":"Home","link":"https:\/\/www.eldigitaldeasturias.com\/noticias"},{"label":"Actualidad","link":"https:\/\/www.eldigitaldeasturias.com\/noticias\/category\/actualidad\/"},{"label":"La CDU pide al Gobierno alem\u00e1n someterse a un voto de confianza","link":"https:\/\/www.eldigitaldeasturias.com\/noticias\/la-cdu-pide-al-gobierno-aleman-someterse-a-un-voto-de-confianza\/"}],"_links":{"self":[{"href":"https:\/\/www.eldigitaldeasturias.com\/noticias\/wp-json\/wp\/v2\/posts\/1127467","targetHints":{"allow":["GET"]}}],"collection":[{"href":"https:\/\/www.eldigitaldeasturias.com\/noticias\/wp-json\/wp\/v2\/posts"}],"about":[{"href":"https:\/\/www.eldigitaldeasturias.com\/noticias\/wp-json\/wp\/v2\/types\/post"}],"author":[{"embeddable":true,"href":"https:\/\/www.eldigitaldeasturias.com\/noticias\/wp-json\/wp\/v2\/users\/1"}],"replies":[{"embeddable":true,"href":"https:\/\/www.eldigitaldeasturias.com\/noticias\/wp-json\/wp\/v2\/comments?post=1127467"}],"version-history":[{"count":0,"href":"https:\/\/www.eldigitaldeasturias.com\/noticias\/wp-json\/wp\/v2\/posts\/1127467\/revisions"}],"wp:featuredmedia":[{"embeddable":true,"href":"https:\/\/www.eldigitaldeasturias.com\/noticias\/wp-json\/wp\/v2\/media\/1127468"}],"wp:attachment":[{"href":"https:\/\/www.eldigitaldeasturias.com\/noticias\/wp-json\/wp\/v2\/media?parent=1127467"}],"wp:term":[{"taxonomy":"category","embeddable":true,"href":"https:\/\/www.eldigitaldeasturias.com\/noticias\/wp-json\/wp\/v2\/categories?post=1127467"},{"taxonomy":"post_tag","embeddable":true,"href":"https:\/\/www.eldigitaldeasturias.com\/noticias\/wp-json\/wp\/v2\/tags?post=1127467"}],"curies":[{"name":"wp","href":"https:\/\/api.w.org\/{rel}","templated":true}]}}