{"id":1127461,"date":"2023-12-09T03:28:39","date_gmt":"2023-12-09T02:28:39","guid":{"rendered":"https:\/\/www.eldigitaldeasturias.com\/noticias\/?p=1127461"},"modified":"2023-12-09T03:28:39","modified_gmt":"2023-12-09T02:28:39","slug":"eurocopa-2024-alemania-se-plantea-reforzar-la-seguridad","status":"publish","type":"post","link":"https:\/\/www.eldigitaldeasturias.com\/noticias\/eurocopa-2024-alemania-se-plantea-reforzar-la-seguridad\/","title":{"rendered":"Eurocopa 2024: Alemania se plantea reforzar la seguridad"},"content":{"rendered":"<p>Berl\u00edn, 7 dic (<a title=\"dpa\" href=\"https:\/\/www.dpa-news.de\/\" target=\"_blank\" rel=\"noopener\"><span style=\"color: #ff6600;\"><strong>dpa<\/strong><\/span><\/a>) &#8211; La ministra alemana del Interior, Nancy Faeser, se comprometi\u00f3 hoy a reforzar la seguridad para la <span style=\"color: #ff6600;\"><a style=\"color: #ff6600;\" href=\"https:\/\/www.eldigitaldeasturias.com\/noticias\/category\/deportes\/\"><strong>Eurocopa 2024<\/strong><\/a><\/span>, que se celebrar\u00e1 en Alemania los meses de junio y julio, si se mantiene el actual nivel de amenaza terrorista.<\/p>\n<p><img loading=\"lazy\" decoding=\"async\" class=\"aligncenter wp-image-1127462 size-full\" src=\"https:\/\/www.eldigitaldeasturias.com\/noticias\/wp-content\/uploads\/2023\/12\/seguridad.jpg\" alt=\"seguridad\" width=\"640\" height=\"427\" srcset=\"https:\/\/www.eldigitaldeasturias.com\/noticias\/wp-content\/uploads\/2023\/12\/seguridad.jpg 640w, https:\/\/www.eldigitaldeasturias.com\/noticias\/wp-content\/uploads\/2023\/12\/seguridad-360x240.jpg 360w, https:\/\/www.eldigitaldeasturias.com\/noticias\/wp-content\/uploads\/2023\/12\/seguridad-450x300.jpg 450w, https:\/\/www.eldigitaldeasturias.com\/noticias\/wp-content\/uploads\/2023\/12\/seguridad-150x100.jpg 150w\" sizes=\"auto, (max-width: 640px) 100vw, 640px\" \/><\/p>\n<p>La Eurocopa se disputar\u00e1 en 10 ciudades de Alemania y es el mayor acontecimiento deportivo del pa\u00eds desde el Mundial de 2006. Recientemente, ha aumentado la amenaza del terrorismo islamista en Alemania como consecuencia del conflicto palestino-israel\u00ed.<\/p>\n<p>\u00abSi dentro de seis meses tenemos la misma situaci\u00f3n de amenaza -a\u00fan no lo sabemos, no podemos juzgarlo hoy-, entonces, por supuesto, eso significa que redoblar\u00edamos nuestros esfuerzos una vez m\u00e1s\u00bb, declar\u00f3 con motivo de una conferencia ministerial en Berl\u00edn.<\/p>\n<p>Faeser se\u00f1al\u00f3 que D\u00fcsseldorf ser\u00e1 el centro de control policial de la Eurocopa, y la polic\u00eda del estado federado de Renania del Norte-Westfalia se encargar\u00e1 de coordinar todas las fuerzas policiales regionales y federales durante el torneo, que durar\u00e1 un mes.<\/p>\n<p>Faeser asegur\u00f3 que el terrorismo no es la \u00fanica amenaza, ya que el fen\u00f3meno de los hinchas violentos en el f\u00fatbol ha experimentado un notable aumento en Alemania este a\u00f1o. Pa\u00edses como Francia llevan tiempo luchando contra un grave problema de violencia entre aficionados al f\u00fatbol.<\/p>\n<p>\u00abPor supuesto, tambi\u00e9n haremos mucho para garantizar que la violencia no tenga cabida en el deporte, y menos en esta Eurocopa\u00bb, coment\u00f3.<\/p>\n<p>\u00abTambi\u00e9n contamos con la cooperaci\u00f3n internacional para pr\u00e1cticamente todos los partidos. Esto significa que, por ejemplo, cuando vienen los croatas, tambi\u00e9n viene la polic\u00eda croata\u00bb, explic\u00f3.<\/p>\n","protected":false},"excerpt":{"rendered":"<p>Berl\u00edn, 7 dic (dpa) &#8211; La ministra alemana del Interior, Nancy Faeser, se comprometi\u00f3 hoy a reforzar la seguridad para la Eurocopa 2024, que se celebrar\u00e1 en Alemania los meses de junio y julio, si se mantiene el actual nivel de amenaza terrorista. La Eurocopa se disputar\u00e1 en 10 ciudades de Alemania y es el [&hellip;]<\/p>\n","protected":false},"author":1,"featured_media":1127462,"comment_status":"closed","ping_status":"closed","sticky":false,"template":"","format":"standard","meta":{"footnotes":""},"categories":[190],"tags":[],"class_list":["post-1127461","post","type-post","status-publish","format-standard","has-post-thumbnail","hentry","category-deportes"],"aioseo_notices":[],"aioseo_head":"\n\t\t<!-- All in One SEO Pro 4.9.6.2 - aioseo.com -->\n\t<meta name=\"description\" content=\"Berl\u00edn, 7 dic (dpa) - La ministra alemana del Interior, Nancy Faeser, se comprometi\u00f3 hoy a reforzar la seguridad para la Eurocopa 2024, que se celebrar\u00e1\" \/>\n\t<meta name=\"robots\" content=\"max-image-preview:large\" \/>\n\t<meta name=\"author\" content=\"El Digital de Asturias\"\/>\n\t<meta name=\"google-site-verification\" content=\"UA-38556648-1\" \/>\n\t<meta name=\"msvalidate.01\" content=\"7dfe9f3f1b24437ab69f4f2559babe99\" \/>\n\t<meta name=\"keywords\" content=\"deportes\" \/>\n\t<link rel=\"canonical\" href=\"https:\/\/www.eldigitaldeasturias.com\/noticias\/eurocopa-2024-alemania-se-plantea-reforzar-la-seguridad\/\" \/>\n\t<meta name=\"generator\" content=\"All in One SEO Pro (AIOSEO) 4.9.6.2\" \/>\n\t\t<meta property=\"og:locale\" content=\"es_ES\" \/>\n\t\t<meta property=\"og:site_name\" content=\"El Digital de Asturias\" \/>\n\t\t<meta property=\"og:type\" content=\"article\" \/>\n\t\t<meta property=\"og:title\" content=\"Eurocopa 2024: Alemania se plantea reforzar la seguridad - El Digital de Asturias\" \/>\n\t\t<meta property=\"og:description\" content=\"Berl\u00edn, 7 dic (dpa) - La ministra alemana del Interior, Nancy Faeser, se comprometi\u00f3 hoy a reforzar la seguridad para la Eurocopa 2024, que se celebrar\u00e1\" \/>\n\t\t<meta property=\"og:url\" content=\"https:\/\/www.eldigitaldeasturias.com\/noticias\/eurocopa-2024-alemania-se-plantea-reforzar-la-seguridad\/\" \/>\n\t\t<meta property=\"og:image\" content=\"https:\/\/www.eldigitaldeasturias.com\/noticias\/wp-content\/uploads\/2023\/12\/seguridad.jpg\" \/>\n\t\t<meta property=\"og:image:secure_url\" content=\"https:\/\/www.eldigitaldeasturias.com\/noticias\/wp-content\/uploads\/2023\/12\/seguridad.jpg\" \/>\n\t\t<meta property=\"og:image:width\" content=\"640\" \/>\n\t\t<meta property=\"og:image:height\" content=\"427\" \/>\n\t\t<meta property=\"article:tag\" content=\"deportes\" \/>\n\t\t<meta property=\"article:published_time\" content=\"2023-12-09T02:28:39+00:00\" \/>\n\t\t<meta property=\"article:modified_time\" content=\"2023-12-09T02:28:39+00:00\" \/>\n\t\t<meta property=\"article:publisher\" content=\"https:\/\/facebook.com\/eldigitaldeasturias\" \/>\n\t\t<meta name=\"twitter:card\" content=\"summary_large_image\" \/>\n\t\t<meta name=\"twitter:title\" content=\"Eurocopa 2024: Alemania se plantea reforzar la seguridad - El Digital de Asturias\" \/>\n\t\t<meta name=\"twitter:description\" content=\"Berl\u00edn, 7 dic (dpa) - La ministra alemana del Interior, Nancy Faeser, se comprometi\u00f3 hoy a reforzar la seguridad para la Eurocopa 2024, que se celebrar\u00e1\" \/>\n\t\t<meta name=\"twitter:image\" content=\"https:\/\/www.eldigitaldeasturias.com\/noticias\/wp-content\/uploads\/2023\/12\/seguridad.jpg\" \/>\n\t\t<meta name=\"twitter:label1\" content=\"Escrito por\" \/>\n\t\t<meta name=\"twitter:data1\" content=\"El Digital de Asturias\" \/>\n\t\t<meta name=\"twitter:label2\" content=\"Tiempo de lectura estimado\" \/>\n\t\t<meta name=\"twitter:data2\" content=\"1 minuto\" \/>\n\t\t<script type=\"application\/ld+json\" class=\"aioseo-schema\">\n\t\t\t{\"@context\":\"https:\\\/\\\/schema.org\",\"@graph\":[{\"@type\":\"BlogPosting\",\"@id\":\"https:\\\/\\\/www.eldigitaldeasturias.com\\\/noticias\\\/eurocopa-2024-alemania-se-plantea-reforzar-la-seguridad\\\/#blogposting\",\"name\":\"Eurocopa 2024: Alemania se plantea reforzar la seguridad - El Digital de Asturias\",\"headline\":\"Eurocopa 2024: Alemania se plantea reforzar la seguridad\",\"author\":{\"@id\":\"https:\\\/\\\/www.eldigitaldeasturias.com\\\/noticias\\\/author\\\/admin\\\/#author\"},\"publisher\":{\"@id\":\"https:\\\/\\\/www.eldigitaldeasturias.com\\\/noticias\\\/#organization\"},\"image\":{\"@type\":\"ImageObject\",\"url\":\"https:\\\/\\\/www.eldigitaldeasturias.com\\\/noticias\\\/wp-content\\\/uploads\\\/2023\\\/12\\\/seguridad.jpg\",\"width\":640,\"height\":427,\"caption\":\"seguridad\"},\"datePublished\":\"2023-12-09T03:28:39+01:00\",\"dateModified\":\"2023-12-09T03:28:39+01:00\",\"inLanguage\":\"es-ES\",\"mainEntityOfPage\":{\"@id\":\"https:\\\/\\\/www.eldigitaldeasturias.com\\\/noticias\\\/eurocopa-2024-alemania-se-plantea-reforzar-la-seguridad\\\/#webpage\"},\"isPartOf\":{\"@id\":\"https:\\\/\\\/www.eldigitaldeasturias.com\\\/noticias\\\/eurocopa-2024-alemania-se-plantea-reforzar-la-seguridad\\\/#webpage\"},\"articleSection\":\"Deportes\"},{\"@type\":\"BreadcrumbList\",\"@id\":\"https:\\\/\\\/www.eldigitaldeasturias.com\\\/noticias\\\/eurocopa-2024-alemania-se-plantea-reforzar-la-seguridad\\\/#breadcrumblist\",\"itemListElement\":[{\"@type\":\"ListItem\",\"@id\":\"https:\\\/\\\/www.eldigitaldeasturias.com\\\/noticias#listItem\",\"position\":1,\"name\":\"Home\",\"item\":\"https:\\\/\\\/www.eldigitaldeasturias.com\\\/noticias\",\"nextItem\":{\"@type\":\"ListItem\",\"@id\":\"https:\\\/\\\/www.eldigitaldeasturias.com\\\/noticias\\\/category\\\/deportes\\\/#listItem\",\"name\":\"Deportes\"}},{\"@type\":\"ListItem\",\"@id\":\"https:\\\/\\\/www.eldigitaldeasturias.com\\\/noticias\\\/category\\\/deportes\\\/#listItem\",\"position\":2,\"name\":\"Deportes\",\"item\":\"https:\\\/\\\/www.eldigitaldeasturias.com\\\/noticias\\\/category\\\/deportes\\\/\",\"nextItem\":{\"@type\":\"ListItem\",\"@id\":\"https:\\\/\\\/www.eldigitaldeasturias.com\\\/noticias\\\/eurocopa-2024-alemania-se-plantea-reforzar-la-seguridad\\\/#listItem\",\"name\":\"Eurocopa 2024: Alemania se plantea reforzar la seguridad\"},\"previousItem\":{\"@type\":\"ListItem\",\"@id\":\"https:\\\/\\\/www.eldigitaldeasturias.com\\\/noticias#listItem\",\"name\":\"Home\"}},{\"@type\":\"ListItem\",\"@id\":\"https:\\\/\\\/www.eldigitaldeasturias.com\\\/noticias\\\/eurocopa-2024-alemania-se-plantea-reforzar-la-seguridad\\\/#listItem\",\"position\":3,\"name\":\"Eurocopa 2024: Alemania se plantea reforzar la seguridad\",\"previousItem\":{\"@type\":\"ListItem\",\"@id\":\"https:\\\/\\\/www.eldigitaldeasturias.com\\\/noticias\\\/category\\\/deportes\\\/#listItem\",\"name\":\"Deportes\"}}]},{\"@type\":\"Organization\",\"@id\":\"https:\\\/\\\/www.eldigitaldeasturias.com\\\/noticias\\\/#organization\",\"name\":\"El Digital de Asturias\",\"description\":\"Hemeroteca\",\"url\":\"https:\\\/\\\/www.eldigitaldeasturias.com\\\/noticias\\\/\",\"email\":\"info@eldigitaldeasturias.com\",\"telephone\":\"+34652131393\",\"logo\":{\"@type\":\"ImageObject\",\"url\":\"https:\\\/\\\/www.eldigitaldeasturias.com\\\/noticias\\\/wp-content\\\/uploads\\\/2020\\\/12\\\/EDA.jpg\",\"@id\":\"https:\\\/\\\/www.eldigitaldeasturias.com\\\/noticias\\\/eurocopa-2024-alemania-se-plantea-reforzar-la-seguridad\\\/#organizationLogo\",\"width\":649,\"height\":297},\"image\":{\"@id\":\"https:\\\/\\\/www.eldigitaldeasturias.com\\\/noticias\\\/eurocopa-2024-alemania-se-plantea-reforzar-la-seguridad\\\/#organizationLogo\"},\"sameAs\":[\"https:\\\/\\\/facebook.com\\\/eldigitaldeasturias\",\"https:\\\/\\\/www.youtube.com\\\/channel\\\/UCZP-2wLEB9Rv6erhFmqVnvg\"],\"address\":{\"@id\":\"https:\\\/\\\/www.eldigitaldeasturias.com\\\/noticias\\\/#postaladdress\",\"@type\":\"PostalAddress\",\"streetAddress\":\"san antonio 4,\",\"postalCode\":\"33430\",\"addressLocality\":\"Cand\\u00e1s\",\"addressRegion\":\"Asturias\",\"addressCountry\":\"ES\"}},{\"@type\":\"Person\",\"@id\":\"https:\\\/\\\/www.eldigitaldeasturias.com\\\/noticias\\\/author\\\/admin\\\/#author\",\"url\":\"https:\\\/\\\/www.eldigitaldeasturias.com\\\/noticias\\\/author\\\/admin\\\/\",\"name\":\"El Digital de Asturias\",\"image\":{\"@type\":\"ImageObject\",\"@id\":\"https:\\\/\\\/www.eldigitaldeasturias.com\\\/noticias\\\/eurocopa-2024-alemania-se-plantea-reforzar-la-seguridad\\\/#authorImage\",\"url\":\"https:\\\/\\\/www.eldigitaldeasturias.com\\\/noticias\\\/wp-content\\\/litespeed\\\/avatar\\\/18677e78aa0546b92d9dbf31ec7d7668.jpg?ver=1777290358\",\"width\":96,\"height\":96,\"caption\":\"El Digital de Asturias\"}},{\"@type\":\"WebPage\",\"@id\":\"https:\\\/\\\/www.eldigitaldeasturias.com\\\/noticias\\\/eurocopa-2024-alemania-se-plantea-reforzar-la-seguridad\\\/#webpage\",\"url\":\"https:\\\/\\\/www.eldigitaldeasturias.com\\\/noticias\\\/eurocopa-2024-alemania-se-plantea-reforzar-la-seguridad\\\/\",\"name\":\"Eurocopa 2024: Alemania se plantea reforzar la seguridad - El Digital de Asturias\",\"description\":\"Berl\\u00edn, 7 dic (dpa) - La ministra alemana del Interior, Nancy Faeser, se comprometi\\u00f3 hoy a reforzar la seguridad para la Eurocopa 2024, que se celebrar\\u00e1\",\"inLanguage\":\"es-ES\",\"isPartOf\":{\"@id\":\"https:\\\/\\\/www.eldigitaldeasturias.com\\\/noticias\\\/#website\"},\"breadcrumb\":{\"@id\":\"https:\\\/\\\/www.eldigitaldeasturias.com\\\/noticias\\\/eurocopa-2024-alemania-se-plantea-reforzar-la-seguridad\\\/#breadcrumblist\"},\"author\":{\"@id\":\"https:\\\/\\\/www.eldigitaldeasturias.com\\\/noticias\\\/author\\\/admin\\\/#author\"},\"creator\":{\"@id\":\"https:\\\/\\\/www.eldigitaldeasturias.com\\\/noticias\\\/author\\\/admin\\\/#author\"},\"image\":{\"@type\":\"ImageObject\",\"url\":\"https:\\\/\\\/www.eldigitaldeasturias.com\\\/noticias\\\/wp-content\\\/uploads\\\/2023\\\/12\\\/seguridad.jpg\",\"@id\":\"https:\\\/\\\/www.eldigitaldeasturias.com\\\/noticias\\\/eurocopa-2024-alemania-se-plantea-reforzar-la-seguridad\\\/#mainImage\",\"width\":640,\"height\":427,\"caption\":\"seguridad\"},\"primaryImageOfPage\":{\"@id\":\"https:\\\/\\\/www.eldigitaldeasturias.com\\\/noticias\\\/eurocopa-2024-alemania-se-plantea-reforzar-la-seguridad\\\/#mainImage\"},\"datePublished\":\"2023-12-09T03:28:39+01:00\",\"dateModified\":\"2023-12-09T03:28:39+01:00\"},{\"@type\":\"WebSite\",\"@id\":\"https:\\\/\\\/www.eldigitaldeasturias.com\\\/noticias\\\/#website\",\"url\":\"https:\\\/\\\/www.eldigitaldeasturias.com\\\/noticias\\\/\",\"name\":\"El Digital de Asturias - Diario de actualidad y noticias\",\"alternateName\":\"El Digital de Asturias - Diario de actualidad y noticias\",\"description\":\"Hemeroteca\",\"inLanguage\":\"es-ES\",\"publisher\":{\"@id\":\"https:\\\/\\\/www.eldigitaldeasturias.com\\\/noticias\\\/#organization\"}}]}\n\t\t<\/script>\n\t\t<!-- All in One SEO Pro -->\r\n\t\t<title>Eurocopa 2024: Alemania se plantea reforzar la seguridad - El Digital de Asturias<\/title>\n\n","aioseo_head_json":{"title":"Eurocopa 2024: Alemania se plantea reforzar la seguridad - El Digital de Asturias","description":"Berl\u00edn, 7 dic (dpa) - La ministra alemana del Interior, Nancy Faeser, se comprometi\u00f3 hoy a reforzar la seguridad para la Eurocopa 2024, que se celebrar\u00e1","canonical_url":"https:\/\/www.eldigitaldeasturias.com\/noticias\/eurocopa-2024-alemania-se-plantea-reforzar-la-seguridad\/","robots":"max-image-preview:large","keywords":"deportes","webmasterTools":{"google-site-verification":"UA-38556648-1","msvalidate.01":"7dfe9f3f1b24437ab69f4f2559babe99","miscellaneous":""},"schema":{"@context":"https:\/\/schema.org","@graph":[{"@type":"BlogPosting","@id":"https:\/\/www.eldigitaldeasturias.com\/noticias\/eurocopa-2024-alemania-se-plantea-reforzar-la-seguridad\/#blogposting","name":"Eurocopa 2024: Alemania se plantea reforzar la seguridad - El Digital de Asturias","headline":"Eurocopa 2024: Alemania se plantea reforzar la seguridad","author":{"@id":"https:\/\/www.eldigitaldeasturias.com\/noticias\/author\/admin\/#author"},"publisher":{"@id":"https:\/\/www.eldigitaldeasturias.com\/noticias\/#organization"},"image":{"@type":"ImageObject","url":"https:\/\/www.eldigitaldeasturias.com\/noticias\/wp-content\/uploads\/2023\/12\/seguridad.jpg","width":640,"height":427,"caption":"seguridad"},"datePublished":"2023-12-09T03:28:39+01:00","dateModified":"2023-12-09T03:28:39+01:00","inLanguage":"es-ES","mainEntityOfPage":{"@id":"https:\/\/www.eldigitaldeasturias.com\/noticias\/eurocopa-2024-alemania-se-plantea-reforzar-la-seguridad\/#webpage"},"isPartOf":{"@id":"https:\/\/www.eldigitaldeasturias.com\/noticias\/eurocopa-2024-alemania-se-plantea-reforzar-la-seguridad\/#webpage"},"articleSection":"Deportes"},{"@type":"BreadcrumbList","@id":"https:\/\/www.eldigitaldeasturias.com\/noticias\/eurocopa-2024-alemania-se-plantea-reforzar-la-seguridad\/#breadcrumblist","itemListElement":[{"@type":"ListItem","@id":"https:\/\/www.eldigitaldeasturias.com\/noticias#listItem","position":1,"name":"Home","item":"https:\/\/www.eldigitaldeasturias.com\/noticias","nextItem":{"@type":"ListItem","@id":"https:\/\/www.eldigitaldeasturias.com\/noticias\/category\/deportes\/#listItem","name":"Deportes"}},{"@type":"ListItem","@id":"https:\/\/www.eldigitaldeasturias.com\/noticias\/category\/deportes\/#listItem","position":2,"name":"Deportes","item":"https:\/\/www.eldigitaldeasturias.com\/noticias\/category\/deportes\/","nextItem":{"@type":"ListItem","@id":"https:\/\/www.eldigitaldeasturias.com\/noticias\/eurocopa-2024-alemania-se-plantea-reforzar-la-seguridad\/#listItem","name":"Eurocopa 2024: Alemania se plantea reforzar la seguridad"},"previousItem":{"@type":"ListItem","@id":"https:\/\/www.eldigitaldeasturias.com\/noticias#listItem","name":"Home"}},{"@type":"ListItem","@id":"https:\/\/www.eldigitaldeasturias.com\/noticias\/eurocopa-2024-alemania-se-plantea-reforzar-la-seguridad\/#listItem","position":3,"name":"Eurocopa 2024: Alemania se plantea reforzar la seguridad","previousItem":{"@type":"ListItem","@id":"https:\/\/www.eldigitaldeasturias.com\/noticias\/category\/deportes\/#listItem","name":"Deportes"}}]},{"@type":"Organization","@id":"https:\/\/www.eldigitaldeasturias.com\/noticias\/#organization","name":"El Digital de Asturias","description":"Hemeroteca","url":"https:\/\/www.eldigitaldeasturias.com\/noticias\/","email":"info@eldigitaldeasturias.com","telephone":"+34652131393","logo":{"@type":"ImageObject","url":"https:\/\/www.eldigitaldeasturias.com\/noticias\/wp-content\/uploads\/2020\/12\/EDA.jpg","@id":"https:\/\/www.eldigitaldeasturias.com\/noticias\/eurocopa-2024-alemania-se-plantea-reforzar-la-seguridad\/#organizationLogo","width":649,"height":297},"image":{"@id":"https:\/\/www.eldigitaldeasturias.com\/noticias\/eurocopa-2024-alemania-se-plantea-reforzar-la-seguridad\/#organizationLogo"},"sameAs":["https:\/\/facebook.com\/eldigitaldeasturias","https:\/\/www.youtube.com\/channel\/UCZP-2wLEB9Rv6erhFmqVnvg"],"address":{"@id":"https:\/\/www.eldigitaldeasturias.com\/noticias\/#postaladdress","@type":"PostalAddress","streetAddress":"san antonio 4,","postalCode":"33430","addressLocality":"Cand\u00e1s","addressRegion":"Asturias","addressCountry":"ES"}},{"@type":"Person","@id":"https:\/\/www.eldigitaldeasturias.com\/noticias\/author\/admin\/#author","url":"https:\/\/www.eldigitaldeasturias.com\/noticias\/author\/admin\/","name":"El Digital de Asturias","image":{"@type":"ImageObject","@id":"https:\/\/www.eldigitaldeasturias.com\/noticias\/eurocopa-2024-alemania-se-plantea-reforzar-la-seguridad\/#authorImage","url":"https:\/\/www.eldigitaldeasturias.com\/noticias\/wp-content\/litespeed\/avatar\/18677e78aa0546b92d9dbf31ec7d7668.jpg?ver=1777290358","width":96,"height":96,"caption":"El Digital de Asturias"}},{"@type":"WebPage","@id":"https:\/\/www.eldigitaldeasturias.com\/noticias\/eurocopa-2024-alemania-se-plantea-reforzar-la-seguridad\/#webpage","url":"https:\/\/www.eldigitaldeasturias.com\/noticias\/eurocopa-2024-alemania-se-plantea-reforzar-la-seguridad\/","name":"Eurocopa 2024: Alemania se plantea reforzar la seguridad - El Digital de Asturias","description":"Berl\u00edn, 7 dic (dpa) - La ministra alemana del Interior, Nancy Faeser, se comprometi\u00f3 hoy a reforzar la seguridad para la Eurocopa 2024, que se celebrar\u00e1","inLanguage":"es-ES","isPartOf":{"@id":"https:\/\/www.eldigitaldeasturias.com\/noticias\/#website"},"breadcrumb":{"@id":"https:\/\/www.eldigitaldeasturias.com\/noticias\/eurocopa-2024-alemania-se-plantea-reforzar-la-seguridad\/#breadcrumblist"},"author":{"@id":"https:\/\/www.eldigitaldeasturias.com\/noticias\/author\/admin\/#author"},"creator":{"@id":"https:\/\/www.eldigitaldeasturias.com\/noticias\/author\/admin\/#author"},"image":{"@type":"ImageObject","url":"https:\/\/www.eldigitaldeasturias.com\/noticias\/wp-content\/uploads\/2023\/12\/seguridad.jpg","@id":"https:\/\/www.eldigitaldeasturias.com\/noticias\/eurocopa-2024-alemania-se-plantea-reforzar-la-seguridad\/#mainImage","width":640,"height":427,"caption":"seguridad"},"primaryImageOfPage":{"@id":"https:\/\/www.eldigitaldeasturias.com\/noticias\/eurocopa-2024-alemania-se-plantea-reforzar-la-seguridad\/#mainImage"},"datePublished":"2023-12-09T03:28:39+01:00","dateModified":"2023-12-09T03:28:39+01:00"},{"@type":"WebSite","@id":"https:\/\/www.eldigitaldeasturias.com\/noticias\/#website","url":"https:\/\/www.eldigitaldeasturias.com\/noticias\/","name":"El Digital de Asturias - Diario de actualidad y noticias","alternateName":"El Digital de Asturias - Diario de actualidad y noticias","description":"Hemeroteca","inLanguage":"es-ES","publisher":{"@id":"https:\/\/www.eldigitaldeasturias.com\/noticias\/#organization"}}]},"og:locale":"es_ES","og:site_name":"El Digital de Asturias","og:type":"article","og:title":"Eurocopa 2024: Alemania se plantea reforzar la seguridad - El Digital de Asturias","og:description":"Berl\u00edn, 7 dic (dpa) - La ministra alemana del Interior, Nancy Faeser, se comprometi\u00f3 hoy a reforzar la seguridad para la Eurocopa 2024, que se celebrar\u00e1","og:url":"https:\/\/www.eldigitaldeasturias.com\/noticias\/eurocopa-2024-alemania-se-plantea-reforzar-la-seguridad\/","og:image":"https:\/\/www.eldigitaldeasturias.com\/noticias\/wp-content\/uploads\/2023\/12\/seguridad.jpg","og:image:secure_url":"https:\/\/www.eldigitaldeasturias.com\/noticias\/wp-content\/uploads\/2023\/12\/seguridad.jpg","og:image:width":640,"og:image:height":427,"article:tag":["deportes"],"article:published_time":"2023-12-09T02:28:39+00:00","article:modified_time":"2023-12-09T02:28:39+00:00","article:publisher":"https:\/\/facebook.com\/eldigitaldeasturias","twitter:card":"summary_large_image","twitter:title":"Eurocopa 2024: Alemania se plantea reforzar la seguridad - El Digital de Asturias","twitter:description":"Berl\u00edn, 7 dic (dpa) - La ministra alemana del Interior, Nancy Faeser, se comprometi\u00f3 hoy a reforzar la seguridad para la Eurocopa 2024, que se celebrar\u00e1","twitter:image":"https:\/\/www.eldigitaldeasturias.com\/noticias\/wp-content\/uploads\/2023\/12\/seguridad.jpg","twitter:label1":"Escrito por","twitter:data1":"El Digital de Asturias","twitter:label2":"Tiempo de lectura estimado","twitter:data2":"1 minuto"},"aioseo_meta_data":{"post_id":"1127461","title":null,"description":"Berl\u00edn, 7 dic (dpa) - La ministra alemana del Interior, Nancy Faeser, se comprometi\u00f3 hoy a reforzar la seguridad para la Eurocopa 2024, que se celebrar\u00e1","keywords":[],"keyphrases":{"focus":{"keyphrase":"Eurocopa","score":83,"analysis":{"keyphraseInTitle":{"score":9,"maxScore":9,"error":0},"keyphraseInDescription":{"score":9,"maxScore":9,"error":0},"keyphraseLength":{"score":9,"maxScore":9,"error":0,"length":1},"keyphraseInURL":{"score":1,"maxScore":5,"error":1},"keyphraseInIntroduction":{"score":9,"maxScore":9,"error":0},"keyphraseInSubHeadings":[],"keyphraseInImageAlt":{"score":3,"maxScore":9,"error":1},"keywordDensity":{"type":"best","score":9,"maxScore":9,"error":0}}},"additional":[{"keyphrase":"seguridad","score":80,"analysis":{"keyphraseInDescription":{"score":9,"maxScore":9,"error":0},"keyphraseLength":{"score":9,"maxScore":9,"error":0,"length":1},"keyphraseInIntroduction":{"score":9,"maxScore":9,"error":0},"keyphraseInImageAlt":{"score":9,"maxScore":9,"error":0},"keywordDensity":{"score":0,"type":"low","maxScore":9,"error":1}}},{"keyphrase":"Eurocopa 2024","score":67,"analysis":{"keyphraseInDescription":{"score":9,"maxScore":9,"error":0},"keyphraseLength":{"score":9,"maxScore":9,"error":0,"length":2},"keyphraseInIntroduction":{"score":9,"maxScore":9,"error":0},"keyphraseInImageAlt":{"score":3,"maxScore":9,"error":1},"keywordDensity":{"score":0,"type":"low","maxScore":9,"error":1}}}]},"primary_term":null,"canonical_url":null,"og_title":null,"og_description":null,"og_object_type":"default","og_image_type":"default","og_image_url":null,"og_image_width":null,"og_image_height":null,"og_image_custom_url":null,"og_image_custom_fields":null,"og_video":"","og_custom_url":null,"og_article_section":null,"og_article_tags":[],"twitter_use_og":false,"twitter_card":"default","twitter_image_type":"default","twitter_image_url":null,"twitter_image_custom_url":null,"twitter_image_custom_fields":null,"twitter_title":null,"twitter_description":null,"schema":{"blockGraphs":[],"customGraphs":[],"default":{"data":{"Article":[],"Course":[],"Dataset":[],"FAQPage":[],"Movie":[],"Person":[],"Product":[],"ProductReview":[],"Car":[],"Recipe":[],"Service":[],"SoftwareApplication":[],"WebPage":[]},"graphName":"BlogPosting","isEnabled":true},"graphs":[]},"schema_type":"default","schema_type_options":null,"pillar_content":false,"robots_default":true,"robots_noindex":false,"robots_noarchive":false,"robots_nosnippet":false,"robots_nofollow":false,"robots_noimageindex":false,"robots_noodp":false,"robots_notranslate":false,"robots_max_snippet":"-1","robots_max_videopreview":"-1","robots_max_imagepreview":"large","priority":null,"frequency":"default","local_seo":null,"seo_analyzer_scan_date":"2025-10-05 23:03:52","breadcrumb_settings":null,"limit_modified_date":false,"open_ai":"{\"title\":{\"suggestions\":[],\"usage\":0},\"description\":{\"suggestions\":[],\"usage\":0}}","ai":null,"created":"2023-12-09 02:24:44","updated":"2025-10-09 05:06:30"},"aioseo_breadcrumb":"<div class=\"aioseo-breadcrumbs\"><span class=\"aioseo-breadcrumb\">\n\t<a href=\"https:\/\/www.eldigitaldeasturias.com\/noticias\" title=\"Home\">Home<\/a>\n<\/span><span class=\"aioseo-breadcrumb-separator\">\u2013<\/span><span class=\"aioseo-breadcrumb\">\n\t<a href=\"https:\/\/www.eldigitaldeasturias.com\/noticias\/category\/deportes\/\" title=\"Deportes\">Deportes<\/a>\n<\/span><span class=\"aioseo-breadcrumb-separator\">\u2013<\/span><span class=\"aioseo-breadcrumb\">\n\t<a href=\"https:\/\/www.eldigitaldeasturias.com\/noticias\/eurocopa-2024-alemania-se-plantea-reforzar-la-seguridad\/\" title=\"Eurocopa 2024: Alemania se plantea reforzar la seguridad\">Eurocopa 2024: Alemania se plantea reforzar la seguridad<\/a>\n<\/span><\/div>","aioseo_breadcrumb_json":[{"label":"Home","link":"https:\/\/www.eldigitaldeasturias.com\/noticias"},{"label":"Deportes","link":"https:\/\/www.eldigitaldeasturias.com\/noticias\/category\/deportes\/"},{"label":"Eurocopa 2024: Alemania se plantea reforzar la seguridad","link":"https:\/\/www.eldigitaldeasturias.com\/noticias\/eurocopa-2024-alemania-se-plantea-reforzar-la-seguridad\/"}],"_links":{"self":[{"href":"https:\/\/www.eldigitaldeasturias.com\/noticias\/wp-json\/wp\/v2\/posts\/1127461","targetHints":{"allow":["GET"]}}],"collection":[{"href":"https:\/\/www.eldigitaldeasturias.com\/noticias\/wp-json\/wp\/v2\/posts"}],"about":[{"href":"https:\/\/www.eldigitaldeasturias.com\/noticias\/wp-json\/wp\/v2\/types\/post"}],"author":[{"embeddable":true,"href":"https:\/\/www.eldigitaldeasturias.com\/noticias\/wp-json\/wp\/v2\/users\/1"}],"replies":[{"embeddable":true,"href":"https:\/\/www.eldigitaldeasturias.com\/noticias\/wp-json\/wp\/v2\/comments?post=1127461"}],"version-history":[{"count":0,"href":"https:\/\/www.eldigitaldeasturias.com\/noticias\/wp-json\/wp\/v2\/posts\/1127461\/revisions"}],"wp:featuredmedia":[{"embeddable":true,"href":"https:\/\/www.eldigitaldeasturias.com\/noticias\/wp-json\/wp\/v2\/media\/1127462"}],"wp:attachment":[{"href":"https:\/\/www.eldigitaldeasturias.com\/noticias\/wp-json\/wp\/v2\/media?parent=1127461"}],"wp:term":[{"taxonomy":"category","embeddable":true,"href":"https:\/\/www.eldigitaldeasturias.com\/noticias\/wp-json\/wp\/v2\/categories?post=1127461"},{"taxonomy":"post_tag","embeddable":true,"href":"https:\/\/www.eldigitaldeasturias.com\/noticias\/wp-json\/wp\/v2\/tags?post=1127461"}],"curies":[{"name":"wp","href":"https:\/\/api.w.org\/{rel}","templated":true}]}}