{"id":1127449,"date":"2023-12-09T02:33:10","date_gmt":"2023-12-09T01:33:10","guid":{"rendered":"https:\/\/www.eldigitaldeasturias.com\/noticias\/?p=1127449"},"modified":"2023-12-09T02:33:10","modified_gmt":"2023-12-09T01:33:10","slug":"consejos-para-transportar-una-bici-electrica-en-el-coche","status":"publish","type":"post","link":"https:\/\/www.eldigitaldeasturias.com\/noticias\/consejos-para-transportar-una-bici-electrica-en-el-coche\/","title":{"rendered":"Consejos para transportar una bici el\u00e9ctrica en el coche"},"content":{"rendered":"<p>(<a title=\"dpa\" href=\"https:\/\/www.dpa-news.de\/\" target=\"_blank\" rel=\"noopener\"><span style=\"color: #ff6600;\"><strong>dpa<\/strong><\/span><\/a>) &#8211; <strong>Transportar una bicicleta el\u00e9ctrica<\/strong> <strong>en <a href=\"https:\/\/eldigitaldeasturias.com\/magazine365\/category\/motor\/\" target=\"_blank\" rel=\"noopener\"><span style=\"color: #ff6600;\">coche<\/span><\/a><\/strong> no es tan f\u00e1cil, porque los portaequipajes de techo no suelen estar dise\u00f1ados para dos bicicletas que pesen una media de 25 kilos.<\/p>\n<figure id=\"attachment_1127450\" aria-describedby=\"caption-attachment-1127450\" style=\"width: 650px\" class=\"wp-caption aligncenter\"><img loading=\"lazy\" decoding=\"async\" class=\"wp-image-1127450 size-large\" src=\"https:\/\/www.eldigitaldeasturias.com\/noticias\/wp-content\/uploads\/2023\/12\/bici-electrica-650x426.jpg\" alt=\"bici el\u00e9ctrica\" width=\"650\" height=\"426\" srcset=\"https:\/\/www.eldigitaldeasturias.com\/noticias\/wp-content\/uploads\/2023\/12\/bici-electrica-650x426.jpg 650w, https:\/\/www.eldigitaldeasturias.com\/noticias\/wp-content\/uploads\/2023\/12\/bici-electrica-360x236.jpg 360w, https:\/\/www.eldigitaldeasturias.com\/noticias\/wp-content\/uploads\/2023\/12\/bici-electrica-458x300.jpg 458w, https:\/\/www.eldigitaldeasturias.com\/noticias\/wp-content\/uploads\/2023\/12\/bici-electrica-768x503.jpg 768w, https:\/\/www.eldigitaldeasturias.com\/noticias\/wp-content\/uploads\/2023\/12\/bici-electrica-150x98.jpg 150w, https:\/\/www.eldigitaldeasturias.com\/noticias\/wp-content\/uploads\/2023\/12\/bici-electrica-450x295.jpg 450w, https:\/\/www.eldigitaldeasturias.com\/noticias\/wp-content\/uploads\/2023\/12\/bici-electrica.jpg 1001w\" sizes=\"auto, (max-width: 650px) 100vw, 650px\" \/><figcaption id=\"caption-attachment-1127450\" class=\"wp-caption-text\">Foto: Christin Klose\/dpa<\/figcaption><\/figure>\n<p>Incluso con un portaequipajes que est\u00e9 dise\u00f1ado para ello, <strong>hay que respetar la carga m\u00e1xima permitida en el techo del propio coche.<\/strong><\/p>\n<p>Esto se puede consultar en las instrucciones de uso del veh\u00edculo. Adem\u00e1s, las bicicletas, que no son ligeras, tienen que subirse y bajarse del techo cada vez que las queramos utilizar o guardar.<\/p>\n<blockquote><p>Las soluciones de transporte en las que las ruedas se fijan al port\u00f3n del maletero tambi\u00e9n alcanzan r\u00e1pidamente los l\u00edmites de su carga \u00fatil, que suele ser baja.<\/p><\/blockquote>\n<p>Si se quiere ir sobre seguro o <strong>transportar varias bicicletas<\/strong> a la vez, se debe buscar un portabicicletas trasero de los que se fijan en el enganche de remolque. Es mejor informarse bien a la hora de elegir. <strong>Si se opta por un portabicicletas abatible, por ejemplo, se puede hacer que el maletero sea accesible a pesar de llevar montadas las bicicletas.<\/strong><\/p>\n<p>El portabicicletas debe estar dise\u00f1ado para soportar el peso de las <a href=\"https:\/\/www.eldigitaldeasturias.com\/noticias\/category\/deportes\/\"><span style=\"color: #ff6600;\"><strong>bicicletas<\/strong><\/span><\/a>. Adem\u00e1s de la capacidad de carga, tambi\u00e9n es importante asegurarse de que el grosor del cuadro de la bicicleta coincida con las fijaciones del portabicicletas.<\/p>\n<p>El enganche tampoco debe cargarse demasiado. <strong>En la documentaci\u00f3n del permiso de circulaci\u00f3n del veh\u00edculo se puede consultar la carga que puede soportar el enganche de remolque, que suele oscilar entre 50 y 100 kilos.<\/strong><\/p>\n<p>Tambi\u00e9n es importante que la matr\u00edcula trasera permanezca visible. De lo contrario, deber\u00e1 colocarse una placa de matr\u00edcula adicional (no fija) para que quede a la vista. As\u00ed, nada se interpondr\u00e1 en sus vacaciones o excursiones con veh\u00edculos de dos ruedas a bordo.<\/p>\n","protected":false},"excerpt":{"rendered":"<p>(dpa) &#8211; Transportar una bicicleta el\u00e9ctrica en coche no es tan f\u00e1cil, porque los portaequipajes de techo no suelen estar dise\u00f1ados para dos bicicletas que pesen una media de 25 kilos. Incluso con un portaequipajes que est\u00e9 dise\u00f1ado para ello, hay que respetar la carga m\u00e1xima permitida en el techo del propio coche. Esto se [&hellip;]<\/p>\n","protected":false},"author":1,"featured_media":1127450,"comment_status":"closed","ping_status":"closed","sticky":false,"template":"","format":"standard","meta":{"footnotes":""},"categories":[50],"tags":[],"class_list":["post-1127449","post","type-post","status-publish","format-standard","has-post-thumbnail","hentry","category-revista-de-ocio"],"aioseo_notices":[],"aioseo_head":"\n\t\t<!-- All in One SEO Pro 4.9.6.2 - aioseo.com -->\n\t<meta name=\"description\" content=\"(dpa) - Transportar una bicicleta el\u00e9ctrica en coche no es tan f\u00e1cil, porque los portaequipajes de techo no suelen estar dise\u00f1ados para dos bicicletas\" \/>\n\t<meta name=\"robots\" content=\"max-image-preview:large\" \/>\n\t<meta name=\"author\" content=\"El Digital de Asturias\"\/>\n\t<meta name=\"google-site-verification\" content=\"UA-38556648-1\" \/>\n\t<meta name=\"msvalidate.01\" content=\"7dfe9f3f1b24437ab69f4f2559babe99\" \/>\n\t<meta name=\"keywords\" content=\"revista de ocio\" \/>\n\t<link rel=\"canonical\" href=\"https:\/\/www.eldigitaldeasturias.com\/noticias\/consejos-para-transportar-una-bici-electrica-en-el-coche\/\" \/>\n\t<meta name=\"generator\" content=\"All in One SEO Pro (AIOSEO) 4.9.6.2\" \/>\n\t\t<meta property=\"og:locale\" content=\"es_ES\" \/>\n\t\t<meta property=\"og:site_name\" content=\"El Digital de Asturias\" \/>\n\t\t<meta property=\"og:type\" content=\"article\" \/>\n\t\t<meta property=\"og:title\" content=\"Consejos para transportar una bici el\u00e9ctrica en el coche - El Digital de Asturias\" \/>\n\t\t<meta property=\"og:description\" content=\"(dpa) - Transportar una bicicleta el\u00e9ctrica en coche no es tan f\u00e1cil, porque los portaequipajes de techo no suelen estar dise\u00f1ados para dos bicicletas\" \/>\n\t\t<meta property=\"og:url\" content=\"https:\/\/www.eldigitaldeasturias.com\/noticias\/consejos-para-transportar-una-bici-electrica-en-el-coche\/\" \/>\n\t\t<meta property=\"og:image\" content=\"https:\/\/www.eldigitaldeasturias.com\/noticias\/wp-content\/uploads\/2023\/12\/bici-electrica.jpg\" \/>\n\t\t<meta property=\"og:image:secure_url\" content=\"https:\/\/www.eldigitaldeasturias.com\/noticias\/wp-content\/uploads\/2023\/12\/bici-electrica.jpg\" \/>\n\t\t<meta property=\"og:image:width\" content=\"1001\" \/>\n\t\t<meta property=\"og:image:height\" content=\"656\" \/>\n\t\t<meta property=\"article:tag\" content=\"revista de ocio\" \/>\n\t\t<meta property=\"article:published_time\" content=\"2023-12-09T01:33:10+00:00\" \/>\n\t\t<meta property=\"article:modified_time\" content=\"2023-12-09T01:33:10+00:00\" \/>\n\t\t<meta property=\"article:publisher\" content=\"https:\/\/facebook.com\/eldigitaldeasturias\" \/>\n\t\t<meta name=\"twitter:card\" content=\"summary_large_image\" \/>\n\t\t<meta name=\"twitter:title\" content=\"Consejos para transportar una bici el\u00e9ctrica en el coche - El Digital de Asturias\" \/>\n\t\t<meta name=\"twitter:description\" content=\"(dpa) - Transportar una bicicleta el\u00e9ctrica en coche no es tan f\u00e1cil, porque los portaequipajes de techo no suelen estar dise\u00f1ados para dos bicicletas\" \/>\n\t\t<meta name=\"twitter:image\" content=\"https:\/\/www.eldigitaldeasturias.com\/noticias\/wp-content\/uploads\/2023\/12\/bici-electrica.jpg\" \/>\n\t\t<meta name=\"twitter:label1\" content=\"Escrito por\" \/>\n\t\t<meta name=\"twitter:data1\" content=\"El Digital de Asturias\" \/>\n\t\t<meta name=\"twitter:label2\" content=\"Tiempo de lectura estimado\" \/>\n\t\t<meta name=\"twitter:data2\" content=\"2 minutos\" \/>\n\t\t<script type=\"application\/ld+json\" class=\"aioseo-schema\">\n\t\t\t{\"@context\":\"https:\\\/\\\/schema.org\",\"@graph\":[{\"@type\":\"BlogPosting\",\"@id\":\"https:\\\/\\\/www.eldigitaldeasturias.com\\\/noticias\\\/consejos-para-transportar-una-bici-electrica-en-el-coche\\\/#blogposting\",\"name\":\"Consejos para transportar una bici el\\u00e9ctrica en el coche - El Digital de Asturias\",\"headline\":\"Consejos para transportar una bici el\\u00e9ctrica en el coche\",\"author\":{\"@id\":\"https:\\\/\\\/www.eldigitaldeasturias.com\\\/noticias\\\/author\\\/admin\\\/#author\"},\"publisher\":{\"@id\":\"https:\\\/\\\/www.eldigitaldeasturias.com\\\/noticias\\\/#organization\"},\"image\":{\"@type\":\"ImageObject\",\"url\":\"https:\\\/\\\/www.eldigitaldeasturias.com\\\/noticias\\\/wp-content\\\/uploads\\\/2023\\\/12\\\/bici-electrica.jpg\",\"width\":1001,\"height\":656,\"caption\":\"Foto: Christin Klose\\\/dpa\"},\"datePublished\":\"2023-12-09T02:33:10+01:00\",\"dateModified\":\"2023-12-09T02:33:10+01:00\",\"inLanguage\":\"es-ES\",\"mainEntityOfPage\":{\"@id\":\"https:\\\/\\\/www.eldigitaldeasturias.com\\\/noticias\\\/consejos-para-transportar-una-bici-electrica-en-el-coche\\\/#webpage\"},\"isPartOf\":{\"@id\":\"https:\\\/\\\/www.eldigitaldeasturias.com\\\/noticias\\\/consejos-para-transportar-una-bici-electrica-en-el-coche\\\/#webpage\"},\"articleSection\":\"Revista de Ocio\"},{\"@type\":\"BreadcrumbList\",\"@id\":\"https:\\\/\\\/www.eldigitaldeasturias.com\\\/noticias\\\/consejos-para-transportar-una-bici-electrica-en-el-coche\\\/#breadcrumblist\",\"itemListElement\":[{\"@type\":\"ListItem\",\"@id\":\"https:\\\/\\\/www.eldigitaldeasturias.com\\\/noticias#listItem\",\"position\":1,\"name\":\"Home\",\"item\":\"https:\\\/\\\/www.eldigitaldeasturias.com\\\/noticias\",\"nextItem\":{\"@type\":\"ListItem\",\"@id\":\"https:\\\/\\\/www.eldigitaldeasturias.com\\\/noticias\\\/category\\\/revista-de-ocio\\\/#listItem\",\"name\":\"Revista de Ocio\"}},{\"@type\":\"ListItem\",\"@id\":\"https:\\\/\\\/www.eldigitaldeasturias.com\\\/noticias\\\/category\\\/revista-de-ocio\\\/#listItem\",\"position\":2,\"name\":\"Revista de Ocio\",\"item\":\"https:\\\/\\\/www.eldigitaldeasturias.com\\\/noticias\\\/category\\\/revista-de-ocio\\\/\",\"nextItem\":{\"@type\":\"ListItem\",\"@id\":\"https:\\\/\\\/www.eldigitaldeasturias.com\\\/noticias\\\/consejos-para-transportar-una-bici-electrica-en-el-coche\\\/#listItem\",\"name\":\"Consejos para transportar una bici el\\u00e9ctrica en el coche\"},\"previousItem\":{\"@type\":\"ListItem\",\"@id\":\"https:\\\/\\\/www.eldigitaldeasturias.com\\\/noticias#listItem\",\"name\":\"Home\"}},{\"@type\":\"ListItem\",\"@id\":\"https:\\\/\\\/www.eldigitaldeasturias.com\\\/noticias\\\/consejos-para-transportar-una-bici-electrica-en-el-coche\\\/#listItem\",\"position\":3,\"name\":\"Consejos para transportar una bici el\\u00e9ctrica en el coche\",\"previousItem\":{\"@type\":\"ListItem\",\"@id\":\"https:\\\/\\\/www.eldigitaldeasturias.com\\\/noticias\\\/category\\\/revista-de-ocio\\\/#listItem\",\"name\":\"Revista de Ocio\"}}]},{\"@type\":\"Organization\",\"@id\":\"https:\\\/\\\/www.eldigitaldeasturias.com\\\/noticias\\\/#organization\",\"name\":\"El Digital de Asturias\",\"description\":\"Hemeroteca\",\"url\":\"https:\\\/\\\/www.eldigitaldeasturias.com\\\/noticias\\\/\",\"email\":\"info@eldigitaldeasturias.com\",\"telephone\":\"+34652131393\",\"logo\":{\"@type\":\"ImageObject\",\"url\":\"https:\\\/\\\/www.eldigitaldeasturias.com\\\/noticias\\\/wp-content\\\/uploads\\\/2020\\\/12\\\/EDA.jpg\",\"@id\":\"https:\\\/\\\/www.eldigitaldeasturias.com\\\/noticias\\\/consejos-para-transportar-una-bici-electrica-en-el-coche\\\/#organizationLogo\",\"width\":649,\"height\":297},\"image\":{\"@id\":\"https:\\\/\\\/www.eldigitaldeasturias.com\\\/noticias\\\/consejos-para-transportar-una-bici-electrica-en-el-coche\\\/#organizationLogo\"},\"sameAs\":[\"https:\\\/\\\/facebook.com\\\/eldigitaldeasturias\",\"https:\\\/\\\/www.youtube.com\\\/channel\\\/UCZP-2wLEB9Rv6erhFmqVnvg\"],\"address\":{\"@id\":\"https:\\\/\\\/www.eldigitaldeasturias.com\\\/noticias\\\/#postaladdress\",\"@type\":\"PostalAddress\",\"streetAddress\":\"san antonio 4,\",\"postalCode\":\"33430\",\"addressLocality\":\"Cand\\u00e1s\",\"addressRegion\":\"Asturias\",\"addressCountry\":\"ES\"}},{\"@type\":\"Person\",\"@id\":\"https:\\\/\\\/www.eldigitaldeasturias.com\\\/noticias\\\/author\\\/admin\\\/#author\",\"url\":\"https:\\\/\\\/www.eldigitaldeasturias.com\\\/noticias\\\/author\\\/admin\\\/\",\"name\":\"El Digital de Asturias\",\"image\":{\"@type\":\"ImageObject\",\"@id\":\"https:\\\/\\\/www.eldigitaldeasturias.com\\\/noticias\\\/consejos-para-transportar-una-bici-electrica-en-el-coche\\\/#authorImage\",\"url\":\"https:\\\/\\\/www.eldigitaldeasturias.com\\\/noticias\\\/wp-content\\\/litespeed\\\/avatar\\\/18677e78aa0546b92d9dbf31ec7d7668.jpg?ver=1777290358\",\"width\":96,\"height\":96,\"caption\":\"El Digital de Asturias\"}},{\"@type\":\"WebPage\",\"@id\":\"https:\\\/\\\/www.eldigitaldeasturias.com\\\/noticias\\\/consejos-para-transportar-una-bici-electrica-en-el-coche\\\/#webpage\",\"url\":\"https:\\\/\\\/www.eldigitaldeasturias.com\\\/noticias\\\/consejos-para-transportar-una-bici-electrica-en-el-coche\\\/\",\"name\":\"Consejos para transportar una bici el\\u00e9ctrica en el coche - El Digital de Asturias\",\"description\":\"(dpa) - Transportar una bicicleta el\\u00e9ctrica en coche no es tan f\\u00e1cil, porque los portaequipajes de techo no suelen estar dise\\u00f1ados para dos bicicletas\",\"inLanguage\":\"es-ES\",\"isPartOf\":{\"@id\":\"https:\\\/\\\/www.eldigitaldeasturias.com\\\/noticias\\\/#website\"},\"breadcrumb\":{\"@id\":\"https:\\\/\\\/www.eldigitaldeasturias.com\\\/noticias\\\/consejos-para-transportar-una-bici-electrica-en-el-coche\\\/#breadcrumblist\"},\"author\":{\"@id\":\"https:\\\/\\\/www.eldigitaldeasturias.com\\\/noticias\\\/author\\\/admin\\\/#author\"},\"creator\":{\"@id\":\"https:\\\/\\\/www.eldigitaldeasturias.com\\\/noticias\\\/author\\\/admin\\\/#author\"},\"image\":{\"@type\":\"ImageObject\",\"url\":\"https:\\\/\\\/www.eldigitaldeasturias.com\\\/noticias\\\/wp-content\\\/uploads\\\/2023\\\/12\\\/bici-electrica.jpg\",\"@id\":\"https:\\\/\\\/www.eldigitaldeasturias.com\\\/noticias\\\/consejos-para-transportar-una-bici-electrica-en-el-coche\\\/#mainImage\",\"width\":1001,\"height\":656,\"caption\":\"Foto: Christin Klose\\\/dpa\"},\"primaryImageOfPage\":{\"@id\":\"https:\\\/\\\/www.eldigitaldeasturias.com\\\/noticias\\\/consejos-para-transportar-una-bici-electrica-en-el-coche\\\/#mainImage\"},\"datePublished\":\"2023-12-09T02:33:10+01:00\",\"dateModified\":\"2023-12-09T02:33:10+01:00\"},{\"@type\":\"WebSite\",\"@id\":\"https:\\\/\\\/www.eldigitaldeasturias.com\\\/noticias\\\/#website\",\"url\":\"https:\\\/\\\/www.eldigitaldeasturias.com\\\/noticias\\\/\",\"name\":\"El Digital de Asturias - Diario de actualidad y noticias\",\"alternateName\":\"El Digital de Asturias - Diario de actualidad y noticias\",\"description\":\"Hemeroteca\",\"inLanguage\":\"es-ES\",\"publisher\":{\"@id\":\"https:\\\/\\\/www.eldigitaldeasturias.com\\\/noticias\\\/#organization\"}}]}\n\t\t<\/script>\n\t\t<!-- All in One SEO Pro -->\r\n\t\t<title>Consejos para transportar una bici el\u00e9ctrica en el coche - El Digital de Asturias<\/title>\n\n","aioseo_head_json":{"title":"Consejos para transportar una bici el\u00e9ctrica en el coche - El Digital de Asturias","description":"(dpa) - Transportar una bicicleta el\u00e9ctrica en coche no es tan f\u00e1cil, porque los portaequipajes de techo no suelen estar dise\u00f1ados para dos bicicletas","canonical_url":"https:\/\/www.eldigitaldeasturias.com\/noticias\/consejos-para-transportar-una-bici-electrica-en-el-coche\/","robots":"max-image-preview:large","keywords":"revista de ocio","webmasterTools":{"google-site-verification":"UA-38556648-1","msvalidate.01":"7dfe9f3f1b24437ab69f4f2559babe99","miscellaneous":""},"schema":{"@context":"https:\/\/schema.org","@graph":[{"@type":"BlogPosting","@id":"https:\/\/www.eldigitaldeasturias.com\/noticias\/consejos-para-transportar-una-bici-electrica-en-el-coche\/#blogposting","name":"Consejos para transportar una bici el\u00e9ctrica en el coche - El Digital de Asturias","headline":"Consejos para transportar una bici el\u00e9ctrica en el coche","author":{"@id":"https:\/\/www.eldigitaldeasturias.com\/noticias\/author\/admin\/#author"},"publisher":{"@id":"https:\/\/www.eldigitaldeasturias.com\/noticias\/#organization"},"image":{"@type":"ImageObject","url":"https:\/\/www.eldigitaldeasturias.com\/noticias\/wp-content\/uploads\/2023\/12\/bici-electrica.jpg","width":1001,"height":656,"caption":"Foto: Christin Klose\/dpa"},"datePublished":"2023-12-09T02:33:10+01:00","dateModified":"2023-12-09T02:33:10+01:00","inLanguage":"es-ES","mainEntityOfPage":{"@id":"https:\/\/www.eldigitaldeasturias.com\/noticias\/consejos-para-transportar-una-bici-electrica-en-el-coche\/#webpage"},"isPartOf":{"@id":"https:\/\/www.eldigitaldeasturias.com\/noticias\/consejos-para-transportar-una-bici-electrica-en-el-coche\/#webpage"},"articleSection":"Revista de Ocio"},{"@type":"BreadcrumbList","@id":"https:\/\/www.eldigitaldeasturias.com\/noticias\/consejos-para-transportar-una-bici-electrica-en-el-coche\/#breadcrumblist","itemListElement":[{"@type":"ListItem","@id":"https:\/\/www.eldigitaldeasturias.com\/noticias#listItem","position":1,"name":"Home","item":"https:\/\/www.eldigitaldeasturias.com\/noticias","nextItem":{"@type":"ListItem","@id":"https:\/\/www.eldigitaldeasturias.com\/noticias\/category\/revista-de-ocio\/#listItem","name":"Revista de Ocio"}},{"@type":"ListItem","@id":"https:\/\/www.eldigitaldeasturias.com\/noticias\/category\/revista-de-ocio\/#listItem","position":2,"name":"Revista de Ocio","item":"https:\/\/www.eldigitaldeasturias.com\/noticias\/category\/revista-de-ocio\/","nextItem":{"@type":"ListItem","@id":"https:\/\/www.eldigitaldeasturias.com\/noticias\/consejos-para-transportar-una-bici-electrica-en-el-coche\/#listItem","name":"Consejos para transportar una bici el\u00e9ctrica en el coche"},"previousItem":{"@type":"ListItem","@id":"https:\/\/www.eldigitaldeasturias.com\/noticias#listItem","name":"Home"}},{"@type":"ListItem","@id":"https:\/\/www.eldigitaldeasturias.com\/noticias\/consejos-para-transportar-una-bici-electrica-en-el-coche\/#listItem","position":3,"name":"Consejos para transportar una bici el\u00e9ctrica en el coche","previousItem":{"@type":"ListItem","@id":"https:\/\/www.eldigitaldeasturias.com\/noticias\/category\/revista-de-ocio\/#listItem","name":"Revista de Ocio"}}]},{"@type":"Organization","@id":"https:\/\/www.eldigitaldeasturias.com\/noticias\/#organization","name":"El Digital de Asturias","description":"Hemeroteca","url":"https:\/\/www.eldigitaldeasturias.com\/noticias\/","email":"info@eldigitaldeasturias.com","telephone":"+34652131393","logo":{"@type":"ImageObject","url":"https:\/\/www.eldigitaldeasturias.com\/noticias\/wp-content\/uploads\/2020\/12\/EDA.jpg","@id":"https:\/\/www.eldigitaldeasturias.com\/noticias\/consejos-para-transportar-una-bici-electrica-en-el-coche\/#organizationLogo","width":649,"height":297},"image":{"@id":"https:\/\/www.eldigitaldeasturias.com\/noticias\/consejos-para-transportar-una-bici-electrica-en-el-coche\/#organizationLogo"},"sameAs":["https:\/\/facebook.com\/eldigitaldeasturias","https:\/\/www.youtube.com\/channel\/UCZP-2wLEB9Rv6erhFmqVnvg"],"address":{"@id":"https:\/\/www.eldigitaldeasturias.com\/noticias\/#postaladdress","@type":"PostalAddress","streetAddress":"san antonio 4,","postalCode":"33430","addressLocality":"Cand\u00e1s","addressRegion":"Asturias","addressCountry":"ES"}},{"@type":"Person","@id":"https:\/\/www.eldigitaldeasturias.com\/noticias\/author\/admin\/#author","url":"https:\/\/www.eldigitaldeasturias.com\/noticias\/author\/admin\/","name":"El Digital de Asturias","image":{"@type":"ImageObject","@id":"https:\/\/www.eldigitaldeasturias.com\/noticias\/consejos-para-transportar-una-bici-electrica-en-el-coche\/#authorImage","url":"https:\/\/www.eldigitaldeasturias.com\/noticias\/wp-content\/litespeed\/avatar\/18677e78aa0546b92d9dbf31ec7d7668.jpg?ver=1777290358","width":96,"height":96,"caption":"El Digital de Asturias"}},{"@type":"WebPage","@id":"https:\/\/www.eldigitaldeasturias.com\/noticias\/consejos-para-transportar-una-bici-electrica-en-el-coche\/#webpage","url":"https:\/\/www.eldigitaldeasturias.com\/noticias\/consejos-para-transportar-una-bici-electrica-en-el-coche\/","name":"Consejos para transportar una bici el\u00e9ctrica en el coche - El Digital de Asturias","description":"(dpa) - Transportar una bicicleta el\u00e9ctrica en coche no es tan f\u00e1cil, porque los portaequipajes de techo no suelen estar dise\u00f1ados para dos bicicletas","inLanguage":"es-ES","isPartOf":{"@id":"https:\/\/www.eldigitaldeasturias.com\/noticias\/#website"},"breadcrumb":{"@id":"https:\/\/www.eldigitaldeasturias.com\/noticias\/consejos-para-transportar-una-bici-electrica-en-el-coche\/#breadcrumblist"},"author":{"@id":"https:\/\/www.eldigitaldeasturias.com\/noticias\/author\/admin\/#author"},"creator":{"@id":"https:\/\/www.eldigitaldeasturias.com\/noticias\/author\/admin\/#author"},"image":{"@type":"ImageObject","url":"https:\/\/www.eldigitaldeasturias.com\/noticias\/wp-content\/uploads\/2023\/12\/bici-electrica.jpg","@id":"https:\/\/www.eldigitaldeasturias.com\/noticias\/consejos-para-transportar-una-bici-electrica-en-el-coche\/#mainImage","width":1001,"height":656,"caption":"Foto: Christin Klose\/dpa"},"primaryImageOfPage":{"@id":"https:\/\/www.eldigitaldeasturias.com\/noticias\/consejos-para-transportar-una-bici-electrica-en-el-coche\/#mainImage"},"datePublished":"2023-12-09T02:33:10+01:00","dateModified":"2023-12-09T02:33:10+01:00"},{"@type":"WebSite","@id":"https:\/\/www.eldigitaldeasturias.com\/noticias\/#website","url":"https:\/\/www.eldigitaldeasturias.com\/noticias\/","name":"El Digital de Asturias - Diario de actualidad y noticias","alternateName":"El Digital de Asturias - Diario de actualidad y noticias","description":"Hemeroteca","inLanguage":"es-ES","publisher":{"@id":"https:\/\/www.eldigitaldeasturias.com\/noticias\/#organization"}}]},"og:locale":"es_ES","og:site_name":"El Digital de Asturias","og:type":"article","og:title":"Consejos para transportar una bici el\u00e9ctrica en el coche - El Digital de Asturias","og:description":"(dpa) - Transportar una bicicleta el\u00e9ctrica en coche no es tan f\u00e1cil, porque los portaequipajes de techo no suelen estar dise\u00f1ados para dos bicicletas","og:url":"https:\/\/www.eldigitaldeasturias.com\/noticias\/consejos-para-transportar-una-bici-electrica-en-el-coche\/","og:image":"https:\/\/www.eldigitaldeasturias.com\/noticias\/wp-content\/uploads\/2023\/12\/bici-electrica.jpg","og:image:secure_url":"https:\/\/www.eldigitaldeasturias.com\/noticias\/wp-content\/uploads\/2023\/12\/bici-electrica.jpg","og:image:width":1001,"og:image:height":656,"article:tag":["revista de ocio"],"article:published_time":"2023-12-09T01:33:10+00:00","article:modified_time":"2023-12-09T01:33:10+00:00","article:publisher":"https:\/\/facebook.com\/eldigitaldeasturias","twitter:card":"summary_large_image","twitter:title":"Consejos para transportar una bici el\u00e9ctrica en el coche - El Digital de Asturias","twitter:description":"(dpa) - Transportar una bicicleta el\u00e9ctrica en coche no es tan f\u00e1cil, porque los portaequipajes de techo no suelen estar dise\u00f1ados para dos bicicletas","twitter:image":"https:\/\/www.eldigitaldeasturias.com\/noticias\/wp-content\/uploads\/2023\/12\/bici-electrica.jpg","twitter:label1":"Escrito por","twitter:data1":"El Digital de Asturias","twitter:label2":"Tiempo de lectura estimado","twitter:data2":"2 minutos"},"aioseo_meta_data":{"post_id":"1127449","title":null,"description":"(dpa) - Transportar una bicicleta el\u00e9ctrica en coche no es tan f\u00e1cil, porque los portaequipajes de techo no suelen estar dise\u00f1ados para dos bicicletas","keywords":[],"keyphrases":{"focus":{"keyphrase":"Transportar","score":83,"analysis":{"keyphraseInTitle":{"score":9,"maxScore":9,"error":0},"keyphraseInDescription":{"score":9,"maxScore":9,"error":0},"keyphraseLength":{"score":9,"maxScore":9,"error":0,"length":1},"keyphraseInURL":{"score":1,"maxScore":5,"error":1},"keyphraseInIntroduction":{"score":9,"maxScore":9,"error":0},"keyphraseInSubHeadings":[],"keyphraseInImageAlt":{"score":3,"maxScore":9,"error":1},"keywordDensity":{"type":"best","score":9,"maxScore":9,"error":0}}},"additional":[{"keyphrase":"bicicletas","score":67,"analysis":{"keyphraseInDescription":{"score":9,"maxScore":9,"error":0},"keyphraseLength":{"score":9,"maxScore":9,"error":0,"length":1},"keyphraseInIntroduction":{"score":9,"maxScore":9,"error":0},"keyphraseInImageAlt":{"score":3,"maxScore":9,"error":1},"keywordDensity":{"type":"high","score":0,"maxScore":9,"error":1}}},{"keyphrase":"bici","score":53,"analysis":{"keyphraseInDescription":{"score":3,"maxScore":9,"error":1},"keyphraseLength":{"score":9,"maxScore":9,"error":0,"length":1},"keyphraseInIntroduction":{"score":3,"maxScore":9,"error":1},"keyphraseInImageAlt":{"score":9,"maxScore":9,"error":0},"keywordDensity":{"type":"high","score":0,"maxScore":9,"error":1}}},{"keyphrase":"coche","score":87,"analysis":{"keyphraseInDescription":{"score":9,"maxScore":9,"error":0},"keyphraseLength":{"score":9,"maxScore":9,"error":0,"length":1},"keyphraseInIntroduction":{"score":9,"maxScore":9,"error":0},"keyphraseInImageAlt":{"score":3,"maxScore":9,"error":1},"keywordDensity":{"type":"best","score":9,"maxScore":9,"error":0}}}]},"primary_term":null,"canonical_url":null,"og_title":null,"og_description":null,"og_object_type":"default","og_image_type":"default","og_image_url":null,"og_image_width":null,"og_image_height":null,"og_image_custom_url":null,"og_image_custom_fields":null,"og_video":"","og_custom_url":null,"og_article_section":null,"og_article_tags":[],"twitter_use_og":false,"twitter_card":"default","twitter_image_type":"default","twitter_image_url":null,"twitter_image_custom_url":null,"twitter_image_custom_fields":null,"twitter_title":null,"twitter_description":null,"schema":{"blockGraphs":[],"customGraphs":[],"default":{"data":{"Article":[],"Course":[],"Dataset":[],"FAQPage":[],"Movie":[],"Person":[],"Product":[],"ProductReview":[],"Car":[],"Recipe":[],"Service":[],"SoftwareApplication":[],"WebPage":[]},"graphName":"BlogPosting","isEnabled":true},"graphs":[]},"schema_type":"default","schema_type_options":null,"pillar_content":false,"robots_default":true,"robots_noindex":false,"robots_noarchive":false,"robots_nosnippet":false,"robots_nofollow":false,"robots_noimageindex":false,"robots_noodp":false,"robots_notranslate":false,"robots_max_snippet":"-1","robots_max_videopreview":"-1","robots_max_imagepreview":"large","priority":null,"frequency":"default","local_seo":null,"seo_analyzer_scan_date":"2025-10-05 23:00:54","breadcrumb_settings":null,"limit_modified_date":false,"open_ai":"{\"title\":{\"suggestions\":[],\"usage\":0},\"description\":{\"suggestions\":[],\"usage\":0}}","ai":null,"created":"2023-12-09 01:23:35","updated":"2025-10-09 05:03:26"},"aioseo_breadcrumb":"<div class=\"aioseo-breadcrumbs\"><span class=\"aioseo-breadcrumb\">\n\t<a href=\"https:\/\/www.eldigitaldeasturias.com\/noticias\" title=\"Home\">Home<\/a>\n<\/span><span class=\"aioseo-breadcrumb-separator\">\u2013<\/span><span class=\"aioseo-breadcrumb\">\n\t<a href=\"https:\/\/www.eldigitaldeasturias.com\/noticias\/category\/revista-de-ocio\/\" title=\"Revista de Ocio\">Revista de Ocio<\/a>\n<\/span><span class=\"aioseo-breadcrumb-separator\">\u2013<\/span><span class=\"aioseo-breadcrumb\">\n\t<a href=\"https:\/\/www.eldigitaldeasturias.com\/noticias\/consejos-para-transportar-una-bici-electrica-en-el-coche\/\" title=\"Consejos para transportar una bici el\u00e9ctrica en el coche\">Consejos para transportar una bici el\u00e9ctrica en el coche<\/a>\n<\/span><\/div>","aioseo_breadcrumb_json":[{"label":"Home","link":"https:\/\/www.eldigitaldeasturias.com\/noticias"},{"label":"Revista de Ocio","link":"https:\/\/www.eldigitaldeasturias.com\/noticias\/category\/revista-de-ocio\/"},{"label":"Consejos para transportar una bici el\u00e9ctrica en el coche","link":"https:\/\/www.eldigitaldeasturias.com\/noticias\/consejos-para-transportar-una-bici-electrica-en-el-coche\/"}],"_links":{"self":[{"href":"https:\/\/www.eldigitaldeasturias.com\/noticias\/wp-json\/wp\/v2\/posts\/1127449","targetHints":{"allow":["GET"]}}],"collection":[{"href":"https:\/\/www.eldigitaldeasturias.com\/noticias\/wp-json\/wp\/v2\/posts"}],"about":[{"href":"https:\/\/www.eldigitaldeasturias.com\/noticias\/wp-json\/wp\/v2\/types\/post"}],"author":[{"embeddable":true,"href":"https:\/\/www.eldigitaldeasturias.com\/noticias\/wp-json\/wp\/v2\/users\/1"}],"replies":[{"embeddable":true,"href":"https:\/\/www.eldigitaldeasturias.com\/noticias\/wp-json\/wp\/v2\/comments?post=1127449"}],"version-history":[{"count":0,"href":"https:\/\/www.eldigitaldeasturias.com\/noticias\/wp-json\/wp\/v2\/posts\/1127449\/revisions"}],"wp:featuredmedia":[{"embeddable":true,"href":"https:\/\/www.eldigitaldeasturias.com\/noticias\/wp-json\/wp\/v2\/media\/1127450"}],"wp:attachment":[{"href":"https:\/\/www.eldigitaldeasturias.com\/noticias\/wp-json\/wp\/v2\/media?parent=1127449"}],"wp:term":[{"taxonomy":"category","embeddable":true,"href":"https:\/\/www.eldigitaldeasturias.com\/noticias\/wp-json\/wp\/v2\/categories?post=1127449"},{"taxonomy":"post_tag","embeddable":true,"href":"https:\/\/www.eldigitaldeasturias.com\/noticias\/wp-json\/wp\/v2\/tags?post=1127449"}],"curies":[{"name":"wp","href":"https:\/\/api.w.org\/{rel}","templated":true}]}}