{"id":1127433,"date":"2023-12-08T04:57:08","date_gmt":"2023-12-08T03:57:08","guid":{"rendered":"https:\/\/www.eldigitaldeasturias.com\/noticias\/?p=1127433"},"modified":"2023-12-08T04:57:08","modified_gmt":"2023-12-08T03:57:08","slug":"la-agonia-del-amazonas","status":"publish","type":"post","link":"https:\/\/www.eldigitaldeasturias.com\/noticias\/la-agonia-del-amazonas\/","title":{"rendered":"La agon\u00eda del Amazonas"},"content":{"rendered":"<p>(<a title=\"dpa\" href=\"https:\/\/www.dpa-news.de\/\" target=\"_blank\" rel=\"noopener\"><strong><span style=\"color: #ff6600;\">dpa<\/span><\/strong><\/a>) &#8211; La cuenca del <a href=\"https:\/\/es.wikipedia.org\/wiki\/R%C3%ADo_Amazonas\" target=\"_blank\" rel=\"noopener\"><span style=\"color: #ff6600;\"><strong>Amazonas<\/strong><\/span><\/a> carece de lo que normalmente tiene en abundancia, agua, y es que la regi\u00f3n m\u00e1s rica en agua del mundo sufre actualmente la peor sequ\u00eda desde que se tienen registros hace m\u00e1s de 120 a\u00f1os.<\/p>\n<figure id=\"attachment_1127434\" aria-describedby=\"caption-attachment-1127434\" style=\"width: 650px\" class=\"wp-caption aligncenter\"><img loading=\"lazy\" decoding=\"async\" class=\"wp-image-1127434 size-large\" src=\"https:\/\/www.eldigitaldeasturias.com\/noticias\/wp-content\/uploads\/2023\/12\/Amazonas-650x441.jpg\" alt=\"Amazonas\" width=\"650\" height=\"441\" srcset=\"https:\/\/www.eldigitaldeasturias.com\/noticias\/wp-content\/uploads\/2023\/12\/Amazonas-650x441.jpg 650w, https:\/\/www.eldigitaldeasturias.com\/noticias\/wp-content\/uploads\/2023\/12\/Amazonas-360x244.jpg 360w, https:\/\/www.eldigitaldeasturias.com\/noticias\/wp-content\/uploads\/2023\/12\/Amazonas-442x300.jpg 442w, https:\/\/www.eldigitaldeasturias.com\/noticias\/wp-content\/uploads\/2023\/12\/Amazonas-768x522.jpg 768w, https:\/\/www.eldigitaldeasturias.com\/noticias\/wp-content\/uploads\/2023\/12\/Amazonas-150x102.jpg 150w, https:\/\/www.eldigitaldeasturias.com\/noticias\/wp-content\/uploads\/2023\/12\/Amazonas-450x306.jpg 450w, https:\/\/www.eldigitaldeasturias.com\/noticias\/wp-content\/uploads\/2023\/12\/Amazonas.jpg 994w\" sizes=\"auto, (max-width: 650px) 100vw, 650px\" \/><figcaption id=\"caption-attachment-1127434\" class=\"wp-caption-text\">Zonas secas debido a la actual sequ\u00eda en la regi\u00f3n amaz\u00f3nica. Foto: Aguilar Abecassis\/dpa<\/figcaption><\/figure>\n<p>Las consecuencias para la poblaci\u00f3n, la econom\u00eda regional y la flora y fauna de Sudam\u00e9rica son graves. Los expertos est\u00e1n alarmados. <strong>No hay indicios de que la situaci\u00f3n vaya a remitir.<\/strong><\/p>\n<p>Los niveles de agua de algunos de los r\u00edos m\u00e1s importantes de la cuenca han descendido recientemente hasta un punto sin precedentes. Las consecuencias son problemas de abastecimiento y la muerte de animales. <strong>\u00abCientos de miles de personas en los estados (federados de Brasil) est\u00e1n sufriendo esta sequ\u00eda\u00bb, afirma R\u00f4mulo Batista, de la organizaci\u00f3n ecologista Greenpeace.<\/strong><\/p>\n<p>La Amazonia brasile\u00f1a se extiende por nueve estados de Brasil y ocupa una superficie del tama\u00f1o de Europa Occidental. Alberga una impresionante variedad de plantas y animales. Se calcula que una quinta parte del agua dulce del planeta fluye por la mayor y m\u00e1s compleja red fluvial del mundo.<\/p>\n<p>El estado de Amazonas se ve especialmente afectado por la actual sequ\u00eda. A finales de octubre, el r\u00edo Negro, el segundo mayor afluente del Amazonas, alcanz\u00f3 cerca de la capital provincial, Manaos, su nivel m\u00e1s bajo desde que se iniciaron las mediciones oficiales.<\/p>\n<p>Seg\u00fan el Servicio Geol\u00f3gico de Brasil (SGB), el nivel del r\u00edo alcanz\u00f3 recientemente un m\u00ednimo de 12,70 metros. <strong>El m\u00ednimo medio del mes en Manaos es de 18 metros, seg\u00fan declar\u00f3 a dpa el geocient\u00edfico Andr\u00e9 Luis Martinelli Real dos Santos, del SGB.<\/strong><\/p>\n<h2>Graves consecuencias para las personas y los animales<\/h2>\n<p>La poblaci\u00f3n de las riberas fluviales est\u00e1 sufriendo especialmente. Gran parte normalmente solo puede desplazarse por los r\u00edos en barca.<strong> Debido al bajo nivel de las aguas, numerosas embarcaciones han encallado, lo que dificulta cada vez m\u00e1s el abastecimiento de agua, alimentos o medicinas a las comunidades.<\/strong><\/p>\n<p>El Gobierno del estado de Amazonas declar\u00f3 el estado de emergencia en sus 62 distritos. Casi 600.000 personas est\u00e1n afectadas. <strong>\u00abMi marido fue a pescar y volvi\u00f3 sin nada porque no hab\u00eda peces\u00bb, cuenta la agricultora Ana Carla Pereira en un art\u00edculo difundido por Greenpeace.<\/strong><\/p>\n<p>Seg\u00fan el portal de noticias \u00abG1\u00bb, en los \u00faltimos d\u00edas se han encontrado unos 70 delfines de agua dulce muertos en la comunidad de Coari. Se encuentra a unos 360 kil\u00f3metros de Manaos. A finales de septiembre ya se hab\u00edan descubierto m\u00e1s de 100 delfines de agua dulce muertos en la misma regi\u00f3n, en el Lago Tef\u00e9.<\/p>\n<blockquote><p>Aunque a\u00fan se est\u00e1 investigando la causa exacta de la muerte, cabe suponer que est\u00e1 relacionada con el calor y la sequ\u00eda que sufre actualmente la regi\u00f3n, seg\u00fan el Instituto de Investigaci\u00f3n Mamirau\u00e1.<\/p><\/blockquote>\n<p>Seg\u00fan Dos Santos, los periodos de sequ\u00eda son un fen\u00f3meno natural. Pero lo que distingue a esta sequ\u00eda de otras es la velocidad a la que se est\u00e1n secando ahora los r\u00edos, afirma por su parte Batista. \u00abMuchos lugares no han tenido tiempo de prepararse\u00bb.<\/p>\n<h2>Los fen\u00f3menos meteorol\u00f3gicos extremos se intensificar\u00e1n<\/h2>\n<p>La situaci\u00f3n se ve agravada actualmente por El Ni\u00f1o. El <a href=\"https:\/\/www.eldigitaldeasturias.com\/noticias\/category\/el-tiempo\/\"><span style=\"color: #ff6600;\"><strong>fen\u00f3meno meteorol\u00f3gico<\/strong><\/span><\/a>, que se produce cada pocos a\u00f1os, est\u00e1 provocando m\u00e1s sequ\u00eda y calor en el norte de Brasil, entre otros lugares, y continuar\u00e1 al menos hasta abril del a\u00f1o que viene, seg\u00fan la Organizaci\u00f3n Meteorol\u00f3gica Mundial (OMM).<\/p>\n<p>\u00abLos fen\u00f3menos extremos como olas de calor, sequ\u00edas, incendios forestales, lluvias torrenciales, inundaciones y crecidas se intensificar\u00e1n en algunas regiones y tendr\u00e1n un impacto significativo\u00bb, advierte el secretario general de la OMM, Petteri Taalas.<\/p>\n<p><strong>La mayor selva tropical del mundo -h\u00e1bitat del diez por ciento de las especies del planeta- lleva d\u00e9cadas amenazada<\/strong>: por las sequ\u00edas, la contaminaci\u00f3n de los r\u00edos, los incendios y la deforestaci\u00f3n. La deforestaci\u00f3n ha disminuido desde que el presidente Luiz In\u00e1cio Lula da Silva asumi\u00f3 el cargo a principios de a\u00f1o. Pero Brasil a\u00fan est\u00e1 lejos de su objetivo declarado de \u00abdeforestaci\u00f3n cero\u00bb.<\/p>\n<p>La metr\u00f3poli amaz\u00f3nica de Manaos se vio envuelta en un espeso humo durante varios d\u00edas en octubre, como consecuencia de las pr\u00e1cticas ilegales de tala y quema y de la sequ\u00eda. \u00abEn la regi\u00f3n amaz\u00f3nica, los incendios suelen estar asociados a la deforestaci\u00f3n. Los bosques h\u00famedos y bien conservados no arden as\u00ed como as\u00ed\u00bb, explica Mariana Napolitano, de la organizaci\u00f3n ecologista WWF.<\/p>\n<p>Seg\u00fan el Instituto Nacional de Investigaciones Espaciales (Inpe), solo en octubre se produjeron m\u00e1s de 22.000 incendios, la cifra m\u00e1s alta para este mes en los \u00faltimos 15 a\u00f1os.<\/p>\n<p>La interacci\u00f3n del cambio clim\u00e1tico, <strong>El Ni\u00f1o y la creciente deforestaci\u00f3n est\u00e1 provocando una espiral negativa de sequ\u00edas e incendios cada vez peores, afirma Edegar de Oliveira, de WWF.<\/strong><\/p>\n<p>Batista, experto de Greenpeace, a\u00f1ade: \u00abSabemos que los que m\u00e1s est\u00e1n sufriendo la crisis clim\u00e1tica son precisamente los que menos han provocado el calentamiento global\u00bb.<\/p>\n<p><i class=\"lang-es\"><span class=\" readonly\" title=\"\">Por Philipp Znidar (dpa)<\/span><\/i><\/p>\n","protected":false},"excerpt":{"rendered":"<p>(dpa) &#8211; La cuenca del Amazonas carece de lo que normalmente tiene en abundancia, agua, y es que la regi\u00f3n m\u00e1s rica en agua del mundo sufre actualmente la peor sequ\u00eda desde que se tienen registros hace m\u00e1s de 120 a\u00f1os. Las consecuencias para la poblaci\u00f3n, la econom\u00eda regional y la flora y fauna de [&hellip;]<\/p>\n","protected":false},"author":1,"featured_media":1127434,"comment_status":"closed","ping_status":"closed","sticky":false,"template":"","format":"standard","meta":{"footnotes":""},"categories":[1],"tags":[],"class_list":["post-1127433","post","type-post","status-publish","format-standard","has-post-thumbnail","hentry","category-actualidad"],"aioseo_notices":[],"aioseo_head":"\n\t\t<!-- All in One SEO Pro 4.9.6.2 - aioseo.com -->\n\t<meta name=\"description\" content=\"(dpa) - La cuenca del Amazonas carece de lo que normalmente tiene en abundancia, agua, y es que la regi\u00f3n m\u00e1s rica en agua del mundo sufre actualmente\" \/>\n\t<meta name=\"robots\" content=\"max-image-preview:large\" \/>\n\t<meta name=\"author\" content=\"El Digital de Asturias\"\/>\n\t<meta name=\"google-site-verification\" content=\"UA-38556648-1\" \/>\n\t<meta name=\"msvalidate.01\" content=\"7dfe9f3f1b24437ab69f4f2559babe99\" \/>\n\t<meta name=\"keywords\" content=\"actualidad\" \/>\n\t<link rel=\"canonical\" href=\"https:\/\/www.eldigitaldeasturias.com\/noticias\/la-agonia-del-amazonas\/\" \/>\n\t<meta name=\"generator\" content=\"All in One SEO Pro (AIOSEO) 4.9.6.2\" \/>\n\t\t<meta property=\"og:locale\" content=\"es_ES\" \/>\n\t\t<meta property=\"og:site_name\" content=\"El Digital de Asturias\" \/>\n\t\t<meta property=\"og:type\" content=\"article\" \/>\n\t\t<meta property=\"og:title\" content=\"La agon\u00eda del Amazonas - El Digital de Asturias\" \/>\n\t\t<meta property=\"og:description\" content=\"(dpa) - La cuenca del Amazonas carece de lo que normalmente tiene en abundancia, agua, y es que la regi\u00f3n m\u00e1s rica en agua del mundo sufre actualmente\" \/>\n\t\t<meta property=\"og:url\" content=\"https:\/\/www.eldigitaldeasturias.com\/noticias\/la-agonia-del-amazonas\/\" \/>\n\t\t<meta property=\"og:image\" content=\"https:\/\/www.eldigitaldeasturias.com\/noticias\/wp-content\/uploads\/2023\/12\/Amazonas.jpg\" \/>\n\t\t<meta property=\"og:image:secure_url\" content=\"https:\/\/www.eldigitaldeasturias.com\/noticias\/wp-content\/uploads\/2023\/12\/Amazonas.jpg\" \/>\n\t\t<meta property=\"og:image:width\" content=\"994\" \/>\n\t\t<meta property=\"og:image:height\" content=\"675\" \/>\n\t\t<meta property=\"article:tag\" content=\"actualidad\" \/>\n\t\t<meta property=\"article:published_time\" content=\"2023-12-08T03:57:08+00:00\" \/>\n\t\t<meta property=\"article:modified_time\" content=\"2023-12-08T03:57:08+00:00\" \/>\n\t\t<meta property=\"article:publisher\" content=\"https:\/\/facebook.com\/eldigitaldeasturias\" \/>\n\t\t<meta name=\"twitter:card\" content=\"summary_large_image\" \/>\n\t\t<meta name=\"twitter:title\" content=\"La agon\u00eda del Amazonas - El Digital de Asturias\" \/>\n\t\t<meta name=\"twitter:description\" content=\"(dpa) - La cuenca del Amazonas carece de lo que normalmente tiene en abundancia, agua, y es que la regi\u00f3n m\u00e1s rica en agua del mundo sufre actualmente\" \/>\n\t\t<meta name=\"twitter:image\" content=\"https:\/\/www.eldigitaldeasturias.com\/noticias\/wp-content\/uploads\/2023\/12\/Amazonas.jpg\" \/>\n\t\t<meta name=\"twitter:label1\" content=\"Escrito por\" \/>\n\t\t<meta name=\"twitter:data1\" content=\"El Digital de Asturias\" \/>\n\t\t<meta name=\"twitter:label2\" content=\"Tiempo de lectura estimado\" \/>\n\t\t<meta name=\"twitter:data2\" content=\"5 minutos\" \/>\n\t\t<script type=\"application\/ld+json\" class=\"aioseo-schema\">\n\t\t\t{\"@context\":\"https:\\\/\\\/schema.org\",\"@graph\":[{\"@type\":\"BlogPosting\",\"@id\":\"https:\\\/\\\/www.eldigitaldeasturias.com\\\/noticias\\\/la-agonia-del-amazonas\\\/#blogposting\",\"name\":\"La agon\\u00eda del Amazonas - El Digital de Asturias\",\"headline\":\"La agon\\u00eda del Amazonas\",\"author\":{\"@id\":\"https:\\\/\\\/www.eldigitaldeasturias.com\\\/noticias\\\/author\\\/admin\\\/#author\"},\"publisher\":{\"@id\":\"https:\\\/\\\/www.eldigitaldeasturias.com\\\/noticias\\\/#organization\"},\"image\":{\"@type\":\"ImageObject\",\"url\":\"https:\\\/\\\/www.eldigitaldeasturias.com\\\/noticias\\\/wp-content\\\/uploads\\\/2023\\\/12\\\/Amazonas.jpg\",\"width\":994,\"height\":675,\"caption\":\"Zonas secas debido a la actual sequ\\u00eda en la regi\\u00f3n amaz\\u00f3nica. Foto: Aguilar Abecassis\\\/dpa\"},\"datePublished\":\"2023-12-08T04:57:08+01:00\",\"dateModified\":\"2023-12-08T04:57:08+01:00\",\"inLanguage\":\"es-ES\",\"mainEntityOfPage\":{\"@id\":\"https:\\\/\\\/www.eldigitaldeasturias.com\\\/noticias\\\/la-agonia-del-amazonas\\\/#webpage\"},\"isPartOf\":{\"@id\":\"https:\\\/\\\/www.eldigitaldeasturias.com\\\/noticias\\\/la-agonia-del-amazonas\\\/#webpage\"},\"articleSection\":\"Actualidad\"},{\"@type\":\"BreadcrumbList\",\"@id\":\"https:\\\/\\\/www.eldigitaldeasturias.com\\\/noticias\\\/la-agonia-del-amazonas\\\/#breadcrumblist\",\"itemListElement\":[{\"@type\":\"ListItem\",\"@id\":\"https:\\\/\\\/www.eldigitaldeasturias.com\\\/noticias#listItem\",\"position\":1,\"name\":\"Home\",\"item\":\"https:\\\/\\\/www.eldigitaldeasturias.com\\\/noticias\",\"nextItem\":{\"@type\":\"ListItem\",\"@id\":\"https:\\\/\\\/www.eldigitaldeasturias.com\\\/noticias\\\/category\\\/actualidad\\\/#listItem\",\"name\":\"Actualidad\"}},{\"@type\":\"ListItem\",\"@id\":\"https:\\\/\\\/www.eldigitaldeasturias.com\\\/noticias\\\/category\\\/actualidad\\\/#listItem\",\"position\":2,\"name\":\"Actualidad\",\"item\":\"https:\\\/\\\/www.eldigitaldeasturias.com\\\/noticias\\\/category\\\/actualidad\\\/\",\"nextItem\":{\"@type\":\"ListItem\",\"@id\":\"https:\\\/\\\/www.eldigitaldeasturias.com\\\/noticias\\\/la-agonia-del-amazonas\\\/#listItem\",\"name\":\"La agon\\u00eda del Amazonas\"},\"previousItem\":{\"@type\":\"ListItem\",\"@id\":\"https:\\\/\\\/www.eldigitaldeasturias.com\\\/noticias#listItem\",\"name\":\"Home\"}},{\"@type\":\"ListItem\",\"@id\":\"https:\\\/\\\/www.eldigitaldeasturias.com\\\/noticias\\\/la-agonia-del-amazonas\\\/#listItem\",\"position\":3,\"name\":\"La agon\\u00eda del Amazonas\",\"previousItem\":{\"@type\":\"ListItem\",\"@id\":\"https:\\\/\\\/www.eldigitaldeasturias.com\\\/noticias\\\/category\\\/actualidad\\\/#listItem\",\"name\":\"Actualidad\"}}]},{\"@type\":\"Organization\",\"@id\":\"https:\\\/\\\/www.eldigitaldeasturias.com\\\/noticias\\\/#organization\",\"name\":\"El Digital de Asturias\",\"description\":\"Hemeroteca\",\"url\":\"https:\\\/\\\/www.eldigitaldeasturias.com\\\/noticias\\\/\",\"email\":\"info@eldigitaldeasturias.com\",\"telephone\":\"+34652131393\",\"logo\":{\"@type\":\"ImageObject\",\"url\":\"https:\\\/\\\/www.eldigitaldeasturias.com\\\/noticias\\\/wp-content\\\/uploads\\\/2020\\\/12\\\/EDA.jpg\",\"@id\":\"https:\\\/\\\/www.eldigitaldeasturias.com\\\/noticias\\\/la-agonia-del-amazonas\\\/#organizationLogo\",\"width\":649,\"height\":297},\"image\":{\"@id\":\"https:\\\/\\\/www.eldigitaldeasturias.com\\\/noticias\\\/la-agonia-del-amazonas\\\/#organizationLogo\"},\"sameAs\":[\"https:\\\/\\\/facebook.com\\\/eldigitaldeasturias\",\"https:\\\/\\\/www.youtube.com\\\/channel\\\/UCZP-2wLEB9Rv6erhFmqVnvg\"],\"address\":{\"@id\":\"https:\\\/\\\/www.eldigitaldeasturias.com\\\/noticias\\\/#postaladdress\",\"@type\":\"PostalAddress\",\"streetAddress\":\"san antonio 4,\",\"postalCode\":\"33430\",\"addressLocality\":\"Cand\\u00e1s\",\"addressRegion\":\"Asturias\",\"addressCountry\":\"ES\"}},{\"@type\":\"Person\",\"@id\":\"https:\\\/\\\/www.eldigitaldeasturias.com\\\/noticias\\\/author\\\/admin\\\/#author\",\"url\":\"https:\\\/\\\/www.eldigitaldeasturias.com\\\/noticias\\\/author\\\/admin\\\/\",\"name\":\"El Digital de Asturias\",\"image\":{\"@type\":\"ImageObject\",\"@id\":\"https:\\\/\\\/www.eldigitaldeasturias.com\\\/noticias\\\/la-agonia-del-amazonas\\\/#authorImage\",\"url\":\"https:\\\/\\\/www.eldigitaldeasturias.com\\\/noticias\\\/wp-content\\\/litespeed\\\/avatar\\\/18677e78aa0546b92d9dbf31ec7d7668.jpg?ver=1777290358\",\"width\":96,\"height\":96,\"caption\":\"El Digital de Asturias\"}},{\"@type\":\"WebPage\",\"@id\":\"https:\\\/\\\/www.eldigitaldeasturias.com\\\/noticias\\\/la-agonia-del-amazonas\\\/#webpage\",\"url\":\"https:\\\/\\\/www.eldigitaldeasturias.com\\\/noticias\\\/la-agonia-del-amazonas\\\/\",\"name\":\"La agon\\u00eda del Amazonas - El Digital de Asturias\",\"description\":\"(dpa) - La cuenca del Amazonas carece de lo que normalmente tiene en abundancia, agua, y es que la regi\\u00f3n m\\u00e1s rica en agua del mundo sufre actualmente\",\"inLanguage\":\"es-ES\",\"isPartOf\":{\"@id\":\"https:\\\/\\\/www.eldigitaldeasturias.com\\\/noticias\\\/#website\"},\"breadcrumb\":{\"@id\":\"https:\\\/\\\/www.eldigitaldeasturias.com\\\/noticias\\\/la-agonia-del-amazonas\\\/#breadcrumblist\"},\"author\":{\"@id\":\"https:\\\/\\\/www.eldigitaldeasturias.com\\\/noticias\\\/author\\\/admin\\\/#author\"},\"creator\":{\"@id\":\"https:\\\/\\\/www.eldigitaldeasturias.com\\\/noticias\\\/author\\\/admin\\\/#author\"},\"image\":{\"@type\":\"ImageObject\",\"url\":\"https:\\\/\\\/www.eldigitaldeasturias.com\\\/noticias\\\/wp-content\\\/uploads\\\/2023\\\/12\\\/Amazonas.jpg\",\"@id\":\"https:\\\/\\\/www.eldigitaldeasturias.com\\\/noticias\\\/la-agonia-del-amazonas\\\/#mainImage\",\"width\":994,\"height\":675,\"caption\":\"Zonas secas debido a la actual sequ\\u00eda en la regi\\u00f3n amaz\\u00f3nica. Foto: Aguilar Abecassis\\\/dpa\"},\"primaryImageOfPage\":{\"@id\":\"https:\\\/\\\/www.eldigitaldeasturias.com\\\/noticias\\\/la-agonia-del-amazonas\\\/#mainImage\"},\"datePublished\":\"2023-12-08T04:57:08+01:00\",\"dateModified\":\"2023-12-08T04:57:08+01:00\"},{\"@type\":\"WebSite\",\"@id\":\"https:\\\/\\\/www.eldigitaldeasturias.com\\\/noticias\\\/#website\",\"url\":\"https:\\\/\\\/www.eldigitaldeasturias.com\\\/noticias\\\/\",\"name\":\"El Digital de Asturias - Diario de actualidad y noticias\",\"alternateName\":\"El Digital de Asturias - Diario de actualidad y noticias\",\"description\":\"Hemeroteca\",\"inLanguage\":\"es-ES\",\"publisher\":{\"@id\":\"https:\\\/\\\/www.eldigitaldeasturias.com\\\/noticias\\\/#organization\"}}]}\n\t\t<\/script>\n\t\t<!-- All in One SEO Pro -->\r\n\t\t<title>La agon\u00eda del Amazonas - El Digital de Asturias<\/title>\n\n","aioseo_head_json":{"title":"La agon\u00eda del Amazonas - El Digital de Asturias","description":"(dpa) - La cuenca del Amazonas carece de lo que normalmente tiene en abundancia, agua, y es que la regi\u00f3n m\u00e1s rica en agua del mundo sufre actualmente","canonical_url":"https:\/\/www.eldigitaldeasturias.com\/noticias\/la-agonia-del-amazonas\/","robots":"max-image-preview:large","keywords":"actualidad","webmasterTools":{"google-site-verification":"UA-38556648-1","msvalidate.01":"7dfe9f3f1b24437ab69f4f2559babe99","miscellaneous":""},"schema":{"@context":"https:\/\/schema.org","@graph":[{"@type":"BlogPosting","@id":"https:\/\/www.eldigitaldeasturias.com\/noticias\/la-agonia-del-amazonas\/#blogposting","name":"La agon\u00eda del Amazonas - El Digital de Asturias","headline":"La agon\u00eda del Amazonas","author":{"@id":"https:\/\/www.eldigitaldeasturias.com\/noticias\/author\/admin\/#author"},"publisher":{"@id":"https:\/\/www.eldigitaldeasturias.com\/noticias\/#organization"},"image":{"@type":"ImageObject","url":"https:\/\/www.eldigitaldeasturias.com\/noticias\/wp-content\/uploads\/2023\/12\/Amazonas.jpg","width":994,"height":675,"caption":"Zonas secas debido a la actual sequ\u00eda en la regi\u00f3n amaz\u00f3nica. Foto: Aguilar Abecassis\/dpa"},"datePublished":"2023-12-08T04:57:08+01:00","dateModified":"2023-12-08T04:57:08+01:00","inLanguage":"es-ES","mainEntityOfPage":{"@id":"https:\/\/www.eldigitaldeasturias.com\/noticias\/la-agonia-del-amazonas\/#webpage"},"isPartOf":{"@id":"https:\/\/www.eldigitaldeasturias.com\/noticias\/la-agonia-del-amazonas\/#webpage"},"articleSection":"Actualidad"},{"@type":"BreadcrumbList","@id":"https:\/\/www.eldigitaldeasturias.com\/noticias\/la-agonia-del-amazonas\/#breadcrumblist","itemListElement":[{"@type":"ListItem","@id":"https:\/\/www.eldigitaldeasturias.com\/noticias#listItem","position":1,"name":"Home","item":"https:\/\/www.eldigitaldeasturias.com\/noticias","nextItem":{"@type":"ListItem","@id":"https:\/\/www.eldigitaldeasturias.com\/noticias\/category\/actualidad\/#listItem","name":"Actualidad"}},{"@type":"ListItem","@id":"https:\/\/www.eldigitaldeasturias.com\/noticias\/category\/actualidad\/#listItem","position":2,"name":"Actualidad","item":"https:\/\/www.eldigitaldeasturias.com\/noticias\/category\/actualidad\/","nextItem":{"@type":"ListItem","@id":"https:\/\/www.eldigitaldeasturias.com\/noticias\/la-agonia-del-amazonas\/#listItem","name":"La agon\u00eda del Amazonas"},"previousItem":{"@type":"ListItem","@id":"https:\/\/www.eldigitaldeasturias.com\/noticias#listItem","name":"Home"}},{"@type":"ListItem","@id":"https:\/\/www.eldigitaldeasturias.com\/noticias\/la-agonia-del-amazonas\/#listItem","position":3,"name":"La agon\u00eda del Amazonas","previousItem":{"@type":"ListItem","@id":"https:\/\/www.eldigitaldeasturias.com\/noticias\/category\/actualidad\/#listItem","name":"Actualidad"}}]},{"@type":"Organization","@id":"https:\/\/www.eldigitaldeasturias.com\/noticias\/#organization","name":"El Digital de Asturias","description":"Hemeroteca","url":"https:\/\/www.eldigitaldeasturias.com\/noticias\/","email":"info@eldigitaldeasturias.com","telephone":"+34652131393","logo":{"@type":"ImageObject","url":"https:\/\/www.eldigitaldeasturias.com\/noticias\/wp-content\/uploads\/2020\/12\/EDA.jpg","@id":"https:\/\/www.eldigitaldeasturias.com\/noticias\/la-agonia-del-amazonas\/#organizationLogo","width":649,"height":297},"image":{"@id":"https:\/\/www.eldigitaldeasturias.com\/noticias\/la-agonia-del-amazonas\/#organizationLogo"},"sameAs":["https:\/\/facebook.com\/eldigitaldeasturias","https:\/\/www.youtube.com\/channel\/UCZP-2wLEB9Rv6erhFmqVnvg"],"address":{"@id":"https:\/\/www.eldigitaldeasturias.com\/noticias\/#postaladdress","@type":"PostalAddress","streetAddress":"san antonio 4,","postalCode":"33430","addressLocality":"Cand\u00e1s","addressRegion":"Asturias","addressCountry":"ES"}},{"@type":"Person","@id":"https:\/\/www.eldigitaldeasturias.com\/noticias\/author\/admin\/#author","url":"https:\/\/www.eldigitaldeasturias.com\/noticias\/author\/admin\/","name":"El Digital de Asturias","image":{"@type":"ImageObject","@id":"https:\/\/www.eldigitaldeasturias.com\/noticias\/la-agonia-del-amazonas\/#authorImage","url":"https:\/\/www.eldigitaldeasturias.com\/noticias\/wp-content\/litespeed\/avatar\/18677e78aa0546b92d9dbf31ec7d7668.jpg?ver=1777290358","width":96,"height":96,"caption":"El Digital de Asturias"}},{"@type":"WebPage","@id":"https:\/\/www.eldigitaldeasturias.com\/noticias\/la-agonia-del-amazonas\/#webpage","url":"https:\/\/www.eldigitaldeasturias.com\/noticias\/la-agonia-del-amazonas\/","name":"La agon\u00eda del Amazonas - El Digital de Asturias","description":"(dpa) - La cuenca del Amazonas carece de lo que normalmente tiene en abundancia, agua, y es que la regi\u00f3n m\u00e1s rica en agua del mundo sufre actualmente","inLanguage":"es-ES","isPartOf":{"@id":"https:\/\/www.eldigitaldeasturias.com\/noticias\/#website"},"breadcrumb":{"@id":"https:\/\/www.eldigitaldeasturias.com\/noticias\/la-agonia-del-amazonas\/#breadcrumblist"},"author":{"@id":"https:\/\/www.eldigitaldeasturias.com\/noticias\/author\/admin\/#author"},"creator":{"@id":"https:\/\/www.eldigitaldeasturias.com\/noticias\/author\/admin\/#author"},"image":{"@type":"ImageObject","url":"https:\/\/www.eldigitaldeasturias.com\/noticias\/wp-content\/uploads\/2023\/12\/Amazonas.jpg","@id":"https:\/\/www.eldigitaldeasturias.com\/noticias\/la-agonia-del-amazonas\/#mainImage","width":994,"height":675,"caption":"Zonas secas debido a la actual sequ\u00eda en la regi\u00f3n amaz\u00f3nica. Foto: Aguilar Abecassis\/dpa"},"primaryImageOfPage":{"@id":"https:\/\/www.eldigitaldeasturias.com\/noticias\/la-agonia-del-amazonas\/#mainImage"},"datePublished":"2023-12-08T04:57:08+01:00","dateModified":"2023-12-08T04:57:08+01:00"},{"@type":"WebSite","@id":"https:\/\/www.eldigitaldeasturias.com\/noticias\/#website","url":"https:\/\/www.eldigitaldeasturias.com\/noticias\/","name":"El Digital de Asturias - Diario de actualidad y noticias","alternateName":"El Digital de Asturias - Diario de actualidad y noticias","description":"Hemeroteca","inLanguage":"es-ES","publisher":{"@id":"https:\/\/www.eldigitaldeasturias.com\/noticias\/#organization"}}]},"og:locale":"es_ES","og:site_name":"El Digital de Asturias","og:type":"article","og:title":"La agon\u00eda del Amazonas - El Digital de Asturias","og:description":"(dpa) - La cuenca del Amazonas carece de lo que normalmente tiene en abundancia, agua, y es que la regi\u00f3n m\u00e1s rica en agua del mundo sufre actualmente","og:url":"https:\/\/www.eldigitaldeasturias.com\/noticias\/la-agonia-del-amazonas\/","og:image":"https:\/\/www.eldigitaldeasturias.com\/noticias\/wp-content\/uploads\/2023\/12\/Amazonas.jpg","og:image:secure_url":"https:\/\/www.eldigitaldeasturias.com\/noticias\/wp-content\/uploads\/2023\/12\/Amazonas.jpg","og:image:width":994,"og:image:height":675,"article:tag":["actualidad"],"article:published_time":"2023-12-08T03:57:08+00:00","article:modified_time":"2023-12-08T03:57:08+00:00","article:publisher":"https:\/\/facebook.com\/eldigitaldeasturias","twitter:card":"summary_large_image","twitter:title":"La agon\u00eda del Amazonas - El Digital de Asturias","twitter:description":"(dpa) - La cuenca del Amazonas carece de lo que normalmente tiene en abundancia, agua, y es que la regi\u00f3n m\u00e1s rica en agua del mundo sufre actualmente","twitter:image":"https:\/\/www.eldigitaldeasturias.com\/noticias\/wp-content\/uploads\/2023\/12\/Amazonas.jpg","twitter:label1":"Escrito por","twitter:data1":"El Digital de Asturias","twitter:label2":"Tiempo de lectura estimado","twitter:data2":"5 minutos"},"aioseo_meta_data":{"post_id":"1127433","title":null,"description":"(dpa) - La cuenca del Amazonas carece de lo que normalmente tiene en abundancia, agua, y es que la regi\u00f3n m\u00e1s rica en agua del mundo sufre actualmente","keywords":[],"keyphrases":{"focus":{"keyphrase":"Amazonas","score":72,"analysis":{"keyphraseInTitle":{"score":9,"maxScore":9,"error":0},"keyphraseInDescription":{"score":9,"maxScore":9,"error":0},"keyphraseLength":{"score":9,"maxScore":9,"error":0,"length":1},"keyphraseInURL":{"score":1,"maxScore":5,"error":1},"keyphraseInIntroduction":{"score":9,"maxScore":9,"error":0},"keyphraseInSubHeadings":{"score":3,"maxScore":9,"error":1},"keyphraseInImageAlt":{"score":9,"maxScore":9,"error":0},"keywordDensity":{"score":0,"type":"low","maxScore":9,"error":1}}},"additional":[{"keyphrase":"Amazonas","score":80,"analysis":{"keyphraseInDescription":{"score":9,"maxScore":9,"error":0},"keyphraseLength":{"score":9,"maxScore":9,"error":0,"length":1},"keyphraseInIntroduction":{"score":9,"maxScore":9,"error":0},"keyphraseInImageAlt":{"score":9,"maxScore":9,"error":0},"keywordDensity":{"score":0,"type":"low","maxScore":9,"error":1}}}]},"primary_term":null,"canonical_url":null,"og_title":null,"og_description":null,"og_object_type":"default","og_image_type":"default","og_image_url":null,"og_image_width":null,"og_image_height":null,"og_image_custom_url":null,"og_image_custom_fields":null,"og_video":"","og_custom_url":null,"og_article_section":null,"og_article_tags":[],"twitter_use_og":false,"twitter_card":"default","twitter_image_type":"default","twitter_image_url":null,"twitter_image_custom_url":null,"twitter_image_custom_fields":null,"twitter_title":null,"twitter_description":null,"schema":{"blockGraphs":[],"customGraphs":[],"default":{"data":{"Article":[],"Course":[],"Dataset":[],"FAQPage":[],"Movie":[],"Person":[],"Product":[],"ProductReview":[],"Car":[],"Recipe":[],"Service":[],"SoftwareApplication":[],"WebPage":[]},"graphName":"BlogPosting","isEnabled":true},"graphs":[]},"schema_type":"default","schema_type_options":null,"pillar_content":false,"robots_default":true,"robots_noindex":false,"robots_noarchive":false,"robots_nosnippet":false,"robots_nofollow":false,"robots_noimageindex":false,"robots_noodp":false,"robots_notranslate":false,"robots_max_snippet":"-1","robots_max_videopreview":"-1","robots_max_imagepreview":"large","priority":null,"frequency":"default","local_seo":null,"seo_analyzer_scan_date":"2025-10-05 22:57:35","breadcrumb_settings":null,"limit_modified_date":false,"open_ai":"{\"title\":{\"suggestions\":[],\"usage\":0},\"description\":{\"suggestions\":[],\"usage\":0}}","ai":null,"created":"2023-12-08 03:46:41","updated":"2025-10-09 05:03:26"},"aioseo_breadcrumb":"<div class=\"aioseo-breadcrumbs\"><span class=\"aioseo-breadcrumb\">\n\t<a href=\"https:\/\/www.eldigitaldeasturias.com\/noticias\" title=\"Home\">Home<\/a>\n<\/span><span class=\"aioseo-breadcrumb-separator\">\u2013<\/span><span class=\"aioseo-breadcrumb\">\n\t<a href=\"https:\/\/www.eldigitaldeasturias.com\/noticias\/category\/actualidad\/\" title=\"Actualidad\">Actualidad<\/a>\n<\/span><span class=\"aioseo-breadcrumb-separator\">\u2013<\/span><span class=\"aioseo-breadcrumb\">\n\t<a href=\"https:\/\/www.eldigitaldeasturias.com\/noticias\/la-agonia-del-amazonas\/\" title=\"La agon\u00eda del Amazonas\">La agon\u00eda del Amazonas<\/a>\n<\/span><\/div>","aioseo_breadcrumb_json":[{"label":"Home","link":"https:\/\/www.eldigitaldeasturias.com\/noticias"},{"label":"Actualidad","link":"https:\/\/www.eldigitaldeasturias.com\/noticias\/category\/actualidad\/"},{"label":"La agon\u00eda del Amazonas","link":"https:\/\/www.eldigitaldeasturias.com\/noticias\/la-agonia-del-amazonas\/"}],"_links":{"self":[{"href":"https:\/\/www.eldigitaldeasturias.com\/noticias\/wp-json\/wp\/v2\/posts\/1127433","targetHints":{"allow":["GET"]}}],"collection":[{"href":"https:\/\/www.eldigitaldeasturias.com\/noticias\/wp-json\/wp\/v2\/posts"}],"about":[{"href":"https:\/\/www.eldigitaldeasturias.com\/noticias\/wp-json\/wp\/v2\/types\/post"}],"author":[{"embeddable":true,"href":"https:\/\/www.eldigitaldeasturias.com\/noticias\/wp-json\/wp\/v2\/users\/1"}],"replies":[{"embeddable":true,"href":"https:\/\/www.eldigitaldeasturias.com\/noticias\/wp-json\/wp\/v2\/comments?post=1127433"}],"version-history":[{"count":0,"href":"https:\/\/www.eldigitaldeasturias.com\/noticias\/wp-json\/wp\/v2\/posts\/1127433\/revisions"}],"wp:featuredmedia":[{"embeddable":true,"href":"https:\/\/www.eldigitaldeasturias.com\/noticias\/wp-json\/wp\/v2\/media\/1127434"}],"wp:attachment":[{"href":"https:\/\/www.eldigitaldeasturias.com\/noticias\/wp-json\/wp\/v2\/media?parent=1127433"}],"wp:term":[{"taxonomy":"category","embeddable":true,"href":"https:\/\/www.eldigitaldeasturias.com\/noticias\/wp-json\/wp\/v2\/categories?post=1127433"},{"taxonomy":"post_tag","embeddable":true,"href":"https:\/\/www.eldigitaldeasturias.com\/noticias\/wp-json\/wp\/v2\/tags?post=1127433"}],"curies":[{"name":"wp","href":"https:\/\/api.w.org\/{rel}","templated":true}]}}