{"id":1127430,"date":"2023-12-08T04:43:11","date_gmt":"2023-12-08T03:43:11","guid":{"rendered":"https:\/\/www.eldigitaldeasturias.com\/noticias\/?p=1127430"},"modified":"2023-12-08T04:44:02","modified_gmt":"2023-12-08T03:44:02","slug":"rafah-la-frontera-entre-el-puerto-seguro-y-la-guerra","status":"publish","type":"post","link":"https:\/\/www.eldigitaldeasturias.com\/noticias\/rafah-la-frontera-entre-el-puerto-seguro-y-la-guerra\/","title":{"rendered":"Rafah: La frontera entre el puerto seguro y la guerra"},"content":{"rendered":"<p>(<a title=\"dpa\" href=\"https:\/\/www.dpa-news.de\/\" target=\"_blank\" rel=\"noopener\"><span style=\"color: #ff6600;\"><strong>dpa<\/strong><\/span><\/a>) &#8211; Mamduh Jalil Abu Jasar hizo su primer viaje a trav\u00e9s de la frontera en esta guerra a mediados de noviembre. Una granada hab\u00eda estallado cerca de la escuela donde \u00e9l y su familia se hab\u00edan refugiado, y sus graves heridas en la cabeza y el cerebro requer\u00edan tratamiento urgente. <strong>El hospital de Al Arish, en Egipto, est\u00e1 mejor equipado que los de la Franja de Gaza<\/strong>, donde las camas son cada vez m\u00e1s escasas y el n\u00famero de v\u00edctimas aumenta. Fue uno de los pocos cientos de heridos a los que se permiti\u00f3 salir.<\/p>\n<figure id=\"attachment_1127431\" aria-describedby=\"caption-attachment-1127431\" style=\"width: 650px\" class=\"wp-caption aligncenter\"><img loading=\"lazy\" decoding=\"async\" class=\"wp-image-1127431 size-large\" src=\"https:\/\/www.eldigitaldeasturias.com\/noticias\/wp-content\/uploads\/2023\/12\/Rafah-frontera-650x389.jpg\" alt=\"Rafah frontera\" width=\"650\" height=\"389\" srcset=\"https:\/\/www.eldigitaldeasturias.com\/noticias\/wp-content\/uploads\/2023\/12\/Rafah-frontera-650x389.jpg 650w, https:\/\/www.eldigitaldeasturias.com\/noticias\/wp-content\/uploads\/2023\/12\/Rafah-frontera-360x216.jpg 360w, https:\/\/www.eldigitaldeasturias.com\/noticias\/wp-content\/uploads\/2023\/12\/Rafah-frontera-480x288.jpg 480w, https:\/\/www.eldigitaldeasturias.com\/noticias\/wp-content\/uploads\/2023\/12\/Rafah-frontera-768x460.jpg 768w, https:\/\/www.eldigitaldeasturias.com\/noticias\/wp-content\/uploads\/2023\/12\/Rafah-frontera-150x90.jpg 150w, https:\/\/www.eldigitaldeasturias.com\/noticias\/wp-content\/uploads\/2023\/12\/Rafah-frontera-450x270.jpg 450w, https:\/\/www.eldigitaldeasturias.com\/noticias\/wp-content\/uploads\/2023\/12\/Rafah-frontera.jpg 1090w\" sizes=\"auto, (max-width: 650px) 100vw, 650px\" \/><figcaption id=\"caption-attachment-1127431\" class=\"wp-caption-text\">Un conductor que lleva palestinos a la frontera para regresar a la Franja de Gaza junto a su coche en el paso fronterizo de Rafah. Foto: Johannes Sadek\/dpa<\/figcaption><\/figure>\n<p>Mamduh Jalil Abu Jasar hizo dos semanas m\u00e1s tarde su segundo viaje a trav\u00e9s de la frontera en esta guerra: de vuelta a Gaza, porque muri\u00f3 en Al Arish. Su hijo Hamada permanece bajo el arco del paso fronterizo de Rafah, junto a \u00e9l la ambulancia amarillo ne\u00f3n con el cuerpo de su padre.<\/p>\n<blockquote><p>\u00abSu voluntad era ser enterrado en Gaza\u00bb, dice Hamada. \u00abPorque naci\u00f3 all\u00ed, porque su familia est\u00e1 all\u00ed y porque estaba unido a su pa\u00eds\u00bb.<\/p><\/blockquote>\n<h2>Entre el puerto seguro y la zona de combate<\/h2>\n<p><strong>Rafah simboliza muchas cosas en estas semanas de guerra entre Israel y el grupo islamista Ham\u00e1s<\/strong>. El cuello de botella para los suministros de ayuda. Un lugar de esperanza para viajeros y rehenes. El vest\u00edbulo del puerto seguro o la entrada a la zona de combate, seg\u00fan el bando en el que se est\u00e9.<\/p>\n<p>En los hist\u00f3ricos altibajos del conflicto de Cercano Oriente, Rafah tambi\u00e9n reflejaba la situaci\u00f3n pol\u00edtica del momento. <strong>En \u00e9pocas mejores, personas y mercanc\u00edas viajaban hacia y desde Gaza a trav\u00e9s de la frontera, y otras veces no.<\/strong><\/p>\n<p>Desde que Ham\u00e1s tom\u00f3 el poder en la Franja en 2007 e Israel reforz\u00f3 su bloqueo de la zona, la frontera ha estado casi tantos d\u00edas abierta como cerrada.<\/p>\n<p>Tras el inicio de la guerra el 7 de octubre, nada funcion\u00f3 durante semanas; durante el alto el fuego, 200 camiones entraron en Gaza en un solo d\u00eda.<\/p>\n<p>Israel siempre ha justificado sus estrictos controles sobre importaciones y exportaciones con el objetivo de aislar a Ham\u00e1s e impedir su fortalecimiento y el contrabando de armas.<\/p>\n<p>Al mismo tiempo, la Conferencia de las Naciones Unidas sobre Comercio y Desarrollo (UNCTAD) concluy\u00f3 antes de que comenzara la guerra que el bloqueo hab\u00eda socavado la econom\u00eda de Gaza y hecho que el 80 por ciento de la <a href=\"https:\/\/www.eldigitaldeasturias.com\/noticias\/category\/sociedad\/\"><span style=\"color: #ff6600;\"><strong>poblaci\u00f3n<\/strong><\/span><\/a> dependiera de la ayuda humanitaria. Por eso los camiones segu\u00edan rodando a trav\u00e9s de Rafah: 500 al d\u00eda antes del 7 de octubre.<\/p>\n<blockquote><p>Para Egipto, los camiones son una especie de prueba de varias toneladas de peso de que est\u00e1n al lado de sus \u00abhermanos y hermanas\u00bb palestinos.<\/p><\/blockquote>\n<p>Cientos de camiones se alinean a lo largo de la autopista hacia Rafah. \u00abEsto a\u00fan no es nada\u00bb, dice Aiman Wallash, jefe de la oficina de prensa que ha invitado a los periodistas a la frontera.<\/p>\n<p>No muy lejos, aviones de carga procedentes de Catar e Irak aterrizan en Al Arish, carretillas elevadoras hacen su ronda y alinean los pal\u00e9s con medicinas, arroz, kits de invierno, colchones.<\/p>\n<p>\u00abEst\u00e1n pasando por lo mismo (en Gaza) que nosotros: guerra, terror\u00bb, dice un capit\u00e1n de la Fuerzas A\u00e9rea iraqu\u00ed cuyo avi\u00f3n est\u00e1 siendo descargado.<\/p>\n<h2>Entrada de ayuda, s\u00ed, salida de palestinos, no<\/h2>\n<p>Lo que Wallash no dice es que Egipto quiere que entre mucha ayuda, pero que salgan pocos palestinos de forma permanente. A diferencia de Jordania, Siria y L\u00edbano, el pa\u00eds no ha creado ning\u00fan campo de refugiados para ellos.<\/p>\n<p>Egipto tiene una crisis econ\u00f3mica colosal, cientos de miles de refugiados de Siria y Sud\u00e1n, y elecciones presidenciales el pr\u00f3ximo fin de semana.<\/p>\n<blockquote><p>El actual presidente, Abdel Fattah al Sisi, quien se postula a la reelecci\u00f3n, asegura que si grandes flujos de los 2,2 millones de personas que viven en la Franja entran por Rafah, la guerra podr\u00eda trasladarse a su pa\u00eds.<\/p><\/blockquote>\n<p>Los palestinos que siguen queriendo salir de Gaza por Rafah tienen que esperar mucho tiempo, o pagar mucho dinero. Se dice que los precios han subido y ascienden hasta 4.500 d\u00f3lares por persona por una salida garantizada a trav\u00e9s del paso. Una familia de ocho miembros inform\u00f3 de que hab\u00eda tenido que pagar 21.000 d\u00f3lares. Esto supone unas 15 veces los ingresos medios anuales de un hogar en Gaza.<\/p>\n<h2>Pescado fresco y piezas de autom\u00f3vil<\/h2>\n<p>En Rafah -o mejor dicho por debajo de Rafah-, la gente tiene experiencia en conseguir ayuda a trav\u00e9s de canales no oficiales. Despu\u00e9s de 2007, <strong>Ham\u00e1s empez\u00f3 a excavar cientos de t\u00faneles desde Gaza a Egipto para burlar el bloqueo israel\u00ed.<\/strong><\/p>\n<p>Detergente, tel\u00e9fonos m\u00f3viles, pescado fresco, piezas de autom\u00f3viles, un le\u00f3n para el zoo&#8230; pr\u00e1cticamente todo lo que no pod\u00eda llegar a la Franja de Gaza a trav\u00e9s del paso fronterizo se introduc\u00eda de contrabando.<\/p>\n<blockquote><p>Se dice que, en su apogeo, el negocio de los t\u00faneles generaba 15.000 puestos de trabajo directos y proporcionaba a Ham\u00e1s ingresos anuales millonarios.<\/p><\/blockquote>\n<p>Al Sisi puso fin a estas maniobras porque a trav\u00e9s de los t\u00faneles tambi\u00e9n llegaron al parecer armas desde Gaza a extremistas en el norte de la pen\u00ednsula del Sina\u00ed. Rafah fue declarada un problema de seguridad, destruida y los t\u00faneles, inundados.<\/p>\n<p>Se desplaz\u00f3 a 2.000 familias y se establecieron y ampliaron zonas militares de seguridad. Hoy, el viaje a la frontera pasa por cada vez m\u00e1s puestos de control nuevos. Unos kil\u00f3metros antes de Rafah, los soldados permanecen preparados en una pista de arena junto a unos 50 tanques.<\/p>\n<p>Un viento h\u00famedo sopla en la explanada de la frontera. <strong>Para Amr Mohsen, la rutina diaria comienza a las 5 de la ma\u00f1ana, cuando \u00e9l y sus compa\u00f1eros esperan aqu\u00ed con sus ambulancias amarillas para ver si pueden recoger a algunos heridos m\u00e1s.<\/strong><\/p>\n<p>Es el caso de una ni\u00f1a que ahora est\u00e1 en el hospital de Al Arish, con vendas blancas que le cubren la cabeza y la parte superior del cuerpo. Frente a su silla de ruedas, una enfermera agita un globo para animarla, pero no hay ninguna se\u00f1al de que est\u00e9 viva.<\/p>\n<p><i class=\"lang-es\"><span class=\" readonly\" title=\"\">Por Johannes Sadek (dpa)<\/span><\/i><\/p>\n","protected":false},"excerpt":{"rendered":"<p>(dpa) &#8211; Mamduh Jalil Abu Jasar hizo su primer viaje a trav\u00e9s de la frontera en esta guerra a mediados de noviembre. Una granada hab\u00eda estallado cerca de la escuela donde \u00e9l y su familia se hab\u00edan refugiado, y sus graves heridas en la cabeza y el cerebro requer\u00edan tratamiento urgente. El hospital de Al [&hellip;]<\/p>\n","protected":false},"author":1,"featured_media":1127431,"comment_status":"closed","ping_status":"closed","sticky":false,"template":"","format":"standard","meta":{"footnotes":""},"categories":[1,141],"tags":[],"class_list":["post-1127430","post","type-post","status-publish","format-standard","has-post-thumbnail","hentry","category-actualidad","category-destacadas"],"aioseo_notices":[],"aioseo_head":"\n\t\t<!-- All in One SEO Pro 4.9.6.2 - aioseo.com -->\n\t<meta name=\"description\" content=\"(dpa) - Mamduh Jalil Abu Jasar hizo su primer viaje a trav\u00e9s de la frontera en esta guerra a mediados de noviembre. Una granada hab\u00eda estallado cerca\" \/>\n\t<meta name=\"robots\" content=\"max-image-preview:large\" \/>\n\t<meta name=\"author\" content=\"El Digital de Asturias\"\/>\n\t<meta name=\"google-site-verification\" content=\"UA-38556648-1\" \/>\n\t<meta name=\"msvalidate.01\" content=\"7dfe9f3f1b24437ab69f4f2559babe99\" \/>\n\t<meta name=\"keywords\" content=\"actualidad,destacadas\" \/>\n\t<link rel=\"canonical\" href=\"https:\/\/www.eldigitaldeasturias.com\/noticias\/rafah-la-frontera-entre-el-puerto-seguro-y-la-guerra\/\" \/>\n\t<meta name=\"generator\" content=\"All in One SEO Pro (AIOSEO) 4.9.6.2\" \/>\n\t\t<meta property=\"og:locale\" content=\"es_ES\" \/>\n\t\t<meta property=\"og:site_name\" content=\"El Digital de Asturias\" \/>\n\t\t<meta property=\"og:type\" content=\"article\" \/>\n\t\t<meta property=\"og:title\" content=\"Rafah: La frontera entre el puerto seguro y la guerra - El Digital de Asturias\" \/>\n\t\t<meta property=\"og:description\" content=\"(dpa) - Mamduh Jalil Abu Jasar hizo su primer viaje a trav\u00e9s de la frontera en esta guerra a mediados de noviembre. Una granada hab\u00eda estallado cerca\" \/>\n\t\t<meta property=\"og:url\" content=\"https:\/\/www.eldigitaldeasturias.com\/noticias\/rafah-la-frontera-entre-el-puerto-seguro-y-la-guerra\/\" \/>\n\t\t<meta property=\"og:image\" content=\"https:\/\/www.eldigitaldeasturias.com\/noticias\/wp-content\/uploads\/2023\/12\/Rafah-frontera.jpg\" \/>\n\t\t<meta property=\"og:image:secure_url\" content=\"https:\/\/www.eldigitaldeasturias.com\/noticias\/wp-content\/uploads\/2023\/12\/Rafah-frontera.jpg\" \/>\n\t\t<meta property=\"og:image:width\" content=\"1090\" \/>\n\t\t<meta property=\"og:image:height\" content=\"653\" \/>\n\t\t<meta property=\"article:tag\" content=\"actualidad\" \/>\n\t\t<meta property=\"article:tag\" content=\"destacadas\" \/>\n\t\t<meta property=\"article:published_time\" content=\"2023-12-08T03:43:11+00:00\" \/>\n\t\t<meta property=\"article:modified_time\" content=\"2023-12-08T03:44:02+00:00\" \/>\n\t\t<meta property=\"article:publisher\" content=\"https:\/\/facebook.com\/eldigitaldeasturias\" \/>\n\t\t<meta name=\"twitter:card\" content=\"summary_large_image\" \/>\n\t\t<meta name=\"twitter:title\" content=\"Rafah: La frontera entre el puerto seguro y la guerra - El Digital de Asturias\" \/>\n\t\t<meta name=\"twitter:description\" content=\"(dpa) - Mamduh Jalil Abu Jasar hizo su primer viaje a trav\u00e9s de la frontera en esta guerra a mediados de noviembre. Una granada hab\u00eda estallado cerca\" \/>\n\t\t<meta name=\"twitter:image\" content=\"https:\/\/www.eldigitaldeasturias.com\/noticias\/wp-content\/uploads\/2023\/12\/Rafah-frontera.jpg\" \/>\n\t\t<meta name=\"twitter:label1\" content=\"Escrito por\" \/>\n\t\t<meta name=\"twitter:data1\" content=\"El Digital de Asturias\" \/>\n\t\t<meta name=\"twitter:label2\" content=\"Tiempo de lectura estimado\" \/>\n\t\t<meta name=\"twitter:data2\" content=\"6 minutos\" \/>\n\t\t<script type=\"application\/ld+json\" class=\"aioseo-schema\">\n\t\t\t{\"@context\":\"https:\\\/\\\/schema.org\",\"@graph\":[{\"@type\":\"BlogPosting\",\"@id\":\"https:\\\/\\\/www.eldigitaldeasturias.com\\\/noticias\\\/rafah-la-frontera-entre-el-puerto-seguro-y-la-guerra\\\/#blogposting\",\"name\":\"Rafah: La frontera entre el puerto seguro y la guerra - El Digital de Asturias\",\"headline\":\"Rafah: La frontera entre el puerto seguro y la guerra\",\"author\":{\"@id\":\"https:\\\/\\\/www.eldigitaldeasturias.com\\\/noticias\\\/author\\\/admin\\\/#author\"},\"publisher\":{\"@id\":\"https:\\\/\\\/www.eldigitaldeasturias.com\\\/noticias\\\/#organization\"},\"image\":{\"@type\":\"ImageObject\",\"url\":\"https:\\\/\\\/www.eldigitaldeasturias.com\\\/noticias\\\/wp-content\\\/uploads\\\/2023\\\/12\\\/Rafah-frontera.jpg\",\"width\":1090,\"height\":653,\"caption\":\"Un conductor que lleva palestinos a la frontera para regresar a la Franja de Gaza junto a su coche en el paso fronterizo de Rafah. Foto: Johannes Sadek\\\/dpa\"},\"datePublished\":\"2023-12-08T04:43:11+01:00\",\"dateModified\":\"2023-12-08T04:44:02+01:00\",\"inLanguage\":\"es-ES\",\"mainEntityOfPage\":{\"@id\":\"https:\\\/\\\/www.eldigitaldeasturias.com\\\/noticias\\\/rafah-la-frontera-entre-el-puerto-seguro-y-la-guerra\\\/#webpage\"},\"isPartOf\":{\"@id\":\"https:\\\/\\\/www.eldigitaldeasturias.com\\\/noticias\\\/rafah-la-frontera-entre-el-puerto-seguro-y-la-guerra\\\/#webpage\"},\"articleSection\":\"Actualidad, Destacadas\"},{\"@type\":\"BreadcrumbList\",\"@id\":\"https:\\\/\\\/www.eldigitaldeasturias.com\\\/noticias\\\/rafah-la-frontera-entre-el-puerto-seguro-y-la-guerra\\\/#breadcrumblist\",\"itemListElement\":[{\"@type\":\"ListItem\",\"@id\":\"https:\\\/\\\/www.eldigitaldeasturias.com\\\/noticias#listItem\",\"position\":1,\"name\":\"Home\",\"item\":\"https:\\\/\\\/www.eldigitaldeasturias.com\\\/noticias\",\"nextItem\":{\"@type\":\"ListItem\",\"@id\":\"https:\\\/\\\/www.eldigitaldeasturias.com\\\/noticias\\\/category\\\/actualidad\\\/#listItem\",\"name\":\"Actualidad\"}},{\"@type\":\"ListItem\",\"@id\":\"https:\\\/\\\/www.eldigitaldeasturias.com\\\/noticias\\\/category\\\/actualidad\\\/#listItem\",\"position\":2,\"name\":\"Actualidad\",\"item\":\"https:\\\/\\\/www.eldigitaldeasturias.com\\\/noticias\\\/category\\\/actualidad\\\/\",\"nextItem\":{\"@type\":\"ListItem\",\"@id\":\"https:\\\/\\\/www.eldigitaldeasturias.com\\\/noticias\\\/rafah-la-frontera-entre-el-puerto-seguro-y-la-guerra\\\/#listItem\",\"name\":\"Rafah: La frontera entre el puerto seguro y la guerra\"},\"previousItem\":{\"@type\":\"ListItem\",\"@id\":\"https:\\\/\\\/www.eldigitaldeasturias.com\\\/noticias#listItem\",\"name\":\"Home\"}},{\"@type\":\"ListItem\",\"@id\":\"https:\\\/\\\/www.eldigitaldeasturias.com\\\/noticias\\\/rafah-la-frontera-entre-el-puerto-seguro-y-la-guerra\\\/#listItem\",\"position\":3,\"name\":\"Rafah: La frontera entre el puerto seguro y la guerra\",\"previousItem\":{\"@type\":\"ListItem\",\"@id\":\"https:\\\/\\\/www.eldigitaldeasturias.com\\\/noticias\\\/category\\\/actualidad\\\/#listItem\",\"name\":\"Actualidad\"}}]},{\"@type\":\"Organization\",\"@id\":\"https:\\\/\\\/www.eldigitaldeasturias.com\\\/noticias\\\/#organization\",\"name\":\"El Digital de Asturias\",\"description\":\"Hemeroteca\",\"url\":\"https:\\\/\\\/www.eldigitaldeasturias.com\\\/noticias\\\/\",\"email\":\"info@eldigitaldeasturias.com\",\"telephone\":\"+34652131393\",\"logo\":{\"@type\":\"ImageObject\",\"url\":\"https:\\\/\\\/www.eldigitaldeasturias.com\\\/noticias\\\/wp-content\\\/uploads\\\/2020\\\/12\\\/EDA.jpg\",\"@id\":\"https:\\\/\\\/www.eldigitaldeasturias.com\\\/noticias\\\/rafah-la-frontera-entre-el-puerto-seguro-y-la-guerra\\\/#organizationLogo\",\"width\":649,\"height\":297},\"image\":{\"@id\":\"https:\\\/\\\/www.eldigitaldeasturias.com\\\/noticias\\\/rafah-la-frontera-entre-el-puerto-seguro-y-la-guerra\\\/#organizationLogo\"},\"sameAs\":[\"https:\\\/\\\/facebook.com\\\/eldigitaldeasturias\",\"https:\\\/\\\/www.youtube.com\\\/channel\\\/UCZP-2wLEB9Rv6erhFmqVnvg\"],\"address\":{\"@id\":\"https:\\\/\\\/www.eldigitaldeasturias.com\\\/noticias\\\/#postaladdress\",\"@type\":\"PostalAddress\",\"streetAddress\":\"san antonio 4,\",\"postalCode\":\"33430\",\"addressLocality\":\"Cand\\u00e1s\",\"addressRegion\":\"Asturias\",\"addressCountry\":\"ES\"}},{\"@type\":\"Person\",\"@id\":\"https:\\\/\\\/www.eldigitaldeasturias.com\\\/noticias\\\/author\\\/admin\\\/#author\",\"url\":\"https:\\\/\\\/www.eldigitaldeasturias.com\\\/noticias\\\/author\\\/admin\\\/\",\"name\":\"El Digital de Asturias\",\"image\":{\"@type\":\"ImageObject\",\"@id\":\"https:\\\/\\\/www.eldigitaldeasturias.com\\\/noticias\\\/rafah-la-frontera-entre-el-puerto-seguro-y-la-guerra\\\/#authorImage\",\"url\":\"https:\\\/\\\/www.eldigitaldeasturias.com\\\/noticias\\\/wp-content\\\/litespeed\\\/avatar\\\/18677e78aa0546b92d9dbf31ec7d7668.jpg?ver=1777290358\",\"width\":96,\"height\":96,\"caption\":\"El Digital de Asturias\"}},{\"@type\":\"WebPage\",\"@id\":\"https:\\\/\\\/www.eldigitaldeasturias.com\\\/noticias\\\/rafah-la-frontera-entre-el-puerto-seguro-y-la-guerra\\\/#webpage\",\"url\":\"https:\\\/\\\/www.eldigitaldeasturias.com\\\/noticias\\\/rafah-la-frontera-entre-el-puerto-seguro-y-la-guerra\\\/\",\"name\":\"Rafah: La frontera entre el puerto seguro y la guerra - El Digital de Asturias\",\"description\":\"(dpa) - Mamduh Jalil Abu Jasar hizo su primer viaje a trav\\u00e9s de la frontera en esta guerra a mediados de noviembre. Una granada hab\\u00eda estallado cerca\",\"inLanguage\":\"es-ES\",\"isPartOf\":{\"@id\":\"https:\\\/\\\/www.eldigitaldeasturias.com\\\/noticias\\\/#website\"},\"breadcrumb\":{\"@id\":\"https:\\\/\\\/www.eldigitaldeasturias.com\\\/noticias\\\/rafah-la-frontera-entre-el-puerto-seguro-y-la-guerra\\\/#breadcrumblist\"},\"author\":{\"@id\":\"https:\\\/\\\/www.eldigitaldeasturias.com\\\/noticias\\\/author\\\/admin\\\/#author\"},\"creator\":{\"@id\":\"https:\\\/\\\/www.eldigitaldeasturias.com\\\/noticias\\\/author\\\/admin\\\/#author\"},\"image\":{\"@type\":\"ImageObject\",\"url\":\"https:\\\/\\\/www.eldigitaldeasturias.com\\\/noticias\\\/wp-content\\\/uploads\\\/2023\\\/12\\\/Rafah-frontera.jpg\",\"@id\":\"https:\\\/\\\/www.eldigitaldeasturias.com\\\/noticias\\\/rafah-la-frontera-entre-el-puerto-seguro-y-la-guerra\\\/#mainImage\",\"width\":1090,\"height\":653,\"caption\":\"Un conductor que lleva palestinos a la frontera para regresar a la Franja de Gaza junto a su coche en el paso fronterizo de Rafah. Foto: Johannes Sadek\\\/dpa\"},\"primaryImageOfPage\":{\"@id\":\"https:\\\/\\\/www.eldigitaldeasturias.com\\\/noticias\\\/rafah-la-frontera-entre-el-puerto-seguro-y-la-guerra\\\/#mainImage\"},\"datePublished\":\"2023-12-08T04:43:11+01:00\",\"dateModified\":\"2023-12-08T04:44:02+01:00\"},{\"@type\":\"WebSite\",\"@id\":\"https:\\\/\\\/www.eldigitaldeasturias.com\\\/noticias\\\/#website\",\"url\":\"https:\\\/\\\/www.eldigitaldeasturias.com\\\/noticias\\\/\",\"name\":\"El Digital de Asturias - Diario de actualidad y noticias\",\"alternateName\":\"El Digital de Asturias - Diario de actualidad y noticias\",\"description\":\"Hemeroteca\",\"inLanguage\":\"es-ES\",\"publisher\":{\"@id\":\"https:\\\/\\\/www.eldigitaldeasturias.com\\\/noticias\\\/#organization\"}}]}\n\t\t<\/script>\n\t\t<!-- All in One SEO Pro -->\r\n\t\t<title>Rafah: La frontera entre el puerto seguro y la guerra - El Digital de Asturias<\/title>\n\n","aioseo_head_json":{"title":"Rafah: La frontera entre el puerto seguro y la guerra - El Digital de Asturias","description":"(dpa) - Mamduh Jalil Abu Jasar hizo su primer viaje a trav\u00e9s de la frontera en esta guerra a mediados de noviembre. Una granada hab\u00eda estallado cerca","canonical_url":"https:\/\/www.eldigitaldeasturias.com\/noticias\/rafah-la-frontera-entre-el-puerto-seguro-y-la-guerra\/","robots":"max-image-preview:large","keywords":"actualidad,destacadas","webmasterTools":{"google-site-verification":"UA-38556648-1","msvalidate.01":"7dfe9f3f1b24437ab69f4f2559babe99","miscellaneous":""},"schema":{"@context":"https:\/\/schema.org","@graph":[{"@type":"BlogPosting","@id":"https:\/\/www.eldigitaldeasturias.com\/noticias\/rafah-la-frontera-entre-el-puerto-seguro-y-la-guerra\/#blogposting","name":"Rafah: La frontera entre el puerto seguro y la guerra - El Digital de Asturias","headline":"Rafah: La frontera entre el puerto seguro y la guerra","author":{"@id":"https:\/\/www.eldigitaldeasturias.com\/noticias\/author\/admin\/#author"},"publisher":{"@id":"https:\/\/www.eldigitaldeasturias.com\/noticias\/#organization"},"image":{"@type":"ImageObject","url":"https:\/\/www.eldigitaldeasturias.com\/noticias\/wp-content\/uploads\/2023\/12\/Rafah-frontera.jpg","width":1090,"height":653,"caption":"Un conductor que lleva palestinos a la frontera para regresar a la Franja de Gaza junto a su coche en el paso fronterizo de Rafah. Foto: Johannes Sadek\/dpa"},"datePublished":"2023-12-08T04:43:11+01:00","dateModified":"2023-12-08T04:44:02+01:00","inLanguage":"es-ES","mainEntityOfPage":{"@id":"https:\/\/www.eldigitaldeasturias.com\/noticias\/rafah-la-frontera-entre-el-puerto-seguro-y-la-guerra\/#webpage"},"isPartOf":{"@id":"https:\/\/www.eldigitaldeasturias.com\/noticias\/rafah-la-frontera-entre-el-puerto-seguro-y-la-guerra\/#webpage"},"articleSection":"Actualidad, Destacadas"},{"@type":"BreadcrumbList","@id":"https:\/\/www.eldigitaldeasturias.com\/noticias\/rafah-la-frontera-entre-el-puerto-seguro-y-la-guerra\/#breadcrumblist","itemListElement":[{"@type":"ListItem","@id":"https:\/\/www.eldigitaldeasturias.com\/noticias#listItem","position":1,"name":"Home","item":"https:\/\/www.eldigitaldeasturias.com\/noticias","nextItem":{"@type":"ListItem","@id":"https:\/\/www.eldigitaldeasturias.com\/noticias\/category\/actualidad\/#listItem","name":"Actualidad"}},{"@type":"ListItem","@id":"https:\/\/www.eldigitaldeasturias.com\/noticias\/category\/actualidad\/#listItem","position":2,"name":"Actualidad","item":"https:\/\/www.eldigitaldeasturias.com\/noticias\/category\/actualidad\/","nextItem":{"@type":"ListItem","@id":"https:\/\/www.eldigitaldeasturias.com\/noticias\/rafah-la-frontera-entre-el-puerto-seguro-y-la-guerra\/#listItem","name":"Rafah: La frontera entre el puerto seguro y la guerra"},"previousItem":{"@type":"ListItem","@id":"https:\/\/www.eldigitaldeasturias.com\/noticias#listItem","name":"Home"}},{"@type":"ListItem","@id":"https:\/\/www.eldigitaldeasturias.com\/noticias\/rafah-la-frontera-entre-el-puerto-seguro-y-la-guerra\/#listItem","position":3,"name":"Rafah: La frontera entre el puerto seguro y la guerra","previousItem":{"@type":"ListItem","@id":"https:\/\/www.eldigitaldeasturias.com\/noticias\/category\/actualidad\/#listItem","name":"Actualidad"}}]},{"@type":"Organization","@id":"https:\/\/www.eldigitaldeasturias.com\/noticias\/#organization","name":"El Digital de Asturias","description":"Hemeroteca","url":"https:\/\/www.eldigitaldeasturias.com\/noticias\/","email":"info@eldigitaldeasturias.com","telephone":"+34652131393","logo":{"@type":"ImageObject","url":"https:\/\/www.eldigitaldeasturias.com\/noticias\/wp-content\/uploads\/2020\/12\/EDA.jpg","@id":"https:\/\/www.eldigitaldeasturias.com\/noticias\/rafah-la-frontera-entre-el-puerto-seguro-y-la-guerra\/#organizationLogo","width":649,"height":297},"image":{"@id":"https:\/\/www.eldigitaldeasturias.com\/noticias\/rafah-la-frontera-entre-el-puerto-seguro-y-la-guerra\/#organizationLogo"},"sameAs":["https:\/\/facebook.com\/eldigitaldeasturias","https:\/\/www.youtube.com\/channel\/UCZP-2wLEB9Rv6erhFmqVnvg"],"address":{"@id":"https:\/\/www.eldigitaldeasturias.com\/noticias\/#postaladdress","@type":"PostalAddress","streetAddress":"san antonio 4,","postalCode":"33430","addressLocality":"Cand\u00e1s","addressRegion":"Asturias","addressCountry":"ES"}},{"@type":"Person","@id":"https:\/\/www.eldigitaldeasturias.com\/noticias\/author\/admin\/#author","url":"https:\/\/www.eldigitaldeasturias.com\/noticias\/author\/admin\/","name":"El Digital de Asturias","image":{"@type":"ImageObject","@id":"https:\/\/www.eldigitaldeasturias.com\/noticias\/rafah-la-frontera-entre-el-puerto-seguro-y-la-guerra\/#authorImage","url":"https:\/\/www.eldigitaldeasturias.com\/noticias\/wp-content\/litespeed\/avatar\/18677e78aa0546b92d9dbf31ec7d7668.jpg?ver=1777290358","width":96,"height":96,"caption":"El Digital de Asturias"}},{"@type":"WebPage","@id":"https:\/\/www.eldigitaldeasturias.com\/noticias\/rafah-la-frontera-entre-el-puerto-seguro-y-la-guerra\/#webpage","url":"https:\/\/www.eldigitaldeasturias.com\/noticias\/rafah-la-frontera-entre-el-puerto-seguro-y-la-guerra\/","name":"Rafah: La frontera entre el puerto seguro y la guerra - El Digital de Asturias","description":"(dpa) - Mamduh Jalil Abu Jasar hizo su primer viaje a trav\u00e9s de la frontera en esta guerra a mediados de noviembre. Una granada hab\u00eda estallado cerca","inLanguage":"es-ES","isPartOf":{"@id":"https:\/\/www.eldigitaldeasturias.com\/noticias\/#website"},"breadcrumb":{"@id":"https:\/\/www.eldigitaldeasturias.com\/noticias\/rafah-la-frontera-entre-el-puerto-seguro-y-la-guerra\/#breadcrumblist"},"author":{"@id":"https:\/\/www.eldigitaldeasturias.com\/noticias\/author\/admin\/#author"},"creator":{"@id":"https:\/\/www.eldigitaldeasturias.com\/noticias\/author\/admin\/#author"},"image":{"@type":"ImageObject","url":"https:\/\/www.eldigitaldeasturias.com\/noticias\/wp-content\/uploads\/2023\/12\/Rafah-frontera.jpg","@id":"https:\/\/www.eldigitaldeasturias.com\/noticias\/rafah-la-frontera-entre-el-puerto-seguro-y-la-guerra\/#mainImage","width":1090,"height":653,"caption":"Un conductor que lleva palestinos a la frontera para regresar a la Franja de Gaza junto a su coche en el paso fronterizo de Rafah. Foto: Johannes Sadek\/dpa"},"primaryImageOfPage":{"@id":"https:\/\/www.eldigitaldeasturias.com\/noticias\/rafah-la-frontera-entre-el-puerto-seguro-y-la-guerra\/#mainImage"},"datePublished":"2023-12-08T04:43:11+01:00","dateModified":"2023-12-08T04:44:02+01:00"},{"@type":"WebSite","@id":"https:\/\/www.eldigitaldeasturias.com\/noticias\/#website","url":"https:\/\/www.eldigitaldeasturias.com\/noticias\/","name":"El Digital de Asturias - Diario de actualidad y noticias","alternateName":"El Digital de Asturias - Diario de actualidad y noticias","description":"Hemeroteca","inLanguage":"es-ES","publisher":{"@id":"https:\/\/www.eldigitaldeasturias.com\/noticias\/#organization"}}]},"og:locale":"es_ES","og:site_name":"El Digital de Asturias","og:type":"article","og:title":"Rafah: La frontera entre el puerto seguro y la guerra - El Digital de Asturias","og:description":"(dpa) - Mamduh Jalil Abu Jasar hizo su primer viaje a trav\u00e9s de la frontera en esta guerra a mediados de noviembre. Una granada hab\u00eda estallado cerca","og:url":"https:\/\/www.eldigitaldeasturias.com\/noticias\/rafah-la-frontera-entre-el-puerto-seguro-y-la-guerra\/","og:image":"https:\/\/www.eldigitaldeasturias.com\/noticias\/wp-content\/uploads\/2023\/12\/Rafah-frontera.jpg","og:image:secure_url":"https:\/\/www.eldigitaldeasturias.com\/noticias\/wp-content\/uploads\/2023\/12\/Rafah-frontera.jpg","og:image:width":1090,"og:image:height":653,"article:tag":["actualidad","destacadas"],"article:published_time":"2023-12-08T03:43:11+00:00","article:modified_time":"2023-12-08T03:44:02+00:00","article:publisher":"https:\/\/facebook.com\/eldigitaldeasturias","twitter:card":"summary_large_image","twitter:title":"Rafah: La frontera entre el puerto seguro y la guerra - El Digital de Asturias","twitter:description":"(dpa) - Mamduh Jalil Abu Jasar hizo su primer viaje a trav\u00e9s de la frontera en esta guerra a mediados de noviembre. Una granada hab\u00eda estallado cerca","twitter:image":"https:\/\/www.eldigitaldeasturias.com\/noticias\/wp-content\/uploads\/2023\/12\/Rafah-frontera.jpg","twitter:label1":"Escrito por","twitter:data1":"El Digital de Asturias","twitter:label2":"Tiempo de lectura estimado","twitter:data2":"6 minutos"},"aioseo_meta_data":{"post_id":"1127430","title":null,"description":"(dpa) - Mamduh Jalil Abu Jasar hizo su primer viaje a trav\u00e9s de la frontera en esta guerra a mediados de noviembre. Una granada hab\u00eda estallado cerca","keywords":[],"keyphrases":{"focus":{"keyphrase":"frontera","score":91,"analysis":{"keyphraseInTitle":{"score":9,"maxScore":9,"error":0},"keyphraseInDescription":{"score":9,"maxScore":9,"error":0},"keyphraseLength":{"score":9,"maxScore":9,"error":0,"length":1},"keyphraseInURL":{"score":5,"maxScore":5,"error":0},"keyphraseInIntroduction":{"score":9,"maxScore":9,"error":0},"keyphraseInSubHeadings":{"score":3,"maxScore":9,"error":1},"keyphraseInImageAlt":{"score":9,"maxScore":9,"error":0},"keywordDensity":{"type":"best","score":9,"maxScore":9,"error":0}}},"additional":[{"keyphrase":"Rafah","score":73,"analysis":{"keyphraseInDescription":{"score":3,"maxScore":9,"error":1},"keyphraseLength":{"score":9,"maxScore":9,"error":0,"length":1},"keyphraseInIntroduction":{"score":3,"maxScore":9,"error":1},"keyphraseInImageAlt":{"score":9,"maxScore":9,"error":0},"keywordDensity":{"type":"best","score":9,"maxScore":9,"error":0}}},{"keyphrase":"frontera","score":100,"analysis":{"keyphraseInDescription":{"score":9,"maxScore":9,"error":0},"keyphraseLength":{"score":9,"maxScore":9,"error":0,"length":1},"keyphraseInIntroduction":{"score":9,"maxScore":9,"error":0},"keyphraseInImageAlt":{"score":9,"maxScore":9,"error":0},"keywordDensity":{"type":"best","score":9,"maxScore":9,"error":0}}}]},"primary_term":null,"canonical_url":null,"og_title":null,"og_description":null,"og_object_type":"default","og_image_type":"default","og_image_url":null,"og_image_width":null,"og_image_height":null,"og_image_custom_url":null,"og_image_custom_fields":null,"og_video":"","og_custom_url":null,"og_article_section":null,"og_article_tags":[],"twitter_use_og":false,"twitter_card":"default","twitter_image_type":"default","twitter_image_url":null,"twitter_image_custom_url":null,"twitter_image_custom_fields":null,"twitter_title":null,"twitter_description":null,"schema":{"blockGraphs":[],"customGraphs":[],"default":{"data":{"Article":[],"Course":[],"Dataset":[],"FAQPage":[],"Movie":[],"Person":[],"Product":[],"ProductReview":[],"Car":[],"Recipe":[],"Service":[],"SoftwareApplication":[],"WebPage":[]},"graphName":"BlogPosting","isEnabled":true},"graphs":[]},"schema_type":"default","schema_type_options":null,"pillar_content":false,"robots_default":true,"robots_noindex":false,"robots_noarchive":false,"robots_nosnippet":false,"robots_nofollow":false,"robots_noimageindex":false,"robots_noodp":false,"robots_notranslate":false,"robots_max_snippet":"-1","robots_max_videopreview":"-1","robots_max_imagepreview":"large","priority":null,"frequency":"default","local_seo":null,"seo_analyzer_scan_date":"2025-10-05 22:57:24","breadcrumb_settings":null,"limit_modified_date":false,"open_ai":"{\"title\":{\"suggestions\":[],\"usage\":0},\"description\":{\"suggestions\":[],\"usage\":0}}","ai":null,"created":"2023-12-08 03:32:35","updated":"2025-10-09 05:03:26"},"aioseo_breadcrumb":"<div class=\"aioseo-breadcrumbs\"><span class=\"aioseo-breadcrumb\">\n\t<a href=\"https:\/\/www.eldigitaldeasturias.com\/noticias\" title=\"Home\">Home<\/a>\n<\/span><span class=\"aioseo-breadcrumb-separator\">\u2013<\/span><span class=\"aioseo-breadcrumb\">\n\t<a href=\"https:\/\/www.eldigitaldeasturias.com\/noticias\/category\/actualidad\/\" title=\"Actualidad\">Actualidad<\/a>\n<\/span><span class=\"aioseo-breadcrumb-separator\">\u2013<\/span><span class=\"aioseo-breadcrumb\">\n\t<a href=\"https:\/\/www.eldigitaldeasturias.com\/noticias\/rafah-la-frontera-entre-el-puerto-seguro-y-la-guerra\/\" title=\"Rafah: La frontera entre el puerto seguro y la guerra\">Rafah: La frontera entre el puerto seguro y la guerra<\/a>\n<\/span><\/div>","aioseo_breadcrumb_json":[{"label":"Home","link":"https:\/\/www.eldigitaldeasturias.com\/noticias"},{"label":"Actualidad","link":"https:\/\/www.eldigitaldeasturias.com\/noticias\/category\/actualidad\/"},{"label":"Rafah: La frontera entre el puerto seguro y la guerra","link":"https:\/\/www.eldigitaldeasturias.com\/noticias\/rafah-la-frontera-entre-el-puerto-seguro-y-la-guerra\/"}],"_links":{"self":[{"href":"https:\/\/www.eldigitaldeasturias.com\/noticias\/wp-json\/wp\/v2\/posts\/1127430","targetHints":{"allow":["GET"]}}],"collection":[{"href":"https:\/\/www.eldigitaldeasturias.com\/noticias\/wp-json\/wp\/v2\/posts"}],"about":[{"href":"https:\/\/www.eldigitaldeasturias.com\/noticias\/wp-json\/wp\/v2\/types\/post"}],"author":[{"embeddable":true,"href":"https:\/\/www.eldigitaldeasturias.com\/noticias\/wp-json\/wp\/v2\/users\/1"}],"replies":[{"embeddable":true,"href":"https:\/\/www.eldigitaldeasturias.com\/noticias\/wp-json\/wp\/v2\/comments?post=1127430"}],"version-history":[{"count":0,"href":"https:\/\/www.eldigitaldeasturias.com\/noticias\/wp-json\/wp\/v2\/posts\/1127430\/revisions"}],"wp:featuredmedia":[{"embeddable":true,"href":"https:\/\/www.eldigitaldeasturias.com\/noticias\/wp-json\/wp\/v2\/media\/1127431"}],"wp:attachment":[{"href":"https:\/\/www.eldigitaldeasturias.com\/noticias\/wp-json\/wp\/v2\/media?parent=1127430"}],"wp:term":[{"taxonomy":"category","embeddable":true,"href":"https:\/\/www.eldigitaldeasturias.com\/noticias\/wp-json\/wp\/v2\/categories?post=1127430"},{"taxonomy":"post_tag","embeddable":true,"href":"https:\/\/www.eldigitaldeasturias.com\/noticias\/wp-json\/wp\/v2\/tags?post=1127430"}],"curies":[{"name":"wp","href":"https:\/\/api.w.org\/{rel}","templated":true}]}}