{"id":1127422,"date":"2023-12-08T03:47:16","date_gmt":"2023-12-08T02:47:16","guid":{"rendered":"https:\/\/www.eldigitaldeasturias.com\/noticias\/?p=1127422"},"modified":"2023-12-08T03:47:16","modified_gmt":"2023-12-08T02:47:16","slug":"agricultura-vertical-para-cultivar-plantas-de-forma-sostenible","status":"publish","type":"post","link":"https:\/\/www.eldigitaldeasturias.com\/noticias\/agricultura-vertical-para-cultivar-plantas-de-forma-sostenible\/","title":{"rendered":"Agricultura vertical para cultivar plantas de forma sostenible"},"content":{"rendered":"<p>(<strong><a title=\"dpa\" href=\"https:\/\/www.dpa-news.de\/\" target=\"_blank\" rel=\"noopener\"><span style=\"color: #ff6600;\">dpa<\/span><\/a><\/strong>) &#8211; En las estanter\u00edas del pabell\u00f3n 24 de la feria Agritechnica de la ciudad alemana de Hannover se apilan innumerables plantas. <strong>Pero en lugar de estar iluminadas por el sol, lo est\u00e1n por luces LED rojas o azules.<\/strong><\/p>\n<figure id=\"attachment_1127423\" aria-describedby=\"caption-attachment-1127423\" style=\"width: 650px\" class=\"wp-caption aligncenter\"><img loading=\"lazy\" decoding=\"async\" class=\"wp-image-1127423 size-large\" src=\"https:\/\/www.eldigitaldeasturias.com\/noticias\/wp-content\/uploads\/2023\/12\/Agricultura-vertical-para-plantas-650x414.jpg\" alt=\"Agricultura vertical para plantas\" width=\"650\" height=\"414\" srcset=\"https:\/\/www.eldigitaldeasturias.com\/noticias\/wp-content\/uploads\/2023\/12\/Agricultura-vertical-para-plantas-650x414.jpg 650w, https:\/\/www.eldigitaldeasturias.com\/noticias\/wp-content\/uploads\/2023\/12\/Agricultura-vertical-para-plantas-360x229.jpg 360w, https:\/\/www.eldigitaldeasturias.com\/noticias\/wp-content\/uploads\/2023\/12\/Agricultura-vertical-para-plantas-471x300.jpg 471w, https:\/\/www.eldigitaldeasturias.com\/noticias\/wp-content\/uploads\/2023\/12\/Agricultura-vertical-para-plantas-768x489.jpg 768w, https:\/\/www.eldigitaldeasturias.com\/noticias\/wp-content\/uploads\/2023\/12\/Agricultura-vertical-para-plantas-150x95.jpg 150w, https:\/\/www.eldigitaldeasturias.com\/noticias\/wp-content\/uploads\/2023\/12\/Agricultura-vertical-para-plantas-450x286.jpg 450w, https:\/\/www.eldigitaldeasturias.com\/noticias\/wp-content\/uploads\/2023\/12\/Agricultura-vertical-para-plantas.jpg 1048w\" sizes=\"auto, (max-width: 650px) 100vw, 650px\" \/><figcaption id=\"caption-attachment-1127423\" class=\"wp-caption-text\">Un concepto de cultivo vertical de ASA Automation expuesto en la feria l\u00edder de tecnolog\u00eda agr\u00edcola Agritechnica. Foto: Julian Stratenschulte\/dpa<\/figcaption><\/figure>\n<p>Ya sean frutas u hortalizas, con este m\u00e9todo se pueden <strong>cultivar plantas de forma sostenible en escasos metros cuadrados a varios niveles<\/strong>: es lo que se conoce como agricultura vertical.<\/p>\n<p>En la feria de tecnolog\u00eda agr\u00edcola de este a\u00f1o, los investigadores presentaron las ventajas de estas \u00abInhouse Farming\u00bb (huertas en el interior).<\/p>\n<p>Una gran ventaja del cultivo vertical es el uso eficiente del espacio. \u00abEn el exterior, en un campo convencional, podemos producir 2,5 kilogramos de boniato por metro cuadrado, mientras que en un sistema de cultivo convencional cosechamos 7,5 kilogramos por metro cuadrado\u00bb, explica Finn Petersen, de la Universidad de Osnabr\u00fcck, en el oeste de Alemania.<\/p>\n<blockquote><p>Adem\u00e1s, en campo abierto se obtiene una cosecha al a\u00f1o mientras que en el interior pueden conseguirse hasta tres.<\/p><\/blockquote>\n<p>Seg\u00fan el centro de informaci\u00f3n agraria alem\u00e1n, la superficie utilizable para la agricultura es cada vez menor. <strong>Cada vez se pierde m\u00e1s suelo f\u00e9rtil debido a los monocultivos, el uso de productos qu\u00edmicos y el sobrepastoreo, entre otros.<\/strong><\/p>\n<p>A esto se a\u00f1aden las consecuencias del cambio clim\u00e1tico: los fen\u00f3menos meteorol\u00f3gicos extremos, como las lluvias torrenciales y la sequ\u00eda, aumentan constantemente y provocan una disminuci\u00f3n del rendimiento de los cultivos.<\/p>\n<p><strong>Seg\u00fan las previsiones de Naciones Unidas, en 2050 habr\u00e1 en la Tierra unos 9.700 millones de habitantes, casi 2.000 millones m\u00e1s que ahora<\/strong>. De ellos, unos 6.000 millones vivir\u00e1n en centros urbanos, y todas estas personas necesitar\u00e1n abastecerse de <a href=\"https:\/\/www.eldigitaldeasturias.com\/noticias\/category\/gastronomia\/\"><span style=\"color: #ff6600;\"><strong>alimentos<\/strong><\/span><\/a>. Seg\u00fan los expertos, la agricultura vertical podr\u00eda ser una soluci\u00f3n.<\/p>\n<p><strong>\u00abNecesitamos una transformaci\u00f3n del sector agr\u00edcola\u00bb, afirma Heike Susanne Mempel, de la Universidad de Ciencias Aplicadas de Weihenstephan-Triesdorf,<\/strong> en el sur de Alemania.<\/p>\n<p>\u00abOtra ventaja de la agricultura en el interior es que solo se utiliza para el cultivo la cantidad de agua que realmente se necesita\u00bb, subraya Petersen. As\u00ed se ahorra agua de forma eficaz. Se utiliza mucha m\u00e1s en el campo que en un sistema de cultivo vertical.<\/p>\n<blockquote><p>\u00abNo hay ning\u00fan otro sistema que utilice tan poca agua como el sistema de cultivo vertical\u00bb, afirma Mempel. Sin embargo, admite que las necesidades energ\u00e9ticas del sistema de cultivo vertical son muy elevadas. \u00abHay que encontrar soluciones para esto\u00bb, agrega.<\/p><\/blockquote>\n<p>Adem\u00e1s, las hortalizas cl\u00e1sicas, como los tomates o los pimientos, tienen menos potencial en la agricultura vertical en Europa. <strong>\u00abHay sistemas muy eficientes en invernaderos y fuerte competencia en las regiones meridionales, as\u00ed que no llegaremos muy r\u00e1pido a una zona econ\u00f3micamente rentable con la agricultura vertical en Europa\u00bb, estima la experta.<\/strong><\/p>\n<p>Seg\u00fan Mempel, los tradicionales campos al exterior no desaparecer\u00e1n por completo. \u00abSeguiremos necesitando todos los sistemas de cultivo\u00bb, afirma. \u00abSeguiremos necesitando campos abiertos en el futuro, necesitaremos invernaderos y, a medio plazo, estoy convencida de que tambi\u00e9n veremos huertas verticales con mucha m\u00e1s frecuencia\u00bb.<\/p>\n<p><strong>La edici\u00f3n de Agritechnica de este a\u00f1o cont\u00f3 con 2.811 expositores de 53 pa\u00edses distintos. El tema principal de la feria<\/strong>, que tuvo lugar a fines de noviembre, fue \u00abProductividad verde\u00bb, es decir, c\u00f3mo producir m\u00e1s utilizando menos recursos.<\/p>\n<p><i class=\"lang-es\"><span class=\" readonly\" title=\"\">Por Philip Dulian (dpa)<\/span><\/i><\/p>\n","protected":false},"excerpt":{"rendered":"<p>(dpa) &#8211; En las estanter\u00edas del pabell\u00f3n 24 de la feria Agritechnica de la ciudad alemana de Hannover se apilan innumerables plantas. Pero en lugar de estar iluminadas por el sol, lo est\u00e1n por luces LED rojas o azules. Ya sean frutas u hortalizas, con este m\u00e9todo se pueden cultivar plantas de forma sostenible en [&hellip;]<\/p>\n","protected":false},"author":1,"featured_media":1127423,"comment_status":"closed","ping_status":"closed","sticky":false,"template":"","format":"standard","meta":{"footnotes":""},"categories":[1],"tags":[],"class_list":["post-1127422","post","type-post","status-publish","format-standard","has-post-thumbnail","hentry","category-actualidad"],"aioseo_notices":[],"aioseo_head":"\n\t\t<!-- All in One SEO Pro 4.9.6.2 - aioseo.com -->\n\t<meta name=\"description\" content=\"(dpa) - En las estanter\u00edas del pabell\u00f3n 24 de la feria Agritechnica de la ciudad alemana de Hannover se apilan innumerables plantas. Pero en lugar de estar\" \/>\n\t<meta name=\"robots\" content=\"max-image-preview:large\" \/>\n\t<meta name=\"author\" content=\"El Digital de Asturias\"\/>\n\t<meta name=\"google-site-verification\" content=\"UA-38556648-1\" \/>\n\t<meta name=\"msvalidate.01\" content=\"7dfe9f3f1b24437ab69f4f2559babe99\" \/>\n\t<meta name=\"keywords\" content=\"actualidad\" \/>\n\t<link rel=\"canonical\" href=\"https:\/\/www.eldigitaldeasturias.com\/noticias\/agricultura-vertical-para-cultivar-plantas-de-forma-sostenible\/\" \/>\n\t<meta name=\"generator\" content=\"All in One SEO Pro (AIOSEO) 4.9.6.2\" \/>\n\t\t<meta property=\"og:locale\" content=\"es_ES\" \/>\n\t\t<meta property=\"og:site_name\" content=\"El Digital de Asturias\" \/>\n\t\t<meta property=\"og:type\" content=\"article\" \/>\n\t\t<meta property=\"og:title\" content=\"Agricultura vertical para cultivar plantas de forma sostenible - El Digital de Asturias\" \/>\n\t\t<meta property=\"og:description\" content=\"(dpa) - En las estanter\u00edas del pabell\u00f3n 24 de la feria Agritechnica de la ciudad alemana de Hannover se apilan innumerables plantas. Pero en lugar de estar\" \/>\n\t\t<meta property=\"og:url\" content=\"https:\/\/www.eldigitaldeasturias.com\/noticias\/agricultura-vertical-para-cultivar-plantas-de-forma-sostenible\/\" \/>\n\t\t<meta property=\"og:image\" content=\"https:\/\/www.eldigitaldeasturias.com\/noticias\/wp-content\/uploads\/2023\/12\/Agricultura-vertical-para-plantas.jpg\" \/>\n\t\t<meta property=\"og:image:secure_url\" content=\"https:\/\/www.eldigitaldeasturias.com\/noticias\/wp-content\/uploads\/2023\/12\/Agricultura-vertical-para-plantas.jpg\" \/>\n\t\t<meta property=\"og:image:width\" content=\"1048\" \/>\n\t\t<meta property=\"og:image:height\" content=\"667\" \/>\n\t\t<meta property=\"article:tag\" content=\"actualidad\" \/>\n\t\t<meta property=\"article:published_time\" content=\"2023-12-08T02:47:16+00:00\" \/>\n\t\t<meta property=\"article:modified_time\" content=\"2023-12-08T02:47:16+00:00\" \/>\n\t\t<meta property=\"article:publisher\" content=\"https:\/\/facebook.com\/eldigitaldeasturias\" \/>\n\t\t<meta name=\"twitter:card\" content=\"summary_large_image\" \/>\n\t\t<meta name=\"twitter:title\" content=\"Agricultura vertical para cultivar plantas de forma sostenible - El Digital de Asturias\" \/>\n\t\t<meta name=\"twitter:description\" content=\"(dpa) - En las estanter\u00edas del pabell\u00f3n 24 de la feria Agritechnica de la ciudad alemana de Hannover se apilan innumerables plantas. Pero en lugar de estar\" \/>\n\t\t<meta name=\"twitter:image\" content=\"https:\/\/www.eldigitaldeasturias.com\/noticias\/wp-content\/uploads\/2023\/12\/Agricultura-vertical-para-plantas.jpg\" \/>\n\t\t<meta name=\"twitter:label1\" content=\"Escrito por\" \/>\n\t\t<meta name=\"twitter:data1\" content=\"El Digital de Asturias\" \/>\n\t\t<meta name=\"twitter:label2\" content=\"Tiempo de lectura estimado\" \/>\n\t\t<meta name=\"twitter:data2\" content=\"3 minutos\" \/>\n\t\t<script type=\"application\/ld+json\" class=\"aioseo-schema\">\n\t\t\t{\"@context\":\"https:\\\/\\\/schema.org\",\"@graph\":[{\"@type\":\"BlogPosting\",\"@id\":\"https:\\\/\\\/www.eldigitaldeasturias.com\\\/noticias\\\/agricultura-vertical-para-cultivar-plantas-de-forma-sostenible\\\/#blogposting\",\"name\":\"Agricultura vertical para cultivar plantas de forma sostenible - El Digital de Asturias\",\"headline\":\"Agricultura vertical para cultivar plantas de forma sostenible\",\"author\":{\"@id\":\"https:\\\/\\\/www.eldigitaldeasturias.com\\\/noticias\\\/author\\\/admin\\\/#author\"},\"publisher\":{\"@id\":\"https:\\\/\\\/www.eldigitaldeasturias.com\\\/noticias\\\/#organization\"},\"image\":{\"@type\":\"ImageObject\",\"url\":\"https:\\\/\\\/www.eldigitaldeasturias.com\\\/noticias\\\/wp-content\\\/uploads\\\/2023\\\/12\\\/Agricultura-vertical-para-plantas.jpg\",\"width\":1048,\"height\":667,\"caption\":\"Un concepto de cultivo vertical de ASA Automation expuesto en la feria l\\u00edder de tecnolog\\u00eda agr\\u00edcola Agritechnica. Foto: Julian Stratenschulte\\\/dpa\"},\"datePublished\":\"2023-12-08T03:47:16+01:00\",\"dateModified\":\"2023-12-08T03:47:16+01:00\",\"inLanguage\":\"es-ES\",\"mainEntityOfPage\":{\"@id\":\"https:\\\/\\\/www.eldigitaldeasturias.com\\\/noticias\\\/agricultura-vertical-para-cultivar-plantas-de-forma-sostenible\\\/#webpage\"},\"isPartOf\":{\"@id\":\"https:\\\/\\\/www.eldigitaldeasturias.com\\\/noticias\\\/agricultura-vertical-para-cultivar-plantas-de-forma-sostenible\\\/#webpage\"},\"articleSection\":\"Actualidad\"},{\"@type\":\"BreadcrumbList\",\"@id\":\"https:\\\/\\\/www.eldigitaldeasturias.com\\\/noticias\\\/agricultura-vertical-para-cultivar-plantas-de-forma-sostenible\\\/#breadcrumblist\",\"itemListElement\":[{\"@type\":\"ListItem\",\"@id\":\"https:\\\/\\\/www.eldigitaldeasturias.com\\\/noticias#listItem\",\"position\":1,\"name\":\"Home\",\"item\":\"https:\\\/\\\/www.eldigitaldeasturias.com\\\/noticias\",\"nextItem\":{\"@type\":\"ListItem\",\"@id\":\"https:\\\/\\\/www.eldigitaldeasturias.com\\\/noticias\\\/category\\\/actualidad\\\/#listItem\",\"name\":\"Actualidad\"}},{\"@type\":\"ListItem\",\"@id\":\"https:\\\/\\\/www.eldigitaldeasturias.com\\\/noticias\\\/category\\\/actualidad\\\/#listItem\",\"position\":2,\"name\":\"Actualidad\",\"item\":\"https:\\\/\\\/www.eldigitaldeasturias.com\\\/noticias\\\/category\\\/actualidad\\\/\",\"nextItem\":{\"@type\":\"ListItem\",\"@id\":\"https:\\\/\\\/www.eldigitaldeasturias.com\\\/noticias\\\/agricultura-vertical-para-cultivar-plantas-de-forma-sostenible\\\/#listItem\",\"name\":\"Agricultura vertical para cultivar plantas de forma sostenible\"},\"previousItem\":{\"@type\":\"ListItem\",\"@id\":\"https:\\\/\\\/www.eldigitaldeasturias.com\\\/noticias#listItem\",\"name\":\"Home\"}},{\"@type\":\"ListItem\",\"@id\":\"https:\\\/\\\/www.eldigitaldeasturias.com\\\/noticias\\\/agricultura-vertical-para-cultivar-plantas-de-forma-sostenible\\\/#listItem\",\"position\":3,\"name\":\"Agricultura vertical para cultivar plantas de forma sostenible\",\"previousItem\":{\"@type\":\"ListItem\",\"@id\":\"https:\\\/\\\/www.eldigitaldeasturias.com\\\/noticias\\\/category\\\/actualidad\\\/#listItem\",\"name\":\"Actualidad\"}}]},{\"@type\":\"Organization\",\"@id\":\"https:\\\/\\\/www.eldigitaldeasturias.com\\\/noticias\\\/#organization\",\"name\":\"El Digital de Asturias\",\"description\":\"Hemeroteca\",\"url\":\"https:\\\/\\\/www.eldigitaldeasturias.com\\\/noticias\\\/\",\"email\":\"info@eldigitaldeasturias.com\",\"telephone\":\"+34652131393\",\"logo\":{\"@type\":\"ImageObject\",\"url\":\"https:\\\/\\\/www.eldigitaldeasturias.com\\\/noticias\\\/wp-content\\\/uploads\\\/2020\\\/12\\\/EDA.jpg\",\"@id\":\"https:\\\/\\\/www.eldigitaldeasturias.com\\\/noticias\\\/agricultura-vertical-para-cultivar-plantas-de-forma-sostenible\\\/#organizationLogo\",\"width\":649,\"height\":297},\"image\":{\"@id\":\"https:\\\/\\\/www.eldigitaldeasturias.com\\\/noticias\\\/agricultura-vertical-para-cultivar-plantas-de-forma-sostenible\\\/#organizationLogo\"},\"sameAs\":[\"https:\\\/\\\/facebook.com\\\/eldigitaldeasturias\",\"https:\\\/\\\/www.youtube.com\\\/channel\\\/UCZP-2wLEB9Rv6erhFmqVnvg\"],\"address\":{\"@id\":\"https:\\\/\\\/www.eldigitaldeasturias.com\\\/noticias\\\/#postaladdress\",\"@type\":\"PostalAddress\",\"streetAddress\":\"san antonio 4,\",\"postalCode\":\"33430\",\"addressLocality\":\"Cand\\u00e1s\",\"addressRegion\":\"Asturias\",\"addressCountry\":\"ES\"}},{\"@type\":\"Person\",\"@id\":\"https:\\\/\\\/www.eldigitaldeasturias.com\\\/noticias\\\/author\\\/admin\\\/#author\",\"url\":\"https:\\\/\\\/www.eldigitaldeasturias.com\\\/noticias\\\/author\\\/admin\\\/\",\"name\":\"El Digital de Asturias\",\"image\":{\"@type\":\"ImageObject\",\"@id\":\"https:\\\/\\\/www.eldigitaldeasturias.com\\\/noticias\\\/agricultura-vertical-para-cultivar-plantas-de-forma-sostenible\\\/#authorImage\",\"url\":\"https:\\\/\\\/www.eldigitaldeasturias.com\\\/noticias\\\/wp-content\\\/litespeed\\\/avatar\\\/18677e78aa0546b92d9dbf31ec7d7668.jpg?ver=1777290358\",\"width\":96,\"height\":96,\"caption\":\"El Digital de Asturias\"}},{\"@type\":\"WebPage\",\"@id\":\"https:\\\/\\\/www.eldigitaldeasturias.com\\\/noticias\\\/agricultura-vertical-para-cultivar-plantas-de-forma-sostenible\\\/#webpage\",\"url\":\"https:\\\/\\\/www.eldigitaldeasturias.com\\\/noticias\\\/agricultura-vertical-para-cultivar-plantas-de-forma-sostenible\\\/\",\"name\":\"Agricultura vertical para cultivar plantas de forma sostenible - El Digital de Asturias\",\"description\":\"(dpa) - En las estanter\\u00edas del pabell\\u00f3n 24 de la feria Agritechnica de la ciudad alemana de Hannover se apilan innumerables plantas. Pero en lugar de estar\",\"inLanguage\":\"es-ES\",\"isPartOf\":{\"@id\":\"https:\\\/\\\/www.eldigitaldeasturias.com\\\/noticias\\\/#website\"},\"breadcrumb\":{\"@id\":\"https:\\\/\\\/www.eldigitaldeasturias.com\\\/noticias\\\/agricultura-vertical-para-cultivar-plantas-de-forma-sostenible\\\/#breadcrumblist\"},\"author\":{\"@id\":\"https:\\\/\\\/www.eldigitaldeasturias.com\\\/noticias\\\/author\\\/admin\\\/#author\"},\"creator\":{\"@id\":\"https:\\\/\\\/www.eldigitaldeasturias.com\\\/noticias\\\/author\\\/admin\\\/#author\"},\"image\":{\"@type\":\"ImageObject\",\"url\":\"https:\\\/\\\/www.eldigitaldeasturias.com\\\/noticias\\\/wp-content\\\/uploads\\\/2023\\\/12\\\/Agricultura-vertical-para-plantas.jpg\",\"@id\":\"https:\\\/\\\/www.eldigitaldeasturias.com\\\/noticias\\\/agricultura-vertical-para-cultivar-plantas-de-forma-sostenible\\\/#mainImage\",\"width\":1048,\"height\":667,\"caption\":\"Un concepto de cultivo vertical de ASA Automation expuesto en la feria l\\u00edder de tecnolog\\u00eda agr\\u00edcola Agritechnica. Foto: Julian Stratenschulte\\\/dpa\"},\"primaryImageOfPage\":{\"@id\":\"https:\\\/\\\/www.eldigitaldeasturias.com\\\/noticias\\\/agricultura-vertical-para-cultivar-plantas-de-forma-sostenible\\\/#mainImage\"},\"datePublished\":\"2023-12-08T03:47:16+01:00\",\"dateModified\":\"2023-12-08T03:47:16+01:00\"},{\"@type\":\"WebSite\",\"@id\":\"https:\\\/\\\/www.eldigitaldeasturias.com\\\/noticias\\\/#website\",\"url\":\"https:\\\/\\\/www.eldigitaldeasturias.com\\\/noticias\\\/\",\"name\":\"El Digital de Asturias - Diario de actualidad y noticias\",\"alternateName\":\"El Digital de Asturias - Diario de actualidad y noticias\",\"description\":\"Hemeroteca\",\"inLanguage\":\"es-ES\",\"publisher\":{\"@id\":\"https:\\\/\\\/www.eldigitaldeasturias.com\\\/noticias\\\/#organization\"}}]}\n\t\t<\/script>\n\t\t<!-- All in One SEO Pro -->\r\n\t\t<title>Agricultura vertical para cultivar plantas de forma sostenible - El Digital de Asturias<\/title>\n\n","aioseo_head_json":{"title":"Agricultura vertical para cultivar plantas de forma sostenible - El Digital de Asturias","description":"(dpa) - En las estanter\u00edas del pabell\u00f3n 24 de la feria Agritechnica de la ciudad alemana de Hannover se apilan innumerables plantas. Pero en lugar de estar","canonical_url":"https:\/\/www.eldigitaldeasturias.com\/noticias\/agricultura-vertical-para-cultivar-plantas-de-forma-sostenible\/","robots":"max-image-preview:large","keywords":"actualidad","webmasterTools":{"google-site-verification":"UA-38556648-1","msvalidate.01":"7dfe9f3f1b24437ab69f4f2559babe99","miscellaneous":""},"schema":{"@context":"https:\/\/schema.org","@graph":[{"@type":"BlogPosting","@id":"https:\/\/www.eldigitaldeasturias.com\/noticias\/agricultura-vertical-para-cultivar-plantas-de-forma-sostenible\/#blogposting","name":"Agricultura vertical para cultivar plantas de forma sostenible - El Digital de Asturias","headline":"Agricultura vertical para cultivar plantas de forma sostenible","author":{"@id":"https:\/\/www.eldigitaldeasturias.com\/noticias\/author\/admin\/#author"},"publisher":{"@id":"https:\/\/www.eldigitaldeasturias.com\/noticias\/#organization"},"image":{"@type":"ImageObject","url":"https:\/\/www.eldigitaldeasturias.com\/noticias\/wp-content\/uploads\/2023\/12\/Agricultura-vertical-para-plantas.jpg","width":1048,"height":667,"caption":"Un concepto de cultivo vertical de ASA Automation expuesto en la feria l\u00edder de tecnolog\u00eda agr\u00edcola Agritechnica. Foto: Julian Stratenschulte\/dpa"},"datePublished":"2023-12-08T03:47:16+01:00","dateModified":"2023-12-08T03:47:16+01:00","inLanguage":"es-ES","mainEntityOfPage":{"@id":"https:\/\/www.eldigitaldeasturias.com\/noticias\/agricultura-vertical-para-cultivar-plantas-de-forma-sostenible\/#webpage"},"isPartOf":{"@id":"https:\/\/www.eldigitaldeasturias.com\/noticias\/agricultura-vertical-para-cultivar-plantas-de-forma-sostenible\/#webpage"},"articleSection":"Actualidad"},{"@type":"BreadcrumbList","@id":"https:\/\/www.eldigitaldeasturias.com\/noticias\/agricultura-vertical-para-cultivar-plantas-de-forma-sostenible\/#breadcrumblist","itemListElement":[{"@type":"ListItem","@id":"https:\/\/www.eldigitaldeasturias.com\/noticias#listItem","position":1,"name":"Home","item":"https:\/\/www.eldigitaldeasturias.com\/noticias","nextItem":{"@type":"ListItem","@id":"https:\/\/www.eldigitaldeasturias.com\/noticias\/category\/actualidad\/#listItem","name":"Actualidad"}},{"@type":"ListItem","@id":"https:\/\/www.eldigitaldeasturias.com\/noticias\/category\/actualidad\/#listItem","position":2,"name":"Actualidad","item":"https:\/\/www.eldigitaldeasturias.com\/noticias\/category\/actualidad\/","nextItem":{"@type":"ListItem","@id":"https:\/\/www.eldigitaldeasturias.com\/noticias\/agricultura-vertical-para-cultivar-plantas-de-forma-sostenible\/#listItem","name":"Agricultura vertical para cultivar plantas de forma sostenible"},"previousItem":{"@type":"ListItem","@id":"https:\/\/www.eldigitaldeasturias.com\/noticias#listItem","name":"Home"}},{"@type":"ListItem","@id":"https:\/\/www.eldigitaldeasturias.com\/noticias\/agricultura-vertical-para-cultivar-plantas-de-forma-sostenible\/#listItem","position":3,"name":"Agricultura vertical para cultivar plantas de forma sostenible","previousItem":{"@type":"ListItem","@id":"https:\/\/www.eldigitaldeasturias.com\/noticias\/category\/actualidad\/#listItem","name":"Actualidad"}}]},{"@type":"Organization","@id":"https:\/\/www.eldigitaldeasturias.com\/noticias\/#organization","name":"El Digital de Asturias","description":"Hemeroteca","url":"https:\/\/www.eldigitaldeasturias.com\/noticias\/","email":"info@eldigitaldeasturias.com","telephone":"+34652131393","logo":{"@type":"ImageObject","url":"https:\/\/www.eldigitaldeasturias.com\/noticias\/wp-content\/uploads\/2020\/12\/EDA.jpg","@id":"https:\/\/www.eldigitaldeasturias.com\/noticias\/agricultura-vertical-para-cultivar-plantas-de-forma-sostenible\/#organizationLogo","width":649,"height":297},"image":{"@id":"https:\/\/www.eldigitaldeasturias.com\/noticias\/agricultura-vertical-para-cultivar-plantas-de-forma-sostenible\/#organizationLogo"},"sameAs":["https:\/\/facebook.com\/eldigitaldeasturias","https:\/\/www.youtube.com\/channel\/UCZP-2wLEB9Rv6erhFmqVnvg"],"address":{"@id":"https:\/\/www.eldigitaldeasturias.com\/noticias\/#postaladdress","@type":"PostalAddress","streetAddress":"san antonio 4,","postalCode":"33430","addressLocality":"Cand\u00e1s","addressRegion":"Asturias","addressCountry":"ES"}},{"@type":"Person","@id":"https:\/\/www.eldigitaldeasturias.com\/noticias\/author\/admin\/#author","url":"https:\/\/www.eldigitaldeasturias.com\/noticias\/author\/admin\/","name":"El Digital de Asturias","image":{"@type":"ImageObject","@id":"https:\/\/www.eldigitaldeasturias.com\/noticias\/agricultura-vertical-para-cultivar-plantas-de-forma-sostenible\/#authorImage","url":"https:\/\/www.eldigitaldeasturias.com\/noticias\/wp-content\/litespeed\/avatar\/18677e78aa0546b92d9dbf31ec7d7668.jpg?ver=1777290358","width":96,"height":96,"caption":"El Digital de Asturias"}},{"@type":"WebPage","@id":"https:\/\/www.eldigitaldeasturias.com\/noticias\/agricultura-vertical-para-cultivar-plantas-de-forma-sostenible\/#webpage","url":"https:\/\/www.eldigitaldeasturias.com\/noticias\/agricultura-vertical-para-cultivar-plantas-de-forma-sostenible\/","name":"Agricultura vertical para cultivar plantas de forma sostenible - El Digital de Asturias","description":"(dpa) - En las estanter\u00edas del pabell\u00f3n 24 de la feria Agritechnica de la ciudad alemana de Hannover se apilan innumerables plantas. Pero en lugar de estar","inLanguage":"es-ES","isPartOf":{"@id":"https:\/\/www.eldigitaldeasturias.com\/noticias\/#website"},"breadcrumb":{"@id":"https:\/\/www.eldigitaldeasturias.com\/noticias\/agricultura-vertical-para-cultivar-plantas-de-forma-sostenible\/#breadcrumblist"},"author":{"@id":"https:\/\/www.eldigitaldeasturias.com\/noticias\/author\/admin\/#author"},"creator":{"@id":"https:\/\/www.eldigitaldeasturias.com\/noticias\/author\/admin\/#author"},"image":{"@type":"ImageObject","url":"https:\/\/www.eldigitaldeasturias.com\/noticias\/wp-content\/uploads\/2023\/12\/Agricultura-vertical-para-plantas.jpg","@id":"https:\/\/www.eldigitaldeasturias.com\/noticias\/agricultura-vertical-para-cultivar-plantas-de-forma-sostenible\/#mainImage","width":1048,"height":667,"caption":"Un concepto de cultivo vertical de ASA Automation expuesto en la feria l\u00edder de tecnolog\u00eda agr\u00edcola Agritechnica. Foto: Julian Stratenschulte\/dpa"},"primaryImageOfPage":{"@id":"https:\/\/www.eldigitaldeasturias.com\/noticias\/agricultura-vertical-para-cultivar-plantas-de-forma-sostenible\/#mainImage"},"datePublished":"2023-12-08T03:47:16+01:00","dateModified":"2023-12-08T03:47:16+01:00"},{"@type":"WebSite","@id":"https:\/\/www.eldigitaldeasturias.com\/noticias\/#website","url":"https:\/\/www.eldigitaldeasturias.com\/noticias\/","name":"El Digital de Asturias - Diario de actualidad y noticias","alternateName":"El Digital de Asturias - Diario de actualidad y noticias","description":"Hemeroteca","inLanguage":"es-ES","publisher":{"@id":"https:\/\/www.eldigitaldeasturias.com\/noticias\/#organization"}}]},"og:locale":"es_ES","og:site_name":"El Digital de Asturias","og:type":"article","og:title":"Agricultura vertical para cultivar plantas de forma sostenible - El Digital de Asturias","og:description":"(dpa) - En las estanter\u00edas del pabell\u00f3n 24 de la feria Agritechnica de la ciudad alemana de Hannover se apilan innumerables plantas. Pero en lugar de estar","og:url":"https:\/\/www.eldigitaldeasturias.com\/noticias\/agricultura-vertical-para-cultivar-plantas-de-forma-sostenible\/","og:image":"https:\/\/www.eldigitaldeasturias.com\/noticias\/wp-content\/uploads\/2023\/12\/Agricultura-vertical-para-plantas.jpg","og:image:secure_url":"https:\/\/www.eldigitaldeasturias.com\/noticias\/wp-content\/uploads\/2023\/12\/Agricultura-vertical-para-plantas.jpg","og:image:width":1048,"og:image:height":667,"article:tag":["actualidad"],"article:published_time":"2023-12-08T02:47:16+00:00","article:modified_time":"2023-12-08T02:47:16+00:00","article:publisher":"https:\/\/facebook.com\/eldigitaldeasturias","twitter:card":"summary_large_image","twitter:title":"Agricultura vertical para cultivar plantas de forma sostenible - El Digital de Asturias","twitter:description":"(dpa) - En las estanter\u00edas del pabell\u00f3n 24 de la feria Agritechnica de la ciudad alemana de Hannover se apilan innumerables plantas. Pero en lugar de estar","twitter:image":"https:\/\/www.eldigitaldeasturias.com\/noticias\/wp-content\/uploads\/2023\/12\/Agricultura-vertical-para-plantas.jpg","twitter:label1":"Escrito por","twitter:data1":"El Digital de Asturias","twitter:label2":"Tiempo de lectura estimado","twitter:data2":"3 minutos"},"aioseo_meta_data":{"post_id":"1127422","title":null,"description":"(dpa) - En las estanter\u00edas del pabell\u00f3n 24 de la feria Agritechnica de la ciudad alemana de Hannover se apilan innumerables plantas. Pero en lugar de estar","keywords":[],"keyphrases":{"focus":{"keyphrase":"plantas","score":78,"analysis":{"keyphraseInTitle":{"score":9,"maxScore":9,"error":0},"keyphraseInDescription":{"score":9,"maxScore":9,"error":0},"keyphraseLength":{"score":9,"maxScore":9,"error":0,"length":1},"keyphraseInURL":{"score":1,"maxScore":5,"error":1},"keyphraseInIntroduction":{"score":9,"maxScore":9,"error":0},"keyphraseInSubHeadings":[],"keyphraseInImageAlt":{"score":9,"maxScore":9,"error":0},"keywordDensity":{"score":0,"type":"low","maxScore":9,"error":1}}},"additional":[{"keyphrase":"plantas","score":80,"analysis":{"keyphraseInDescription":{"score":9,"maxScore":9,"error":0},"keyphraseLength":{"score":9,"maxScore":9,"error":0,"length":1},"keyphraseInIntroduction":{"score":9,"maxScore":9,"error":0},"keyphraseInImageAlt":{"score":9,"maxScore":9,"error":0},"keywordDensity":{"score":0,"type":"low","maxScore":9,"error":1}}}]},"primary_term":null,"canonical_url":null,"og_title":null,"og_description":null,"og_object_type":"default","og_image_type":"default","og_image_url":null,"og_image_width":null,"og_image_height":null,"og_image_custom_url":null,"og_image_custom_fields":null,"og_video":"","og_custom_url":null,"og_article_section":null,"og_article_tags":[],"twitter_use_og":false,"twitter_card":"default","twitter_image_type":"default","twitter_image_url":null,"twitter_image_custom_url":null,"twitter_image_custom_fields":null,"twitter_title":null,"twitter_description":null,"schema":{"blockGraphs":[],"customGraphs":[],"default":{"data":{"Article":[],"Course":[],"Dataset":[],"FAQPage":[],"Movie":[],"Person":[],"Product":[],"ProductReview":[],"Car":[],"Recipe":[],"Service":[],"SoftwareApplication":[],"WebPage":[]},"graphName":"BlogPosting","isEnabled":true},"graphs":[]},"schema_type":"default","schema_type_options":null,"pillar_content":false,"robots_default":true,"robots_noindex":false,"robots_noarchive":false,"robots_nosnippet":false,"robots_nofollow":false,"robots_noimageindex":false,"robots_noodp":false,"robots_notranslate":false,"robots_max_snippet":"-1","robots_max_videopreview":"-1","robots_max_imagepreview":"large","priority":null,"frequency":"default","local_seo":null,"seo_analyzer_scan_date":"2025-10-05 22:55:25","breadcrumb_settings":null,"limit_modified_date":false,"open_ai":"{\"title\":{\"suggestions\":[],\"usage\":0},\"description\":{\"suggestions\":[],\"usage\":0}}","ai":null,"created":"2023-12-08 02:24:39","updated":"2025-10-09 05:00:26"},"aioseo_breadcrumb":"<div class=\"aioseo-breadcrumbs\"><span class=\"aioseo-breadcrumb\">\n\t<a href=\"https:\/\/www.eldigitaldeasturias.com\/noticias\" title=\"Home\">Home<\/a>\n<\/span><span class=\"aioseo-breadcrumb-separator\">\u2013<\/span><span class=\"aioseo-breadcrumb\">\n\t<a href=\"https:\/\/www.eldigitaldeasturias.com\/noticias\/category\/actualidad\/\" title=\"Actualidad\">Actualidad<\/a>\n<\/span><span class=\"aioseo-breadcrumb-separator\">\u2013<\/span><span class=\"aioseo-breadcrumb\">\n\t<a href=\"https:\/\/www.eldigitaldeasturias.com\/noticias\/agricultura-vertical-para-cultivar-plantas-de-forma-sostenible\/\" title=\"Agricultura vertical para cultivar plantas de forma sostenible\">Agricultura vertical para cultivar plantas de forma sostenible<\/a>\n<\/span><\/div>","aioseo_breadcrumb_json":[{"label":"Home","link":"https:\/\/www.eldigitaldeasturias.com\/noticias"},{"label":"Actualidad","link":"https:\/\/www.eldigitaldeasturias.com\/noticias\/category\/actualidad\/"},{"label":"Agricultura vertical para cultivar plantas de forma sostenible","link":"https:\/\/www.eldigitaldeasturias.com\/noticias\/agricultura-vertical-para-cultivar-plantas-de-forma-sostenible\/"}],"_links":{"self":[{"href":"https:\/\/www.eldigitaldeasturias.com\/noticias\/wp-json\/wp\/v2\/posts\/1127422","targetHints":{"allow":["GET"]}}],"collection":[{"href":"https:\/\/www.eldigitaldeasturias.com\/noticias\/wp-json\/wp\/v2\/posts"}],"about":[{"href":"https:\/\/www.eldigitaldeasturias.com\/noticias\/wp-json\/wp\/v2\/types\/post"}],"author":[{"embeddable":true,"href":"https:\/\/www.eldigitaldeasturias.com\/noticias\/wp-json\/wp\/v2\/users\/1"}],"replies":[{"embeddable":true,"href":"https:\/\/www.eldigitaldeasturias.com\/noticias\/wp-json\/wp\/v2\/comments?post=1127422"}],"version-history":[{"count":0,"href":"https:\/\/www.eldigitaldeasturias.com\/noticias\/wp-json\/wp\/v2\/posts\/1127422\/revisions"}],"wp:featuredmedia":[{"embeddable":true,"href":"https:\/\/www.eldigitaldeasturias.com\/noticias\/wp-json\/wp\/v2\/media\/1127423"}],"wp:attachment":[{"href":"https:\/\/www.eldigitaldeasturias.com\/noticias\/wp-json\/wp\/v2\/media?parent=1127422"}],"wp:term":[{"taxonomy":"category","embeddable":true,"href":"https:\/\/www.eldigitaldeasturias.com\/noticias\/wp-json\/wp\/v2\/categories?post=1127422"},{"taxonomy":"post_tag","embeddable":true,"href":"https:\/\/www.eldigitaldeasturias.com\/noticias\/wp-json\/wp\/v2\/tags?post=1127422"}],"curies":[{"name":"wp","href":"https:\/\/api.w.org\/{rel}","templated":true}]}}