{"id":1127391,"date":"2023-12-05T22:00:12","date_gmt":"2023-12-05T21:00:12","guid":{"rendered":"https:\/\/www.eldigitaldeasturias.com\/noticias\/?p=1127391"},"modified":"2023-12-05T22:00:12","modified_gmt":"2023-12-05T21:00:12","slug":"piden-mas-medidas-contra-los-hinchas-violentos-del-futbol-en-alemania","status":"publish","type":"post","link":"https:\/\/www.eldigitaldeasturias.com\/noticias\/piden-mas-medidas-contra-los-hinchas-violentos-del-futbol-en-alemania\/","title":{"rendered":"Piden m\u00e1s medidas contra los hinchas violentos del f\u00fatbol en Alemania"},"content":{"rendered":"<p>Berl\u00edn, 5 dic (<a title=\"dpa\" href=\"https:\/\/www.dpa-news.de\/\" target=\"_blank\" rel=\"noopener\"><span style=\"color: #ff6600;\"><strong>dpa<\/strong><\/span><\/a>) &#8211; El presidente del sindicato policial GdP, Jochen Kopelke, reclam\u00f3 tomar m\u00e1s medidas contra los hinchas de <a href=\"https:\/\/www.eldigitaldeasturias.com\/noticias\/category\/deportes\/\"><strong><span style=\"color: #ff6600;\">f\u00fatbol<\/span><\/strong><\/a> violentos, de cara a la conferencia de ministros del Interior de Alemania (IMK) que se celebra este mi\u00e9rcoles.<\/p>\n<p><img loading=\"lazy\" decoding=\"async\" class=\"aligncenter wp-image-1127392 size-full\" src=\"https:\/\/www.eldigitaldeasturias.com\/noticias\/wp-content\/uploads\/2023\/12\/hinchas-violentos.jpg\" alt=\"hinchas violentos\" width=\"640\" height=\"383\" srcset=\"https:\/\/www.eldigitaldeasturias.com\/noticias\/wp-content\/uploads\/2023\/12\/hinchas-violentos.jpg 640w, https:\/\/www.eldigitaldeasturias.com\/noticias\/wp-content\/uploads\/2023\/12\/hinchas-violentos-360x215.jpg 360w, https:\/\/www.eldigitaldeasturias.com\/noticias\/wp-content\/uploads\/2023\/12\/hinchas-violentos-480x287.jpg 480w, https:\/\/www.eldigitaldeasturias.com\/noticias\/wp-content\/uploads\/2023\/12\/hinchas-violentos-150x90.jpg 150w, https:\/\/www.eldigitaldeasturias.com\/noticias\/wp-content\/uploads\/2023\/12\/hinchas-violentos-450x269.jpg 450w\" sizes=\"auto, (max-width: 640px) 100vw, 640px\" \/><\/p>\n<p>\u00abLlamamos al IMK a que discuta por separado la dram\u00e1tica evoluci\u00f3n de la violencia por parte de los grupos ultras y que defina un enfoque conjunto contra aficionados e hinchas violentos\u00bb, dijo Kopelke al grupo de medios RND.<\/p>\n<p>\u00daltimamente hubo <span style=\"color: #ff6600;\"><a style=\"color: #ff6600;\" href=\"https:\/\/candas365.es\/noticias\/category\/deporte\/\" target=\"_blank\" rel=\"noopener\"><strong>episodios violentos<\/strong><\/a> <\/span>alrededor de partidos de la Bundesliga y de la segunda divisi\u00f3n alemana, tales como el juego entre Frankfurt y Stuttgart o el choque entre los clubes St. Pauli y Hannover.<\/p>\n<p>\u00abActualmente estamos experimentando una campa\u00f1a planeada y orquestada contra los polic\u00edas desplegados en los estadios de f\u00fatbol. Los agitadores se posicionan como v\u00edctimas a pesar de que algunos hinchas ultras despliegan odio y violencia en los estadios\u00bb, sostuvo Kopelke.<\/p>\n<p>El titular del sindicato policial dijo que espera que los responsables regionales del Interior acuerden \u00abun modo de reducir la cantidad de despliegue (policial) y as\u00ed reducir la carga de trabajo puesta sobre los efectivos de seguridad\u00bb.<\/p>\n","protected":false},"excerpt":{"rendered":"<p>Berl\u00edn, 5 dic (dpa) &#8211; El presidente del sindicato policial GdP, Jochen Kopelke, reclam\u00f3 tomar m\u00e1s medidas contra los hinchas de f\u00fatbol violentos, de cara a la conferencia de ministros del Interior de Alemania (IMK) que se celebra este mi\u00e9rcoles. \u00abLlamamos al IMK a que discuta por separado la dram\u00e1tica evoluci\u00f3n de la violencia por [&hellip;]<\/p>\n","protected":false},"author":1,"featured_media":1127392,"comment_status":"closed","ping_status":"closed","sticky":false,"template":"","format":"standard","meta":{"footnotes":""},"categories":[190],"tags":[],"class_list":["post-1127391","post","type-post","status-publish","format-standard","has-post-thumbnail","hentry","category-deportes"],"aioseo_notices":[],"aioseo_head":"\n\t\t<!-- All in One SEO Pro 4.9.6.2 - aioseo.com -->\n\t<meta name=\"description\" content=\"Berl\u00edn, 5 dic (dpa) - El presidente del sindicato policial GdP, Jochen Kopelke, reclam\u00f3 tomar m\u00e1s medidas contra los hinchas de f\u00fatbol violentos, de cara\" \/>\n\t<meta name=\"robots\" content=\"max-image-preview:large\" \/>\n\t<meta name=\"author\" content=\"El Digital de Asturias\"\/>\n\t<meta name=\"google-site-verification\" content=\"UA-38556648-1\" \/>\n\t<meta name=\"msvalidate.01\" content=\"7dfe9f3f1b24437ab69f4f2559babe99\" \/>\n\t<meta name=\"keywords\" content=\"deportes\" \/>\n\t<link rel=\"canonical\" href=\"https:\/\/www.eldigitaldeasturias.com\/noticias\/piden-mas-medidas-contra-los-hinchas-violentos-del-futbol-en-alemania\/\" \/>\n\t<meta name=\"generator\" content=\"All in One SEO Pro (AIOSEO) 4.9.6.2\" \/>\n\t\t<meta property=\"og:locale\" content=\"es_ES\" \/>\n\t\t<meta property=\"og:site_name\" content=\"El Digital de Asturias\" \/>\n\t\t<meta property=\"og:type\" content=\"article\" \/>\n\t\t<meta property=\"og:title\" content=\"Piden m\u00e1s medidas contra los hinchas violentos del f\u00fatbol en Alemania - El Digital de Asturias\" \/>\n\t\t<meta property=\"og:description\" content=\"Berl\u00edn, 5 dic (dpa) - El presidente del sindicato policial GdP, Jochen Kopelke, reclam\u00f3 tomar m\u00e1s medidas contra los hinchas de f\u00fatbol violentos, de cara\" \/>\n\t\t<meta property=\"og:url\" content=\"https:\/\/www.eldigitaldeasturias.com\/noticias\/piden-mas-medidas-contra-los-hinchas-violentos-del-futbol-en-alemania\/\" \/>\n\t\t<meta property=\"og:image\" content=\"https:\/\/www.eldigitaldeasturias.com\/noticias\/wp-content\/uploads\/2023\/12\/hinchas-violentos.jpg\" \/>\n\t\t<meta property=\"og:image:secure_url\" content=\"https:\/\/www.eldigitaldeasturias.com\/noticias\/wp-content\/uploads\/2023\/12\/hinchas-violentos.jpg\" \/>\n\t\t<meta property=\"og:image:width\" content=\"640\" \/>\n\t\t<meta property=\"og:image:height\" content=\"383\" \/>\n\t\t<meta property=\"article:tag\" content=\"deportes\" \/>\n\t\t<meta property=\"article:published_time\" content=\"2023-12-05T21:00:12+00:00\" \/>\n\t\t<meta property=\"article:modified_time\" content=\"2023-12-05T21:00:12+00:00\" \/>\n\t\t<meta property=\"article:publisher\" content=\"https:\/\/facebook.com\/eldigitaldeasturias\" \/>\n\t\t<meta name=\"twitter:card\" content=\"summary_large_image\" \/>\n\t\t<meta name=\"twitter:title\" content=\"Piden m\u00e1s medidas contra los hinchas violentos del f\u00fatbol en Alemania - El Digital de Asturias\" \/>\n\t\t<meta name=\"twitter:description\" content=\"Berl\u00edn, 5 dic (dpa) - El presidente del sindicato policial GdP, Jochen Kopelke, reclam\u00f3 tomar m\u00e1s medidas contra los hinchas de f\u00fatbol violentos, de cara\" \/>\n\t\t<meta name=\"twitter:image\" content=\"https:\/\/www.eldigitaldeasturias.com\/noticias\/wp-content\/uploads\/2023\/12\/hinchas-violentos.jpg\" \/>\n\t\t<meta name=\"twitter:label1\" content=\"Escrito por\" \/>\n\t\t<meta name=\"twitter:data1\" content=\"El Digital de Asturias\" \/>\n\t\t<meta name=\"twitter:label2\" content=\"Tiempo de lectura estimado\" \/>\n\t\t<meta name=\"twitter:data2\" content=\"1 minuto\" \/>\n\t\t<script type=\"application\/ld+json\" class=\"aioseo-schema\">\n\t\t\t{\"@context\":\"https:\\\/\\\/schema.org\",\"@graph\":[{\"@type\":\"BlogPosting\",\"@id\":\"https:\\\/\\\/www.eldigitaldeasturias.com\\\/noticias\\\/piden-mas-medidas-contra-los-hinchas-violentos-del-futbol-en-alemania\\\/#blogposting\",\"name\":\"Piden m\\u00e1s medidas contra los hinchas violentos del f\\u00fatbol en Alemania - El Digital de Asturias\",\"headline\":\"Piden m\\u00e1s medidas contra los hinchas violentos del f\\u00fatbol en Alemania\",\"author\":{\"@id\":\"https:\\\/\\\/www.eldigitaldeasturias.com\\\/noticias\\\/author\\\/admin\\\/#author\"},\"publisher\":{\"@id\":\"https:\\\/\\\/www.eldigitaldeasturias.com\\\/noticias\\\/#organization\"},\"image\":{\"@type\":\"ImageObject\",\"url\":\"https:\\\/\\\/www.eldigitaldeasturias.com\\\/noticias\\\/wp-content\\\/uploads\\\/2023\\\/12\\\/hinchas-violentos.jpg\",\"width\":640,\"height\":383,\"caption\":\"hinchas violentos\"},\"datePublished\":\"2023-12-05T22:00:12+01:00\",\"dateModified\":\"2023-12-05T22:00:12+01:00\",\"inLanguage\":\"es-ES\",\"mainEntityOfPage\":{\"@id\":\"https:\\\/\\\/www.eldigitaldeasturias.com\\\/noticias\\\/piden-mas-medidas-contra-los-hinchas-violentos-del-futbol-en-alemania\\\/#webpage\"},\"isPartOf\":{\"@id\":\"https:\\\/\\\/www.eldigitaldeasturias.com\\\/noticias\\\/piden-mas-medidas-contra-los-hinchas-violentos-del-futbol-en-alemania\\\/#webpage\"},\"articleSection\":\"Deportes\"},{\"@type\":\"BreadcrumbList\",\"@id\":\"https:\\\/\\\/www.eldigitaldeasturias.com\\\/noticias\\\/piden-mas-medidas-contra-los-hinchas-violentos-del-futbol-en-alemania\\\/#breadcrumblist\",\"itemListElement\":[{\"@type\":\"ListItem\",\"@id\":\"https:\\\/\\\/www.eldigitaldeasturias.com\\\/noticias#listItem\",\"position\":1,\"name\":\"Home\",\"item\":\"https:\\\/\\\/www.eldigitaldeasturias.com\\\/noticias\",\"nextItem\":{\"@type\":\"ListItem\",\"@id\":\"https:\\\/\\\/www.eldigitaldeasturias.com\\\/noticias\\\/category\\\/deportes\\\/#listItem\",\"name\":\"Deportes\"}},{\"@type\":\"ListItem\",\"@id\":\"https:\\\/\\\/www.eldigitaldeasturias.com\\\/noticias\\\/category\\\/deportes\\\/#listItem\",\"position\":2,\"name\":\"Deportes\",\"item\":\"https:\\\/\\\/www.eldigitaldeasturias.com\\\/noticias\\\/category\\\/deportes\\\/\",\"nextItem\":{\"@type\":\"ListItem\",\"@id\":\"https:\\\/\\\/www.eldigitaldeasturias.com\\\/noticias\\\/piden-mas-medidas-contra-los-hinchas-violentos-del-futbol-en-alemania\\\/#listItem\",\"name\":\"Piden m\\u00e1s medidas contra los hinchas violentos del f\\u00fatbol en Alemania\"},\"previousItem\":{\"@type\":\"ListItem\",\"@id\":\"https:\\\/\\\/www.eldigitaldeasturias.com\\\/noticias#listItem\",\"name\":\"Home\"}},{\"@type\":\"ListItem\",\"@id\":\"https:\\\/\\\/www.eldigitaldeasturias.com\\\/noticias\\\/piden-mas-medidas-contra-los-hinchas-violentos-del-futbol-en-alemania\\\/#listItem\",\"position\":3,\"name\":\"Piden m\\u00e1s medidas contra los hinchas violentos del f\\u00fatbol en Alemania\",\"previousItem\":{\"@type\":\"ListItem\",\"@id\":\"https:\\\/\\\/www.eldigitaldeasturias.com\\\/noticias\\\/category\\\/deportes\\\/#listItem\",\"name\":\"Deportes\"}}]},{\"@type\":\"Organization\",\"@id\":\"https:\\\/\\\/www.eldigitaldeasturias.com\\\/noticias\\\/#organization\",\"name\":\"El Digital de Asturias\",\"description\":\"Hemeroteca\",\"url\":\"https:\\\/\\\/www.eldigitaldeasturias.com\\\/noticias\\\/\",\"email\":\"info@eldigitaldeasturias.com\",\"telephone\":\"+34652131393\",\"logo\":{\"@type\":\"ImageObject\",\"url\":\"https:\\\/\\\/www.eldigitaldeasturias.com\\\/noticias\\\/wp-content\\\/uploads\\\/2020\\\/12\\\/EDA.jpg\",\"@id\":\"https:\\\/\\\/www.eldigitaldeasturias.com\\\/noticias\\\/piden-mas-medidas-contra-los-hinchas-violentos-del-futbol-en-alemania\\\/#organizationLogo\",\"width\":649,\"height\":297},\"image\":{\"@id\":\"https:\\\/\\\/www.eldigitaldeasturias.com\\\/noticias\\\/piden-mas-medidas-contra-los-hinchas-violentos-del-futbol-en-alemania\\\/#organizationLogo\"},\"sameAs\":[\"https:\\\/\\\/facebook.com\\\/eldigitaldeasturias\",\"https:\\\/\\\/www.youtube.com\\\/channel\\\/UCZP-2wLEB9Rv6erhFmqVnvg\"],\"address\":{\"@id\":\"https:\\\/\\\/www.eldigitaldeasturias.com\\\/noticias\\\/#postaladdress\",\"@type\":\"PostalAddress\",\"streetAddress\":\"san antonio 4,\",\"postalCode\":\"33430\",\"addressLocality\":\"Cand\\u00e1s\",\"addressRegion\":\"Asturias\",\"addressCountry\":\"ES\"}},{\"@type\":\"Person\",\"@id\":\"https:\\\/\\\/www.eldigitaldeasturias.com\\\/noticias\\\/author\\\/admin\\\/#author\",\"url\":\"https:\\\/\\\/www.eldigitaldeasturias.com\\\/noticias\\\/author\\\/admin\\\/\",\"name\":\"El Digital de Asturias\",\"image\":{\"@type\":\"ImageObject\",\"@id\":\"https:\\\/\\\/www.eldigitaldeasturias.com\\\/noticias\\\/piden-mas-medidas-contra-los-hinchas-violentos-del-futbol-en-alemania\\\/#authorImage\",\"url\":\"https:\\\/\\\/www.eldigitaldeasturias.com\\\/noticias\\\/wp-content\\\/litespeed\\\/avatar\\\/18677e78aa0546b92d9dbf31ec7d7668.jpg?ver=1777290358\",\"width\":96,\"height\":96,\"caption\":\"El Digital de Asturias\"}},{\"@type\":\"WebPage\",\"@id\":\"https:\\\/\\\/www.eldigitaldeasturias.com\\\/noticias\\\/piden-mas-medidas-contra-los-hinchas-violentos-del-futbol-en-alemania\\\/#webpage\",\"url\":\"https:\\\/\\\/www.eldigitaldeasturias.com\\\/noticias\\\/piden-mas-medidas-contra-los-hinchas-violentos-del-futbol-en-alemania\\\/\",\"name\":\"Piden m\\u00e1s medidas contra los hinchas violentos del f\\u00fatbol en Alemania - El Digital de Asturias\",\"description\":\"Berl\\u00edn, 5 dic (dpa) - El presidente del sindicato policial GdP, Jochen Kopelke, reclam\\u00f3 tomar m\\u00e1s medidas contra los hinchas de f\\u00fatbol violentos, de cara\",\"inLanguage\":\"es-ES\",\"isPartOf\":{\"@id\":\"https:\\\/\\\/www.eldigitaldeasturias.com\\\/noticias\\\/#website\"},\"breadcrumb\":{\"@id\":\"https:\\\/\\\/www.eldigitaldeasturias.com\\\/noticias\\\/piden-mas-medidas-contra-los-hinchas-violentos-del-futbol-en-alemania\\\/#breadcrumblist\"},\"author\":{\"@id\":\"https:\\\/\\\/www.eldigitaldeasturias.com\\\/noticias\\\/author\\\/admin\\\/#author\"},\"creator\":{\"@id\":\"https:\\\/\\\/www.eldigitaldeasturias.com\\\/noticias\\\/author\\\/admin\\\/#author\"},\"image\":{\"@type\":\"ImageObject\",\"url\":\"https:\\\/\\\/www.eldigitaldeasturias.com\\\/noticias\\\/wp-content\\\/uploads\\\/2023\\\/12\\\/hinchas-violentos.jpg\",\"@id\":\"https:\\\/\\\/www.eldigitaldeasturias.com\\\/noticias\\\/piden-mas-medidas-contra-los-hinchas-violentos-del-futbol-en-alemania\\\/#mainImage\",\"width\":640,\"height\":383,\"caption\":\"hinchas violentos\"},\"primaryImageOfPage\":{\"@id\":\"https:\\\/\\\/www.eldigitaldeasturias.com\\\/noticias\\\/piden-mas-medidas-contra-los-hinchas-violentos-del-futbol-en-alemania\\\/#mainImage\"},\"datePublished\":\"2023-12-05T22:00:12+01:00\",\"dateModified\":\"2023-12-05T22:00:12+01:00\"},{\"@type\":\"WebSite\",\"@id\":\"https:\\\/\\\/www.eldigitaldeasturias.com\\\/noticias\\\/#website\",\"url\":\"https:\\\/\\\/www.eldigitaldeasturias.com\\\/noticias\\\/\",\"name\":\"El Digital de Asturias - Diario de actualidad y noticias\",\"alternateName\":\"El Digital de Asturias - Diario de actualidad y noticias\",\"description\":\"Hemeroteca\",\"inLanguage\":\"es-ES\",\"publisher\":{\"@id\":\"https:\\\/\\\/www.eldigitaldeasturias.com\\\/noticias\\\/#organization\"}}]}\n\t\t<\/script>\n\t\t<!-- All in One SEO Pro -->\r\n\t\t<title>Piden m\u00e1s medidas contra los hinchas violentos del f\u00fatbol en Alemania - El Digital de Asturias<\/title>\n\n","aioseo_head_json":{"title":"Piden m\u00e1s medidas contra los hinchas violentos del f\u00fatbol en Alemania - El Digital de Asturias","description":"Berl\u00edn, 5 dic (dpa) - El presidente del sindicato policial GdP, Jochen Kopelke, reclam\u00f3 tomar m\u00e1s medidas contra los hinchas de f\u00fatbol violentos, de cara","canonical_url":"https:\/\/www.eldigitaldeasturias.com\/noticias\/piden-mas-medidas-contra-los-hinchas-violentos-del-futbol-en-alemania\/","robots":"max-image-preview:large","keywords":"deportes","webmasterTools":{"google-site-verification":"UA-38556648-1","msvalidate.01":"7dfe9f3f1b24437ab69f4f2559babe99","miscellaneous":""},"schema":{"@context":"https:\/\/schema.org","@graph":[{"@type":"BlogPosting","@id":"https:\/\/www.eldigitaldeasturias.com\/noticias\/piden-mas-medidas-contra-los-hinchas-violentos-del-futbol-en-alemania\/#blogposting","name":"Piden m\u00e1s medidas contra los hinchas violentos del f\u00fatbol en Alemania - El Digital de Asturias","headline":"Piden m\u00e1s medidas contra los hinchas violentos del f\u00fatbol en Alemania","author":{"@id":"https:\/\/www.eldigitaldeasturias.com\/noticias\/author\/admin\/#author"},"publisher":{"@id":"https:\/\/www.eldigitaldeasturias.com\/noticias\/#organization"},"image":{"@type":"ImageObject","url":"https:\/\/www.eldigitaldeasturias.com\/noticias\/wp-content\/uploads\/2023\/12\/hinchas-violentos.jpg","width":640,"height":383,"caption":"hinchas violentos"},"datePublished":"2023-12-05T22:00:12+01:00","dateModified":"2023-12-05T22:00:12+01:00","inLanguage":"es-ES","mainEntityOfPage":{"@id":"https:\/\/www.eldigitaldeasturias.com\/noticias\/piden-mas-medidas-contra-los-hinchas-violentos-del-futbol-en-alemania\/#webpage"},"isPartOf":{"@id":"https:\/\/www.eldigitaldeasturias.com\/noticias\/piden-mas-medidas-contra-los-hinchas-violentos-del-futbol-en-alemania\/#webpage"},"articleSection":"Deportes"},{"@type":"BreadcrumbList","@id":"https:\/\/www.eldigitaldeasturias.com\/noticias\/piden-mas-medidas-contra-los-hinchas-violentos-del-futbol-en-alemania\/#breadcrumblist","itemListElement":[{"@type":"ListItem","@id":"https:\/\/www.eldigitaldeasturias.com\/noticias#listItem","position":1,"name":"Home","item":"https:\/\/www.eldigitaldeasturias.com\/noticias","nextItem":{"@type":"ListItem","@id":"https:\/\/www.eldigitaldeasturias.com\/noticias\/category\/deportes\/#listItem","name":"Deportes"}},{"@type":"ListItem","@id":"https:\/\/www.eldigitaldeasturias.com\/noticias\/category\/deportes\/#listItem","position":2,"name":"Deportes","item":"https:\/\/www.eldigitaldeasturias.com\/noticias\/category\/deportes\/","nextItem":{"@type":"ListItem","@id":"https:\/\/www.eldigitaldeasturias.com\/noticias\/piden-mas-medidas-contra-los-hinchas-violentos-del-futbol-en-alemania\/#listItem","name":"Piden m\u00e1s medidas contra los hinchas violentos del f\u00fatbol en Alemania"},"previousItem":{"@type":"ListItem","@id":"https:\/\/www.eldigitaldeasturias.com\/noticias#listItem","name":"Home"}},{"@type":"ListItem","@id":"https:\/\/www.eldigitaldeasturias.com\/noticias\/piden-mas-medidas-contra-los-hinchas-violentos-del-futbol-en-alemania\/#listItem","position":3,"name":"Piden m\u00e1s medidas contra los hinchas violentos del f\u00fatbol en Alemania","previousItem":{"@type":"ListItem","@id":"https:\/\/www.eldigitaldeasturias.com\/noticias\/category\/deportes\/#listItem","name":"Deportes"}}]},{"@type":"Organization","@id":"https:\/\/www.eldigitaldeasturias.com\/noticias\/#organization","name":"El Digital de Asturias","description":"Hemeroteca","url":"https:\/\/www.eldigitaldeasturias.com\/noticias\/","email":"info@eldigitaldeasturias.com","telephone":"+34652131393","logo":{"@type":"ImageObject","url":"https:\/\/www.eldigitaldeasturias.com\/noticias\/wp-content\/uploads\/2020\/12\/EDA.jpg","@id":"https:\/\/www.eldigitaldeasturias.com\/noticias\/piden-mas-medidas-contra-los-hinchas-violentos-del-futbol-en-alemania\/#organizationLogo","width":649,"height":297},"image":{"@id":"https:\/\/www.eldigitaldeasturias.com\/noticias\/piden-mas-medidas-contra-los-hinchas-violentos-del-futbol-en-alemania\/#organizationLogo"},"sameAs":["https:\/\/facebook.com\/eldigitaldeasturias","https:\/\/www.youtube.com\/channel\/UCZP-2wLEB9Rv6erhFmqVnvg"],"address":{"@id":"https:\/\/www.eldigitaldeasturias.com\/noticias\/#postaladdress","@type":"PostalAddress","streetAddress":"san antonio 4,","postalCode":"33430","addressLocality":"Cand\u00e1s","addressRegion":"Asturias","addressCountry":"ES"}},{"@type":"Person","@id":"https:\/\/www.eldigitaldeasturias.com\/noticias\/author\/admin\/#author","url":"https:\/\/www.eldigitaldeasturias.com\/noticias\/author\/admin\/","name":"El Digital de Asturias","image":{"@type":"ImageObject","@id":"https:\/\/www.eldigitaldeasturias.com\/noticias\/piden-mas-medidas-contra-los-hinchas-violentos-del-futbol-en-alemania\/#authorImage","url":"https:\/\/www.eldigitaldeasturias.com\/noticias\/wp-content\/litespeed\/avatar\/18677e78aa0546b92d9dbf31ec7d7668.jpg?ver=1777290358","width":96,"height":96,"caption":"El Digital de Asturias"}},{"@type":"WebPage","@id":"https:\/\/www.eldigitaldeasturias.com\/noticias\/piden-mas-medidas-contra-los-hinchas-violentos-del-futbol-en-alemania\/#webpage","url":"https:\/\/www.eldigitaldeasturias.com\/noticias\/piden-mas-medidas-contra-los-hinchas-violentos-del-futbol-en-alemania\/","name":"Piden m\u00e1s medidas contra los hinchas violentos del f\u00fatbol en Alemania - El Digital de Asturias","description":"Berl\u00edn, 5 dic (dpa) - El presidente del sindicato policial GdP, Jochen Kopelke, reclam\u00f3 tomar m\u00e1s medidas contra los hinchas de f\u00fatbol violentos, de cara","inLanguage":"es-ES","isPartOf":{"@id":"https:\/\/www.eldigitaldeasturias.com\/noticias\/#website"},"breadcrumb":{"@id":"https:\/\/www.eldigitaldeasturias.com\/noticias\/piden-mas-medidas-contra-los-hinchas-violentos-del-futbol-en-alemania\/#breadcrumblist"},"author":{"@id":"https:\/\/www.eldigitaldeasturias.com\/noticias\/author\/admin\/#author"},"creator":{"@id":"https:\/\/www.eldigitaldeasturias.com\/noticias\/author\/admin\/#author"},"image":{"@type":"ImageObject","url":"https:\/\/www.eldigitaldeasturias.com\/noticias\/wp-content\/uploads\/2023\/12\/hinchas-violentos.jpg","@id":"https:\/\/www.eldigitaldeasturias.com\/noticias\/piden-mas-medidas-contra-los-hinchas-violentos-del-futbol-en-alemania\/#mainImage","width":640,"height":383,"caption":"hinchas violentos"},"primaryImageOfPage":{"@id":"https:\/\/www.eldigitaldeasturias.com\/noticias\/piden-mas-medidas-contra-los-hinchas-violentos-del-futbol-en-alemania\/#mainImage"},"datePublished":"2023-12-05T22:00:12+01:00","dateModified":"2023-12-05T22:00:12+01:00"},{"@type":"WebSite","@id":"https:\/\/www.eldigitaldeasturias.com\/noticias\/#website","url":"https:\/\/www.eldigitaldeasturias.com\/noticias\/","name":"El Digital de Asturias - Diario de actualidad y noticias","alternateName":"El Digital de Asturias - Diario de actualidad y noticias","description":"Hemeroteca","inLanguage":"es-ES","publisher":{"@id":"https:\/\/www.eldigitaldeasturias.com\/noticias\/#organization"}}]},"og:locale":"es_ES","og:site_name":"El Digital de Asturias","og:type":"article","og:title":"Piden m\u00e1s medidas contra los hinchas violentos del f\u00fatbol en Alemania - El Digital de Asturias","og:description":"Berl\u00edn, 5 dic (dpa) - El presidente del sindicato policial GdP, Jochen Kopelke, reclam\u00f3 tomar m\u00e1s medidas contra los hinchas de f\u00fatbol violentos, de cara","og:url":"https:\/\/www.eldigitaldeasturias.com\/noticias\/piden-mas-medidas-contra-los-hinchas-violentos-del-futbol-en-alemania\/","og:image":"https:\/\/www.eldigitaldeasturias.com\/noticias\/wp-content\/uploads\/2023\/12\/hinchas-violentos.jpg","og:image:secure_url":"https:\/\/www.eldigitaldeasturias.com\/noticias\/wp-content\/uploads\/2023\/12\/hinchas-violentos.jpg","og:image:width":640,"og:image:height":383,"article:tag":["deportes"],"article:published_time":"2023-12-05T21:00:12+00:00","article:modified_time":"2023-12-05T21:00:12+00:00","article:publisher":"https:\/\/facebook.com\/eldigitaldeasturias","twitter:card":"summary_large_image","twitter:title":"Piden m\u00e1s medidas contra los hinchas violentos del f\u00fatbol en Alemania - El Digital de Asturias","twitter:description":"Berl\u00edn, 5 dic (dpa) - El presidente del sindicato policial GdP, Jochen Kopelke, reclam\u00f3 tomar m\u00e1s medidas contra los hinchas de f\u00fatbol violentos, de cara","twitter:image":"https:\/\/www.eldigitaldeasturias.com\/noticias\/wp-content\/uploads\/2023\/12\/hinchas-violentos.jpg","twitter:label1":"Escrito por","twitter:data1":"El Digital de Asturias","twitter:label2":"Tiempo de lectura estimado","twitter:data2":"1 minuto"},"aioseo_meta_data":{"post_id":"1127391","title":null,"description":"Berl\u00edn, 5 dic (dpa) - El presidente del sindicato policial GdP, Jochen Kopelke, reclam\u00f3 tomar m\u00e1s medidas contra los hinchas de f\u00fatbol violentos, de cara","keywords":[],"keyphrases":{"focus":{"keyphrase":"f\u00fatbol","score":83,"analysis":{"keyphraseInTitle":{"score":9,"maxScore":9,"error":0},"keyphraseInDescription":{"score":9,"maxScore":9,"error":0},"keyphraseLength":{"score":9,"maxScore":9,"error":0,"length":2},"keyphraseInURL":{"score":1,"maxScore":5,"error":1},"keyphraseInIntroduction":{"score":9,"maxScore":9,"error":0},"keyphraseInSubHeadings":[],"keyphraseInImageAlt":{"score":3,"maxScore":9,"error":1},"keywordDensity":{"type":"best","score":9,"maxScore":9,"error":0}}},"additional":[{"keyphrase":"hinchas","score":100,"analysis":{"keyphraseInDescription":{"score":9,"maxScore":9,"error":0},"keyphraseLength":{"score":9,"maxScore":9,"error":0,"length":1},"keyphraseInIntroduction":{"score":9,"maxScore":9,"error":0},"keyphraseInImageAlt":{"score":9,"maxScore":9,"error":0},"keywordDensity":{"type":"best","score":9,"maxScore":9,"error":0}}},{"keyphrase":"violentos","score":100,"analysis":{"keyphraseInDescription":{"score":9,"maxScore":9,"error":0},"keyphraseLength":{"score":9,"maxScore":9,"error":0,"length":1},"keyphraseInIntroduction":{"score":9,"maxScore":9,"error":0},"keyphraseInImageAlt":{"score":9,"maxScore":9,"error":0},"keywordDensity":{"type":"best","score":9,"maxScore":9,"error":0}}}]},"primary_term":null,"canonical_url":null,"og_title":null,"og_description":null,"og_object_type":"default","og_image_type":"default","og_image_url":null,"og_image_width":null,"og_image_height":null,"og_image_custom_url":null,"og_image_custom_fields":null,"og_video":"","og_custom_url":null,"og_article_section":null,"og_article_tags":[],"twitter_use_og":false,"twitter_card":"default","twitter_image_type":"default","twitter_image_url":null,"twitter_image_custom_url":null,"twitter_image_custom_fields":null,"twitter_title":null,"twitter_description":null,"schema":{"blockGraphs":[],"customGraphs":[],"default":{"data":{"Article":[],"Course":[],"Dataset":[],"FAQPage":[],"Movie":[],"Person":[],"Product":[],"ProductReview":[],"Car":[],"Recipe":[],"Service":[],"SoftwareApplication":[],"WebPage":[]},"graphName":"BlogPosting","isEnabled":true},"graphs":[]},"schema_type":"default","schema_type_options":null,"pillar_content":false,"robots_default":true,"robots_noindex":false,"robots_noarchive":false,"robots_nosnippet":false,"robots_nofollow":false,"robots_noimageindex":false,"robots_noodp":false,"robots_notranslate":false,"robots_max_snippet":"-1","robots_max_videopreview":"-1","robots_max_imagepreview":"large","priority":null,"frequency":"default","local_seo":null,"seo_analyzer_scan_date":"2025-10-05 22:50:44","breadcrumb_settings":null,"limit_modified_date":false,"open_ai":"{\"title\":{\"suggestions\":[],\"usage\":0},\"description\":{\"suggestions\":[],\"usage\":0}}","ai":null,"created":"2023-12-05 20:42:39","updated":"2025-10-09 04:56:34"},"aioseo_breadcrumb":"<div class=\"aioseo-breadcrumbs\"><span class=\"aioseo-breadcrumb\">\n\t<a href=\"https:\/\/www.eldigitaldeasturias.com\/noticias\" title=\"Home\">Home<\/a>\n<\/span><span class=\"aioseo-breadcrumb-separator\">\u2013<\/span><span class=\"aioseo-breadcrumb\">\n\t<a href=\"https:\/\/www.eldigitaldeasturias.com\/noticias\/category\/deportes\/\" title=\"Deportes\">Deportes<\/a>\n<\/span><span class=\"aioseo-breadcrumb-separator\">\u2013<\/span><span class=\"aioseo-breadcrumb\">\n\t<a href=\"https:\/\/www.eldigitaldeasturias.com\/noticias\/piden-mas-medidas-contra-los-hinchas-violentos-del-futbol-en-alemania\/\" title=\"Piden m\u00e1s medidas contra los hinchas violentos del f\u00fatbol en Alemania\">Piden m\u00e1s medidas contra los hinchas violentos del f\u00fatbol en Alemania<\/a>\n<\/span><\/div>","aioseo_breadcrumb_json":[{"label":"Home","link":"https:\/\/www.eldigitaldeasturias.com\/noticias"},{"label":"Deportes","link":"https:\/\/www.eldigitaldeasturias.com\/noticias\/category\/deportes\/"},{"label":"Piden m\u00e1s medidas contra los hinchas violentos del f\u00fatbol en Alemania","link":"https:\/\/www.eldigitaldeasturias.com\/noticias\/piden-mas-medidas-contra-los-hinchas-violentos-del-futbol-en-alemania\/"}],"_links":{"self":[{"href":"https:\/\/www.eldigitaldeasturias.com\/noticias\/wp-json\/wp\/v2\/posts\/1127391","targetHints":{"allow":["GET"]}}],"collection":[{"href":"https:\/\/www.eldigitaldeasturias.com\/noticias\/wp-json\/wp\/v2\/posts"}],"about":[{"href":"https:\/\/www.eldigitaldeasturias.com\/noticias\/wp-json\/wp\/v2\/types\/post"}],"author":[{"embeddable":true,"href":"https:\/\/www.eldigitaldeasturias.com\/noticias\/wp-json\/wp\/v2\/users\/1"}],"replies":[{"embeddable":true,"href":"https:\/\/www.eldigitaldeasturias.com\/noticias\/wp-json\/wp\/v2\/comments?post=1127391"}],"version-history":[{"count":0,"href":"https:\/\/www.eldigitaldeasturias.com\/noticias\/wp-json\/wp\/v2\/posts\/1127391\/revisions"}],"wp:featuredmedia":[{"embeddable":true,"href":"https:\/\/www.eldigitaldeasturias.com\/noticias\/wp-json\/wp\/v2\/media\/1127392"}],"wp:attachment":[{"href":"https:\/\/www.eldigitaldeasturias.com\/noticias\/wp-json\/wp\/v2\/media?parent=1127391"}],"wp:term":[{"taxonomy":"category","embeddable":true,"href":"https:\/\/www.eldigitaldeasturias.com\/noticias\/wp-json\/wp\/v2\/categories?post=1127391"},{"taxonomy":"post_tag","embeddable":true,"href":"https:\/\/www.eldigitaldeasturias.com\/noticias\/wp-json\/wp\/v2\/tags?post=1127391"}],"curies":[{"name":"wp","href":"https:\/\/api.w.org\/{rel}","templated":true}]}}