{"id":1127388,"date":"2023-12-05T21:34:31","date_gmt":"2023-12-05T20:34:31","guid":{"rendered":"https:\/\/www.eldigitaldeasturias.com\/noticias\/?p=1127388"},"modified":"2023-12-05T21:35:04","modified_gmt":"2023-12-05T20:35:04","slug":"suelo-del-ano-2024-en-alemania-el-terreno-forestal","status":"publish","type":"post","link":"https:\/\/www.eldigitaldeasturias.com\/noticias\/suelo-del-ano-2024-en-alemania-el-terreno-forestal\/","title":{"rendered":"Suelo del A\u00f1o 2024 en Alemania: El terreno forestal"},"content":{"rendered":"<p>Braunschweig (Alemania), 5 dic (<a title=\"dpa\" href=\"https:\/\/www.dpa-news.de\/\" target=\"_blank\" rel=\"noopener\"><span style=\"color: #ff6600;\"><strong>dpa<\/strong><\/span><\/a>) &#8211; El Instituto Federal de Investigaci\u00f3n de Zonas Rurales, Bosques y Pesca de Alemania distingui\u00f3 como \u201cSuelo del A\u00f1o 2024\u201d al terreno forestal y destac\u00f3 as\u00ed el rol de los bosques en la <span style=\"color: #ff6600;\"><a style=\"color: #ff6600;\" href=\"https:\/\/www.eldigitaldeasturias.com\/noticias\/category\/sociedad\/\"><strong>lucha contra la crisis clim\u00e1tica<\/strong><\/a><\/span>.<\/p>\n<figure id=\"attachment_1127389\" aria-describedby=\"caption-attachment-1127389\" style=\"width: 650px\" class=\"wp-caption aligncenter\"><img loading=\"lazy\" decoding=\"async\" class=\"wp-image-1127389 size-large\" src=\"https:\/\/www.eldigitaldeasturias.com\/noticias\/wp-content\/uploads\/2023\/12\/terreno-forestal-Alemania-650x431.jpg\" alt=\"terreno forestal Alemania\" width=\"650\" height=\"431\" srcset=\"https:\/\/www.eldigitaldeasturias.com\/noticias\/wp-content\/uploads\/2023\/12\/terreno-forestal-Alemania-650x431.jpg 650w, https:\/\/www.eldigitaldeasturias.com\/noticias\/wp-content\/uploads\/2023\/12\/terreno-forestal-Alemania-360x239.jpg 360w, https:\/\/www.eldigitaldeasturias.com\/noticias\/wp-content\/uploads\/2023\/12\/terreno-forestal-Alemania-453x300.jpg 453w, https:\/\/www.eldigitaldeasturias.com\/noticias\/wp-content\/uploads\/2023\/12\/terreno-forestal-Alemania-768x509.jpg 768w, https:\/\/www.eldigitaldeasturias.com\/noticias\/wp-content\/uploads\/2023\/12\/terreno-forestal-Alemania-150x99.jpg 150w, https:\/\/www.eldigitaldeasturias.com\/noticias\/wp-content\/uploads\/2023\/12\/terreno-forestal-Alemania-450x298.jpg 450w, https:\/\/www.eldigitaldeasturias.com\/noticias\/wp-content\/uploads\/2023\/12\/terreno-forestal-Alemania.jpg 999w\" sizes=\"auto, (max-width: 650px) 100vw, 650px\" \/><figcaption id=\"caption-attachment-1127389\" class=\"wp-caption-text\">Zona boscosa con suelo h\u00famedo en la cadena monta\u00f1osa Siebengebirge, en el este de Alemania. Foto: Thomas Banneyer\/dpa<\/figcaption><\/figure>\n<p>El Instituto Th\u00fcnen, junto con organizaciones cient\u00edficas especializadas en la protecci\u00f3n de la biodiversidad hacen esta distinci\u00f3n hoy, al celebrarse el D\u00eda Mundial del Suelo.<\/p>\n<p>Los suelos de los bosques no solo son importantes para los \u00e1rboles, sino que juegan un papel clave para la biodiversidad de los seres vivos, fundament\u00f3 el Instituto Th\u00fcnen<\/p>\n<blockquote><p>\u00abTambi\u00e9n son un importante almacenador de carbono\u00bb, destac\u00f3 la entidad.<\/p><\/blockquote>\n<p>Al formar humus, explic\u00f3 el instituto, los suelos de los bosques almacenan enormes cantidades de carbono org\u00e1nico y estabilizan el clima. Adem\u00e1s, subray\u00f3, es posible obtener agua potable m\u00e1s limpia gracias a la funci\u00f3n de filtrado y amortiguaci\u00f3n de los terrenos forestales.<\/p>\n<blockquote><p>Los cient\u00edficos indicaron que la proporci\u00f3n de suelos forestales en Alemania ha disminuido considerablemente debido a la agricultura.<\/p><\/blockquote>\n<p>Los bosques suelen estar situados en suelos pobres en nutrientes y pedregosos, explicaron los expertos, lo que los hace especialmente sensibles. Y agregaron que durante muchos a\u00f1os, el suelo forestal se ha visto da\u00f1ado por los metales pesados y el agotamiento de nutrientes.<\/p>\n<p>Los cient\u00edficos alertaron que el cambio clim\u00e1tico est\u00e1 teniendo un enorme impacto en los bosques, que en superficies tan grandes como el Sarre ya est\u00e1n muriendo debido a la sequ\u00eda y a las enfermedades de los \u00e1rboles.<\/p>\n<p>El ministro de Agricultura alem\u00e1n, Cem \u00d6zdemir, destac\u00f3 que los terrenos forestales son h\u00e1bitats din\u00e1micos y extremadamente vivos que contribuyen a mantener el equilibrio en los bosques. <strong>En 2023, como \u00abSuelo del A\u00f1o\u00bb, fue elegido el suelo cultivable.<\/strong><\/p>\n","protected":false},"excerpt":{"rendered":"<p>Braunschweig (Alemania), 5 dic (dpa) &#8211; El Instituto Federal de Investigaci\u00f3n de Zonas Rurales, Bosques y Pesca de Alemania distingui\u00f3 como \u201cSuelo del A\u00f1o 2024\u201d al terreno forestal y destac\u00f3 as\u00ed el rol de los bosques en la lucha contra la crisis clim\u00e1tica. El Instituto Th\u00fcnen, junto con organizaciones cient\u00edficas especializadas en la protecci\u00f3n de [&hellip;]<\/p>\n","protected":false},"author":1,"featured_media":1127389,"comment_status":"closed","ping_status":"closed","sticky":false,"template":"","format":"standard","meta":{"footnotes":""},"categories":[28],"tags":[],"class_list":["post-1127388","post","type-post","status-publish","format-standard","has-post-thumbnail","hentry","category-sociedad"],"aioseo_notices":[],"aioseo_head":"\n\t\t<!-- All in One SEO Pro 4.9.6.2 - aioseo.com -->\n\t<meta name=\"description\" content=\"Braunschweig (Alemania), 5 dic (dpa) - El Instituto Federal de Investigaci\u00f3n de Zonas Rurales, Bosques y Pesca de Alemania distingui\u00f3 como \u201cSuelo del A\u00f1o 2024\u201d\" \/>\n\t<meta name=\"robots\" content=\"max-image-preview:large\" \/>\n\t<meta name=\"author\" content=\"El Digital de Asturias\"\/>\n\t<meta name=\"google-site-verification\" content=\"UA-38556648-1\" \/>\n\t<meta name=\"msvalidate.01\" content=\"7dfe9f3f1b24437ab69f4f2559babe99\" \/>\n\t<meta name=\"keywords\" content=\"sociedad\" \/>\n\t<link rel=\"canonical\" href=\"https:\/\/www.eldigitaldeasturias.com\/noticias\/suelo-del-ano-2024-en-alemania-el-terreno-forestal\/\" \/>\n\t<meta name=\"generator\" content=\"All in One SEO Pro (AIOSEO) 4.9.6.2\" \/>\n\t\t<meta property=\"og:locale\" content=\"es_ES\" \/>\n\t\t<meta property=\"og:site_name\" content=\"El Digital de Asturias\" \/>\n\t\t<meta property=\"og:type\" content=\"article\" \/>\n\t\t<meta property=\"og:title\" content=\"Suelo del A\u00f1o 2024 en Alemania: El terreno forestal - El Digital de Asturias\" \/>\n\t\t<meta property=\"og:description\" content=\"Braunschweig (Alemania), 5 dic (dpa) - El Instituto Federal de Investigaci\u00f3n de Zonas Rurales, Bosques y Pesca de Alemania distingui\u00f3 como \u201cSuelo del A\u00f1o 2024\u201d\" \/>\n\t\t<meta property=\"og:url\" content=\"https:\/\/www.eldigitaldeasturias.com\/noticias\/suelo-del-ano-2024-en-alemania-el-terreno-forestal\/\" \/>\n\t\t<meta property=\"og:image\" content=\"https:\/\/www.eldigitaldeasturias.com\/noticias\/wp-content\/uploads\/2023\/12\/terreno-forestal-Alemania.jpg\" \/>\n\t\t<meta property=\"og:image:secure_url\" content=\"https:\/\/www.eldigitaldeasturias.com\/noticias\/wp-content\/uploads\/2023\/12\/terreno-forestal-Alemania.jpg\" \/>\n\t\t<meta property=\"og:image:width\" content=\"999\" \/>\n\t\t<meta property=\"og:image:height\" content=\"662\" \/>\n\t\t<meta property=\"article:tag\" content=\"sociedad\" \/>\n\t\t<meta property=\"article:published_time\" content=\"2023-12-05T20:34:31+00:00\" \/>\n\t\t<meta property=\"article:modified_time\" content=\"2023-12-05T20:35:04+00:00\" \/>\n\t\t<meta property=\"article:publisher\" content=\"https:\/\/facebook.com\/eldigitaldeasturias\" \/>\n\t\t<meta name=\"twitter:card\" content=\"summary_large_image\" \/>\n\t\t<meta name=\"twitter:title\" content=\"Suelo del A\u00f1o 2024 en Alemania: El terreno forestal - El Digital de Asturias\" \/>\n\t\t<meta name=\"twitter:description\" content=\"Braunschweig (Alemania), 5 dic (dpa) - El Instituto Federal de Investigaci\u00f3n de Zonas Rurales, Bosques y Pesca de Alemania distingui\u00f3 como \u201cSuelo del A\u00f1o 2024\u201d\" \/>\n\t\t<meta name=\"twitter:image\" content=\"https:\/\/www.eldigitaldeasturias.com\/noticias\/wp-content\/uploads\/2023\/12\/terreno-forestal-Alemania.jpg\" \/>\n\t\t<meta name=\"twitter:label1\" content=\"Escrito por\" \/>\n\t\t<meta name=\"twitter:data1\" content=\"El Digital de Asturias\" \/>\n\t\t<meta name=\"twitter:label2\" content=\"Tiempo de lectura estimado\" \/>\n\t\t<meta name=\"twitter:data2\" content=\"2 minutos\" \/>\n\t\t<script type=\"application\/ld+json\" class=\"aioseo-schema\">\n\t\t\t{\"@context\":\"https:\\\/\\\/schema.org\",\"@graph\":[{\"@type\":\"BlogPosting\",\"@id\":\"https:\\\/\\\/www.eldigitaldeasturias.com\\\/noticias\\\/suelo-del-ano-2024-en-alemania-el-terreno-forestal\\\/#blogposting\",\"name\":\"Suelo del A\\u00f1o 2024 en Alemania: El terreno forestal - El Digital de Asturias\",\"headline\":\"Suelo del A\\u00f1o 2024 en Alemania: El terreno forestal\",\"author\":{\"@id\":\"https:\\\/\\\/www.eldigitaldeasturias.com\\\/noticias\\\/author\\\/admin\\\/#author\"},\"publisher\":{\"@id\":\"https:\\\/\\\/www.eldigitaldeasturias.com\\\/noticias\\\/#organization\"},\"image\":{\"@type\":\"ImageObject\",\"url\":\"https:\\\/\\\/www.eldigitaldeasturias.com\\\/noticias\\\/wp-content\\\/uploads\\\/2023\\\/12\\\/terreno-forestal-Alemania.jpg\",\"width\":999,\"height\":662,\"caption\":\"Zona boscosa con suelo h\\u00famedo en la cadena monta\\u00f1osa Siebengebirge, en el este de Alemania. Foto: Thomas Banneyer\\\/dpa\"},\"datePublished\":\"2023-12-05T21:34:31+01:00\",\"dateModified\":\"2023-12-05T21:35:04+01:00\",\"inLanguage\":\"es-ES\",\"mainEntityOfPage\":{\"@id\":\"https:\\\/\\\/www.eldigitaldeasturias.com\\\/noticias\\\/suelo-del-ano-2024-en-alemania-el-terreno-forestal\\\/#webpage\"},\"isPartOf\":{\"@id\":\"https:\\\/\\\/www.eldigitaldeasturias.com\\\/noticias\\\/suelo-del-ano-2024-en-alemania-el-terreno-forestal\\\/#webpage\"},\"articleSection\":\"Sociedad\"},{\"@type\":\"BreadcrumbList\",\"@id\":\"https:\\\/\\\/www.eldigitaldeasturias.com\\\/noticias\\\/suelo-del-ano-2024-en-alemania-el-terreno-forestal\\\/#breadcrumblist\",\"itemListElement\":[{\"@type\":\"ListItem\",\"@id\":\"https:\\\/\\\/www.eldigitaldeasturias.com\\\/noticias#listItem\",\"position\":1,\"name\":\"Home\",\"item\":\"https:\\\/\\\/www.eldigitaldeasturias.com\\\/noticias\",\"nextItem\":{\"@type\":\"ListItem\",\"@id\":\"https:\\\/\\\/www.eldigitaldeasturias.com\\\/noticias\\\/category\\\/sociedad\\\/#listItem\",\"name\":\"Sociedad\"}},{\"@type\":\"ListItem\",\"@id\":\"https:\\\/\\\/www.eldigitaldeasturias.com\\\/noticias\\\/category\\\/sociedad\\\/#listItem\",\"position\":2,\"name\":\"Sociedad\",\"item\":\"https:\\\/\\\/www.eldigitaldeasturias.com\\\/noticias\\\/category\\\/sociedad\\\/\",\"nextItem\":{\"@type\":\"ListItem\",\"@id\":\"https:\\\/\\\/www.eldigitaldeasturias.com\\\/noticias\\\/suelo-del-ano-2024-en-alemania-el-terreno-forestal\\\/#listItem\",\"name\":\"Suelo del A\\u00f1o 2024 en Alemania: El terreno forestal\"},\"previousItem\":{\"@type\":\"ListItem\",\"@id\":\"https:\\\/\\\/www.eldigitaldeasturias.com\\\/noticias#listItem\",\"name\":\"Home\"}},{\"@type\":\"ListItem\",\"@id\":\"https:\\\/\\\/www.eldigitaldeasturias.com\\\/noticias\\\/suelo-del-ano-2024-en-alemania-el-terreno-forestal\\\/#listItem\",\"position\":3,\"name\":\"Suelo del A\\u00f1o 2024 en Alemania: El terreno forestal\",\"previousItem\":{\"@type\":\"ListItem\",\"@id\":\"https:\\\/\\\/www.eldigitaldeasturias.com\\\/noticias\\\/category\\\/sociedad\\\/#listItem\",\"name\":\"Sociedad\"}}]},{\"@type\":\"Organization\",\"@id\":\"https:\\\/\\\/www.eldigitaldeasturias.com\\\/noticias\\\/#organization\",\"name\":\"El Digital de Asturias\",\"description\":\"Hemeroteca\",\"url\":\"https:\\\/\\\/www.eldigitaldeasturias.com\\\/noticias\\\/\",\"email\":\"info@eldigitaldeasturias.com\",\"telephone\":\"+34652131393\",\"logo\":{\"@type\":\"ImageObject\",\"url\":\"https:\\\/\\\/www.eldigitaldeasturias.com\\\/noticias\\\/wp-content\\\/uploads\\\/2020\\\/12\\\/EDA.jpg\",\"@id\":\"https:\\\/\\\/www.eldigitaldeasturias.com\\\/noticias\\\/suelo-del-ano-2024-en-alemania-el-terreno-forestal\\\/#organizationLogo\",\"width\":649,\"height\":297},\"image\":{\"@id\":\"https:\\\/\\\/www.eldigitaldeasturias.com\\\/noticias\\\/suelo-del-ano-2024-en-alemania-el-terreno-forestal\\\/#organizationLogo\"},\"sameAs\":[\"https:\\\/\\\/facebook.com\\\/eldigitaldeasturias\",\"https:\\\/\\\/www.youtube.com\\\/channel\\\/UCZP-2wLEB9Rv6erhFmqVnvg\"],\"address\":{\"@id\":\"https:\\\/\\\/www.eldigitaldeasturias.com\\\/noticias\\\/#postaladdress\",\"@type\":\"PostalAddress\",\"streetAddress\":\"san antonio 4,\",\"postalCode\":\"33430\",\"addressLocality\":\"Cand\\u00e1s\",\"addressRegion\":\"Asturias\",\"addressCountry\":\"ES\"}},{\"@type\":\"Person\",\"@id\":\"https:\\\/\\\/www.eldigitaldeasturias.com\\\/noticias\\\/author\\\/admin\\\/#author\",\"url\":\"https:\\\/\\\/www.eldigitaldeasturias.com\\\/noticias\\\/author\\\/admin\\\/\",\"name\":\"El Digital de Asturias\",\"image\":{\"@type\":\"ImageObject\",\"@id\":\"https:\\\/\\\/www.eldigitaldeasturias.com\\\/noticias\\\/suelo-del-ano-2024-en-alemania-el-terreno-forestal\\\/#authorImage\",\"url\":\"https:\\\/\\\/www.eldigitaldeasturias.com\\\/noticias\\\/wp-content\\\/litespeed\\\/avatar\\\/18677e78aa0546b92d9dbf31ec7d7668.jpg?ver=1777290358\",\"width\":96,\"height\":96,\"caption\":\"El Digital de Asturias\"}},{\"@type\":\"WebPage\",\"@id\":\"https:\\\/\\\/www.eldigitaldeasturias.com\\\/noticias\\\/suelo-del-ano-2024-en-alemania-el-terreno-forestal\\\/#webpage\",\"url\":\"https:\\\/\\\/www.eldigitaldeasturias.com\\\/noticias\\\/suelo-del-ano-2024-en-alemania-el-terreno-forestal\\\/\",\"name\":\"Suelo del A\\u00f1o 2024 en Alemania: El terreno forestal - El Digital de Asturias\",\"description\":\"Braunschweig (Alemania), 5 dic (dpa) - El Instituto Federal de Investigaci\\u00f3n de Zonas Rurales, Bosques y Pesca de Alemania distingui\\u00f3 como \\u201cSuelo del A\\u00f1o 2024\\u201d\",\"inLanguage\":\"es-ES\",\"isPartOf\":{\"@id\":\"https:\\\/\\\/www.eldigitaldeasturias.com\\\/noticias\\\/#website\"},\"breadcrumb\":{\"@id\":\"https:\\\/\\\/www.eldigitaldeasturias.com\\\/noticias\\\/suelo-del-ano-2024-en-alemania-el-terreno-forestal\\\/#breadcrumblist\"},\"author\":{\"@id\":\"https:\\\/\\\/www.eldigitaldeasturias.com\\\/noticias\\\/author\\\/admin\\\/#author\"},\"creator\":{\"@id\":\"https:\\\/\\\/www.eldigitaldeasturias.com\\\/noticias\\\/author\\\/admin\\\/#author\"},\"image\":{\"@type\":\"ImageObject\",\"url\":\"https:\\\/\\\/www.eldigitaldeasturias.com\\\/noticias\\\/wp-content\\\/uploads\\\/2023\\\/12\\\/terreno-forestal-Alemania.jpg\",\"@id\":\"https:\\\/\\\/www.eldigitaldeasturias.com\\\/noticias\\\/suelo-del-ano-2024-en-alemania-el-terreno-forestal\\\/#mainImage\",\"width\":999,\"height\":662,\"caption\":\"Zona boscosa con suelo h\\u00famedo en la cadena monta\\u00f1osa Siebengebirge, en el este de Alemania. Foto: Thomas Banneyer\\\/dpa\"},\"primaryImageOfPage\":{\"@id\":\"https:\\\/\\\/www.eldigitaldeasturias.com\\\/noticias\\\/suelo-del-ano-2024-en-alemania-el-terreno-forestal\\\/#mainImage\"},\"datePublished\":\"2023-12-05T21:34:31+01:00\",\"dateModified\":\"2023-12-05T21:35:04+01:00\"},{\"@type\":\"WebSite\",\"@id\":\"https:\\\/\\\/www.eldigitaldeasturias.com\\\/noticias\\\/#website\",\"url\":\"https:\\\/\\\/www.eldigitaldeasturias.com\\\/noticias\\\/\",\"name\":\"El Digital de Asturias - Diario de actualidad y noticias\",\"alternateName\":\"El Digital de Asturias - Diario de actualidad y noticias\",\"description\":\"Hemeroteca\",\"inLanguage\":\"es-ES\",\"publisher\":{\"@id\":\"https:\\\/\\\/www.eldigitaldeasturias.com\\\/noticias\\\/#organization\"}}]}\n\t\t<\/script>\n\t\t<!-- All in One SEO Pro -->\r\n\t\t<title>Suelo del A\u00f1o 2024 en Alemania: El terreno forestal - El Digital de Asturias<\/title>\n\n","aioseo_head_json":{"title":"Suelo del A\u00f1o 2024 en Alemania: El terreno forestal - El Digital de Asturias","description":"Braunschweig (Alemania), 5 dic (dpa) - El Instituto Federal de Investigaci\u00f3n de Zonas Rurales, Bosques y Pesca de Alemania distingui\u00f3 como \u201cSuelo del A\u00f1o 2024\u201d","canonical_url":"https:\/\/www.eldigitaldeasturias.com\/noticias\/suelo-del-ano-2024-en-alemania-el-terreno-forestal\/","robots":"max-image-preview:large","keywords":"sociedad","webmasterTools":{"google-site-verification":"UA-38556648-1","msvalidate.01":"7dfe9f3f1b24437ab69f4f2559babe99","miscellaneous":""},"schema":{"@context":"https:\/\/schema.org","@graph":[{"@type":"BlogPosting","@id":"https:\/\/www.eldigitaldeasturias.com\/noticias\/suelo-del-ano-2024-en-alemania-el-terreno-forestal\/#blogposting","name":"Suelo del A\u00f1o 2024 en Alemania: El terreno forestal - El Digital de Asturias","headline":"Suelo del A\u00f1o 2024 en Alemania: El terreno forestal","author":{"@id":"https:\/\/www.eldigitaldeasturias.com\/noticias\/author\/admin\/#author"},"publisher":{"@id":"https:\/\/www.eldigitaldeasturias.com\/noticias\/#organization"},"image":{"@type":"ImageObject","url":"https:\/\/www.eldigitaldeasturias.com\/noticias\/wp-content\/uploads\/2023\/12\/terreno-forestal-Alemania.jpg","width":999,"height":662,"caption":"Zona boscosa con suelo h\u00famedo en la cadena monta\u00f1osa Siebengebirge, en el este de Alemania. Foto: Thomas Banneyer\/dpa"},"datePublished":"2023-12-05T21:34:31+01:00","dateModified":"2023-12-05T21:35:04+01:00","inLanguage":"es-ES","mainEntityOfPage":{"@id":"https:\/\/www.eldigitaldeasturias.com\/noticias\/suelo-del-ano-2024-en-alemania-el-terreno-forestal\/#webpage"},"isPartOf":{"@id":"https:\/\/www.eldigitaldeasturias.com\/noticias\/suelo-del-ano-2024-en-alemania-el-terreno-forestal\/#webpage"},"articleSection":"Sociedad"},{"@type":"BreadcrumbList","@id":"https:\/\/www.eldigitaldeasturias.com\/noticias\/suelo-del-ano-2024-en-alemania-el-terreno-forestal\/#breadcrumblist","itemListElement":[{"@type":"ListItem","@id":"https:\/\/www.eldigitaldeasturias.com\/noticias#listItem","position":1,"name":"Home","item":"https:\/\/www.eldigitaldeasturias.com\/noticias","nextItem":{"@type":"ListItem","@id":"https:\/\/www.eldigitaldeasturias.com\/noticias\/category\/sociedad\/#listItem","name":"Sociedad"}},{"@type":"ListItem","@id":"https:\/\/www.eldigitaldeasturias.com\/noticias\/category\/sociedad\/#listItem","position":2,"name":"Sociedad","item":"https:\/\/www.eldigitaldeasturias.com\/noticias\/category\/sociedad\/","nextItem":{"@type":"ListItem","@id":"https:\/\/www.eldigitaldeasturias.com\/noticias\/suelo-del-ano-2024-en-alemania-el-terreno-forestal\/#listItem","name":"Suelo del A\u00f1o 2024 en Alemania: El terreno forestal"},"previousItem":{"@type":"ListItem","@id":"https:\/\/www.eldigitaldeasturias.com\/noticias#listItem","name":"Home"}},{"@type":"ListItem","@id":"https:\/\/www.eldigitaldeasturias.com\/noticias\/suelo-del-ano-2024-en-alemania-el-terreno-forestal\/#listItem","position":3,"name":"Suelo del A\u00f1o 2024 en Alemania: El terreno forestal","previousItem":{"@type":"ListItem","@id":"https:\/\/www.eldigitaldeasturias.com\/noticias\/category\/sociedad\/#listItem","name":"Sociedad"}}]},{"@type":"Organization","@id":"https:\/\/www.eldigitaldeasturias.com\/noticias\/#organization","name":"El Digital de Asturias","description":"Hemeroteca","url":"https:\/\/www.eldigitaldeasturias.com\/noticias\/","email":"info@eldigitaldeasturias.com","telephone":"+34652131393","logo":{"@type":"ImageObject","url":"https:\/\/www.eldigitaldeasturias.com\/noticias\/wp-content\/uploads\/2020\/12\/EDA.jpg","@id":"https:\/\/www.eldigitaldeasturias.com\/noticias\/suelo-del-ano-2024-en-alemania-el-terreno-forestal\/#organizationLogo","width":649,"height":297},"image":{"@id":"https:\/\/www.eldigitaldeasturias.com\/noticias\/suelo-del-ano-2024-en-alemania-el-terreno-forestal\/#organizationLogo"},"sameAs":["https:\/\/facebook.com\/eldigitaldeasturias","https:\/\/www.youtube.com\/channel\/UCZP-2wLEB9Rv6erhFmqVnvg"],"address":{"@id":"https:\/\/www.eldigitaldeasturias.com\/noticias\/#postaladdress","@type":"PostalAddress","streetAddress":"san antonio 4,","postalCode":"33430","addressLocality":"Cand\u00e1s","addressRegion":"Asturias","addressCountry":"ES"}},{"@type":"Person","@id":"https:\/\/www.eldigitaldeasturias.com\/noticias\/author\/admin\/#author","url":"https:\/\/www.eldigitaldeasturias.com\/noticias\/author\/admin\/","name":"El Digital de Asturias","image":{"@type":"ImageObject","@id":"https:\/\/www.eldigitaldeasturias.com\/noticias\/suelo-del-ano-2024-en-alemania-el-terreno-forestal\/#authorImage","url":"https:\/\/www.eldigitaldeasturias.com\/noticias\/wp-content\/litespeed\/avatar\/18677e78aa0546b92d9dbf31ec7d7668.jpg?ver=1777290358","width":96,"height":96,"caption":"El Digital de Asturias"}},{"@type":"WebPage","@id":"https:\/\/www.eldigitaldeasturias.com\/noticias\/suelo-del-ano-2024-en-alemania-el-terreno-forestal\/#webpage","url":"https:\/\/www.eldigitaldeasturias.com\/noticias\/suelo-del-ano-2024-en-alemania-el-terreno-forestal\/","name":"Suelo del A\u00f1o 2024 en Alemania: El terreno forestal - El Digital de Asturias","description":"Braunschweig (Alemania), 5 dic (dpa) - El Instituto Federal de Investigaci\u00f3n de Zonas Rurales, Bosques y Pesca de Alemania distingui\u00f3 como \u201cSuelo del A\u00f1o 2024\u201d","inLanguage":"es-ES","isPartOf":{"@id":"https:\/\/www.eldigitaldeasturias.com\/noticias\/#website"},"breadcrumb":{"@id":"https:\/\/www.eldigitaldeasturias.com\/noticias\/suelo-del-ano-2024-en-alemania-el-terreno-forestal\/#breadcrumblist"},"author":{"@id":"https:\/\/www.eldigitaldeasturias.com\/noticias\/author\/admin\/#author"},"creator":{"@id":"https:\/\/www.eldigitaldeasturias.com\/noticias\/author\/admin\/#author"},"image":{"@type":"ImageObject","url":"https:\/\/www.eldigitaldeasturias.com\/noticias\/wp-content\/uploads\/2023\/12\/terreno-forestal-Alemania.jpg","@id":"https:\/\/www.eldigitaldeasturias.com\/noticias\/suelo-del-ano-2024-en-alemania-el-terreno-forestal\/#mainImage","width":999,"height":662,"caption":"Zona boscosa con suelo h\u00famedo en la cadena monta\u00f1osa Siebengebirge, en el este de Alemania. Foto: Thomas Banneyer\/dpa"},"primaryImageOfPage":{"@id":"https:\/\/www.eldigitaldeasturias.com\/noticias\/suelo-del-ano-2024-en-alemania-el-terreno-forestal\/#mainImage"},"datePublished":"2023-12-05T21:34:31+01:00","dateModified":"2023-12-05T21:35:04+01:00"},{"@type":"WebSite","@id":"https:\/\/www.eldigitaldeasturias.com\/noticias\/#website","url":"https:\/\/www.eldigitaldeasturias.com\/noticias\/","name":"El Digital de Asturias - Diario de actualidad y noticias","alternateName":"El Digital de Asturias - Diario de actualidad y noticias","description":"Hemeroteca","inLanguage":"es-ES","publisher":{"@id":"https:\/\/www.eldigitaldeasturias.com\/noticias\/#organization"}}]},"og:locale":"es_ES","og:site_name":"El Digital de Asturias","og:type":"article","og:title":"Suelo del A\u00f1o 2024 en Alemania: El terreno forestal - El Digital de Asturias","og:description":"Braunschweig (Alemania), 5 dic (dpa) - El Instituto Federal de Investigaci\u00f3n de Zonas Rurales, Bosques y Pesca de Alemania distingui\u00f3 como \u201cSuelo del A\u00f1o 2024\u201d","og:url":"https:\/\/www.eldigitaldeasturias.com\/noticias\/suelo-del-ano-2024-en-alemania-el-terreno-forestal\/","og:image":"https:\/\/www.eldigitaldeasturias.com\/noticias\/wp-content\/uploads\/2023\/12\/terreno-forestal-Alemania.jpg","og:image:secure_url":"https:\/\/www.eldigitaldeasturias.com\/noticias\/wp-content\/uploads\/2023\/12\/terreno-forestal-Alemania.jpg","og:image:width":999,"og:image:height":662,"article:tag":["sociedad"],"article:published_time":"2023-12-05T20:34:31+00:00","article:modified_time":"2023-12-05T20:35:04+00:00","article:publisher":"https:\/\/facebook.com\/eldigitaldeasturias","twitter:card":"summary_large_image","twitter:title":"Suelo del A\u00f1o 2024 en Alemania: El terreno forestal - El Digital de Asturias","twitter:description":"Braunschweig (Alemania), 5 dic (dpa) - El Instituto Federal de Investigaci\u00f3n de Zonas Rurales, Bosques y Pesca de Alemania distingui\u00f3 como \u201cSuelo del A\u00f1o 2024\u201d","twitter:image":"https:\/\/www.eldigitaldeasturias.com\/noticias\/wp-content\/uploads\/2023\/12\/terreno-forestal-Alemania.jpg","twitter:label1":"Escrito por","twitter:data1":"El Digital de Asturias","twitter:label2":"Tiempo de lectura estimado","twitter:data2":"2 minutos"},"aioseo_meta_data":{"post_id":"1127388","title":null,"description":"Braunschweig (Alemania), 5 dic (dpa) - El Instituto Federal de Investigaci\u00f3n de Zonas Rurales, Bosques y Pesca de Alemania distingui\u00f3 como \u201cSuelo del A\u00f1o 2024\u201d","keywords":[],"keyphrases":{"focus":{"keyphrase":"Alemania","score":100,"analysis":{"keyphraseInTitle":{"score":9,"maxScore":9,"error":0},"keyphraseInDescription":{"score":9,"maxScore":9,"error":0},"keyphraseLength":{"score":9,"maxScore":9,"error":0,"length":1},"keyphraseInURL":{"score":5,"maxScore":5,"error":0},"keyphraseInIntroduction":{"score":9,"maxScore":9,"error":0},"keyphraseInSubHeadings":[],"keyphraseInImageAlt":{"score":9,"maxScore":9,"error":0},"keywordDensity":{"type":"best","score":9,"maxScore":9,"error":0}}},"additional":[{"keyphrase":"Alemania","score":100,"analysis":{"keyphraseInDescription":{"score":9,"maxScore":9,"error":0},"keyphraseLength":{"score":9,"maxScore":9,"error":0,"length":1},"keyphraseInIntroduction":{"score":9,"maxScore":9,"error":0},"keyphraseInImageAlt":{"score":9,"maxScore":9,"error":0},"keywordDensity":{"type":"best","score":9,"maxScore":9,"error":0}}},{"keyphrase":"terreno forestal","score":67,"analysis":{"keyphraseInDescription":{"score":3,"maxScore":9,"error":1},"keyphraseLength":{"score":9,"maxScore":9,"error":0,"length":2},"keyphraseInIntroduction":{"score":9,"maxScore":9,"error":0},"keyphraseInImageAlt":{"score":9,"maxScore":9,"error":0},"keywordDensity":{"score":0,"type":"low","maxScore":9,"error":1}}}]},"primary_term":null,"canonical_url":null,"og_title":null,"og_description":null,"og_object_type":"default","og_image_type":"default","og_image_url":null,"og_image_width":null,"og_image_height":null,"og_image_custom_url":null,"og_image_custom_fields":null,"og_video":"","og_custom_url":null,"og_article_section":null,"og_article_tags":[],"twitter_use_og":false,"twitter_card":"default","twitter_image_type":"default","twitter_image_url":null,"twitter_image_custom_url":null,"twitter_image_custom_fields":null,"twitter_title":null,"twitter_description":null,"schema":{"blockGraphs":[],"customGraphs":[],"default":{"data":{"Article":[],"Course":[],"Dataset":[],"FAQPage":[],"Movie":[],"Person":[],"Product":[],"ProductReview":[],"Car":[],"Recipe":[],"Service":[],"SoftwareApplication":[],"WebPage":[]},"graphName":"BlogPosting","isEnabled":true},"graphs":[]},"schema_type":"default","schema_type_options":null,"pillar_content":false,"robots_default":true,"robots_noindex":false,"robots_noarchive":false,"robots_nosnippet":false,"robots_nofollow":false,"robots_noimageindex":false,"robots_noodp":false,"robots_notranslate":false,"robots_max_snippet":"-1","robots_max_videopreview":"-1","robots_max_imagepreview":"large","priority":null,"frequency":"default","local_seo":null,"seo_analyzer_scan_date":"2025-10-05 22:50:35","breadcrumb_settings":null,"limit_modified_date":false,"open_ai":"{\"title\":{\"suggestions\":[],\"usage\":0},\"description\":{\"suggestions\":[],\"usage\":0}}","ai":null,"created":"2023-12-05 20:26:24","updated":"2025-10-09 04:53:31"},"aioseo_breadcrumb":"<div class=\"aioseo-breadcrumbs\"><span class=\"aioseo-breadcrumb\">\n\t<a href=\"https:\/\/www.eldigitaldeasturias.com\/noticias\" title=\"Home\">Home<\/a>\n<\/span><span class=\"aioseo-breadcrumb-separator\">\u2013<\/span><span class=\"aioseo-breadcrumb\">\n\t<a href=\"https:\/\/www.eldigitaldeasturias.com\/noticias\/category\/sociedad\/\" title=\"Sociedad\">Sociedad<\/a>\n<\/span><span class=\"aioseo-breadcrumb-separator\">\u2013<\/span><span class=\"aioseo-breadcrumb\">\n\t<a href=\"https:\/\/www.eldigitaldeasturias.com\/noticias\/suelo-del-ano-2024-en-alemania-el-terreno-forestal\/\" title=\"Suelo del A\u00f1o 2024 en Alemania: El terreno forestal\">Suelo del A\u00f1o 2024 en Alemania: El terreno forestal<\/a>\n<\/span><\/div>","aioseo_breadcrumb_json":[{"label":"Home","link":"https:\/\/www.eldigitaldeasturias.com\/noticias"},{"label":"Sociedad","link":"https:\/\/www.eldigitaldeasturias.com\/noticias\/category\/sociedad\/"},{"label":"Suelo del A\u00f1o 2024 en Alemania: El terreno forestal","link":"https:\/\/www.eldigitaldeasturias.com\/noticias\/suelo-del-ano-2024-en-alemania-el-terreno-forestal\/"}],"_links":{"self":[{"href":"https:\/\/www.eldigitaldeasturias.com\/noticias\/wp-json\/wp\/v2\/posts\/1127388","targetHints":{"allow":["GET"]}}],"collection":[{"href":"https:\/\/www.eldigitaldeasturias.com\/noticias\/wp-json\/wp\/v2\/posts"}],"about":[{"href":"https:\/\/www.eldigitaldeasturias.com\/noticias\/wp-json\/wp\/v2\/types\/post"}],"author":[{"embeddable":true,"href":"https:\/\/www.eldigitaldeasturias.com\/noticias\/wp-json\/wp\/v2\/users\/1"}],"replies":[{"embeddable":true,"href":"https:\/\/www.eldigitaldeasturias.com\/noticias\/wp-json\/wp\/v2\/comments?post=1127388"}],"version-history":[{"count":0,"href":"https:\/\/www.eldigitaldeasturias.com\/noticias\/wp-json\/wp\/v2\/posts\/1127388\/revisions"}],"wp:featuredmedia":[{"embeddable":true,"href":"https:\/\/www.eldigitaldeasturias.com\/noticias\/wp-json\/wp\/v2\/media\/1127389"}],"wp:attachment":[{"href":"https:\/\/www.eldigitaldeasturias.com\/noticias\/wp-json\/wp\/v2\/media?parent=1127388"}],"wp:term":[{"taxonomy":"category","embeddable":true,"href":"https:\/\/www.eldigitaldeasturias.com\/noticias\/wp-json\/wp\/v2\/categories?post=1127388"},{"taxonomy":"post_tag","embeddable":true,"href":"https:\/\/www.eldigitaldeasturias.com\/noticias\/wp-json\/wp\/v2\/tags?post=1127388"}],"curies":[{"name":"wp","href":"https:\/\/api.w.org\/{rel}","templated":true}]}}