{"id":1127358,"date":"2023-12-02T01:42:44","date_gmt":"2023-12-02T00:42:44","guid":{"rendered":"https:\/\/www.eldigitaldeasturias.com\/noticias\/?p=1127358"},"modified":"2023-12-02T01:42:44","modified_gmt":"2023-12-02T00:42:44","slug":"recuperados-en-asturias-16-morteros-mineros-de-la-epoca-romana","status":"publish","type":"post","link":"https:\/\/www.eldigitaldeasturias.com\/noticias\/recuperados-en-asturias-16-morteros-mineros-de-la-epoca-romana\/","title":{"rendered":"Recuperados en Asturias 16 morteros mineros de la \u00e9poca romana"},"content":{"rendered":"<p>El Gobierno del <a href=\"https:\/\/actualidad.asturias.es\/\" target=\"_blank\" rel=\"noopener\"><span style=\"color: #ff6600;\"><strong>Principado de Asturias<\/strong><\/span><\/a> ha recuperado 16 morteros mineros de <a href=\"https:\/\/eldigitaldeasturias.com\/magazine365\/category\/mundo-curioso\/\"><span style=\"color: #ff6600;\"><strong>\u00e9poca romana<\/strong><\/span><\/a> en el complejo aur\u00edfero de Salave-Lagunas de Silva, en <strong>Tapia de Casariego<\/strong>. Las direcciones generales de Patrimonio Cultural y de Custodia del Territorio llevaron a cabo una labor conjunta de rescate de este material, fechado en tono a los siglos I y II d.C., que ya ha sido trasladado a los almacenes del Museo Arqueol\u00f3gico de Asturias.<\/p>\n<figure id=\"attachment_1127359\" aria-describedby=\"caption-attachment-1127359\" style=\"width: 650px\" class=\"wp-caption aligncenter\"><img loading=\"lazy\" decoding=\"async\" class=\"wp-image-1127359 size-large\" src=\"https:\/\/www.eldigitaldeasturias.com\/noticias\/wp-content\/uploads\/2023\/12\/morteros-romanos-Asturias-650x420.jpg\" alt=\"morteros romanos Asturias\" width=\"650\" height=\"420\" srcset=\"https:\/\/www.eldigitaldeasturias.com\/noticias\/wp-content\/uploads\/2023\/12\/morteros-romanos-Asturias-650x420.jpg 650w, https:\/\/www.eldigitaldeasturias.com\/noticias\/wp-content\/uploads\/2023\/12\/morteros-romanos-Asturias-360x233.jpg 360w, https:\/\/www.eldigitaldeasturias.com\/noticias\/wp-content\/uploads\/2023\/12\/morteros-romanos-Asturias-464x300.jpg 464w, https:\/\/www.eldigitaldeasturias.com\/noticias\/wp-content\/uploads\/2023\/12\/morteros-romanos-Asturias-768x496.jpg 768w, https:\/\/www.eldigitaldeasturias.com\/noticias\/wp-content\/uploads\/2023\/12\/morteros-romanos-Asturias-150x97.jpg 150w, https:\/\/www.eldigitaldeasturias.com\/noticias\/wp-content\/uploads\/2023\/12\/morteros-romanos-Asturias-450x291.jpg 450w, https:\/\/www.eldigitaldeasturias.com\/noticias\/wp-content\/uploads\/2023\/12\/morteros-romanos-Asturias.jpg 992w\" sizes=\"auto, (max-width: 650px) 100vw, 650px\" \/><figcaption id=\"caption-attachment-1127359\" class=\"wp-caption-text\">Foto: Prensa Gobierno de Asturias<\/figcaption><\/figure>\n<p>Las labores de recuperaci\u00f3n se realizaron el <a href=\"https:\/\/www.eldigitaldeasturias.com\/noticias\/category\/agenda\/\"><span style=\"color: #ff6600;\"><strong>29 de noviembre<\/strong><\/span><\/a> en la Ribeir\u00eda de El Figo, tras haber sido informado el Servicio de Patrimonio Cultural de la existencia de estas piezas por los ge\u00f3logos Evaristo \u00c1lvarez Mu\u00f1oz, Beatriz Gonz\u00e1lez Fern\u00e1ndez y Eduardo Men\u00e9ndez Casares. En la Ribeir\u00eda del Figo, localizada bajo una gran zanja-canal de la zona aur\u00edfera de Salave-Lagunas de Silva, y en la franja intermareal, los especialistas localizaron m\u00e1s de cincuenta morteros mineros labrados sobre bloques granitoides o de cuarzo, el conjunto m\u00e1s importante del noroeste de la pen\u00ednsula, dado que el resto de los hallazgos conocidos se reduce a ejemplares aislados.<\/p>\n<p>La funci\u00f3n de estas piezas se relaciona con el lavado y cribado de los metales pesados en las explotaciones mineras de \u00e9poca romana. <strong>Debido a su valor hist\u00f3rico y arqueol\u00f3gico, el Consejo del Patrimonio Cultural de Asturias acord\u00f3 recuperar los ejemplares de mayor importancia, lo que ofrec\u00eda dos grandes dificultades: el elevado peso de la mayor parte de los morteros \u2013alguno de los cuales supera holgadamente los 200 kilos&#8211; y la falta de acceso directo a la cala en la que se localiza el conjunto.<\/strong><\/p>\n<p>Para resolver estas complicaciones, se acord\u00f3 llevar a cabo la operaci\u00f3n por v\u00eda a\u00e9rea, para lo cual se articul\u00f3 un dispositivo en el que participaron un t\u00e9cnico arque\u00f3logo del Servicio de Patrimonio Cultural, miembros de la Guarder\u00eda del Medio Natural y un helic\u00f3ptero de Bomberos de Asturias, lo que permiti\u00f3 rescatar 16 elementos.<\/p>\n<p>Los expertos valoran este hallazgo debido a que se trata de artefactos mineros bien contextualizados arqueol\u00f3gicamente, ya que se ubican al pie de una gran zanja-canal de una explotaci\u00f3n aur\u00edfera de \u00e9poca romana que desarroll\u00f3 su actividad entre mediados del siglo I d.C. y mediados del siglo II d.C.<\/p>\n","protected":false},"excerpt":{"rendered":"<p>El Gobierno del Principado de Asturias ha recuperado 16 morteros mineros de \u00e9poca romana en el complejo aur\u00edfero de Salave-Lagunas de Silva, en Tapia de Casariego. Las direcciones generales de Patrimonio Cultural y de Custodia del Territorio llevaron a cabo una labor conjunta de rescate de este material, fechado en tono a los siglos I [&hellip;]<\/p>\n","protected":false},"author":1,"featured_media":1127359,"comment_status":"closed","ping_status":"closed","sticky":false,"template":"","format":"standard","meta":{"footnotes":""},"categories":[12,141],"tags":[],"class_list":["post-1127358","post","type-post","status-publish","format-standard","has-post-thumbnail","hentry","category-actualidad-asturias","category-destacadas"],"aioseo_notices":[],"aioseo_head":"\n\t\t<!-- All in One SEO Pro 4.9.6.2 - aioseo.com -->\n\t<meta name=\"description\" content=\"El Gobierno del Principado de Asturias ha recuperado 16 morteros mineros de \u00e9poca romana en el complejo aur\u00edfero de Salave-Lagunas de Silva, en Tapia\" \/>\n\t<meta name=\"robots\" content=\"max-image-preview:large\" \/>\n\t<meta name=\"author\" content=\"El Digital de Asturias\"\/>\n\t<meta name=\"google-site-verification\" content=\"UA-38556648-1\" \/>\n\t<meta name=\"msvalidate.01\" content=\"7dfe9f3f1b24437ab69f4f2559babe99\" \/>\n\t<meta name=\"keywords\" content=\"actualidad asturias,destacadas\" \/>\n\t<link rel=\"canonical\" href=\"https:\/\/www.eldigitaldeasturias.com\/noticias\/recuperados-en-asturias-16-morteros-mineros-de-la-epoca-romana\/\" \/>\n\t<meta name=\"generator\" content=\"All in One SEO Pro (AIOSEO) 4.9.6.2\" \/>\n\t\t<meta property=\"og:locale\" content=\"es_ES\" \/>\n\t\t<meta property=\"og:site_name\" content=\"El Digital de Asturias\" \/>\n\t\t<meta property=\"og:type\" content=\"article\" \/>\n\t\t<meta property=\"og:title\" content=\"Recuperados en Asturias 16 morteros mineros de la \u00e9poca romana - El Digital de Asturias\" \/>\n\t\t<meta property=\"og:description\" content=\"El Gobierno del Principado de Asturias ha recuperado 16 morteros mineros de \u00e9poca romana en el complejo aur\u00edfero de Salave-Lagunas de Silva, en Tapia\" \/>\n\t\t<meta property=\"og:url\" content=\"https:\/\/www.eldigitaldeasturias.com\/noticias\/recuperados-en-asturias-16-morteros-mineros-de-la-epoca-romana\/\" \/>\n\t\t<meta property=\"og:image\" content=\"https:\/\/www.eldigitaldeasturias.com\/noticias\/wp-content\/uploads\/2023\/12\/morteros-romanos-Asturias.jpg\" \/>\n\t\t<meta property=\"og:image:secure_url\" content=\"https:\/\/www.eldigitaldeasturias.com\/noticias\/wp-content\/uploads\/2023\/12\/morteros-romanos-Asturias.jpg\" \/>\n\t\t<meta property=\"og:image:width\" content=\"992\" \/>\n\t\t<meta property=\"og:image:height\" content=\"641\" \/>\n\t\t<meta property=\"article:tag\" content=\"actualidad asturias\" \/>\n\t\t<meta property=\"article:tag\" content=\"destacadas\" \/>\n\t\t<meta property=\"article:published_time\" content=\"2023-12-02T00:42:44+00:00\" \/>\n\t\t<meta property=\"article:modified_time\" content=\"2023-12-02T00:42:44+00:00\" \/>\n\t\t<meta property=\"article:publisher\" content=\"https:\/\/facebook.com\/eldigitaldeasturias\" \/>\n\t\t<meta name=\"twitter:card\" content=\"summary_large_image\" \/>\n\t\t<meta name=\"twitter:title\" content=\"Recuperados en Asturias 16 morteros mineros de la \u00e9poca romana - El Digital de Asturias\" \/>\n\t\t<meta name=\"twitter:description\" content=\"El Gobierno del Principado de Asturias ha recuperado 16 morteros mineros de \u00e9poca romana en el complejo aur\u00edfero de Salave-Lagunas de Silva, en Tapia\" \/>\n\t\t<meta name=\"twitter:image\" content=\"https:\/\/www.eldigitaldeasturias.com\/noticias\/wp-content\/uploads\/2023\/12\/morteros-romanos-Asturias.jpg\" \/>\n\t\t<meta name=\"twitter:label1\" content=\"Escrito por\" \/>\n\t\t<meta name=\"twitter:data1\" content=\"El Digital de Asturias\" \/>\n\t\t<meta name=\"twitter:label2\" content=\"Tiempo de lectura estimado\" \/>\n\t\t<meta name=\"twitter:data2\" content=\"2 minutos\" \/>\n\t\t<script type=\"application\/ld+json\" class=\"aioseo-schema\">\n\t\t\t{\"@context\":\"https:\\\/\\\/schema.org\",\"@graph\":[{\"@type\":\"BlogPosting\",\"@id\":\"https:\\\/\\\/www.eldigitaldeasturias.com\\\/noticias\\\/recuperados-en-asturias-16-morteros-mineros-de-la-epoca-romana\\\/#blogposting\",\"name\":\"Recuperados en Asturias 16 morteros mineros de la \\u00e9poca romana - El Digital de Asturias\",\"headline\":\"Recuperados en Asturias 16 morteros mineros de la \\u00e9poca romana\",\"author\":{\"@id\":\"https:\\\/\\\/www.eldigitaldeasturias.com\\\/noticias\\\/author\\\/admin\\\/#author\"},\"publisher\":{\"@id\":\"https:\\\/\\\/www.eldigitaldeasturias.com\\\/noticias\\\/#organization\"},\"image\":{\"@type\":\"ImageObject\",\"url\":\"https:\\\/\\\/www.eldigitaldeasturias.com\\\/noticias\\\/wp-content\\\/uploads\\\/2023\\\/12\\\/morteros-romanos-Asturias.jpg\",\"width\":992,\"height\":641,\"caption\":\"Foto: Prensa Gobierno de Asturias\"},\"datePublished\":\"2023-12-02T01:42:44+01:00\",\"dateModified\":\"2023-12-02T01:42:44+01:00\",\"inLanguage\":\"es-ES\",\"mainEntityOfPage\":{\"@id\":\"https:\\\/\\\/www.eldigitaldeasturias.com\\\/noticias\\\/recuperados-en-asturias-16-morteros-mineros-de-la-epoca-romana\\\/#webpage\"},\"isPartOf\":{\"@id\":\"https:\\\/\\\/www.eldigitaldeasturias.com\\\/noticias\\\/recuperados-en-asturias-16-morteros-mineros-de-la-epoca-romana\\\/#webpage\"},\"articleSection\":\"Actualidad Asturias, Destacadas\"},{\"@type\":\"BreadcrumbList\",\"@id\":\"https:\\\/\\\/www.eldigitaldeasturias.com\\\/noticias\\\/recuperados-en-asturias-16-morteros-mineros-de-la-epoca-romana\\\/#breadcrumblist\",\"itemListElement\":[{\"@type\":\"ListItem\",\"@id\":\"https:\\\/\\\/www.eldigitaldeasturias.com\\\/noticias#listItem\",\"position\":1,\"name\":\"Home\",\"item\":\"https:\\\/\\\/www.eldigitaldeasturias.com\\\/noticias\",\"nextItem\":{\"@type\":\"ListItem\",\"@id\":\"https:\\\/\\\/www.eldigitaldeasturias.com\\\/noticias\\\/category\\\/actualidad-asturias\\\/#listItem\",\"name\":\"Actualidad Asturias\"}},{\"@type\":\"ListItem\",\"@id\":\"https:\\\/\\\/www.eldigitaldeasturias.com\\\/noticias\\\/category\\\/actualidad-asturias\\\/#listItem\",\"position\":2,\"name\":\"Actualidad Asturias\",\"item\":\"https:\\\/\\\/www.eldigitaldeasturias.com\\\/noticias\\\/category\\\/actualidad-asturias\\\/\",\"nextItem\":{\"@type\":\"ListItem\",\"@id\":\"https:\\\/\\\/www.eldigitaldeasturias.com\\\/noticias\\\/recuperados-en-asturias-16-morteros-mineros-de-la-epoca-romana\\\/#listItem\",\"name\":\"Recuperados en Asturias 16 morteros mineros de la \\u00e9poca romana\"},\"previousItem\":{\"@type\":\"ListItem\",\"@id\":\"https:\\\/\\\/www.eldigitaldeasturias.com\\\/noticias#listItem\",\"name\":\"Home\"}},{\"@type\":\"ListItem\",\"@id\":\"https:\\\/\\\/www.eldigitaldeasturias.com\\\/noticias\\\/recuperados-en-asturias-16-morteros-mineros-de-la-epoca-romana\\\/#listItem\",\"position\":3,\"name\":\"Recuperados en Asturias 16 morteros mineros de la \\u00e9poca romana\",\"previousItem\":{\"@type\":\"ListItem\",\"@id\":\"https:\\\/\\\/www.eldigitaldeasturias.com\\\/noticias\\\/category\\\/actualidad-asturias\\\/#listItem\",\"name\":\"Actualidad Asturias\"}}]},{\"@type\":\"Organization\",\"@id\":\"https:\\\/\\\/www.eldigitaldeasturias.com\\\/noticias\\\/#organization\",\"name\":\"El Digital de Asturias\",\"description\":\"Hemeroteca\",\"url\":\"https:\\\/\\\/www.eldigitaldeasturias.com\\\/noticias\\\/\",\"email\":\"info@eldigitaldeasturias.com\",\"telephone\":\"+34652131393\",\"logo\":{\"@type\":\"ImageObject\",\"url\":\"https:\\\/\\\/www.eldigitaldeasturias.com\\\/noticias\\\/wp-content\\\/uploads\\\/2020\\\/12\\\/EDA.jpg\",\"@id\":\"https:\\\/\\\/www.eldigitaldeasturias.com\\\/noticias\\\/recuperados-en-asturias-16-morteros-mineros-de-la-epoca-romana\\\/#organizationLogo\",\"width\":649,\"height\":297},\"image\":{\"@id\":\"https:\\\/\\\/www.eldigitaldeasturias.com\\\/noticias\\\/recuperados-en-asturias-16-morteros-mineros-de-la-epoca-romana\\\/#organizationLogo\"},\"sameAs\":[\"https:\\\/\\\/facebook.com\\\/eldigitaldeasturias\",\"https:\\\/\\\/www.youtube.com\\\/channel\\\/UCZP-2wLEB9Rv6erhFmqVnvg\"],\"address\":{\"@id\":\"https:\\\/\\\/www.eldigitaldeasturias.com\\\/noticias\\\/#postaladdress\",\"@type\":\"PostalAddress\",\"streetAddress\":\"san antonio 4,\",\"postalCode\":\"33430\",\"addressLocality\":\"Cand\\u00e1s\",\"addressRegion\":\"Asturias\",\"addressCountry\":\"ES\"}},{\"@type\":\"Person\",\"@id\":\"https:\\\/\\\/www.eldigitaldeasturias.com\\\/noticias\\\/author\\\/admin\\\/#author\",\"url\":\"https:\\\/\\\/www.eldigitaldeasturias.com\\\/noticias\\\/author\\\/admin\\\/\",\"name\":\"El Digital de Asturias\",\"image\":{\"@type\":\"ImageObject\",\"@id\":\"https:\\\/\\\/www.eldigitaldeasturias.com\\\/noticias\\\/recuperados-en-asturias-16-morteros-mineros-de-la-epoca-romana\\\/#authorImage\",\"url\":\"https:\\\/\\\/www.eldigitaldeasturias.com\\\/noticias\\\/wp-content\\\/litespeed\\\/avatar\\\/18677e78aa0546b92d9dbf31ec7d7668.jpg?ver=1777290358\",\"width\":96,\"height\":96,\"caption\":\"El Digital de Asturias\"}},{\"@type\":\"WebPage\",\"@id\":\"https:\\\/\\\/www.eldigitaldeasturias.com\\\/noticias\\\/recuperados-en-asturias-16-morteros-mineros-de-la-epoca-romana\\\/#webpage\",\"url\":\"https:\\\/\\\/www.eldigitaldeasturias.com\\\/noticias\\\/recuperados-en-asturias-16-morteros-mineros-de-la-epoca-romana\\\/\",\"name\":\"Recuperados en Asturias 16 morteros mineros de la \\u00e9poca romana - El Digital de Asturias\",\"description\":\"El Gobierno del Principado de Asturias ha recuperado 16 morteros mineros de \\u00e9poca romana en el complejo aur\\u00edfero de Salave-Lagunas de Silva, en Tapia\",\"inLanguage\":\"es-ES\",\"isPartOf\":{\"@id\":\"https:\\\/\\\/www.eldigitaldeasturias.com\\\/noticias\\\/#website\"},\"breadcrumb\":{\"@id\":\"https:\\\/\\\/www.eldigitaldeasturias.com\\\/noticias\\\/recuperados-en-asturias-16-morteros-mineros-de-la-epoca-romana\\\/#breadcrumblist\"},\"author\":{\"@id\":\"https:\\\/\\\/www.eldigitaldeasturias.com\\\/noticias\\\/author\\\/admin\\\/#author\"},\"creator\":{\"@id\":\"https:\\\/\\\/www.eldigitaldeasturias.com\\\/noticias\\\/author\\\/admin\\\/#author\"},\"image\":{\"@type\":\"ImageObject\",\"url\":\"https:\\\/\\\/www.eldigitaldeasturias.com\\\/noticias\\\/wp-content\\\/uploads\\\/2023\\\/12\\\/morteros-romanos-Asturias.jpg\",\"@id\":\"https:\\\/\\\/www.eldigitaldeasturias.com\\\/noticias\\\/recuperados-en-asturias-16-morteros-mineros-de-la-epoca-romana\\\/#mainImage\",\"width\":992,\"height\":641,\"caption\":\"Foto: Prensa Gobierno de Asturias\"},\"primaryImageOfPage\":{\"@id\":\"https:\\\/\\\/www.eldigitaldeasturias.com\\\/noticias\\\/recuperados-en-asturias-16-morteros-mineros-de-la-epoca-romana\\\/#mainImage\"},\"datePublished\":\"2023-12-02T01:42:44+01:00\",\"dateModified\":\"2023-12-02T01:42:44+01:00\"},{\"@type\":\"WebSite\",\"@id\":\"https:\\\/\\\/www.eldigitaldeasturias.com\\\/noticias\\\/#website\",\"url\":\"https:\\\/\\\/www.eldigitaldeasturias.com\\\/noticias\\\/\",\"name\":\"El Digital de Asturias - Diario de actualidad y noticias\",\"alternateName\":\"El Digital de Asturias - Diario de actualidad y noticias\",\"description\":\"Hemeroteca\",\"inLanguage\":\"es-ES\",\"publisher\":{\"@id\":\"https:\\\/\\\/www.eldigitaldeasturias.com\\\/noticias\\\/#organization\"}}]}\n\t\t<\/script>\n\t\t<!-- All in One SEO Pro -->\r\n\t\t<title>Recuperados en Asturias 16 morteros mineros de la \u00e9poca romana - El Digital de Asturias<\/title>\n\n","aioseo_head_json":{"title":"Recuperados en Asturias 16 morteros mineros de la \u00e9poca romana - El Digital de Asturias","description":"El Gobierno del Principado de Asturias ha recuperado 16 morteros mineros de \u00e9poca romana en el complejo aur\u00edfero de Salave-Lagunas de Silva, en Tapia","canonical_url":"https:\/\/www.eldigitaldeasturias.com\/noticias\/recuperados-en-asturias-16-morteros-mineros-de-la-epoca-romana\/","robots":"max-image-preview:large","keywords":"actualidad asturias,destacadas","webmasterTools":{"google-site-verification":"UA-38556648-1","msvalidate.01":"7dfe9f3f1b24437ab69f4f2559babe99","miscellaneous":""},"schema":{"@context":"https:\/\/schema.org","@graph":[{"@type":"BlogPosting","@id":"https:\/\/www.eldigitaldeasturias.com\/noticias\/recuperados-en-asturias-16-morteros-mineros-de-la-epoca-romana\/#blogposting","name":"Recuperados en Asturias 16 morteros mineros de la \u00e9poca romana - El Digital de Asturias","headline":"Recuperados en Asturias 16 morteros mineros de la \u00e9poca romana","author":{"@id":"https:\/\/www.eldigitaldeasturias.com\/noticias\/author\/admin\/#author"},"publisher":{"@id":"https:\/\/www.eldigitaldeasturias.com\/noticias\/#organization"},"image":{"@type":"ImageObject","url":"https:\/\/www.eldigitaldeasturias.com\/noticias\/wp-content\/uploads\/2023\/12\/morteros-romanos-Asturias.jpg","width":992,"height":641,"caption":"Foto: Prensa Gobierno de Asturias"},"datePublished":"2023-12-02T01:42:44+01:00","dateModified":"2023-12-02T01:42:44+01:00","inLanguage":"es-ES","mainEntityOfPage":{"@id":"https:\/\/www.eldigitaldeasturias.com\/noticias\/recuperados-en-asturias-16-morteros-mineros-de-la-epoca-romana\/#webpage"},"isPartOf":{"@id":"https:\/\/www.eldigitaldeasturias.com\/noticias\/recuperados-en-asturias-16-morteros-mineros-de-la-epoca-romana\/#webpage"},"articleSection":"Actualidad Asturias, Destacadas"},{"@type":"BreadcrumbList","@id":"https:\/\/www.eldigitaldeasturias.com\/noticias\/recuperados-en-asturias-16-morteros-mineros-de-la-epoca-romana\/#breadcrumblist","itemListElement":[{"@type":"ListItem","@id":"https:\/\/www.eldigitaldeasturias.com\/noticias#listItem","position":1,"name":"Home","item":"https:\/\/www.eldigitaldeasturias.com\/noticias","nextItem":{"@type":"ListItem","@id":"https:\/\/www.eldigitaldeasturias.com\/noticias\/category\/actualidad-asturias\/#listItem","name":"Actualidad Asturias"}},{"@type":"ListItem","@id":"https:\/\/www.eldigitaldeasturias.com\/noticias\/category\/actualidad-asturias\/#listItem","position":2,"name":"Actualidad Asturias","item":"https:\/\/www.eldigitaldeasturias.com\/noticias\/category\/actualidad-asturias\/","nextItem":{"@type":"ListItem","@id":"https:\/\/www.eldigitaldeasturias.com\/noticias\/recuperados-en-asturias-16-morteros-mineros-de-la-epoca-romana\/#listItem","name":"Recuperados en Asturias 16 morteros mineros de la \u00e9poca romana"},"previousItem":{"@type":"ListItem","@id":"https:\/\/www.eldigitaldeasturias.com\/noticias#listItem","name":"Home"}},{"@type":"ListItem","@id":"https:\/\/www.eldigitaldeasturias.com\/noticias\/recuperados-en-asturias-16-morteros-mineros-de-la-epoca-romana\/#listItem","position":3,"name":"Recuperados en Asturias 16 morteros mineros de la \u00e9poca romana","previousItem":{"@type":"ListItem","@id":"https:\/\/www.eldigitaldeasturias.com\/noticias\/category\/actualidad-asturias\/#listItem","name":"Actualidad Asturias"}}]},{"@type":"Organization","@id":"https:\/\/www.eldigitaldeasturias.com\/noticias\/#organization","name":"El Digital de Asturias","description":"Hemeroteca","url":"https:\/\/www.eldigitaldeasturias.com\/noticias\/","email":"info@eldigitaldeasturias.com","telephone":"+34652131393","logo":{"@type":"ImageObject","url":"https:\/\/www.eldigitaldeasturias.com\/noticias\/wp-content\/uploads\/2020\/12\/EDA.jpg","@id":"https:\/\/www.eldigitaldeasturias.com\/noticias\/recuperados-en-asturias-16-morteros-mineros-de-la-epoca-romana\/#organizationLogo","width":649,"height":297},"image":{"@id":"https:\/\/www.eldigitaldeasturias.com\/noticias\/recuperados-en-asturias-16-morteros-mineros-de-la-epoca-romana\/#organizationLogo"},"sameAs":["https:\/\/facebook.com\/eldigitaldeasturias","https:\/\/www.youtube.com\/channel\/UCZP-2wLEB9Rv6erhFmqVnvg"],"address":{"@id":"https:\/\/www.eldigitaldeasturias.com\/noticias\/#postaladdress","@type":"PostalAddress","streetAddress":"san antonio 4,","postalCode":"33430","addressLocality":"Cand\u00e1s","addressRegion":"Asturias","addressCountry":"ES"}},{"@type":"Person","@id":"https:\/\/www.eldigitaldeasturias.com\/noticias\/author\/admin\/#author","url":"https:\/\/www.eldigitaldeasturias.com\/noticias\/author\/admin\/","name":"El Digital de Asturias","image":{"@type":"ImageObject","@id":"https:\/\/www.eldigitaldeasturias.com\/noticias\/recuperados-en-asturias-16-morteros-mineros-de-la-epoca-romana\/#authorImage","url":"https:\/\/www.eldigitaldeasturias.com\/noticias\/wp-content\/litespeed\/avatar\/18677e78aa0546b92d9dbf31ec7d7668.jpg?ver=1777290358","width":96,"height":96,"caption":"El Digital de Asturias"}},{"@type":"WebPage","@id":"https:\/\/www.eldigitaldeasturias.com\/noticias\/recuperados-en-asturias-16-morteros-mineros-de-la-epoca-romana\/#webpage","url":"https:\/\/www.eldigitaldeasturias.com\/noticias\/recuperados-en-asturias-16-morteros-mineros-de-la-epoca-romana\/","name":"Recuperados en Asturias 16 morteros mineros de la \u00e9poca romana - El Digital de Asturias","description":"El Gobierno del Principado de Asturias ha recuperado 16 morteros mineros de \u00e9poca romana en el complejo aur\u00edfero de Salave-Lagunas de Silva, en Tapia","inLanguage":"es-ES","isPartOf":{"@id":"https:\/\/www.eldigitaldeasturias.com\/noticias\/#website"},"breadcrumb":{"@id":"https:\/\/www.eldigitaldeasturias.com\/noticias\/recuperados-en-asturias-16-morteros-mineros-de-la-epoca-romana\/#breadcrumblist"},"author":{"@id":"https:\/\/www.eldigitaldeasturias.com\/noticias\/author\/admin\/#author"},"creator":{"@id":"https:\/\/www.eldigitaldeasturias.com\/noticias\/author\/admin\/#author"},"image":{"@type":"ImageObject","url":"https:\/\/www.eldigitaldeasturias.com\/noticias\/wp-content\/uploads\/2023\/12\/morteros-romanos-Asturias.jpg","@id":"https:\/\/www.eldigitaldeasturias.com\/noticias\/recuperados-en-asturias-16-morteros-mineros-de-la-epoca-romana\/#mainImage","width":992,"height":641,"caption":"Foto: Prensa Gobierno de Asturias"},"primaryImageOfPage":{"@id":"https:\/\/www.eldigitaldeasturias.com\/noticias\/recuperados-en-asturias-16-morteros-mineros-de-la-epoca-romana\/#mainImage"},"datePublished":"2023-12-02T01:42:44+01:00","dateModified":"2023-12-02T01:42:44+01:00"},{"@type":"WebSite","@id":"https:\/\/www.eldigitaldeasturias.com\/noticias\/#website","url":"https:\/\/www.eldigitaldeasturias.com\/noticias\/","name":"El Digital de Asturias - Diario de actualidad y noticias","alternateName":"El Digital de Asturias - Diario de actualidad y noticias","description":"Hemeroteca","inLanguage":"es-ES","publisher":{"@id":"https:\/\/www.eldigitaldeasturias.com\/noticias\/#organization"}}]},"og:locale":"es_ES","og:site_name":"El Digital de Asturias","og:type":"article","og:title":"Recuperados en Asturias 16 morteros mineros de la \u00e9poca romana - El Digital de Asturias","og:description":"El Gobierno del Principado de Asturias ha recuperado 16 morteros mineros de \u00e9poca romana en el complejo aur\u00edfero de Salave-Lagunas de Silva, en Tapia","og:url":"https:\/\/www.eldigitaldeasturias.com\/noticias\/recuperados-en-asturias-16-morteros-mineros-de-la-epoca-romana\/","og:image":"https:\/\/www.eldigitaldeasturias.com\/noticias\/wp-content\/uploads\/2023\/12\/morteros-romanos-Asturias.jpg","og:image:secure_url":"https:\/\/www.eldigitaldeasturias.com\/noticias\/wp-content\/uploads\/2023\/12\/morteros-romanos-Asturias.jpg","og:image:width":992,"og:image:height":641,"article:tag":["actualidad asturias","destacadas"],"article:published_time":"2023-12-02T00:42:44+00:00","article:modified_time":"2023-12-02T00:42:44+00:00","article:publisher":"https:\/\/facebook.com\/eldigitaldeasturias","twitter:card":"summary_large_image","twitter:title":"Recuperados en Asturias 16 morteros mineros de la \u00e9poca romana - El Digital de Asturias","twitter:description":"El Gobierno del Principado de Asturias ha recuperado 16 morteros mineros de \u00e9poca romana en el complejo aur\u00edfero de Salave-Lagunas de Silva, en Tapia","twitter:image":"https:\/\/www.eldigitaldeasturias.com\/noticias\/wp-content\/uploads\/2023\/12\/morteros-romanos-Asturias.jpg","twitter:label1":"Escrito por","twitter:data1":"El Digital de Asturias","twitter:label2":"Tiempo de lectura estimado","twitter:data2":"2 minutos"},"aioseo_meta_data":{"post_id":"1127358","title":null,"description":"El Gobierno del Principado de Asturias ha recuperado 16 morteros mineros de \u00e9poca romana en el complejo aur\u00edfero de Salave-Lagunas de Silva, en Tapia","keywords":[],"keyphrases":{"focus":{"keyphrase":"Asturias ","score":100,"analysis":{"keyphraseInTitle":{"score":9,"maxScore":9,"error":0},"keyphraseInDescription":{"score":9,"maxScore":9,"error":0},"keyphraseLength":{"score":9,"maxScore":9,"error":0,"length":1},"keyphraseInURL":{"score":5,"maxScore":5,"error":0},"keyphraseInIntroduction":{"score":9,"maxScore":9,"error":0},"keyphraseInSubHeadings":[],"keyphraseInImageAlt":{"score":9,"maxScore":9,"error":0},"keywordDensity":{"type":"best","score":9,"maxScore":9,"error":0}}},"additional":[{"keyphrase":"morteros mineros","score":87,"analysis":{"keyphraseInDescription":{"score":9,"maxScore":9,"error":0},"keyphraseLength":{"score":9,"maxScore":9,"error":0,"length":2},"keyphraseInIntroduction":{"score":9,"maxScore":9,"error":0},"keyphraseInImageAlt":{"score":3,"maxScore":9,"error":1},"keywordDensity":{"type":"best","score":9,"maxScore":9,"error":0}}}]},"primary_term":null,"canonical_url":null,"og_title":null,"og_description":null,"og_object_type":"default","og_image_type":"default","og_image_url":null,"og_image_width":null,"og_image_height":null,"og_image_custom_url":null,"og_image_custom_fields":null,"og_video":"","og_custom_url":null,"og_article_section":null,"og_article_tags":[],"twitter_use_og":false,"twitter_card":"default","twitter_image_type":"default","twitter_image_url":null,"twitter_image_custom_url":null,"twitter_image_custom_fields":null,"twitter_title":null,"twitter_description":null,"schema":{"blockGraphs":[],"customGraphs":[],"default":{"data":{"Article":[],"Course":[],"Dataset":[],"FAQPage":[],"Movie":[],"Person":[],"Product":[],"ProductReview":[],"Car":[],"Recipe":[],"Service":[],"SoftwareApplication":[],"WebPage":[]},"graphName":"BlogPosting","isEnabled":true},"graphs":[]},"schema_type":"default","schema_type_options":null,"pillar_content":false,"robots_default":true,"robots_noindex":false,"robots_noarchive":false,"robots_nosnippet":false,"robots_nofollow":false,"robots_noimageindex":false,"robots_noodp":false,"robots_notranslate":false,"robots_max_snippet":"-1","robots_max_videopreview":"-1","robots_max_imagepreview":"large","priority":null,"frequency":"default","local_seo":null,"seo_analyzer_scan_date":"2025-10-05 22:48:43","breadcrumb_settings":null,"limit_modified_date":false,"open_ai":"{\"title\":{\"suggestions\":[],\"usage\":0},\"description\":{\"suggestions\":[],\"usage\":0}}","ai":null,"created":"2023-12-02 00:32:04","updated":"2025-10-09 04:53:31"},"aioseo_breadcrumb":"<div class=\"aioseo-breadcrumbs\"><span class=\"aioseo-breadcrumb\">\n\t<a href=\"https:\/\/www.eldigitaldeasturias.com\/noticias\" title=\"Home\">Home<\/a>\n<\/span><span class=\"aioseo-breadcrumb-separator\">\u2013<\/span><span class=\"aioseo-breadcrumb\">\n\t<a href=\"https:\/\/www.eldigitaldeasturias.com\/noticias\/category\/actualidad-asturias\/\" title=\"Actualidad Asturias\">Actualidad Asturias<\/a>\n<\/span><span class=\"aioseo-breadcrumb-separator\">\u2013<\/span><span class=\"aioseo-breadcrumb\">\n\t<a href=\"https:\/\/www.eldigitaldeasturias.com\/noticias\/recuperados-en-asturias-16-morteros-mineros-de-la-epoca-romana\/\" title=\"Recuperados en Asturias 16 morteros mineros de la \u00e9poca romana\">Recuperados en Asturias 16 morteros mineros de la \u00e9poca romana<\/a>\n<\/span><\/div>","aioseo_breadcrumb_json":[{"label":"Home","link":"https:\/\/www.eldigitaldeasturias.com\/noticias"},{"label":"Actualidad Asturias","link":"https:\/\/www.eldigitaldeasturias.com\/noticias\/category\/actualidad-asturias\/"},{"label":"Recuperados en Asturias 16 morteros mineros de la \u00e9poca romana","link":"https:\/\/www.eldigitaldeasturias.com\/noticias\/recuperados-en-asturias-16-morteros-mineros-de-la-epoca-romana\/"}],"_links":{"self":[{"href":"https:\/\/www.eldigitaldeasturias.com\/noticias\/wp-json\/wp\/v2\/posts\/1127358","targetHints":{"allow":["GET"]}}],"collection":[{"href":"https:\/\/www.eldigitaldeasturias.com\/noticias\/wp-json\/wp\/v2\/posts"}],"about":[{"href":"https:\/\/www.eldigitaldeasturias.com\/noticias\/wp-json\/wp\/v2\/types\/post"}],"author":[{"embeddable":true,"href":"https:\/\/www.eldigitaldeasturias.com\/noticias\/wp-json\/wp\/v2\/users\/1"}],"replies":[{"embeddable":true,"href":"https:\/\/www.eldigitaldeasturias.com\/noticias\/wp-json\/wp\/v2\/comments?post=1127358"}],"version-history":[{"count":0,"href":"https:\/\/www.eldigitaldeasturias.com\/noticias\/wp-json\/wp\/v2\/posts\/1127358\/revisions"}],"wp:featuredmedia":[{"embeddable":true,"href":"https:\/\/www.eldigitaldeasturias.com\/noticias\/wp-json\/wp\/v2\/media\/1127359"}],"wp:attachment":[{"href":"https:\/\/www.eldigitaldeasturias.com\/noticias\/wp-json\/wp\/v2\/media?parent=1127358"}],"wp:term":[{"taxonomy":"category","embeddable":true,"href":"https:\/\/www.eldigitaldeasturias.com\/noticias\/wp-json\/wp\/v2\/categories?post=1127358"},{"taxonomy":"post_tag","embeddable":true,"href":"https:\/\/www.eldigitaldeasturias.com\/noticias\/wp-json\/wp\/v2\/tags?post=1127358"}],"curies":[{"name":"wp","href":"https:\/\/api.w.org\/{rel}","templated":true}]}}