{"id":1127315,"date":"2023-11-30T05:01:17","date_gmt":"2023-11-30T04:01:17","guid":{"rendered":"https:\/\/www.eldigitaldeasturias.com\/noticias\/?p=1127315"},"modified":"2023-11-30T05:01:17","modified_gmt":"2023-11-30T04:01:17","slug":"zapico-explica-las-medidas-de-asturias-en-materia-de-vivienda-publica","status":"publish","type":"post","link":"https:\/\/www.eldigitaldeasturias.com\/noticias\/zapico-explica-las-medidas-de-asturias-en-materia-de-vivienda-publica\/","title":{"rendered":"Zapico explica las medidas de Asturias en materia de vivienda p\u00fablica"},"content":{"rendered":"<p>Ovidio Zapico ha anunciado que el presupuesto del <a href=\"https:\/\/actualidad.asturias.es\/\" target=\"_blank\" rel=\"noopener\"><span style=\"color: #ff6600;\"><strong>Principado de Asturias<\/strong> <\/span><\/a>para 2024 incluir\u00e1 una nueva partida de 2,5 millones destinada a la rehabilitaci\u00f3n de cerca de 250 viviendas del parque p\u00fablico.<\/p>\n<figure id=\"attachment_1127316\" aria-describedby=\"caption-attachment-1127316\" style=\"width: 650px\" class=\"wp-caption aligncenter\"><img loading=\"lazy\" decoding=\"async\" class=\"wp-image-1127316 size-large\" src=\"https:\/\/www.eldigitaldeasturias.com\/noticias\/wp-content\/uploads\/2023\/11\/Zapico-650x471.jpg\" alt=\"Zapico\" width=\"650\" height=\"471\" srcset=\"https:\/\/www.eldigitaldeasturias.com\/noticias\/wp-content\/uploads\/2023\/11\/Zapico-650x471.jpg 650w, https:\/\/www.eldigitaldeasturias.com\/noticias\/wp-content\/uploads\/2023\/11\/Zapico-360x261.jpg 360w, https:\/\/www.eldigitaldeasturias.com\/noticias\/wp-content\/uploads\/2023\/11\/Zapico-414x300.jpg 414w, https:\/\/www.eldigitaldeasturias.com\/noticias\/wp-content\/uploads\/2023\/11\/Zapico-768x556.jpg 768w, https:\/\/www.eldigitaldeasturias.com\/noticias\/wp-content\/uploads\/2023\/11\/Zapico-150x109.jpg 150w, https:\/\/www.eldigitaldeasturias.com\/noticias\/wp-content\/uploads\/2023\/11\/Zapico-450x326.jpg 450w, https:\/\/www.eldigitaldeasturias.com\/noticias\/wp-content\/uploads\/2023\/11\/Zapico.jpg 891w\" sizes=\"auto, (max-width: 650px) 100vw, 650px\" \/><figcaption id=\"caption-attachment-1127316\" class=\"wp-caption-text\">Foto: Prensa Gobierno de Asturias<\/figcaption><\/figure>\n<p><strong>Zapico ha avanzado esta medida en Langreo, durante su participaci\u00f3n en la entrega de llaves de ocho viviendas de protecci\u00f3n social en r\u00e9gimen de alquiler de la empresa p\u00fablica Vipasa.<\/strong><\/p>\n<p>\u201cSe trata de una nueva partida a mayores de la que ya figura para el mantenimiento anual de los inmuebles de Vipasa\u201d, ha explicado el titular de Ordenaci\u00f3n de Territorio, quien ha a\u00f1adido que incluye pisos de todo el parque p\u00fablico y que tiene como objetivo que las viviendas se pongan a disposici\u00f3n de la ciudadan\u00eda cuanto antes. En este sentido, ha avanzado que prev\u00e9 que antes de que finalice la actual legislatura todo el parque p\u00fablico del <a href=\"https:\/\/www.eldigitaldeasturias.com\/noticias\/category\/actualidad-asturias\/\"><span style=\"color: #ff6600;\"><strong>Principado<\/strong><\/span><\/a> est\u00e9 rehabilitado.<\/p>\n<p>Durante el acto celebrado en Langreo, en el que tambi\u00e9n ha participado el alcalde del concejo, Roberto Garc\u00eda, se han entregado ocho viviendas de emergencia social: cuatro en La Felguera, dos en Cia\u00f1u y dos en Ria\u00f1u. En estos pisos residir\u00e1n 31 personas, 18 de ellas menores.<\/p>\n<p>En total, Vipasa gestiona en el municipio 730 pisos y en lo que va de a\u00f1o ha entregado otros diez: 7 por razones de emergencia y 3 de urgencia, a los que se suman las ocho m\u00e1s recientes.<\/p>\n<p>Por otra parte, Zapico se ha congratulado de que, tal y como anunci\u00f3 en su comparecencia de inicio de legislatura ante la Junta General, su departamento cuente ya con un protocolo de actuaci\u00f3n que recoge \u201ccriterios estrictamente t\u00e9cnicos\u201d, tanto para la elecci\u00f3n de las viviendas a rehabilitar como para su adjudicaci\u00f3n.<\/p>\n","protected":false},"excerpt":{"rendered":"<p>Ovidio Zapico ha anunciado que el presupuesto del Principado de Asturias para 2024 incluir\u00e1 una nueva partida de 2,5 millones destinada a la rehabilitaci\u00f3n de cerca de 250 viviendas del parque p\u00fablico. Zapico ha avanzado esta medida en Langreo, durante su participaci\u00f3n en la entrega de llaves de ocho viviendas de protecci\u00f3n social en r\u00e9gimen [&hellip;]<\/p>\n","protected":false},"author":1,"featured_media":1127316,"comment_status":"closed","ping_status":"closed","sticky":false,"template":"","format":"standard","meta":{"footnotes":""},"categories":[12],"tags":[],"class_list":["post-1127315","post","type-post","status-publish","format-standard","has-post-thumbnail","hentry","category-actualidad-asturias"],"aioseo_notices":[],"aioseo_head":"\n\t\t<!-- All in One SEO Pro 4.9.6.2 - aioseo.com -->\n\t<meta name=\"description\" content=\"Ovidio Zapico ha anunciado que el presupuesto del Principado de Asturias para 2024 incluir\u00e1 una nueva partida de 2,5 millones destinada a la rehabilitaci\u00f3n\" \/>\n\t<meta name=\"robots\" content=\"max-image-preview:large\" \/>\n\t<meta name=\"author\" content=\"El Digital de Asturias\"\/>\n\t<meta name=\"google-site-verification\" content=\"UA-38556648-1\" \/>\n\t<meta name=\"msvalidate.01\" content=\"7dfe9f3f1b24437ab69f4f2559babe99\" \/>\n\t<meta name=\"keywords\" content=\"actualidad asturias\" \/>\n\t<link rel=\"canonical\" href=\"https:\/\/www.eldigitaldeasturias.com\/noticias\/zapico-explica-las-medidas-de-asturias-en-materia-de-vivienda-publica\/\" \/>\n\t<meta name=\"generator\" content=\"All in One SEO Pro (AIOSEO) 4.9.6.2\" \/>\n\t\t<meta property=\"og:locale\" content=\"es_ES\" \/>\n\t\t<meta property=\"og:site_name\" content=\"El Digital de Asturias\" \/>\n\t\t<meta property=\"og:type\" content=\"article\" \/>\n\t\t<meta property=\"og:title\" content=\"Zapico explica las medidas de Asturias en materia de vivienda p\u00fablica - El Digital de Asturias\" \/>\n\t\t<meta property=\"og:description\" content=\"Ovidio Zapico ha anunciado que el presupuesto del Principado de Asturias para 2024 incluir\u00e1 una nueva partida de 2,5 millones destinada a la rehabilitaci\u00f3n\" \/>\n\t\t<meta property=\"og:url\" content=\"https:\/\/www.eldigitaldeasturias.com\/noticias\/zapico-explica-las-medidas-de-asturias-en-materia-de-vivienda-publica\/\" \/>\n\t\t<meta property=\"og:image\" content=\"https:\/\/www.eldigitaldeasturias.com\/noticias\/wp-content\/uploads\/2023\/11\/Zapico.jpg\" \/>\n\t\t<meta property=\"og:image:secure_url\" content=\"https:\/\/www.eldigitaldeasturias.com\/noticias\/wp-content\/uploads\/2023\/11\/Zapico.jpg\" \/>\n\t\t<meta property=\"og:image:width\" content=\"891\" \/>\n\t\t<meta property=\"og:image:height\" content=\"645\" \/>\n\t\t<meta property=\"article:tag\" content=\"actualidad asturias\" \/>\n\t\t<meta property=\"article:published_time\" content=\"2023-11-30T04:01:17+00:00\" \/>\n\t\t<meta property=\"article:modified_time\" content=\"2023-11-30T04:01:17+00:00\" \/>\n\t\t<meta property=\"article:publisher\" content=\"https:\/\/facebook.com\/eldigitaldeasturias\" \/>\n\t\t<meta name=\"twitter:card\" content=\"summary_large_image\" \/>\n\t\t<meta name=\"twitter:title\" content=\"Zapico explica las medidas de Asturias en materia de vivienda p\u00fablica - El Digital de Asturias\" \/>\n\t\t<meta name=\"twitter:description\" content=\"Ovidio Zapico ha anunciado que el presupuesto del Principado de Asturias para 2024 incluir\u00e1 una nueva partida de 2,5 millones destinada a la rehabilitaci\u00f3n\" \/>\n\t\t<meta name=\"twitter:image\" content=\"https:\/\/www.eldigitaldeasturias.com\/noticias\/wp-content\/uploads\/2023\/11\/Zapico.jpg\" \/>\n\t\t<meta name=\"twitter:label1\" content=\"Escrito por\" \/>\n\t\t<meta name=\"twitter:data1\" content=\"El Digital de Asturias\" \/>\n\t\t<meta name=\"twitter:label2\" content=\"Tiempo de lectura estimado\" \/>\n\t\t<meta name=\"twitter:data2\" content=\"2 minutos\" \/>\n\t\t<script type=\"application\/ld+json\" class=\"aioseo-schema\">\n\t\t\t{\"@context\":\"https:\\\/\\\/schema.org\",\"@graph\":[{\"@type\":\"BlogPosting\",\"@id\":\"https:\\\/\\\/www.eldigitaldeasturias.com\\\/noticias\\\/zapico-explica-las-medidas-de-asturias-en-materia-de-vivienda-publica\\\/#blogposting\",\"name\":\"Zapico explica las medidas de Asturias en materia de vivienda p\\u00fablica - El Digital de Asturias\",\"headline\":\"Zapico explica las medidas de Asturias en materia de vivienda p\\u00fablica\",\"author\":{\"@id\":\"https:\\\/\\\/www.eldigitaldeasturias.com\\\/noticias\\\/author\\\/admin\\\/#author\"},\"publisher\":{\"@id\":\"https:\\\/\\\/www.eldigitaldeasturias.com\\\/noticias\\\/#organization\"},\"image\":{\"@type\":\"ImageObject\",\"url\":\"https:\\\/\\\/www.eldigitaldeasturias.com\\\/noticias\\\/wp-content\\\/uploads\\\/2023\\\/11\\\/Zapico.jpg\",\"width\":891,\"height\":645,\"caption\":\"Foto: Prensa Gobierno de Asturias\"},\"datePublished\":\"2023-11-30T05:01:17+01:00\",\"dateModified\":\"2023-11-30T05:01:17+01:00\",\"inLanguage\":\"es-ES\",\"mainEntityOfPage\":{\"@id\":\"https:\\\/\\\/www.eldigitaldeasturias.com\\\/noticias\\\/zapico-explica-las-medidas-de-asturias-en-materia-de-vivienda-publica\\\/#webpage\"},\"isPartOf\":{\"@id\":\"https:\\\/\\\/www.eldigitaldeasturias.com\\\/noticias\\\/zapico-explica-las-medidas-de-asturias-en-materia-de-vivienda-publica\\\/#webpage\"},\"articleSection\":\"Actualidad Asturias\"},{\"@type\":\"BreadcrumbList\",\"@id\":\"https:\\\/\\\/www.eldigitaldeasturias.com\\\/noticias\\\/zapico-explica-las-medidas-de-asturias-en-materia-de-vivienda-publica\\\/#breadcrumblist\",\"itemListElement\":[{\"@type\":\"ListItem\",\"@id\":\"https:\\\/\\\/www.eldigitaldeasturias.com\\\/noticias#listItem\",\"position\":1,\"name\":\"Home\",\"item\":\"https:\\\/\\\/www.eldigitaldeasturias.com\\\/noticias\",\"nextItem\":{\"@type\":\"ListItem\",\"@id\":\"https:\\\/\\\/www.eldigitaldeasturias.com\\\/noticias\\\/category\\\/actualidad-asturias\\\/#listItem\",\"name\":\"Actualidad Asturias\"}},{\"@type\":\"ListItem\",\"@id\":\"https:\\\/\\\/www.eldigitaldeasturias.com\\\/noticias\\\/category\\\/actualidad-asturias\\\/#listItem\",\"position\":2,\"name\":\"Actualidad Asturias\",\"item\":\"https:\\\/\\\/www.eldigitaldeasturias.com\\\/noticias\\\/category\\\/actualidad-asturias\\\/\",\"nextItem\":{\"@type\":\"ListItem\",\"@id\":\"https:\\\/\\\/www.eldigitaldeasturias.com\\\/noticias\\\/zapico-explica-las-medidas-de-asturias-en-materia-de-vivienda-publica\\\/#listItem\",\"name\":\"Zapico explica las medidas de Asturias en materia de vivienda p\\u00fablica\"},\"previousItem\":{\"@type\":\"ListItem\",\"@id\":\"https:\\\/\\\/www.eldigitaldeasturias.com\\\/noticias#listItem\",\"name\":\"Home\"}},{\"@type\":\"ListItem\",\"@id\":\"https:\\\/\\\/www.eldigitaldeasturias.com\\\/noticias\\\/zapico-explica-las-medidas-de-asturias-en-materia-de-vivienda-publica\\\/#listItem\",\"position\":3,\"name\":\"Zapico explica las medidas de Asturias en materia de vivienda p\\u00fablica\",\"previousItem\":{\"@type\":\"ListItem\",\"@id\":\"https:\\\/\\\/www.eldigitaldeasturias.com\\\/noticias\\\/category\\\/actualidad-asturias\\\/#listItem\",\"name\":\"Actualidad Asturias\"}}]},{\"@type\":\"Organization\",\"@id\":\"https:\\\/\\\/www.eldigitaldeasturias.com\\\/noticias\\\/#organization\",\"name\":\"El Digital de Asturias\",\"description\":\"Hemeroteca\",\"url\":\"https:\\\/\\\/www.eldigitaldeasturias.com\\\/noticias\\\/\",\"email\":\"info@eldigitaldeasturias.com\",\"telephone\":\"+34652131393\",\"logo\":{\"@type\":\"ImageObject\",\"url\":\"https:\\\/\\\/www.eldigitaldeasturias.com\\\/noticias\\\/wp-content\\\/uploads\\\/2020\\\/12\\\/EDA.jpg\",\"@id\":\"https:\\\/\\\/www.eldigitaldeasturias.com\\\/noticias\\\/zapico-explica-las-medidas-de-asturias-en-materia-de-vivienda-publica\\\/#organizationLogo\",\"width\":649,\"height\":297},\"image\":{\"@id\":\"https:\\\/\\\/www.eldigitaldeasturias.com\\\/noticias\\\/zapico-explica-las-medidas-de-asturias-en-materia-de-vivienda-publica\\\/#organizationLogo\"},\"sameAs\":[\"https:\\\/\\\/facebook.com\\\/eldigitaldeasturias\",\"https:\\\/\\\/www.youtube.com\\\/channel\\\/UCZP-2wLEB9Rv6erhFmqVnvg\"],\"address\":{\"@id\":\"https:\\\/\\\/www.eldigitaldeasturias.com\\\/noticias\\\/#postaladdress\",\"@type\":\"PostalAddress\",\"streetAddress\":\"san antonio 4,\",\"postalCode\":\"33430\",\"addressLocality\":\"Cand\\u00e1s\",\"addressRegion\":\"Asturias\",\"addressCountry\":\"ES\"}},{\"@type\":\"Person\",\"@id\":\"https:\\\/\\\/www.eldigitaldeasturias.com\\\/noticias\\\/author\\\/admin\\\/#author\",\"url\":\"https:\\\/\\\/www.eldigitaldeasturias.com\\\/noticias\\\/author\\\/admin\\\/\",\"name\":\"El Digital de Asturias\",\"image\":{\"@type\":\"ImageObject\",\"@id\":\"https:\\\/\\\/www.eldigitaldeasturias.com\\\/noticias\\\/zapico-explica-las-medidas-de-asturias-en-materia-de-vivienda-publica\\\/#authorImage\",\"url\":\"https:\\\/\\\/www.eldigitaldeasturias.com\\\/noticias\\\/wp-content\\\/litespeed\\\/avatar\\\/18677e78aa0546b92d9dbf31ec7d7668.jpg?ver=1777290358\",\"width\":96,\"height\":96,\"caption\":\"El Digital de Asturias\"}},{\"@type\":\"WebPage\",\"@id\":\"https:\\\/\\\/www.eldigitaldeasturias.com\\\/noticias\\\/zapico-explica-las-medidas-de-asturias-en-materia-de-vivienda-publica\\\/#webpage\",\"url\":\"https:\\\/\\\/www.eldigitaldeasturias.com\\\/noticias\\\/zapico-explica-las-medidas-de-asturias-en-materia-de-vivienda-publica\\\/\",\"name\":\"Zapico explica las medidas de Asturias en materia de vivienda p\\u00fablica - El Digital de Asturias\",\"description\":\"Ovidio Zapico ha anunciado que el presupuesto del Principado de Asturias para 2024 incluir\\u00e1 una nueva partida de 2,5 millones destinada a la rehabilitaci\\u00f3n\",\"inLanguage\":\"es-ES\",\"isPartOf\":{\"@id\":\"https:\\\/\\\/www.eldigitaldeasturias.com\\\/noticias\\\/#website\"},\"breadcrumb\":{\"@id\":\"https:\\\/\\\/www.eldigitaldeasturias.com\\\/noticias\\\/zapico-explica-las-medidas-de-asturias-en-materia-de-vivienda-publica\\\/#breadcrumblist\"},\"author\":{\"@id\":\"https:\\\/\\\/www.eldigitaldeasturias.com\\\/noticias\\\/author\\\/admin\\\/#author\"},\"creator\":{\"@id\":\"https:\\\/\\\/www.eldigitaldeasturias.com\\\/noticias\\\/author\\\/admin\\\/#author\"},\"image\":{\"@type\":\"ImageObject\",\"url\":\"https:\\\/\\\/www.eldigitaldeasturias.com\\\/noticias\\\/wp-content\\\/uploads\\\/2023\\\/11\\\/Zapico.jpg\",\"@id\":\"https:\\\/\\\/www.eldigitaldeasturias.com\\\/noticias\\\/zapico-explica-las-medidas-de-asturias-en-materia-de-vivienda-publica\\\/#mainImage\",\"width\":891,\"height\":645,\"caption\":\"Foto: Prensa Gobierno de Asturias\"},\"primaryImageOfPage\":{\"@id\":\"https:\\\/\\\/www.eldigitaldeasturias.com\\\/noticias\\\/zapico-explica-las-medidas-de-asturias-en-materia-de-vivienda-publica\\\/#mainImage\"},\"datePublished\":\"2023-11-30T05:01:17+01:00\",\"dateModified\":\"2023-11-30T05:01:17+01:00\"},{\"@type\":\"WebSite\",\"@id\":\"https:\\\/\\\/www.eldigitaldeasturias.com\\\/noticias\\\/#website\",\"url\":\"https:\\\/\\\/www.eldigitaldeasturias.com\\\/noticias\\\/\",\"name\":\"El Digital de Asturias - Diario de actualidad y noticias\",\"alternateName\":\"El Digital de Asturias - Diario de actualidad y noticias\",\"description\":\"Hemeroteca\",\"inLanguage\":\"es-ES\",\"publisher\":{\"@id\":\"https:\\\/\\\/www.eldigitaldeasturias.com\\\/noticias\\\/#organization\"}}]}\n\t\t<\/script>\n\t\t<!-- All in One SEO Pro -->\r\n\t\t<title>Zapico explica las medidas de Asturias en materia de vivienda p\u00fablica - El Digital de Asturias<\/title>\n\n","aioseo_head_json":{"title":"Zapico explica las medidas de Asturias en materia de vivienda p\u00fablica - El Digital de Asturias","description":"Ovidio Zapico ha anunciado que el presupuesto del Principado de Asturias para 2024 incluir\u00e1 una nueva partida de 2,5 millones destinada a la rehabilitaci\u00f3n","canonical_url":"https:\/\/www.eldigitaldeasturias.com\/noticias\/zapico-explica-las-medidas-de-asturias-en-materia-de-vivienda-publica\/","robots":"max-image-preview:large","keywords":"actualidad asturias","webmasterTools":{"google-site-verification":"UA-38556648-1","msvalidate.01":"7dfe9f3f1b24437ab69f4f2559babe99","miscellaneous":""},"schema":{"@context":"https:\/\/schema.org","@graph":[{"@type":"BlogPosting","@id":"https:\/\/www.eldigitaldeasturias.com\/noticias\/zapico-explica-las-medidas-de-asturias-en-materia-de-vivienda-publica\/#blogposting","name":"Zapico explica las medidas de Asturias en materia de vivienda p\u00fablica - El Digital de Asturias","headline":"Zapico explica las medidas de Asturias en materia de vivienda p\u00fablica","author":{"@id":"https:\/\/www.eldigitaldeasturias.com\/noticias\/author\/admin\/#author"},"publisher":{"@id":"https:\/\/www.eldigitaldeasturias.com\/noticias\/#organization"},"image":{"@type":"ImageObject","url":"https:\/\/www.eldigitaldeasturias.com\/noticias\/wp-content\/uploads\/2023\/11\/Zapico.jpg","width":891,"height":645,"caption":"Foto: Prensa Gobierno de Asturias"},"datePublished":"2023-11-30T05:01:17+01:00","dateModified":"2023-11-30T05:01:17+01:00","inLanguage":"es-ES","mainEntityOfPage":{"@id":"https:\/\/www.eldigitaldeasturias.com\/noticias\/zapico-explica-las-medidas-de-asturias-en-materia-de-vivienda-publica\/#webpage"},"isPartOf":{"@id":"https:\/\/www.eldigitaldeasturias.com\/noticias\/zapico-explica-las-medidas-de-asturias-en-materia-de-vivienda-publica\/#webpage"},"articleSection":"Actualidad Asturias"},{"@type":"BreadcrumbList","@id":"https:\/\/www.eldigitaldeasturias.com\/noticias\/zapico-explica-las-medidas-de-asturias-en-materia-de-vivienda-publica\/#breadcrumblist","itemListElement":[{"@type":"ListItem","@id":"https:\/\/www.eldigitaldeasturias.com\/noticias#listItem","position":1,"name":"Home","item":"https:\/\/www.eldigitaldeasturias.com\/noticias","nextItem":{"@type":"ListItem","@id":"https:\/\/www.eldigitaldeasturias.com\/noticias\/category\/actualidad-asturias\/#listItem","name":"Actualidad Asturias"}},{"@type":"ListItem","@id":"https:\/\/www.eldigitaldeasturias.com\/noticias\/category\/actualidad-asturias\/#listItem","position":2,"name":"Actualidad Asturias","item":"https:\/\/www.eldigitaldeasturias.com\/noticias\/category\/actualidad-asturias\/","nextItem":{"@type":"ListItem","@id":"https:\/\/www.eldigitaldeasturias.com\/noticias\/zapico-explica-las-medidas-de-asturias-en-materia-de-vivienda-publica\/#listItem","name":"Zapico explica las medidas de Asturias en materia de vivienda p\u00fablica"},"previousItem":{"@type":"ListItem","@id":"https:\/\/www.eldigitaldeasturias.com\/noticias#listItem","name":"Home"}},{"@type":"ListItem","@id":"https:\/\/www.eldigitaldeasturias.com\/noticias\/zapico-explica-las-medidas-de-asturias-en-materia-de-vivienda-publica\/#listItem","position":3,"name":"Zapico explica las medidas de Asturias en materia de vivienda p\u00fablica","previousItem":{"@type":"ListItem","@id":"https:\/\/www.eldigitaldeasturias.com\/noticias\/category\/actualidad-asturias\/#listItem","name":"Actualidad Asturias"}}]},{"@type":"Organization","@id":"https:\/\/www.eldigitaldeasturias.com\/noticias\/#organization","name":"El Digital de Asturias","description":"Hemeroteca","url":"https:\/\/www.eldigitaldeasturias.com\/noticias\/","email":"info@eldigitaldeasturias.com","telephone":"+34652131393","logo":{"@type":"ImageObject","url":"https:\/\/www.eldigitaldeasturias.com\/noticias\/wp-content\/uploads\/2020\/12\/EDA.jpg","@id":"https:\/\/www.eldigitaldeasturias.com\/noticias\/zapico-explica-las-medidas-de-asturias-en-materia-de-vivienda-publica\/#organizationLogo","width":649,"height":297},"image":{"@id":"https:\/\/www.eldigitaldeasturias.com\/noticias\/zapico-explica-las-medidas-de-asturias-en-materia-de-vivienda-publica\/#organizationLogo"},"sameAs":["https:\/\/facebook.com\/eldigitaldeasturias","https:\/\/www.youtube.com\/channel\/UCZP-2wLEB9Rv6erhFmqVnvg"],"address":{"@id":"https:\/\/www.eldigitaldeasturias.com\/noticias\/#postaladdress","@type":"PostalAddress","streetAddress":"san antonio 4,","postalCode":"33430","addressLocality":"Cand\u00e1s","addressRegion":"Asturias","addressCountry":"ES"}},{"@type":"Person","@id":"https:\/\/www.eldigitaldeasturias.com\/noticias\/author\/admin\/#author","url":"https:\/\/www.eldigitaldeasturias.com\/noticias\/author\/admin\/","name":"El Digital de Asturias","image":{"@type":"ImageObject","@id":"https:\/\/www.eldigitaldeasturias.com\/noticias\/zapico-explica-las-medidas-de-asturias-en-materia-de-vivienda-publica\/#authorImage","url":"https:\/\/www.eldigitaldeasturias.com\/noticias\/wp-content\/litespeed\/avatar\/18677e78aa0546b92d9dbf31ec7d7668.jpg?ver=1777290358","width":96,"height":96,"caption":"El Digital de Asturias"}},{"@type":"WebPage","@id":"https:\/\/www.eldigitaldeasturias.com\/noticias\/zapico-explica-las-medidas-de-asturias-en-materia-de-vivienda-publica\/#webpage","url":"https:\/\/www.eldigitaldeasturias.com\/noticias\/zapico-explica-las-medidas-de-asturias-en-materia-de-vivienda-publica\/","name":"Zapico explica las medidas de Asturias en materia de vivienda p\u00fablica - El Digital de Asturias","description":"Ovidio Zapico ha anunciado que el presupuesto del Principado de Asturias para 2024 incluir\u00e1 una nueva partida de 2,5 millones destinada a la rehabilitaci\u00f3n","inLanguage":"es-ES","isPartOf":{"@id":"https:\/\/www.eldigitaldeasturias.com\/noticias\/#website"},"breadcrumb":{"@id":"https:\/\/www.eldigitaldeasturias.com\/noticias\/zapico-explica-las-medidas-de-asturias-en-materia-de-vivienda-publica\/#breadcrumblist"},"author":{"@id":"https:\/\/www.eldigitaldeasturias.com\/noticias\/author\/admin\/#author"},"creator":{"@id":"https:\/\/www.eldigitaldeasturias.com\/noticias\/author\/admin\/#author"},"image":{"@type":"ImageObject","url":"https:\/\/www.eldigitaldeasturias.com\/noticias\/wp-content\/uploads\/2023\/11\/Zapico.jpg","@id":"https:\/\/www.eldigitaldeasturias.com\/noticias\/zapico-explica-las-medidas-de-asturias-en-materia-de-vivienda-publica\/#mainImage","width":891,"height":645,"caption":"Foto: Prensa Gobierno de Asturias"},"primaryImageOfPage":{"@id":"https:\/\/www.eldigitaldeasturias.com\/noticias\/zapico-explica-las-medidas-de-asturias-en-materia-de-vivienda-publica\/#mainImage"},"datePublished":"2023-11-30T05:01:17+01:00","dateModified":"2023-11-30T05:01:17+01:00"},{"@type":"WebSite","@id":"https:\/\/www.eldigitaldeasturias.com\/noticias\/#website","url":"https:\/\/www.eldigitaldeasturias.com\/noticias\/","name":"El Digital de Asturias - Diario de actualidad y noticias","alternateName":"El Digital de Asturias - Diario de actualidad y noticias","description":"Hemeroteca","inLanguage":"es-ES","publisher":{"@id":"https:\/\/www.eldigitaldeasturias.com\/noticias\/#organization"}}]},"og:locale":"es_ES","og:site_name":"El Digital de Asturias","og:type":"article","og:title":"Zapico explica las medidas de Asturias en materia de vivienda p\u00fablica - El Digital de Asturias","og:description":"Ovidio Zapico ha anunciado que el presupuesto del Principado de Asturias para 2024 incluir\u00e1 una nueva partida de 2,5 millones destinada a la rehabilitaci\u00f3n","og:url":"https:\/\/www.eldigitaldeasturias.com\/noticias\/zapico-explica-las-medidas-de-asturias-en-materia-de-vivienda-publica\/","og:image":"https:\/\/www.eldigitaldeasturias.com\/noticias\/wp-content\/uploads\/2023\/11\/Zapico.jpg","og:image:secure_url":"https:\/\/www.eldigitaldeasturias.com\/noticias\/wp-content\/uploads\/2023\/11\/Zapico.jpg","og:image:width":891,"og:image:height":645,"article:tag":["actualidad asturias"],"article:published_time":"2023-11-30T04:01:17+00:00","article:modified_time":"2023-11-30T04:01:17+00:00","article:publisher":"https:\/\/facebook.com\/eldigitaldeasturias","twitter:card":"summary_large_image","twitter:title":"Zapico explica las medidas de Asturias en materia de vivienda p\u00fablica - El Digital de Asturias","twitter:description":"Ovidio Zapico ha anunciado que el presupuesto del Principado de Asturias para 2024 incluir\u00e1 una nueva partida de 2,5 millones destinada a la rehabilitaci\u00f3n","twitter:image":"https:\/\/www.eldigitaldeasturias.com\/noticias\/wp-content\/uploads\/2023\/11\/Zapico.jpg","twitter:label1":"Escrito por","twitter:data1":"El Digital de Asturias","twitter:label2":"Tiempo de lectura estimado","twitter:data2":"2 minutos"},"aioseo_meta_data":{"post_id":"1127315","title":null,"description":"Ovidio Zapico ha anunciado que el presupuesto del Principado de Asturias para 2024 incluir\u00e1 una nueva partida de 2,5 millones destinada a la rehabilitaci\u00f3n","keywords":[],"keyphrases":{"focus":{"keyphrase":"Zapico ","score":93,"analysis":{"keyphraseInTitle":{"score":9,"maxScore":9,"error":0},"keyphraseInDescription":{"score":9,"maxScore":9,"error":0},"keyphraseLength":{"score":9,"maxScore":9,"error":0,"length":1},"keyphraseInURL":{"score":1,"maxScore":5,"error":1},"keyphraseInIntroduction":{"score":9,"maxScore":9,"error":0},"keyphraseInSubHeadings":[],"keyphraseInImageAlt":{"score":9,"maxScore":9,"error":0},"keywordDensity":{"type":"best","score":9,"maxScore":9,"error":0}}},"additional":[{"keyphrase":"Zapico","score":100,"analysis":{"keyphraseInDescription":{"score":9,"maxScore":9,"error":0},"keyphraseLength":{"score":9,"maxScore":9,"error":0,"length":1},"keyphraseInIntroduction":{"score":9,"maxScore":9,"error":0},"keyphraseInImageAlt":{"score":9,"maxScore":9,"error":0},"keywordDensity":{"type":"best","score":9,"maxScore":9,"error":0}}},{"keyphrase":"Asturias","score":87,"analysis":{"keyphraseInDescription":{"score":9,"maxScore":9,"error":0},"keyphraseLength":{"score":9,"maxScore":9,"error":0,"length":1},"keyphraseInIntroduction":{"score":9,"maxScore":9,"error":0},"keyphraseInImageAlt":{"score":3,"maxScore":9,"error":1},"keywordDensity":{"type":"best","score":9,"maxScore":9,"error":0}}}]},"primary_term":null,"canonical_url":null,"og_title":null,"og_description":null,"og_object_type":"default","og_image_type":"default","og_image_url":null,"og_image_width":null,"og_image_height":null,"og_image_custom_url":null,"og_image_custom_fields":null,"og_video":"","og_custom_url":null,"og_article_section":null,"og_article_tags":[],"twitter_use_og":false,"twitter_card":"default","twitter_image_type":"default","twitter_image_url":null,"twitter_image_custom_url":null,"twitter_image_custom_fields":null,"twitter_title":null,"twitter_description":null,"schema":{"blockGraphs":[],"customGraphs":[],"default":{"data":{"Article":[],"Course":[],"Dataset":[],"FAQPage":[],"Movie":[],"Person":[],"Product":[],"ProductReview":[],"Car":[],"Recipe":[],"Service":[],"SoftwareApplication":[],"WebPage":[]},"graphName":"BlogPosting","isEnabled":true},"graphs":[]},"schema_type":"default","schema_type_options":null,"pillar_content":false,"robots_default":true,"robots_noindex":false,"robots_noarchive":false,"robots_nosnippet":false,"robots_nofollow":false,"robots_noimageindex":false,"robots_noodp":false,"robots_notranslate":false,"robots_max_snippet":"-1","robots_max_videopreview":"-1","robots_max_imagepreview":"large","priority":null,"frequency":"default","local_seo":null,"seo_analyzer_scan_date":"2025-10-05 22:44:23","breadcrumb_settings":null,"limit_modified_date":false,"open_ai":"{\"title\":{\"suggestions\":[],\"usage\":0},\"description\":{\"suggestions\":[],\"usage\":0}}","ai":null,"created":"2023-11-30 03:55:09","updated":"2025-10-09 04:42:32"},"aioseo_breadcrumb":"<div class=\"aioseo-breadcrumbs\"><span class=\"aioseo-breadcrumb\">\n\t<a href=\"https:\/\/www.eldigitaldeasturias.com\/noticias\" title=\"Home\">Home<\/a>\n<\/span><span class=\"aioseo-breadcrumb-separator\">\u2013<\/span><span class=\"aioseo-breadcrumb\">\n\t<a href=\"https:\/\/www.eldigitaldeasturias.com\/noticias\/category\/actualidad-asturias\/\" title=\"Actualidad Asturias\">Actualidad Asturias<\/a>\n<\/span><span class=\"aioseo-breadcrumb-separator\">\u2013<\/span><span class=\"aioseo-breadcrumb\">\n\t<a href=\"https:\/\/www.eldigitaldeasturias.com\/noticias\/zapico-explica-las-medidas-de-asturias-en-materia-de-vivienda-publica\/\" title=\"Zapico explica las medidas de Asturias en materia de vivienda p\u00fablica\">Zapico explica las medidas de Asturias en materia de vivienda p\u00fablica<\/a>\n<\/span><\/div>","aioseo_breadcrumb_json":[{"label":"Home","link":"https:\/\/www.eldigitaldeasturias.com\/noticias"},{"label":"Actualidad Asturias","link":"https:\/\/www.eldigitaldeasturias.com\/noticias\/category\/actualidad-asturias\/"},{"label":"Zapico explica las medidas de Asturias en materia de vivienda p\u00fablica","link":"https:\/\/www.eldigitaldeasturias.com\/noticias\/zapico-explica-las-medidas-de-asturias-en-materia-de-vivienda-publica\/"}],"_links":{"self":[{"href":"https:\/\/www.eldigitaldeasturias.com\/noticias\/wp-json\/wp\/v2\/posts\/1127315","targetHints":{"allow":["GET"]}}],"collection":[{"href":"https:\/\/www.eldigitaldeasturias.com\/noticias\/wp-json\/wp\/v2\/posts"}],"about":[{"href":"https:\/\/www.eldigitaldeasturias.com\/noticias\/wp-json\/wp\/v2\/types\/post"}],"author":[{"embeddable":true,"href":"https:\/\/www.eldigitaldeasturias.com\/noticias\/wp-json\/wp\/v2\/users\/1"}],"replies":[{"embeddable":true,"href":"https:\/\/www.eldigitaldeasturias.com\/noticias\/wp-json\/wp\/v2\/comments?post=1127315"}],"version-history":[{"count":0,"href":"https:\/\/www.eldigitaldeasturias.com\/noticias\/wp-json\/wp\/v2\/posts\/1127315\/revisions"}],"wp:featuredmedia":[{"embeddable":true,"href":"https:\/\/www.eldigitaldeasturias.com\/noticias\/wp-json\/wp\/v2\/media\/1127316"}],"wp:attachment":[{"href":"https:\/\/www.eldigitaldeasturias.com\/noticias\/wp-json\/wp\/v2\/media?parent=1127315"}],"wp:term":[{"taxonomy":"category","embeddable":true,"href":"https:\/\/www.eldigitaldeasturias.com\/noticias\/wp-json\/wp\/v2\/categories?post=1127315"},{"taxonomy":"post_tag","embeddable":true,"href":"https:\/\/www.eldigitaldeasturias.com\/noticias\/wp-json\/wp\/v2\/tags?post=1127315"}],"curies":[{"name":"wp","href":"https:\/\/api.w.org\/{rel}","templated":true}]}}