{"id":1127312,"date":"2023-11-30T04:53:05","date_gmt":"2023-11-30T03:53:05","guid":{"rendered":"https:\/\/www.eldigitaldeasturias.com\/noticias\/?p=1127312"},"modified":"2023-11-30T04:53:05","modified_gmt":"2023-11-30T03:53:05","slug":"marcelino-marcos-destaca-la-importancia-de-los-jovenes-asturianos-en-la-actividad-agraria","status":"publish","type":"post","link":"https:\/\/www.eldigitaldeasturias.com\/noticias\/marcelino-marcos-destaca-la-importancia-de-los-jovenes-asturianos-en-la-actividad-agraria\/","title":{"rendered":"Marcelino Marcos destaca la importancia de los j\u00f3venes asturianos en la actividad agraria"},"content":{"rendered":"<p>El consejero de Medio Rural y Pol\u00edtica Agraria, <strong>Marcelino Marcos<\/strong>, ha destacado el papel \u201cfundamental\u201d de los 76 j\u00f3venes asturianos que se han sumado este a\u00f1o a la actividad agraria, \u201cesencial y estrat\u00e9gica para toda la sociedad\u201d, durante su intervenci\u00f3n en el I Encuentro de Incorporaci\u00f3n de J\u00f3venes al Sector Agrario .<\/p>\n<figure id=\"attachment_1127313\" aria-describedby=\"caption-attachment-1127313\" style=\"width: 647px\" class=\"wp-caption aligncenter\"><img loading=\"lazy\" decoding=\"async\" class=\"wp-image-1127313 size-full\" src=\"https:\/\/www.eldigitaldeasturias.com\/noticias\/wp-content\/uploads\/2023\/11\/Marcelino-Marcos.jpg\" alt=\"Marcelino Marcos\" width=\"647\" height=\"487\" srcset=\"https:\/\/www.eldigitaldeasturias.com\/noticias\/wp-content\/uploads\/2023\/11\/Marcelino-Marcos.jpg 647w, https:\/\/www.eldigitaldeasturias.com\/noticias\/wp-content\/uploads\/2023\/11\/Marcelino-Marcos-360x271.jpg 360w, https:\/\/www.eldigitaldeasturias.com\/noticias\/wp-content\/uploads\/2023\/11\/Marcelino-Marcos-638x480.jpg 638w, https:\/\/www.eldigitaldeasturias.com\/noticias\/wp-content\/uploads\/2023\/11\/Marcelino-Marcos-399x300.jpg 399w, https:\/\/www.eldigitaldeasturias.com\/noticias\/wp-content\/uploads\/2023\/11\/Marcelino-Marcos-150x113.jpg 150w, https:\/\/www.eldigitaldeasturias.com\/noticias\/wp-content\/uploads\/2023\/11\/Marcelino-Marcos-450x339.jpg 450w\" sizes=\"auto, (max-width: 647px) 100vw, 647px\" \/><figcaption id=\"caption-attachment-1127313\" class=\"wp-caption-text\">Foto: Prensa Gobierno de Asturias<\/figcaption><\/figure>\n<p>Estas 76 personas han recibido ayudas por valor de 4.660.000 euros. El 56% de los beneficiarios ha obtenido el m\u00e1ximo de la subvenci\u00f3n, concretamente 70.000 euros, al incorporar en su plan empresarial medidas preventivas frente a la fauna salvaje. Esta cifra supone un aumento del 23,12% respecto al a\u00f1o pasado.<\/p>\n<p>Por sectores, las mayor\u00eda de las incorporaciones est\u00e1n vinculadas a explotaci\u00f3n ganaderas, de vacuno de carne, de leche, mixta de ambas, ovino-caprino, porcino y apicultura, con 61 expedientes en total; otros 12 corresponden a agricultura y 3 a explotaciones mixtas cultivo-ganader\u00eda.<\/p>\n<p>En cuanto a su ubicaci\u00f3n, el 45% de los negocios se sit\u00faan en el occidente, el 39% en el centro y el 16% en el oriente de la comunidad. Las mujeres representan el 50% de los beneficiarios y el 92% ha optado por acceder a la titularidad de la explotaci\u00f3n de modo exclusivo.<\/p>\n<p>Durante su intervenci\u00f3n, el consejero ha recordado que esta convocatoria cierra el Programa de Desarrollo Rural (PDR) 2016-2023, que durante su per\u00edodo de vigencia ha apoyado la incorporaci\u00f3n de 943 j\u00f3venes a la actividad agraria con cerca de 40 millones en ayudas.<\/p>\n<p>En el encuentro celebrado en Oviedo se han abordado diversas cuestiones relacionadas con estas subvenciones. Entre otros aspectos, se han resuelto dudas de los participantes sobre el inicio de la actividad y se ha facilitado informaci\u00f3n acerca de la funci\u00f3n de las oficinas comarcales agrarias, la aplicaci\u00f3n Remo web, que permite realizar tr\u00e1mites ganaderos a trav\u00e9s de <a href=\"https:\/\/eldigitaldeasturias.com\/magazine365\/category\/internet\/\" target=\"_blank\" rel=\"noopener\"><span style=\"color: #ff6600;\"><strong>internet<\/strong><\/span><\/a>, y las l\u00edneas espec\u00edficas de las ayudas de la PAC dirigidas a j\u00f3venes y mujeres.<\/p>\n<h2>Plan Incorp\u00f3rate al Agro<\/h2>\n<p>Por su parte, la directora general de Ganader\u00eda y Sanidad Animal, Roc\u00edo Huerta, ha recordado que el plan Incorp\u00f3rate al Agro, que por primera vez incentivar\u00e1 tanto el <a href=\"https:\/\/www.eldigitaldeasturias.com\/noticias\/category\/economia\/\"><span style=\"color: #ff6600;\"><strong>emprendimiento juvenil<\/strong><\/span><\/a> como el de aquellas personas mayores de 40 a\u00f1os que decidan iniciar una actividad agraria, tambi\u00e9n permitir\u00e1 acceder a formaci\u00f3n y a asesoramiento, por ejemplo, en el uso de herramientas digitales.<\/p>\n<p>Asimismo, ha subrayado que el plazo para justificar la primera fase de la subvenci\u00f3n finaliza el pr\u00f3ximo 30 de noviembre. <strong>Una vez concluido ese periodo, se proceder\u00e1 al abono de los 29.500 euros correspondientes a la anualidad de 2023, lo que supone un total de 2.242.000 euros. El resto de la ayuda se sufragar\u00e1 en 2026, una vez acreditado el cumplimiento de los requisitos exigidos en la convocatoria.<\/strong><\/p>\n<p>Por su parte, el director general de Reto Demogr\u00e1fico, Marcos Ni\u00f1o, ha trasladado un mensaje positivo a <strong>los j\u00f3venes agricultores y ganaderos del territorio rural asturiano, quienes \u201cayudan a fijar y a crear poblaci\u00f3n\u201d,<\/strong> para mantener un ecosistema vivo en el medio rural.<\/p>\n","protected":false},"excerpt":{"rendered":"<p>El consejero de Medio Rural y Pol\u00edtica Agraria, Marcelino Marcos, ha destacado el papel \u201cfundamental\u201d de los 76 j\u00f3venes asturianos que se han sumado este a\u00f1o a la actividad agraria, \u201cesencial y estrat\u00e9gica para toda la sociedad\u201d, durante su intervenci\u00f3n en el I Encuentro de Incorporaci\u00f3n de J\u00f3venes al Sector Agrario . Estas 76 personas [&hellip;]<\/p>\n","protected":false},"author":1,"featured_media":1127313,"comment_status":"closed","ping_status":"closed","sticky":false,"template":"","format":"standard","meta":{"footnotes":""},"categories":[12],"tags":[],"class_list":["post-1127312","post","type-post","status-publish","format-standard","has-post-thumbnail","hentry","category-actualidad-asturias"],"aioseo_notices":[],"aioseo_head":"\n\t\t<!-- All in One SEO Pro 4.9.6.2 - aioseo.com -->\n\t<meta name=\"description\" content=\"El consejero de Medio Rural y Pol\u00edtica Agraria, Marcelino Marcos, ha destacado el papel \u201cfundamental\u201d de los 76 j\u00f3venes asturianos que se han sumado este\" \/>\n\t<meta name=\"robots\" content=\"max-image-preview:large\" \/>\n\t<meta name=\"author\" content=\"El Digital de Asturias\"\/>\n\t<meta name=\"google-site-verification\" content=\"UA-38556648-1\" \/>\n\t<meta name=\"msvalidate.01\" content=\"7dfe9f3f1b24437ab69f4f2559babe99\" \/>\n\t<meta name=\"keywords\" content=\"actualidad asturias\" \/>\n\t<link rel=\"canonical\" href=\"https:\/\/www.eldigitaldeasturias.com\/noticias\/marcelino-marcos-destaca-la-importancia-de-los-jovenes-asturianos-en-la-actividad-agraria\/\" \/>\n\t<meta name=\"generator\" content=\"All in One SEO Pro (AIOSEO) 4.9.6.2\" \/>\n\t\t<meta property=\"og:locale\" content=\"es_ES\" \/>\n\t\t<meta property=\"og:site_name\" content=\"El Digital de Asturias\" \/>\n\t\t<meta property=\"og:type\" content=\"article\" \/>\n\t\t<meta property=\"og:title\" content=\"Marcelino Marcos destaca la importancia de los j\u00f3venes asturianos en la actividad agraria - El Digital de Asturias\" \/>\n\t\t<meta property=\"og:description\" content=\"El consejero de Medio Rural y Pol\u00edtica Agraria, Marcelino Marcos, ha destacado el papel \u201cfundamental\u201d de los 76 j\u00f3venes asturianos que se han sumado este\" \/>\n\t\t<meta property=\"og:url\" content=\"https:\/\/www.eldigitaldeasturias.com\/noticias\/marcelino-marcos-destaca-la-importancia-de-los-jovenes-asturianos-en-la-actividad-agraria\/\" \/>\n\t\t<meta property=\"og:image\" content=\"https:\/\/www.eldigitaldeasturias.com\/noticias\/wp-content\/uploads\/2023\/11\/Marcelino-Marcos.jpg\" \/>\n\t\t<meta property=\"og:image:secure_url\" content=\"https:\/\/www.eldigitaldeasturias.com\/noticias\/wp-content\/uploads\/2023\/11\/Marcelino-Marcos.jpg\" \/>\n\t\t<meta property=\"og:image:width\" content=\"647\" \/>\n\t\t<meta property=\"og:image:height\" content=\"487\" \/>\n\t\t<meta property=\"article:tag\" content=\"actualidad asturias\" \/>\n\t\t<meta property=\"article:published_time\" content=\"2023-11-30T03:53:05+00:00\" \/>\n\t\t<meta property=\"article:modified_time\" content=\"2023-11-30T03:53:05+00:00\" \/>\n\t\t<meta property=\"article:publisher\" content=\"https:\/\/facebook.com\/eldigitaldeasturias\" \/>\n\t\t<meta name=\"twitter:card\" content=\"summary_large_image\" \/>\n\t\t<meta name=\"twitter:title\" content=\"Marcelino Marcos destaca la importancia de los j\u00f3venes asturianos en la actividad agraria - El Digital de Asturias\" \/>\n\t\t<meta name=\"twitter:description\" content=\"El consejero de Medio Rural y Pol\u00edtica Agraria, Marcelino Marcos, ha destacado el papel \u201cfundamental\u201d de los 76 j\u00f3venes asturianos que se han sumado este\" \/>\n\t\t<meta name=\"twitter:image\" content=\"https:\/\/www.eldigitaldeasturias.com\/noticias\/wp-content\/uploads\/2023\/11\/Marcelino-Marcos.jpg\" \/>\n\t\t<meta name=\"twitter:label1\" content=\"Escrito por\" \/>\n\t\t<meta name=\"twitter:data1\" content=\"El Digital de Asturias\" \/>\n\t\t<meta name=\"twitter:label2\" content=\"Tiempo de lectura estimado\" \/>\n\t\t<meta name=\"twitter:data2\" content=\"3 minutos\" \/>\n\t\t<script type=\"application\/ld+json\" class=\"aioseo-schema\">\n\t\t\t{\"@context\":\"https:\\\/\\\/schema.org\",\"@graph\":[{\"@type\":\"BlogPosting\",\"@id\":\"https:\\\/\\\/www.eldigitaldeasturias.com\\\/noticias\\\/marcelino-marcos-destaca-la-importancia-de-los-jovenes-asturianos-en-la-actividad-agraria\\\/#blogposting\",\"name\":\"Marcelino Marcos destaca la importancia de los j\\u00f3venes asturianos en la actividad agraria - El Digital de Asturias\",\"headline\":\"Marcelino Marcos destaca la importancia de los j\\u00f3venes asturianos en la actividad agraria\",\"author\":{\"@id\":\"https:\\\/\\\/www.eldigitaldeasturias.com\\\/noticias\\\/author\\\/admin\\\/#author\"},\"publisher\":{\"@id\":\"https:\\\/\\\/www.eldigitaldeasturias.com\\\/noticias\\\/#organization\"},\"image\":{\"@type\":\"ImageObject\",\"url\":\"https:\\\/\\\/www.eldigitaldeasturias.com\\\/noticias\\\/wp-content\\\/uploads\\\/2023\\\/11\\\/Marcelino-Marcos.jpg\",\"width\":647,\"height\":487,\"caption\":\"Foto: Prensa Gobierno de Asturias\"},\"datePublished\":\"2023-11-30T04:53:05+01:00\",\"dateModified\":\"2023-11-30T04:53:05+01:00\",\"inLanguage\":\"es-ES\",\"mainEntityOfPage\":{\"@id\":\"https:\\\/\\\/www.eldigitaldeasturias.com\\\/noticias\\\/marcelino-marcos-destaca-la-importancia-de-los-jovenes-asturianos-en-la-actividad-agraria\\\/#webpage\"},\"isPartOf\":{\"@id\":\"https:\\\/\\\/www.eldigitaldeasturias.com\\\/noticias\\\/marcelino-marcos-destaca-la-importancia-de-los-jovenes-asturianos-en-la-actividad-agraria\\\/#webpage\"},\"articleSection\":\"Actualidad Asturias\"},{\"@type\":\"BreadcrumbList\",\"@id\":\"https:\\\/\\\/www.eldigitaldeasturias.com\\\/noticias\\\/marcelino-marcos-destaca-la-importancia-de-los-jovenes-asturianos-en-la-actividad-agraria\\\/#breadcrumblist\",\"itemListElement\":[{\"@type\":\"ListItem\",\"@id\":\"https:\\\/\\\/www.eldigitaldeasturias.com\\\/noticias#listItem\",\"position\":1,\"name\":\"Home\",\"item\":\"https:\\\/\\\/www.eldigitaldeasturias.com\\\/noticias\",\"nextItem\":{\"@type\":\"ListItem\",\"@id\":\"https:\\\/\\\/www.eldigitaldeasturias.com\\\/noticias\\\/category\\\/actualidad-asturias\\\/#listItem\",\"name\":\"Actualidad Asturias\"}},{\"@type\":\"ListItem\",\"@id\":\"https:\\\/\\\/www.eldigitaldeasturias.com\\\/noticias\\\/category\\\/actualidad-asturias\\\/#listItem\",\"position\":2,\"name\":\"Actualidad Asturias\",\"item\":\"https:\\\/\\\/www.eldigitaldeasturias.com\\\/noticias\\\/category\\\/actualidad-asturias\\\/\",\"nextItem\":{\"@type\":\"ListItem\",\"@id\":\"https:\\\/\\\/www.eldigitaldeasturias.com\\\/noticias\\\/marcelino-marcos-destaca-la-importancia-de-los-jovenes-asturianos-en-la-actividad-agraria\\\/#listItem\",\"name\":\"Marcelino Marcos destaca la importancia de los j\\u00f3venes asturianos en la actividad agraria\"},\"previousItem\":{\"@type\":\"ListItem\",\"@id\":\"https:\\\/\\\/www.eldigitaldeasturias.com\\\/noticias#listItem\",\"name\":\"Home\"}},{\"@type\":\"ListItem\",\"@id\":\"https:\\\/\\\/www.eldigitaldeasturias.com\\\/noticias\\\/marcelino-marcos-destaca-la-importancia-de-los-jovenes-asturianos-en-la-actividad-agraria\\\/#listItem\",\"position\":3,\"name\":\"Marcelino Marcos destaca la importancia de los j\\u00f3venes asturianos en la actividad agraria\",\"previousItem\":{\"@type\":\"ListItem\",\"@id\":\"https:\\\/\\\/www.eldigitaldeasturias.com\\\/noticias\\\/category\\\/actualidad-asturias\\\/#listItem\",\"name\":\"Actualidad Asturias\"}}]},{\"@type\":\"Organization\",\"@id\":\"https:\\\/\\\/www.eldigitaldeasturias.com\\\/noticias\\\/#organization\",\"name\":\"El Digital de Asturias\",\"description\":\"Hemeroteca\",\"url\":\"https:\\\/\\\/www.eldigitaldeasturias.com\\\/noticias\\\/\",\"email\":\"info@eldigitaldeasturias.com\",\"telephone\":\"+34652131393\",\"logo\":{\"@type\":\"ImageObject\",\"url\":\"https:\\\/\\\/www.eldigitaldeasturias.com\\\/noticias\\\/wp-content\\\/uploads\\\/2020\\\/12\\\/EDA.jpg\",\"@id\":\"https:\\\/\\\/www.eldigitaldeasturias.com\\\/noticias\\\/marcelino-marcos-destaca-la-importancia-de-los-jovenes-asturianos-en-la-actividad-agraria\\\/#organizationLogo\",\"width\":649,\"height\":297},\"image\":{\"@id\":\"https:\\\/\\\/www.eldigitaldeasturias.com\\\/noticias\\\/marcelino-marcos-destaca-la-importancia-de-los-jovenes-asturianos-en-la-actividad-agraria\\\/#organizationLogo\"},\"sameAs\":[\"https:\\\/\\\/facebook.com\\\/eldigitaldeasturias\",\"https:\\\/\\\/www.youtube.com\\\/channel\\\/UCZP-2wLEB9Rv6erhFmqVnvg\"],\"address\":{\"@id\":\"https:\\\/\\\/www.eldigitaldeasturias.com\\\/noticias\\\/#postaladdress\",\"@type\":\"PostalAddress\",\"streetAddress\":\"san antonio 4,\",\"postalCode\":\"33430\",\"addressLocality\":\"Cand\\u00e1s\",\"addressRegion\":\"Asturias\",\"addressCountry\":\"ES\"}},{\"@type\":\"Person\",\"@id\":\"https:\\\/\\\/www.eldigitaldeasturias.com\\\/noticias\\\/author\\\/admin\\\/#author\",\"url\":\"https:\\\/\\\/www.eldigitaldeasturias.com\\\/noticias\\\/author\\\/admin\\\/\",\"name\":\"El Digital de Asturias\",\"image\":{\"@type\":\"ImageObject\",\"@id\":\"https:\\\/\\\/www.eldigitaldeasturias.com\\\/noticias\\\/marcelino-marcos-destaca-la-importancia-de-los-jovenes-asturianos-en-la-actividad-agraria\\\/#authorImage\",\"url\":\"https:\\\/\\\/www.eldigitaldeasturias.com\\\/noticias\\\/wp-content\\\/litespeed\\\/avatar\\\/18677e78aa0546b92d9dbf31ec7d7668.jpg?ver=1777290358\",\"width\":96,\"height\":96,\"caption\":\"El Digital de Asturias\"}},{\"@type\":\"WebPage\",\"@id\":\"https:\\\/\\\/www.eldigitaldeasturias.com\\\/noticias\\\/marcelino-marcos-destaca-la-importancia-de-los-jovenes-asturianos-en-la-actividad-agraria\\\/#webpage\",\"url\":\"https:\\\/\\\/www.eldigitaldeasturias.com\\\/noticias\\\/marcelino-marcos-destaca-la-importancia-de-los-jovenes-asturianos-en-la-actividad-agraria\\\/\",\"name\":\"Marcelino Marcos destaca la importancia de los j\\u00f3venes asturianos en la actividad agraria - El Digital de Asturias\",\"description\":\"El consejero de Medio Rural y Pol\\u00edtica Agraria, Marcelino Marcos, ha destacado el papel \\u201cfundamental\\u201d de los 76 j\\u00f3venes asturianos que se han sumado este\",\"inLanguage\":\"es-ES\",\"isPartOf\":{\"@id\":\"https:\\\/\\\/www.eldigitaldeasturias.com\\\/noticias\\\/#website\"},\"breadcrumb\":{\"@id\":\"https:\\\/\\\/www.eldigitaldeasturias.com\\\/noticias\\\/marcelino-marcos-destaca-la-importancia-de-los-jovenes-asturianos-en-la-actividad-agraria\\\/#breadcrumblist\"},\"author\":{\"@id\":\"https:\\\/\\\/www.eldigitaldeasturias.com\\\/noticias\\\/author\\\/admin\\\/#author\"},\"creator\":{\"@id\":\"https:\\\/\\\/www.eldigitaldeasturias.com\\\/noticias\\\/author\\\/admin\\\/#author\"},\"image\":{\"@type\":\"ImageObject\",\"url\":\"https:\\\/\\\/www.eldigitaldeasturias.com\\\/noticias\\\/wp-content\\\/uploads\\\/2023\\\/11\\\/Marcelino-Marcos.jpg\",\"@id\":\"https:\\\/\\\/www.eldigitaldeasturias.com\\\/noticias\\\/marcelino-marcos-destaca-la-importancia-de-los-jovenes-asturianos-en-la-actividad-agraria\\\/#mainImage\",\"width\":647,\"height\":487,\"caption\":\"Foto: Prensa Gobierno de Asturias\"},\"primaryImageOfPage\":{\"@id\":\"https:\\\/\\\/www.eldigitaldeasturias.com\\\/noticias\\\/marcelino-marcos-destaca-la-importancia-de-los-jovenes-asturianos-en-la-actividad-agraria\\\/#mainImage\"},\"datePublished\":\"2023-11-30T04:53:05+01:00\",\"dateModified\":\"2023-11-30T04:53:05+01:00\"},{\"@type\":\"WebSite\",\"@id\":\"https:\\\/\\\/www.eldigitaldeasturias.com\\\/noticias\\\/#website\",\"url\":\"https:\\\/\\\/www.eldigitaldeasturias.com\\\/noticias\\\/\",\"name\":\"El Digital de Asturias - Diario de actualidad y noticias\",\"alternateName\":\"El Digital de Asturias - Diario de actualidad y noticias\",\"description\":\"Hemeroteca\",\"inLanguage\":\"es-ES\",\"publisher\":{\"@id\":\"https:\\\/\\\/www.eldigitaldeasturias.com\\\/noticias\\\/#organization\"}}]}\n\t\t<\/script>\n\t\t<!-- All in One SEO Pro -->\r\n\t\t<title>Marcelino Marcos destaca la importancia de los j\u00f3venes asturianos en la actividad agraria - El Digital de Asturias<\/title>\n\n","aioseo_head_json":{"title":"Marcelino Marcos destaca la importancia de los j\u00f3venes asturianos en la actividad agraria - El Digital de Asturias","description":"El consejero de Medio Rural y Pol\u00edtica Agraria, Marcelino Marcos, ha destacado el papel \u201cfundamental\u201d de los 76 j\u00f3venes asturianos que se han sumado este","canonical_url":"https:\/\/www.eldigitaldeasturias.com\/noticias\/marcelino-marcos-destaca-la-importancia-de-los-jovenes-asturianos-en-la-actividad-agraria\/","robots":"max-image-preview:large","keywords":"actualidad asturias","webmasterTools":{"google-site-verification":"UA-38556648-1","msvalidate.01":"7dfe9f3f1b24437ab69f4f2559babe99","miscellaneous":""},"schema":{"@context":"https:\/\/schema.org","@graph":[{"@type":"BlogPosting","@id":"https:\/\/www.eldigitaldeasturias.com\/noticias\/marcelino-marcos-destaca-la-importancia-de-los-jovenes-asturianos-en-la-actividad-agraria\/#blogposting","name":"Marcelino Marcos destaca la importancia de los j\u00f3venes asturianos en la actividad agraria - El Digital de Asturias","headline":"Marcelino Marcos destaca la importancia de los j\u00f3venes asturianos en la actividad agraria","author":{"@id":"https:\/\/www.eldigitaldeasturias.com\/noticias\/author\/admin\/#author"},"publisher":{"@id":"https:\/\/www.eldigitaldeasturias.com\/noticias\/#organization"},"image":{"@type":"ImageObject","url":"https:\/\/www.eldigitaldeasturias.com\/noticias\/wp-content\/uploads\/2023\/11\/Marcelino-Marcos.jpg","width":647,"height":487,"caption":"Foto: Prensa Gobierno de Asturias"},"datePublished":"2023-11-30T04:53:05+01:00","dateModified":"2023-11-30T04:53:05+01:00","inLanguage":"es-ES","mainEntityOfPage":{"@id":"https:\/\/www.eldigitaldeasturias.com\/noticias\/marcelino-marcos-destaca-la-importancia-de-los-jovenes-asturianos-en-la-actividad-agraria\/#webpage"},"isPartOf":{"@id":"https:\/\/www.eldigitaldeasturias.com\/noticias\/marcelino-marcos-destaca-la-importancia-de-los-jovenes-asturianos-en-la-actividad-agraria\/#webpage"},"articleSection":"Actualidad Asturias"},{"@type":"BreadcrumbList","@id":"https:\/\/www.eldigitaldeasturias.com\/noticias\/marcelino-marcos-destaca-la-importancia-de-los-jovenes-asturianos-en-la-actividad-agraria\/#breadcrumblist","itemListElement":[{"@type":"ListItem","@id":"https:\/\/www.eldigitaldeasturias.com\/noticias#listItem","position":1,"name":"Home","item":"https:\/\/www.eldigitaldeasturias.com\/noticias","nextItem":{"@type":"ListItem","@id":"https:\/\/www.eldigitaldeasturias.com\/noticias\/category\/actualidad-asturias\/#listItem","name":"Actualidad Asturias"}},{"@type":"ListItem","@id":"https:\/\/www.eldigitaldeasturias.com\/noticias\/category\/actualidad-asturias\/#listItem","position":2,"name":"Actualidad Asturias","item":"https:\/\/www.eldigitaldeasturias.com\/noticias\/category\/actualidad-asturias\/","nextItem":{"@type":"ListItem","@id":"https:\/\/www.eldigitaldeasturias.com\/noticias\/marcelino-marcos-destaca-la-importancia-de-los-jovenes-asturianos-en-la-actividad-agraria\/#listItem","name":"Marcelino Marcos destaca la importancia de los j\u00f3venes asturianos en la actividad agraria"},"previousItem":{"@type":"ListItem","@id":"https:\/\/www.eldigitaldeasturias.com\/noticias#listItem","name":"Home"}},{"@type":"ListItem","@id":"https:\/\/www.eldigitaldeasturias.com\/noticias\/marcelino-marcos-destaca-la-importancia-de-los-jovenes-asturianos-en-la-actividad-agraria\/#listItem","position":3,"name":"Marcelino Marcos destaca la importancia de los j\u00f3venes asturianos en la actividad agraria","previousItem":{"@type":"ListItem","@id":"https:\/\/www.eldigitaldeasturias.com\/noticias\/category\/actualidad-asturias\/#listItem","name":"Actualidad Asturias"}}]},{"@type":"Organization","@id":"https:\/\/www.eldigitaldeasturias.com\/noticias\/#organization","name":"El Digital de Asturias","description":"Hemeroteca","url":"https:\/\/www.eldigitaldeasturias.com\/noticias\/","email":"info@eldigitaldeasturias.com","telephone":"+34652131393","logo":{"@type":"ImageObject","url":"https:\/\/www.eldigitaldeasturias.com\/noticias\/wp-content\/uploads\/2020\/12\/EDA.jpg","@id":"https:\/\/www.eldigitaldeasturias.com\/noticias\/marcelino-marcos-destaca-la-importancia-de-los-jovenes-asturianos-en-la-actividad-agraria\/#organizationLogo","width":649,"height":297},"image":{"@id":"https:\/\/www.eldigitaldeasturias.com\/noticias\/marcelino-marcos-destaca-la-importancia-de-los-jovenes-asturianos-en-la-actividad-agraria\/#organizationLogo"},"sameAs":["https:\/\/facebook.com\/eldigitaldeasturias","https:\/\/www.youtube.com\/channel\/UCZP-2wLEB9Rv6erhFmqVnvg"],"address":{"@id":"https:\/\/www.eldigitaldeasturias.com\/noticias\/#postaladdress","@type":"PostalAddress","streetAddress":"san antonio 4,","postalCode":"33430","addressLocality":"Cand\u00e1s","addressRegion":"Asturias","addressCountry":"ES"}},{"@type":"Person","@id":"https:\/\/www.eldigitaldeasturias.com\/noticias\/author\/admin\/#author","url":"https:\/\/www.eldigitaldeasturias.com\/noticias\/author\/admin\/","name":"El Digital de Asturias","image":{"@type":"ImageObject","@id":"https:\/\/www.eldigitaldeasturias.com\/noticias\/marcelino-marcos-destaca-la-importancia-de-los-jovenes-asturianos-en-la-actividad-agraria\/#authorImage","url":"https:\/\/www.eldigitaldeasturias.com\/noticias\/wp-content\/litespeed\/avatar\/18677e78aa0546b92d9dbf31ec7d7668.jpg?ver=1777290358","width":96,"height":96,"caption":"El Digital de Asturias"}},{"@type":"WebPage","@id":"https:\/\/www.eldigitaldeasturias.com\/noticias\/marcelino-marcos-destaca-la-importancia-de-los-jovenes-asturianos-en-la-actividad-agraria\/#webpage","url":"https:\/\/www.eldigitaldeasturias.com\/noticias\/marcelino-marcos-destaca-la-importancia-de-los-jovenes-asturianos-en-la-actividad-agraria\/","name":"Marcelino Marcos destaca la importancia de los j\u00f3venes asturianos en la actividad agraria - El Digital de Asturias","description":"El consejero de Medio Rural y Pol\u00edtica Agraria, Marcelino Marcos, ha destacado el papel \u201cfundamental\u201d de los 76 j\u00f3venes asturianos que se han sumado este","inLanguage":"es-ES","isPartOf":{"@id":"https:\/\/www.eldigitaldeasturias.com\/noticias\/#website"},"breadcrumb":{"@id":"https:\/\/www.eldigitaldeasturias.com\/noticias\/marcelino-marcos-destaca-la-importancia-de-los-jovenes-asturianos-en-la-actividad-agraria\/#breadcrumblist"},"author":{"@id":"https:\/\/www.eldigitaldeasturias.com\/noticias\/author\/admin\/#author"},"creator":{"@id":"https:\/\/www.eldigitaldeasturias.com\/noticias\/author\/admin\/#author"},"image":{"@type":"ImageObject","url":"https:\/\/www.eldigitaldeasturias.com\/noticias\/wp-content\/uploads\/2023\/11\/Marcelino-Marcos.jpg","@id":"https:\/\/www.eldigitaldeasturias.com\/noticias\/marcelino-marcos-destaca-la-importancia-de-los-jovenes-asturianos-en-la-actividad-agraria\/#mainImage","width":647,"height":487,"caption":"Foto: Prensa Gobierno de Asturias"},"primaryImageOfPage":{"@id":"https:\/\/www.eldigitaldeasturias.com\/noticias\/marcelino-marcos-destaca-la-importancia-de-los-jovenes-asturianos-en-la-actividad-agraria\/#mainImage"},"datePublished":"2023-11-30T04:53:05+01:00","dateModified":"2023-11-30T04:53:05+01:00"},{"@type":"WebSite","@id":"https:\/\/www.eldigitaldeasturias.com\/noticias\/#website","url":"https:\/\/www.eldigitaldeasturias.com\/noticias\/","name":"El Digital de Asturias - Diario de actualidad y noticias","alternateName":"El Digital de Asturias - Diario de actualidad y noticias","description":"Hemeroteca","inLanguage":"es-ES","publisher":{"@id":"https:\/\/www.eldigitaldeasturias.com\/noticias\/#organization"}}]},"og:locale":"es_ES","og:site_name":"El Digital de Asturias","og:type":"article","og:title":"Marcelino Marcos destaca la importancia de los j\u00f3venes asturianos en la actividad agraria - El Digital de Asturias","og:description":"El consejero de Medio Rural y Pol\u00edtica Agraria, Marcelino Marcos, ha destacado el papel \u201cfundamental\u201d de los 76 j\u00f3venes asturianos que se han sumado este","og:url":"https:\/\/www.eldigitaldeasturias.com\/noticias\/marcelino-marcos-destaca-la-importancia-de-los-jovenes-asturianos-en-la-actividad-agraria\/","og:image":"https:\/\/www.eldigitaldeasturias.com\/noticias\/wp-content\/uploads\/2023\/11\/Marcelino-Marcos.jpg","og:image:secure_url":"https:\/\/www.eldigitaldeasturias.com\/noticias\/wp-content\/uploads\/2023\/11\/Marcelino-Marcos.jpg","og:image:width":647,"og:image:height":487,"article:tag":["actualidad asturias"],"article:published_time":"2023-11-30T03:53:05+00:00","article:modified_time":"2023-11-30T03:53:05+00:00","article:publisher":"https:\/\/facebook.com\/eldigitaldeasturias","twitter:card":"summary_large_image","twitter:title":"Marcelino Marcos destaca la importancia de los j\u00f3venes asturianos en la actividad agraria - El Digital de Asturias","twitter:description":"El consejero de Medio Rural y Pol\u00edtica Agraria, Marcelino Marcos, ha destacado el papel \u201cfundamental\u201d de los 76 j\u00f3venes asturianos que se han sumado este","twitter:image":"https:\/\/www.eldigitaldeasturias.com\/noticias\/wp-content\/uploads\/2023\/11\/Marcelino-Marcos.jpg","twitter:label1":"Escrito por","twitter:data1":"El Digital de Asturias","twitter:label2":"Tiempo de lectura estimado","twitter:data2":"3 minutos"},"aioseo_meta_data":{"post_id":"1127312","title":null,"description":"El consejero de Medio Rural y Pol\u00edtica Agraria, Marcelino Marcos, ha destacado el papel \u201cfundamental\u201d de los 76 j\u00f3venes asturianos que se han sumado este","keywords":[],"keyphrases":{"focus":{"keyphrase":"Marcelino Marcos","score":72,"analysis":{"keyphraseInTitle":{"score":9,"maxScore":9,"error":0},"keyphraseInDescription":{"score":9,"maxScore":9,"error":0},"keyphraseLength":{"score":9,"maxScore":9,"error":0,"length":2},"keyphraseInURL":{"score":1,"maxScore":5,"error":1},"keyphraseInIntroduction":{"score":9,"maxScore":9,"error":0},"keyphraseInSubHeadings":{"score":3,"maxScore":9,"error":1},"keyphraseInImageAlt":{"score":9,"maxScore":9,"error":0},"keywordDensity":{"score":0,"type":"low","maxScore":9,"error":1}}},"additional":[{"keyphrase":"j\u00f3venes asturianos","score":67,"analysis":{"keyphraseInDescription":{"score":9,"maxScore":9,"error":0},"keyphraseLength":{"score":9,"maxScore":9,"error":0,"length":3},"keyphraseInIntroduction":{"score":9,"maxScore":9,"error":0},"keyphraseInImageAlt":{"score":3,"maxScore":9,"error":1},"keywordDensity":{"score":0,"type":"low","maxScore":9,"error":1}}},{"keyphrase":"asturianos ","score":67,"analysis":{"keyphraseInDescription":{"score":9,"maxScore":9,"error":0},"keyphraseLength":{"score":9,"maxScore":9,"error":0,"length":1},"keyphraseInIntroduction":{"score":9,"maxScore":9,"error":0},"keyphraseInImageAlt":{"score":3,"maxScore":9,"error":1},"keywordDensity":{"score":0,"type":"low","maxScore":9,"error":1}}},{"keyphrase":"Marcelino Marcos","score":80,"analysis":{"keyphraseInDescription":{"score":9,"maxScore":9,"error":0},"keyphraseLength":{"score":9,"maxScore":9,"error":0,"length":2},"keyphraseInIntroduction":{"score":9,"maxScore":9,"error":0},"keyphraseInImageAlt":{"score":9,"maxScore":9,"error":0},"keywordDensity":{"score":0,"type":"low","maxScore":9,"error":1}}}]},"primary_term":null,"canonical_url":null,"og_title":null,"og_description":null,"og_object_type":"default","og_image_type":"default","og_image_url":null,"og_image_width":null,"og_image_height":null,"og_image_custom_url":null,"og_image_custom_fields":null,"og_video":"","og_custom_url":null,"og_article_section":null,"og_article_tags":[],"twitter_use_og":false,"twitter_card":"default","twitter_image_type":"default","twitter_image_url":null,"twitter_image_custom_url":null,"twitter_image_custom_fields":null,"twitter_title":null,"twitter_description":null,"schema":{"blockGraphs":[],"customGraphs":[],"default":{"data":{"Article":[],"Course":[],"Dataset":[],"FAQPage":[],"Movie":[],"Person":[],"Product":[],"ProductReview":[],"Car":[],"Recipe":[],"Service":[],"SoftwareApplication":[],"WebPage":[]},"graphName":"BlogPosting","isEnabled":true},"graphs":[]},"schema_type":"default","schema_type_options":null,"pillar_content":false,"robots_default":true,"robots_noindex":false,"robots_noarchive":false,"robots_nosnippet":false,"robots_nofollow":false,"robots_noimageindex":false,"robots_noodp":false,"robots_notranslate":false,"robots_max_snippet":"-1","robots_max_videopreview":"-1","robots_max_imagepreview":"large","priority":null,"frequency":"default","local_seo":null,"seo_analyzer_scan_date":"2025-10-05 22:44:14","breadcrumb_settings":null,"limit_modified_date":false,"open_ai":"{\"title\":{\"suggestions\":[],\"usage\":0},\"description\":{\"suggestions\":[],\"usage\":0}}","ai":null,"created":"2023-11-30 03:47:26","updated":"2025-10-09 04:42:32"},"aioseo_breadcrumb":"<div class=\"aioseo-breadcrumbs\"><span class=\"aioseo-breadcrumb\">\n\t<a href=\"https:\/\/www.eldigitaldeasturias.com\/noticias\" title=\"Home\">Home<\/a>\n<\/span><span class=\"aioseo-breadcrumb-separator\">\u2013<\/span><span class=\"aioseo-breadcrumb\">\n\t<a href=\"https:\/\/www.eldigitaldeasturias.com\/noticias\/category\/actualidad-asturias\/\" title=\"Actualidad Asturias\">Actualidad Asturias<\/a>\n<\/span><span class=\"aioseo-breadcrumb-separator\">\u2013<\/span><span class=\"aioseo-breadcrumb\">\n\t<a href=\"https:\/\/www.eldigitaldeasturias.com\/noticias\/marcelino-marcos-destaca-la-importancia-de-los-jovenes-asturianos-en-la-actividad-agraria\/\" title=\"Marcelino Marcos destaca la importancia de los j\u00f3venes asturianos en la actividad agraria\">Marcelino Marcos destaca la importancia de los j\u00f3venes asturianos en la actividad agraria<\/a>\n<\/span><\/div>","aioseo_breadcrumb_json":[{"label":"Home","link":"https:\/\/www.eldigitaldeasturias.com\/noticias"},{"label":"Actualidad Asturias","link":"https:\/\/www.eldigitaldeasturias.com\/noticias\/category\/actualidad-asturias\/"},{"label":"Marcelino Marcos destaca la importancia de los j\u00f3venes asturianos en la actividad agraria","link":"https:\/\/www.eldigitaldeasturias.com\/noticias\/marcelino-marcos-destaca-la-importancia-de-los-jovenes-asturianos-en-la-actividad-agraria\/"}],"_links":{"self":[{"href":"https:\/\/www.eldigitaldeasturias.com\/noticias\/wp-json\/wp\/v2\/posts\/1127312","targetHints":{"allow":["GET"]}}],"collection":[{"href":"https:\/\/www.eldigitaldeasturias.com\/noticias\/wp-json\/wp\/v2\/posts"}],"about":[{"href":"https:\/\/www.eldigitaldeasturias.com\/noticias\/wp-json\/wp\/v2\/types\/post"}],"author":[{"embeddable":true,"href":"https:\/\/www.eldigitaldeasturias.com\/noticias\/wp-json\/wp\/v2\/users\/1"}],"replies":[{"embeddable":true,"href":"https:\/\/www.eldigitaldeasturias.com\/noticias\/wp-json\/wp\/v2\/comments?post=1127312"}],"version-history":[{"count":0,"href":"https:\/\/www.eldigitaldeasturias.com\/noticias\/wp-json\/wp\/v2\/posts\/1127312\/revisions"}],"wp:featuredmedia":[{"embeddable":true,"href":"https:\/\/www.eldigitaldeasturias.com\/noticias\/wp-json\/wp\/v2\/media\/1127313"}],"wp:attachment":[{"href":"https:\/\/www.eldigitaldeasturias.com\/noticias\/wp-json\/wp\/v2\/media?parent=1127312"}],"wp:term":[{"taxonomy":"category","embeddable":true,"href":"https:\/\/www.eldigitaldeasturias.com\/noticias\/wp-json\/wp\/v2\/categories?post=1127312"},{"taxonomy":"post_tag","embeddable":true,"href":"https:\/\/www.eldigitaldeasturias.com\/noticias\/wp-json\/wp\/v2\/tags?post=1127312"}],"curies":[{"name":"wp","href":"https:\/\/api.w.org\/{rel}","templated":true}]}}