{"id":1127309,"date":"2023-11-30T04:43:33","date_gmt":"2023-11-30T03:43:33","guid":{"rendered":"https:\/\/www.eldigitaldeasturias.com\/noticias\/?p=1127309"},"modified":"2023-11-30T04:43:33","modified_gmt":"2023-11-30T03:43:33","slug":"barbon-exultante-con-la-puesta-marcha-de-la-variante-de-pajares","status":"publish","type":"post","link":"https:\/\/www.eldigitaldeasturias.com\/noticias\/barbon-exultante-con-la-puesta-marcha-de-la-variante-de-pajares\/","title":{"rendered":"Barb\u00f3n exultante con la puesta marcha de la Variante de Pajares"},"content":{"rendered":"<p>El Presidente del <a href=\"https:\/\/actualidad.asturias.es\/\" target=\"_blank\" rel=\"noopener\"><span style=\"color: #ff6600;\"><strong>Principado de Asturias<\/strong><\/span><\/a>, Adri\u00e1n Barb\u00f3n, se ha mostrado exultante con la puesta en marcha de la Variante de Pajares, afirmando \u00abA partir de hoy, Asturias est\u00e1 m\u00e1s cerca de creerse que tiene m\u00e1s futuro que pasado\u00bb<\/p>\n<figure id=\"attachment_1127310\" aria-describedby=\"caption-attachment-1127310\" style=\"width: 650px\" class=\"wp-caption aligncenter\"><img loading=\"lazy\" decoding=\"async\" class=\"wp-image-1127310 size-large\" src=\"https:\/\/www.eldigitaldeasturias.com\/noticias\/wp-content\/uploads\/2023\/11\/Barbon-650x429.jpg\" alt=\"Barb\u00f3n\" width=\"650\" height=\"429\" srcset=\"https:\/\/www.eldigitaldeasturias.com\/noticias\/wp-content\/uploads\/2023\/11\/Barbon-650x429.jpg 650w, https:\/\/www.eldigitaldeasturias.com\/noticias\/wp-content\/uploads\/2023\/11\/Barbon-360x238.jpg 360w, https:\/\/www.eldigitaldeasturias.com\/noticias\/wp-content\/uploads\/2023\/11\/Barbon-454x300.jpg 454w, https:\/\/www.eldigitaldeasturias.com\/noticias\/wp-content\/uploads\/2023\/11\/Barbon-768x507.jpg 768w, https:\/\/www.eldigitaldeasturias.com\/noticias\/wp-content\/uploads\/2023\/11\/Barbon-150x99.jpg 150w, https:\/\/www.eldigitaldeasturias.com\/noticias\/wp-content\/uploads\/2023\/11\/Barbon-450x297.jpg 450w, https:\/\/www.eldigitaldeasturias.com\/noticias\/wp-content\/uploads\/2023\/11\/Barbon.jpg 971w\" sizes=\"auto, (max-width: 650px) 100vw, 650px\" \/><figcaption id=\"caption-attachment-1127310\" class=\"wp-caption-text\">Foto: Prensa Gobierno de Asturias<\/figcaption><\/figure>\n<p>Adri\u00e1n Barb\u00f3n ha emplazado al Gobierno central a cumplir varios de sus compromisos con Asturias, como el Corredor Atl\u00e1ntico, el plan de mejora de las cercan\u00edas ferroviarias o el desbloqueo del convenio para aprovechar los terrenos de la f\u00e1brica de La Vega, en Oviedo. Ante el rey Felipe VI y el presidente Pedro S\u00e1nchez, <strong>Barb\u00f3n ha celebrado el estreno de la variante de Pajares: \u201cA partir de hoy, Asturias est\u00e1 m\u00e1s cerca de creerse que tiene m\u00e1s futuro que pasado\u201d, ha afirmado.<\/strong><\/p>\n<p>El viaje inaugural de la variante ha reunido en el mismo vag\u00f3n al jefe del Estado, el presidente del Gobierno de Espa\u00f1a, el ministro de Transportes y los presidentes de <a href=\"https:\/\/www.eldigitaldeasturias.com\/noticias\/category\/actualidad-asturias\/\"><span style=\"color: #ff6600;\"><strong>Asturias<\/strong><\/span><\/a> y Castilla y Le\u00f3n. En menos de tres horas y media, el ferrocarril ha cubierto el recorrido entre la estaci\u00f3n de Chamart\u00edn, en Madrid, y Oviedo\/Uvi\u00e9u, un tiempo que se acortar\u00e1 m\u00e1s en 2024, cuando entren en funcionamiento los trenes Avril. A partir de ma\u00f1ana, la variante \u2013\u201cuna obra de titanes\u201d, seg\u00fan la ha definido el presidente del Principado- estar\u00e1 abierta al tr\u00e1fico de pasajeros y mercanc\u00edas.<\/p>\n<p>Ya en Oviedo, durante el acto institucional, <strong>Barb\u00f3n ha subrayado el impacto psicol\u00f3gico de la conexi\u00f3n de Asturias con la alta velocidad ferroviaria, que supondr\u00e1 la \u201cruptura de un cerco mental\u201d basado en la \u201csensaci\u00f3n de aislamiento secular\u201d. A partir de este \u201cd\u00eda para la historia\u201d, el Principado iniciar\u00e1 \u201cla d\u00e9cada del cambio\u201d con \u201chambre de futuro\u201d.<\/strong><\/p>\n<p>No obstante, el presidente no se ha quedado en las sensaciones. Con Pedro S\u00e1nchez y el ministro \u00d3scar Puente en primera fila, Barb\u00f3n ha enumerado reivindicaciones concretas como el Corredor Atl\u00e1ntico, las cercan\u00edas ferroviarias, el vial de Jove (Gij\u00f3n), el soterramiento de Langreo o el convenio de La Vega. Un repaso que le dio pie a enfatizar que, \u201ccon lealtad institucional\u201d, <strong>para el Gobierno del Principado \u201cAsturias es lo primero\u201d, tal y como ha venido reiterando en las \u00faltimas semanas.<\/strong><\/p>\n<p>En el cap\u00edtulo de agradecimientos, Barb\u00f3n ha destacado el apoyo de los gobiernos de Pedro S\u00e1nchez \u2013primero, con el ministro Jos\u00e9 Luis \u00c1balos, y despu\u00e9s, con Raquel S\u00e1nchez- para que el trazado permitiera el tr\u00e1fico mixto, de mercanc\u00edas y pasajeros. Sin citarles, el presidente del Principado alud\u00eda al planteamiento de Francisco \u00c1lvarez-Cascos, aceptado por el gobierno de Mariano Rajoy, para que la variante se instalase con ancho internacional, por el que actualmente no podr\u00edan circular las mercanc\u00edas. En este punto, tuvo una menci\u00f3n especial para Isabel Pardo de Vera, ex secretaria de Estado.<\/p>\n<p>Selectivo con los nombres, el presidente tambi\u00e9n ha elogiado a Alejandro Rebollo, el ex presidente de Renfe que ide\u00f3 el proyecto inicial de la variante en la d\u00e9cada de los 80 del siglo pasado. Afectuoso en las referencias a la familia real, ha recordado que Alfonso XIII, bisabuelo de Felipe VI, inaugur\u00f3 en 1844 la rampa de Pajares. En 2024 se cumplir\u00e1n 140 a\u00f1o<\/p>\n","protected":false},"excerpt":{"rendered":"<p>El Presidente del Principado de Asturias, Adri\u00e1n Barb\u00f3n, se ha mostrado exultante con la puesta en marcha de la Variante de Pajares, afirmando \u00abA partir de hoy, Asturias est\u00e1 m\u00e1s cerca de creerse que tiene m\u00e1s futuro que pasado\u00bb Adri\u00e1n Barb\u00f3n ha emplazado al Gobierno central a cumplir varios de sus compromisos con Asturias, como [&hellip;]<\/p>\n","protected":false},"author":1,"featured_media":1127310,"comment_status":"closed","ping_status":"closed","sticky":false,"template":"","format":"standard","meta":{"footnotes":""},"categories":[12,141],"tags":[],"class_list":["post-1127309","post","type-post","status-publish","format-standard","has-post-thumbnail","hentry","category-actualidad-asturias","category-destacadas"],"aioseo_notices":[],"aioseo_head":"\n\t\t<!-- All in One SEO Pro 4.9.6.2 - aioseo.com -->\n\t<meta name=\"description\" content=\"El Presidente del Principado de Asturias, Adri\u00e1n Barb\u00f3n, se ha mostrado exultante con la puesta en marcha de la Variante de Pajares, afirmando &quot;A partir de hoy\" \/>\n\t<meta name=\"robots\" content=\"max-image-preview:large\" \/>\n\t<meta name=\"author\" content=\"El Digital de Asturias\"\/>\n\t<meta name=\"google-site-verification\" content=\"UA-38556648-1\" \/>\n\t<meta name=\"msvalidate.01\" content=\"7dfe9f3f1b24437ab69f4f2559babe99\" \/>\n\t<meta name=\"keywords\" content=\"actualidad asturias,destacadas\" \/>\n\t<link rel=\"canonical\" href=\"https:\/\/www.eldigitaldeasturias.com\/noticias\/barbon-exultante-con-la-puesta-marcha-de-la-variante-de-pajares\/\" \/>\n\t<meta name=\"generator\" content=\"All in One SEO Pro (AIOSEO) 4.9.6.2\" \/>\n\t\t<meta property=\"og:locale\" content=\"es_ES\" \/>\n\t\t<meta property=\"og:site_name\" content=\"El Digital de Asturias\" \/>\n\t\t<meta property=\"og:type\" content=\"article\" \/>\n\t\t<meta property=\"og:title\" content=\"Barb\u00f3n exultante con la puesta marcha de la Variante de Pajares - El Digital de Asturias\" \/>\n\t\t<meta property=\"og:description\" content=\"El Presidente del Principado de Asturias, Adri\u00e1n Barb\u00f3n, se ha mostrado exultante con la puesta en marcha de la Variante de Pajares, afirmando &quot;A partir de hoy\" \/>\n\t\t<meta property=\"og:url\" content=\"https:\/\/www.eldigitaldeasturias.com\/noticias\/barbon-exultante-con-la-puesta-marcha-de-la-variante-de-pajares\/\" \/>\n\t\t<meta property=\"og:image\" content=\"https:\/\/www.eldigitaldeasturias.com\/noticias\/wp-content\/uploads\/2023\/11\/Barbon.jpg\" \/>\n\t\t<meta property=\"og:image:secure_url\" content=\"https:\/\/www.eldigitaldeasturias.com\/noticias\/wp-content\/uploads\/2023\/11\/Barbon.jpg\" \/>\n\t\t<meta property=\"og:image:width\" content=\"971\" \/>\n\t\t<meta property=\"og:image:height\" content=\"641\" \/>\n\t\t<meta property=\"article:tag\" content=\"actualidad asturias\" \/>\n\t\t<meta property=\"article:tag\" content=\"destacadas\" \/>\n\t\t<meta property=\"article:published_time\" content=\"2023-11-30T03:43:33+00:00\" \/>\n\t\t<meta property=\"article:modified_time\" content=\"2023-11-30T03:43:33+00:00\" \/>\n\t\t<meta property=\"article:publisher\" content=\"https:\/\/facebook.com\/eldigitaldeasturias\" \/>\n\t\t<meta name=\"twitter:card\" content=\"summary_large_image\" \/>\n\t\t<meta name=\"twitter:title\" content=\"Barb\u00f3n exultante con la puesta marcha de la Variante de Pajares - El Digital de Asturias\" \/>\n\t\t<meta name=\"twitter:description\" content=\"El Presidente del Principado de Asturias, Adri\u00e1n Barb\u00f3n, se ha mostrado exultante con la puesta en marcha de la Variante de Pajares, afirmando &quot;A partir de hoy\" \/>\n\t\t<meta name=\"twitter:image\" content=\"https:\/\/www.eldigitaldeasturias.com\/noticias\/wp-content\/uploads\/2023\/11\/Barbon.jpg\" \/>\n\t\t<meta name=\"twitter:label1\" content=\"Escrito por\" \/>\n\t\t<meta name=\"twitter:data1\" content=\"El Digital de Asturias\" \/>\n\t\t<meta name=\"twitter:label2\" content=\"Tiempo de lectura estimado\" \/>\n\t\t<meta name=\"twitter:data2\" content=\"3 minutos\" \/>\n\t\t<script type=\"application\/ld+json\" class=\"aioseo-schema\">\n\t\t\t{\"@context\":\"https:\\\/\\\/schema.org\",\"@graph\":[{\"@type\":\"BlogPosting\",\"@id\":\"https:\\\/\\\/www.eldigitaldeasturias.com\\\/noticias\\\/barbon-exultante-con-la-puesta-marcha-de-la-variante-de-pajares\\\/#blogposting\",\"name\":\"Barb\\u00f3n exultante con la puesta marcha de la Variante de Pajares - El Digital de Asturias\",\"headline\":\"Barb\\u00f3n exultante con la puesta marcha de la Variante de Pajares\",\"author\":{\"@id\":\"https:\\\/\\\/www.eldigitaldeasturias.com\\\/noticias\\\/author\\\/admin\\\/#author\"},\"publisher\":{\"@id\":\"https:\\\/\\\/www.eldigitaldeasturias.com\\\/noticias\\\/#organization\"},\"image\":{\"@type\":\"ImageObject\",\"url\":\"https:\\\/\\\/www.eldigitaldeasturias.com\\\/noticias\\\/wp-content\\\/uploads\\\/2023\\\/11\\\/Barbon.jpg\",\"width\":971,\"height\":641,\"caption\":\"Foto: Prensa Gobierno de Asturias\"},\"datePublished\":\"2023-11-30T04:43:33+01:00\",\"dateModified\":\"2023-11-30T04:43:33+01:00\",\"inLanguage\":\"es-ES\",\"mainEntityOfPage\":{\"@id\":\"https:\\\/\\\/www.eldigitaldeasturias.com\\\/noticias\\\/barbon-exultante-con-la-puesta-marcha-de-la-variante-de-pajares\\\/#webpage\"},\"isPartOf\":{\"@id\":\"https:\\\/\\\/www.eldigitaldeasturias.com\\\/noticias\\\/barbon-exultante-con-la-puesta-marcha-de-la-variante-de-pajares\\\/#webpage\"},\"articleSection\":\"Actualidad Asturias, Destacadas\"},{\"@type\":\"BreadcrumbList\",\"@id\":\"https:\\\/\\\/www.eldigitaldeasturias.com\\\/noticias\\\/barbon-exultante-con-la-puesta-marcha-de-la-variante-de-pajares\\\/#breadcrumblist\",\"itemListElement\":[{\"@type\":\"ListItem\",\"@id\":\"https:\\\/\\\/www.eldigitaldeasturias.com\\\/noticias#listItem\",\"position\":1,\"name\":\"Home\",\"item\":\"https:\\\/\\\/www.eldigitaldeasturias.com\\\/noticias\",\"nextItem\":{\"@type\":\"ListItem\",\"@id\":\"https:\\\/\\\/www.eldigitaldeasturias.com\\\/noticias\\\/category\\\/actualidad-asturias\\\/#listItem\",\"name\":\"Actualidad Asturias\"}},{\"@type\":\"ListItem\",\"@id\":\"https:\\\/\\\/www.eldigitaldeasturias.com\\\/noticias\\\/category\\\/actualidad-asturias\\\/#listItem\",\"position\":2,\"name\":\"Actualidad Asturias\",\"item\":\"https:\\\/\\\/www.eldigitaldeasturias.com\\\/noticias\\\/category\\\/actualidad-asturias\\\/\",\"nextItem\":{\"@type\":\"ListItem\",\"@id\":\"https:\\\/\\\/www.eldigitaldeasturias.com\\\/noticias\\\/barbon-exultante-con-la-puesta-marcha-de-la-variante-de-pajares\\\/#listItem\",\"name\":\"Barb\\u00f3n exultante con la puesta marcha de la Variante de Pajares\"},\"previousItem\":{\"@type\":\"ListItem\",\"@id\":\"https:\\\/\\\/www.eldigitaldeasturias.com\\\/noticias#listItem\",\"name\":\"Home\"}},{\"@type\":\"ListItem\",\"@id\":\"https:\\\/\\\/www.eldigitaldeasturias.com\\\/noticias\\\/barbon-exultante-con-la-puesta-marcha-de-la-variante-de-pajares\\\/#listItem\",\"position\":3,\"name\":\"Barb\\u00f3n exultante con la puesta marcha de la Variante de Pajares\",\"previousItem\":{\"@type\":\"ListItem\",\"@id\":\"https:\\\/\\\/www.eldigitaldeasturias.com\\\/noticias\\\/category\\\/actualidad-asturias\\\/#listItem\",\"name\":\"Actualidad Asturias\"}}]},{\"@type\":\"Organization\",\"@id\":\"https:\\\/\\\/www.eldigitaldeasturias.com\\\/noticias\\\/#organization\",\"name\":\"El Digital de Asturias\",\"description\":\"Hemeroteca\",\"url\":\"https:\\\/\\\/www.eldigitaldeasturias.com\\\/noticias\\\/\",\"email\":\"info@eldigitaldeasturias.com\",\"telephone\":\"+34652131393\",\"logo\":{\"@type\":\"ImageObject\",\"url\":\"https:\\\/\\\/www.eldigitaldeasturias.com\\\/noticias\\\/wp-content\\\/uploads\\\/2020\\\/12\\\/EDA.jpg\",\"@id\":\"https:\\\/\\\/www.eldigitaldeasturias.com\\\/noticias\\\/barbon-exultante-con-la-puesta-marcha-de-la-variante-de-pajares\\\/#organizationLogo\",\"width\":649,\"height\":297},\"image\":{\"@id\":\"https:\\\/\\\/www.eldigitaldeasturias.com\\\/noticias\\\/barbon-exultante-con-la-puesta-marcha-de-la-variante-de-pajares\\\/#organizationLogo\"},\"sameAs\":[\"https:\\\/\\\/facebook.com\\\/eldigitaldeasturias\",\"https:\\\/\\\/www.youtube.com\\\/channel\\\/UCZP-2wLEB9Rv6erhFmqVnvg\"],\"address\":{\"@id\":\"https:\\\/\\\/www.eldigitaldeasturias.com\\\/noticias\\\/#postaladdress\",\"@type\":\"PostalAddress\",\"streetAddress\":\"san antonio 4,\",\"postalCode\":\"33430\",\"addressLocality\":\"Cand\\u00e1s\",\"addressRegion\":\"Asturias\",\"addressCountry\":\"ES\"}},{\"@type\":\"Person\",\"@id\":\"https:\\\/\\\/www.eldigitaldeasturias.com\\\/noticias\\\/author\\\/admin\\\/#author\",\"url\":\"https:\\\/\\\/www.eldigitaldeasturias.com\\\/noticias\\\/author\\\/admin\\\/\",\"name\":\"El Digital de Asturias\",\"image\":{\"@type\":\"ImageObject\",\"@id\":\"https:\\\/\\\/www.eldigitaldeasturias.com\\\/noticias\\\/barbon-exultante-con-la-puesta-marcha-de-la-variante-de-pajares\\\/#authorImage\",\"url\":\"https:\\\/\\\/www.eldigitaldeasturias.com\\\/noticias\\\/wp-content\\\/litespeed\\\/avatar\\\/18677e78aa0546b92d9dbf31ec7d7668.jpg?ver=1777290358\",\"width\":96,\"height\":96,\"caption\":\"El Digital de Asturias\"}},{\"@type\":\"WebPage\",\"@id\":\"https:\\\/\\\/www.eldigitaldeasturias.com\\\/noticias\\\/barbon-exultante-con-la-puesta-marcha-de-la-variante-de-pajares\\\/#webpage\",\"url\":\"https:\\\/\\\/www.eldigitaldeasturias.com\\\/noticias\\\/barbon-exultante-con-la-puesta-marcha-de-la-variante-de-pajares\\\/\",\"name\":\"Barb\\u00f3n exultante con la puesta marcha de la Variante de Pajares - El Digital de Asturias\",\"description\":\"El Presidente del Principado de Asturias, Adri\\u00e1n Barb\\u00f3n, se ha mostrado exultante con la puesta en marcha de la Variante de Pajares, afirmando \\\"A partir de hoy\",\"inLanguage\":\"es-ES\",\"isPartOf\":{\"@id\":\"https:\\\/\\\/www.eldigitaldeasturias.com\\\/noticias\\\/#website\"},\"breadcrumb\":{\"@id\":\"https:\\\/\\\/www.eldigitaldeasturias.com\\\/noticias\\\/barbon-exultante-con-la-puesta-marcha-de-la-variante-de-pajares\\\/#breadcrumblist\"},\"author\":{\"@id\":\"https:\\\/\\\/www.eldigitaldeasturias.com\\\/noticias\\\/author\\\/admin\\\/#author\"},\"creator\":{\"@id\":\"https:\\\/\\\/www.eldigitaldeasturias.com\\\/noticias\\\/author\\\/admin\\\/#author\"},\"image\":{\"@type\":\"ImageObject\",\"url\":\"https:\\\/\\\/www.eldigitaldeasturias.com\\\/noticias\\\/wp-content\\\/uploads\\\/2023\\\/11\\\/Barbon.jpg\",\"@id\":\"https:\\\/\\\/www.eldigitaldeasturias.com\\\/noticias\\\/barbon-exultante-con-la-puesta-marcha-de-la-variante-de-pajares\\\/#mainImage\",\"width\":971,\"height\":641,\"caption\":\"Foto: Prensa Gobierno de Asturias\"},\"primaryImageOfPage\":{\"@id\":\"https:\\\/\\\/www.eldigitaldeasturias.com\\\/noticias\\\/barbon-exultante-con-la-puesta-marcha-de-la-variante-de-pajares\\\/#mainImage\"},\"datePublished\":\"2023-11-30T04:43:33+01:00\",\"dateModified\":\"2023-11-30T04:43:33+01:00\"},{\"@type\":\"WebSite\",\"@id\":\"https:\\\/\\\/www.eldigitaldeasturias.com\\\/noticias\\\/#website\",\"url\":\"https:\\\/\\\/www.eldigitaldeasturias.com\\\/noticias\\\/\",\"name\":\"El Digital de Asturias - Diario de actualidad y noticias\",\"alternateName\":\"El Digital de Asturias - Diario de actualidad y noticias\",\"description\":\"Hemeroteca\",\"inLanguage\":\"es-ES\",\"publisher\":{\"@id\":\"https:\\\/\\\/www.eldigitaldeasturias.com\\\/noticias\\\/#organization\"}}]}\n\t\t<\/script>\n\t\t<!-- All in One SEO Pro -->\r\n\t\t<title>Barb\u00f3n exultante con la puesta marcha de la Variante de Pajares - El Digital de Asturias<\/title>\n\n","aioseo_head_json":{"title":"Barb\u00f3n exultante con la puesta marcha de la Variante de Pajares - El Digital de Asturias","description":"El Presidente del Principado de Asturias, Adri\u00e1n Barb\u00f3n, se ha mostrado exultante con la puesta en marcha de la Variante de Pajares, afirmando \"A partir de hoy","canonical_url":"https:\/\/www.eldigitaldeasturias.com\/noticias\/barbon-exultante-con-la-puesta-marcha-de-la-variante-de-pajares\/","robots":"max-image-preview:large","keywords":"actualidad asturias,destacadas","webmasterTools":{"google-site-verification":"UA-38556648-1","msvalidate.01":"7dfe9f3f1b24437ab69f4f2559babe99","miscellaneous":""},"schema":{"@context":"https:\/\/schema.org","@graph":[{"@type":"BlogPosting","@id":"https:\/\/www.eldigitaldeasturias.com\/noticias\/barbon-exultante-con-la-puesta-marcha-de-la-variante-de-pajares\/#blogposting","name":"Barb\u00f3n exultante con la puesta marcha de la Variante de Pajares - El Digital de Asturias","headline":"Barb\u00f3n exultante con la puesta marcha de la Variante de Pajares","author":{"@id":"https:\/\/www.eldigitaldeasturias.com\/noticias\/author\/admin\/#author"},"publisher":{"@id":"https:\/\/www.eldigitaldeasturias.com\/noticias\/#organization"},"image":{"@type":"ImageObject","url":"https:\/\/www.eldigitaldeasturias.com\/noticias\/wp-content\/uploads\/2023\/11\/Barbon.jpg","width":971,"height":641,"caption":"Foto: Prensa Gobierno de Asturias"},"datePublished":"2023-11-30T04:43:33+01:00","dateModified":"2023-11-30T04:43:33+01:00","inLanguage":"es-ES","mainEntityOfPage":{"@id":"https:\/\/www.eldigitaldeasturias.com\/noticias\/barbon-exultante-con-la-puesta-marcha-de-la-variante-de-pajares\/#webpage"},"isPartOf":{"@id":"https:\/\/www.eldigitaldeasturias.com\/noticias\/barbon-exultante-con-la-puesta-marcha-de-la-variante-de-pajares\/#webpage"},"articleSection":"Actualidad Asturias, Destacadas"},{"@type":"BreadcrumbList","@id":"https:\/\/www.eldigitaldeasturias.com\/noticias\/barbon-exultante-con-la-puesta-marcha-de-la-variante-de-pajares\/#breadcrumblist","itemListElement":[{"@type":"ListItem","@id":"https:\/\/www.eldigitaldeasturias.com\/noticias#listItem","position":1,"name":"Home","item":"https:\/\/www.eldigitaldeasturias.com\/noticias","nextItem":{"@type":"ListItem","@id":"https:\/\/www.eldigitaldeasturias.com\/noticias\/category\/actualidad-asturias\/#listItem","name":"Actualidad Asturias"}},{"@type":"ListItem","@id":"https:\/\/www.eldigitaldeasturias.com\/noticias\/category\/actualidad-asturias\/#listItem","position":2,"name":"Actualidad Asturias","item":"https:\/\/www.eldigitaldeasturias.com\/noticias\/category\/actualidad-asturias\/","nextItem":{"@type":"ListItem","@id":"https:\/\/www.eldigitaldeasturias.com\/noticias\/barbon-exultante-con-la-puesta-marcha-de-la-variante-de-pajares\/#listItem","name":"Barb\u00f3n exultante con la puesta marcha de la Variante de Pajares"},"previousItem":{"@type":"ListItem","@id":"https:\/\/www.eldigitaldeasturias.com\/noticias#listItem","name":"Home"}},{"@type":"ListItem","@id":"https:\/\/www.eldigitaldeasturias.com\/noticias\/barbon-exultante-con-la-puesta-marcha-de-la-variante-de-pajares\/#listItem","position":3,"name":"Barb\u00f3n exultante con la puesta marcha de la Variante de Pajares","previousItem":{"@type":"ListItem","@id":"https:\/\/www.eldigitaldeasturias.com\/noticias\/category\/actualidad-asturias\/#listItem","name":"Actualidad Asturias"}}]},{"@type":"Organization","@id":"https:\/\/www.eldigitaldeasturias.com\/noticias\/#organization","name":"El Digital de Asturias","description":"Hemeroteca","url":"https:\/\/www.eldigitaldeasturias.com\/noticias\/","email":"info@eldigitaldeasturias.com","telephone":"+34652131393","logo":{"@type":"ImageObject","url":"https:\/\/www.eldigitaldeasturias.com\/noticias\/wp-content\/uploads\/2020\/12\/EDA.jpg","@id":"https:\/\/www.eldigitaldeasturias.com\/noticias\/barbon-exultante-con-la-puesta-marcha-de-la-variante-de-pajares\/#organizationLogo","width":649,"height":297},"image":{"@id":"https:\/\/www.eldigitaldeasturias.com\/noticias\/barbon-exultante-con-la-puesta-marcha-de-la-variante-de-pajares\/#organizationLogo"},"sameAs":["https:\/\/facebook.com\/eldigitaldeasturias","https:\/\/www.youtube.com\/channel\/UCZP-2wLEB9Rv6erhFmqVnvg"],"address":{"@id":"https:\/\/www.eldigitaldeasturias.com\/noticias\/#postaladdress","@type":"PostalAddress","streetAddress":"san antonio 4,","postalCode":"33430","addressLocality":"Cand\u00e1s","addressRegion":"Asturias","addressCountry":"ES"}},{"@type":"Person","@id":"https:\/\/www.eldigitaldeasturias.com\/noticias\/author\/admin\/#author","url":"https:\/\/www.eldigitaldeasturias.com\/noticias\/author\/admin\/","name":"El Digital de Asturias","image":{"@type":"ImageObject","@id":"https:\/\/www.eldigitaldeasturias.com\/noticias\/barbon-exultante-con-la-puesta-marcha-de-la-variante-de-pajares\/#authorImage","url":"https:\/\/www.eldigitaldeasturias.com\/noticias\/wp-content\/litespeed\/avatar\/18677e78aa0546b92d9dbf31ec7d7668.jpg?ver=1777290358","width":96,"height":96,"caption":"El Digital de Asturias"}},{"@type":"WebPage","@id":"https:\/\/www.eldigitaldeasturias.com\/noticias\/barbon-exultante-con-la-puesta-marcha-de-la-variante-de-pajares\/#webpage","url":"https:\/\/www.eldigitaldeasturias.com\/noticias\/barbon-exultante-con-la-puesta-marcha-de-la-variante-de-pajares\/","name":"Barb\u00f3n exultante con la puesta marcha de la Variante de Pajares - El Digital de Asturias","description":"El Presidente del Principado de Asturias, Adri\u00e1n Barb\u00f3n, se ha mostrado exultante con la puesta en marcha de la Variante de Pajares, afirmando \"A partir de hoy","inLanguage":"es-ES","isPartOf":{"@id":"https:\/\/www.eldigitaldeasturias.com\/noticias\/#website"},"breadcrumb":{"@id":"https:\/\/www.eldigitaldeasturias.com\/noticias\/barbon-exultante-con-la-puesta-marcha-de-la-variante-de-pajares\/#breadcrumblist"},"author":{"@id":"https:\/\/www.eldigitaldeasturias.com\/noticias\/author\/admin\/#author"},"creator":{"@id":"https:\/\/www.eldigitaldeasturias.com\/noticias\/author\/admin\/#author"},"image":{"@type":"ImageObject","url":"https:\/\/www.eldigitaldeasturias.com\/noticias\/wp-content\/uploads\/2023\/11\/Barbon.jpg","@id":"https:\/\/www.eldigitaldeasturias.com\/noticias\/barbon-exultante-con-la-puesta-marcha-de-la-variante-de-pajares\/#mainImage","width":971,"height":641,"caption":"Foto: Prensa Gobierno de Asturias"},"primaryImageOfPage":{"@id":"https:\/\/www.eldigitaldeasturias.com\/noticias\/barbon-exultante-con-la-puesta-marcha-de-la-variante-de-pajares\/#mainImage"},"datePublished":"2023-11-30T04:43:33+01:00","dateModified":"2023-11-30T04:43:33+01:00"},{"@type":"WebSite","@id":"https:\/\/www.eldigitaldeasturias.com\/noticias\/#website","url":"https:\/\/www.eldigitaldeasturias.com\/noticias\/","name":"El Digital de Asturias - Diario de actualidad y noticias","alternateName":"El Digital de Asturias - Diario de actualidad y noticias","description":"Hemeroteca","inLanguage":"es-ES","publisher":{"@id":"https:\/\/www.eldigitaldeasturias.com\/noticias\/#organization"}}]},"og:locale":"es_ES","og:site_name":"El Digital de Asturias","og:type":"article","og:title":"Barb\u00f3n exultante con la puesta marcha de la Variante de Pajares - El Digital de Asturias","og:description":"El Presidente del Principado de Asturias, Adri\u00e1n Barb\u00f3n, se ha mostrado exultante con la puesta en marcha de la Variante de Pajares, afirmando &quot;A partir de hoy","og:url":"https:\/\/www.eldigitaldeasturias.com\/noticias\/barbon-exultante-con-la-puesta-marcha-de-la-variante-de-pajares\/","og:image":"https:\/\/www.eldigitaldeasturias.com\/noticias\/wp-content\/uploads\/2023\/11\/Barbon.jpg","og:image:secure_url":"https:\/\/www.eldigitaldeasturias.com\/noticias\/wp-content\/uploads\/2023\/11\/Barbon.jpg","og:image:width":971,"og:image:height":641,"article:tag":["actualidad asturias","destacadas"],"article:published_time":"2023-11-30T03:43:33+00:00","article:modified_time":"2023-11-30T03:43:33+00:00","article:publisher":"https:\/\/facebook.com\/eldigitaldeasturias","twitter:card":"summary_large_image","twitter:title":"Barb\u00f3n exultante con la puesta marcha de la Variante de Pajares - El Digital de Asturias","twitter:description":"El Presidente del Principado de Asturias, Adri\u00e1n Barb\u00f3n, se ha mostrado exultante con la puesta en marcha de la Variante de Pajares, afirmando &quot;A partir de hoy","twitter:image":"https:\/\/www.eldigitaldeasturias.com\/noticias\/wp-content\/uploads\/2023\/11\/Barbon.jpg","twitter:label1":"Escrito por","twitter:data1":"El Digital de Asturias","twitter:label2":"Tiempo de lectura estimado","twitter:data2":"3 minutos"},"aioseo_meta_data":{"post_id":"1127309","title":null,"description":"El Presidente del Principado de Asturias, Adri\u00e1n Barb\u00f3n, se ha mostrado exultante con la puesta en marcha de la Variante de Pajares, afirmando \"A partir de hoy","keywords":[],"keyphrases":{"focus":{"keyphrase":"Barb\u00f3n","score":93,"analysis":{"keyphraseInTitle":{"score":9,"maxScore":9,"error":0},"keyphraseInDescription":{"score":9,"maxScore":9,"error":0},"keyphraseLength":{"score":9,"maxScore":9,"error":0,"length":2},"keyphraseInURL":{"score":1,"maxScore":5,"error":1},"keyphraseInIntroduction":{"score":9,"maxScore":9,"error":0},"keyphraseInSubHeadings":[],"keyphraseInImageAlt":{"score":9,"maxScore":9,"error":0},"keywordDensity":{"type":"best","score":9,"maxScore":9,"error":0}}},"additional":[{"keyphrase":"Variante de Pajares","score":67,"analysis":{"keyphraseInDescription":{"score":9,"maxScore":9,"error":0},"keyphraseLength":{"score":9,"maxScore":9,"error":0,"length":3},"keyphraseInIntroduction":{"score":9,"maxScore":9,"error":0},"keyphraseInImageAlt":{"score":3,"maxScore":9,"error":1},"keywordDensity":{"score":0,"type":"low","maxScore":9,"error":1}}},{"keyphrase":"Asturias","score":87,"analysis":{"keyphraseInDescription":{"score":9,"maxScore":9,"error":0},"keyphraseLength":{"score":9,"maxScore":9,"error":0,"length":1},"keyphraseInIntroduction":{"score":9,"maxScore":9,"error":0},"keyphraseInImageAlt":{"score":3,"maxScore":9,"error":1},"keywordDensity":{"type":"best","score":9,"maxScore":9,"error":0}}}]},"primary_term":null,"canonical_url":null,"og_title":null,"og_description":null,"og_object_type":"default","og_image_type":"default","og_image_url":null,"og_image_width":null,"og_image_height":null,"og_image_custom_url":null,"og_image_custom_fields":null,"og_video":"","og_custom_url":null,"og_article_section":null,"og_article_tags":[],"twitter_use_og":false,"twitter_card":"default","twitter_image_type":"default","twitter_image_url":null,"twitter_image_custom_url":null,"twitter_image_custom_fields":null,"twitter_title":null,"twitter_description":null,"schema":{"blockGraphs":[],"customGraphs":[],"default":{"data":{"Article":[],"Course":[],"Dataset":[],"FAQPage":[],"Movie":[],"Person":[],"Product":[],"ProductReview":[],"Car":[],"Recipe":[],"Service":[],"SoftwareApplication":[],"WebPage":[]},"graphName":"BlogPosting","isEnabled":true},"graphs":[]},"schema_type":"default","schema_type_options":null,"pillar_content":false,"robots_default":true,"robots_noindex":false,"robots_noarchive":false,"robots_nosnippet":false,"robots_nofollow":false,"robots_noimageindex":false,"robots_noodp":false,"robots_notranslate":false,"robots_max_snippet":"-1","robots_max_videopreview":"-1","robots_max_imagepreview":"large","priority":null,"frequency":"default","local_seo":null,"seo_analyzer_scan_date":"2025-10-05 22:41:48","breadcrumb_settings":null,"limit_modified_date":false,"open_ai":"{\"title\":{\"suggestions\":[],\"usage\":0},\"description\":{\"suggestions\":[],\"usage\":0}}","ai":null,"created":"2023-11-30 03:38:11","updated":"2025-10-09 04:42:32"},"aioseo_breadcrumb":"<div class=\"aioseo-breadcrumbs\"><span class=\"aioseo-breadcrumb\">\n\t<a href=\"https:\/\/www.eldigitaldeasturias.com\/noticias\" title=\"Home\">Home<\/a>\n<\/span><span class=\"aioseo-breadcrumb-separator\">\u2013<\/span><span class=\"aioseo-breadcrumb\">\n\t<a href=\"https:\/\/www.eldigitaldeasturias.com\/noticias\/category\/actualidad-asturias\/\" title=\"Actualidad Asturias\">Actualidad Asturias<\/a>\n<\/span><span class=\"aioseo-breadcrumb-separator\">\u2013<\/span><span class=\"aioseo-breadcrumb\">\n\t<a href=\"https:\/\/www.eldigitaldeasturias.com\/noticias\/barbon-exultante-con-la-puesta-marcha-de-la-variante-de-pajares\/\" title=\"Barb\u00f3n exultante con la puesta marcha de la Variante de Pajares\">Barb\u00f3n exultante con la puesta marcha de la Variante de Pajares<\/a>\n<\/span><\/div>","aioseo_breadcrumb_json":[{"label":"Home","link":"https:\/\/www.eldigitaldeasturias.com\/noticias"},{"label":"Actualidad Asturias","link":"https:\/\/www.eldigitaldeasturias.com\/noticias\/category\/actualidad-asturias\/"},{"label":"Barb\u00f3n exultante con la puesta marcha de la Variante de Pajares","link":"https:\/\/www.eldigitaldeasturias.com\/noticias\/barbon-exultante-con-la-puesta-marcha-de-la-variante-de-pajares\/"}],"_links":{"self":[{"href":"https:\/\/www.eldigitaldeasturias.com\/noticias\/wp-json\/wp\/v2\/posts\/1127309","targetHints":{"allow":["GET"]}}],"collection":[{"href":"https:\/\/www.eldigitaldeasturias.com\/noticias\/wp-json\/wp\/v2\/posts"}],"about":[{"href":"https:\/\/www.eldigitaldeasturias.com\/noticias\/wp-json\/wp\/v2\/types\/post"}],"author":[{"embeddable":true,"href":"https:\/\/www.eldigitaldeasturias.com\/noticias\/wp-json\/wp\/v2\/users\/1"}],"replies":[{"embeddable":true,"href":"https:\/\/www.eldigitaldeasturias.com\/noticias\/wp-json\/wp\/v2\/comments?post=1127309"}],"version-history":[{"count":0,"href":"https:\/\/www.eldigitaldeasturias.com\/noticias\/wp-json\/wp\/v2\/posts\/1127309\/revisions"}],"wp:featuredmedia":[{"embeddable":true,"href":"https:\/\/www.eldigitaldeasturias.com\/noticias\/wp-json\/wp\/v2\/media\/1127310"}],"wp:attachment":[{"href":"https:\/\/www.eldigitaldeasturias.com\/noticias\/wp-json\/wp\/v2\/media?parent=1127309"}],"wp:term":[{"taxonomy":"category","embeddable":true,"href":"https:\/\/www.eldigitaldeasturias.com\/noticias\/wp-json\/wp\/v2\/categories?post=1127309"},{"taxonomy":"post_tag","embeddable":true,"href":"https:\/\/www.eldigitaldeasturias.com\/noticias\/wp-json\/wp\/v2\/tags?post=1127309"}],"curies":[{"name":"wp","href":"https:\/\/api.w.org\/{rel}","templated":true}]}}