{"id":1127306,"date":"2023-11-30T04:34:41","date_gmt":"2023-11-30T03:34:41","guid":{"rendered":"https:\/\/www.eldigitaldeasturias.com\/noticias\/?p=1127306"},"modified":"2023-11-30T04:34:41","modified_gmt":"2023-11-30T03:34:41","slug":"una-mujer-herida-en-un-accidente-en-cuatrocaminos","status":"publish","type":"post","link":"https:\/\/www.eldigitaldeasturias.com\/noticias\/una-mujer-herida-en-un-accidente-en-cuatrocaminos\/","title":{"rendered":"Una mujer herida en un accidente en Cuatrocaminos"},"content":{"rendered":"<p>Una mujer ha resultado <a href=\"https:\/\/www.eldigitaldeasturias.com\/noticias\/category\/sucesos\/\"><span style=\"color: #ff6600;\"><strong>herida en Asturias<\/strong><\/span><\/a> tras sufrir una salida de la v\u00eda con su veh\u00edculo en la AS-256, a la altura del punto kilom\u00e9trico 34, en Cuatrocaminos en Villaviciosa.<\/p>\n<figure id=\"attachment_1127307\" aria-describedby=\"caption-attachment-1127307\" style=\"width: 650px\" class=\"wp-caption aligncenter\"><img loading=\"lazy\" decoding=\"async\" class=\"wp-image-1127307 size-large\" src=\"https:\/\/www.eldigitaldeasturias.com\/noticias\/wp-content\/uploads\/2023\/11\/accidente-en-Cuatrocaminos-650x363.jpg\" alt=\"accidente en Cuatrocaminos\" width=\"650\" height=\"363\" srcset=\"https:\/\/www.eldigitaldeasturias.com\/noticias\/wp-content\/uploads\/2023\/11\/accidente-en-Cuatrocaminos-650x363.jpg 650w, https:\/\/www.eldigitaldeasturias.com\/noticias\/wp-content\/uploads\/2023\/11\/accidente-en-Cuatrocaminos-360x201.jpg 360w, https:\/\/www.eldigitaldeasturias.com\/noticias\/wp-content\/uploads\/2023\/11\/accidente-en-Cuatrocaminos-480x268.jpg 480w, https:\/\/www.eldigitaldeasturias.com\/noticias\/wp-content\/uploads\/2023\/11\/accidente-en-Cuatrocaminos-768x429.jpg 768w, https:\/\/www.eldigitaldeasturias.com\/noticias\/wp-content\/uploads\/2023\/11\/accidente-en-Cuatrocaminos-150x84.jpg 150w, https:\/\/www.eldigitaldeasturias.com\/noticias\/wp-content\/uploads\/2023\/11\/accidente-en-Cuatrocaminos-450x251.jpg 450w, https:\/\/www.eldigitaldeasturias.com\/noticias\/wp-content\/uploads\/2023\/11\/accidente-en-Cuatrocaminos.jpg 1088w\" sizes=\"auto, (max-width: 650px) 100vw, 650px\" \/><figcaption id=\"caption-attachment-1127307\" class=\"wp-caption-text\">FOTO CEDIDA POR BOMBEROS DEL SEPA.<\/figcaption><\/figure>\n<p>Seg\u00fan los datos facilitados por el Servicio de Atenci\u00f3n M\u00e9dica Urgente (SAMU) la afectada ha sido evacuada al Hospital de Cabue\u00f1es.<strong> A expensas de m\u00e1s pruebas y hasta nueva valoraci\u00f3n m\u00e9dica su pron\u00f3stico es reservado.<\/strong><\/p>\n<p>El Centro de Coordinaci\u00f3n de Emergencias recibi\u00f3 el aviso a las 13:17 horas. En el aviso se indic\u00f3 que un coche se hab\u00eda salido de la v\u00eda y hab\u00eda una persona dentro del turismo. De inmediato se moviliz\u00f3 a cinco efectivos de Bomberos del Servicio de Emergencias del Principado de Asturias (SEPA), con base en el parque maliayo, que se trasladaron con el furg\u00f3n multisocorro y el veh\u00edculo primera salida. Hasta el lugar tambi\u00e9n acudi\u00f3 el Jefe de Bomberos del SEPA de la Zona Oriental.<\/p>\n<p>Una vez en la zona, los efectivos de bomberos abrieron hueco para que la conductora del coche pudiera ser atendida por los servicios sanitarios que se encontraban en el lugar. A continuaci\u00f3n, retiraron los asientos del turismo y, con el collar\u00edn y la tabla de rescate, la extrajeron del interior del autom\u00f3vil por la parte trasera del mismo.<\/p>\n<p>La sala del 112 del SEPA inform\u00f3 del suceso a la Guardia Civil y al SAMU, que activ\u00f3 la UVI M\u00f3vil de Gij\u00f3n y la ambulancia de soporte vital b\u00e1sico y al m\u00e9dico de Villaviciosa.<\/p>\n","protected":false},"excerpt":{"rendered":"<p>Una mujer ha resultado herida en Asturias tras sufrir una salida de la v\u00eda con su veh\u00edculo en la AS-256, a la altura del punto kilom\u00e9trico 34, en Cuatrocaminos en Villaviciosa. Seg\u00fan los datos facilitados por el Servicio de Atenci\u00f3n M\u00e9dica Urgente (SAMU) la afectada ha sido evacuada al Hospital de Cabue\u00f1es. A expensas de [&hellip;]<\/p>\n","protected":false},"author":1,"featured_media":1127307,"comment_status":"closed","ping_status":"closed","sticky":false,"template":"","format":"standard","meta":{"footnotes":""},"categories":[5],"tags":[],"class_list":["post-1127306","post","type-post","status-publish","format-standard","has-post-thumbnail","hentry","category-sucesos"],"aioseo_notices":[],"aioseo_head":"\n\t\t<!-- All in One SEO Pro 4.9.6.2 - aioseo.com -->\n\t<meta name=\"description\" content=\"Una mujer ha resultado herida en Asturias tras sufrir una salida de la v\u00eda con su veh\u00edculo en la AS-256, a la altura del punto kilom\u00e9trico 34, en Cuatrocaminos\" \/>\n\t<meta name=\"robots\" content=\"max-image-preview:large\" \/>\n\t<meta name=\"author\" content=\"El Digital de Asturias\"\/>\n\t<meta name=\"google-site-verification\" content=\"UA-38556648-1\" \/>\n\t<meta name=\"msvalidate.01\" content=\"7dfe9f3f1b24437ab69f4f2559babe99\" \/>\n\t<meta name=\"keywords\" content=\"sucesos\" \/>\n\t<link rel=\"canonical\" href=\"https:\/\/www.eldigitaldeasturias.com\/noticias\/una-mujer-herida-en-un-accidente-en-cuatrocaminos\/\" \/>\n\t<meta name=\"generator\" content=\"All in One SEO Pro (AIOSEO) 4.9.6.2\" \/>\n\t\t<meta property=\"og:locale\" content=\"es_ES\" \/>\n\t\t<meta property=\"og:site_name\" content=\"El Digital de Asturias\" \/>\n\t\t<meta property=\"og:type\" content=\"article\" \/>\n\t\t<meta property=\"og:title\" content=\"Una mujer herida en un accidente en Cuatrocaminos - El Digital de Asturias\" \/>\n\t\t<meta property=\"og:description\" content=\"Una mujer ha resultado herida en Asturias tras sufrir una salida de la v\u00eda con su veh\u00edculo en la AS-256, a la altura del punto kilom\u00e9trico 34, en Cuatrocaminos\" \/>\n\t\t<meta property=\"og:url\" content=\"https:\/\/www.eldigitaldeasturias.com\/noticias\/una-mujer-herida-en-un-accidente-en-cuatrocaminos\/\" \/>\n\t\t<meta property=\"og:image\" content=\"https:\/\/www.eldigitaldeasturias.com\/noticias\/wp-content\/uploads\/2023\/11\/accidente-en-Cuatrocaminos.jpg\" \/>\n\t\t<meta property=\"og:image:secure_url\" content=\"https:\/\/www.eldigitaldeasturias.com\/noticias\/wp-content\/uploads\/2023\/11\/accidente-en-Cuatrocaminos.jpg\" \/>\n\t\t<meta property=\"og:image:width\" content=\"1088\" \/>\n\t\t<meta property=\"og:image:height\" content=\"608\" \/>\n\t\t<meta property=\"article:tag\" content=\"sucesos\" \/>\n\t\t<meta property=\"article:published_time\" content=\"2023-11-30T03:34:41+00:00\" \/>\n\t\t<meta property=\"article:modified_time\" content=\"2023-11-30T03:34:41+00:00\" \/>\n\t\t<meta property=\"article:publisher\" content=\"https:\/\/facebook.com\/eldigitaldeasturias\" \/>\n\t\t<meta name=\"twitter:card\" content=\"summary_large_image\" \/>\n\t\t<meta name=\"twitter:title\" content=\"Una mujer herida en un accidente en Cuatrocaminos - El Digital de Asturias\" \/>\n\t\t<meta name=\"twitter:description\" content=\"Una mujer ha resultado herida en Asturias tras sufrir una salida de la v\u00eda con su veh\u00edculo en la AS-256, a la altura del punto kilom\u00e9trico 34, en Cuatrocaminos\" \/>\n\t\t<meta name=\"twitter:image\" content=\"https:\/\/www.eldigitaldeasturias.com\/noticias\/wp-content\/uploads\/2023\/11\/accidente-en-Cuatrocaminos.jpg\" \/>\n\t\t<meta name=\"twitter:label1\" content=\"Escrito por\" \/>\n\t\t<meta name=\"twitter:data1\" content=\"El Digital de Asturias\" \/>\n\t\t<meta name=\"twitter:label2\" content=\"Tiempo de lectura estimado\" \/>\n\t\t<meta name=\"twitter:data2\" content=\"1 minuto\" \/>\n\t\t<script type=\"application\/ld+json\" class=\"aioseo-schema\">\n\t\t\t{\"@context\":\"https:\\\/\\\/schema.org\",\"@graph\":[{\"@type\":\"BlogPosting\",\"@id\":\"https:\\\/\\\/www.eldigitaldeasturias.com\\\/noticias\\\/una-mujer-herida-en-un-accidente-en-cuatrocaminos\\\/#blogposting\",\"name\":\"Una mujer herida en un accidente en Cuatrocaminos - El Digital de Asturias\",\"headline\":\"Una mujer herida en un accidente en Cuatrocaminos\",\"author\":{\"@id\":\"https:\\\/\\\/www.eldigitaldeasturias.com\\\/noticias\\\/author\\\/admin\\\/#author\"},\"publisher\":{\"@id\":\"https:\\\/\\\/www.eldigitaldeasturias.com\\\/noticias\\\/#organization\"},\"image\":{\"@type\":\"ImageObject\",\"url\":\"https:\\\/\\\/www.eldigitaldeasturias.com\\\/noticias\\\/wp-content\\\/uploads\\\/2023\\\/11\\\/accidente-en-Cuatrocaminos.jpg\",\"width\":1088,\"height\":608,\"caption\":\"FOTO CEDIDA POR BOMBEROS DEL SEPA.\"},\"datePublished\":\"2023-11-30T04:34:41+01:00\",\"dateModified\":\"2023-11-30T04:34:41+01:00\",\"inLanguage\":\"es-ES\",\"mainEntityOfPage\":{\"@id\":\"https:\\\/\\\/www.eldigitaldeasturias.com\\\/noticias\\\/una-mujer-herida-en-un-accidente-en-cuatrocaminos\\\/#webpage\"},\"isPartOf\":{\"@id\":\"https:\\\/\\\/www.eldigitaldeasturias.com\\\/noticias\\\/una-mujer-herida-en-un-accidente-en-cuatrocaminos\\\/#webpage\"},\"articleSection\":\"Sucesos\"},{\"@type\":\"BreadcrumbList\",\"@id\":\"https:\\\/\\\/www.eldigitaldeasturias.com\\\/noticias\\\/una-mujer-herida-en-un-accidente-en-cuatrocaminos\\\/#breadcrumblist\",\"itemListElement\":[{\"@type\":\"ListItem\",\"@id\":\"https:\\\/\\\/www.eldigitaldeasturias.com\\\/noticias#listItem\",\"position\":1,\"name\":\"Home\",\"item\":\"https:\\\/\\\/www.eldigitaldeasturias.com\\\/noticias\",\"nextItem\":{\"@type\":\"ListItem\",\"@id\":\"https:\\\/\\\/www.eldigitaldeasturias.com\\\/noticias\\\/category\\\/sucesos\\\/#listItem\",\"name\":\"Sucesos\"}},{\"@type\":\"ListItem\",\"@id\":\"https:\\\/\\\/www.eldigitaldeasturias.com\\\/noticias\\\/category\\\/sucesos\\\/#listItem\",\"position\":2,\"name\":\"Sucesos\",\"item\":\"https:\\\/\\\/www.eldigitaldeasturias.com\\\/noticias\\\/category\\\/sucesos\\\/\",\"nextItem\":{\"@type\":\"ListItem\",\"@id\":\"https:\\\/\\\/www.eldigitaldeasturias.com\\\/noticias\\\/una-mujer-herida-en-un-accidente-en-cuatrocaminos\\\/#listItem\",\"name\":\"Una mujer herida en un accidente en Cuatrocaminos\"},\"previousItem\":{\"@type\":\"ListItem\",\"@id\":\"https:\\\/\\\/www.eldigitaldeasturias.com\\\/noticias#listItem\",\"name\":\"Home\"}},{\"@type\":\"ListItem\",\"@id\":\"https:\\\/\\\/www.eldigitaldeasturias.com\\\/noticias\\\/una-mujer-herida-en-un-accidente-en-cuatrocaminos\\\/#listItem\",\"position\":3,\"name\":\"Una mujer herida en un accidente en Cuatrocaminos\",\"previousItem\":{\"@type\":\"ListItem\",\"@id\":\"https:\\\/\\\/www.eldigitaldeasturias.com\\\/noticias\\\/category\\\/sucesos\\\/#listItem\",\"name\":\"Sucesos\"}}]},{\"@type\":\"Organization\",\"@id\":\"https:\\\/\\\/www.eldigitaldeasturias.com\\\/noticias\\\/#organization\",\"name\":\"El Digital de Asturias\",\"description\":\"Hemeroteca\",\"url\":\"https:\\\/\\\/www.eldigitaldeasturias.com\\\/noticias\\\/\",\"email\":\"info@eldigitaldeasturias.com\",\"telephone\":\"+34652131393\",\"logo\":{\"@type\":\"ImageObject\",\"url\":\"https:\\\/\\\/www.eldigitaldeasturias.com\\\/noticias\\\/wp-content\\\/uploads\\\/2020\\\/12\\\/EDA.jpg\",\"@id\":\"https:\\\/\\\/www.eldigitaldeasturias.com\\\/noticias\\\/una-mujer-herida-en-un-accidente-en-cuatrocaminos\\\/#organizationLogo\",\"width\":649,\"height\":297},\"image\":{\"@id\":\"https:\\\/\\\/www.eldigitaldeasturias.com\\\/noticias\\\/una-mujer-herida-en-un-accidente-en-cuatrocaminos\\\/#organizationLogo\"},\"sameAs\":[\"https:\\\/\\\/facebook.com\\\/eldigitaldeasturias\",\"https:\\\/\\\/www.youtube.com\\\/channel\\\/UCZP-2wLEB9Rv6erhFmqVnvg\"],\"address\":{\"@id\":\"https:\\\/\\\/www.eldigitaldeasturias.com\\\/noticias\\\/#postaladdress\",\"@type\":\"PostalAddress\",\"streetAddress\":\"san antonio 4,\",\"postalCode\":\"33430\",\"addressLocality\":\"Cand\\u00e1s\",\"addressRegion\":\"Asturias\",\"addressCountry\":\"ES\"}},{\"@type\":\"Person\",\"@id\":\"https:\\\/\\\/www.eldigitaldeasturias.com\\\/noticias\\\/author\\\/admin\\\/#author\",\"url\":\"https:\\\/\\\/www.eldigitaldeasturias.com\\\/noticias\\\/author\\\/admin\\\/\",\"name\":\"El Digital de Asturias\",\"image\":{\"@type\":\"ImageObject\",\"@id\":\"https:\\\/\\\/www.eldigitaldeasturias.com\\\/noticias\\\/una-mujer-herida-en-un-accidente-en-cuatrocaminos\\\/#authorImage\",\"url\":\"https:\\\/\\\/www.eldigitaldeasturias.com\\\/noticias\\\/wp-content\\\/litespeed\\\/avatar\\\/18677e78aa0546b92d9dbf31ec7d7668.jpg?ver=1777290358\",\"width\":96,\"height\":96,\"caption\":\"El Digital de Asturias\"}},{\"@type\":\"WebPage\",\"@id\":\"https:\\\/\\\/www.eldigitaldeasturias.com\\\/noticias\\\/una-mujer-herida-en-un-accidente-en-cuatrocaminos\\\/#webpage\",\"url\":\"https:\\\/\\\/www.eldigitaldeasturias.com\\\/noticias\\\/una-mujer-herida-en-un-accidente-en-cuatrocaminos\\\/\",\"name\":\"Una mujer herida en un accidente en Cuatrocaminos - El Digital de Asturias\",\"description\":\"Una mujer ha resultado herida en Asturias tras sufrir una salida de la v\\u00eda con su veh\\u00edculo en la AS-256, a la altura del punto kilom\\u00e9trico 34, en Cuatrocaminos\",\"inLanguage\":\"es-ES\",\"isPartOf\":{\"@id\":\"https:\\\/\\\/www.eldigitaldeasturias.com\\\/noticias\\\/#website\"},\"breadcrumb\":{\"@id\":\"https:\\\/\\\/www.eldigitaldeasturias.com\\\/noticias\\\/una-mujer-herida-en-un-accidente-en-cuatrocaminos\\\/#breadcrumblist\"},\"author\":{\"@id\":\"https:\\\/\\\/www.eldigitaldeasturias.com\\\/noticias\\\/author\\\/admin\\\/#author\"},\"creator\":{\"@id\":\"https:\\\/\\\/www.eldigitaldeasturias.com\\\/noticias\\\/author\\\/admin\\\/#author\"},\"image\":{\"@type\":\"ImageObject\",\"url\":\"https:\\\/\\\/www.eldigitaldeasturias.com\\\/noticias\\\/wp-content\\\/uploads\\\/2023\\\/11\\\/accidente-en-Cuatrocaminos.jpg\",\"@id\":\"https:\\\/\\\/www.eldigitaldeasturias.com\\\/noticias\\\/una-mujer-herida-en-un-accidente-en-cuatrocaminos\\\/#mainImage\",\"width\":1088,\"height\":608,\"caption\":\"FOTO CEDIDA POR BOMBEROS DEL SEPA.\"},\"primaryImageOfPage\":{\"@id\":\"https:\\\/\\\/www.eldigitaldeasturias.com\\\/noticias\\\/una-mujer-herida-en-un-accidente-en-cuatrocaminos\\\/#mainImage\"},\"datePublished\":\"2023-11-30T04:34:41+01:00\",\"dateModified\":\"2023-11-30T04:34:41+01:00\"},{\"@type\":\"WebSite\",\"@id\":\"https:\\\/\\\/www.eldigitaldeasturias.com\\\/noticias\\\/#website\",\"url\":\"https:\\\/\\\/www.eldigitaldeasturias.com\\\/noticias\\\/\",\"name\":\"El Digital de Asturias - Diario de actualidad y noticias\",\"alternateName\":\"El Digital de Asturias - Diario de actualidad y noticias\",\"description\":\"Hemeroteca\",\"inLanguage\":\"es-ES\",\"publisher\":{\"@id\":\"https:\\\/\\\/www.eldigitaldeasturias.com\\\/noticias\\\/#organization\"}}]}\n\t\t<\/script>\n\t\t<!-- All in One SEO Pro -->\r\n\t\t<title>Una mujer herida en un accidente en Cuatrocaminos - El Digital de Asturias<\/title>\n\n","aioseo_head_json":{"title":"Una mujer herida en un accidente en Cuatrocaminos - El Digital de Asturias","description":"Una mujer ha resultado herida en Asturias tras sufrir una salida de la v\u00eda con su veh\u00edculo en la AS-256, a la altura del punto kilom\u00e9trico 34, en Cuatrocaminos","canonical_url":"https:\/\/www.eldigitaldeasturias.com\/noticias\/una-mujer-herida-en-un-accidente-en-cuatrocaminos\/","robots":"max-image-preview:large","keywords":"sucesos","webmasterTools":{"google-site-verification":"UA-38556648-1","msvalidate.01":"7dfe9f3f1b24437ab69f4f2559babe99","miscellaneous":""},"schema":{"@context":"https:\/\/schema.org","@graph":[{"@type":"BlogPosting","@id":"https:\/\/www.eldigitaldeasturias.com\/noticias\/una-mujer-herida-en-un-accidente-en-cuatrocaminos\/#blogposting","name":"Una mujer herida en un accidente en Cuatrocaminos - El Digital de Asturias","headline":"Una mujer herida en un accidente en Cuatrocaminos","author":{"@id":"https:\/\/www.eldigitaldeasturias.com\/noticias\/author\/admin\/#author"},"publisher":{"@id":"https:\/\/www.eldigitaldeasturias.com\/noticias\/#organization"},"image":{"@type":"ImageObject","url":"https:\/\/www.eldigitaldeasturias.com\/noticias\/wp-content\/uploads\/2023\/11\/accidente-en-Cuatrocaminos.jpg","width":1088,"height":608,"caption":"FOTO CEDIDA POR BOMBEROS DEL SEPA."},"datePublished":"2023-11-30T04:34:41+01:00","dateModified":"2023-11-30T04:34:41+01:00","inLanguage":"es-ES","mainEntityOfPage":{"@id":"https:\/\/www.eldigitaldeasturias.com\/noticias\/una-mujer-herida-en-un-accidente-en-cuatrocaminos\/#webpage"},"isPartOf":{"@id":"https:\/\/www.eldigitaldeasturias.com\/noticias\/una-mujer-herida-en-un-accidente-en-cuatrocaminos\/#webpage"},"articleSection":"Sucesos"},{"@type":"BreadcrumbList","@id":"https:\/\/www.eldigitaldeasturias.com\/noticias\/una-mujer-herida-en-un-accidente-en-cuatrocaminos\/#breadcrumblist","itemListElement":[{"@type":"ListItem","@id":"https:\/\/www.eldigitaldeasturias.com\/noticias#listItem","position":1,"name":"Home","item":"https:\/\/www.eldigitaldeasturias.com\/noticias","nextItem":{"@type":"ListItem","@id":"https:\/\/www.eldigitaldeasturias.com\/noticias\/category\/sucesos\/#listItem","name":"Sucesos"}},{"@type":"ListItem","@id":"https:\/\/www.eldigitaldeasturias.com\/noticias\/category\/sucesos\/#listItem","position":2,"name":"Sucesos","item":"https:\/\/www.eldigitaldeasturias.com\/noticias\/category\/sucesos\/","nextItem":{"@type":"ListItem","@id":"https:\/\/www.eldigitaldeasturias.com\/noticias\/una-mujer-herida-en-un-accidente-en-cuatrocaminos\/#listItem","name":"Una mujer herida en un accidente en Cuatrocaminos"},"previousItem":{"@type":"ListItem","@id":"https:\/\/www.eldigitaldeasturias.com\/noticias#listItem","name":"Home"}},{"@type":"ListItem","@id":"https:\/\/www.eldigitaldeasturias.com\/noticias\/una-mujer-herida-en-un-accidente-en-cuatrocaminos\/#listItem","position":3,"name":"Una mujer herida en un accidente en Cuatrocaminos","previousItem":{"@type":"ListItem","@id":"https:\/\/www.eldigitaldeasturias.com\/noticias\/category\/sucesos\/#listItem","name":"Sucesos"}}]},{"@type":"Organization","@id":"https:\/\/www.eldigitaldeasturias.com\/noticias\/#organization","name":"El Digital de Asturias","description":"Hemeroteca","url":"https:\/\/www.eldigitaldeasturias.com\/noticias\/","email":"info@eldigitaldeasturias.com","telephone":"+34652131393","logo":{"@type":"ImageObject","url":"https:\/\/www.eldigitaldeasturias.com\/noticias\/wp-content\/uploads\/2020\/12\/EDA.jpg","@id":"https:\/\/www.eldigitaldeasturias.com\/noticias\/una-mujer-herida-en-un-accidente-en-cuatrocaminos\/#organizationLogo","width":649,"height":297},"image":{"@id":"https:\/\/www.eldigitaldeasturias.com\/noticias\/una-mujer-herida-en-un-accidente-en-cuatrocaminos\/#organizationLogo"},"sameAs":["https:\/\/facebook.com\/eldigitaldeasturias","https:\/\/www.youtube.com\/channel\/UCZP-2wLEB9Rv6erhFmqVnvg"],"address":{"@id":"https:\/\/www.eldigitaldeasturias.com\/noticias\/#postaladdress","@type":"PostalAddress","streetAddress":"san antonio 4,","postalCode":"33430","addressLocality":"Cand\u00e1s","addressRegion":"Asturias","addressCountry":"ES"}},{"@type":"Person","@id":"https:\/\/www.eldigitaldeasturias.com\/noticias\/author\/admin\/#author","url":"https:\/\/www.eldigitaldeasturias.com\/noticias\/author\/admin\/","name":"El Digital de Asturias","image":{"@type":"ImageObject","@id":"https:\/\/www.eldigitaldeasturias.com\/noticias\/una-mujer-herida-en-un-accidente-en-cuatrocaminos\/#authorImage","url":"https:\/\/www.eldigitaldeasturias.com\/noticias\/wp-content\/litespeed\/avatar\/18677e78aa0546b92d9dbf31ec7d7668.jpg?ver=1777290358","width":96,"height":96,"caption":"El Digital de Asturias"}},{"@type":"WebPage","@id":"https:\/\/www.eldigitaldeasturias.com\/noticias\/una-mujer-herida-en-un-accidente-en-cuatrocaminos\/#webpage","url":"https:\/\/www.eldigitaldeasturias.com\/noticias\/una-mujer-herida-en-un-accidente-en-cuatrocaminos\/","name":"Una mujer herida en un accidente en Cuatrocaminos - El Digital de Asturias","description":"Una mujer ha resultado herida en Asturias tras sufrir una salida de la v\u00eda con su veh\u00edculo en la AS-256, a la altura del punto kilom\u00e9trico 34, en Cuatrocaminos","inLanguage":"es-ES","isPartOf":{"@id":"https:\/\/www.eldigitaldeasturias.com\/noticias\/#website"},"breadcrumb":{"@id":"https:\/\/www.eldigitaldeasturias.com\/noticias\/una-mujer-herida-en-un-accidente-en-cuatrocaminos\/#breadcrumblist"},"author":{"@id":"https:\/\/www.eldigitaldeasturias.com\/noticias\/author\/admin\/#author"},"creator":{"@id":"https:\/\/www.eldigitaldeasturias.com\/noticias\/author\/admin\/#author"},"image":{"@type":"ImageObject","url":"https:\/\/www.eldigitaldeasturias.com\/noticias\/wp-content\/uploads\/2023\/11\/accidente-en-Cuatrocaminos.jpg","@id":"https:\/\/www.eldigitaldeasturias.com\/noticias\/una-mujer-herida-en-un-accidente-en-cuatrocaminos\/#mainImage","width":1088,"height":608,"caption":"FOTO CEDIDA POR BOMBEROS DEL SEPA."},"primaryImageOfPage":{"@id":"https:\/\/www.eldigitaldeasturias.com\/noticias\/una-mujer-herida-en-un-accidente-en-cuatrocaminos\/#mainImage"},"datePublished":"2023-11-30T04:34:41+01:00","dateModified":"2023-11-30T04:34:41+01:00"},{"@type":"WebSite","@id":"https:\/\/www.eldigitaldeasturias.com\/noticias\/#website","url":"https:\/\/www.eldigitaldeasturias.com\/noticias\/","name":"El Digital de Asturias - Diario de actualidad y noticias","alternateName":"El Digital de Asturias - Diario de actualidad y noticias","description":"Hemeroteca","inLanguage":"es-ES","publisher":{"@id":"https:\/\/www.eldigitaldeasturias.com\/noticias\/#organization"}}]},"og:locale":"es_ES","og:site_name":"El Digital de Asturias","og:type":"article","og:title":"Una mujer herida en un accidente en Cuatrocaminos - El Digital de Asturias","og:description":"Una mujer ha resultado herida en Asturias tras sufrir una salida de la v\u00eda con su veh\u00edculo en la AS-256, a la altura del punto kilom\u00e9trico 34, en Cuatrocaminos","og:url":"https:\/\/www.eldigitaldeasturias.com\/noticias\/una-mujer-herida-en-un-accidente-en-cuatrocaminos\/","og:image":"https:\/\/www.eldigitaldeasturias.com\/noticias\/wp-content\/uploads\/2023\/11\/accidente-en-Cuatrocaminos.jpg","og:image:secure_url":"https:\/\/www.eldigitaldeasturias.com\/noticias\/wp-content\/uploads\/2023\/11\/accidente-en-Cuatrocaminos.jpg","og:image:width":1088,"og:image:height":608,"article:tag":["sucesos"],"article:published_time":"2023-11-30T03:34:41+00:00","article:modified_time":"2023-11-30T03:34:41+00:00","article:publisher":"https:\/\/facebook.com\/eldigitaldeasturias","twitter:card":"summary_large_image","twitter:title":"Una mujer herida en un accidente en Cuatrocaminos - El Digital de Asturias","twitter:description":"Una mujer ha resultado herida en Asturias tras sufrir una salida de la v\u00eda con su veh\u00edculo en la AS-256, a la altura del punto kilom\u00e9trico 34, en Cuatrocaminos","twitter:image":"https:\/\/www.eldigitaldeasturias.com\/noticias\/wp-content\/uploads\/2023\/11\/accidente-en-Cuatrocaminos.jpg","twitter:label1":"Escrito por","twitter:data1":"El Digital de Asturias","twitter:label2":"Tiempo de lectura estimado","twitter:data2":"1 minuto"},"aioseo_meta_data":{"post_id":"1127306","title":null,"description":"Una mujer ha resultado herida en Asturias tras sufrir una salida de la v\u00eda con su veh\u00edculo en la AS-256, a la altura del punto kilom\u00e9trico 34, en Cuatrocaminos","keywords":[],"keyphrases":{"focus":{"keyphrase":"Cuatrocaminos","score":78,"analysis":{"keyphraseInTitle":{"score":9,"maxScore":9,"error":0},"keyphraseInDescription":{"score":9,"maxScore":9,"error":0},"keyphraseLength":{"score":9,"maxScore":9,"error":0,"length":1},"keyphraseInURL":{"score":1,"maxScore":5,"error":1},"keyphraseInIntroduction":{"score":9,"maxScore":9,"error":0},"keyphraseInSubHeadings":[],"keyphraseInImageAlt":{"score":9,"maxScore":9,"error":0},"keywordDensity":{"score":0,"type":"low","maxScore":9,"error":1}}},"additional":[{"keyphrase":"Cuatrocaminos","score":80,"analysis":{"keyphraseInDescription":{"score":9,"maxScore":9,"error":0},"keyphraseLength":{"score":9,"maxScore":9,"error":0,"length":1},"keyphraseInIntroduction":{"score":9,"maxScore":9,"error":0},"keyphraseInImageAlt":{"score":9,"maxScore":9,"error":0},"keywordDensity":{"score":0,"type":"low","maxScore":9,"error":1}}},{"keyphrase":"Asturias","score":87,"analysis":{"keyphraseInDescription":{"score":9,"maxScore":9,"error":0},"keyphraseLength":{"score":9,"maxScore":9,"error":0,"length":1},"keyphraseInIntroduction":{"score":9,"maxScore":9,"error":0},"keyphraseInImageAlt":{"score":3,"maxScore":9,"error":1},"keywordDensity":{"type":"best","score":9,"maxScore":9,"error":0}}},{"keyphrase":"mujer","score":67,"analysis":{"keyphraseInDescription":{"score":9,"maxScore":9,"error":0},"keyphraseLength":{"score":9,"maxScore":9,"error":0,"length":1},"keyphraseInIntroduction":{"score":9,"maxScore":9,"error":0},"keyphraseInImageAlt":{"score":3,"maxScore":9,"error":1},"keywordDensity":{"score":0,"type":"low","maxScore":9,"error":1}}}]},"primary_term":null,"canonical_url":null,"og_title":null,"og_description":null,"og_object_type":"default","og_image_type":"default","og_image_url":null,"og_image_width":null,"og_image_height":null,"og_image_custom_url":null,"og_image_custom_fields":null,"og_video":"","og_custom_url":null,"og_article_section":null,"og_article_tags":[],"twitter_use_og":false,"twitter_card":"default","twitter_image_type":"default","twitter_image_url":null,"twitter_image_custom_url":null,"twitter_image_custom_fields":null,"twitter_title":null,"twitter_description":null,"schema":{"blockGraphs":[],"customGraphs":[],"default":{"data":{"Article":[],"Course":[],"Dataset":[],"FAQPage":[],"Movie":[],"Person":[],"Product":[],"ProductReview":[],"Car":[],"Recipe":[],"Service":[],"SoftwareApplication":[],"WebPage":[]},"graphName":"BlogPosting","isEnabled":true},"graphs":[]},"schema_type":"default","schema_type_options":null,"pillar_content":false,"robots_default":true,"robots_noindex":false,"robots_noarchive":false,"robots_nosnippet":false,"robots_nofollow":false,"robots_noimageindex":false,"robots_noodp":false,"robots_notranslate":false,"robots_max_snippet":"-1","robots_max_videopreview":"-1","robots_max_imagepreview":"large","priority":null,"frequency":"default","local_seo":null,"seo_analyzer_scan_date":"2025-10-05 22:41:33","breadcrumb_settings":null,"limit_modified_date":false,"open_ai":"{\"title\":{\"suggestions\":[],\"usage\":0},\"description\":{\"suggestions\":[],\"usage\":0}}","ai":null,"created":"2023-11-30 03:27:53","updated":"2025-10-09 04:42:32"},"aioseo_breadcrumb":"<div class=\"aioseo-breadcrumbs\"><span class=\"aioseo-breadcrumb\">\n\t<a href=\"https:\/\/www.eldigitaldeasturias.com\/noticias\" title=\"Home\">Home<\/a>\n<\/span><span class=\"aioseo-breadcrumb-separator\">\u2013<\/span><span class=\"aioseo-breadcrumb\">\n\t<a href=\"https:\/\/www.eldigitaldeasturias.com\/noticias\/category\/sucesos\/\" title=\"Sucesos\">Sucesos<\/a>\n<\/span><span class=\"aioseo-breadcrumb-separator\">\u2013<\/span><span class=\"aioseo-breadcrumb\">\n\t<a href=\"https:\/\/www.eldigitaldeasturias.com\/noticias\/una-mujer-herida-en-un-accidente-en-cuatrocaminos\/\" title=\"Una mujer herida en un accidente en Cuatrocaminos\">Una mujer herida en un accidente en Cuatrocaminos<\/a>\n<\/span><\/div>","aioseo_breadcrumb_json":[{"label":"Home","link":"https:\/\/www.eldigitaldeasturias.com\/noticias"},{"label":"Sucesos","link":"https:\/\/www.eldigitaldeasturias.com\/noticias\/category\/sucesos\/"},{"label":"Una mujer herida en un accidente en Cuatrocaminos","link":"https:\/\/www.eldigitaldeasturias.com\/noticias\/una-mujer-herida-en-un-accidente-en-cuatrocaminos\/"}],"_links":{"self":[{"href":"https:\/\/www.eldigitaldeasturias.com\/noticias\/wp-json\/wp\/v2\/posts\/1127306","targetHints":{"allow":["GET"]}}],"collection":[{"href":"https:\/\/www.eldigitaldeasturias.com\/noticias\/wp-json\/wp\/v2\/posts"}],"about":[{"href":"https:\/\/www.eldigitaldeasturias.com\/noticias\/wp-json\/wp\/v2\/types\/post"}],"author":[{"embeddable":true,"href":"https:\/\/www.eldigitaldeasturias.com\/noticias\/wp-json\/wp\/v2\/users\/1"}],"replies":[{"embeddable":true,"href":"https:\/\/www.eldigitaldeasturias.com\/noticias\/wp-json\/wp\/v2\/comments?post=1127306"}],"version-history":[{"count":0,"href":"https:\/\/www.eldigitaldeasturias.com\/noticias\/wp-json\/wp\/v2\/posts\/1127306\/revisions"}],"wp:featuredmedia":[{"embeddable":true,"href":"https:\/\/www.eldigitaldeasturias.com\/noticias\/wp-json\/wp\/v2\/media\/1127307"}],"wp:attachment":[{"href":"https:\/\/www.eldigitaldeasturias.com\/noticias\/wp-json\/wp\/v2\/media?parent=1127306"}],"wp:term":[{"taxonomy":"category","embeddable":true,"href":"https:\/\/www.eldigitaldeasturias.com\/noticias\/wp-json\/wp\/v2\/categories?post=1127306"},{"taxonomy":"post_tag","embeddable":true,"href":"https:\/\/www.eldigitaldeasturias.com\/noticias\/wp-json\/wp\/v2\/tags?post=1127306"}],"curies":[{"name":"wp","href":"https:\/\/api.w.org\/{rel}","templated":true}]}}