{"id":1127238,"date":"2023-11-28T23:09:12","date_gmt":"2023-11-28T22:09:12","guid":{"rendered":"https:\/\/www.eldigitaldeasturias.com\/noticias\/?p=1127238"},"modified":"2023-11-28T23:09:12","modified_gmt":"2023-11-28T22:09:12","slug":"alemania-pide-avances-concretos-en-la-conferencia-del-clima-de-la-onu","status":"publish","type":"post","link":"https:\/\/www.eldigitaldeasturias.com\/noticias\/alemania-pide-avances-concretos-en-la-conferencia-del-clima-de-la-onu\/","title":{"rendered":"Alemania pide avances concretos en la conferencia del clima de la ONU"},"content":{"rendered":"<p>Berl\u00edn, 28 nov (dpa) &#8211; El Gobierno alem\u00e1n llam\u00f3 hoy a lograr avances concretos en la Conferencia de la ONU sobre el Cambio Clim\u00e1tico (COP28), que se celebrar\u00e1 a partir del jueves en Dubai.<\/p>\n<p><img loading=\"lazy\" decoding=\"async\" class=\"aligncenter wp-image-1127164 size-full\" src=\"https:\/\/www.eldigitaldeasturias.com\/noticias\/wp-content\/uploads\/2023\/11\/Alemania.jpg\" alt=\"Alemania\" width=\"640\" height=\"409\" srcset=\"https:\/\/www.eldigitaldeasturias.com\/noticias\/wp-content\/uploads\/2023\/11\/Alemania.jpg 640w, https:\/\/www.eldigitaldeasturias.com\/noticias\/wp-content\/uploads\/2023\/11\/Alemania-360x230.jpg 360w, https:\/\/www.eldigitaldeasturias.com\/noticias\/wp-content\/uploads\/2023\/11\/Alemania-469x300.jpg 469w, https:\/\/www.eldigitaldeasturias.com\/noticias\/wp-content\/uploads\/2023\/11\/Alemania-150x96.jpg 150w, https:\/\/www.eldigitaldeasturias.com\/noticias\/wp-content\/uploads\/2023\/11\/Alemania-450x288.jpg 450w\" sizes=\"auto, (max-width: 640px) 100vw, 640px\" \/><\/p>\n<p>Los avances tangibles en la lucha contra el calentamiento global son \u00abposibles y urgentemente necesarios\u00bb, dijo a dpa en Berl\u00edn Jennifer Morgan, comisionada de Protecci\u00f3n del Clima del Ministerio alem\u00e1n de Asuntos Exteriores. \u00abEstamos trabajando para ello con todas nuestras fuerzas\u00bb.<\/p>\n<p>Morgan afirm\u00f3 que para acelerar la transici\u00f3n energ\u00e9tica mundial es necesaria una \u00abtr\u00edada\u00bb: triplicar a nivel mundial las energ\u00edas renovables, duplicar la tasa de eficiencia energ\u00e9tica y eliminar progresivamente y de forma equitativa los combustibles f\u00f3siles, especialmente el carb\u00f3n.<\/p>\n<p>\u00abSin la eliminaci\u00f3n progresiva de los combustibles f\u00f3siles, no podremos reducir a la mitad las emisiones de gases de efecto invernadero para 2030 y mantener a nuestro alcance un mundo de 1,5 grados\u00bb, sostuvo Morgan, quien dirigi\u00f3 durante varios a\u00f1os la secci\u00f3n internacional de la organizaci\u00f3n ambientalista Greenpeace.<\/p>\n<p>El Ministerio alem\u00e1n de Relaciones Exteriores que encabeza la pol\u00edtica de Los Verdes Annalena Baerbock anunci\u00f3 en un comunicado que el Gobierno \u00abtrabajar\u00e1 con la Uni\u00f3n Europea para pedir la expansi\u00f3n de las energ\u00edas renovables\u00bb.<\/p>\n<p>Morgan afirm\u00f3 que todos los pa\u00edses est\u00e1n amenazados por la crisis clim\u00e1tica, y que existe la perspectiva de \u00abconsecuencias a\u00fan peores\u00bb si se supera el umbral de calentamiento de la atm\u00f3sfera de 1,5 grados cent\u00edgrados.<\/p>\n<p>La comunidad internacional decidi\u00f3 en la conferencia de Par\u00eds en 2015 limitar el calentamiento global a menos de dos grados con respecto a la \u00e9poca preindustrial, o incluso a 1,5 grados si es posible. Seg\u00fan el Programa de las Naciones Unidas para el Medio Ambiente (PNUMA), el planeta se dirige actualmente hacia un mundo casi tres grados m\u00e1s c\u00e1lido.<\/p>\n<p>Unos 70.000 participantes de 200 pa\u00edses son esperados en la conferencia clim\u00e1tica, que arranca este jueves.<\/p>\n","protected":false},"excerpt":{"rendered":"<p>Berl\u00edn, 28 nov (dpa) &#8211; El Gobierno alem\u00e1n llam\u00f3 hoy a lograr avances concretos en la Conferencia de la ONU sobre el Cambio Clim\u00e1tico (COP28), que se celebrar\u00e1 a partir del jueves en Dubai. Los avances tangibles en la lucha contra el calentamiento global son \u00abposibles y urgentemente necesarios\u00bb, dijo a dpa en Berl\u00edn Jennifer [&hellip;]<\/p>\n","protected":false},"author":1,"featured_media":1127164,"comment_status":"closed","ping_status":"closed","sticky":false,"template":"","format":"standard","meta":{"footnotes":""},"categories":[1],"tags":[],"class_list":["post-1127238","post","type-post","status-publish","format-standard","has-post-thumbnail","hentry","category-actualidad"],"aioseo_notices":[],"aioseo_head":"\n\t\t<!-- All in One SEO Pro 4.9.6.2 - aioseo.com -->\n\t<meta name=\"description\" content=\"Berl\u00edn, 28 nov (dpa) - El Gobierno alem\u00e1n llam\u00f3 hoy a lograr avances concretos en la Conferencia de la ONU sobre el Cambio Clim\u00e1tico (COP28), que se celebrar\u00e1\" \/>\n\t<meta name=\"robots\" content=\"max-image-preview:large\" \/>\n\t<meta name=\"author\" content=\"El Digital de Asturias\"\/>\n\t<meta name=\"google-site-verification\" content=\"UA-38556648-1\" \/>\n\t<meta name=\"msvalidate.01\" content=\"7dfe9f3f1b24437ab69f4f2559babe99\" \/>\n\t<meta name=\"keywords\" content=\"actualidad\" \/>\n\t<link rel=\"canonical\" href=\"https:\/\/www.eldigitaldeasturias.com\/noticias\/alemania-pide-avances-concretos-en-la-conferencia-del-clima-de-la-onu\/\" \/>\n\t<meta name=\"generator\" content=\"All in One SEO Pro (AIOSEO) 4.9.6.2\" \/>\n\t\t<meta property=\"og:locale\" content=\"es_ES\" \/>\n\t\t<meta property=\"og:site_name\" content=\"El Digital de Asturias\" \/>\n\t\t<meta property=\"og:type\" content=\"article\" \/>\n\t\t<meta property=\"og:title\" content=\"Alemania pide avances concretos en la conferencia del clima de la ONU - El Digital de Asturias\" \/>\n\t\t<meta property=\"og:description\" content=\"Berl\u00edn, 28 nov (dpa) - El Gobierno alem\u00e1n llam\u00f3 hoy a lograr avances concretos en la Conferencia de la ONU sobre el Cambio Clim\u00e1tico (COP28), que se celebrar\u00e1\" \/>\n\t\t<meta property=\"og:url\" content=\"https:\/\/www.eldigitaldeasturias.com\/noticias\/alemania-pide-avances-concretos-en-la-conferencia-del-clima-de-la-onu\/\" \/>\n\t\t<meta property=\"og:image\" content=\"https:\/\/www.eldigitaldeasturias.com\/noticias\/wp-content\/uploads\/2023\/11\/Alemania.jpg\" \/>\n\t\t<meta property=\"og:image:secure_url\" content=\"https:\/\/www.eldigitaldeasturias.com\/noticias\/wp-content\/uploads\/2023\/11\/Alemania.jpg\" \/>\n\t\t<meta property=\"og:image:width\" content=\"640\" \/>\n\t\t<meta property=\"og:image:height\" content=\"409\" \/>\n\t\t<meta property=\"article:tag\" content=\"actualidad\" \/>\n\t\t<meta property=\"article:published_time\" content=\"2023-11-28T22:09:12+00:00\" \/>\n\t\t<meta property=\"article:modified_time\" content=\"2023-11-28T22:09:12+00:00\" \/>\n\t\t<meta property=\"article:publisher\" content=\"https:\/\/facebook.com\/eldigitaldeasturias\" \/>\n\t\t<meta name=\"twitter:card\" content=\"summary_large_image\" \/>\n\t\t<meta name=\"twitter:title\" content=\"Alemania pide avances concretos en la conferencia del clima de la ONU - El Digital de Asturias\" \/>\n\t\t<meta name=\"twitter:description\" content=\"Berl\u00edn, 28 nov (dpa) - El Gobierno alem\u00e1n llam\u00f3 hoy a lograr avances concretos en la Conferencia de la ONU sobre el Cambio Clim\u00e1tico (COP28), que se celebrar\u00e1\" \/>\n\t\t<meta name=\"twitter:image\" content=\"https:\/\/www.eldigitaldeasturias.com\/noticias\/wp-content\/uploads\/2023\/11\/Alemania.jpg\" \/>\n\t\t<meta name=\"twitter:label1\" content=\"Escrito por\" \/>\n\t\t<meta name=\"twitter:data1\" content=\"El Digital de Asturias\" \/>\n\t\t<meta name=\"twitter:label2\" content=\"Tiempo de lectura estimado\" \/>\n\t\t<meta name=\"twitter:data2\" content=\"2 minutos\" \/>\n\t\t<script type=\"application\/ld+json\" class=\"aioseo-schema\">\n\t\t\t{\"@context\":\"https:\\\/\\\/schema.org\",\"@graph\":[{\"@type\":\"BlogPosting\",\"@id\":\"https:\\\/\\\/www.eldigitaldeasturias.com\\\/noticias\\\/alemania-pide-avances-concretos-en-la-conferencia-del-clima-de-la-onu\\\/#blogposting\",\"name\":\"Alemania pide avances concretos en la conferencia del clima de la ONU - El Digital de Asturias\",\"headline\":\"Alemania pide avances concretos en la conferencia del clima de la ONU\",\"author\":{\"@id\":\"https:\\\/\\\/www.eldigitaldeasturias.com\\\/noticias\\\/author\\\/admin\\\/#author\"},\"publisher\":{\"@id\":\"https:\\\/\\\/www.eldigitaldeasturias.com\\\/noticias\\\/#organization\"},\"image\":{\"@type\":\"ImageObject\",\"url\":\"https:\\\/\\\/www.eldigitaldeasturias.com\\\/noticias\\\/wp-content\\\/uploads\\\/2023\\\/11\\\/Alemania.jpg\",\"width\":640,\"height\":409,\"caption\":\"Alemania\"},\"datePublished\":\"2023-11-28T23:09:12+01:00\",\"dateModified\":\"2023-11-28T23:09:12+01:00\",\"inLanguage\":\"es-ES\",\"mainEntityOfPage\":{\"@id\":\"https:\\\/\\\/www.eldigitaldeasturias.com\\\/noticias\\\/alemania-pide-avances-concretos-en-la-conferencia-del-clima-de-la-onu\\\/#webpage\"},\"isPartOf\":{\"@id\":\"https:\\\/\\\/www.eldigitaldeasturias.com\\\/noticias\\\/alemania-pide-avances-concretos-en-la-conferencia-del-clima-de-la-onu\\\/#webpage\"},\"articleSection\":\"Actualidad\"},{\"@type\":\"BreadcrumbList\",\"@id\":\"https:\\\/\\\/www.eldigitaldeasturias.com\\\/noticias\\\/alemania-pide-avances-concretos-en-la-conferencia-del-clima-de-la-onu\\\/#breadcrumblist\",\"itemListElement\":[{\"@type\":\"ListItem\",\"@id\":\"https:\\\/\\\/www.eldigitaldeasturias.com\\\/noticias#listItem\",\"position\":1,\"name\":\"Home\",\"item\":\"https:\\\/\\\/www.eldigitaldeasturias.com\\\/noticias\",\"nextItem\":{\"@type\":\"ListItem\",\"@id\":\"https:\\\/\\\/www.eldigitaldeasturias.com\\\/noticias\\\/category\\\/actualidad\\\/#listItem\",\"name\":\"Actualidad\"}},{\"@type\":\"ListItem\",\"@id\":\"https:\\\/\\\/www.eldigitaldeasturias.com\\\/noticias\\\/category\\\/actualidad\\\/#listItem\",\"position\":2,\"name\":\"Actualidad\",\"item\":\"https:\\\/\\\/www.eldigitaldeasturias.com\\\/noticias\\\/category\\\/actualidad\\\/\",\"nextItem\":{\"@type\":\"ListItem\",\"@id\":\"https:\\\/\\\/www.eldigitaldeasturias.com\\\/noticias\\\/alemania-pide-avances-concretos-en-la-conferencia-del-clima-de-la-onu\\\/#listItem\",\"name\":\"Alemania pide avances concretos en la conferencia del clima de la ONU\"},\"previousItem\":{\"@type\":\"ListItem\",\"@id\":\"https:\\\/\\\/www.eldigitaldeasturias.com\\\/noticias#listItem\",\"name\":\"Home\"}},{\"@type\":\"ListItem\",\"@id\":\"https:\\\/\\\/www.eldigitaldeasturias.com\\\/noticias\\\/alemania-pide-avances-concretos-en-la-conferencia-del-clima-de-la-onu\\\/#listItem\",\"position\":3,\"name\":\"Alemania pide avances concretos en la conferencia del clima de la ONU\",\"previousItem\":{\"@type\":\"ListItem\",\"@id\":\"https:\\\/\\\/www.eldigitaldeasturias.com\\\/noticias\\\/category\\\/actualidad\\\/#listItem\",\"name\":\"Actualidad\"}}]},{\"@type\":\"Organization\",\"@id\":\"https:\\\/\\\/www.eldigitaldeasturias.com\\\/noticias\\\/#organization\",\"name\":\"El Digital de Asturias\",\"description\":\"Hemeroteca\",\"url\":\"https:\\\/\\\/www.eldigitaldeasturias.com\\\/noticias\\\/\",\"email\":\"info@eldigitaldeasturias.com\",\"telephone\":\"+34652131393\",\"logo\":{\"@type\":\"ImageObject\",\"url\":\"https:\\\/\\\/www.eldigitaldeasturias.com\\\/noticias\\\/wp-content\\\/uploads\\\/2020\\\/12\\\/EDA.jpg\",\"@id\":\"https:\\\/\\\/www.eldigitaldeasturias.com\\\/noticias\\\/alemania-pide-avances-concretos-en-la-conferencia-del-clima-de-la-onu\\\/#organizationLogo\",\"width\":649,\"height\":297},\"image\":{\"@id\":\"https:\\\/\\\/www.eldigitaldeasturias.com\\\/noticias\\\/alemania-pide-avances-concretos-en-la-conferencia-del-clima-de-la-onu\\\/#organizationLogo\"},\"sameAs\":[\"https:\\\/\\\/facebook.com\\\/eldigitaldeasturias\",\"https:\\\/\\\/www.youtube.com\\\/channel\\\/UCZP-2wLEB9Rv6erhFmqVnvg\"],\"address\":{\"@id\":\"https:\\\/\\\/www.eldigitaldeasturias.com\\\/noticias\\\/#postaladdress\",\"@type\":\"PostalAddress\",\"streetAddress\":\"san antonio 4,\",\"postalCode\":\"33430\",\"addressLocality\":\"Cand\\u00e1s\",\"addressRegion\":\"Asturias\",\"addressCountry\":\"ES\"}},{\"@type\":\"Person\",\"@id\":\"https:\\\/\\\/www.eldigitaldeasturias.com\\\/noticias\\\/author\\\/admin\\\/#author\",\"url\":\"https:\\\/\\\/www.eldigitaldeasturias.com\\\/noticias\\\/author\\\/admin\\\/\",\"name\":\"El Digital de Asturias\",\"image\":{\"@type\":\"ImageObject\",\"@id\":\"https:\\\/\\\/www.eldigitaldeasturias.com\\\/noticias\\\/alemania-pide-avances-concretos-en-la-conferencia-del-clima-de-la-onu\\\/#authorImage\",\"url\":\"https:\\\/\\\/www.eldigitaldeasturias.com\\\/noticias\\\/wp-content\\\/litespeed\\\/avatar\\\/18677e78aa0546b92d9dbf31ec7d7668.jpg?ver=1777290358\",\"width\":96,\"height\":96,\"caption\":\"El Digital de Asturias\"}},{\"@type\":\"WebPage\",\"@id\":\"https:\\\/\\\/www.eldigitaldeasturias.com\\\/noticias\\\/alemania-pide-avances-concretos-en-la-conferencia-del-clima-de-la-onu\\\/#webpage\",\"url\":\"https:\\\/\\\/www.eldigitaldeasturias.com\\\/noticias\\\/alemania-pide-avances-concretos-en-la-conferencia-del-clima-de-la-onu\\\/\",\"name\":\"Alemania pide avances concretos en la conferencia del clima de la ONU - El Digital de Asturias\",\"description\":\"Berl\\u00edn, 28 nov (dpa) - El Gobierno alem\\u00e1n llam\\u00f3 hoy a lograr avances concretos en la Conferencia de la ONU sobre el Cambio Clim\\u00e1tico (COP28), que se celebrar\\u00e1\",\"inLanguage\":\"es-ES\",\"isPartOf\":{\"@id\":\"https:\\\/\\\/www.eldigitaldeasturias.com\\\/noticias\\\/#website\"},\"breadcrumb\":{\"@id\":\"https:\\\/\\\/www.eldigitaldeasturias.com\\\/noticias\\\/alemania-pide-avances-concretos-en-la-conferencia-del-clima-de-la-onu\\\/#breadcrumblist\"},\"author\":{\"@id\":\"https:\\\/\\\/www.eldigitaldeasturias.com\\\/noticias\\\/author\\\/admin\\\/#author\"},\"creator\":{\"@id\":\"https:\\\/\\\/www.eldigitaldeasturias.com\\\/noticias\\\/author\\\/admin\\\/#author\"},\"image\":{\"@type\":\"ImageObject\",\"url\":\"https:\\\/\\\/www.eldigitaldeasturias.com\\\/noticias\\\/wp-content\\\/uploads\\\/2023\\\/11\\\/Alemania.jpg\",\"@id\":\"https:\\\/\\\/www.eldigitaldeasturias.com\\\/noticias\\\/alemania-pide-avances-concretos-en-la-conferencia-del-clima-de-la-onu\\\/#mainImage\",\"width\":640,\"height\":409,\"caption\":\"Alemania\"},\"primaryImageOfPage\":{\"@id\":\"https:\\\/\\\/www.eldigitaldeasturias.com\\\/noticias\\\/alemania-pide-avances-concretos-en-la-conferencia-del-clima-de-la-onu\\\/#mainImage\"},\"datePublished\":\"2023-11-28T23:09:12+01:00\",\"dateModified\":\"2023-11-28T23:09:12+01:00\"},{\"@type\":\"WebSite\",\"@id\":\"https:\\\/\\\/www.eldigitaldeasturias.com\\\/noticias\\\/#website\",\"url\":\"https:\\\/\\\/www.eldigitaldeasturias.com\\\/noticias\\\/\",\"name\":\"El Digital de Asturias - Diario de actualidad y noticias\",\"alternateName\":\"El Digital de Asturias - Diario de actualidad y noticias\",\"description\":\"Hemeroteca\",\"inLanguage\":\"es-ES\",\"publisher\":{\"@id\":\"https:\\\/\\\/www.eldigitaldeasturias.com\\\/noticias\\\/#organization\"}}]}\n\t\t<\/script>\n\t\t<!-- All in One SEO Pro -->\r\n\t\t<title>Alemania pide avances concretos en la conferencia del clima de la ONU - El Digital de Asturias<\/title>\n\n","aioseo_head_json":{"title":"Alemania pide avances concretos en la conferencia del clima de la ONU - El Digital de Asturias","description":"Berl\u00edn, 28 nov (dpa) - El Gobierno alem\u00e1n llam\u00f3 hoy a lograr avances concretos en la Conferencia de la ONU sobre el Cambio Clim\u00e1tico (COP28), que se celebrar\u00e1","canonical_url":"https:\/\/www.eldigitaldeasturias.com\/noticias\/alemania-pide-avances-concretos-en-la-conferencia-del-clima-de-la-onu\/","robots":"max-image-preview:large","keywords":"actualidad","webmasterTools":{"google-site-verification":"UA-38556648-1","msvalidate.01":"7dfe9f3f1b24437ab69f4f2559babe99","miscellaneous":""},"schema":{"@context":"https:\/\/schema.org","@graph":[{"@type":"BlogPosting","@id":"https:\/\/www.eldigitaldeasturias.com\/noticias\/alemania-pide-avances-concretos-en-la-conferencia-del-clima-de-la-onu\/#blogposting","name":"Alemania pide avances concretos en la conferencia del clima de la ONU - El Digital de Asturias","headline":"Alemania pide avances concretos en la conferencia del clima de la ONU","author":{"@id":"https:\/\/www.eldigitaldeasturias.com\/noticias\/author\/admin\/#author"},"publisher":{"@id":"https:\/\/www.eldigitaldeasturias.com\/noticias\/#organization"},"image":{"@type":"ImageObject","url":"https:\/\/www.eldigitaldeasturias.com\/noticias\/wp-content\/uploads\/2023\/11\/Alemania.jpg","width":640,"height":409,"caption":"Alemania"},"datePublished":"2023-11-28T23:09:12+01:00","dateModified":"2023-11-28T23:09:12+01:00","inLanguage":"es-ES","mainEntityOfPage":{"@id":"https:\/\/www.eldigitaldeasturias.com\/noticias\/alemania-pide-avances-concretos-en-la-conferencia-del-clima-de-la-onu\/#webpage"},"isPartOf":{"@id":"https:\/\/www.eldigitaldeasturias.com\/noticias\/alemania-pide-avances-concretos-en-la-conferencia-del-clima-de-la-onu\/#webpage"},"articleSection":"Actualidad"},{"@type":"BreadcrumbList","@id":"https:\/\/www.eldigitaldeasturias.com\/noticias\/alemania-pide-avances-concretos-en-la-conferencia-del-clima-de-la-onu\/#breadcrumblist","itemListElement":[{"@type":"ListItem","@id":"https:\/\/www.eldigitaldeasturias.com\/noticias#listItem","position":1,"name":"Home","item":"https:\/\/www.eldigitaldeasturias.com\/noticias","nextItem":{"@type":"ListItem","@id":"https:\/\/www.eldigitaldeasturias.com\/noticias\/category\/actualidad\/#listItem","name":"Actualidad"}},{"@type":"ListItem","@id":"https:\/\/www.eldigitaldeasturias.com\/noticias\/category\/actualidad\/#listItem","position":2,"name":"Actualidad","item":"https:\/\/www.eldigitaldeasturias.com\/noticias\/category\/actualidad\/","nextItem":{"@type":"ListItem","@id":"https:\/\/www.eldigitaldeasturias.com\/noticias\/alemania-pide-avances-concretos-en-la-conferencia-del-clima-de-la-onu\/#listItem","name":"Alemania pide avances concretos en la conferencia del clima de la ONU"},"previousItem":{"@type":"ListItem","@id":"https:\/\/www.eldigitaldeasturias.com\/noticias#listItem","name":"Home"}},{"@type":"ListItem","@id":"https:\/\/www.eldigitaldeasturias.com\/noticias\/alemania-pide-avances-concretos-en-la-conferencia-del-clima-de-la-onu\/#listItem","position":3,"name":"Alemania pide avances concretos en la conferencia del clima de la ONU","previousItem":{"@type":"ListItem","@id":"https:\/\/www.eldigitaldeasturias.com\/noticias\/category\/actualidad\/#listItem","name":"Actualidad"}}]},{"@type":"Organization","@id":"https:\/\/www.eldigitaldeasturias.com\/noticias\/#organization","name":"El Digital de Asturias","description":"Hemeroteca","url":"https:\/\/www.eldigitaldeasturias.com\/noticias\/","email":"info@eldigitaldeasturias.com","telephone":"+34652131393","logo":{"@type":"ImageObject","url":"https:\/\/www.eldigitaldeasturias.com\/noticias\/wp-content\/uploads\/2020\/12\/EDA.jpg","@id":"https:\/\/www.eldigitaldeasturias.com\/noticias\/alemania-pide-avances-concretos-en-la-conferencia-del-clima-de-la-onu\/#organizationLogo","width":649,"height":297},"image":{"@id":"https:\/\/www.eldigitaldeasturias.com\/noticias\/alemania-pide-avances-concretos-en-la-conferencia-del-clima-de-la-onu\/#organizationLogo"},"sameAs":["https:\/\/facebook.com\/eldigitaldeasturias","https:\/\/www.youtube.com\/channel\/UCZP-2wLEB9Rv6erhFmqVnvg"],"address":{"@id":"https:\/\/www.eldigitaldeasturias.com\/noticias\/#postaladdress","@type":"PostalAddress","streetAddress":"san antonio 4,","postalCode":"33430","addressLocality":"Cand\u00e1s","addressRegion":"Asturias","addressCountry":"ES"}},{"@type":"Person","@id":"https:\/\/www.eldigitaldeasturias.com\/noticias\/author\/admin\/#author","url":"https:\/\/www.eldigitaldeasturias.com\/noticias\/author\/admin\/","name":"El Digital de Asturias","image":{"@type":"ImageObject","@id":"https:\/\/www.eldigitaldeasturias.com\/noticias\/alemania-pide-avances-concretos-en-la-conferencia-del-clima-de-la-onu\/#authorImage","url":"https:\/\/www.eldigitaldeasturias.com\/noticias\/wp-content\/litespeed\/avatar\/18677e78aa0546b92d9dbf31ec7d7668.jpg?ver=1777290358","width":96,"height":96,"caption":"El Digital de Asturias"}},{"@type":"WebPage","@id":"https:\/\/www.eldigitaldeasturias.com\/noticias\/alemania-pide-avances-concretos-en-la-conferencia-del-clima-de-la-onu\/#webpage","url":"https:\/\/www.eldigitaldeasturias.com\/noticias\/alemania-pide-avances-concretos-en-la-conferencia-del-clima-de-la-onu\/","name":"Alemania pide avances concretos en la conferencia del clima de la ONU - El Digital de Asturias","description":"Berl\u00edn, 28 nov (dpa) - El Gobierno alem\u00e1n llam\u00f3 hoy a lograr avances concretos en la Conferencia de la ONU sobre el Cambio Clim\u00e1tico (COP28), que se celebrar\u00e1","inLanguage":"es-ES","isPartOf":{"@id":"https:\/\/www.eldigitaldeasturias.com\/noticias\/#website"},"breadcrumb":{"@id":"https:\/\/www.eldigitaldeasturias.com\/noticias\/alemania-pide-avances-concretos-en-la-conferencia-del-clima-de-la-onu\/#breadcrumblist"},"author":{"@id":"https:\/\/www.eldigitaldeasturias.com\/noticias\/author\/admin\/#author"},"creator":{"@id":"https:\/\/www.eldigitaldeasturias.com\/noticias\/author\/admin\/#author"},"image":{"@type":"ImageObject","url":"https:\/\/www.eldigitaldeasturias.com\/noticias\/wp-content\/uploads\/2023\/11\/Alemania.jpg","@id":"https:\/\/www.eldigitaldeasturias.com\/noticias\/alemania-pide-avances-concretos-en-la-conferencia-del-clima-de-la-onu\/#mainImage","width":640,"height":409,"caption":"Alemania"},"primaryImageOfPage":{"@id":"https:\/\/www.eldigitaldeasturias.com\/noticias\/alemania-pide-avances-concretos-en-la-conferencia-del-clima-de-la-onu\/#mainImage"},"datePublished":"2023-11-28T23:09:12+01:00","dateModified":"2023-11-28T23:09:12+01:00"},{"@type":"WebSite","@id":"https:\/\/www.eldigitaldeasturias.com\/noticias\/#website","url":"https:\/\/www.eldigitaldeasturias.com\/noticias\/","name":"El Digital de Asturias - Diario de actualidad y noticias","alternateName":"El Digital de Asturias - Diario de actualidad y noticias","description":"Hemeroteca","inLanguage":"es-ES","publisher":{"@id":"https:\/\/www.eldigitaldeasturias.com\/noticias\/#organization"}}]},"og:locale":"es_ES","og:site_name":"El Digital de Asturias","og:type":"article","og:title":"Alemania pide avances concretos en la conferencia del clima de la ONU - El Digital de Asturias","og:description":"Berl\u00edn, 28 nov (dpa) - El Gobierno alem\u00e1n llam\u00f3 hoy a lograr avances concretos en la Conferencia de la ONU sobre el Cambio Clim\u00e1tico (COP28), que se celebrar\u00e1","og:url":"https:\/\/www.eldigitaldeasturias.com\/noticias\/alemania-pide-avances-concretos-en-la-conferencia-del-clima-de-la-onu\/","og:image":"https:\/\/www.eldigitaldeasturias.com\/noticias\/wp-content\/uploads\/2023\/11\/Alemania.jpg","og:image:secure_url":"https:\/\/www.eldigitaldeasturias.com\/noticias\/wp-content\/uploads\/2023\/11\/Alemania.jpg","og:image:width":640,"og:image:height":409,"article:tag":["actualidad"],"article:published_time":"2023-11-28T22:09:12+00:00","article:modified_time":"2023-11-28T22:09:12+00:00","article:publisher":"https:\/\/facebook.com\/eldigitaldeasturias","twitter:card":"summary_large_image","twitter:title":"Alemania pide avances concretos en la conferencia del clima de la ONU - El Digital de Asturias","twitter:description":"Berl\u00edn, 28 nov (dpa) - El Gobierno alem\u00e1n llam\u00f3 hoy a lograr avances concretos en la Conferencia de la ONU sobre el Cambio Clim\u00e1tico (COP28), que se celebrar\u00e1","twitter:image":"https:\/\/www.eldigitaldeasturias.com\/noticias\/wp-content\/uploads\/2023\/11\/Alemania.jpg","twitter:label1":"Escrito por","twitter:data1":"El Digital de Asturias","twitter:label2":"Tiempo de lectura estimado","twitter:data2":"2 minutos"},"aioseo_meta_data":{"post_id":"1127238","title":null,"description":"Berl\u00edn, 28 nov (dpa) - El Gobierno alem\u00e1n llam\u00f3 hoy a lograr avances concretos en la Conferencia de la ONU sobre el Cambio Clim\u00e1tico (COP28), que se celebrar\u00e1","keywords":[],"keyphrases":{"focus":{"keyphrase":"Conferencia","score":89,"analysis":{"keyphraseInTitle":{"score":9,"maxScore":9,"error":0},"keyphraseInDescription":{"score":9,"maxScore":9,"error":0},"keyphraseLength":{"score":9,"maxScore":9,"error":0,"length":1},"keyphraseInURL":[],"keyphraseInIntroduction":{"score":9,"maxScore":9,"error":0},"keyphraseInSubHeadings":[],"keyphraseInImageAlt":{"score":3,"maxScore":9,"error":1},"keywordDensity":{"type":"best","score":9,"maxScore":9,"error":0}}},"additional":[{"keyphrase":"Alemania","score":53,"analysis":{"keyphraseInDescription":{"score":3,"maxScore":9,"error":1},"keyphraseLength":{"score":9,"maxScore":9,"error":0,"length":1},"keyphraseInIntroduction":{"score":3,"maxScore":9,"error":1},"keyphraseInImageAlt":{"score":9,"maxScore":9,"error":0},"keywordDensity":{"score":0,"type":"low","maxScore":9,"error":1}}}]},"primary_term":null,"canonical_url":null,"og_title":null,"og_description":null,"og_object_type":"default","og_image_type":"default","og_image_url":null,"og_image_width":null,"og_image_height":null,"og_image_custom_url":null,"og_image_custom_fields":null,"og_video":"","og_custom_url":null,"og_article_section":null,"og_article_tags":[],"twitter_use_og":false,"twitter_card":"default","twitter_image_type":"default","twitter_image_url":null,"twitter_image_custom_url":null,"twitter_image_custom_fields":null,"twitter_title":null,"twitter_description":null,"schema":{"blockGraphs":[],"customGraphs":[],"default":{"data":{"Article":[],"Course":[],"Dataset":[],"FAQPage":[],"Movie":[],"Person":[],"Product":[],"ProductReview":[],"Car":[],"Recipe":[],"Service":[],"SoftwareApplication":[],"WebPage":[]},"graphName":"BlogPosting","isEnabled":true},"graphs":[]},"schema_type":"default","schema_type_options":null,"pillar_content":false,"robots_default":true,"robots_noindex":false,"robots_noarchive":false,"robots_nosnippet":false,"robots_nofollow":false,"robots_noimageindex":false,"robots_noodp":false,"robots_notranslate":false,"robots_max_snippet":"-1","robots_max_videopreview":"-1","robots_max_imagepreview":"large","priority":null,"frequency":"default","local_seo":null,"seo_analyzer_scan_date":"2025-10-05 22:21:30","breadcrumb_settings":null,"limit_modified_date":false,"open_ai":"{\"title\":{\"suggestions\":[],\"usage\":0},\"description\":{\"suggestions\":[],\"usage\":0}}","ai":null,"created":"2023-11-28 22:06:35","updated":"2025-10-09 04:23:28"},"aioseo_breadcrumb":"<div class=\"aioseo-breadcrumbs\"><span class=\"aioseo-breadcrumb\">\n\t<a href=\"https:\/\/www.eldigitaldeasturias.com\/noticias\" title=\"Home\">Home<\/a>\n<\/span><span class=\"aioseo-breadcrumb-separator\">\u2013<\/span><span class=\"aioseo-breadcrumb\">\n\t<a href=\"https:\/\/www.eldigitaldeasturias.com\/noticias\/category\/actualidad\/\" title=\"Actualidad\">Actualidad<\/a>\n<\/span><span class=\"aioseo-breadcrumb-separator\">\u2013<\/span><span class=\"aioseo-breadcrumb\">\n\t<a href=\"https:\/\/www.eldigitaldeasturias.com\/noticias\/alemania-pide-avances-concretos-en-la-conferencia-del-clima-de-la-onu\/\" title=\"Alemania pide avances concretos en la conferencia del clima de la ONU\">Alemania pide avances concretos en la conferencia del clima de la ONU<\/a>\n<\/span><\/div>","aioseo_breadcrumb_json":[{"label":"Home","link":"https:\/\/www.eldigitaldeasturias.com\/noticias"},{"label":"Actualidad","link":"https:\/\/www.eldigitaldeasturias.com\/noticias\/category\/actualidad\/"},{"label":"Alemania pide avances concretos en la conferencia del clima de la ONU","link":"https:\/\/www.eldigitaldeasturias.com\/noticias\/alemania-pide-avances-concretos-en-la-conferencia-del-clima-de-la-onu\/"}],"_links":{"self":[{"href":"https:\/\/www.eldigitaldeasturias.com\/noticias\/wp-json\/wp\/v2\/posts\/1127238","targetHints":{"allow":["GET"]}}],"collection":[{"href":"https:\/\/www.eldigitaldeasturias.com\/noticias\/wp-json\/wp\/v2\/posts"}],"about":[{"href":"https:\/\/www.eldigitaldeasturias.com\/noticias\/wp-json\/wp\/v2\/types\/post"}],"author":[{"embeddable":true,"href":"https:\/\/www.eldigitaldeasturias.com\/noticias\/wp-json\/wp\/v2\/users\/1"}],"replies":[{"embeddable":true,"href":"https:\/\/www.eldigitaldeasturias.com\/noticias\/wp-json\/wp\/v2\/comments?post=1127238"}],"version-history":[{"count":0,"href":"https:\/\/www.eldigitaldeasturias.com\/noticias\/wp-json\/wp\/v2\/posts\/1127238\/revisions"}],"wp:featuredmedia":[{"embeddable":true,"href":"https:\/\/www.eldigitaldeasturias.com\/noticias\/wp-json\/wp\/v2\/media\/1127164"}],"wp:attachment":[{"href":"https:\/\/www.eldigitaldeasturias.com\/noticias\/wp-json\/wp\/v2\/media?parent=1127238"}],"wp:term":[{"taxonomy":"category","embeddable":true,"href":"https:\/\/www.eldigitaldeasturias.com\/noticias\/wp-json\/wp\/v2\/categories?post=1127238"},{"taxonomy":"post_tag","embeddable":true,"href":"https:\/\/www.eldigitaldeasturias.com\/noticias\/wp-json\/wp\/v2\/tags?post=1127238"}],"curies":[{"name":"wp","href":"https:\/\/api.w.org\/{rel}","templated":true}]}}