{"id":1126881,"date":"2023-11-18T04:25:21","date_gmt":"2023-11-18T03:25:21","guid":{"rendered":"https:\/\/www.eldigitaldeasturias.com\/noticias\/?p=1126881"},"modified":"2023-11-18T04:25:51","modified_gmt":"2023-11-18T03:25:51","slug":"centralitas-virtuales-la-clave-para-una-comunicacion-empresarial-agil-y-efectiva-en-las-pymes","status":"publish","type":"post","link":"https:\/\/www.eldigitaldeasturias.com\/noticias\/centralitas-virtuales-la-clave-para-una-comunicacion-empresarial-agil-y-efectiva-en-las-pymes\/","title":{"rendered":"Centralitas virtuales: la clave para una comunicaci\u00f3n empresarial \u00e1gil y efectiva en las PYMEs"},"content":{"rendered":"<p><span style=\"font-weight: 400;\">En el din\u00e1mico mundo empresarial actual, la comunicaci\u00f3n efectiva desempe\u00f1a un papel fundamental en el \u00e9xito de las peque\u00f1as y medianas empresas (PYMEs). Una herramienta tecnol\u00f3gica que ha ganado protagonismo en este contexto es la <\/span><span style=\"color: #ff6600;\"><a style=\"color: #ff6600;\" href=\"https:\/\/www.gammacom.es\/centralita-virtual\/\" target=\"_blank\" rel=\"noopener\"><span style=\"font-weight: 400;\">centralita virtual<\/span><\/a><\/span><span style=\"font-weight: 400;\">. Este sistema innovador no solo simplifica la gesti\u00f3n de las comunicaciones, sino que tambi\u00e9n ofrece numerosos beneficios para las PYMEs que buscan optimizar sus operaciones y mejorar la experiencia del cliente.<\/span><\/p>\n<p><img loading=\"lazy\" decoding=\"async\" class=\"aligncenter wp-image-1126882 size-full\" src=\"https:\/\/www.eldigitaldeasturias.com\/noticias\/wp-content\/uploads\/2023\/11\/Centralitas-virtuales-Pymes.jpg\" alt=\"Centralitas virtuales Pymes\" width=\"640\" height=\"427\" srcset=\"https:\/\/www.eldigitaldeasturias.com\/noticias\/wp-content\/uploads\/2023\/11\/Centralitas-virtuales-Pymes.jpg 640w, https:\/\/www.eldigitaldeasturias.com\/noticias\/wp-content\/uploads\/2023\/11\/Centralitas-virtuales-Pymes-360x240.jpg 360w, https:\/\/www.eldigitaldeasturias.com\/noticias\/wp-content\/uploads\/2023\/11\/Centralitas-virtuales-Pymes-450x300.jpg 450w, https:\/\/www.eldigitaldeasturias.com\/noticias\/wp-content\/uploads\/2023\/11\/Centralitas-virtuales-Pymes-150x100.jpg 150w\" sizes=\"auto, (max-width: 640px) 100vw, 640px\" \/><\/p>\n<h2><b>\u00bfQu\u00e9 es una centralita virtual?<\/b><\/h2>\n<p><span style=\"font-weight: 400;\">Una centralita virtual para PYMEs, tambi\u00e9n conocida como PBX en la nube, es un sistema telef\u00f3nico basado en la nube que permite a las empresas gestionar sus comunicaciones de manera m\u00e1s eficiente y flexible. A diferencia de las centralitas telef\u00f3nicas tradicionales, la centralita virtual para PYMEs opera a trav\u00e9s de internet, eliminando la necesidad de hardware f\u00edsico y ofreciendo una mayor flexibilidad.<\/span><\/p>\n<h2><b>Beneficios de una centralita virtual para PYMEs<\/b><\/h2>\n<ol>\n<li><b> Ahorro:<\/b><\/li>\n<\/ol>\n<p><span style=\"font-weight: 400;\">La implementaci\u00f3n de una centralita virtual para PYMEs elimina la necesidad de inversiones significativas en equipos y hardware, ya que todo funciona a trav\u00e9s de la nube. Adem\u00e1s, los costes de mantenimiento son m\u00ednimos, lo que permite a las PYMEs utilizar sus recursos financieros de manera m\u00e1s efectiva.<\/span><\/p>\n<ol start=\"2\">\n<li><b> Flexibilidad y movilidad:<\/b><\/li>\n<\/ol>\n<p><span style=\"font-weight: 400;\">La centralita virtual para PYMEs permite a los empleados realizar y recibir llamadas desde cualquier ubicaci\u00f3n con acceso a internet. Esto es particularmente beneficioso en un entorno empresarial moderno, donde la movilidad y el trabajo remoto son cada vez m\u00e1s comunes.<\/span><\/p>\n<ol start=\"3\">\n<li><b> Gesti\u00f3n eficiente de llamadas:<\/b><\/li>\n<\/ol>\n<p><span style=\"font-weight: 400;\">Con funciones avanzadas como la grabaci\u00f3n de llamadas, la gesti\u00f3n de colas y la configuraci\u00f3n de horarios, las PYMEs pueden mejorar la eficiencia en la atenci\u00f3n al cliente y optimizar la gesti\u00f3n de llamadas internas y externas.<\/span><\/p>\n<ol start=\"4\">\n<li><b> Imagen profesional:<\/b><\/li>\n<\/ol>\n<p><span style=\"font-weight: 400;\">Una centralita virtual proporciona a las PYMEs funciones empresariales avanzadas, como men\u00fas de bienvenida personalizados y extensiones para departamentos individuales. Esto contribuye a proyectar una imagen m\u00e1s profesional y confiable ante los clientes.<\/span><\/p>\n<ol start=\"5\">\n<li><b> Escalabilidad:<\/b><\/li>\n<\/ol>\n<p><span style=\"font-weight: 400;\">La capacidad de escalar f\u00e1cilmente el sistema seg\u00fan las necesidades empresariales en constante cambio es esencial. Las PYMEs pueden agregar o reducir l\u00edneas telef\u00f3nicas seg\u00fan sea necesario, sin la complejidad asociada con los sistemas tradicionales.<\/span><\/p>\n<h2><b>Implementaci\u00f3n exitosa de una centralita virtual para PYMEs<\/b><\/h2>\n<p><span style=\"font-weight: 400;\">Para aprovechar al m\u00e1ximo una centralita virtual, las PYMEs deben considerar algunos puntos clave durante la implementaci\u00f3n:<\/span><\/p>\n<ol>\n<li><b> Capacitaci\u00f3n del Personal:<\/b><\/li>\n<\/ol>\n<p><span style=\"font-weight: 400;\">Es crucial proporcionar a los empleados la formaci\u00f3n necesaria para utilizar todas las funciones de la centralita virtual para PYMEs. Esto garantiza una transici\u00f3n suave y maximiza la eficiencia operativa.<\/span><\/p>\n<ol start=\"2\">\n<li><b> Seguridad de la Informaci\u00f3n:<\/b><\/li>\n<\/ol>\n<p><span style=\"font-weight: 400;\">Dado que la centralita virtual para PYMEs opera a trav\u00e9s de internet, la seguridad de la informaci\u00f3n es fundamental.<\/span><\/p>\n<ol start=\"3\">\n<li><b> Integraci\u00f3n con otras herramientas:<\/b><\/li>\n<\/ol>\n<p><span style=\"font-weight: 400;\">La centralita virtual puede integrarse con otras herramientas empresariales, como sistemas de gesti\u00f3n de relaciones con el cliente (CRM) o softwares de colaboraci\u00f3n como Microsoft Teams.<\/span><\/p>\n<p><b>4.Asesoramoento y acompa\u00f1amiento<\/b><\/p>\n<p><span style=\"font-weight: 400;\">Adem\u00e1s, al considerar la implementaci\u00f3n de una centralita virtual, las PYMEs deben prestar atenci\u00f3n a la elecci\u00f3n de un operador profesional. Un operador profesional y de confianza puede proporcionar servicios especializados, asistencia t\u00e9cnica y una red robusta para garantizar un rendimiento \u00f3ptimo de la centralita virtual, maximizando as\u00ed los beneficios para la empresa. La colaboraci\u00f3n con un operador experimentado como Gamma puede ser clave para asegurar una transici\u00f3n exitosa hacia un sistema de comunicaci\u00f3n m\u00e1s avanzado y eficiente. En \u00faltima instancia, la combinaci\u00f3n de una centralita virtual para PYMEs y un operador profesional puede ser la f\u00f3rmula perfecta para llevar la comunicaci\u00f3n empresarial de las PYMEs al siguiente nivel.<\/span><\/p>\n","protected":false},"excerpt":{"rendered":"<p>En el din\u00e1mico mundo empresarial actual, la comunicaci\u00f3n efectiva desempe\u00f1a un papel fundamental en el \u00e9xito de las peque\u00f1as y medianas empresas (PYMEs). Una herramienta tecnol\u00f3gica que ha ganado protagonismo en este contexto es la centralita virtual. Este sistema innovador no solo simplifica la gesti\u00f3n de las comunicaciones, sino que tambi\u00e9n ofrece numerosos beneficios para [&hellip;]<\/p>\n","protected":false},"author":1,"featured_media":1126882,"comment_status":"closed","ping_status":"closed","sticky":false,"template":"","format":"standard","meta":{"footnotes":""},"categories":[219],"tags":[],"class_list":["post-1126881","post","type-post","status-publish","format-standard","has-post-thumbnail","hentry","category-negocios-y-empresas"],"aioseo_notices":[],"aioseo_head":"\n\t\t<!-- All in One SEO Pro 4.9.6.2 - aioseo.com -->\n\t<meta name=\"description\" content=\"En el din\u00e1mico mundo empresarial actual, la comunicaci\u00f3n efectiva desempe\u00f1a un papel fundamental en el \u00e9xito de las peque\u00f1as y medianas empresas (PYMEs).\" \/>\n\t<meta name=\"robots\" content=\"max-image-preview:large\" \/>\n\t<meta name=\"author\" content=\"El Digital de Asturias\"\/>\n\t<meta name=\"google-site-verification\" content=\"UA-38556648-1\" \/>\n\t<meta name=\"msvalidate.01\" content=\"7dfe9f3f1b24437ab69f4f2559babe99\" \/>\n\t<meta name=\"keywords\" content=\"negocios y empresas\" \/>\n\t<link rel=\"canonical\" href=\"https:\/\/www.eldigitaldeasturias.com\/noticias\/centralitas-virtuales-la-clave-para-una-comunicacion-empresarial-agil-y-efectiva-en-las-pymes\/\" \/>\n\t<meta name=\"generator\" content=\"All in One SEO Pro (AIOSEO) 4.9.6.2\" \/>\n\t\t<meta property=\"og:locale\" content=\"es_ES\" \/>\n\t\t<meta property=\"og:site_name\" content=\"El Digital de Asturias\" \/>\n\t\t<meta property=\"og:type\" content=\"article\" \/>\n\t\t<meta property=\"og:title\" content=\"Centralitas virtuales: la clave para una comunicaci\u00f3n empresarial \u00e1gil y efectiva en las PYMEs - El Digital de Asturias\" \/>\n\t\t<meta property=\"og:description\" content=\"En el din\u00e1mico mundo empresarial actual, la comunicaci\u00f3n efectiva desempe\u00f1a un papel fundamental en el \u00e9xito de las peque\u00f1as y medianas empresas (PYMEs).\" \/>\n\t\t<meta property=\"og:url\" content=\"https:\/\/www.eldigitaldeasturias.com\/noticias\/centralitas-virtuales-la-clave-para-una-comunicacion-empresarial-agil-y-efectiva-en-las-pymes\/\" \/>\n\t\t<meta property=\"og:image\" content=\"https:\/\/www.eldigitaldeasturias.com\/noticias\/wp-content\/uploads\/2023\/11\/Centralitas-virtuales-Pymes.jpg\" \/>\n\t\t<meta property=\"og:image:secure_url\" content=\"https:\/\/www.eldigitaldeasturias.com\/noticias\/wp-content\/uploads\/2023\/11\/Centralitas-virtuales-Pymes.jpg\" \/>\n\t\t<meta property=\"og:image:width\" content=\"640\" \/>\n\t\t<meta property=\"og:image:height\" content=\"427\" \/>\n\t\t<meta property=\"article:tag\" content=\"negocios y empresas\" \/>\n\t\t<meta property=\"article:published_time\" content=\"2023-11-18T03:25:21+00:00\" \/>\n\t\t<meta property=\"article:modified_time\" content=\"2023-11-18T03:25:51+00:00\" \/>\n\t\t<meta property=\"article:publisher\" content=\"https:\/\/facebook.com\/eldigitaldeasturias\" \/>\n\t\t<meta name=\"twitter:card\" content=\"summary_large_image\" \/>\n\t\t<meta name=\"twitter:title\" content=\"Centralitas virtuales: la clave para una comunicaci\u00f3n empresarial \u00e1gil y efectiva en las PYMEs - El Digital de Asturias\" \/>\n\t\t<meta name=\"twitter:description\" content=\"En el din\u00e1mico mundo empresarial actual, la comunicaci\u00f3n efectiva desempe\u00f1a un papel fundamental en el \u00e9xito de las peque\u00f1as y medianas empresas (PYMEs).\" \/>\n\t\t<meta name=\"twitter:image\" content=\"https:\/\/www.eldigitaldeasturias.com\/noticias\/wp-content\/uploads\/2023\/11\/Centralitas-virtuales-Pymes.jpg\" \/>\n\t\t<meta name=\"twitter:label1\" content=\"Escrito por\" \/>\n\t\t<meta name=\"twitter:data1\" content=\"El Digital de Asturias\" \/>\n\t\t<meta name=\"twitter:label2\" content=\"Tiempo de lectura estimado\" \/>\n\t\t<meta name=\"twitter:data2\" content=\"3 minutos\" \/>\n\t\t<script type=\"application\/ld+json\" class=\"aioseo-schema\">\n\t\t\t{\"@context\":\"https:\\\/\\\/schema.org\",\"@graph\":[{\"@type\":\"BlogPosting\",\"@id\":\"https:\\\/\\\/www.eldigitaldeasturias.com\\\/noticias\\\/centralitas-virtuales-la-clave-para-una-comunicacion-empresarial-agil-y-efectiva-en-las-pymes\\\/#blogposting\",\"name\":\"Centralitas virtuales: la clave para una comunicaci\\u00f3n empresarial \\u00e1gil y efectiva en las PYMEs - El Digital de Asturias\",\"headline\":\"Centralitas virtuales: la clave para una comunicaci\\u00f3n empresarial \\u00e1gil y efectiva en las PYMEs\",\"author\":{\"@id\":\"https:\\\/\\\/www.eldigitaldeasturias.com\\\/noticias\\\/author\\\/admin\\\/#author\"},\"publisher\":{\"@id\":\"https:\\\/\\\/www.eldigitaldeasturias.com\\\/noticias\\\/#organization\"},\"image\":{\"@type\":\"ImageObject\",\"url\":\"https:\\\/\\\/www.eldigitaldeasturias.com\\\/noticias\\\/wp-content\\\/uploads\\\/2023\\\/11\\\/Centralitas-virtuales-Pymes.jpg\",\"width\":640,\"height\":427,\"caption\":\"Centralitas virtuales Pymes\"},\"datePublished\":\"2023-11-18T04:25:21+01:00\",\"dateModified\":\"2023-11-18T04:25:51+01:00\",\"inLanguage\":\"es-ES\",\"mainEntityOfPage\":{\"@id\":\"https:\\\/\\\/www.eldigitaldeasturias.com\\\/noticias\\\/centralitas-virtuales-la-clave-para-una-comunicacion-empresarial-agil-y-efectiva-en-las-pymes\\\/#webpage\"},\"isPartOf\":{\"@id\":\"https:\\\/\\\/www.eldigitaldeasturias.com\\\/noticias\\\/centralitas-virtuales-la-clave-para-una-comunicacion-empresarial-agil-y-efectiva-en-las-pymes\\\/#webpage\"},\"articleSection\":\"Negocios y Empresas\"},{\"@type\":\"BreadcrumbList\",\"@id\":\"https:\\\/\\\/www.eldigitaldeasturias.com\\\/noticias\\\/centralitas-virtuales-la-clave-para-una-comunicacion-empresarial-agil-y-efectiva-en-las-pymes\\\/#breadcrumblist\",\"itemListElement\":[{\"@type\":\"ListItem\",\"@id\":\"https:\\\/\\\/www.eldigitaldeasturias.com\\\/noticias#listItem\",\"position\":1,\"name\":\"Home\",\"item\":\"https:\\\/\\\/www.eldigitaldeasturias.com\\\/noticias\",\"nextItem\":{\"@type\":\"ListItem\",\"@id\":\"https:\\\/\\\/www.eldigitaldeasturias.com\\\/noticias\\\/category\\\/negocios-y-empresas\\\/#listItem\",\"name\":\"Negocios y Empresas\"}},{\"@type\":\"ListItem\",\"@id\":\"https:\\\/\\\/www.eldigitaldeasturias.com\\\/noticias\\\/category\\\/negocios-y-empresas\\\/#listItem\",\"position\":2,\"name\":\"Negocios y Empresas\",\"item\":\"https:\\\/\\\/www.eldigitaldeasturias.com\\\/noticias\\\/category\\\/negocios-y-empresas\\\/\",\"nextItem\":{\"@type\":\"ListItem\",\"@id\":\"https:\\\/\\\/www.eldigitaldeasturias.com\\\/noticias\\\/centralitas-virtuales-la-clave-para-una-comunicacion-empresarial-agil-y-efectiva-en-las-pymes\\\/#listItem\",\"name\":\"Centralitas virtuales: la clave para una comunicaci\\u00f3n empresarial \\u00e1gil y efectiva en las PYMEs\"},\"previousItem\":{\"@type\":\"ListItem\",\"@id\":\"https:\\\/\\\/www.eldigitaldeasturias.com\\\/noticias#listItem\",\"name\":\"Home\"}},{\"@type\":\"ListItem\",\"@id\":\"https:\\\/\\\/www.eldigitaldeasturias.com\\\/noticias\\\/centralitas-virtuales-la-clave-para-una-comunicacion-empresarial-agil-y-efectiva-en-las-pymes\\\/#listItem\",\"position\":3,\"name\":\"Centralitas virtuales: la clave para una comunicaci\\u00f3n empresarial \\u00e1gil y efectiva en las PYMEs\",\"previousItem\":{\"@type\":\"ListItem\",\"@id\":\"https:\\\/\\\/www.eldigitaldeasturias.com\\\/noticias\\\/category\\\/negocios-y-empresas\\\/#listItem\",\"name\":\"Negocios y Empresas\"}}]},{\"@type\":\"Organization\",\"@id\":\"https:\\\/\\\/www.eldigitaldeasturias.com\\\/noticias\\\/#organization\",\"name\":\"El Digital de Asturias\",\"description\":\"Hemeroteca\",\"url\":\"https:\\\/\\\/www.eldigitaldeasturias.com\\\/noticias\\\/\",\"email\":\"info@eldigitaldeasturias.com\",\"telephone\":\"+34652131393\",\"logo\":{\"@type\":\"ImageObject\",\"url\":\"https:\\\/\\\/www.eldigitaldeasturias.com\\\/noticias\\\/wp-content\\\/uploads\\\/2020\\\/12\\\/EDA.jpg\",\"@id\":\"https:\\\/\\\/www.eldigitaldeasturias.com\\\/noticias\\\/centralitas-virtuales-la-clave-para-una-comunicacion-empresarial-agil-y-efectiva-en-las-pymes\\\/#organizationLogo\",\"width\":649,\"height\":297},\"image\":{\"@id\":\"https:\\\/\\\/www.eldigitaldeasturias.com\\\/noticias\\\/centralitas-virtuales-la-clave-para-una-comunicacion-empresarial-agil-y-efectiva-en-las-pymes\\\/#organizationLogo\"},\"sameAs\":[\"https:\\\/\\\/facebook.com\\\/eldigitaldeasturias\",\"https:\\\/\\\/www.youtube.com\\\/channel\\\/UCZP-2wLEB9Rv6erhFmqVnvg\"],\"address\":{\"@id\":\"https:\\\/\\\/www.eldigitaldeasturias.com\\\/noticias\\\/#postaladdress\",\"@type\":\"PostalAddress\",\"streetAddress\":\"san antonio 4,\",\"postalCode\":\"33430\",\"addressLocality\":\"Cand\\u00e1s\",\"addressRegion\":\"Asturias\",\"addressCountry\":\"ES\"}},{\"@type\":\"Person\",\"@id\":\"https:\\\/\\\/www.eldigitaldeasturias.com\\\/noticias\\\/author\\\/admin\\\/#author\",\"url\":\"https:\\\/\\\/www.eldigitaldeasturias.com\\\/noticias\\\/author\\\/admin\\\/\",\"name\":\"El Digital de Asturias\",\"image\":{\"@type\":\"ImageObject\",\"@id\":\"https:\\\/\\\/www.eldigitaldeasturias.com\\\/noticias\\\/centralitas-virtuales-la-clave-para-una-comunicacion-empresarial-agil-y-efectiva-en-las-pymes\\\/#authorImage\",\"url\":\"https:\\\/\\\/www.eldigitaldeasturias.com\\\/noticias\\\/wp-content\\\/litespeed\\\/avatar\\\/18677e78aa0546b92d9dbf31ec7d7668.jpg?ver=1777290358\",\"width\":96,\"height\":96,\"caption\":\"El Digital de Asturias\"}},{\"@type\":\"WebPage\",\"@id\":\"https:\\\/\\\/www.eldigitaldeasturias.com\\\/noticias\\\/centralitas-virtuales-la-clave-para-una-comunicacion-empresarial-agil-y-efectiva-en-las-pymes\\\/#webpage\",\"url\":\"https:\\\/\\\/www.eldigitaldeasturias.com\\\/noticias\\\/centralitas-virtuales-la-clave-para-una-comunicacion-empresarial-agil-y-efectiva-en-las-pymes\\\/\",\"name\":\"Centralitas virtuales: la clave para una comunicaci\\u00f3n empresarial \\u00e1gil y efectiva en las PYMEs - El Digital de Asturias\",\"description\":\"En el din\\u00e1mico mundo empresarial actual, la comunicaci\\u00f3n efectiva desempe\\u00f1a un papel fundamental en el \\u00e9xito de las peque\\u00f1as y medianas empresas (PYMEs).\",\"inLanguage\":\"es-ES\",\"isPartOf\":{\"@id\":\"https:\\\/\\\/www.eldigitaldeasturias.com\\\/noticias\\\/#website\"},\"breadcrumb\":{\"@id\":\"https:\\\/\\\/www.eldigitaldeasturias.com\\\/noticias\\\/centralitas-virtuales-la-clave-para-una-comunicacion-empresarial-agil-y-efectiva-en-las-pymes\\\/#breadcrumblist\"},\"author\":{\"@id\":\"https:\\\/\\\/www.eldigitaldeasturias.com\\\/noticias\\\/author\\\/admin\\\/#author\"},\"creator\":{\"@id\":\"https:\\\/\\\/www.eldigitaldeasturias.com\\\/noticias\\\/author\\\/admin\\\/#author\"},\"image\":{\"@type\":\"ImageObject\",\"url\":\"https:\\\/\\\/www.eldigitaldeasturias.com\\\/noticias\\\/wp-content\\\/uploads\\\/2023\\\/11\\\/Centralitas-virtuales-Pymes.jpg\",\"@id\":\"https:\\\/\\\/www.eldigitaldeasturias.com\\\/noticias\\\/centralitas-virtuales-la-clave-para-una-comunicacion-empresarial-agil-y-efectiva-en-las-pymes\\\/#mainImage\",\"width\":640,\"height\":427,\"caption\":\"Centralitas virtuales Pymes\"},\"primaryImageOfPage\":{\"@id\":\"https:\\\/\\\/www.eldigitaldeasturias.com\\\/noticias\\\/centralitas-virtuales-la-clave-para-una-comunicacion-empresarial-agil-y-efectiva-en-las-pymes\\\/#mainImage\"},\"datePublished\":\"2023-11-18T04:25:21+01:00\",\"dateModified\":\"2023-11-18T04:25:51+01:00\"},{\"@type\":\"WebSite\",\"@id\":\"https:\\\/\\\/www.eldigitaldeasturias.com\\\/noticias\\\/#website\",\"url\":\"https:\\\/\\\/www.eldigitaldeasturias.com\\\/noticias\\\/\",\"name\":\"El Digital de Asturias - Diario de actualidad y noticias\",\"alternateName\":\"El Digital de Asturias - Diario de actualidad y noticias\",\"description\":\"Hemeroteca\",\"inLanguage\":\"es-ES\",\"publisher\":{\"@id\":\"https:\\\/\\\/www.eldigitaldeasturias.com\\\/noticias\\\/#organization\"}}]}\n\t\t<\/script>\n\t\t<!-- All in One SEO Pro -->\r\n\t\t<title>Centralitas virtuales: la clave para una comunicaci\u00f3n empresarial \u00e1gil y efectiva en las PYMEs - El Digital de Asturias<\/title>\n\n","aioseo_head_json":{"title":"Centralitas virtuales: la clave para una comunicaci\u00f3n empresarial \u00e1gil y efectiva en las PYMEs - El Digital de Asturias","description":"En el din\u00e1mico mundo empresarial actual, la comunicaci\u00f3n efectiva desempe\u00f1a un papel fundamental en el \u00e9xito de las peque\u00f1as y medianas empresas (PYMEs).","canonical_url":"https:\/\/www.eldigitaldeasturias.com\/noticias\/centralitas-virtuales-la-clave-para-una-comunicacion-empresarial-agil-y-efectiva-en-las-pymes\/","robots":"max-image-preview:large","keywords":"negocios y empresas","webmasterTools":{"google-site-verification":"UA-38556648-1","msvalidate.01":"7dfe9f3f1b24437ab69f4f2559babe99","miscellaneous":""},"schema":{"@context":"https:\/\/schema.org","@graph":[{"@type":"BlogPosting","@id":"https:\/\/www.eldigitaldeasturias.com\/noticias\/centralitas-virtuales-la-clave-para-una-comunicacion-empresarial-agil-y-efectiva-en-las-pymes\/#blogposting","name":"Centralitas virtuales: la clave para una comunicaci\u00f3n empresarial \u00e1gil y efectiva en las PYMEs - El Digital de Asturias","headline":"Centralitas virtuales: la clave para una comunicaci\u00f3n empresarial \u00e1gil y efectiva en las PYMEs","author":{"@id":"https:\/\/www.eldigitaldeasturias.com\/noticias\/author\/admin\/#author"},"publisher":{"@id":"https:\/\/www.eldigitaldeasturias.com\/noticias\/#organization"},"image":{"@type":"ImageObject","url":"https:\/\/www.eldigitaldeasturias.com\/noticias\/wp-content\/uploads\/2023\/11\/Centralitas-virtuales-Pymes.jpg","width":640,"height":427,"caption":"Centralitas virtuales Pymes"},"datePublished":"2023-11-18T04:25:21+01:00","dateModified":"2023-11-18T04:25:51+01:00","inLanguage":"es-ES","mainEntityOfPage":{"@id":"https:\/\/www.eldigitaldeasturias.com\/noticias\/centralitas-virtuales-la-clave-para-una-comunicacion-empresarial-agil-y-efectiva-en-las-pymes\/#webpage"},"isPartOf":{"@id":"https:\/\/www.eldigitaldeasturias.com\/noticias\/centralitas-virtuales-la-clave-para-una-comunicacion-empresarial-agil-y-efectiva-en-las-pymes\/#webpage"},"articleSection":"Negocios y Empresas"},{"@type":"BreadcrumbList","@id":"https:\/\/www.eldigitaldeasturias.com\/noticias\/centralitas-virtuales-la-clave-para-una-comunicacion-empresarial-agil-y-efectiva-en-las-pymes\/#breadcrumblist","itemListElement":[{"@type":"ListItem","@id":"https:\/\/www.eldigitaldeasturias.com\/noticias#listItem","position":1,"name":"Home","item":"https:\/\/www.eldigitaldeasturias.com\/noticias","nextItem":{"@type":"ListItem","@id":"https:\/\/www.eldigitaldeasturias.com\/noticias\/category\/negocios-y-empresas\/#listItem","name":"Negocios y Empresas"}},{"@type":"ListItem","@id":"https:\/\/www.eldigitaldeasturias.com\/noticias\/category\/negocios-y-empresas\/#listItem","position":2,"name":"Negocios y Empresas","item":"https:\/\/www.eldigitaldeasturias.com\/noticias\/category\/negocios-y-empresas\/","nextItem":{"@type":"ListItem","@id":"https:\/\/www.eldigitaldeasturias.com\/noticias\/centralitas-virtuales-la-clave-para-una-comunicacion-empresarial-agil-y-efectiva-en-las-pymes\/#listItem","name":"Centralitas virtuales: la clave para una comunicaci\u00f3n empresarial \u00e1gil y efectiva en las PYMEs"},"previousItem":{"@type":"ListItem","@id":"https:\/\/www.eldigitaldeasturias.com\/noticias#listItem","name":"Home"}},{"@type":"ListItem","@id":"https:\/\/www.eldigitaldeasturias.com\/noticias\/centralitas-virtuales-la-clave-para-una-comunicacion-empresarial-agil-y-efectiva-en-las-pymes\/#listItem","position":3,"name":"Centralitas virtuales: la clave para una comunicaci\u00f3n empresarial \u00e1gil y efectiva en las PYMEs","previousItem":{"@type":"ListItem","@id":"https:\/\/www.eldigitaldeasturias.com\/noticias\/category\/negocios-y-empresas\/#listItem","name":"Negocios y Empresas"}}]},{"@type":"Organization","@id":"https:\/\/www.eldigitaldeasturias.com\/noticias\/#organization","name":"El Digital de Asturias","description":"Hemeroteca","url":"https:\/\/www.eldigitaldeasturias.com\/noticias\/","email":"info@eldigitaldeasturias.com","telephone":"+34652131393","logo":{"@type":"ImageObject","url":"https:\/\/www.eldigitaldeasturias.com\/noticias\/wp-content\/uploads\/2020\/12\/EDA.jpg","@id":"https:\/\/www.eldigitaldeasturias.com\/noticias\/centralitas-virtuales-la-clave-para-una-comunicacion-empresarial-agil-y-efectiva-en-las-pymes\/#organizationLogo","width":649,"height":297},"image":{"@id":"https:\/\/www.eldigitaldeasturias.com\/noticias\/centralitas-virtuales-la-clave-para-una-comunicacion-empresarial-agil-y-efectiva-en-las-pymes\/#organizationLogo"},"sameAs":["https:\/\/facebook.com\/eldigitaldeasturias","https:\/\/www.youtube.com\/channel\/UCZP-2wLEB9Rv6erhFmqVnvg"],"address":{"@id":"https:\/\/www.eldigitaldeasturias.com\/noticias\/#postaladdress","@type":"PostalAddress","streetAddress":"san antonio 4,","postalCode":"33430","addressLocality":"Cand\u00e1s","addressRegion":"Asturias","addressCountry":"ES"}},{"@type":"Person","@id":"https:\/\/www.eldigitaldeasturias.com\/noticias\/author\/admin\/#author","url":"https:\/\/www.eldigitaldeasturias.com\/noticias\/author\/admin\/","name":"El Digital de Asturias","image":{"@type":"ImageObject","@id":"https:\/\/www.eldigitaldeasturias.com\/noticias\/centralitas-virtuales-la-clave-para-una-comunicacion-empresarial-agil-y-efectiva-en-las-pymes\/#authorImage","url":"https:\/\/www.eldigitaldeasturias.com\/noticias\/wp-content\/litespeed\/avatar\/18677e78aa0546b92d9dbf31ec7d7668.jpg?ver=1777290358","width":96,"height":96,"caption":"El Digital de Asturias"}},{"@type":"WebPage","@id":"https:\/\/www.eldigitaldeasturias.com\/noticias\/centralitas-virtuales-la-clave-para-una-comunicacion-empresarial-agil-y-efectiva-en-las-pymes\/#webpage","url":"https:\/\/www.eldigitaldeasturias.com\/noticias\/centralitas-virtuales-la-clave-para-una-comunicacion-empresarial-agil-y-efectiva-en-las-pymes\/","name":"Centralitas virtuales: la clave para una comunicaci\u00f3n empresarial \u00e1gil y efectiva en las PYMEs - El Digital de Asturias","description":"En el din\u00e1mico mundo empresarial actual, la comunicaci\u00f3n efectiva desempe\u00f1a un papel fundamental en el \u00e9xito de las peque\u00f1as y medianas empresas (PYMEs).","inLanguage":"es-ES","isPartOf":{"@id":"https:\/\/www.eldigitaldeasturias.com\/noticias\/#website"},"breadcrumb":{"@id":"https:\/\/www.eldigitaldeasturias.com\/noticias\/centralitas-virtuales-la-clave-para-una-comunicacion-empresarial-agil-y-efectiva-en-las-pymes\/#breadcrumblist"},"author":{"@id":"https:\/\/www.eldigitaldeasturias.com\/noticias\/author\/admin\/#author"},"creator":{"@id":"https:\/\/www.eldigitaldeasturias.com\/noticias\/author\/admin\/#author"},"image":{"@type":"ImageObject","url":"https:\/\/www.eldigitaldeasturias.com\/noticias\/wp-content\/uploads\/2023\/11\/Centralitas-virtuales-Pymes.jpg","@id":"https:\/\/www.eldigitaldeasturias.com\/noticias\/centralitas-virtuales-la-clave-para-una-comunicacion-empresarial-agil-y-efectiva-en-las-pymes\/#mainImage","width":640,"height":427,"caption":"Centralitas virtuales Pymes"},"primaryImageOfPage":{"@id":"https:\/\/www.eldigitaldeasturias.com\/noticias\/centralitas-virtuales-la-clave-para-una-comunicacion-empresarial-agil-y-efectiva-en-las-pymes\/#mainImage"},"datePublished":"2023-11-18T04:25:21+01:00","dateModified":"2023-11-18T04:25:51+01:00"},{"@type":"WebSite","@id":"https:\/\/www.eldigitaldeasturias.com\/noticias\/#website","url":"https:\/\/www.eldigitaldeasturias.com\/noticias\/","name":"El Digital de Asturias - Diario de actualidad y noticias","alternateName":"El Digital de Asturias - Diario de actualidad y noticias","description":"Hemeroteca","inLanguage":"es-ES","publisher":{"@id":"https:\/\/www.eldigitaldeasturias.com\/noticias\/#organization"}}]},"og:locale":"es_ES","og:site_name":"El Digital de Asturias","og:type":"article","og:title":"Centralitas virtuales: la clave para una comunicaci\u00f3n empresarial \u00e1gil y efectiva en las PYMEs - El Digital de Asturias","og:description":"En el din\u00e1mico mundo empresarial actual, la comunicaci\u00f3n efectiva desempe\u00f1a un papel fundamental en el \u00e9xito de las peque\u00f1as y medianas empresas (PYMEs).","og:url":"https:\/\/www.eldigitaldeasturias.com\/noticias\/centralitas-virtuales-la-clave-para-una-comunicacion-empresarial-agil-y-efectiva-en-las-pymes\/","og:image":"https:\/\/www.eldigitaldeasturias.com\/noticias\/wp-content\/uploads\/2023\/11\/Centralitas-virtuales-Pymes.jpg","og:image:secure_url":"https:\/\/www.eldigitaldeasturias.com\/noticias\/wp-content\/uploads\/2023\/11\/Centralitas-virtuales-Pymes.jpg","og:image:width":640,"og:image:height":427,"article:tag":["negocios y empresas"],"article:published_time":"2023-11-18T03:25:21+00:00","article:modified_time":"2023-11-18T03:25:51+00:00","article:publisher":"https:\/\/facebook.com\/eldigitaldeasturias","twitter:card":"summary_large_image","twitter:title":"Centralitas virtuales: la clave para una comunicaci\u00f3n empresarial \u00e1gil y efectiva en las PYMEs - El Digital de Asturias","twitter:description":"En el din\u00e1mico mundo empresarial actual, la comunicaci\u00f3n efectiva desempe\u00f1a un papel fundamental en el \u00e9xito de las peque\u00f1as y medianas empresas (PYMEs).","twitter:image":"https:\/\/www.eldigitaldeasturias.com\/noticias\/wp-content\/uploads\/2023\/11\/Centralitas-virtuales-Pymes.jpg","twitter:label1":"Escrito por","twitter:data1":"El Digital de Asturias","twitter:label2":"Tiempo de lectura estimado","twitter:data2":"3 minutos"},"aioseo_meta_data":{"post_id":"1126881","title":null,"description":"En el din\u00e1mico mundo empresarial actual, la comunicaci\u00f3n efectiva desempe\u00f1a un papel fundamental en el \u00e9xito de las peque\u00f1as y medianas empresas (PYMEs).","keywords":[],"keyphrases":{"focus":{"keyphrase":"PYMEs","score":87,"analysis":{"keyphraseInTitle":{"score":9,"maxScore":9,"error":0},"keyphraseInDescription":{"score":9,"maxScore":9,"error":0},"keyphraseLength":{"score":9,"maxScore":9,"error":0,"length":1},"keyphraseInURL":{"score":5,"maxScore":5,"error":0},"keyphraseInIntroduction":{"score":9,"maxScore":9,"error":0},"keyphraseInSubHeadings":{"score":9,"maxScore":9,"error":0},"keyphraseInImageAlt":{"score":9,"maxScore":9,"error":0},"keywordDensity":{"type":"high","score":0,"maxScore":9,"error":1}}},"additional":[{"keyphrase":"PYMEs","score":80,"analysis":{"keyphraseInDescription":{"score":9,"maxScore":9,"error":0},"keyphraseLength":{"score":9,"maxScore":9,"error":0,"length":1},"keyphraseInIntroduction":{"score":9,"maxScore":9,"error":0},"keyphraseInImageAlt":{"score":9,"maxScore":9,"error":0},"keywordDensity":{"type":"high","score":0,"maxScore":9,"error":1}}},{"keyphrase":"Centralitas virtuales","score":53,"analysis":{"keyphraseInDescription":{"score":3,"maxScore":9,"error":1},"keyphraseLength":{"score":9,"maxScore":9,"error":0,"length":2},"keyphraseInIntroduction":{"score":3,"maxScore":9,"error":1},"keyphraseInImageAlt":{"score":9,"maxScore":9,"error":0},"keywordDensity":{"score":0,"type":"low","maxScore":9,"error":1}}},{"keyphrase":"comunicaci\u00f3n","score":67,"analysis":{"keyphraseInDescription":{"score":9,"maxScore":9,"error":0},"keyphraseLength":{"score":9,"maxScore":9,"error":0,"length":2},"keyphraseInIntroduction":{"score":9,"maxScore":9,"error":0},"keyphraseInImageAlt":{"score":3,"maxScore":9,"error":1},"keywordDensity":{"score":0,"type":"low","maxScore":9,"error":1}}}]},"primary_term":null,"canonical_url":null,"og_title":null,"og_description":null,"og_object_type":"default","og_image_type":"default","og_image_url":null,"og_image_width":null,"og_image_height":null,"og_image_custom_url":null,"og_image_custom_fields":null,"og_video":"","og_custom_url":null,"og_article_section":null,"og_article_tags":[],"twitter_use_og":false,"twitter_card":"default","twitter_image_type":"default","twitter_image_url":null,"twitter_image_custom_url":null,"twitter_image_custom_fields":null,"twitter_title":null,"twitter_description":null,"schema":{"blockGraphs":[],"customGraphs":[],"default":{"data":{"Article":[],"Course":[],"Dataset":[],"FAQPage":[],"Movie":[],"Person":[],"Product":[],"ProductReview":[],"Car":[],"Recipe":[],"Service":[],"SoftwareApplication":[],"WebPage":[]},"graphName":"BlogPosting","isEnabled":true},"graphs":[]},"schema_type":"default","schema_type_options":null,"pillar_content":false,"robots_default":true,"robots_noindex":false,"robots_noarchive":false,"robots_nosnippet":false,"robots_nofollow":false,"robots_noimageindex":false,"robots_noodp":false,"robots_notranslate":false,"robots_max_snippet":"-1","robots_max_videopreview":"-1","robots_max_imagepreview":"large","priority":null,"frequency":"default","local_seo":null,"seo_analyzer_scan_date":"2025-10-05 21:10:23","breadcrumb_settings":null,"limit_modified_date":false,"open_ai":"{\"title\":{\"suggestions\":[],\"usage\":0},\"description\":{\"suggestions\":[],\"usage\":0}}","ai":null,"created":"2023-11-18 03:13:59","updated":"2025-10-09 03:37:28"},"aioseo_breadcrumb":"<div class=\"aioseo-breadcrumbs\"><span class=\"aioseo-breadcrumb\">\n\t<a href=\"https:\/\/www.eldigitaldeasturias.com\/noticias\" title=\"Home\">Home<\/a>\n<\/span><span class=\"aioseo-breadcrumb-separator\">\u2013<\/span><span class=\"aioseo-breadcrumb\">\n\t<a href=\"https:\/\/www.eldigitaldeasturias.com\/noticias\/category\/negocios-y-empresas\/\" title=\"Negocios y Empresas\">Negocios y Empresas<\/a>\n<\/span><span class=\"aioseo-breadcrumb-separator\">\u2013<\/span><span class=\"aioseo-breadcrumb\">\n\t<a href=\"https:\/\/www.eldigitaldeasturias.com\/noticias\/centralitas-virtuales-la-clave-para-una-comunicacion-empresarial-agil-y-efectiva-en-las-pymes\/\" title=\"Centralitas virtuales: la clave para una comunicaci\u00f3n empresarial \u00e1gil y efectiva en las PYMEs\">Centralitas virtuales: la clave para una comunicaci\u00f3n empresarial \u00e1gil y efectiva en las PYMEs<\/a>\n<\/span><\/div>","aioseo_breadcrumb_json":[{"label":"Home","link":"https:\/\/www.eldigitaldeasturias.com\/noticias"},{"label":"Negocios y Empresas","link":"https:\/\/www.eldigitaldeasturias.com\/noticias\/category\/negocios-y-empresas\/"},{"label":"Centralitas virtuales: la clave para una comunicaci\u00f3n empresarial \u00e1gil y efectiva en las PYMEs","link":"https:\/\/www.eldigitaldeasturias.com\/noticias\/centralitas-virtuales-la-clave-para-una-comunicacion-empresarial-agil-y-efectiva-en-las-pymes\/"}],"_links":{"self":[{"href":"https:\/\/www.eldigitaldeasturias.com\/noticias\/wp-json\/wp\/v2\/posts\/1126881","targetHints":{"allow":["GET"]}}],"collection":[{"href":"https:\/\/www.eldigitaldeasturias.com\/noticias\/wp-json\/wp\/v2\/posts"}],"about":[{"href":"https:\/\/www.eldigitaldeasturias.com\/noticias\/wp-json\/wp\/v2\/types\/post"}],"author":[{"embeddable":true,"href":"https:\/\/www.eldigitaldeasturias.com\/noticias\/wp-json\/wp\/v2\/users\/1"}],"replies":[{"embeddable":true,"href":"https:\/\/www.eldigitaldeasturias.com\/noticias\/wp-json\/wp\/v2\/comments?post=1126881"}],"version-history":[{"count":0,"href":"https:\/\/www.eldigitaldeasturias.com\/noticias\/wp-json\/wp\/v2\/posts\/1126881\/revisions"}],"wp:featuredmedia":[{"embeddable":true,"href":"https:\/\/www.eldigitaldeasturias.com\/noticias\/wp-json\/wp\/v2\/media\/1126882"}],"wp:attachment":[{"href":"https:\/\/www.eldigitaldeasturias.com\/noticias\/wp-json\/wp\/v2\/media?parent=1126881"}],"wp:term":[{"taxonomy":"category","embeddable":true,"href":"https:\/\/www.eldigitaldeasturias.com\/noticias\/wp-json\/wp\/v2\/categories?post=1126881"},{"taxonomy":"post_tag","embeddable":true,"href":"https:\/\/www.eldigitaldeasturias.com\/noticias\/wp-json\/wp\/v2\/tags?post=1126881"}],"curies":[{"name":"wp","href":"https:\/\/api.w.org\/{rel}","templated":true}]}}