{"id":1126867,"date":"2023-11-17T18:58:15","date_gmt":"2023-11-17T17:58:15","guid":{"rendered":"https:\/\/www.eldigitaldeasturias.com\/noticias\/?p=1126867"},"modified":"2023-11-17T18:58:15","modified_gmt":"2023-11-17T17:58:15","slug":"milbby-inaugura-su-primera-tienda-en-asturias-en-el-cc-parque-principado","status":"publish","type":"post","link":"https:\/\/www.eldigitaldeasturias.com\/noticias\/milbby-inaugura-su-primera-tienda-en-asturias-en-el-cc-parque-principado\/","title":{"rendered":"Milbby inaugura su primera tienda en Asturias en el CC Parque Principado"},"content":{"rendered":"<p>La cadena de tiendas de artes y manualidades, <span style=\"color: #ff6600;\"><a style=\"color: #ff6600;\" title=\"Milbby\" href=\"https:\/\/www.milbby.com\/\" target=\"_blank\" rel=\"noopener\">Milbby<\/a><\/span>, contin\u00faa con su exitosa expansi\u00f3n e inaugura su primer punto de venta en Asturias.<\/p>\n<p><img loading=\"lazy\" decoding=\"async\" class=\"wp-image-1126868 size-large aligncenter\" src=\"https:\/\/www.eldigitaldeasturias.com\/noticias\/wp-content\/uploads\/2023\/11\/Milbby-650x443.jpg\" alt=\"Milbby\" width=\"650\" height=\"443\" srcset=\"https:\/\/www.eldigitaldeasturias.com\/noticias\/wp-content\/uploads\/2023\/11\/Milbby-650x443.jpg 650w, https:\/\/www.eldigitaldeasturias.com\/noticias\/wp-content\/uploads\/2023\/11\/Milbby-360x245.jpg 360w, https:\/\/www.eldigitaldeasturias.com\/noticias\/wp-content\/uploads\/2023\/11\/Milbby-440x300.jpg 440w, https:\/\/www.eldigitaldeasturias.com\/noticias\/wp-content\/uploads\/2023\/11\/Milbby-768x523.jpg 768w, https:\/\/www.eldigitaldeasturias.com\/noticias\/wp-content\/uploads\/2023\/11\/Milbby-150x102.jpg 150w, https:\/\/www.eldigitaldeasturias.com\/noticias\/wp-content\/uploads\/2023\/11\/Milbby-450x307.jpg 450w, https:\/\/www.eldigitaldeasturias.com\/noticias\/wp-content\/uploads\/2023\/11\/Milbby.jpg 1038w\" sizes=\"auto, (max-width: 650px) 100vw, 650px\" \/><\/p>\n<p>Ser\u00e1 el 17 de noviembre cuando abra sus puertas al p\u00fablico el local en el C.C. Parque Principado en Paredes, Lugones, con sus m\u00e1s de 1.000 metros cuadrados dedicados a las manualidades, labores, scrapbooking y bellas artes, entre otras t\u00e9cnicas art\u00edsticas<\/p>\n<p>Esta inauguraci\u00f3n contar\u00e1 con numerosas actividades durante el viernes y el s\u00e1bado, incluso con la presencia del artista Ren\u00e9 M\u00e4kel\u00e4, quien presenta in situ la obra de arte que presidir\u00e1 el punto de venta como viene siendo habitual en sus locales.<\/p>\n<p>Con 18 puntos de venta en toda Espa\u00f1a, la \u00faltima tienda en incorporarse,Milbby Asturias, contar\u00e1 con m\u00e1s de 20.000 productos, para disfrutar de una amplia gama de productos de las mejores marcas y herramientas para poner en marcha infinidad de proyectos creativos a trav\u00e9s de diferentes t\u00e9cnicas art\u00edsticas: craft, manualidades, labores, ni\u00f1os, reposter\u00eda, bellas artes, modelismo y decoraci\u00f3n.<\/p>\n<p>Adem\u00e1s, contar\u00e1 con el espacio Milbby Academy en sus instalaciones, con dos aulas especialmente dedicadas a la formaci\u00f3n creativa con talleres, cursos mensuales y seguimiento con profesores, que en breve ser\u00e1n anunciados y activados.<\/p>\n<h2><strong>Doble fiesta de inauguraci\u00f3n el viernes y el s\u00e1bado<\/strong><\/h2>\n<p>Durante el viernes y s\u00e1bado Milbby propone una fiesta en la que descubrir\u00e1 a todos sus visitantes las infinitas posibilidades creativas que pueden encontrar en el para\u00edso de las manualidades, adem\u00e1s de contar con demos colaborativas, pintacaras para los m\u00e1s peque\u00f1os, regalos por compra, descuentos exclusivos para los primeros clientes y muchas sorpresas m\u00e1s que pretenden hacer de esta, una doble jornada inolvidable.<\/p>\n<h2><strong>Ren\u00e9 M\u00e4kel\u00e4 como exponente del arte m\u00e1s internacional, en Milbby<\/strong><\/h2>\n<p>Ya es tradici\u00f3n que, cada punto de venta Milbby, cuente con un homenaje a un icono de la ciudad a trav\u00e9s de los pinceles del reconocido artista mallorqu\u00edn Ren\u00e9 M\u00e4kel\u00e4.<\/p>\n<p>En Madrid ya rindi\u00f3 tributo a Pen\u00e9lope Cruz, Joaqu\u00edn Sabina o Dabiz Mu\u00f1oz, en Jerez a la gran Lola Flores, en Sevilla a Vel\u00e1zquez, en Donosti a Mart\u00edn Berasategui, en Barcelona a Serrat, Buenafuente o Rosal\u00eda, en Cantabria a Seve Ballesteros, en Bilbao\u00a0 Ibai Llanos o en Valencia a Berlanga, entre otros.<\/p>\n<p>Ahora es el turno de Asturias, donde la obra de arte est\u00e1 dedicada a un asturiano de adopci\u00f3n, el c\u00e9lebre cineasta Woody Allen.<\/p>\n<p>En palabras del artista mallorqu\u00edn \u201c<em>es emocionante ser profeta en tu tierra pero m\u00e1s a\u00fan serlo fuera de ella. Oviedo siempre ha demostrado un cari\u00f1o enorme a la figura profesional de Woody Allen, para m\u00ed un absoluto genio y talento del cine. Woody Allen, adem\u00e1s, siempre ha devuelto a Asturias todo el cari\u00f1o recibido, tanto con palabras como con emplazamientos para grabar sus c\u00e9lebres pel\u00edculas. Woody, en su faceta profesional, ser\u00e1 recordado siempre como uno de los grandes por tener un sello \u00fanico y para m\u00ed es un orgullo reflejarlo en esta obra que, a trav\u00e9s de su figura, en realidad rinde homenaje a una tierra tan rica, acogedora, talentosa y excepcional como es Asturias<\/em>\u201d.<\/p>\n<h3><strong>Sobre Milbby<\/strong><\/h3>\n<p>Milbby es la tienda de manualidades y bellas artes m\u00e1s grande de Espa\u00f1a. Nace en Julio de 2017 en Espa\u00f1a como un concepto \u00fanico de negocio online (<a href=\"http:\/\/www.millbby.com\/\">www.millbby.com<\/a>) y cuenta en la actualidad con 18 tiendas f\u00edsicas, en Madrid, Zaragoza, Santander, Sevilla, Valladolid, Almer\u00eda, Valencia, Jerez, Donostia, Barcelona, Toledo,\u00a0 Barakaldo y ahora Asturias; especialistas en manualidades y bellas artes, donde podemos encontrar una gran variedad de productos y servicios para dar rienda suelta a la creatividad practicando el hobby que m\u00e1s nos guste.<\/p>\n<p>Nuestra misi\u00f3n es la de impulsar a todo el mundo a explorar su creatividad para ser m\u00e1s felices; facilitando a todos el acceso a la creatividad y a los hobbies a trav\u00e9s de diferentes materiales, herramientas y formaci\u00f3n para todos los p\u00fablicos y niveles. No es necesario ser un experto. En Milbby se puede encontrar todo lo que se necesita para las manualidades y adem\u00e1s ense\u00f1amos a utilizarlo. Numerosos estudios confirman los beneficios de disfrutar de un hobby para la salud f\u00edsica y mental, por eso muchos terapeutas recomiendan su pr\u00e1ctica que ser\u00e1 una manera de centrar nuestros sentidos en el mundo presente y abstraernos del entorno logrando sumergirnos en actividad de forma total, consiguiendo desconectar de las preocupaciones, elevar nuestro nivel de endorfinas y por tanto, de nuestra felicidad.<\/p>\n<p>Para m\u00e1s informaci\u00f3n: <strong>marketing@milbby.com<\/strong><\/p>\n<p><strong><em>SOBRE REN\u00c9 M\u00c4KEL\u00c4<\/em><\/strong><\/p>\n<p><em>El artista Ren\u00e9 M\u00e4kel\u00e4 siempre pint\u00f3, pero no siempre se dedic\u00f3 a ello al 100% Su trayectoria profesional ha estado muchos a\u00f1os vinculada a la televisi\u00f3n, donde trabaj\u00f3 como guionista en diferentes late nights como Buenafuente o Noche Hache. Un d\u00eda todo cambi\u00f3 cuando una de sus obras -que suelen reflejar, en un estilo fl\u00faor, figuras de personalidades de la cultura, el cine, el deporte, la pol\u00edtica o la m\u00fasica &#8211; comenz\u00f3 a hacerse viral a trav\u00e9s de Instagram y lleg\u00f3, mediante Andreu Buenafuente, a los ojos de Jorge Lorenzo. El expiloto fue uno de los primeros que le pidi\u00f3 expresamente varios cuadros. Despu\u00e9s llegar\u00edan estrellas de la NFL, la NBA o el b\u00e9isbol como Manny Machado, Cam Newton, Austin Rivers o Matt Kemp. En medio de ese camino hacia el reconocimiento mundial, donde el artista comenz\u00f3 a exponer en galer\u00edas de Los \u00c1ngeles, Miami, Par\u00eds o Nueva York, apareci\u00f3 la ic\u00f3nica actriz y modelo Cara Delevingne, cautivada por el retrato que le hizo el artista, en el que combinaba su faceta de \u00e1ngel con la de demonio en un mismo lienzo. Mientras eso ocurr\u00eda, Madonna ped\u00eda expresamente al pintor que fuera \u00e9l el encargado de realizar el mural de la Fundaci\u00f3n Raising Malawi, impulsada por la cantante para ofrecer ayuda y cobijo a los ni\u00f1os que m\u00e1s lo necesitan. All\u00ed estuvo Ren\u00e9 poniendo su imaginaci\u00f3n al servicio de la solidaridad, un aspecto este, el del apoyo a las causas nobles, que ha sido valorado incluso por el Papa Francisco, quien recibi\u00f3 al artista mallorqu\u00edn en audiencia para apreciar su obra y reconocer p\u00fablicamente su labor. El delantero brasile\u00f1o del Real Madrid, Vinicius Jr., ha sido el \u00faltimo en sumarse a la extensa lista de famosos admiradores que han decidido solicitar a Ren\u00e9 un \u2018M\u00e4kel\u00e4\u2019, un tipo de obra que pas\u00f3 en pocos a\u00f1os de Instagram al sal\u00f3n de las celebrities, y a algunas de las galer\u00edas m\u00e1s prestigiosas del mundo.<\/em><\/p>\n<p><strong><em>SOBRE M\u00c4KELISMOS<\/em><\/strong><\/p>\n<p><em>M\u00c4KELISMOS es la marca de moda y arte inspirada en las creaciones del artista mallorqu\u00edn Ren\u00e9 M\u00e4kel\u00e4 . La firma M\u00c4KELISMOS llega de la mano del propio pintor y de dos socios con amplia trayectoria en el \u00e1mbito del marketing digital y la comunicaci\u00f3n. M\u00c4KELISMOS vende arte, moda y complementos a trav\u00e9s de su ecommerce <\/em><span style=\"color: #ff6600;\"><a style=\"color: #ff6600;\" href=\"http:\/\/www.makelismos.es\/\" target=\"_blank\" rel=\"noopener\"><em>www.makelismos.es<\/em><\/a><\/span> <em>y en el n\u00famero 61 de la calle Serrano de Madrid, en su concept store de ABC Serrano.<\/em><\/p>\n","protected":false},"excerpt":{"rendered":"<p>La cadena de tiendas de artes y manualidades, Milbby, contin\u00faa con su exitosa expansi\u00f3n e inaugura su primer punto de venta en Asturias. Ser\u00e1 el 17 de noviembre cuando abra sus puertas al p\u00fablico el local en el C.C. Parque Principado en Paredes, Lugones, con sus m\u00e1s de 1.000 metros cuadrados dedicados a las manualidades, [&hellip;]<\/p>\n","protected":false},"author":1,"featured_media":1126868,"comment_status":"closed","ping_status":"closed","sticky":false,"template":"","format":"standard","meta":{"footnotes":""},"categories":[219],"tags":[],"class_list":["post-1126867","post","type-post","status-publish","format-standard","has-post-thumbnail","hentry","category-negocios-y-empresas"],"aioseo_notices":[],"aioseo_head":"\n\t\t<!-- All in One SEO Pro 4.9.6.2 - aioseo.com -->\n\t<meta name=\"description\" content=\"La cadena de tiendas de artes y manualidades, Milbby, contin\u00faa con su exitosa expansi\u00f3n e inaugura su primer punto de venta en Asturias.\" \/>\n\t<meta name=\"robots\" content=\"max-image-preview:large\" \/>\n\t<meta name=\"author\" content=\"El Digital de Asturias\"\/>\n\t<meta name=\"google-site-verification\" content=\"UA-38556648-1\" \/>\n\t<meta name=\"msvalidate.01\" content=\"7dfe9f3f1b24437ab69f4f2559babe99\" \/>\n\t<meta name=\"keywords\" content=\"negocios y empresas\" \/>\n\t<link rel=\"canonical\" href=\"https:\/\/www.eldigitaldeasturias.com\/noticias\/milbby-inaugura-su-primera-tienda-en-asturias-en-el-cc-parque-principado\/\" \/>\n\t<meta name=\"generator\" content=\"All in One SEO Pro (AIOSEO) 4.9.6.2\" \/>\n\t\t<meta property=\"og:locale\" content=\"es_ES\" \/>\n\t\t<meta property=\"og:site_name\" content=\"El Digital de Asturias\" \/>\n\t\t<meta property=\"og:type\" content=\"article\" \/>\n\t\t<meta property=\"og:title\" content=\"Milbby inaugura su primera tienda en Asturias en el CC Parque Principado - El Digital de Asturias\" \/>\n\t\t<meta property=\"og:description\" content=\"La cadena de tiendas de artes y manualidades, Milbby, contin\u00faa con su exitosa expansi\u00f3n e inaugura su primer punto de venta en Asturias.\" \/>\n\t\t<meta property=\"og:url\" content=\"https:\/\/www.eldigitaldeasturias.com\/noticias\/milbby-inaugura-su-primera-tienda-en-asturias-en-el-cc-parque-principado\/\" \/>\n\t\t<meta property=\"og:image\" content=\"https:\/\/www.eldigitaldeasturias.com\/noticias\/wp-content\/uploads\/2023\/11\/Milbby.jpg\" \/>\n\t\t<meta property=\"og:image:secure_url\" content=\"https:\/\/www.eldigitaldeasturias.com\/noticias\/wp-content\/uploads\/2023\/11\/Milbby.jpg\" \/>\n\t\t<meta property=\"og:image:width\" content=\"1038\" \/>\n\t\t<meta property=\"og:image:height\" content=\"707\" \/>\n\t\t<meta property=\"article:tag\" content=\"negocios y empresas\" \/>\n\t\t<meta property=\"article:published_time\" content=\"2023-11-17T17:58:15+00:00\" \/>\n\t\t<meta property=\"article:modified_time\" content=\"2023-11-17T17:58:15+00:00\" \/>\n\t\t<meta property=\"article:publisher\" content=\"https:\/\/facebook.com\/eldigitaldeasturias\" \/>\n\t\t<meta name=\"twitter:card\" content=\"summary_large_image\" \/>\n\t\t<meta name=\"twitter:title\" content=\"Milbby inaugura su primera tienda en Asturias en el CC Parque Principado - El Digital de Asturias\" \/>\n\t\t<meta name=\"twitter:description\" content=\"La cadena de tiendas de artes y manualidades, Milbby, contin\u00faa con su exitosa expansi\u00f3n e inaugura su primer punto de venta en Asturias.\" \/>\n\t\t<meta name=\"twitter:image\" content=\"https:\/\/www.eldigitaldeasturias.com\/noticias\/wp-content\/uploads\/2023\/11\/Milbby.jpg\" \/>\n\t\t<meta name=\"twitter:label1\" content=\"Escrito por\" \/>\n\t\t<meta name=\"twitter:data1\" content=\"El Digital de Asturias\" \/>\n\t\t<meta name=\"twitter:label2\" content=\"Tiempo de lectura estimado\" \/>\n\t\t<meta name=\"twitter:data2\" content=\"6 minutos\" \/>\n\t\t<script type=\"application\/ld+json\" class=\"aioseo-schema\">\n\t\t\t{\"@context\":\"https:\\\/\\\/schema.org\",\"@graph\":[{\"@type\":\"BlogPosting\",\"@id\":\"https:\\\/\\\/www.eldigitaldeasturias.com\\\/noticias\\\/milbby-inaugura-su-primera-tienda-en-asturias-en-el-cc-parque-principado\\\/#blogposting\",\"name\":\"Milbby inaugura su primera tienda en Asturias en el CC Parque Principado - El Digital de Asturias\",\"headline\":\"Milbby inaugura su primera tienda en Asturias en el CC Parque Principado\",\"author\":{\"@id\":\"https:\\\/\\\/www.eldigitaldeasturias.com\\\/noticias\\\/author\\\/admin\\\/#author\"},\"publisher\":{\"@id\":\"https:\\\/\\\/www.eldigitaldeasturias.com\\\/noticias\\\/#organization\"},\"image\":{\"@type\":\"ImageObject\",\"url\":\"https:\\\/\\\/www.eldigitaldeasturias.com\\\/noticias\\\/wp-content\\\/uploads\\\/2023\\\/11\\\/Milbby.jpg\",\"width\":1038,\"height\":707,\"caption\":\"Milbby\"},\"datePublished\":\"2023-11-17T18:58:15+01:00\",\"dateModified\":\"2023-11-17T18:58:15+01:00\",\"inLanguage\":\"es-ES\",\"mainEntityOfPage\":{\"@id\":\"https:\\\/\\\/www.eldigitaldeasturias.com\\\/noticias\\\/milbby-inaugura-su-primera-tienda-en-asturias-en-el-cc-parque-principado\\\/#webpage\"},\"isPartOf\":{\"@id\":\"https:\\\/\\\/www.eldigitaldeasturias.com\\\/noticias\\\/milbby-inaugura-su-primera-tienda-en-asturias-en-el-cc-parque-principado\\\/#webpage\"},\"articleSection\":\"Negocios y Empresas\"},{\"@type\":\"BreadcrumbList\",\"@id\":\"https:\\\/\\\/www.eldigitaldeasturias.com\\\/noticias\\\/milbby-inaugura-su-primera-tienda-en-asturias-en-el-cc-parque-principado\\\/#breadcrumblist\",\"itemListElement\":[{\"@type\":\"ListItem\",\"@id\":\"https:\\\/\\\/www.eldigitaldeasturias.com\\\/noticias#listItem\",\"position\":1,\"name\":\"Home\",\"item\":\"https:\\\/\\\/www.eldigitaldeasturias.com\\\/noticias\",\"nextItem\":{\"@type\":\"ListItem\",\"@id\":\"https:\\\/\\\/www.eldigitaldeasturias.com\\\/noticias\\\/category\\\/negocios-y-empresas\\\/#listItem\",\"name\":\"Negocios y Empresas\"}},{\"@type\":\"ListItem\",\"@id\":\"https:\\\/\\\/www.eldigitaldeasturias.com\\\/noticias\\\/category\\\/negocios-y-empresas\\\/#listItem\",\"position\":2,\"name\":\"Negocios y Empresas\",\"item\":\"https:\\\/\\\/www.eldigitaldeasturias.com\\\/noticias\\\/category\\\/negocios-y-empresas\\\/\",\"nextItem\":{\"@type\":\"ListItem\",\"@id\":\"https:\\\/\\\/www.eldigitaldeasturias.com\\\/noticias\\\/milbby-inaugura-su-primera-tienda-en-asturias-en-el-cc-parque-principado\\\/#listItem\",\"name\":\"Milbby inaugura su primera tienda en Asturias en el CC Parque Principado\"},\"previousItem\":{\"@type\":\"ListItem\",\"@id\":\"https:\\\/\\\/www.eldigitaldeasturias.com\\\/noticias#listItem\",\"name\":\"Home\"}},{\"@type\":\"ListItem\",\"@id\":\"https:\\\/\\\/www.eldigitaldeasturias.com\\\/noticias\\\/milbby-inaugura-su-primera-tienda-en-asturias-en-el-cc-parque-principado\\\/#listItem\",\"position\":3,\"name\":\"Milbby inaugura su primera tienda en Asturias en el CC Parque Principado\",\"previousItem\":{\"@type\":\"ListItem\",\"@id\":\"https:\\\/\\\/www.eldigitaldeasturias.com\\\/noticias\\\/category\\\/negocios-y-empresas\\\/#listItem\",\"name\":\"Negocios y Empresas\"}}]},{\"@type\":\"Organization\",\"@id\":\"https:\\\/\\\/www.eldigitaldeasturias.com\\\/noticias\\\/#organization\",\"name\":\"El Digital de Asturias\",\"description\":\"Hemeroteca\",\"url\":\"https:\\\/\\\/www.eldigitaldeasturias.com\\\/noticias\\\/\",\"email\":\"info@eldigitaldeasturias.com\",\"telephone\":\"+34652131393\",\"logo\":{\"@type\":\"ImageObject\",\"url\":\"https:\\\/\\\/www.eldigitaldeasturias.com\\\/noticias\\\/wp-content\\\/uploads\\\/2020\\\/12\\\/EDA.jpg\",\"@id\":\"https:\\\/\\\/www.eldigitaldeasturias.com\\\/noticias\\\/milbby-inaugura-su-primera-tienda-en-asturias-en-el-cc-parque-principado\\\/#organizationLogo\",\"width\":649,\"height\":297},\"image\":{\"@id\":\"https:\\\/\\\/www.eldigitaldeasturias.com\\\/noticias\\\/milbby-inaugura-su-primera-tienda-en-asturias-en-el-cc-parque-principado\\\/#organizationLogo\"},\"sameAs\":[\"https:\\\/\\\/facebook.com\\\/eldigitaldeasturias\",\"https:\\\/\\\/www.youtube.com\\\/channel\\\/UCZP-2wLEB9Rv6erhFmqVnvg\"],\"address\":{\"@id\":\"https:\\\/\\\/www.eldigitaldeasturias.com\\\/noticias\\\/#postaladdress\",\"@type\":\"PostalAddress\",\"streetAddress\":\"san antonio 4,\",\"postalCode\":\"33430\",\"addressLocality\":\"Cand\\u00e1s\",\"addressRegion\":\"Asturias\",\"addressCountry\":\"ES\"}},{\"@type\":\"Person\",\"@id\":\"https:\\\/\\\/www.eldigitaldeasturias.com\\\/noticias\\\/author\\\/admin\\\/#author\",\"url\":\"https:\\\/\\\/www.eldigitaldeasturias.com\\\/noticias\\\/author\\\/admin\\\/\",\"name\":\"El Digital de Asturias\",\"image\":{\"@type\":\"ImageObject\",\"@id\":\"https:\\\/\\\/www.eldigitaldeasturias.com\\\/noticias\\\/milbby-inaugura-su-primera-tienda-en-asturias-en-el-cc-parque-principado\\\/#authorImage\",\"url\":\"https:\\\/\\\/www.eldigitaldeasturias.com\\\/noticias\\\/wp-content\\\/litespeed\\\/avatar\\\/18677e78aa0546b92d9dbf31ec7d7668.jpg?ver=1777290358\",\"width\":96,\"height\":96,\"caption\":\"El Digital de Asturias\"}},{\"@type\":\"WebPage\",\"@id\":\"https:\\\/\\\/www.eldigitaldeasturias.com\\\/noticias\\\/milbby-inaugura-su-primera-tienda-en-asturias-en-el-cc-parque-principado\\\/#webpage\",\"url\":\"https:\\\/\\\/www.eldigitaldeasturias.com\\\/noticias\\\/milbby-inaugura-su-primera-tienda-en-asturias-en-el-cc-parque-principado\\\/\",\"name\":\"Milbby inaugura su primera tienda en Asturias en el CC Parque Principado - El Digital de Asturias\",\"description\":\"La cadena de tiendas de artes y manualidades, Milbby, contin\\u00faa con su exitosa expansi\\u00f3n e inaugura su primer punto de venta en Asturias.\",\"inLanguage\":\"es-ES\",\"isPartOf\":{\"@id\":\"https:\\\/\\\/www.eldigitaldeasturias.com\\\/noticias\\\/#website\"},\"breadcrumb\":{\"@id\":\"https:\\\/\\\/www.eldigitaldeasturias.com\\\/noticias\\\/milbby-inaugura-su-primera-tienda-en-asturias-en-el-cc-parque-principado\\\/#breadcrumblist\"},\"author\":{\"@id\":\"https:\\\/\\\/www.eldigitaldeasturias.com\\\/noticias\\\/author\\\/admin\\\/#author\"},\"creator\":{\"@id\":\"https:\\\/\\\/www.eldigitaldeasturias.com\\\/noticias\\\/author\\\/admin\\\/#author\"},\"image\":{\"@type\":\"ImageObject\",\"url\":\"https:\\\/\\\/www.eldigitaldeasturias.com\\\/noticias\\\/wp-content\\\/uploads\\\/2023\\\/11\\\/Milbby.jpg\",\"@id\":\"https:\\\/\\\/www.eldigitaldeasturias.com\\\/noticias\\\/milbby-inaugura-su-primera-tienda-en-asturias-en-el-cc-parque-principado\\\/#mainImage\",\"width\":1038,\"height\":707,\"caption\":\"Milbby\"},\"primaryImageOfPage\":{\"@id\":\"https:\\\/\\\/www.eldigitaldeasturias.com\\\/noticias\\\/milbby-inaugura-su-primera-tienda-en-asturias-en-el-cc-parque-principado\\\/#mainImage\"},\"datePublished\":\"2023-11-17T18:58:15+01:00\",\"dateModified\":\"2023-11-17T18:58:15+01:00\"},{\"@type\":\"WebSite\",\"@id\":\"https:\\\/\\\/www.eldigitaldeasturias.com\\\/noticias\\\/#website\",\"url\":\"https:\\\/\\\/www.eldigitaldeasturias.com\\\/noticias\\\/\",\"name\":\"El Digital de Asturias - Diario de actualidad y noticias\",\"alternateName\":\"El Digital de Asturias - Diario de actualidad y noticias\",\"description\":\"Hemeroteca\",\"inLanguage\":\"es-ES\",\"publisher\":{\"@id\":\"https:\\\/\\\/www.eldigitaldeasturias.com\\\/noticias\\\/#organization\"}}]}\n\t\t<\/script>\n\t\t<!-- All in One SEO Pro -->\r\n\t\t<title>Milbby inaugura su primera tienda en Asturias en el CC Parque Principado - El Digital de Asturias<\/title>\n\n","aioseo_head_json":{"title":"Milbby inaugura su primera tienda en Asturias en el CC Parque Principado - El Digital de Asturias","description":"La cadena de tiendas de artes y manualidades, Milbby, contin\u00faa con su exitosa expansi\u00f3n e inaugura su primer punto de venta en Asturias.","canonical_url":"https:\/\/www.eldigitaldeasturias.com\/noticias\/milbby-inaugura-su-primera-tienda-en-asturias-en-el-cc-parque-principado\/","robots":"max-image-preview:large","keywords":"negocios y empresas","webmasterTools":{"google-site-verification":"UA-38556648-1","msvalidate.01":"7dfe9f3f1b24437ab69f4f2559babe99","miscellaneous":""},"schema":{"@context":"https:\/\/schema.org","@graph":[{"@type":"BlogPosting","@id":"https:\/\/www.eldigitaldeasturias.com\/noticias\/milbby-inaugura-su-primera-tienda-en-asturias-en-el-cc-parque-principado\/#blogposting","name":"Milbby inaugura su primera tienda en Asturias en el CC Parque Principado - El Digital de Asturias","headline":"Milbby inaugura su primera tienda en Asturias en el CC Parque Principado","author":{"@id":"https:\/\/www.eldigitaldeasturias.com\/noticias\/author\/admin\/#author"},"publisher":{"@id":"https:\/\/www.eldigitaldeasturias.com\/noticias\/#organization"},"image":{"@type":"ImageObject","url":"https:\/\/www.eldigitaldeasturias.com\/noticias\/wp-content\/uploads\/2023\/11\/Milbby.jpg","width":1038,"height":707,"caption":"Milbby"},"datePublished":"2023-11-17T18:58:15+01:00","dateModified":"2023-11-17T18:58:15+01:00","inLanguage":"es-ES","mainEntityOfPage":{"@id":"https:\/\/www.eldigitaldeasturias.com\/noticias\/milbby-inaugura-su-primera-tienda-en-asturias-en-el-cc-parque-principado\/#webpage"},"isPartOf":{"@id":"https:\/\/www.eldigitaldeasturias.com\/noticias\/milbby-inaugura-su-primera-tienda-en-asturias-en-el-cc-parque-principado\/#webpage"},"articleSection":"Negocios y Empresas"},{"@type":"BreadcrumbList","@id":"https:\/\/www.eldigitaldeasturias.com\/noticias\/milbby-inaugura-su-primera-tienda-en-asturias-en-el-cc-parque-principado\/#breadcrumblist","itemListElement":[{"@type":"ListItem","@id":"https:\/\/www.eldigitaldeasturias.com\/noticias#listItem","position":1,"name":"Home","item":"https:\/\/www.eldigitaldeasturias.com\/noticias","nextItem":{"@type":"ListItem","@id":"https:\/\/www.eldigitaldeasturias.com\/noticias\/category\/negocios-y-empresas\/#listItem","name":"Negocios y Empresas"}},{"@type":"ListItem","@id":"https:\/\/www.eldigitaldeasturias.com\/noticias\/category\/negocios-y-empresas\/#listItem","position":2,"name":"Negocios y Empresas","item":"https:\/\/www.eldigitaldeasturias.com\/noticias\/category\/negocios-y-empresas\/","nextItem":{"@type":"ListItem","@id":"https:\/\/www.eldigitaldeasturias.com\/noticias\/milbby-inaugura-su-primera-tienda-en-asturias-en-el-cc-parque-principado\/#listItem","name":"Milbby inaugura su primera tienda en Asturias en el CC Parque Principado"},"previousItem":{"@type":"ListItem","@id":"https:\/\/www.eldigitaldeasturias.com\/noticias#listItem","name":"Home"}},{"@type":"ListItem","@id":"https:\/\/www.eldigitaldeasturias.com\/noticias\/milbby-inaugura-su-primera-tienda-en-asturias-en-el-cc-parque-principado\/#listItem","position":3,"name":"Milbby inaugura su primera tienda en Asturias en el CC Parque Principado","previousItem":{"@type":"ListItem","@id":"https:\/\/www.eldigitaldeasturias.com\/noticias\/category\/negocios-y-empresas\/#listItem","name":"Negocios y Empresas"}}]},{"@type":"Organization","@id":"https:\/\/www.eldigitaldeasturias.com\/noticias\/#organization","name":"El Digital de Asturias","description":"Hemeroteca","url":"https:\/\/www.eldigitaldeasturias.com\/noticias\/","email":"info@eldigitaldeasturias.com","telephone":"+34652131393","logo":{"@type":"ImageObject","url":"https:\/\/www.eldigitaldeasturias.com\/noticias\/wp-content\/uploads\/2020\/12\/EDA.jpg","@id":"https:\/\/www.eldigitaldeasturias.com\/noticias\/milbby-inaugura-su-primera-tienda-en-asturias-en-el-cc-parque-principado\/#organizationLogo","width":649,"height":297},"image":{"@id":"https:\/\/www.eldigitaldeasturias.com\/noticias\/milbby-inaugura-su-primera-tienda-en-asturias-en-el-cc-parque-principado\/#organizationLogo"},"sameAs":["https:\/\/facebook.com\/eldigitaldeasturias","https:\/\/www.youtube.com\/channel\/UCZP-2wLEB9Rv6erhFmqVnvg"],"address":{"@id":"https:\/\/www.eldigitaldeasturias.com\/noticias\/#postaladdress","@type":"PostalAddress","streetAddress":"san antonio 4,","postalCode":"33430","addressLocality":"Cand\u00e1s","addressRegion":"Asturias","addressCountry":"ES"}},{"@type":"Person","@id":"https:\/\/www.eldigitaldeasturias.com\/noticias\/author\/admin\/#author","url":"https:\/\/www.eldigitaldeasturias.com\/noticias\/author\/admin\/","name":"El Digital de Asturias","image":{"@type":"ImageObject","@id":"https:\/\/www.eldigitaldeasturias.com\/noticias\/milbby-inaugura-su-primera-tienda-en-asturias-en-el-cc-parque-principado\/#authorImage","url":"https:\/\/www.eldigitaldeasturias.com\/noticias\/wp-content\/litespeed\/avatar\/18677e78aa0546b92d9dbf31ec7d7668.jpg?ver=1777290358","width":96,"height":96,"caption":"El Digital de Asturias"}},{"@type":"WebPage","@id":"https:\/\/www.eldigitaldeasturias.com\/noticias\/milbby-inaugura-su-primera-tienda-en-asturias-en-el-cc-parque-principado\/#webpage","url":"https:\/\/www.eldigitaldeasturias.com\/noticias\/milbby-inaugura-su-primera-tienda-en-asturias-en-el-cc-parque-principado\/","name":"Milbby inaugura su primera tienda en Asturias en el CC Parque Principado - El Digital de Asturias","description":"La cadena de tiendas de artes y manualidades, Milbby, contin\u00faa con su exitosa expansi\u00f3n e inaugura su primer punto de venta en Asturias.","inLanguage":"es-ES","isPartOf":{"@id":"https:\/\/www.eldigitaldeasturias.com\/noticias\/#website"},"breadcrumb":{"@id":"https:\/\/www.eldigitaldeasturias.com\/noticias\/milbby-inaugura-su-primera-tienda-en-asturias-en-el-cc-parque-principado\/#breadcrumblist"},"author":{"@id":"https:\/\/www.eldigitaldeasturias.com\/noticias\/author\/admin\/#author"},"creator":{"@id":"https:\/\/www.eldigitaldeasturias.com\/noticias\/author\/admin\/#author"},"image":{"@type":"ImageObject","url":"https:\/\/www.eldigitaldeasturias.com\/noticias\/wp-content\/uploads\/2023\/11\/Milbby.jpg","@id":"https:\/\/www.eldigitaldeasturias.com\/noticias\/milbby-inaugura-su-primera-tienda-en-asturias-en-el-cc-parque-principado\/#mainImage","width":1038,"height":707,"caption":"Milbby"},"primaryImageOfPage":{"@id":"https:\/\/www.eldigitaldeasturias.com\/noticias\/milbby-inaugura-su-primera-tienda-en-asturias-en-el-cc-parque-principado\/#mainImage"},"datePublished":"2023-11-17T18:58:15+01:00","dateModified":"2023-11-17T18:58:15+01:00"},{"@type":"WebSite","@id":"https:\/\/www.eldigitaldeasturias.com\/noticias\/#website","url":"https:\/\/www.eldigitaldeasturias.com\/noticias\/","name":"El Digital de Asturias - Diario de actualidad y noticias","alternateName":"El Digital de Asturias - Diario de actualidad y noticias","description":"Hemeroteca","inLanguage":"es-ES","publisher":{"@id":"https:\/\/www.eldigitaldeasturias.com\/noticias\/#organization"}}]},"og:locale":"es_ES","og:site_name":"El Digital de Asturias","og:type":"article","og:title":"Milbby inaugura su primera tienda en Asturias en el CC Parque Principado - El Digital de Asturias","og:description":"La cadena de tiendas de artes y manualidades, Milbby, contin\u00faa con su exitosa expansi\u00f3n e inaugura su primer punto de venta en Asturias.","og:url":"https:\/\/www.eldigitaldeasturias.com\/noticias\/milbby-inaugura-su-primera-tienda-en-asturias-en-el-cc-parque-principado\/","og:image":"https:\/\/www.eldigitaldeasturias.com\/noticias\/wp-content\/uploads\/2023\/11\/Milbby.jpg","og:image:secure_url":"https:\/\/www.eldigitaldeasturias.com\/noticias\/wp-content\/uploads\/2023\/11\/Milbby.jpg","og:image:width":1038,"og:image:height":707,"article:tag":["negocios y empresas"],"article:published_time":"2023-11-17T17:58:15+00:00","article:modified_time":"2023-11-17T17:58:15+00:00","article:publisher":"https:\/\/facebook.com\/eldigitaldeasturias","twitter:card":"summary_large_image","twitter:title":"Milbby inaugura su primera tienda en Asturias en el CC Parque Principado - El Digital de Asturias","twitter:description":"La cadena de tiendas de artes y manualidades, Milbby, contin\u00faa con su exitosa expansi\u00f3n e inaugura su primer punto de venta en Asturias.","twitter:image":"https:\/\/www.eldigitaldeasturias.com\/noticias\/wp-content\/uploads\/2023\/11\/Milbby.jpg","twitter:label1":"Escrito por","twitter:data1":"El Digital de Asturias","twitter:label2":"Tiempo de lectura estimado","twitter:data2":"6 minutos"},"aioseo_meta_data":{"post_id":"1126867","title":null,"description":"La cadena de tiendas de artes y manualidades, Milbby, contin\u00faa con su exitosa expansi\u00f3n e inaugura su primer punto de venta en Asturias.","keywords":[],"keyphrases":{"focus":{"keyphrase":"Milbby","score":94,"analysis":{"keyphraseInTitle":{"score":9,"maxScore":9,"error":0},"keyphraseInDescription":{"score":9,"maxScore":9,"error":0},"keyphraseLength":{"score":9,"maxScore":9,"error":0,"length":1},"keyphraseInURL":{"score":1,"maxScore":5,"error":1},"keyphraseInIntroduction":{"score":9,"maxScore":9,"error":0},"keyphraseInSubHeadings":{"score":9,"maxScore":9,"error":0},"keyphraseInImageAlt":{"score":9,"maxScore":9,"error":0},"keywordDensity":{"type":"best","score":9,"maxScore":9,"error":0}}},"additional":[{"keyphrase":"Milbby","score":100,"analysis":{"keyphraseInDescription":{"score":9,"maxScore":9,"error":0},"keyphraseLength":{"score":9,"maxScore":9,"error":0,"length":1},"keyphraseInIntroduction":{"score":9,"maxScore":9,"error":0},"keyphraseInImageAlt":{"score":9,"maxScore":9,"error":0},"keywordDensity":{"type":"best","score":9,"maxScore":9,"error":0}}},{"keyphrase":"Asturias","score":67,"analysis":{"keyphraseInDescription":{"score":9,"maxScore":9,"error":0},"keyphraseLength":{"score":9,"maxScore":9,"error":0,"length":1},"keyphraseInIntroduction":{"score":9,"maxScore":9,"error":0},"keyphraseInImageAlt":{"score":3,"maxScore":9,"error":1},"keywordDensity":{"score":0,"type":"low","maxScore":9,"error":1}}}]},"primary_term":null,"canonical_url":null,"og_title":null,"og_description":null,"og_object_type":"default","og_image_type":"default","og_image_url":null,"og_image_width":null,"og_image_height":null,"og_image_custom_url":null,"og_image_custom_fields":null,"og_video":"","og_custom_url":null,"og_article_section":null,"og_article_tags":[],"twitter_use_og":false,"twitter_card":"default","twitter_image_type":"default","twitter_image_url":null,"twitter_image_custom_url":null,"twitter_image_custom_fields":null,"twitter_title":null,"twitter_description":null,"schema":{"blockGraphs":[],"customGraphs":[],"default":{"data":{"Article":[],"Course":[],"Dataset":[],"FAQPage":[],"Movie":[],"Person":[],"Product":[],"ProductReview":[],"Car":[],"Recipe":[],"Service":[],"SoftwareApplication":[],"WebPage":[]},"graphName":"BlogPosting","isEnabled":true},"graphs":[]},"schema_type":"default","schema_type_options":null,"pillar_content":false,"robots_default":true,"robots_noindex":false,"robots_noarchive":false,"robots_nosnippet":false,"robots_nofollow":false,"robots_noimageindex":false,"robots_noodp":false,"robots_notranslate":false,"robots_max_snippet":"-1","robots_max_videopreview":"-1","robots_max_imagepreview":"large","priority":null,"frequency":"default","local_seo":null,"seo_analyzer_scan_date":"2025-10-05 21:08:26","breadcrumb_settings":null,"limit_modified_date":false,"open_ai":"{\"title\":{\"suggestions\":[],\"usage\":0},\"description\":{\"suggestions\":[],\"usage\":0}}","ai":null,"created":"2023-11-17 17:45:52","updated":"2025-10-09 03:34:26"},"aioseo_breadcrumb":"<div class=\"aioseo-breadcrumbs\"><span class=\"aioseo-breadcrumb\">\n\t<a href=\"https:\/\/www.eldigitaldeasturias.com\/noticias\" title=\"Home\">Home<\/a>\n<\/span><span class=\"aioseo-breadcrumb-separator\">\u2013<\/span><span class=\"aioseo-breadcrumb\">\n\t<a href=\"https:\/\/www.eldigitaldeasturias.com\/noticias\/category\/negocios-y-empresas\/\" title=\"Negocios y Empresas\">Negocios y Empresas<\/a>\n<\/span><span class=\"aioseo-breadcrumb-separator\">\u2013<\/span><span class=\"aioseo-breadcrumb\">\n\t<a href=\"https:\/\/www.eldigitaldeasturias.com\/noticias\/milbby-inaugura-su-primera-tienda-en-asturias-en-el-cc-parque-principado\/\" title=\"Milbby inaugura su primera tienda en Asturias en el CC Parque Principado\">Milbby inaugura su primera tienda en Asturias en el CC Parque Principado<\/a>\n<\/span><\/div>","aioseo_breadcrumb_json":[{"label":"Home","link":"https:\/\/www.eldigitaldeasturias.com\/noticias"},{"label":"Negocios y Empresas","link":"https:\/\/www.eldigitaldeasturias.com\/noticias\/category\/negocios-y-empresas\/"},{"label":"Milbby inaugura su primera tienda en Asturias en el CC Parque Principado","link":"https:\/\/www.eldigitaldeasturias.com\/noticias\/milbby-inaugura-su-primera-tienda-en-asturias-en-el-cc-parque-principado\/"}],"_links":{"self":[{"href":"https:\/\/www.eldigitaldeasturias.com\/noticias\/wp-json\/wp\/v2\/posts\/1126867","targetHints":{"allow":["GET"]}}],"collection":[{"href":"https:\/\/www.eldigitaldeasturias.com\/noticias\/wp-json\/wp\/v2\/posts"}],"about":[{"href":"https:\/\/www.eldigitaldeasturias.com\/noticias\/wp-json\/wp\/v2\/types\/post"}],"author":[{"embeddable":true,"href":"https:\/\/www.eldigitaldeasturias.com\/noticias\/wp-json\/wp\/v2\/users\/1"}],"replies":[{"embeddable":true,"href":"https:\/\/www.eldigitaldeasturias.com\/noticias\/wp-json\/wp\/v2\/comments?post=1126867"}],"version-history":[{"count":0,"href":"https:\/\/www.eldigitaldeasturias.com\/noticias\/wp-json\/wp\/v2\/posts\/1126867\/revisions"}],"wp:featuredmedia":[{"embeddable":true,"href":"https:\/\/www.eldigitaldeasturias.com\/noticias\/wp-json\/wp\/v2\/media\/1126868"}],"wp:attachment":[{"href":"https:\/\/www.eldigitaldeasturias.com\/noticias\/wp-json\/wp\/v2\/media?parent=1126867"}],"wp:term":[{"taxonomy":"category","embeddable":true,"href":"https:\/\/www.eldigitaldeasturias.com\/noticias\/wp-json\/wp\/v2\/categories?post=1126867"},{"taxonomy":"post_tag","embeddable":true,"href":"https:\/\/www.eldigitaldeasturias.com\/noticias\/wp-json\/wp\/v2\/tags?post=1126867"}],"curies":[{"name":"wp","href":"https:\/\/api.w.org\/{rel}","templated":true}]}}