{"id":1126851,"date":"2023-11-14T20:06:33","date_gmt":"2023-11-14T19:06:33","guid":{"rendered":"https:\/\/www.eldigitaldeasturias.com\/noticias\/?p=1126851"},"modified":"2023-11-14T20:06:33","modified_gmt":"2023-11-14T19:06:33","slug":"empresas-de-asturias-participan-en-la-web-summit-2023","status":"publish","type":"post","link":"https:\/\/www.eldigitaldeasturias.com\/noticias\/empresas-de-asturias-participan-en-la-web-summit-2023\/","title":{"rendered":"Empresas de Asturias participan en la Web Summit 2023"},"content":{"rendered":"<p>Asturias presenta desde hoy martes y hasta el pr\u00f3ximo jueves en Lisboa a quince empresas emergentes regionales en la <strong>Web Summit 2023<\/strong>, una de las mayores ferias en los \u00e1mbitos de la tecnolog\u00eda y el emprendimiento.<\/p>\n<figure id=\"attachment_1126852\" aria-describedby=\"caption-attachment-1126852\" style=\"width: 591px\" class=\"wp-caption aligncenter\"><img loading=\"lazy\" decoding=\"async\" class=\"wp-image-1126852 size-large\" src=\"https:\/\/www.eldigitaldeasturias.com\/noticias\/wp-content\/uploads\/2023\/11\/Asturias-en-la-Web-Summit-2023-591x480.jpg\" alt=\"Asturias en la Web Summit 2023\" width=\"591\" height=\"480\" srcset=\"https:\/\/www.eldigitaldeasturias.com\/noticias\/wp-content\/uploads\/2023\/11\/Asturias-en-la-Web-Summit-2023-591x480.jpg 591w, https:\/\/www.eldigitaldeasturias.com\/noticias\/wp-content\/uploads\/2023\/11\/Asturias-en-la-Web-Summit-2023-360x293.jpg 360w, https:\/\/www.eldigitaldeasturias.com\/noticias\/wp-content\/uploads\/2023\/11\/Asturias-en-la-Web-Summit-2023-369x300.jpg 369w, https:\/\/www.eldigitaldeasturias.com\/noticias\/wp-content\/uploads\/2023\/11\/Asturias-en-la-Web-Summit-2023-150x122.jpg 150w, https:\/\/www.eldigitaldeasturias.com\/noticias\/wp-content\/uploads\/2023\/11\/Asturias-en-la-Web-Summit-2023-450x366.jpg 450w, https:\/\/www.eldigitaldeasturias.com\/noticias\/wp-content\/uploads\/2023\/11\/Asturias-en-la-Web-Summit-2023.jpg 720w\" sizes=\"auto, (max-width: 591px) 100vw, 591px\" \/><figcaption id=\"caption-attachment-1126852\" class=\"wp-caption-text\">Foto: Prensa Gobierno de Asturias<\/figcaption><\/figure>\n<p>Quince <a href=\"https:\/\/www.eldigitaldeasturias.com\/noticias\/category\/negocios-y-empresas\/\"><span style=\"color: #ff6600;\"><strong>empresas emergentes<\/strong><\/span><\/a> asturianas, junto con el Cl\u00faster TIC, participan en la Web Summit 2023, una de las mayores ferias en los \u00e1mbitos de la tecnolog\u00eda y el emprendimiento, que re\u00fane en Lisboa desde hoy y hasta el jueves a inversores, corporaciones, compa\u00f1\u00edas tractoras y aceleradoras de proyectos. El Principado ha organizado la visita agrupada de las empresas regionales en el marco de la actividad del pabell\u00f3n Espa\u00f1a de Icex y Red.es.<\/p>\n<p>El Centro Europeo de Empresas e Innovaci\u00f3n (CEEI) y la Sociedad de Promoci\u00f3n Exterior Asturex coordinan la participaci\u00f3n en este foro, al que acuden las principales empresas l\u00edderes en tecnolog\u00eda junto con peque\u00f1as compa\u00f1\u00edas, firmas emergentes (startups) y emprendedores, as\u00ed como otros agentes de la comunidad digital. La participaci\u00f3n en el Web Summit ofrece una oportunidad \u00f3ptima para que las empresas asturianas encuentren potenciales clientes y aliados estrat\u00e9gicos de calidad, as\u00ed como para que accedan a oportunidades de financiaci\u00f3n. En este contexto, se difundir\u00e1 la iniciativa Start in Asturias y se efectuar\u00e1n presentaciones de distintas compa\u00f1\u00edas.<\/p>\n<p>Por su parte, la directora de CEEI Asturias, Cristina Fanjul, participar\u00e1 tambi\u00e9n en el Innovation Radar Prize 2023, organizado por la Comisi\u00f3n Europea. En concreto, en el panel La Ley de Mercados Digitales (DMA): motor de creaci\u00f3n de oportunidades para startups europeas, coordinado por Eoghan O\u2019Neill, de la direcci\u00f3n general de Redes de Comunicaci\u00f3n, Contenido y Tecnolog\u00edas (CNECT) de la Comisi\u00f3n Europea.<\/p>\n<p>Las acciones en esta feria se enmarcan en el plan de promoci\u00f3n internacional para el sector TIC y de emprendimiento, dise\u00f1ado por Asturex para este a\u00f1o.<\/p>\n<h2>Las empresas participantes en el Web Summit de Lisboa son las siguientes:<\/h2>\n<ul>\n<li>StockFink. Dedicada a la predicci\u00f3n de mercados burs\u00e1tiles y de criptoactivos para la cuantificaci\u00f3n de riesgos en la toma de decisiones mediante inteligencia artificial.<\/li>\n<li>Pibico. Lleva a cabo proyectos de transformaci\u00f3n digital a medida mediante el uso del Internet de las cosas (IoT) y su plataforma digital de software libre y c\u00f3digo abierto.<\/li>\n<li>Onirix. Ha creado una plataforma de realidad aumentada que permite crear, alojar y publicar todo tipo de experiencias online de forma f\u00e1cil e intuitiva, sin necesidad de tener conocimientos t\u00e9cnicos.<\/li>\n<li>Enfasys. Apoya la transformaci\u00f3n digital y la transici\u00f3n ecol\u00f3gica de la industria de la energ\u00eda y se centra en los sistemas de gesti\u00f3n para instalaciones h\u00edbridas que consideren el almacenamiento de energ\u00eda.<\/li>\n<li>Zapiens. Dispone de una herramienta de gesti\u00f3n de conocimiento en la nube dirigida a empresas.<\/li>\n<li>Bosquia. Consultor\u00eda ambiental especializada en c\u00e1lculo y compensaci\u00f3n de la huella de carbono mediante repoblaciones forestales.<\/li>\n<li>Plexigrid. Ofrece soluciones que permiten a las distribuidoras el\u00e9ctricas gestionar su red de forma m\u00e1s eficiente y convertirse en motor de la transformaci\u00f3n necesaria para la transici\u00f3n energ\u00e9tica.<\/li>\n<li>Koinsys. Empresa que desarrolla aplicaciones m\u00f3viles y aplicaciones a medida. Es especialista en transformaci\u00f3n digital e industria 4.0.<\/li>\n<li>Cycle Platform. Plataforma de moda online que busca cambiar la forma en la que se consume lujo, solucionando de forma definitiva el problema del residuo textil en esta industria, la segunda m\u00e1s contaminante del mundo.<\/li>\n<li>Less Than Three. Experta en sistemas backend y cloud. Ofrecen asesoramiento en tecnolog\u00eda, arquitectura y soluciones en la nube.<\/li>\n<li>OKTicket. La empresa ha desarrollado una herramienta \u00e1gil y sencilla para optimizar y cubrir todo el proceso de gesti\u00f3n de gastos de viaje profesionales, desde el momento en que se efect\u00faa el gasto, hasta los procesos de validaci\u00f3n, control y tramitaci\u00f3n contable.<\/li>\n<li>Konfigear. Cuenta con una herramienta que permite personalizar y configurar f\u00e1cilmente productos en 3D y realidad aumentada.<\/li>\n<li>Imageryst. Plataforma que utiliza el machine learning y la inteligencia artificial para procesar sus im\u00e1genes satelitales y de drones y ofrecer informaci\u00f3n geoespacial.<\/li>\n<li>Bettermaps. Empresa que desarrolla tecnolog\u00eda de mapeado digital basada en inteligencia artificial. Combina la cartograf\u00eda digital y la IA para ofrecer mapas digitales.<\/li>\n<li>Visualit. Agencia de marketing creativa experta en dise\u00f1o, desarrollo web y comercio electr\u00f3nico.<\/li>\n<li>Cl\u00faster TIC. Entidad creada para mejorar la competitividad del sector de las tecnolog\u00edas de la informaci\u00f3n y las comunicaciones en Asturias y para la b\u00fasqueda y desarrollo de soluciones que incrementen la productividad y la eficiencia empresarial.<\/li>\n<\/ul>\n","protected":false},"excerpt":{"rendered":"<p>Asturias presenta desde hoy martes y hasta el pr\u00f3ximo jueves en Lisboa a quince empresas emergentes regionales en la Web Summit 2023, una de las mayores ferias en los \u00e1mbitos de la tecnolog\u00eda y el emprendimiento. Quince empresas emergentes asturianas, junto con el Cl\u00faster TIC, participan en la Web Summit 2023, una de las mayores [&hellip;]<\/p>\n","protected":false},"author":1,"featured_media":1126852,"comment_status":"closed","ping_status":"closed","sticky":false,"template":"","format":"standard","meta":{"footnotes":""},"categories":[219],"tags":[],"class_list":["post-1126851","post","type-post","status-publish","format-standard","has-post-thumbnail","hentry","category-negocios-y-empresas"],"aioseo_notices":[],"aioseo_head":"\n\t\t<!-- All in One SEO Pro 4.9.6.2 - aioseo.com -->\n\t<meta name=\"description\" content=\"Asturias presenta desde hoy martes y hasta el pr\u00f3ximo jueves en Lisboa a quince empresas emergentes regionales en la Web Summit 2023, una de las mayores ferias\" \/>\n\t<meta name=\"robots\" content=\"max-image-preview:large\" \/>\n\t<meta name=\"author\" content=\"El Digital de Asturias\"\/>\n\t<meta name=\"google-site-verification\" content=\"UA-38556648-1\" \/>\n\t<meta name=\"msvalidate.01\" content=\"7dfe9f3f1b24437ab69f4f2559babe99\" \/>\n\t<meta name=\"keywords\" content=\"negocios y empresas\" \/>\n\t<link rel=\"canonical\" href=\"https:\/\/www.eldigitaldeasturias.com\/noticias\/empresas-de-asturias-participan-en-la-web-summit-2023\/\" \/>\n\t<meta name=\"generator\" content=\"All in One SEO Pro (AIOSEO) 4.9.6.2\" \/>\n\t\t<meta property=\"og:locale\" content=\"es_ES\" \/>\n\t\t<meta property=\"og:site_name\" content=\"El Digital de Asturias\" \/>\n\t\t<meta property=\"og:type\" content=\"article\" \/>\n\t\t<meta property=\"og:title\" content=\"Empresas de Asturias participan en la Web Summit 2023 - El Digital de Asturias\" \/>\n\t\t<meta property=\"og:description\" content=\"Asturias presenta desde hoy martes y hasta el pr\u00f3ximo jueves en Lisboa a quince empresas emergentes regionales en la Web Summit 2023, una de las mayores ferias\" \/>\n\t\t<meta property=\"og:url\" content=\"https:\/\/www.eldigitaldeasturias.com\/noticias\/empresas-de-asturias-participan-en-la-web-summit-2023\/\" \/>\n\t\t<meta property=\"og:image\" content=\"https:\/\/www.eldigitaldeasturias.com\/noticias\/wp-content\/uploads\/2023\/11\/Asturias-en-la-Web-Summit-2023.jpg\" \/>\n\t\t<meta property=\"og:image:secure_url\" content=\"https:\/\/www.eldigitaldeasturias.com\/noticias\/wp-content\/uploads\/2023\/11\/Asturias-en-la-Web-Summit-2023.jpg\" \/>\n\t\t<meta property=\"og:image:width\" content=\"720\" \/>\n\t\t<meta property=\"og:image:height\" content=\"585\" \/>\n\t\t<meta property=\"article:tag\" content=\"negocios y empresas\" \/>\n\t\t<meta property=\"article:published_time\" content=\"2023-11-14T19:06:33+00:00\" \/>\n\t\t<meta property=\"article:modified_time\" content=\"2023-11-14T19:06:33+00:00\" \/>\n\t\t<meta property=\"article:publisher\" content=\"https:\/\/facebook.com\/eldigitaldeasturias\" \/>\n\t\t<meta name=\"twitter:card\" content=\"summary_large_image\" \/>\n\t\t<meta name=\"twitter:title\" content=\"Empresas de Asturias participan en la Web Summit 2023 - El Digital de Asturias\" \/>\n\t\t<meta name=\"twitter:description\" content=\"Asturias presenta desde hoy martes y hasta el pr\u00f3ximo jueves en Lisboa a quince empresas emergentes regionales en la Web Summit 2023, una de las mayores ferias\" \/>\n\t\t<meta name=\"twitter:image\" content=\"https:\/\/www.eldigitaldeasturias.com\/noticias\/wp-content\/uploads\/2023\/11\/Asturias-en-la-Web-Summit-2023.jpg\" \/>\n\t\t<meta name=\"twitter:label1\" content=\"Escrito por\" \/>\n\t\t<meta name=\"twitter:data1\" content=\"El Digital de Asturias\" \/>\n\t\t<meta name=\"twitter:label2\" content=\"Tiempo de lectura estimado\" \/>\n\t\t<meta name=\"twitter:data2\" content=\"4 minutos\" \/>\n\t\t<script type=\"application\/ld+json\" class=\"aioseo-schema\">\n\t\t\t{\"@context\":\"https:\\\/\\\/schema.org\",\"@graph\":[{\"@type\":\"BlogPosting\",\"@id\":\"https:\\\/\\\/www.eldigitaldeasturias.com\\\/noticias\\\/empresas-de-asturias-participan-en-la-web-summit-2023\\\/#blogposting\",\"name\":\"Empresas de Asturias participan en la Web Summit 2023 - El Digital de Asturias\",\"headline\":\"Empresas de Asturias participan en la Web Summit 2023\",\"author\":{\"@id\":\"https:\\\/\\\/www.eldigitaldeasturias.com\\\/noticias\\\/author\\\/admin\\\/#author\"},\"publisher\":{\"@id\":\"https:\\\/\\\/www.eldigitaldeasturias.com\\\/noticias\\\/#organization\"},\"image\":{\"@type\":\"ImageObject\",\"url\":\"https:\\\/\\\/www.eldigitaldeasturias.com\\\/noticias\\\/wp-content\\\/uploads\\\/2023\\\/11\\\/Asturias-en-la-Web-Summit-2023.jpg\",\"width\":720,\"height\":585,\"caption\":\"Foto: Prensa Gobierno de Asturias\"},\"datePublished\":\"2023-11-14T20:06:33+01:00\",\"dateModified\":\"2023-11-14T20:06:33+01:00\",\"inLanguage\":\"es-ES\",\"mainEntityOfPage\":{\"@id\":\"https:\\\/\\\/www.eldigitaldeasturias.com\\\/noticias\\\/empresas-de-asturias-participan-en-la-web-summit-2023\\\/#webpage\"},\"isPartOf\":{\"@id\":\"https:\\\/\\\/www.eldigitaldeasturias.com\\\/noticias\\\/empresas-de-asturias-participan-en-la-web-summit-2023\\\/#webpage\"},\"articleSection\":\"Negocios y Empresas\"},{\"@type\":\"BreadcrumbList\",\"@id\":\"https:\\\/\\\/www.eldigitaldeasturias.com\\\/noticias\\\/empresas-de-asturias-participan-en-la-web-summit-2023\\\/#breadcrumblist\",\"itemListElement\":[{\"@type\":\"ListItem\",\"@id\":\"https:\\\/\\\/www.eldigitaldeasturias.com\\\/noticias#listItem\",\"position\":1,\"name\":\"Home\",\"item\":\"https:\\\/\\\/www.eldigitaldeasturias.com\\\/noticias\",\"nextItem\":{\"@type\":\"ListItem\",\"@id\":\"https:\\\/\\\/www.eldigitaldeasturias.com\\\/noticias\\\/category\\\/negocios-y-empresas\\\/#listItem\",\"name\":\"Negocios y Empresas\"}},{\"@type\":\"ListItem\",\"@id\":\"https:\\\/\\\/www.eldigitaldeasturias.com\\\/noticias\\\/category\\\/negocios-y-empresas\\\/#listItem\",\"position\":2,\"name\":\"Negocios y Empresas\",\"item\":\"https:\\\/\\\/www.eldigitaldeasturias.com\\\/noticias\\\/category\\\/negocios-y-empresas\\\/\",\"nextItem\":{\"@type\":\"ListItem\",\"@id\":\"https:\\\/\\\/www.eldigitaldeasturias.com\\\/noticias\\\/empresas-de-asturias-participan-en-la-web-summit-2023\\\/#listItem\",\"name\":\"Empresas de Asturias participan en la Web Summit 2023\"},\"previousItem\":{\"@type\":\"ListItem\",\"@id\":\"https:\\\/\\\/www.eldigitaldeasturias.com\\\/noticias#listItem\",\"name\":\"Home\"}},{\"@type\":\"ListItem\",\"@id\":\"https:\\\/\\\/www.eldigitaldeasturias.com\\\/noticias\\\/empresas-de-asturias-participan-en-la-web-summit-2023\\\/#listItem\",\"position\":3,\"name\":\"Empresas de Asturias participan en la Web Summit 2023\",\"previousItem\":{\"@type\":\"ListItem\",\"@id\":\"https:\\\/\\\/www.eldigitaldeasturias.com\\\/noticias\\\/category\\\/negocios-y-empresas\\\/#listItem\",\"name\":\"Negocios y Empresas\"}}]},{\"@type\":\"Organization\",\"@id\":\"https:\\\/\\\/www.eldigitaldeasturias.com\\\/noticias\\\/#organization\",\"name\":\"El Digital de Asturias\",\"description\":\"Hemeroteca\",\"url\":\"https:\\\/\\\/www.eldigitaldeasturias.com\\\/noticias\\\/\",\"email\":\"info@eldigitaldeasturias.com\",\"telephone\":\"+34652131393\",\"logo\":{\"@type\":\"ImageObject\",\"url\":\"https:\\\/\\\/www.eldigitaldeasturias.com\\\/noticias\\\/wp-content\\\/uploads\\\/2020\\\/12\\\/EDA.jpg\",\"@id\":\"https:\\\/\\\/www.eldigitaldeasturias.com\\\/noticias\\\/empresas-de-asturias-participan-en-la-web-summit-2023\\\/#organizationLogo\",\"width\":649,\"height\":297},\"image\":{\"@id\":\"https:\\\/\\\/www.eldigitaldeasturias.com\\\/noticias\\\/empresas-de-asturias-participan-en-la-web-summit-2023\\\/#organizationLogo\"},\"sameAs\":[\"https:\\\/\\\/facebook.com\\\/eldigitaldeasturias\",\"https:\\\/\\\/www.youtube.com\\\/channel\\\/UCZP-2wLEB9Rv6erhFmqVnvg\"],\"address\":{\"@id\":\"https:\\\/\\\/www.eldigitaldeasturias.com\\\/noticias\\\/#postaladdress\",\"@type\":\"PostalAddress\",\"streetAddress\":\"san antonio 4,\",\"postalCode\":\"33430\",\"addressLocality\":\"Cand\\u00e1s\",\"addressRegion\":\"Asturias\",\"addressCountry\":\"ES\"}},{\"@type\":\"Person\",\"@id\":\"https:\\\/\\\/www.eldigitaldeasturias.com\\\/noticias\\\/author\\\/admin\\\/#author\",\"url\":\"https:\\\/\\\/www.eldigitaldeasturias.com\\\/noticias\\\/author\\\/admin\\\/\",\"name\":\"El Digital de Asturias\",\"image\":{\"@type\":\"ImageObject\",\"@id\":\"https:\\\/\\\/www.eldigitaldeasturias.com\\\/noticias\\\/empresas-de-asturias-participan-en-la-web-summit-2023\\\/#authorImage\",\"url\":\"https:\\\/\\\/www.eldigitaldeasturias.com\\\/noticias\\\/wp-content\\\/litespeed\\\/avatar\\\/18677e78aa0546b92d9dbf31ec7d7668.jpg?ver=1777290358\",\"width\":96,\"height\":96,\"caption\":\"El Digital de Asturias\"}},{\"@type\":\"WebPage\",\"@id\":\"https:\\\/\\\/www.eldigitaldeasturias.com\\\/noticias\\\/empresas-de-asturias-participan-en-la-web-summit-2023\\\/#webpage\",\"url\":\"https:\\\/\\\/www.eldigitaldeasturias.com\\\/noticias\\\/empresas-de-asturias-participan-en-la-web-summit-2023\\\/\",\"name\":\"Empresas de Asturias participan en la Web Summit 2023 - El Digital de Asturias\",\"description\":\"Asturias presenta desde hoy martes y hasta el pr\\u00f3ximo jueves en Lisboa a quince empresas emergentes regionales en la Web Summit 2023, una de las mayores ferias\",\"inLanguage\":\"es-ES\",\"isPartOf\":{\"@id\":\"https:\\\/\\\/www.eldigitaldeasturias.com\\\/noticias\\\/#website\"},\"breadcrumb\":{\"@id\":\"https:\\\/\\\/www.eldigitaldeasturias.com\\\/noticias\\\/empresas-de-asturias-participan-en-la-web-summit-2023\\\/#breadcrumblist\"},\"author\":{\"@id\":\"https:\\\/\\\/www.eldigitaldeasturias.com\\\/noticias\\\/author\\\/admin\\\/#author\"},\"creator\":{\"@id\":\"https:\\\/\\\/www.eldigitaldeasturias.com\\\/noticias\\\/author\\\/admin\\\/#author\"},\"image\":{\"@type\":\"ImageObject\",\"url\":\"https:\\\/\\\/www.eldigitaldeasturias.com\\\/noticias\\\/wp-content\\\/uploads\\\/2023\\\/11\\\/Asturias-en-la-Web-Summit-2023.jpg\",\"@id\":\"https:\\\/\\\/www.eldigitaldeasturias.com\\\/noticias\\\/empresas-de-asturias-participan-en-la-web-summit-2023\\\/#mainImage\",\"width\":720,\"height\":585,\"caption\":\"Foto: Prensa Gobierno de Asturias\"},\"primaryImageOfPage\":{\"@id\":\"https:\\\/\\\/www.eldigitaldeasturias.com\\\/noticias\\\/empresas-de-asturias-participan-en-la-web-summit-2023\\\/#mainImage\"},\"datePublished\":\"2023-11-14T20:06:33+01:00\",\"dateModified\":\"2023-11-14T20:06:33+01:00\"},{\"@type\":\"WebSite\",\"@id\":\"https:\\\/\\\/www.eldigitaldeasturias.com\\\/noticias\\\/#website\",\"url\":\"https:\\\/\\\/www.eldigitaldeasturias.com\\\/noticias\\\/\",\"name\":\"El Digital de Asturias - Diario de actualidad y noticias\",\"alternateName\":\"El Digital de Asturias - Diario de actualidad y noticias\",\"description\":\"Hemeroteca\",\"inLanguage\":\"es-ES\",\"publisher\":{\"@id\":\"https:\\\/\\\/www.eldigitaldeasturias.com\\\/noticias\\\/#organization\"}}]}\n\t\t<\/script>\n\t\t<!-- All in One SEO Pro -->\r\n\t\t<title>Empresas de Asturias participan en la Web Summit 2023 - El Digital de Asturias<\/title>\n\n","aioseo_head_json":{"title":"Empresas de Asturias participan en la Web Summit 2023 - El Digital de Asturias","description":"Asturias presenta desde hoy martes y hasta el pr\u00f3ximo jueves en Lisboa a quince empresas emergentes regionales en la Web Summit 2023, una de las mayores ferias","canonical_url":"https:\/\/www.eldigitaldeasturias.com\/noticias\/empresas-de-asturias-participan-en-la-web-summit-2023\/","robots":"max-image-preview:large","keywords":"negocios y empresas","webmasterTools":{"google-site-verification":"UA-38556648-1","msvalidate.01":"7dfe9f3f1b24437ab69f4f2559babe99","miscellaneous":""},"schema":{"@context":"https:\/\/schema.org","@graph":[{"@type":"BlogPosting","@id":"https:\/\/www.eldigitaldeasturias.com\/noticias\/empresas-de-asturias-participan-en-la-web-summit-2023\/#blogposting","name":"Empresas de Asturias participan en la Web Summit 2023 - El Digital de Asturias","headline":"Empresas de Asturias participan en la Web Summit 2023","author":{"@id":"https:\/\/www.eldigitaldeasturias.com\/noticias\/author\/admin\/#author"},"publisher":{"@id":"https:\/\/www.eldigitaldeasturias.com\/noticias\/#organization"},"image":{"@type":"ImageObject","url":"https:\/\/www.eldigitaldeasturias.com\/noticias\/wp-content\/uploads\/2023\/11\/Asturias-en-la-Web-Summit-2023.jpg","width":720,"height":585,"caption":"Foto: Prensa Gobierno de Asturias"},"datePublished":"2023-11-14T20:06:33+01:00","dateModified":"2023-11-14T20:06:33+01:00","inLanguage":"es-ES","mainEntityOfPage":{"@id":"https:\/\/www.eldigitaldeasturias.com\/noticias\/empresas-de-asturias-participan-en-la-web-summit-2023\/#webpage"},"isPartOf":{"@id":"https:\/\/www.eldigitaldeasturias.com\/noticias\/empresas-de-asturias-participan-en-la-web-summit-2023\/#webpage"},"articleSection":"Negocios y Empresas"},{"@type":"BreadcrumbList","@id":"https:\/\/www.eldigitaldeasturias.com\/noticias\/empresas-de-asturias-participan-en-la-web-summit-2023\/#breadcrumblist","itemListElement":[{"@type":"ListItem","@id":"https:\/\/www.eldigitaldeasturias.com\/noticias#listItem","position":1,"name":"Home","item":"https:\/\/www.eldigitaldeasturias.com\/noticias","nextItem":{"@type":"ListItem","@id":"https:\/\/www.eldigitaldeasturias.com\/noticias\/category\/negocios-y-empresas\/#listItem","name":"Negocios y Empresas"}},{"@type":"ListItem","@id":"https:\/\/www.eldigitaldeasturias.com\/noticias\/category\/negocios-y-empresas\/#listItem","position":2,"name":"Negocios y Empresas","item":"https:\/\/www.eldigitaldeasturias.com\/noticias\/category\/negocios-y-empresas\/","nextItem":{"@type":"ListItem","@id":"https:\/\/www.eldigitaldeasturias.com\/noticias\/empresas-de-asturias-participan-en-la-web-summit-2023\/#listItem","name":"Empresas de Asturias participan en la Web Summit 2023"},"previousItem":{"@type":"ListItem","@id":"https:\/\/www.eldigitaldeasturias.com\/noticias#listItem","name":"Home"}},{"@type":"ListItem","@id":"https:\/\/www.eldigitaldeasturias.com\/noticias\/empresas-de-asturias-participan-en-la-web-summit-2023\/#listItem","position":3,"name":"Empresas de Asturias participan en la Web Summit 2023","previousItem":{"@type":"ListItem","@id":"https:\/\/www.eldigitaldeasturias.com\/noticias\/category\/negocios-y-empresas\/#listItem","name":"Negocios y Empresas"}}]},{"@type":"Organization","@id":"https:\/\/www.eldigitaldeasturias.com\/noticias\/#organization","name":"El Digital de Asturias","description":"Hemeroteca","url":"https:\/\/www.eldigitaldeasturias.com\/noticias\/","email":"info@eldigitaldeasturias.com","telephone":"+34652131393","logo":{"@type":"ImageObject","url":"https:\/\/www.eldigitaldeasturias.com\/noticias\/wp-content\/uploads\/2020\/12\/EDA.jpg","@id":"https:\/\/www.eldigitaldeasturias.com\/noticias\/empresas-de-asturias-participan-en-la-web-summit-2023\/#organizationLogo","width":649,"height":297},"image":{"@id":"https:\/\/www.eldigitaldeasturias.com\/noticias\/empresas-de-asturias-participan-en-la-web-summit-2023\/#organizationLogo"},"sameAs":["https:\/\/facebook.com\/eldigitaldeasturias","https:\/\/www.youtube.com\/channel\/UCZP-2wLEB9Rv6erhFmqVnvg"],"address":{"@id":"https:\/\/www.eldigitaldeasturias.com\/noticias\/#postaladdress","@type":"PostalAddress","streetAddress":"san antonio 4,","postalCode":"33430","addressLocality":"Cand\u00e1s","addressRegion":"Asturias","addressCountry":"ES"}},{"@type":"Person","@id":"https:\/\/www.eldigitaldeasturias.com\/noticias\/author\/admin\/#author","url":"https:\/\/www.eldigitaldeasturias.com\/noticias\/author\/admin\/","name":"El Digital de Asturias","image":{"@type":"ImageObject","@id":"https:\/\/www.eldigitaldeasturias.com\/noticias\/empresas-de-asturias-participan-en-la-web-summit-2023\/#authorImage","url":"https:\/\/www.eldigitaldeasturias.com\/noticias\/wp-content\/litespeed\/avatar\/18677e78aa0546b92d9dbf31ec7d7668.jpg?ver=1777290358","width":96,"height":96,"caption":"El Digital de Asturias"}},{"@type":"WebPage","@id":"https:\/\/www.eldigitaldeasturias.com\/noticias\/empresas-de-asturias-participan-en-la-web-summit-2023\/#webpage","url":"https:\/\/www.eldigitaldeasturias.com\/noticias\/empresas-de-asturias-participan-en-la-web-summit-2023\/","name":"Empresas de Asturias participan en la Web Summit 2023 - El Digital de Asturias","description":"Asturias presenta desde hoy martes y hasta el pr\u00f3ximo jueves en Lisboa a quince empresas emergentes regionales en la Web Summit 2023, una de las mayores ferias","inLanguage":"es-ES","isPartOf":{"@id":"https:\/\/www.eldigitaldeasturias.com\/noticias\/#website"},"breadcrumb":{"@id":"https:\/\/www.eldigitaldeasturias.com\/noticias\/empresas-de-asturias-participan-en-la-web-summit-2023\/#breadcrumblist"},"author":{"@id":"https:\/\/www.eldigitaldeasturias.com\/noticias\/author\/admin\/#author"},"creator":{"@id":"https:\/\/www.eldigitaldeasturias.com\/noticias\/author\/admin\/#author"},"image":{"@type":"ImageObject","url":"https:\/\/www.eldigitaldeasturias.com\/noticias\/wp-content\/uploads\/2023\/11\/Asturias-en-la-Web-Summit-2023.jpg","@id":"https:\/\/www.eldigitaldeasturias.com\/noticias\/empresas-de-asturias-participan-en-la-web-summit-2023\/#mainImage","width":720,"height":585,"caption":"Foto: Prensa Gobierno de Asturias"},"primaryImageOfPage":{"@id":"https:\/\/www.eldigitaldeasturias.com\/noticias\/empresas-de-asturias-participan-en-la-web-summit-2023\/#mainImage"},"datePublished":"2023-11-14T20:06:33+01:00","dateModified":"2023-11-14T20:06:33+01:00"},{"@type":"WebSite","@id":"https:\/\/www.eldigitaldeasturias.com\/noticias\/#website","url":"https:\/\/www.eldigitaldeasturias.com\/noticias\/","name":"El Digital de Asturias - Diario de actualidad y noticias","alternateName":"El Digital de Asturias - Diario de actualidad y noticias","description":"Hemeroteca","inLanguage":"es-ES","publisher":{"@id":"https:\/\/www.eldigitaldeasturias.com\/noticias\/#organization"}}]},"og:locale":"es_ES","og:site_name":"El Digital de Asturias","og:type":"article","og:title":"Empresas de Asturias participan en la Web Summit 2023 - El Digital de Asturias","og:description":"Asturias presenta desde hoy martes y hasta el pr\u00f3ximo jueves en Lisboa a quince empresas emergentes regionales en la Web Summit 2023, una de las mayores ferias","og:url":"https:\/\/www.eldigitaldeasturias.com\/noticias\/empresas-de-asturias-participan-en-la-web-summit-2023\/","og:image":"https:\/\/www.eldigitaldeasturias.com\/noticias\/wp-content\/uploads\/2023\/11\/Asturias-en-la-Web-Summit-2023.jpg","og:image:secure_url":"https:\/\/www.eldigitaldeasturias.com\/noticias\/wp-content\/uploads\/2023\/11\/Asturias-en-la-Web-Summit-2023.jpg","og:image:width":720,"og:image:height":585,"article:tag":["negocios y empresas"],"article:published_time":"2023-11-14T19:06:33+00:00","article:modified_time":"2023-11-14T19:06:33+00:00","article:publisher":"https:\/\/facebook.com\/eldigitaldeasturias","twitter:card":"summary_large_image","twitter:title":"Empresas de Asturias participan en la Web Summit 2023 - El Digital de Asturias","twitter:description":"Asturias presenta desde hoy martes y hasta el pr\u00f3ximo jueves en Lisboa a quince empresas emergentes regionales en la Web Summit 2023, una de las mayores ferias","twitter:image":"https:\/\/www.eldigitaldeasturias.com\/noticias\/wp-content\/uploads\/2023\/11\/Asturias-en-la-Web-Summit-2023.jpg","twitter:label1":"Escrito por","twitter:data1":"El Digital de Asturias","twitter:label2":"Tiempo de lectura estimado","twitter:data2":"4 minutos"},"aioseo_meta_data":{"post_id":"1126851","title":null,"description":"Asturias presenta desde hoy martes y hasta el pr\u00f3ximo jueves en Lisboa a quince empresas emergentes regionales en la Web Summit 2023, una de las mayores ferias","keywords":[],"keyphrases":{"focus":{"keyphrase":"Asturias","score":91,"analysis":{"keyphraseInTitle":{"score":9,"maxScore":9,"error":0},"keyphraseInDescription":{"score":9,"maxScore":9,"error":0},"keyphraseLength":{"score":9,"maxScore":9,"error":0,"length":1},"keyphraseInURL":{"score":5,"maxScore":5,"error":0},"keyphraseInIntroduction":{"score":9,"maxScore":9,"error":0},"keyphraseInSubHeadings":{"score":3,"maxScore":9,"error":1},"keyphraseInImageAlt":{"score":9,"maxScore":9,"error":0},"keywordDensity":{"type":"best","score":9,"maxScore":9,"error":0}}},"additional":[{"keyphrase":"Asturias","score":100,"analysis":{"keyphraseInDescription":{"score":9,"maxScore":9,"error":0},"keyphraseLength":{"score":9,"maxScore":9,"error":0,"length":1},"keyphraseInIntroduction":{"score":9,"maxScore":9,"error":0},"keyphraseInImageAlt":{"score":9,"maxScore":9,"error":0},"keywordDensity":{"type":"best","score":9,"maxScore":9,"error":0}}},{"keyphrase":"Summit 2023","score":80,"analysis":{"keyphraseInDescription":{"score":9,"maxScore":9,"error":0},"keyphraseLength":{"score":9,"maxScore":9,"error":0,"length":2},"keyphraseInIntroduction":{"score":9,"maxScore":9,"error":0},"keyphraseInImageAlt":{"score":9,"maxScore":9,"error":0},"keywordDensity":{"score":0,"type":"low","maxScore":9,"error":1}}}]},"primary_term":null,"canonical_url":null,"og_title":null,"og_description":null,"og_object_type":"default","og_image_type":"default","og_image_url":null,"og_image_width":null,"og_image_height":null,"og_image_custom_url":null,"og_image_custom_fields":null,"og_video":"","og_custom_url":null,"og_article_section":null,"og_article_tags":[],"twitter_use_og":false,"twitter_card":"default","twitter_image_type":"default","twitter_image_url":null,"twitter_image_custom_url":null,"twitter_image_custom_fields":null,"twitter_title":null,"twitter_description":null,"schema":{"blockGraphs":[],"customGraphs":[],"default":{"data":{"Article":[],"Course":[],"Dataset":[],"FAQPage":[],"Movie":[],"Person":[],"Product":[],"ProductReview":[],"Car":[],"Recipe":[],"Service":[],"SoftwareApplication":[],"WebPage":[]},"graphName":"BlogPosting","isEnabled":true},"graphs":[]},"schema_type":"default","schema_type_options":null,"pillar_content":false,"robots_default":true,"robots_noindex":false,"robots_noarchive":false,"robots_nosnippet":false,"robots_nofollow":false,"robots_noimageindex":false,"robots_noodp":false,"robots_notranslate":false,"robots_max_snippet":"-1","robots_max_videopreview":"-1","robots_max_imagepreview":"large","priority":null,"frequency":"default","local_seo":null,"seo_analyzer_scan_date":"2025-10-05 21:05:39","breadcrumb_settings":null,"limit_modified_date":false,"open_ai":"{\"title\":{\"suggestions\":[],\"usage\":0},\"description\":{\"suggestions\":[],\"usage\":0}}","ai":null,"created":"2023-11-14 18:47:46","updated":"2025-10-09 03:31:36"},"aioseo_breadcrumb":"<div class=\"aioseo-breadcrumbs\"><span class=\"aioseo-breadcrumb\">\n\t<a href=\"https:\/\/www.eldigitaldeasturias.com\/noticias\" title=\"Home\">Home<\/a>\n<\/span><span class=\"aioseo-breadcrumb-separator\">\u2013<\/span><span class=\"aioseo-breadcrumb\">\n\t<a href=\"https:\/\/www.eldigitaldeasturias.com\/noticias\/category\/negocios-y-empresas\/\" title=\"Negocios y Empresas\">Negocios y Empresas<\/a>\n<\/span><span class=\"aioseo-breadcrumb-separator\">\u2013<\/span><span class=\"aioseo-breadcrumb\">\n\t<a href=\"https:\/\/www.eldigitaldeasturias.com\/noticias\/empresas-de-asturias-participan-en-la-web-summit-2023\/\" title=\"Empresas de Asturias participan en la Web Summit 2023\">Empresas de Asturias participan en la Web Summit 2023<\/a>\n<\/span><\/div>","aioseo_breadcrumb_json":[{"label":"Home","link":"https:\/\/www.eldigitaldeasturias.com\/noticias"},{"label":"Negocios y Empresas","link":"https:\/\/www.eldigitaldeasturias.com\/noticias\/category\/negocios-y-empresas\/"},{"label":"Empresas de Asturias participan en la Web Summit 2023","link":"https:\/\/www.eldigitaldeasturias.com\/noticias\/empresas-de-asturias-participan-en-la-web-summit-2023\/"}],"_links":{"self":[{"href":"https:\/\/www.eldigitaldeasturias.com\/noticias\/wp-json\/wp\/v2\/posts\/1126851","targetHints":{"allow":["GET"]}}],"collection":[{"href":"https:\/\/www.eldigitaldeasturias.com\/noticias\/wp-json\/wp\/v2\/posts"}],"about":[{"href":"https:\/\/www.eldigitaldeasturias.com\/noticias\/wp-json\/wp\/v2\/types\/post"}],"author":[{"embeddable":true,"href":"https:\/\/www.eldigitaldeasturias.com\/noticias\/wp-json\/wp\/v2\/users\/1"}],"replies":[{"embeddable":true,"href":"https:\/\/www.eldigitaldeasturias.com\/noticias\/wp-json\/wp\/v2\/comments?post=1126851"}],"version-history":[{"count":0,"href":"https:\/\/www.eldigitaldeasturias.com\/noticias\/wp-json\/wp\/v2\/posts\/1126851\/revisions"}],"wp:featuredmedia":[{"embeddable":true,"href":"https:\/\/www.eldigitaldeasturias.com\/noticias\/wp-json\/wp\/v2\/media\/1126852"}],"wp:attachment":[{"href":"https:\/\/www.eldigitaldeasturias.com\/noticias\/wp-json\/wp\/v2\/media?parent=1126851"}],"wp:term":[{"taxonomy":"category","embeddable":true,"href":"https:\/\/www.eldigitaldeasturias.com\/noticias\/wp-json\/wp\/v2\/categories?post=1126851"},{"taxonomy":"post_tag","embeddable":true,"href":"https:\/\/www.eldigitaldeasturias.com\/noticias\/wp-json\/wp\/v2\/tags?post=1126851"}],"curies":[{"name":"wp","href":"https:\/\/api.w.org\/{rel}","templated":true}]}}