{"id":1126366,"date":"2023-10-21T16:15:18","date_gmt":"2023-10-21T14:15:18","guid":{"rendered":"https:\/\/www.eldigitaldeasturias.com\/noticias\/?p=1126366"},"modified":"2023-10-21T16:15:18","modified_gmt":"2023-10-21T14:15:18","slug":"barbon-se-ha-reunido-con-la-alcaldesa-de-tineo","status":"publish","type":"post","link":"https:\/\/www.eldigitaldeasturias.com\/noticias\/barbon-se-ha-reunido-con-la-alcaldesa-de-tineo\/","title":{"rendered":"Barb\u00f3n se ha reunido con la alcaldesa de Tineo"},"content":{"rendered":"<p>El pasado lunes la alcaldesa de Tineo, Montserrat Fern\u00e1ndez, y el presidente del Principado, Adri\u00e1n Barb\u00f3n mantuvieron una reuni\u00f3n seg\u00fan ha informado fuentes del Gobierno de Asturias.<\/p>\n<figure id=\"attachment_1126367\" aria-describedby=\"caption-attachment-1126367\" style=\"width: 650px\" class=\"wp-caption aligncenter\"><img loading=\"lazy\" decoding=\"async\" class=\"wp-image-1126367 size-large\" src=\"https:\/\/www.eldigitaldeasturias.com\/noticias\/wp-content\/uploads\/2023\/10\/Alcaldesa-de-Tineo-650x446.jpg\" alt=\"Alcaldesa de Tineo\" width=\"650\" height=\"446\" srcset=\"https:\/\/www.eldigitaldeasturias.com\/noticias\/wp-content\/uploads\/2023\/10\/Alcaldesa-de-Tineo-650x446.jpg 650w, https:\/\/www.eldigitaldeasturias.com\/noticias\/wp-content\/uploads\/2023\/10\/Alcaldesa-de-Tineo-360x247.jpg 360w, https:\/\/www.eldigitaldeasturias.com\/noticias\/wp-content\/uploads\/2023\/10\/Alcaldesa-de-Tineo-437x300.jpg 437w, https:\/\/www.eldigitaldeasturias.com\/noticias\/wp-content\/uploads\/2023\/10\/Alcaldesa-de-Tineo-150x103.jpg 150w, https:\/\/www.eldigitaldeasturias.com\/noticias\/wp-content\/uploads\/2023\/10\/Alcaldesa-de-Tineo-450x309.jpg 450w, https:\/\/www.eldigitaldeasturias.com\/noticias\/wp-content\/uploads\/2023\/10\/Alcaldesa-de-Tineo.jpg 702w\" sizes=\"auto, (max-width: 650px) 100vw, 650px\" \/><figcaption id=\"caption-attachment-1126367\" class=\"wp-caption-text\">Foto: Prensa Gobierno de Asturias<\/figcaption><\/figure>\n<p>En nuestra secci\u00f3n de <a href=\"https:\/\/www.eldigitaldeasturias.com\/noticias\/category\/fotos-asturias\/\"><span style=\"color: #ff6600;\"><strong>fotos de Asturias<\/strong><\/span><\/a> te ofrecemos las im\u00e1genes de los protagonistas de la vida social, pol\u00edtica y cultural del Principado de Asturias, y adem\u00e1s muchas m\u00e1s fotos de lugares con encanto del Principado.<\/p>\n","protected":false},"excerpt":{"rendered":"<p>El pasado lunes la alcaldesa de Tineo, Montserrat Fern\u00e1ndez, y el presidente del Principado, Adri\u00e1n Barb\u00f3n mantuvieron una reuni\u00f3n seg\u00fan ha informado fuentes del Gobierno de Asturias. En nuestra secci\u00f3n de fotos de Asturias te ofrecemos las im\u00e1genes de los protagonistas de la vida social, pol\u00edtica y cultural del Principado de Asturias, y adem\u00e1s muchas [&hellip;]<\/p>\n","protected":false},"author":1,"featured_media":1126367,"comment_status":"closed","ping_status":"closed","sticky":false,"template":"","format":"image","meta":{"footnotes":""},"categories":[946],"tags":[],"class_list":["post-1126366","post","type-post","status-publish","format-image","has-post-thumbnail","hentry","category-fotos-asturias","post_format-post-format-image"],"aioseo_notices":[],"aioseo_head":"\n\t\t<!-- All in One SEO Pro 4.9.6.2 - aioseo.com -->\n\t<meta name=\"description\" content=\"El pasado lunes la alcaldesa de Tineo, Montserrat Fern\u00e1ndez, y el presidente del Principado, Adri\u00e1n Barb\u00f3n mantuvieron una reuni\u00f3n seg\u00fan ha informado fuentes\" \/>\n\t<meta name=\"robots\" content=\"max-image-preview:large\" \/>\n\t<meta name=\"author\" content=\"El Digital de Asturias\"\/>\n\t<meta name=\"google-site-verification\" content=\"UA-38556648-1\" \/>\n\t<meta name=\"msvalidate.01\" content=\"7dfe9f3f1b24437ab69f4f2559babe99\" \/>\n\t<meta name=\"keywords\" content=\"fotos asturias\" \/>\n\t<link rel=\"canonical\" href=\"https:\/\/www.eldigitaldeasturias.com\/noticias\/barbon-se-ha-reunido-con-la-alcaldesa-de-tineo\/\" \/>\n\t<meta name=\"generator\" content=\"All in One SEO Pro (AIOSEO) 4.9.6.2\" \/>\n\t\t<meta property=\"og:locale\" content=\"es_ES\" \/>\n\t\t<meta property=\"og:site_name\" content=\"El Digital de Asturias\" \/>\n\t\t<meta property=\"og:type\" content=\"article\" \/>\n\t\t<meta property=\"og:title\" content=\"Barb\u00f3n se ha reunido con la alcaldesa de Tineo - El Digital de Asturias\" \/>\n\t\t<meta property=\"og:description\" content=\"El pasado lunes la alcaldesa de Tineo, Montserrat Fern\u00e1ndez, y el presidente del Principado, Adri\u00e1n Barb\u00f3n mantuvieron una reuni\u00f3n seg\u00fan ha informado fuentes\" \/>\n\t\t<meta property=\"og:url\" content=\"https:\/\/www.eldigitaldeasturias.com\/noticias\/barbon-se-ha-reunido-con-la-alcaldesa-de-tineo\/\" \/>\n\t\t<meta property=\"og:image\" content=\"https:\/\/www.eldigitaldeasturias.com\/noticias\/wp-content\/uploads\/2023\/10\/Alcaldesa-de-Tineo.jpg\" \/>\n\t\t<meta property=\"og:image:secure_url\" content=\"https:\/\/www.eldigitaldeasturias.com\/noticias\/wp-content\/uploads\/2023\/10\/Alcaldesa-de-Tineo.jpg\" \/>\n\t\t<meta property=\"og:image:width\" content=\"702\" \/>\n\t\t<meta property=\"og:image:height\" content=\"482\" \/>\n\t\t<meta property=\"article:tag\" content=\"fotos asturias\" \/>\n\t\t<meta property=\"article:published_time\" content=\"2023-10-21T14:15:18+00:00\" \/>\n\t\t<meta property=\"article:modified_time\" content=\"2023-10-21T14:15:18+00:00\" \/>\n\t\t<meta property=\"article:publisher\" content=\"https:\/\/facebook.com\/eldigitaldeasturias\" \/>\n\t\t<meta name=\"twitter:card\" content=\"summary_large_image\" \/>\n\t\t<meta name=\"twitter:title\" content=\"Barb\u00f3n se ha reunido con la alcaldesa de Tineo - El Digital de Asturias\" \/>\n\t\t<meta name=\"twitter:description\" content=\"El pasado lunes la alcaldesa de Tineo, Montserrat Fern\u00e1ndez, y el presidente del Principado, Adri\u00e1n Barb\u00f3n mantuvieron una reuni\u00f3n seg\u00fan ha informado fuentes\" \/>\n\t\t<meta name=\"twitter:image\" content=\"https:\/\/www.eldigitaldeasturias.com\/noticias\/wp-content\/uploads\/2023\/10\/Alcaldesa-de-Tineo.jpg\" \/>\n\t\t<meta name=\"twitter:label1\" content=\"Escrito por\" \/>\n\t\t<meta name=\"twitter:data1\" content=\"El Digital de Asturias\" \/>\n\t\t<script type=\"application\/ld+json\" class=\"aioseo-schema\">\n\t\t\t{\"@context\":\"https:\\\/\\\/schema.org\",\"@graph\":[{\"@type\":\"BlogPosting\",\"@id\":\"https:\\\/\\\/www.eldigitaldeasturias.com\\\/noticias\\\/barbon-se-ha-reunido-con-la-alcaldesa-de-tineo\\\/#blogposting\",\"name\":\"Barb\\u00f3n se ha reunido con la alcaldesa de Tineo - El Digital de Asturias\",\"headline\":\"Barb\\u00f3n se ha reunido con la alcaldesa de Tineo\",\"author\":{\"@id\":\"https:\\\/\\\/www.eldigitaldeasturias.com\\\/noticias\\\/author\\\/admin\\\/#author\"},\"publisher\":{\"@id\":\"https:\\\/\\\/www.eldigitaldeasturias.com\\\/noticias\\\/#organization\"},\"image\":{\"@type\":\"ImageObject\",\"url\":\"https:\\\/\\\/www.eldigitaldeasturias.com\\\/noticias\\\/wp-content\\\/uploads\\\/2023\\\/10\\\/Alcaldesa-de-Tineo.jpg\",\"width\":702,\"height\":482,\"caption\":\"Foto: Prensa Gobierno de Asturias\"},\"datePublished\":\"2023-10-21T16:15:18+02:00\",\"dateModified\":\"2023-10-21T16:15:18+02:00\",\"inLanguage\":\"es-ES\",\"mainEntityOfPage\":{\"@id\":\"https:\\\/\\\/www.eldigitaldeasturias.com\\\/noticias\\\/barbon-se-ha-reunido-con-la-alcaldesa-de-tineo\\\/#webpage\"},\"isPartOf\":{\"@id\":\"https:\\\/\\\/www.eldigitaldeasturias.com\\\/noticias\\\/barbon-se-ha-reunido-con-la-alcaldesa-de-tineo\\\/#webpage\"},\"articleSection\":\"Fotos Asturias, Imagen\"},{\"@type\":\"BreadcrumbList\",\"@id\":\"https:\\\/\\\/www.eldigitaldeasturias.com\\\/noticias\\\/barbon-se-ha-reunido-con-la-alcaldesa-de-tineo\\\/#breadcrumblist\",\"itemListElement\":[{\"@type\":\"ListItem\",\"@id\":\"https:\\\/\\\/www.eldigitaldeasturias.com\\\/noticias#listItem\",\"position\":1,\"name\":\"Home\",\"item\":\"https:\\\/\\\/www.eldigitaldeasturias.com\\\/noticias\",\"nextItem\":{\"@type\":\"ListItem\",\"@id\":\"https:\\\/\\\/www.eldigitaldeasturias.com\\\/noticias\\\/category\\\/fotos-asturias\\\/#listItem\",\"name\":\"Fotos Asturias\"}},{\"@type\":\"ListItem\",\"@id\":\"https:\\\/\\\/www.eldigitaldeasturias.com\\\/noticias\\\/category\\\/fotos-asturias\\\/#listItem\",\"position\":2,\"name\":\"Fotos Asturias\",\"item\":\"https:\\\/\\\/www.eldigitaldeasturias.com\\\/noticias\\\/category\\\/fotos-asturias\\\/\",\"nextItem\":{\"@type\":\"ListItem\",\"@id\":\"https:\\\/\\\/www.eldigitaldeasturias.com\\\/noticias\\\/barbon-se-ha-reunido-con-la-alcaldesa-de-tineo\\\/#listItem\",\"name\":\"Barb\\u00f3n se ha reunido con la alcaldesa de Tineo\"},\"previousItem\":{\"@type\":\"ListItem\",\"@id\":\"https:\\\/\\\/www.eldigitaldeasturias.com\\\/noticias#listItem\",\"name\":\"Home\"}},{\"@type\":\"ListItem\",\"@id\":\"https:\\\/\\\/www.eldigitaldeasturias.com\\\/noticias\\\/barbon-se-ha-reunido-con-la-alcaldesa-de-tineo\\\/#listItem\",\"position\":3,\"name\":\"Barb\\u00f3n se ha reunido con la alcaldesa de Tineo\",\"previousItem\":{\"@type\":\"ListItem\",\"@id\":\"https:\\\/\\\/www.eldigitaldeasturias.com\\\/noticias\\\/category\\\/fotos-asturias\\\/#listItem\",\"name\":\"Fotos Asturias\"}}]},{\"@type\":\"Organization\",\"@id\":\"https:\\\/\\\/www.eldigitaldeasturias.com\\\/noticias\\\/#organization\",\"name\":\"El Digital de Asturias\",\"description\":\"Hemeroteca\",\"url\":\"https:\\\/\\\/www.eldigitaldeasturias.com\\\/noticias\\\/\",\"email\":\"info@eldigitaldeasturias.com\",\"telephone\":\"+34652131393\",\"logo\":{\"@type\":\"ImageObject\",\"url\":\"https:\\\/\\\/www.eldigitaldeasturias.com\\\/noticias\\\/wp-content\\\/uploads\\\/2020\\\/12\\\/EDA.jpg\",\"@id\":\"https:\\\/\\\/www.eldigitaldeasturias.com\\\/noticias\\\/barbon-se-ha-reunido-con-la-alcaldesa-de-tineo\\\/#organizationLogo\",\"width\":649,\"height\":297},\"image\":{\"@id\":\"https:\\\/\\\/www.eldigitaldeasturias.com\\\/noticias\\\/barbon-se-ha-reunido-con-la-alcaldesa-de-tineo\\\/#organizationLogo\"},\"sameAs\":[\"https:\\\/\\\/facebook.com\\\/eldigitaldeasturias\",\"https:\\\/\\\/www.youtube.com\\\/channel\\\/UCZP-2wLEB9Rv6erhFmqVnvg\"],\"address\":{\"@id\":\"https:\\\/\\\/www.eldigitaldeasturias.com\\\/noticias\\\/#postaladdress\",\"@type\":\"PostalAddress\",\"streetAddress\":\"san antonio 4,\",\"postalCode\":\"33430\",\"addressLocality\":\"Cand\\u00e1s\",\"addressRegion\":\"Asturias\",\"addressCountry\":\"ES\"}},{\"@type\":\"Person\",\"@id\":\"https:\\\/\\\/www.eldigitaldeasturias.com\\\/noticias\\\/author\\\/admin\\\/#author\",\"url\":\"https:\\\/\\\/www.eldigitaldeasturias.com\\\/noticias\\\/author\\\/admin\\\/\",\"name\":\"El Digital de Asturias\",\"image\":{\"@type\":\"ImageObject\",\"@id\":\"https:\\\/\\\/www.eldigitaldeasturias.com\\\/noticias\\\/barbon-se-ha-reunido-con-la-alcaldesa-de-tineo\\\/#authorImage\",\"url\":\"https:\\\/\\\/www.eldigitaldeasturias.com\\\/noticias\\\/wp-content\\\/litespeed\\\/avatar\\\/18677e78aa0546b92d9dbf31ec7d7668.jpg?ver=1777290358\",\"width\":96,\"height\":96,\"caption\":\"El Digital de Asturias\"}},{\"@type\":\"WebPage\",\"@id\":\"https:\\\/\\\/www.eldigitaldeasturias.com\\\/noticias\\\/barbon-se-ha-reunido-con-la-alcaldesa-de-tineo\\\/#webpage\",\"url\":\"https:\\\/\\\/www.eldigitaldeasturias.com\\\/noticias\\\/barbon-se-ha-reunido-con-la-alcaldesa-de-tineo\\\/\",\"name\":\"Barb\\u00f3n se ha reunido con la alcaldesa de Tineo - El Digital de Asturias\",\"description\":\"El pasado lunes la alcaldesa de Tineo, Montserrat Fern\\u00e1ndez, y el presidente del Principado, Adri\\u00e1n Barb\\u00f3n mantuvieron una reuni\\u00f3n seg\\u00fan ha informado fuentes\",\"inLanguage\":\"es-ES\",\"isPartOf\":{\"@id\":\"https:\\\/\\\/www.eldigitaldeasturias.com\\\/noticias\\\/#website\"},\"breadcrumb\":{\"@id\":\"https:\\\/\\\/www.eldigitaldeasturias.com\\\/noticias\\\/barbon-se-ha-reunido-con-la-alcaldesa-de-tineo\\\/#breadcrumblist\"},\"author\":{\"@id\":\"https:\\\/\\\/www.eldigitaldeasturias.com\\\/noticias\\\/author\\\/admin\\\/#author\"},\"creator\":{\"@id\":\"https:\\\/\\\/www.eldigitaldeasturias.com\\\/noticias\\\/author\\\/admin\\\/#author\"},\"image\":{\"@type\":\"ImageObject\",\"url\":\"https:\\\/\\\/www.eldigitaldeasturias.com\\\/noticias\\\/wp-content\\\/uploads\\\/2023\\\/10\\\/Alcaldesa-de-Tineo.jpg\",\"@id\":\"https:\\\/\\\/www.eldigitaldeasturias.com\\\/noticias\\\/barbon-se-ha-reunido-con-la-alcaldesa-de-tineo\\\/#mainImage\",\"width\":702,\"height\":482,\"caption\":\"Foto: Prensa Gobierno de Asturias\"},\"primaryImageOfPage\":{\"@id\":\"https:\\\/\\\/www.eldigitaldeasturias.com\\\/noticias\\\/barbon-se-ha-reunido-con-la-alcaldesa-de-tineo\\\/#mainImage\"},\"datePublished\":\"2023-10-21T16:15:18+02:00\",\"dateModified\":\"2023-10-21T16:15:18+02:00\"},{\"@type\":\"WebSite\",\"@id\":\"https:\\\/\\\/www.eldigitaldeasturias.com\\\/noticias\\\/#website\",\"url\":\"https:\\\/\\\/www.eldigitaldeasturias.com\\\/noticias\\\/\",\"name\":\"El Digital de Asturias - Diario de actualidad y noticias\",\"alternateName\":\"El Digital de Asturias - Diario de actualidad y noticias\",\"description\":\"Hemeroteca\",\"inLanguage\":\"es-ES\",\"publisher\":{\"@id\":\"https:\\\/\\\/www.eldigitaldeasturias.com\\\/noticias\\\/#organization\"}}]}\n\t\t<\/script>\n\t\t<!-- All in One SEO Pro -->\r\n\t\t<title>Barb\u00f3n se ha reunido con la alcaldesa de Tineo - El Digital de Asturias<\/title>\n\n","aioseo_head_json":{"title":"Barb\u00f3n se ha reunido con la alcaldesa de Tineo - El Digital de Asturias","description":"El pasado lunes la alcaldesa de Tineo, Montserrat Fern\u00e1ndez, y el presidente del Principado, Adri\u00e1n Barb\u00f3n mantuvieron una reuni\u00f3n seg\u00fan ha informado fuentes","canonical_url":"https:\/\/www.eldigitaldeasturias.com\/noticias\/barbon-se-ha-reunido-con-la-alcaldesa-de-tineo\/","robots":"max-image-preview:large","keywords":"fotos asturias","webmasterTools":{"google-site-verification":"UA-38556648-1","msvalidate.01":"7dfe9f3f1b24437ab69f4f2559babe99","miscellaneous":""},"schema":{"@context":"https:\/\/schema.org","@graph":[{"@type":"BlogPosting","@id":"https:\/\/www.eldigitaldeasturias.com\/noticias\/barbon-se-ha-reunido-con-la-alcaldesa-de-tineo\/#blogposting","name":"Barb\u00f3n se ha reunido con la alcaldesa de Tineo - El Digital de Asturias","headline":"Barb\u00f3n se ha reunido con la alcaldesa de Tineo","author":{"@id":"https:\/\/www.eldigitaldeasturias.com\/noticias\/author\/admin\/#author"},"publisher":{"@id":"https:\/\/www.eldigitaldeasturias.com\/noticias\/#organization"},"image":{"@type":"ImageObject","url":"https:\/\/www.eldigitaldeasturias.com\/noticias\/wp-content\/uploads\/2023\/10\/Alcaldesa-de-Tineo.jpg","width":702,"height":482,"caption":"Foto: Prensa Gobierno de Asturias"},"datePublished":"2023-10-21T16:15:18+02:00","dateModified":"2023-10-21T16:15:18+02:00","inLanguage":"es-ES","mainEntityOfPage":{"@id":"https:\/\/www.eldigitaldeasturias.com\/noticias\/barbon-se-ha-reunido-con-la-alcaldesa-de-tineo\/#webpage"},"isPartOf":{"@id":"https:\/\/www.eldigitaldeasturias.com\/noticias\/barbon-se-ha-reunido-con-la-alcaldesa-de-tineo\/#webpage"},"articleSection":"Fotos Asturias, Imagen"},{"@type":"BreadcrumbList","@id":"https:\/\/www.eldigitaldeasturias.com\/noticias\/barbon-se-ha-reunido-con-la-alcaldesa-de-tineo\/#breadcrumblist","itemListElement":[{"@type":"ListItem","@id":"https:\/\/www.eldigitaldeasturias.com\/noticias#listItem","position":1,"name":"Home","item":"https:\/\/www.eldigitaldeasturias.com\/noticias","nextItem":{"@type":"ListItem","@id":"https:\/\/www.eldigitaldeasturias.com\/noticias\/category\/fotos-asturias\/#listItem","name":"Fotos Asturias"}},{"@type":"ListItem","@id":"https:\/\/www.eldigitaldeasturias.com\/noticias\/category\/fotos-asturias\/#listItem","position":2,"name":"Fotos Asturias","item":"https:\/\/www.eldigitaldeasturias.com\/noticias\/category\/fotos-asturias\/","nextItem":{"@type":"ListItem","@id":"https:\/\/www.eldigitaldeasturias.com\/noticias\/barbon-se-ha-reunido-con-la-alcaldesa-de-tineo\/#listItem","name":"Barb\u00f3n se ha reunido con la alcaldesa de Tineo"},"previousItem":{"@type":"ListItem","@id":"https:\/\/www.eldigitaldeasturias.com\/noticias#listItem","name":"Home"}},{"@type":"ListItem","@id":"https:\/\/www.eldigitaldeasturias.com\/noticias\/barbon-se-ha-reunido-con-la-alcaldesa-de-tineo\/#listItem","position":3,"name":"Barb\u00f3n se ha reunido con la alcaldesa de Tineo","previousItem":{"@type":"ListItem","@id":"https:\/\/www.eldigitaldeasturias.com\/noticias\/category\/fotos-asturias\/#listItem","name":"Fotos Asturias"}}]},{"@type":"Organization","@id":"https:\/\/www.eldigitaldeasturias.com\/noticias\/#organization","name":"El Digital de Asturias","description":"Hemeroteca","url":"https:\/\/www.eldigitaldeasturias.com\/noticias\/","email":"info@eldigitaldeasturias.com","telephone":"+34652131393","logo":{"@type":"ImageObject","url":"https:\/\/www.eldigitaldeasturias.com\/noticias\/wp-content\/uploads\/2020\/12\/EDA.jpg","@id":"https:\/\/www.eldigitaldeasturias.com\/noticias\/barbon-se-ha-reunido-con-la-alcaldesa-de-tineo\/#organizationLogo","width":649,"height":297},"image":{"@id":"https:\/\/www.eldigitaldeasturias.com\/noticias\/barbon-se-ha-reunido-con-la-alcaldesa-de-tineo\/#organizationLogo"},"sameAs":["https:\/\/facebook.com\/eldigitaldeasturias","https:\/\/www.youtube.com\/channel\/UCZP-2wLEB9Rv6erhFmqVnvg"],"address":{"@id":"https:\/\/www.eldigitaldeasturias.com\/noticias\/#postaladdress","@type":"PostalAddress","streetAddress":"san antonio 4,","postalCode":"33430","addressLocality":"Cand\u00e1s","addressRegion":"Asturias","addressCountry":"ES"}},{"@type":"Person","@id":"https:\/\/www.eldigitaldeasturias.com\/noticias\/author\/admin\/#author","url":"https:\/\/www.eldigitaldeasturias.com\/noticias\/author\/admin\/","name":"El Digital de Asturias","image":{"@type":"ImageObject","@id":"https:\/\/www.eldigitaldeasturias.com\/noticias\/barbon-se-ha-reunido-con-la-alcaldesa-de-tineo\/#authorImage","url":"https:\/\/www.eldigitaldeasturias.com\/noticias\/wp-content\/litespeed\/avatar\/18677e78aa0546b92d9dbf31ec7d7668.jpg?ver=1777290358","width":96,"height":96,"caption":"El Digital de Asturias"}},{"@type":"WebPage","@id":"https:\/\/www.eldigitaldeasturias.com\/noticias\/barbon-se-ha-reunido-con-la-alcaldesa-de-tineo\/#webpage","url":"https:\/\/www.eldigitaldeasturias.com\/noticias\/barbon-se-ha-reunido-con-la-alcaldesa-de-tineo\/","name":"Barb\u00f3n se ha reunido con la alcaldesa de Tineo - El Digital de Asturias","description":"El pasado lunes la alcaldesa de Tineo, Montserrat Fern\u00e1ndez, y el presidente del Principado, Adri\u00e1n Barb\u00f3n mantuvieron una reuni\u00f3n seg\u00fan ha informado fuentes","inLanguage":"es-ES","isPartOf":{"@id":"https:\/\/www.eldigitaldeasturias.com\/noticias\/#website"},"breadcrumb":{"@id":"https:\/\/www.eldigitaldeasturias.com\/noticias\/barbon-se-ha-reunido-con-la-alcaldesa-de-tineo\/#breadcrumblist"},"author":{"@id":"https:\/\/www.eldigitaldeasturias.com\/noticias\/author\/admin\/#author"},"creator":{"@id":"https:\/\/www.eldigitaldeasturias.com\/noticias\/author\/admin\/#author"},"image":{"@type":"ImageObject","url":"https:\/\/www.eldigitaldeasturias.com\/noticias\/wp-content\/uploads\/2023\/10\/Alcaldesa-de-Tineo.jpg","@id":"https:\/\/www.eldigitaldeasturias.com\/noticias\/barbon-se-ha-reunido-con-la-alcaldesa-de-tineo\/#mainImage","width":702,"height":482,"caption":"Foto: Prensa Gobierno de Asturias"},"primaryImageOfPage":{"@id":"https:\/\/www.eldigitaldeasturias.com\/noticias\/barbon-se-ha-reunido-con-la-alcaldesa-de-tineo\/#mainImage"},"datePublished":"2023-10-21T16:15:18+02:00","dateModified":"2023-10-21T16:15:18+02:00"},{"@type":"WebSite","@id":"https:\/\/www.eldigitaldeasturias.com\/noticias\/#website","url":"https:\/\/www.eldigitaldeasturias.com\/noticias\/","name":"El Digital de Asturias - Diario de actualidad y noticias","alternateName":"El Digital de Asturias - Diario de actualidad y noticias","description":"Hemeroteca","inLanguage":"es-ES","publisher":{"@id":"https:\/\/www.eldigitaldeasturias.com\/noticias\/#organization"}}]},"og:locale":"es_ES","og:site_name":"El Digital de Asturias","og:type":"article","og:title":"Barb\u00f3n se ha reunido con la alcaldesa de Tineo - El Digital de Asturias","og:description":"El pasado lunes la alcaldesa de Tineo, Montserrat Fern\u00e1ndez, y el presidente del Principado, Adri\u00e1n Barb\u00f3n mantuvieron una reuni\u00f3n seg\u00fan ha informado fuentes","og:url":"https:\/\/www.eldigitaldeasturias.com\/noticias\/barbon-se-ha-reunido-con-la-alcaldesa-de-tineo\/","og:image":"https:\/\/www.eldigitaldeasturias.com\/noticias\/wp-content\/uploads\/2023\/10\/Alcaldesa-de-Tineo.jpg","og:image:secure_url":"https:\/\/www.eldigitaldeasturias.com\/noticias\/wp-content\/uploads\/2023\/10\/Alcaldesa-de-Tineo.jpg","og:image:width":702,"og:image:height":482,"article:tag":["fotos asturias"],"article:published_time":"2023-10-21T14:15:18+00:00","article:modified_time":"2023-10-21T14:15:18+00:00","article:publisher":"https:\/\/facebook.com\/eldigitaldeasturias","twitter:card":"summary_large_image","twitter:title":"Barb\u00f3n se ha reunido con la alcaldesa de Tineo - El Digital de Asturias","twitter:description":"El pasado lunes la alcaldesa de Tineo, Montserrat Fern\u00e1ndez, y el presidente del Principado, Adri\u00e1n Barb\u00f3n mantuvieron una reuni\u00f3n seg\u00fan ha informado fuentes","twitter:image":"https:\/\/www.eldigitaldeasturias.com\/noticias\/wp-content\/uploads\/2023\/10\/Alcaldesa-de-Tineo.jpg","twitter:label1":"Escrito por","twitter:data1":"El Digital de Asturias"},"aioseo_meta_data":{"post_id":"1126366","title":null,"description":"El pasado lunes la alcaldesa de Tineo, Montserrat Fern\u00e1ndez, y el presidente del Principado, Adri\u00e1n Barb\u00f3n mantuvieron una reuni\u00f3n seg\u00fan ha informado fuentes","keywords":[],"keyphrases":{"focus":{"keyphrase":"Tineo","score":93,"analysis":{"keyphraseInTitle":{"score":9,"maxScore":9,"error":0},"keyphraseInDescription":{"score":9,"maxScore":9,"error":0},"keyphraseLength":{"score":9,"maxScore":9,"error":0,"length":1},"keyphraseInURL":{"score":1,"maxScore":5,"error":1},"keyphraseInIntroduction":{"score":9,"maxScore":9,"error":0},"keyphraseInSubHeadings":[],"keyphraseInImageAlt":{"score":9,"maxScore":9,"error":0},"keywordDensity":{"type":"best","score":9,"maxScore":9,"error":0}}},"additional":[{"keyphrase":"alcaldesa de Tineo","score":100,"analysis":{"keyphraseInDescription":{"score":9,"maxScore":9,"error":0},"keyphraseLength":{"score":9,"maxScore":9,"error":0,"length":3},"keyphraseInIntroduction":{"score":9,"maxScore":9,"error":0},"keyphraseInImageAlt":{"score":9,"maxScore":9,"error":0},"keywordDensity":{"type":"best","score":9,"maxScore":9,"error":0}}}]},"primary_term":null,"canonical_url":null,"og_title":null,"og_description":null,"og_object_type":"default","og_image_type":"default","og_image_url":null,"og_image_width":null,"og_image_height":null,"og_image_custom_url":null,"og_image_custom_fields":null,"og_video":"","og_custom_url":null,"og_article_section":null,"og_article_tags":[],"twitter_use_og":false,"twitter_card":"default","twitter_image_type":"default","twitter_image_url":null,"twitter_image_custom_url":null,"twitter_image_custom_fields":null,"twitter_title":null,"twitter_description":null,"schema":{"blockGraphs":[],"customGraphs":[],"default":{"data":{"Article":[],"Course":[],"Dataset":[],"FAQPage":[],"Movie":[],"Person":[],"Product":[],"ProductReview":[],"Car":[],"Recipe":[],"Service":[],"SoftwareApplication":[],"WebPage":[]},"graphName":"BlogPosting","isEnabled":true},"graphs":[]},"schema_type":"default","schema_type_options":null,"pillar_content":false,"robots_default":true,"robots_noindex":false,"robots_noarchive":false,"robots_nosnippet":false,"robots_nofollow":false,"robots_noimageindex":false,"robots_noodp":false,"robots_notranslate":false,"robots_max_snippet":"-1","robots_max_videopreview":"-1","robots_max_imagepreview":"large","priority":null,"frequency":"default","local_seo":null,"seo_analyzer_scan_date":"2025-10-05 18:58:13","breadcrumb_settings":null,"limit_modified_date":false,"open_ai":"{\"title\":{\"suggestions\":[],\"usage\":0},\"description\":{\"suggestions\":[],\"usage\":0}}","ai":null,"created":"2023-10-21 14:11:48","updated":"2025-10-09 02:07:00"},"aioseo_breadcrumb":"<div class=\"aioseo-breadcrumbs\"><span class=\"aioseo-breadcrumb\">\n\t<a href=\"https:\/\/www.eldigitaldeasturias.com\/noticias\" title=\"Home\">Home<\/a>\n<\/span><span class=\"aioseo-breadcrumb-separator\">\u2013<\/span><span class=\"aioseo-breadcrumb\">\n\t<a href=\"https:\/\/www.eldigitaldeasturias.com\/noticias\/category\/fotos-asturias\/\" title=\"Fotos Asturias\">Fotos Asturias<\/a>\n<\/span><span class=\"aioseo-breadcrumb-separator\">\u2013<\/span><span class=\"aioseo-breadcrumb\">\n\t<a href=\"https:\/\/www.eldigitaldeasturias.com\/noticias\/barbon-se-ha-reunido-con-la-alcaldesa-de-tineo\/\" title=\"Barb\u00f3n se ha reunido con la alcaldesa de Tineo\">Barb\u00f3n se ha reunido con la alcaldesa de Tineo<\/a>\n<\/span><\/div>","aioseo_breadcrumb_json":[{"label":"Home","link":"https:\/\/www.eldigitaldeasturias.com\/noticias"},{"label":"Fotos Asturias","link":"https:\/\/www.eldigitaldeasturias.com\/noticias\/category\/fotos-asturias\/"},{"label":"Barb\u00f3n se ha reunido con la alcaldesa de Tineo","link":"https:\/\/www.eldigitaldeasturias.com\/noticias\/barbon-se-ha-reunido-con-la-alcaldesa-de-tineo\/"}],"_links":{"self":[{"href":"https:\/\/www.eldigitaldeasturias.com\/noticias\/wp-json\/wp\/v2\/posts\/1126366","targetHints":{"allow":["GET"]}}],"collection":[{"href":"https:\/\/www.eldigitaldeasturias.com\/noticias\/wp-json\/wp\/v2\/posts"}],"about":[{"href":"https:\/\/www.eldigitaldeasturias.com\/noticias\/wp-json\/wp\/v2\/types\/post"}],"author":[{"embeddable":true,"href":"https:\/\/www.eldigitaldeasturias.com\/noticias\/wp-json\/wp\/v2\/users\/1"}],"replies":[{"embeddable":true,"href":"https:\/\/www.eldigitaldeasturias.com\/noticias\/wp-json\/wp\/v2\/comments?post=1126366"}],"version-history":[{"count":0,"href":"https:\/\/www.eldigitaldeasturias.com\/noticias\/wp-json\/wp\/v2\/posts\/1126366\/revisions"}],"wp:featuredmedia":[{"embeddable":true,"href":"https:\/\/www.eldigitaldeasturias.com\/noticias\/wp-json\/wp\/v2\/media\/1126367"}],"wp:attachment":[{"href":"https:\/\/www.eldigitaldeasturias.com\/noticias\/wp-json\/wp\/v2\/media?parent=1126366"}],"wp:term":[{"taxonomy":"category","embeddable":true,"href":"https:\/\/www.eldigitaldeasturias.com\/noticias\/wp-json\/wp\/v2\/categories?post=1126366"},{"taxonomy":"post_tag","embeddable":true,"href":"https:\/\/www.eldigitaldeasturias.com\/noticias\/wp-json\/wp\/v2\/tags?post=1126366"}],"curies":[{"name":"wp","href":"https:\/\/api.w.org\/{rel}","templated":true}]}}